{"id":15721,"date":"2022-09-27T10:18:13","date_gmt":"2022-09-27T08:18:13","guid":{"rendered":"https:\/\/www.welovecycling.com\/sk\/?p=15721"},"modified":"2022-09-29T12:57:27","modified_gmt":"2022-09-29T10:57:27","slug":"oktobrova-desiatka-mtb-a-cestnych-pretekov","status":"publish","type":"post","link":"https:\/\/www.welovecycling.com\/sk\/2022\/09\/27\/oktobrova-desiatka-mtb-a-cestnych-pretekov\/","title":{"rendered":"Okt\u00f3brov\u00e1 desiatka MTB a cestn\u00fdch pretekov"},"content":{"rendered":"<p><strong>Ke\u010f\u017ee leto u\u017e skon\u010dilo a\u00a0dni s\u00fa chladn\u00e9, s\u00a0okt\u00f3brov\u00fdm preh\u013eadom sme za\u0161li do teplej\u0161\u00edch kraj\u00edn na juh ako \u0160panielsko, Taliansko \u010di Franc\u00fazsko. No a\u00a0pre t\u00fdch, ktor\u00ed si e\u0161te chc\u00fa pred\u013a\u017ei\u0165 tepl\u00e9 letn\u00e9 dni, je tu ponuka horsk\u00fdch pretekov v\u00a0\u010cile.<\/strong><!--more--><\/p>\n<h2><strong>Horsk\u00e1 cyklistika<\/strong><\/h2>\n<h2><strong>Tierra Estella Epic, \u0160panielsko, 01. 10. 2022<\/strong><\/h2>\n<p>Tierra Estella Epic je podujatie na horsk\u00fdch bicykloch organizovan\u00e9 pre milovn\u00edkov cyklistiky, ktor\u00e9 bude putova\u0165 po viniciach, chodn\u00edkoch a tras\u00e1ch h\u00f4r Tierra Estella, \u010do s\u013eubuje n\u00e1dhern\u00e9 prostredie. <strong>Trasa v d\u013a\u017eke 91,1 km a\u00a0prev\u00fd\u0161en\u00edm 2 800 m, je zaraden\u00e1 do kalend\u00e1ra UCI v\u00a0kateg\u00f3rii C1.<\/strong> M\u00f4\u017eete si ale zvoli\u0165 aj krat\u0161iu trasu 50 km a\u00a0aspo\u0148 \u010diasto\u010dne si vysk\u00fa\u0161a\u0165, \u010do \u010dak\u00e1 pretek\u00e1rov na tej dlh\u0161ej a\u00a0n\u00e1ro\u010dnej\u0161ej trati.\n<lite-youtube videoid=DlHRXP87Xvc params=\"enablejsapi=1\" style=\"background-image: url('https:\/\/i.ytimg.com\/vi_webp\/DlHRXP87Xvc\/maxresdefault.webp');\"><\/lite-youtube>\n<h2><strong>Proffix Swiss Bike Cup, \u0160vaj\u010diarsko, Gstaad 01. 10 &#8211; 02. 10. 2022<\/strong><\/h2>\n<p>Swiss Bike Cup za\u010dal v roku 1994 ako platforma pre mlad\u00fdch \u0161vaj\u010diarskych horsk\u00fdch cyklistov. Odvtedy sa s\u00e9ria rozr\u00e1stla na najd\u00f4le\u017eitej\u0161ie preteky vo \u0161vaj\u010diarskom kalend\u00e1ri horsk\u00fdch bicyklov. <strong>S\u00e9ria za\u010d\u00edna u\u017e v\u00a0marci a\u00a0kon\u010d\u00ed pr\u00e1ve t\u00fdmto okt\u00f3brov\u00fdm kolom v\u00a0dedinke Gstaad, ktor\u00e1 je ob\u013e\u00fabenou ly\u017eiarskou oblas\u0165ou.<\/strong> Udalos\u0165 bude mo\u017en\u00e9 sledova\u0165 aj online, tak\u017ee v\u00a0pr\u00edpade, \u017ee sa nez\u00fa\u010dastn\u00edte, m\u00f4\u017eete si atmosf\u00e9ru u\u017ei\u0165 aspo\u0148 takto sprostredkovane.\n<lite-youtube videoid=lRrMkc9mbao params=\"enablejsapi=1\" style=\"background-image: url('https:\/\/i.ytimg.com\/vi_webp\/lRrMkc9mbao\/maxresdefault.webp');\"><\/lite-youtube>\n<h2><strong>\u0160koda Titan Desert Almer\u00eda, \u0160panielsko 07. 10. &#8211; 11. 10. 2022<\/strong><\/h2>\n<p>\u0160koda Titan Desert Almer\u00eda sa bud\u00fa kona\u0165 v p\u00fa\u0161ti Tabernas. S\u00fa to etapov\u00e9 preteky horsk\u00fdch bicyklov v \u0160panielsku, v oblasti Andal\u00fazia a boli prv\u00fdkr\u00e1t organizovan\u00e9 v roku 2020. <strong>Trasa m\u00e1 d\u013a\u017eku 340 km, \u010do znamen\u00e1, \u017ee je ur\u010den\u00e1 pre skuto\u010dn\u00fdch tit\u00e1nov na horsk\u00fdch bicykloch a\u00a0navy\u0161e sa jazd\u00ed v\u00a0p\u00fa\u0161tnych podmienkach.<\/strong> Almer\u00eda je ove\u013ea viac ako MTB preteky, s\u00fa to 4 dni neust\u00e1lych v\u00fdziev, trasa, v ktorej prevl\u00e1da dobrodru\u017estvo a\u00a0uk\u00e1\u017ee sa odvaha \u00fa\u010dastn\u00edkov.\n<lite-youtube videoid=vGKKMOjFLpA params=\"enablejsapi=1\" style=\"background-image: url('https:\/\/i.ytimg.com\/vi_webp\/vGKKMOjFLpA\/maxresdefault.webp');\"><\/lite-youtube>\n<div class=\"shortcode-ys-post-pinup\"><article class=\"loop-simple post-14032 post type-post status-publish format-standard has-post-thumbnail hentry category-mtb tag-adrenalin tag-anna-ramirez tag-jazda tag-josep-betalu tag-melcior-mauri tag-miguel-indurain tag-mtb tag-mtb-jazda tag-podujatia tag-pust tag-robert-heras tag-skoda tag-skoda-titan-desert tag-sylvain-chavanel\" data-postid=\"14032\" role=\"article\" data-post-id=\"14032\" data-word-count=\"407\" data-headline-length=\"51\" data-category=\"MTB\" data-author=\"WeLoveCycling\" data-published=\"2022-03-18T10:00:12+01:00\" data-published-day=\"Friday\">\n    <div class=\"entry-thumbnail article-thumbnail\" content=\"https:\/\/d2p6e6u75xmxt8.cloudfront.net\/4\/2022\/03\/titan-desert-2021-la-clasificacion-skoda-adventure-pondra-a-prueba-a-los-ciclistas-mas-autosuficientes-scaled-150x150.webp\"><a href=\"https:\/\/www.welovecycling.com\/sk\/2022\/03\/18\/skoda-titan-desert-rally-dakar-na-dvoch-kolesach\/\" class=\"image-holder\" target=\"_self\"><img decoding=\"async\" loading=\"lazy\" class=\"\" src=\"https:\/\/d2p6e6u75xmxt8.cloudfront.net\/4\/2022\/03\/titan-desert-2021-la-clasificacion-skoda-adventure-pondra-a-prueba-a-los-ciclistas-mas-autosuficientes-scaled-1024x553.webp\" srcset=\"https:\/\/d2p6e6u75xmxt8.cloudfront.net\/4\/2022\/03\/titan-desert-2021-la-clasificacion-skoda-adventure-pondra-a-prueba-a-los-ciclistas-mas-autosuficientes-scaled.webp 2560w, https:\/\/d2p6e6u75xmxt8.cloudfront.net\/4\/2022\/03\/titan-desert-2021-la-clasificacion-skoda-adventure-pondra-a-prueba-a-los-ciclistas-mas-autosuficientes-scaled-300x162.webp 300w, https:\/\/d2p6e6u75xmxt8.cloudfront.net\/4\/2022\/03\/titan-desert-2021-la-clasificacion-skoda-adventure-pondra-a-prueba-a-los-ciclistas-mas-autosuficientes-scaled-1024x553.webp 1024w, https:\/\/d2p6e6u75xmxt8.cloudfront.net\/4\/2022\/03\/titan-desert-2021-la-clasificacion-skoda-adventure-pondra-a-prueba-a-los-ciclistas-mas-autosuficientes-scaled-768x415.webp 768w, https:\/\/d2p6e6u75xmxt8.cloudfront.net\/4\/2022\/03\/titan-desert-2021-la-clasificacion-skoda-adventure-pondra-a-prueba-a-los-ciclistas-mas-autosuficientes-scaled-1536x830.webp 1536w, https:\/\/d2p6e6u75xmxt8.cloudfront.net\/4\/2022\/03\/titan-desert-2021-la-clasificacion-skoda-adventure-pondra-a-prueba-a-los-ciclistas-mas-autosuficientes-scaled-2048x1106.webp 2048w, https:\/\/d2p6e6u75xmxt8.cloudfront.net\/4\/2022\/03\/titan-desert-2021-la-clasificacion-skoda-adventure-pondra-a-prueba-a-los-ciclistas-mas-autosuficientes-scaled-1920x1037.webp 1920w, https:\/\/d2p6e6u75xmxt8.cloudfront.net\/4\/2022\/03\/titan-desert-2021-la-clasificacion-skoda-adventure-pondra-a-prueba-a-los-ciclistas-mas-autosuficientes-scaled-1920x1037.webp 1920w\" width=\"1024\" height=\"553\" sizes=\"auto, (min-width: 1200px) 370px, (min-width: 768px) 31vw, 100vw\" alt=\"skoda-titan-desert-rally-dakar-na-dvoch-kolesach\"\/><\/a><\/div>    <div class=\"entry-meta\">\n        <a class=\"label label-secondary post-category\" href=\"https:\/\/www.welovecycling.com\/sk\/category\/mtb\/\" title=\"MTB\">MTB<\/a>\n    <\/div>\n    <div class=\"entry-details\">\n        <a href=\"https:\/\/www.welovecycling.com\/sk\/2022\/03\/18\/skoda-titan-desert-rally-dakar-na-dvoch-kolesach\/\" class='entry-title-wrapper'>\n            <h3 class=\"entry-title\"><span>\u0160koda Titan Desert: Rally Dakar na dvoch koles\u00e1ch<\/span><\/h3>\n        <\/a>\n    <\/div>\n    <\/article>\n<\/div>\n<h2><strong>Capoliveri Legend Cup&#8217;s, Isle of Elba, Taliansko, 15. 10. 2022<\/strong><\/h2>\n<p>Taliansky ostrov Elba presl\u00e1vil najm\u00e4 Napoleon, ale v\u00a0polovici okt\u00f3bra sa tu bude aj bicyklova\u0165. Bude sa tu kona\u0165 Legend Cup a\u00a0m\u00e1te mo\u017enos\u0165 zajazdi\u0165 si na trati, na ktorej sa konali UCI MTB Majstrovstv\u00e1 sveta 2021 a\u00a0kri\u017euje ve\u013ek\u00fa \u010das\u0165 ostrova.<strong> K\u00a0dispoz\u00edcii s\u00fa dve trate a\u00a0to marat\u00f3nska v\u00a0d\u013a\u017eke 80 km a\u00a0prev\u00fd\u0161en\u00edm 3 000 m. Krat\u0161ia trasa m\u00e1 50 km a\u00a0prev\u00fd\u0161enie 1 700 m.<\/strong> Kl\u00edma na ostrove je aj v\u00a0okt\u00f3bri priazniv\u00e1 a\u00a0u\u017eijete si kr\u00e1sne dni s po\u010das\u00edm, ktor\u00e9 umo\u017e\u0148uje aj k\u00fapanie.\n<lite-youtube videoid=c19Ws7N7sVA params=\"enablejsapi=1\" style=\"background-image: url('https:\/\/i.ytimg.com\/vi_webp\/c19Ws7N7sVA\/maxresdefault.webp');\"><\/lite-youtube>\n<h2><strong>Copa Chile Internacional Angol, \u010cile, 30. 10. 2022<\/strong><\/h2>\n<p>Copa Chile je ka\u017edoro\u010dn\u00fd \u0161ampion\u00e1t v horskej cyklistike, ktor\u00fd sa kon\u00e1 na viacer\u00fdch miestach krajiny v mesiacoch marec a\u017e okt\u00f3ber. V\u00a0Temuco bude fin\u00e1le celej tohtoro\u010dnej s\u00e9rie. <strong>Toto miesto je obklopen\u00e9 zelen\u00fdmi horami, jazdi\u0165 sa bude medzi ihli\u010dnanmi a p\u00f4vodn\u00fdm lesom, \u010do dod\u00e1va pretekom zvl\u00e1\u0161tne \u010daro.<\/strong> Skr\u00e1tka ide\u00e1lne miesto na preteky horsk\u00fdch bicyklov.\n<lite-youtube videoid=9g9b2YdE8Ro params=\"enablejsapi=1\" style=\"background-image: url('https:\/\/i.ytimg.com\/vi_webp\/9g9b2YdE8Ro\/maxresdefault.webp');\"><\/lite-youtube>\n<h2><strong>Cestn\u00e1 cyklistka<\/strong><\/h2>\n<h2><strong>Il Piccolo Lombardia, Taliansko, 02. 10. 2022<\/strong><\/h2>\n<p>Piccolo Giro di Lombardia sa zrodilo v roku 1911. Po\u010das rokov sa tra\u0165 aj miesto \u0161tartu nieko\u013ekokr\u00e1t zmenilo, ale v\u00a0s\u00fa\u010dasnosti je \u0161tartovacia aj cie\u013eov\u00e1 \u010diara v\u00a0Oggione v\u00a0Lombardsku. <strong>Tra\u0165 m\u00e1 d\u013a\u017eku 170,6&nbsp;km. Najvy\u0161\u0161\u00ed bod je vrch s\u00a0n\u00e1zvom Madona del Ghisallo.<\/strong> V roku 1949 bola Madona z Ghisalla vyhl\u00e1sen\u00e1 za ochranky\u0148u cyklistov cel\u00e9ho sveta. Tento monument je ur\u010den\u00fd nielen profesion\u00e1lom ale aj amat\u00e9rom.\n<lite-youtube videoid=NchU2DxO3sc params=\"enablejsapi=1\" style=\"background-image: url('https:\/\/i.ytimg.com\/vi_webp\/NchU2DxO3sc\/maxresdefault.webp');\"><\/lite-youtube>\n<h2><strong>Paris \u2013 Bourges, Franc\u00fazsko, 06. 10. 2022<\/strong><\/h2>\n<p>Preteky sa konaj\u00fa u\u017e od roku 1913, kedy vyhral legend\u00e1rny Ren\u00e9 Pichon. P\u00f4vodne sa jazdilo z\u00a0Par\u00ed\u017ea do mesta Bourges, av\u0161ak s\u00fa\u010dasn\u00e1 skr\u00e1ten\u00e1 verzia za\u010d\u00edna v\u00a0meste Gien, ktor\u00e9 je 130 km ju\u017ene od Par\u00ed\u017ea. Modern\u00e1 verzia pretekov sa kon\u00e1 na vzdialenos\u0165 pribli\u017ene 190 km, pri\u010dom stredn\u00e1 \u010das\u0165 st\u00fapa na kopce regi\u00f3nu Sancerrois, vr\u00e1tane troch klasifikovan\u00fdch st\u00fapan\u00ed: <strong>Cote de Jars (324 metrov), Cote de Graveron (337 metrov) a La. Chapelotte (378 metrov)<\/strong>.\n<lite-youtube videoid=gCWAQK1L-Kw params=\"enablejsapi=1\" style=\"background-image: url('https:\/\/i.ytimg.com\/vi_webp\/gCWAQK1L-Kw\/maxresdefault.webp');\"><\/lite-youtube>\n<h2><strong>Memorial Rik Van Steenbergen, Kempen, Belgicko, 09. 10. 2022<\/strong><\/h2>\n<p>Memori\u00e1l Rika Van Steenbergena sa uskuto\u010dn\u00ed v nede\u013eu 9. okt\u00f3bra a je poctou trojn\u00e1sobn\u00e9mu majstrovi sveta Rikovi Van Steenbergenovi a\u00a0kon\u00e1 sa v\u00a0rodisku tejto medzin\u00e1rodnej cyklistickej legendy. S\u00fa\u0165a\u017e bola organizovan\u00e1 v rokoch 1991 a\u017e 2012 v obci Aartselaar a\u00a0jej \u0161ir\u0161om regi\u00f3ne, no hrozilo, \u017ee po 22 ro\u010dn\u00edkoch zanikne. <strong>V\u00a0s\u00fa\u010dasnosti takmer 175 kilometrov dlh\u00e1 tra\u0165 vedie jazdcov cez 7 obc\u00ed Kempen so 4 prejazdmi a cie\u013eom v obci Arendonk.<\/strong>\n<lite-youtube videoid=-i424nJEILU params=\"enablejsapi=1\" style=\"background-image: url('https:\/\/i.ytimg.com\/vi_webp\/-i424nJEILU\/maxresdefault.webp');\"><\/lite-youtube>\n<h2><strong>Giro del Veneto, Taliansko, 12. 10. 2022<\/strong><\/h2>\n<p>Klasick\u00e9 preteky, ktor\u00e9 viac ako ktor\u00e9ko\u013evek in\u00e9 in\u0161pirovali taliansku cyklistiku. Giro del Veneto sa vracia vo svojom 85. ro\u010dn\u00edku. Ve\u013ekolep\u00e9 podujatie, na ktorom najlep\u0161\u00ed medzin\u00e1rodn\u00ed \u0161portovci s\u00fa\u0165a\u017eia na tradi\u010dn\u00fdch miestach, ale do pretekov sa dostali aj nov\u00e9 etapy. <strong>Tra\u0165 meria 160 km s\u00a0prev\u00fd\u0161en\u00edm 1&nbsp;600 m.<\/strong> \u0160tartuje sa z\u00a0mesta Padova a\u00a0cie\u013e bude v\u00a0meste Vicenza, v\u00a0ktorom bude 22 km dlh\u00fd okruh, ktor\u00fd jazdci absolvuj\u00fa trikr\u00e1t.\n<lite-youtube videoid=iKZBrC-8gl0 params=\"enablejsapi=1\" style=\"background-image: url('https:\/\/i.ytimg.com\/vi_webp\/iKZBrC-8gl0\/maxresdefault.webp');\"><\/lite-youtube>\n<h2><strong>Chrono des Nations, Franc\u00fazsko, 16. 10. 2022<\/strong><\/h2>\n<p>Chrono des Nations s\u00fa jednod\u0148ov\u00e9 individu\u00e1lne cestn\u00e9 cyklistick\u00e9 preteky v \u010dasovke, ktor\u00e9 sa konaj\u00fa ka\u017edoro\u010dne v\u00a0okt\u00f3bri v\u00a0obci Les Herbiers. P\u00f4vodne sa volali Chrono des Herbiers, ale v roku 2006 sa preteky spojili s u\u017e neexistuj\u00facou Grand Prix des Nations a\u00a0vytvorila sa s\u00fa\u010dasn\u00e1 podoba s n\u00e1zvom Chrono des Nations. \u0160tartovacia rampa je umiestnen\u00e1 priamo pred radnicou. <strong>V z\u00e1ujme \u0161portovej rovnosti maj\u00fa \u017eeny rovnak\u00e9 podmienky ako mu\u017ei.<\/strong>\n<lite-youtube videoid=EkBTq_dX1CI params=\"enablejsapi=1\" style=\"background-image: url('https:\/\/i.ytimg.com\/vi_webp\/EkBTq_dX1CI\/maxresdefault.webp');\"><\/lite-youtube>\n","protected":false},"excerpt":{"rendered":"<p>Ke\u010f\u017ee leto u\u017e skon\u010dilo a\u00a0dni s\u00fa chladn\u00e9, s\u00a0okt\u00f3brov\u00fdm preh\u013eadom sme za\u0161li do teplej\u0161\u00edch kraj\u00edn na juh ako \u0160panielsko, Taliansko \u010di [&hellip;]<\/p>\n","protected":false},"author":170,"featured_media":15734,"comment_status":"open","ping_status":"open","sticky":false,"template":"","format":"standard","meta":{"footnotes":""},"categories":[34],"tags":[478,421,115,306,180,286,178,412,1546,37,179,542,1452,251,419,1072],"global-categories":[1074],"class_list":["post-15721","post","type-post","status-publish","format-standard","has-post-thumbnail","hentry","category-podujatia","tag-akcia","tag-belgicko","tag-cestna-cyklistika","tag-francuzsko","tag-horska-cyklistika","tag-jesen","tag-maraton","tag-mtb","tag-oktober","tag-podujatia","tag-preteky","tag-skoda","tag-skoda-titan-desert","tag-spanielsko","tag-taliansko","tag-trat","global-categories-cycling"],"yoast_head":"<!-- This site is optimized with the Yoast SEO Premium plugin v25.3 (Yoast SEO v25.9) - https:\/\/yoast.com\/wordpress\/plugins\/seo\/ -->\n<title>Okt\u00f3brov\u00e1 desiatka MTB a cestn\u00fdch pretekov - \u0160koda We Love Cycling Slovensko<\/title>\n<meta name=\"description\" content=\"Ke\u010f\u017ee leto u\u017e skon\u010dilo a\u00a0dni s\u00fa chladn\u00e9, okt\u00f3brov\u00e1 desiatka pon\u00faka podujatia z teplej\u0161\u00edch kraj\u00edn ako \u0160panielsko, Taliansko \u010di Franc\u00fazsko.\" \/>\n<meta name=\"robots\" content=\"index, follow, max-snippet:-1, max-image-preview:large, max-video-preview:-1\" \/>\n<link rel=\"canonical\" href=\"https:\/\/www.welovecycling.com\/sk\/2022\/09\/27\/oktobrova-desiatka-mtb-a-cestnych-pretekov\/\" \/>\n<meta property=\"og:locale\" content=\"sk_SK\" \/>\n<meta property=\"og:type\" content=\"article\" \/>\n<meta property=\"og:title\" content=\"Okt\u00f3brov\u00e1 desiatka MTB a cestn\u00fdch pretekov\" \/>\n<meta property=\"og:description\" content=\"Ke\u010f\u017ee leto u\u017e skon\u010dilo a\u00a0dni s\u00fa chladn\u00e9, okt\u00f3brov\u00e1 desiatka pon\u00faka podujatia z teplej\u0161\u00edch kraj\u00edn ako \u0160panielsko, Taliansko \u010di Franc\u00fazsko.\" \/>\n<meta property=\"og:url\" content=\"https:\/\/www.welovecycling.com\/sk\/2022\/09\/27\/oktobrova-desiatka-mtb-a-cestnych-pretekov\/\" \/>\n<meta property=\"og:site_name\" content=\"\u0160koda We Love Cycling Slovensko\" \/>\n<meta property=\"article:published_time\" content=\"2022-09-27T08:18:13+00:00\" \/>\n<meta property=\"article:modified_time\" content=\"2022-09-29T10:57:27+00:00\" \/>\n<meta property=\"og:image\" content=\"https:\/\/d2p6e6u75xmxt8.cloudfront.net\/4\/2022\/09\/Cesta_00.webp\" \/>\n\t<meta property=\"og:image:width\" content=\"990\" \/>\n\t<meta property=\"og:image:height\" content=\"660\" \/>\n\t<meta property=\"og:image:type\" content=\"image\/webp\" \/>\n<meta name=\"author\" content=\"miksakova\" \/>\n<meta name=\"twitter:card\" content=\"summary_large_image\" \/>\n<meta name=\"twitter:label1\" content=\"Written by\" \/>\n\t<meta name=\"twitter:data1\" content=\"WeLoveCycling\" \/>\n\t<meta name=\"twitter:label2\" content=\"Est. reading time\" \/>\n\t<meta name=\"twitter:data2\" content=\"5\" \/>\n<script type=\"application\/ld+json\" class=\"yoast-schema-graph\">{\"@context\":\"https:\/\/schema.org\",\"@graph\":[{\"@type\":\"WebPage\",\"@id\":\"https:\/\/www.welovecycling.com\/sk\/2022\/09\/27\/oktobrova-desiatka-mtb-a-cestnych-pretekov\/\",\"url\":\"https:\/\/www.welovecycling.com\/sk\/2022\/09\/27\/oktobrova-desiatka-mtb-a-cestnych-pretekov\/\",\"name\":\"Okt\u00f3brov\u00e1 desiatka MTB a cestn\u00fdch pretekov - \u0160koda We Love Cycling Slovensko\",\"isPartOf\":{\"@id\":\"https:\/\/www.welovecycling.com\/sk\/#website\"},\"primaryImageOfPage\":{\"@id\":\"https:\/\/www.welovecycling.com\/sk\/2022\/09\/27\/oktobrova-desiatka-mtb-a-cestnych-pretekov\/#primaryimage\"},\"image\":{\"@id\":\"https:\/\/www.welovecycling.com\/sk\/2022\/09\/27\/oktobrova-desiatka-mtb-a-cestnych-pretekov\/#primaryimage\"},\"thumbnailUrl\":\"https:\/\/d2p6e6u75xmxt8.cloudfront.net\/4\/2022\/09\/Cesta_00.webp\",\"datePublished\":\"2022-09-27T08:18:13+00:00\",\"dateModified\":\"2022-09-29T10:57:27+00:00\",\"author\":{\"@id\":\"https:\/\/www.welovecycling.com\/sk\/#\/schema\/person\/c6ce5af9dceed219d84a07d2ffa2cad9\"},\"description\":\"Ke\u010f\u017ee leto u\u017e skon\u010dilo a\u00a0dni s\u00fa chladn\u00e9, okt\u00f3brov\u00e1 desiatka pon\u00faka podujatia z teplej\u0161\u00edch kraj\u00edn ako \u0160panielsko, Taliansko \u010di Franc\u00fazsko.\",\"breadcrumb\":{\"@id\":\"https:\/\/www.welovecycling.com\/sk\/2022\/09\/27\/oktobrova-desiatka-mtb-a-cestnych-pretekov\/#breadcrumb\"},\"inLanguage\":\"sk-SK\",\"potentialAction\":[{\"@type\":\"ReadAction\",\"target\":[\"https:\/\/www.welovecycling.com\/sk\/2022\/09\/27\/oktobrova-desiatka-mtb-a-cestnych-pretekov\/\"]}]},{\"@type\":\"ImageObject\",\"inLanguage\":\"sk-SK\",\"@id\":\"https:\/\/www.welovecycling.com\/sk\/2022\/09\/27\/oktobrova-desiatka-mtb-a-cestnych-pretekov\/#primaryimage\",\"url\":\"https:\/\/d2p6e6u75xmxt8.cloudfront.net\/4\/2022\/09\/Cesta_00.webp\",\"contentUrl\":\"https:\/\/d2p6e6u75xmxt8.cloudfront.net\/4\/2022\/09\/Cesta_00.webp\",\"width\":990,\"height\":660},{\"@type\":\"BreadcrumbList\",\"@id\":\"https:\/\/www.welovecycling.com\/sk\/2022\/09\/27\/oktobrova-desiatka-mtb-a-cestnych-pretekov\/#breadcrumb\",\"itemListElement\":[{\"@type\":\"ListItem\",\"position\":1,\"name\":\"Home\",\"item\":\"https:\/\/www.welovecycling.com\/sk\/\"},{\"@type\":\"ListItem\",\"position\":2,\"name\":\"Okt\u00f3brov\u00e1 desiatka MTB a cestn\u00fdch pretekov\"}]},{\"@type\":\"WebSite\",\"@id\":\"https:\/\/www.welovecycling.com\/sk\/#website\",\"url\":\"https:\/\/www.welovecycling.com\/sk\/\",\"name\":\"\u0160koda We Love Cycling Slovensko\",\"description\":\"\u0160koda We Love Cycling Slovensko je v\u00e1\u0161 ka\u017edodenn\u00fd zdroj noviniek a in\u0161pir\u00e1cie z sveta cyklistiky\",\"potentialAction\":[{\"@type\":\"SearchAction\",\"target\":{\"@type\":\"EntryPoint\",\"urlTemplate\":\"https:\/\/www.welovecycling.com\/sk\/?s={search_term_string}\"},\"query-input\":{\"@type\":\"PropertyValueSpecification\",\"valueRequired\":true,\"valueName\":\"search_term_string\"}}],\"inLanguage\":\"sk-SK\"},{\"@type\":\"Person\",\"@id\":\"https:\/\/www.welovecycling.com\/sk\/#\/schema\/person\/c6ce5af9dceed219d84a07d2ffa2cad9\",\"name\":\"miksakova\",\"image\":{\"@type\":\"ImageObject\",\"inLanguage\":\"sk-SK\",\"@id\":\"https:\/\/www.welovecycling.com\/sk\/#\/schema\/person\/image\/\",\"url\":\"https:\/\/secure.gravatar.com\/avatar\/3663fb8acb50de04150ea6f7afc1bc15aba80aad4bf92aee01bd38a79084eb7a?s=96&d=mm&r=g\",\"contentUrl\":\"https:\/\/secure.gravatar.com\/avatar\/3663fb8acb50de04150ea6f7afc1bc15aba80aad4bf92aee01bd38a79084eb7a?s=96&d=mm&r=g\",\"caption\":\"miksakova\"},\"url\":\"https:\/\/www.welovecycling.com\/sk\/author\/miksakova\/\"}]}<\/script>\n<!-- \/ Yoast SEO Premium plugin. -->","yoast_head_json":{"title":"Okt\u00f3brov\u00e1 desiatka MTB a cestn\u00fdch pretekov - \u0160koda We Love Cycling Slovensko","description":"Ke\u010f\u017ee leto u\u017e skon\u010dilo a\u00a0dni s\u00fa chladn\u00e9, okt\u00f3brov\u00e1 desiatka pon\u00faka podujatia z teplej\u0161\u00edch kraj\u00edn ako \u0160panielsko, Taliansko \u010di Franc\u00fazsko.","robots":{"index":"index","follow":"follow","max-snippet":"max-snippet:-1","max-image-preview":"max-image-preview:large","max-video-preview":"max-video-preview:-1"},"canonical":"https:\/\/www.welovecycling.com\/sk\/2022\/09\/27\/oktobrova-desiatka-mtb-a-cestnych-pretekov\/","og_locale":"sk_SK","og_type":"article","og_title":"Okt\u00f3brov\u00e1 desiatka MTB a cestn\u00fdch pretekov","og_description":"Ke\u010f\u017ee leto u\u017e skon\u010dilo a\u00a0dni s\u00fa chladn\u00e9, okt\u00f3brov\u00e1 desiatka pon\u00faka podujatia z teplej\u0161\u00edch kraj\u00edn ako \u0160panielsko, Taliansko \u010di Franc\u00fazsko.","og_url":"https:\/\/www.welovecycling.com\/sk\/2022\/09\/27\/oktobrova-desiatka-mtb-a-cestnych-pretekov\/","og_site_name":"\u0160koda We Love Cycling Slovensko","article_published_time":"2022-09-27T08:18:13+00:00","article_modified_time":"2022-09-29T10:57:27+00:00","og_image":[{"width":990,"height":660,"url":"https:\/\/d2p6e6u75xmxt8.cloudfront.net\/4\/2022\/09\/Cesta_00.webp","type":"image\/webp"}],"author":"miksakova","twitter_card":"summary_large_image","twitter_misc":{"Written by":"WeLoveCycling","Est. reading time":"5"},"schema":{"@context":"https:\/\/schema.org","@graph":[{"@type":"WebPage","@id":"https:\/\/www.welovecycling.com\/sk\/2022\/09\/27\/oktobrova-desiatka-mtb-a-cestnych-pretekov\/","url":"https:\/\/www.welovecycling.com\/sk\/2022\/09\/27\/oktobrova-desiatka-mtb-a-cestnych-pretekov\/","name":"Okt\u00f3brov\u00e1 desiatka MTB a cestn\u00fdch pretekov - \u0160koda We Love Cycling Slovensko","isPartOf":{"@id":"https:\/\/www.welovecycling.com\/sk\/#website"},"primaryImageOfPage":{"@id":"https:\/\/www.welovecycling.com\/sk\/2022\/09\/27\/oktobrova-desiatka-mtb-a-cestnych-pretekov\/#primaryimage"},"image":{"@id":"https:\/\/www.welovecycling.com\/sk\/2022\/09\/27\/oktobrova-desiatka-mtb-a-cestnych-pretekov\/#primaryimage"},"thumbnailUrl":"https:\/\/d2p6e6u75xmxt8.cloudfront.net\/4\/2022\/09\/Cesta_00.webp","datePublished":"2022-09-27T08:18:13+00:00","dateModified":"2022-09-29T10:57:27+00:00","author":{"@id":"https:\/\/www.welovecycling.com\/sk\/#\/schema\/person\/c6ce5af9dceed219d84a07d2ffa2cad9"},"description":"Ke\u010f\u017ee leto u\u017e skon\u010dilo a\u00a0dni s\u00fa chladn\u00e9, okt\u00f3brov\u00e1 desiatka pon\u00faka podujatia z teplej\u0161\u00edch kraj\u00edn ako \u0160panielsko, Taliansko \u010di Franc\u00fazsko.","breadcrumb":{"@id":"https:\/\/www.welovecycling.com\/sk\/2022\/09\/27\/oktobrova-desiatka-mtb-a-cestnych-pretekov\/#breadcrumb"},"inLanguage":"sk-SK","potentialAction":[{"@type":"ReadAction","target":["https:\/\/www.welovecycling.com\/sk\/2022\/09\/27\/oktobrova-desiatka-mtb-a-cestnych-pretekov\/"]}]},{"@type":"ImageObject","inLanguage":"sk-SK","@id":"https:\/\/www.welovecycling.com\/sk\/2022\/09\/27\/oktobrova-desiatka-mtb-a-cestnych-pretekov\/#primaryimage","url":"https:\/\/d2p6e6u75xmxt8.cloudfront.net\/4\/2022\/09\/Cesta_00.webp","contentUrl":"https:\/\/d2p6e6u75xmxt8.cloudfront.net\/4\/2022\/09\/Cesta_00.webp","width":990,"height":660},{"@type":"BreadcrumbList","@id":"https:\/\/www.welovecycling.com\/sk\/2022\/09\/27\/oktobrova-desiatka-mtb-a-cestnych-pretekov\/#breadcrumb","itemListElement":[{"@type":"ListItem","position":1,"name":"Home","item":"https:\/\/www.welovecycling.com\/sk\/"},{"@type":"ListItem","position":2,"name":"Okt\u00f3brov\u00e1 desiatka MTB a cestn\u00fdch pretekov"}]},{"@type":"WebSite","@id":"https:\/\/www.welovecycling.com\/sk\/#website","url":"https:\/\/www.welovecycling.com\/sk\/","name":"\u0160koda We Love Cycling Slovensko","description":"\u0160koda We Love Cycling Slovensko je v\u00e1\u0161 ka\u017edodenn\u00fd zdroj noviniek a in\u0161pir\u00e1cie z sveta cyklistiky","potentialAction":[{"@type":"SearchAction","target":{"@type":"EntryPoint","urlTemplate":"https:\/\/www.welovecycling.com\/sk\/?s={search_term_string}"},"query-input":{"@type":"PropertyValueSpecification","valueRequired":true,"valueName":"search_term_string"}}],"inLanguage":"sk-SK"},{"@type":"Person","@id":"https:\/\/www.welovecycling.com\/sk\/#\/schema\/person\/c6ce5af9dceed219d84a07d2ffa2cad9","name":"miksakova","image":{"@type":"ImageObject","inLanguage":"sk-SK","@id":"https:\/\/www.welovecycling.com\/sk\/#\/schema\/person\/image\/","url":"https:\/\/secure.gravatar.com\/avatar\/3663fb8acb50de04150ea6f7afc1bc15aba80aad4bf92aee01bd38a79084eb7a?s=96&d=mm&r=g","contentUrl":"https:\/\/secure.gravatar.com\/avatar\/3663fb8acb50de04150ea6f7afc1bc15aba80aad4bf92aee01bd38a79084eb7a?s=96&d=mm&r=g","caption":"miksakova"},"url":"https:\/\/www.welovecycling.com\/sk\/author\/miksakova\/"}]}},"_links":{"self":[{"href":"https:\/\/www.welovecycling.com\/sk\/wp-json\/wp\/v2\/posts\/15721","targetHints":{"allow":["GET"]}}],"collection":[{"href":"https:\/\/www.welovecycling.com\/sk\/wp-json\/wp\/v2\/posts"}],"about":[{"href":"https:\/\/www.welovecycling.com\/sk\/wp-json\/wp\/v2\/types\/post"}],"author":[{"embeddable":true,"href":"https:\/\/www.welovecycling.com\/sk\/wp-json\/wp\/v2\/users\/170"}],"replies":[{"embeddable":true,"href":"https:\/\/www.welovecycling.com\/sk\/wp-json\/wp\/v2\/comments?post=15721"}],"version-history":[{"count":2,"href":"https:\/\/www.welovecycling.com\/sk\/wp-json\/wp\/v2\/posts\/15721\/revisions"}],"predecessor-version":[{"id":15737,"href":"https:\/\/www.welovecycling.com\/sk\/wp-json\/wp\/v2\/posts\/15721\/revisions\/15737"}],"wp:featuredmedia":[{"embeddable":true,"href":"https:\/\/www.welovecycling.com\/sk\/wp-json\/wp\/v2\/media\/15734"}],"wp:attachment":[{"href":"https:\/\/www.welovecycling.com\/sk\/wp-json\/wp\/v2\/media?parent=15721"}],"wp:term":[{"taxonomy":"category","embeddable":true,"href":"https:\/\/www.welovecycling.com\/sk\/wp-json\/wp\/v2\/categories?post=15721"},{"taxonomy":"post_tag","embeddable":true,"href":"https:\/\/www.welovecycling.com\/sk\/wp-json\/wp\/v2\/tags?post=15721"},{"taxonomy":"global-categories","embeddable":true,"href":"https:\/\/www.welovecycling.com\/sk\/wp-json\/wp\/v2\/global-categories?post=15721"}],"curies":[{"name":"wp","href":"https:\/\/api.w.org\/{rel}","templated":true}]}}