{"id":1556,"date":"2017-07-11T01:15:20","date_gmt":"2017-07-10T23:15:20","guid":{"rendered":"https:\/\/www.welovecycling.com\/sk\/?p=1556"},"modified":"2017-12-18T13:11:24","modified_gmt":"2017-12-18T12:11:24","slug":"skutocne-tazke-chvile-tim-bora-hansgrohe-tour-de-france","status":"publish","type":"post","link":"https:\/\/www.welovecycling.com\/sk\/2017\/07\/11\/skutocne-tazke-chvile-tim-bora-hansgrohe-tour-de-france\/","title":{"rendered":"Skuto\u010dne \u0165a\u017ek\u00e9 chv\u00edle pre t\u00edm BORA-hansgrohe na Tour de France"},"content":{"rendered":"<p><strong>Pre t\u00edm BORA-hansgrohe s dvojicou slovensk\u00fdch jazdcov sa tohtoro\u010dn\u00e1 \u201eTour\u201c zmenila po prvotnom ve\u013ekom \u00faspechu sk\u00f4r na no\u010dn\u00fa moru. P\u00f4vodne mali pomerne ve\u013ek\u00e9 a dalo by sa poveda\u0165, aj re\u00e1lne amb\u00edcie.<\/strong><br \/>\n<!--more--><\/p>\n<p><a href=\"https:\/\/d2p6e6u75xmxt8.cloudfront.net\/4\/2017\/07\/04-2.jpg\"><img loading=\"lazy\" decoding=\"async\" class=\"alignnone size-full wp-image-1583\" src=\"https:\/\/d2p6e6u75xmxt8.cloudfront.net\/4\/2017\/07\/04-2.jpg\" alt=\"\" width=\"1084\" height=\"657\" \/><\/a><br \/>\nV prvom rade &#8211; re\u00e1lny bol zisk zelen\u00e9ho dresu a etapov\u00e9 \u00faspechy s Petrom Saganom. Celkov\u00e9 umiestnenie, \u010di dres pre najlep\u0161ieho vrch\u00e1ra, mohol z\u00edska\u0165 Poliak Rafal Majka. Len\u017ee v\u0161etky pl\u00e1ny sa zr\u00fatili ako dom\u010dek z kariet, a to e\u0161te nie sme ani v polovici pretekov.<\/p>\n<p>https:\/\/www.instagram.com\/p\/BWNFSt8DX69\/<br \/>\nhttps:\/\/www.instagram.com\/p\/BWGAq7plrWL\/<\/p>\n<h2><strong>Peter Sagan<\/strong><\/h2>\n<p>V\u0161etko pritom za\u010dalo pod\u013ea pl\u00e1nu &#8211; v\u00ed\u0165azstvom Petra Sagana v tretej etape, ke\u010f v z\u00e1vere\u010dnom kr\u00e1tkom st\u00fapan\u00ed nedal nikomu \u0161ancu. Len\u017ee hne\u010f nasleduj\u00faca etapa znamenala prv\u00fa ve\u013ek\u00fa ranu a zap\u00ed\u0161e sa do dej\u00edn ako jedna z najkontroverznej\u0161\u00edch v r\u00e1mci celej hist\u00f3rie Tour de France. Po rozhodnut\u00ed jury poslali domov Petra Sagana za \u201e\u00fadajn\u00fd\u201c prehre\u0161ok vo\u010di pravidl\u00e1m a nebezpe\u010dn\u00e9 spr\u00e1vanie v \u0161printe, po ktorom sa por\u00fa\u010dal k zemi Mark Cavendish. A\u017e n\u00e1sledn\u00e9 detailn\u00e9 video-anal\u00fdzy uk\u00e1zali, ak\u00e1 bola skuto\u010dnos\u0165. Ni\u010d to v\u0161ak nezmenilo na fakte, \u017ee Peter Sagan na tohtoro\u010dnej Tour skon\u010dil. Nepomohli ani vyjadrenia \u010fal\u0161\u00edch \u0161print\u00e9rov z pelot\u00f3nu, pr\u00edpadne hviezd minulosti, ktor\u00ed po zhliadnut\u00ed detailn\u00fdch obr\u00e1zkov st\u00e1li vo ve\u013ekej v\u00e4\u010d\u0161ine na strane n\u00e1\u0161ho jazdca.<\/p>\n<p>https:\/\/www.instagram.com\/p\/BWVXZV6gDVL\/<\/p>\n<h2><strong>Rafal Majka<\/strong><\/h2>\n<p>Pomerne demoralizovan\u00fd t\u00edm pokra\u010doval \u010falej. Na protest proti rozhodnutiu v\u017edy pred etapou vystavili pred autobus ako pripomienku aj bicykel Petra Sagana. Kr\u00e1\u013eovsk\u00e1 9. etapa pon\u00fakala 5000 metrov do kopca a n\u00e1ro\u010dn\u00e9 zjazdy, ktor\u00e9 sa op\u00e4\u0165 pohrali s osudom t\u00edmu. A pr\u00e1ve zjazd zmaril amb\u00edcie Majkovi, ktor\u00fd sa por\u00fa\u010dal k zemi na rovnakom mieste ako hviezda t\u00edmu SKY \u2013 Geraint Thomas. Thomas odst\u00fapil, poriadne doudieran\u00fd Majka sa rozhodol pokra\u010dova\u0165 \u010falej. Vpredu v\u0161ak nikto ne\u010dakal a po cel\u00fd \u010das a\u017e do cie\u013ea sa i\u0161lo n\u00e1ro\u010dn\u00e9 tempo. V\u00fdsledkom bol fakt, \u017ee Majka musel do poslednej chv\u00edle bojova\u0165, aby nakoniec v\u00f4bec stihol \u010dasov\u00fd limit etapy. To sa mu s vyp\u00e4t\u00edm v\u0161etk\u00fdch s\u00edl podarilo, s\u00e1m v\u0161ak priznal, \u017ee hor\u0161\u00ed de\u0148 v sedle zrejme nikdy neza\u017eil. Na druh\u00fd de\u0148 u\u017e len ohl\u00e1sil, \u017ee n\u00e1sledky p\u00e1du s\u00fa v\u00e1\u017ene a tohtoro\u010dn\u00e1 Tour pre neho kon\u010d\u00ed. Tak\u017ee aj 2-n\u00e1sobn\u00fd v\u00ed\u0165az vrch\u00e1rskej s\u00fa\u0165a\u017ee a druh\u00e9 \u017eeliezko v ohni BORA-hansgrohe je von z hry.<\/p>\n<p><a href=\"https:\/\/d2p6e6u75xmxt8.cloudfront.net\/4\/2017\/07\/03.jpg\"><img loading=\"lazy\" decoding=\"async\" class=\"alignnone size-extra-large wp-image-1562\" src=\"https:\/\/d2p6e6u75xmxt8.cloudfront.net\/4\/2017\/07\/03-1920x1276.jpg\" alt=\"\" width=\"1920\" height=\"1276\" \/><\/a><\/p>\n<h2><strong>Juraj Sagan<\/strong><\/h2>\n<p>Aby toho nebolo m\u00e1lo, deviata etapa st\u00e1la t\u00edm \u010fal\u0161ieho jazdca. Bol n\u00edm n\u00e1\u0161 Juraj Sagan, ktor\u00fd doplatil na n\u00e1ro\u010dn\u00fd profil a \u010dasov\u00fd limit. Pri\u0161iel v skupine, ktor\u00e1 stratila v cieli na v\u00ed\u0165aza 40 min\u00fat, \u010do bolo v rozpore s pravidlami a Tour musel teda tie\u017e opusti\u0165. Spolu s n\u00edm postihol rovnak\u00fd osud aj dom\u00e1cu hviezdu a a\u0161piranta na zelen\u00fd dres &#8211; Arnauda D\u00e9mara a \u010fal\u0161\u00edch jazdcov&#8230;<\/p>\n<p><iframe loading=\"lazy\" src=\"https:\/\/www.youtube-nocookie.com\/embed\/5R_strDvBOE\" width=\"560\" height=\"315\" frameborder=\"0\" allowfullscreen=\"allowfullscreen\"><\/iframe><\/p>\n<p>Tieto nepr\u00edjemn\u00e9 situ\u00e1cie zmarili n\u00e1dej na \u00faspech t\u00edmu BORA-hansgrohe u\u017e po\u010das \u00favodnej \u010dasti Tour de France. Pri\u0161li o dvoch k\u013e\u00fa\u010dov\u00fdch jazdcov, s ktor\u00fdmi mali najvy\u0161\u0161ie ciele a Slovensko u\u017e nem\u00e1 po diskvalifik\u00e1cii Juraja Sagana \u017eiadne zast\u00fapenie na Tour. Cie\u013e zost\u00e1va &#8211; pok\u00fasi\u0165 sa dosiahnu\u0165 \u010diastkov\u00fd \u00faspech vo forme podaren\u00e9ho \u00faniku. Pri skladbe \u010fal\u0161\u00edch et\u00e1p to v\u0161ak nebude tak\u00e9 jednoduch\u00e9. N\u00e1dejou v celkovom umiestnen\u00ed je <strong>Emanuel Buchmann<\/strong>, ktor\u00e9mu aktu\u00e1lne patr\u00ed <strong>18. miesto<\/strong> so stratou 8:46 na Christophera Frooma.<\/p>\n<p><a href=\"https:\/\/d2p6e6u75xmxt8.cloudfront.net\/4\/2017\/07\/02.jpg\"><img loading=\"lazy\" decoding=\"async\" class=\"alignnone size-full wp-image-1563\" src=\"https:\/\/d2p6e6u75xmxt8.cloudfront.net\/4\/2017\/07\/02.jpg\" alt=\"\" width=\"1280\" height=\"720\" \/><\/a><br \/>\n(zdroj fotiek: www.roadcycling.uk, www.youtube.com)<\/p>\n","protected":false},"excerpt":{"rendered":"<p>Pre t\u00edm BORA-hansgrohe s dvojicou slovensk\u00fdch jazdcov sa tohtoro\u010dn\u00e1 \u201eTour\u201c zmenila po prvotnom ve\u013ekom \u00faspechu sk\u00f4r na no\u010dn\u00fa moru. P\u00f4vodne [&hellip;]<\/p>\n","protected":false},"author":38,"featured_media":1557,"comment_status":"open","ping_status":"open","sticky":false,"template":"","format":"standard","meta":{"footnotes":""},"categories":[4,117],"tags":[160,115,158,71,136,46,159,20,108,156],"global-categories":[],"class_list":["post-1556","post","type-post","status-publish","format-standard","has-post-thumbnail","hentry","category-cestna-cyklisitika","category-tour-de-france","tag-bora-hansgrohe","tag-cestna-cyklistika","tag-juraj-sagan","tag-letape-du-tour","tag-mark-cavendish","tag-peter-sagan","tag-rafal-majka","tag-tour-de-france","tag-tour-de-france-2017","tag-zeleny-dres"],"yoast_head":"<!-- This site is optimized with the Yoast SEO Premium plugin v25.3 (Yoast SEO v25.9) - https:\/\/yoast.com\/wordpress\/plugins\/seo\/ -->\n<title>Skuto\u010dne \u0165a\u017ek\u00e9 chv\u00edle pre t\u00edm BORA-hansgrohe na Tour de France - \u0160koda We Love Cycling Slovensko<\/title>\n<meta name=\"robots\" content=\"index, follow, max-snippet:-1, max-image-preview:large, max-video-preview:-1\" \/>\n<link rel=\"canonical\" href=\"https:\/\/www.welovecycling.com\/sk\/2017\/07\/11\/skutocne-tazke-chvile-tim-bora-hansgrohe-tour-de-france\/\" \/>\n<meta property=\"og:locale\" content=\"sk_SK\" \/>\n<meta property=\"og:type\" content=\"article\" \/>\n<meta property=\"og:title\" content=\"Skuto\u010dne \u0165a\u017ek\u00e9 chv\u00edle pre t\u00edm BORA-hansgrohe na Tour de France\" \/>\n<meta property=\"og:description\" content=\"Pre t\u00edm BORA-hansgrohe s dvojicou slovensk\u00fdch jazdcov sa tohtoro\u010dn\u00e1 \u201eTour\u201c zmenila po prvotnom ve\u013ekom \u00faspechu sk\u00f4r na no\u010dn\u00fa moru. P\u00f4vodne [&hellip;]\" \/>\n<meta property=\"og:url\" content=\"https:\/\/www.welovecycling.com\/sk\/2017\/07\/11\/skutocne-tazke-chvile-tim-bora-hansgrohe-tour-de-france\/\" \/>\n<meta property=\"og:site_name\" content=\"\u0160koda We Love Cycling Slovensko\" \/>\n<meta property=\"article:published_time\" content=\"2017-07-10T23:15:20+00:00\" \/>\n<meta property=\"article:modified_time\" content=\"2017-12-18T12:11:24+00:00\" \/>\n<meta property=\"og:image\" content=\"https:\/\/d2p6e6u75xmxt8.cloudfront.net\/4\/2017\/07\/01.webp\" \/>\n\t<meta property=\"og:image:width\" content=\"1375\" \/>\n\t<meta property=\"og:image:height\" content=\"600\" \/>\n\t<meta property=\"og:image:type\" content=\"image\/webp\" \/>\n<meta name=\"author\" content=\"Ondrej Ga\u0161par\" \/>\n<meta name=\"twitter:card\" content=\"summary_large_image\" \/>\n<meta name=\"twitter:label1\" content=\"Written by\" \/>\n\t<meta name=\"twitter:data1\" content=\"Martin Imrich\" \/>\n\t<meta name=\"twitter:label2\" content=\"Est. reading time\" \/>\n\t<meta name=\"twitter:data2\" content=\"3 minutes\" \/>\n<script type=\"application\/ld+json\" class=\"yoast-schema-graph\">{\"@context\":\"https:\/\/schema.org\",\"@graph\":[{\"@type\":\"WebPage\",\"@id\":\"https:\/\/www.welovecycling.com\/sk\/2017\/07\/11\/skutocne-tazke-chvile-tim-bora-hansgrohe-tour-de-france\/\",\"url\":\"https:\/\/www.welovecycling.com\/sk\/2017\/07\/11\/skutocne-tazke-chvile-tim-bora-hansgrohe-tour-de-france\/\",\"name\":\"Skuto\u010dne \u0165a\u017ek\u00e9 chv\u00edle pre t\u00edm BORA-hansgrohe na Tour de France - \u0160koda We Love Cycling Slovensko\",\"isPartOf\":{\"@id\":\"https:\/\/www.welovecycling.com\/sk\/#website\"},\"primaryImageOfPage\":{\"@id\":\"https:\/\/www.welovecycling.com\/sk\/2017\/07\/11\/skutocne-tazke-chvile-tim-bora-hansgrohe-tour-de-france\/#primaryimage\"},\"image\":{\"@id\":\"https:\/\/www.welovecycling.com\/sk\/2017\/07\/11\/skutocne-tazke-chvile-tim-bora-hansgrohe-tour-de-france\/#primaryimage\"},\"thumbnailUrl\":\"https:\/\/d2p6e6u75xmxt8.cloudfront.net\/4\/2017\/07\/01.webp\",\"datePublished\":\"2017-07-10T23:15:20+00:00\",\"dateModified\":\"2017-12-18T12:11:24+00:00\",\"author\":{\"@id\":\"https:\/\/www.welovecycling.com\/sk\/#\/schema\/person\/8ee09ba39b7e25b1870160aa5b3a89bc\"},\"breadcrumb\":{\"@id\":\"https:\/\/www.welovecycling.com\/sk\/2017\/07\/11\/skutocne-tazke-chvile-tim-bora-hansgrohe-tour-de-france\/#breadcrumb\"},\"inLanguage\":\"sk-SK\",\"potentialAction\":[{\"@type\":\"ReadAction\",\"target\":[\"https:\/\/www.welovecycling.com\/sk\/2017\/07\/11\/skutocne-tazke-chvile-tim-bora-hansgrohe-tour-de-france\/\"]}]},{\"@type\":\"ImageObject\",\"inLanguage\":\"sk-SK\",\"@id\":\"https:\/\/www.welovecycling.com\/sk\/2017\/07\/11\/skutocne-tazke-chvile-tim-bora-hansgrohe-tour-de-france\/#primaryimage\",\"url\":\"https:\/\/d2p6e6u75xmxt8.cloudfront.net\/4\/2017\/07\/01.webp\",\"contentUrl\":\"https:\/\/d2p6e6u75xmxt8.cloudfront.net\/4\/2017\/07\/01.webp\",\"width\":1375,\"height\":600},{\"@type\":\"BreadcrumbList\",\"@id\":\"https:\/\/www.welovecycling.com\/sk\/2017\/07\/11\/skutocne-tazke-chvile-tim-bora-hansgrohe-tour-de-france\/#breadcrumb\",\"itemListElement\":[{\"@type\":\"ListItem\",\"position\":1,\"name\":\"Home\",\"item\":\"https:\/\/www.welovecycling.com\/sk\/\"},{\"@type\":\"ListItem\",\"position\":2,\"name\":\"Skuto\u010dne \u0165a\u017ek\u00e9 chv\u00edle pre t\u00edm BORA-hansgrohe na Tour de France\"}]},{\"@type\":\"WebSite\",\"@id\":\"https:\/\/www.welovecycling.com\/sk\/#website\",\"url\":\"https:\/\/www.welovecycling.com\/sk\/\",\"name\":\"\u0160koda We Love Cycling Slovensko\",\"description\":\"\u0160koda We Love Cycling Slovensko je v\u00e1\u0161 ka\u017edodenn\u00fd zdroj noviniek a in\u0161pir\u00e1cie z sveta cyklistiky\",\"potentialAction\":[{\"@type\":\"SearchAction\",\"target\":{\"@type\":\"EntryPoint\",\"urlTemplate\":\"https:\/\/www.welovecycling.com\/sk\/?s={search_term_string}\"},\"query-input\":{\"@type\":\"PropertyValueSpecification\",\"valueRequired\":true,\"valueName\":\"search_term_string\"}}],\"inLanguage\":\"sk-SK\"},{\"@type\":\"Person\",\"@id\":\"https:\/\/www.welovecycling.com\/sk\/#\/schema\/person\/8ee09ba39b7e25b1870160aa5b3a89bc\",\"name\":\"Ondrej Ga\u0161par\",\"image\":{\"@type\":\"ImageObject\",\"inLanguage\":\"sk-SK\",\"@id\":\"https:\/\/www.welovecycling.com\/sk\/#\/schema\/person\/image\/\",\"url\":\"https:\/\/secure.gravatar.com\/avatar\/6126c9afb87b70da5abbb083ddbb21933da15f18f8ca7cb822aba0fb096a48f6?s=96&d=mm&r=g\",\"contentUrl\":\"https:\/\/secure.gravatar.com\/avatar\/6126c9afb87b70da5abbb083ddbb21933da15f18f8ca7cb822aba0fb096a48f6?s=96&d=mm&r=g\",\"caption\":\"Ondrej Ga\u0161par\"},\"url\":\"https:\/\/www.welovecycling.com\/sk\/author\/ondrejgaspar\/\"}]}<\/script>\n<!-- \/ Yoast SEO Premium plugin. -->","yoast_head_json":{"title":"Skuto\u010dne \u0165a\u017ek\u00e9 chv\u00edle pre t\u00edm BORA-hansgrohe na Tour de France - \u0160koda We Love Cycling Slovensko","robots":{"index":"index","follow":"follow","max-snippet":"max-snippet:-1","max-image-preview":"max-image-preview:large","max-video-preview":"max-video-preview:-1"},"canonical":"https:\/\/www.welovecycling.com\/sk\/2017\/07\/11\/skutocne-tazke-chvile-tim-bora-hansgrohe-tour-de-france\/","og_locale":"sk_SK","og_type":"article","og_title":"Skuto\u010dne \u0165a\u017ek\u00e9 chv\u00edle pre t\u00edm BORA-hansgrohe na Tour de France","og_description":"Pre t\u00edm BORA-hansgrohe s dvojicou slovensk\u00fdch jazdcov sa tohtoro\u010dn\u00e1 \u201eTour\u201c zmenila po prvotnom ve\u013ekom \u00faspechu sk\u00f4r na no\u010dn\u00fa moru. P\u00f4vodne [&hellip;]","og_url":"https:\/\/www.welovecycling.com\/sk\/2017\/07\/11\/skutocne-tazke-chvile-tim-bora-hansgrohe-tour-de-france\/","og_site_name":"\u0160koda We Love Cycling Slovensko","article_published_time":"2017-07-10T23:15:20+00:00","article_modified_time":"2017-12-18T12:11:24+00:00","og_image":[{"width":1375,"height":600,"url":"https:\/\/d2p6e6u75xmxt8.cloudfront.net\/4\/2017\/07\/01.webp","type":"image\/webp"}],"author":"Ondrej Ga\u0161par","twitter_card":"summary_large_image","twitter_misc":{"Written by":"Martin Imrich","Est. reading time":"3 minutes"},"schema":{"@context":"https:\/\/schema.org","@graph":[{"@type":"WebPage","@id":"https:\/\/www.welovecycling.com\/sk\/2017\/07\/11\/skutocne-tazke-chvile-tim-bora-hansgrohe-tour-de-france\/","url":"https:\/\/www.welovecycling.com\/sk\/2017\/07\/11\/skutocne-tazke-chvile-tim-bora-hansgrohe-tour-de-france\/","name":"Skuto\u010dne \u0165a\u017ek\u00e9 chv\u00edle pre t\u00edm BORA-hansgrohe na Tour de France - \u0160koda We Love Cycling Slovensko","isPartOf":{"@id":"https:\/\/www.welovecycling.com\/sk\/#website"},"primaryImageOfPage":{"@id":"https:\/\/www.welovecycling.com\/sk\/2017\/07\/11\/skutocne-tazke-chvile-tim-bora-hansgrohe-tour-de-france\/#primaryimage"},"image":{"@id":"https:\/\/www.welovecycling.com\/sk\/2017\/07\/11\/skutocne-tazke-chvile-tim-bora-hansgrohe-tour-de-france\/#primaryimage"},"thumbnailUrl":"https:\/\/d2p6e6u75xmxt8.cloudfront.net\/4\/2017\/07\/01.webp","datePublished":"2017-07-10T23:15:20+00:00","dateModified":"2017-12-18T12:11:24+00:00","author":{"@id":"https:\/\/www.welovecycling.com\/sk\/#\/schema\/person\/8ee09ba39b7e25b1870160aa5b3a89bc"},"breadcrumb":{"@id":"https:\/\/www.welovecycling.com\/sk\/2017\/07\/11\/skutocne-tazke-chvile-tim-bora-hansgrohe-tour-de-france\/#breadcrumb"},"inLanguage":"sk-SK","potentialAction":[{"@type":"ReadAction","target":["https:\/\/www.welovecycling.com\/sk\/2017\/07\/11\/skutocne-tazke-chvile-tim-bora-hansgrohe-tour-de-france\/"]}]},{"@type":"ImageObject","inLanguage":"sk-SK","@id":"https:\/\/www.welovecycling.com\/sk\/2017\/07\/11\/skutocne-tazke-chvile-tim-bora-hansgrohe-tour-de-france\/#primaryimage","url":"https:\/\/d2p6e6u75xmxt8.cloudfront.net\/4\/2017\/07\/01.webp","contentUrl":"https:\/\/d2p6e6u75xmxt8.cloudfront.net\/4\/2017\/07\/01.webp","width":1375,"height":600},{"@type":"BreadcrumbList","@id":"https:\/\/www.welovecycling.com\/sk\/2017\/07\/11\/skutocne-tazke-chvile-tim-bora-hansgrohe-tour-de-france\/#breadcrumb","itemListElement":[{"@type":"ListItem","position":1,"name":"Home","item":"https:\/\/www.welovecycling.com\/sk\/"},{"@type":"ListItem","position":2,"name":"Skuto\u010dne \u0165a\u017ek\u00e9 chv\u00edle pre t\u00edm BORA-hansgrohe na Tour de France"}]},{"@type":"WebSite","@id":"https:\/\/www.welovecycling.com\/sk\/#website","url":"https:\/\/www.welovecycling.com\/sk\/","name":"\u0160koda We Love Cycling Slovensko","description":"\u0160koda We Love Cycling Slovensko je v\u00e1\u0161 ka\u017edodenn\u00fd zdroj noviniek a in\u0161pir\u00e1cie z sveta cyklistiky","potentialAction":[{"@type":"SearchAction","target":{"@type":"EntryPoint","urlTemplate":"https:\/\/www.welovecycling.com\/sk\/?s={search_term_string}"},"query-input":{"@type":"PropertyValueSpecification","valueRequired":true,"valueName":"search_term_string"}}],"inLanguage":"sk-SK"},{"@type":"Person","@id":"https:\/\/www.welovecycling.com\/sk\/#\/schema\/person\/8ee09ba39b7e25b1870160aa5b3a89bc","name":"Ondrej Ga\u0161par","image":{"@type":"ImageObject","inLanguage":"sk-SK","@id":"https:\/\/www.welovecycling.com\/sk\/#\/schema\/person\/image\/","url":"https:\/\/secure.gravatar.com\/avatar\/6126c9afb87b70da5abbb083ddbb21933da15f18f8ca7cb822aba0fb096a48f6?s=96&d=mm&r=g","contentUrl":"https:\/\/secure.gravatar.com\/avatar\/6126c9afb87b70da5abbb083ddbb21933da15f18f8ca7cb822aba0fb096a48f6?s=96&d=mm&r=g","caption":"Ondrej Ga\u0161par"},"url":"https:\/\/www.welovecycling.com\/sk\/author\/ondrejgaspar\/"}]}},"_links":{"self":[{"href":"https:\/\/www.welovecycling.com\/sk\/wp-json\/wp\/v2\/posts\/1556","targetHints":{"allow":["GET"]}}],"collection":[{"href":"https:\/\/www.welovecycling.com\/sk\/wp-json\/wp\/v2\/posts"}],"about":[{"href":"https:\/\/www.welovecycling.com\/sk\/wp-json\/wp\/v2\/types\/post"}],"author":[{"embeddable":true,"href":"https:\/\/www.welovecycling.com\/sk\/wp-json\/wp\/v2\/users\/38"}],"replies":[{"embeddable":true,"href":"https:\/\/www.welovecycling.com\/sk\/wp-json\/wp\/v2\/comments?post=1556"}],"version-history":[{"count":2,"href":"https:\/\/www.welovecycling.com\/sk\/wp-json\/wp\/v2\/posts\/1556\/revisions"}],"predecessor-version":[{"id":1589,"href":"https:\/\/www.welovecycling.com\/sk\/wp-json\/wp\/v2\/posts\/1556\/revisions\/1589"}],"wp:featuredmedia":[{"embeddable":true,"href":"https:\/\/www.welovecycling.com\/sk\/wp-json\/wp\/v2\/media\/1557"}],"wp:attachment":[{"href":"https:\/\/www.welovecycling.com\/sk\/wp-json\/wp\/v2\/media?parent=1556"}],"wp:term":[{"taxonomy":"category","embeddable":true,"href":"https:\/\/www.welovecycling.com\/sk\/wp-json\/wp\/v2\/categories?post=1556"},{"taxonomy":"post_tag","embeddable":true,"href":"https:\/\/www.welovecycling.com\/sk\/wp-json\/wp\/v2\/tags?post=1556"},{"taxonomy":"global-categories","embeddable":true,"href":"https:\/\/www.welovecycling.com\/sk\/wp-json\/wp\/v2\/global-categories?post=1556"}],"curies":[{"name":"wp","href":"https:\/\/api.w.org\/{rel}","templated":true}]}}