{"id":15448,"date":"2022-09-19T11:00:08","date_gmt":"2022-09-19T09:00:08","guid":{"rendered":"https:\/\/www.welovecycling.com\/sk\/?p=15448"},"modified":"2022-09-29T12:57:30","modified_gmt":"2022-09-29T10:57:30","slug":"okolo-slovenska-2022-tesny-triumf-josefa-cerneho","status":"publish","type":"post","link":"https:\/\/www.welovecycling.com\/sk\/2022\/09\/19\/okolo-slovenska-2022-tesny-triumf-josefa-cerneho\/","title":{"rendered":"Okolo Slovenska 2022 &#8211; tesn\u00fd triumf Josefa \u010cern\u00e9ho"},"content":{"rendered":"<p><strong>66. ro\u010dn\u00edk n\u00e1\u0161ho najpopul\u00e1rnej\u0161ieho cyklistick\u00e9ho podujatia je za nami a\u00a0d\u00e1 sa poveda\u0165, \u017ee naplnilo o\u010dak\u00e1vania. Quick-Step potvrdil rolu favoritov, no v\u00a0kone\u010dnom d\u00f4sledku to nebolo tak jasn\u00e9, ako sme mohli predpoklada\u0165.<\/strong><!--more--><\/p>\n<p>Do cesty sa im toti\u017e chcelo postavi\u0165 na\u0161e star\u00e9 zn\u00e1me Jumbo-Visma, v\u00a0ktorom bud\u00fa na svoju \u00fa\u010das\u0165 ur\u010dite spom\u00edna\u0165 v\u00a0dobrom. Po\u010fme v\u0161ak po poriadku a\u00a0za\u010dnime 7-kilometrov\u00fdm petr\u017ealsk\u00fdm prol\u00f3gom. Tu n\u00e1m vl\u010dia svorka uk\u00e1zala svoju \u010dasovk\u00e1rsku silu, ke\u010f\u017ee v\u00a0prvej desiatke skon\u010dilo hne\u010f p\u00e4\u0165 ich pretek\u00e1rov <strong>na \u010dele so \u0161print\u00e9rskou \u201en\u00e1hradou\u201c Marka Cavendisha, Ethanom Vernonom<\/strong>.<\/p>\n<p>https:\/\/www.instagram.com\/p\/CidHuSBodu0\/<br \/>\nZ\u00e1rove\u0148 n\u00e1s mohli te\u0161i\u0165 na\u0161e, \u010di skoro na\u0161e \u00faspechy. Medzi najlep\u0161\u00edch desiatich sa toti\u017e zmestili Josef \u010cern\u00fd, Jakub Otruba a Zden\u011bk \u0160tybar z\u00a0\u010ceska. Rovnako aj na\u0161a vych\u00e1dzaj\u00faca cyklistick\u00e1 hviezda a\u00a0v\u00a0s\u00fa\u010dasnosti z\u00e1rove\u0148 jedin\u00fd Slov\u00e1k jazdiaci za World Tour t\u00edm, Martin Svr\u010dek.<\/p>\n<p><a href=\"https:\/\/d2p6e6u75xmxt8.cloudfront.net\/4\/2022\/09\/okolo-Slovenska_00.jpg\"><img loading=\"lazy\" decoding=\"async\" src=\"https:\/\/d2p6e6u75xmxt8.cloudfront.net\/4\/2022\/09\/okolo-Slovenska_00.jpg\" alt=\"\" width=\"990\" height=\"660\" class=\"alignnone size-full wp-image-15459\" \/><\/a><\/p>\n<div class=\"shortcode-ys-post-pinup\"><article class=\"loop-simple post-12951 post type-post status-publish format-standard has-post-thumbnail hentry category-cestna-cyklisitika tag-astana tag-bora-hansgrohe tag-cestna-cyklistika tag-chris-froome tag-deceuninck-quick-step tag-dukla-banska-bystrica tag-etapove-preteky tag-okolo-slovenska tag-peter-sagan tag-preteky tag-profesional tag-reportaz tag-sezona-2021 tag-skoda tag-skoda-auto tag-skoda-tim tag-skoda-zeleny-dres tag-slovensko global-categories-cycling\" data-postid=\"12951\" role=\"article\" data-post-id=\"12951\" data-word-count=\"600\" data-headline-length=\"32\" data-category=\"Cestn\u00e1 cyklistika\" data-global-category=\"Cycling\" data-author=\"WeLoveCycling\" data-published=\"2021-09-21T12:00:17+02:00\" data-published-day=\"Tuesday\">\n    <div class=\"entry-thumbnail article-thumbnail\" content=\"https:\/\/d2p6e6u75xmxt8.cloudfront.net\/4\/2021\/09\/Report_Okolo-Slovenska_00-150x150.webp\"><a href=\"https:\/\/www.welovecycling.com\/sk\/2021\/09\/21\/reportaz-okolo-slovenska-2021\/\" class=\"image-holder\" target=\"_self\"><img decoding=\"async\" loading=\"lazy\" class=\"\" src=\"https:\/\/d2p6e6u75xmxt8.cloudfront.net\/4\/2021\/09\/Report_Okolo-Slovenska_00-1024x445.webp\" srcset=\"https:\/\/d2p6e6u75xmxt8.cloudfront.net\/4\/2021\/09\/Report_Okolo-Slovenska_00.webp 1380w, https:\/\/d2p6e6u75xmxt8.cloudfront.net\/4\/2021\/09\/Report_Okolo-Slovenska_00-300x130.webp 300w, https:\/\/d2p6e6u75xmxt8.cloudfront.net\/4\/2021\/09\/Report_Okolo-Slovenska_00-1024x445.webp 1024w, https:\/\/d2p6e6u75xmxt8.cloudfront.net\/4\/2021\/09\/Report_Okolo-Slovenska_00-768x334.webp 768w\" width=\"1024\" height=\"445\" sizes=\"auto, (min-width: 1200px) 460px, (min-width: 768px) 38vw, 100vw\" alt=\"reportaz-okolo-slovenska-2021\"\/><\/a><\/div>    <div class=\"entry-meta\">\n        <a class=\"label label-secondary post-category\" href=\"https:\/\/www.welovecycling.com\/sk\/category\/cestna-cyklisitika\/\" title=\"Cestn\u00e1 cyklistika\">Cestn\u00e1 cyklistika<\/a>\n    <\/div>\n    <div class=\"entry-details\">\n        <a href=\"https:\/\/www.welovecycling.com\/sk\/2021\/09\/21\/reportaz-okolo-slovenska-2021\/\" class='entry-title-wrapper'>\n            <h3 class=\"entry-title\"><span>Report\u00e1\u017e: Okolo Slovenska 2021<\/span><\/h3>\n        <\/a>\n    <\/div>\n    <\/article>\n<\/div>\n<h2><strong>\u0160anca pre \u010distokrvn\u00fdch \u0161print\u00e9rov<\/strong><\/h2>\n<p>Prv\u00e1 etapa ved\u00faca zo \u0160amor\u00edna do Trnavy s\u013eubovala \u0161print\u00e9rsky dojazd, koniec koncov, na Podunajskej \u201eplacke\u201c sa pretek\u00e1rom do cesty postavilo jedin\u00e9 kategorizovan\u00e9 st\u00fapanie na \u010cerven\u00fd Kame\u0148. Na \u0148om bodoval Slov\u00e1k Mat\u00fa\u0161 \u0160to\u010dek, ktor\u00fd si svojou aktivitou v\u00a0\u00faniku vysl\u00fa\u017eil ako bodkovan\u00fd dres, tak aj \u010derven\u00e9 \u010d\u00edsla najbojovnej\u0161ieho pretek\u00e1ra d\u0148a. \u00danik ako tak\u00fd v\u0161ak \u00faspe\u0161n\u00fd nebol, ke\u010f\u017ee aj v\u010faka pr\u00e1ci Svr\u010deka bol p\u00e1r kilometrov pred cie\u013eom dostihnut\u00fd a\u00a0v\u00a0\u0161printe v\u00a0miernom klesan\u00ed sa druh\u00fdkr\u00e1t presadil Ethan Vernon, ktor\u00fd tesne pre\u0161printoval Gleba Syritsu. <strong>Odmenou Martinovi Svr\u010dekovi bol dres najlep\u0161ieho Slov\u00e1ka.<\/strong><\/p>\n<p>https:\/\/www.instagram.com\/p\/CifyHfNsn0u\/<\/p>\n<h2><strong>Prv\u00e9 kopce a\u00a0\u0165a\u017ek\u00fd fini\u0161<\/strong><\/h2>\n<p>Druh\u00e1 etapa z\u00a0Hlohovca do Banskej \u0160tiavnice mala by\u0165 prv\u00fdm predstaven\u00edm vrch\u00e1rov. T\u00edm Mat\u00fa\u0161a \u0160to\u010dka, ATT Investments, cel\u00fd de\u0148 po\u0161ku\u013eoval po bodkovanom drese, ke\u010f\u017ee si svoje postavenie najprv upevnil s\u00e1m Mat\u00fa\u0161 a\u00a0nesk\u00f4r body zbieral jeho kolega, Mika Heming. <strong>Napokon im vrch\u00e1rsky dres \u201evyf\u00fakol\u201c Lorenzo Fortunato<\/strong>, zn\u00e1my najm\u00e4 svojou v\u00fdhrou na Zoncolane.<\/p>\n<p>https:\/\/www.instagram.com\/p\/Cijr1aXqceT\/<br \/>\n\u00danik na\u0161iel svoj koniec u\u017e v\u00a0n\u00e1ro\u010dnom st\u00fapan\u00ed na \u010cerven\u00fa Stud\u0148u, kde sa potrhal aj pelot\u00f3n a\u00a0do \u0160tiavnice sa bl\u00ed\u017eila prerieden\u00e1 skupina. Pr\u00e1ve ostr\u00e9 uli\u010dky a\u00a0ma\u010dacie hlavy jedn\u00e9ho z\u00a0najkraj\u0161\u00edch slovensk\u00fdch miest vytvorili pr\u00edle\u017eitos\u0165 \u201eutrhn\u00fa\u0165\u201c s\u00faperov z\u00a0h\u00e1ku a\u00a0do cie\u013ea mierila mal\u00e1 skupinka. Z\u00a0nich mal najviac s\u00edl len 20-ro\u010dn\u00fd \u201ebenjam\u00edn\u201c t\u00edmu Jumbo-Visma, Archie Ryan. K\u00a0v\u00ed\u0165azstvu z\u00edskal aj biely dres, ktor\u00fd sa mu napokon podarilo udr\u017ea\u0165 a\u017e do Ko\u0161\u00edc. Do \u017elt\u00e9ho sa zas dostal Josef \u010cern\u00fd, ktor\u00fd obsadil v\u00a0etape jeden\u00e1stu prie\u010dku.<\/p>\n<p>https:\/\/www.instagram.com\/p\/CiiNvWSrdWC\/<\/p>\n<h2><strong>Kr\u00e1\u013eovsk\u00e1 etapa<\/strong><\/h2>\n<p>210 kilometrov a\u00a0sedem vrch\u00e1rskych pr\u00e9mi\u00ed \u2013 u\u017e len pod\u013ea tohto sa dalo o\u010dak\u00e1va\u0165 ve\u013ek\u00e9 divadlo, najm\u00e4 vo vrch\u00e1rskej s\u00fa\u0165a\u017ei. Tu bol akt\u00edvny najm\u00e4 Fortunato, \u010d\u00edm si pois\u0165oval vrch\u00e1rsky dres a\u017e do takej miery, \u017ee po Grajn\u00e1ri mu u\u017e iba sta\u010dilo pr\u00eds\u0165 do cie\u013ea v\u00a0Ko\u0161iciach a\u00a0dres bol jeho. <strong>V\u00a0\u00faniku bol dlho vidie\u0165 aj n\u00e1\u0161 Luk\u00e1\u0161 Kubi\u0161, pre ktor\u00e9ho bola etapa ur\u010dite \u0161peci\u00e1lna<\/strong>, nako\u013eko viedla cez jeho rodn\u00fa Detviansku Hutu. Ani tentokr\u00e1t v\u0161ak \u00faniku nebola dopriata rados\u0165, ke\u010f\u017ee Grajn\u00e1rom pre\u0161iel pelot\u00f3n u\u017e pokope a\u00a0napriek nieko\u013ek\u00fdm n\u00e1stupom na z\u00e1vere\u010dnom okruhu sa o\u010dak\u00e1val \u0161print\u00e9rsky dojazd.<\/p>\n<p>https:\/\/www.instagram.com\/p\/CikwdWJAHh8\/<br \/>\nK\u013e\u00fa\u010dov\u00e1 bola poz\u00edcia do poslednej ostrej z\u00e1kruty, do ktorej ako prv\u00fd vletel v\u00ed\u0165az vrch\u00e1rskeho dresu tohoro\u010dn\u00e9ho Giro d\u2019Italia, Koen Bouwman. Ten\u00a0svoju poz\u00edciu dok\u00e1zal pretavi\u0165 do v\u00ed\u0165azstva. <strong>D\u00e1 sa poveda\u0165, \u017ee prekvapivo, ke\u010f\u017ee je \u0161pecialista na in\u00fd typ dojazdov.<\/strong> Z\u00e1rove\u0148 sa dotiahol na Josefa \u010cern\u00e9ho v\u00a0celkovom porad\u00ed na odstup troch sek\u00fand, tak\u017ee pred ko\u0161ick\u00fdm fini\u0161om bolo v\u00a0celkovom porad\u00ed v\u0161etko otvoren\u00e9.<\/p>\n<p>https:\/\/www.instagram.com\/p\/Cikw6JIrI9o\/<\/p>\n<h2><strong>Ko\u0161ick\u00e9 fin\u00e1le<\/strong><\/h2>\n<p>Vl\u010dia svorka v\u0161ak ni\u010d nenechala na n\u00e1hodu a\u00a0u\u017e v\u00a0prvej \u0161print\u00e9rskej pr\u00e9mii o\u00a0bonifika\u010dn\u00e9 sekundy Michael M\u00f8rk\u00f8v rozbehol Josefa \u010cern\u00e9ho, ktor\u00fd tak op\u00e4\u0165 z\u00edskal nejak\u00fd \u010das naviac a\u00a0vidina \u017elt\u00e9ho dresu bola \u010doraz jasnej\u0161ia. <strong>\u010co si v\u0161ak Quick-Step nepostr\u00e1\u017eil, bola s\u00fa\u0165a\u017e o\u00a0zelen\u00fd dres.<\/strong> Nako\u013eko vzdali \u201es\u0165ahovanie\u201c \u00faniku, pri\u010dom sa z\u00a0v\u00ed\u0165azstva prekvapivo radoval Jasper Haest, ktor\u00fd do cie\u013ea pri\u0161iel vo dvojici so svoj\u00edm t\u00edmov\u00fdm kolegom, Petrom Schultingom.<\/p>\n<p>https:\/\/www.instagram.com\/p\/CinUJmxK0jq\/<br \/>\nHaestovi sa podarilo vybojova\u0165 zelen\u00fd dres, jednak v\u010faka tomuto v\u00ed\u0165azstvu a\u00a0jednak v\u010faka \u010dastej \u00fa\u010dasti v\u00a0\u00faniku. Hoci mal rovnak\u00fd po\u010det bodov ako Vernon, zav\u00e1\u017eilo postavenie v\u00a0celkovom porad\u00ed, kde mal holandsk\u00fd cyklista navrch. \u00dasmevn\u00e9 je, \u017ee ak by prenechal Michael M\u00f8rk\u00f8v svoju tretiu poz\u00edciu pr\u00e1ve \u0161tvrt\u00e9mu Vernonovi, zelen\u00fd dres by majite\u013ea nemenil. <strong>V\u00a0celkovom porad\u00ed sa ni\u010d nezmenilo, a\u00a0tak si Quick-Step u\u017eil \u010fal\u0161ie v\u00ed\u0165azstvo.<\/strong><\/p>\n<p>https:\/\/www.instagram.com\/p\/CincksqoXGe\/<br \/>\nPre 29-ro\u010dn\u00e9ho \u010cern\u00e9ho je to \u010fal\u0161\u00ed z\u00a0pekn\u00fdch kari\u00e9rnych v\u00fdsledkov, medzi ktor\u00e9 m\u00f4\u017eeme zar\u00e1ta\u0165 tri tituly majstra \u010cR v\u00a0\u010dasovke, \u010di etapu na Giro d\u2019Italia. Quick-Step ako tak\u00fd m\u00f4\u017ee by\u0165 rovnako spokojn\u00fd. Koniec koncov, za posledn\u00e9 \u0161tyri ro\u010dn\u00edky je to u\u017e ich \u0161tvrt\u00e9 v\u00ed\u0165azstvo v\u00a0celkovom porad\u00ed. Zelen\u00fd dres si v\u0161ak napokon odniesol Jasper Heast. Bodkovan\u00fd zas Lorenzo Fortunato a\u00a0biely Archie Ryan. <strong>66. ro\u010dn\u00edk bol pln\u00fd prekvapen\u00ed, par\u00e1dnych kopcov a\u00a0hoci bolo pomenej \u201el\u00e1kadiel\u201c typu Pe\u0165o Sagan, \u010di Chris Froome, bolo sa na \u010do pozera\u0165.<\/strong> A\u00a0\u010do n\u00e1m prinesie 67. ro\u010dn\u00edk?<\/p>\n","protected":false},"excerpt":{"rendered":"<p>66. ro\u010dn\u00edk n\u00e1\u0161ho najpopul\u00e1rnej\u0161ieho cyklistick\u00e9ho podujatia je za nami a\u00a0d\u00e1 sa poveda\u0165, \u017ee naplnilo o\u010dak\u00e1vania. Quick-Step potvrdil rolu favoritov, no [&hellip;]<\/p>\n","protected":false},"author":170,"featured_media":15466,"comment_status":"open","ping_status":"open","sticky":false,"template":"","format":"standard","meta":{"footnotes":""},"categories":[4],"tags":[175,115,898,331,1545,1481,1544,136,1398,97,176,179,885,1411,523,1092,106],"global-categories":[1074],"class_list":["post-15448","post","type-post","status-publish","format-standard","has-post-thumbnail","hentry","category-cestna-cyklisitika","tag-bodkovany-dres","tag-cestna-cyklistika","tag-deceuninck-quick-step","tag-etapove-preteky","tag-ethan-vernon","tag-jazda-na-bicykli","tag-josef-cerny","tag-mark-cavendish","tag-martin-svrcek","tag-okolo-slovenska","tag-peloton","tag-preteky","tag-profesional","tag-sezona-2022","tag-slovensko","tag-team-jumbo-visma","tag-uci-worldtour","global-categories-cycling"],"yoast_head":"<!-- This site is optimized with the Yoast SEO Premium plugin v25.3 (Yoast SEO v25.9) - https:\/\/yoast.com\/wordpress\/plugins\/seo\/ -->\n<title>Okolo Slovenska 2022 - tesn\u00fd triumf Josefa \u010cern\u00e9ho - \u0160koda We Love Cycling Slovensko<\/title>\n<meta name=\"description\" content=\"66. ro\u010dn\u00edk n\u00e1\u0161ho najpopul\u00e1rnej\u0161ieho cyklistick\u00e9ho podujatia - Okolo Slovenska je za nami a\u00a0d\u00e1 sa poveda\u0165, \u017ee naplnilo o\u010dak\u00e1vania.\" \/>\n<meta name=\"robots\" content=\"index, follow, max-snippet:-1, max-image-preview:large, max-video-preview:-1\" \/>\n<link rel=\"canonical\" href=\"https:\/\/www.welovecycling.com\/sk\/2022\/09\/19\/okolo-slovenska-2022-tesny-triumf-josefa-cerneho\/\" \/>\n<meta property=\"og:locale\" content=\"sk_SK\" \/>\n<meta property=\"og:type\" content=\"article\" \/>\n<meta property=\"og:title\" content=\"Okolo Slovenska 2022 - tesn\u00fd triumf Josefa \u010cern\u00e9ho\" \/>\n<meta property=\"og:description\" content=\"66. ro\u010dn\u00edk n\u00e1\u0161ho najpopul\u00e1rnej\u0161ieho cyklistick\u00e9ho podujatia - Okolo Slovenska je za nami a\u00a0d\u00e1 sa poveda\u0165, \u017ee naplnilo o\u010dak\u00e1vania.\" \/>\n<meta property=\"og:url\" content=\"https:\/\/www.welovecycling.com\/sk\/2022\/09\/19\/okolo-slovenska-2022-tesny-triumf-josefa-cerneho\/\" \/>\n<meta property=\"og:site_name\" content=\"\u0160koda We Love Cycling Slovensko\" \/>\n<meta property=\"article:published_time\" content=\"2022-09-19T09:00:08+00:00\" \/>\n<meta property=\"article:modified_time\" content=\"2022-09-29T10:57:30+00:00\" \/>\n<meta property=\"og:image\" content=\"https:\/\/d2p6e6u75xmxt8.cloudfront.net\/4\/2022\/09\/okolo-Slovenska_00-1.webp\" \/>\n\t<meta property=\"og:image:width\" content=\"990\" \/>\n\t<meta property=\"og:image:height\" content=\"660\" \/>\n\t<meta property=\"og:image:type\" content=\"image\/webp\" \/>\n<meta name=\"author\" content=\"miksakova\" \/>\n<meta name=\"twitter:card\" content=\"summary_large_image\" \/>\n<meta name=\"twitter:label1\" content=\"Written by\" \/>\n\t<meta name=\"twitter:data1\" content=\"WeLoveCycling\" \/>\n\t<meta name=\"twitter:label2\" content=\"Est. reading time\" \/>\n\t<meta name=\"twitter:data2\" content=\"4\" \/>\n<script type=\"application\/ld+json\" class=\"yoast-schema-graph\">{\"@context\":\"https:\/\/schema.org\",\"@graph\":[{\"@type\":\"WebPage\",\"@id\":\"https:\/\/www.welovecycling.com\/sk\/2022\/09\/19\/okolo-slovenska-2022-tesny-triumf-josefa-cerneho\/\",\"url\":\"https:\/\/www.welovecycling.com\/sk\/2022\/09\/19\/okolo-slovenska-2022-tesny-triumf-josefa-cerneho\/\",\"name\":\"Okolo Slovenska 2022 - tesn\u00fd triumf Josefa \u010cern\u00e9ho - \u0160koda We Love Cycling Slovensko\",\"isPartOf\":{\"@id\":\"https:\/\/www.welovecycling.com\/sk\/#website\"},\"primaryImageOfPage\":{\"@id\":\"https:\/\/www.welovecycling.com\/sk\/2022\/09\/19\/okolo-slovenska-2022-tesny-triumf-josefa-cerneho\/#primaryimage\"},\"image\":{\"@id\":\"https:\/\/www.welovecycling.com\/sk\/2022\/09\/19\/okolo-slovenska-2022-tesny-triumf-josefa-cerneho\/#primaryimage\"},\"thumbnailUrl\":\"https:\/\/d2p6e6u75xmxt8.cloudfront.net\/4\/2022\/09\/okolo-Slovenska_00-1.webp\",\"datePublished\":\"2022-09-19T09:00:08+00:00\",\"dateModified\":\"2022-09-29T10:57:30+00:00\",\"author\":{\"@id\":\"https:\/\/www.welovecycling.com\/sk\/#\/schema\/person\/c6ce5af9dceed219d84a07d2ffa2cad9\"},\"description\":\"66. ro\u010dn\u00edk n\u00e1\u0161ho najpopul\u00e1rnej\u0161ieho cyklistick\u00e9ho podujatia - Okolo Slovenska je za nami a\u00a0d\u00e1 sa poveda\u0165, \u017ee naplnilo o\u010dak\u00e1vania.\",\"breadcrumb\":{\"@id\":\"https:\/\/www.welovecycling.com\/sk\/2022\/09\/19\/okolo-slovenska-2022-tesny-triumf-josefa-cerneho\/#breadcrumb\"},\"inLanguage\":\"sk-SK\",\"potentialAction\":[{\"@type\":\"ReadAction\",\"target\":[\"https:\/\/www.welovecycling.com\/sk\/2022\/09\/19\/okolo-slovenska-2022-tesny-triumf-josefa-cerneho\/\"]}]},{\"@type\":\"ImageObject\",\"inLanguage\":\"sk-SK\",\"@id\":\"https:\/\/www.welovecycling.com\/sk\/2022\/09\/19\/okolo-slovenska-2022-tesny-triumf-josefa-cerneho\/#primaryimage\",\"url\":\"https:\/\/d2p6e6u75xmxt8.cloudfront.net\/4\/2022\/09\/okolo-Slovenska_00-1.webp\",\"contentUrl\":\"https:\/\/d2p6e6u75xmxt8.cloudfront.net\/4\/2022\/09\/okolo-Slovenska_00-1.webp\",\"width\":990,\"height\":660},{\"@type\":\"BreadcrumbList\",\"@id\":\"https:\/\/www.welovecycling.com\/sk\/2022\/09\/19\/okolo-slovenska-2022-tesny-triumf-josefa-cerneho\/#breadcrumb\",\"itemListElement\":[{\"@type\":\"ListItem\",\"position\":1,\"name\":\"Home\",\"item\":\"https:\/\/www.welovecycling.com\/sk\/\"},{\"@type\":\"ListItem\",\"position\":2,\"name\":\"Okolo Slovenska 2022 &#8211; tesn\u00fd triumf Josefa \u010cern\u00e9ho\"}]},{\"@type\":\"WebSite\",\"@id\":\"https:\/\/www.welovecycling.com\/sk\/#website\",\"url\":\"https:\/\/www.welovecycling.com\/sk\/\",\"name\":\"\u0160koda We Love Cycling Slovensko\",\"description\":\"\u0160koda We Love Cycling Slovensko je v\u00e1\u0161 ka\u017edodenn\u00fd zdroj noviniek a in\u0161pir\u00e1cie z sveta cyklistiky\",\"potentialAction\":[{\"@type\":\"SearchAction\",\"target\":{\"@type\":\"EntryPoint\",\"urlTemplate\":\"https:\/\/www.welovecycling.com\/sk\/?s={search_term_string}\"},\"query-input\":{\"@type\":\"PropertyValueSpecification\",\"valueRequired\":true,\"valueName\":\"search_term_string\"}}],\"inLanguage\":\"sk-SK\"},{\"@type\":\"Person\",\"@id\":\"https:\/\/www.welovecycling.com\/sk\/#\/schema\/person\/c6ce5af9dceed219d84a07d2ffa2cad9\",\"name\":\"miksakova\",\"image\":{\"@type\":\"ImageObject\",\"inLanguage\":\"sk-SK\",\"@id\":\"https:\/\/www.welovecycling.com\/sk\/#\/schema\/person\/image\/\",\"url\":\"https:\/\/secure.gravatar.com\/avatar\/3663fb8acb50de04150ea6f7afc1bc15aba80aad4bf92aee01bd38a79084eb7a?s=96&d=mm&r=g\",\"contentUrl\":\"https:\/\/secure.gravatar.com\/avatar\/3663fb8acb50de04150ea6f7afc1bc15aba80aad4bf92aee01bd38a79084eb7a?s=96&d=mm&r=g\",\"caption\":\"miksakova\"},\"url\":\"https:\/\/www.welovecycling.com\/sk\/author\/miksakova\/\"}]}<\/script>\n<!-- \/ Yoast SEO Premium plugin. -->","yoast_head_json":{"title":"Okolo Slovenska 2022 - tesn\u00fd triumf Josefa \u010cern\u00e9ho - \u0160koda We Love Cycling Slovensko","description":"66. ro\u010dn\u00edk n\u00e1\u0161ho najpopul\u00e1rnej\u0161ieho cyklistick\u00e9ho podujatia - Okolo Slovenska je za nami a\u00a0d\u00e1 sa poveda\u0165, \u017ee naplnilo o\u010dak\u00e1vania.","robots":{"index":"index","follow":"follow","max-snippet":"max-snippet:-1","max-image-preview":"max-image-preview:large","max-video-preview":"max-video-preview:-1"},"canonical":"https:\/\/www.welovecycling.com\/sk\/2022\/09\/19\/okolo-slovenska-2022-tesny-triumf-josefa-cerneho\/","og_locale":"sk_SK","og_type":"article","og_title":"Okolo Slovenska 2022 - tesn\u00fd triumf Josefa \u010cern\u00e9ho","og_description":"66. ro\u010dn\u00edk n\u00e1\u0161ho najpopul\u00e1rnej\u0161ieho cyklistick\u00e9ho podujatia - Okolo Slovenska je za nami a\u00a0d\u00e1 sa poveda\u0165, \u017ee naplnilo o\u010dak\u00e1vania.","og_url":"https:\/\/www.welovecycling.com\/sk\/2022\/09\/19\/okolo-slovenska-2022-tesny-triumf-josefa-cerneho\/","og_site_name":"\u0160koda We Love Cycling Slovensko","article_published_time":"2022-09-19T09:00:08+00:00","article_modified_time":"2022-09-29T10:57:30+00:00","og_image":[{"width":990,"height":660,"url":"https:\/\/d2p6e6u75xmxt8.cloudfront.net\/4\/2022\/09\/okolo-Slovenska_00-1.webp","type":"image\/webp"}],"author":"miksakova","twitter_card":"summary_large_image","twitter_misc":{"Written by":"WeLoveCycling","Est. reading time":"4"},"schema":{"@context":"https:\/\/schema.org","@graph":[{"@type":"WebPage","@id":"https:\/\/www.welovecycling.com\/sk\/2022\/09\/19\/okolo-slovenska-2022-tesny-triumf-josefa-cerneho\/","url":"https:\/\/www.welovecycling.com\/sk\/2022\/09\/19\/okolo-slovenska-2022-tesny-triumf-josefa-cerneho\/","name":"Okolo Slovenska 2022 - tesn\u00fd triumf Josefa \u010cern\u00e9ho - \u0160koda We Love Cycling Slovensko","isPartOf":{"@id":"https:\/\/www.welovecycling.com\/sk\/#website"},"primaryImageOfPage":{"@id":"https:\/\/www.welovecycling.com\/sk\/2022\/09\/19\/okolo-slovenska-2022-tesny-triumf-josefa-cerneho\/#primaryimage"},"image":{"@id":"https:\/\/www.welovecycling.com\/sk\/2022\/09\/19\/okolo-slovenska-2022-tesny-triumf-josefa-cerneho\/#primaryimage"},"thumbnailUrl":"https:\/\/d2p6e6u75xmxt8.cloudfront.net\/4\/2022\/09\/okolo-Slovenska_00-1.webp","datePublished":"2022-09-19T09:00:08+00:00","dateModified":"2022-09-29T10:57:30+00:00","author":{"@id":"https:\/\/www.welovecycling.com\/sk\/#\/schema\/person\/c6ce5af9dceed219d84a07d2ffa2cad9"},"description":"66. ro\u010dn\u00edk n\u00e1\u0161ho najpopul\u00e1rnej\u0161ieho cyklistick\u00e9ho podujatia - Okolo Slovenska je za nami a\u00a0d\u00e1 sa poveda\u0165, \u017ee naplnilo o\u010dak\u00e1vania.","breadcrumb":{"@id":"https:\/\/www.welovecycling.com\/sk\/2022\/09\/19\/okolo-slovenska-2022-tesny-triumf-josefa-cerneho\/#breadcrumb"},"inLanguage":"sk-SK","potentialAction":[{"@type":"ReadAction","target":["https:\/\/www.welovecycling.com\/sk\/2022\/09\/19\/okolo-slovenska-2022-tesny-triumf-josefa-cerneho\/"]}]},{"@type":"ImageObject","inLanguage":"sk-SK","@id":"https:\/\/www.welovecycling.com\/sk\/2022\/09\/19\/okolo-slovenska-2022-tesny-triumf-josefa-cerneho\/#primaryimage","url":"https:\/\/d2p6e6u75xmxt8.cloudfront.net\/4\/2022\/09\/okolo-Slovenska_00-1.webp","contentUrl":"https:\/\/d2p6e6u75xmxt8.cloudfront.net\/4\/2022\/09\/okolo-Slovenska_00-1.webp","width":990,"height":660},{"@type":"BreadcrumbList","@id":"https:\/\/www.welovecycling.com\/sk\/2022\/09\/19\/okolo-slovenska-2022-tesny-triumf-josefa-cerneho\/#breadcrumb","itemListElement":[{"@type":"ListItem","position":1,"name":"Home","item":"https:\/\/www.welovecycling.com\/sk\/"},{"@type":"ListItem","position":2,"name":"Okolo Slovenska 2022 &#8211; tesn\u00fd triumf Josefa \u010cern\u00e9ho"}]},{"@type":"WebSite","@id":"https:\/\/www.welovecycling.com\/sk\/#website","url":"https:\/\/www.welovecycling.com\/sk\/","name":"\u0160koda We Love Cycling Slovensko","description":"\u0160koda We Love Cycling Slovensko je v\u00e1\u0161 ka\u017edodenn\u00fd zdroj noviniek a in\u0161pir\u00e1cie z sveta cyklistiky","potentialAction":[{"@type":"SearchAction","target":{"@type":"EntryPoint","urlTemplate":"https:\/\/www.welovecycling.com\/sk\/?s={search_term_string}"},"query-input":{"@type":"PropertyValueSpecification","valueRequired":true,"valueName":"search_term_string"}}],"inLanguage":"sk-SK"},{"@type":"Person","@id":"https:\/\/www.welovecycling.com\/sk\/#\/schema\/person\/c6ce5af9dceed219d84a07d2ffa2cad9","name":"miksakova","image":{"@type":"ImageObject","inLanguage":"sk-SK","@id":"https:\/\/www.welovecycling.com\/sk\/#\/schema\/person\/image\/","url":"https:\/\/secure.gravatar.com\/avatar\/3663fb8acb50de04150ea6f7afc1bc15aba80aad4bf92aee01bd38a79084eb7a?s=96&d=mm&r=g","contentUrl":"https:\/\/secure.gravatar.com\/avatar\/3663fb8acb50de04150ea6f7afc1bc15aba80aad4bf92aee01bd38a79084eb7a?s=96&d=mm&r=g","caption":"miksakova"},"url":"https:\/\/www.welovecycling.com\/sk\/author\/miksakova\/"}]}},"_links":{"self":[{"href":"https:\/\/www.welovecycling.com\/sk\/wp-json\/wp\/v2\/posts\/15448","targetHints":{"allow":["GET"]}}],"collection":[{"href":"https:\/\/www.welovecycling.com\/sk\/wp-json\/wp\/v2\/posts"}],"about":[{"href":"https:\/\/www.welovecycling.com\/sk\/wp-json\/wp\/v2\/types\/post"}],"author":[{"embeddable":true,"href":"https:\/\/www.welovecycling.com\/sk\/wp-json\/wp\/v2\/users\/170"}],"replies":[{"embeddable":true,"href":"https:\/\/www.welovecycling.com\/sk\/wp-json\/wp\/v2\/comments?post=15448"}],"version-history":[{"count":2,"href":"https:\/\/www.welovecycling.com\/sk\/wp-json\/wp\/v2\/posts\/15448\/revisions"}],"predecessor-version":[{"id":15464,"href":"https:\/\/www.welovecycling.com\/sk\/wp-json\/wp\/v2\/posts\/15448\/revisions\/15464"}],"wp:featuredmedia":[{"embeddable":true,"href":"https:\/\/www.welovecycling.com\/sk\/wp-json\/wp\/v2\/media\/15466"}],"wp:attachment":[{"href":"https:\/\/www.welovecycling.com\/sk\/wp-json\/wp\/v2\/media?parent=15448"}],"wp:term":[{"taxonomy":"category","embeddable":true,"href":"https:\/\/www.welovecycling.com\/sk\/wp-json\/wp\/v2\/categories?post=15448"},{"taxonomy":"post_tag","embeddable":true,"href":"https:\/\/www.welovecycling.com\/sk\/wp-json\/wp\/v2\/tags?post=15448"},{"taxonomy":"global-categories","embeddable":true,"href":"https:\/\/www.welovecycling.com\/sk\/wp-json\/wp\/v2\/global-categories?post=15448"}],"curies":[{"name":"wp","href":"https:\/\/api.w.org\/{rel}","templated":true}]}}