{"id":15418,"date":"2022-09-15T10:00:32","date_gmt":"2022-09-15T08:00:32","guid":{"rendered":"https:\/\/www.welovecycling.com\/sk\/?p=15418"},"modified":"2023-04-13T12:27:03","modified_gmt":"2023-04-13T10:27:03","slug":"vuelta-a-espana-2022-prvy-zarez-vlcej-svorky-v-gc","status":"publish","type":"post","link":"https:\/\/www.welovecycling.com\/sk\/2022\/09\/15\/vuelta-a-espana-2022-prvy-zarez-vlcej-svorky-v-gc\/","title":{"rendered":"Vuelta a Espa\u00f1a 2022 &#8211; prv\u00fd z\u00e1rez vl\u010dej svorky v GC"},"content":{"rendered":"<p><strong>Po Giro d\u2019Italia a Tour de France n\u00e1s toho roku \u010dakala posledn\u00e1 Grand Tour. Tentokr\u00e1t v\u0161ak prof\u00edci br\u00e1zdili \u0161panielske cesty a bojovali o \u010derven\u00fd dres.<\/strong><!--more--><\/p>\n<p>V\u0161etky o\u010di sa upierali najm\u00e4 na dve men\u00e1 \u2013 Remco Evenepoel a Primo\u017e Rogli\u010d. Na jednej strane drav\u00e1 mlad\u00e1 krv, na strane druhej ostrie\u013ean\u00fd trojn\u00e1sobn\u00fd v\u00ed\u0165az \u0161panielskej Grand Tour. <strong>Quick-Step sme doteraz v\u0161etci poznali najm\u00e4 ako klasik\u00e1rsky, \u010di \u0161print\u00e9rsky t\u00edm, a teda bitka o \u201emaillot rojo\u201c s\u013eubovala zauj\u00edmav\u00e9 divadlo<\/strong>.<\/p>\n<div class=\"shortcode-ys-post-pinup\"><article class=\"loop-simple post-14978 post type-post status-publish format-standard has-post-thumbnail hentry category-grand-tour category-tour-de-france tag-bodkovany-dres tag-chris-froome tag-etapove-preteky tag-francuzsko tag-jonas-vingegaard tag-peter-sagan tag-preteky tag-profesional tag-sezona-2022 tag-tadej-pogacar tag-taktika-timu tag-team-jumbo-visma tag-thomas-pidcock tag-tim tag-tour-de-france tag-tour-de-france-2022 tag-zeleny-dres tag-zlty-dres global-categories-cycling\" data-postid=\"14978\" role=\"article\" data-post-id=\"14978\" data-word-count=\"329\" data-headline-length=\"50\" data-category=\"Profesion\u00e1li\" data-global-category=\"Cycling\" data-author=\"WeLoveCycling\" data-published=\"2022-07-25T11:00:54+02:00\" data-published-day=\"Monday\">\n    <div class=\"entry-thumbnail article-thumbnail\" content=\"https:\/\/d2p6e6u75xmxt8.cloudfront.net\/4\/2022\/07\/20210626TDF0012-A.S.O._Charly_Lopez-150x150.webp\"><a href=\"https:\/\/www.welovecycling.com\/sk\/2022\/07\/25\/tour-de-france-2022-zlty-sen-jumbo-visma\/\" class=\"image-holder\" target=\"_self\"><img decoding=\"async\" loading=\"lazy\" class=\"\" src=\"https:\/\/d2p6e6u75xmxt8.cloudfront.net\/4\/2022\/07\/20210626TDF0012-A.S.O._Charly_Lopez.webp\" srcset=\"https:\/\/d2p6e6u75xmxt8.cloudfront.net\/4\/2022\/07\/20210626TDF0012-A.S.O._Charly_Lopez.webp 990w, https:\/\/d2p6e6u75xmxt8.cloudfront.net\/4\/2022\/07\/20210626TDF0012-A.S.O._Charly_Lopez-300x200.webp 300w, https:\/\/d2p6e6u75xmxt8.cloudfront.net\/4\/2022\/07\/20210626TDF0012-A.S.O._Charly_Lopez-768x512.webp 768w, https:\/\/d2p6e6u75xmxt8.cloudfront.net\/4\/2022\/07\/20210626TDF0012-A.S.O._Charly_Lopez-272x182.webp 272w\" width=\"990\" height=\"660\" sizes=\"auto, (min-width: 1200px) 300px, (min-width: 768px) 25vw, 100vw\" alt=\"tour-de-france-2022-zlty-sen-jumbo-visma\"\/><\/a><\/div>    <div class=\"entry-meta\">\n        <a class=\"label label-secondary post-category\" href=\"https:\/\/www.welovecycling.com\/sk\/category\/grand-tour\/\" title=\"Profesion\u00e1li\">Profesion\u00e1li<\/a>\n    <\/div>\n    <div class=\"entry-details\">\n        <a href=\"https:\/\/www.welovecycling.com\/sk\/2022\/07\/25\/tour-de-france-2022-zlty-sen-jumbo-visma\/\" class='entry-title-wrapper'>\n            <h3 class=\"entry-title\"><span>Tour de France 2022 &#8211; \u017elt\u00fd sen Jumbo-Visma<\/span><\/h3>\n        <\/a>\n    <\/div>\n    <\/article>\n<\/div>\n<h2><strong>Jumbo v Holandsku dominuje<\/strong><\/h2>\n<p>D\u00e1 sa poveda\u0165, \u017ee to bolo o\u010dak\u00e1van\u00e9. No \u00favodn\u00fa t\u00edmov\u00fa \u010dasovku vyhralo Jumbo-Visma s pekn\u00fdm n\u00e1skokom na druh\u00fd Ineos. Zvu\u010dn\u00e9 \u010dasovk\u00e1rske men\u00e1 v tomto t\u00edme splnili svoju \u00falohu dobre a \u010derven\u00fd dres v Jumbe koloval aj po\u010das \u010fal\u0161\u00edch et\u00e1p medzi r\u00f4znymi pretek\u00e1rmi, zatia\u013e \u010do sa v \u0161print\u00e9rskych dojazdoch presadzoval znovuzroden\u00fd Sam Bennet pred ve\u010dne smoln\u00fdm Madsom Pedersenom. Jumbo sa s \u010derven\u00fdm dresom rozl\u00fa\u010dilo v piatej etape, kedy zv\u00ed\u0165azil \u00fanik a hoci to bude znie\u0165 prekvapivo, nasp\u00e4\u0165 sa im ho nepodarilo z\u00edska\u0165 u\u017e ani na jednu etapu.<\/p>\n<p>https:\/\/www.instagram.com\/p\/ChnRxQKIoKM\/<\/p>\n<h2><strong>Prekvapiv\u00ed v\u00ed\u0165azi<\/strong><\/h2>\n<p>Medzi menami ako Kaden Groves, Rigoberto Ur\u00e1n, \u010di Juan Sebasti\u00e1n Molano bezpochyby najviac \u017eiari austr\u00e1l\u010dan Jay Vine. Ten e\u0161te pred dvoma rokmi pretekal doma na trena\u017e\u00e9ri. <strong>No pr\u00e1ve v\u010faka programu aplik\u00e1cie Zwift sa dok\u00e1zal vy\u0161plha\u0165 a\u017e medzi cyklistick\u00fa \u0161pi\u010dku a toho roku vyhra\u0165 na Vuelte dve etapy.<\/strong> Mal skvelo na\u0161liapnut\u00e9 aj na vrch\u00e1rsky dres, ale po hromadnom p\u00e1de v 18. etape skon\u010dil v sanitke a bodkovan\u00fd dres prevzal Richard Carapaz, ktor\u00fd okrem toho vyhral tri etapy. Rovnako s po\u010dtom v\u00ed\u0165azn\u00fdch et\u00e1p je na tom aj Mads Pedersen, ktor\u00fd zas prevzal zelen\u00fd dres z r\u00fak Sama Benneta.<\/p>\n<p>https:\/\/www.instagram.com\/p\/ChxhjTIsaDJ\/<\/p>\n<h2><strong>A \u010do t\u00e1 najd\u00f4le\u017eitej\u0161ia bitka?<\/strong><\/h2>\n<p>Vidno, \u017ee \u017eezlo pomaly preber\u00e1 mlad\u00e1 krv \u2013 vi\u010f Tadej Poga\u010dar, Egan Bernal a tentokr\u00e1t aj Remco Evenepoel. Hoci Jumbo za\u010dalo skvelo, Remco sa do \u010derven\u00e9ho dresu dostal u\u017e po \u0161iestej etape a nikomu sa u\u017e nepodarilo ho z neho vyzliec\u0165. Svojimi \u00fatokmi si vybudoval pred s\u00fapermi sol\u00eddny n\u00e1skok, k zmazaniu ktor\u00e9ho mal najbli\u017e\u0161ie pr\u00e1ve Primo\u017e Rogli\u010d. Ten ale v 13. etape po vlastnej chybe spadol a z pretekov musel odst\u00fapi\u0165. Na druhom mieste sa tak ocitol Enric Mas, ktor\u00fd sa s\u00edce \u00fato\u010di\u0165 sna\u017eil, <strong>no mlad\u00fd Belgi\u010dan v\u0161etky \u00fatoky ustr\u00e1\u017eil a \u010derven\u00fd dres doviezol a\u017e do Madridu<\/strong>.<\/p>\n<p>https:\/\/www.instagram.com\/p\/CiVsOfuJFRI\/<br \/>\nPo 44 rokoch doprial Belgicku v\u00ed\u0165azstvo v celkovom porad\u00ed a vzh\u013eadom na to, \u017ee m\u00e1 e\u0161te len 22\u00a0rokov, v bud\u00facnosti od neho m\u00f4\u017eeme ur\u010dite o\u010dak\u00e1va\u0165 ve\u013ek\u00e9 veci. To ist\u00e9 sa d\u00e1 poveda\u0165 aj o tre\u0165om Juanovi Ayusovi, ktor\u00fd sa v 19\u00a0rokoch stal najmlad\u0161\u00edm jazdcom, stojacim na p\u00f3diu, za posledn\u00fdch 118\u00a0rokov. Bud\u00faci ro\u010dn\u00edk ur\u010dite prinesie \u010fal\u0161ie nap\u00e4tie, no hlavne \u2013 ak\u00e1 bude odveta Rogli\u010da?<\/p>\n","protected":false},"excerpt":{"rendered":"<p>Po Giro d\u2019Italia a Tour de France n\u00e1s toho roku \u010dakala posledn\u00e1 Grand Tour. Tentokr\u00e1t v\u0161ak prof\u00edci br\u00e1zdili \u0161panielske cesty [&hellip;]<\/p>\n","protected":false},"author":170,"featured_media":15423,"comment_status":"open","ping_status":"open","sticky":false,"template":"","format":"standard","meta":{"footnotes":""},"categories":[63,217],"tags":[115,1038,331,268,179,170,885,1411,251,1535,219,174],"global-categories":[1074],"class_list":["post-15418","post","type-post","status-publish","format-standard","has-post-thumbnail","hentry","category-grand-tour","category-vuelta-a-espana","tag-cestna-cyklistika","tag-egan-bernal","tag-etapove-preteky","tag-grand-tour","tag-preteky","tag-primoz-roglic","tag-profesional","tag-sezona-2022","tag-spanielsko","tag-vuelta-2022","tag-vuelta-a-espana","tag-zlty-dres","global-categories-cycling"],"yoast_head":"<!-- This site is optimized with the Yoast SEO Premium plugin v25.3 (Yoast SEO v25.9) - https:\/\/yoast.com\/wordpress\/plugins\/seo\/ -->\n<title>Vuelta a Espa\u00f1a 2022 - prv\u00fd z\u00e1rez vl\u010dej svorky v GC<\/title>\n<meta name=\"description\" content=\"Po Giro d\u2019Italia a Tour de France n\u00e1s toho roku \u010dakala posledn\u00e1 Grand Tour. Tentokr\u00e1t v\u0161ak prof\u00edci br\u00e1zdili \u0161panielske cesty.\" \/>\n<meta name=\"robots\" content=\"index, follow, max-snippet:-1, max-image-preview:large, max-video-preview:-1\" \/>\n<link rel=\"canonical\" href=\"https:\/\/www.welovecycling.com\/sk\/2022\/09\/15\/vuelta-a-espana-2022-prvy-zarez-vlcej-svorky-v-gc\/\" \/>\n<meta property=\"og:locale\" content=\"sk_SK\" \/>\n<meta property=\"og:type\" content=\"article\" \/>\n<meta property=\"og:title\" content=\"Vuelta a Espa\u00f1a 2022 - prv\u00fd z\u00e1rez vl\u010dej svorky v GC\" \/>\n<meta property=\"og:description\" content=\"Po Giro d\u2019Italia a Tour de France n\u00e1s toho roku \u010dakala posledn\u00e1 Grand Tour. Tentokr\u00e1t v\u0161ak prof\u00edci br\u00e1zdili \u0161panielske cesty.\" \/>\n<meta property=\"og:url\" content=\"https:\/\/www.welovecycling.com\/sk\/2022\/09\/15\/vuelta-a-espana-2022-prvy-zarez-vlcej-svorky-v-gc\/\" \/>\n<meta property=\"og:site_name\" content=\"\u0160koda We Love Cycling Slovensko\" \/>\n<meta property=\"article:published_time\" content=\"2022-09-15T08:00:32+00:00\" \/>\n<meta property=\"article:modified_time\" content=\"2023-04-13T10:27:03+00:00\" \/>\n<meta property=\"og:image\" content=\"https:\/\/d2p6e6u75xmxt8.cloudfront.net\/4\/2022\/09\/2022-La-Vuelta-Peloton-profimedia-0721746977-CVR.webp\" \/>\n\t<meta property=\"og:image:width\" content=\"990\" \/>\n\t<meta property=\"og:image:height\" content=\"660\" \/>\n\t<meta property=\"og:image:type\" content=\"image\/webp\" \/>\n<meta name=\"author\" content=\"miksakova\" \/>\n<meta name=\"twitter:card\" content=\"summary_large_image\" \/>\n<meta name=\"twitter:label1\" content=\"Written by\" \/>\n\t<meta name=\"twitter:data1\" content=\"WeLoveCycling\" \/>\n\t<meta name=\"twitter:label2\" content=\"Est. reading time\" \/>\n\t<meta name=\"twitter:data2\" content=\"5\" \/>\n<script type=\"application\/ld+json\" class=\"yoast-schema-graph\">{\"@context\":\"https:\/\/schema.org\",\"@graph\":[{\"@type\":\"WebPage\",\"@id\":\"https:\/\/www.welovecycling.com\/sk\/2022\/09\/15\/vuelta-a-espana-2022-prvy-zarez-vlcej-svorky-v-gc\/\",\"url\":\"https:\/\/www.welovecycling.com\/sk\/2022\/09\/15\/vuelta-a-espana-2022-prvy-zarez-vlcej-svorky-v-gc\/\",\"name\":\"Vuelta a Espa\u00f1a 2022 - prv\u00fd z\u00e1rez vl\u010dej svorky v GC\",\"isPartOf\":{\"@id\":\"https:\/\/www.welovecycling.com\/sk\/#website\"},\"primaryImageOfPage\":{\"@id\":\"https:\/\/www.welovecycling.com\/sk\/2022\/09\/15\/vuelta-a-espana-2022-prvy-zarez-vlcej-svorky-v-gc\/#primaryimage\"},\"image\":{\"@id\":\"https:\/\/www.welovecycling.com\/sk\/2022\/09\/15\/vuelta-a-espana-2022-prvy-zarez-vlcej-svorky-v-gc\/#primaryimage\"},\"thumbnailUrl\":\"https:\/\/d2p6e6u75xmxt8.cloudfront.net\/4\/2022\/09\/2022-La-Vuelta-Peloton-profimedia-0721746977-CVR.webp\",\"datePublished\":\"2022-09-15T08:00:32+00:00\",\"dateModified\":\"2023-04-13T10:27:03+00:00\",\"author\":{\"@id\":\"https:\/\/www.welovecycling.com\/sk\/#\/schema\/person\/c6ce5af9dceed219d84a07d2ffa2cad9\"},\"description\":\"Po Giro d\u2019Italia a Tour de France n\u00e1s toho roku \u010dakala posledn\u00e1 Grand Tour. Tentokr\u00e1t v\u0161ak prof\u00edci br\u00e1zdili \u0161panielske cesty.\",\"breadcrumb\":{\"@id\":\"https:\/\/www.welovecycling.com\/sk\/2022\/09\/15\/vuelta-a-espana-2022-prvy-zarez-vlcej-svorky-v-gc\/#breadcrumb\"},\"inLanguage\":\"sk-SK\",\"potentialAction\":[{\"@type\":\"ReadAction\",\"target\":[\"https:\/\/www.welovecycling.com\/sk\/2022\/09\/15\/vuelta-a-espana-2022-prvy-zarez-vlcej-svorky-v-gc\/\"]}]},{\"@type\":\"ImageObject\",\"inLanguage\":\"sk-SK\",\"@id\":\"https:\/\/www.welovecycling.com\/sk\/2022\/09\/15\/vuelta-a-espana-2022-prvy-zarez-vlcej-svorky-v-gc\/#primaryimage\",\"url\":\"https:\/\/d2p6e6u75xmxt8.cloudfront.net\/4\/2022\/09\/2022-La-Vuelta-Peloton-profimedia-0721746977-CVR.webp\",\"contentUrl\":\"https:\/\/d2p6e6u75xmxt8.cloudfront.net\/4\/2022\/09\/2022-La-Vuelta-Peloton-profimedia-0721746977-CVR.webp\",\"width\":990,\"height\":660},{\"@type\":\"BreadcrumbList\",\"@id\":\"https:\/\/www.welovecycling.com\/sk\/2022\/09\/15\/vuelta-a-espana-2022-prvy-zarez-vlcej-svorky-v-gc\/#breadcrumb\",\"itemListElement\":[{\"@type\":\"ListItem\",\"position\":1,\"name\":\"Home\",\"item\":\"https:\/\/www.welovecycling.com\/sk\/\"},{\"@type\":\"ListItem\",\"position\":2,\"name\":\"Vuelta a Espa\u00f1a 2022 &#8211; prv\u00fd z\u00e1rez vl\u010dej svorky v GC\"}]},{\"@type\":\"WebSite\",\"@id\":\"https:\/\/www.welovecycling.com\/sk\/#website\",\"url\":\"https:\/\/www.welovecycling.com\/sk\/\",\"name\":\"\u0160koda We Love Cycling Slovensko\",\"description\":\"\u0160koda We Love Cycling Slovensko je v\u00e1\u0161 ka\u017edodenn\u00fd zdroj noviniek a in\u0161pir\u00e1cie z sveta cyklistiky\",\"potentialAction\":[{\"@type\":\"SearchAction\",\"target\":{\"@type\":\"EntryPoint\",\"urlTemplate\":\"https:\/\/www.welovecycling.com\/sk\/?s={search_term_string}\"},\"query-input\":{\"@type\":\"PropertyValueSpecification\",\"valueRequired\":true,\"valueName\":\"search_term_string\"}}],\"inLanguage\":\"sk-SK\"},{\"@type\":\"Person\",\"@id\":\"https:\/\/www.welovecycling.com\/sk\/#\/schema\/person\/c6ce5af9dceed219d84a07d2ffa2cad9\",\"name\":\"miksakova\",\"image\":{\"@type\":\"ImageObject\",\"inLanguage\":\"sk-SK\",\"@id\":\"https:\/\/www.welovecycling.com\/sk\/#\/schema\/person\/image\/\",\"url\":\"https:\/\/secure.gravatar.com\/avatar\/3663fb8acb50de04150ea6f7afc1bc15aba80aad4bf92aee01bd38a79084eb7a?s=96&d=mm&r=g\",\"contentUrl\":\"https:\/\/secure.gravatar.com\/avatar\/3663fb8acb50de04150ea6f7afc1bc15aba80aad4bf92aee01bd38a79084eb7a?s=96&d=mm&r=g\",\"caption\":\"miksakova\"},\"url\":\"https:\/\/www.welovecycling.com\/sk\/author\/miksakova\/\"}]}<\/script>\n<!-- \/ Yoast SEO Premium plugin. -->","yoast_head_json":{"title":"Vuelta a Espa\u00f1a 2022 - prv\u00fd z\u00e1rez vl\u010dej svorky v GC","description":"Po Giro d\u2019Italia a Tour de France n\u00e1s toho roku \u010dakala posledn\u00e1 Grand Tour. Tentokr\u00e1t v\u0161ak prof\u00edci br\u00e1zdili \u0161panielske cesty.","robots":{"index":"index","follow":"follow","max-snippet":"max-snippet:-1","max-image-preview":"max-image-preview:large","max-video-preview":"max-video-preview:-1"},"canonical":"https:\/\/www.welovecycling.com\/sk\/2022\/09\/15\/vuelta-a-espana-2022-prvy-zarez-vlcej-svorky-v-gc\/","og_locale":"sk_SK","og_type":"article","og_title":"Vuelta a Espa\u00f1a 2022 - prv\u00fd z\u00e1rez vl\u010dej svorky v GC","og_description":"Po Giro d\u2019Italia a Tour de France n\u00e1s toho roku \u010dakala posledn\u00e1 Grand Tour. Tentokr\u00e1t v\u0161ak prof\u00edci br\u00e1zdili \u0161panielske cesty.","og_url":"https:\/\/www.welovecycling.com\/sk\/2022\/09\/15\/vuelta-a-espana-2022-prvy-zarez-vlcej-svorky-v-gc\/","og_site_name":"\u0160koda We Love Cycling Slovensko","article_published_time":"2022-09-15T08:00:32+00:00","article_modified_time":"2023-04-13T10:27:03+00:00","og_image":[{"width":990,"height":660,"url":"https:\/\/d2p6e6u75xmxt8.cloudfront.net\/4\/2022\/09\/2022-La-Vuelta-Peloton-profimedia-0721746977-CVR.webp","type":"image\/webp"}],"author":"miksakova","twitter_card":"summary_large_image","twitter_misc":{"Written by":"WeLoveCycling","Est. reading time":"5"},"schema":{"@context":"https:\/\/schema.org","@graph":[{"@type":"WebPage","@id":"https:\/\/www.welovecycling.com\/sk\/2022\/09\/15\/vuelta-a-espana-2022-prvy-zarez-vlcej-svorky-v-gc\/","url":"https:\/\/www.welovecycling.com\/sk\/2022\/09\/15\/vuelta-a-espana-2022-prvy-zarez-vlcej-svorky-v-gc\/","name":"Vuelta a Espa\u00f1a 2022 - prv\u00fd z\u00e1rez vl\u010dej svorky v GC","isPartOf":{"@id":"https:\/\/www.welovecycling.com\/sk\/#website"},"primaryImageOfPage":{"@id":"https:\/\/www.welovecycling.com\/sk\/2022\/09\/15\/vuelta-a-espana-2022-prvy-zarez-vlcej-svorky-v-gc\/#primaryimage"},"image":{"@id":"https:\/\/www.welovecycling.com\/sk\/2022\/09\/15\/vuelta-a-espana-2022-prvy-zarez-vlcej-svorky-v-gc\/#primaryimage"},"thumbnailUrl":"https:\/\/d2p6e6u75xmxt8.cloudfront.net\/4\/2022\/09\/2022-La-Vuelta-Peloton-profimedia-0721746977-CVR.webp","datePublished":"2022-09-15T08:00:32+00:00","dateModified":"2023-04-13T10:27:03+00:00","author":{"@id":"https:\/\/www.welovecycling.com\/sk\/#\/schema\/person\/c6ce5af9dceed219d84a07d2ffa2cad9"},"description":"Po Giro d\u2019Italia a Tour de France n\u00e1s toho roku \u010dakala posledn\u00e1 Grand Tour. Tentokr\u00e1t v\u0161ak prof\u00edci br\u00e1zdili \u0161panielske cesty.","breadcrumb":{"@id":"https:\/\/www.welovecycling.com\/sk\/2022\/09\/15\/vuelta-a-espana-2022-prvy-zarez-vlcej-svorky-v-gc\/#breadcrumb"},"inLanguage":"sk-SK","potentialAction":[{"@type":"ReadAction","target":["https:\/\/www.welovecycling.com\/sk\/2022\/09\/15\/vuelta-a-espana-2022-prvy-zarez-vlcej-svorky-v-gc\/"]}]},{"@type":"ImageObject","inLanguage":"sk-SK","@id":"https:\/\/www.welovecycling.com\/sk\/2022\/09\/15\/vuelta-a-espana-2022-prvy-zarez-vlcej-svorky-v-gc\/#primaryimage","url":"https:\/\/d2p6e6u75xmxt8.cloudfront.net\/4\/2022\/09\/2022-La-Vuelta-Peloton-profimedia-0721746977-CVR.webp","contentUrl":"https:\/\/d2p6e6u75xmxt8.cloudfront.net\/4\/2022\/09\/2022-La-Vuelta-Peloton-profimedia-0721746977-CVR.webp","width":990,"height":660},{"@type":"BreadcrumbList","@id":"https:\/\/www.welovecycling.com\/sk\/2022\/09\/15\/vuelta-a-espana-2022-prvy-zarez-vlcej-svorky-v-gc\/#breadcrumb","itemListElement":[{"@type":"ListItem","position":1,"name":"Home","item":"https:\/\/www.welovecycling.com\/sk\/"},{"@type":"ListItem","position":2,"name":"Vuelta a Espa\u00f1a 2022 &#8211; prv\u00fd z\u00e1rez vl\u010dej svorky v GC"}]},{"@type":"WebSite","@id":"https:\/\/www.welovecycling.com\/sk\/#website","url":"https:\/\/www.welovecycling.com\/sk\/","name":"\u0160koda We Love Cycling Slovensko","description":"\u0160koda We Love Cycling Slovensko je v\u00e1\u0161 ka\u017edodenn\u00fd zdroj noviniek a in\u0161pir\u00e1cie z sveta cyklistiky","potentialAction":[{"@type":"SearchAction","target":{"@type":"EntryPoint","urlTemplate":"https:\/\/www.welovecycling.com\/sk\/?s={search_term_string}"},"query-input":{"@type":"PropertyValueSpecification","valueRequired":true,"valueName":"search_term_string"}}],"inLanguage":"sk-SK"},{"@type":"Person","@id":"https:\/\/www.welovecycling.com\/sk\/#\/schema\/person\/c6ce5af9dceed219d84a07d2ffa2cad9","name":"miksakova","image":{"@type":"ImageObject","inLanguage":"sk-SK","@id":"https:\/\/www.welovecycling.com\/sk\/#\/schema\/person\/image\/","url":"https:\/\/secure.gravatar.com\/avatar\/3663fb8acb50de04150ea6f7afc1bc15aba80aad4bf92aee01bd38a79084eb7a?s=96&d=mm&r=g","contentUrl":"https:\/\/secure.gravatar.com\/avatar\/3663fb8acb50de04150ea6f7afc1bc15aba80aad4bf92aee01bd38a79084eb7a?s=96&d=mm&r=g","caption":"miksakova"},"url":"https:\/\/www.welovecycling.com\/sk\/author\/miksakova\/"}]}},"_links":{"self":[{"href":"https:\/\/www.welovecycling.com\/sk\/wp-json\/wp\/v2\/posts\/15418","targetHints":{"allow":["GET"]}}],"collection":[{"href":"https:\/\/www.welovecycling.com\/sk\/wp-json\/wp\/v2\/posts"}],"about":[{"href":"https:\/\/www.welovecycling.com\/sk\/wp-json\/wp\/v2\/types\/post"}],"author":[{"embeddable":true,"href":"https:\/\/www.welovecycling.com\/sk\/wp-json\/wp\/v2\/users\/170"}],"replies":[{"embeddable":true,"href":"https:\/\/www.welovecycling.com\/sk\/wp-json\/wp\/v2\/comments?post=15418"}],"version-history":[{"count":2,"href":"https:\/\/www.welovecycling.com\/sk\/wp-json\/wp\/v2\/posts\/15418\/revisions"}],"predecessor-version":[{"id":17127,"href":"https:\/\/www.welovecycling.com\/sk\/wp-json\/wp\/v2\/posts\/15418\/revisions\/17127"}],"wp:featuredmedia":[{"embeddable":true,"href":"https:\/\/www.welovecycling.com\/sk\/wp-json\/wp\/v2\/media\/15423"}],"wp:attachment":[{"href":"https:\/\/www.welovecycling.com\/sk\/wp-json\/wp\/v2\/media?parent=15418"}],"wp:term":[{"taxonomy":"category","embeddable":true,"href":"https:\/\/www.welovecycling.com\/sk\/wp-json\/wp\/v2\/categories?post=15418"},{"taxonomy":"post_tag","embeddable":true,"href":"https:\/\/www.welovecycling.com\/sk\/wp-json\/wp\/v2\/tags?post=15418"},{"taxonomy":"global-categories","embeddable":true,"href":"https:\/\/www.welovecycling.com\/sk\/wp-json\/wp\/v2\/global-categories?post=15418"}],"curies":[{"name":"wp","href":"https:\/\/api.w.org\/{rel}","templated":true}]}}