{"id":15274,"date":"2022-09-02T19:07:49","date_gmt":"2022-09-02T17:07:49","guid":{"rendered":"https:\/\/www.welovecycling.com\/sk\/?p=15274"},"modified":"2022-09-02T19:11:54","modified_gmt":"2022-09-02T17:11:54","slug":"teatro-okolo-malohontu-najkrajsie-preteky-su-na-jesen","status":"publish","type":"post","link":"https:\/\/www.welovecycling.com\/sk\/2022\/09\/02\/teatro-okolo-malohontu-najkrajsie-preteky-su-na-jesen\/","title":{"rendered":"Teatro Okolo Malohontu: &#8222;Najkraj\u0161ie preteky s\u00fa na jese\u0148&#8220;"},"content":{"rendered":"<div id=\"pl-15274\"  class=\"panel-layout\" ><div id=\"pg-15274-0\"  class=\"panel-grid panel-no-style\" ><div id=\"pgc-15274-0-0\"  class=\"panel-grid-cell\" ><div id=\"panel-15274-0-0-0\" class=\"so-panel widget widget_sow-editor panel-first-child panel-last-child\" data-index=\"0\" ><div\n\t\t\t\n\t\t\tclass=\"so-widget-sow-editor so-widget-sow-editor-base\"\n\t\t\t\n\t\t>\n<div class=\"siteorigin-widget-tinymce textwidget\">\n\t<p>U\u017e deviaty ro\u010dn\u00edk ob\u013e\u00faben\u00fdch cyklistick\u00fdch pretekov <strong>Teatro Okolo Malohontu<\/strong>, ktor\u00e9 sa ka\u017edoro\u010dne konaj\u00fa v Rimavskej Sobote, maj\u00fa term\u00edn 11. septembra 2022. Podujatie s mottom \"najkraj\u0161ie preteky s\u00fa na jese\u0148\" je ur\u010den\u00e9 hlavne pre amat\u00e9rskych cyklistov ale aj ambici\u00f3znych pretek\u00e1rov, ktor\u00ed sa venuj\u00fa tomuto \u0161portu na vysokej \u00farovni a reprezentuj\u00fa Slovensko na zahrani\u010dn\u00fdch podujatiach.<\/p>\n<p>Trasa pretekov bude mera\u0165 85 km s kumulovan\u00fdm prev\u00fd\u0161en\u00edm 1100 m a \u00fa\u010dastn\u00edkov preveria 4 st\u00fapania pri\u010dom tri z nich s\u00fa hodnoten\u00e9 v r\u00e1mci s\u00fa\u0165a\u017ee o najlep\u0161ieho vrch\u00e1ra.<\/p>\n<\/div>\n<\/div><\/div><\/div><\/div><div id=\"pg-15274-1\"  class=\"panel-grid panel-no-style\" ><div id=\"pgc-15274-1-0\"  class=\"panel-grid-cell\" ><div id=\"panel-15274-1-0-0\" class=\"so-panel widget widget_sow-editor panel-first-child panel-last-child\" data-index=\"1\" ><div\n\t\t\t\n\t\t\tclass=\"so-widget-sow-editor so-widget-sow-editor-base\"\n\t\t\t\n\t\t>\n<div class=\"siteorigin-widget-tinymce textwidget\">\n\t<p><a href=\"https:\/\/d2p6e6u75xmxt8.cloudfront.net\/4\/2022\/09\/mapa_2022_web.jpeg\"><img loading=\"lazy\" decoding=\"async\" class=\"aligncenter wp-image-15279 size-medium\" src=\"https:\/\/d2p6e6u75xmxt8.cloudfront.net\/4\/2022\/09\/mapa_2022_web-212x300.jpeg\" alt=\"\" width=\"212\" height=\"300\" \/><\/a><\/p>\n<\/div>\n<\/div><\/div><\/div><\/div><div id=\"pg-15274-2\"  class=\"panel-grid panel-no-style\" ><div id=\"pgc-15274-2-0\"  class=\"panel-grid-cell\" ><div id=\"panel-15274-2-0-0\" class=\"so-panel widget widget_sow-editor panel-first-child panel-last-child\" data-index=\"2\" ><div\n\t\t\t\n\t\t\tclass=\"so-widget-sow-editor so-widget-sow-editor-base\"\n\t\t\t\n\t\t>\n<div class=\"siteorigin-widget-tinymce textwidget\">\n\t<p><a href=\"https:\/\/d2p6e6u75xmxt8.cloudfront.net\/4\/2022\/09\/profil_2022_web.jpeg\"><img loading=\"lazy\" decoding=\"async\" class=\"aligncenter size-medium wp-image-15280\" src=\"https:\/\/d2p6e6u75xmxt8.cloudfront.net\/4\/2022\/09\/profil_2022_web-300x120.jpeg\" alt=\"\" width=\"300\" height=\"120\" \/><\/a><\/p>\n<\/div>\n<\/div><\/div><\/div><\/div><div id=\"pg-15274-3\"  class=\"panel-grid panel-no-style\" ><div id=\"pgc-15274-3-0\"  class=\"panel-grid-cell\" ><div id=\"panel-15274-3-0-0\" class=\"so-panel widget widget_sow-editor panel-first-child panel-last-child\" data-index=\"3\" ><div\n\t\t\t\n\t\t\tclass=\"so-widget-sow-editor so-widget-sow-editor-base\"\n\t\t\t\n\t\t>\n<div class=\"siteorigin-widget-tinymce textwidget\">\n\t<p>Na \u0161tarte je o\u010dak\u00e1van\u00fd po\u010det 200 s\u00fa\u0165a\u017eiacich z cel\u00e9ho Slovenska ale aj zo zahrani\u010dia. <strong>Registr\u00e1cia je otvoren\u00e1 do 8. septembra<\/strong> a prihl\u00e1si\u0165 sa m\u00f4\u017ee ktoko\u013evek kto si tr\u00fafne zdola\u0165 cel\u00fa trasu v s\u00fa\u0165a\u017enom tempe. Trasa pretekov je zabezpe\u010den\u00e1 pol\u00edciou a dobrovo\u013en\u00edkmi. Na cyklistov \u010dak\u00e1 bufet s f\u013ea\u0161ami s vodou na tras a ob\u010derstvenie spolu s obedom v cieli. Na trase pretekov s\u00fa umiestnen\u00fd dvaja fotografi a jeden v cieli tak\u017ee bez fotky nikto neostane.<\/p>\n<\/div>\n<\/div><\/div><\/div><\/div><div id=\"pg-15274-4\"  class=\"panel-grid panel-no-style\" ><div id=\"pgc-15274-4-0\"  class=\"panel-grid-cell\" ><div id=\"panel-15274-4-0-0\" class=\"so-panel widget widget_sow-editor panel-first-child\" data-index=\"4\" ><div\n\t\t\t\n\t\t\tclass=\"so-widget-sow-editor so-widget-sow-editor-base\"\n\t\t\t\n\t\t>\n<div class=\"siteorigin-widget-tinymce textwidget\">\n\t<div id='gallery-1' class='gallery galleryid-15274 gallery-columns-3 gallery-size-medium'><figure class='gallery-item'>\n\t\t\t<div class='gallery-icon landscape'>\n\t\t\t\t<a href='https:\/\/d2p6e6u75xmxt8.cloudfront.net\/4\/2022\/09\/okolo-malohontu-1.webp'><img loading=\"lazy\" decoding=\"async\" width=\"300\" height=\"200\" src=\"https:\/\/d2p6e6u75xmxt8.cloudfront.net\/4\/2022\/09\/okolo-malohontu-1-300x200.webp\" class=\"attachment-medium size-medium\" alt=\"\" srcset=\"https:\/\/d2p6e6u75xmxt8.cloudfront.net\/4\/2022\/09\/okolo-malohontu-1-300x200.webp 300w, https:\/\/d2p6e6u75xmxt8.cloudfront.net\/4\/2022\/09\/okolo-malohontu-1-1024x684.webp 1024w, https:\/\/d2p6e6u75xmxt8.cloudfront.net\/4\/2022\/09\/okolo-malohontu-1-768x513.webp 768w, https:\/\/d2p6e6u75xmxt8.cloudfront.net\/4\/2022\/09\/okolo-malohontu-1-1536x1025.webp 1536w, https:\/\/d2p6e6u75xmxt8.cloudfront.net\/4\/2022\/09\/okolo-malohontu-1-1920x1282.webp 1920w, https:\/\/d2p6e6u75xmxt8.cloudfront.net\/4\/2022\/09\/okolo-malohontu-1-272x182.webp 272w, https:\/\/d2p6e6u75xmxt8.cloudfront.net\/4\/2022\/09\/okolo-malohontu-1.webp 2048w, https:\/\/d2p6e6u75xmxt8.cloudfront.net\/4\/2022\/09\/okolo-malohontu-1-1920x1282.webp 1920w\" sizes=\"auto, (max-width: 300px) 100vw, 300px\" \/><\/a>\n\t\t\t<\/div><\/figure><figure class='gallery-item'>\n\t\t\t<div class='gallery-icon landscape'>\n\t\t\t\t<a href='https:\/\/d2p6e6u75xmxt8.cloudfront.net\/4\/2022\/09\/Urban-366-scaled-1.webp'><img loading=\"lazy\" decoding=\"async\" width=\"300\" height=\"200\" src=\"https:\/\/d2p6e6u75xmxt8.cloudfront.net\/4\/2022\/09\/Urban-366-scaled-1-300x200.webp\" class=\"attachment-medium size-medium\" alt=\"\" srcset=\"https:\/\/d2p6e6u75xmxt8.cloudfront.net\/4\/2022\/09\/Urban-366-scaled-1-300x200.webp 300w, https:\/\/d2p6e6u75xmxt8.cloudfront.net\/4\/2022\/09\/Urban-366-scaled-1-1024x684.webp 1024w, https:\/\/d2p6e6u75xmxt8.cloudfront.net\/4\/2022\/09\/Urban-366-scaled-1-768x513.webp 768w, https:\/\/d2p6e6u75xmxt8.cloudfront.net\/4\/2022\/09\/Urban-366-scaled-1-1536x1025.webp 1536w, https:\/\/d2p6e6u75xmxt8.cloudfront.net\/4\/2022\/09\/Urban-366-scaled-1-2048x1367.webp 2048w, https:\/\/d2p6e6u75xmxt8.cloudfront.net\/4\/2022\/09\/Urban-366-scaled-1-1920x1282.webp 1920w, https:\/\/d2p6e6u75xmxt8.cloudfront.net\/4\/2022\/09\/Urban-366-scaled-1-272x182.webp 272w, https:\/\/d2p6e6u75xmxt8.cloudfront.net\/4\/2022\/09\/Urban-366-scaled-1-1920x1282.webp 1920w\" sizes=\"auto, (max-width: 300px) 100vw, 300px\" \/><\/a>\n\t\t\t<\/div><\/figure><figure class='gallery-item'>\n\t\t\t<div class='gallery-icon landscape'>\n\t\t\t\t<a href='https:\/\/d2p6e6u75xmxt8.cloudfront.net\/4\/2022\/09\/okolo-malohontu-3.webp'><img loading=\"lazy\" decoding=\"async\" width=\"300\" height=\"200\" src=\"https:\/\/d2p6e6u75xmxt8.cloudfront.net\/4\/2022\/09\/okolo-malohontu-3-300x200.webp\" class=\"attachment-medium size-medium\" alt=\"\" srcset=\"https:\/\/d2p6e6u75xmxt8.cloudfront.net\/4\/2022\/09\/okolo-malohontu-3-300x200.webp 300w, https:\/\/d2p6e6u75xmxt8.cloudfront.net\/4\/2022\/09\/okolo-malohontu-3-1024x682.webp 1024w, https:\/\/d2p6e6u75xmxt8.cloudfront.net\/4\/2022\/09\/okolo-malohontu-3-768x511.webp 768w, https:\/\/d2p6e6u75xmxt8.cloudfront.net\/4\/2022\/09\/okolo-malohontu-3-1536x1022.webp 1536w, https:\/\/d2p6e6u75xmxt8.cloudfront.net\/4\/2022\/09\/okolo-malohontu-3-272x182.webp 272w, https:\/\/d2p6e6u75xmxt8.cloudfront.net\/4\/2022\/09\/okolo-malohontu-3.webp 1920w\" sizes=\"auto, (max-width: 300px) 100vw, 300px\" \/><\/a>\n\t\t\t<\/div><\/figure>\n\t\t<\/div>\n\n<\/div>\n<\/div><\/div><div id=\"panel-15274-4-0-1\" class=\"so-panel widget widget_sow-editor panel-last-child\" data-index=\"5\" ><div\n\t\t\t\n\t\t\tclass=\"so-widget-sow-editor so-widget-sow-editor-base\"\n\t\t\t\n\t\t>\n<div class=\"siteorigin-widget-tinymce textwidget\">\n\t<p>Organiz\u00e1tori sa rozhodli tento rok pril\u00e1ka\u0165 na \u0161tart v\u00e4\u010d\u0161ie mno\u017estvo pretek\u00e1rok, preto v \u017eensk\u00fdch kateg\u00f3ri\u00e1ch, ako mal\u00fa motiv\u00e1ciu, zn\u00ed\u017eili \u0161tartovn\u00e9. Rovnako pridali nov\u00fa s\u00fa\u0165a\u017en\u00fa kateg\u00f3riu \"\u017eeny nad 40 rokov\". V\u010faka sponzorovi, ktor\u00fd je podporovate\u013eom \u017eenskej cyklistiky sa podarilo zabezpe\u010di\u0165 zauj\u00edmav\u00e9 vecn\u00e9 ceny pre prv\u00e9 tri cyklistky v ka\u017edej vekovej kateg\u00f3rii, ktor\u00e9 bud\u00fa ocenen\u00e9 na stup\u0148och v\u00ed\u0165azov.<\/p>\n<h3><strong>\u0160peci\u00e1lne s\u00fa\u0165a\u017ee<\/strong><\/h3>\n<p><strong>S\u00fa\u0165a\u017e vrch\u00e1rov<\/strong><br \/>\n\u2013 na trase pretekov s\u00fa 3 horsk\u00e9 pr\u00e9mie<br \/>\n\u2013 boduj\u00fa prv\u00ed traja na pr\u00e9mii: 3, 2 a 1 bod<br \/>\n\u2013 vyhr\u00e1va pretek\u00e1r s najv\u00e4\u010d\u0161\u00edm po\u010dtom bodov<\/p>\n<p><strong>S\u00fa\u0165a\u017e t\u00edmov<\/strong><br \/>\n\u2013 v cieli sa po\u010d\u00edta \u010das prv\u00fdch \u0161tyroch pretek\u00e1rov z jedn\u00e9ho t\u00edmu zaokr\u00fahlen\u00fd na sekundy nadol<br \/>\n\u2013 vyhr\u00e1va t\u00edm s najni\u017e\u0161\u00edm dosiahnut\u00fdm \u010dasom, pri rovnosti \u010dasov rozhoduje poradie \u0161tvrt\u00e9ho pretek\u00e1ra v cieli<\/p>\n<p><strong>S\u00fa\u0165a\u017e \u0165a\u017ek\u00fdch v\u00e1h<\/strong><br \/>\n\u2013 s\u00fa\u0165a\u017ee \u0165a\u017ek\u00fdch v\u00e1h sa m\u00f4\u017eu z\u00fa\u010dastni\u0165 v\u0161etci cyklisti bez rozdielu veku, ktor\u00fdch telesn\u00e1 hmotnos\u0165 sa v de\u0148 pretekov bude rovna\u0165 alebo presiahne 100,00 kg<\/p>\n<\/div>\n<\/div><\/div><\/div><\/div><div id=\"pg-15274-5\"  class=\"panel-grid panel-no-style\" ><div id=\"pgc-15274-5-0\"  class=\"panel-grid-cell\" ><div id=\"panel-15274-5-0-0\" class=\"so-panel widget widget_sow-editor panel-first-child panel-last-child\" data-index=\"6\" ><div\n\t\t\t\n\t\t\tclass=\"so-widget-sow-editor so-widget-sow-editor-base\"\n\t\t\t\n\t\t>\n<div class=\"siteorigin-widget-tinymce textwidget\">\n\t<div id='gallery-2' class='gallery galleryid-15274 gallery-columns-3 gallery-size-medium'><figure class='gallery-item'>\n\t\t\t<div class='gallery-icon landscape'>\n\t\t\t\t<a href='https:\/\/d2p6e6u75xmxt8.cloudfront.net\/4\/2022\/09\/12027314_907182692702375_1304930862359276740_o.webp'><img loading=\"lazy\" decoding=\"async\" width=\"300\" height=\"200\" src=\"https:\/\/d2p6e6u75xmxt8.cloudfront.net\/4\/2022\/09\/12027314_907182692702375_1304930862359276740_o-300x200.webp\" class=\"attachment-medium size-medium\" alt=\"\" srcset=\"https:\/\/d2p6e6u75xmxt8.cloudfront.net\/4\/2022\/09\/12027314_907182692702375_1304930862359276740_o-300x200.webp 300w, https:\/\/d2p6e6u75xmxt8.cloudfront.net\/4\/2022\/09\/12027314_907182692702375_1304930862359276740_o-1024x682.webp 1024w, https:\/\/d2p6e6u75xmxt8.cloudfront.net\/4\/2022\/09\/12027314_907182692702375_1304930862359276740_o-768x511.webp 768w, https:\/\/d2p6e6u75xmxt8.cloudfront.net\/4\/2022\/09\/12027314_907182692702375_1304930862359276740_o-1536x1022.webp 1536w, https:\/\/d2p6e6u75xmxt8.cloudfront.net\/4\/2022\/09\/12027314_907182692702375_1304930862359276740_o-1920x1278.webp 1920w, https:\/\/d2p6e6u75xmxt8.cloudfront.net\/4\/2022\/09\/12027314_907182692702375_1304930862359276740_o-272x182.webp 272w, https:\/\/d2p6e6u75xmxt8.cloudfront.net\/4\/2022\/09\/12027314_907182692702375_1304930862359276740_o.webp 2048w, https:\/\/d2p6e6u75xmxt8.cloudfront.net\/4\/2022\/09\/12027314_907182692702375_1304930862359276740_o-1920x1278.webp 1920w\" sizes=\"auto, (max-width: 300px) 100vw, 300px\" \/><\/a>\n\t\t\t<\/div><\/figure><figure class='gallery-item'>\n\t\t\t<div class='gallery-icon landscape'>\n\t\t\t\t<a href='https:\/\/d2p6e6u75xmxt8.cloudfront.net\/4\/2022\/09\/okolo-malohontu-2.webp'><img loading=\"lazy\" decoding=\"async\" width=\"300\" height=\"200\" src=\"https:\/\/d2p6e6u75xmxt8.cloudfront.net\/4\/2022\/09\/okolo-malohontu-2-300x200.webp\" class=\"attachment-medium size-medium\" alt=\"\" srcset=\"https:\/\/d2p6e6u75xmxt8.cloudfront.net\/4\/2022\/09\/okolo-malohontu-2-300x200.webp 300w, https:\/\/d2p6e6u75xmxt8.cloudfront.net\/4\/2022\/09\/okolo-malohontu-2-1024x681.webp 1024w, https:\/\/d2p6e6u75xmxt8.cloudfront.net\/4\/2022\/09\/okolo-malohontu-2-768x511.webp 768w, https:\/\/d2p6e6u75xmxt8.cloudfront.net\/4\/2022\/09\/okolo-malohontu-2-272x182.webp 272w, https:\/\/d2p6e6u75xmxt8.cloudfront.net\/4\/2022\/09\/okolo-malohontu-2.webp 1030w\" sizes=\"auto, (max-width: 300px) 100vw, 300px\" \/><\/a>\n\t\t\t<\/div><\/figure><figure class='gallery-item'>\n\t\t\t<div class='gallery-icon landscape'>\n\t\t\t\t<a href='https:\/\/d2p6e6u75xmxt8.cloudfront.net\/4\/2022\/09\/Urban-312-scaled-1.webp'><img loading=\"lazy\" decoding=\"async\" width=\"300\" height=\"200\" src=\"https:\/\/d2p6e6u75xmxt8.cloudfront.net\/4\/2022\/09\/Urban-312-scaled-1-300x200.webp\" class=\"attachment-medium size-medium\" alt=\"\" srcset=\"https:\/\/d2p6e6u75xmxt8.cloudfront.net\/4\/2022\/09\/Urban-312-scaled-1-300x200.webp 300w, https:\/\/d2p6e6u75xmxt8.cloudfront.net\/4\/2022\/09\/Urban-312-scaled-1-1024x681.webp 1024w, https:\/\/d2p6e6u75xmxt8.cloudfront.net\/4\/2022\/09\/Urban-312-scaled-1-768x511.webp 768w, https:\/\/d2p6e6u75xmxt8.cloudfront.net\/4\/2022\/09\/Urban-312-scaled-1-1536x1022.webp 1536w, https:\/\/d2p6e6u75xmxt8.cloudfront.net\/4\/2022\/09\/Urban-312-scaled-1-2048x1362.webp 2048w, https:\/\/d2p6e6u75xmxt8.cloudfront.net\/4\/2022\/09\/Urban-312-scaled-1-1920x1277.webp 1920w, https:\/\/d2p6e6u75xmxt8.cloudfront.net\/4\/2022\/09\/Urban-312-scaled-1-272x182.webp 272w, https:\/\/d2p6e6u75xmxt8.cloudfront.net\/4\/2022\/09\/Urban-312-scaled-1-1920x1277.webp 1920w\" sizes=\"auto, (max-width: 300px) 100vw, 300px\" \/><\/a>\n\t\t\t<\/div><\/figure>\n\t\t<\/div>\n\n<\/div>\n<\/div><\/div><\/div><\/div><div id=\"pg-15274-6\"  class=\"panel-grid panel-no-style\" ><div id=\"pgc-15274-6-0\"  class=\"panel-grid-cell\" ><div id=\"panel-15274-6-0-0\" class=\"so-panel widget widget_sow-editor panel-first-child panel-last-child\" data-index=\"7\" ><div\n\t\t\t\n\t\t\tclass=\"so-widget-sow-editor so-widget-sow-editor-base\"\n\t\t\t\n\t\t>\n<div class=\"siteorigin-widget-tinymce textwidget\">\n\t<p><b>Registr\u00e1cia na preteky Teatro Okolo Malohontu je mo\u017en\u00e1 len do 8. septembra<\/b> na <a href=\"https:\/\/www.okolomalohontu.sk\/registracia\">str\u00e1nke pretekov<\/a>. Registr\u00e1cia v de\u0148 pretekov nebude mo\u017en\u00e1!<\/p>\n<p>\u010cak\u00e1 na V\u00e1s nezabudnute\u013en\u00e9 cyklistick\u00e9 dobrodru\u017estvo v n\u00e1dhernom prostred\u00ed s nasleduj\u00facimi v\u00fdhodami:<\/p>\n<ul>\n<li>\u0161tartovn\u00e9 \u010d\u00edsla<\/li>\n<li>zdravotn\u00e9 zabezpe\u010denie<\/li>\n<li>meranie \u010dasu elektronickou \u010dasomierou<\/li>\n<li>neutr\u00e1lne servisn\u00e9 vozidl\u00e1 a zbern\u00e9 vozidlo<\/li>\n<li>foto-servis profesion\u00e1lnymi fotografmi<\/li>\n<li>online a sms v\u00fdsledky<\/li>\n<li>2x ob\u010derstvovacia stanica a obed po pretekoch<\/li>\n<li>\u00fa\u010dastn\u00edcky dar<\/li>\n<li>zabezpe\u010denie trate pol\u00edciou a dobrovo\u013en\u00edkmi<\/li>\n<li>sprcha po pretekoch<\/li>\n<\/ul>\n<p><strong>Pr\u00ed\u010fte sa rozl\u00fa\u010di\u0165 so sez\u00f3nou na skvele zabezpe\u010den\u00e9 podujatie s rodinnou atmosf\u00e9rou a z\u00faro\u010di\u0165 kilometre, ktor\u00e9 ste po\u010das leta odtr\u00e9novali.<\/strong><\/p>\n<lite-youtube videoid=5o-2skobS1I params=\"enablejsapi=1\" style=\"background-image: url('https:\/\/i.ytimg.com\/vi_webp\/5o-2skobS1I\/maxresdefault.webp');\"><\/lite-youtube>\n<\/div>\n<\/div><\/div><\/div><\/div><div id=\"pg-15274-7\"  class=\"panel-grid panel-no-style\" ><div id=\"pgc-15274-7-0\"  class=\"panel-grid-cell\" ><div id=\"panel-15274-7-0-0\" class=\"so-panel widget widget_sow-editor panel-first-child panel-last-child\" data-index=\"8\" ><div\n\t\t\t\n\t\t\tclass=\"so-widget-sow-editor so-widget-sow-editor-base\"\n\t\t\t\n\t\t>\n<div class=\"siteorigin-widget-tinymce textwidget\">\n\t<p>Web:\u00a0<a style=\"text-decoration: none;\" href=\"https:\/\/www.okolomalohontu.sk\/\" target=\"_blank\" rel=\"noopener\">www.okolomalohontu.sk<\/a><\/p>\n<p>Email: <a class=\"ow-button-hover sow-social-media-button-youtube-0 sow-social-media-button\" style=\"text-decoration: none;\" title=\"Strava\" href=\"mailto:info@okolomalohontu.sk\" target=\"_blank\" rel=\"noopener noreferrer\" aria-label=\"YouTube\"> info@okolomalohontu.sk<\/a><\/p>\n<\/div>\n<\/div><\/div><\/div><\/div><\/div>","protected":false},"excerpt":{"rendered":"<p>U\u017e deviaty ro\u010dn\u00edk ob\u013e\u00faben\u00fdch cyklistick\u00fdch pretekov Teatro Okolo Malohontu, ktor\u00e9 sa ka\u017edoro\u010dne konaj\u00fa v Rimavskej Sobote, maj\u00fa term\u00edn 11. septembra [&hellip;]<\/p>\n","protected":false},"author":40,"featured_media":15314,"comment_status":"open","ping_status":"open","sticky":false,"template":"","format":"standard","meta":{"footnotes":""},"categories":[4,191,34],"tags":[275,115,546,532,179,523],"global-categories":[1074],"class_list":["post-15274","post","type-post","status-publish","format-standard","has-post-thumbnail","hentry","category-cestna-cyklisitika","category-odporucame","category-podujatia","tag-cesta","tag-cestna-cyklistika","tag-cyklistika","tag-jazdenie","tag-preteky","tag-slovensko","global-categories-cycling"],"yoast_head":"<!-- This site is optimized with the Yoast SEO Premium plugin v25.3 (Yoast SEO v25.9) - https:\/\/yoast.com\/wordpress\/plugins\/seo\/ -->\n<title>Teatro Okolo Malohontu: &quot;Najkraj\u0161ie preteky s\u00fa na jese\u0148&quot; - \u0160koda We Love Cycling Slovensko<\/title>\n<meta name=\"robots\" content=\"index, follow, max-snippet:-1, max-image-preview:large, max-video-preview:-1\" \/>\n<link rel=\"canonical\" href=\"https:\/\/www.welovecycling.com\/sk\/2022\/09\/02\/teatro-okolo-malohontu-najkrajsie-preteky-su-na-jesen\/\" \/>\n<meta property=\"og:locale\" content=\"sk_SK\" \/>\n<meta property=\"og:type\" content=\"article\" \/>\n<meta property=\"og:title\" content=\"Teatro Okolo Malohontu: &quot;Najkraj\u0161ie preteky s\u00fa na jese\u0148&quot;\" \/>\n<meta property=\"og:description\" content=\"U\u017e deviaty ro\u010dn\u00edk ob\u013e\u00faben\u00fdch cyklistick\u00fdch pretekov Teatro Okolo Malohontu, ktor\u00e9 sa ka\u017edoro\u010dne konaj\u00fa v Rimavskej Sobote, maj\u00fa term\u00edn 11. septembra [&hellip;]\" \/>\n<meta property=\"og:url\" content=\"https:\/\/www.welovecycling.com\/sk\/2022\/09\/02\/teatro-okolo-malohontu-najkrajsie-preteky-su-na-jesen\/\" \/>\n<meta property=\"og:site_name\" content=\"\u0160koda We Love Cycling Slovensko\" \/>\n<meta property=\"article:published_time\" content=\"2022-09-02T17:07:49+00:00\" \/>\n<meta property=\"article:modified_time\" content=\"2022-09-02T17:11:54+00:00\" \/>\n<meta property=\"og:image\" content=\"https:\/\/d2p6e6u75xmxt8.cloudfront.net\/4\/2022\/09\/okolo-malohontu-4.webp\" \/>\n\t<meta property=\"og:image:width\" content=\"2560\" \/>\n\t<meta property=\"og:image:height\" content=\"1551\" \/>\n\t<meta property=\"og:image:type\" content=\"image\/webp\" \/>\n<meta name=\"author\" content=\"Zozzi\" \/>\n<meta name=\"twitter:card\" content=\"summary_large_image\" \/>\n<meta name=\"twitter:label1\" content=\"Written by\" \/>\n\t<meta name=\"twitter:data1\" content=\"Redakcia\" \/>\n\t<meta name=\"twitter:label2\" content=\"Est. reading time\" \/>\n\t<meta name=\"twitter:data2\" content=\"4\" \/>\n<script type=\"application\/ld+json\" class=\"yoast-schema-graph\">{\"@context\":\"https:\/\/schema.org\",\"@graph\":[{\"@type\":\"WebPage\",\"@id\":\"https:\/\/www.welovecycling.com\/sk\/2022\/09\/02\/teatro-okolo-malohontu-najkrajsie-preteky-su-na-jesen\/\",\"url\":\"https:\/\/www.welovecycling.com\/sk\/2022\/09\/02\/teatro-okolo-malohontu-najkrajsie-preteky-su-na-jesen\/\",\"name\":\"Teatro Okolo Malohontu: \\\"Najkraj\u0161ie preteky s\u00fa na jese\u0148\\\" - \u0160koda We Love Cycling Slovensko\",\"isPartOf\":{\"@id\":\"https:\/\/www.welovecycling.com\/sk\/#website\"},\"primaryImageOfPage\":{\"@id\":\"https:\/\/www.welovecycling.com\/sk\/2022\/09\/02\/teatro-okolo-malohontu-najkrajsie-preteky-su-na-jesen\/#primaryimage\"},\"image\":{\"@id\":\"https:\/\/www.welovecycling.com\/sk\/2022\/09\/02\/teatro-okolo-malohontu-najkrajsie-preteky-su-na-jesen\/#primaryimage\"},\"thumbnailUrl\":\"https:\/\/d2p6e6u75xmxt8.cloudfront.net\/4\/2022\/09\/okolo-malohontu-4.webp\",\"datePublished\":\"2022-09-02T17:07:49+00:00\",\"dateModified\":\"2022-09-02T17:11:54+00:00\",\"author\":{\"@id\":\"https:\/\/www.welovecycling.com\/sk\/#\/schema\/person\/69a353af73d9db8f391581204a521230\"},\"breadcrumb\":{\"@id\":\"https:\/\/www.welovecycling.com\/sk\/2022\/09\/02\/teatro-okolo-malohontu-najkrajsie-preteky-su-na-jesen\/#breadcrumb\"},\"inLanguage\":\"sk-SK\",\"potentialAction\":[{\"@type\":\"ReadAction\",\"target\":[\"https:\/\/www.welovecycling.com\/sk\/2022\/09\/02\/teatro-okolo-malohontu-najkrajsie-preteky-su-na-jesen\/\"]}]},{\"@type\":\"ImageObject\",\"inLanguage\":\"sk-SK\",\"@id\":\"https:\/\/www.welovecycling.com\/sk\/2022\/09\/02\/teatro-okolo-malohontu-najkrajsie-preteky-su-na-jesen\/#primaryimage\",\"url\":\"https:\/\/d2p6e6u75xmxt8.cloudfront.net\/4\/2022\/09\/okolo-malohontu-4.webp\",\"contentUrl\":\"https:\/\/d2p6e6u75xmxt8.cloudfront.net\/4\/2022\/09\/okolo-malohontu-4.webp\",\"width\":2560,\"height\":1551},{\"@type\":\"BreadcrumbList\",\"@id\":\"https:\/\/www.welovecycling.com\/sk\/2022\/09\/02\/teatro-okolo-malohontu-najkrajsie-preteky-su-na-jesen\/#breadcrumb\",\"itemListElement\":[{\"@type\":\"ListItem\",\"position\":1,\"name\":\"Home\",\"item\":\"https:\/\/www.welovecycling.com\/sk\/\"},{\"@type\":\"ListItem\",\"position\":2,\"name\":\"Teatro Okolo Malohontu: &#8222;Najkraj\u0161ie preteky s\u00fa na jese\u0148&#8220;\"}]},{\"@type\":\"WebSite\",\"@id\":\"https:\/\/www.welovecycling.com\/sk\/#website\",\"url\":\"https:\/\/www.welovecycling.com\/sk\/\",\"name\":\"\u0160koda We Love Cycling Slovensko\",\"description\":\"\u0160koda We Love Cycling Slovensko je v\u00e1\u0161 ka\u017edodenn\u00fd zdroj noviniek a in\u0161pir\u00e1cie z sveta cyklistiky\",\"potentialAction\":[{\"@type\":\"SearchAction\",\"target\":{\"@type\":\"EntryPoint\",\"urlTemplate\":\"https:\/\/www.welovecycling.com\/sk\/?s={search_term_string}\"},\"query-input\":{\"@type\":\"PropertyValueSpecification\",\"valueRequired\":true,\"valueName\":\"search_term_string\"}}],\"inLanguage\":\"sk-SK\"},{\"@type\":\"Person\",\"@id\":\"https:\/\/www.welovecycling.com\/sk\/#\/schema\/person\/69a353af73d9db8f391581204a521230\",\"name\":\"Zozzi\",\"image\":{\"@type\":\"ImageObject\",\"inLanguage\":\"sk-SK\",\"@id\":\"https:\/\/www.welovecycling.com\/sk\/#\/schema\/person\/image\/\",\"url\":\"https:\/\/secure.gravatar.com\/avatar\/0255afbdd216c325a2a30335b3ab5281cba74e43cb20818f979685eff3429a06?s=96&d=mm&r=g\",\"contentUrl\":\"https:\/\/secure.gravatar.com\/avatar\/0255afbdd216c325a2a30335b3ab5281cba74e43cb20818f979685eff3429a06?s=96&d=mm&r=g\",\"caption\":\"Zozzi\"},\"url\":\"https:\/\/www.welovecycling.com\/sk\/author\/zozzi\/\"}]}<\/script>\n<!-- \/ Yoast SEO Premium plugin. -->","yoast_head_json":{"title":"Teatro Okolo Malohontu: \"Najkraj\u0161ie preteky s\u00fa na jese\u0148\" - \u0160koda We Love Cycling Slovensko","robots":{"index":"index","follow":"follow","max-snippet":"max-snippet:-1","max-image-preview":"max-image-preview:large","max-video-preview":"max-video-preview:-1"},"canonical":"https:\/\/www.welovecycling.com\/sk\/2022\/09\/02\/teatro-okolo-malohontu-najkrajsie-preteky-su-na-jesen\/","og_locale":"sk_SK","og_type":"article","og_title":"Teatro Okolo Malohontu: \"Najkraj\u0161ie preteky s\u00fa na jese\u0148\"","og_description":"U\u017e deviaty ro\u010dn\u00edk ob\u013e\u00faben\u00fdch cyklistick\u00fdch pretekov Teatro Okolo Malohontu, ktor\u00e9 sa ka\u017edoro\u010dne konaj\u00fa v Rimavskej Sobote, maj\u00fa term\u00edn 11. septembra [&hellip;]","og_url":"https:\/\/www.welovecycling.com\/sk\/2022\/09\/02\/teatro-okolo-malohontu-najkrajsie-preteky-su-na-jesen\/","og_site_name":"\u0160koda We Love Cycling Slovensko","article_published_time":"2022-09-02T17:07:49+00:00","article_modified_time":"2022-09-02T17:11:54+00:00","og_image":[{"width":2560,"height":1551,"url":"https:\/\/d2p6e6u75xmxt8.cloudfront.net\/4\/2022\/09\/okolo-malohontu-4.webp","type":"image\/webp"}],"author":"Zozzi","twitter_card":"summary_large_image","twitter_misc":{"Written by":"Redakcia","Est. reading time":"4"},"schema":{"@context":"https:\/\/schema.org","@graph":[{"@type":"WebPage","@id":"https:\/\/www.welovecycling.com\/sk\/2022\/09\/02\/teatro-okolo-malohontu-najkrajsie-preteky-su-na-jesen\/","url":"https:\/\/www.welovecycling.com\/sk\/2022\/09\/02\/teatro-okolo-malohontu-najkrajsie-preteky-su-na-jesen\/","name":"Teatro Okolo Malohontu: \"Najkraj\u0161ie preteky s\u00fa na jese\u0148\" - \u0160koda We Love Cycling Slovensko","isPartOf":{"@id":"https:\/\/www.welovecycling.com\/sk\/#website"},"primaryImageOfPage":{"@id":"https:\/\/www.welovecycling.com\/sk\/2022\/09\/02\/teatro-okolo-malohontu-najkrajsie-preteky-su-na-jesen\/#primaryimage"},"image":{"@id":"https:\/\/www.welovecycling.com\/sk\/2022\/09\/02\/teatro-okolo-malohontu-najkrajsie-preteky-su-na-jesen\/#primaryimage"},"thumbnailUrl":"https:\/\/d2p6e6u75xmxt8.cloudfront.net\/4\/2022\/09\/okolo-malohontu-4.webp","datePublished":"2022-09-02T17:07:49+00:00","dateModified":"2022-09-02T17:11:54+00:00","author":{"@id":"https:\/\/www.welovecycling.com\/sk\/#\/schema\/person\/69a353af73d9db8f391581204a521230"},"breadcrumb":{"@id":"https:\/\/www.welovecycling.com\/sk\/2022\/09\/02\/teatro-okolo-malohontu-najkrajsie-preteky-su-na-jesen\/#breadcrumb"},"inLanguage":"sk-SK","potentialAction":[{"@type":"ReadAction","target":["https:\/\/www.welovecycling.com\/sk\/2022\/09\/02\/teatro-okolo-malohontu-najkrajsie-preteky-su-na-jesen\/"]}]},{"@type":"ImageObject","inLanguage":"sk-SK","@id":"https:\/\/www.welovecycling.com\/sk\/2022\/09\/02\/teatro-okolo-malohontu-najkrajsie-preteky-su-na-jesen\/#primaryimage","url":"https:\/\/d2p6e6u75xmxt8.cloudfront.net\/4\/2022\/09\/okolo-malohontu-4.webp","contentUrl":"https:\/\/d2p6e6u75xmxt8.cloudfront.net\/4\/2022\/09\/okolo-malohontu-4.webp","width":2560,"height":1551},{"@type":"BreadcrumbList","@id":"https:\/\/www.welovecycling.com\/sk\/2022\/09\/02\/teatro-okolo-malohontu-najkrajsie-preteky-su-na-jesen\/#breadcrumb","itemListElement":[{"@type":"ListItem","position":1,"name":"Home","item":"https:\/\/www.welovecycling.com\/sk\/"},{"@type":"ListItem","position":2,"name":"Teatro Okolo Malohontu: &#8222;Najkraj\u0161ie preteky s\u00fa na jese\u0148&#8220;"}]},{"@type":"WebSite","@id":"https:\/\/www.welovecycling.com\/sk\/#website","url":"https:\/\/www.welovecycling.com\/sk\/","name":"\u0160koda We Love Cycling Slovensko","description":"\u0160koda We Love Cycling Slovensko je v\u00e1\u0161 ka\u017edodenn\u00fd zdroj noviniek a in\u0161pir\u00e1cie z sveta cyklistiky","potentialAction":[{"@type":"SearchAction","target":{"@type":"EntryPoint","urlTemplate":"https:\/\/www.welovecycling.com\/sk\/?s={search_term_string}"},"query-input":{"@type":"PropertyValueSpecification","valueRequired":true,"valueName":"search_term_string"}}],"inLanguage":"sk-SK"},{"@type":"Person","@id":"https:\/\/www.welovecycling.com\/sk\/#\/schema\/person\/69a353af73d9db8f391581204a521230","name":"Zozzi","image":{"@type":"ImageObject","inLanguage":"sk-SK","@id":"https:\/\/www.welovecycling.com\/sk\/#\/schema\/person\/image\/","url":"https:\/\/secure.gravatar.com\/avatar\/0255afbdd216c325a2a30335b3ab5281cba74e43cb20818f979685eff3429a06?s=96&d=mm&r=g","contentUrl":"https:\/\/secure.gravatar.com\/avatar\/0255afbdd216c325a2a30335b3ab5281cba74e43cb20818f979685eff3429a06?s=96&d=mm&r=g","caption":"Zozzi"},"url":"https:\/\/www.welovecycling.com\/sk\/author\/zozzi\/"}]}},"_links":{"self":[{"href":"https:\/\/www.welovecycling.com\/sk\/wp-json\/wp\/v2\/posts\/15274","targetHints":{"allow":["GET"]}}],"collection":[{"href":"https:\/\/www.welovecycling.com\/sk\/wp-json\/wp\/v2\/posts"}],"about":[{"href":"https:\/\/www.welovecycling.com\/sk\/wp-json\/wp\/v2\/types\/post"}],"author":[{"embeddable":true,"href":"https:\/\/www.welovecycling.com\/sk\/wp-json\/wp\/v2\/users\/40"}],"replies":[{"embeddable":true,"href":"https:\/\/www.welovecycling.com\/sk\/wp-json\/wp\/v2\/comments?post=15274"}],"version-history":[{"count":2,"href":"https:\/\/www.welovecycling.com\/sk\/wp-json\/wp\/v2\/posts\/15274\/revisions"}],"predecessor-version":[{"id":15315,"href":"https:\/\/www.welovecycling.com\/sk\/wp-json\/wp\/v2\/posts\/15274\/revisions\/15315"}],"wp:featuredmedia":[{"embeddable":true,"href":"https:\/\/www.welovecycling.com\/sk\/wp-json\/wp\/v2\/media\/15314"}],"wp:attachment":[{"href":"https:\/\/www.welovecycling.com\/sk\/wp-json\/wp\/v2\/media?parent=15274"}],"wp:term":[{"taxonomy":"category","embeddable":true,"href":"https:\/\/www.welovecycling.com\/sk\/wp-json\/wp\/v2\/categories?post=15274"},{"taxonomy":"post_tag","embeddable":true,"href":"https:\/\/www.welovecycling.com\/sk\/wp-json\/wp\/v2\/tags?post=15274"},{"taxonomy":"global-categories","embeddable":true,"href":"https:\/\/www.welovecycling.com\/sk\/wp-json\/wp\/v2\/global-categories?post=15274"}],"curies":[{"name":"wp","href":"https:\/\/api.w.org\/{rel}","templated":true}]}}