{"id":15249,"date":"2022-08-30T16:47:22","date_gmt":"2022-08-30T14:47:22","guid":{"rendered":"https:\/\/www.welovecycling.com\/sk\/?p=15249"},"modified":"2022-09-12T15:46:09","modified_gmt":"2022-09-12T13:46:09","slug":"majstrovstva-sveta-v-e-mtb-2022-peter-sagan-ako-ho-nepozname","status":"publish","type":"post","link":"https:\/\/www.welovecycling.com\/sk\/2022\/08\/30\/majstrovstva-sveta-v-e-mtb-2022-peter-sagan-ako-ho-nepozname\/","title":{"rendered":"Majstrovstv\u00e1 sveta v e-MTB 2022 &#8211; Peter Sagan ako ho nepozn\u00e1me"},"content":{"rendered":"<p><strong>Peter Sagan n\u00e1m u\u017e dlho ukazuje, \u017ee m\u00e1 r\u00e1d cyklistiku vo v\u0161etk\u00fdch jej podob\u00e1ch a nez\u013eakne sa \u017eiadnej v\u00fdzvy. Okrem \u201eces\u0165\u00e1ku\u201c sme ho mohli vidie\u0165 aj preteka\u0165 na horskom bicykli na olympi\u00e1de v roku 2016, \u010di na gravel pretekoch Unbound Gravel pred <a href=\"https:\/\/www.welovecycling.com\/sk\/2022\/07\/25\/tour-de-france-2022-zlty-sen-jumbo-visma\/\">tohtoro\u010dnou Tour de France<\/a> a t\u00fdm jeho dobrodru\u017estv\u00e1 v ter\u00e9ne z\u010faleka nekon\u010dia.<\/strong><!--more--><\/p>\n<p><span style=\"font-weight: 400;\">Vo franc\u00fazskom Les Gets sa toti\u017e konali majstrovstv\u00e1 sveta v horskej cyklistike. Historicky \u0161tvrt\u00fdkr\u00e1t sa na nich predstavili aj jazdci na e-bikoch. <strong>Prostredie horskej cyklistiky Saganovi v\u00f4bec nie je nezn\u00e1me. Ve\u010f pr\u00e1ve jej sa venoval e\u0161te predt\u00fdm, ako \u201eprebehol\u201c na cestu a zaznamenal aj nieko\u013eko pekn\u00fdch v\u00fdsledkov. Najv\u00fdraznej\u0161\u00edm bol asi juniorsk\u00fd titul majstra sveta z roku 2008.<\/strong><\/span><br \/>\n<div class=\"shortcode-ys-post-pinup\"><article class=\"loop-simple post-12351 post type-post status-publish format-standard has-post-thumbnail hentry category-grand-tour tag-bora-hansgrohe tag-cestna-cyklistika tag-majster-slovenska tag-majster-sveta tag-peter-sagan tag-profesional tag-sezona-2021 tag-slovensko tag-tour-de-france tag-tour-de-france-2021 tag-vitaz tag-zilina tag-zranenia global-categories-cycling\" data-postid=\"12351\" role=\"article\" data-post-id=\"12351\" data-word-count=\"542\" data-headline-length=\"54\" data-category=\"Profesion\u00e1li\" data-global-category=\"Cycling\" data-author=\"WeLoveCycling\" data-published=\"2021-07-26T10:00:04+02:00\" data-published-day=\"Monday\">\n    <div class=\"entry-thumbnail article-thumbnail\" content=\"https:\/\/d2p6e6u75xmxt8.cloudfront.net\/4\/2021\/07\/PS_00-150x150.webp\"><a href=\"https:\/\/www.welovecycling.com\/sk\/2021\/07\/26\/peter-sagan-a-jeho-cesta-na-tour-de-france-v-roku-2021\/\" class=\"image-holder\" target=\"_self\"><img decoding=\"async\" loading=\"lazy\" class=\"\" src=\"https:\/\/d2p6e6u75xmxt8.cloudfront.net\/4\/2021\/07\/PS_00-1024x445.webp\" srcset=\"https:\/\/d2p6e6u75xmxt8.cloudfront.net\/4\/2021\/07\/PS_00.webp 1380w, https:\/\/d2p6e6u75xmxt8.cloudfront.net\/4\/2021\/07\/PS_00-300x130.webp 300w, https:\/\/d2p6e6u75xmxt8.cloudfront.net\/4\/2021\/07\/PS_00-1024x445.webp 1024w, https:\/\/d2p6e6u75xmxt8.cloudfront.net\/4\/2021\/07\/PS_00-768x334.webp 768w\" width=\"1024\" height=\"445\" sizes=\"auto, (min-width: 1200px) 460px, (min-width: 768px) 38vw, 100vw\" alt=\"peter-sagan-a-jeho-cesta-na-tour-de-france-v-roku-2021\"\/><\/a><\/div>    <div class=\"entry-meta\">\n        <a class=\"label label-secondary post-category\" href=\"https:\/\/www.welovecycling.com\/sk\/category\/grand-tour\/\" title=\"Profesion\u00e1li\">Profesion\u00e1li<\/a>\n    <\/div>\n    <div class=\"entry-details\">\n        <a href=\"https:\/\/www.welovecycling.com\/sk\/2021\/07\/26\/peter-sagan-a-jeho-cesta-na-tour-de-france-v-roku-2021\/\" class='entry-title-wrapper'>\n            <h3 class=\"entry-title\"><span>Peter Sagan a jeho cesta na Tour de France v roku 2021<\/span><\/h3>\n        <\/a>\n    <\/div>\n    <\/article>\n<\/div><\/p>\n<h2><b>Motiv\u00e1cia, bike a t\u00edm<\/b><\/h2>\n<p><span style=\"font-weight: 400;\">U\u017e na za\u010diatku sa Pe\u0165o vyjadril, \u017ee nebude konkurencieschopn\u00fd a\u00a0z\u00fa\u010dastni\u0165 sa pl\u00e1nuje kv\u00f4li podpore kamar\u00e1tov a\u00a0sponzorov. Okrem toho si chcel vysk\u00fa\u0161a\u0165 nie\u010do nov\u00e9, stretn\u00fa\u0165 fan\u00fa\u0161ikov a\u00a0zav\u010fa\u010di\u0165 sa im za podporu a\u00a0v\u00a0prvom rade sa zabavi\u0165, o\u00a0\u010dom sved\u010dia aj jeho slov\u00e1: <em>\u201eBude to p\u00e1rty.\u201c\u00a0<\/em><\/span><\/p>\n<p>https:\/\/www.instagram.com\/p\/ChpOrXtDVWj\/<br \/>\n<span style=\"font-weight: 400;\">Specialized mu pre t\u00fato pr\u00edle\u017eitos\u0165 prichystal karb\u00f3nov\u00fd e-bike v\u00a0mullet preveden\u00ed. S-Works Turbo Levo s\u00a0motorom Specialized Turbo Full Power System 2.2, integrovanou bat\u00e9riou s\u00a0v\u00fdkonom 700 Wh, vidlicou FOX Float 38 Factory, teleskopickou sedlovkou RockShox Reverb AXS, raden\u00edm Sram Eagle AXS a\u00a0brzdami Magura MT7.\u00a0<\/span><\/p>\n<p>https:\/\/www.instagram.com\/p\/Chp1nQSrUrr\/<br \/>\n<span style=\"font-weight: 400;\">\u201eSpolubojovn\u00edkov\u201c na trati mu robili Martin Knapec a \u013dubo\u0161 Sta\u0148o \u2013 t\u00fdch mnoh\u00ed pozn\u00e1me zo sveta endura a\u00a0zjazdu a\u00a0takisto Filip Sklen\u00e1rik, ktor\u00fd sa venuje XC aj enduru.\u00a0<\/span><\/p>\n<h2><b>XC tra\u0165 a\u00a0tr\u00e9ningy<\/b><\/h2>\n<p><span style=\"font-weight: 400;\">MS v\u00a0e-bikoch sa jazdili na tej istej trati, ako nesk\u00f4r aj XCO, s\u00a0jedin\u00fdm rozdielom \u2013 pretekalo sa v\u00a0protismere. <strong>To znamen\u00e1, \u017ee mno\u017estvo umel\u00fdch skokov bolo treba absolvova\u0165 smerom nahor, \u010do si vy\u017eadovalo vycibren\u00fa techniku, prihliadnuc aj na to, ko\u013eko k\u00edl mali jazdci \u201epod zadkom\u201c.<\/strong> Prir\u00e1tame mno\u017estvo kore\u0148ov a\u00a0pr\u00edrodn\u00fdch prek\u00e1\u017eok a\u00a0z\u00edskame pomerne n\u00e1ro\u010dn\u00fa tra\u0165, na ktorej sa napokon makalo hodinu.\u00a0<\/span><\/p>\n<p>https:\/\/www.instagram.com\/p\/ChotMFtsUSa\/<br \/>\n<span style=\"font-weight: 400;\">Tr\u00e9ningy boli such\u00e9, no aj napriek tomu sa Pe\u0165o vyjadril, \u017ee to bola \u201esiln\u00e1 k\u00e1va\u201c s\u00a0t\u00fdm, \u017ee oproti ceste sa omnoho viac vyu\u017e\u00edva horn\u00e1 \u010das\u0165 tela, na \u010do nie je zvyknut\u00fd. Rozdiely rob\u00ed aj hmotnos\u0165 jazdcov a\u00a0v\u00a0neposlednom rade, hoci e-bike ist\u00fdm sp\u00f4sobom pom\u00e1ha v\u00a0jazde do kopca, <strong>dlho sa ide \u201ena hrane\u201c, \u010do koniec koncov dokazoval aj jeho najvy\u0161\u0161\u00ed tep za posledn\u00fdch desa\u0165 rokov \u2013 190 \u00faderov za min\u00fatu<\/strong>. Ve\u013ea sa hovorilo aj o\u00a0predpovedi po\u010dasia, ke\u010f\u017ee na piatkov\u00e9 preteky hl\u00e1sili d\u00e1\u017e\u010f, \u010do znamenalo \u00faplne in\u00e9 podmienky na trati.\u00a0<\/span><\/p>\n<p>https:\/\/www.instagram.com\/p\/Chud7OiLDRc\/<\/p>\n<h2><b>Blato a\u00a0p\u00e1dy<\/b><\/h2>\n<p><span style=\"font-weight: 400;\">&#8230;a predpove\u010f nesklamala, pretek\u00e1ri sa v piatok skuto\u010dne postavili o 11:30 na mokr\u00fa tra\u0165. Aj n\u00e1ro\u010dn\u00e9 podmienky sp\u00f4sobili, \u017ee sa Pe\u0165o nevyhol p\u00e1dom (na zemi sa ocitol trikr\u00e1t). No nejednalo sa o ni\u010d z\u00e1va\u017en\u00e9 a v\u017edy dok\u00e1zal pokra\u010dova\u0165 \u010falej.<strong> V konkurencii \u010fal\u0161\u00edch tridsiatich\u0161tyroch cyklistov z toho napokon bolo pekn\u00e9 16. miesto. T\u00fdm sa stal najlep\u0161\u00edm Slov\u00e1kom v pretekoch a na v\u00ed\u0165azn\u00e9ho Jeromeho Gillouxa stratil 5 min\u00fat a 27 sek\u00fand.<\/strong> Pomerne tesne za n\u00edm, na 18. mieste skon\u010dil \u013dubo\u0161 Sta\u0148o, Filip Sklen\u00e1rik skon\u010dil 24. a Martin Knapec 27.<\/span><\/p>\n<p>https:\/\/www.instagram.com\/p\/ChulTqzLRZt\/<br \/>\n<span style=\"font-weight: 400;\">Neost\u00e1va n\u00e1m in\u00e9, ako Pe\u0165ovi zagratulova\u0165 k\u00a0pekn\u00e9mu v\u00fdsledku v\u00a0discipl\u00edne, v\u00a0ktorej sa v\u00a0s\u00fa\u010dasnosti inak ve\u013emi nepohybuje a\u00a0popria\u0165 ve\u013ea \u0161\u0165astia do ostatku sez\u00f3ny. Aj tak\u00fdmto sp\u00f4sobom n\u00e1m ukazuje, \u017ee e-biky predsa len nie s\u00fa \u201emotorky\u201c a\u00a0\u010dlovek si na nich poriadne \u201ezamak\u00e1\u201c, ke\u010f treba. No \u010do je najd\u00f4le\u017eitej\u0161ie, priniesli mu mno\u017estvo z\u00e1bavy a\u00a0Pe\u0165o znova len potvrdil svoje slov\u00e1 spred p\u00e1r rokov: <em>\u201eWhy so serious?\u201c<\/em><\/span><\/p>\n<p>Tituln\u00e1 fotografia: Martin Domok\/sport24.sk<br \/>\nText bol usporiadan\u00fd <a href=\"https:\/\/bachelorarbeit-schreiben-lassen.com\/masterarbeit-schreiben-lassen\/\">Masterarbeit schreiben lassen<\/a><\/p>\n","protected":false},"excerpt":{"rendered":"<p>Peter Sagan n\u00e1m u\u017e dlho ukazuje, \u017ee m\u00e1 r\u00e1d cyklistiku vo v\u0161etk\u00fdch jej podob\u00e1ch a nez\u013eakne sa \u017eiadnej v\u00fdzvy. Okrem [&hellip;]<\/p>\n","protected":false},"author":164,"featured_media":15252,"comment_status":"open","ping_status":"open","sticky":false,"template":"","format":"standard","meta":{"footnotes":""},"categories":[3],"tags":[969,261,691,306,180,902,281,412,46,179,1411],"global-categories":[1074],"class_list":["post-15249","post","type-post","status-publish","format-standard","has-post-thumbnail","hentry","category-mtb","tag-cross-country","tag-ebike","tag-elektrobicykel","tag-francuzsko","tag-horska-cyklistika","tag-horsky-bicykel","tag-majstrovstva-sveta","tag-mtb","tag-peter-sagan","tag-preteky","tag-sezona-2022","global-categories-cycling"],"yoast_head":"<!-- This site is optimized with the Yoast SEO Premium plugin v25.3 (Yoast SEO v25.9) - https:\/\/yoast.com\/wordpress\/plugins\/seo\/ -->\n<title>Majstrovstv\u00e1 sveta v e-MTB 2022 - Peter Sagan ako ho nepozn\u00e1me - \u0160koda We Love Cycling Slovensko<\/title>\n<meta name=\"description\" content=\"Peter Sagan n\u00e1m u\u017e dlho ukazuje, \u017ee m\u00e1 r\u00e1d cyklistiku vo v\u0161etk\u00fdch jej podob\u00e1ch a nez\u013eakne sa \u017eiadnej v\u00fdzvy - Majstrovstv\u00e1 sveta v e-MTB 2022.\" \/>\n<meta name=\"robots\" content=\"index, follow, max-snippet:-1, max-image-preview:large, max-video-preview:-1\" \/>\n<link rel=\"canonical\" href=\"https:\/\/www.welovecycling.com\/sk\/2022\/08\/30\/majstrovstva-sveta-v-e-mtb-2022-peter-sagan-ako-ho-nepozname\/\" \/>\n<meta property=\"og:locale\" content=\"sk_SK\" \/>\n<meta property=\"og:type\" content=\"article\" \/>\n<meta property=\"og:title\" content=\"Majstrovstv\u00e1 sveta v e-MTB 2022 - Peter Sagan ako ho nepozn\u00e1me\" \/>\n<meta property=\"og:description\" content=\"Peter Sagan n\u00e1m u\u017e dlho ukazuje, \u017ee m\u00e1 r\u00e1d cyklistiku vo v\u0161etk\u00fdch jej podob\u00e1ch a nez\u013eakne sa \u017eiadnej v\u00fdzvy - Majstrovstv\u00e1 sveta v e-MTB 2022.\" \/>\n<meta property=\"og:url\" content=\"https:\/\/www.welovecycling.com\/sk\/2022\/08\/30\/majstrovstva-sveta-v-e-mtb-2022-peter-sagan-ako-ho-nepozname\/\" \/>\n<meta property=\"og:site_name\" content=\"\u0160koda We Love Cycling Slovensko\" \/>\n<meta property=\"article:published_time\" content=\"2022-08-30T14:47:22+00:00\" \/>\n<meta property=\"article:modified_time\" content=\"2022-09-12T13:46:09+00:00\" \/>\n<meta property=\"og:image\" content=\"https:\/\/d2p6e6u75xmxt8.cloudfront.net\/4\/2022\/08\/sagan.JPG.webp\" \/>\n\t<meta property=\"og:image:width\" content=\"990\" \/>\n\t<meta property=\"og:image:height\" content=\"660\" \/>\n\t<meta property=\"og:image:type\" content=\"image\/webp\" \/>\n<meta name=\"author\" content=\"lenka\" \/>\n<meta name=\"twitter:card\" content=\"summary_large_image\" \/>\n<meta name=\"twitter:label1\" content=\"Written by\" \/>\n\t<meta name=\"twitter:data1\" content=\"WeLoveCycling\" \/>\n\t<meta name=\"twitter:label2\" content=\"Est. reading time\" \/>\n\t<meta name=\"twitter:data2\" content=\"3\" \/>\n<script type=\"application\/ld+json\" class=\"yoast-schema-graph\">{\"@context\":\"https:\/\/schema.org\",\"@graph\":[{\"@type\":\"WebPage\",\"@id\":\"https:\/\/www.welovecycling.com\/sk\/2022\/08\/30\/majstrovstva-sveta-v-e-mtb-2022-peter-sagan-ako-ho-nepozname\/\",\"url\":\"https:\/\/www.welovecycling.com\/sk\/2022\/08\/30\/majstrovstva-sveta-v-e-mtb-2022-peter-sagan-ako-ho-nepozname\/\",\"name\":\"Majstrovstv\u00e1 sveta v e-MTB 2022 - Peter Sagan ako ho nepozn\u00e1me - \u0160koda We Love Cycling Slovensko\",\"isPartOf\":{\"@id\":\"https:\/\/www.welovecycling.com\/sk\/#website\"},\"primaryImageOfPage\":{\"@id\":\"https:\/\/www.welovecycling.com\/sk\/2022\/08\/30\/majstrovstva-sveta-v-e-mtb-2022-peter-sagan-ako-ho-nepozname\/#primaryimage\"},\"image\":{\"@id\":\"https:\/\/www.welovecycling.com\/sk\/2022\/08\/30\/majstrovstva-sveta-v-e-mtb-2022-peter-sagan-ako-ho-nepozname\/#primaryimage\"},\"thumbnailUrl\":\"https:\/\/d2p6e6u75xmxt8.cloudfront.net\/4\/2022\/08\/sagan.JPG.webp\",\"datePublished\":\"2022-08-30T14:47:22+00:00\",\"dateModified\":\"2022-09-12T13:46:09+00:00\",\"author\":{\"@id\":\"https:\/\/www.welovecycling.com\/sk\/#\/schema\/person\/2df6b15c0883206e1fbafa50a0699ba3\"},\"description\":\"Peter Sagan n\u00e1m u\u017e dlho ukazuje, \u017ee m\u00e1 r\u00e1d cyklistiku vo v\u0161etk\u00fdch jej podob\u00e1ch a nez\u013eakne sa \u017eiadnej v\u00fdzvy - Majstrovstv\u00e1 sveta v e-MTB 2022.\",\"breadcrumb\":{\"@id\":\"https:\/\/www.welovecycling.com\/sk\/2022\/08\/30\/majstrovstva-sveta-v-e-mtb-2022-peter-sagan-ako-ho-nepozname\/#breadcrumb\"},\"inLanguage\":\"sk-SK\",\"potentialAction\":[{\"@type\":\"ReadAction\",\"target\":[\"https:\/\/www.welovecycling.com\/sk\/2022\/08\/30\/majstrovstva-sveta-v-e-mtb-2022-peter-sagan-ako-ho-nepozname\/\"]}]},{\"@type\":\"ImageObject\",\"inLanguage\":\"sk-SK\",\"@id\":\"https:\/\/www.welovecycling.com\/sk\/2022\/08\/30\/majstrovstva-sveta-v-e-mtb-2022-peter-sagan-ako-ho-nepozname\/#primaryimage\",\"url\":\"https:\/\/d2p6e6u75xmxt8.cloudfront.net\/4\/2022\/08\/sagan.JPG.webp\",\"contentUrl\":\"https:\/\/d2p6e6u75xmxt8.cloudfront.net\/4\/2022\/08\/sagan.JPG.webp\",\"width\":990,\"height\":660},{\"@type\":\"BreadcrumbList\",\"@id\":\"https:\/\/www.welovecycling.com\/sk\/2022\/08\/30\/majstrovstva-sveta-v-e-mtb-2022-peter-sagan-ako-ho-nepozname\/#breadcrumb\",\"itemListElement\":[{\"@type\":\"ListItem\",\"position\":1,\"name\":\"Home\",\"item\":\"https:\/\/www.welovecycling.com\/sk\/\"},{\"@type\":\"ListItem\",\"position\":2,\"name\":\"Majstrovstv\u00e1 sveta v e-MTB 2022 &#8211; Peter Sagan ako ho nepozn\u00e1me\"}]},{\"@type\":\"WebSite\",\"@id\":\"https:\/\/www.welovecycling.com\/sk\/#website\",\"url\":\"https:\/\/www.welovecycling.com\/sk\/\",\"name\":\"\u0160koda We Love Cycling Slovensko\",\"description\":\"\u0160koda We Love Cycling Slovensko je v\u00e1\u0161 ka\u017edodenn\u00fd zdroj noviniek a in\u0161pir\u00e1cie z sveta cyklistiky\",\"potentialAction\":[{\"@type\":\"SearchAction\",\"target\":{\"@type\":\"EntryPoint\",\"urlTemplate\":\"https:\/\/www.welovecycling.com\/sk\/?s={search_term_string}\"},\"query-input\":{\"@type\":\"PropertyValueSpecification\",\"valueRequired\":true,\"valueName\":\"search_term_string\"}}],\"inLanguage\":\"sk-SK\"},{\"@type\":\"Person\",\"@id\":\"https:\/\/www.welovecycling.com\/sk\/#\/schema\/person\/2df6b15c0883206e1fbafa50a0699ba3\",\"name\":\"lenka\",\"image\":{\"@type\":\"ImageObject\",\"inLanguage\":\"sk-SK\",\"@id\":\"https:\/\/www.welovecycling.com\/sk\/#\/schema\/person\/image\/\",\"url\":\"https:\/\/secure.gravatar.com\/avatar\/28ca317e14739d39e37b500c1a70297be4c700a425c0393ad2066ae7e7b984df?s=96&d=mm&r=g\",\"contentUrl\":\"https:\/\/secure.gravatar.com\/avatar\/28ca317e14739d39e37b500c1a70297be4c700a425c0393ad2066ae7e7b984df?s=96&d=mm&r=g\",\"caption\":\"lenka\"},\"url\":\"https:\/\/www.welovecycling.com\/sk\/author\/lenka\/\"}]}<\/script>\n<!-- \/ Yoast SEO Premium plugin. -->","yoast_head_json":{"title":"Majstrovstv\u00e1 sveta v e-MTB 2022 - Peter Sagan ako ho nepozn\u00e1me - \u0160koda We Love Cycling Slovensko","description":"Peter Sagan n\u00e1m u\u017e dlho ukazuje, \u017ee m\u00e1 r\u00e1d cyklistiku vo v\u0161etk\u00fdch jej podob\u00e1ch a nez\u013eakne sa \u017eiadnej v\u00fdzvy - Majstrovstv\u00e1 sveta v e-MTB 2022.","robots":{"index":"index","follow":"follow","max-snippet":"max-snippet:-1","max-image-preview":"max-image-preview:large","max-video-preview":"max-video-preview:-1"},"canonical":"https:\/\/www.welovecycling.com\/sk\/2022\/08\/30\/majstrovstva-sveta-v-e-mtb-2022-peter-sagan-ako-ho-nepozname\/","og_locale":"sk_SK","og_type":"article","og_title":"Majstrovstv\u00e1 sveta v e-MTB 2022 - Peter Sagan ako ho nepozn\u00e1me","og_description":"Peter Sagan n\u00e1m u\u017e dlho ukazuje, \u017ee m\u00e1 r\u00e1d cyklistiku vo v\u0161etk\u00fdch jej podob\u00e1ch a nez\u013eakne sa \u017eiadnej v\u00fdzvy - Majstrovstv\u00e1 sveta v e-MTB 2022.","og_url":"https:\/\/www.welovecycling.com\/sk\/2022\/08\/30\/majstrovstva-sveta-v-e-mtb-2022-peter-sagan-ako-ho-nepozname\/","og_site_name":"\u0160koda We Love Cycling Slovensko","article_published_time":"2022-08-30T14:47:22+00:00","article_modified_time":"2022-09-12T13:46:09+00:00","og_image":[{"width":990,"height":660,"url":"https:\/\/d2p6e6u75xmxt8.cloudfront.net\/4\/2022\/08\/sagan.JPG.webp","type":"image\/webp"}],"author":"lenka","twitter_card":"summary_large_image","twitter_misc":{"Written by":"WeLoveCycling","Est. reading time":"3"},"schema":{"@context":"https:\/\/schema.org","@graph":[{"@type":"WebPage","@id":"https:\/\/www.welovecycling.com\/sk\/2022\/08\/30\/majstrovstva-sveta-v-e-mtb-2022-peter-sagan-ako-ho-nepozname\/","url":"https:\/\/www.welovecycling.com\/sk\/2022\/08\/30\/majstrovstva-sveta-v-e-mtb-2022-peter-sagan-ako-ho-nepozname\/","name":"Majstrovstv\u00e1 sveta v e-MTB 2022 - Peter Sagan ako ho nepozn\u00e1me - \u0160koda We Love Cycling Slovensko","isPartOf":{"@id":"https:\/\/www.welovecycling.com\/sk\/#website"},"primaryImageOfPage":{"@id":"https:\/\/www.welovecycling.com\/sk\/2022\/08\/30\/majstrovstva-sveta-v-e-mtb-2022-peter-sagan-ako-ho-nepozname\/#primaryimage"},"image":{"@id":"https:\/\/www.welovecycling.com\/sk\/2022\/08\/30\/majstrovstva-sveta-v-e-mtb-2022-peter-sagan-ako-ho-nepozname\/#primaryimage"},"thumbnailUrl":"https:\/\/d2p6e6u75xmxt8.cloudfront.net\/4\/2022\/08\/sagan.JPG.webp","datePublished":"2022-08-30T14:47:22+00:00","dateModified":"2022-09-12T13:46:09+00:00","author":{"@id":"https:\/\/www.welovecycling.com\/sk\/#\/schema\/person\/2df6b15c0883206e1fbafa50a0699ba3"},"description":"Peter Sagan n\u00e1m u\u017e dlho ukazuje, \u017ee m\u00e1 r\u00e1d cyklistiku vo v\u0161etk\u00fdch jej podob\u00e1ch a nez\u013eakne sa \u017eiadnej v\u00fdzvy - Majstrovstv\u00e1 sveta v e-MTB 2022.","breadcrumb":{"@id":"https:\/\/www.welovecycling.com\/sk\/2022\/08\/30\/majstrovstva-sveta-v-e-mtb-2022-peter-sagan-ako-ho-nepozname\/#breadcrumb"},"inLanguage":"sk-SK","potentialAction":[{"@type":"ReadAction","target":["https:\/\/www.welovecycling.com\/sk\/2022\/08\/30\/majstrovstva-sveta-v-e-mtb-2022-peter-sagan-ako-ho-nepozname\/"]}]},{"@type":"ImageObject","inLanguage":"sk-SK","@id":"https:\/\/www.welovecycling.com\/sk\/2022\/08\/30\/majstrovstva-sveta-v-e-mtb-2022-peter-sagan-ako-ho-nepozname\/#primaryimage","url":"https:\/\/d2p6e6u75xmxt8.cloudfront.net\/4\/2022\/08\/sagan.JPG.webp","contentUrl":"https:\/\/d2p6e6u75xmxt8.cloudfront.net\/4\/2022\/08\/sagan.JPG.webp","width":990,"height":660},{"@type":"BreadcrumbList","@id":"https:\/\/www.welovecycling.com\/sk\/2022\/08\/30\/majstrovstva-sveta-v-e-mtb-2022-peter-sagan-ako-ho-nepozname\/#breadcrumb","itemListElement":[{"@type":"ListItem","position":1,"name":"Home","item":"https:\/\/www.welovecycling.com\/sk\/"},{"@type":"ListItem","position":2,"name":"Majstrovstv\u00e1 sveta v e-MTB 2022 &#8211; Peter Sagan ako ho nepozn\u00e1me"}]},{"@type":"WebSite","@id":"https:\/\/www.welovecycling.com\/sk\/#website","url":"https:\/\/www.welovecycling.com\/sk\/","name":"\u0160koda We Love Cycling Slovensko","description":"\u0160koda We Love Cycling Slovensko je v\u00e1\u0161 ka\u017edodenn\u00fd zdroj noviniek a in\u0161pir\u00e1cie z sveta cyklistiky","potentialAction":[{"@type":"SearchAction","target":{"@type":"EntryPoint","urlTemplate":"https:\/\/www.welovecycling.com\/sk\/?s={search_term_string}"},"query-input":{"@type":"PropertyValueSpecification","valueRequired":true,"valueName":"search_term_string"}}],"inLanguage":"sk-SK"},{"@type":"Person","@id":"https:\/\/www.welovecycling.com\/sk\/#\/schema\/person\/2df6b15c0883206e1fbafa50a0699ba3","name":"lenka","image":{"@type":"ImageObject","inLanguage":"sk-SK","@id":"https:\/\/www.welovecycling.com\/sk\/#\/schema\/person\/image\/","url":"https:\/\/secure.gravatar.com\/avatar\/28ca317e14739d39e37b500c1a70297be4c700a425c0393ad2066ae7e7b984df?s=96&d=mm&r=g","contentUrl":"https:\/\/secure.gravatar.com\/avatar\/28ca317e14739d39e37b500c1a70297be4c700a425c0393ad2066ae7e7b984df?s=96&d=mm&r=g","caption":"lenka"},"url":"https:\/\/www.welovecycling.com\/sk\/author\/lenka\/"}]}},"_links":{"self":[{"href":"https:\/\/www.welovecycling.com\/sk\/wp-json\/wp\/v2\/posts\/15249","targetHints":{"allow":["GET"]}}],"collection":[{"href":"https:\/\/www.welovecycling.com\/sk\/wp-json\/wp\/v2\/posts"}],"about":[{"href":"https:\/\/www.welovecycling.com\/sk\/wp-json\/wp\/v2\/types\/post"}],"author":[{"embeddable":true,"href":"https:\/\/www.welovecycling.com\/sk\/wp-json\/wp\/v2\/users\/164"}],"replies":[{"embeddable":true,"href":"https:\/\/www.welovecycling.com\/sk\/wp-json\/wp\/v2\/comments?post=15249"}],"version-history":[{"count":2,"href":"https:\/\/www.welovecycling.com\/sk\/wp-json\/wp\/v2\/posts\/15249\/revisions"}],"predecessor-version":[{"id":15367,"href":"https:\/\/www.welovecycling.com\/sk\/wp-json\/wp\/v2\/posts\/15249\/revisions\/15367"}],"wp:featuredmedia":[{"embeddable":true,"href":"https:\/\/www.welovecycling.com\/sk\/wp-json\/wp\/v2\/media\/15252"}],"wp:attachment":[{"href":"https:\/\/www.welovecycling.com\/sk\/wp-json\/wp\/v2\/media?parent=15249"}],"wp:term":[{"taxonomy":"category","embeddable":true,"href":"https:\/\/www.welovecycling.com\/sk\/wp-json\/wp\/v2\/categories?post=15249"},{"taxonomy":"post_tag","embeddable":true,"href":"https:\/\/www.welovecycling.com\/sk\/wp-json\/wp\/v2\/tags?post=15249"},{"taxonomy":"global-categories","embeddable":true,"href":"https:\/\/www.welovecycling.com\/sk\/wp-json\/wp\/v2\/global-categories?post=15249"}],"curies":[{"name":"wp","href":"https:\/\/api.w.org\/{rel}","templated":true}]}}