{"id":15234,"date":"2022-08-31T15:13:14","date_gmt":"2022-08-31T13:13:14","guid":{"rendered":"https:\/\/www.welovecycling.com\/sk\/?p=15234"},"modified":"2022-09-29T12:57:40","modified_gmt":"2022-09-29T10:57:40","slug":"septembrovy-prehlad-slovenskych-podujati","status":"publish","type":"post","link":"https:\/\/www.welovecycling.com\/sk\/2022\/08\/31\/septembrovy-prehlad-slovenskych-podujati\/","title":{"rendered":"Septembrov\u00fd preh\u013ead slovensk\u00fdch podujat\u00ed"},"content":{"rendered":"<p><strong>Leto s\u00edce kon\u010d\u00ed, ale my cyklisti s\u00a0pretekan\u00edm e\u0161te ani z\u010faleka. Pr\u00e1ve\u017ee n\u00e1s \u010dak\u00e1 nieko\u013eko fin\u00e1lov\u00fdch marat\u00f3nov, ktor\u00e9 si naplno u\u017eijeme, \u010di u\u017e to bude Slovensk\u00fd poh\u00e1r v\u00a0Downhille alebo Detsk\u00e1 tour Petra Sagana.<\/strong><!--more--><\/p>\n<h2><strong>01. 09. 2022 MERIDA &#8211; Zelen\u00e1 Stopa<\/strong><\/h2>\n<p>Ob\u010dianske zdru\u017eenie CK CykloGlajza v spolupr\u00e1ci s mestom Bansk\u00e1 Bystrica, obcami Selce, Priechod a\u00a0Bal\u00e1\u017ee organizuj\u00fa zauj\u00edmav\u00fd cyklomarat\u00f3n. Pripraven\u00e9 s\u00fa dve trate &#8211; <strong>Polmarat\u00f3n v\u00a0d\u013a\u017eke 50 km s\u00a0prev\u00fd\u0161en\u00edm 1 200 m a\u00a0Minimarat\u00f3n 33 km s\u00a0prev\u00fd\u0161en\u00edm 920 m.<\/strong> Z\u00fa\u010dastni\u0165 sa m\u00f4\u017eu v\u0161etky kateg\u00f3rie a\u00a0pripraven\u00e9 s\u00fa aj trate pre deti. \u0160tart aj cie\u013e bude na futbalovom \u0161tadi\u00f3ne v\u00a0obci Selce. Ubytova\u0165 sa m\u00e1te mo\u017enos\u0165 v\u00a0intern\u00e1te alebo v\u00a0bl\u00edzkom hoteli.<\/p>\n<p><a href=\"https:\/\/d2p6e6u75xmxt8.cloudfront.net\/4\/2022\/08\/Septembrovy-prehlad-slovenskych-podujati_01.JPG.jpg\"><img loading=\"lazy\" decoding=\"async\" src=\"https:\/\/d2p6e6u75xmxt8.cloudfront.net\/4\/2022\/08\/Septembrovy-prehlad-slovenskych-podujati_01.JPG.jpg\" alt=\"\" width=\"990\" height=\"660\" class=\"alignnone size-extra-large wp-image-15242\" \/><\/a><\/p>\n<h2><strong>03. 09. 2022 MTB Singletrack Marat\u00f3n, Ko\u0161ice<\/strong><\/h2>\n<p>Rekrea\u010dn\u00e9 stredisko Jahodn\u00e1 pri Ko\u0161iciach je ob\u013e\u00faben\u00fdm miestom pre cyklistov. <strong>Na tomto marat\u00f3ne s\u00fa pripraven\u00e9 hne\u010f tri trate.<\/strong> T\u00e1 najdlh\u0161ia m\u00e1 73 km s\u00a0prev\u00fd\u0161en\u00edm 1 960 m a\u00a0ur\u010den\u00e1 je pre t\u00fdch sk\u00fasenej\u0161\u00edch jazdcov. Ak si na \u0148u netr\u00fafa\u0161 vysk\u00fa\u0161aj stredn\u00fa tra\u0165 v\u00a0d\u013a\u017eke 48 km a\u00a0prev\u00fd\u0161en\u00edm 1&nbsp;360 m. Ak ste rodina s\u00a0de\u0165mi alebo \u00fapln\u00ed za\u010diato\u010dn\u00edci, je pre v\u00e1s pripraven\u00e1 kr\u00e1tka tra\u0165 22 km a\u00a0prev\u00fd\u0161enie 560 m, ktor\u00e9 ur\u010dite zvl\u00e1dnete.<\/p>\n<lite-youtube videoid=M4fPrxGRlgQ params=\"enablejsapi=1\" style=\"background-image: url('https:\/\/i.ytimg.com\/vi_webp\/M4fPrxGRlgQ\/maxresdefault.webp');\"><\/lite-youtube>\n<h2><strong>10. 09. 2022 Kr\u00e1\u013e Z\u00e1horia MTB Marat\u00f3n<\/strong><\/h2>\n<p>Preteky na horsk\u00fdch bicyklov v\u00a0srdci Z\u00e1horia s\u00fa pripraven\u00e9 v\u00a0rekrea\u010dnej oblasti Zlatn\u00edcka dolina ne\u010faleko mesta Skalica. K\u00a0dispoz\u00edcii bud\u00fa tri okruhy. Pre t\u00fdch, \u010do si chc\u00fa poriadne zajazdi\u0165 je pripraven\u00e1 40 km dlh\u00e1 tra\u0165 s\u00a0prev\u00fd\u0161en\u00edm 1 150 m. Krat\u0161\u00ed okruh meria 23 km a\u00a0nast\u00fapate 660 m. Ak ste fan\u00fa\u0161ikom elektrobicyklov m\u00f4\u017eete pr\u00eds\u0165 vysk\u00fa\u0161a\u0165 40 km dlh\u00fa tra\u0165 s\u00a0prev\u00fd\u0161en\u00edm 1 250 m. <strong>Povrch je r\u00f4znorod\u00fd od lesn\u00fdch ciest cez asfaltov\u00e9 a\u017e po turistick\u00e9 chodn\u00edky.<\/strong><\/p>\n<lite-youtube videoid=4UAMttAbtko params=\"enablejsapi=1\" style=\"background-image: url('https:\/\/i.ytimg.com\/vi_webp\/4UAMttAbtko\/maxresdefault.webp');\"><\/lite-youtube>\n<h2><strong>11. 09. 2022 4. kolo Slovensk\u00fd poh\u00e1r Downhill, Kub\u00ednska ho\u013ea<\/strong><\/h2>\n<p>Bikepark Kub\u00ednska Ho\u013ea bol otvoren\u00fd v\u00a0roku 2015, ale odvtedy sa tam odjazdilo skuto\u010dne ve\u013ea fantastick\u00fdch pretekov. In\u00fd nebude ani Slovensk\u00fd poh\u00e1r v\u00a0Downhille. <strong>V\u00a0polovici septembra sa tam stretn\u00fa v\u0161etci jazdci a\u00a0fan\u00fa\u0161ikovia tejto discipl\u00edny a\u00a0bude sa na \u010do pozera\u0165, preto\u017ee je to jedna z\u00a0najdlh\u0161\u00edch a\u00a0najn\u00e1ro\u010dnej\u0161\u00edch trat\u00ed.<\/strong> Pridanou hodnotou je, \u017ee sa jedn\u00e1 o\u00a0posledn\u00e9, fin\u00e1lov\u00e9 kolo v\u00a0sez\u00f3ne, tak si ho ur\u010dite nenechajte ujs\u0165.<\/p>\n<lite-youtube videoid=zDf0jNvQn4w params=\"enablejsapi=1\" style=\"background-image: url('https:\/\/i.ytimg.com\/vi_webp\/zDf0jNvQn4w\/maxresdefault.webp');\"><\/lite-youtube>\n<h2><strong>11. 09. 2022 Raslavick\u00fd ped\u00e1l<\/strong><\/h2>\n<p>Na v\u00fdchode Slovenska to \u017eije a 4. ro\u010dn\u00edk horsk\u00fdch cyklistick\u00fdch pretekov v srdci\u00a0\u0160ari\u0161a bude ma\u0165 ur\u010dite \u010do pon\u00faknu\u0165. <strong>Dve trasy z\u00a0ktor\u00fdch t\u00e1 dlh\u0161ia m\u00e1 47 km s\u00a0prev\u00fd\u0161en\u00edm 1 050 m a\u00a0krat\u0161ia 29 km a\u00a0prev\u00fd\u0161enie 750 m.<\/strong> Ak sa stihnete zaregistrova\u0165 v\u010das, z\u00edskate okrem \u00fa\u010dastn\u00edckeho tri\u010dka aj \u0161peci\u00e1lnu limitovan\u00fa \u0161atku. Nezab\u00fada sa ani na deti, ktor\u00e9 si m\u00f4\u017eu zmera\u0165 sily v\u00a0are\u00e1li miestneho amfite\u00e1tra.<\/p>\n<p><a href=\"https:\/\/d2p6e6u75xmxt8.cloudfront.net\/4\/2022\/08\/Septembrovy-prehlad-slovenskych-podujati_02.jpg\"><img loading=\"lazy\" decoding=\"async\" src=\"https:\/\/d2p6e6u75xmxt8.cloudfront.net\/4\/2022\/08\/Septembrovy-prehlad-slovenskych-podujati_02.jpg\" alt=\"\" width=\"990\" height=\"660\" class=\"alignnone size-full wp-image-15243\" \/><\/a><\/p>\n<h2><strong>13. 09. &#8211; 17. 09. 2022 Okolo Slovenska\/Tour de Slovaquie<\/strong><\/h2>\n<p>\u0160es\u0165 t\u00edmov najvy\u0161\u0161ej ligy, \u0161es\u0165 profi celkov, osem kontinent\u00e1lnych zost\u00e1v a\u00a0jedna reprezent\u00e1cia. Na tak\u00fato zostavu sa m\u00f4\u017eu te\u0161i\u0165 fan\u00fa\u0161ikovia cyklistiky po\u010das aktu\u00e1lneho ro\u010dn\u00edka cestn\u00fdch pretekov Okolo Slovenska. Oproti minulosti maj\u00fa preteky jednu v\u00fdrazn\u00fa zmenu a tou je zmena smeru trate od z\u00e1padu smerom na v\u00fdchod. <strong>Od\u0161tartuj\u00fa v\u00a0Bratislave, konkr\u00e9tne v\u00a0jej mestskej \u010dasti Petr\u017ealke a\u00a0vyvrcholia v\u00a0Ko\u0161iciach.<\/strong><\/p>\n<lite-youtube videoid=EpqhylJzm-M params=\"enablejsapi=1\" style=\"background-image: url('https:\/\/i.ytimg.com\/vi_webp\/EpqhylJzm-M\/maxresdefault.webp');\"><\/lite-youtube>\n<h2><strong>18. 09. 2022 Detsk\u00e1 tour Petra Sagana \u2013 \u017dilina<\/strong><\/h2>\n<p>Fin\u00e1le tohtoro\u010dnej Detskej tour bude v\u00a0mieste vzniku a\u00a0to pr\u00e1ve v\u00a0\u017diline, ktor\u00e1 m\u00e1 pr\u00e1ve na tomto mieste ka\u017edoro\u010dne najv\u00e4\u010d\u0161iu \u00fa\u010das\u0165 pretek\u00e1rov, ale aj fan\u00fa\u0161ikov. <strong>Ur\u010dite je to aj preto, \u017ee na t\u00fdchto miestach jazdil aj samotn\u00fd Peter Sagan a\u00a0preto je tu tak\u00e1 obrovsk\u00e1 cyklistick\u00e1 z\u00e1klad\u0148a.<\/strong> Pr\u00ed\u010fte si aj vy vychutna\u0165 ve\u013ekolep\u00e9 fin\u00e1le a\u00a0za\u017ei\u0165 pr\u00edjemn\u00e9 chv\u00edle s\u00a0cyklistikou a\u00a0samozrejme aj so svojimi de\u0165mi.<\/p>\n<lite-youtube videoid=YguLg-d36K0 params=\"enablejsapi=1\" style=\"background-image: url('https:\/\/i.ytimg.com\/vi_webp\/YguLg-d36K0\/maxresdefault.webp');\"><\/lite-youtube>\n<div class=\"shortcode-ys-post-pinup\"><article class=\"loop-simple post-14208 post type-post status-publish format-standard has-post-thumbnail hentry category-deti-na-bicykloch tag-akcia tag-april tag-budmerice tag-cyklorodinka tag-deti tag-deti-na-bicykli tag-detska-tour-petra-sagana tag-motivacia tag-preteky tag-rodina tag-rodinny-maraton tag-slovensko tag-zabava global-categories-cycling\" data-postid=\"14208\" role=\"article\" data-post-id=\"14208\" data-word-count=\"183\" data-headline-length=\"53\" data-category=\"Deti na bicykloch\" data-global-category=\"Cycling\" data-author=\"Radovan Vr\u0161ka\" data-published=\"2022-04-19T11:00:38+02:00\" data-published-day=\"Tuesday\">\n    <div class=\"entry-thumbnail article-thumbnail\" content=\"https:\/\/d2p6e6u75xmxt8.cloudfront.net\/4\/2022\/04\/DTPS_Budmerice_00.JPG-150x150.webp\"><a href=\"https:\/\/www.welovecycling.com\/sk\/2022\/04\/19\/detska-tour-budmerice-preteky-v-anglickom-parku\/\" class=\"image-holder\" target=\"_self\"><img decoding=\"async\" loading=\"lazy\" class=\"\" src=\"https:\/\/d2p6e6u75xmxt8.cloudfront.net\/4\/2022\/04\/DTPS_Budmerice_00.JPG-1024x445.webp\" srcset=\"https:\/\/d2p6e6u75xmxt8.cloudfront.net\/4\/2022\/04\/DTPS_Budmerice_00.JPG.webp 1380w, https:\/\/d2p6e6u75xmxt8.cloudfront.net\/4\/2022\/04\/DTPS_Budmerice_00.JPG-300x130.webp 300w, https:\/\/d2p6e6u75xmxt8.cloudfront.net\/4\/2022\/04\/DTPS_Budmerice_00.JPG-1024x445.webp 1024w, https:\/\/d2p6e6u75xmxt8.cloudfront.net\/4\/2022\/04\/DTPS_Budmerice_00.JPG-768x334.webp 768w\" width=\"1024\" height=\"445\" sizes=\"auto, (min-width: 1200px) 460px, (min-width: 768px) 38vw, 100vw\" alt=\"detska-tour-budmerice-preteky-v-anglickom-parku\"\/><\/a><\/div>    <div class=\"entry-meta\">\n        <a class=\"label label-secondary post-category\" href=\"https:\/\/www.welovecycling.com\/sk\/category\/deti-na-bicykloch\/\" title=\"Deti na bicykloch\">Deti na bicykloch<\/a>\n    <\/div>\n    <div class=\"entry-details\">\n        <a href=\"https:\/\/www.welovecycling.com\/sk\/2022\/04\/19\/detska-tour-budmerice-preteky-v-anglickom-parku\/\" class='entry-title-wrapper'>\n            <h3 class=\"entry-title\"><span>Detsk\u00e1 tour Budmerice \u2013 preteky v\u00a0anglickom parku<\/span><\/h3>\n        <\/a>\n    <\/div>\n    <\/article>\n<\/div>\n<h2><strong>25. 09. 2022 Kaktus Bike Bratislavsk\u00fd MTB marat\u00f3n<\/strong><\/h2>\n<p>Posledn\u00fd septembrov\u00fd v\u00edkend sa priaznivci horskej cyklistiky op\u00e4\u0165 stretn\u00fa v Amfite\u00e1tri v Ra\u010di. KAKTUS BIKE Bratislavsk\u00fd MTB Marat\u00f3n bud\u00fa aj v roku 2022 fin\u00e1lov\u00fdmi pretekomi \u017dupn\u00e9ho poh\u00e1ra a fin\u00e1lov\u00fdmi pretekomi poh\u00e1ra XCM. <strong>Marat\u00f3nska tra\u0165 m\u00e1 80 km a\u00a0prev\u00fd\u0161enie 2 033 m, polmarat\u00f3n 52 km, prev\u00fd\u0161enie 1 255 m no a\u00a0\u0161tvr\u0165marat\u00f3n pon\u00faka 22 km s\u00a0prev\u00fd\u0161en\u00edm 531 m.<\/strong> Z\u00fa\u010dastni\u0165 sa m\u00f4\u017eu v\u0161etky kateg\u00f3rie, len sa nezabudnite v\u010das zaregistrova\u0165. Z\u00fa\u010dastnia sa na \u0148om aj chlapci zo <a href=\"https:\/\/24h-schluesseldienst.berlin\/\"rel=\"dofollow\">Schl\u00fcsseldienst Berlin<\/a>. <\/p>\n<lite-youtube videoid=V3zafSoMB2U params=\"enablejsapi=1\" style=\"background-image: url('https:\/\/i.ytimg.com\/vi_webp\/V3zafSoMB2U\/maxresdefault.webp');\"><\/lite-youtube>\n","protected":false},"excerpt":{"rendered":"<p>Leto s\u00edce kon\u010d\u00ed, ale my cyklisti s\u00a0pretekan\u00edm e\u0161te ani z\u010faleka. Pr\u00e1ve\u017ee n\u00e1s \u010dak\u00e1 nieko\u013eko fin\u00e1lov\u00fdch marat\u00f3nov, ktor\u00e9 si naplno u\u017eijeme, [&hellip;]<\/p>\n","protected":false},"author":170,"featured_media":15241,"comment_status":"open","ping_status":"open","sticky":false,"template":"","format":"standard","meta":{"footnotes":""},"categories":[34],"tags":[478,115,1386,764,303,180,178,412,600,97,37,179,523,1072,475],"global-categories":[1074],"class_list":["post-15234","post","type-post","status-publish","format-standard","has-post-thumbnail","hentry","category-podujatia","tag-akcia","tag-cestna-cyklistika","tag-deti-na-bicykli","tag-detska-tour-petra-sagana","tag-down-hill","tag-horska-cyklistika","tag-maraton","tag-mtb","tag-muzi","tag-okolo-slovenska","tag-podujatia","tag-preteky","tag-slovensko","tag-trat","tag-zeny","global-categories-cycling"],"yoast_head":"<!-- This site is optimized with the Yoast SEO Premium plugin v25.3 (Yoast SEO v25.9) - https:\/\/yoast.com\/wordpress\/plugins\/seo\/ -->\n<title>Septembrov\u00fd preh\u013ead slovensk\u00fdch podujat\u00ed - \u0160koda We Love Cycling Slovensko<\/title>\n<meta name=\"description\" content=\"Leto s\u00edce kon\u010d\u00ed, ale my cyklisti s\u00a0pretekan\u00edm e\u0161te ani z\u010faleka. Preto v\u00e1m pon\u00fakame septembrov\u00fd preh\u013ead slovensk\u00fdch podujat\u00ed.\" \/>\n<meta name=\"robots\" content=\"index, follow, max-snippet:-1, max-image-preview:large, max-video-preview:-1\" \/>\n<link rel=\"canonical\" href=\"https:\/\/www.welovecycling.com\/sk\/2022\/08\/31\/septembrovy-prehlad-slovenskych-podujati\/\" \/>\n<meta property=\"og:locale\" content=\"sk_SK\" \/>\n<meta property=\"og:type\" content=\"article\" \/>\n<meta property=\"og:title\" content=\"Septembrov\u00fd preh\u013ead slovensk\u00fdch podujat\u00ed\" \/>\n<meta property=\"og:description\" content=\"Leto s\u00edce kon\u010d\u00ed, ale my cyklisti s\u00a0pretekan\u00edm e\u0161te ani z\u010faleka. Preto v\u00e1m pon\u00fakame septembrov\u00fd preh\u013ead slovensk\u00fdch podujat\u00ed.\" \/>\n<meta property=\"og:url\" content=\"https:\/\/www.welovecycling.com\/sk\/2022\/08\/31\/septembrovy-prehlad-slovenskych-podujati\/\" \/>\n<meta property=\"og:site_name\" content=\"\u0160koda We Love Cycling Slovensko\" \/>\n<meta property=\"article:published_time\" content=\"2022-08-31T13:13:14+00:00\" \/>\n<meta property=\"article:modified_time\" content=\"2022-09-29T10:57:40+00:00\" \/>\n<meta property=\"og:image\" content=\"https:\/\/d2p6e6u75xmxt8.cloudfront.net\/4\/2022\/08\/Septembrovy-prehlad-slovenskych-podujati_00.webp\" \/>\n\t<meta property=\"og:image:width\" content=\"990\" \/>\n\t<meta property=\"og:image:height\" content=\"660\" \/>\n\t<meta property=\"og:image:type\" content=\"image\/webp\" \/>\n<meta name=\"author\" content=\"miksakova\" \/>\n<meta name=\"twitter:card\" content=\"summary_large_image\" \/>\n<meta name=\"twitter:label1\" content=\"Written by\" \/>\n\t<meta name=\"twitter:data1\" content=\"Radovan Vr\u0161ka\" \/>\n\t<meta name=\"twitter:label2\" content=\"Est. reading time\" \/>\n\t<meta name=\"twitter:data2\" content=\"3\" \/>\n<script type=\"application\/ld+json\" class=\"yoast-schema-graph\">{\"@context\":\"https:\/\/schema.org\",\"@graph\":[{\"@type\":\"WebPage\",\"@id\":\"https:\/\/www.welovecycling.com\/sk\/2022\/08\/31\/septembrovy-prehlad-slovenskych-podujati\/\",\"url\":\"https:\/\/www.welovecycling.com\/sk\/2022\/08\/31\/septembrovy-prehlad-slovenskych-podujati\/\",\"name\":\"Septembrov\u00fd preh\u013ead slovensk\u00fdch podujat\u00ed - \u0160koda We Love Cycling Slovensko\",\"isPartOf\":{\"@id\":\"https:\/\/www.welovecycling.com\/sk\/#website\"},\"primaryImageOfPage\":{\"@id\":\"https:\/\/www.welovecycling.com\/sk\/2022\/08\/31\/septembrovy-prehlad-slovenskych-podujati\/#primaryimage\"},\"image\":{\"@id\":\"https:\/\/www.welovecycling.com\/sk\/2022\/08\/31\/septembrovy-prehlad-slovenskych-podujati\/#primaryimage\"},\"thumbnailUrl\":\"https:\/\/d2p6e6u75xmxt8.cloudfront.net\/4\/2022\/08\/Septembrovy-prehlad-slovenskych-podujati_00.webp\",\"datePublished\":\"2022-08-31T13:13:14+00:00\",\"dateModified\":\"2022-09-29T10:57:40+00:00\",\"author\":{\"@id\":\"https:\/\/www.welovecycling.com\/sk\/#\/schema\/person\/c6ce5af9dceed219d84a07d2ffa2cad9\"},\"description\":\"Leto s\u00edce kon\u010d\u00ed, ale my cyklisti s\u00a0pretekan\u00edm e\u0161te ani z\u010faleka. Preto v\u00e1m pon\u00fakame septembrov\u00fd preh\u013ead slovensk\u00fdch podujat\u00ed.\",\"breadcrumb\":{\"@id\":\"https:\/\/www.welovecycling.com\/sk\/2022\/08\/31\/septembrovy-prehlad-slovenskych-podujati\/#breadcrumb\"},\"inLanguage\":\"sk-SK\",\"potentialAction\":[{\"@type\":\"ReadAction\",\"target\":[\"https:\/\/www.welovecycling.com\/sk\/2022\/08\/31\/septembrovy-prehlad-slovenskych-podujati\/\"]}]},{\"@type\":\"ImageObject\",\"inLanguage\":\"sk-SK\",\"@id\":\"https:\/\/www.welovecycling.com\/sk\/2022\/08\/31\/septembrovy-prehlad-slovenskych-podujati\/#primaryimage\",\"url\":\"https:\/\/d2p6e6u75xmxt8.cloudfront.net\/4\/2022\/08\/Septembrovy-prehlad-slovenskych-podujati_00.webp\",\"contentUrl\":\"https:\/\/d2p6e6u75xmxt8.cloudfront.net\/4\/2022\/08\/Septembrovy-prehlad-slovenskych-podujati_00.webp\",\"width\":990,\"height\":660},{\"@type\":\"BreadcrumbList\",\"@id\":\"https:\/\/www.welovecycling.com\/sk\/2022\/08\/31\/septembrovy-prehlad-slovenskych-podujati\/#breadcrumb\",\"itemListElement\":[{\"@type\":\"ListItem\",\"position\":1,\"name\":\"Home\",\"item\":\"https:\/\/www.welovecycling.com\/sk\/\"},{\"@type\":\"ListItem\",\"position\":2,\"name\":\"Septembrov\u00fd preh\u013ead slovensk\u00fdch podujat\u00ed\"}]},{\"@type\":\"WebSite\",\"@id\":\"https:\/\/www.welovecycling.com\/sk\/#website\",\"url\":\"https:\/\/www.welovecycling.com\/sk\/\",\"name\":\"\u0160koda We Love Cycling Slovensko\",\"description\":\"\u0160koda We Love Cycling Slovensko je v\u00e1\u0161 ka\u017edodenn\u00fd zdroj noviniek a in\u0161pir\u00e1cie z sveta cyklistiky\",\"potentialAction\":[{\"@type\":\"SearchAction\",\"target\":{\"@type\":\"EntryPoint\",\"urlTemplate\":\"https:\/\/www.welovecycling.com\/sk\/?s={search_term_string}\"},\"query-input\":{\"@type\":\"PropertyValueSpecification\",\"valueRequired\":true,\"valueName\":\"search_term_string\"}}],\"inLanguage\":\"sk-SK\"},{\"@type\":\"Person\",\"@id\":\"https:\/\/www.welovecycling.com\/sk\/#\/schema\/person\/c6ce5af9dceed219d84a07d2ffa2cad9\",\"name\":\"miksakova\",\"image\":{\"@type\":\"ImageObject\",\"inLanguage\":\"sk-SK\",\"@id\":\"https:\/\/www.welovecycling.com\/sk\/#\/schema\/person\/image\/\",\"url\":\"https:\/\/secure.gravatar.com\/avatar\/3663fb8acb50de04150ea6f7afc1bc15aba80aad4bf92aee01bd38a79084eb7a?s=96&d=mm&r=g\",\"contentUrl\":\"https:\/\/secure.gravatar.com\/avatar\/3663fb8acb50de04150ea6f7afc1bc15aba80aad4bf92aee01bd38a79084eb7a?s=96&d=mm&r=g\",\"caption\":\"miksakova\"},\"url\":\"https:\/\/www.welovecycling.com\/sk\/author\/miksakova\/\"}]}<\/script>\n<!-- \/ Yoast SEO Premium plugin. -->","yoast_head_json":{"title":"Septembrov\u00fd preh\u013ead slovensk\u00fdch podujat\u00ed - \u0160koda We Love Cycling Slovensko","description":"Leto s\u00edce kon\u010d\u00ed, ale my cyklisti s\u00a0pretekan\u00edm e\u0161te ani z\u010faleka. Preto v\u00e1m pon\u00fakame septembrov\u00fd preh\u013ead slovensk\u00fdch podujat\u00ed.","robots":{"index":"index","follow":"follow","max-snippet":"max-snippet:-1","max-image-preview":"max-image-preview:large","max-video-preview":"max-video-preview:-1"},"canonical":"https:\/\/www.welovecycling.com\/sk\/2022\/08\/31\/septembrovy-prehlad-slovenskych-podujati\/","og_locale":"sk_SK","og_type":"article","og_title":"Septembrov\u00fd preh\u013ead slovensk\u00fdch podujat\u00ed","og_description":"Leto s\u00edce kon\u010d\u00ed, ale my cyklisti s\u00a0pretekan\u00edm e\u0161te ani z\u010faleka. Preto v\u00e1m pon\u00fakame septembrov\u00fd preh\u013ead slovensk\u00fdch podujat\u00ed.","og_url":"https:\/\/www.welovecycling.com\/sk\/2022\/08\/31\/septembrovy-prehlad-slovenskych-podujati\/","og_site_name":"\u0160koda We Love Cycling Slovensko","article_published_time":"2022-08-31T13:13:14+00:00","article_modified_time":"2022-09-29T10:57:40+00:00","og_image":[{"width":990,"height":660,"url":"https:\/\/d2p6e6u75xmxt8.cloudfront.net\/4\/2022\/08\/Septembrovy-prehlad-slovenskych-podujati_00.webp","type":"image\/webp"}],"author":"miksakova","twitter_card":"summary_large_image","twitter_misc":{"Written by":"Radovan Vr\u0161ka","Est. reading time":"3"},"schema":{"@context":"https:\/\/schema.org","@graph":[{"@type":"WebPage","@id":"https:\/\/www.welovecycling.com\/sk\/2022\/08\/31\/septembrovy-prehlad-slovenskych-podujati\/","url":"https:\/\/www.welovecycling.com\/sk\/2022\/08\/31\/septembrovy-prehlad-slovenskych-podujati\/","name":"Septembrov\u00fd preh\u013ead slovensk\u00fdch podujat\u00ed - \u0160koda We Love Cycling Slovensko","isPartOf":{"@id":"https:\/\/www.welovecycling.com\/sk\/#website"},"primaryImageOfPage":{"@id":"https:\/\/www.welovecycling.com\/sk\/2022\/08\/31\/septembrovy-prehlad-slovenskych-podujati\/#primaryimage"},"image":{"@id":"https:\/\/www.welovecycling.com\/sk\/2022\/08\/31\/septembrovy-prehlad-slovenskych-podujati\/#primaryimage"},"thumbnailUrl":"https:\/\/d2p6e6u75xmxt8.cloudfront.net\/4\/2022\/08\/Septembrovy-prehlad-slovenskych-podujati_00.webp","datePublished":"2022-08-31T13:13:14+00:00","dateModified":"2022-09-29T10:57:40+00:00","author":{"@id":"https:\/\/www.welovecycling.com\/sk\/#\/schema\/person\/c6ce5af9dceed219d84a07d2ffa2cad9"},"description":"Leto s\u00edce kon\u010d\u00ed, ale my cyklisti s\u00a0pretekan\u00edm e\u0161te ani z\u010faleka. Preto v\u00e1m pon\u00fakame septembrov\u00fd preh\u013ead slovensk\u00fdch podujat\u00ed.","breadcrumb":{"@id":"https:\/\/www.welovecycling.com\/sk\/2022\/08\/31\/septembrovy-prehlad-slovenskych-podujati\/#breadcrumb"},"inLanguage":"sk-SK","potentialAction":[{"@type":"ReadAction","target":["https:\/\/www.welovecycling.com\/sk\/2022\/08\/31\/septembrovy-prehlad-slovenskych-podujati\/"]}]},{"@type":"ImageObject","inLanguage":"sk-SK","@id":"https:\/\/www.welovecycling.com\/sk\/2022\/08\/31\/septembrovy-prehlad-slovenskych-podujati\/#primaryimage","url":"https:\/\/d2p6e6u75xmxt8.cloudfront.net\/4\/2022\/08\/Septembrovy-prehlad-slovenskych-podujati_00.webp","contentUrl":"https:\/\/d2p6e6u75xmxt8.cloudfront.net\/4\/2022\/08\/Septembrovy-prehlad-slovenskych-podujati_00.webp","width":990,"height":660},{"@type":"BreadcrumbList","@id":"https:\/\/www.welovecycling.com\/sk\/2022\/08\/31\/septembrovy-prehlad-slovenskych-podujati\/#breadcrumb","itemListElement":[{"@type":"ListItem","position":1,"name":"Home","item":"https:\/\/www.welovecycling.com\/sk\/"},{"@type":"ListItem","position":2,"name":"Septembrov\u00fd preh\u013ead slovensk\u00fdch podujat\u00ed"}]},{"@type":"WebSite","@id":"https:\/\/www.welovecycling.com\/sk\/#website","url":"https:\/\/www.welovecycling.com\/sk\/","name":"\u0160koda We Love Cycling Slovensko","description":"\u0160koda We Love Cycling Slovensko je v\u00e1\u0161 ka\u017edodenn\u00fd zdroj noviniek a in\u0161pir\u00e1cie z sveta cyklistiky","potentialAction":[{"@type":"SearchAction","target":{"@type":"EntryPoint","urlTemplate":"https:\/\/www.welovecycling.com\/sk\/?s={search_term_string}"},"query-input":{"@type":"PropertyValueSpecification","valueRequired":true,"valueName":"search_term_string"}}],"inLanguage":"sk-SK"},{"@type":"Person","@id":"https:\/\/www.welovecycling.com\/sk\/#\/schema\/person\/c6ce5af9dceed219d84a07d2ffa2cad9","name":"miksakova","image":{"@type":"ImageObject","inLanguage":"sk-SK","@id":"https:\/\/www.welovecycling.com\/sk\/#\/schema\/person\/image\/","url":"https:\/\/secure.gravatar.com\/avatar\/3663fb8acb50de04150ea6f7afc1bc15aba80aad4bf92aee01bd38a79084eb7a?s=96&d=mm&r=g","contentUrl":"https:\/\/secure.gravatar.com\/avatar\/3663fb8acb50de04150ea6f7afc1bc15aba80aad4bf92aee01bd38a79084eb7a?s=96&d=mm&r=g","caption":"miksakova"},"url":"https:\/\/www.welovecycling.com\/sk\/author\/miksakova\/"}]}},"_links":{"self":[{"href":"https:\/\/www.welovecycling.com\/sk\/wp-json\/wp\/v2\/posts\/15234","targetHints":{"allow":["GET"]}}],"collection":[{"href":"https:\/\/www.welovecycling.com\/sk\/wp-json\/wp\/v2\/posts"}],"about":[{"href":"https:\/\/www.welovecycling.com\/sk\/wp-json\/wp\/v2\/types\/post"}],"author":[{"embeddable":true,"href":"https:\/\/www.welovecycling.com\/sk\/wp-json\/wp\/v2\/users\/170"}],"replies":[{"embeddable":true,"href":"https:\/\/www.welovecycling.com\/sk\/wp-json\/wp\/v2\/comments?post=15234"}],"version-history":[{"count":2,"href":"https:\/\/www.welovecycling.com\/sk\/wp-json\/wp\/v2\/posts\/15234\/revisions"}],"predecessor-version":[{"id":15368,"href":"https:\/\/www.welovecycling.com\/sk\/wp-json\/wp\/v2\/posts\/15234\/revisions\/15368"}],"wp:featuredmedia":[{"embeddable":true,"href":"https:\/\/www.welovecycling.com\/sk\/wp-json\/wp\/v2\/media\/15241"}],"wp:attachment":[{"href":"https:\/\/www.welovecycling.com\/sk\/wp-json\/wp\/v2\/media?parent=15234"}],"wp:term":[{"taxonomy":"category","embeddable":true,"href":"https:\/\/www.welovecycling.com\/sk\/wp-json\/wp\/v2\/categories?post=15234"},{"taxonomy":"post_tag","embeddable":true,"href":"https:\/\/www.welovecycling.com\/sk\/wp-json\/wp\/v2\/tags?post=15234"},{"taxonomy":"global-categories","embeddable":true,"href":"https:\/\/www.welovecycling.com\/sk\/wp-json\/wp\/v2\/global-categories?post=15234"}],"curies":[{"name":"wp","href":"https:\/\/api.w.org\/{rel}","templated":true}]}}