{"id":15207,"date":"2022-09-02T09:00:38","date_gmt":"2022-09-02T07:00:38","guid":{"rendered":"https:\/\/www.welovecycling.com\/sk\/?p=15207"},"modified":"2022-09-29T12:57:38","modified_gmt":"2022-09-29T10:57:38","slug":"septembrova-desiatka-mtb-a-cestnych-pretekov","status":"publish","type":"post","link":"https:\/\/www.welovecycling.com\/sk\/2022\/09\/02\/septembrova-desiatka-mtb-a-cestnych-pretekov\/","title":{"rendered":"Septembrov\u00e1 desiatka MTB a cestn\u00fdch pretekov"},"content":{"rendered":"<p><strong>Skon\u010dili pr\u00e1zdniny, \u010dakaj\u00fa n\u00e1s posledn\u00e9 tepl\u00e9 dni a\u00a0\u010doskoro bude sychravo a\u00a0veterno. A\u00a0preto v\u00e1s poz\u00fdvame naplno si u\u017ei\u0165 septembrov\u00fa d\u00e1vku pretekov, ktor\u00fa sme pre v\u00e1s vybrali z\u00a0toho, \u010do sa deje v\u00a0okolit\u00fdch krajin\u00e1ch.<\/strong><!--more--><\/p>\n<h2><strong>Horsk\u00e1 cyklistika<\/strong><\/h2>\n<h2><strong>XII Maraton BTT Sierra de Cazorla, \u0160panielsko, Cazorla 04.&nbsp;09. 2022<\/strong><\/h2>\n<p>Za\u010diatkom septembra sa bude jazdi\u0165 marat\u00f3n v\u00a0\u0160panielsku v\u00a0provincii Ja\u00e9n. Je to kr\u00e1sna oblas\u0165 na juhu krajiny a\u00a0v\u00a0jej susedstve sa nach\u00e1dzaj\u00fa aj zn\u00e1me provincie ako Cordoba \u010di Granada. Jazdi\u0165 sa bude v\u00a0kraji olivovn\u00edkov a\u00a0k\u00a0dispoz\u00edcii s\u00fa dve trasy &#8211; <strong>Ruta Corta (kr\u00e1tka trasa) s\u00a0d\u013a\u017ekou 60 km a\u00a0prev\u00fd\u0161en\u00edm 1 770 m a\u00a0Ruta Larga (dlh\u00e1 trasa), ktor\u00e1 m\u00e1 84 km s\u00a0prev\u00fd\u0161en\u00edm 2 550 m<\/strong>. \u00da\u010das\u0165 je obmedzen\u00e1 na tis\u00edc pretek\u00e1rov. Ubytovanie je mo\u017en\u00e9 si zabezpe\u010di\u0165 v\u00a0miestnych hoteloch a\u00a0penzi\u00f3noch.<\/p>\n<lite-youtube videoid=lQOdIDr8hLw params=\"enablejsapi=1\" style=\"background-image: url('https:\/\/i.ytimg.com\/vi_webp\/lQOdIDr8hLw\/maxresdefault.webp');\"><\/lite-youtube>\n<h2><strong>iXS Downhill Cup \u2013 Pila, Taliansko, Pila Aosta 09. 09. \u2013 11.&nbsp;09. 2022<\/strong><\/h2>\n<p>V srdci \u00fadolia Aosta v Taliansku, <strong>v\u00a0zn\u00e1mom ly\u017eiarskom stredisku Pila, je jeden z najzauj\u00edmavej\u0161\u00edch bicyklov\u00fdch parkov<\/strong>. A\u00a0pr\u00e1ve tu sa bude kona\u0165 piata a\u00a0fin\u00e1lov\u00e1 \u010das\u0165 tohtoro\u010dn\u00e9ho iXS Downhill Cup. V\u00a0piatok bude prebieha\u0165 obhliadka trate a\u00a0tr\u00e9ningy. V\u00a0sobotu a\u00a0v\u00a0nede\u013eu sa u\u017e bude naplno s\u00fa\u0165a\u017ei\u0165. Hlavn\u00fdm d\u0148om pre fin\u00e1le samozrejme bude nede\u013ea. T\u00e1to oblas\u0165 je dobre dostupn\u00e1 \u010di u\u017e pr\u00eddete autom alebo vlakom, tak\u017ee nemus\u00edte ma\u0165 starosti s\u00a0dopravou.<\/p>\n<lite-youtube videoid=wLhspYBHf1w params=\"enablejsapi=1\" style=\"background-image: url('https:\/\/i.ytimg.com\/vi_webp\/wLhspYBHf1w\/maxresdefault.webp');\"><\/lite-youtube>\n<h2><strong>Wi\u015bniowiec MTB XCO Race, Po\u013esko, Rybnik 18. 09. 2022<\/strong><\/h2>\n<p>Wi\u015bniowiec MTB Race s\u00fa celo\u0161t\u00e1tne preteky v horskej cyklistike, ktor\u00e9 sa uskuto\u010dnia 18. septembra na novovytvorenej trase pre horsk\u00fa cyklistiku v are\u00e1li Park Sportowy Wi\u015bniowiec. <strong>Trasa je zauj\u00edmav\u00e1, pln\u00e1 zjazdov a st\u00fapan\u00ed, ako aj technick\u00fdch prek\u00e1\u017eok v podobe balvanov, dreven\u00fdch tr\u00e1mov a dropov.<\/strong> Pripraven\u00e9 s\u00fa trate aj pre t\u00edned\u017eerov, ale usporiadatelia mysleli aj na mal\u00e9 deti, pre ktor\u00e9 s\u00fa pripraven\u00e9 dve trate r\u00f4znej d\u013a\u017eky.<\/p>\n<lite-youtube videoid=6Ys2NLUsn7s params=\"enablejsapi=1\" style=\"background-image: url('https:\/\/i.ytimg.com\/vi_webp\/6Ys2NLUsn7s\/maxresdefault.webp');\"><\/lite-youtube>\n<h2><strong>Bike Revolution Huttwil, \u0160vaj\u010diarsko, Huttwil 24. 09. &#8211; 25.&nbsp;09. 2022<\/strong><\/h2>\n<p>Bike Revolution sp\u00fa\u0161\u0165a nov\u00fa \u00e9ru vo \u0161vaj\u010diarskej horskej cyklistike. Pretek\u00e1rska s\u00e9ria stanovuje nov\u00e9 \u0161tandardy pre hobby a profesion\u00e1lnych jazdcov. <strong>Jazd\u00ed sa v\u00a0troch destin\u00e1ci\u00e1ch a\u00a0to v\u00a0Tamaro, Chur a\u00a0Huttwil.<\/strong> Prv\u00e9 dve kol\u00e1 sa odjazdili v\u00a0marci a\u00a0v\u00a0apr\u00edli, no a\u00a0ve\u013ek\u00e9 fin\u00e1le je prichystan\u00e9 na september a\u00a0ur\u010dite tu bude vl\u00e1dnu\u0165 skvel\u00e1 atmosf\u00e9ra. Mal\u00e9 meste\u010dko Huttwill je v\u00a0nadmorskej v\u00fd\u0161ke 628 metrov v\u00a0kr\u00e1snom prostred\u00ed \u00c1lp a\u00a0tak si sem m\u00f4\u017eete pr\u00eds\u0165 u\u017ei\u0165 cel\u00fd v\u00edkend.<\/p>\n<lite-youtube videoid=jmd_EAU3ZYk params=\"enablejsapi=1\" style=\"background-image: url('https:\/\/i.ytimg.com\/vi_webp\/jmd_EAU3ZYk\/maxresdefault.webp');\"><\/lite-youtube>\n<h2><strong>ENDURO WORLD SERIES &#8211; Finale Ligure EWS-E, Taliansko, Finale Ligure, 29. 09. 2022<\/strong><\/h2>\n<p>Fan\u00fa\u0161ikovia elektrobicyklov sa do\u010dkali tie\u017e svojej svetovej s\u00fa\u0165a\u017ee. Posledn\u00e9 a fin\u00e1lov\u00e9 kolo tejto s\u00e9rie sa bude kona\u0165 v\u00a0malom talianskom meste\u010dku s\u00a0dokonal\u00fdm n\u00e1zvom Finale Ligure. Na tomto mieste si jazdci EWS-E e\u0161te raz poriadne zmeraj\u00fa sily, k\u00fdm sa rozhodne o\u00a0celkov\u00fdch \u0161ampi\u00f3noch s\u00e9rie. <strong>Jazdi\u0165 sa bude v\u00a0dvoch kateg\u00f3ri\u00e1ch EWS-E100 a\u00a0EWS-E50.<\/strong> Ceny sa bud\u00fa odovzd\u00e1va\u0165 na ikonickom n\u00e1mest\u00ed Piazza na pozad\u00ed tepl\u00fdch v\u00f4d Stredozemn\u00e9ho mora.\n<lite-youtube videoid=GpBAtUEY9ZU params=\"enablejsapi=1\" style=\"background-image: url('https:\/\/i.ytimg.com\/vi_webp\/GpBAtUEY9ZU\/maxresdefault.webp');\"><\/lite-youtube>\n<div class=\"shortcode-ys-post-pinup\"><article class=\"loop-simple post-15102 post type-post status-publish format-standard has-post-thumbnail hentry category-mtb category-reportaz category-sbot tag-horal tag-horska-cyklistika tag-maraton tag-pretekar tag-rodina tag-rodinny-maraton tag-skoda tag-skoda-auto tag-sbot tag-skoda-horal-mtb-maraton tag-svit tag-trasa global-categories-cycling\" data-postid=\"15102\" role=\"article\" data-post-id=\"15102\" data-word-count=\"438\" data-headline-length=\"102\" data-category=\"MTB\" data-global-category=\"Cycling\" data-author=\"WeLoveCycling\" data-published=\"2022-08-17T10:12:36+02:00\" data-published-day=\"Wednesday\">\n    <div class=\"entry-thumbnail article-thumbnail\" content=\"https:\/\/d2p6e6u75xmxt8.cloudfront.net\/4\/2022\/08\/horal_00-150x150.webp\"><a href=\"https:\/\/www.welovecycling.com\/sk\/2022\/08\/17\/reportaz-skoda-horal-mtb-maraton-ukoncenie-serie-v-krasnom-prostredi-vysokych-tatier\/\" class=\"image-holder\" target=\"_self\"><img decoding=\"async\" loading=\"lazy\" class=\"\" src=\"https:\/\/d2p6e6u75xmxt8.cloudfront.net\/4\/2022\/08\/horal_00.webp\" srcset=\"https:\/\/d2p6e6u75xmxt8.cloudfront.net\/4\/2022\/08\/horal_00.webp 990w, https:\/\/d2p6e6u75xmxt8.cloudfront.net\/4\/2022\/08\/horal_00-300x200.webp 300w, https:\/\/d2p6e6u75xmxt8.cloudfront.net\/4\/2022\/08\/horal_00-768x512.webp 768w, https:\/\/d2p6e6u75xmxt8.cloudfront.net\/4\/2022\/08\/horal_00-272x182.webp 272w\" width=\"990\" height=\"660\" sizes=\"auto, (min-width: 1200px) 300px, (min-width: 768px) 25vw, 100vw\" alt=\"reportaz-skoda-horal-mtb-maraton-ukoncenie-serie-v-krasnom-prostredi-vysokych-tatier\"\/><\/a><\/div>    <div class=\"entry-meta\">\n        <a class=\"label label-secondary post-category\" href=\"https:\/\/www.welovecycling.com\/sk\/category\/mtb\/\" title=\"MTB\">MTB<\/a>\n    <\/div>\n    <div class=\"entry-details\">\n        <a href=\"https:\/\/www.welovecycling.com\/sk\/2022\/08\/17\/reportaz-skoda-horal-mtb-maraton-ukoncenie-serie-v-krasnom-prostredi-vysokych-tatier\/\" class='entry-title-wrapper'>\n            <h3 class=\"entry-title\"><span>Report\u00e1\u017e: \u0160koda Horal MTB marat\u00f3n &#8211; ukon\u010denie s\u00e9rie v kr\u00e1snom prostred\u00ed Vysok\u00fdch Tatier<\/span><\/h3>\n        <\/a>\n    <\/div>\n    <\/article>\n<\/div>\n<h2><strong>Cestn\u00e1 cyklistika<\/strong><\/h2>\n<h2><strong>In the footsteps of the Romans, Bulharsko, 03. 09. &#8211; 04. 09. 2022<\/strong><\/h2>\n<p>Po stop\u00e1ch Rimanov, tak\u00fd je n\u00e1zov cestn\u00fdch pretekov v\u00a0Bulharsku. Po\u010das dvoch dn\u00ed sa odjazdia dve trasy. Prv\u00e1 trasa m\u00e1 d\u013a\u017eku 126,1 km, prev\u00fd\u0161enie 1 038 m a\u00a0jazdi\u0165 sa bude na okruhu, ktor\u00fd bude potrebn\u00e9 zdola\u0165 na osem k\u00f4l. Na\u00a0druh\u00fd de\u0148 sa p\u00f4jde trasa dlh\u00e1 142,8 km s\u00a0prev\u00fd\u0161en\u00edm 1 246 m a\u00a0jazdci to zvl\u00e1dnu po\u010das \u0161tyroch k\u00f4l. <strong>Bude sa jazdi\u0165 ne\u010faleko n\u00e1rodn\u00e9ho parku Pirin.<\/strong> Svoju \u00fa\u010das\u0165 potvrdili region\u00e1lne aj kontinent\u00e1lne t\u00edmy. Slovensko bude reprezentova\u0165 Dukla Bansk\u00e1 Bystrica.<\/p>\n<lite-youtube videoid=s9G4FRAqO2I params=\"enablejsapi=1\" style=\"background-image: url('https:\/\/i.ytimg.com\/vi_webp\/s9G4FRAqO2I\/maxresdefault.webp');\"><\/lite-youtube>\n<h2><strong>Okolo ji\u017en\u00edch \u010cech, \u010cesk\u00e1 republika 08. 09. &#8211; 11. 09. 2022<\/strong><\/h2>\n<p>Okolo ji\u017en\u00fdch \u010ciech 2022\u00a0s\u00fa medzin\u00e1rodn\u00e9 cyklistick\u00e9 etapov\u00e9 preteky. Tento rok sa bude kona\u0165 u\u017e deviaty ro\u010dn\u00edk. S\u00fa s\u00fa\u010das\u0165ou Svetov\u00e9ho poh\u00e1ra v\u00a0cestnej cyklistike a\u00a0s\u00fa zaraden\u00e9 v kateg\u00f3rii UCI 2.2 medzin\u00e1rodnej cyklistickej feder\u00e1cie. <strong>Prv\u00fd de\u0148 sa bude jazdi\u0165 \u010dasovka na 7,5 km, v\u00a0druh\u00fd de\u0148 etapa v\u00a0d\u013a\u017eke 144 km, tret\u00ed de\u0148 jazdcov \u010dak\u00e1 157 km a\u00a0z\u00e1vere\u010dn\u00e1 etapa bude ma\u0165 152 km.<\/strong> Po\u010das pretekov sa bud\u00fa rozde\u013eova\u0165 aj dresy po vzore Tour de France.<\/p>\n<lite-youtube videoid=zCtyCzYiXHc params=\"enablejsapi=1\" style=\"background-image: url('https:\/\/i.ytimg.com\/vi_webp\/zCtyCzYiXHc\/maxresdefault.webp');\"><\/lite-youtube>\n<div class=\"shortcode-ys-post-pinup\"><article class=\"loop-simple post-15124 post type-post status-publish format-standard has-post-thumbnail hentry category-cestna-cyklisitika category-letape-slovakia tag-akcia tag-bratislava tag-cestna-cyklistika tag-etapove-preteky tag-jazda-v-pelotone tag-letape-slovakia tag-letape-slovakia-by-tour-de-france tag-male-karpaty tag-peloton tag-podujatia tag-preteky tag-reportaz tag-sezona-2022 tag-skoda tag-skoda-auto tag-skoda-tim tag-tour-de-france tag-zabava global-categories-cycling\" data-postid=\"15124\" role=\"article\" data-post-id=\"15124\" data-word-count=\"671\" data-headline-length=\"57\" data-category=\"Cestn\u00e1 cyklistika\" data-global-category=\"Cycling\" data-author=\"Miroslav Bielick\u00fd\" data-published=\"2022-08-23T15:20:59+02:00\" data-published-day=\"Tuesday\">\n    <div class=\"entry-thumbnail article-thumbnail\" content=\"https:\/\/d2p6e6u75xmxt8.cloudfront.net\/4\/2022\/08\/Letape_Slovakia_2022_00-150x150.webp\"><a href=\"https:\/\/www.welovecycling.com\/sk\/2022\/08\/23\/reportaz-letape-slovakia-by-tour-de-france-2022\/\" class=\"image-holder\" target=\"_self\"><img decoding=\"async\" loading=\"lazy\" class=\"\" src=\"https:\/\/d2p6e6u75xmxt8.cloudfront.net\/4\/2022\/08\/Letape_Slovakia_2022_00.webp\" srcset=\"https:\/\/d2p6e6u75xmxt8.cloudfront.net\/4\/2022\/08\/Letape_Slovakia_2022_00.webp 990w, https:\/\/d2p6e6u75xmxt8.cloudfront.net\/4\/2022\/08\/Letape_Slovakia_2022_00-300x200.webp 300w, https:\/\/d2p6e6u75xmxt8.cloudfront.net\/4\/2022\/08\/Letape_Slovakia_2022_00-768x512.webp 768w, https:\/\/d2p6e6u75xmxt8.cloudfront.net\/4\/2022\/08\/Letape_Slovakia_2022_00-272x182.webp 272w\" width=\"990\" height=\"660\" sizes=\"auto, (min-width: 1200px) 300px, (min-width: 768px) 25vw, 100vw\" alt=\"reportaz-letape-slovakia-by-tour-de-france-2022\"\/><\/a><\/div>    <div class=\"entry-meta\">\n        <a class=\"label label-secondary post-category\" href=\"https:\/\/www.welovecycling.com\/sk\/category\/cestna-cyklisitika\/\" title=\"Cestn\u00e1 cyklistika\">Cestn\u00e1 cyklistika<\/a>\n    <\/div>\n    <div class=\"entry-details\">\n        <a href=\"https:\/\/www.welovecycling.com\/sk\/2022\/08\/23\/reportaz-letape-slovakia-by-tour-de-france-2022\/\" class='entry-title-wrapper'>\n            <h3 class=\"entry-title\"><span>Report\u00e1\u017e: L&#8217;Etape Slovakia by Tour de France 2022<\/span><\/h3>\n        <\/a>\n    <\/div>\n    <\/article>\n<\/div>\n<h2><strong>Giro della Toscana &#8211; Memorial Alfredo Martini, Taliansko, 14.&nbsp;09. 2022<\/strong><\/h2>\n<p>U\u017eite si Tosk\u00e1nsko na bicykli na Memori\u00e1li Alfreda Martiniho. Martini bol profesion\u00e1lnym cyklistom v\u00a0rokoch 1941 a\u017e 1957, \u010di\u017ee v\u00a0zlatom veku jazdcov ako Coppi, Bartali \u010di Magni. Nesk\u00f4r p\u00f4sobil ako \u0161portov\u00fd riadite\u013e \u010di technick\u00fd komis\u00e1r. Na jeho po\u010des\u0165 sa za\u010dal jazdi\u0165 tento memori\u00e1l. <strong>P\u00f4jdu sa dve trasy, t\u00e1 dlh\u0161ia bude ma\u0165 81 km a\u00a0krat\u0161\u00ed okruh, ktor\u00fd sa p\u00f4jde dvakr\u00e1t m\u00e1 d\u013a\u017eku 55 km.<\/strong> Celkov\u00e9 mno\u017estvo odjazden\u00fdch kilometrov bude 191,55 km.<\/p>\n<lite-youtube videoid=IedTMH_Ee34 params=\"enablejsapi=1\" style=\"background-image: url('https:\/\/i.ytimg.com\/vi_webp\/IedTMH_Ee34\/maxresdefault.webp');\"><\/lite-youtube>\n<h2><strong>Classique Paris-Chauny, Franc\u00fazsko, 25. 09. 2022<\/strong><\/h2>\n<p>V\u00a0roku 2010 sa mesto Chauny rozhodlo, \u017ee prestane dotova\u0165 tieto jednod\u0148ov\u00e9 cyklistick\u00e9 preteky, ktor\u00fdch hist\u00f3ria siaha a\u017e do roku 1922. <strong>Preteky sa v\u00a0tom roku skuto\u010dne nekonali, ale v\u010faka podpore nad\u0161encov ich hist\u00f3ria pokra\u010duje a\u00a0aj tento rok sa tu stretn\u00fa fan\u00fa\u0161ikovia cyklistiky.<\/strong> Ka\u017edoro\u010dne sa ich z\u00fa\u010dast\u0148uj\u00fa kontinent\u00e1lne aj svetov\u00e9 t\u00edmy. Pr\u00ed\u010fte osl\u00e1vi\u0165 ich okr\u00fahle v\u00fdro\u010die 100 rokov od zalo\u017eenia. Bude to ur\u010dite ve\u013ekolep\u00e9.<\/p>\n<lite-youtube videoid=rX4oejWIg4E params=\"enablejsapi=1\" style=\"background-image: url('https:\/\/i.ytimg.com\/vi_webp\/rX4oejWIg4E\/maxresdefault.webp');\"><\/lite-youtube>\n<h2><strong>Cro Race, Chorv\u00e1tsko, 27.09. &#8211; 02. 10. 2022<\/strong><\/h2>\n<p>Chorv\u00e1tske etapov\u00e9 preteky, ktor\u00e9 po\u010das \u0161iestich dn\u00ed prejd\u00fa ve\u013ek\u00fd kus krajiny. Konaj\u00fa sa u\u017e po siedmykr\u00e1t. Na predch\u00e1dzaj\u00facich ro\u010dn\u00edkoch sa <strong>predstavili najv\u00e4\u010d\u0161ie cyklistick\u00e9 hviezdy ako Mark Cavendish, Vincenzo Nibali, Giacomo Nizzolo, Adam Yates a tento rok sa o\u010dak\u00e1va a\u017e osem svetov\u00fdch t\u00edmov<\/strong>. Prv\u00fd de\u0148 trasa vedie vo vn\u00fatrozem\u00ed, ale ostatn\u00e9 dni bud\u00fa u\u017e viac \u010di menej kop\u00edrova\u0165 pobre\u017eie, tak\u017ee o\u00a0\u010derstv\u00fd morsk\u00fd vzduch a\u00a0v\u00fdh\u013eady nebude n\u00fadza.\n<lite-youtube videoid=KWStPkxeGC0 params=\"enablejsapi=1\" style=\"background-image: url('https:\/\/i.ytimg.com\/vi_webp\/KWStPkxeGC0\/maxresdefault.webp');\"><\/lite-youtube>\n","protected":false},"excerpt":{"rendered":"<p>Skon\u010dili pr\u00e1zdniny, \u010dakaj\u00fa n\u00e1s posledn\u00e9 tepl\u00e9 dni a\u00a0\u010doskoro bude sychravo a\u00a0veterno. A\u00a0preto v\u00e1s poz\u00fdvame naplno si u\u017ei\u0165 septembrov\u00fa d\u00e1vku pretekov, [&hellip;]<\/p>\n","protected":false},"author":170,"featured_media":15220,"comment_status":"open","ping_status":"open","sticky":false,"template":"","format":"standard","meta":{"footnotes":""},"categories":[34],"tags":[478,1371,1068,540,115,1476,896,705,306,180,412,37,419,1444],"global-categories":[1074],"class_list":["post-15207","post","type-post","status-publish","format-standard","has-post-thumbnail","hentry","category-podujatia","tag-akcia","tag-august","tag-bulharsko","tag-ceska-republika","tag-cestna-cyklistika","tag-chorvatsko","tag-enduro","tag-enduro-world-series","tag-francuzsko","tag-horska-cyklistika","tag-mtb","tag-podujatia","tag-taliansko","tag-xco","global-categories-cycling"],"yoast_head":"<!-- This site is optimized with the Yoast SEO Premium plugin v25.3 (Yoast SEO v25.9) - https:\/\/yoast.com\/wordpress\/plugins\/seo\/ -->\n<title>Septembrov\u00e1 desiatka MTB a cestn\u00fdch pretekov - \u0160koda We Love Cycling Slovensko<\/title>\n<meta name=\"description\" content=\"Skon\u010dili pr\u00e1zdniny, \u010dakaj\u00fa n\u00e1s posledn\u00e9 tepl\u00e9 dni a\u00a0\u010doskoro bude sychravo a\u00a0veterno. Preto v\u00e1s poz\u00fdvame u\u017ei\u0165 si septembrov\u00fa d\u00e1vku pretekov.\" \/>\n<meta name=\"robots\" content=\"index, follow, max-snippet:-1, max-image-preview:large, max-video-preview:-1\" \/>\n<link rel=\"canonical\" href=\"https:\/\/www.welovecycling.com\/sk\/2022\/09\/02\/septembrova-desiatka-mtb-a-cestnych-pretekov\/\" \/>\n<meta property=\"og:locale\" content=\"sk_SK\" \/>\n<meta property=\"og:type\" content=\"article\" \/>\n<meta property=\"og:title\" content=\"Septembrov\u00e1 desiatka MTB a cestn\u00fdch pretekov\" \/>\n<meta property=\"og:description\" content=\"Skon\u010dili pr\u00e1zdniny, \u010dakaj\u00fa n\u00e1s posledn\u00e9 tepl\u00e9 dni a\u00a0\u010doskoro bude sychravo a\u00a0veterno. Preto v\u00e1s poz\u00fdvame u\u017ei\u0165 si septembrov\u00fa d\u00e1vku pretekov.\" \/>\n<meta property=\"og:url\" content=\"https:\/\/www.welovecycling.com\/sk\/2022\/09\/02\/septembrova-desiatka-mtb-a-cestnych-pretekov\/\" \/>\n<meta property=\"og:site_name\" content=\"\u0160koda We Love Cycling Slovensko\" \/>\n<meta property=\"article:published_time\" content=\"2022-09-02T07:00:38+00:00\" \/>\n<meta property=\"article:modified_time\" content=\"2022-09-29T10:57:38+00:00\" \/>\n<meta property=\"og:image\" content=\"https:\/\/d2p6e6u75xmxt8.cloudfront.net\/4\/2022\/08\/september_00.webp\" \/>\n\t<meta property=\"og:image:width\" content=\"990\" \/>\n\t<meta property=\"og:image:height\" content=\"660\" \/>\n\t<meta property=\"og:image:type\" content=\"image\/webp\" \/>\n<meta name=\"author\" content=\"miksakova\" \/>\n<meta name=\"twitter:card\" content=\"summary_large_image\" \/>\n<meta name=\"twitter:label1\" content=\"Written by\" \/>\n\t<meta name=\"twitter:data1\" content=\"Miroslav Bielick\u00fd\" \/>\n\t<meta name=\"twitter:label2\" content=\"Est. reading time\" \/>\n\t<meta name=\"twitter:data2\" content=\"8\" \/>\n<script type=\"application\/ld+json\" class=\"yoast-schema-graph\">{\"@context\":\"https:\/\/schema.org\",\"@graph\":[{\"@type\":\"WebPage\",\"@id\":\"https:\/\/www.welovecycling.com\/sk\/2022\/09\/02\/septembrova-desiatka-mtb-a-cestnych-pretekov\/\",\"url\":\"https:\/\/www.welovecycling.com\/sk\/2022\/09\/02\/septembrova-desiatka-mtb-a-cestnych-pretekov\/\",\"name\":\"Septembrov\u00e1 desiatka MTB a cestn\u00fdch pretekov - \u0160koda We Love Cycling Slovensko\",\"isPartOf\":{\"@id\":\"https:\/\/www.welovecycling.com\/sk\/#website\"},\"primaryImageOfPage\":{\"@id\":\"https:\/\/www.welovecycling.com\/sk\/2022\/09\/02\/septembrova-desiatka-mtb-a-cestnych-pretekov\/#primaryimage\"},\"image\":{\"@id\":\"https:\/\/www.welovecycling.com\/sk\/2022\/09\/02\/septembrova-desiatka-mtb-a-cestnych-pretekov\/#primaryimage\"},\"thumbnailUrl\":\"https:\/\/d2p6e6u75xmxt8.cloudfront.net\/4\/2022\/08\/september_00.webp\",\"datePublished\":\"2022-09-02T07:00:38+00:00\",\"dateModified\":\"2022-09-29T10:57:38+00:00\",\"author\":{\"@id\":\"https:\/\/www.welovecycling.com\/sk\/#\/schema\/person\/c6ce5af9dceed219d84a07d2ffa2cad9\"},\"description\":\"Skon\u010dili pr\u00e1zdniny, \u010dakaj\u00fa n\u00e1s posledn\u00e9 tepl\u00e9 dni a\u00a0\u010doskoro bude sychravo a\u00a0veterno. Preto v\u00e1s poz\u00fdvame u\u017ei\u0165 si septembrov\u00fa d\u00e1vku pretekov.\",\"breadcrumb\":{\"@id\":\"https:\/\/www.welovecycling.com\/sk\/2022\/09\/02\/septembrova-desiatka-mtb-a-cestnych-pretekov\/#breadcrumb\"},\"inLanguage\":\"sk-SK\",\"potentialAction\":[{\"@type\":\"ReadAction\",\"target\":[\"https:\/\/www.welovecycling.com\/sk\/2022\/09\/02\/septembrova-desiatka-mtb-a-cestnych-pretekov\/\"]}]},{\"@type\":\"ImageObject\",\"inLanguage\":\"sk-SK\",\"@id\":\"https:\/\/www.welovecycling.com\/sk\/2022\/09\/02\/septembrova-desiatka-mtb-a-cestnych-pretekov\/#primaryimage\",\"url\":\"https:\/\/d2p6e6u75xmxt8.cloudfront.net\/4\/2022\/08\/september_00.webp\",\"contentUrl\":\"https:\/\/d2p6e6u75xmxt8.cloudfront.net\/4\/2022\/08\/september_00.webp\",\"width\":990,\"height\":660},{\"@type\":\"BreadcrumbList\",\"@id\":\"https:\/\/www.welovecycling.com\/sk\/2022\/09\/02\/septembrova-desiatka-mtb-a-cestnych-pretekov\/#breadcrumb\",\"itemListElement\":[{\"@type\":\"ListItem\",\"position\":1,\"name\":\"Home\",\"item\":\"https:\/\/www.welovecycling.com\/sk\/\"},{\"@type\":\"ListItem\",\"position\":2,\"name\":\"Septembrov\u00e1 desiatka MTB a cestn\u00fdch pretekov\"}]},{\"@type\":\"WebSite\",\"@id\":\"https:\/\/www.welovecycling.com\/sk\/#website\",\"url\":\"https:\/\/www.welovecycling.com\/sk\/\",\"name\":\"\u0160koda We Love Cycling Slovensko\",\"description\":\"\u0160koda We Love Cycling Slovensko je v\u00e1\u0161 ka\u017edodenn\u00fd zdroj noviniek a in\u0161pir\u00e1cie z sveta cyklistiky\",\"potentialAction\":[{\"@type\":\"SearchAction\",\"target\":{\"@type\":\"EntryPoint\",\"urlTemplate\":\"https:\/\/www.welovecycling.com\/sk\/?s={search_term_string}\"},\"query-input\":{\"@type\":\"PropertyValueSpecification\",\"valueRequired\":true,\"valueName\":\"search_term_string\"}}],\"inLanguage\":\"sk-SK\"},{\"@type\":\"Person\",\"@id\":\"https:\/\/www.welovecycling.com\/sk\/#\/schema\/person\/c6ce5af9dceed219d84a07d2ffa2cad9\",\"name\":\"miksakova\",\"image\":{\"@type\":\"ImageObject\",\"inLanguage\":\"sk-SK\",\"@id\":\"https:\/\/www.welovecycling.com\/sk\/#\/schema\/person\/image\/\",\"url\":\"https:\/\/secure.gravatar.com\/avatar\/3663fb8acb50de04150ea6f7afc1bc15aba80aad4bf92aee01bd38a79084eb7a?s=96&d=mm&r=g\",\"contentUrl\":\"https:\/\/secure.gravatar.com\/avatar\/3663fb8acb50de04150ea6f7afc1bc15aba80aad4bf92aee01bd38a79084eb7a?s=96&d=mm&r=g\",\"caption\":\"miksakova\"},\"url\":\"https:\/\/www.welovecycling.com\/sk\/author\/miksakova\/\"}]}<\/script>\n<!-- \/ Yoast SEO Premium plugin. -->","yoast_head_json":{"title":"Septembrov\u00e1 desiatka MTB a cestn\u00fdch pretekov - \u0160koda We Love Cycling Slovensko","description":"Skon\u010dili pr\u00e1zdniny, \u010dakaj\u00fa n\u00e1s posledn\u00e9 tepl\u00e9 dni a\u00a0\u010doskoro bude sychravo a\u00a0veterno. Preto v\u00e1s poz\u00fdvame u\u017ei\u0165 si septembrov\u00fa d\u00e1vku pretekov.","robots":{"index":"index","follow":"follow","max-snippet":"max-snippet:-1","max-image-preview":"max-image-preview:large","max-video-preview":"max-video-preview:-1"},"canonical":"https:\/\/www.welovecycling.com\/sk\/2022\/09\/02\/septembrova-desiatka-mtb-a-cestnych-pretekov\/","og_locale":"sk_SK","og_type":"article","og_title":"Septembrov\u00e1 desiatka MTB a cestn\u00fdch pretekov","og_description":"Skon\u010dili pr\u00e1zdniny, \u010dakaj\u00fa n\u00e1s posledn\u00e9 tepl\u00e9 dni a\u00a0\u010doskoro bude sychravo a\u00a0veterno. Preto v\u00e1s poz\u00fdvame u\u017ei\u0165 si septembrov\u00fa d\u00e1vku pretekov.","og_url":"https:\/\/www.welovecycling.com\/sk\/2022\/09\/02\/septembrova-desiatka-mtb-a-cestnych-pretekov\/","og_site_name":"\u0160koda We Love Cycling Slovensko","article_published_time":"2022-09-02T07:00:38+00:00","article_modified_time":"2022-09-29T10:57:38+00:00","og_image":[{"width":990,"height":660,"url":"https:\/\/d2p6e6u75xmxt8.cloudfront.net\/4\/2022\/08\/september_00.webp","type":"image\/webp"}],"author":"miksakova","twitter_card":"summary_large_image","twitter_misc":{"Written by":"Miroslav Bielick\u00fd","Est. reading time":"8"},"schema":{"@context":"https:\/\/schema.org","@graph":[{"@type":"WebPage","@id":"https:\/\/www.welovecycling.com\/sk\/2022\/09\/02\/septembrova-desiatka-mtb-a-cestnych-pretekov\/","url":"https:\/\/www.welovecycling.com\/sk\/2022\/09\/02\/septembrova-desiatka-mtb-a-cestnych-pretekov\/","name":"Septembrov\u00e1 desiatka MTB a cestn\u00fdch pretekov - \u0160koda We Love Cycling Slovensko","isPartOf":{"@id":"https:\/\/www.welovecycling.com\/sk\/#website"},"primaryImageOfPage":{"@id":"https:\/\/www.welovecycling.com\/sk\/2022\/09\/02\/septembrova-desiatka-mtb-a-cestnych-pretekov\/#primaryimage"},"image":{"@id":"https:\/\/www.welovecycling.com\/sk\/2022\/09\/02\/septembrova-desiatka-mtb-a-cestnych-pretekov\/#primaryimage"},"thumbnailUrl":"https:\/\/d2p6e6u75xmxt8.cloudfront.net\/4\/2022\/08\/september_00.webp","datePublished":"2022-09-02T07:00:38+00:00","dateModified":"2022-09-29T10:57:38+00:00","author":{"@id":"https:\/\/www.welovecycling.com\/sk\/#\/schema\/person\/c6ce5af9dceed219d84a07d2ffa2cad9"},"description":"Skon\u010dili pr\u00e1zdniny, \u010dakaj\u00fa n\u00e1s posledn\u00e9 tepl\u00e9 dni a\u00a0\u010doskoro bude sychravo a\u00a0veterno. Preto v\u00e1s poz\u00fdvame u\u017ei\u0165 si septembrov\u00fa d\u00e1vku pretekov.","breadcrumb":{"@id":"https:\/\/www.welovecycling.com\/sk\/2022\/09\/02\/septembrova-desiatka-mtb-a-cestnych-pretekov\/#breadcrumb"},"inLanguage":"sk-SK","potentialAction":[{"@type":"ReadAction","target":["https:\/\/www.welovecycling.com\/sk\/2022\/09\/02\/septembrova-desiatka-mtb-a-cestnych-pretekov\/"]}]},{"@type":"ImageObject","inLanguage":"sk-SK","@id":"https:\/\/www.welovecycling.com\/sk\/2022\/09\/02\/septembrova-desiatka-mtb-a-cestnych-pretekov\/#primaryimage","url":"https:\/\/d2p6e6u75xmxt8.cloudfront.net\/4\/2022\/08\/september_00.webp","contentUrl":"https:\/\/d2p6e6u75xmxt8.cloudfront.net\/4\/2022\/08\/september_00.webp","width":990,"height":660},{"@type":"BreadcrumbList","@id":"https:\/\/www.welovecycling.com\/sk\/2022\/09\/02\/septembrova-desiatka-mtb-a-cestnych-pretekov\/#breadcrumb","itemListElement":[{"@type":"ListItem","position":1,"name":"Home","item":"https:\/\/www.welovecycling.com\/sk\/"},{"@type":"ListItem","position":2,"name":"Septembrov\u00e1 desiatka MTB a cestn\u00fdch pretekov"}]},{"@type":"WebSite","@id":"https:\/\/www.welovecycling.com\/sk\/#website","url":"https:\/\/www.welovecycling.com\/sk\/","name":"\u0160koda We Love Cycling Slovensko","description":"\u0160koda We Love Cycling Slovensko je v\u00e1\u0161 ka\u017edodenn\u00fd zdroj noviniek a in\u0161pir\u00e1cie z sveta cyklistiky","potentialAction":[{"@type":"SearchAction","target":{"@type":"EntryPoint","urlTemplate":"https:\/\/www.welovecycling.com\/sk\/?s={search_term_string}"},"query-input":{"@type":"PropertyValueSpecification","valueRequired":true,"valueName":"search_term_string"}}],"inLanguage":"sk-SK"},{"@type":"Person","@id":"https:\/\/www.welovecycling.com\/sk\/#\/schema\/person\/c6ce5af9dceed219d84a07d2ffa2cad9","name":"miksakova","image":{"@type":"ImageObject","inLanguage":"sk-SK","@id":"https:\/\/www.welovecycling.com\/sk\/#\/schema\/person\/image\/","url":"https:\/\/secure.gravatar.com\/avatar\/3663fb8acb50de04150ea6f7afc1bc15aba80aad4bf92aee01bd38a79084eb7a?s=96&d=mm&r=g","contentUrl":"https:\/\/secure.gravatar.com\/avatar\/3663fb8acb50de04150ea6f7afc1bc15aba80aad4bf92aee01bd38a79084eb7a?s=96&d=mm&r=g","caption":"miksakova"},"url":"https:\/\/www.welovecycling.com\/sk\/author\/miksakova\/"}]}},"_links":{"self":[{"href":"https:\/\/www.welovecycling.com\/sk\/wp-json\/wp\/v2\/posts\/15207","targetHints":{"allow":["GET"]}}],"collection":[{"href":"https:\/\/www.welovecycling.com\/sk\/wp-json\/wp\/v2\/posts"}],"about":[{"href":"https:\/\/www.welovecycling.com\/sk\/wp-json\/wp\/v2\/types\/post"}],"author":[{"embeddable":true,"href":"https:\/\/www.welovecycling.com\/sk\/wp-json\/wp\/v2\/users\/170"}],"replies":[{"embeddable":true,"href":"https:\/\/www.welovecycling.com\/sk\/wp-json\/wp\/v2\/comments?post=15207"}],"version-history":[{"count":2,"href":"https:\/\/www.welovecycling.com\/sk\/wp-json\/wp\/v2\/posts\/15207\/revisions"}],"predecessor-version":[{"id":15375,"href":"https:\/\/www.welovecycling.com\/sk\/wp-json\/wp\/v2\/posts\/15207\/revisions\/15375"}],"wp:featuredmedia":[{"embeddable":true,"href":"https:\/\/www.welovecycling.com\/sk\/wp-json\/wp\/v2\/media\/15220"}],"wp:attachment":[{"href":"https:\/\/www.welovecycling.com\/sk\/wp-json\/wp\/v2\/media?parent=15207"}],"wp:term":[{"taxonomy":"category","embeddable":true,"href":"https:\/\/www.welovecycling.com\/sk\/wp-json\/wp\/v2\/categories?post=15207"},{"taxonomy":"post_tag","embeddable":true,"href":"https:\/\/www.welovecycling.com\/sk\/wp-json\/wp\/v2\/tags?post=15207"},{"taxonomy":"global-categories","embeddable":true,"href":"https:\/\/www.welovecycling.com\/sk\/wp-json\/wp\/v2\/global-categories?post=15207"}],"curies":[{"name":"wp","href":"https:\/\/api.w.org\/{rel}","templated":true}]}}