{"id":15124,"date":"2022-08-23T15:20:59","date_gmt":"2022-08-23T13:20:59","guid":{"rendered":"https:\/\/www.welovecycling.com\/sk\/?p=15124"},"modified":"2023-06-28T11:39:22","modified_gmt":"2023-06-28T09:39:22","slug":"reportaz-letape-slovakia-by-tour-de-france-2022","status":"publish","type":"post","link":"https:\/\/www.welovecycling.com\/sk\/2022\/08\/23\/reportaz-letape-slovakia-by-tour-de-france-2022\/","title":{"rendered":"Report\u00e1\u017e: L&#8217;Etape Slovakia by Tour de France 2022"},"content":{"rendered":"<p><strong>Uplynul\u00fd v\u00edkend sa v Bratislave konalo jedno z najv\u00e4\u010d\u0161\u00edch amat\u00e9rskych cyklistick\u00fdch podujat\u00ed v r\u00e1mci Slovenskej republiky \u2013 L&#8217;Etape Slovakia by Tour de France. I\u0161lo o druh\u00fd ro\u010dn\u00edk tohto skvel\u00e9ho podujatia u n\u00e1s.<\/strong><!--more--><\/p>\n<p>L&#8217;Etape by Tour de France je s\u00e9ria cyklistick\u00fdch podujat\u00ed konaj\u00facich sa aktu\u00e1lne v 21 krajin\u00e1ch po celom svete. <strong>Sloganom tejto udalosti je \u201eZa\u017ei legendu Tour de France\u201c.<\/strong> Po\u010das v\u00edkendu 20. 08. 2022 \u2013 21. 08. 2022 si tak \u0161irok\u00e1 cyklistick\u00e1 verejnos\u0165 mohla vysk\u00fa\u0161a\u0165, ak\u00e9 to je po\u010das etapy Tour. Ja som sa z\u00fa\u010dastnil aj prv\u00e9ho ro\u010dn\u00edka v roku 2021. Nako\u013eko t\u00e1to akcia vo mne zanechala ve\u013emi pr\u00edjemn\u00e9 a pozit\u00edvne pocity, vedel som, \u017ee si to ur\u010dite budem chcie\u0165 zopakova\u0165.<\/p>\n<div id='gallery-1' class='gallery galleryid-15124 gallery-columns-2 gallery-size-full'><figure class='gallery-item'>\n\t\t\t<div class='gallery-icon landscape'>\n\t\t\t\t<a href='https:\/\/d2p6e6u75xmxt8.cloudfront.net\/4\/2022\/08\/Letape_Slovakia_2022_004.webp'><img loading=\"lazy\" decoding=\"async\" width=\"990\" height=\"660\" src=\"https:\/\/d2p6e6u75xmxt8.cloudfront.net\/4\/2022\/08\/Letape_Slovakia_2022_004.webp\" class=\"attachment-full size-full\" alt=\"\" srcset=\"https:\/\/d2p6e6u75xmxt8.cloudfront.net\/4\/2022\/08\/Letape_Slovakia_2022_004.webp 990w, https:\/\/d2p6e6u75xmxt8.cloudfront.net\/4\/2022\/08\/Letape_Slovakia_2022_004-300x200.webp 300w, https:\/\/d2p6e6u75xmxt8.cloudfront.net\/4\/2022\/08\/Letape_Slovakia_2022_004-768x512.webp 768w, https:\/\/d2p6e6u75xmxt8.cloudfront.net\/4\/2022\/08\/Letape_Slovakia_2022_004-272x182.webp 272w\" sizes=\"auto, (max-width: 990px) 100vw, 990px\" \/><\/a>\n\t\t\t<\/div><\/figure><figure class='gallery-item'>\n\t\t\t<div class='gallery-icon landscape'>\n\t\t\t\t<a href='https:\/\/d2p6e6u75xmxt8.cloudfront.net\/4\/2022\/08\/Letape_Slovakia_2022_005.webp'><img loading=\"lazy\" decoding=\"async\" width=\"990\" height=\"660\" src=\"https:\/\/d2p6e6u75xmxt8.cloudfront.net\/4\/2022\/08\/Letape_Slovakia_2022_005.webp\" class=\"attachment-full size-full\" alt=\"\" srcset=\"https:\/\/d2p6e6u75xmxt8.cloudfront.net\/4\/2022\/08\/Letape_Slovakia_2022_005.webp 990w, https:\/\/d2p6e6u75xmxt8.cloudfront.net\/4\/2022\/08\/Letape_Slovakia_2022_005-300x200.webp 300w, https:\/\/d2p6e6u75xmxt8.cloudfront.net\/4\/2022\/08\/Letape_Slovakia_2022_005-768x512.webp 768w, https:\/\/d2p6e6u75xmxt8.cloudfront.net\/4\/2022\/08\/Letape_Slovakia_2022_005-272x182.webp 272w\" sizes=\"auto, (max-width: 990px) 100vw, 990px\" \/><\/a>\n\t\t\t<\/div><\/figure>\n\t\t<\/div>\n\n<p>L&#8217;Etape Slovakia pon\u00faka na v\u00fdber z dvoch trat\u00ed. \u00da\u010dastn\u00edci si m\u00f4\u017eu vybra\u0165 kr\u00e1tku 65 km dlh\u00fa trasu s prev\u00fd\u0161en\u00edm 900 metrov, alebo dlh\u00fa 117 km trasu s prev\u00fd\u0161en\u00edm 1 700 metrov. V roku 2021 som si vybral trasu 117 km, tento rok sme sa spolu s t\u00edmov\u00fdmi par\u0165\u00e1kmi rozhodli pre trasu 65 km.<strong> Obe trasy \u0161tartuj\u00fa spolo\u010dne zo \u0160trkoveck\u00e9ho jazera, kde je situovan\u00e1 aj L&#8217;Etape village a teda z\u00e1zemie celej akcie.<\/strong> Tu \u00fa\u010dastn\u00edci n\u00e1jdu v\u0161etko potrebn\u00e9. St\u00e1nky firiem podie\u013eaj\u00facich sa na organiz\u00e1cii podujatia, stan pre registr\u00e1ciu, servisn\u00e9 stany Shimano, kde si ka\u017ed\u00fd \u00fa\u010dastn\u00edk m\u00f4\u017ee zdarma necha\u0165 skontrolova\u0165 a nastavi\u0165 bicykel, \u010di samozrejme st\u00e1nky s ob\u010derstven\u00edm, chill z\u00f3nu a mnoho \u010fal\u0161ieho.<\/p>\n<h2><strong>De\u0148 pretekov<\/strong><\/h2>\n<p>Hlavn\u00fd program sa odohr\u00e1va v nede\u013eu. V \u201ededine\u201c je od skor\u00e9ho r\u00e1na mo\u017en\u00e9 sa e\u0161te doregistrova\u0165, \u010di da\u0165 si \u013eahk\u00e9 ra\u0148ajky. \u0160tart oboch tr\u00e1s je spolo\u010dn\u00fd a je napl\u00e1novan\u00fd na 7:00 hod. \u0160tartov\u00fd koridor sa otv\u00e1ra o 6:30 hod. <strong>Spolu s t\u00edmov\u00fdmi kolegami si d\u00e1vame bud\u00edk na 5:00, d\u00e1me si na izbe spolo\u010dn\u00e9 ra\u0148ajky a kr\u00e1tko po 6tej vyr\u00e1\u017eame z hotela smer \u0160trkovec.<\/strong> Ubytovanie sme zvolili v Hoteli Bratislava a teda to m\u00e1me na \u0161tart ani nie 2 km.<\/p>\n<div class=\"shortcode-ys-post-pinup\"><article class=\"loop-simple post-12728 post type-post status-publish format-standard has-post-thumbnail hentry category-cestna-cyklisitika category-letape-slovakia category-podujatia tag-bratislava tag-cestna-cyklistika tag-etapove-preteky tag-jazda-v-pelotone tag-letape-slovakia tag-letape-slovakia-by-tour-de-france tag-podujatia tag-preteky tag-sezona-2021 tag-skoda tag-skoda-auto tag-skoda-tim tag-slovensko tag-vitaz global-categories-cycling\" data-postid=\"12728\" role=\"article\" data-post-id=\"12728\" data-word-count=\"498\" data-headline-length=\"71\" data-category=\"Cestn\u00e1 cyklistika\" data-global-category=\"Cycling\" data-author=\"Barbora \u0160uchov\u00e1\" data-published=\"2021-08-25T17:00:32+02:00\" data-published-day=\"Wednesday\">\n    <div class=\"entry-thumbnail article-thumbnail\" content=\"https:\/\/d2p6e6u75xmxt8.cloudfront.net\/4\/2021\/08\/letape_slovakia_00-150x150.webp\"><a href=\"https:\/\/www.welovecycling.com\/sk\/2021\/08\/25\/l%ca%b9-etape-slovakia-prvykrat-v-kozi-pretekara-tour-de-france\/\" class=\"image-holder\" target=\"_self\"><img decoding=\"async\" loading=\"lazy\" class=\"\" src=\"https:\/\/d2p6e6u75xmxt8.cloudfront.net\/4\/2021\/08\/letape_slovakia_00-1024x445.webp\" srcset=\"https:\/\/d2p6e6u75xmxt8.cloudfront.net\/4\/2021\/08\/letape_slovakia_00.webp 1380w, https:\/\/d2p6e6u75xmxt8.cloudfront.net\/4\/2021\/08\/letape_slovakia_00-300x130.webp 300w, https:\/\/d2p6e6u75xmxt8.cloudfront.net\/4\/2021\/08\/letape_slovakia_00-1024x445.webp 1024w, https:\/\/d2p6e6u75xmxt8.cloudfront.net\/4\/2021\/08\/letape_slovakia_00-768x334.webp 768w\" width=\"1024\" height=\"445\" sizes=\"auto, (min-width: 1200px) 460px, (min-width: 768px) 38vw, 100vw\" alt=\"l%ca%b9-etape-slovakia-prvykrat-v-kozi-pretekara-tour-de-france\"\/><\/a><\/div>    <div class=\"entry-meta\">\n        <a class=\"label label-secondary post-category\" href=\"https:\/\/www.welovecycling.com\/sk\/category\/cestna-cyklisitika\/\" title=\"Cestn\u00e1 cyklistika\">Cestn\u00e1 cyklistika<\/a>\n    <\/div>\n    <div class=\"entry-details\">\n        <a href=\"https:\/\/www.welovecycling.com\/sk\/2021\/08\/25\/l%ca%b9-etape-slovakia-prvykrat-v-kozi-pretekara-tour-de-france\/\" class='entry-title-wrapper'>\n            <h3 class=\"entry-title\"><span>L\u0374 Etape Slovakia &#8211; Prv\u00fdkr\u00e1t v ko\u017ei pretek\u00e1ra Tour de France<\/span><\/h3>\n        <\/a>\n    <\/div>\n    <\/article>\n<\/div>\n<p>\u0160tartov\u00fd koridor bol tento rok s\u00edce rozdelen\u00fd pod\u013ea \u201ev\u00fdkonnosti\u201c, resp. pod\u013ea \u010dasov dosiahnut\u00fdch minul\u00fd rok, av\u0161ak bolo to len odpor\u00fa\u010danie. <strong>A teda plat\u00ed star\u00e9 zn\u00e1me, kto sk\u00f4r pr\u00edde, ten sk\u00f4r berie.<\/strong> V tomto pr\u00edpade dobr\u00fa \u0161tartov\u00fa poz\u00edciu. A tak u\u017e o 6:30 stoj\u00edme v koridore, a pred nami s\u00fa len VIP hostia a tzv. elite kateg\u00f3ria. Od sam\u00e9ho r\u00e1na je atmosf\u00e9ra \u00fa\u017easn\u00e1. Hudba, moder\u00e1tor, legenda Tour Didi the Devil (\u00e1no, naozaj ten Didi, ktor\u00e9ho cel\u00e9 roky v\u00edda\u0165 na pretekoch Tour de France). Tesne pred \u0161tartom sa pust\u00ed hymna no a po nej za zvuku pesni\u010dky od AC\/DC Thunderstorm sa vyd\u00e1vame na tra\u0165.<\/p>\n<p><a href=\"https:\/\/d2p6e6u75xmxt8.cloudfront.net\/4\/2022\/08\/Letape_Slovakia_2022_037.jpg\"><img loading=\"lazy\" decoding=\"async\" class=\"alignnone size-full wp-image-15140\" src=\"https:\/\/d2p6e6u75xmxt8.cloudfront.net\/4\/2022\/08\/Letape_Slovakia_2022_037.jpg\" alt=\"\" width=\"990\" height=\"661\" \/><\/a><\/p>\n<p>Prv\u00fdch 13 km sa pres\u00favame sl\u00e1vnostne za vozidlom Bratislavou a\u017e po nult\u00fd kilometer, kde za\u010d\u00ednaj\u00fa prav\u00e9 preteky. Obe trasy pokra\u010duj\u00fa spolo\u010dne na smer Dev\u00ednska Nov\u00e1 Ves, Stupava, Borinka, za ktorou za\u010d\u00edna prv\u00e9 kategorizovan\u00e9 st\u00fapanie a to Strmina. <strong>U\u017e pod Strminou je bal\u00edk, v tomto roku takmer 800 cyklistiek a cyklistov, nadelen\u00fd, av\u0161ak a\u017e priamo v kopci sa to doslova natrh\u00e1.<\/strong> Po prejazde vrcholu st\u00fapania sa trasy delia. Dlh\u00e1 pokra\u010duje zjazdom na Lozorno, zatia\u013e \u010do kr\u00e1tka odbo\u010d\u00ed doprava na Javorn\u00edk a Biely Kr\u00ed\u017e.<\/p>\n<p>Z Bieleho Kr\u00ed\u017ea sme pokra\u010dovali zjazdom a\u017e pod z\u00e1vere\u010dn\u00e9 st\u00fapanie d\u0148a, Kamz\u00edk. V\u00fd\u017eivn\u00e1 bodka za trasou, ktor\u00e1 d\u00e1 poc\u00edti\u0165, \u017ee slovensk\u00e1 ed\u00edcia L&#8217;Etape je ozna\u010dovan\u00e1 ako \u201ehilly\u201c. <strong>V cieli na Kamz\u00edku op\u00e4\u0165 vl\u00e1dne skvel\u00e1 atmosf\u00e9ra, hr\u00e1 hudba, moder\u00e1tor zab\u00e1va \u013eud\u00ed v cieli, ktor\u00ed pri\u0161li fandi\u0165.<\/strong> Na ka\u017ed\u00e9ho fini\u0161era \u010dak\u00e1 odmena v podobe pam\u00e4tnej medaily, ob\u010derstvenie gr\u00e1tis. Ch\u00fdba\u0165 nesm\u00fa pre istotu zdravotn\u00edci, \u010di op\u00e4\u0165 servisn\u00fd stan Shimano. Odtia\u013eto n\u00e1m ost\u00e1va u\u017e len presun sp\u00e4\u0165 na \u0160trkovec, kde sa bude kona\u0165 vyhodnotenie a tombola a z\u00e1vere\u010dn\u00fd program.<\/p>\n<div id='gallery-2' class='gallery galleryid-12728 gallery-columns-2 gallery-size-full'><figure class='gallery-item'>\n\t\t\t<div class='gallery-icon landscape'>\n\t\t\t\t<a href='https:\/\/d2p6e6u75xmxt8.cloudfront.net\/4\/2022\/08\/Letape_Slovakia_2022_105.webp'><img loading=\"lazy\" decoding=\"async\" width=\"990\" height=\"659\" src=\"https:\/\/d2p6e6u75xmxt8.cloudfront.net\/4\/2022\/08\/Letape_Slovakia_2022_105.webp\" class=\"attachment-full size-full\" alt=\"\" srcset=\"https:\/\/d2p6e6u75xmxt8.cloudfront.net\/4\/2022\/08\/Letape_Slovakia_2022_105.webp 990w, https:\/\/d2p6e6u75xmxt8.cloudfront.net\/4\/2022\/08\/Letape_Slovakia_2022_105-300x200.webp 300w, https:\/\/d2p6e6u75xmxt8.cloudfront.net\/4\/2022\/08\/Letape_Slovakia_2022_105-768x511.webp 768w, https:\/\/d2p6e6u75xmxt8.cloudfront.net\/4\/2022\/08\/Letape_Slovakia_2022_105-272x182.webp 272w\" sizes=\"auto, (max-width: 990px) 100vw, 990px\" \/><\/a>\n\t\t\t<\/div><\/figure><figure class='gallery-item'>\n\t\t\t<div class='gallery-icon landscape'>\n\t\t\t\t<a href='https:\/\/d2p6e6u75xmxt8.cloudfront.net\/4\/2022\/08\/Letape_Slovakia_2022_142.webp'><img loading=\"lazy\" decoding=\"async\" width=\"990\" height=\"661\" src=\"https:\/\/d2p6e6u75xmxt8.cloudfront.net\/4\/2022\/08\/Letape_Slovakia_2022_142.webp\" class=\"attachment-full size-full\" alt=\"\" srcset=\"https:\/\/d2p6e6u75xmxt8.cloudfront.net\/4\/2022\/08\/Letape_Slovakia_2022_142.webp 990w, https:\/\/d2p6e6u75xmxt8.cloudfront.net\/4\/2022\/08\/Letape_Slovakia_2022_142-300x200.webp 300w, https:\/\/d2p6e6u75xmxt8.cloudfront.net\/4\/2022\/08\/Letape_Slovakia_2022_142-768x513.webp 768w, https:\/\/d2p6e6u75xmxt8.cloudfront.net\/4\/2022\/08\/Letape_Slovakia_2022_142-272x182.webp 272w\" sizes=\"auto, (max-width: 990px) 100vw, 990px\" \/><\/a>\n\t\t\t<\/div><\/figure><figure class='gallery-item'>\n\t\t\t<div class='gallery-icon landscape'>\n\t\t\t\t<a href='https:\/\/d2p6e6u75xmxt8.cloudfront.net\/4\/2022\/08\/Letape_Slovakia_2022_175.webp'><img loading=\"lazy\" decoding=\"async\" width=\"990\" height=\"659\" src=\"https:\/\/d2p6e6u75xmxt8.cloudfront.net\/4\/2022\/08\/Letape_Slovakia_2022_175.webp\" class=\"attachment-full size-full\" alt=\"\" srcset=\"https:\/\/d2p6e6u75xmxt8.cloudfront.net\/4\/2022\/08\/Letape_Slovakia_2022_175.webp 990w, https:\/\/d2p6e6u75xmxt8.cloudfront.net\/4\/2022\/08\/Letape_Slovakia_2022_175-300x200.webp 300w, https:\/\/d2p6e6u75xmxt8.cloudfront.net\/4\/2022\/08\/Letape_Slovakia_2022_175-768x511.webp 768w, https:\/\/d2p6e6u75xmxt8.cloudfront.net\/4\/2022\/08\/Letape_Slovakia_2022_175-272x182.webp 272w\" sizes=\"auto, (max-width: 990px) 100vw, 990px\" \/><\/a>\n\t\t\t<\/div><\/figure><figure class='gallery-item'>\n\t\t\t<div class='gallery-icon landscape'>\n\t\t\t\t<a href='https:\/\/d2p6e6u75xmxt8.cloudfront.net\/4\/2022\/08\/Letape_Slovakia_2022_180.webp'><img loading=\"lazy\" decoding=\"async\" width=\"990\" height=\"659\" src=\"https:\/\/d2p6e6u75xmxt8.cloudfront.net\/4\/2022\/08\/Letape_Slovakia_2022_180.webp\" class=\"attachment-full size-full\" alt=\"\" srcset=\"https:\/\/d2p6e6u75xmxt8.cloudfront.net\/4\/2022\/08\/Letape_Slovakia_2022_180.webp 990w, https:\/\/d2p6e6u75xmxt8.cloudfront.net\/4\/2022\/08\/Letape_Slovakia_2022_180-300x200.webp 300w, https:\/\/d2p6e6u75xmxt8.cloudfront.net\/4\/2022\/08\/Letape_Slovakia_2022_180-768x511.webp 768w, https:\/\/d2p6e6u75xmxt8.cloudfront.net\/4\/2022\/08\/Letape_Slovakia_2022_180-272x182.webp 272w\" sizes=\"auto, (max-width: 990px) 100vw, 990px\" \/><\/a>\n\t\t\t<\/div><\/figure>\n\t\t<\/div>\n\n<h2><strong>Ak\u00e9 to bolo?<\/strong><\/h2>\n<p>L&#8217;Etape Slovakia by Tour de France je skvel\u00e9 cyklistick\u00e9 podujatie pre \u0161irok\u00fa verejnos\u0165. Ani po roku sa pocity nezmenili a prevl\u00e1da vo mne spokojnos\u0165. Skvel\u00e9 zabezpe\u010den\u00e9 z\u00e1zemie, odstaven\u00e1 prem\u00e1vka na celej trati, sprievodn\u00e9 vozidl\u00e1 a motorky ako na profesion\u00e1lnych pretekoch. Profesion\u00e1lna \u010dasomiera, kopec fotografov \u010di dronov, \u00fa\u017easn\u00e9 z\u00e1zemie na \u0161tarte aj v cieli a ve\u013emi priate\u013esk\u00fd t\u00edm organiz\u00e1torov. <strong>Atmosf\u00e9ra tohto podujatia \u010di cyklojazdy sa mi ned\u00e1 porovna\u0165 s inou cyklistickou udalos\u0165ou na Slovensku.<\/strong> Ve\u013ek\u00fd palec hore pre organiz\u00e1torov, rob\u00edte to skvelo.<\/p>\n<div id='gallery-3' class='gallery galleryid-12728 gallery-columns-2 gallery-size-full'><figure class='gallery-item'>\n\t\t\t<div class='gallery-icon landscape'>\n\t\t\t\t<a href='https:\/\/d2p6e6u75xmxt8.cloudfront.net\/4\/2022\/08\/Letape_Slovakia_2022_194.webp'><img loading=\"lazy\" decoding=\"async\" width=\"990\" height=\"659\" src=\"https:\/\/d2p6e6u75xmxt8.cloudfront.net\/4\/2022\/08\/Letape_Slovakia_2022_194.webp\" class=\"attachment-full size-full\" alt=\"\" srcset=\"https:\/\/d2p6e6u75xmxt8.cloudfront.net\/4\/2022\/08\/Letape_Slovakia_2022_194.webp 990w, https:\/\/d2p6e6u75xmxt8.cloudfront.net\/4\/2022\/08\/Letape_Slovakia_2022_194-300x200.webp 300w, https:\/\/d2p6e6u75xmxt8.cloudfront.net\/4\/2022\/08\/Letape_Slovakia_2022_194-768x511.webp 768w, https:\/\/d2p6e6u75xmxt8.cloudfront.net\/4\/2022\/08\/Letape_Slovakia_2022_194-272x182.webp 272w\" sizes=\"auto, (max-width: 990px) 100vw, 990px\" \/><\/a>\n\t\t\t<\/div><\/figure><figure class='gallery-item'>\n\t\t\t<div class='gallery-icon landscape'>\n\t\t\t\t<a href='https:\/\/d2p6e6u75xmxt8.cloudfront.net\/4\/2022\/08\/Letape_Slovakia_2022_204.webp'><img loading=\"lazy\" decoding=\"async\" width=\"990\" height=\"661\" src=\"https:\/\/d2p6e6u75xmxt8.cloudfront.net\/4\/2022\/08\/Letape_Slovakia_2022_204.webp\" class=\"attachment-full size-full\" alt=\"\" srcset=\"https:\/\/d2p6e6u75xmxt8.cloudfront.net\/4\/2022\/08\/Letape_Slovakia_2022_204.webp 990w, https:\/\/d2p6e6u75xmxt8.cloudfront.net\/4\/2022\/08\/Letape_Slovakia_2022_204-300x200.webp 300w, https:\/\/d2p6e6u75xmxt8.cloudfront.net\/4\/2022\/08\/Letape_Slovakia_2022_204-768x513.webp 768w, https:\/\/d2p6e6u75xmxt8.cloudfront.net\/4\/2022\/08\/Letape_Slovakia_2022_204-272x182.webp 272w\" sizes=\"auto, (max-width: 990px) 100vw, 990px\" \/><\/a>\n\t\t\t<\/div><\/figure>\n\t\t<\/div>\n\n<h2><strong>Pre koho je L&#8217;Etape ur\u010den\u00e9?<\/strong><\/h2>\n<p>L&#8217;Etape Slovakia pon\u00faka ka\u017ed\u00e9mu \u00fa\u010dastn\u00edkovi in\u00fa pr\u00edle\u017eitos\u0165. Niektor\u00ed z n\u00e1s sme si pri\u0161li zapreteka\u0165, in\u00ed zas u\u017ei\u0165 si jazdu v bal\u00edku, spozna\u0165 nov\u00fdch \u013eud\u00ed, \u010di napr\u00edklad u\u017ei\u0165 si jazdu Bratislavou a Karpatmi za \u00faplne odstavenej prem\u00e1vky.<\/p>\n<p><a href=\"https:\/\/d2p6e6u75xmxt8.cloudfront.net\/4\/2022\/08\/Letape_Slovakia_2022_283.jpg\"><img loading=\"lazy\" decoding=\"async\" class=\"alignnone size-full wp-image-15147\" src=\"https:\/\/d2p6e6u75xmxt8.cloudfront.net\/4\/2022\/08\/Letape_Slovakia_2022_283.jpg\" alt=\"\" width=\"990\" height=\"659\" \/><\/a><\/p>\n<p>My sme sa napr\u00edklad ako t\u00edm z\u00fa\u010dastnili s cie\u013eom zabojova\u0165 v t\u00edmovej klasifik\u00e1cii, kde sa s\u010d\u00edtava \u010das najlep\u0161\u00edch 5tich pretek\u00e1rov t\u00edmu. <strong>\u00da\u010das\u0165 na L&#8217;Etape ti pon\u00faka pr\u00edle\u017eitos\u0165 sa na de\u0148 c\u00edti\u0165 \u201eprof\u00edkom\u201c, v\u010faka skvelej organiz\u00e1cii, supportu na trati \u010di na ob\u010derstvovac\u00edch staniciach.<\/strong><\/p>\n<p><strong>Chce\u0161 si zapreteka\u0165 a porovna\u0165 sa s najlep\u0161\u00edmi?<\/strong><br \/>\n<em>L&#8217;Etape je pre teba to prav\u00e9.<\/em><\/p>\n<p><strong>Chce\u0161 si sk\u00fasi\u0165, ak\u00e9 je to jazdi\u0165 v obrovskom bal\u00edku, av\u0161ak nie preteka\u0165?<\/strong><br \/>\n<em>\u00c1no, L\u00b4Etape je aj pre teba. V \u0161tartovom koridore sa postav\u00ed\u0161 viac dozadu a u\u017e\u00edva\u0161 si atmosf\u00e9ru tohto kr\u00e1sneho podujatia.<\/em><\/p>\n<p><strong>Chce\u0161 pre\u017ei\u0165 super de\u0148, dobre sa povozi\u0165 s priate\u013emi a na konci ma\u0165 okrem z\u00e1\u017eitkov aj pam\u00e4tn\u00fa medailu?<\/strong><br \/>\n<em>Si na spr\u00e1vnej akcii.<\/em><\/p>\n<p><a href=\"https:\/\/d2p6e6u75xmxt8.cloudfront.net\/4\/2022\/08\/Letape_Slovakia_2022_225.jpg\"><img loading=\"lazy\" decoding=\"async\" class=\"alignnone size-full wp-image-15148\" src=\"https:\/\/d2p6e6u75xmxt8.cloudfront.net\/4\/2022\/08\/Letape_Slovakia_2022_225.jpg\" alt=\"\" width=\"990\" height=\"659\" \/><\/a><\/p>\n<h2><strong>L&#8217;Etape m\u00e1 naozaj v\u0161etko<\/strong><\/h2>\n<p>Z druh\u00e9ho ro\u010dn\u00edka si odn\u00e1\u0161am op\u00e4\u0165 pekn\u00e9 z\u00e1\u017eitky, nov\u00e9 sk\u00fasenosti, nov\u00e9 priate\u013estv\u00e1, pam\u00e4tn\u00fa medailu a chu\u0165 sa z\u00fa\u010dastni\u0165 op\u00e4\u0165. Toto podujatie pon\u00faka v\u0161etky typy em\u00f3ci\u00ed. Stres pred \u0161tartom, adrenal\u00edn, tesn\u00e9 \u201es\u00faboje\u201c v bal\u00edku. <strong>Zapot\u00ed\u0161 sa v kopcoch, u\u017eije\u0161 si zjazdy, sk\u00fasi\u0161 si, ak\u00e9 to je \u201eletie\u0165 40 km\/h zadarmo\u201c.<\/strong><\/p>\n<p>S\u00faboje o bodkovan\u00fd dres na vrch\u00e1rskych pr\u00e9miach \u010di s\u00faboj o zelen\u00fd dres na \u0161print\u00e9rskej pr\u00e9mii. Rovnako boj o dres pre najlep\u0161ieho mlad\u00e9ho pretek\u00e1ra \u010di pretek\u00e1rku a ch\u00fdba\u0165 nem\u00f4\u017ee ani \u017elt\u00fd dres pre absol\u00fatnych v\u00ed\u0165azov na oboch tratiach. Toto podujatie by som odporu\u010dil naozaj ka\u017ed\u00e9mu. V\u00f4bec nemus\u00ed\u0161 by\u0165 pretek\u00e1r a ani ma\u0165 amb\u00edciu toto podujatie vyhra\u0165. U\u017ei\u0165 si to dok\u00e1\u017ee \u00faplne ka\u017ed\u00fd.<\/p>\n<div id='gallery-4' class='gallery galleryid-12728 gallery-columns-2 gallery-size-full'><figure class='gallery-item'>\n\t\t\t<div class='gallery-icon landscape'>\n\t\t\t\t<a href='https:\/\/d2p6e6u75xmxt8.cloudfront.net\/4\/2022\/08\/Letape_Slovakia_2022_250.webp'><img loading=\"lazy\" decoding=\"async\" width=\"990\" height=\"659\" src=\"https:\/\/d2p6e6u75xmxt8.cloudfront.net\/4\/2022\/08\/Letape_Slovakia_2022_250.webp\" class=\"attachment-full size-full\" alt=\"\" srcset=\"https:\/\/d2p6e6u75xmxt8.cloudfront.net\/4\/2022\/08\/Letape_Slovakia_2022_250.webp 990w, https:\/\/d2p6e6u75xmxt8.cloudfront.net\/4\/2022\/08\/Letape_Slovakia_2022_250-300x200.webp 300w, https:\/\/d2p6e6u75xmxt8.cloudfront.net\/4\/2022\/08\/Letape_Slovakia_2022_250-768x511.webp 768w, https:\/\/d2p6e6u75xmxt8.cloudfront.net\/4\/2022\/08\/Letape_Slovakia_2022_250-272x182.webp 272w\" sizes=\"auto, (max-width: 990px) 100vw, 990px\" \/><\/a>\n\t\t\t<\/div><\/figure><figure class='gallery-item'>\n\t\t\t<div class='gallery-icon landscape'>\n\t\t\t\t<a href='https:\/\/d2p6e6u75xmxt8.cloudfront.net\/4\/2022\/08\/Letape_Slovakia_2022_286.webp'><img loading=\"lazy\" decoding=\"async\" width=\"990\" height=\"659\" src=\"https:\/\/d2p6e6u75xmxt8.cloudfront.net\/4\/2022\/08\/Letape_Slovakia_2022_286.webp\" class=\"attachment-full size-full\" alt=\"\" srcset=\"https:\/\/d2p6e6u75xmxt8.cloudfront.net\/4\/2022\/08\/Letape_Slovakia_2022_286.webp 990w, https:\/\/d2p6e6u75xmxt8.cloudfront.net\/4\/2022\/08\/Letape_Slovakia_2022_286-300x200.webp 300w, https:\/\/d2p6e6u75xmxt8.cloudfront.net\/4\/2022\/08\/Letape_Slovakia_2022_286-768x511.webp 768w, https:\/\/d2p6e6u75xmxt8.cloudfront.net\/4\/2022\/08\/Letape_Slovakia_2022_286-272x182.webp 272w\" sizes=\"auto, (max-width: 990px) 100vw, 990px\" \/><\/a>\n\t\t\t<\/div><\/figure>\n\t\t<\/div>\n\n<p>U\u017e teraz sa te\u0161\u00edm na 3. ro\u010dn\u00edk a ver\u00edm, \u017ee si ho op\u00e4\u0165 u\u017eijem so v\u0161etk\u00fdm, \u010do k tomu patr\u00ed. Vid\u00edm sa aj s tebou?<\/p>\n<p>Viac fotografi\u00ed z L&#8217;Etape Slovakia by Tour de France 2022 n\u00e1jdete na <a href=\"https:\/\/www.welovecycling.com\/sk\/2022\/08\/24\/foto-letape-sk-2022\/\" target=\"_blank\" rel=\"noopener\">tomto odkaze<\/a>.<\/p>\n","protected":false},"excerpt":{"rendered":"<p>Uplynul\u00fd v\u00edkend sa v Bratislave konalo jedno z najv\u00e4\u010d\u0161\u00edch amat\u00e9rskych cyklistick\u00fdch podujat\u00ed v r\u00e1mci Slovenskej republiky \u2013 L&#8217;Etape Slovakia by [&hellip;]<\/p>\n","protected":false},"author":170,"featured_media":15137,"comment_status":"open","ping_status":"open","sticky":false,"template":"","format":"standard","meta":{"footnotes":""},"categories":[4,1350],"tags":[478,521,115,331,941,1351,1372,1519,176,37,179,39,1411,542,1009,92,20,183],"global-categories":[1074],"class_list":["post-15124","post","type-post","status-publish","format-standard","has-post-thumbnail","hentry","category-cestna-cyklisitika","category-letape-slovakia","tag-akcia","tag-bratislava","tag-cestna-cyklistika","tag-etapove-preteky","tag-jazda-v-pelotone","tag-letape-slovakia","tag-letape-slovakia-by-tour-de-france","tag-male-karpaty","tag-peloton","tag-podujatia","tag-preteky","tag-reportaz","tag-sezona-2022","tag-skoda","tag-skoda-auto","tag-skoda-tim","tag-tour-de-france","tag-zabava","global-categories-cycling"],"yoast_head":"<!-- This site is optimized with the Yoast SEO Premium plugin v25.3 (Yoast SEO v25.9) - https:\/\/yoast.com\/wordpress\/plugins\/seo\/ -->\n<title>Report\u00e1\u017e: L&#039;Etape Slovakia by Tour de France 2022 - \u0160koda We Love Cycling Slovensko<\/title>\n<meta name=\"description\" content=\"Uplynul\u00fd v\u00edkend sa v Bratislave konalo jedno z najv\u00e4\u010d\u0161\u00edch amat\u00e9rskych cyklistick\u00fdch podujat\u00ed v r\u00e1mci Slovenskej republiky \u2013 L&#039;Etape Slovakia.\" \/>\n<meta name=\"robots\" content=\"index, follow, max-snippet:-1, max-image-preview:large, max-video-preview:-1\" \/>\n<link rel=\"canonical\" href=\"https:\/\/www.welovecycling.com\/sk\/2022\/08\/23\/reportaz-letape-slovakia-by-tour-de-france-2022\/\" \/>\n<meta property=\"og:locale\" content=\"sk_SK\" \/>\n<meta property=\"og:type\" content=\"article\" \/>\n<meta property=\"og:title\" content=\"Report\u00e1\u017e: L&#039;Etape Slovakia by Tour de France 2022\" \/>\n<meta property=\"og:description\" content=\"Uplynul\u00fd v\u00edkend sa v Bratislave konalo jedno z najv\u00e4\u010d\u0161\u00edch amat\u00e9rskych cyklistick\u00fdch podujat\u00ed v r\u00e1mci Slovenskej republiky \u2013 L&#039;Etape Slovakia.\" \/>\n<meta property=\"og:url\" content=\"https:\/\/www.welovecycling.com\/sk\/2022\/08\/23\/reportaz-letape-slovakia-by-tour-de-france-2022\/\" \/>\n<meta property=\"og:site_name\" content=\"\u0160koda We Love Cycling Slovensko\" \/>\n<meta property=\"article:published_time\" content=\"2022-08-23T13:20:59+00:00\" \/>\n<meta property=\"article:modified_time\" content=\"2023-06-28T09:39:22+00:00\" \/>\n<meta property=\"og:image\" content=\"https:\/\/d2p6e6u75xmxt8.cloudfront.net\/4\/2022\/08\/Letape_Slovakia_2022_00.webp\" \/>\n\t<meta property=\"og:image:width\" content=\"990\" \/>\n\t<meta property=\"og:image:height\" content=\"660\" \/>\n\t<meta property=\"og:image:type\" content=\"image\/webp\" \/>\n<meta name=\"author\" content=\"miksakova\" \/>\n<meta name=\"twitter:card\" content=\"summary_large_image\" \/>\n<meta name=\"twitter:label1\" content=\"Written by\" \/>\n\t<meta name=\"twitter:data1\" content=\"Barbora \u0160uchov\u00e1\" \/>\n\t<meta name=\"twitter:label2\" content=\"Est. reading time\" \/>\n\t<meta name=\"twitter:data2\" content=\"4\" \/>\n<script type=\"application\/ld+json\" class=\"yoast-schema-graph\">{\"@context\":\"https:\/\/schema.org\",\"@graph\":[{\"@type\":\"WebPage\",\"@id\":\"https:\/\/www.welovecycling.com\/sk\/2022\/08\/23\/reportaz-letape-slovakia-by-tour-de-france-2022\/\",\"url\":\"https:\/\/www.welovecycling.com\/sk\/2022\/08\/23\/reportaz-letape-slovakia-by-tour-de-france-2022\/\",\"name\":\"Report\u00e1\u017e: L'Etape Slovakia by Tour de France 2022 - \u0160koda We Love Cycling Slovensko\",\"isPartOf\":{\"@id\":\"https:\/\/www.welovecycling.com\/sk\/#website\"},\"primaryImageOfPage\":{\"@id\":\"https:\/\/www.welovecycling.com\/sk\/2022\/08\/23\/reportaz-letape-slovakia-by-tour-de-france-2022\/#primaryimage\"},\"image\":{\"@id\":\"https:\/\/www.welovecycling.com\/sk\/2022\/08\/23\/reportaz-letape-slovakia-by-tour-de-france-2022\/#primaryimage\"},\"thumbnailUrl\":\"https:\/\/d2p6e6u75xmxt8.cloudfront.net\/4\/2022\/08\/Letape_Slovakia_2022_00.webp\",\"datePublished\":\"2022-08-23T13:20:59+00:00\",\"dateModified\":\"2023-06-28T09:39:22+00:00\",\"author\":{\"@id\":\"https:\/\/www.welovecycling.com\/sk\/#\/schema\/person\/c6ce5af9dceed219d84a07d2ffa2cad9\"},\"description\":\"Uplynul\u00fd v\u00edkend sa v Bratislave konalo jedno z najv\u00e4\u010d\u0161\u00edch amat\u00e9rskych cyklistick\u00fdch podujat\u00ed v r\u00e1mci Slovenskej republiky \u2013 L'Etape Slovakia.\",\"breadcrumb\":{\"@id\":\"https:\/\/www.welovecycling.com\/sk\/2022\/08\/23\/reportaz-letape-slovakia-by-tour-de-france-2022\/#breadcrumb\"},\"inLanguage\":\"sk-SK\",\"potentialAction\":[{\"@type\":\"ReadAction\",\"target\":[\"https:\/\/www.welovecycling.com\/sk\/2022\/08\/23\/reportaz-letape-slovakia-by-tour-de-france-2022\/\"]}]},{\"@type\":\"ImageObject\",\"inLanguage\":\"sk-SK\",\"@id\":\"https:\/\/www.welovecycling.com\/sk\/2022\/08\/23\/reportaz-letape-slovakia-by-tour-de-france-2022\/#primaryimage\",\"url\":\"https:\/\/d2p6e6u75xmxt8.cloudfront.net\/4\/2022\/08\/Letape_Slovakia_2022_00.webp\",\"contentUrl\":\"https:\/\/d2p6e6u75xmxt8.cloudfront.net\/4\/2022\/08\/Letape_Slovakia_2022_00.webp\",\"width\":990,\"height\":660},{\"@type\":\"BreadcrumbList\",\"@id\":\"https:\/\/www.welovecycling.com\/sk\/2022\/08\/23\/reportaz-letape-slovakia-by-tour-de-france-2022\/#breadcrumb\",\"itemListElement\":[{\"@type\":\"ListItem\",\"position\":1,\"name\":\"Home\",\"item\":\"https:\/\/www.welovecycling.com\/sk\/\"},{\"@type\":\"ListItem\",\"position\":2,\"name\":\"Report\u00e1\u017e: L&#8217;Etape Slovakia by Tour de France 2022\"}]},{\"@type\":\"WebSite\",\"@id\":\"https:\/\/www.welovecycling.com\/sk\/#website\",\"url\":\"https:\/\/www.welovecycling.com\/sk\/\",\"name\":\"\u0160koda We Love Cycling Slovensko\",\"description\":\"\u0160koda We Love Cycling Slovensko je v\u00e1\u0161 ka\u017edodenn\u00fd zdroj noviniek a in\u0161pir\u00e1cie z sveta cyklistiky\",\"potentialAction\":[{\"@type\":\"SearchAction\",\"target\":{\"@type\":\"EntryPoint\",\"urlTemplate\":\"https:\/\/www.welovecycling.com\/sk\/?s={search_term_string}\"},\"query-input\":{\"@type\":\"PropertyValueSpecification\",\"valueRequired\":true,\"valueName\":\"search_term_string\"}}],\"inLanguage\":\"sk-SK\"},{\"@type\":\"Person\",\"@id\":\"https:\/\/www.welovecycling.com\/sk\/#\/schema\/person\/c6ce5af9dceed219d84a07d2ffa2cad9\",\"name\":\"miksakova\",\"image\":{\"@type\":\"ImageObject\",\"inLanguage\":\"sk-SK\",\"@id\":\"https:\/\/www.welovecycling.com\/sk\/#\/schema\/person\/image\/\",\"url\":\"https:\/\/secure.gravatar.com\/avatar\/3663fb8acb50de04150ea6f7afc1bc15aba80aad4bf92aee01bd38a79084eb7a?s=96&d=mm&r=g\",\"contentUrl\":\"https:\/\/secure.gravatar.com\/avatar\/3663fb8acb50de04150ea6f7afc1bc15aba80aad4bf92aee01bd38a79084eb7a?s=96&d=mm&r=g\",\"caption\":\"miksakova\"},\"url\":\"https:\/\/www.welovecycling.com\/sk\/author\/miksakova\/\"}]}<\/script>\n<!-- \/ Yoast SEO Premium plugin. -->","yoast_head_json":{"title":"Report\u00e1\u017e: L'Etape Slovakia by Tour de France 2022 - \u0160koda We Love Cycling Slovensko","description":"Uplynul\u00fd v\u00edkend sa v Bratislave konalo jedno z najv\u00e4\u010d\u0161\u00edch amat\u00e9rskych cyklistick\u00fdch podujat\u00ed v r\u00e1mci Slovenskej republiky \u2013 L'Etape Slovakia.","robots":{"index":"index","follow":"follow","max-snippet":"max-snippet:-1","max-image-preview":"max-image-preview:large","max-video-preview":"max-video-preview:-1"},"canonical":"https:\/\/www.welovecycling.com\/sk\/2022\/08\/23\/reportaz-letape-slovakia-by-tour-de-france-2022\/","og_locale":"sk_SK","og_type":"article","og_title":"Report\u00e1\u017e: L'Etape Slovakia by Tour de France 2022","og_description":"Uplynul\u00fd v\u00edkend sa v Bratislave konalo jedno z najv\u00e4\u010d\u0161\u00edch amat\u00e9rskych cyklistick\u00fdch podujat\u00ed v r\u00e1mci Slovenskej republiky \u2013 L'Etape Slovakia.","og_url":"https:\/\/www.welovecycling.com\/sk\/2022\/08\/23\/reportaz-letape-slovakia-by-tour-de-france-2022\/","og_site_name":"\u0160koda We Love Cycling Slovensko","article_published_time":"2022-08-23T13:20:59+00:00","article_modified_time":"2023-06-28T09:39:22+00:00","og_image":[{"width":990,"height":660,"url":"https:\/\/d2p6e6u75xmxt8.cloudfront.net\/4\/2022\/08\/Letape_Slovakia_2022_00.webp","type":"image\/webp"}],"author":"miksakova","twitter_card":"summary_large_image","twitter_misc":{"Written by":"Barbora \u0160uchov\u00e1","Est. reading time":"4"},"schema":{"@context":"https:\/\/schema.org","@graph":[{"@type":"WebPage","@id":"https:\/\/www.welovecycling.com\/sk\/2022\/08\/23\/reportaz-letape-slovakia-by-tour-de-france-2022\/","url":"https:\/\/www.welovecycling.com\/sk\/2022\/08\/23\/reportaz-letape-slovakia-by-tour-de-france-2022\/","name":"Report\u00e1\u017e: L'Etape Slovakia by Tour de France 2022 - \u0160koda We Love Cycling Slovensko","isPartOf":{"@id":"https:\/\/www.welovecycling.com\/sk\/#website"},"primaryImageOfPage":{"@id":"https:\/\/www.welovecycling.com\/sk\/2022\/08\/23\/reportaz-letape-slovakia-by-tour-de-france-2022\/#primaryimage"},"image":{"@id":"https:\/\/www.welovecycling.com\/sk\/2022\/08\/23\/reportaz-letape-slovakia-by-tour-de-france-2022\/#primaryimage"},"thumbnailUrl":"https:\/\/d2p6e6u75xmxt8.cloudfront.net\/4\/2022\/08\/Letape_Slovakia_2022_00.webp","datePublished":"2022-08-23T13:20:59+00:00","dateModified":"2023-06-28T09:39:22+00:00","author":{"@id":"https:\/\/www.welovecycling.com\/sk\/#\/schema\/person\/c6ce5af9dceed219d84a07d2ffa2cad9"},"description":"Uplynul\u00fd v\u00edkend sa v Bratislave konalo jedno z najv\u00e4\u010d\u0161\u00edch amat\u00e9rskych cyklistick\u00fdch podujat\u00ed v r\u00e1mci Slovenskej republiky \u2013 L'Etape Slovakia.","breadcrumb":{"@id":"https:\/\/www.welovecycling.com\/sk\/2022\/08\/23\/reportaz-letape-slovakia-by-tour-de-france-2022\/#breadcrumb"},"inLanguage":"sk-SK","potentialAction":[{"@type":"ReadAction","target":["https:\/\/www.welovecycling.com\/sk\/2022\/08\/23\/reportaz-letape-slovakia-by-tour-de-france-2022\/"]}]},{"@type":"ImageObject","inLanguage":"sk-SK","@id":"https:\/\/www.welovecycling.com\/sk\/2022\/08\/23\/reportaz-letape-slovakia-by-tour-de-france-2022\/#primaryimage","url":"https:\/\/d2p6e6u75xmxt8.cloudfront.net\/4\/2022\/08\/Letape_Slovakia_2022_00.webp","contentUrl":"https:\/\/d2p6e6u75xmxt8.cloudfront.net\/4\/2022\/08\/Letape_Slovakia_2022_00.webp","width":990,"height":660},{"@type":"BreadcrumbList","@id":"https:\/\/www.welovecycling.com\/sk\/2022\/08\/23\/reportaz-letape-slovakia-by-tour-de-france-2022\/#breadcrumb","itemListElement":[{"@type":"ListItem","position":1,"name":"Home","item":"https:\/\/www.welovecycling.com\/sk\/"},{"@type":"ListItem","position":2,"name":"Report\u00e1\u017e: L&#8217;Etape Slovakia by Tour de France 2022"}]},{"@type":"WebSite","@id":"https:\/\/www.welovecycling.com\/sk\/#website","url":"https:\/\/www.welovecycling.com\/sk\/","name":"\u0160koda We Love Cycling Slovensko","description":"\u0160koda We Love Cycling Slovensko je v\u00e1\u0161 ka\u017edodenn\u00fd zdroj noviniek a in\u0161pir\u00e1cie z sveta cyklistiky","potentialAction":[{"@type":"SearchAction","target":{"@type":"EntryPoint","urlTemplate":"https:\/\/www.welovecycling.com\/sk\/?s={search_term_string}"},"query-input":{"@type":"PropertyValueSpecification","valueRequired":true,"valueName":"search_term_string"}}],"inLanguage":"sk-SK"},{"@type":"Person","@id":"https:\/\/www.welovecycling.com\/sk\/#\/schema\/person\/c6ce5af9dceed219d84a07d2ffa2cad9","name":"miksakova","image":{"@type":"ImageObject","inLanguage":"sk-SK","@id":"https:\/\/www.welovecycling.com\/sk\/#\/schema\/person\/image\/","url":"https:\/\/secure.gravatar.com\/avatar\/3663fb8acb50de04150ea6f7afc1bc15aba80aad4bf92aee01bd38a79084eb7a?s=96&d=mm&r=g","contentUrl":"https:\/\/secure.gravatar.com\/avatar\/3663fb8acb50de04150ea6f7afc1bc15aba80aad4bf92aee01bd38a79084eb7a?s=96&d=mm&r=g","caption":"miksakova"},"url":"https:\/\/www.welovecycling.com\/sk\/author\/miksakova\/"}]}},"_links":{"self":[{"href":"https:\/\/www.welovecycling.com\/sk\/wp-json\/wp\/v2\/posts\/15124","targetHints":{"allow":["GET"]}}],"collection":[{"href":"https:\/\/www.welovecycling.com\/sk\/wp-json\/wp\/v2\/posts"}],"about":[{"href":"https:\/\/www.welovecycling.com\/sk\/wp-json\/wp\/v2\/types\/post"}],"author":[{"embeddable":true,"href":"https:\/\/www.welovecycling.com\/sk\/wp-json\/wp\/v2\/users\/170"}],"replies":[{"embeddable":true,"href":"https:\/\/www.welovecycling.com\/sk\/wp-json\/wp\/v2\/comments?post=15124"}],"version-history":[{"count":2,"href":"https:\/\/www.welovecycling.com\/sk\/wp-json\/wp\/v2\/posts\/15124\/revisions"}],"predecessor-version":[{"id":17774,"href":"https:\/\/www.welovecycling.com\/sk\/wp-json\/wp\/v2\/posts\/15124\/revisions\/17774"}],"wp:featuredmedia":[{"embeddable":true,"href":"https:\/\/www.welovecycling.com\/sk\/wp-json\/wp\/v2\/media\/15137"}],"wp:attachment":[{"href":"https:\/\/www.welovecycling.com\/sk\/wp-json\/wp\/v2\/media?parent=15124"}],"wp:term":[{"taxonomy":"category","embeddable":true,"href":"https:\/\/www.welovecycling.com\/sk\/wp-json\/wp\/v2\/categories?post=15124"},{"taxonomy":"post_tag","embeddable":true,"href":"https:\/\/www.welovecycling.com\/sk\/wp-json\/wp\/v2\/tags?post=15124"},{"taxonomy":"global-categories","embeddable":true,"href":"https:\/\/www.welovecycling.com\/sk\/wp-json\/wp\/v2\/global-categories?post=15124"}],"curies":[{"name":"wp","href":"https:\/\/api.w.org\/{rel}","templated":true}]}}