{"id":15102,"date":"2022-08-17T10:12:36","date_gmt":"2022-08-17T08:12:36","guid":{"rendered":"https:\/\/www.welovecycling.com\/sk\/?p=15102"},"modified":"2023-04-14T11:40:32","modified_gmt":"2023-04-14T09:40:32","slug":"reportaz-skoda-horal-mtb-maraton-ukoncenie-serie-v-krasnom-prostredi-vysokych-tatier","status":"publish","type":"post","link":"https:\/\/www.welovecycling.com\/sk\/2022\/08\/17\/reportaz-skoda-horal-mtb-maraton-ukoncenie-serie-v-krasnom-prostredi-vysokych-tatier\/","title":{"rendered":"Report\u00e1\u017e: \u0160koda Horal MTB marat\u00f3n &#8211; ukon\u010denie s\u00e9rie v kr\u00e1snom prostred\u00ed Vysok\u00fdch Tatier"},"content":{"rendered":"<p><strong>Pretek\u00e1ri mali uplynul\u00fd v\u00edkend posledn\u00fa \u0161ancu zabodova\u0165 v s\u00e9rii pretekov \u0160koda BIKE OPEN TOUR a mnoh\u00ed aj svoju \u0161ancu naplno vyu\u017eili. Na svoje si v\u0161ak pri\u0161li v\u0161etci a v\u00edkend vo Svite si vychutnali nielen \u201emaka\u010di\u201d.<\/strong><!--more--><\/p>\n<p>Atmosf\u00e9ra v z\u00e1zem\u00ed pretekov bola u\u017e od r\u00e1na cite\u013ene in\u00e1. Ka\u017ed\u00fd si uvedomoval koniec tohtoro\u010dnej s\u00e9rie,<strong> a to znamenalo posledn\u00fa \u0161ancu vy\u0161plha\u0165 sa na popredn\u00e9 prie\u010dky, ale tie\u017e u\u017ei\u0165 si jedine\u010dn\u00fd koncept \u0160koda family<\/strong>.<\/p>\n<p><a href=\"https:\/\/d2p6e6u75xmxt8.cloudfront.net\/4\/2022\/08\/horal-6.jpg\"><img loading=\"lazy\" decoding=\"async\" class=\"alignnone size-full wp-image-15105\" src=\"https:\/\/d2p6e6u75xmxt8.cloudfront.net\/4\/2022\/08\/horal-6.jpg\" alt=\"\" width=\"990\" height=\"660\" \/><\/a><\/p>\n<p>Napriek nepraj\u00facej predpovedi po\u010dasia n\u00e1s \u017eiadny d\u00e1\u017e\u010f nezastihol a \u00fa\u010dastn\u00edci si de\u0148 u\u017eili pri pr\u00edjemnej teplote a hlavne v suchu. <strong>Na tra\u0165 sa v tento de\u0148 postavilo spolu 540 pretek\u00e1rov v r\u00e1mci piatich r\u00f4znych d\u013a\u017eok trat\u00ed.<\/strong> Svoju kateg\u00f3riu mali tie\u017e e-bikeri a u\u017e neodmyslite\u013en\u00e9 rodinky s bud\u00facimi n\u00e1dejami tohto \u0161portu.<\/p>\n<p><a href=\"https:\/\/d2p6e6u75xmxt8.cloudfront.net\/4\/2022\/08\/horal-3.jpg\"><img loading=\"lazy\" decoding=\"async\" class=\"alignnone size-full wp-image-15106\" src=\"https:\/\/d2p6e6u75xmxt8.cloudfront.net\/4\/2022\/08\/horal-3.jpg\" alt=\"\" width=\"990\" height=\"660\" \/><\/a><\/p>\n<h2><strong>Horal Krejzi &#8211; 102 km<\/strong><\/h2>\n<p>De\u0148 sa za\u010dal \u0161tartom pretek\u00e1rov z najdlh\u0161ej trate. Marat\u00f3ncov \u010dakali dva okruhy z Lejzi trate, \u010do tie\u017e znamenalo opakovan\u00fd v\u00fd\u0161\u013eap do nadmorskej v\u00fd\u0161ky 1 400 metrov. V r\u00e1mci tejto d\u013a\u017eky trate sa bojovalo okrem in\u00e9ho aj o body do Slovensk\u00e9ho poh\u00e1ra medzi mu\u017emi, v\u010faka \u010domu sa na \u0148u postavilo \u00factyhodn\u00fdch 51 bojovn\u00edkov. Zdola\u0165 102 km a 3 260 v\u00fd\u0161kov\u00fdch rozhodne nie je pre ka\u017ed\u00e9ho. <strong>Najlep\u0161ie nohy na trati predviedol Peter \u017div\u010d\u00e1k s \u010dasom 4:58:01.6<\/strong>, ktor\u00fd porazil svojho hlavn\u00e9ho s\u00fapera o 23 sek\u00fand. Na takto n\u00e1ro\u010dn\u00fa tra\u0165 si uplynul\u00fd v\u00edkend \u017eiadna \u017eena netr\u00fafla, a teda ostala bez v\u00ed\u0165azky.<\/p>\n<p><a href=\"https:\/\/d2p6e6u75xmxt8.cloudfront.net\/4\/2022\/08\/horal-1.jpg\"><img loading=\"lazy\" decoding=\"async\" class=\"alignnone size-full wp-image-15107\" src=\"https:\/\/d2p6e6u75xmxt8.cloudfront.net\/4\/2022\/08\/horal-1.jpg\" alt=\"\" width=\"990\" height=\"660\" \/><\/a><\/p>\n<h2><strong>Horal Lejzi &#8211; 58 km<\/strong><\/h2>\n<p>Jeden okruh a jeden v\u00fd\u0161\u013eap na \u00farove\u0148 1 400 m n. m. si dali bikeri z Lejzi trate. Ani t\u00edto pretek\u00e1ri nedostali ni\u010d zadarmo a u\u017e od \u0161tartu do toho \u0161liapali v plnom nasaden\u00ed. <strong>Technicky jednoduch\u0161ia tra\u0165 s\u013eubovala vysok\u00e9 tempo a relat\u00edvne such\u00fd povrch to len potvrdil.<\/strong> De\u0148 ako stvoren\u00fd na \u0161purty. Tro\u0161ku smolu mali len t\u00ed bikeri, ktor\u00ed sa te\u0161ili na pekn\u00e9 v\u00fdh\u013eady. Mlie\u010dne hust\u00e1 hmla vo vy\u0161\u0161\u00edch poloh\u00e1ch pon\u00fakla \u00faplne in\u00e9 z\u00e1\u017eitky. Medzi mu\u017emi sa stal bezkonkuren\u010dne <strong>v\u00ed\u0165azom Patrik Podol\u00e1k<\/strong> a rovnako ve\u013ek\u00fd n\u00e1skok pred druhou si dr\u017eala aj \u017eensk\u00e1 v\u00ed\u0165azka, <strong>Janka Keseg \u0160tevkov\u00e1<\/strong>. <strong>S\u00e9riu \u0160koda BIKE OPEN TOUR ovl\u00e1dli Rudolf Dzure\u0148 a Martina Krahulcov\u00e1.<\/strong><\/p>\n<div id='gallery-1' class='gallery galleryid-15102 gallery-columns-2 gallery-size-full'><figure class='gallery-item'>\n\t\t\t<div class='gallery-icon landscape'>\n\t\t\t\t<a href='https:\/\/d2p6e6u75xmxt8.cloudfront.net\/4\/2022\/08\/horal-8.webp'><img loading=\"lazy\" decoding=\"async\" width=\"990\" height=\"660\" src=\"https:\/\/d2p6e6u75xmxt8.cloudfront.net\/4\/2022\/08\/horal-8.webp\" class=\"attachment-full size-full\" alt=\"\" srcset=\"https:\/\/d2p6e6u75xmxt8.cloudfront.net\/4\/2022\/08\/horal-8.webp 990w, https:\/\/d2p6e6u75xmxt8.cloudfront.net\/4\/2022\/08\/horal-8-300x200.webp 300w, https:\/\/d2p6e6u75xmxt8.cloudfront.net\/4\/2022\/08\/horal-8-768x512.webp 768w, https:\/\/d2p6e6u75xmxt8.cloudfront.net\/4\/2022\/08\/horal-8-272x182.webp 272w\" sizes=\"auto, (max-width: 990px) 100vw, 990px\" \/><\/a>\n\t\t\t<\/div><\/figure><figure class='gallery-item'>\n\t\t\t<div class='gallery-icon landscape'>\n\t\t\t\t<a href='https:\/\/d2p6e6u75xmxt8.cloudfront.net\/4\/2022\/08\/horal-9.webp'><img loading=\"lazy\" decoding=\"async\" width=\"990\" height=\"660\" src=\"https:\/\/d2p6e6u75xmxt8.cloudfront.net\/4\/2022\/08\/horal-9.webp\" class=\"attachment-full size-full\" alt=\"\" srcset=\"https:\/\/d2p6e6u75xmxt8.cloudfront.net\/4\/2022\/08\/horal-9.webp 990w, https:\/\/d2p6e6u75xmxt8.cloudfront.net\/4\/2022\/08\/horal-9-300x200.webp 300w, https:\/\/d2p6e6u75xmxt8.cloudfront.net\/4\/2022\/08\/horal-9-768x512.webp 768w, https:\/\/d2p6e6u75xmxt8.cloudfront.net\/4\/2022\/08\/horal-9-272x182.webp 272w\" sizes=\"auto, (max-width: 990px) 100vw, 990px\" \/><\/a>\n\t\t\t<\/div><\/figure>\n\t\t<\/div>\n\n<h2><strong>Horal Senzi &#8211; 47 km<\/strong><\/h2>\n<p>Na t\u00fato tra\u0165 sa spolu postavili klasick\u00fd cyklisti a e-bikeri. T\u00e1to kateg\u00f3ria u\u017e bola ukr\u00e1ten\u00e1 o najvy\u0161\u0161\u00ed kopec dlh\u0161\u00edch tr\u00e1s a pon\u00fakala sa tak na sk\u00fa\u0161ku aj menej zdatn\u00fdm cyklistom. <strong>Medzi e-bikermi si prvenstv\u00e1 odniesli Igor a Eva Z\u00e1vodn\u00ed, klasik\u00e1ri zasa obsadili bedne Radovanom B\u00edro\u0161om a Ter\u00e9ziou Ciriakovou.<\/strong><\/p>\n<h2><strong>Horal \u00cdzi &#8211; 32 km<\/strong><\/h2>\n<p>Kr\u00e1tka tra\u0165 l\u00e1kala hlavne mlad\u0161ie kateg\u00f3rie, nako\u013eko bola pre kadetov s\u00fa\u010das\u0165ou Slovensk\u00e9ho poh\u00e1ra, no na svoje si tu pri\u0161li viacer\u00ed cyklisti za\u010diato\u010dn\u00edci, bez oh\u013eadu na vek. Tra\u0165 pon\u00fakala pohodov\u00e9 jazdenie po technicky nen\u00e1ro\u010dn\u00fdch cest\u00e1ch a tak sa nebolo treba ni\u010doho ob\u00e1va\u0165, len si pekne vychutna\u0165 atmosf\u00e9ru a svoj bike pod nohami. <strong>Najr\u00fdchlej\u0161\u00edm na trati boli Andrej Kup\u010dok a Zuzana Kasmanov\u00e1.<\/strong><\/p>\n<div id='gallery-2' class='gallery galleryid-15102 gallery-columns-2 gallery-size-full'><figure class='gallery-item'>\n\t\t\t<div class='gallery-icon landscape'>\n\t\t\t\t<a href='https:\/\/d2p6e6u75xmxt8.cloudfront.net\/4\/2022\/08\/horal-16.webp'><img loading=\"lazy\" decoding=\"async\" width=\"990\" height=\"660\" src=\"https:\/\/d2p6e6u75xmxt8.cloudfront.net\/4\/2022\/08\/horal-16.webp\" class=\"attachment-full size-full\" alt=\"\" srcset=\"https:\/\/d2p6e6u75xmxt8.cloudfront.net\/4\/2022\/08\/horal-16.webp 990w, https:\/\/d2p6e6u75xmxt8.cloudfront.net\/4\/2022\/08\/horal-16-300x200.webp 300w, https:\/\/d2p6e6u75xmxt8.cloudfront.net\/4\/2022\/08\/horal-16-768x512.webp 768w, https:\/\/d2p6e6u75xmxt8.cloudfront.net\/4\/2022\/08\/horal-16-272x182.webp 272w\" sizes=\"auto, (max-width: 990px) 100vw, 990px\" \/><\/a>\n\t\t\t<\/div><\/figure><figure class='gallery-item'>\n\t\t\t<div class='gallery-icon landscape'>\n\t\t\t\t<a href='https:\/\/d2p6e6u75xmxt8.cloudfront.net\/4\/2022\/08\/horal-17.webp'><img loading=\"lazy\" decoding=\"async\" width=\"990\" height=\"660\" src=\"https:\/\/d2p6e6u75xmxt8.cloudfront.net\/4\/2022\/08\/horal-17.webp\" class=\"attachment-full size-full\" alt=\"\" srcset=\"https:\/\/d2p6e6u75xmxt8.cloudfront.net\/4\/2022\/08\/horal-17.webp 990w, https:\/\/d2p6e6u75xmxt8.cloudfront.net\/4\/2022\/08\/horal-17-300x200.webp 300w, https:\/\/d2p6e6u75xmxt8.cloudfront.net\/4\/2022\/08\/horal-17-768x512.webp 768w, https:\/\/d2p6e6u75xmxt8.cloudfront.net\/4\/2022\/08\/horal-17-272x182.webp 272w\" sizes=\"auto, (max-width: 990px) 100vw, 990px\" \/><\/a>\n\t\t\t<\/div><\/figure>\n\t\t<\/div>\n\n<h2><strong>Horal Dejzi &#8211; 17 km<\/strong><\/h2>\n<p>Family tra\u0165 bola na poslednom kole naozaj pln\u00e1 a na \u0161tart sa postavila rovn\u00e1 stovka pretek\u00e1rov. Kateg\u00f3riu mali jednu, a to rodi\u010d plus die\u0165a do 14 rokov.<strong> Najr\u00fdchlej\u0161ou na trati bola Sofia Matieskov\u00e1, ro\u010dn\u00edk narodenia 2011 a druh\u00fdm v podar\u00ed sa stal Ondrej \u010eurina, rok 2009.<\/strong><\/p>\n<div id='gallery-3' class='gallery galleryid-15102 gallery-columns-2 gallery-size-full'><figure class='gallery-item'>\n\t\t\t<div class='gallery-icon landscape'>\n\t\t\t\t<a href='https:\/\/d2p6e6u75xmxt8.cloudfront.net\/4\/2022\/08\/horal-4.webp'><img loading=\"lazy\" decoding=\"async\" width=\"990\" height=\"660\" src=\"https:\/\/d2p6e6u75xmxt8.cloudfront.net\/4\/2022\/08\/horal-4.webp\" class=\"attachment-full size-full\" alt=\"\" srcset=\"https:\/\/d2p6e6u75xmxt8.cloudfront.net\/4\/2022\/08\/horal-4.webp 990w, https:\/\/d2p6e6u75xmxt8.cloudfront.net\/4\/2022\/08\/horal-4-300x200.webp 300w, https:\/\/d2p6e6u75xmxt8.cloudfront.net\/4\/2022\/08\/horal-4-768x512.webp 768w, https:\/\/d2p6e6u75xmxt8.cloudfront.net\/4\/2022\/08\/horal-4-272x182.webp 272w\" sizes=\"auto, (max-width: 990px) 100vw, 990px\" \/><\/a>\n\t\t\t<\/div><\/figure><figure class='gallery-item'>\n\t\t\t<div class='gallery-icon landscape'>\n\t\t\t\t<a href='https:\/\/d2p6e6u75xmxt8.cloudfront.net\/4\/2022\/08\/horal-5.webp'><img loading=\"lazy\" decoding=\"async\" width=\"990\" height=\"660\" src=\"https:\/\/d2p6e6u75xmxt8.cloudfront.net\/4\/2022\/08\/horal-5.webp\" class=\"attachment-full size-full\" alt=\"\" srcset=\"https:\/\/d2p6e6u75xmxt8.cloudfront.net\/4\/2022\/08\/horal-5.webp 990w, https:\/\/d2p6e6u75xmxt8.cloudfront.net\/4\/2022\/08\/horal-5-300x200.webp 300w, https:\/\/d2p6e6u75xmxt8.cloudfront.net\/4\/2022\/08\/horal-5-768x512.webp 768w, https:\/\/d2p6e6u75xmxt8.cloudfront.net\/4\/2022\/08\/horal-5-272x182.webp 272w\" sizes=\"auto, (max-width: 990px) 100vw, 990px\" \/><\/a>\n\t\t\t<\/div><\/figure><figure class='gallery-item'>\n\t\t\t<div class='gallery-icon landscape'>\n\t\t\t\t<a href='https:\/\/d2p6e6u75xmxt8.cloudfront.net\/4\/2022\/08\/horal-13.webp'><img loading=\"lazy\" decoding=\"async\" width=\"990\" height=\"660\" src=\"https:\/\/d2p6e6u75xmxt8.cloudfront.net\/4\/2022\/08\/horal-13.webp\" class=\"attachment-full size-full\" alt=\"\" srcset=\"https:\/\/d2p6e6u75xmxt8.cloudfront.net\/4\/2022\/08\/horal-13.webp 990w, https:\/\/d2p6e6u75xmxt8.cloudfront.net\/4\/2022\/08\/horal-13-300x200.webp 300w, https:\/\/d2p6e6u75xmxt8.cloudfront.net\/4\/2022\/08\/horal-13-768x512.webp 768w, https:\/\/d2p6e6u75xmxt8.cloudfront.net\/4\/2022\/08\/horal-13-272x182.webp 272w\" sizes=\"auto, (max-width: 990px) 100vw, 990px\" \/><\/a>\n\t\t\t<\/div><\/figure><figure class='gallery-item'>\n\t\t\t<div class='gallery-icon landscape'>\n\t\t\t\t<a href='https:\/\/d2p6e6u75xmxt8.cloudfront.net\/4\/2022\/08\/horal-14.webp'><img loading=\"lazy\" decoding=\"async\" width=\"990\" height=\"660\" src=\"https:\/\/d2p6e6u75xmxt8.cloudfront.net\/4\/2022\/08\/horal-14.webp\" class=\"attachment-full size-full\" alt=\"\" srcset=\"https:\/\/d2p6e6u75xmxt8.cloudfront.net\/4\/2022\/08\/horal-14.webp 990w, https:\/\/d2p6e6u75xmxt8.cloudfront.net\/4\/2022\/08\/horal-14-300x200.webp 300w, https:\/\/d2p6e6u75xmxt8.cloudfront.net\/4\/2022\/08\/horal-14-768x512.webp 768w, https:\/\/d2p6e6u75xmxt8.cloudfront.net\/4\/2022\/08\/horal-14-272x182.webp 272w\" sizes=\"auto, (max-width: 990px) 100vw, 990px\" \/><\/a>\n\t\t\t<\/div><\/figure>\n\t\t<\/div>\n\n<p>V z\u00e1zem\u00ed pretekov vl\u00e1dla pr\u00edjemn\u00e1 atmosf\u00e9ra a\u017e do samotn\u00e9ho konca programu. <strong>Ani chladnej\u0161\u00ed vzduch v podve\u010der nikoho neodradil a v\u0161etci si spokojne u\u017e\u00edvali posledn\u00fd de\u0148 tejto s\u00e9rie.<\/strong> Po vyhl\u00e1sen\u00ed v\u00fdsledkov z dan\u00e9ho kola sa na p\u00f3dium postavili aj celkov\u00ed v\u00ed\u0165azi a nakoniec sa rozdala bohat\u00e1 tombola.<\/p>\n<div id='gallery-4' class='gallery galleryid-15102 gallery-columns-2 gallery-size-full'><figure class='gallery-item'>\n\t\t\t<div class='gallery-icon landscape'>\n\t\t\t\t<a href='https:\/\/d2p6e6u75xmxt8.cloudfront.net\/4\/2022\/08\/horal-21.webp'><img loading=\"lazy\" decoding=\"async\" width=\"990\" height=\"660\" src=\"https:\/\/d2p6e6u75xmxt8.cloudfront.net\/4\/2022\/08\/horal-21.webp\" class=\"attachment-full size-full\" alt=\"\" srcset=\"https:\/\/d2p6e6u75xmxt8.cloudfront.net\/4\/2022\/08\/horal-21.webp 990w, https:\/\/d2p6e6u75xmxt8.cloudfront.net\/4\/2022\/08\/horal-21-300x200.webp 300w, https:\/\/d2p6e6u75xmxt8.cloudfront.net\/4\/2022\/08\/horal-21-768x512.webp 768w, https:\/\/d2p6e6u75xmxt8.cloudfront.net\/4\/2022\/08\/horal-21-272x182.webp 272w\" sizes=\"auto, (max-width: 990px) 100vw, 990px\" \/><\/a>\n\t\t\t<\/div><\/figure><figure class='gallery-item'>\n\t\t\t<div class='gallery-icon landscape'>\n\t\t\t\t<a href='https:\/\/d2p6e6u75xmxt8.cloudfront.net\/4\/2022\/08\/horal-23.webp'><img loading=\"lazy\" decoding=\"async\" width=\"990\" height=\"660\" src=\"https:\/\/d2p6e6u75xmxt8.cloudfront.net\/4\/2022\/08\/horal-23.webp\" class=\"attachment-full size-full\" alt=\"\" srcset=\"https:\/\/d2p6e6u75xmxt8.cloudfront.net\/4\/2022\/08\/horal-23.webp 990w, https:\/\/d2p6e6u75xmxt8.cloudfront.net\/4\/2022\/08\/horal-23-300x200.webp 300w, https:\/\/d2p6e6u75xmxt8.cloudfront.net\/4\/2022\/08\/horal-23-768x512.webp 768w, https:\/\/d2p6e6u75xmxt8.cloudfront.net\/4\/2022\/08\/horal-23-272x182.webp 272w\" sizes=\"auto, (max-width: 990px) 100vw, 990px\" \/><\/a>\n\t\t\t<\/div><\/figure>\n\t\t<\/div>\n\n<p>Deti sa mohli dos\u00fdta vybl\u00e1zni\u0165 na pripraven\u00fdch atrakci\u00e1ch. Bolo to fin\u00e1le so v\u0161etk\u00fdm, \u010do k tomu patr\u00ed a my sa u\u017e na v\u00e1s te\u0161\u00edme v sez\u00f3ne 2023!<\/p>\n<div class=\"shortcode-ys-post-pinup\"><article class=\"loop-simple post-14739 post type-post status-publish format-standard has-post-thumbnail hentry category-reportaz category-sbot tag-horska-cyklistika tag-maraton tag-mtb tag-preteky tag-rodina tag-rodinny-maraton tag-sezona-2022 tag-skoda tag-skoda-auto tag-skoda-bicykel tag-sbot tag-skoda-dedina tag-skoda-mtb-cyklomaraton-topolcianky tag-skoda-tim tag-slovensko tag-topolcianky tag-zabava global-categories-cycling\" data-postid=\"14739\" role=\"article\" data-post-id=\"14739\" data-word-count=\"446\" data-headline-length=\"90\" data-category=\"Report\u00e1\u017e\" data-global-category=\"Cycling\" data-author=\"WeLoveCycling\" data-published=\"2022-06-28T11:00:06+02:00\" data-published-day=\"Tuesday\">\n    <div class=\"entry-thumbnail article-thumbnail\" content=\"https:\/\/d2p6e6u75xmxt8.cloudfront.net\/4\/2022\/06\/Topolcianky_00-150x150.webp\"><a href=\"https:\/\/www.welovecycling.com\/sk\/2022\/06\/28\/reportaz-skoda-mtb-cyklomaraton-topolcianky-dejisko-majstrovstiev-slovenska\/\" class=\"image-holder\" target=\"_self\"><img decoding=\"async\" loading=\"lazy\" class=\"\" src=\"https:\/\/d2p6e6u75xmxt8.cloudfront.net\/4\/2022\/06\/Topolcianky_00.webp\" srcset=\"https:\/\/d2p6e6u75xmxt8.cloudfront.net\/4\/2022\/06\/Topolcianky_00.webp 990w, https:\/\/d2p6e6u75xmxt8.cloudfront.net\/4\/2022\/06\/Topolcianky_00-300x200.webp 300w, https:\/\/d2p6e6u75xmxt8.cloudfront.net\/4\/2022\/06\/Topolcianky_00-768x512.webp 768w, https:\/\/d2p6e6u75xmxt8.cloudfront.net\/4\/2022\/06\/Topolcianky_00-272x182.webp 272w\" width=\"990\" height=\"660\" sizes=\"auto, (min-width: 1200px) 300px, (min-width: 768px) 25vw, 100vw\" alt=\"reportaz-skoda-mtb-cyklomaraton-topolcianky-dejisko-majstrovstiev-slovenska\"\/><\/a><\/div>    <div class=\"entry-meta\">\n        <a class=\"label label-secondary post-category\" href=\"https:\/\/www.welovecycling.com\/sk\/category\/sbot\/reportaz\/\" title=\"Report\u00e1\u017e\">Report\u00e1\u017e<\/a>\n    <\/div>\n    <div class=\"entry-details\">\n        <a href=\"https:\/\/www.welovecycling.com\/sk\/2022\/06\/28\/reportaz-skoda-mtb-cyklomaraton-topolcianky-dejisko-majstrovstiev-slovenska\/\" class='entry-title-wrapper'>\n            <h3 class=\"entry-title\"><span>Report\u00e1\u017e: \u0160koda MTB cyklomarat\u00f3n Topo\u013e\u010dianky &#8211; dejisko majstrovstiev Slovenska<\/span><\/h3>\n        <\/a>\n    <\/div>\n    <\/article>\n<\/div>\n<p>Viac fotiek zo \u0160koda Horal MTB marat\u00f3nu n\u00e1jdete na <a href=\"https:\/\/www.welovecycling.com\/sk\/2022\/08\/16\/foto-skoda-horal-mtb-maraton-4\/\" target=\"_blank\" rel=\"noopener\">tomto odkaze<\/a>.<\/p>\n","protected":false},"excerpt":{"rendered":"<p>Pretek\u00e1ri mali uplynul\u00fd v\u00edkend posledn\u00fa \u0161ancu zabodova\u0165 v s\u00e9rii pretekov \u0160koda BIKE OPEN TOUR a mnoh\u00ed aj svoju \u0161ancu naplno [&hellip;]<\/p>\n","protected":false},"author":170,"featured_media":15103,"comment_status":"open","ping_status":"open","sticky":false,"template":"","format":"standard","meta":{"footnotes":""},"categories":[3,38,33],"tags":[211,180,178,1012,509,474,542,1009,35,214,213,545],"global-categories":[1074],"class_list":["post-15102","post","type-post","status-publish","format-standard","has-post-thumbnail","hentry","category-mtb","category-reportaz","category-sbot","tag-horal","tag-horska-cyklistika","tag-maraton","tag-pretekar","tag-rodina","tag-rodinny-maraton","tag-skoda","tag-skoda-auto","tag-sbot","tag-skoda-horal-mtb-maraton","tag-svit","tag-trasa","global-categories-cycling"],"yoast_head":"<!-- This site is optimized with the Yoast SEO Premium plugin v25.3 (Yoast SEO v25.9) - https:\/\/yoast.com\/wordpress\/plugins\/seo\/ -->\n<title>Report\u00e1\u017e: \u0160koda Horal MTB marat\u00f3n - ukon\u010denie s\u00e9rie v kr\u00e1snom prostred\u00ed Vysok\u00fdch Tatier<\/title>\n<meta name=\"description\" content=\"Pretek\u00e1ri mali uplynul\u00fd v\u00edkend \u0161ancu zabodova\u0165 v s\u00e9rii pretekov \u0160BOT a mnoh\u00ed svoju \u0161ancu vyu\u017eili a z\u00fa\u010dastnili sa \u0160koda Horal MTB marat\u00f3nu.\" \/>\n<meta name=\"robots\" content=\"index, follow, max-snippet:-1, max-image-preview:large, max-video-preview:-1\" \/>\n<link rel=\"canonical\" href=\"https:\/\/www.welovecycling.com\/sk\/2022\/08\/17\/reportaz-skoda-horal-mtb-maraton-ukoncenie-serie-v-krasnom-prostredi-vysokych-tatier\/\" \/>\n<meta property=\"og:locale\" content=\"sk_SK\" \/>\n<meta property=\"og:type\" content=\"article\" \/>\n<meta property=\"og:title\" content=\"Report\u00e1\u017e: \u0160koda Horal MTB marat\u00f3n - ukon\u010denie s\u00e9rie v kr\u00e1snom prostred\u00ed Vysok\u00fdch Tatier\" \/>\n<meta property=\"og:description\" content=\"Pretek\u00e1ri mali uplynul\u00fd v\u00edkend \u0161ancu zabodova\u0165 v s\u00e9rii pretekov \u0160BOT a mnoh\u00ed svoju \u0161ancu vyu\u017eili a z\u00fa\u010dastnili sa \u0160koda Horal MTB marat\u00f3nu.\" \/>\n<meta property=\"og:url\" content=\"https:\/\/www.welovecycling.com\/sk\/2022\/08\/17\/reportaz-skoda-horal-mtb-maraton-ukoncenie-serie-v-krasnom-prostredi-vysokych-tatier\/\" \/>\n<meta property=\"og:site_name\" content=\"\u0160koda We Love Cycling Slovensko\" \/>\n<meta property=\"article:published_time\" content=\"2022-08-17T08:12:36+00:00\" \/>\n<meta property=\"article:modified_time\" content=\"2023-04-14T09:40:32+00:00\" \/>\n<meta property=\"og:image\" content=\"https:\/\/d2p6e6u75xmxt8.cloudfront.net\/4\/2022\/08\/horal_00.webp\" \/>\n\t<meta property=\"og:image:width\" content=\"990\" \/>\n\t<meta property=\"og:image:height\" content=\"660\" \/>\n\t<meta property=\"og:image:type\" content=\"image\/webp\" \/>\n<meta name=\"author\" content=\"miksakova\" \/>\n<meta name=\"twitter:card\" content=\"summary_large_image\" \/>\n<meta name=\"twitter:label1\" content=\"Written by\" \/>\n\t<meta name=\"twitter:data1\" content=\"WeLoveCycling\" \/>\n\t<meta name=\"twitter:label2\" content=\"Est. reading time\" \/>\n\t<meta name=\"twitter:data2\" content=\"4\" \/>\n<script type=\"application\/ld+json\" class=\"yoast-schema-graph\">{\"@context\":\"https:\/\/schema.org\",\"@graph\":[{\"@type\":\"WebPage\",\"@id\":\"https:\/\/www.welovecycling.com\/sk\/2022\/08\/17\/reportaz-skoda-horal-mtb-maraton-ukoncenie-serie-v-krasnom-prostredi-vysokych-tatier\/\",\"url\":\"https:\/\/www.welovecycling.com\/sk\/2022\/08\/17\/reportaz-skoda-horal-mtb-maraton-ukoncenie-serie-v-krasnom-prostredi-vysokych-tatier\/\",\"name\":\"Report\u00e1\u017e: \u0160koda Horal MTB marat\u00f3n - ukon\u010denie s\u00e9rie v kr\u00e1snom prostred\u00ed Vysok\u00fdch Tatier\",\"isPartOf\":{\"@id\":\"https:\/\/www.welovecycling.com\/sk\/#website\"},\"primaryImageOfPage\":{\"@id\":\"https:\/\/www.welovecycling.com\/sk\/2022\/08\/17\/reportaz-skoda-horal-mtb-maraton-ukoncenie-serie-v-krasnom-prostredi-vysokych-tatier\/#primaryimage\"},\"image\":{\"@id\":\"https:\/\/www.welovecycling.com\/sk\/2022\/08\/17\/reportaz-skoda-horal-mtb-maraton-ukoncenie-serie-v-krasnom-prostredi-vysokych-tatier\/#primaryimage\"},\"thumbnailUrl\":\"https:\/\/d2p6e6u75xmxt8.cloudfront.net\/4\/2022\/08\/horal_00.webp\",\"datePublished\":\"2022-08-17T08:12:36+00:00\",\"dateModified\":\"2023-04-14T09:40:32+00:00\",\"author\":{\"@id\":\"https:\/\/www.welovecycling.com\/sk\/#\/schema\/person\/c6ce5af9dceed219d84a07d2ffa2cad9\"},\"description\":\"Pretek\u00e1ri mali uplynul\u00fd v\u00edkend \u0161ancu zabodova\u0165 v s\u00e9rii pretekov \u0160BOT a mnoh\u00ed svoju \u0161ancu vyu\u017eili a z\u00fa\u010dastnili sa \u0160koda Horal MTB marat\u00f3nu.\",\"breadcrumb\":{\"@id\":\"https:\/\/www.welovecycling.com\/sk\/2022\/08\/17\/reportaz-skoda-horal-mtb-maraton-ukoncenie-serie-v-krasnom-prostredi-vysokych-tatier\/#breadcrumb\"},\"inLanguage\":\"sk-SK\",\"potentialAction\":[{\"@type\":\"ReadAction\",\"target\":[\"https:\/\/www.welovecycling.com\/sk\/2022\/08\/17\/reportaz-skoda-horal-mtb-maraton-ukoncenie-serie-v-krasnom-prostredi-vysokych-tatier\/\"]}]},{\"@type\":\"ImageObject\",\"inLanguage\":\"sk-SK\",\"@id\":\"https:\/\/www.welovecycling.com\/sk\/2022\/08\/17\/reportaz-skoda-horal-mtb-maraton-ukoncenie-serie-v-krasnom-prostredi-vysokych-tatier\/#primaryimage\",\"url\":\"https:\/\/d2p6e6u75xmxt8.cloudfront.net\/4\/2022\/08\/horal_00.webp\",\"contentUrl\":\"https:\/\/d2p6e6u75xmxt8.cloudfront.net\/4\/2022\/08\/horal_00.webp\",\"width\":990,\"height\":660},{\"@type\":\"BreadcrumbList\",\"@id\":\"https:\/\/www.welovecycling.com\/sk\/2022\/08\/17\/reportaz-skoda-horal-mtb-maraton-ukoncenie-serie-v-krasnom-prostredi-vysokych-tatier\/#breadcrumb\",\"itemListElement\":[{\"@type\":\"ListItem\",\"position\":1,\"name\":\"Home\",\"item\":\"https:\/\/www.welovecycling.com\/sk\/\"},{\"@type\":\"ListItem\",\"position\":2,\"name\":\"Report\u00e1\u017e: \u0160koda Horal MTB marat\u00f3n &#8211; ukon\u010denie s\u00e9rie v kr\u00e1snom prostred\u00ed Vysok\u00fdch Tatier\"}]},{\"@type\":\"WebSite\",\"@id\":\"https:\/\/www.welovecycling.com\/sk\/#website\",\"url\":\"https:\/\/www.welovecycling.com\/sk\/\",\"name\":\"\u0160koda We Love Cycling Slovensko\",\"description\":\"\u0160koda We Love Cycling Slovensko je v\u00e1\u0161 ka\u017edodenn\u00fd zdroj noviniek a in\u0161pir\u00e1cie z sveta cyklistiky\",\"potentialAction\":[{\"@type\":\"SearchAction\",\"target\":{\"@type\":\"EntryPoint\",\"urlTemplate\":\"https:\/\/www.welovecycling.com\/sk\/?s={search_term_string}\"},\"query-input\":{\"@type\":\"PropertyValueSpecification\",\"valueRequired\":true,\"valueName\":\"search_term_string\"}}],\"inLanguage\":\"sk-SK\"},{\"@type\":\"Person\",\"@id\":\"https:\/\/www.welovecycling.com\/sk\/#\/schema\/person\/c6ce5af9dceed219d84a07d2ffa2cad9\",\"name\":\"miksakova\",\"image\":{\"@type\":\"ImageObject\",\"inLanguage\":\"sk-SK\",\"@id\":\"https:\/\/www.welovecycling.com\/sk\/#\/schema\/person\/image\/\",\"url\":\"https:\/\/secure.gravatar.com\/avatar\/3663fb8acb50de04150ea6f7afc1bc15aba80aad4bf92aee01bd38a79084eb7a?s=96&d=mm&r=g\",\"contentUrl\":\"https:\/\/secure.gravatar.com\/avatar\/3663fb8acb50de04150ea6f7afc1bc15aba80aad4bf92aee01bd38a79084eb7a?s=96&d=mm&r=g\",\"caption\":\"miksakova\"},\"url\":\"https:\/\/www.welovecycling.com\/sk\/author\/miksakova\/\"}]}<\/script>\n<!-- \/ Yoast SEO Premium plugin. -->","yoast_head_json":{"title":"Report\u00e1\u017e: \u0160koda Horal MTB marat\u00f3n - ukon\u010denie s\u00e9rie v kr\u00e1snom prostred\u00ed Vysok\u00fdch Tatier","description":"Pretek\u00e1ri mali uplynul\u00fd v\u00edkend \u0161ancu zabodova\u0165 v s\u00e9rii pretekov \u0160BOT a mnoh\u00ed svoju \u0161ancu vyu\u017eili a z\u00fa\u010dastnili sa \u0160koda Horal MTB marat\u00f3nu.","robots":{"index":"index","follow":"follow","max-snippet":"max-snippet:-1","max-image-preview":"max-image-preview:large","max-video-preview":"max-video-preview:-1"},"canonical":"https:\/\/www.welovecycling.com\/sk\/2022\/08\/17\/reportaz-skoda-horal-mtb-maraton-ukoncenie-serie-v-krasnom-prostredi-vysokych-tatier\/","og_locale":"sk_SK","og_type":"article","og_title":"Report\u00e1\u017e: \u0160koda Horal MTB marat\u00f3n - ukon\u010denie s\u00e9rie v kr\u00e1snom prostred\u00ed Vysok\u00fdch Tatier","og_description":"Pretek\u00e1ri mali uplynul\u00fd v\u00edkend \u0161ancu zabodova\u0165 v s\u00e9rii pretekov \u0160BOT a mnoh\u00ed svoju \u0161ancu vyu\u017eili a z\u00fa\u010dastnili sa \u0160koda Horal MTB marat\u00f3nu.","og_url":"https:\/\/www.welovecycling.com\/sk\/2022\/08\/17\/reportaz-skoda-horal-mtb-maraton-ukoncenie-serie-v-krasnom-prostredi-vysokych-tatier\/","og_site_name":"\u0160koda We Love Cycling Slovensko","article_published_time":"2022-08-17T08:12:36+00:00","article_modified_time":"2023-04-14T09:40:32+00:00","og_image":[{"width":990,"height":660,"url":"https:\/\/d2p6e6u75xmxt8.cloudfront.net\/4\/2022\/08\/horal_00.webp","type":"image\/webp"}],"author":"miksakova","twitter_card":"summary_large_image","twitter_misc":{"Written by":"WeLoveCycling","Est. reading time":"4"},"schema":{"@context":"https:\/\/schema.org","@graph":[{"@type":"WebPage","@id":"https:\/\/www.welovecycling.com\/sk\/2022\/08\/17\/reportaz-skoda-horal-mtb-maraton-ukoncenie-serie-v-krasnom-prostredi-vysokych-tatier\/","url":"https:\/\/www.welovecycling.com\/sk\/2022\/08\/17\/reportaz-skoda-horal-mtb-maraton-ukoncenie-serie-v-krasnom-prostredi-vysokych-tatier\/","name":"Report\u00e1\u017e: \u0160koda Horal MTB marat\u00f3n - ukon\u010denie s\u00e9rie v kr\u00e1snom prostred\u00ed Vysok\u00fdch Tatier","isPartOf":{"@id":"https:\/\/www.welovecycling.com\/sk\/#website"},"primaryImageOfPage":{"@id":"https:\/\/www.welovecycling.com\/sk\/2022\/08\/17\/reportaz-skoda-horal-mtb-maraton-ukoncenie-serie-v-krasnom-prostredi-vysokych-tatier\/#primaryimage"},"image":{"@id":"https:\/\/www.welovecycling.com\/sk\/2022\/08\/17\/reportaz-skoda-horal-mtb-maraton-ukoncenie-serie-v-krasnom-prostredi-vysokych-tatier\/#primaryimage"},"thumbnailUrl":"https:\/\/d2p6e6u75xmxt8.cloudfront.net\/4\/2022\/08\/horal_00.webp","datePublished":"2022-08-17T08:12:36+00:00","dateModified":"2023-04-14T09:40:32+00:00","author":{"@id":"https:\/\/www.welovecycling.com\/sk\/#\/schema\/person\/c6ce5af9dceed219d84a07d2ffa2cad9"},"description":"Pretek\u00e1ri mali uplynul\u00fd v\u00edkend \u0161ancu zabodova\u0165 v s\u00e9rii pretekov \u0160BOT a mnoh\u00ed svoju \u0161ancu vyu\u017eili a z\u00fa\u010dastnili sa \u0160koda Horal MTB marat\u00f3nu.","breadcrumb":{"@id":"https:\/\/www.welovecycling.com\/sk\/2022\/08\/17\/reportaz-skoda-horal-mtb-maraton-ukoncenie-serie-v-krasnom-prostredi-vysokych-tatier\/#breadcrumb"},"inLanguage":"sk-SK","potentialAction":[{"@type":"ReadAction","target":["https:\/\/www.welovecycling.com\/sk\/2022\/08\/17\/reportaz-skoda-horal-mtb-maraton-ukoncenie-serie-v-krasnom-prostredi-vysokych-tatier\/"]}]},{"@type":"ImageObject","inLanguage":"sk-SK","@id":"https:\/\/www.welovecycling.com\/sk\/2022\/08\/17\/reportaz-skoda-horal-mtb-maraton-ukoncenie-serie-v-krasnom-prostredi-vysokych-tatier\/#primaryimage","url":"https:\/\/d2p6e6u75xmxt8.cloudfront.net\/4\/2022\/08\/horal_00.webp","contentUrl":"https:\/\/d2p6e6u75xmxt8.cloudfront.net\/4\/2022\/08\/horal_00.webp","width":990,"height":660},{"@type":"BreadcrumbList","@id":"https:\/\/www.welovecycling.com\/sk\/2022\/08\/17\/reportaz-skoda-horal-mtb-maraton-ukoncenie-serie-v-krasnom-prostredi-vysokych-tatier\/#breadcrumb","itemListElement":[{"@type":"ListItem","position":1,"name":"Home","item":"https:\/\/www.welovecycling.com\/sk\/"},{"@type":"ListItem","position":2,"name":"Report\u00e1\u017e: \u0160koda Horal MTB marat\u00f3n &#8211; ukon\u010denie s\u00e9rie v kr\u00e1snom prostred\u00ed Vysok\u00fdch Tatier"}]},{"@type":"WebSite","@id":"https:\/\/www.welovecycling.com\/sk\/#website","url":"https:\/\/www.welovecycling.com\/sk\/","name":"\u0160koda We Love Cycling Slovensko","description":"\u0160koda We Love Cycling Slovensko je v\u00e1\u0161 ka\u017edodenn\u00fd zdroj noviniek a in\u0161pir\u00e1cie z sveta cyklistiky","potentialAction":[{"@type":"SearchAction","target":{"@type":"EntryPoint","urlTemplate":"https:\/\/www.welovecycling.com\/sk\/?s={search_term_string}"},"query-input":{"@type":"PropertyValueSpecification","valueRequired":true,"valueName":"search_term_string"}}],"inLanguage":"sk-SK"},{"@type":"Person","@id":"https:\/\/www.welovecycling.com\/sk\/#\/schema\/person\/c6ce5af9dceed219d84a07d2ffa2cad9","name":"miksakova","image":{"@type":"ImageObject","inLanguage":"sk-SK","@id":"https:\/\/www.welovecycling.com\/sk\/#\/schema\/person\/image\/","url":"https:\/\/secure.gravatar.com\/avatar\/3663fb8acb50de04150ea6f7afc1bc15aba80aad4bf92aee01bd38a79084eb7a?s=96&d=mm&r=g","contentUrl":"https:\/\/secure.gravatar.com\/avatar\/3663fb8acb50de04150ea6f7afc1bc15aba80aad4bf92aee01bd38a79084eb7a?s=96&d=mm&r=g","caption":"miksakova"},"url":"https:\/\/www.welovecycling.com\/sk\/author\/miksakova\/"}]}},"_links":{"self":[{"href":"https:\/\/www.welovecycling.com\/sk\/wp-json\/wp\/v2\/posts\/15102","targetHints":{"allow":["GET"]}}],"collection":[{"href":"https:\/\/www.welovecycling.com\/sk\/wp-json\/wp\/v2\/posts"}],"about":[{"href":"https:\/\/www.welovecycling.com\/sk\/wp-json\/wp\/v2\/types\/post"}],"author":[{"embeddable":true,"href":"https:\/\/www.welovecycling.com\/sk\/wp-json\/wp\/v2\/users\/170"}],"replies":[{"embeddable":true,"href":"https:\/\/www.welovecycling.com\/sk\/wp-json\/wp\/v2\/comments?post=15102"}],"version-history":[{"count":2,"href":"https:\/\/www.welovecycling.com\/sk\/wp-json\/wp\/v2\/posts\/15102\/revisions"}],"predecessor-version":[{"id":17138,"href":"https:\/\/www.welovecycling.com\/sk\/wp-json\/wp\/v2\/posts\/15102\/revisions\/17138"}],"wp:featuredmedia":[{"embeddable":true,"href":"https:\/\/www.welovecycling.com\/sk\/wp-json\/wp\/v2\/media\/15103"}],"wp:attachment":[{"href":"https:\/\/www.welovecycling.com\/sk\/wp-json\/wp\/v2\/media?parent=15102"}],"wp:term":[{"taxonomy":"category","embeddable":true,"href":"https:\/\/www.welovecycling.com\/sk\/wp-json\/wp\/v2\/categories?post=15102"},{"taxonomy":"post_tag","embeddable":true,"href":"https:\/\/www.welovecycling.com\/sk\/wp-json\/wp\/v2\/tags?post=15102"},{"taxonomy":"global-categories","embeddable":true,"href":"https:\/\/www.welovecycling.com\/sk\/wp-json\/wp\/v2\/global-categories?post=15102"}],"curies":[{"name":"wp","href":"https:\/\/api.w.org\/{rel}","templated":true}]}}