{"id":1509,"date":"2017-07-07T12:34:07","date_gmt":"2017-07-07T10:34:07","guid":{"rendered":"https:\/\/www.welovecycling.com\/sk\/?p=1509"},"modified":"2017-12-18T13:11:27","modified_gmt":"2017-12-18T12:11:27","slug":"tour-de-france-strucny-prehlad-6-etapach","status":"publish","type":"post","link":"https:\/\/www.welovecycling.com\/sk\/2017\/07\/07\/tour-de-france-strucny-prehlad-6-etapach\/","title":{"rendered":"Tour de France \u2013 stru\u010dn\u00fd preh\u013ead po&nbsp;\u0161iestich etap\u00e1ch"},"content":{"rendered":"<p><strong>Za sebou m\u00e1me pomerne \u201ehektick\u00fdch\u201c 6 et\u00e1p, kde nech\u00fdbali tvrd\u00e9 s\u00faboje, p\u00e1dy, ale aj kontroverzn\u00e9 rozhodnutia.<\/strong><!--more--><\/p>\n<h3>1. etapa, \u010dasovka (D\u00fcsseldorf) \u2013 14 km<\/h3>\n<p>Cel\u00e1 Tour od\u0161tartovala kr\u00e1tkou \u010dasovkou na 14 km v uliciach nemeck\u00e9ho mesta D\u00fcsseldorf. Na v\u00ed\u0165azstvo si br\u00fasilo zuby mno\u017estvo \u0161pecialistov, vr\u00e1tane dom\u00e1ceho Tonyho Martina, no na mokrej trati zajazdil najlep\u0161ie \u201e\u010dierny k\u00f4\u0148\u201c &#8211; Geraint Thomas &#8211; z t\u00edmu SKY a z\u00e1rove\u0148 sa obliekol aj do \u017elt\u00e9ho dresu. Z favoritov na celkov\u00e9 poradie sa darilo najlep\u0161ie Chrisovi Froomovi, no v\u00fdsledn\u00e9 rozostupy zostali pomerne mal\u00e9. \u010casovku pozna\u010dili nepr\u00edjemn\u00e9 p\u00e1dy, napr. ten Alejandra Valverdeho (Movistar), po ktorom sa musel jeden z favoritov celej Tour pred\u010dasne rozl\u00fa\u010di\u0165 a zamieri\u0165 do nemocnice.<\/p>\n<figure id=\"attachment_1510\" aria-describedby=\"caption-attachment-1510\" style=\"width: 1000px\" class=\"wp-caption alignnone\"><img loading=\"lazy\" decoding=\"async\" class=\"wp-image-1510 size-full\" src=\"https:\/\/d2p6e6u75xmxt8.cloudfront.net\/4\/2017\/07\/1.jpg\" alt=\"\" width=\"1000\" height=\"666\" \/><figcaption id=\"caption-attachment-1510\" class=\"wp-caption-text\">Tour de France 2017 &#8211; 01\/07\/2017 &#8211; Etape 1 &#8211; D\u00fcsseldorf \/ D\u00fcsseldorf (14km CLM) &#8211; Allemagne &#8211; Michal KWIATKOWSKI (TEAM SKY)<\/figcaption><\/figure>\n<h3>2. etapa (D\u00fcsseldorf \u2013 Li\u00e9ge) \u2013 203 km<\/h3>\n<p>Rovinat\u00e1 etapa mala predpoklad prinies\u0165 v prvom rade s\u00faboj najlep\u0161\u00edch \u0161print\u00e9rov, a tak sa v podstate aj stalo. No nech\u00fdbali hromadn\u00e9 p\u00e1dy, v jednom pribli\u017ene 30 km pred cie\u013eom sa ocitol aj ve\u013ek\u00fd favorit, Chris Froom. Ten sa nakoniec vr\u00e1til aj za pomoci kolegov sp\u00e4\u0165 do pelot\u00f3nu, kde sa u\u017e v\u0161etko pripravovalo na z\u00e1vere\u010dn\u00fd \u0161print. E\u0161te predt\u00fdm pelot\u00f3n dostihol \u00fanik, ktor\u00fd vydr\u017eal a\u017e na m\u00e9tu 5 kilometrov pred cie\u013eom, ne\u017e ich \u201eprevalcovalo\u201c hlavn\u00e9 pole. V \u0148om si najlep\u0161ie poradil nemeck\u00fd pretek\u00e1r Marcel Kittel (Quick-Step Floors), ktor\u00fd sa z\u00e1rove\u0148 obliekol do zelen\u00e9ho dresu. V \u017eltom zostal na\u010falej Geraint Thomas.<\/p>\n<figure id=\"attachment_1511\" aria-describedby=\"caption-attachment-1511\" style=\"width: 1000px\" class=\"wp-caption alignnone\"><img loading=\"lazy\" decoding=\"async\" class=\"wp-image-1511 size-full\" src=\"https:\/\/d2p6e6u75xmxt8.cloudfront.net\/4\/2017\/07\/2.jpg\" alt=\"\" width=\"1000\" height=\"666\" \/><figcaption id=\"caption-attachment-1511\" class=\"wp-caption-text\">Tour de France 2017 &#8211; 02\/07\/2017 &#8211; Etape 2 &#8211; D\u00fcsseldorf \/ Li\u00e8ge (203,5 km) &#8211; Belgique &#8211; Marcel KITTEL (QUICK &#8211; STEP FLOORS) &#8211; Vainqueur du jour<\/figcaption><\/figure>\n<h3>3. etapa (Vervies \u2013 Longwy) \u2013 212 km<\/h3>\n<p>Tretia etapa bola doslova \u0161it\u00e1 pre n\u00e1\u0161ho Petra Sagana (a \u010fal\u0161\u00edch klasik\u00e1rov), ke\u010f\u017ee i\u0161lo o mierne zvlnen\u00fd profil s cie\u013eom v kr\u00e1tkom st\u00fapan\u00ed. Najv\u00e4\u010d\u0161ie s\u00faboje sa odohr\u00e1vali tesne pred n\u00e1jazdom do cie\u013eov\u00e9ho st\u00fapania, kam pri\u0161iel cel\u00fd pelot\u00f3n pokope a kde chcel by\u0165 ka\u017ed\u00fd na \u010do najlep\u0161ej poz\u00edcii. Peter Sagan ale v\u0161etko s preh\u013eadom kontroloval a v z\u00e1vere nedal nikomu \u0161ancu \u2013 navy\u0161e sa mu &#8222;podarilo&#8220; v z\u00e1vere\u010dnom \u0161printe &#8222;vytrhn\u00fa\u0165&#8220; nohu z ped\u00e1lu, \u010do ale s chladnou hlavou r\u00fdchlo vyrie\u0161il a zap\u00edsal si tak prv\u00e9 v\u00ed\u0165azstvo na tohtoro\u010dnej Tour de France. V \u017eltom zostal Geraint Thomas a v zelenom Marcel Kittel. Peter Sagan sa dostal na priebe\u017en\u00e9 4. miesto celkov\u00e9ho poradia a \u017eivil e\u0161te teoretick\u00fa \u0161ancu obliec\u0165 aspo\u0148 na 1 de\u0148 \u017elt\u00fd dres.<\/p>\n<figure id=\"attachment_1512\" aria-describedby=\"caption-attachment-1512\" style=\"width: 1000px\" class=\"wp-caption alignnone\"><img loading=\"lazy\" decoding=\"async\" class=\"wp-image-1512 size-full\" src=\"https:\/\/d2p6e6u75xmxt8.cloudfront.net\/4\/2017\/07\/3.jpg\" alt=\"\" width=\"1000\" height=\"666\" \/><figcaption id=\"caption-attachment-1512\" class=\"wp-caption-text\">Tour de France 2017 &#8211; 03\/07\/2017 &#8211; Etape 3 &#8211; Verviers \/ Longwy (215,5 km) &#8211; France &#8211; Peter SAGAN (BORA &#8211; HANSGROHE) &#8211; Vainqueur du jour<\/figcaption><\/figure>\n<h3>4. etapa (Mondorf-les-Bains &#8211; Vittel) \u2013 207 km<\/h3>\n<p>V porad\u00ed \u0161tvrt\u00e1 etapa mala by\u0165 op\u00e4\u0165 dom\u00e9nou \u201eklasick\u00fdch\u201c \u0161print\u00e9rov ak\u00fdmi s\u00fa Kittel, Greipel, Cavendish, ale \u0161ancu mal samozrejme op\u00e4\u0165 aj Peter Sagan. Jednoduch\u00fd profil a ide\u00e1lne podmienky tomu len nasved\u010dovali a do cie\u013eov\u00e9ho mesta Vittel pri\u0161iel cel\u00fd pelot\u00f3n pokope. Nervozita za\u010dala st\u00fapa\u0165, \u010do vy\u00fastilo do p\u00e1du tesne pred cie\u013eom, kde skon\u010dil aj Geraint Thomas. Na \u010dele bojovala men\u0161ia skupinka \u0161print\u00e9rov o v\u00ed\u0165azstvo, pre ktor\u00e9 si pri\u0161iel dom\u00e1ci Arnaud D\u00e9mare (FDJ) pred Petrom Saganom. Cel\u00e1 situ\u00e1cia v\u0161ak mala dohru a po dlhom rozhodovan\u00ed sa jury rozhodla Petra Sagana z celej Tour vyl\u00fa\u010di\u0165 za to, \u017ee \u00fadajne sp\u00f4sobil p\u00e1d Marka Cavendisha (Dimension Data), cez ktor\u00e9ho n\u00e1sledne padol aj John Degenkolb (Trek-Segafredo). V \u017eltom drese zostal Geraint Thomas a do zelen\u00e9ho sa prezliekol Arnaud D\u00e9mare. Najv\u00e4\u010d\u0161\u00ed rozruch sp\u00f4sobilo u\u017e spom\u00ednan\u00e9 vyl\u00fa\u010denie Petra Sagana, o \u010dom sa strhla ve\u013ek\u00e1 diskusia, no rozhodnutie o jeho vyl\u00fa\u010den\u00ed u\u017e bolo nemenn\u00e9, tak\u017ee \u010fal\u0161\u00ed zelen\u00fd dres tento rok do zbierky u\u017e \u017eia\u013e neprid\u00e1. Pre zranenie z p\u00e1du musel z Tour odst\u00fapi\u0165 aj Mark Cavendish a cel\u00e9 podujatie tak pri\u0161lo a dve v\u00fdrazn\u00e9 postavy.<\/p>\n<figure id=\"attachment_1513\" aria-describedby=\"caption-attachment-1513\" style=\"width: 1000px\" class=\"wp-caption alignnone\"><img loading=\"lazy\" decoding=\"async\" class=\"wp-image-1513 size-full\" src=\"https:\/\/d2p6e6u75xmxt8.cloudfront.net\/4\/2017\/07\/4.jpg\" alt=\"\" width=\"1000\" height=\"666\" \/><figcaption id=\"caption-attachment-1513\" class=\"wp-caption-text\">Tour de France 2017 &#8211; 04\/07\/2017 &#8211; Etape 4 &#8211; Mondorf-les-Bains \/ Vittel (207,5 km) &#8211; France<\/figcaption><\/figure>\n<h3>5. etapa (Vittel &gt; Planche Belles Filles) \u2013 160 km<\/h3>\n<p>Prv\u00e1 etapa s cie\u013eom na kopci nechala kone\u010dne prehovori\u0165 jazdcov na celkov\u00e9 poradie. V\u0161etci boli zvedav\u00ed, kto si na Tour priviezol najlep\u0161iu \u201evrch\u00e1rsku\u201c formu, o \u010dom sa rozhodovalo a\u017e v samotnom z\u00e1vere. Uk\u00e1zalo sa, \u017ee v strmom kopci na Planche Belles Filles mal najlep\u0161ie nohy \u010derstv\u00fd taliansky \u0161ampi\u00f3n Fabio Aru, ktor\u00fd si dok\u00e1zal vytvori\u0165 mal\u00fd n\u00e1skok a zv\u00ed\u0165azi\u0165. Do \u017elt\u00e9ho sa nakoniec obliekol Chris Froome, ktor\u00fd fini\u0161oval na tre\u0165om mieste.<\/p>\n<figure id=\"attachment_1514\" aria-describedby=\"caption-attachment-1514\" style=\"width: 1000px\" class=\"wp-caption alignnone\"><img loading=\"lazy\" decoding=\"async\" class=\"wp-image-1514 size-full\" src=\"https:\/\/d2p6e6u75xmxt8.cloudfront.net\/4\/2017\/07\/5.jpg\" alt=\"\" width=\"1000\" height=\"666\" \/><figcaption id=\"caption-attachment-1514\" class=\"wp-caption-text\">Tour de France 2017 &#8211; 05\/07\/2017 &#8211; Etape 5 &#8211; Vittel \/ La Planche des Belles Filles (160,5 km) &#8211; France &#8211; Philippe GILBERT (QST), Edvald BOASSEN HAGEN (DDD), Thomas DE GENDT (LTS), Mickael DELAGE (FDJ)Jan BAKELANTS (ALM), Pierre Luc PERICHON (TFO)<\/figcaption><\/figure>\n<h3>6. etapa (Vesoul \u2013 Troyes) \u2013 216 km<\/h3>\n<p>Pomerne \u201enudn\u00fd\u201c profil nazna\u010doval jedin\u00e9 \u2013 op\u00e4\u0165 s\u00fasto pre \u0161print\u00e9rov. Tradi\u010dne bolo potrebn\u00e9 najsk\u00f4r stiahnu\u0165 \u00fanik, \u010do sa bez probl\u00e9mov podarilo a mohol sa rozohra\u0165 \u010fal\u0161\u00ed boj, aj ke\u010f u\u017e ochudobnen\u00fd o Sagana a Cavendisha. Najsk\u00f4r to vyzeralo na s\u00faboj medzi D\u00e9marom a Greipelom (Lotto Soudal), no v samom z\u00e1vere sa okolo nich doslova prehnal Marcel Kitell a prip\u00edsal si druh\u00e9 v\u00ed\u0165azstvo na tohtoro\u010dnej Tour. V \u017eltom drese zostal bez probl\u00e9mov Chris Froome.<\/p>\n<figure id=\"attachment_1515\" aria-describedby=\"caption-attachment-1515\" style=\"width: 1000px\" class=\"wp-caption alignnone\"><img loading=\"lazy\" decoding=\"async\" class=\"wp-image-1515 size-full\" src=\"https:\/\/d2p6e6u75xmxt8.cloudfront.net\/4\/2017\/07\/6.jpg\" alt=\"\" width=\"1000\" height=\"666\" \/><figcaption id=\"caption-attachment-1515\" class=\"wp-caption-text\">Tour de France 2017 &#8211; 06\/07\/2017 &#8211; Etape 6 &#8211; Vesoul \/ Troyes (216 km) &#8211; France &#8211; Arnaud DEMARE (FDJ) dans le peloton<\/figcaption><\/figure>\n<p>V celkovom porad\u00ed po 6. etap\u00e1ch <strong>vedie Christopher Froome<\/strong> o 12 sek\u00fand pred kolegom z t\u00edmu SKY, Geraintom Thomasom. <strong>Na tre\u0165om mieste sa nach\u00e1dza Fabio Aru<\/strong> s odstupom 14 sek\u00fand. <strong>Zelen\u00fd dres<\/strong> pre najlep\u0161ieho pretek\u00e1ra v bodovacej s\u00fa\u0165a\u017e\u00ed patr\u00ed <strong>Arnaudovi D\u00e9marovi<\/strong>, <strong>bodkovan\u00fd<\/strong> pre najlep\u0161ieho vrch\u00e1ra zase <strong>Fabiovi Aruovi<\/strong> a <strong>biely<\/strong> pre najlep\u0161ieho jazdca do 25 rokov dr\u017e\u00ed <strong>Simon Yates (ORICA \u2013 Scott)<\/strong>.<\/p>\n","protected":false},"excerpt":{"rendered":"<p>Za sebou m\u00e1me pomerne \u201ehektick\u00fdch\u201c 6 et\u00e1p, kde nech\u00fdbali tvrd\u00e9 s\u00faboje, p\u00e1dy, ale aj kontroverzn\u00e9 rozhodnutia.<\/p>\n","protected":false},"author":38,"featured_media":1530,"comment_status":"open","ping_status":"open","sticky":false,"template":"","format":"standard","meta":{"footnotes":""},"categories":[4,117],"tags":[150,115,119,151,149,136,46,152,20,108],"global-categories":[],"class_list":["post-1509","post","type-post","status-publish","format-standard","has-post-thumbnail","hentry","category-cestna-cyklisitika","category-tour-de-france","tag-arnaud-demare","tag-cestna-cyklistika","tag-chris-froome","tag-fabio-aru","tag-geraint-thomas","tag-mark-cavendish","tag-peter-sagan","tag-simon-yates","tag-tour-de-france","tag-tour-de-france-2017"],"yoast_head":"<!-- This site is optimized with the Yoast SEO Premium plugin v25.3 (Yoast SEO v25.9) - https:\/\/yoast.com\/wordpress\/plugins\/seo\/ -->\n<title>Tour de France \u2013 stru\u010dn\u00fd preh\u013ead po&nbsp;\u0161iestich etap\u00e1ch - \u0160koda We Love Cycling Slovensko<\/title>\n<meta name=\"robots\" content=\"index, follow, max-snippet:-1, max-image-preview:large, max-video-preview:-1\" \/>\n<link rel=\"canonical\" href=\"https:\/\/www.welovecycling.com\/sk\/2017\/07\/07\/tour-de-france-strucny-prehlad-6-etapach\/\" \/>\n<meta property=\"og:locale\" content=\"sk_SK\" \/>\n<meta property=\"og:type\" content=\"article\" \/>\n<meta property=\"og:title\" content=\"Tour de France \u2013 stru\u010dn\u00fd preh\u013ead po&nbsp;\u0161iestich etap\u00e1ch\" \/>\n<meta property=\"og:description\" content=\"Za sebou m\u00e1me pomerne \u201ehektick\u00fdch\u201c 6 et\u00e1p, kde nech\u00fdbali tvrd\u00e9 s\u00faboje, p\u00e1dy, ale aj kontroverzn\u00e9 rozhodnutia.\" \/>\n<meta property=\"og:url\" content=\"https:\/\/www.welovecycling.com\/sk\/2017\/07\/07\/tour-de-france-strucny-prehlad-6-etapach\/\" \/>\n<meta property=\"og:site_name\" content=\"\u0160koda We Love Cycling Slovensko\" \/>\n<meta property=\"article:published_time\" content=\"2017-07-07T10:34:07+00:00\" \/>\n<meta property=\"article:modified_time\" content=\"2017-12-18T12:11:27+00:00\" \/>\n<meta property=\"og:image\" content=\"https:\/\/d2p6e6u75xmxt8.cloudfront.net\/4\/2017\/07\/profimedia-0295025648-cover.webp\" \/>\n\t<meta property=\"og:image:width\" content=\"1800\" \/>\n\t<meta property=\"og:image:height\" content=\"785\" \/>\n\t<meta property=\"og:image:type\" content=\"image\/webp\" \/>\n<meta name=\"author\" content=\"Ondrej Ga\u0161par\" \/>\n<meta name=\"twitter:card\" content=\"summary_large_image\" \/>\n<meta name=\"twitter:label1\" content=\"Written by\" \/>\n\t<meta name=\"twitter:data1\" content=\"Martin Imrich\" \/>\n\t<meta name=\"twitter:label2\" content=\"Est. reading time\" \/>\n\t<meta name=\"twitter:data2\" content=\"5 minutes\" \/>\n<script type=\"application\/ld+json\" class=\"yoast-schema-graph\">{\"@context\":\"https:\/\/schema.org\",\"@graph\":[{\"@type\":\"WebPage\",\"@id\":\"https:\/\/www.welovecycling.com\/sk\/2017\/07\/07\/tour-de-france-strucny-prehlad-6-etapach\/\",\"url\":\"https:\/\/www.welovecycling.com\/sk\/2017\/07\/07\/tour-de-france-strucny-prehlad-6-etapach\/\",\"name\":\"Tour de France \u2013 stru\u010dn\u00fd preh\u013ead po&nbsp;\u0161iestich etap\u00e1ch - \u0160koda We Love Cycling Slovensko\",\"isPartOf\":{\"@id\":\"https:\/\/www.welovecycling.com\/sk\/#website\"},\"primaryImageOfPage\":{\"@id\":\"https:\/\/www.welovecycling.com\/sk\/2017\/07\/07\/tour-de-france-strucny-prehlad-6-etapach\/#primaryimage\"},\"image\":{\"@id\":\"https:\/\/www.welovecycling.com\/sk\/2017\/07\/07\/tour-de-france-strucny-prehlad-6-etapach\/#primaryimage\"},\"thumbnailUrl\":\"https:\/\/d2p6e6u75xmxt8.cloudfront.net\/4\/2017\/07\/profimedia-0295025648-cover.webp\",\"datePublished\":\"2017-07-07T10:34:07+00:00\",\"dateModified\":\"2017-12-18T12:11:27+00:00\",\"author\":{\"@id\":\"https:\/\/www.welovecycling.com\/sk\/#\/schema\/person\/8ee09ba39b7e25b1870160aa5b3a89bc\"},\"breadcrumb\":{\"@id\":\"https:\/\/www.welovecycling.com\/sk\/2017\/07\/07\/tour-de-france-strucny-prehlad-6-etapach\/#breadcrumb\"},\"inLanguage\":\"sk-SK\",\"potentialAction\":[{\"@type\":\"ReadAction\",\"target\":[\"https:\/\/www.welovecycling.com\/sk\/2017\/07\/07\/tour-de-france-strucny-prehlad-6-etapach\/\"]}]},{\"@type\":\"ImageObject\",\"inLanguage\":\"sk-SK\",\"@id\":\"https:\/\/www.welovecycling.com\/sk\/2017\/07\/07\/tour-de-france-strucny-prehlad-6-etapach\/#primaryimage\",\"url\":\"https:\/\/d2p6e6u75xmxt8.cloudfront.net\/4\/2017\/07\/profimedia-0295025648-cover.webp\",\"contentUrl\":\"https:\/\/d2p6e6u75xmxt8.cloudfront.net\/4\/2017\/07\/profimedia-0295025648-cover.webp\",\"width\":1800,\"height\":785},{\"@type\":\"BreadcrumbList\",\"@id\":\"https:\/\/www.welovecycling.com\/sk\/2017\/07\/07\/tour-de-france-strucny-prehlad-6-etapach\/#breadcrumb\",\"itemListElement\":[{\"@type\":\"ListItem\",\"position\":1,\"name\":\"Home\",\"item\":\"https:\/\/www.welovecycling.com\/sk\/\"},{\"@type\":\"ListItem\",\"position\":2,\"name\":\"Tour de France \u2013 stru\u010dn\u00fd preh\u013ead po&nbsp;\u0161iestich etap\u00e1ch\"}]},{\"@type\":\"WebSite\",\"@id\":\"https:\/\/www.welovecycling.com\/sk\/#website\",\"url\":\"https:\/\/www.welovecycling.com\/sk\/\",\"name\":\"\u0160koda We Love Cycling Slovensko\",\"description\":\"\u0160koda We Love Cycling Slovensko je v\u00e1\u0161 ka\u017edodenn\u00fd zdroj noviniek a in\u0161pir\u00e1cie z sveta cyklistiky\",\"potentialAction\":[{\"@type\":\"SearchAction\",\"target\":{\"@type\":\"EntryPoint\",\"urlTemplate\":\"https:\/\/www.welovecycling.com\/sk\/?s={search_term_string}\"},\"query-input\":{\"@type\":\"PropertyValueSpecification\",\"valueRequired\":true,\"valueName\":\"search_term_string\"}}],\"inLanguage\":\"sk-SK\"},{\"@type\":\"Person\",\"@id\":\"https:\/\/www.welovecycling.com\/sk\/#\/schema\/person\/8ee09ba39b7e25b1870160aa5b3a89bc\",\"name\":\"Ondrej Ga\u0161par\",\"image\":{\"@type\":\"ImageObject\",\"inLanguage\":\"sk-SK\",\"@id\":\"https:\/\/www.welovecycling.com\/sk\/#\/schema\/person\/image\/\",\"url\":\"https:\/\/secure.gravatar.com\/avatar\/6126c9afb87b70da5abbb083ddbb21933da15f18f8ca7cb822aba0fb096a48f6?s=96&d=mm&r=g\",\"contentUrl\":\"https:\/\/secure.gravatar.com\/avatar\/6126c9afb87b70da5abbb083ddbb21933da15f18f8ca7cb822aba0fb096a48f6?s=96&d=mm&r=g\",\"caption\":\"Ondrej Ga\u0161par\"},\"url\":\"https:\/\/www.welovecycling.com\/sk\/author\/ondrejgaspar\/\"}]}<\/script>\n<!-- \/ Yoast SEO Premium plugin. -->","yoast_head_json":{"title":"Tour de France \u2013 stru\u010dn\u00fd preh\u013ead po&nbsp;\u0161iestich etap\u00e1ch - \u0160koda We Love Cycling Slovensko","robots":{"index":"index","follow":"follow","max-snippet":"max-snippet:-1","max-image-preview":"max-image-preview:large","max-video-preview":"max-video-preview:-1"},"canonical":"https:\/\/www.welovecycling.com\/sk\/2017\/07\/07\/tour-de-france-strucny-prehlad-6-etapach\/","og_locale":"sk_SK","og_type":"article","og_title":"Tour de France \u2013 stru\u010dn\u00fd preh\u013ead po&nbsp;\u0161iestich etap\u00e1ch","og_description":"Za sebou m\u00e1me pomerne \u201ehektick\u00fdch\u201c 6 et\u00e1p, kde nech\u00fdbali tvrd\u00e9 s\u00faboje, p\u00e1dy, ale aj kontroverzn\u00e9 rozhodnutia.","og_url":"https:\/\/www.welovecycling.com\/sk\/2017\/07\/07\/tour-de-france-strucny-prehlad-6-etapach\/","og_site_name":"\u0160koda We Love Cycling Slovensko","article_published_time":"2017-07-07T10:34:07+00:00","article_modified_time":"2017-12-18T12:11:27+00:00","og_image":[{"width":1800,"height":785,"url":"https:\/\/d2p6e6u75xmxt8.cloudfront.net\/4\/2017\/07\/profimedia-0295025648-cover.webp","type":"image\/webp"}],"author":"Ondrej Ga\u0161par","twitter_card":"summary_large_image","twitter_misc":{"Written by":"Martin Imrich","Est. reading time":"5 minutes"},"schema":{"@context":"https:\/\/schema.org","@graph":[{"@type":"WebPage","@id":"https:\/\/www.welovecycling.com\/sk\/2017\/07\/07\/tour-de-france-strucny-prehlad-6-etapach\/","url":"https:\/\/www.welovecycling.com\/sk\/2017\/07\/07\/tour-de-france-strucny-prehlad-6-etapach\/","name":"Tour de France \u2013 stru\u010dn\u00fd preh\u013ead po&nbsp;\u0161iestich etap\u00e1ch - \u0160koda We Love Cycling Slovensko","isPartOf":{"@id":"https:\/\/www.welovecycling.com\/sk\/#website"},"primaryImageOfPage":{"@id":"https:\/\/www.welovecycling.com\/sk\/2017\/07\/07\/tour-de-france-strucny-prehlad-6-etapach\/#primaryimage"},"image":{"@id":"https:\/\/www.welovecycling.com\/sk\/2017\/07\/07\/tour-de-france-strucny-prehlad-6-etapach\/#primaryimage"},"thumbnailUrl":"https:\/\/d2p6e6u75xmxt8.cloudfront.net\/4\/2017\/07\/profimedia-0295025648-cover.webp","datePublished":"2017-07-07T10:34:07+00:00","dateModified":"2017-12-18T12:11:27+00:00","author":{"@id":"https:\/\/www.welovecycling.com\/sk\/#\/schema\/person\/8ee09ba39b7e25b1870160aa5b3a89bc"},"breadcrumb":{"@id":"https:\/\/www.welovecycling.com\/sk\/2017\/07\/07\/tour-de-france-strucny-prehlad-6-etapach\/#breadcrumb"},"inLanguage":"sk-SK","potentialAction":[{"@type":"ReadAction","target":["https:\/\/www.welovecycling.com\/sk\/2017\/07\/07\/tour-de-france-strucny-prehlad-6-etapach\/"]}]},{"@type":"ImageObject","inLanguage":"sk-SK","@id":"https:\/\/www.welovecycling.com\/sk\/2017\/07\/07\/tour-de-france-strucny-prehlad-6-etapach\/#primaryimage","url":"https:\/\/d2p6e6u75xmxt8.cloudfront.net\/4\/2017\/07\/profimedia-0295025648-cover.webp","contentUrl":"https:\/\/d2p6e6u75xmxt8.cloudfront.net\/4\/2017\/07\/profimedia-0295025648-cover.webp","width":1800,"height":785},{"@type":"BreadcrumbList","@id":"https:\/\/www.welovecycling.com\/sk\/2017\/07\/07\/tour-de-france-strucny-prehlad-6-etapach\/#breadcrumb","itemListElement":[{"@type":"ListItem","position":1,"name":"Home","item":"https:\/\/www.welovecycling.com\/sk\/"},{"@type":"ListItem","position":2,"name":"Tour de France \u2013 stru\u010dn\u00fd preh\u013ead po&nbsp;\u0161iestich etap\u00e1ch"}]},{"@type":"WebSite","@id":"https:\/\/www.welovecycling.com\/sk\/#website","url":"https:\/\/www.welovecycling.com\/sk\/","name":"\u0160koda We Love Cycling Slovensko","description":"\u0160koda We Love Cycling Slovensko je v\u00e1\u0161 ka\u017edodenn\u00fd zdroj noviniek a in\u0161pir\u00e1cie z sveta cyklistiky","potentialAction":[{"@type":"SearchAction","target":{"@type":"EntryPoint","urlTemplate":"https:\/\/www.welovecycling.com\/sk\/?s={search_term_string}"},"query-input":{"@type":"PropertyValueSpecification","valueRequired":true,"valueName":"search_term_string"}}],"inLanguage":"sk-SK"},{"@type":"Person","@id":"https:\/\/www.welovecycling.com\/sk\/#\/schema\/person\/8ee09ba39b7e25b1870160aa5b3a89bc","name":"Ondrej Ga\u0161par","image":{"@type":"ImageObject","inLanguage":"sk-SK","@id":"https:\/\/www.welovecycling.com\/sk\/#\/schema\/person\/image\/","url":"https:\/\/secure.gravatar.com\/avatar\/6126c9afb87b70da5abbb083ddbb21933da15f18f8ca7cb822aba0fb096a48f6?s=96&d=mm&r=g","contentUrl":"https:\/\/secure.gravatar.com\/avatar\/6126c9afb87b70da5abbb083ddbb21933da15f18f8ca7cb822aba0fb096a48f6?s=96&d=mm&r=g","caption":"Ondrej Ga\u0161par"},"url":"https:\/\/www.welovecycling.com\/sk\/author\/ondrejgaspar\/"}]}},"_links":{"self":[{"href":"https:\/\/www.welovecycling.com\/sk\/wp-json\/wp\/v2\/posts\/1509","targetHints":{"allow":["GET"]}}],"collection":[{"href":"https:\/\/www.welovecycling.com\/sk\/wp-json\/wp\/v2\/posts"}],"about":[{"href":"https:\/\/www.welovecycling.com\/sk\/wp-json\/wp\/v2\/types\/post"}],"author":[{"embeddable":true,"href":"https:\/\/www.welovecycling.com\/sk\/wp-json\/wp\/v2\/users\/38"}],"replies":[{"embeddable":true,"href":"https:\/\/www.welovecycling.com\/sk\/wp-json\/wp\/v2\/comments?post=1509"}],"version-history":[{"count":2,"href":"https:\/\/www.welovecycling.com\/sk\/wp-json\/wp\/v2\/posts\/1509\/revisions"}],"predecessor-version":[{"id":1526,"href":"https:\/\/www.welovecycling.com\/sk\/wp-json\/wp\/v2\/posts\/1509\/revisions\/1526"}],"wp:featuredmedia":[{"embeddable":true,"href":"https:\/\/www.welovecycling.com\/sk\/wp-json\/wp\/v2\/media\/1530"}],"wp:attachment":[{"href":"https:\/\/www.welovecycling.com\/sk\/wp-json\/wp\/v2\/media?parent=1509"}],"wp:term":[{"taxonomy":"category","embeddable":true,"href":"https:\/\/www.welovecycling.com\/sk\/wp-json\/wp\/v2\/categories?post=1509"},{"taxonomy":"post_tag","embeddable":true,"href":"https:\/\/www.welovecycling.com\/sk\/wp-json\/wp\/v2\/tags?post=1509"},{"taxonomy":"global-categories","embeddable":true,"href":"https:\/\/www.welovecycling.com\/sk\/wp-json\/wp\/v2\/global-categories?post=1509"}],"curies":[{"name":"wp","href":"https:\/\/api.w.org\/{rel}","templated":true}]}}