{"id":15087,"date":"2022-08-16T11:11:13","date_gmt":"2022-08-16T09:11:13","guid":{"rendered":"https:\/\/www.welovecycling.com\/sk\/?p=15087"},"modified":"2022-09-29T12:57:44","modified_gmt":"2022-09-29T10:57:44","slug":"la-vuelta-2022-tento-rok-v-znameni-svetoveho-rekordu","status":"publish","type":"post","link":"https:\/\/www.welovecycling.com\/sk\/2022\/08\/16\/la-vuelta-2022-tento-rok-v-znameni-svetoveho-rekordu\/","title":{"rendered":"La Vuelta 2022 \u2013 tento rok v\u00a0znamen\u00ed svetov\u00e9ho rekordu"},"content":{"rendered":"<p><strong>Sez\u00f3na ve\u013ek\u00fdch cyklistick\u00fdch pretekov sa bl\u00ed\u017ei ku koncu a\u00a0osl\u00e1vi\u0165 ju m\u00f4\u017eete sledovan\u00edm \u0161panielskej La Vuelty, kde je z\u00e1ruka nap\u00e4tia, dramatick\u00fdch zvratov, ale aj skvel\u00fdch \u0161portov\u00fdch z\u00e1\u017eitkov. Do poslednej chv\u00edle cyklistick\u00fd svet \u010dakal, \u010di svoju \u00fa\u010das\u0165 potvrd\u00ed aj Primo\u017e Rogli\u010d, ktor\u00fd sa zranil na Tour de France. Zd\u00e1 sa, \u017ee ani ned\u00e1vno vyk\u013aben\u00e9 rameno mu nezabr\u00e1ni, aby sa pok\u00fasil o\u00a0svetov\u00fd rekord &#8211; vyhra\u0165 La Vueltu \u0161tyrikr\u00e1t za sebou. Po \u00faspe\u0161n\u00fdch rokoch 2019, 2020 a\u00a02021 m\u00e1 t\u00fato jedine\u010dn\u00fa mo\u017enos\u0165 pr\u00e1ve tento rok a\u00a0v\u0161etci bud\u00fa s\u00a0nap\u00e4t\u00edm sledova\u0165, \u010di sa mu to podar\u00ed.<\/strong><!--more--><\/p>\n<h2><strong>Vznikla v\u010faka novin\u00e1m<\/strong><\/h2>\n<p>La Vuelta je najmlad\u0161ou z\u00a0trojice pretekov aj napriek tomu, \u017ee prv\u00fd ro\u010dn\u00edk sa konal v\u00a0roku 1935. Je to neuverite\u013en\u00e9 ale Tour de France a\u00a0Giro d\u00b4Italia vznikli u\u017e po\u010das prv\u00fdch rokov 20. storo\u010dia. <strong>V\u0161etky tri Tour v\u0161ak maj\u00fa jedno spolo\u010dn\u00e9 a\u00a0to, \u017ee vznikli ako propaga\u010dn\u00e9 akcie vydavate\u013eov na podporu svojich nov\u00edn.<\/strong> Je \u00fa\u017easn\u00e9 sledova\u0165, \u010do z\u00a0takejto propaga\u010dnej akcie nakoniec vzi\u0161lo.<\/p>\n<lite-youtube videoid=237kOYimHKs params=\"enablejsapi=1\" style=\"background-image: url('https:\/\/i.ytimg.com\/vi_webp\/237kOYimHKs\/maxresdefault.webp');\"><\/lite-youtube>\n<h2><strong>\u0160tartuje sa v Holandsku<\/strong><\/h2>\n<p>V\u0161etko sa za\u010dne u\u017e tento piatok 19. augusta a skon\u010d\u00ed v nede\u013eu 11. septembra. <strong>\u0160tart bude v Utrechte v\u00a0Holandsku a\u00a0kon\u010di\u0165 sa bude v\u00a0Madride &#8211; hlavnom meste \u0161portu v roku 2022.<\/strong> Po\u010das celej hist\u00f3rie sa \u0161tartovalo mimo \u0160panielska len \u0161tyrikr\u00e1t.<\/p>\n<p>Aj tento rok sa teda bude bojova\u0165 na ka\u017edej etape o \u010derven\u00fd dres. Po\u010das 21 et\u00e1p po prv\u00fd raz vo svojej hist\u00f3rii pokryje v\u0161etk\u00fdch osem andal\u00fazskych provinci\u00ed. <strong>Nebude ch\u00fdba\u0165 dev\u00e4\u0165 horsk\u00fdch pr\u00e9mi\u00ed, z ktor\u00fdch p\u00e4\u0165 bude tento rok \u00faplne nov\u00fdch.<\/strong> Okrem toho jazdcov \u010dakaj\u00fa dve \u010dasovky, sedem horsk\u00fdch et\u00e1p, \u0161es\u0165 rovinat\u00fdch et\u00e1p a navy\u0161e dve rovinat\u00e9 etapy s horsk\u00fdm fin\u00e1le.<\/p>\n<p>https:\/\/www.instagram.com\/p\/CXjgORltxtR\/?utm_source=ig_web_copy_link <\/p>\n<h2><strong>T\u00edmy a jazdci<\/strong><\/h2>\n<p>Celkovo uvid\u00edme na \u0161tarte 23 t\u00edmov, ktor\u00e9 bud\u00fa s\u00fa\u0165a\u017ei\u0165 o\u00a0d\u00f4le\u017eit\u00e9 body. Hovor\u00ed sa o\u00a0troch t\u00edmoch, ktor\u00e9 by mohli ovl\u00e1dnu\u0165 tohtoro\u010dn\u00e9 preteky a\u00a0to o Ineos Grenadiers, ktor\u00ed v\u00a0t\u00edmovej klasifik\u00e1cii zv\u00ed\u0165azili na Tour de France. Druh\u00fdm favoritom je Jumbo Visma, ale napriek tomu, \u017ee ich t\u00edm je papierovo ve\u013emi siln\u00fd, pravdepodobne nebud\u00fa schopn\u00ed kontrolova\u0165 pelot\u00f3n a\u00a0dos\u0165 ve\u013ea hlasov sa oz\u00fdva, \u017ee tento rok by mohli ovl\u00e1dnu\u0165 La Vueltu jazdci z Bora Hansgrohe.<\/p>\n<p><strong>V \u0161tartovnej listine pre rok 2022 je ve\u013ea b\u00fdval\u00fdch \u0161ampi\u00f3nov Vuelty, Nibali, Valverde, Yates, Rogli\u010d, Quintana a\u00a0Froome, tak uvid\u00edme, ako sa im bude tento rok dari\u0165.<\/strong> Ve\u013ek\u00e9 o\u010dak\u00e1vania m\u00e1 aj Remco Evenepoel, ktor\u00fd po v\u00ed\u0165azstve na klasike v\u00a0San Sebastiane vyhl\u00e1sil, \u017ee teraz u\u017e m\u00f4\u017ee \u00eds\u0165 na Vueltu s\u00a0ve\u013ek\u00fdm sebavedom\u00edm.<\/p>\n<p>https:\/\/www.instagram.com\/p\/CgpL-fRszgf\/?utm_source=ig_web_copy_link<\/p>\n<h2><strong>Ekologick\u00e9 rie\u0161enie<\/strong><\/h2>\n<p>Zauj\u00edmavos\u0165ou je, \u017ee La Vuelta od minul\u00e9ho roka ako prv\u00e1 z Grand Tour, implementovala rie\u0161enie na elimin\u00e1ciu plastov\u00e9ho odpadu v s\u00favislosti s pitnou vodou. <strong>Spolo\u010dnos\u0165 Aquaservice tento rok prich\u00e1dza s opakovane pou\u017eite\u013en\u00fdm poh\u00e1rom \u201eECOCUP\u201c, ktor\u00fd zabr\u00e1ni pou\u017eitiu viac ako 40 000 jednorazov\u00fdch n\u00e1dob.<\/strong><\/p>\n<div class=\"shortcode-ys-post-pinup\"><article class=\"loop-simple post-14858 post type-post status-publish format-standard has-post-thumbnail hentry category-cestna-cyklisitika category-letape-slovakia tag-akcia tag-bratislava tag-cestna-cyklistika tag-cyklistika tag-etapa tag-etapove-preteky tag-jazda tag-jazda-v-pelotone tag-letape-slovakia tag-letape-slovakia-by-tour-de-france tag-male-karpaty tag-peloton tag-preteky tag-sezona-2022 tag-skoda tag-skoda-auto tag-skoda-tim tag-slovensko tag-trat tag-zabava global-categories-cycling\" data-postid=\"14858\" role=\"article\" data-post-id=\"14858\" data-word-count=\"240\" data-headline-length=\"95\" data-category=\"Cestn\u00e1 cyklistika\" data-global-category=\"Cycling\" data-author=\"WeLoveCycling\" data-published=\"2022-07-15T10:00:18+02:00\" data-published-day=\"Friday\">\n    <div class=\"entry-thumbnail article-thumbnail\" content=\"https:\/\/d2p6e6u75xmxt8.cloudfront.net\/4\/2022\/07\/LEtape_00-150x150.webp\"><a href=\"https:\/\/www.welovecycling.com\/sk\/2022\/07\/15\/pozvanka-letape-2022-na-slovensku-zazitok-z-jazdy-v-pelotone-ako-na-tour-de-france\/\" class=\"image-holder\" target=\"_self\"><img decoding=\"async\" loading=\"lazy\" class=\"\" src=\"https:\/\/d2p6e6u75xmxt8.cloudfront.net\/4\/2022\/07\/LEtape_00.webp\" srcset=\"https:\/\/d2p6e6u75xmxt8.cloudfront.net\/4\/2022\/07\/LEtape_00.webp 990w, https:\/\/d2p6e6u75xmxt8.cloudfront.net\/4\/2022\/07\/LEtape_00-300x200.webp 300w, https:\/\/d2p6e6u75xmxt8.cloudfront.net\/4\/2022\/07\/LEtape_00-768x512.webp 768w, https:\/\/d2p6e6u75xmxt8.cloudfront.net\/4\/2022\/07\/LEtape_00-272x182.webp 272w\" width=\"990\" height=\"660\" sizes=\"auto, (min-width: 1200px) 300px, (min-width: 768px) 25vw, 100vw\" alt=\"pozvanka-letape-2022-na-slovensku-zazitok-z-jazdy-v-pelotone-ako-na-tour-de-france\"\/><\/a><\/div>    <div class=\"entry-meta\">\n        <a class=\"label label-secondary post-category\" href=\"https:\/\/www.welovecycling.com\/sk\/category\/cestna-cyklisitika\/\" title=\"Cestn\u00e1 cyklistika\">Cestn\u00e1 cyklistika<\/a>\n    <\/div>\n    <div class=\"entry-details\">\n        <a href=\"https:\/\/www.welovecycling.com\/sk\/2022\/07\/15\/pozvanka-letape-2022-na-slovensku-zazitok-z-jazdy-v-pelotone-ako-na-tour-de-france\/\" class='entry-title-wrapper'>\n            <h3 class=\"entry-title\"><span>Pozv\u00e1nka: L\u2019Etape 2022 na Slovensku \u2013 z\u00e1\u017eitok z jazdy v\u00a0pelot\u00f3ne ako na Tour de France<\/span><\/h3>\n        <\/a>\n    <\/div>\n    <\/article>\n<\/div>\n<p>Tohtoro\u010dn\u00e1 La Vuelta sa bude teda nies\u0165 v\u00a0znamen\u00ed svetov\u00e9ho rekordu, o\u00a0ktor\u00fd sa pok\u00fasi Primo\u017e Rogli\u010d aj v\u00a0r\u00e1mci svojho hesla &#8211; <em>\u201eNo risk, no glory.\u201c<\/em> Budeme mu dr\u017ea\u0165 palce a\u00a0aj v\u010faka tomu bude tento rok La Vuelta o\u00a0nie\u010do nap\u00ednavej\u0161ia.<\/p>\n<p>Tituln\u00e1 fotografia: pexels.com<\/p>\n","protected":false},"excerpt":{"rendered":"<p>Sez\u00f3na ve\u013ek\u00fdch cyklistick\u00fdch pretekov sa bl\u00ed\u017ei ku koncu a\u00a0osl\u00e1vi\u0165 ju m\u00f4\u017eete sledovan\u00edm \u0161panielskej La Vuelty, kde je z\u00e1ruka nap\u00e4tia, dramatick\u00fdch [&hellip;]<\/p>\n","protected":false},"author":170,"featured_media":15092,"comment_status":"open","ping_status":"open","sticky":false,"template":"","format":"standard","meta":{"footnotes":""},"categories":[63,217],"tags":[160,227,115,119,1443,961,331,1057,890,116,179,170,885,251,177,1092,556,197,1536,1535,219],"global-categories":[1074],"class_list":["post-15087","post","type-post","status-publish","format-standard","has-post-thumbnail","hentry","category-grand-tour","category-vuelta-a-espana","tag-bora-hansgrohe","tag-casovka","tag-cestna-cyklistika","tag-chris-froome","tag-ekologia","tag-etapa","tag-etapove-preteky","tag-holandsko","tag-jazdec","tag-nairo-quintana","tag-preteky","tag-primoz-roglic","tag-profesional","tag-spanielsko","tag-taktika-timu","tag-team-jumbo-visma","tag-tim","tag-vincenzo-nibali","tag-vuelta","tag-vuelta-2022","tag-vuelta-a-espana","global-categories-cycling"],"yoast_head":"<!-- This site is optimized with the Yoast SEO Premium plugin v25.3 (Yoast SEO v25.9) - https:\/\/yoast.com\/wordpress\/plugins\/seo\/ -->\n<title>La Vuelta 2022 \u2013 tento rok v\u00a0znamen\u00ed svetov\u00e9ho rekordu - \u0160koda We Love Cycling Slovensko<\/title>\n<meta name=\"description\" content=\"Sez\u00f3na ve\u013ek\u00fdch cyklistick\u00fdch pretekov sa bl\u00ed\u017ei ku koncu a\u00a0osl\u00e1vi\u0165 ju m\u00f4\u017eete sledovan\u00edm \u0161panielsk\u00fdch pretekov La Vuelta 2022.\" \/>\n<meta name=\"robots\" content=\"index, follow, max-snippet:-1, max-image-preview:large, max-video-preview:-1\" \/>\n<link rel=\"canonical\" href=\"https:\/\/www.welovecycling.com\/sk\/2022\/08\/16\/la-vuelta-2022-tento-rok-v-znameni-svetoveho-rekordu\/\" \/>\n<meta property=\"og:locale\" content=\"sk_SK\" \/>\n<meta property=\"og:type\" content=\"article\" \/>\n<meta property=\"og:title\" content=\"La Vuelta 2022 \u2013 tento rok v\u00a0znamen\u00ed svetov\u00e9ho rekordu\" \/>\n<meta property=\"og:description\" content=\"Sez\u00f3na ve\u013ek\u00fdch cyklistick\u00fdch pretekov sa bl\u00ed\u017ei ku koncu a\u00a0osl\u00e1vi\u0165 ju m\u00f4\u017eete sledovan\u00edm \u0161panielsk\u00fdch pretekov La Vuelta 2022.\" \/>\n<meta property=\"og:url\" content=\"https:\/\/www.welovecycling.com\/sk\/2022\/08\/16\/la-vuelta-2022-tento-rok-v-znameni-svetoveho-rekordu\/\" \/>\n<meta property=\"og:site_name\" content=\"\u0160koda We Love Cycling Slovensko\" \/>\n<meta property=\"article:published_time\" content=\"2022-08-16T09:11:13+00:00\" \/>\n<meta property=\"article:modified_time\" content=\"2022-09-29T10:57:44+00:00\" \/>\n<meta property=\"og:image\" content=\"https:\/\/d2p6e6u75xmxt8.cloudfront.net\/4\/2022\/08\/Vuelta_00.webp\" \/>\n\t<meta property=\"og:image:width\" content=\"990\" \/>\n\t<meta property=\"og:image:height\" content=\"660\" \/>\n\t<meta property=\"og:image:type\" content=\"image\/webp\" \/>\n<meta name=\"author\" content=\"miksakova\" \/>\n<meta name=\"twitter:card\" content=\"summary_large_image\" \/>\n<meta name=\"twitter:label1\" content=\"Written by\" \/>\n\t<meta name=\"twitter:data1\" content=\"WeLoveCycling\" \/>\n\t<meta name=\"twitter:label2\" content=\"Est. reading time\" \/>\n\t<meta name=\"twitter:data2\" content=\"3\" \/>\n<script type=\"application\/ld+json\" class=\"yoast-schema-graph\">{\"@context\":\"https:\/\/schema.org\",\"@graph\":[{\"@type\":\"WebPage\",\"@id\":\"https:\/\/www.welovecycling.com\/sk\/2022\/08\/16\/la-vuelta-2022-tento-rok-v-znameni-svetoveho-rekordu\/\",\"url\":\"https:\/\/www.welovecycling.com\/sk\/2022\/08\/16\/la-vuelta-2022-tento-rok-v-znameni-svetoveho-rekordu\/\",\"name\":\"La Vuelta 2022 \u2013 tento rok v\u00a0znamen\u00ed svetov\u00e9ho rekordu - \u0160koda We Love Cycling Slovensko\",\"isPartOf\":{\"@id\":\"https:\/\/www.welovecycling.com\/sk\/#website\"},\"primaryImageOfPage\":{\"@id\":\"https:\/\/www.welovecycling.com\/sk\/2022\/08\/16\/la-vuelta-2022-tento-rok-v-znameni-svetoveho-rekordu\/#primaryimage\"},\"image\":{\"@id\":\"https:\/\/www.welovecycling.com\/sk\/2022\/08\/16\/la-vuelta-2022-tento-rok-v-znameni-svetoveho-rekordu\/#primaryimage\"},\"thumbnailUrl\":\"https:\/\/d2p6e6u75xmxt8.cloudfront.net\/4\/2022\/08\/Vuelta_00.webp\",\"datePublished\":\"2022-08-16T09:11:13+00:00\",\"dateModified\":\"2022-09-29T10:57:44+00:00\",\"author\":{\"@id\":\"https:\/\/www.welovecycling.com\/sk\/#\/schema\/person\/c6ce5af9dceed219d84a07d2ffa2cad9\"},\"description\":\"Sez\u00f3na ve\u013ek\u00fdch cyklistick\u00fdch pretekov sa bl\u00ed\u017ei ku koncu a\u00a0osl\u00e1vi\u0165 ju m\u00f4\u017eete sledovan\u00edm \u0161panielsk\u00fdch pretekov La Vuelta 2022.\",\"breadcrumb\":{\"@id\":\"https:\/\/www.welovecycling.com\/sk\/2022\/08\/16\/la-vuelta-2022-tento-rok-v-znameni-svetoveho-rekordu\/#breadcrumb\"},\"inLanguage\":\"sk-SK\",\"potentialAction\":[{\"@type\":\"ReadAction\",\"target\":[\"https:\/\/www.welovecycling.com\/sk\/2022\/08\/16\/la-vuelta-2022-tento-rok-v-znameni-svetoveho-rekordu\/\"]}]},{\"@type\":\"ImageObject\",\"inLanguage\":\"sk-SK\",\"@id\":\"https:\/\/www.welovecycling.com\/sk\/2022\/08\/16\/la-vuelta-2022-tento-rok-v-znameni-svetoveho-rekordu\/#primaryimage\",\"url\":\"https:\/\/d2p6e6u75xmxt8.cloudfront.net\/4\/2022\/08\/Vuelta_00.webp\",\"contentUrl\":\"https:\/\/d2p6e6u75xmxt8.cloudfront.net\/4\/2022\/08\/Vuelta_00.webp\",\"width\":990,\"height\":660},{\"@type\":\"BreadcrumbList\",\"@id\":\"https:\/\/www.welovecycling.com\/sk\/2022\/08\/16\/la-vuelta-2022-tento-rok-v-znameni-svetoveho-rekordu\/#breadcrumb\",\"itemListElement\":[{\"@type\":\"ListItem\",\"position\":1,\"name\":\"Home\",\"item\":\"https:\/\/www.welovecycling.com\/sk\/\"},{\"@type\":\"ListItem\",\"position\":2,\"name\":\"La Vuelta 2022 \u2013 tento rok v\u00a0znamen\u00ed svetov\u00e9ho rekordu\"}]},{\"@type\":\"WebSite\",\"@id\":\"https:\/\/www.welovecycling.com\/sk\/#website\",\"url\":\"https:\/\/www.welovecycling.com\/sk\/\",\"name\":\"\u0160koda We Love Cycling Slovensko\",\"description\":\"\u0160koda We Love Cycling Slovensko je v\u00e1\u0161 ka\u017edodenn\u00fd zdroj noviniek a in\u0161pir\u00e1cie z sveta cyklistiky\",\"potentialAction\":[{\"@type\":\"SearchAction\",\"target\":{\"@type\":\"EntryPoint\",\"urlTemplate\":\"https:\/\/www.welovecycling.com\/sk\/?s={search_term_string}\"},\"query-input\":{\"@type\":\"PropertyValueSpecification\",\"valueRequired\":true,\"valueName\":\"search_term_string\"}}],\"inLanguage\":\"sk-SK\"},{\"@type\":\"Person\",\"@id\":\"https:\/\/www.welovecycling.com\/sk\/#\/schema\/person\/c6ce5af9dceed219d84a07d2ffa2cad9\",\"name\":\"miksakova\",\"image\":{\"@type\":\"ImageObject\",\"inLanguage\":\"sk-SK\",\"@id\":\"https:\/\/www.welovecycling.com\/sk\/#\/schema\/person\/image\/\",\"url\":\"https:\/\/secure.gravatar.com\/avatar\/3663fb8acb50de04150ea6f7afc1bc15aba80aad4bf92aee01bd38a79084eb7a?s=96&d=mm&r=g\",\"contentUrl\":\"https:\/\/secure.gravatar.com\/avatar\/3663fb8acb50de04150ea6f7afc1bc15aba80aad4bf92aee01bd38a79084eb7a?s=96&d=mm&r=g\",\"caption\":\"miksakova\"},\"url\":\"https:\/\/www.welovecycling.com\/sk\/author\/miksakova\/\"}]}<\/script>\n<!-- \/ Yoast SEO Premium plugin. -->","yoast_head_json":{"title":"La Vuelta 2022 \u2013 tento rok v\u00a0znamen\u00ed svetov\u00e9ho rekordu - \u0160koda We Love Cycling Slovensko","description":"Sez\u00f3na ve\u013ek\u00fdch cyklistick\u00fdch pretekov sa bl\u00ed\u017ei ku koncu a\u00a0osl\u00e1vi\u0165 ju m\u00f4\u017eete sledovan\u00edm \u0161panielsk\u00fdch pretekov La Vuelta 2022.","robots":{"index":"index","follow":"follow","max-snippet":"max-snippet:-1","max-image-preview":"max-image-preview:large","max-video-preview":"max-video-preview:-1"},"canonical":"https:\/\/www.welovecycling.com\/sk\/2022\/08\/16\/la-vuelta-2022-tento-rok-v-znameni-svetoveho-rekordu\/","og_locale":"sk_SK","og_type":"article","og_title":"La Vuelta 2022 \u2013 tento rok v\u00a0znamen\u00ed svetov\u00e9ho rekordu","og_description":"Sez\u00f3na ve\u013ek\u00fdch cyklistick\u00fdch pretekov sa bl\u00ed\u017ei ku koncu a\u00a0osl\u00e1vi\u0165 ju m\u00f4\u017eete sledovan\u00edm \u0161panielsk\u00fdch pretekov La Vuelta 2022.","og_url":"https:\/\/www.welovecycling.com\/sk\/2022\/08\/16\/la-vuelta-2022-tento-rok-v-znameni-svetoveho-rekordu\/","og_site_name":"\u0160koda We Love Cycling Slovensko","article_published_time":"2022-08-16T09:11:13+00:00","article_modified_time":"2022-09-29T10:57:44+00:00","og_image":[{"width":990,"height":660,"url":"https:\/\/d2p6e6u75xmxt8.cloudfront.net\/4\/2022\/08\/Vuelta_00.webp","type":"image\/webp"}],"author":"miksakova","twitter_card":"summary_large_image","twitter_misc":{"Written by":"WeLoveCycling","Est. reading time":"3"},"schema":{"@context":"https:\/\/schema.org","@graph":[{"@type":"WebPage","@id":"https:\/\/www.welovecycling.com\/sk\/2022\/08\/16\/la-vuelta-2022-tento-rok-v-znameni-svetoveho-rekordu\/","url":"https:\/\/www.welovecycling.com\/sk\/2022\/08\/16\/la-vuelta-2022-tento-rok-v-znameni-svetoveho-rekordu\/","name":"La Vuelta 2022 \u2013 tento rok v\u00a0znamen\u00ed svetov\u00e9ho rekordu - \u0160koda We Love Cycling Slovensko","isPartOf":{"@id":"https:\/\/www.welovecycling.com\/sk\/#website"},"primaryImageOfPage":{"@id":"https:\/\/www.welovecycling.com\/sk\/2022\/08\/16\/la-vuelta-2022-tento-rok-v-znameni-svetoveho-rekordu\/#primaryimage"},"image":{"@id":"https:\/\/www.welovecycling.com\/sk\/2022\/08\/16\/la-vuelta-2022-tento-rok-v-znameni-svetoveho-rekordu\/#primaryimage"},"thumbnailUrl":"https:\/\/d2p6e6u75xmxt8.cloudfront.net\/4\/2022\/08\/Vuelta_00.webp","datePublished":"2022-08-16T09:11:13+00:00","dateModified":"2022-09-29T10:57:44+00:00","author":{"@id":"https:\/\/www.welovecycling.com\/sk\/#\/schema\/person\/c6ce5af9dceed219d84a07d2ffa2cad9"},"description":"Sez\u00f3na ve\u013ek\u00fdch cyklistick\u00fdch pretekov sa bl\u00ed\u017ei ku koncu a\u00a0osl\u00e1vi\u0165 ju m\u00f4\u017eete sledovan\u00edm \u0161panielsk\u00fdch pretekov La Vuelta 2022.","breadcrumb":{"@id":"https:\/\/www.welovecycling.com\/sk\/2022\/08\/16\/la-vuelta-2022-tento-rok-v-znameni-svetoveho-rekordu\/#breadcrumb"},"inLanguage":"sk-SK","potentialAction":[{"@type":"ReadAction","target":["https:\/\/www.welovecycling.com\/sk\/2022\/08\/16\/la-vuelta-2022-tento-rok-v-znameni-svetoveho-rekordu\/"]}]},{"@type":"ImageObject","inLanguage":"sk-SK","@id":"https:\/\/www.welovecycling.com\/sk\/2022\/08\/16\/la-vuelta-2022-tento-rok-v-znameni-svetoveho-rekordu\/#primaryimage","url":"https:\/\/d2p6e6u75xmxt8.cloudfront.net\/4\/2022\/08\/Vuelta_00.webp","contentUrl":"https:\/\/d2p6e6u75xmxt8.cloudfront.net\/4\/2022\/08\/Vuelta_00.webp","width":990,"height":660},{"@type":"BreadcrumbList","@id":"https:\/\/www.welovecycling.com\/sk\/2022\/08\/16\/la-vuelta-2022-tento-rok-v-znameni-svetoveho-rekordu\/#breadcrumb","itemListElement":[{"@type":"ListItem","position":1,"name":"Home","item":"https:\/\/www.welovecycling.com\/sk\/"},{"@type":"ListItem","position":2,"name":"La Vuelta 2022 \u2013 tento rok v\u00a0znamen\u00ed svetov\u00e9ho rekordu"}]},{"@type":"WebSite","@id":"https:\/\/www.welovecycling.com\/sk\/#website","url":"https:\/\/www.welovecycling.com\/sk\/","name":"\u0160koda We Love Cycling Slovensko","description":"\u0160koda We Love Cycling Slovensko je v\u00e1\u0161 ka\u017edodenn\u00fd zdroj noviniek a in\u0161pir\u00e1cie z sveta cyklistiky","potentialAction":[{"@type":"SearchAction","target":{"@type":"EntryPoint","urlTemplate":"https:\/\/www.welovecycling.com\/sk\/?s={search_term_string}"},"query-input":{"@type":"PropertyValueSpecification","valueRequired":true,"valueName":"search_term_string"}}],"inLanguage":"sk-SK"},{"@type":"Person","@id":"https:\/\/www.welovecycling.com\/sk\/#\/schema\/person\/c6ce5af9dceed219d84a07d2ffa2cad9","name":"miksakova","image":{"@type":"ImageObject","inLanguage":"sk-SK","@id":"https:\/\/www.welovecycling.com\/sk\/#\/schema\/person\/image\/","url":"https:\/\/secure.gravatar.com\/avatar\/3663fb8acb50de04150ea6f7afc1bc15aba80aad4bf92aee01bd38a79084eb7a?s=96&d=mm&r=g","contentUrl":"https:\/\/secure.gravatar.com\/avatar\/3663fb8acb50de04150ea6f7afc1bc15aba80aad4bf92aee01bd38a79084eb7a?s=96&d=mm&r=g","caption":"miksakova"},"url":"https:\/\/www.welovecycling.com\/sk\/author\/miksakova\/"}]}},"_links":{"self":[{"href":"https:\/\/www.welovecycling.com\/sk\/wp-json\/wp\/v2\/posts\/15087","targetHints":{"allow":["GET"]}}],"collection":[{"href":"https:\/\/www.welovecycling.com\/sk\/wp-json\/wp\/v2\/posts"}],"about":[{"href":"https:\/\/www.welovecycling.com\/sk\/wp-json\/wp\/v2\/types\/post"}],"author":[{"embeddable":true,"href":"https:\/\/www.welovecycling.com\/sk\/wp-json\/wp\/v2\/users\/170"}],"replies":[{"embeddable":true,"href":"https:\/\/www.welovecycling.com\/sk\/wp-json\/wp\/v2\/comments?post=15087"}],"version-history":[{"count":2,"href":"https:\/\/www.welovecycling.com\/sk\/wp-json\/wp\/v2\/posts\/15087\/revisions"}],"predecessor-version":[{"id":15096,"href":"https:\/\/www.welovecycling.com\/sk\/wp-json\/wp\/v2\/posts\/15087\/revisions\/15096"}],"wp:featuredmedia":[{"embeddable":true,"href":"https:\/\/www.welovecycling.com\/sk\/wp-json\/wp\/v2\/media\/15092"}],"wp:attachment":[{"href":"https:\/\/www.welovecycling.com\/sk\/wp-json\/wp\/v2\/media?parent=15087"}],"wp:term":[{"taxonomy":"category","embeddable":true,"href":"https:\/\/www.welovecycling.com\/sk\/wp-json\/wp\/v2\/categories?post=15087"},{"taxonomy":"post_tag","embeddable":true,"href":"https:\/\/www.welovecycling.com\/sk\/wp-json\/wp\/v2\/tags?post=15087"},{"taxonomy":"global-categories","embeddable":true,"href":"https:\/\/www.welovecycling.com\/sk\/wp-json\/wp\/v2\/global-categories?post=15087"}],"curies":[{"name":"wp","href":"https:\/\/api.w.org\/{rel}","templated":true}]}}