{"id":15047,"date":"2022-08-10T09:00:12","date_gmt":"2022-08-10T07:00:12","guid":{"rendered":"https:\/\/www.welovecycling.com\/sk\/?p=15047"},"modified":"2022-09-29T12:57:46","modified_gmt":"2022-09-29T10:57:46","slug":"rozhovor-bratislavske-bohyne-miluju-leto-a-cyklistiku","status":"publish","type":"post","link":"https:\/\/www.welovecycling.com\/sk\/2022\/08\/10\/rozhovor-bratislavske-bohyne-miluju-leto-a-cyklistiku\/","title":{"rendered":"Rozhovor: Bratislavsk\u00e9 bohyne \u2013 miluj\u00fa leto a cyklistiku"},"content":{"rendered":"<p><strong>Vyr\u00e1\u017eaj\u00fa na spolo\u010dn\u00fa jazdu v\u017edy v jeden de\u0148 v t\u00fd\u017edni, \u010di pr\u0161\u00ed alebo f\u00faka vietor. Pod\u013ea ich vlastn\u00fdch slov \u201eka\u017ed\u00e1 \u017eena si zasl\u00fa\u017ei, aby sa o \u0148u starali ako o bohy\u0148u a \u0161port je pre n\u00e1s jeden zo sp\u00f4sobov, kde sa ako bohyne c\u00edtime\u201c. Rozpr\u00e1vali sme sa so Sa\u0161kou K\u00e1rnikovou a Janou \u0160kanderovou, ktor\u00e9 svoj\u00edm sp\u00f4sobom \u201eved\u00fa\u201c Bratislavsk\u00e9 bohyne.<\/strong><!--more--><\/p>\n<p><strong>Ako vznikol n\u00e1pad na Bratislavsk\u00e9 bohyne? Na Instagrame m\u00e1te prv\u00fa fotku od augusta 2020, je to aj rok vzniku?<\/strong><br \/>\n<em>Bratislavsk\u00e9 bohyne vznikli v\u00a0j\u00fali 2020, spolo\u010dnou jazdou zakladaj\u00facich \u010dleniek: Sa\u0161ky Karnikovej, Janky \u0160kanderovej, Janky Kvas\u0148\u00e1kovej, Katky Sivokovej, Moniky Hurbanovej, Ivety \u0160imunekovej, Tani\u010dky Vr\u0161anskej, pri\u010dom tento n\u00e1padit\u00fd n\u00e1zov Bratislavsk\u00e9 bohyne vymyslela Janka Kvas\u0148\u00e1kov\u00e1 &#8211; hovor\u00ed Sa\u0161ka.<\/em><\/p>\n<p><strong>M\u00e1te nejak\u00fa stabiln\u00fa \u010dlensk\u00fa z\u00e1klad\u0148u alebo sa st\u00e1le rozrast\u00e1te?<\/strong><br \/>\n<em>Stabiln\u00e1 z\u00e1klad\u0148a s\u00fa hore vymenovan\u00e9 \u010dlenky, ale za bohy\u0148u pova\u017eujeme ka\u017ed\u00fa, ktor\u00e1 s\u00a0nami tr\u00e1vi \u010das a\u00a0jazd\u00ed s\u00a0nami bez oh\u013eadu na v\u00fdkonnos\u0165, alebo odjazden\u00e9 kilometre. Ka\u017ed\u00e1, ktor\u00e1 sa ku n\u00e1m prid\u00e1, mus\u00ed ma\u0165 aspo\u0148 z\u00e1kladn\u00fa sk\u00fasenos\u0165 z\u00a0jazdy v\u00a0bal\u00edku a\u00a0nem\u00f4\u017ee by\u0165 \u00faplnou za\u010diato\u010dn\u00ed\u010dkou, \u010do sa t\u00fdka r\u00fdchlosti, preto\u017ee v\u00a0bal\u00edku jazd\u00edme cca 28 km\/h &#8211; dodala Janka.<\/em><\/p>\n<p><a href=\"https:\/\/d2p6e6u75xmxt8.cloudfront.net\/4\/2022\/08\/jazda.jpg\"><img loading=\"lazy\" decoding=\"async\" class=\"alignnone size-full wp-image-15052\" src=\"https:\/\/d2p6e6u75xmxt8.cloudfront.net\/4\/2022\/08\/jazda.jpg\" alt=\"\" width=\"990\" height=\"660\" \/><\/a><\/p>\n<p><strong>V\u00a0ned\u00e1vnej dobe ste na Instagram d\u00e1vali fotku z\u00a0v\u00fdjazdu o\u00a0\u0161iestej r\u00e1no. Je to be\u017en\u00fd tr\u00e9ningov\u00fd \u010das, alebo to bola sk\u00f4r v\u00fdnimka?<\/strong><br \/>\n<em>Smiech obe.\u00a0Bola to sk\u00f4r v\u00fdnimka, bola to prv\u00e1 jazda \u201eboh\u00fd\u0148\u201c o\u00a06:00 r\u00e1no. \u010eal\u0161iu organizujeme u\u017e tento \u0161tvrtok vzh\u013eadom na jej \u00faspech. My dve osobne nie sme rann\u00e9 typy.<\/em><\/p>\n<p><strong>Spolo\u010dn\u00e9 v\u00fdjazdy s\u00fa zn\u00e1me aj nepr\u00edjemn\u00fdmi defektami, ktor\u00e9 odstavia cel\u00fd pelot\u00f3n. Ako to vn\u00edmate, ako nepr\u00edjemn\u00fa nutnos\u0165 alebo ako v\u00edtan\u00fd d\u00f4vod na oddych, pokecanie a\u00a0spravenie p\u00e1r spolo\u010dn\u00fdch fotiek?<\/strong><br \/>\n<em>Nie je to nikdy pr\u00edjemn\u00e9 dosta\u0165 defekt. Sme rady, \u017ee n\u00e1m m\u00e1 kto pom\u00f4c\u0165 \u2013 n\u00e1\u0161 support Patrik. Je pravdou, ako spom\u00ednate, \u017ee odstav\u00edme cel\u00fd pelot\u00f3n, preto\u017ee ideou na\u0161ich j\u00e1zd je jazdenie v\u00a0spolo\u010dnom bal\u00edku. Nebudem tvrdi\u0165, \u017ee tak\u00e1to vyn\u00faten\u00e1 pauza nepadne vhod,\u00a0najm\u00e4 ke\u010f sa stane po dlh\u0161om st\u00fapan\u00ed, alebo dlh\u0161om r\u00fdchlej\u0161om \u0161liapan\u00ed \u2013 smeje sa Sa\u0161ka.<\/em><\/p>\n<p><strong>Minul\u00fd rok ste sa z\u00fa\u010dastnili pretekov L&#8217;Etape Slovakia by Tour de France a\u00a0pripravujete sa aj na aktu\u00e1lny ro\u010dn\u00edk. Na ak\u00fdch in\u00fdch pretekoch v\u00e1s e\u0161te m\u00f4\u017eete vidie\u0165?<\/strong><br \/>\n<em>V\u00e4\u010d\u0161ina z\u00a0n\u00e1s sa pripravuje a\u00a0z\u00e1rove\u0148 te\u0161\u00ed na \u00fa\u010das\u0165 pretekov L&#8217;Etape Slovakia by Tour de France. Boli to pre v\u00e4\u010d\u0161inu boh\u00fd\u0148 <a href=\"https:\/\/www.instagram.com\/reel\/Cfw0QM0DrYC\/\">prv\u00e9 cyklistick\u00e9 preteky<\/a>. Niektor\u00e9 sa odv\u00e1\u017eili nast\u00fapi\u0165 aj na in\u00e9 preteky, napr\u00edklad: Barborka Luka\u010dovsk\u00e1 sa z\u00fa\u010dastnila pretekov Spi\u0161\u0161sk\u00fdch 333 Extreme v\u00a0Slovenskom raji a\u00a0na trati 111 skon\u010dila na prvom mieste medzi \u017eenami. Monika Hurbanov\u00e1 sa z\u00fa\u010dastnila cyklistick\u00fdch pretekov v\u00a0Seredi a\u00a0na Slovakia Ringu &#8211; doplnila Janka.<\/em><\/p>\n<p><strong>Pripravujete sa na tohtoro\u010dn\u00e9 L&#8217;Etape, ktor\u00e9 sa bude kona\u0165 u\u017e \u010doskoro. \u010co by ste odk\u00e1zali \u017een\u00e1m &#8211; cyklistk\u00e1m, ktor\u00e9 s\u00edce jazdia, ale nemaj\u00fa odvahu sa na tak\u00e9to hromadn\u00e9 preteky prihl\u00e1si\u0165. Ako ich motivova\u0165?<\/strong><br \/>\n<em>\u00daprimne povedan\u00e9, ka\u017ed\u00e1 jedna m\u00e1 asi najv\u00e4\u010d\u0161\u00ed strach z pelot\u00f3nu na pretekoch, \u017ee sa bude nebezpe\u010dne predbieha\u0165, \u017ee pr\u00edde ku kol\u00edzii a p\u00e1du, ale mus\u00edme potvrdi\u0165, \u017ee od \u0161tartu a\u017e po cie\u013e to bolo bez probl\u00e9mov a te\u0161\u00edme sa na preteky.<\/em><\/p>\n<p><strong>Tr\u00e9nujete aj so sprievodn\u00fdm vozidlom \u0160koda, ak\u00e9 to m\u00e1 v\u00fdhody?<\/strong><br \/>\n<em>Tr\u00e9novali sme v sprievode vozidla \u0160koda a malo to ve\u013ek\u00fd \u00faspech u diev\u010dat. V\u00fdhodou bolo, \u017ee sme \u0161li v doprovode vozidla a tak vzbudzovali re\u0161pekt na ceste vo\u010di aut\u00e1m. Niekedy to nie je jednoduch\u00e9, sa medzi autami preb\u00edja\u0165 a vybudova\u0165 si vlastn\u00fa poz\u00edciu.<\/em><\/p>\n<p>https:\/\/www.instagram.com\/p\/Cfdh1CCKlsd\/<\/p>\n<p><strong>Cestn\u00e1 cyklistika sa nevyhne dopravnej situ\u00e1cii. Ako vn\u00edmate oh\u013eaduplnos\u0165 na na\u0161ich cest\u00e1ch a\u00a0pr\u00edpadn\u00e9 porovnanie v\u00a0zahrani\u010d\u00ed?<\/strong><br \/>\n<em>\u00c1no, spomenula som nie\u010do u\u017e vy\u0161\u0161ie, ale rada sa tejto t\u00e9me povenujem aj v\u00a0tomto odstavci.\u00a0Lep\u0161ie sa n\u00e1m bicykluje v\u00a0Rak\u00fasku, Mallorca, Lanzarote, Gran Canaria ako na Slovensku. Nie je to len o\u00a0vodi\u010doch, ale aj o\u00a0kvalite ciest. Na\u0161e cesty nie s\u00fa dostato\u010dne \u0161irok\u00e9 a\u00a0upraven\u00e9 tak, aby sme mohli na nich jazdi\u0165 denne a\u00a0v\u0161ade, \u010do je ve\u013ek\u00e1 \u0161koda.<\/em><\/p>\n<p><strong>Tak\u017ee okrem Slovenska m\u00e1te aj in\u00e9 ob\u013e\u00faben\u00e9 destin\u00e1cie, kam chodievate pravidelne tr\u00e9nova\u0165?<\/strong><br \/>\n<em>Boli sme na s\u00fastreden\u00ed na Mallorce, minul\u00fd v\u00edkend sme boli osl\u00e1vi\u0165 2. narodeniny v\u00a0Banskej \u0160tiavnici. Ur\u010dite sa aj tento rok niekam vyberieme mimo Slovenska, zva\u017eujeme Bale\u00e1rske alebo Kan\u00e1rske ostrovy, aby sme si mohli v klude pobr\u00e1zdi\u0165 aj in\u00e9 cesty.<\/em><\/p>\n<p><strong>Ktor\u00fa \u010das\u0165 roka m\u00e1te najrad\u0161ej z\u00a0poh\u013eadu cyklistiky?<\/strong><br \/>\n<em>Samozrejme L E T O.<\/em><\/p>\n<p><strong>Tento rok m\u00e1te nov\u00e9 dresy, ktor\u00e9 vyzeraj\u00fa skuto\u010dne ve\u013emi dobre. Ako vznikal ich dizajn?<\/strong><br \/>\n<em>Ich dizajn je naozaj jedine\u010dn\u00fd, preto\u017ee vznikol za podpory akademickej maliarky z\u00a0Art Ateli\u00e9ru Mi\u0161ky a\u00a0Lucky. Diev\u010dat\u00e1 nakreslili kvety strel\u00edcie na olejoma\u013ebu, akryl a\u00a0cel\u00e9 to dali do digit\u00e1lu. S\u00a0kvetmi sa pohrali a\u00a0n\u00e1pad na dizajn na\u0161ich dresov bol na svete.<\/em><\/p>\n<p><a href=\"https:\/\/d2p6e6u75xmxt8.cloudfront.net\/4\/2022\/08\/nove_dresy.jpg\"><img loading=\"lazy\" decoding=\"async\" class=\"alignnone size-full wp-image-15053\" src=\"https:\/\/d2p6e6u75xmxt8.cloudfront.net\/4\/2022\/08\/nove_dresy.jpg\" alt=\"\" width=\"990\" height=\"660\" \/><\/a><\/p>\n<p><strong>Ako radi regenerujete po n\u00e1ro\u010dnom dni na bicykli? Gau\u010d, sauna alebo akt\u00edvny oddych?<\/strong><br \/>\n<em>Osobne preferujem saunu v\u00a0zime, cez leto le\u0148o\u0161enie pri baz\u00e9ne, ale ani oddych na gau\u010di nie je na zahodenie &#8211; zhodli sa obe Sa\u0161ka aj Janka.<\/em><\/p>\n<p><strong>Ak\u00e1 je zimn\u00e1 pr\u00edprava, chod\u00edte do fitka, alebo ke\u010f sa d\u00e1, tak vytiahnete bicykle aj v zime?<\/strong><br \/>\n<em>Je to ve\u013emi individu\u00e1lne, niektor\u00e9 jazdia aj v\u00a0zime, niektor\u00e9 behaj\u00fa, pl\u00e1vaj\u00fa, in\u00e9 si d\u00e1vaj\u00fa pauzu. V\u00e4\u010d\u0161ina z\u00a0n\u00e1s jazd\u00ed doma v\u00a0interi\u00e9ri, a\u00a0stret\u00e1vame sa na Zwifte. Sk\u00f4r by som to nazvala individu\u00e1lnym pr\u00edstupom.<\/em><\/p>\n<p><strong>Stret\u00e1vate sa aj mimo bicykel, organizujete spolo\u010dn\u00e9 turistiky, alebo ve\u010dere?<\/strong><br \/>\n<em>Cez zimu ob\u013eubujeme turistiku. Dobrou ve\u010derou, alebo drinkom v\u0161ak nikdy nepohrdneme.<\/em><\/p>\n<div class=\"shortcode-ys-post-pinup\"><article class=\"loop-simple post-11470 post type-post status-publish format-standard has-post-thumbnail hentry category-odporucame tag-cestovanie tag-cyklorodinka tag-cyklosedacky tag-cyklovozik tag-deti tag-detske-bicykle tag-horska-cyklistika tag-horsky-bicykel tag-les tag-outdoor tag-rodina tag-rozhovor tag-slovensko tag-trail tag-vylet tag-zeny global-categories-cycling\" data-postid=\"11470\" role=\"article\" data-post-id=\"11470\" data-word-count=\"2570\" data-headline-length=\"70\" data-category=\"Odpor\u00fa\u010dame\" data-global-category=\"Cycling\" data-author=\"WeLoveCycling\" data-published=\"2021-03-23T10:00:35+01:00\" data-published-day=\"Tuesday\">\n    <div class=\"entry-thumbnail article-thumbnail\" content=\"https:\/\/d2p6e6u75xmxt8.cloudfront.net\/4\/2021\/02\/Rozhovor_-Outdoormamas_00-150x150.webp\"><a href=\"https:\/\/www.welovecycling.com\/sk\/2021\/03\/23\/rozhovor-outdoormamas-aj-s-detmi-si-to-viete-poriadne-uzit\/\" class=\"image-holder\" target=\"_self\"><img decoding=\"async\" loading=\"lazy\" class=\"\" src=\"https:\/\/d2p6e6u75xmxt8.cloudfront.net\/4\/2021\/02\/Rozhovor_-Outdoormamas_00-1024x445.webp\" srcset=\"https:\/\/d2p6e6u75xmxt8.cloudfront.net\/4\/2021\/02\/Rozhovor_-Outdoormamas_00.webp 1380w, https:\/\/d2p6e6u75xmxt8.cloudfront.net\/4\/2021\/02\/Rozhovor_-Outdoormamas_00-300x130.webp 300w, https:\/\/d2p6e6u75xmxt8.cloudfront.net\/4\/2021\/02\/Rozhovor_-Outdoormamas_00-1024x445.webp 1024w, https:\/\/d2p6e6u75xmxt8.cloudfront.net\/4\/2021\/02\/Rozhovor_-Outdoormamas_00-768x334.webp 768w\" width=\"1024\" height=\"445\" sizes=\"auto, (min-width: 1200px) 460px, (min-width: 768px) 38vw, 100vw\" alt=\"rozhovor-outdoormamas-aj-s-detmi-si-to-viete-poriadne-uzit\"\/><\/a><\/div>    <div class=\"entry-meta\">\n        <a class=\"label label-secondary post-category\" href=\"https:\/\/www.welovecycling.com\/sk\/category\/odporucame\/\" title=\"Odpor\u00fa\u010dame\">Odpor\u00fa\u010dame<\/a>\n    <\/div>\n    <div class=\"entry-details\">\n        <a href=\"https:\/\/www.welovecycling.com\/sk\/2021\/03\/23\/rozhovor-outdoormamas-aj-s-detmi-si-to-viete-poriadne-uzit\/\" class='entry-title-wrapper'>\n            <h3 class=\"entry-title\"><span>Rozhovor: Outdoormamas &#8211; aj s de\u0165mi si to viete poriadne u\u017ei\u0165<\/span><\/h3>\n        <\/a>\n    <\/div>\n    <\/article>\n<\/div>\n<p><strong>M\u00e1te skvel\u00e9 fotografie na Instagrame. Je medzi vami talentovan\u00e1 fotografka, alebo vyu\u017e\u00edvate extern\u00fdch fotografov?<\/strong><br \/>\n<em>M\u00e1m super skills \u2013 hovor\u00ed Sa\u0161ka &#8211; skvel\u00fd telef\u00f3n a\u00a0super aplik\u00e1cie. \ud83d\ude42<\/em><\/p>\n<p><a href=\"https:\/\/d2p6e6u75xmxt8.cloudfront.net\/4\/2022\/08\/instagram.JPG.jpg\"><img loading=\"lazy\" decoding=\"async\" class=\"alignnone size-full wp-image-15055\" src=\"https:\/\/d2p6e6u75xmxt8.cloudfront.net\/4\/2022\/08\/instagram.JPG.jpg\" alt=\"\" width=\"990\" height=\"660\" \/><\/a><\/p>\n<p><strong>\u010co vy a\u00a0bicykle, m\u00e1te nejak\u00e9 ob\u013e\u00faben\u00e9 zna\u010dky \u010di modely?<\/strong><br \/>\n<em>Ka\u017ed\u00e1 sme jedine\u010dn\u00e1 a\u00a0ka\u017ed\u00e1 preferuje nie\u010do in\u00e9.<\/em><\/p>\n<p>https:\/\/www.instagram.com\/p\/CfFCFpPL9e8\/<\/p>\n<p><strong>Je o\u00a0v\u00e1s zn\u00e1me, \u017ee bez cyklistickej prilby na cesty nevyr\u00e1\u017eate. Mali ste nejak\u00fa nepr\u00edjemn\u00fa sk\u00fasenos\u0165, alebo je to pre v\u00e1s jednoducho samozrejmos\u0165?<\/strong><br \/>\n<em>Cyklistick\u00e1 prilba je samozrejmos\u0165ou. Ja osobne m\u00f4\u017eem poveda\u0165, \u017ee mi pri p\u00e1de v pomalej r\u00fdchlosti zachr\u00e1nila minim\u00e1lne rozbitie hlavy, naozaj netreba podce\u0148ova\u0165 jej nosenie &#8211; hovor\u00ed Sa\u0161ka.<\/em><\/p>\n<p><a href=\"https:\/\/d2p6e6u75xmxt8.cloudfront.net\/4\/2022\/08\/prilby.jpg\"><img loading=\"lazy\" decoding=\"async\" class=\"alignnone size-full wp-image-15054\" src=\"https:\/\/d2p6e6u75xmxt8.cloudfront.net\/4\/2022\/08\/prilby.jpg\" alt=\"\" width=\"990\" height=\"660\" \/><\/a><\/p>\n<p>Ak by ste v\u00a0najbli\u017e\u0161ej dobe na hr\u00e1dzi, \u010di niekde v\u00a0okol\u00ed Bratislavy <strong>stretli v\u00fdhradne \u017eensk\u00fd pelot\u00f3n, tak vedzte, \u017ee vid\u00edte t\u00fato u\u017e skoro legend\u00e1rnu skupinu cyklistiek, ktor\u00e9 si hovoria Bratislavsk\u00e9 bohyne<\/strong>. A\u00a0chlapi, v\u00a0pr\u00edpade \u017ee ich obiehate autom, pros\u00edm v\u00e1s s\u00fastre\u010fte sa na jazdu, aj ke\u010f to je v\u00a0tomto pr\u00edpade skuto\u010dne \u0165a\u017ek\u00e9.<\/p>\n","protected":false},"excerpt":{"rendered":"<p>Vyr\u00e1\u017eaj\u00fa na spolo\u010dn\u00fa jazdu v\u017edy v jeden de\u0148 v t\u00fd\u017edni, \u010di pr\u0161\u00ed alebo f\u00faka vietor. Pod\u013ea ich vlastn\u00fdch slov \u201eka\u017ed\u00e1 [&hellip;]<\/p>\n","protected":false},"author":170,"featured_media":15051,"comment_status":"open","ping_status":"open","sticky":false,"template":"","format":"standard","meta":{"footnotes":""},"categories":[191],"tags":[521,1532,115,931,501,542,475],"global-categories":[1074],"class_list":["post-15047","post","type-post","status-publish","format-standard","has-post-thumbnail","hentry","category-odporucame","tag-bratislava","tag-bratislavske-bohyne","tag-cestna-cyklistika","tag-odporucame","tag-rozhovor","tag-skoda","tag-zeny","global-categories-cycling"],"yoast_head":"<!-- This site is optimized with the Yoast SEO Premium plugin v25.3 (Yoast SEO v25.9) - https:\/\/yoast.com\/wordpress\/plugins\/seo\/ -->\n<title>Rozhovor: Bratislavsk\u00e9 bohyne \u2013 miluj\u00fa leto a cyklistiku - \u0160koda We Love Cycling Slovensko<\/title>\n<meta name=\"description\" content=\"Vyr\u00e1\u017eaj\u00fa na spolo\u010dn\u00fa jazdu v\u017edy v\u00a0jeden de\u0148 v t\u00fd\u017edni. Rozpr\u00e1vali sme sa so Sa\u0161kou K\u00e1rnikovou, ktor\u00e1 \u201evedie\u201c Bratislavsk\u00e9 bohyne.\" \/>\n<meta name=\"robots\" content=\"index, follow, max-snippet:-1, max-image-preview:large, max-video-preview:-1\" \/>\n<link rel=\"canonical\" href=\"https:\/\/www.welovecycling.com\/sk\/2022\/08\/10\/rozhovor-bratislavske-bohyne-miluju-leto-a-cyklistiku\/\" \/>\n<meta property=\"og:locale\" content=\"sk_SK\" \/>\n<meta property=\"og:type\" content=\"article\" \/>\n<meta property=\"og:title\" content=\"Rozhovor: Bratislavsk\u00e9 bohyne \u2013 miluj\u00fa leto a cyklistiku\" \/>\n<meta property=\"og:description\" content=\"Vyr\u00e1\u017eaj\u00fa na spolo\u010dn\u00fa jazdu v\u017edy v\u00a0jeden de\u0148 v t\u00fd\u017edni. Rozpr\u00e1vali sme sa so Sa\u0161kou K\u00e1rnikovou, ktor\u00e1 \u201evedie\u201c Bratislavsk\u00e9 bohyne.\" \/>\n<meta property=\"og:url\" content=\"https:\/\/www.welovecycling.com\/sk\/2022\/08\/10\/rozhovor-bratislavske-bohyne-miluju-leto-a-cyklistiku\/\" \/>\n<meta property=\"og:site_name\" content=\"\u0160koda We Love Cycling Slovensko\" \/>\n<meta property=\"article:published_time\" content=\"2022-08-10T07:00:12+00:00\" \/>\n<meta property=\"article:modified_time\" content=\"2022-09-29T10:57:46+00:00\" \/>\n<meta property=\"og:image\" content=\"https:\/\/d2p6e6u75xmxt8.cloudfront.net\/4\/2022\/08\/Rozhovor_Bratislavske_bohyne_00.webp\" \/>\n\t<meta property=\"og:image:width\" content=\"990\" \/>\n\t<meta property=\"og:image:height\" content=\"660\" \/>\n\t<meta property=\"og:image:type\" content=\"image\/webp\" \/>\n<meta name=\"author\" content=\"miksakova\" \/>\n<meta name=\"twitter:card\" content=\"summary_large_image\" \/>\n<meta name=\"twitter:label1\" content=\"Written by\" \/>\n\t<meta name=\"twitter:data1\" content=\"WeLoveCycling\" \/>\n\t<meta name=\"twitter:label2\" content=\"Est. reading time\" \/>\n\t<meta name=\"twitter:data2\" content=\"20\" \/>\n<script type=\"application\/ld+json\" class=\"yoast-schema-graph\">{\"@context\":\"https:\/\/schema.org\",\"@graph\":[{\"@type\":\"WebPage\",\"@id\":\"https:\/\/www.welovecycling.com\/sk\/2022\/08\/10\/rozhovor-bratislavske-bohyne-miluju-leto-a-cyklistiku\/\",\"url\":\"https:\/\/www.welovecycling.com\/sk\/2022\/08\/10\/rozhovor-bratislavske-bohyne-miluju-leto-a-cyklistiku\/\",\"name\":\"Rozhovor: Bratislavsk\u00e9 bohyne \u2013 miluj\u00fa leto a cyklistiku - \u0160koda We Love Cycling Slovensko\",\"isPartOf\":{\"@id\":\"https:\/\/www.welovecycling.com\/sk\/#website\"},\"primaryImageOfPage\":{\"@id\":\"https:\/\/www.welovecycling.com\/sk\/2022\/08\/10\/rozhovor-bratislavske-bohyne-miluju-leto-a-cyklistiku\/#primaryimage\"},\"image\":{\"@id\":\"https:\/\/www.welovecycling.com\/sk\/2022\/08\/10\/rozhovor-bratislavske-bohyne-miluju-leto-a-cyklistiku\/#primaryimage\"},\"thumbnailUrl\":\"https:\/\/d2p6e6u75xmxt8.cloudfront.net\/4\/2022\/08\/Rozhovor_Bratislavske_bohyne_00.webp\",\"datePublished\":\"2022-08-10T07:00:12+00:00\",\"dateModified\":\"2022-09-29T10:57:46+00:00\",\"author\":{\"@id\":\"https:\/\/www.welovecycling.com\/sk\/#\/schema\/person\/c6ce5af9dceed219d84a07d2ffa2cad9\"},\"description\":\"Vyr\u00e1\u017eaj\u00fa na spolo\u010dn\u00fa jazdu v\u017edy v\u00a0jeden de\u0148 v t\u00fd\u017edni. Rozpr\u00e1vali sme sa so Sa\u0161kou K\u00e1rnikovou, ktor\u00e1 \u201evedie\u201c Bratislavsk\u00e9 bohyne.\",\"breadcrumb\":{\"@id\":\"https:\/\/www.welovecycling.com\/sk\/2022\/08\/10\/rozhovor-bratislavske-bohyne-miluju-leto-a-cyklistiku\/#breadcrumb\"},\"inLanguage\":\"sk-SK\",\"potentialAction\":[{\"@type\":\"ReadAction\",\"target\":[\"https:\/\/www.welovecycling.com\/sk\/2022\/08\/10\/rozhovor-bratislavske-bohyne-miluju-leto-a-cyklistiku\/\"]}]},{\"@type\":\"ImageObject\",\"inLanguage\":\"sk-SK\",\"@id\":\"https:\/\/www.welovecycling.com\/sk\/2022\/08\/10\/rozhovor-bratislavske-bohyne-miluju-leto-a-cyklistiku\/#primaryimage\",\"url\":\"https:\/\/d2p6e6u75xmxt8.cloudfront.net\/4\/2022\/08\/Rozhovor_Bratislavske_bohyne_00.webp\",\"contentUrl\":\"https:\/\/d2p6e6u75xmxt8.cloudfront.net\/4\/2022\/08\/Rozhovor_Bratislavske_bohyne_00.webp\",\"width\":990,\"height\":660},{\"@type\":\"BreadcrumbList\",\"@id\":\"https:\/\/www.welovecycling.com\/sk\/2022\/08\/10\/rozhovor-bratislavske-bohyne-miluju-leto-a-cyklistiku\/#breadcrumb\",\"itemListElement\":[{\"@type\":\"ListItem\",\"position\":1,\"name\":\"Home\",\"item\":\"https:\/\/www.welovecycling.com\/sk\/\"},{\"@type\":\"ListItem\",\"position\":2,\"name\":\"Rozhovor: Bratislavsk\u00e9 bohyne \u2013 miluj\u00fa leto a cyklistiku\"}]},{\"@type\":\"WebSite\",\"@id\":\"https:\/\/www.welovecycling.com\/sk\/#website\",\"url\":\"https:\/\/www.welovecycling.com\/sk\/\",\"name\":\"\u0160koda We Love Cycling Slovensko\",\"description\":\"\u0160koda We Love Cycling Slovensko je v\u00e1\u0161 ka\u017edodenn\u00fd zdroj noviniek a in\u0161pir\u00e1cie z sveta cyklistiky\",\"potentialAction\":[{\"@type\":\"SearchAction\",\"target\":{\"@type\":\"EntryPoint\",\"urlTemplate\":\"https:\/\/www.welovecycling.com\/sk\/?s={search_term_string}\"},\"query-input\":{\"@type\":\"PropertyValueSpecification\",\"valueRequired\":true,\"valueName\":\"search_term_string\"}}],\"inLanguage\":\"sk-SK\"},{\"@type\":\"Person\",\"@id\":\"https:\/\/www.welovecycling.com\/sk\/#\/schema\/person\/c6ce5af9dceed219d84a07d2ffa2cad9\",\"name\":\"miksakova\",\"image\":{\"@type\":\"ImageObject\",\"inLanguage\":\"sk-SK\",\"@id\":\"https:\/\/www.welovecycling.com\/sk\/#\/schema\/person\/image\/\",\"url\":\"https:\/\/secure.gravatar.com\/avatar\/3663fb8acb50de04150ea6f7afc1bc15aba80aad4bf92aee01bd38a79084eb7a?s=96&d=mm&r=g\",\"contentUrl\":\"https:\/\/secure.gravatar.com\/avatar\/3663fb8acb50de04150ea6f7afc1bc15aba80aad4bf92aee01bd38a79084eb7a?s=96&d=mm&r=g\",\"caption\":\"miksakova\"},\"url\":\"https:\/\/www.welovecycling.com\/sk\/author\/miksakova\/\"}]}<\/script>\n<!-- \/ Yoast SEO Premium plugin. -->","yoast_head_json":{"title":"Rozhovor: Bratislavsk\u00e9 bohyne \u2013 miluj\u00fa leto a cyklistiku - \u0160koda We Love Cycling Slovensko","description":"Vyr\u00e1\u017eaj\u00fa na spolo\u010dn\u00fa jazdu v\u017edy v\u00a0jeden de\u0148 v t\u00fd\u017edni. Rozpr\u00e1vali sme sa so Sa\u0161kou K\u00e1rnikovou, ktor\u00e1 \u201evedie\u201c Bratislavsk\u00e9 bohyne.","robots":{"index":"index","follow":"follow","max-snippet":"max-snippet:-1","max-image-preview":"max-image-preview:large","max-video-preview":"max-video-preview:-1"},"canonical":"https:\/\/www.welovecycling.com\/sk\/2022\/08\/10\/rozhovor-bratislavske-bohyne-miluju-leto-a-cyklistiku\/","og_locale":"sk_SK","og_type":"article","og_title":"Rozhovor: Bratislavsk\u00e9 bohyne \u2013 miluj\u00fa leto a cyklistiku","og_description":"Vyr\u00e1\u017eaj\u00fa na spolo\u010dn\u00fa jazdu v\u017edy v\u00a0jeden de\u0148 v t\u00fd\u017edni. Rozpr\u00e1vali sme sa so Sa\u0161kou K\u00e1rnikovou, ktor\u00e1 \u201evedie\u201c Bratislavsk\u00e9 bohyne.","og_url":"https:\/\/www.welovecycling.com\/sk\/2022\/08\/10\/rozhovor-bratislavske-bohyne-miluju-leto-a-cyklistiku\/","og_site_name":"\u0160koda We Love Cycling Slovensko","article_published_time":"2022-08-10T07:00:12+00:00","article_modified_time":"2022-09-29T10:57:46+00:00","og_image":[{"width":990,"height":660,"url":"https:\/\/d2p6e6u75xmxt8.cloudfront.net\/4\/2022\/08\/Rozhovor_Bratislavske_bohyne_00.webp","type":"image\/webp"}],"author":"miksakova","twitter_card":"summary_large_image","twitter_misc":{"Written by":"WeLoveCycling","Est. reading time":"20"},"schema":{"@context":"https:\/\/schema.org","@graph":[{"@type":"WebPage","@id":"https:\/\/www.welovecycling.com\/sk\/2022\/08\/10\/rozhovor-bratislavske-bohyne-miluju-leto-a-cyklistiku\/","url":"https:\/\/www.welovecycling.com\/sk\/2022\/08\/10\/rozhovor-bratislavske-bohyne-miluju-leto-a-cyklistiku\/","name":"Rozhovor: Bratislavsk\u00e9 bohyne \u2013 miluj\u00fa leto a cyklistiku - \u0160koda We Love Cycling Slovensko","isPartOf":{"@id":"https:\/\/www.welovecycling.com\/sk\/#website"},"primaryImageOfPage":{"@id":"https:\/\/www.welovecycling.com\/sk\/2022\/08\/10\/rozhovor-bratislavske-bohyne-miluju-leto-a-cyklistiku\/#primaryimage"},"image":{"@id":"https:\/\/www.welovecycling.com\/sk\/2022\/08\/10\/rozhovor-bratislavske-bohyne-miluju-leto-a-cyklistiku\/#primaryimage"},"thumbnailUrl":"https:\/\/d2p6e6u75xmxt8.cloudfront.net\/4\/2022\/08\/Rozhovor_Bratislavske_bohyne_00.webp","datePublished":"2022-08-10T07:00:12+00:00","dateModified":"2022-09-29T10:57:46+00:00","author":{"@id":"https:\/\/www.welovecycling.com\/sk\/#\/schema\/person\/c6ce5af9dceed219d84a07d2ffa2cad9"},"description":"Vyr\u00e1\u017eaj\u00fa na spolo\u010dn\u00fa jazdu v\u017edy v\u00a0jeden de\u0148 v t\u00fd\u017edni. Rozpr\u00e1vali sme sa so Sa\u0161kou K\u00e1rnikovou, ktor\u00e1 \u201evedie\u201c Bratislavsk\u00e9 bohyne.","breadcrumb":{"@id":"https:\/\/www.welovecycling.com\/sk\/2022\/08\/10\/rozhovor-bratislavske-bohyne-miluju-leto-a-cyklistiku\/#breadcrumb"},"inLanguage":"sk-SK","potentialAction":[{"@type":"ReadAction","target":["https:\/\/www.welovecycling.com\/sk\/2022\/08\/10\/rozhovor-bratislavske-bohyne-miluju-leto-a-cyklistiku\/"]}]},{"@type":"ImageObject","inLanguage":"sk-SK","@id":"https:\/\/www.welovecycling.com\/sk\/2022\/08\/10\/rozhovor-bratislavske-bohyne-miluju-leto-a-cyklistiku\/#primaryimage","url":"https:\/\/d2p6e6u75xmxt8.cloudfront.net\/4\/2022\/08\/Rozhovor_Bratislavske_bohyne_00.webp","contentUrl":"https:\/\/d2p6e6u75xmxt8.cloudfront.net\/4\/2022\/08\/Rozhovor_Bratislavske_bohyne_00.webp","width":990,"height":660},{"@type":"BreadcrumbList","@id":"https:\/\/www.welovecycling.com\/sk\/2022\/08\/10\/rozhovor-bratislavske-bohyne-miluju-leto-a-cyklistiku\/#breadcrumb","itemListElement":[{"@type":"ListItem","position":1,"name":"Home","item":"https:\/\/www.welovecycling.com\/sk\/"},{"@type":"ListItem","position":2,"name":"Rozhovor: Bratislavsk\u00e9 bohyne \u2013 miluj\u00fa leto a cyklistiku"}]},{"@type":"WebSite","@id":"https:\/\/www.welovecycling.com\/sk\/#website","url":"https:\/\/www.welovecycling.com\/sk\/","name":"\u0160koda We Love Cycling Slovensko","description":"\u0160koda We Love Cycling Slovensko je v\u00e1\u0161 ka\u017edodenn\u00fd zdroj noviniek a in\u0161pir\u00e1cie z sveta cyklistiky","potentialAction":[{"@type":"SearchAction","target":{"@type":"EntryPoint","urlTemplate":"https:\/\/www.welovecycling.com\/sk\/?s={search_term_string}"},"query-input":{"@type":"PropertyValueSpecification","valueRequired":true,"valueName":"search_term_string"}}],"inLanguage":"sk-SK"},{"@type":"Person","@id":"https:\/\/www.welovecycling.com\/sk\/#\/schema\/person\/c6ce5af9dceed219d84a07d2ffa2cad9","name":"miksakova","image":{"@type":"ImageObject","inLanguage":"sk-SK","@id":"https:\/\/www.welovecycling.com\/sk\/#\/schema\/person\/image\/","url":"https:\/\/secure.gravatar.com\/avatar\/3663fb8acb50de04150ea6f7afc1bc15aba80aad4bf92aee01bd38a79084eb7a?s=96&d=mm&r=g","contentUrl":"https:\/\/secure.gravatar.com\/avatar\/3663fb8acb50de04150ea6f7afc1bc15aba80aad4bf92aee01bd38a79084eb7a?s=96&d=mm&r=g","caption":"miksakova"},"url":"https:\/\/www.welovecycling.com\/sk\/author\/miksakova\/"}]}},"_links":{"self":[{"href":"https:\/\/www.welovecycling.com\/sk\/wp-json\/wp\/v2\/posts\/15047","targetHints":{"allow":["GET"]}}],"collection":[{"href":"https:\/\/www.welovecycling.com\/sk\/wp-json\/wp\/v2\/posts"}],"about":[{"href":"https:\/\/www.welovecycling.com\/sk\/wp-json\/wp\/v2\/types\/post"}],"author":[{"embeddable":true,"href":"https:\/\/www.welovecycling.com\/sk\/wp-json\/wp\/v2\/users\/170"}],"replies":[{"embeddable":true,"href":"https:\/\/www.welovecycling.com\/sk\/wp-json\/wp\/v2\/comments?post=15047"}],"version-history":[{"count":2,"href":"https:\/\/www.welovecycling.com\/sk\/wp-json\/wp\/v2\/posts\/15047\/revisions"}],"predecessor-version":[{"id":15074,"href":"https:\/\/www.welovecycling.com\/sk\/wp-json\/wp\/v2\/posts\/15047\/revisions\/15074"}],"wp:featuredmedia":[{"embeddable":true,"href":"https:\/\/www.welovecycling.com\/sk\/wp-json\/wp\/v2\/media\/15051"}],"wp:attachment":[{"href":"https:\/\/www.welovecycling.com\/sk\/wp-json\/wp\/v2\/media?parent=15047"}],"wp:term":[{"taxonomy":"category","embeddable":true,"href":"https:\/\/www.welovecycling.com\/sk\/wp-json\/wp\/v2\/categories?post=15047"},{"taxonomy":"post_tag","embeddable":true,"href":"https:\/\/www.welovecycling.com\/sk\/wp-json\/wp\/v2\/tags?post=15047"},{"taxonomy":"global-categories","embeddable":true,"href":"https:\/\/www.welovecycling.com\/sk\/wp-json\/wp\/v2\/global-categories?post=15047"}],"curies":[{"name":"wp","href":"https:\/\/api.w.org\/{rel}","templated":true}]}}