{"id":15031,"date":"2022-09-05T09:00:26","date_gmt":"2022-09-05T07:00:26","guid":{"rendered":"https:\/\/www.welovecycling.com\/sk\/?p=15031"},"modified":"2022-09-29T12:57:37","modified_gmt":"2022-09-29T10:57:37","slug":"rozhovor-sharvan-svetovy-unikat-zo-slovenska","status":"publish","type":"post","link":"https:\/\/www.welovecycling.com\/sk\/2022\/09\/05\/rozhovor-sharvan-svetovy-unikat-zo-slovenska\/","title":{"rendered":"Rozhovor: SHARVAN \u2013 svetov\u00fd unik\u00e1t zo Slovenska"},"content":{"rendered":"<p><strong>Vymysleli origin\u00e1lny a\u00a0unik\u00e1tny bicykel, ktor\u00fd rastie spolu s\u00a0de\u0165mi, vyu\u017e\u00edva\u0165 ho m\u00f4\u017ee cel\u00e1 rodina a\u00a0nez\u00e1le\u017e\u00ed na tom, ak\u00fa m\u00e1te v\u00fd\u0161ku \u010di hmotnos\u0165. SHARVAN si pred jazdou dok\u00e1\u017eete jednoducho nastavi\u0165 pod\u013ea svojich preferenci\u00ed. A\u00a0navy\u0161e je vymyslen\u00fd a\u00a0vyr\u00e1ban\u00fd na Slovensku, tak\u017ee sa s\u00a0n\u00edm m\u00f4\u017eete hrdo p\u00fd\u0161i\u0165 kdeko\u013evek vo svete, preto\u017ee s\u00a0jedine\u010dn\u00fdm \u201erast\u00facim bicyklom\u201c ur\u010dite vzbud\u00edte z\u00e1ujem. Na ot\u00e1zky n\u00e1m odpovedal Du\u0161an Mandu\u013e\u00e1k &#8211; autor my\u0161lienky a CEO Sharvan bike.<\/strong><!--more--><\/p>\n<p><strong>Pri\u0161li ste na trh so skuto\u010dne jedine\u010dn\u00fdm bicyklom. Ako vznikla prvotn\u00e1 my\u0161lienka na tak\u00fdto bicykel?<\/strong><br \/>\n<em>Ako ka\u017ed\u00fd rodi\u010d, aj ja som rie\u0161il ot\u00e1zku mobility m\u00f4jho vtedy e\u0161te 7-ro\u010dn\u00e9ho syna, ktor\u00fd r\u00fdchlo vyr\u00e1stol a\u00a0ka\u017ed\u00e9 dva roky potreboval nov\u00fd bicykel. So synom \u010dasto cestujeme, preto som na trhu h\u013eadal bicykel, ktor\u00fd by sa dal zlo\u017ei\u0165 do ve\u013ekosti cestovn\u00e9ho kufra a\u00a0z\u00e1rove\u0148 by vedel aj \u201es\u00a0die\u0165a\u0165om r\u00e1s\u0165\u201c. My\u0161lienka rast\u00faceho bicykla pri\u0161la na klzisku, ke\u010f som pozoroval mechanizmus rast\u00facej kor\u010dule.<\/em><\/p>\n<p><a href=\"https:\/\/d2p6e6u75xmxt8.cloudfront.net\/4\/2022\/08\/Sharvan_01.jpeg\"><img loading=\"lazy\" decoding=\"async\" class=\"alignnone size-full wp-image-15035\" src=\"https:\/\/d2p6e6u75xmxt8.cloudfront.net\/4\/2022\/08\/Sharvan_01.jpeg\" alt=\"\" width=\"990\" height=\"660\" \/><\/a><\/p>\n<p><strong>Prvotn\u00e1 my\u0161lienka je jedna vec, ale ako prebiehal v\u00fdvoj a\u00a0ko\u013eko \u010dasu ste mu obetovali?<\/strong><br \/>\n<em>Profesne som stroj\u00e1r a\u00a0mana\u017eujem skupinu podnikov LPH ( www.lph.sk ), ktor\u00e1 sa u\u017e viac ako 30\u00a0rokov zaober\u00e1 v\u00fdrobou plastov\u00fdch a\u00a0kovov\u00fdch komponentov pre automobilov\u00fd, elektrotechnick\u00fd a\u00a0spotrebn\u00fd priemysel. 1. apr\u00edla (nebol to \u017eart \ud83d\ude0a) roku 2017 som oslovil kolegov a\u00a0priate\u013eov cyklistiky, \u010di maj\u00fa z\u00e1ujem podie\u013ea\u0165 sa na v\u00fdvoji tohto unik\u00e1tneho bicykla. \u201eSiedmi stato\u010dn\u00ed\u201c s nad\u0161en\u00edm s\u00fahlasili a\u00a0za\u010dali sme sa ka\u017ed\u00fa stredu po pracovnej dobe stret\u00e1va\u0165 a vyv\u00edja\u0165 prv\u00fd prototyp. Cie\u013eom bolo aj maxim\u00e1lne vyu\u017ei\u0165 v\u00fdrobn\u00e9 kapacity LPH skupiny. K\u00a0dne\u0161n\u00e9mu d\u0148u sme v\u00fdvoju a\u00a0pr\u00edprave s\u00e9riovej v\u00fdroby venovali viac ako 11\u00a0000 hod\u00edn.<\/em><\/p>\n<p><a href=\"https:\/\/d2p6e6u75xmxt8.cloudfront.net\/4\/2022\/08\/Sharvan_02.jpeg\"><img loading=\"lazy\" decoding=\"async\" class=\"alignnone size-full wp-image-15036\" src=\"https:\/\/d2p6e6u75xmxt8.cloudfront.net\/4\/2022\/08\/Sharvan_02.jpeg\" alt=\"\" width=\"990\" height=\"660\" \/><\/a><\/p>\n<p><strong>Z\u00a0ak\u00fdch materi\u00e1lov je vyroben\u00fd r\u00e1m a\u00a0ostatn\u00e9 komponenty?<\/strong><br \/>\n<em>Nosn\u00fdm komponentom bicykla SHARVAN je kompozitn\u00fd polyamidovo-uhl\u00edkov\u00fd r\u00e1m, ktor\u00fd je vyr\u00e1ban\u00fd technol\u00f3giou vstrekovania termoplastov. Za n\u00e1vrh a\u00a0v\u00fdrobu tohto r\u00e1mu sme z\u00edskali v\u00a0s\u00fa\u0165a\u017ei \u201eInovat\u00edvny \u010din roka\u201c v\u00a0kateg\u00f3rii Technologick\u00e1 inov\u00e1cia ocenenie ministra hospod\u00e1rstva SR. \u010eal\u0161ie komponenty z\u00a0leteck\u00e9ho hlin\u00edka s\u00fa odlievan\u00e9 do kovov\u00fdch foriem, niektor\u00e9 oce\u013eov\u00e9 s\u00fa\u010diastky vyr\u00e1bame CNC technol\u00f3giami a\u00a0\u0161peci\u00e1lne ozuben\u00e9 koliesko rast\u00faceho mechanizmu vyr\u00e1bame laserovan\u00edm z\u00a0kovov\u00e9ho pr\u00e1\u0161ku na 3D tla\u010diarni. Celkovo 70 % komponentov bicykla je vyroben\u00fdch v\u00a0na\u0161ich z\u00e1vodoch na v\u00fdchodnom Slovensku.<\/em><\/p>\n<p><a href=\"https:\/\/d2p6e6u75xmxt8.cloudfront.net\/4\/2022\/08\/Sharvan_03.jpeg\"><img loading=\"lazy\" decoding=\"async\" class=\"alignnone size-full wp-image-15037\" src=\"https:\/\/d2p6e6u75xmxt8.cloudfront.net\/4\/2022\/08\/Sharvan_03.jpeg\" alt=\"\" width=\"990\" height=\"660\" \/><\/a><\/p>\n<p><strong>Namiesto klasickej re\u0165aze ste pou\u017eili hnac\u00ed reme\u0148, to tie\u017e nie je ve\u013emi be\u017en\u00e9 pri bicykloch?<\/strong><br \/>\n<em>SHARVAN je modern\u00fd bicykel, pri v\u00fdrobe ktor\u00e9ho sme sa rozhodli pou\u017ei\u0165 nielen \u0161peci\u00e1lne technol\u00f3gie, ale aj inovat\u00edvne komponenty. V\u00a0automobiloch a\u00a0v strojoch hnac\u00edch \u010dast\u00ed sa be\u017ene pou\u017e\u00edvaj\u00fa tieto remene. Tak pre\u010do ho nepou\u017ei\u0165 aj na\u00a0bicykli? Okrem toho hnac\u00ed reme\u0148 je tich\u00fd, bez\u00fadr\u017ebov\u00fd a\u00a0v\u00fdrobca z\u00a0automotive segmentu garantuje \u017eivotnos\u0165 60 tis\u00edc kilometrov. Bonusom je aj to, \u017ee sa u\u017e\u00edvate\u013e neza\u0161pin\u00ed od oleja, ako je to be\u017en\u00e9 pri re\u0165azi. V\u010faka t\u00fdmto vlastnostiam reme\u0148a sme u\u017e zostrojili aj prv\u00fd prototyp vodn\u00e9ho bicykla SHARVAN.<\/em><\/p>\n<p><strong>Skuto\u010dnou \u010dere\u0161ni\u010dkou na torte s\u00fa pre m\u0148a farebn\u00e9 a\u00a0vymenite\u013en\u00e9 kryty r\u00e1mu. Je to tie\u017e s\u00fa\u010das\u0165ou my\u0161lienky, aby bicykel mohla vyu\u017e\u00edva\u0165 cel\u00e1 rodina?<\/strong><br \/>\n<em>My\u0161lienka, z\u00a0ktorej vznikli vlastnosti bicykla, je: rastie \u2013 sklad\u00e1 sa \u2013 men\u00ed farby. V\u010faka vymenite\u013en\u00fdm krytom si ho m\u00f4\u017eete personifikova\u0165 nielen v r\u00e1mci rodiny. SHARVAN vieme farebne prisp\u00f4sobi\u0165 firemnej kult\u00fare a\u00a0tie\u017e V\u00e1m da\u0165 na\u0148 ob\u013e\u00faben\u00fa fotografiu, \u010di mot\u00edv, alebo aj nama\u013eova\u0165 obraz. Napr\u00edklad na celosvetovej v\u00fdstave EXPO 2020 Dubaj sme na hlavnom expon\u00e1te SHARVAN-a na tomto kryte prezentovali obraz slovensk\u00e9ho maliara R\u00f3berta Polansk\u00e9ho.<\/em><\/p>\n<p><a href=\"https:\/\/d2p6e6u75xmxt8.cloudfront.net\/4\/2022\/08\/Sharvan_04.jpeg\"><img loading=\"lazy\" decoding=\"async\" class=\"alignnone size-full wp-image-15038\" src=\"https:\/\/d2p6e6u75xmxt8.cloudfront.net\/4\/2022\/08\/Sharvan_04.jpeg\" alt=\"\" width=\"990\" height=\"660\" \/><\/a><\/p>\n<p><strong>Je medzi z\u00e1kazn\u00edkmi z\u00e1ujem aj o verziu e-bike?<\/strong><br \/>\n<em>Elektromobilita je v s\u00fa\u010dasnosti medzi z\u00e1kazn\u00edkmi ve\u013ek\u00fdm hitom. Aj SHARVAN m\u00e1 u\u017e elektro verziu s\u00a0integrovanou bat\u00e9riou a\u00a0motorom v\u00a0zadnom n\u00e1boji. Okrem toho bicykel je navrhnut\u00fd modul\u00e1rne. To znamen\u00e1, \u017ee ak si dnes objedn\u00e1te klasick\u00fd 1, 3, alebo 7 r\u00fdchlostn\u00fd model a\u00a0o\u00a0rok sa rozhodnete pre \u201eelektro upgrade\u201c, vymen\u00edme V\u00e1m iba zadn\u00e9 koleso a\u00a0hne\u010f m\u00e1te e-Sharvan bike.<\/em><\/p>\n<p><strong>N\u00e1zov zna\u010dky odkazuje na n\u00e1re\u010dov\u00e9 slovo \u0161arvanec?<\/strong><br \/>\n<em>\u00c1NO, je to tak. SHARVAN = \u0161arvan \u2013 \u0161arvanec, a\u00a0znamen\u00e1 to mal\u00fd nezbedn\u00fd chlapec, ale aby n\u00e1zov znel aj celosvetovo, je to odvoden\u00e9 aj od anglickej slovnej hra\u010dky \u201e share one\u201c = zdie\u013eaj jeden. \u010ci\u017ee jeden bicykel pre cel\u00fa rodinu<\/em><\/p>\n<p><strong>Vystavovali ste aj na svetovej expoz\u00edcii v\u00a0Dubaji 2020. Ak\u00e9 boli ohlasy tam?<\/strong><br \/>\n<em>N\u00e1\u0161 bicykel bol na celosvetovej v\u00fdstave EXPO 2020 Dubaj ofici\u00e1lnym dopravn\u00fdm prostriedkom slovensk\u00e9ho pavil\u00f3nu. Mali sme tam 3 bicykle vo farb\u00e1ch na\u0161ej trikol\u00f3ry a\u00a0jeden hlavn\u00fd expon\u00e1t. Tento expon\u00e1t up\u00fatal nielen odborn\u00fa a\u00a0laick\u00fa verejnos\u0165, ale v\u0161imla si ho aj dubajsk\u00e1 telev\u00edzia, ktor\u00e1 ma pozvala do rel\u00e1cie v\u00a0hlavnom vysielacom \u010dase do ich spravodajskej rel\u00e1cie.<\/em><\/p>\n<lite-youtube videoid=MBTgd7T3YJQ params=\"enablejsapi=1\" style=\"background-image: url('https:\/\/i.ytimg.com\/vi_webp\/MBTgd7T3YJQ\/maxresdefault.webp');\"><\/lite-youtube>\n<p><strong>Z\u00edskali ste viacero ocenen\u00ed ako Inovat\u00edvny \u010din roka 2020 \u010di N\u00e1rodn\u00e1 cena za dizajn 2021. S\u00fa tieto ocenenia pre v\u00e1s akousi odmenou za cel\u00fa t\u00fa snahu, alebo je pre v\u00e1s najv\u00e4\u010d\u0161ou odmenou spokojnos\u0165 z\u00e1kazn\u00edkov?<\/strong><br \/>\n<em>Najkraj\u0161ou odmenou pre m\u0148a je, ke\u010f z\u00e1kazn\u00edk po testovacej jazde m\u00e1 \u00fasmev na tv\u00e1ri a\u00a0rozhodne sa bicykel vlastni\u0165. Ocenenia si n\u00e1\u0161 SHARVAN team ve\u013emi v\u00e1\u017ei, a\u00a0je to pre n\u00e1s aj z\u00e1v\u00e4zok st\u00e1le sa zlep\u0161ova\u0165 a\u00a0inovova\u0165.<\/em><\/p>\n<p><strong>V\u00a0ponuke m\u00e1te tri z\u00e1kladn\u00e9 modely \u2013 Sharvan Classic, Sharvan City a\u00a0Sharvan Country. Predstavte n\u00e1m ich trochu.<\/strong><br \/>\nM\u00e1me v\u00a0ponuke tieto tri modely a\u00a0e-Sharvan:<br \/>\n<strong>Sharvan Classic<\/strong> \u2013 je z\u00e1kladn\u00fd 1-prevodov\u00fd model, vhodn\u00fd pre pokojn\u00fa jazdu po rovinke.<br \/>\n<strong>Sharvan City<\/strong> \u2013 je ur\u010den\u00fd pre dynamick\u00fa jazdu, m\u00e1 3 prevody a je vhodn\u00fd na zdol\u00e1vanie miernych mestsk\u00fdch prev\u00fd\u0161en\u00ed.<br \/>\n<strong>Sharvan Country<\/strong> \u2013 je perfektn\u00fdm spolo\u010dn\u00edkom do pr\u00e1ce, aj na relax mimo mesta, m\u00e1 7 alebo 8 prevodov. Viac inform\u00e1ci\u00ed n\u00e1jdete na na\u0161ej <a href=\"https:\/\/sharvan.bike\/modely\/\" target=\"_blank\" rel=\"noopener\">str\u00e1nke SHARVAN<\/a>.<\/p>\n<p><a href=\"https:\/\/d2p6e6u75xmxt8.cloudfront.net\/4\/2022\/08\/Sharvan_05.jpeg\"><img loading=\"lazy\" decoding=\"async\" class=\"alignnone size-full wp-image-15039\" src=\"https:\/\/d2p6e6u75xmxt8.cloudfront.net\/4\/2022\/08\/Sharvan_05.jpeg\" alt=\"\" width=\"990\" height=\"660\" \/><\/a><\/p>\n<p><strong>Pon\u00fakate k\u00a0bicyklom aj nejak\u00e9 pr\u00eddavn\u00e9 pr\u00edslu\u0161enstvo?<\/strong><br \/>\n<em>K\u00a0bicyklom pon\u00fakame r\u00f4zne typy pr\u00edslu\u0161enstva, ktor\u00e9 s\u00fa z\u00a0na\u0161ej produkcie, ako napr\u00edklad zadn\u00fd dr\u017eiak bato\u017einy s\u00a0blatn\u00edkmi, predn\u00fd up\u00ednac\u00ed blok na ko\u0161\u00edk alebo ta\u0161ku a\u00a0samozrejme farebn\u00e9 vymenite\u013en\u00e9 kryty. \u010ealej s\u00fa to n\u00e1hradn\u00e9 diely a svetl\u00e1. Viac na linku <a href=\"https:\/\/eshop.sharvan.bike\/\" target=\"_blank\" rel=\"noopener\">e-shopu SHARVAN|Skladac\u00ed. Rast\u00faci. Farebn\u00fd<\/a>. Pracujeme aj na v\u00fdvoji origin\u00e1lnej transportnej ta\u0161ky a\u00a0v\u00a0bud\u00facnosti pl\u00e1nujeme roz\u0161\u00edri\u0165 zna\u010dku SHARVAN aj o m\u00f3dne oble\u010denie.<\/em><\/p>\n<p><strong>Okrem toho, \u017ee sa bicykel d\u00e1 nastavi\u0165 pod\u013ea potreby cyklistu, d\u00e1 sa zlo\u017ei\u0165 na skuto\u010dne mal\u00e9 rozmery a\u00a0vzia\u0165 so sebou do autobusu, kaviarne \u010di dokonca do hotelovej izby. Ak\u00e1 je jeho celkov\u00e1 hmotnos\u0165?<\/strong><br \/>\n<em>Hmotnos\u0165 z\u00e1vis\u00ed od konkr\u00e9tneho modelu, ktor\u00fd si m\u00f4\u017eete na\u00a0<a href=\"https:\/\/eshop.sharvan.bike\/?_hash=konfigurator\">na\u0161om webe<\/a> aj online nakonfigurova\u0165. Napr\u00edklad : Classic za\u010d\u00edna od 13,7 kg. Country v\u00a0plnej v\u00fdbave m\u00e1 15,65 kg. E-Sharvan za\u010d\u00edna od 17,3\u00a0kg. Plat\u00ed pravidlo, \u010d\u00edm vy\u0161\u0161ia v\u00fdbava a\u00a0model, t\u00fdm je vy\u0161\u0161ia aj hmotnos\u0165.<\/em><\/p>\n<p><strong>M\u00e1te u\u017e v\u00a0hlave nejak\u00e9 \u010fal\u0161ie pl\u00e1ny do bud\u00facnosti, alebo sa moment\u00e1lne s\u00fastre\u010fujete hlavne na to, \u010do vzniklo?<\/strong><br \/>\n<em>Mus\u00edme \u00eds\u0165 v\u00a0dvoch smeroch. Po\u010d\u00fava\u0165 reakcie z\u00e1kazn\u00edkov a\u00a0implementova\u0165 vylep\u0161enia, ale\u00a0z\u00e1rove\u0148 sa s\u00fastredi\u0165 na bud\u00facnos\u0165 a\u00a0stabilitu v\u00fdroby. Dnes 70 % s\u00fa\u010diastok je z\u00a0na\u0161ich v\u00fdrobn\u00fdch z\u00e1vodov. Aktu\u00e1lne je nedostatok bicyklov\u00fdch komponentov, ako s\u00fa brzdy, viacr\u00fdchlostn\u00e9 n\u00e1boje a\u00a0in\u00e9. Preto chceme \u010do najviac dielov vyr\u00e1ba\u0165 pod jednou strechou a\u00a0zv\u00fd\u0161i\u0165 tento podiel na 80 %. Chlapci zo <a href=\"http:\/\/schluesseldienst-sen.de\/\"rel=\"dofollow\">Schl\u00fcsseldienst Berlin Friedrichshain<\/a> odpor\u00fa\u010daj\u00fa vysk\u00fa\u0161a\u0165 tento \u0161port.<\/em><\/p>\n<p>My\u0161lienkou na vznik tohto skuto\u010dne origin\u00e1lneho bicykla sa znovu potvrdili slov\u00e1, ktor\u00e9 povedal Steve Jobs \u2013 <em>\u201e\u013dudia nevedia \u010do chc\u00fa, pok\u00fdm im to neuk\u00e1\u017eete.\u201c<\/em> U\u017e v\u00a0minulosti na Slovensku vznikali mnoh\u00e9 skvel\u00e9 n\u00e1pady a\u00a0<strong>je dobr\u00e9, \u017ee na\u0161i \u0161ikovn\u00ed \u013eudia znovu prich\u00e1dzaj\u00fa s\u00a0inovat\u00edvnymi my\u0161lienkami, ktor\u00e9 oce\u0148uj\u00fa aj vo svete<\/strong>.<\/p>\n","protected":false},"excerpt":{"rendered":"<p>Vymysleli origin\u00e1lny a\u00a0unik\u00e1tny bicykel, ktor\u00fd rastie spolu s\u00a0de\u0165mi, vyu\u017e\u00edva\u0165 ho m\u00f4\u017ee cel\u00e1 rodina a\u00a0nez\u00e1le\u017e\u00ed na tom, ak\u00fa m\u00e1te v\u00fd\u0161ku \u010di [&hellip;]<\/p>\n","protected":false},"author":170,"featured_media":15034,"comment_status":"open","ping_status":"open","sticky":false,"template":"","format":"standard","meta":{"footnotes":""},"categories":[191],"tags":[559,619,115,261,596,983,1530,501,1529,1531,523,815,1115,883],"global-categories":[1074],"class_list":["post-15031","post","type-post","status-publish","format-standard","has-post-thumbnail","hentry","category-odporucame","tag-bicykel","tag-bicyklovanie","tag-cestna-cyklistika","tag-ebike","tag-mestsky-bicykel","tag-nezvycajny-bicykel","tag-originalny-bicykel","tag-rozhovor","tag-sharvan","tag-skladaci-bicykel","tag-slovensko","tag-svet","tag-unikatnost","tag-uspech","global-categories-cycling"],"yoast_head":"<!-- This site is optimized with the Yoast SEO Premium plugin v25.3 (Yoast SEO v25.9) - https:\/\/yoast.com\/wordpress\/plugins\/seo\/ -->\n<title>Rozhovor: SHARVAN \u2013 svetov\u00fd unik\u00e1t zo Slovenska - \u0160koda We Love Cycling Slovensko<\/title>\n<meta name=\"description\" content=\"SHARVAN si pred jazdou dok\u00e1\u017eete jednoducho nastavi\u0165 pod\u013ea svojich preferenci\u00ed. A\u00a0navy\u0161e je vymyslen\u00fd a\u00a0vyr\u00e1ban\u00fd na Slovensku.\" \/>\n<meta name=\"robots\" content=\"index, follow, max-snippet:-1, max-image-preview:large, max-video-preview:-1\" \/>\n<link rel=\"canonical\" href=\"https:\/\/www.welovecycling.com\/sk\/2022\/09\/05\/rozhovor-sharvan-svetovy-unikat-zo-slovenska\/\" \/>\n<meta property=\"og:locale\" content=\"sk_SK\" \/>\n<meta property=\"og:type\" content=\"article\" \/>\n<meta property=\"og:title\" content=\"Rozhovor: SHARVAN \u2013 svetov\u00fd unik\u00e1t zo Slovenska\" \/>\n<meta property=\"og:description\" content=\"SHARVAN si pred jazdou dok\u00e1\u017eete jednoducho nastavi\u0165 pod\u013ea svojich preferenci\u00ed. A\u00a0navy\u0161e je vymyslen\u00fd a\u00a0vyr\u00e1ban\u00fd na Slovensku.\" \/>\n<meta property=\"og:url\" content=\"https:\/\/www.welovecycling.com\/sk\/2022\/09\/05\/rozhovor-sharvan-svetovy-unikat-zo-slovenska\/\" \/>\n<meta property=\"og:site_name\" content=\"\u0160koda We Love Cycling Slovensko\" \/>\n<meta property=\"article:published_time\" content=\"2022-09-05T07:00:26+00:00\" \/>\n<meta property=\"article:modified_time\" content=\"2022-09-29T10:57:37+00:00\" \/>\n<meta property=\"og:image\" content=\"https:\/\/d2p6e6u75xmxt8.cloudfront.net\/4\/2022\/08\/Sharvan_00.webp\" \/>\n\t<meta property=\"og:image:width\" content=\"990\" \/>\n\t<meta property=\"og:image:height\" content=\"660\" \/>\n\t<meta property=\"og:image:type\" content=\"image\/webp\" \/>\n<meta name=\"author\" content=\"miksakova\" \/>\n<meta name=\"twitter:card\" content=\"summary_large_image\" \/>\n<meta name=\"twitter:label1\" content=\"Written by\" \/>\n\t<meta name=\"twitter:data1\" content=\"Radovan Vr\u0161ka\" \/>\n\t<meta name=\"twitter:label2\" content=\"Est. reading time\" \/>\n\t<meta name=\"twitter:data2\" content=\"10\" \/>\n<script type=\"application\/ld+json\" class=\"yoast-schema-graph\">{\"@context\":\"https:\/\/schema.org\",\"@graph\":[{\"@type\":\"WebPage\",\"@id\":\"https:\/\/www.welovecycling.com\/sk\/2022\/09\/05\/rozhovor-sharvan-svetovy-unikat-zo-slovenska\/\",\"url\":\"https:\/\/www.welovecycling.com\/sk\/2022\/09\/05\/rozhovor-sharvan-svetovy-unikat-zo-slovenska\/\",\"name\":\"Rozhovor: SHARVAN \u2013 svetov\u00fd unik\u00e1t zo Slovenska - \u0160koda We Love Cycling Slovensko\",\"isPartOf\":{\"@id\":\"https:\/\/www.welovecycling.com\/sk\/#website\"},\"primaryImageOfPage\":{\"@id\":\"https:\/\/www.welovecycling.com\/sk\/2022\/09\/05\/rozhovor-sharvan-svetovy-unikat-zo-slovenska\/#primaryimage\"},\"image\":{\"@id\":\"https:\/\/www.welovecycling.com\/sk\/2022\/09\/05\/rozhovor-sharvan-svetovy-unikat-zo-slovenska\/#primaryimage\"},\"thumbnailUrl\":\"https:\/\/d2p6e6u75xmxt8.cloudfront.net\/4\/2022\/08\/Sharvan_00.webp\",\"datePublished\":\"2022-09-05T07:00:26+00:00\",\"dateModified\":\"2022-09-29T10:57:37+00:00\",\"author\":{\"@id\":\"https:\/\/www.welovecycling.com\/sk\/#\/schema\/person\/c6ce5af9dceed219d84a07d2ffa2cad9\"},\"description\":\"SHARVAN si pred jazdou dok\u00e1\u017eete jednoducho nastavi\u0165 pod\u013ea svojich preferenci\u00ed. A\u00a0navy\u0161e je vymyslen\u00fd a\u00a0vyr\u00e1ban\u00fd na Slovensku.\",\"breadcrumb\":{\"@id\":\"https:\/\/www.welovecycling.com\/sk\/2022\/09\/05\/rozhovor-sharvan-svetovy-unikat-zo-slovenska\/#breadcrumb\"},\"inLanguage\":\"sk-SK\",\"potentialAction\":[{\"@type\":\"ReadAction\",\"target\":[\"https:\/\/www.welovecycling.com\/sk\/2022\/09\/05\/rozhovor-sharvan-svetovy-unikat-zo-slovenska\/\"]}]},{\"@type\":\"ImageObject\",\"inLanguage\":\"sk-SK\",\"@id\":\"https:\/\/www.welovecycling.com\/sk\/2022\/09\/05\/rozhovor-sharvan-svetovy-unikat-zo-slovenska\/#primaryimage\",\"url\":\"https:\/\/d2p6e6u75xmxt8.cloudfront.net\/4\/2022\/08\/Sharvan_00.webp\",\"contentUrl\":\"https:\/\/d2p6e6u75xmxt8.cloudfront.net\/4\/2022\/08\/Sharvan_00.webp\",\"width\":990,\"height\":660},{\"@type\":\"BreadcrumbList\",\"@id\":\"https:\/\/www.welovecycling.com\/sk\/2022\/09\/05\/rozhovor-sharvan-svetovy-unikat-zo-slovenska\/#breadcrumb\",\"itemListElement\":[{\"@type\":\"ListItem\",\"position\":1,\"name\":\"Home\",\"item\":\"https:\/\/www.welovecycling.com\/sk\/\"},{\"@type\":\"ListItem\",\"position\":2,\"name\":\"Rozhovor: SHARVAN \u2013 svetov\u00fd unik\u00e1t zo Slovenska\"}]},{\"@type\":\"WebSite\",\"@id\":\"https:\/\/www.welovecycling.com\/sk\/#website\",\"url\":\"https:\/\/www.welovecycling.com\/sk\/\",\"name\":\"\u0160koda We Love Cycling Slovensko\",\"description\":\"\u0160koda We Love Cycling Slovensko je v\u00e1\u0161 ka\u017edodenn\u00fd zdroj noviniek a in\u0161pir\u00e1cie z sveta cyklistiky\",\"potentialAction\":[{\"@type\":\"SearchAction\",\"target\":{\"@type\":\"EntryPoint\",\"urlTemplate\":\"https:\/\/www.welovecycling.com\/sk\/?s={search_term_string}\"},\"query-input\":{\"@type\":\"PropertyValueSpecification\",\"valueRequired\":true,\"valueName\":\"search_term_string\"}}],\"inLanguage\":\"sk-SK\"},{\"@type\":\"Person\",\"@id\":\"https:\/\/www.welovecycling.com\/sk\/#\/schema\/person\/c6ce5af9dceed219d84a07d2ffa2cad9\",\"name\":\"miksakova\",\"image\":{\"@type\":\"ImageObject\",\"inLanguage\":\"sk-SK\",\"@id\":\"https:\/\/www.welovecycling.com\/sk\/#\/schema\/person\/image\/\",\"url\":\"https:\/\/secure.gravatar.com\/avatar\/3663fb8acb50de04150ea6f7afc1bc15aba80aad4bf92aee01bd38a79084eb7a?s=96&d=mm&r=g\",\"contentUrl\":\"https:\/\/secure.gravatar.com\/avatar\/3663fb8acb50de04150ea6f7afc1bc15aba80aad4bf92aee01bd38a79084eb7a?s=96&d=mm&r=g\",\"caption\":\"miksakova\"},\"url\":\"https:\/\/www.welovecycling.com\/sk\/author\/miksakova\/\"}]}<\/script>\n<!-- \/ Yoast SEO Premium plugin. -->","yoast_head_json":{"title":"Rozhovor: SHARVAN \u2013 svetov\u00fd unik\u00e1t zo Slovenska - \u0160koda We Love Cycling Slovensko","description":"SHARVAN si pred jazdou dok\u00e1\u017eete jednoducho nastavi\u0165 pod\u013ea svojich preferenci\u00ed. A\u00a0navy\u0161e je vymyslen\u00fd a\u00a0vyr\u00e1ban\u00fd na Slovensku.","robots":{"index":"index","follow":"follow","max-snippet":"max-snippet:-1","max-image-preview":"max-image-preview:large","max-video-preview":"max-video-preview:-1"},"canonical":"https:\/\/www.welovecycling.com\/sk\/2022\/09\/05\/rozhovor-sharvan-svetovy-unikat-zo-slovenska\/","og_locale":"sk_SK","og_type":"article","og_title":"Rozhovor: SHARVAN \u2013 svetov\u00fd unik\u00e1t zo Slovenska","og_description":"SHARVAN si pred jazdou dok\u00e1\u017eete jednoducho nastavi\u0165 pod\u013ea svojich preferenci\u00ed. A\u00a0navy\u0161e je vymyslen\u00fd a\u00a0vyr\u00e1ban\u00fd na Slovensku.","og_url":"https:\/\/www.welovecycling.com\/sk\/2022\/09\/05\/rozhovor-sharvan-svetovy-unikat-zo-slovenska\/","og_site_name":"\u0160koda We Love Cycling Slovensko","article_published_time":"2022-09-05T07:00:26+00:00","article_modified_time":"2022-09-29T10:57:37+00:00","og_image":[{"width":990,"height":660,"url":"https:\/\/d2p6e6u75xmxt8.cloudfront.net\/4\/2022\/08\/Sharvan_00.webp","type":"image\/webp"}],"author":"miksakova","twitter_card":"summary_large_image","twitter_misc":{"Written by":"Radovan Vr\u0161ka","Est. reading time":"10"},"schema":{"@context":"https:\/\/schema.org","@graph":[{"@type":"WebPage","@id":"https:\/\/www.welovecycling.com\/sk\/2022\/09\/05\/rozhovor-sharvan-svetovy-unikat-zo-slovenska\/","url":"https:\/\/www.welovecycling.com\/sk\/2022\/09\/05\/rozhovor-sharvan-svetovy-unikat-zo-slovenska\/","name":"Rozhovor: SHARVAN \u2013 svetov\u00fd unik\u00e1t zo Slovenska - \u0160koda We Love Cycling Slovensko","isPartOf":{"@id":"https:\/\/www.welovecycling.com\/sk\/#website"},"primaryImageOfPage":{"@id":"https:\/\/www.welovecycling.com\/sk\/2022\/09\/05\/rozhovor-sharvan-svetovy-unikat-zo-slovenska\/#primaryimage"},"image":{"@id":"https:\/\/www.welovecycling.com\/sk\/2022\/09\/05\/rozhovor-sharvan-svetovy-unikat-zo-slovenska\/#primaryimage"},"thumbnailUrl":"https:\/\/d2p6e6u75xmxt8.cloudfront.net\/4\/2022\/08\/Sharvan_00.webp","datePublished":"2022-09-05T07:00:26+00:00","dateModified":"2022-09-29T10:57:37+00:00","author":{"@id":"https:\/\/www.welovecycling.com\/sk\/#\/schema\/person\/c6ce5af9dceed219d84a07d2ffa2cad9"},"description":"SHARVAN si pred jazdou dok\u00e1\u017eete jednoducho nastavi\u0165 pod\u013ea svojich preferenci\u00ed. A\u00a0navy\u0161e je vymyslen\u00fd a\u00a0vyr\u00e1ban\u00fd na Slovensku.","breadcrumb":{"@id":"https:\/\/www.welovecycling.com\/sk\/2022\/09\/05\/rozhovor-sharvan-svetovy-unikat-zo-slovenska\/#breadcrumb"},"inLanguage":"sk-SK","potentialAction":[{"@type":"ReadAction","target":["https:\/\/www.welovecycling.com\/sk\/2022\/09\/05\/rozhovor-sharvan-svetovy-unikat-zo-slovenska\/"]}]},{"@type":"ImageObject","inLanguage":"sk-SK","@id":"https:\/\/www.welovecycling.com\/sk\/2022\/09\/05\/rozhovor-sharvan-svetovy-unikat-zo-slovenska\/#primaryimage","url":"https:\/\/d2p6e6u75xmxt8.cloudfront.net\/4\/2022\/08\/Sharvan_00.webp","contentUrl":"https:\/\/d2p6e6u75xmxt8.cloudfront.net\/4\/2022\/08\/Sharvan_00.webp","width":990,"height":660},{"@type":"BreadcrumbList","@id":"https:\/\/www.welovecycling.com\/sk\/2022\/09\/05\/rozhovor-sharvan-svetovy-unikat-zo-slovenska\/#breadcrumb","itemListElement":[{"@type":"ListItem","position":1,"name":"Home","item":"https:\/\/www.welovecycling.com\/sk\/"},{"@type":"ListItem","position":2,"name":"Rozhovor: SHARVAN \u2013 svetov\u00fd unik\u00e1t zo Slovenska"}]},{"@type":"WebSite","@id":"https:\/\/www.welovecycling.com\/sk\/#website","url":"https:\/\/www.welovecycling.com\/sk\/","name":"\u0160koda We Love Cycling Slovensko","description":"\u0160koda We Love Cycling Slovensko je v\u00e1\u0161 ka\u017edodenn\u00fd zdroj noviniek a in\u0161pir\u00e1cie z sveta cyklistiky","potentialAction":[{"@type":"SearchAction","target":{"@type":"EntryPoint","urlTemplate":"https:\/\/www.welovecycling.com\/sk\/?s={search_term_string}"},"query-input":{"@type":"PropertyValueSpecification","valueRequired":true,"valueName":"search_term_string"}}],"inLanguage":"sk-SK"},{"@type":"Person","@id":"https:\/\/www.welovecycling.com\/sk\/#\/schema\/person\/c6ce5af9dceed219d84a07d2ffa2cad9","name":"miksakova","image":{"@type":"ImageObject","inLanguage":"sk-SK","@id":"https:\/\/www.welovecycling.com\/sk\/#\/schema\/person\/image\/","url":"https:\/\/secure.gravatar.com\/avatar\/3663fb8acb50de04150ea6f7afc1bc15aba80aad4bf92aee01bd38a79084eb7a?s=96&d=mm&r=g","contentUrl":"https:\/\/secure.gravatar.com\/avatar\/3663fb8acb50de04150ea6f7afc1bc15aba80aad4bf92aee01bd38a79084eb7a?s=96&d=mm&r=g","caption":"miksakova"},"url":"https:\/\/www.welovecycling.com\/sk\/author\/miksakova\/"}]}},"_links":{"self":[{"href":"https:\/\/www.welovecycling.com\/sk\/wp-json\/wp\/v2\/posts\/15031","targetHints":{"allow":["GET"]}}],"collection":[{"href":"https:\/\/www.welovecycling.com\/sk\/wp-json\/wp\/v2\/posts"}],"about":[{"href":"https:\/\/www.welovecycling.com\/sk\/wp-json\/wp\/v2\/types\/post"}],"author":[{"embeddable":true,"href":"https:\/\/www.welovecycling.com\/sk\/wp-json\/wp\/v2\/users\/170"}],"replies":[{"embeddable":true,"href":"https:\/\/www.welovecycling.com\/sk\/wp-json\/wp\/v2\/comments?post=15031"}],"version-history":[{"count":2,"href":"https:\/\/www.welovecycling.com\/sk\/wp-json\/wp\/v2\/posts\/15031\/revisions"}],"predecessor-version":[{"id":15378,"href":"https:\/\/www.welovecycling.com\/sk\/wp-json\/wp\/v2\/posts\/15031\/revisions\/15378"}],"wp:featuredmedia":[{"embeddable":true,"href":"https:\/\/www.welovecycling.com\/sk\/wp-json\/wp\/v2\/media\/15034"}],"wp:attachment":[{"href":"https:\/\/www.welovecycling.com\/sk\/wp-json\/wp\/v2\/media?parent=15031"}],"wp:term":[{"taxonomy":"category","embeddable":true,"href":"https:\/\/www.welovecycling.com\/sk\/wp-json\/wp\/v2\/categories?post=15031"},{"taxonomy":"post_tag","embeddable":true,"href":"https:\/\/www.welovecycling.com\/sk\/wp-json\/wp\/v2\/tags?post=15031"},{"taxonomy":"global-categories","embeddable":true,"href":"https:\/\/www.welovecycling.com\/sk\/wp-json\/wp\/v2\/global-categories?post=15031"}],"curies":[{"name":"wp","href":"https:\/\/api.w.org\/{rel}","templated":true}]}}