{"id":1503,"date":"2017-07-08T13:44:47","date_gmt":"2017-07-08T11:44:47","guid":{"rendered":"https:\/\/www.welovecycling.com\/sk\/?p=1503"},"modified":"2017-12-18T13:11:26","modified_gmt":"2017-12-18T12:11:26","slug":"kral-mrtvy-nech-zije-kral","status":"publish","type":"post","link":"https:\/\/www.welovecycling.com\/sk\/2017\/07\/08\/kral-mrtvy-nech-zije-kral\/","title":{"rendered":"Kr\u00e1\u013e je m\u0155tvy, nech \u017eije kr\u00e1\u013e?"},"content":{"rendered":"<p><strong>Po incidente na \u0161tvrtej etape vypadli z bodovacej s\u00fa\u0165a\u017ee o zelen\u00fd dres hne\u010f dve siln\u00e9 men\u00e1: Pe\u0165o Sagan, obhajca minuloro\u010dn\u00e9ho titulu, a zranen\u00fd Mark Cavendish, &#8222;dvojka&#8220; na Tour 2016. \u010co m\u00f4\u017eeme t\u00fato Tour teda o\u010dak\u00e1va\u0165 od bodovacej s\u00fa\u0165a\u017ee?<\/strong><!--more--><\/p>\n<p>Po\u010fme sa najsk\u00f4r pozrie\u0165 trochu do minulosti.<\/p>\n<h2><strong>Tour de France 2016<\/strong><\/h2>\n<p>Presne takto pred rokom spolu Sagan a Cavendish pribli\u017ene do 10. etapy zv\u00e1dzali boj o prv\u00e9 miesto. Nako\u013eko mal v\u0161ak Peter od 10. etapy slu\u0161n\u00fd n\u00e1skok, Cav zo s\u00fa\u0165a\u017ee po 17. etape odst\u00fapil a za\u010dal sa venova\u0165 pr\u00edprave na Olympi\u00e1du. Kone\u010dn\u00e9 poradie prvej p\u00e4\u0165ky potom vyzeralo nasledovne:<\/p>\n<table cellpadding=\"10\">\n<tbody>\n<tr>\n<td style=\"width: 35px;\">1.<\/td>\n<td style=\"width: 320px;\">Peter Sagan (Tinkoff)<\/td>\n<td style=\"text-align: left;\">470\u00a0b.<\/td>\n<\/tr>\n<tr>\n<td>2.<\/td>\n<td>Marcel Kittel (Etixx-Quick Step)<\/td>\n<td>228\u00a0b.<\/td>\n<\/tr>\n<tr>\n<td>3.<\/td>\n<td>Michael Matthews (ORICA BikeExchange)<\/td>\n<td>199\u00a0b.<\/td>\n<\/tr>\n<tr>\n<td>4.<\/td>\n<td>Andr\u00e9 Greipel (Lotto-Soudal)<\/td>\n<td>178 b.<\/td>\n<\/tr>\n<tr>\n<td>5.<\/td>\n<td>Alexander Kristoff (Team Katusha)<\/td>\n<td>172\u00a0b.<\/td>\n<\/tr>\n<\/tbody>\n<\/table>\n<p>&nbsp;<\/p>\n<p>V porovnan\u00ed so Saganov\u00fdm prv\u00fdm miestom sa m\u00f4\u017eu zda\u0165 ostatn\u00e9 bodov\u00e9 zisky zanedbate\u013en\u00e9, no ak si prv\u00fd riadok odmysl\u00edme\u00a0(\u010do sme tento rok bohu\u017eia\u013e museli urobi\u0165), rozdiel medzi Kittelom na druhom a Kristoffom na piatom je &#8222;len&#8220; nie\u010do cez bodov\u00fd zisk za prv\u00e9 miesto na rovinatej etape. To by mohlo by\u0165 do konca e\u0161te dramatick\u00e9, nie?<\/p>\n<p>Vr\u00e1\u0165me sa do s\u00fa\u010dasnosti.<\/p>\n<h2><strong>Tour de France 2017<\/strong><\/h2>\n<p>Situ\u00e1cia je zatia\u013e asi tak\u00e1to:<\/p>\n<p>Nieko\u013eko et\u00e1p si zelen\u00fd dres dr\u017eal Franc\u00faz Arnaud D\u00e9mare (mimochodom, v\u00ed\u0165az\u00a0zelen\u00e9ho dresu na ned\u00e1vnom Crit\u00e9rium du Dauphin\u00e9 a \u00faraduj\u00faci majster Franc\u00fazska). Vy\u0161vihol sa ziskom svojej \u00faplne prvej (tej ne\u0161\u0165astnej \u0161tvrtej) etapy na Tour, no ani ten sa v \u0148om dlho neohrial &#8211; po z\u00e1sluhe ho pr\u00e1ve oblieka v\u00ed\u0165az dvoch posledn\u00fdch et\u00e1p, Marcel Kittel. Z\u00edskal\u00a0za ne skvel\u00fdch 110 bodov.<\/p>\n<p>Predov\u0161etk\u00fdm t\u00e1 dne\u0161n\u00e1 bola nap\u00ednav\u00e1 do poslednej sekundy, nako\u013eko sa s v\u00fdsledkom \u010dakalo a\u017e na &#8222;fotky&#8220;. Presved\u010dte sa sami.<\/p>\n<div class=\"embed-controller-wrapper\">\n<div class=\"embed-wrapper\"><iframe title=\"The \u0160KODA green jersey minute - Stage 7 - Tour de France 2017\" width=\"500\" height=\"281\" data-src=\"https:\/\/www.youtube.com\/embed\/gvTrntcxVGA?feature=oembed\" frameborder=\"0\" allow=\"accelerometer; autoplay; clipboard-write; encrypted-media; gyroscope; picture-in-picture; web-share\" referrerpolicy=\"strict-origin-when-cross-origin\" allowfullscreen><\/iframe><\/div>\n<\/div>\n<h3><strong>Poradie po siedmej etape<\/strong><\/h3>\n<table cellpadding=\"10\">\n<tbody>\n<tr>\n<td style=\"width: 35px;\">1.<\/td>\n<td style=\"width: 320px;\">Marcel Kittel (Etixx-Quick Step)<\/td>\n<td>197 b.<\/td>\n<\/tr>\n<tr>\n<td>2.<\/td>\n<td>Arnaud D\u00e9mare (FDJ)<\/td>\n<td>182 b.<\/td>\n<\/tr>\n<tr>\n<td>3.<\/td>\n<td>Michael Matthews (Team Sunweb)<\/td>\n<td>123 b.<\/td>\n<\/tr>\n<tr>\n<td>4.<\/td>\n<td>Andr\u00e9 Greipel (Lotto-Soudal)<\/td>\n<td>110 b.<\/td>\n<\/tr>\n<tr>\n<td>5.<\/td>\n<td>Alexander Kristoff (Team Katusha)<\/td>\n<td>102\u00a0b.<\/td>\n<\/tr>\n<\/tbody>\n<\/table>\n<p>&nbsp;<\/p>\n<p>Moment\u00e1lne s\u00fa v\u0161etci piati (minuloro\u010dn\u00e1 &#8222;\u0161tvorka&#8220; a D\u00e9mare) v rozmedz\u00ed 100 a\u017e 200 bodov, \u010dak\u00e1 n\u00e1s v\u0161ak e\u0161te dlh\u00e1 cesta a zmeni\u0165 sa toho m\u00f4\u017ee naozaj ve\u013ea.<\/p>\n<p><span style=\"color: #4ba800;\"><strong>UPDATE (10.7.): A stalo sa, na ve\u013ek\u00e9 zmeny sta\u010dilo po\u010dka\u0165 iba dve etapy. Z bodovacej s\u00fa\u0165a\u017ee vypadol n\u00e1dejn\u00fd Arnaud D\u00e9mare, ke\u010f vo vy\u010derp\u00e1vaj\u00facej (a da\u017edivej) nede\u013e\u0148aj\u0161ej horskej etape nedo\u0161iel do cie\u013ea v \u010dasovom limite. O n\u00e1ro\u010dnosti etapy sved\u010d\u00ed aj fakt, \u017ee pelot\u00f3n dorazil v poslednej min\u00fate.<\/strong><\/span><\/p>\n<p><span style=\"color: #4ba800;\"><strong>Znamen\u00e1 to teda, \u017ee zelen\u00fd dres si tento rok odnesie Kittel?<br \/>\n<\/strong><\/span><\/p>\n<p>&nbsp;<\/p>\n<h2><strong>BONUS: #NoSaganNoTour<\/strong><\/h2>\n<p>K\u00fdm fan\u00fa\u0161ikovia Petra Sagana rozp\u00fatali na internete \u00fapln\u00e9 povstanie (samozrejme, nie je sa \u010domu \u010dudova\u0165, ani n\u00e1s tento verdikt nepote\u0161il), jazdci, ktor\u00fdch sa incident priamo t\u00fdka, si to vyrozpr\u00e1vali v pokoji.<\/p>\n<div class=\"embed-controller-wrapper\">\n<blockquote class=\"twitter-tweet\" data-width=\"500\" data-dnt=\"true\">\n<p lang=\"en\" dir=\"ltr\">Mark, get well soon! I prefer a finish like the one in the first photo \ud83d\ude09 but whatever the outcome, I look forward to racing against you! <a href=\"https:\/\/t.co\/JFSW4HqYnF\">pic.twitter.com\/JFSW4HqYnF<\/a><\/p>\n<p>&mdash; Peter Sagan (@petosagan) <a href=\"https:\/\/twitter.com\/petosagan\/status\/882929681007341570?ref_src=twsrc%5Etfw\">July 6, 2017<\/a><\/p><\/blockquote>\n<p><script async data-src=\"https:\/\/platform.twitter.com\/widgets.js\" charset=\"utf-8\"><\/script><\/div>\n<div class=\"embed-controller-wrapper\">\n<blockquote class=\"twitter-tweet\" data-width=\"500\" data-dnt=\"true\">\n<p lang=\"en\" dir=\"ltr\">Class&#8230; Proud to know you, Peter. See you soon mate. \ud83d\udcaa\ud83d\ude4f <a href=\"https:\/\/t.co\/X3mrLysrLT\">https:\/\/t.co\/X3mrLysrLT<\/a><\/p>\n<p>&mdash; Mark Cavendish (@MarkCavendish) <a href=\"https:\/\/twitter.com\/MarkCavendish\/status\/882932242024157184?ref_src=twsrc%5Etfw\">July 6, 2017<\/a><\/p><\/blockquote>\n<p><script async data-src=\"https:\/\/platform.twitter.com\/widgets.js\" charset=\"utf-8\"><\/script><\/div>\n","protected":false},"excerpt":{"rendered":"<p>Po incidente na \u0161tvrtej etape vypadli z bodovacej s\u00fa\u0165a\u017ee o zelen\u00fd dres hne\u010f dve siln\u00e9 men\u00e1: Pe\u0165o Sagan, obhajca minuloro\u010dn\u00e9ho [&hellip;]<\/p>\n","protected":false},"author":38,"featured_media":1538,"comment_status":"open","ping_status":"open","sticky":false,"template":"","format":"standard","meta":{"footnotes":""},"categories":[4,117],"tags":[155,148,150,115,153,136,154,46,20,108,156],"global-categories":[],"class_list":["post-1503","post","type-post","status-publish","format-standard","has-post-thumbnail","hentry","category-cestna-cyklisitika","category-tour-de-france","tag-alexander-kristoff","tag-andre-greipel","tag-arnaud-demare","tag-cestna-cyklistika","tag-marcel-kittel","tag-mark-cavendish","tag-michael-matthews","tag-peter-sagan","tag-tour-de-france","tag-tour-de-france-2017","tag-zeleny-dres"],"yoast_head":"<!-- This site is optimized with the Yoast SEO Premium plugin v25.3 (Yoast SEO v25.9) - https:\/\/yoast.com\/wordpress\/plugins\/seo\/ -->\n<title>Kr\u00e1\u013e je m\u0155tvy, nech \u017eije kr\u00e1\u013e? - \u0160koda We Love Cycling Slovensko<\/title>\n<meta name=\"robots\" content=\"index, follow, max-snippet:-1, max-image-preview:large, max-video-preview:-1\" \/>\n<link rel=\"canonical\" href=\"https:\/\/www.welovecycling.com\/sk\/2017\/07\/08\/kral-mrtvy-nech-zije-kral\/\" \/>\n<meta property=\"og:locale\" content=\"sk_SK\" \/>\n<meta property=\"og:type\" content=\"article\" \/>\n<meta property=\"og:title\" content=\"Kr\u00e1\u013e je m\u0155tvy, nech \u017eije kr\u00e1\u013e?\" \/>\n<meta property=\"og:description\" content=\"Po incidente na \u0161tvrtej etape vypadli z bodovacej s\u00fa\u0165a\u017ee o zelen\u00fd dres hne\u010f dve siln\u00e9 men\u00e1: Pe\u0165o Sagan, obhajca minuloro\u010dn\u00e9ho [&hellip;]\" \/>\n<meta property=\"og:url\" content=\"https:\/\/www.welovecycling.com\/sk\/2017\/07\/08\/kral-mrtvy-nech-zije-kral\/\" \/>\n<meta property=\"og:site_name\" content=\"\u0160koda We Love Cycling Slovensko\" \/>\n<meta property=\"article:published_time\" content=\"2017-07-08T11:44:47+00:00\" \/>\n<meta property=\"article:modified_time\" content=\"2017-12-18T12:11:26+00:00\" \/>\n<meta property=\"og:image\" content=\"https:\/\/d2p6e6u75xmxt8.cloudfront.net\/4\/2017\/07\/profimedia-0340383712jpg-e1499467575185.webp\" \/>\n\t<meta property=\"og:image:width\" content=\"1375\" \/>\n\t<meta property=\"og:image:height\" content=\"600\" \/>\n\t<meta property=\"og:image:type\" content=\"image\/webp\" \/>\n<meta name=\"author\" content=\"Ondrej Ga\u0161par\" \/>\n<meta name=\"twitter:card\" content=\"summary_large_image\" \/>\n<meta name=\"twitter:label1\" content=\"Written by\" \/>\n\t<meta name=\"twitter:data1\" content=\"We Love Cycling\" \/>\n\t<meta name=\"twitter:label2\" content=\"Est. reading time\" \/>\n\t<meta name=\"twitter:data2\" content=\"3 minutes\" \/>\n<script type=\"application\/ld+json\" class=\"yoast-schema-graph\">{\"@context\":\"https:\/\/schema.org\",\"@graph\":[{\"@type\":\"WebPage\",\"@id\":\"https:\/\/www.welovecycling.com\/sk\/2017\/07\/08\/kral-mrtvy-nech-zije-kral\/\",\"url\":\"https:\/\/www.welovecycling.com\/sk\/2017\/07\/08\/kral-mrtvy-nech-zije-kral\/\",\"name\":\"Kr\u00e1\u013e je m\u0155tvy, nech \u017eije kr\u00e1\u013e? - \u0160koda We Love Cycling Slovensko\",\"isPartOf\":{\"@id\":\"https:\/\/www.welovecycling.com\/sk\/#website\"},\"primaryImageOfPage\":{\"@id\":\"https:\/\/www.welovecycling.com\/sk\/2017\/07\/08\/kral-mrtvy-nech-zije-kral\/#primaryimage\"},\"image\":{\"@id\":\"https:\/\/www.welovecycling.com\/sk\/2017\/07\/08\/kral-mrtvy-nech-zije-kral\/#primaryimage\"},\"thumbnailUrl\":\"https:\/\/d2p6e6u75xmxt8.cloudfront.net\/4\/2017\/07\/profimedia-0340383712jpg-e1499467575185.webp\",\"datePublished\":\"2017-07-08T11:44:47+00:00\",\"dateModified\":\"2017-12-18T12:11:26+00:00\",\"author\":{\"@id\":\"https:\/\/www.welovecycling.com\/sk\/#\/schema\/person\/8ee09ba39b7e25b1870160aa5b3a89bc\"},\"breadcrumb\":{\"@id\":\"https:\/\/www.welovecycling.com\/sk\/2017\/07\/08\/kral-mrtvy-nech-zije-kral\/#breadcrumb\"},\"inLanguage\":\"sk-SK\",\"potentialAction\":[{\"@type\":\"ReadAction\",\"target\":[\"https:\/\/www.welovecycling.com\/sk\/2017\/07\/08\/kral-mrtvy-nech-zije-kral\/\"]}]},{\"@type\":\"ImageObject\",\"inLanguage\":\"sk-SK\",\"@id\":\"https:\/\/www.welovecycling.com\/sk\/2017\/07\/08\/kral-mrtvy-nech-zije-kral\/#primaryimage\",\"url\":\"https:\/\/d2p6e6u75xmxt8.cloudfront.net\/4\/2017\/07\/profimedia-0340383712jpg-e1499467575185.webp\",\"contentUrl\":\"https:\/\/d2p6e6u75xmxt8.cloudfront.net\/4\/2017\/07\/profimedia-0340383712jpg-e1499467575185.webp\",\"width\":1375,\"height\":600},{\"@type\":\"BreadcrumbList\",\"@id\":\"https:\/\/www.welovecycling.com\/sk\/2017\/07\/08\/kral-mrtvy-nech-zije-kral\/#breadcrumb\",\"itemListElement\":[{\"@type\":\"ListItem\",\"position\":1,\"name\":\"Home\",\"item\":\"https:\/\/www.welovecycling.com\/sk\/\"},{\"@type\":\"ListItem\",\"position\":2,\"name\":\"Kr\u00e1\u013e je m\u0155tvy, nech \u017eije kr\u00e1\u013e?\"}]},{\"@type\":\"WebSite\",\"@id\":\"https:\/\/www.welovecycling.com\/sk\/#website\",\"url\":\"https:\/\/www.welovecycling.com\/sk\/\",\"name\":\"\u0160koda We Love Cycling Slovensko\",\"description\":\"\u0160koda We Love Cycling Slovensko je v\u00e1\u0161 ka\u017edodenn\u00fd zdroj noviniek a in\u0161pir\u00e1cie z sveta cyklistiky\",\"potentialAction\":[{\"@type\":\"SearchAction\",\"target\":{\"@type\":\"EntryPoint\",\"urlTemplate\":\"https:\/\/www.welovecycling.com\/sk\/?s={search_term_string}\"},\"query-input\":{\"@type\":\"PropertyValueSpecification\",\"valueRequired\":true,\"valueName\":\"search_term_string\"}}],\"inLanguage\":\"sk-SK\"},{\"@type\":\"Person\",\"@id\":\"https:\/\/www.welovecycling.com\/sk\/#\/schema\/person\/8ee09ba39b7e25b1870160aa5b3a89bc\",\"name\":\"Ondrej Ga\u0161par\",\"image\":{\"@type\":\"ImageObject\",\"inLanguage\":\"sk-SK\",\"@id\":\"https:\/\/www.welovecycling.com\/sk\/#\/schema\/person\/image\/\",\"url\":\"https:\/\/secure.gravatar.com\/avatar\/6126c9afb87b70da5abbb083ddbb21933da15f18f8ca7cb822aba0fb096a48f6?s=96&d=mm&r=g\",\"contentUrl\":\"https:\/\/secure.gravatar.com\/avatar\/6126c9afb87b70da5abbb083ddbb21933da15f18f8ca7cb822aba0fb096a48f6?s=96&d=mm&r=g\",\"caption\":\"Ondrej Ga\u0161par\"},\"url\":\"https:\/\/www.welovecycling.com\/sk\/author\/ondrejgaspar\/\"}]}<\/script>\n<!-- \/ Yoast SEO Premium plugin. -->","yoast_head_json":{"title":"Kr\u00e1\u013e je m\u0155tvy, nech \u017eije kr\u00e1\u013e? - \u0160koda We Love Cycling Slovensko","robots":{"index":"index","follow":"follow","max-snippet":"max-snippet:-1","max-image-preview":"max-image-preview:large","max-video-preview":"max-video-preview:-1"},"canonical":"https:\/\/www.welovecycling.com\/sk\/2017\/07\/08\/kral-mrtvy-nech-zije-kral\/","og_locale":"sk_SK","og_type":"article","og_title":"Kr\u00e1\u013e je m\u0155tvy, nech \u017eije kr\u00e1\u013e?","og_description":"Po incidente na \u0161tvrtej etape vypadli z bodovacej s\u00fa\u0165a\u017ee o zelen\u00fd dres hne\u010f dve siln\u00e9 men\u00e1: Pe\u0165o Sagan, obhajca minuloro\u010dn\u00e9ho [&hellip;]","og_url":"https:\/\/www.welovecycling.com\/sk\/2017\/07\/08\/kral-mrtvy-nech-zije-kral\/","og_site_name":"\u0160koda We Love Cycling Slovensko","article_published_time":"2017-07-08T11:44:47+00:00","article_modified_time":"2017-12-18T12:11:26+00:00","og_image":[{"width":1375,"height":600,"url":"https:\/\/d2p6e6u75xmxt8.cloudfront.net\/4\/2017\/07\/profimedia-0340383712jpg-e1499467575185.webp","type":"image\/webp"}],"author":"Ondrej Ga\u0161par","twitter_card":"summary_large_image","twitter_misc":{"Written by":"We Love Cycling","Est. reading time":"3 minutes"},"schema":{"@context":"https:\/\/schema.org","@graph":[{"@type":"WebPage","@id":"https:\/\/www.welovecycling.com\/sk\/2017\/07\/08\/kral-mrtvy-nech-zije-kral\/","url":"https:\/\/www.welovecycling.com\/sk\/2017\/07\/08\/kral-mrtvy-nech-zije-kral\/","name":"Kr\u00e1\u013e je m\u0155tvy, nech \u017eije kr\u00e1\u013e? - \u0160koda We Love Cycling Slovensko","isPartOf":{"@id":"https:\/\/www.welovecycling.com\/sk\/#website"},"primaryImageOfPage":{"@id":"https:\/\/www.welovecycling.com\/sk\/2017\/07\/08\/kral-mrtvy-nech-zije-kral\/#primaryimage"},"image":{"@id":"https:\/\/www.welovecycling.com\/sk\/2017\/07\/08\/kral-mrtvy-nech-zije-kral\/#primaryimage"},"thumbnailUrl":"https:\/\/d2p6e6u75xmxt8.cloudfront.net\/4\/2017\/07\/profimedia-0340383712jpg-e1499467575185.webp","datePublished":"2017-07-08T11:44:47+00:00","dateModified":"2017-12-18T12:11:26+00:00","author":{"@id":"https:\/\/www.welovecycling.com\/sk\/#\/schema\/person\/8ee09ba39b7e25b1870160aa5b3a89bc"},"breadcrumb":{"@id":"https:\/\/www.welovecycling.com\/sk\/2017\/07\/08\/kral-mrtvy-nech-zije-kral\/#breadcrumb"},"inLanguage":"sk-SK","potentialAction":[{"@type":"ReadAction","target":["https:\/\/www.welovecycling.com\/sk\/2017\/07\/08\/kral-mrtvy-nech-zije-kral\/"]}]},{"@type":"ImageObject","inLanguage":"sk-SK","@id":"https:\/\/www.welovecycling.com\/sk\/2017\/07\/08\/kral-mrtvy-nech-zije-kral\/#primaryimage","url":"https:\/\/d2p6e6u75xmxt8.cloudfront.net\/4\/2017\/07\/profimedia-0340383712jpg-e1499467575185.webp","contentUrl":"https:\/\/d2p6e6u75xmxt8.cloudfront.net\/4\/2017\/07\/profimedia-0340383712jpg-e1499467575185.webp","width":1375,"height":600},{"@type":"BreadcrumbList","@id":"https:\/\/www.welovecycling.com\/sk\/2017\/07\/08\/kral-mrtvy-nech-zije-kral\/#breadcrumb","itemListElement":[{"@type":"ListItem","position":1,"name":"Home","item":"https:\/\/www.welovecycling.com\/sk\/"},{"@type":"ListItem","position":2,"name":"Kr\u00e1\u013e je m\u0155tvy, nech \u017eije kr\u00e1\u013e?"}]},{"@type":"WebSite","@id":"https:\/\/www.welovecycling.com\/sk\/#website","url":"https:\/\/www.welovecycling.com\/sk\/","name":"\u0160koda We Love Cycling Slovensko","description":"\u0160koda We Love Cycling Slovensko je v\u00e1\u0161 ka\u017edodenn\u00fd zdroj noviniek a in\u0161pir\u00e1cie z sveta cyklistiky","potentialAction":[{"@type":"SearchAction","target":{"@type":"EntryPoint","urlTemplate":"https:\/\/www.welovecycling.com\/sk\/?s={search_term_string}"},"query-input":{"@type":"PropertyValueSpecification","valueRequired":true,"valueName":"search_term_string"}}],"inLanguage":"sk-SK"},{"@type":"Person","@id":"https:\/\/www.welovecycling.com\/sk\/#\/schema\/person\/8ee09ba39b7e25b1870160aa5b3a89bc","name":"Ondrej Ga\u0161par","image":{"@type":"ImageObject","inLanguage":"sk-SK","@id":"https:\/\/www.welovecycling.com\/sk\/#\/schema\/person\/image\/","url":"https:\/\/secure.gravatar.com\/avatar\/6126c9afb87b70da5abbb083ddbb21933da15f18f8ca7cb822aba0fb096a48f6?s=96&d=mm&r=g","contentUrl":"https:\/\/secure.gravatar.com\/avatar\/6126c9afb87b70da5abbb083ddbb21933da15f18f8ca7cb822aba0fb096a48f6?s=96&d=mm&r=g","caption":"Ondrej Ga\u0161par"},"url":"https:\/\/www.welovecycling.com\/sk\/author\/ondrejgaspar\/"}]}},"_links":{"self":[{"href":"https:\/\/www.welovecycling.com\/sk\/wp-json\/wp\/v2\/posts\/1503","targetHints":{"allow":["GET"]}}],"collection":[{"href":"https:\/\/www.welovecycling.com\/sk\/wp-json\/wp\/v2\/posts"}],"about":[{"href":"https:\/\/www.welovecycling.com\/sk\/wp-json\/wp\/v2\/types\/post"}],"author":[{"embeddable":true,"href":"https:\/\/www.welovecycling.com\/sk\/wp-json\/wp\/v2\/users\/38"}],"replies":[{"embeddable":true,"href":"https:\/\/www.welovecycling.com\/sk\/wp-json\/wp\/v2\/comments?post=1503"}],"version-history":[{"count":2,"href":"https:\/\/www.welovecycling.com\/sk\/wp-json\/wp\/v2\/posts\/1503\/revisions"}],"predecessor-version":[{"id":1553,"href":"https:\/\/www.welovecycling.com\/sk\/wp-json\/wp\/v2\/posts\/1503\/revisions\/1553"}],"wp:featuredmedia":[{"embeddable":true,"href":"https:\/\/www.welovecycling.com\/sk\/wp-json\/wp\/v2\/media\/1538"}],"wp:attachment":[{"href":"https:\/\/www.welovecycling.com\/sk\/wp-json\/wp\/v2\/media?parent=1503"}],"wp:term":[{"taxonomy":"category","embeddable":true,"href":"https:\/\/www.welovecycling.com\/sk\/wp-json\/wp\/v2\/categories?post=1503"},{"taxonomy":"post_tag","embeddable":true,"href":"https:\/\/www.welovecycling.com\/sk\/wp-json\/wp\/v2\/tags?post=1503"},{"taxonomy":"global-categories","embeddable":true,"href":"https:\/\/www.welovecycling.com\/sk\/wp-json\/wp\/v2\/global-categories?post=1503"}],"curies":[{"name":"wp","href":"https:\/\/api.w.org\/{rel}","templated":true}]}}