{"id":15011,"date":"2022-08-08T10:00:43","date_gmt":"2022-08-08T08:00:43","guid":{"rendered":"https:\/\/www.welovecycling.com\/sk\/?p=15011"},"modified":"2023-04-13T11:08:04","modified_gmt":"2023-04-13T09:08:04","slug":"red-bull-hardline-2022-najtazsie-preteky-horskych-bicyklov","status":"publish","type":"post","link":"https:\/\/www.welovecycling.com\/sk\/2022\/08\/08\/red-bull-hardline-2022-najtazsie-preteky-horskych-bicyklov\/","title":{"rendered":"Red Bull Hardline 2022 \u2013 naj\u0165a\u017e\u0161ie preteky horsk\u00fdch bicyklov"},"content":{"rendered":"<p><strong>Naj\u0165a\u017e\u0161ie preteky horsk\u00fdch bicyklov v\u00a0downhill zjazde, ak\u00e9 boli kedy vymyslen\u00e9, sa konaj\u00fa pod hlavi\u010dkou Red Bull u\u017e 10. &#8211; 11. augusta 2022. Ich tvorca Dan Atherton je aj v\u010faka nim pokladan\u00fd za g\u00e9nia v\u00a0stavan\u00ed trat\u00ed. Ke\u010f po prv\u00fdkr\u00e1t uvidel pr\u00edrodu na svahoch Wales&#8217;s Dyfi Valley, horu s\u00a0obrovsk\u00fdm vodop\u00e1dom ved\u013ea nej, vedel, \u017ee tu raz chce usporiada\u0165 preteky horsk\u00fdch bicyklov. Prv\u00fd ro\u010dn\u00edk sa konal v\u00a0roku 2014.<\/strong><!--more--><\/p>\n<p>Pozrime sa bli\u017e\u0161ie, ako bude vyzera\u0165 tohtoro\u010dn\u00e1 tra\u0165. Pr\u00e1ve v\u010faka vodop\u00e1du je u\u017e samotn\u00fd za\u010diatok ohromuj\u00faci. Navy\u0161e pod sebou vid\u00edte takmer cel\u00fa tra\u0165 a\u00a0to je skuto\u010dne \u00fa\u017easn\u00fd poh\u013ead. Samotn\u00fd za\u010diatok bol v\u00a0minulosti o\u00a0nie\u010do vy\u0161\u0161ie, ale bolo treba dos\u0165 \u0161liapa\u0165 a\u00a0samotn\u00fd \u00favod nemal t\u00fa spr\u00e1vnu r\u00fdchlos\u0165. A\u00a0tak sa v\u00a0s\u00fa\u010dasnosti za\u010d\u00edna o\u00a0nie\u010do ni\u017e\u0161ie. <strong>Technicky tu nie s\u00fa \u017eiadne ve\u013ek\u00e9 skoky, ale jazdcov \u010dakaj\u00fa \u0161myk\u013eav\u00e9 kamene. Je tu ve\u013ea stromov, tak\u017ee si mus\u00edte zvykn\u00fa\u0165 na \u0161ero.<\/strong><\/p>\n<figure id=\"attachment_15014\" aria-describedby=\"caption-attachment-15014\" style=\"width: 990px\" class=\"wp-caption alignnone\"><a href=\"https:\/\/d2p6e6u75xmxt8.cloudfront.net\/4\/2022\/08\/Red-Bull-Hardline_01.jpg\"><img loading=\"lazy\" decoding=\"async\" class=\"size-full wp-image-15014\" src=\"https:\/\/d2p6e6u75xmxt8.cloudfront.net\/4\/2022\/08\/Red-Bull-Hardline_01.jpg\" alt=\"\" width=\"990\" height=\"660\" \/><\/a><figcaption id=\"caption-attachment-15014\" class=\"wp-caption-text\">Brage Vestavik na Red Bull Hardline, Dinas Mawydd, Walese, 25. j\u00fala 2021.\/Nathan Hughes\/Red Bull Content Pool<\/figcaption><\/figure>\n<p>V\u00a0druhej \u010dasti trate v\u00e1s u\u017e \u010dakaj\u00fa prv\u00e9 v\u00e1\u017ene skoky. A\u00a0to Rock drop, ktor\u00fd patr\u00ed k\u00a0jedn\u00fdm z\u00a0t\u00fdch naj\u0165a\u017e\u0161\u00edch. Ak ste ho zvl\u00e1dli nie je \u010das na oddych, preto\u017ee prich\u00e1dza Cannon, pri ktorom nie je priestor pre chyby. Druh\u00fa \u010das\u0165 zakon\u010duje skok Step up, ktor\u00fd bol po prv\u00fdkr\u00e1t zaraden\u00fd v\u00a0roku 2021 a\u00a0pol\u00e1malo si na \u0148om kosti u\u017e nieko\u013eko jazdcov.<\/p>\n<figure id=\"attachment_15015\" aria-describedby=\"caption-attachment-15015\" style=\"width: 990px\" class=\"wp-caption alignnone\"><a href=\"https:\/\/d2p6e6u75xmxt8.cloudfront.net\/4\/2022\/08\/Red-Bull-Hardline_02.jpg\"><img loading=\"lazy\" decoding=\"async\" class=\"size-full wp-image-15015\" src=\"https:\/\/d2p6e6u75xmxt8.cloudfront.net\/4\/2022\/08\/Red-Bull-Hardline_02.jpg\" alt=\"\" width=\"990\" height=\"660\" \/><\/a><figcaption id=\"caption-attachment-15015\" class=\"wp-caption-text\">Kade Edwards na Red Bull Hardline v Dinas Mawydd, Wales, 25. j\u00fala 2021.\/Dan Griffiths\/Red Bull Content Pool<\/figcaption><\/figure>\n<p>Tretia \u010das\u0165 nie je miesto na po\u013eavenie vo v\u00fdkone, lebo pr\u00e1ve tu m\u00e1te mo\u017enos\u0165 z\u00edska\u0165 d\u00f4le\u017eit\u00e9 sekundy. \u010cak\u00e1 v\u00e1s kamenist\u00fd povrch a\u00a0skoky ako Dirty Ferns, Waterfall Edge a The Bowl. <strong>Tie sa s\u00edce v priebehu rokov zmiernili, ale ka\u017ed\u00fd z nich je n\u00e1ro\u010dnou technickou v\u00fdzvou.<\/strong><\/p>\n<div class=\"shortcode-ys-post-pinup\"><article class=\"loop-simple post-13375 post type-post status-publish format-standard has-post-thumbnail hentry category-adrenalin category-mtb tag-adrenalin tag-fotenie tag-fotky tag-fotograf tag-mtb tag-red-bull tag-red-bull-illume-2021 tag-sutaz global-categories-cycling\" data-postid=\"13375\" role=\"article\" data-post-id=\"13375\" data-word-count=\"232\" data-headline-length=\"55\" data-category=\"Adrenal\u00edn\" data-global-category=\"Cycling\" data-author=\"Radovan Vr\u0161ka\" data-published=\"2021-11-24T10:00:51+01:00\" data-published-day=\"Wednesday\">\n    <div class=\"entry-thumbnail article-thumbnail\" content=\"https:\/\/d2p6e6u75xmxt8.cloudfront.net\/4\/2021\/11\/Red-Bull-Illume_00-150x150.webp\"><a href=\"https:\/\/www.welovecycling.com\/sk\/2021\/11\/24\/red-bull-illume-2021-fotky-ktore-vyrazaju-dych\/\" class=\"image-holder\" target=\"_self\"><img decoding=\"async\" loading=\"lazy\" class=\"\" src=\"https:\/\/d2p6e6u75xmxt8.cloudfront.net\/4\/2021\/11\/Red-Bull-Illume_00-1024x445.webp\" srcset=\"https:\/\/d2p6e6u75xmxt8.cloudfront.net\/4\/2021\/11\/Red-Bull-Illume_00.webp 1380w, https:\/\/d2p6e6u75xmxt8.cloudfront.net\/4\/2021\/11\/Red-Bull-Illume_00-300x130.webp 300w, https:\/\/d2p6e6u75xmxt8.cloudfront.net\/4\/2021\/11\/Red-Bull-Illume_00-1024x445.webp 1024w, https:\/\/d2p6e6u75xmxt8.cloudfront.net\/4\/2021\/11\/Red-Bull-Illume_00-768x334.webp 768w\" width=\"1024\" height=\"445\" sizes=\"auto, (min-width: 1200px) 460px, (min-width: 768px) 38vw, 100vw\" alt=\"red-bull-illume-2021-fotky-ktore-vyrazaju-dych\"\/><\/a><\/div>    <div class=\"entry-meta\">\n        <a class=\"label label-secondary post-category\" href=\"https:\/\/www.welovecycling.com\/sk\/category\/adrenalin\/\" title=\"Adrenal\u00edn\">Adrenal\u00edn<\/a>\n    <\/div>\n    <div class=\"entry-details\">\n        <a href=\"https:\/\/www.welovecycling.com\/sk\/2021\/11\/24\/red-bull-illume-2021-fotky-ktore-vyrazaju-dych\/\" class='entry-title-wrapper'>\n            <h3 class=\"entry-title\"><span>Red Bull Illume 2021 \u2013 fotky, ktor\u00e9 vyr\u00e1\u017eaj\u00fa dych<\/span><\/h3>\n        <\/a>\n    <\/div>\n    <\/article>\n<\/div>\n<p>\u0160tvrt\u00e1 a\u00a0z\u00e1vere\u010dn\u00e1 \u010das\u0165 m\u00e1 pripraven\u00fd Road Gap, ktor\u00fd m\u00e1 n\u00e1beh z\u00a0dreven\u00fdch kl\u00e1d, cestou k\u00a0cie\u013eu sa mus\u00edte e\u0161te vyhn\u00fa\u0165 nieko\u013ek\u00fdm stromom. Zvl\u00e1dnu\u0165 kamene a\u00a0nakoniec sko\u010di\u0165 Final Fly Off, ktor\u00fd t\u00fa\u017eite zvl\u00e1dnu\u0165 dokonale, ke\u010f\u017ee pred sebou u\u017e vid\u00edte cie\u013e.<\/p>\n<figure id=\"attachment_15017\" aria-describedby=\"caption-attachment-15017\" style=\"width: 990px\" class=\"wp-caption alignnone\"><a href=\"https:\/\/d2p6e6u75xmxt8.cloudfront.net\/4\/2022\/08\/Red-Bull-Hardline_04.jpg\"><img loading=\"lazy\" decoding=\"async\" class=\"size-full wp-image-15017\" src=\"https:\/\/d2p6e6u75xmxt8.cloudfront.net\/4\/2022\/08\/Red-Bull-Hardline_04.jpg\" alt=\"\" width=\"990\" height=\"660\" \/><\/a><figcaption id=\"caption-attachment-15017\" class=\"wp-caption-text\">Vincent Tupin na Red Bull Hardline v j\u00fali 2021, Dinas Mawddwy, Wales 23. j\u00fala 2021.\/Nathan Hughes\/Red Bull Content Pool<\/figcaption><\/figure>\n<p>T\u00e1to tra\u0165 skuto\u010dne dv\u00edha adrenal\u00edn nielen jazdcom ale aj fan\u00fa\u0161ikom. Red Bull Hardline pre\u0161iel od svojho za\u010diatku dlh\u00fa cestu.<strong> V\u017edy to bola jedna z naj\u0165a\u017e\u0161\u00edch trat\u00ed na svete a\u00a0pod\u013ea slov Dana Athertona, to bude st\u00e1le len \u0165a\u017e\u0161ie.<\/strong> V\u00a0rokoch 2019 a\u00a02021 vyhral dvakr\u00e1t za sebou Bernard Kerr, ktor\u00e9mu patril aj ro\u010dn\u00edk 2016. Okrem neho vyhral \u00faplne prv\u00fd ro\u010dn\u00edk Danny Hart. V\u00a0roku 2015 Ruaridh Cunningham, rok 2017 patril Craigovi Evansovi a\u00a0v\u00a0roku 2018 vyhral Gee Atherton.<\/p>\n<p>Tituln\u00e1 fotografia: Sven Martin\/Red Bull Content Pool. Za n\u00e1vrh \u010dl\u00e1nku \u010fakujeme spolo\u010dnosti <a href=\"http:\/\/hausarbeit-schreiben.com\/akademischer-ghostwriter\/\" rel=\"dofollow\">Akademischer Ghostwriter<\/a>.<\/p>\n","protected":false},"excerpt":{"rendered":"<p>Naj\u0165a\u017e\u0161ie preteky horsk\u00fdch bicyklov v\u00a0downhill zjazde, ak\u00e9 boli kedy vymyslen\u00e9, sa konaj\u00fa pod hlavi\u010dkou Red Bull u\u017e 10. &#8211; 11. [&hellip;]<\/p>\n","protected":false},"author":170,"featured_media":15013,"comment_status":"open","ping_status":"open","sticky":false,"template":"","format":"standard","meta":{"footnotes":""},"categories":[3],"tags":[180,902,179,302,315,1072,1526],"global-categories":[1074],"class_list":["post-15011","post","type-post","status-publish","format-standard","has-post-thumbnail","hentry","category-mtb","tag-horska-cyklistika","tag-horsky-bicykel","tag-preteky","tag-red-bull","tag-hardline","tag-trat","tag-waless-dyfi-valley","global-categories-cycling"],"yoast_head":"<!-- This site is optimized with the Yoast SEO Premium plugin v25.3 (Yoast SEO v25.9) - https:\/\/yoast.com\/wordpress\/plugins\/seo\/ -->\n<title>Red Bull Hardline 2022 \u2013 naj\u0165a\u017e\u0161ie preteky horsk\u00fdch bicyklov<\/title>\n<meta name=\"description\" content=\"Naj\u0165a\u017e\u0161ie preteky horsk\u00fdch bicyklov v\u00a0downhill zjazde, ak\u00e9 boli kedy vymyslen\u00e9, sa konaj\u00fa pod hlavi\u010dkou Red Bull u\u017e 10. - 11. augusta 2022.\" \/>\n<meta name=\"robots\" content=\"index, follow, max-snippet:-1, max-image-preview:large, max-video-preview:-1\" \/>\n<link rel=\"canonical\" href=\"https:\/\/www.welovecycling.com\/sk\/2022\/08\/08\/red-bull-hardline-2022-najtazsie-preteky-horskych-bicyklov\/\" \/>\n<meta property=\"og:locale\" content=\"sk_SK\" \/>\n<meta property=\"og:type\" content=\"article\" \/>\n<meta property=\"og:title\" content=\"Red Bull Hardline 2022 \u2013 naj\u0165a\u017e\u0161ie preteky horsk\u00fdch bicyklov\" \/>\n<meta property=\"og:description\" content=\"Naj\u0165a\u017e\u0161ie preteky horsk\u00fdch bicyklov v\u00a0downhill zjazde, ak\u00e9 boli kedy vymyslen\u00e9, sa konaj\u00fa pod hlavi\u010dkou Red Bull u\u017e 10. - 11. augusta 2022.\" \/>\n<meta property=\"og:url\" content=\"https:\/\/www.welovecycling.com\/sk\/2022\/08\/08\/red-bull-hardline-2022-najtazsie-preteky-horskych-bicyklov\/\" \/>\n<meta property=\"og:site_name\" content=\"\u0160koda We Love Cycling Slovensko\" \/>\n<meta property=\"article:published_time\" content=\"2022-08-08T08:00:43+00:00\" \/>\n<meta property=\"article:modified_time\" content=\"2023-04-13T09:08:04+00:00\" \/>\n<meta property=\"og:image\" content=\"https:\/\/d2p6e6u75xmxt8.cloudfront.net\/4\/2022\/08\/Red-Bull-Hardline_00.webp\" \/>\n\t<meta property=\"og:image:width\" content=\"990\" \/>\n\t<meta property=\"og:image:height\" content=\"660\" \/>\n\t<meta property=\"og:image:type\" content=\"image\/webp\" \/>\n<meta name=\"author\" content=\"miksakova\" \/>\n<meta name=\"twitter:card\" content=\"summary_large_image\" \/>\n<meta name=\"twitter:label1\" content=\"Written by\" \/>\n\t<meta name=\"twitter:data1\" content=\"Radovan Vr\u0161ka\" \/>\n\t<meta name=\"twitter:label2\" content=\"Est. reading time\" \/>\n\t<meta name=\"twitter:data2\" content=\"2\" \/>\n<script type=\"application\/ld+json\" class=\"yoast-schema-graph\">{\"@context\":\"https:\/\/schema.org\",\"@graph\":[{\"@type\":\"WebPage\",\"@id\":\"https:\/\/www.welovecycling.com\/sk\/2022\/08\/08\/red-bull-hardline-2022-najtazsie-preteky-horskych-bicyklov\/\",\"url\":\"https:\/\/www.welovecycling.com\/sk\/2022\/08\/08\/red-bull-hardline-2022-najtazsie-preteky-horskych-bicyklov\/\",\"name\":\"Red Bull Hardline 2022 \u2013 naj\u0165a\u017e\u0161ie preteky horsk\u00fdch bicyklov\",\"isPartOf\":{\"@id\":\"https:\/\/www.welovecycling.com\/sk\/#website\"},\"primaryImageOfPage\":{\"@id\":\"https:\/\/www.welovecycling.com\/sk\/2022\/08\/08\/red-bull-hardline-2022-najtazsie-preteky-horskych-bicyklov\/#primaryimage\"},\"image\":{\"@id\":\"https:\/\/www.welovecycling.com\/sk\/2022\/08\/08\/red-bull-hardline-2022-najtazsie-preteky-horskych-bicyklov\/#primaryimage\"},\"thumbnailUrl\":\"https:\/\/d2p6e6u75xmxt8.cloudfront.net\/4\/2022\/08\/Red-Bull-Hardline_00.webp\",\"datePublished\":\"2022-08-08T08:00:43+00:00\",\"dateModified\":\"2023-04-13T09:08:04+00:00\",\"author\":{\"@id\":\"https:\/\/www.welovecycling.com\/sk\/#\/schema\/person\/c6ce5af9dceed219d84a07d2ffa2cad9\"},\"description\":\"Naj\u0165a\u017e\u0161ie preteky horsk\u00fdch bicyklov v\u00a0downhill zjazde, ak\u00e9 boli kedy vymyslen\u00e9, sa konaj\u00fa pod hlavi\u010dkou Red Bull u\u017e 10. - 11. augusta 2022.\",\"breadcrumb\":{\"@id\":\"https:\/\/www.welovecycling.com\/sk\/2022\/08\/08\/red-bull-hardline-2022-najtazsie-preteky-horskych-bicyklov\/#breadcrumb\"},\"inLanguage\":\"sk-SK\",\"potentialAction\":[{\"@type\":\"ReadAction\",\"target\":[\"https:\/\/www.welovecycling.com\/sk\/2022\/08\/08\/red-bull-hardline-2022-najtazsie-preteky-horskych-bicyklov\/\"]}]},{\"@type\":\"ImageObject\",\"inLanguage\":\"sk-SK\",\"@id\":\"https:\/\/www.welovecycling.com\/sk\/2022\/08\/08\/red-bull-hardline-2022-najtazsie-preteky-horskych-bicyklov\/#primaryimage\",\"url\":\"https:\/\/d2p6e6u75xmxt8.cloudfront.net\/4\/2022\/08\/Red-Bull-Hardline_00.webp\",\"contentUrl\":\"https:\/\/d2p6e6u75xmxt8.cloudfront.net\/4\/2022\/08\/Red-Bull-Hardline_00.webp\",\"width\":990,\"height\":660,\"caption\":\"Joe Smith performs at the Red Bull Hardline in Dinas Mawddwy, United Kingdom on September 15, 2019. \/\/ Sven Martin \/ Red Bull Content Pool \/\/ SI201909150442 \/\/ Usage for editorial use only \/\/\"},{\"@type\":\"BreadcrumbList\",\"@id\":\"https:\/\/www.welovecycling.com\/sk\/2022\/08\/08\/red-bull-hardline-2022-najtazsie-preteky-horskych-bicyklov\/#breadcrumb\",\"itemListElement\":[{\"@type\":\"ListItem\",\"position\":1,\"name\":\"Home\",\"item\":\"https:\/\/www.welovecycling.com\/sk\/\"},{\"@type\":\"ListItem\",\"position\":2,\"name\":\"Red Bull Hardline 2022 \u2013 naj\u0165a\u017e\u0161ie preteky horsk\u00fdch bicyklov\"}]},{\"@type\":\"WebSite\",\"@id\":\"https:\/\/www.welovecycling.com\/sk\/#website\",\"url\":\"https:\/\/www.welovecycling.com\/sk\/\",\"name\":\"\u0160koda We Love Cycling Slovensko\",\"description\":\"\u0160koda We Love Cycling Slovensko je v\u00e1\u0161 ka\u017edodenn\u00fd zdroj noviniek a in\u0161pir\u00e1cie z sveta cyklistiky\",\"potentialAction\":[{\"@type\":\"SearchAction\",\"target\":{\"@type\":\"EntryPoint\",\"urlTemplate\":\"https:\/\/www.welovecycling.com\/sk\/?s={search_term_string}\"},\"query-input\":{\"@type\":\"PropertyValueSpecification\",\"valueRequired\":true,\"valueName\":\"search_term_string\"}}],\"inLanguage\":\"sk-SK\"},{\"@type\":\"Person\",\"@id\":\"https:\/\/www.welovecycling.com\/sk\/#\/schema\/person\/c6ce5af9dceed219d84a07d2ffa2cad9\",\"name\":\"miksakova\",\"image\":{\"@type\":\"ImageObject\",\"inLanguage\":\"sk-SK\",\"@id\":\"https:\/\/www.welovecycling.com\/sk\/#\/schema\/person\/image\/\",\"url\":\"https:\/\/secure.gravatar.com\/avatar\/3663fb8acb50de04150ea6f7afc1bc15aba80aad4bf92aee01bd38a79084eb7a?s=96&d=mm&r=g\",\"contentUrl\":\"https:\/\/secure.gravatar.com\/avatar\/3663fb8acb50de04150ea6f7afc1bc15aba80aad4bf92aee01bd38a79084eb7a?s=96&d=mm&r=g\",\"caption\":\"miksakova\"},\"url\":\"https:\/\/www.welovecycling.com\/sk\/author\/miksakova\/\"}]}<\/script>\n<!-- \/ Yoast SEO Premium plugin. -->","yoast_head_json":{"title":"Red Bull Hardline 2022 \u2013 naj\u0165a\u017e\u0161ie preteky horsk\u00fdch bicyklov","description":"Naj\u0165a\u017e\u0161ie preteky horsk\u00fdch bicyklov v\u00a0downhill zjazde, ak\u00e9 boli kedy vymyslen\u00e9, sa konaj\u00fa pod hlavi\u010dkou Red Bull u\u017e 10. - 11. augusta 2022.","robots":{"index":"index","follow":"follow","max-snippet":"max-snippet:-1","max-image-preview":"max-image-preview:large","max-video-preview":"max-video-preview:-1"},"canonical":"https:\/\/www.welovecycling.com\/sk\/2022\/08\/08\/red-bull-hardline-2022-najtazsie-preteky-horskych-bicyklov\/","og_locale":"sk_SK","og_type":"article","og_title":"Red Bull Hardline 2022 \u2013 naj\u0165a\u017e\u0161ie preteky horsk\u00fdch bicyklov","og_description":"Naj\u0165a\u017e\u0161ie preteky horsk\u00fdch bicyklov v\u00a0downhill zjazde, ak\u00e9 boli kedy vymyslen\u00e9, sa konaj\u00fa pod hlavi\u010dkou Red Bull u\u017e 10. - 11. augusta 2022.","og_url":"https:\/\/www.welovecycling.com\/sk\/2022\/08\/08\/red-bull-hardline-2022-najtazsie-preteky-horskych-bicyklov\/","og_site_name":"\u0160koda We Love Cycling Slovensko","article_published_time":"2022-08-08T08:00:43+00:00","article_modified_time":"2023-04-13T09:08:04+00:00","og_image":[{"width":990,"height":660,"url":"https:\/\/d2p6e6u75xmxt8.cloudfront.net\/4\/2022\/08\/Red-Bull-Hardline_00.webp","type":"image\/webp"}],"author":"miksakova","twitter_card":"summary_large_image","twitter_misc":{"Written by":"Radovan Vr\u0161ka","Est. reading time":"2"},"schema":{"@context":"https:\/\/schema.org","@graph":[{"@type":"WebPage","@id":"https:\/\/www.welovecycling.com\/sk\/2022\/08\/08\/red-bull-hardline-2022-najtazsie-preteky-horskych-bicyklov\/","url":"https:\/\/www.welovecycling.com\/sk\/2022\/08\/08\/red-bull-hardline-2022-najtazsie-preteky-horskych-bicyklov\/","name":"Red Bull Hardline 2022 \u2013 naj\u0165a\u017e\u0161ie preteky horsk\u00fdch bicyklov","isPartOf":{"@id":"https:\/\/www.welovecycling.com\/sk\/#website"},"primaryImageOfPage":{"@id":"https:\/\/www.welovecycling.com\/sk\/2022\/08\/08\/red-bull-hardline-2022-najtazsie-preteky-horskych-bicyklov\/#primaryimage"},"image":{"@id":"https:\/\/www.welovecycling.com\/sk\/2022\/08\/08\/red-bull-hardline-2022-najtazsie-preteky-horskych-bicyklov\/#primaryimage"},"thumbnailUrl":"https:\/\/d2p6e6u75xmxt8.cloudfront.net\/4\/2022\/08\/Red-Bull-Hardline_00.webp","datePublished":"2022-08-08T08:00:43+00:00","dateModified":"2023-04-13T09:08:04+00:00","author":{"@id":"https:\/\/www.welovecycling.com\/sk\/#\/schema\/person\/c6ce5af9dceed219d84a07d2ffa2cad9"},"description":"Naj\u0165a\u017e\u0161ie preteky horsk\u00fdch bicyklov v\u00a0downhill zjazde, ak\u00e9 boli kedy vymyslen\u00e9, sa konaj\u00fa pod hlavi\u010dkou Red Bull u\u017e 10. - 11. augusta 2022.","breadcrumb":{"@id":"https:\/\/www.welovecycling.com\/sk\/2022\/08\/08\/red-bull-hardline-2022-najtazsie-preteky-horskych-bicyklov\/#breadcrumb"},"inLanguage":"sk-SK","potentialAction":[{"@type":"ReadAction","target":["https:\/\/www.welovecycling.com\/sk\/2022\/08\/08\/red-bull-hardline-2022-najtazsie-preteky-horskych-bicyklov\/"]}]},{"@type":"ImageObject","inLanguage":"sk-SK","@id":"https:\/\/www.welovecycling.com\/sk\/2022\/08\/08\/red-bull-hardline-2022-najtazsie-preteky-horskych-bicyklov\/#primaryimage","url":"https:\/\/d2p6e6u75xmxt8.cloudfront.net\/4\/2022\/08\/Red-Bull-Hardline_00.webp","contentUrl":"https:\/\/d2p6e6u75xmxt8.cloudfront.net\/4\/2022\/08\/Red-Bull-Hardline_00.webp","width":990,"height":660,"caption":"Joe Smith performs at the Red Bull Hardline in Dinas Mawddwy, United Kingdom on September 15, 2019. \/\/ Sven Martin \/ Red Bull Content Pool \/\/ SI201909150442 \/\/ Usage for editorial use only \/\/"},{"@type":"BreadcrumbList","@id":"https:\/\/www.welovecycling.com\/sk\/2022\/08\/08\/red-bull-hardline-2022-najtazsie-preteky-horskych-bicyklov\/#breadcrumb","itemListElement":[{"@type":"ListItem","position":1,"name":"Home","item":"https:\/\/www.welovecycling.com\/sk\/"},{"@type":"ListItem","position":2,"name":"Red Bull Hardline 2022 \u2013 naj\u0165a\u017e\u0161ie preteky horsk\u00fdch bicyklov"}]},{"@type":"WebSite","@id":"https:\/\/www.welovecycling.com\/sk\/#website","url":"https:\/\/www.welovecycling.com\/sk\/","name":"\u0160koda We Love Cycling Slovensko","description":"\u0160koda We Love Cycling Slovensko je v\u00e1\u0161 ka\u017edodenn\u00fd zdroj noviniek a in\u0161pir\u00e1cie z sveta cyklistiky","potentialAction":[{"@type":"SearchAction","target":{"@type":"EntryPoint","urlTemplate":"https:\/\/www.welovecycling.com\/sk\/?s={search_term_string}"},"query-input":{"@type":"PropertyValueSpecification","valueRequired":true,"valueName":"search_term_string"}}],"inLanguage":"sk-SK"},{"@type":"Person","@id":"https:\/\/www.welovecycling.com\/sk\/#\/schema\/person\/c6ce5af9dceed219d84a07d2ffa2cad9","name":"miksakova","image":{"@type":"ImageObject","inLanguage":"sk-SK","@id":"https:\/\/www.welovecycling.com\/sk\/#\/schema\/person\/image\/","url":"https:\/\/secure.gravatar.com\/avatar\/3663fb8acb50de04150ea6f7afc1bc15aba80aad4bf92aee01bd38a79084eb7a?s=96&d=mm&r=g","contentUrl":"https:\/\/secure.gravatar.com\/avatar\/3663fb8acb50de04150ea6f7afc1bc15aba80aad4bf92aee01bd38a79084eb7a?s=96&d=mm&r=g","caption":"miksakova"},"url":"https:\/\/www.welovecycling.com\/sk\/author\/miksakova\/"}]}},"_links":{"self":[{"href":"https:\/\/www.welovecycling.com\/sk\/wp-json\/wp\/v2\/posts\/15011","targetHints":{"allow":["GET"]}}],"collection":[{"href":"https:\/\/www.welovecycling.com\/sk\/wp-json\/wp\/v2\/posts"}],"about":[{"href":"https:\/\/www.welovecycling.com\/sk\/wp-json\/wp\/v2\/types\/post"}],"author":[{"embeddable":true,"href":"https:\/\/www.welovecycling.com\/sk\/wp-json\/wp\/v2\/users\/170"}],"replies":[{"embeddable":true,"href":"https:\/\/www.welovecycling.com\/sk\/wp-json\/wp\/v2\/comments?post=15011"}],"version-history":[{"count":2,"href":"https:\/\/www.welovecycling.com\/sk\/wp-json\/wp\/v2\/posts\/15011\/revisions"}],"predecessor-version":[{"id":17119,"href":"https:\/\/www.welovecycling.com\/sk\/wp-json\/wp\/v2\/posts\/15011\/revisions\/17119"}],"wp:featuredmedia":[{"embeddable":true,"href":"https:\/\/www.welovecycling.com\/sk\/wp-json\/wp\/v2\/media\/15013"}],"wp:attachment":[{"href":"https:\/\/www.welovecycling.com\/sk\/wp-json\/wp\/v2\/media?parent=15011"}],"wp:term":[{"taxonomy":"category","embeddable":true,"href":"https:\/\/www.welovecycling.com\/sk\/wp-json\/wp\/v2\/categories?post=15011"},{"taxonomy":"post_tag","embeddable":true,"href":"https:\/\/www.welovecycling.com\/sk\/wp-json\/wp\/v2\/tags?post=15011"},{"taxonomy":"global-categories","embeddable":true,"href":"https:\/\/www.welovecycling.com\/sk\/wp-json\/wp\/v2\/global-categories?post=15011"}],"curies":[{"name":"wp","href":"https:\/\/api.w.org\/{rel}","templated":true}]}}