{"id":15004,"date":"2022-08-05T10:00:46","date_gmt":"2022-08-05T08:00:46","guid":{"rendered":"https:\/\/www.welovecycling.com\/sk\/?p=15004"},"modified":"2022-09-29T12:57:48","modified_gmt":"2022-09-29T10:57:48","slug":"najcastejsie-chyby-ktorym-sa-treba-vyhnut-pri-nastavovani-detskeho-bicykla","status":"publish","type":"post","link":"https:\/\/www.welovecycling.com\/sk\/2022\/08\/05\/najcastejsie-chyby-ktorym-sa-treba-vyhnut-pri-nastavovani-detskeho-bicykla\/","title":{"rendered":"Naj\u010dastej\u0161ie chyby, ktor\u00fdm sa treba vyhn\u00fa\u0165 pri nastavovan\u00ed detsk\u00e9ho bicykla"},"content":{"rendered":"<p><strong>Je va\u0161e die\u0165a pripraven\u00e9 za\u010da\u0165 bicyklova\u0165? Nie je d\u00f4le\u017eit\u00e1 len spr\u00e1vna ve\u013ekos\u0165 bicykla, ale aj presn\u00e9 nastavenie, ktor\u00e9 vyhovuje ve\u013ekosti a potreb\u00e1m die\u0165a\u0165a. Dobre nastaven\u00fd bicykel umo\u017e\u0148uje mlad\u00e9mu jazdcovi nau\u010di\u0165 sa bicyklova\u0165 r\u00fdchlo a s ove\u013ea men\u0161ou n\u00e1mahou. Profesion\u00e1lny jazdec Richard Gasperotti v\u00e1m povie o naj\u010dastej\u0161\u00edch chyb\u00e1ch, ktor\u00e9 rodi\u010dia pri nastavovan\u00ed detsk\u00e9ho bicykla robia.<\/strong><\/p>\n<p><!--more--><\/p>\n<h2><strong>1. V\u00fdber nespr\u00e1vnej ve\u013ekosti<\/strong><\/h2>\n<p>Nikdy nie je neskoro pripomen\u00fa\u0165, \u017ee v\u00fdber nespr\u00e1vnej ve\u013ekosti je naj\u010dastej\u0161ou chybou. Ch\u00e1peme, \u017ee rodi\u010dia s\u00fa ochotn\u00ed u\u0161etri\u0165 peniaze k\u00fapou o nie\u010do v\u00e4\u010d\u0161ieho bicykla, ktor\u00fd by mohol vydr\u017ea\u0165 e\u0161te nieko\u013eko rokov. <strong>Tak\u00e9to rozhodnutie m\u00e1 v\u0161ak nieko\u013eko negat\u00edvnych d\u00f4sledkov.<\/strong> Na ve\u013ekom bicykli sa \u0165a\u017eko \u0161liape a zle sa ovl\u00e1da a m\u00f4\u017ee odradi\u0165 deti od bicyklovania. Ak si nie ste ist\u00ed spr\u00e1vnou ve\u013ekos\u0165ou, pre\u010d\u00edtajte si n\u00e1\u0161 <a href=\"https:\/\/www.welovecycling.com\/sk\/2021\/09\/13\/nakup-prveho-alebo-druheho-bicykla-pre-vase-dieta\/\" rel=\"noopener\" target=\"_blank\">\u010dl\u00e1nok o k\u00fape prv\u00e9ho bicykla pre va\u0161e die\u0165a<\/a>.<\/p>\n<h2><strong>2. Podcenenie v\u00fd\u0161ky sedadla<\/strong><\/h2>\n<p>Nastavenie v\u00fd\u0161ky sedla je krok, ktor\u00fd rodi\u010dia \u010dasto podce\u0148uj\u00fa. \u013dudia maj\u00fa tendenciu nastavova\u0165 sedlo ni\u017e\u0161ie, aby sa die\u0165a neb\u00e1lo p\u00e1du. To je v\u0161ak nespr\u00e1vne. <strong>N\u00edzke nastavenie sedla m\u00e1 za n\u00e1sledok nepr\u00edjemn\u00e9 \u0161liapanie do ped\u00e1lov a zhor\u0161en\u00fa rovnov\u00e1hu na bicykli.<\/strong> Ako potom n\u00e1js\u0165 spr\u00e1vnu \u00farove\u0148? Nechajte deti sadn\u00fa\u0165 si na sedlo a naklo\u0148te bicykel nabok pribli\u017ene o 15 stup\u0148ov. V tomto momente by malo by\u0165 die\u0165a schopn\u00e9 polo\u017ei\u0165 nohu na zem a pevne st\u00e1\u0165.<\/p>\n<figure id=\"attachment_15005\" aria-describedby=\"caption-attachment-15005\" style=\"width: 1000px\" class=\"wp-caption alignnone\"><a href=\"https:\/\/d2p6e6u75xmxt8.cloudfront.net\/4\/2022\/08\/Kid-on-a-bike-profimedia-0636986791.jpg\"><img loading=\"lazy\" decoding=\"async\" class=\"wp-image-15005 size-full\" src=\"https:\/\/d2p6e6u75xmxt8.cloudfront.net\/4\/2022\/08\/Kid-on-a-bike-profimedia-0636986791.jpg\" alt=\"A child on a bike\" width=\"1000\" height=\"668\" \/><\/a><figcaption id=\"caption-attachment-15005\" class=\"wp-caption-text\">Nastavte bicykel svojho die\u0165a\u0165a spr\u00e1vne, aby malo rados\u0165 z jazdy! \u00a9 Profimedia<\/figcaption><\/figure>\n<h2><strong>3. Nastavenie riadidiel<\/strong><\/h2>\n<p><strong>Dokonale nastaven\u00e9 riadidl\u00e1 s\u00fa k\u013e\u00fa\u010dom k spr\u00e1vnemu ovl\u00e1daniu bicykla.<\/strong> Niekedy deti nedok\u00e1\u017eu uchopi\u0165 pr\u00edli\u0161 hrub\u00e9 dr\u017eadl\u00e1. Nie je ni\u010d jednoduch\u0161ie, ako ich nahradi\u0165 o nie\u010do ten\u0161\u00edmi.<\/p>\n<h2><strong>4. Zl\u00fd tlak v pneumatik\u00e1ch<\/strong><\/h2>\n<p>Ke\u010f\u017ee deti v\u00e1\u017eia menej ako dospel\u00ed, potrebuj\u00fa aj men\u0161\u00ed tlak na pneumatiky. <strong>Menej nahusten\u00e1 pneumatika m\u00e1 tie\u017e lep\u0161iu pri\u013enavos\u0165 a d\u00e1va die\u0165a\u0165u lep\u0161iu rovnov\u00e1hu.<\/strong> Zatia\u013e \u010do pneumatika pre dospel\u00fdch sa odpor\u00fa\u010da nahusti\u0165 a\u017e na 2,5 baru, detsk\u00e1 pneumatika bude v poriadku na 0,7 a\u017e 1,1 baru.<\/p>\n<h2><strong>5. Nastavenie brzdov\u00fdch p\u00e1\u010dok<\/strong><\/h2>\n<p>Ak u\u017e die\u0165a pou\u017e\u00edva bicykel vybaven\u00fd brzdov\u00fdmi p\u00e1\u010dkami, je potrebn\u00e9 jeho chod prisp\u00f4sobi\u0165 d\u013a\u017eke prstov die\u0165a\u0165a. <strong>Die\u0165a mus\u00ed ukazov\u00e1kom pohodlne dosiahnu\u0165 na koniec p\u00e1k, kde je brzdn\u00e1 sila naj\u00fa\u010dinnej\u0161ia.<\/strong> Dr\u00e1ha p\u00e1ky mus\u00ed by\u0165 nastaven\u00e1 tak, aby medzi p\u00e1\u010dkami a prstami dr\u017eiacimi riadidl\u00e1 bola dostato\u010dn\u00e1 v\u00f4\u013ea. Pri zatla\u010den\u00ed by p\u00e1\u010dky nikdy nemali tla\u010di\u0165 na prsty dr\u017eiace riadidl\u00e1. Spr\u00e1vny uhol p\u00e1k je tak\u00fd, aby boli pri jazde v jednej l\u00ednii s predlakt\u00edm ruky.<\/p>\n<div class=\"shortcode-ys-post-pinup\"><article class=\"loop-simple post-14200 post type-post status-publish format-standard has-post-thumbnail hentry category-deti-na-bicykloch tag-bezpecna-jazda tag-bezpecnost tag-cyklorodinka tag-deti tag-deti-na-bicykli tag-nakupny-poradca tag-prilba\" data-postid=\"14200\" role=\"article\" data-post-id=\"14200\" data-word-count=\"381\" data-headline-length=\"48\" data-category=\"Deti na bicykloch\" data-author=\"Charlotte Murray\" data-published=\"2022-04-22T10:00:48+02:00\" data-published-day=\"Friday\">\n    <div class=\"entry-thumbnail article-thumbnail\" content=\"https:\/\/d2p6e6u75xmxt8.cloudfront.net\/4\/2022\/04\/Child-with-a-bike-profimedia-0642148384-CVR-150x150.webp\"><a href=\"https:\/\/www.welovecycling.com\/sk\/2022\/04\/22\/ako-vybrat-spravne-detsku-cyklisticku-prilbu\/\" class=\"image-holder\" target=\"_self\"><img decoding=\"async\" loading=\"lazy\" class=\"\" src=\"https:\/\/d2p6e6u75xmxt8.cloudfront.net\/4\/2022\/04\/Child-with-a-bike-profimedia-0642148384-CVR-1024x450.webp\" srcset=\"https:\/\/d2p6e6u75xmxt8.cloudfront.net\/4\/2022\/04\/Child-with-a-bike-profimedia-0642148384-CVR.webp 1366w, https:\/\/d2p6e6u75xmxt8.cloudfront.net\/4\/2022\/04\/Child-with-a-bike-profimedia-0642148384-CVR-300x132.webp 300w, https:\/\/d2p6e6u75xmxt8.cloudfront.net\/4\/2022\/04\/Child-with-a-bike-profimedia-0642148384-CVR-1024x450.webp 1024w, https:\/\/d2p6e6u75xmxt8.cloudfront.net\/4\/2022\/04\/Child-with-a-bike-profimedia-0642148384-CVR-768x337.webp 768w\" width=\"1024\" height=\"450\" sizes=\"auto, (min-width: 1200px) 456px, (min-width: 768px) 38vw, 100vw\" alt=\"ako-vybrat-spravne-detsku-cyklisticku-prilbu\"\/><\/a><\/div>    <div class=\"entry-meta\">\n        <a class=\"label label-secondary post-category\" href=\"https:\/\/www.welovecycling.com\/sk\/category\/deti-na-bicykloch\/\" title=\"Deti na bicykloch\">Deti na bicykloch<\/a>\n    <\/div>\n    <div class=\"entry-details\">\n        <a href=\"https:\/\/www.welovecycling.com\/sk\/2022\/04\/22\/ako-vybrat-spravne-detsku-cyklisticku-prilbu\/\" class='entry-title-wrapper'>\n            <h3 class=\"entry-title\"><span>Ako spr\u00e1vne vybra\u0165 detsk\u00fa cyklistick\u00fa prilbu<\/span><\/h3>\n        <\/a>\n    <\/div>\n    <\/article>\n<\/div>\n<h2><strong>6. V\u00fdber nespr\u00e1vnej obuvi<\/strong><\/h2>\n<p>Ped\u00e1le s\u00fa dva z piatich kontaktn\u00fdch bodov zodpovedn\u00fdch za ovl\u00e1danie bicykla. T<strong>op\u00e1nky s plochou a proti\u0161mykovou podr\u00e1\u017ekou zabezpe\u010dia die\u0165a\u0165u spr\u00e1vny kontakt s ped\u00e1lmi.<\/strong> Dobr\u00e1 obuv prispeje k lep\u0161ej koordin\u00e1cii a osvojeniu si spr\u00e1vnej polohy n\u00f4h na ped\u00e1li. Nezabudnite, \u017ee \u0161pi\u010dky chodidiel by mali pri ped\u00e1lovan\u00ed v\u017edy smerova\u0165 dopredu.<\/p>\n<h2><strong>7. Cyklistick\u00e1 nohavicov\u00e1 vlo\u017eka<\/strong><\/h2>\n<p>\u010co je pohodln\u00e9 pre n\u00e1s, bude pohodln\u00e9 aj pre deti. <strong>M\u00e4kk\u00e9 sedenie a pohodln\u00fa jazdu zais\u0165uje cyklistick\u00e1 vlo\u017eka do nohav\u00edc<\/strong>, ktor\u00e1 je teraz dostupn\u00e1 aj v detsk\u00fdch ve\u013ekostiach. Za n\u00e1vrh \u010dl\u00e1nku \u010fakujeme spolo\u010dnosti <a href=\"https:\/\/facharbeit-schreiben-lassen.com\/\"rel=\"dofollow\">Ghostwriter Facharbeit<\/a>. <\/p>\n","protected":false},"excerpt":{"rendered":"<p>Je va\u0161e die\u0165a pripraven\u00e9 za\u010da\u0165 bicyklova\u0165? Nie je d\u00f4le\u017eit\u00e1 len spr\u00e1vna ve\u013ekos\u0165 bicykla, ale aj presn\u00e9 nastavenie, ktor\u00e9 vyhovuje ve\u013ekosti [&hellip;]<\/p>\n","protected":false},"author":170,"featured_media":15007,"comment_status":"open","ping_status":"open","sticky":false,"template":"","format":"standard","meta":{"footnotes":""},"categories":[51],"tags":[559,619,507,53,1386,223,1385],"global-categories":[],"class_list":["post-15004","post","type-post","status-publish","format-standard","has-post-thumbnail","hentry","category-deti-na-bicykloch","tag-bicykel","tag-bicyklovanie","tag-cyklorodinka","tag-deti","tag-deti-na-bicykli","tag-nastavenie-bicykla","tag-prvy-bicykel"],"yoast_head":"<!-- This site is optimized with the Yoast SEO Premium plugin v25.3 (Yoast SEO v25.9) - https:\/\/yoast.com\/wordpress\/plugins\/seo\/ -->\n<title>Naj\u010dastej\u0161ie chyby, ktor\u00fdm sa treba vyhn\u00fa\u0165 pri nastavovan\u00ed detsk\u00e9ho bicykla<\/title>\n<meta name=\"description\" content=\"Je va\u0161e die\u0165a pripraven\u00e9 za\u010da\u0165 bicyklova\u0165? Nie je d\u00f4le\u017eit\u00e1 len spr\u00e1vna ve\u013ekos\u0165 bicykla, ale aj presn\u00e9 nastavenie. Pozrime sa ako na to.\" \/>\n<meta name=\"robots\" content=\"index, follow, max-snippet:-1, max-image-preview:large, max-video-preview:-1\" \/>\n<link rel=\"canonical\" href=\"https:\/\/www.welovecycling.com\/sk\/2022\/08\/05\/najcastejsie-chyby-ktorym-sa-treba-vyhnut-pri-nastavovani-detskeho-bicykla\/\" \/>\n<meta property=\"og:locale\" content=\"sk_SK\" \/>\n<meta property=\"og:type\" content=\"article\" \/>\n<meta property=\"og:title\" content=\"Naj\u010dastej\u0161ie chyby, ktor\u00fdm sa treba vyhn\u00fa\u0165 pri nastavovan\u00ed detsk\u00e9ho bicykla\" \/>\n<meta property=\"og:description\" content=\"Je va\u0161e die\u0165a pripraven\u00e9 za\u010da\u0165 bicyklova\u0165? Nie je d\u00f4le\u017eit\u00e1 len spr\u00e1vna ve\u013ekos\u0165 bicykla, ale aj presn\u00e9 nastavenie. Pozrime sa ako na to.\" \/>\n<meta property=\"og:url\" content=\"https:\/\/www.welovecycling.com\/sk\/2022\/08\/05\/najcastejsie-chyby-ktorym-sa-treba-vyhnut-pri-nastavovani-detskeho-bicykla\/\" \/>\n<meta property=\"og:site_name\" content=\"\u0160koda We Love Cycling Slovensko\" \/>\n<meta property=\"article:published_time\" content=\"2022-08-05T08:00:46+00:00\" \/>\n<meta property=\"article:modified_time\" content=\"2022-09-29T10:57:48+00:00\" \/>\n<meta property=\"og:image\" content=\"https:\/\/d2p6e6u75xmxt8.cloudfront.net\/4\/2022\/08\/Kids-Bicycles-profimedia-0453178389-CVR.webp\" \/>\n\t<meta property=\"og:image:width\" content=\"990\" \/>\n\t<meta property=\"og:image:height\" content=\"660\" \/>\n\t<meta property=\"og:image:type\" content=\"image\/webp\" \/>\n<meta name=\"author\" content=\"miksakova\" \/>\n<meta name=\"twitter:card\" content=\"summary_large_image\" \/>\n<meta name=\"twitter:label1\" content=\"Written by\" \/>\n\t<meta name=\"twitter:data1\" content=\"Charlotte Murray\" \/>\n\t<meta name=\"twitter:label2\" content=\"Est. reading time\" \/>\n\t<meta name=\"twitter:data2\" content=\"5\" \/>\n<script type=\"application\/ld+json\" class=\"yoast-schema-graph\">{\"@context\":\"https:\/\/schema.org\",\"@graph\":[{\"@type\":\"WebPage\",\"@id\":\"https:\/\/www.welovecycling.com\/sk\/2022\/08\/05\/najcastejsie-chyby-ktorym-sa-treba-vyhnut-pri-nastavovani-detskeho-bicykla\/\",\"url\":\"https:\/\/www.welovecycling.com\/sk\/2022\/08\/05\/najcastejsie-chyby-ktorym-sa-treba-vyhnut-pri-nastavovani-detskeho-bicykla\/\",\"name\":\"Naj\u010dastej\u0161ie chyby, ktor\u00fdm sa treba vyhn\u00fa\u0165 pri nastavovan\u00ed detsk\u00e9ho bicykla\",\"isPartOf\":{\"@id\":\"https:\/\/www.welovecycling.com\/sk\/#website\"},\"primaryImageOfPage\":{\"@id\":\"https:\/\/www.welovecycling.com\/sk\/2022\/08\/05\/najcastejsie-chyby-ktorym-sa-treba-vyhnut-pri-nastavovani-detskeho-bicykla\/#primaryimage\"},\"image\":{\"@id\":\"https:\/\/www.welovecycling.com\/sk\/2022\/08\/05\/najcastejsie-chyby-ktorym-sa-treba-vyhnut-pri-nastavovani-detskeho-bicykla\/#primaryimage\"},\"thumbnailUrl\":\"https:\/\/d2p6e6u75xmxt8.cloudfront.net\/4\/2022\/08\/Kids-Bicycles-profimedia-0453178389-CVR.webp\",\"datePublished\":\"2022-08-05T08:00:46+00:00\",\"dateModified\":\"2022-09-29T10:57:48+00:00\",\"author\":{\"@id\":\"https:\/\/www.welovecycling.com\/sk\/#\/schema\/person\/c6ce5af9dceed219d84a07d2ffa2cad9\"},\"description\":\"Je va\u0161e die\u0165a pripraven\u00e9 za\u010da\u0165 bicyklova\u0165? Nie je d\u00f4le\u017eit\u00e1 len spr\u00e1vna ve\u013ekos\u0165 bicykla, ale aj presn\u00e9 nastavenie. Pozrime sa ako na to.\",\"breadcrumb\":{\"@id\":\"https:\/\/www.welovecycling.com\/sk\/2022\/08\/05\/najcastejsie-chyby-ktorym-sa-treba-vyhnut-pri-nastavovani-detskeho-bicykla\/#breadcrumb\"},\"inLanguage\":\"sk-SK\",\"potentialAction\":[{\"@type\":\"ReadAction\",\"target\":[\"https:\/\/www.welovecycling.com\/sk\/2022\/08\/05\/najcastejsie-chyby-ktorym-sa-treba-vyhnut-pri-nastavovani-detskeho-bicykla\/\"]}]},{\"@type\":\"ImageObject\",\"inLanguage\":\"sk-SK\",\"@id\":\"https:\/\/www.welovecycling.com\/sk\/2022\/08\/05\/najcastejsie-chyby-ktorym-sa-treba-vyhnut-pri-nastavovani-detskeho-bicykla\/#primaryimage\",\"url\":\"https:\/\/d2p6e6u75xmxt8.cloudfront.net\/4\/2022\/08\/Kids-Bicycles-profimedia-0453178389-CVR.webp\",\"contentUrl\":\"https:\/\/d2p6e6u75xmxt8.cloudfront.net\/4\/2022\/08\/Kids-Bicycles-profimedia-0453178389-CVR.webp\",\"width\":990,\"height\":660,\"caption\":\"Children's Bicycles\"},{\"@type\":\"BreadcrumbList\",\"@id\":\"https:\/\/www.welovecycling.com\/sk\/2022\/08\/05\/najcastejsie-chyby-ktorym-sa-treba-vyhnut-pri-nastavovani-detskeho-bicykla\/#breadcrumb\",\"itemListElement\":[{\"@type\":\"ListItem\",\"position\":1,\"name\":\"Home\",\"item\":\"https:\/\/www.welovecycling.com\/sk\/\"},{\"@type\":\"ListItem\",\"position\":2,\"name\":\"Naj\u010dastej\u0161ie chyby, ktor\u00fdm sa treba vyhn\u00fa\u0165 pri nastavovan\u00ed detsk\u00e9ho bicykla\"}]},{\"@type\":\"WebSite\",\"@id\":\"https:\/\/www.welovecycling.com\/sk\/#website\",\"url\":\"https:\/\/www.welovecycling.com\/sk\/\",\"name\":\"\u0160koda We Love Cycling Slovensko\",\"description\":\"\u0160koda We Love Cycling Slovensko je v\u00e1\u0161 ka\u017edodenn\u00fd zdroj noviniek a in\u0161pir\u00e1cie z sveta cyklistiky\",\"potentialAction\":[{\"@type\":\"SearchAction\",\"target\":{\"@type\":\"EntryPoint\",\"urlTemplate\":\"https:\/\/www.welovecycling.com\/sk\/?s={search_term_string}\"},\"query-input\":{\"@type\":\"PropertyValueSpecification\",\"valueRequired\":true,\"valueName\":\"search_term_string\"}}],\"inLanguage\":\"sk-SK\"},{\"@type\":\"Person\",\"@id\":\"https:\/\/www.welovecycling.com\/sk\/#\/schema\/person\/c6ce5af9dceed219d84a07d2ffa2cad9\",\"name\":\"miksakova\",\"image\":{\"@type\":\"ImageObject\",\"inLanguage\":\"sk-SK\",\"@id\":\"https:\/\/www.welovecycling.com\/sk\/#\/schema\/person\/image\/\",\"url\":\"https:\/\/secure.gravatar.com\/avatar\/3663fb8acb50de04150ea6f7afc1bc15aba80aad4bf92aee01bd38a79084eb7a?s=96&d=mm&r=g\",\"contentUrl\":\"https:\/\/secure.gravatar.com\/avatar\/3663fb8acb50de04150ea6f7afc1bc15aba80aad4bf92aee01bd38a79084eb7a?s=96&d=mm&r=g\",\"caption\":\"miksakova\"},\"url\":\"https:\/\/www.welovecycling.com\/sk\/author\/miksakova\/\"}]}<\/script>\n<!-- \/ Yoast SEO Premium plugin. -->","yoast_head_json":{"title":"Naj\u010dastej\u0161ie chyby, ktor\u00fdm sa treba vyhn\u00fa\u0165 pri nastavovan\u00ed detsk\u00e9ho bicykla","description":"Je va\u0161e die\u0165a pripraven\u00e9 za\u010da\u0165 bicyklova\u0165? Nie je d\u00f4le\u017eit\u00e1 len spr\u00e1vna ve\u013ekos\u0165 bicykla, ale aj presn\u00e9 nastavenie. Pozrime sa ako na to.","robots":{"index":"index","follow":"follow","max-snippet":"max-snippet:-1","max-image-preview":"max-image-preview:large","max-video-preview":"max-video-preview:-1"},"canonical":"https:\/\/www.welovecycling.com\/sk\/2022\/08\/05\/najcastejsie-chyby-ktorym-sa-treba-vyhnut-pri-nastavovani-detskeho-bicykla\/","og_locale":"sk_SK","og_type":"article","og_title":"Naj\u010dastej\u0161ie chyby, ktor\u00fdm sa treba vyhn\u00fa\u0165 pri nastavovan\u00ed detsk\u00e9ho bicykla","og_description":"Je va\u0161e die\u0165a pripraven\u00e9 za\u010da\u0165 bicyklova\u0165? Nie je d\u00f4le\u017eit\u00e1 len spr\u00e1vna ve\u013ekos\u0165 bicykla, ale aj presn\u00e9 nastavenie. Pozrime sa ako na to.","og_url":"https:\/\/www.welovecycling.com\/sk\/2022\/08\/05\/najcastejsie-chyby-ktorym-sa-treba-vyhnut-pri-nastavovani-detskeho-bicykla\/","og_site_name":"\u0160koda We Love Cycling Slovensko","article_published_time":"2022-08-05T08:00:46+00:00","article_modified_time":"2022-09-29T10:57:48+00:00","og_image":[{"width":990,"height":660,"url":"https:\/\/d2p6e6u75xmxt8.cloudfront.net\/4\/2022\/08\/Kids-Bicycles-profimedia-0453178389-CVR.webp","type":"image\/webp"}],"author":"miksakova","twitter_card":"summary_large_image","twitter_misc":{"Written by":"Charlotte Murray","Est. reading time":"5"},"schema":{"@context":"https:\/\/schema.org","@graph":[{"@type":"WebPage","@id":"https:\/\/www.welovecycling.com\/sk\/2022\/08\/05\/najcastejsie-chyby-ktorym-sa-treba-vyhnut-pri-nastavovani-detskeho-bicykla\/","url":"https:\/\/www.welovecycling.com\/sk\/2022\/08\/05\/najcastejsie-chyby-ktorym-sa-treba-vyhnut-pri-nastavovani-detskeho-bicykla\/","name":"Naj\u010dastej\u0161ie chyby, ktor\u00fdm sa treba vyhn\u00fa\u0165 pri nastavovan\u00ed detsk\u00e9ho bicykla","isPartOf":{"@id":"https:\/\/www.welovecycling.com\/sk\/#website"},"primaryImageOfPage":{"@id":"https:\/\/www.welovecycling.com\/sk\/2022\/08\/05\/najcastejsie-chyby-ktorym-sa-treba-vyhnut-pri-nastavovani-detskeho-bicykla\/#primaryimage"},"image":{"@id":"https:\/\/www.welovecycling.com\/sk\/2022\/08\/05\/najcastejsie-chyby-ktorym-sa-treba-vyhnut-pri-nastavovani-detskeho-bicykla\/#primaryimage"},"thumbnailUrl":"https:\/\/d2p6e6u75xmxt8.cloudfront.net\/4\/2022\/08\/Kids-Bicycles-profimedia-0453178389-CVR.webp","datePublished":"2022-08-05T08:00:46+00:00","dateModified":"2022-09-29T10:57:48+00:00","author":{"@id":"https:\/\/www.welovecycling.com\/sk\/#\/schema\/person\/c6ce5af9dceed219d84a07d2ffa2cad9"},"description":"Je va\u0161e die\u0165a pripraven\u00e9 za\u010da\u0165 bicyklova\u0165? Nie je d\u00f4le\u017eit\u00e1 len spr\u00e1vna ve\u013ekos\u0165 bicykla, ale aj presn\u00e9 nastavenie. Pozrime sa ako na to.","breadcrumb":{"@id":"https:\/\/www.welovecycling.com\/sk\/2022\/08\/05\/najcastejsie-chyby-ktorym-sa-treba-vyhnut-pri-nastavovani-detskeho-bicykla\/#breadcrumb"},"inLanguage":"sk-SK","potentialAction":[{"@type":"ReadAction","target":["https:\/\/www.welovecycling.com\/sk\/2022\/08\/05\/najcastejsie-chyby-ktorym-sa-treba-vyhnut-pri-nastavovani-detskeho-bicykla\/"]}]},{"@type":"ImageObject","inLanguage":"sk-SK","@id":"https:\/\/www.welovecycling.com\/sk\/2022\/08\/05\/najcastejsie-chyby-ktorym-sa-treba-vyhnut-pri-nastavovani-detskeho-bicykla\/#primaryimage","url":"https:\/\/d2p6e6u75xmxt8.cloudfront.net\/4\/2022\/08\/Kids-Bicycles-profimedia-0453178389-CVR.webp","contentUrl":"https:\/\/d2p6e6u75xmxt8.cloudfront.net\/4\/2022\/08\/Kids-Bicycles-profimedia-0453178389-CVR.webp","width":990,"height":660,"caption":"Children's Bicycles"},{"@type":"BreadcrumbList","@id":"https:\/\/www.welovecycling.com\/sk\/2022\/08\/05\/najcastejsie-chyby-ktorym-sa-treba-vyhnut-pri-nastavovani-detskeho-bicykla\/#breadcrumb","itemListElement":[{"@type":"ListItem","position":1,"name":"Home","item":"https:\/\/www.welovecycling.com\/sk\/"},{"@type":"ListItem","position":2,"name":"Naj\u010dastej\u0161ie chyby, ktor\u00fdm sa treba vyhn\u00fa\u0165 pri nastavovan\u00ed detsk\u00e9ho bicykla"}]},{"@type":"WebSite","@id":"https:\/\/www.welovecycling.com\/sk\/#website","url":"https:\/\/www.welovecycling.com\/sk\/","name":"\u0160koda We Love Cycling Slovensko","description":"\u0160koda We Love Cycling Slovensko je v\u00e1\u0161 ka\u017edodenn\u00fd zdroj noviniek a in\u0161pir\u00e1cie z sveta cyklistiky","potentialAction":[{"@type":"SearchAction","target":{"@type":"EntryPoint","urlTemplate":"https:\/\/www.welovecycling.com\/sk\/?s={search_term_string}"},"query-input":{"@type":"PropertyValueSpecification","valueRequired":true,"valueName":"search_term_string"}}],"inLanguage":"sk-SK"},{"@type":"Person","@id":"https:\/\/www.welovecycling.com\/sk\/#\/schema\/person\/c6ce5af9dceed219d84a07d2ffa2cad9","name":"miksakova","image":{"@type":"ImageObject","inLanguage":"sk-SK","@id":"https:\/\/www.welovecycling.com\/sk\/#\/schema\/person\/image\/","url":"https:\/\/secure.gravatar.com\/avatar\/3663fb8acb50de04150ea6f7afc1bc15aba80aad4bf92aee01bd38a79084eb7a?s=96&d=mm&r=g","contentUrl":"https:\/\/secure.gravatar.com\/avatar\/3663fb8acb50de04150ea6f7afc1bc15aba80aad4bf92aee01bd38a79084eb7a?s=96&d=mm&r=g","caption":"miksakova"},"url":"https:\/\/www.welovecycling.com\/sk\/author\/miksakova\/"}]}},"_links":{"self":[{"href":"https:\/\/www.welovecycling.com\/sk\/wp-json\/wp\/v2\/posts\/15004","targetHints":{"allow":["GET"]}}],"collection":[{"href":"https:\/\/www.welovecycling.com\/sk\/wp-json\/wp\/v2\/posts"}],"about":[{"href":"https:\/\/www.welovecycling.com\/sk\/wp-json\/wp\/v2\/types\/post"}],"author":[{"embeddable":true,"href":"https:\/\/www.welovecycling.com\/sk\/wp-json\/wp\/v2\/users\/170"}],"replies":[{"embeddable":true,"href":"https:\/\/www.welovecycling.com\/sk\/wp-json\/wp\/v2\/comments?post=15004"}],"version-history":[{"count":2,"href":"https:\/\/www.welovecycling.com\/sk\/wp-json\/wp\/v2\/posts\/15004\/revisions"}],"predecessor-version":[{"id":15389,"href":"https:\/\/www.welovecycling.com\/sk\/wp-json\/wp\/v2\/posts\/15004\/revisions\/15389"}],"wp:featuredmedia":[{"embeddable":true,"href":"https:\/\/www.welovecycling.com\/sk\/wp-json\/wp\/v2\/media\/15007"}],"wp:attachment":[{"href":"https:\/\/www.welovecycling.com\/sk\/wp-json\/wp\/v2\/media?parent=15004"}],"wp:term":[{"taxonomy":"category","embeddable":true,"href":"https:\/\/www.welovecycling.com\/sk\/wp-json\/wp\/v2\/categories?post=15004"},{"taxonomy":"post_tag","embeddable":true,"href":"https:\/\/www.welovecycling.com\/sk\/wp-json\/wp\/v2\/tags?post=15004"},{"taxonomy":"global-categories","embeddable":true,"href":"https:\/\/www.welovecycling.com\/sk\/wp-json\/wp\/v2\/global-categories?post=15004"}],"curies":[{"name":"wp","href":"https:\/\/api.w.org\/{rel}","templated":true}]}}