{"id":14997,"date":"2022-08-03T10:00:45","date_gmt":"2022-08-03T08:00:45","guid":{"rendered":"https:\/\/www.welovecycling.com\/sk\/?p=14997"},"modified":"2022-09-29T12:57:49","modified_gmt":"2022-09-29T10:57:49","slug":"ake-to-je-prvykrat-zazit-strade-bianche","status":"publish","type":"post","link":"https:\/\/www.welovecycling.com\/sk\/2022\/08\/03\/ake-to-je-prvykrat-zazit-strade-bianche\/","title":{"rendered":"Ak\u00e9 to je prv\u00fdkr\u00e1t za\u017ei\u0165 Strade Bianche"},"content":{"rendered":"<p><strong>Taliansky v\u00fdraz Strade Bianche ozna\u010duje zdanlivo nekone\u010dn\u00e9 \u0161trkov\u00e9 cesty z jemn\u00fdch bielych drven\u00fdch kamienkov. Tieto do talianskeho Tosk\u00e1nska ka\u017edoro\u010dne pril\u00e1kaj\u00fa tis\u00edce cyklistov. In\u0161pirovan\u00ed dvoma skvel\u00fdmi pretekmi, profesion\u00e1lnym UCI Strada Bianca a historick\u00fdm L\u2019Eroica, mnoh\u00ed t\u00fa\u017eia po jazde na \u0161pecifickom povrchu miestnych bielych ciest. \u010co m\u00f4\u017eete o\u010dak\u00e1va\u0165 od autentick\u00e9ho z\u00e1\u017eitku zo Strade Bianche?<\/strong><\/p>\n<p><!--more--><\/p>\n<p>Ak profesion\u00e1lni pretek\u00e1ri zvl\u00e1dnu prejs\u0165 cel\u00fa trasu dlh\u00fa viac ako 200 km len za jeden de\u0148, priemern\u00fd cyklista m\u00f4\u017ee vyu\u017ei\u0165 mo\u017enos\u0165 rozdeli\u0165 si cel\u00fa trasu do viacer\u00fdch et\u00e1p. <em>\u201eTrasu sme rozdelili na tri \u010dasti, pri\u010dom nikdy sme nejazdili viac ako 80 km v jednej etape. Nikam sme sa nepon\u00e1h\u013eali a rad\u0161ej sme si jazdu u\u017eili,\u201c<\/em> hovor\u00ed Tom\u00e1\u0161 Jan\u010d\u00e1rek z Prahy, ktor\u00fd sa na z\u00e1\u017eitok zo Strade Bianche te\u0161il nieko\u013eko rokov a napokon sa tento rok v sprievode man\u017eelky do Tosk\u00e1nska dostal.<\/p>\n<p>V z\u00e1vislosti od n\u00e1lady s\u00fa cyklisti povzbudzovan\u00ed viac k tomu, aby ochutnali menej toho cyklistick\u00e9ho tr\u00e1penia a viac miestneho v\u00edna. <em>\u201eAk sa neboj\u00edte alebo nie ste pr\u00edli\u0161 hanbliv\u00fd, m\u00f4\u017eete sa cestou zastavi\u0165 na jednej z mnoh\u00fdch fariem, zaklopa\u0165 na br\u00e1nu a s trochou \u0161\u0165astia v\u00e1s dom\u00e1ci pozv\u00fa na poh\u00e1r vody alebo v\u00edna. A v\u00f4bec za to nebud\u00fa ni\u010d chcie\u0165,\u201c<\/em> hovor\u00ed Tom\u00e1\u0161.<\/p>\n<figure id=\"attachment_14998\" aria-describedby=\"caption-attachment-14998\" style=\"width: 1024px\" class=\"wp-caption alignnone\"><a href=\"https:\/\/d2p6e6u75xmxt8.cloudfront.net\/4\/2022\/08\/Tuscany-1.JPG.jpg\"><img loading=\"lazy\" decoding=\"async\" class=\"wp-image-14998 size-full\" src=\"https:\/\/d2p6e6u75xmxt8.cloudfront.net\/4\/2022\/08\/Tuscany-1.JPG.jpg\" alt=\"Tuscany countryside\" width=\"1024\" height=\"710\" \/><\/a><figcaption id=\"caption-attachment-14998\" class=\"wp-caption-text\">V z\u00e1vislosti od n\u00e1lady s\u00fa cyklisti povzbudzovan\u00ed viac k tomu, aby ochutnali menej toho cyklistick\u00e9ho tr\u00e1penia a viac miestneho v\u00edna.<\/figcaption><\/figure>\n<div id='gallery-1' class='gallery galleryid-14997 gallery-columns-2 gallery-size-large'><figure class='gallery-item'>\n\t\t\t<div class='gallery-icon landscape'>\n\t\t\t\t<a href='https:\/\/d2p6e6u75xmxt8.cloudfront.net\/4\/2022\/08\/Tuscany-2.JPG.webp'><img loading=\"lazy\" decoding=\"async\" width=\"1024\" height=\"702\" src=\"https:\/\/d2p6e6u75xmxt8.cloudfront.net\/4\/2022\/08\/Tuscany-2.JPG.webp\" class=\"attachment-large size-large\" alt=\"\" srcset=\"https:\/\/d2p6e6u75xmxt8.cloudfront.net\/4\/2022\/08\/Tuscany-2.JPG.webp 1024w, https:\/\/d2p6e6u75xmxt8.cloudfront.net\/4\/2022\/08\/Tuscany-2.JPG-300x206.webp 300w, https:\/\/d2p6e6u75xmxt8.cloudfront.net\/4\/2022\/08\/Tuscany-2.JPG-768x527.webp 768w\" sizes=\"auto, (max-width: 1024px) 100vw, 1024px\" \/><\/a>\n\t\t\t<\/div><\/figure><figure class='gallery-item'>\n\t\t\t<div class='gallery-icon landscape'>\n\t\t\t\t<a href='https:\/\/d2p6e6u75xmxt8.cloudfront.net\/4\/2022\/08\/Tuscany-3.JPG.webp'><img loading=\"lazy\" decoding=\"async\" width=\"1024\" height=\"817\" src=\"https:\/\/d2p6e6u75xmxt8.cloudfront.net\/4\/2022\/08\/Tuscany-3.JPG.webp\" class=\"attachment-large size-large\" alt=\"\" srcset=\"https:\/\/d2p6e6u75xmxt8.cloudfront.net\/4\/2022\/08\/Tuscany-3.JPG.webp 1024w, https:\/\/d2p6e6u75xmxt8.cloudfront.net\/4\/2022\/08\/Tuscany-3.JPG-300x239.webp 300w, https:\/\/d2p6e6u75xmxt8.cloudfront.net\/4\/2022\/08\/Tuscany-3.JPG-768x613.webp 768w\" sizes=\"auto, (max-width: 1024px) 100vw, 1024px\" \/><\/a>\n\t\t\t<\/div><\/figure>\n\t\t<\/div>\n\n<p>Jazdci odpor\u00fa\u010daj\u00fa nosi\u0165 so sebou viac vody, ako s\u00fa \u013eudia be\u017ene zvyknut\u00ed. Aj na jar \u010di na jese\u0148 s\u00fa cesty vystaven\u00e9 ostr\u00e9mu talianskemu slnku a v lete m\u00f4\u017ee poobedn\u00e1 cyklistika pripom\u00edna\u0165 pobyt v mikrovlnke. Ma\u0165 dostatok vlastn\u00fdch tekut\u00edn je d\u00f4le\u017eit\u00e9 aj kv\u00f4li neist\u00fdm otv\u00e1rac\u00edm hodin\u00e1m tosk\u00e1nskych obchodov s potravinami. <em>\u201eNa otvorenie jedn\u00e9ho obchodu sme \u010dakali asi hodinu,\u201c<\/em> smeje sa Tom\u00e1\u0161, no jedn\u00fdm dychom dod\u00e1va, \u017ee v Tosk\u00e1nsku nikdy nebudete trpie\u0165 hladom, preto\u017ee v ka\u017edom meste \u010di dedine sa m\u00f4\u017eete zastavi\u0165 a da\u0165 si v\u00fdborn\u00fd obed, k\u00e1vu \u010di zmrzlinu.<\/p>\n<p><em>\u201eUr\u010dite je najlep\u0161ia mo\u017enos\u0165 gravel bike,\u201c<\/em> tvrd\u00ed Tom\u00e1\u0161. Zatia\u013e \u010do \u0161trkov\u00e9 cesty by boli nepohodln\u00e9 a niekedy dokonca nemo\u017en\u00e9 jazdi\u0165 na be\u017enom cestnom bicykli. Horsk\u00fd bicykel by bol pr\u00edli\u0161 pomal\u00fd a vzdoruj\u00faci.<\/p>\n<p>Typick\u00e9 \u0161trkov\u00e9 cesty tvoria a\u017e 70 percent celej trasy, zvy\u0161ok je pokryt\u00fd asfaltom. Ke\u010f sa hovor\u00ed o \u0161trku, mnoh\u00ed cyklisti sa chvej\u00fa zdesen\u00edm, preto\u017ee drsn\u00e9 kamenn\u00e9 cesty dok\u00e1\u017eu prepichn\u00fa\u0165 aj odoln\u00e9 pneumatiky horsk\u00fdch bicyklov. Tu v Tosk\u00e1nsku je v\u0161ak \u0161trk celkom in\u00fd. Od kr\u00e9movej b\u00e9\u017eovej po \u017eiarivo bielu. \u015atrk je zn\u00e1my svojou miernos\u0165ou, ktor\u00e1 je \u0161etrn\u00e1 k \u0161trkov\u00fdm pl\u00e1\u0161\u0165om.<\/p>\n<div class=\"shortcode-ys-post-pinup\"><article class=\"loop-simple post-14940 post type-post status-publish format-standard has-post-thumbnail hentry category-podujatia tag-akcia tag-august tag-cestna-cyklistika tag-horska-cyklistika tag-letape-slovakia tag-leto tag-maraton tag-mtbiker tag-odporucame tag-podujatia tag-pozvanka tag-preteky tag-sezona-2022 tag-skoda global-categories-cycling\" data-postid=\"14940\" role=\"article\" data-post-id=\"14940\" data-word-count=\"497\" data-headline-length=\"42\" data-category=\"Podujatia\" data-global-category=\"Cycling\" data-author=\"Radovan Vr\u0161ka\" data-published=\"2022-07-27T10:00:10+02:00\" data-published-day=\"Wednesday\">\n    <div class=\"entry-thumbnail article-thumbnail\" content=\"https:\/\/d2p6e6u75xmxt8.cloudfront.net\/4\/2022\/07\/August_00-150x150.webp\"><a href=\"https:\/\/www.welovecycling.com\/sk\/2022\/07\/27\/augustovy-prehlad-slovenskych-podujati\/\" class=\"image-holder\" target=\"_self\"><img decoding=\"async\" loading=\"lazy\" class=\"\" src=\"https:\/\/d2p6e6u75xmxt8.cloudfront.net\/4\/2022\/07\/August_00.webp\" srcset=\"https:\/\/d2p6e6u75xmxt8.cloudfront.net\/4\/2022\/07\/August_00.webp 990w, https:\/\/d2p6e6u75xmxt8.cloudfront.net\/4\/2022\/07\/August_00-300x200.webp 300w, https:\/\/d2p6e6u75xmxt8.cloudfront.net\/4\/2022\/07\/August_00-768x512.webp 768w, https:\/\/d2p6e6u75xmxt8.cloudfront.net\/4\/2022\/07\/August_00-272x182.webp 272w\" width=\"990\" height=\"660\" sizes=\"auto, (min-width: 1200px) 300px, (min-width: 768px) 25vw, 100vw\" alt=\"augustovy-prehlad-slovenskych-podujati\"\/><\/a><\/div>    <div class=\"entry-meta\">\n        <a class=\"label label-secondary post-category\" href=\"https:\/\/www.welovecycling.com\/sk\/category\/podujatia\/\" title=\"Podujatia\">Podujatia<\/a>\n    <\/div>\n    <div class=\"entry-details\">\n        <a href=\"https:\/\/www.welovecycling.com\/sk\/2022\/07\/27\/augustovy-prehlad-slovenskych-podujati\/\" class='entry-title-wrapper'>\n            <h3 class=\"entry-title\"><span>Augustov\u00fd preh\u013ead slovensk\u00fdch podujat\u00ed<\/span><\/h3>\n        <\/a>\n    <\/div>\n    <\/article>\n<\/div>\n<p><em>\u201ePo jednom dni v sedle si zvyknete a nau\u010d\u00edte sa jazdi\u0165 na tomto \u0161pecifickom povrchu bez v\u00e4\u010d\u0161ej n\u00e1mahy,\u201c<\/em> hovor\u00ed Tom\u00e1\u0161. Jazda sa v\u0161ak rozhodne ned\u00e1 porovna\u0165 s t\u00fdm, na \u010do s\u00fa \u013eudia zvyknut\u00ed na hladk\u00fdch asfaltov\u00fdch cest\u00e1ch. Jazda po miestnych cest\u00e1ch je dos\u0165 hrbo\u013eat\u00e1 a vy\u017eaduje si ur\u010dit\u00e9 MTB zru\u010dnosti.<\/p>\n<p>Pre mnoh\u00fdch jazdcov m\u00f4\u017ee by\u0165 st\u00fapanie trpk\u00fdm prekvapen\u00edm. Z poh\u013eadn\u00edc z Tosk\u00e1nska by sa dalo o\u010dak\u00e1va\u0165, \u017ee kopce sa len jemne zvl\u0148uj\u00fa hore a dole. No uk\u013eud\u0148uj\u00faca il\u00fazia sa rozplynie najnesk\u00f4r po desa\u0165kilometrovom 12 % st\u00fapan\u00ed, ktor\u00e9 vedie do dedinky Montalcino. Aj ke\u010f sa v\u00e4\u010d\u0161ina kopcov nach\u00e1dza v severnej \u010dasti trasy, n\u00e1ro\u010dn\u00e9 m\u00f4\u017eu by\u0165 aj v\u00fdstupy na juhu. <em>\u201eCelkov\u00e9 prev\u00fd\u0161enie je okolo 3 000 metrov, aj preto s\u00fa medzi be\u017en\u00fdmi cyklistami pomerne \u010dasto viden\u00ed pou\u017e\u00edvatelia elektrobicyklov,\u201c<\/em> hovor\u00ed Tom\u00e1\u0161.<\/p>\n<p>Rozdiel medzi severnou a ju\u017enou \u010das\u0165ou je aj vo veget\u00e1cii. K\u00fdm na severe s\u00fa cesty lemovan\u00e9 dubov\u00fdmi a borovicov\u00fdmi h\u00e1jmi, ju\u017en\u00e9 cesty kri\u017euj\u00fa rozsiahle polia, ktor\u00e9 prech\u00e1dzaj\u00facim cyklistom neposkytuj\u00fa absol\u00fatne \u017eiadny tie\u0148.<\/p>\n<p>Hoci sa ve\u013ea \u013eud\u00ed ob\u00e1va prachu, realita nie je tak\u00e1 dramatick\u00e1. Ak v\u00e1m automobilov\u00e1 doprava na be\u017en\u00fdch talianskych cest\u00e1ch niekedy pripad\u00e1 ako na automobilovom pretek\u00e1rskom okruhu, na bielych \u0161trkov\u00fdch cest\u00e1ch stretnete a\u017e jedno auto za hodinu. \u010do znamen\u00e1, \u017ee prach zvy\u010dajne rozv\u00edria traktory. <em>\u201ePod\u013ea mojich sk\u00fasenost\u00ed s\u00fa miestni farm\u00e1ri mimoriadne oh\u013eadupln\u00ed a v\u017edy, ke\u010f uvidia cyklistu, tak zastavia a pustia v\u00e1s,\u201c<\/em> hovor\u00ed Tom\u00e1\u0161.<\/p>\n<p>Jazda na <a href=\"https:\/\/www.strade-bianche.it\/en\/\" rel=\"noopener\" target=\"_blank\">Strade Bianche<\/a> je n\u00e1ro\u010dn\u00e1 a ako hovoria profesion\u00e1lni pretek\u00e1ri, ned\u00e1 sa porovna\u0165 s ni\u010d\u00edm in\u00fdm, \u010do poznaj\u00fa z klas\u00edk. <em>\u201eBoli sme nad\u0161en\u00ed a ur\u010dite sa \u010doskoro vr\u00e1time,\u201c<\/em> s\u013eubuje Tom\u00e1\u0161.<\/p>\n","protected":false},"excerpt":{"rendered":"<p>Taliansky v\u00fdraz Strade Bianche ozna\u010duje zdanlivo nekone\u010dn\u00e9 \u0161trkov\u00e9 cesty z jemn\u00fdch bielych drven\u00fdch kamienkov. Tieto do talianskeho Tosk\u00e1nska ka\u017edoro\u010dne pril\u00e1kaj\u00fa [&hellip;]<\/p>\n","protected":false},"author":170,"featured_media":15000,"comment_status":"open","ping_status":"open","sticky":false,"template":"","format":"standard","meta":{"footnotes":""},"categories":[4],"tags":[115,487,597,261,259,1481,767,422,1109,419,1525,545,183],"global-categories":[],"class_list":["post-14997","post","type-post","status-publish","format-standard","has-post-thumbnail","hentry","category-cestna-cyklisitika","tag-cestna-cyklistika","tag-cestny-bicykel","tag-cyklista","tag-ebike","tag-gravel","tag-jazda-na-bicykli","tag-motivacia","tag-strade-bianche","tag-stupanie","tag-taliansko","tag-toskansko","tag-trasa","tag-zabava"],"yoast_head":"<!-- This site is optimized with the Yoast SEO Premium plugin v25.3 (Yoast SEO v25.9) - https:\/\/yoast.com\/wordpress\/plugins\/seo\/ -->\n<title>Ak\u00e9 to je prv\u00fdkr\u00e1t za\u017ei\u0165 Strade Bianche<\/title>\n<meta name=\"description\" content=\"Taliansky v\u00fdraz Strade Bianche ozna\u010duje zdanlivo nekone\u010dn\u00e9 \u0161trkov\u00e9 cesty z jemn\u00fdch bielych drven\u00fdch kamienkov, ktor\u00e9 l\u00e1kaj\u00fa cyklistov.\" \/>\n<meta name=\"robots\" content=\"index, follow, max-snippet:-1, max-image-preview:large, max-video-preview:-1\" \/>\n<link rel=\"canonical\" href=\"https:\/\/www.welovecycling.com\/sk\/2022\/08\/03\/ake-to-je-prvykrat-zazit-strade-bianche\/\" \/>\n<meta property=\"og:locale\" content=\"sk_SK\" \/>\n<meta property=\"og:type\" content=\"article\" \/>\n<meta property=\"og:title\" content=\"Ak\u00e9 to je prv\u00fdkr\u00e1t za\u017ei\u0165 Strade Bianche\" \/>\n<meta property=\"og:description\" content=\"Taliansky v\u00fdraz Strade Bianche ozna\u010duje zdanlivo nekone\u010dn\u00e9 \u0161trkov\u00e9 cesty z jemn\u00fdch bielych drven\u00fdch kamienkov, ktor\u00e9 l\u00e1kaj\u00fa cyklistov.\" \/>\n<meta property=\"og:url\" content=\"https:\/\/www.welovecycling.com\/sk\/2022\/08\/03\/ake-to-je-prvykrat-zazit-strade-bianche\/\" \/>\n<meta property=\"og:site_name\" content=\"\u0160koda We Love Cycling Slovensko\" \/>\n<meta property=\"article:published_time\" content=\"2022-08-03T08:00:45+00:00\" \/>\n<meta property=\"article:modified_time\" content=\"2022-09-29T10:57:49+00:00\" \/>\n<meta property=\"og:image\" content=\"https:\/\/d2p6e6u75xmxt8.cloudfront.net\/4\/2022\/08\/Strade-Bianche-Adam-CVR.webp\" \/>\n\t<meta property=\"og:image:width\" content=\"990\" \/>\n\t<meta property=\"og:image:height\" content=\"660\" \/>\n\t<meta property=\"og:image:type\" content=\"image\/webp\" \/>\n<meta name=\"author\" content=\"miksakova\" \/>\n<meta name=\"twitter:card\" content=\"summary_large_image\" \/>\n<meta name=\"twitter:label1\" content=\"Written by\" \/>\n\t<meta name=\"twitter:data1\" content=\"Radovan Vr\u0161ka\" \/>\n\t<meta name=\"twitter:label2\" content=\"Est. reading time\" \/>\n\t<meta name=\"twitter:data2\" content=\"5\" \/>\n<script type=\"application\/ld+json\" class=\"yoast-schema-graph\">{\"@context\":\"https:\/\/schema.org\",\"@graph\":[{\"@type\":\"WebPage\",\"@id\":\"https:\/\/www.welovecycling.com\/sk\/2022\/08\/03\/ake-to-je-prvykrat-zazit-strade-bianche\/\",\"url\":\"https:\/\/www.welovecycling.com\/sk\/2022\/08\/03\/ake-to-je-prvykrat-zazit-strade-bianche\/\",\"name\":\"Ak\u00e9 to je prv\u00fdkr\u00e1t za\u017ei\u0165 Strade Bianche\",\"isPartOf\":{\"@id\":\"https:\/\/www.welovecycling.com\/sk\/#website\"},\"primaryImageOfPage\":{\"@id\":\"https:\/\/www.welovecycling.com\/sk\/2022\/08\/03\/ake-to-je-prvykrat-zazit-strade-bianche\/#primaryimage\"},\"image\":{\"@id\":\"https:\/\/www.welovecycling.com\/sk\/2022\/08\/03\/ake-to-je-prvykrat-zazit-strade-bianche\/#primaryimage\"},\"thumbnailUrl\":\"https:\/\/d2p6e6u75xmxt8.cloudfront.net\/4\/2022\/08\/Strade-Bianche-Adam-CVR.webp\",\"datePublished\":\"2022-08-03T08:00:45+00:00\",\"dateModified\":\"2022-09-29T10:57:49+00:00\",\"author\":{\"@id\":\"https:\/\/www.welovecycling.com\/sk\/#\/schema\/person\/c6ce5af9dceed219d84a07d2ffa2cad9\"},\"description\":\"Taliansky v\u00fdraz Strade Bianche ozna\u010duje zdanlivo nekone\u010dn\u00e9 \u0161trkov\u00e9 cesty z jemn\u00fdch bielych drven\u00fdch kamienkov, ktor\u00e9 l\u00e1kaj\u00fa cyklistov.\",\"breadcrumb\":{\"@id\":\"https:\/\/www.welovecycling.com\/sk\/2022\/08\/03\/ake-to-je-prvykrat-zazit-strade-bianche\/#breadcrumb\"},\"inLanguage\":\"sk-SK\",\"potentialAction\":[{\"@type\":\"ReadAction\",\"target\":[\"https:\/\/www.welovecycling.com\/sk\/2022\/08\/03\/ake-to-je-prvykrat-zazit-strade-bianche\/\"]}]},{\"@type\":\"ImageObject\",\"inLanguage\":\"sk-SK\",\"@id\":\"https:\/\/www.welovecycling.com\/sk\/2022\/08\/03\/ake-to-je-prvykrat-zazit-strade-bianche\/#primaryimage\",\"url\":\"https:\/\/d2p6e6u75xmxt8.cloudfront.net\/4\/2022\/08\/Strade-Bianche-Adam-CVR.webp\",\"contentUrl\":\"https:\/\/d2p6e6u75xmxt8.cloudfront.net\/4\/2022\/08\/Strade-Bianche-Adam-CVR.webp\",\"width\":990,\"height\":660,\"caption\":\"Strade Bianche\"},{\"@type\":\"BreadcrumbList\",\"@id\":\"https:\/\/www.welovecycling.com\/sk\/2022\/08\/03\/ake-to-je-prvykrat-zazit-strade-bianche\/#breadcrumb\",\"itemListElement\":[{\"@type\":\"ListItem\",\"position\":1,\"name\":\"Home\",\"item\":\"https:\/\/www.welovecycling.com\/sk\/\"},{\"@type\":\"ListItem\",\"position\":2,\"name\":\"Ak\u00e9 to je prv\u00fdkr\u00e1t za\u017ei\u0165 Strade Bianche\"}]},{\"@type\":\"WebSite\",\"@id\":\"https:\/\/www.welovecycling.com\/sk\/#website\",\"url\":\"https:\/\/www.welovecycling.com\/sk\/\",\"name\":\"\u0160koda We Love Cycling Slovensko\",\"description\":\"\u0160koda We Love Cycling Slovensko je v\u00e1\u0161 ka\u017edodenn\u00fd zdroj noviniek a in\u0161pir\u00e1cie z sveta cyklistiky\",\"potentialAction\":[{\"@type\":\"SearchAction\",\"target\":{\"@type\":\"EntryPoint\",\"urlTemplate\":\"https:\/\/www.welovecycling.com\/sk\/?s={search_term_string}\"},\"query-input\":{\"@type\":\"PropertyValueSpecification\",\"valueRequired\":true,\"valueName\":\"search_term_string\"}}],\"inLanguage\":\"sk-SK\"},{\"@type\":\"Person\",\"@id\":\"https:\/\/www.welovecycling.com\/sk\/#\/schema\/person\/c6ce5af9dceed219d84a07d2ffa2cad9\",\"name\":\"miksakova\",\"image\":{\"@type\":\"ImageObject\",\"inLanguage\":\"sk-SK\",\"@id\":\"https:\/\/www.welovecycling.com\/sk\/#\/schema\/person\/image\/\",\"url\":\"https:\/\/secure.gravatar.com\/avatar\/3663fb8acb50de04150ea6f7afc1bc15aba80aad4bf92aee01bd38a79084eb7a?s=96&d=mm&r=g\",\"contentUrl\":\"https:\/\/secure.gravatar.com\/avatar\/3663fb8acb50de04150ea6f7afc1bc15aba80aad4bf92aee01bd38a79084eb7a?s=96&d=mm&r=g\",\"caption\":\"miksakova\"},\"url\":\"https:\/\/www.welovecycling.com\/sk\/author\/miksakova\/\"}]}<\/script>\n<!-- \/ Yoast SEO Premium plugin. -->","yoast_head_json":{"title":"Ak\u00e9 to je prv\u00fdkr\u00e1t za\u017ei\u0165 Strade Bianche","description":"Taliansky v\u00fdraz Strade Bianche ozna\u010duje zdanlivo nekone\u010dn\u00e9 \u0161trkov\u00e9 cesty z jemn\u00fdch bielych drven\u00fdch kamienkov, ktor\u00e9 l\u00e1kaj\u00fa cyklistov.","robots":{"index":"index","follow":"follow","max-snippet":"max-snippet:-1","max-image-preview":"max-image-preview:large","max-video-preview":"max-video-preview:-1"},"canonical":"https:\/\/www.welovecycling.com\/sk\/2022\/08\/03\/ake-to-je-prvykrat-zazit-strade-bianche\/","og_locale":"sk_SK","og_type":"article","og_title":"Ak\u00e9 to je prv\u00fdkr\u00e1t za\u017ei\u0165 Strade Bianche","og_description":"Taliansky v\u00fdraz Strade Bianche ozna\u010duje zdanlivo nekone\u010dn\u00e9 \u0161trkov\u00e9 cesty z jemn\u00fdch bielych drven\u00fdch kamienkov, ktor\u00e9 l\u00e1kaj\u00fa cyklistov.","og_url":"https:\/\/www.welovecycling.com\/sk\/2022\/08\/03\/ake-to-je-prvykrat-zazit-strade-bianche\/","og_site_name":"\u0160koda We Love Cycling Slovensko","article_published_time":"2022-08-03T08:00:45+00:00","article_modified_time":"2022-09-29T10:57:49+00:00","og_image":[{"width":990,"height":660,"url":"https:\/\/d2p6e6u75xmxt8.cloudfront.net\/4\/2022\/08\/Strade-Bianche-Adam-CVR.webp","type":"image\/webp"}],"author":"miksakova","twitter_card":"summary_large_image","twitter_misc":{"Written by":"Radovan Vr\u0161ka","Est. reading time":"5"},"schema":{"@context":"https:\/\/schema.org","@graph":[{"@type":"WebPage","@id":"https:\/\/www.welovecycling.com\/sk\/2022\/08\/03\/ake-to-je-prvykrat-zazit-strade-bianche\/","url":"https:\/\/www.welovecycling.com\/sk\/2022\/08\/03\/ake-to-je-prvykrat-zazit-strade-bianche\/","name":"Ak\u00e9 to je prv\u00fdkr\u00e1t za\u017ei\u0165 Strade Bianche","isPartOf":{"@id":"https:\/\/www.welovecycling.com\/sk\/#website"},"primaryImageOfPage":{"@id":"https:\/\/www.welovecycling.com\/sk\/2022\/08\/03\/ake-to-je-prvykrat-zazit-strade-bianche\/#primaryimage"},"image":{"@id":"https:\/\/www.welovecycling.com\/sk\/2022\/08\/03\/ake-to-je-prvykrat-zazit-strade-bianche\/#primaryimage"},"thumbnailUrl":"https:\/\/d2p6e6u75xmxt8.cloudfront.net\/4\/2022\/08\/Strade-Bianche-Adam-CVR.webp","datePublished":"2022-08-03T08:00:45+00:00","dateModified":"2022-09-29T10:57:49+00:00","author":{"@id":"https:\/\/www.welovecycling.com\/sk\/#\/schema\/person\/c6ce5af9dceed219d84a07d2ffa2cad9"},"description":"Taliansky v\u00fdraz Strade Bianche ozna\u010duje zdanlivo nekone\u010dn\u00e9 \u0161trkov\u00e9 cesty z jemn\u00fdch bielych drven\u00fdch kamienkov, ktor\u00e9 l\u00e1kaj\u00fa cyklistov.","breadcrumb":{"@id":"https:\/\/www.welovecycling.com\/sk\/2022\/08\/03\/ake-to-je-prvykrat-zazit-strade-bianche\/#breadcrumb"},"inLanguage":"sk-SK","potentialAction":[{"@type":"ReadAction","target":["https:\/\/www.welovecycling.com\/sk\/2022\/08\/03\/ake-to-je-prvykrat-zazit-strade-bianche\/"]}]},{"@type":"ImageObject","inLanguage":"sk-SK","@id":"https:\/\/www.welovecycling.com\/sk\/2022\/08\/03\/ake-to-je-prvykrat-zazit-strade-bianche\/#primaryimage","url":"https:\/\/d2p6e6u75xmxt8.cloudfront.net\/4\/2022\/08\/Strade-Bianche-Adam-CVR.webp","contentUrl":"https:\/\/d2p6e6u75xmxt8.cloudfront.net\/4\/2022\/08\/Strade-Bianche-Adam-CVR.webp","width":990,"height":660,"caption":"Strade Bianche"},{"@type":"BreadcrumbList","@id":"https:\/\/www.welovecycling.com\/sk\/2022\/08\/03\/ake-to-je-prvykrat-zazit-strade-bianche\/#breadcrumb","itemListElement":[{"@type":"ListItem","position":1,"name":"Home","item":"https:\/\/www.welovecycling.com\/sk\/"},{"@type":"ListItem","position":2,"name":"Ak\u00e9 to je prv\u00fdkr\u00e1t za\u017ei\u0165 Strade Bianche"}]},{"@type":"WebSite","@id":"https:\/\/www.welovecycling.com\/sk\/#website","url":"https:\/\/www.welovecycling.com\/sk\/","name":"\u0160koda We Love Cycling Slovensko","description":"\u0160koda We Love Cycling Slovensko je v\u00e1\u0161 ka\u017edodenn\u00fd zdroj noviniek a in\u0161pir\u00e1cie z sveta cyklistiky","potentialAction":[{"@type":"SearchAction","target":{"@type":"EntryPoint","urlTemplate":"https:\/\/www.welovecycling.com\/sk\/?s={search_term_string}"},"query-input":{"@type":"PropertyValueSpecification","valueRequired":true,"valueName":"search_term_string"}}],"inLanguage":"sk-SK"},{"@type":"Person","@id":"https:\/\/www.welovecycling.com\/sk\/#\/schema\/person\/c6ce5af9dceed219d84a07d2ffa2cad9","name":"miksakova","image":{"@type":"ImageObject","inLanguage":"sk-SK","@id":"https:\/\/www.welovecycling.com\/sk\/#\/schema\/person\/image\/","url":"https:\/\/secure.gravatar.com\/avatar\/3663fb8acb50de04150ea6f7afc1bc15aba80aad4bf92aee01bd38a79084eb7a?s=96&d=mm&r=g","contentUrl":"https:\/\/secure.gravatar.com\/avatar\/3663fb8acb50de04150ea6f7afc1bc15aba80aad4bf92aee01bd38a79084eb7a?s=96&d=mm&r=g","caption":"miksakova"},"url":"https:\/\/www.welovecycling.com\/sk\/author\/miksakova\/"}]}},"_links":{"self":[{"href":"https:\/\/www.welovecycling.com\/sk\/wp-json\/wp\/v2\/posts\/14997","targetHints":{"allow":["GET"]}}],"collection":[{"href":"https:\/\/www.welovecycling.com\/sk\/wp-json\/wp\/v2\/posts"}],"about":[{"href":"https:\/\/www.welovecycling.com\/sk\/wp-json\/wp\/v2\/types\/post"}],"author":[{"embeddable":true,"href":"https:\/\/www.welovecycling.com\/sk\/wp-json\/wp\/v2\/users\/170"}],"replies":[{"embeddable":true,"href":"https:\/\/www.welovecycling.com\/sk\/wp-json\/wp\/v2\/comments?post=14997"}],"version-history":[{"count":2,"href":"https:\/\/www.welovecycling.com\/sk\/wp-json\/wp\/v2\/posts\/14997\/revisions"}],"predecessor-version":[{"id":15003,"href":"https:\/\/www.welovecycling.com\/sk\/wp-json\/wp\/v2\/posts\/14997\/revisions\/15003"}],"wp:featuredmedia":[{"embeddable":true,"href":"https:\/\/www.welovecycling.com\/sk\/wp-json\/wp\/v2\/media\/15000"}],"wp:attachment":[{"href":"https:\/\/www.welovecycling.com\/sk\/wp-json\/wp\/v2\/media?parent=14997"}],"wp:term":[{"taxonomy":"category","embeddable":true,"href":"https:\/\/www.welovecycling.com\/sk\/wp-json\/wp\/v2\/categories?post=14997"},{"taxonomy":"post_tag","embeddable":true,"href":"https:\/\/www.welovecycling.com\/sk\/wp-json\/wp\/v2\/tags?post=14997"},{"taxonomy":"global-categories","embeddable":true,"href":"https:\/\/www.welovecycling.com\/sk\/wp-json\/wp\/v2\/global-categories?post=14997"}],"curies":[{"name":"wp","href":"https:\/\/api.w.org\/{rel}","templated":true}]}}