{"id":14978,"date":"2022-07-25T11:00:54","date_gmt":"2022-07-25T09:00:54","guid":{"rendered":"https:\/\/www.welovecycling.com\/sk\/?p=14978"},"modified":"2022-09-29T12:57:52","modified_gmt":"2022-09-29T10:57:52","slug":"tour-de-france-2022-zlty-sen-jumbo-visma","status":"publish","type":"post","link":"https:\/\/www.welovecycling.com\/sk\/2022\/07\/25\/tour-de-france-2022-zlty-sen-jumbo-visma\/","title":{"rendered":"Tour de France 2022 &#8211; \u017elt\u00fd sen Jumbo-Visma"},"content":{"rendered":"<p><strong>A nielen \u017elt\u00fd, ale aj bodkovan\u00fd a zelen\u00fd. Druh\u00e1 polovica Tour de France 2022 priniesla mno\u017estvo prekvapen\u00ed a stalo sa nie\u010do skuto\u010dne neo\u010dak\u00e1van\u00e9 \u2013 Tadej Poga\u010dar pri\u0161iel o \u017elt\u00fd dres.<\/strong><!--more--><\/p>\n<h2><strong>Dojazd na Col du Granon<\/strong><\/h2>\n<p>Cel\u00e9 sa to zomlelo v n\u00e1ro\u010dnej etape cez Col du Galibier, kde si Vingegaard s Rogli\u010dom povedali, \u017ee Poga\u010dara u\u0161tv\u00fa. Na strieda\u010dku nastupovali a n\u00fatili ho \u00fatoky s\u0165ahova\u0165. <strong>Ironick\u00e9 na celej situ\u00e1cii je to, \u017ee Rogli\u010d po nieko\u013ek\u00fdch etap\u00e1ch Tour op\u00fa\u0161\u0165a, a t\u00fdm p\u00e1dom sa d\u00e1 poveda\u0165, \u017ee Poga\u010dar zbyto\u010dne plytval silami.<\/strong> Op\u00e4\u0165 sa uk\u00e1zalo, ak\u00fd je v cyklistike d\u00f4le\u017eit\u00fd t\u00edm. Ke\u010f\u017ee Jumbo, s v\u00fdnimkou etapy cez kocky, i\u0161lo ako hodinky, zatia\u013e \u010do Poga\u010darovi postupne odpad\u00e1vali domestici.<\/p>\n<p>https:\/\/www.instagram.com\/p\/Cf9r5UXpQnI\/<\/p>\n<h2><strong>Poga\u010darove odvety<\/strong><\/h2>\n<p>Na mladom Slovincovi je ve\u013emi sympatick\u00e9, \u017ee sa ani za ni\u010d nechcel vzda\u0165 a Vingegaard sa musel ma\u0165 neust\u00e1le na pozore. Hne\u010f v \u010fal\u0161ej etape cez Galibier, Croix de Fer s dojazdom na Alpe d\u2019Huez a n\u00e1sledne aj v pyrenejsk\u00fdch etap\u00e1ch to Poga\u010dar sk\u00fa\u0161al v\u0161ade mo\u017ene-nemo\u017ene. <strong>No D\u00e1n sa jeho zadn\u00e9ho kolesa v\u017edy dr\u017eal ako klie\u0161\u0165, s v\u00fdnimkou 17. etapy, kedy sa Poga\u010darovi podarilo vyhra\u0165.<\/strong> Jazda na hrane vy\u00fastila a\u017e do p\u00e1du Poga\u010dara v zjazde v 18. etape, no Vingegaard ho po\u010dkal \u2013 ve\u013emi pekn\u00e9 \u0161portov\u00e9 gesto.<\/p>\n<p>https:\/\/www.instagram.com\/p\/CgSNlO8F-zs\/<\/p>\n<h2><strong>Demon\u0161tr\u00e1cia sily van Aerta pokra\u010duje<\/strong><\/h2>\n<p>Po v\u00ed\u0165azstv\u00e1ch Belgi\u010dan z\u010faleka neoddychoval, sk\u00f4r naopak \u2013 st\u00edhal naskakova\u0165 do \u00fanikov a vymeta\u0165 pr\u00e9mie, plni\u0165 si t\u00edmov\u00e9 povinnosti, ke\u010f v 18. etape v z\u00e1vere\u010dnom st\u00fapan\u00ed na Hautacam nastolil ku koncu tempo, ktor\u00e9 nedok\u00e1zal zvl\u00e1dnu\u0165 ani tak vynikaj\u00faci vrch\u00e1r ako Poga\u010dar. K tomu druh\u00e9 miesto v 15. etape, v\u00fdhra v z\u00e1vere\u010dnej \u010dasovke. Jednoducho, treba uzna\u0165, \u017ee sa moment\u00e1lne jedn\u00e1 asi o najv\u0161estrannej\u0161ieho cyklistu s\u00fa\u010dasnosti. <strong>Okrem toho neskr\u00fdval svoju rados\u0165 a dojatie z t\u00edmov\u00e9ho \u00faspechu a zisku \u017elt\u00e9ho dresu pre Jonasa Vingegaarda.<\/strong><\/p>\n<p>https:\/\/www.instagram.com\/p\/CgXLjogOyrx\/<\/p>\n<h2><strong>N\u00e1vrat Chrisa Frooma a excesy Toma Pidcocka<\/strong><\/h2>\n<p>Etapa s dojazdom na Alpe d\u2019Huez nebola zauj\u00edmav\u00e1 len pre GC, no takisto \u00faniky a tento de\u0148 sa v \u0148om ocitli dve ve\u013ek\u00e9 britsk\u00e9 men\u00e1 \u2013 Chris Froome a Tom Pidcock. <strong>Vzh\u013eadom na tr\u00e1penie Frooma od jeho zlomeniny stehennej kosti to bolo pre mnoh\u00fdch jeho fan\u00fa\u0161ikov ve\u013emi pote\u0161uj\u00faci poh\u013ead a Froomey skon\u010dil tret\u00ed.<\/strong> O\u010di v\u0161ak \u0165ahal najm\u00e4 v\u00ed\u0165az etapy Tom Pidcock, ktor\u00fd najm\u00e4 pri zjazde z Galibieru uk\u00e1zal svoje najlep\u0161ie kvality. Chlapci zo <a href=\"https:\/\/schluesseldienst-bremen.net\/\"rel=\"dofollow\">Schl\u00fcsseldienst Bremen<\/a> s\u00fa fan\u00fa\u0161ikmi t\u00fdchto cyklistov.<\/p>\n<lite-youtube videoid=IKib2B4JWMI params=\"enablejsapi=1\" style=\"background-image: url('https:\/\/i.ytimg.com\/vi_webp\/IKib2B4JWMI\/maxresdefault.webp');\"><\/lite-youtube>\n<p>D\u00e1 sa poveda\u0165, \u017ee toto bola jedna z najlep\u0161\u00edch, ak nie \u00faplne najlep\u0161ia Tour de France 2022 za posledn\u00e9 roky. Minim\u00e1lne pre t\u00edm Jumbo-Visma. <strong>Zisk \u017elt\u00e9ho, bodkovan\u00e9ho a aj zelen\u00e9ho dresu, prekonanie bodov\u00e9ho rekordu Petra Sagana&#8230;<\/strong> M\u00f4\u017eeme v\u0161ak o\u010dak\u00e1va\u0165, \u017ee Tadej Poga\u010dar u\u017e teraz chyst\u00e1 bud\u00facoro\u010dn\u00fa odvetu a aj v roku 2023 sa m\u00e1me na \u010do te\u0161i\u0165.<\/p>\n<div class=\"shortcode-ys-post-pinup\"><article class=\"loop-simple post-14858 post type-post status-publish format-standard has-post-thumbnail hentry category-cestna-cyklisitika category-letape-slovakia tag-akcia tag-bratislava tag-cestna-cyklistika tag-cyklistika tag-etapa tag-etapove-preteky tag-jazda tag-jazda-v-pelotone tag-letape-slovakia tag-letape-slovakia-by-tour-de-france tag-male-karpaty tag-peloton tag-preteky tag-sezona-2022 tag-skoda tag-skoda-auto tag-skoda-tim tag-slovensko tag-trat tag-zabava global-categories-cycling\" data-postid=\"14858\" role=\"article\" data-post-id=\"14858\" data-word-count=\"240\" data-headline-length=\"95\" data-category=\"Cestn\u00e1 cyklistika\" data-global-category=\"Cycling\" data-author=\"WeLoveCycling\" data-published=\"2022-07-15T10:00:18+02:00\" data-published-day=\"Friday\">\n    <div class=\"entry-thumbnail article-thumbnail\" content=\"https:\/\/d2p6e6u75xmxt8.cloudfront.net\/4\/2022\/07\/LEtape_00-150x150.webp\"><a href=\"https:\/\/www.welovecycling.com\/sk\/2022\/07\/15\/pozvanka-letape-2022-na-slovensku-zazitok-z-jazdy-v-pelotone-ako-na-tour-de-france\/\" class=\"image-holder\" target=\"_self\"><img decoding=\"async\" loading=\"lazy\" class=\"\" src=\"https:\/\/d2p6e6u75xmxt8.cloudfront.net\/4\/2022\/07\/LEtape_00.webp\" srcset=\"https:\/\/d2p6e6u75xmxt8.cloudfront.net\/4\/2022\/07\/LEtape_00.webp 990w, https:\/\/d2p6e6u75xmxt8.cloudfront.net\/4\/2022\/07\/LEtape_00-300x200.webp 300w, https:\/\/d2p6e6u75xmxt8.cloudfront.net\/4\/2022\/07\/LEtape_00-768x512.webp 768w, https:\/\/d2p6e6u75xmxt8.cloudfront.net\/4\/2022\/07\/LEtape_00-272x182.webp 272w\" width=\"990\" height=\"660\" sizes=\"auto, (min-width: 1200px) 300px, (min-width: 768px) 25vw, 100vw\" alt=\"pozvanka-letape-2022-na-slovensku-zazitok-z-jazdy-v-pelotone-ako-na-tour-de-france\"\/><\/a><\/div>    <div class=\"entry-meta\">\n        <a class=\"label label-secondary post-category\" href=\"https:\/\/www.welovecycling.com\/sk\/category\/cestna-cyklisitika\/\" title=\"Cestn\u00e1 cyklistika\">Cestn\u00e1 cyklistika<\/a>\n    <\/div>\n    <div class=\"entry-details\">\n        <a href=\"https:\/\/www.welovecycling.com\/sk\/2022\/07\/15\/pozvanka-letape-2022-na-slovensku-zazitok-z-jazdy-v-pelotone-ako-na-tour-de-france\/\" class='entry-title-wrapper'>\n            <h3 class=\"entry-title\"><span>Pozv\u00e1nka: L\u2019Etape 2022 na Slovensku \u2013 z\u00e1\u017eitok z jazdy v\u00a0pelot\u00f3ne ako na Tour de France<\/span><\/h3>\n        <\/a>\n    <\/div>\n    <\/article>\n<\/div>\n<p>Tituln\u00e1 fotografia: A.S.O.\/Charly Lopez<\/p>\n","protected":false},"excerpt":{"rendered":"<p>A nielen \u017elt\u00fd, ale aj bodkovan\u00fd a zelen\u00fd. Druh\u00e1 polovica Tour de France 2022 priniesla mno\u017estvo prekvapen\u00ed a stalo sa [&hellip;]<\/p>\n","protected":false},"author":170,"featured_media":14989,"comment_status":"open","ping_status":"open","sticky":false,"template":"","format":"standard","meta":{"footnotes":""},"categories":[63,117],"tags":[175,119,331,306,1524,46,179,885,1411,1258,177,1092,1343,556,20,1410,156,174],"global-categories":[1074],"class_list":["post-14978","post","type-post","status-publish","format-standard","has-post-thumbnail","hentry","category-grand-tour","category-tour-de-france","tag-bodkovany-dres","tag-chris-froome","tag-etapove-preteky","tag-francuzsko","tag-jonas-vingegaard","tag-peter-sagan","tag-preteky","tag-profesional","tag-sezona-2022","tag-tadej-pogacar","tag-taktika-timu","tag-team-jumbo-visma","tag-thomas-pidcock","tag-tim","tag-tour-de-france","tag-tour-de-france-2022","tag-zeleny-dres","tag-zlty-dres","global-categories-cycling"],"yoast_head":"<!-- This site is optimized with the Yoast SEO Premium plugin v25.3 (Yoast SEO v25.9) - https:\/\/yoast.com\/wordpress\/plugins\/seo\/ -->\n<title>Tour de France 2022 - \u017elt\u00fd sen Jumbo-Visma - \u0160koda We Love Cycling Slovensko<\/title>\n<meta name=\"description\" content=\"A nielen \u017elt\u00fd, ale aj bodkovan\u00fd a zelen\u00fd. Druh\u00e1 polovica Tour de France 2022 priniesla mno\u017estvo prekvapen\u00ed a stalo sa nie\u010do neo\u010dak\u00e1van\u00e9...\" \/>\n<meta name=\"robots\" content=\"index, follow, max-snippet:-1, max-image-preview:large, max-video-preview:-1\" \/>\n<link rel=\"canonical\" href=\"https:\/\/www.welovecycling.com\/sk\/2022\/07\/25\/tour-de-france-2022-zlty-sen-jumbo-visma\/\" \/>\n<meta property=\"og:locale\" content=\"sk_SK\" \/>\n<meta property=\"og:type\" content=\"article\" \/>\n<meta property=\"og:title\" content=\"Tour de France 2022 - \u017elt\u00fd sen Jumbo-Visma\" \/>\n<meta property=\"og:description\" content=\"A nielen \u017elt\u00fd, ale aj bodkovan\u00fd a zelen\u00fd. Druh\u00e1 polovica Tour de France 2022 priniesla mno\u017estvo prekvapen\u00ed a stalo sa nie\u010do neo\u010dak\u00e1van\u00e9...\" \/>\n<meta property=\"og:url\" content=\"https:\/\/www.welovecycling.com\/sk\/2022\/07\/25\/tour-de-france-2022-zlty-sen-jumbo-visma\/\" \/>\n<meta property=\"og:site_name\" content=\"\u0160koda We Love Cycling Slovensko\" \/>\n<meta property=\"article:published_time\" content=\"2022-07-25T09:00:54+00:00\" \/>\n<meta property=\"article:modified_time\" content=\"2022-09-29T10:57:52+00:00\" \/>\n<meta property=\"og:image\" content=\"https:\/\/d2p6e6u75xmxt8.cloudfront.net\/4\/2022\/07\/20210626TDF0012-A.S.O._Charly_Lopez.webp\" \/>\n\t<meta property=\"og:image:width\" content=\"990\" \/>\n\t<meta property=\"og:image:height\" content=\"660\" \/>\n\t<meta property=\"og:image:type\" content=\"image\/webp\" \/>\n<meta name=\"author\" content=\"miksakova\" \/>\n<meta name=\"twitter:card\" content=\"summary_large_image\" \/>\n<meta name=\"twitter:label1\" content=\"Written by\" \/>\n\t<meta name=\"twitter:data1\" content=\"WeLoveCycling\" \/>\n\t<meta name=\"twitter:label2\" content=\"Est. reading time\" \/>\n\t<meta name=\"twitter:data2\" content=\"3\" \/>\n<script type=\"application\/ld+json\" class=\"yoast-schema-graph\">{\"@context\":\"https:\/\/schema.org\",\"@graph\":[{\"@type\":\"WebPage\",\"@id\":\"https:\/\/www.welovecycling.com\/sk\/2022\/07\/25\/tour-de-france-2022-zlty-sen-jumbo-visma\/\",\"url\":\"https:\/\/www.welovecycling.com\/sk\/2022\/07\/25\/tour-de-france-2022-zlty-sen-jumbo-visma\/\",\"name\":\"Tour de France 2022 - \u017elt\u00fd sen Jumbo-Visma - \u0160koda We Love Cycling Slovensko\",\"isPartOf\":{\"@id\":\"https:\/\/www.welovecycling.com\/sk\/#website\"},\"primaryImageOfPage\":{\"@id\":\"https:\/\/www.welovecycling.com\/sk\/2022\/07\/25\/tour-de-france-2022-zlty-sen-jumbo-visma\/#primaryimage\"},\"image\":{\"@id\":\"https:\/\/www.welovecycling.com\/sk\/2022\/07\/25\/tour-de-france-2022-zlty-sen-jumbo-visma\/#primaryimage\"},\"thumbnailUrl\":\"https:\/\/d2p6e6u75xmxt8.cloudfront.net\/4\/2022\/07\/20210626TDF0012-A.S.O._Charly_Lopez.webp\",\"datePublished\":\"2022-07-25T09:00:54+00:00\",\"dateModified\":\"2022-09-29T10:57:52+00:00\",\"author\":{\"@id\":\"https:\/\/www.welovecycling.com\/sk\/#\/schema\/person\/c6ce5af9dceed219d84a07d2ffa2cad9\"},\"description\":\"A nielen \u017elt\u00fd, ale aj bodkovan\u00fd a zelen\u00fd. Druh\u00e1 polovica Tour de France 2022 priniesla mno\u017estvo prekvapen\u00ed a stalo sa nie\u010do neo\u010dak\u00e1van\u00e9...\",\"breadcrumb\":{\"@id\":\"https:\/\/www.welovecycling.com\/sk\/2022\/07\/25\/tour-de-france-2022-zlty-sen-jumbo-visma\/#breadcrumb\"},\"inLanguage\":\"sk-SK\",\"potentialAction\":[{\"@type\":\"ReadAction\",\"target\":[\"https:\/\/www.welovecycling.com\/sk\/2022\/07\/25\/tour-de-france-2022-zlty-sen-jumbo-visma\/\"]}]},{\"@type\":\"ImageObject\",\"inLanguage\":\"sk-SK\",\"@id\":\"https:\/\/www.welovecycling.com\/sk\/2022\/07\/25\/tour-de-france-2022-zlty-sen-jumbo-visma\/#primaryimage\",\"url\":\"https:\/\/d2p6e6u75xmxt8.cloudfront.net\/4\/2022\/07\/20210626TDF0012-A.S.O._Charly_Lopez.webp\",\"contentUrl\":\"https:\/\/d2p6e6u75xmxt8.cloudfront.net\/4\/2022\/07\/20210626TDF0012-A.S.O._Charly_Lopez.webp\",\"width\":990,\"height\":660,\"caption\":\"26\/06\/2021 \u2013 Tour de France 2021 \u2013 Etape 1 \u2013 Brest \/ Landerneau (197,8 km) - Pont de Terenez\"},{\"@type\":\"BreadcrumbList\",\"@id\":\"https:\/\/www.welovecycling.com\/sk\/2022\/07\/25\/tour-de-france-2022-zlty-sen-jumbo-visma\/#breadcrumb\",\"itemListElement\":[{\"@type\":\"ListItem\",\"position\":1,\"name\":\"Home\",\"item\":\"https:\/\/www.welovecycling.com\/sk\/\"},{\"@type\":\"ListItem\",\"position\":2,\"name\":\"Tour de France 2022 &#8211; \u017elt\u00fd sen Jumbo-Visma\"}]},{\"@type\":\"WebSite\",\"@id\":\"https:\/\/www.welovecycling.com\/sk\/#website\",\"url\":\"https:\/\/www.welovecycling.com\/sk\/\",\"name\":\"\u0160koda We Love Cycling Slovensko\",\"description\":\"\u0160koda We Love Cycling Slovensko je v\u00e1\u0161 ka\u017edodenn\u00fd zdroj noviniek a in\u0161pir\u00e1cie z sveta cyklistiky\",\"potentialAction\":[{\"@type\":\"SearchAction\",\"target\":{\"@type\":\"EntryPoint\",\"urlTemplate\":\"https:\/\/www.welovecycling.com\/sk\/?s={search_term_string}\"},\"query-input\":{\"@type\":\"PropertyValueSpecification\",\"valueRequired\":true,\"valueName\":\"search_term_string\"}}],\"inLanguage\":\"sk-SK\"},{\"@type\":\"Person\",\"@id\":\"https:\/\/www.welovecycling.com\/sk\/#\/schema\/person\/c6ce5af9dceed219d84a07d2ffa2cad9\",\"name\":\"miksakova\",\"image\":{\"@type\":\"ImageObject\",\"inLanguage\":\"sk-SK\",\"@id\":\"https:\/\/www.welovecycling.com\/sk\/#\/schema\/person\/image\/\",\"url\":\"https:\/\/secure.gravatar.com\/avatar\/3663fb8acb50de04150ea6f7afc1bc15aba80aad4bf92aee01bd38a79084eb7a?s=96&d=mm&r=g\",\"contentUrl\":\"https:\/\/secure.gravatar.com\/avatar\/3663fb8acb50de04150ea6f7afc1bc15aba80aad4bf92aee01bd38a79084eb7a?s=96&d=mm&r=g\",\"caption\":\"miksakova\"},\"url\":\"https:\/\/www.welovecycling.com\/sk\/author\/miksakova\/\"}]}<\/script>\n<!-- \/ Yoast SEO Premium plugin. -->","yoast_head_json":{"title":"Tour de France 2022 - \u017elt\u00fd sen Jumbo-Visma - \u0160koda We Love Cycling Slovensko","description":"A nielen \u017elt\u00fd, ale aj bodkovan\u00fd a zelen\u00fd. Druh\u00e1 polovica Tour de France 2022 priniesla mno\u017estvo prekvapen\u00ed a stalo sa nie\u010do neo\u010dak\u00e1van\u00e9...","robots":{"index":"index","follow":"follow","max-snippet":"max-snippet:-1","max-image-preview":"max-image-preview:large","max-video-preview":"max-video-preview:-1"},"canonical":"https:\/\/www.welovecycling.com\/sk\/2022\/07\/25\/tour-de-france-2022-zlty-sen-jumbo-visma\/","og_locale":"sk_SK","og_type":"article","og_title":"Tour de France 2022 - \u017elt\u00fd sen Jumbo-Visma","og_description":"A nielen \u017elt\u00fd, ale aj bodkovan\u00fd a zelen\u00fd. Druh\u00e1 polovica Tour de France 2022 priniesla mno\u017estvo prekvapen\u00ed a stalo sa nie\u010do neo\u010dak\u00e1van\u00e9...","og_url":"https:\/\/www.welovecycling.com\/sk\/2022\/07\/25\/tour-de-france-2022-zlty-sen-jumbo-visma\/","og_site_name":"\u0160koda We Love Cycling Slovensko","article_published_time":"2022-07-25T09:00:54+00:00","article_modified_time":"2022-09-29T10:57:52+00:00","og_image":[{"width":990,"height":660,"url":"https:\/\/d2p6e6u75xmxt8.cloudfront.net\/4\/2022\/07\/20210626TDF0012-A.S.O._Charly_Lopez.webp","type":"image\/webp"}],"author":"miksakova","twitter_card":"summary_large_image","twitter_misc":{"Written by":"WeLoveCycling","Est. reading time":"3"},"schema":{"@context":"https:\/\/schema.org","@graph":[{"@type":"WebPage","@id":"https:\/\/www.welovecycling.com\/sk\/2022\/07\/25\/tour-de-france-2022-zlty-sen-jumbo-visma\/","url":"https:\/\/www.welovecycling.com\/sk\/2022\/07\/25\/tour-de-france-2022-zlty-sen-jumbo-visma\/","name":"Tour de France 2022 - \u017elt\u00fd sen Jumbo-Visma - \u0160koda We Love Cycling Slovensko","isPartOf":{"@id":"https:\/\/www.welovecycling.com\/sk\/#website"},"primaryImageOfPage":{"@id":"https:\/\/www.welovecycling.com\/sk\/2022\/07\/25\/tour-de-france-2022-zlty-sen-jumbo-visma\/#primaryimage"},"image":{"@id":"https:\/\/www.welovecycling.com\/sk\/2022\/07\/25\/tour-de-france-2022-zlty-sen-jumbo-visma\/#primaryimage"},"thumbnailUrl":"https:\/\/d2p6e6u75xmxt8.cloudfront.net\/4\/2022\/07\/20210626TDF0012-A.S.O._Charly_Lopez.webp","datePublished":"2022-07-25T09:00:54+00:00","dateModified":"2022-09-29T10:57:52+00:00","author":{"@id":"https:\/\/www.welovecycling.com\/sk\/#\/schema\/person\/c6ce5af9dceed219d84a07d2ffa2cad9"},"description":"A nielen \u017elt\u00fd, ale aj bodkovan\u00fd a zelen\u00fd. Druh\u00e1 polovica Tour de France 2022 priniesla mno\u017estvo prekvapen\u00ed a stalo sa nie\u010do neo\u010dak\u00e1van\u00e9...","breadcrumb":{"@id":"https:\/\/www.welovecycling.com\/sk\/2022\/07\/25\/tour-de-france-2022-zlty-sen-jumbo-visma\/#breadcrumb"},"inLanguage":"sk-SK","potentialAction":[{"@type":"ReadAction","target":["https:\/\/www.welovecycling.com\/sk\/2022\/07\/25\/tour-de-france-2022-zlty-sen-jumbo-visma\/"]}]},{"@type":"ImageObject","inLanguage":"sk-SK","@id":"https:\/\/www.welovecycling.com\/sk\/2022\/07\/25\/tour-de-france-2022-zlty-sen-jumbo-visma\/#primaryimage","url":"https:\/\/d2p6e6u75xmxt8.cloudfront.net\/4\/2022\/07\/20210626TDF0012-A.S.O._Charly_Lopez.webp","contentUrl":"https:\/\/d2p6e6u75xmxt8.cloudfront.net\/4\/2022\/07\/20210626TDF0012-A.S.O._Charly_Lopez.webp","width":990,"height":660,"caption":"26\/06\/2021 \u2013 Tour de France 2021 \u2013 Etape 1 \u2013 Brest \/ Landerneau (197,8 km) - Pont de Terenez"},{"@type":"BreadcrumbList","@id":"https:\/\/www.welovecycling.com\/sk\/2022\/07\/25\/tour-de-france-2022-zlty-sen-jumbo-visma\/#breadcrumb","itemListElement":[{"@type":"ListItem","position":1,"name":"Home","item":"https:\/\/www.welovecycling.com\/sk\/"},{"@type":"ListItem","position":2,"name":"Tour de France 2022 &#8211; \u017elt\u00fd sen Jumbo-Visma"}]},{"@type":"WebSite","@id":"https:\/\/www.welovecycling.com\/sk\/#website","url":"https:\/\/www.welovecycling.com\/sk\/","name":"\u0160koda We Love Cycling Slovensko","description":"\u0160koda We Love Cycling Slovensko je v\u00e1\u0161 ka\u017edodenn\u00fd zdroj noviniek a in\u0161pir\u00e1cie z sveta cyklistiky","potentialAction":[{"@type":"SearchAction","target":{"@type":"EntryPoint","urlTemplate":"https:\/\/www.welovecycling.com\/sk\/?s={search_term_string}"},"query-input":{"@type":"PropertyValueSpecification","valueRequired":true,"valueName":"search_term_string"}}],"inLanguage":"sk-SK"},{"@type":"Person","@id":"https:\/\/www.welovecycling.com\/sk\/#\/schema\/person\/c6ce5af9dceed219d84a07d2ffa2cad9","name":"miksakova","image":{"@type":"ImageObject","inLanguage":"sk-SK","@id":"https:\/\/www.welovecycling.com\/sk\/#\/schema\/person\/image\/","url":"https:\/\/secure.gravatar.com\/avatar\/3663fb8acb50de04150ea6f7afc1bc15aba80aad4bf92aee01bd38a79084eb7a?s=96&d=mm&r=g","contentUrl":"https:\/\/secure.gravatar.com\/avatar\/3663fb8acb50de04150ea6f7afc1bc15aba80aad4bf92aee01bd38a79084eb7a?s=96&d=mm&r=g","caption":"miksakova"},"url":"https:\/\/www.welovecycling.com\/sk\/author\/miksakova\/"}]}},"_links":{"self":[{"href":"https:\/\/www.welovecycling.com\/sk\/wp-json\/wp\/v2\/posts\/14978","targetHints":{"allow":["GET"]}}],"collection":[{"href":"https:\/\/www.welovecycling.com\/sk\/wp-json\/wp\/v2\/posts"}],"about":[{"href":"https:\/\/www.welovecycling.com\/sk\/wp-json\/wp\/v2\/types\/post"}],"author":[{"embeddable":true,"href":"https:\/\/www.welovecycling.com\/sk\/wp-json\/wp\/v2\/users\/170"}],"replies":[{"embeddable":true,"href":"https:\/\/www.welovecycling.com\/sk\/wp-json\/wp\/v2\/comments?post=14978"}],"version-history":[{"count":2,"href":"https:\/\/www.welovecycling.com\/sk\/wp-json\/wp\/v2\/posts\/14978\/revisions"}],"predecessor-version":[{"id":15381,"href":"https:\/\/www.welovecycling.com\/sk\/wp-json\/wp\/v2\/posts\/14978\/revisions\/15381"}],"wp:featuredmedia":[{"embeddable":true,"href":"https:\/\/www.welovecycling.com\/sk\/wp-json\/wp\/v2\/media\/14989"}],"wp:attachment":[{"href":"https:\/\/www.welovecycling.com\/sk\/wp-json\/wp\/v2\/media?parent=14978"}],"wp:term":[{"taxonomy":"category","embeddable":true,"href":"https:\/\/www.welovecycling.com\/sk\/wp-json\/wp\/v2\/categories?post=14978"},{"taxonomy":"post_tag","embeddable":true,"href":"https:\/\/www.welovecycling.com\/sk\/wp-json\/wp\/v2\/tags?post=14978"},{"taxonomy":"global-categories","embeddable":true,"href":"https:\/\/www.welovecycling.com\/sk\/wp-json\/wp\/v2\/global-categories?post=14978"}],"curies":[{"name":"wp","href":"https:\/\/api.w.org\/{rel}","templated":true}]}}