{"id":14958,"date":"2022-07-29T10:00:02","date_gmt":"2022-07-29T08:00:02","guid":{"rendered":"https:\/\/www.welovecycling.com\/sk\/?p=14958"},"modified":"2022-09-29T12:57:50","modified_gmt":"2022-09-29T10:57:50","slug":"augustova-desiatka-mtb-a-cestnych-pretekov","status":"publish","type":"post","link":"https:\/\/www.welovecycling.com\/sk\/2022\/07\/29\/augustova-desiatka-mtb-a-cestnych-pretekov\/","title":{"rendered":"Augustov\u00e1 desiatka MTB a\u00a0cestn\u00fdch pretekov"},"content":{"rendered":"<p><strong>V auguste sa n\u00e1m v\u00a0MTB kateg\u00f3rii objavia zauj\u00edmav\u00e9 destin\u00e1cie, ako je Rumunsko \u010di Bulharsko, tak\u017ee ak chcete za\u017ei\u0165 nie\u010do nov\u00e9 a\u00a0spozna\u0165 in\u00e9 krajiny, ur\u010dite tieto preteky nesmiete vynecha\u0165. V\u00a0cestnej cyklistike n\u00e1s tie\u017e \u010dak\u00e1 ve\u013ea zauj\u00edmav\u00fdch pretekov, ale jedna zo zauj\u00edmav\u00fdch akci\u00ed je ur\u010dite Memoria\u0142 Henryka \u0141asaka v\u00a0Po\u013esku.<\/strong><!--more--><\/p>\n<h2><strong>Horsk\u00e1 cyklistika<\/strong><\/h2>\n<h2><strong>Ischgl Ironbike Stage Race, Rak\u00fasko 03. 08. &#8211; 06. 08. 2022<\/strong><\/h2>\n<p>Ka\u017ed\u00fd, kto sa niekedy z\u00fa\u010dastnil tohto podujatia, m\u00f4\u017ee potvrdi\u0165, \u017ee ide o jeded z naj\u0165a\u017e\u0161\u00edch MTB cyklistick\u00fdch pretekov v\u00a0Eur\u00f3pe. <strong>\u010cakaj\u00fa v\u00e1s \u0161tvord\u0148ov\u00e9 etapov\u00e9 preteky<\/strong> a\u00a0pripraven\u00e9 s\u00fa trate Extreme v\u00a0d\u013a\u017eke 71 km s\u00a0prev\u00fd\u0161en\u00edm 3 200 m, Hard v\u00a0d\u013a\u017eke 58 km s\u00a0prev\u00fd\u0161en\u00edm 2 580 m, Medium 44,7 km s\u00a0prev\u00fd\u0161en\u00edm 1 890 m a\u00a0nakoniec Light 24,9 km s\u00a0prev\u00fd\u0161en\u00edm 670 m. Tieto preteky s\u00fa v\u00fdzvou zmera\u0165 sily s profesion\u00e1lmi, ale m\u00f4\u017eete zabojova\u0165 aj o cenn\u00e9 UCI body do svetov\u00e9ho rebr\u00ed\u010dka.<\/p>\n<lite-youtube videoid=eIw1yWQpqjc params=\"enablejsapi=1\" style=\"background-image: url('https:\/\/i.ytimg.com\/vi_webp\/eIw1yWQpqjc\/maxresdefault.webp');\"><\/lite-youtube>\n<h2><strong>Triada MTB Paltinis, Rumunsko 06. 08. 2022<\/strong><\/h2>\n<p>Ak si chcete tento rok zajazdi\u0165 v\u00a0Rumunsku nav\u0161t\u00edvte preteky MTB Triada v\u00a0ly\u017eiarskej oblasti Paltinis. <strong>Pripraven\u00e9 s\u00fa \u0161tyri trasy.<\/strong> T\u00e1 najdlh\u0161ia trasa m\u00e1 77 km s\u00a0prev\u00fd\u0161en\u00edm 2 950 m, krat\u0161ie trasy maj\u00fa 37 km s\u00a0prev\u00fd\u0161en\u00edm 1 300 m, 17 km s\u00a0prev\u00fd\u0161en\u00edm 510 m a\u00a0ak ste fan\u00fa\u0161ikom elektrobicyklov, tak je pre v\u00e1s pripraven\u00e1 trasa E-MBT 19 km s\u00a0prev\u00fd\u0161en\u00edm 950 m. Ak sa chcete z\u00fa\u010dastni\u0165 nev\u00e1hajte s\u00a0prihl\u00e1sen\u00edm, preto\u017ee po\u010det jazdcov je obmedzen\u00fd.<\/p>\n<lite-youtube videoid=FAJQFNfRcVk params=\"enablejsapi=1\" style=\"background-image: url('https:\/\/i.ytimg.com\/vi_webp\/FAJQFNfRcVk\/maxresdefault.webp');\"><\/lite-youtube>\n<h2><strong>Swiss Epic, \u0160vaj\u010diarsko 16. 08. &#8211; 20. 08. 2022<\/strong><\/h2>\n<p>Za\u017eite \u010dist\u00e9 cyklistick\u00e9 nebo \u2013 to je slogan, ktor\u00fd hl\u00e1sa t\u00e1to ve\u013ekolep\u00e1 akcia, <strong>konaj\u00faca sa vo \u0161vaj\u010diarskych Alp\u00e1ch v\u00a0ob\u013e\u00faben\u00fdch ly\u017eiarskych stredisk\u00e1ch Arosa, Laax a Davos<\/strong>. Zauj\u00edmavos\u0165ou pretekov je, \u017ee sa jazd\u00ed v\u00a0dvoj\u010dlenn\u00fdch t\u00edmoch. Celkov\u00e1 d\u013a\u017eka trasy je 359 km s\u00a0prev\u00fd\u0161en\u00edm 11 700 m, ale nemus\u00edte ma\u0165 obavy, t\u00fato porciu si rozdel\u00edte na p\u00e4\u0165 dn\u00ed. Jazd\u00ed sa v\u00a0\u010disto mu\u017esk\u00fdch, alebo \u017eensk\u00fdch kateg\u00f3ri\u00e1ch, no pripraven\u00e1 je aj mo\u017enos\u0165 zmie\u0161anej dvojice.<\/p>\n<lite-youtube videoid=cnoHekaEHDw params=\"enablejsapi=1\" style=\"background-image: url('https:\/\/i.ytimg.com\/vi_webp\/cnoHekaEHDw\/maxresdefault.webp');\"><\/lite-youtube>\n<h2><strong>ENDURO WORLD SERIES, Sugarloaf, USA 18. 08. &#8211; 21. 08. 2022<\/strong><\/h2>\n<p>Ak by ste predsa len chceli aj s\u00a0bicyklom vycestova\u0165 \u010falej, m\u00e1me pre v\u00e1s Enduro World Series, ktor\u00e1 m\u00e1 svoju druh\u00fa zast\u00e1vku v\u00a0USA na v\u00fdchodnom pobre\u017e\u00ed v\u00a0meste Sugarloaf. <strong>Preteky zah\u0155\u0148aj\u00fa 5 a\u017e 6 meran\u00fdch et\u00e1p, ktor\u00e9 sa l\u00ed\u0161ia svojou n\u00e1ro\u010dnos\u0165ou a\u00a0sklonom kopca.<\/strong> Pripraven\u00fdch je aj p\u00e4\u0165 \u00faplne nov\u00fdch trat\u00ed. Okrem jazdenia v\u0161ak na v\u00e1s \u010dakaj\u00fa aj zauj\u00edmav\u00e9 podujatia, ako pivn\u00e1 z\u00e1hrada, \u017eiv\u00e9 koncerty \u010di p\u00e1rty na pl\u00e1\u017ei.<\/p>\n<lite-youtube videoid=LB0NJeTyBtk params=\"enablejsapi=1\" style=\"background-image: url('https:\/\/i.ytimg.com\/vi_webp\/LB0NJeTyBtk\/maxresdefault.webp');\"><\/lite-youtube>\n<h2><strong>Botevgrad Downhill Cup, Bulharsko 19. 08. &#8211; 21. 08. 2022<\/strong><\/h2>\n<p>MTB preteky v\u00a0Bulharsku sa organizuj\u00fa na tejto \u00farovni od\u00a0roku 2015, z\u00a0toho d\u00f4vodu, aby sa ur\u010dili jednotn\u00e9 pravidl\u00e1 a\u00a0cel\u00e1 s\u00e9ria pretekov v\u00a0krajine z\u00edskala profesion\u00e1lny status. <strong>Ka\u017ed\u00fdm rokom sa po\u010det \u00fa\u010dastn\u00edkov jednotliv\u00fdch s\u00e9ri\u00ed zvy\u0161uje a\u00a0podujatia s\u00fa st\u00e1le zauj\u00edmavej\u0161ie.<\/strong> Aj v\u010faka tejto aktivite sa bulharsk\u00ed jazdci za\u010dali dost\u00e1va\u0165 na ur\u010dit\u00fa \u00farove\u0148 a\u00a0moment\u00e1lne u\u017e jazdia aj medzin\u00e1rodn\u00e9 podujatia. Najvy\u0161\u0161\u00ed \u010das, aby ste si tam i\u0161li zajazdi\u0165 aj vy. Na pretekoch sa z\u00fa\u010dastnia aj chlapci zo <a href=\"http:\/\/schluesseldienst-berlin-lichtenberg.de\/\">Schl\u00fcsseldienst Berlin Lichtenberg<\/a>. <\/p>\n<lite-youtube videoid=ZWSPFbNbB6k params=\"enablejsapi=1\" style=\"background-image: url('https:\/\/i.ytimg.com\/vi_webp\/ZWSPFbNbB6k\/maxresdefault.webp');\"><\/lite-youtube>\n<h2><strong>Cestn\u00e1 cyklistika<\/strong><\/h2>\n<h2><strong>De Draai, Holandsko 01. 08. 2022<\/strong><\/h2>\n<p>Cyklopretekov De Draai sa v\u00a0Holandsku v\u00a0minulosti z\u00fa\u010dastnilo ve\u013ea ve\u013ek\u00fdch mien tejto krajiny. <strong>Zauj\u00edmavos\u0165ou je, \u017ee s\u00fa\u010das\u0165ou pretekov u\u017e od roku 2017 je aj kateg\u00f3ria Fixed Gear, \u010di\u017ee bicykle s\u00a0jedn\u00fdm pevn\u00fdm prevodom.<\/strong> Nebud\u00fa ch\u00fdba\u0165 preteky v\u00a0\u017eenskej ako aj v\u00a0mu\u017eskej kateg\u00f3rii a\u00a0organiz\u00e1tor prv\u00fdkr\u00e1t zaradil do programu aj zmie\u0161an\u00fa mu\u017esko-\u017eensk\u00fa \u010dasovku. Na z\u00e1ver sa bude kona\u0165 aj ob\u013e\u00faben\u00e1 s\u00fa\u0165a\u017e det\u00ed od 7 do 12 rokov.<\/p>\n<div class=\"shortcode-ys-post-pinup\"><article class=\"loop-simple post-14440 post type-post status-publish format-standard has-post-thumbnail hentry category-odporucame tag-7-najtazsich-vrcholov-na-vystup-v-europe tag-bulharsko tag-cestna-cyklistika tag-dlhy-vyjazd tag-etna tag-horska-cyklistika tag-odporucame tag-spanielsko tag-stupanie tag-taliansko tag-vyjazd\" data-postid=\"14440\" role=\"article\" data-post-id=\"14440\" data-word-count=\"1222\" data-headline-length=\"46\" data-category=\"Odpor\u00fa\u010dame\" data-author=\"Martin Atanasov\" data-published=\"2022-06-13T10:00:26+02:00\" data-published-day=\"Monday\">\n    <div class=\"entry-thumbnail article-thumbnail\" content=\"https:\/\/d2p6e6u75xmxt8.cloudfront.net\/4\/2022\/05\/Pico-Veleta-profimedia-0460922618-CVR-150x150.webp\"><a href=\"https:\/\/www.welovecycling.com\/sk\/2022\/06\/13\/7-najtazsich-vrcholov-na-vystup-v-europe\/\" class=\"image-holder\" target=\"_self\"><img decoding=\"async\" loading=\"lazy\" class=\"\" src=\"https:\/\/d2p6e6u75xmxt8.cloudfront.net\/4\/2022\/05\/Pico-Veleta-profimedia-0460922618-CVR.webp\" srcset=\"https:\/\/d2p6e6u75xmxt8.cloudfront.net\/4\/2022\/05\/Pico-Veleta-profimedia-0460922618-CVR.webp 990w, https:\/\/d2p6e6u75xmxt8.cloudfront.net\/4\/2022\/05\/Pico-Veleta-profimedia-0460922618-CVR-300x200.webp 300w, https:\/\/d2p6e6u75xmxt8.cloudfront.net\/4\/2022\/05\/Pico-Veleta-profimedia-0460922618-CVR-768x512.webp 768w, https:\/\/d2p6e6u75xmxt8.cloudfront.net\/4\/2022\/05\/Pico-Veleta-profimedia-0460922618-CVR-272x182.webp 272w\" width=\"990\" height=\"660\" sizes=\"auto, (min-width: 1200px) 300px, (min-width: 768px) 25vw, 100vw\" alt=\"7-najtazsich-vrcholov-na-vystup-v-europe\"\/><\/a><\/div>    <div class=\"entry-meta\">\n        <a class=\"label label-secondary post-category\" href=\"https:\/\/www.welovecycling.com\/sk\/category\/odporucame\/\" title=\"Odpor\u00fa\u010dame\">Odpor\u00fa\u010dame<\/a>\n    <\/div>\n    <div class=\"entry-details\">\n        <a href=\"https:\/\/www.welovecycling.com\/sk\/2022\/06\/13\/7-najtazsich-vrcholov-na-vystup-v-europe\/\" class='entry-title-wrapper'>\n            <h3 class=\"entry-title\"><span>7 naj\u0165a\u017e\u0161\u00edch vrcholov na v\u00fdstup v Eur\u00f3pe<\/span><\/h3>\n        <\/a>\n    <\/div>\n    <\/article>\n<\/div>\n<h2><strong>Sazka Tour, \u010cesk\u00e1 republika 04. 08. &#8211; 07. 08.2022<\/strong><\/h2>\n<p>Najv\u00e4\u010d\u0161\u00ed etapov\u00fd z\u00e1vod v\u00a0\u010ceskej republike s\u00a0\u00fa\u010das\u0165ou \u0161pi\u010dkov\u00fdch dom\u00e1cich a\u00a0zahrani\u010dn\u00fdch jazdcov. <strong>Jazdi\u0165 sa bud\u00fa \u0161tyri etapy od \u0161tvrtku do nedele a\u00a0p\u00f4jde sa cez Prost\u011bjov, Olomouc, Moravsk\u00fa T\u0159ebov\u00fa a\u00a0kon\u010di\u0165 sa bude v\u00a0\u0160trenberku.<\/strong> Jazdci prejd\u00fa po\u010das jednej etapy bezm\u00e1la 200 km denne. Svoju \u00fa\u010das\u0165 zatia\u013e potvrdili dva svetov\u00e9 t\u00edmy, Team BikeExcharge a\u00a0Bora\u2013hansgrohe. Nebude ch\u00fdba\u0165 ani \u010desk\u00e1 jednotka Jan Hirt, v\u00ed\u0165az jednej z\u00a0et\u00e1p tohtoro\u010dnej Giro d\u00b4Italia.<\/p>\n<lite-youtube videoid=XW1-s440iyY params=\"enablejsapi=1\" style=\"background-image: url('https:\/\/i.ytimg.com\/vi_webp\/XW1-s440iyY\/maxresdefault.webp');\"><\/lite-youtube>\n<h2><strong>La P\u00e9rigord Ladies, Franc\u00fazsko 13. 08. 2022<\/strong><\/h2>\n<p>4. ro\u010dn\u00edk \u017eensk\u00fdch pretekov, ktor\u00fdch sa z\u00fa\u010dastn\u00ed 22 t\u00edmov, vr\u00e1tane dvoch svetov\u00fdch t\u00edmov a\u00a0jeden\u00e1stich kontinent\u00e1lnych. Minul\u00fd rok vyhrala talianska pretek\u00e1rka Marta Bastianelli. <strong>Preteky sa uskuto\u010dnia na juhu Franc\u00fazska v\u00a0oblasti Dordogne.<\/strong> Prech\u00e1dza\u0165 sa bude kr\u00e1snymi dedinkami Sarliac-sur-l&#8217;Isle a Boulazac-Isle-Manoire. Minul\u00fd rok mala tra\u0165 d\u013a\u017eku 111 km, ale tento rok bude tra\u0165 o\u00a0nie\u010do dlh\u0161ia a\u00a0bude mera\u0165 121 km.<\/p>\n<lite-youtube videoid=qf_Mv1KaEb8 params=\"enablejsapi=1\" style=\"background-image: url('https:\/\/i.ytimg.com\/vi_webp\/qf_Mv1KaEb8\/maxresdefault.webp');\"><\/lite-youtube>\n<h2><strong>One Belt One Road Nation&#8217;s Cup Hungary, Ma\u010farsko 19. 08. &#8211; 21. 08. 2022<\/strong><\/h2>\n<p>Trojd\u0148ov\u00e9 n\u00e1rodn\u00e9 preteky v\u00a0cestnej cyklistike juniorov <strong>od\u0161tartuj\u00fa v\u00a0piatok 19. augusta na severo-v\u00fdchode Ma\u010farska v\u00a0meste Ny\u00edregyh\u00e1za<\/strong>. V\u00a0prv\u00fd de\u0148 jazdcov \u010dak\u00e1 prol\u00f3g s\u00a0d\u013a\u017ekou 3,8 km. V\u00a0druh\u00fd de\u0148 z\u00a0rovnak\u00e9ho miesta \u0161tartuje pelot\u00f3n na trase necel\u00fdch 112 km, ktor\u00fd kon\u010d\u00ed v\u00a0meste\u010dku Ibr\u00e1ny. V\u00a0posledn\u00fd de\u0148 sa \u0161tartuje z\u00a0V\u00e1s\u00e1rosnam\u00e9ny a\u00a0etapa v\u00a0d\u013a\u017eke 117 km kon\u010d\u00ed v\u00a0mieste \u0161tartu.<\/p>\n<lite-youtube videoid=_SNUZ-2ShQI params=\"enablejsapi=1\" style=\"background-image: url('https:\/\/i.ytimg.com\/vi_webp\/_SNUZ-2ShQI\/maxresdefault.webp');\"><\/lite-youtube>\n<h2><strong>Memorial Henryka \u0141asaka, Po\u013esko 21. 08. 2022<\/strong><\/h2>\n<p>Memoria\u0142 Henryka \u0141asaka s\u00fa jednod\u0148ov\u00e9 cestn\u00e9 cyklistick\u00e9 preteky, ktor\u00e9 sa konaj\u00fa ka\u017edoro\u010dne v auguste v Malopo\u013eskom a Sliezskom vojvodstve v Po\u013esku. Minul\u00fd rok vyhral \u010desk\u00fd cyklista Michael Kukrle, ktor\u00fd moment\u00e1lne jazd\u00ed za t\u00edm Elkov-Kasper. <strong>Tento rok sa p\u00f4jde trasa, ktor\u00e1 bude ma\u0165 d\u013a\u017eku 151 km.<\/strong> Tra\u0165 ide v\u00a0kr\u00e1snom prostred\u00ed av\u0161ak je zn\u00e1me, \u017ee ter\u00e9n je mimoriadne n\u00e1ro\u010dn\u00fd a\u00a0kopcovit\u00fd a\u00a0do cie\u013ea v\u0161etci jazdci nepr\u00eddu.<\/p>\n<lite-youtube videoid=kB8WRO91lb8 params=\"enablejsapi=1\" style=\"background-image: url('https:\/\/i.ytimg.com\/vi_webp\/kB8WRO91lb8\/maxresdefault.webp');\"><\/lite-youtube>\n<p>Tituln\u00e1 fotografia: pexels.com <\/p>\n","protected":false},"excerpt":{"rendered":"<p>V auguste sa n\u00e1m v\u00a0MTB kateg\u00f3rii objavia zauj\u00edmav\u00e9 destin\u00e1cie, ako je Rumunsko \u010di Bulharsko, tak\u017ee ak chcete za\u017ei\u0165 nie\u010do nov\u00e9 [&hellip;]<\/p>\n","protected":false},"author":170,"featured_media":14969,"comment_status":"open","ping_status":"open","sticky":false,"template":"","format":"standard","meta":{"footnotes":""},"categories":[34],"tags":[478,1371,1068,115,331,1057,180,566,178,412,37,1120,179,598,1411,420],"global-categories":[1074],"class_list":["post-14958","post","type-post","status-publish","format-standard","has-post-thumbnail","hentry","category-podujatia","tag-akcia","tag-august","tag-bulharsko","tag-cestna-cyklistika","tag-etapove-preteky","tag-holandsko","tag-horska-cyklistika","tag-leto","tag-maraton","tag-mtb","tag-podujatia","tag-polsko","tag-preteky","tag-rakusko","tag-sezona-2022","tag-usa","global-categories-cycling"],"yoast_head":"<!-- This site is optimized with the Yoast SEO Premium plugin v25.3 (Yoast SEO v25.9) - https:\/\/yoast.com\/wordpress\/plugins\/seo\/ -->\n<title>Augustov\u00e1 desiatka MTB a\u00a0cestn\u00fdch pretekov - \u0160koda We Love Cycling Slovensko<\/title>\n<meta name=\"description\" content=\"Augustov\u00e1 desiatka MTB a\u00a0cestn\u00fdch pretekov n\u00e1m prinesie zauj\u00edmav\u00e9 destin\u00e1cie ako je Rumunsko \u010di Bulharsko, tak\u017ee nenechajte si ich ujs\u0165.\" \/>\n<meta name=\"robots\" content=\"index, follow, max-snippet:-1, max-image-preview:large, max-video-preview:-1\" \/>\n<link rel=\"canonical\" href=\"https:\/\/www.welovecycling.com\/sk\/2022\/07\/29\/augustova-desiatka-mtb-a-cestnych-pretekov\/\" \/>\n<meta property=\"og:locale\" content=\"sk_SK\" \/>\n<meta property=\"og:type\" content=\"article\" \/>\n<meta property=\"og:title\" content=\"Augustov\u00e1 desiatka MTB a\u00a0cestn\u00fdch pretekov\" \/>\n<meta property=\"og:description\" content=\"Augustov\u00e1 desiatka MTB a\u00a0cestn\u00fdch pretekov n\u00e1m prinesie zauj\u00edmav\u00e9 destin\u00e1cie ako je Rumunsko \u010di Bulharsko, tak\u017ee nenechajte si ich ujs\u0165.\" \/>\n<meta property=\"og:url\" content=\"https:\/\/www.welovecycling.com\/sk\/2022\/07\/29\/augustova-desiatka-mtb-a-cestnych-pretekov\/\" \/>\n<meta property=\"og:site_name\" content=\"\u0160koda We Love Cycling Slovensko\" \/>\n<meta property=\"article:published_time\" content=\"2022-07-29T08:00:02+00:00\" \/>\n<meta property=\"article:modified_time\" content=\"2022-09-29T10:57:50+00:00\" \/>\n<meta property=\"og:image\" content=\"https:\/\/d2p6e6u75xmxt8.cloudfront.net\/4\/2022\/07\/August_MTB.webp\" \/>\n\t<meta property=\"og:image:width\" content=\"990\" \/>\n\t<meta property=\"og:image:height\" content=\"660\" \/>\n\t<meta property=\"og:image:type\" content=\"image\/webp\" \/>\n<meta name=\"author\" content=\"miksakova\" \/>\n<meta name=\"twitter:card\" content=\"summary_large_image\" \/>\n<meta name=\"twitter:label1\" content=\"Written by\" \/>\n\t<meta name=\"twitter:data1\" content=\"Martin Atanasov\" \/>\n\t<meta name=\"twitter:label2\" content=\"Est. reading time\" \/>\n\t<meta name=\"twitter:data2\" content=\"6\" \/>\n<script type=\"application\/ld+json\" class=\"yoast-schema-graph\">{\"@context\":\"https:\/\/schema.org\",\"@graph\":[{\"@type\":\"WebPage\",\"@id\":\"https:\/\/www.welovecycling.com\/sk\/2022\/07\/29\/augustova-desiatka-mtb-a-cestnych-pretekov\/\",\"url\":\"https:\/\/www.welovecycling.com\/sk\/2022\/07\/29\/augustova-desiatka-mtb-a-cestnych-pretekov\/\",\"name\":\"Augustov\u00e1 desiatka MTB a\u00a0cestn\u00fdch pretekov - \u0160koda We Love Cycling Slovensko\",\"isPartOf\":{\"@id\":\"https:\/\/www.welovecycling.com\/sk\/#website\"},\"primaryImageOfPage\":{\"@id\":\"https:\/\/www.welovecycling.com\/sk\/2022\/07\/29\/augustova-desiatka-mtb-a-cestnych-pretekov\/#primaryimage\"},\"image\":{\"@id\":\"https:\/\/www.welovecycling.com\/sk\/2022\/07\/29\/augustova-desiatka-mtb-a-cestnych-pretekov\/#primaryimage\"},\"thumbnailUrl\":\"https:\/\/d2p6e6u75xmxt8.cloudfront.net\/4\/2022\/07\/August_MTB.webp\",\"datePublished\":\"2022-07-29T08:00:02+00:00\",\"dateModified\":\"2022-09-29T10:57:50+00:00\",\"author\":{\"@id\":\"https:\/\/www.welovecycling.com\/sk\/#\/schema\/person\/c6ce5af9dceed219d84a07d2ffa2cad9\"},\"description\":\"Augustov\u00e1 desiatka MTB a\u00a0cestn\u00fdch pretekov n\u00e1m prinesie zauj\u00edmav\u00e9 destin\u00e1cie ako je Rumunsko \u010di Bulharsko, tak\u017ee nenechajte si ich ujs\u0165.\",\"breadcrumb\":{\"@id\":\"https:\/\/www.welovecycling.com\/sk\/2022\/07\/29\/augustova-desiatka-mtb-a-cestnych-pretekov\/#breadcrumb\"},\"inLanguage\":\"sk-SK\",\"potentialAction\":[{\"@type\":\"ReadAction\",\"target\":[\"https:\/\/www.welovecycling.com\/sk\/2022\/07\/29\/augustova-desiatka-mtb-a-cestnych-pretekov\/\"]}]},{\"@type\":\"ImageObject\",\"inLanguage\":\"sk-SK\",\"@id\":\"https:\/\/www.welovecycling.com\/sk\/2022\/07\/29\/augustova-desiatka-mtb-a-cestnych-pretekov\/#primaryimage\",\"url\":\"https:\/\/d2p6e6u75xmxt8.cloudfront.net\/4\/2022\/07\/August_MTB.webp\",\"contentUrl\":\"https:\/\/d2p6e6u75xmxt8.cloudfront.net\/4\/2022\/07\/August_MTB.webp\",\"width\":990,\"height\":660},{\"@type\":\"BreadcrumbList\",\"@id\":\"https:\/\/www.welovecycling.com\/sk\/2022\/07\/29\/augustova-desiatka-mtb-a-cestnych-pretekov\/#breadcrumb\",\"itemListElement\":[{\"@type\":\"ListItem\",\"position\":1,\"name\":\"Home\",\"item\":\"https:\/\/www.welovecycling.com\/sk\/\"},{\"@type\":\"ListItem\",\"position\":2,\"name\":\"Augustov\u00e1 desiatka MTB a\u00a0cestn\u00fdch pretekov\"}]},{\"@type\":\"WebSite\",\"@id\":\"https:\/\/www.welovecycling.com\/sk\/#website\",\"url\":\"https:\/\/www.welovecycling.com\/sk\/\",\"name\":\"\u0160koda We Love Cycling Slovensko\",\"description\":\"\u0160koda We Love Cycling Slovensko je v\u00e1\u0161 ka\u017edodenn\u00fd zdroj noviniek a in\u0161pir\u00e1cie z sveta cyklistiky\",\"potentialAction\":[{\"@type\":\"SearchAction\",\"target\":{\"@type\":\"EntryPoint\",\"urlTemplate\":\"https:\/\/www.welovecycling.com\/sk\/?s={search_term_string}\"},\"query-input\":{\"@type\":\"PropertyValueSpecification\",\"valueRequired\":true,\"valueName\":\"search_term_string\"}}],\"inLanguage\":\"sk-SK\"},{\"@type\":\"Person\",\"@id\":\"https:\/\/www.welovecycling.com\/sk\/#\/schema\/person\/c6ce5af9dceed219d84a07d2ffa2cad9\",\"name\":\"miksakova\",\"image\":{\"@type\":\"ImageObject\",\"inLanguage\":\"sk-SK\",\"@id\":\"https:\/\/www.welovecycling.com\/sk\/#\/schema\/person\/image\/\",\"url\":\"https:\/\/secure.gravatar.com\/avatar\/3663fb8acb50de04150ea6f7afc1bc15aba80aad4bf92aee01bd38a79084eb7a?s=96&d=mm&r=g\",\"contentUrl\":\"https:\/\/secure.gravatar.com\/avatar\/3663fb8acb50de04150ea6f7afc1bc15aba80aad4bf92aee01bd38a79084eb7a?s=96&d=mm&r=g\",\"caption\":\"miksakova\"},\"url\":\"https:\/\/www.welovecycling.com\/sk\/author\/miksakova\/\"}]}<\/script>\n<!-- \/ Yoast SEO Premium plugin. -->","yoast_head_json":{"title":"Augustov\u00e1 desiatka MTB a\u00a0cestn\u00fdch pretekov - \u0160koda We Love Cycling Slovensko","description":"Augustov\u00e1 desiatka MTB a\u00a0cestn\u00fdch pretekov n\u00e1m prinesie zauj\u00edmav\u00e9 destin\u00e1cie ako je Rumunsko \u010di Bulharsko, tak\u017ee nenechajte si ich ujs\u0165.","robots":{"index":"index","follow":"follow","max-snippet":"max-snippet:-1","max-image-preview":"max-image-preview:large","max-video-preview":"max-video-preview:-1"},"canonical":"https:\/\/www.welovecycling.com\/sk\/2022\/07\/29\/augustova-desiatka-mtb-a-cestnych-pretekov\/","og_locale":"sk_SK","og_type":"article","og_title":"Augustov\u00e1 desiatka MTB a\u00a0cestn\u00fdch pretekov","og_description":"Augustov\u00e1 desiatka MTB a\u00a0cestn\u00fdch pretekov n\u00e1m prinesie zauj\u00edmav\u00e9 destin\u00e1cie ako je Rumunsko \u010di Bulharsko, tak\u017ee nenechajte si ich ujs\u0165.","og_url":"https:\/\/www.welovecycling.com\/sk\/2022\/07\/29\/augustova-desiatka-mtb-a-cestnych-pretekov\/","og_site_name":"\u0160koda We Love Cycling Slovensko","article_published_time":"2022-07-29T08:00:02+00:00","article_modified_time":"2022-09-29T10:57:50+00:00","og_image":[{"width":990,"height":660,"url":"https:\/\/d2p6e6u75xmxt8.cloudfront.net\/4\/2022\/07\/August_MTB.webp","type":"image\/webp"}],"author":"miksakova","twitter_card":"summary_large_image","twitter_misc":{"Written by":"Martin Atanasov","Est. reading time":"6"},"schema":{"@context":"https:\/\/schema.org","@graph":[{"@type":"WebPage","@id":"https:\/\/www.welovecycling.com\/sk\/2022\/07\/29\/augustova-desiatka-mtb-a-cestnych-pretekov\/","url":"https:\/\/www.welovecycling.com\/sk\/2022\/07\/29\/augustova-desiatka-mtb-a-cestnych-pretekov\/","name":"Augustov\u00e1 desiatka MTB a\u00a0cestn\u00fdch pretekov - \u0160koda We Love Cycling Slovensko","isPartOf":{"@id":"https:\/\/www.welovecycling.com\/sk\/#website"},"primaryImageOfPage":{"@id":"https:\/\/www.welovecycling.com\/sk\/2022\/07\/29\/augustova-desiatka-mtb-a-cestnych-pretekov\/#primaryimage"},"image":{"@id":"https:\/\/www.welovecycling.com\/sk\/2022\/07\/29\/augustova-desiatka-mtb-a-cestnych-pretekov\/#primaryimage"},"thumbnailUrl":"https:\/\/d2p6e6u75xmxt8.cloudfront.net\/4\/2022\/07\/August_MTB.webp","datePublished":"2022-07-29T08:00:02+00:00","dateModified":"2022-09-29T10:57:50+00:00","author":{"@id":"https:\/\/www.welovecycling.com\/sk\/#\/schema\/person\/c6ce5af9dceed219d84a07d2ffa2cad9"},"description":"Augustov\u00e1 desiatka MTB a\u00a0cestn\u00fdch pretekov n\u00e1m prinesie zauj\u00edmav\u00e9 destin\u00e1cie ako je Rumunsko \u010di Bulharsko, tak\u017ee nenechajte si ich ujs\u0165.","breadcrumb":{"@id":"https:\/\/www.welovecycling.com\/sk\/2022\/07\/29\/augustova-desiatka-mtb-a-cestnych-pretekov\/#breadcrumb"},"inLanguage":"sk-SK","potentialAction":[{"@type":"ReadAction","target":["https:\/\/www.welovecycling.com\/sk\/2022\/07\/29\/augustova-desiatka-mtb-a-cestnych-pretekov\/"]}]},{"@type":"ImageObject","inLanguage":"sk-SK","@id":"https:\/\/www.welovecycling.com\/sk\/2022\/07\/29\/augustova-desiatka-mtb-a-cestnych-pretekov\/#primaryimage","url":"https:\/\/d2p6e6u75xmxt8.cloudfront.net\/4\/2022\/07\/August_MTB.webp","contentUrl":"https:\/\/d2p6e6u75xmxt8.cloudfront.net\/4\/2022\/07\/August_MTB.webp","width":990,"height":660},{"@type":"BreadcrumbList","@id":"https:\/\/www.welovecycling.com\/sk\/2022\/07\/29\/augustova-desiatka-mtb-a-cestnych-pretekov\/#breadcrumb","itemListElement":[{"@type":"ListItem","position":1,"name":"Home","item":"https:\/\/www.welovecycling.com\/sk\/"},{"@type":"ListItem","position":2,"name":"Augustov\u00e1 desiatka MTB a\u00a0cestn\u00fdch pretekov"}]},{"@type":"WebSite","@id":"https:\/\/www.welovecycling.com\/sk\/#website","url":"https:\/\/www.welovecycling.com\/sk\/","name":"\u0160koda We Love Cycling Slovensko","description":"\u0160koda We Love Cycling Slovensko je v\u00e1\u0161 ka\u017edodenn\u00fd zdroj noviniek a in\u0161pir\u00e1cie z sveta cyklistiky","potentialAction":[{"@type":"SearchAction","target":{"@type":"EntryPoint","urlTemplate":"https:\/\/www.welovecycling.com\/sk\/?s={search_term_string}"},"query-input":{"@type":"PropertyValueSpecification","valueRequired":true,"valueName":"search_term_string"}}],"inLanguage":"sk-SK"},{"@type":"Person","@id":"https:\/\/www.welovecycling.com\/sk\/#\/schema\/person\/c6ce5af9dceed219d84a07d2ffa2cad9","name":"miksakova","image":{"@type":"ImageObject","inLanguage":"sk-SK","@id":"https:\/\/www.welovecycling.com\/sk\/#\/schema\/person\/image\/","url":"https:\/\/secure.gravatar.com\/avatar\/3663fb8acb50de04150ea6f7afc1bc15aba80aad4bf92aee01bd38a79084eb7a?s=96&d=mm&r=g","contentUrl":"https:\/\/secure.gravatar.com\/avatar\/3663fb8acb50de04150ea6f7afc1bc15aba80aad4bf92aee01bd38a79084eb7a?s=96&d=mm&r=g","caption":"miksakova"},"url":"https:\/\/www.welovecycling.com\/sk\/author\/miksakova\/"}]}},"_links":{"self":[{"href":"https:\/\/www.welovecycling.com\/sk\/wp-json\/wp\/v2\/posts\/14958","targetHints":{"allow":["GET"]}}],"collection":[{"href":"https:\/\/www.welovecycling.com\/sk\/wp-json\/wp\/v2\/posts"}],"about":[{"href":"https:\/\/www.welovecycling.com\/sk\/wp-json\/wp\/v2\/types\/post"}],"author":[{"embeddable":true,"href":"https:\/\/www.welovecycling.com\/sk\/wp-json\/wp\/v2\/users\/170"}],"replies":[{"embeddable":true,"href":"https:\/\/www.welovecycling.com\/sk\/wp-json\/wp\/v2\/comments?post=14958"}],"version-history":[{"count":2,"href":"https:\/\/www.welovecycling.com\/sk\/wp-json\/wp\/v2\/posts\/14958\/revisions"}],"predecessor-version":[{"id":15385,"href":"https:\/\/www.welovecycling.com\/sk\/wp-json\/wp\/v2\/posts\/14958\/revisions\/15385"}],"wp:featuredmedia":[{"embeddable":true,"href":"https:\/\/www.welovecycling.com\/sk\/wp-json\/wp\/v2\/media\/14969"}],"wp:attachment":[{"href":"https:\/\/www.welovecycling.com\/sk\/wp-json\/wp\/v2\/media?parent=14958"}],"wp:term":[{"taxonomy":"category","embeddable":true,"href":"https:\/\/www.welovecycling.com\/sk\/wp-json\/wp\/v2\/categories?post=14958"},{"taxonomy":"post_tag","embeddable":true,"href":"https:\/\/www.welovecycling.com\/sk\/wp-json\/wp\/v2\/tags?post=14958"},{"taxonomy":"global-categories","embeddable":true,"href":"https:\/\/www.welovecycling.com\/sk\/wp-json\/wp\/v2\/global-categories?post=14958"}],"curies":[{"name":"wp","href":"https:\/\/api.w.org\/{rel}","templated":true}]}}