{"id":14940,"date":"2022-07-27T10:00:10","date_gmt":"2022-07-27T08:00:10","guid":{"rendered":"https:\/\/www.welovecycling.com\/sk\/?p=14940"},"modified":"2022-09-29T12:57:51","modified_gmt":"2022-09-29T10:57:51","slug":"augustovy-prehlad-slovenskych-podujati","status":"publish","type":"post","link":"https:\/\/www.welovecycling.com\/sk\/2022\/07\/27\/augustovy-prehlad-slovenskych-podujati\/","title":{"rendered":"Augustov\u00fd preh\u013ead slovensk\u00fdch podujat\u00ed"},"content":{"rendered":"<p><strong>M\u00e1me za sebou prv\u00fd pr\u00e1zdninov\u00fd mesiac, ktor\u00fd bol bohat\u00fd na zauj\u00edmav\u00e9 preteky a\u00a0cyklistick\u00e9 akcie a\u00a0my m\u00e1me chu\u0165 v\u00a0tomto duchu pokra\u010dova\u0165. V\u00a0auguste to bude takisto zauj\u00edmav\u00e9 a\u00a0ch\u00fdba\u0165 nebud\u00fa ob\u013e\u00faben\u00e9 preteky a\u00a0navy\u0161e sa objavia aj nov\u00e9 akcie, ako napr\u00edklad Gran Fondo Bratislava, ktor\u00e9 ur\u010dite od\u0161tartuje \u00faspe\u0161n\u00fa trad\u00edciu cestn\u00fdch cyklistick\u00fdch pretekov.<\/strong><!--more--><\/p>\n<h2><strong>03. 08. 2022 &#8211; MTBIKER \u010castovsk\u00fd cyklookruh<\/strong><\/h2>\n<p>V\u00a0okol\u00ed obce \u010cast\u00e1 sa bude kona\u0165 \u0161iesty ro\u010dn\u00edk cykloturistickej akcie pre v\u0161etky vekov\u00e9 kateg\u00f3rie.<strong> K dispoz\u00edcii bud\u00fa tri trate.<\/strong> T\u00e1 najdlh\u0161ia m\u00e1 44 km, na ktorej n\u00e1jdete dve ob\u010derstvovacie stanice. Ak sa na to nec\u00edtite, m\u00f4\u017eete si vybra\u0165 polovi\u010dn\u00fa tra\u0165 v\u00a0d\u013a\u017eke 22 km. Pre deti je pripraven\u00fd 5 km okruh. Samozrejmos\u0165ou s\u00fa aj zauj\u00edmav\u00e9 sprievodn\u00e9 akcie a\u00a0nebude ch\u00fdba\u0165 ani tombola. Pre zberate\u013eov bude mo\u017enos\u0165 z\u00edska\u0165 jedine\u010dn\u00e9 bid\u00f3ny, vyroben\u00e9 len pre t\u00fato pr\u00edle\u017eitos\u0165.<\/p>\n<p><a href=\"https:\/\/d2p6e6u75xmxt8.cloudfront.net\/4\/2022\/07\/August_01.jpg\"><img loading=\"lazy\" decoding=\"async\" src=\"https:\/\/d2p6e6u75xmxt8.cloudfront.net\/4\/2022\/07\/August_01.jpg\" alt=\"\" width=\"990\" height=\"660\" class=\"alignnone size-full wp-image-14946\" \/><\/a><\/p>\n<h2><strong>06. 08. 2022 &#8211; Donovalsk\u00fd drap\u00e1k<\/strong><\/h2>\n<p>Ak si chcete da\u0165 poriadne do tela, tak Donovalsk\u00fd drap\u00e1k k\u00a0tomu doslova vyz\u00fdva. <strong>Po\u010das akcie sa na \u0161tart postavia nielen MTB pretek\u00e1ri, ale aj be\u017eci.<\/strong> Prv\u00e9 kilometre maj\u00fa spolo\u010dn\u00fa trasu, ale potom sa ich cesty rozdelia. Drap\u00e1k Hobby m\u00e1 d\u013a\u017eku 25 km s\u00a0prev\u00fd\u0161en\u00edm 700 m a\u00a0Drap\u00e1k Marat\u00f3n m\u00e1 50 km a\u00a0prev\u00fd\u0161enie 1 500 m. Pr\u00ed\u010fte si u\u017ei\u0165 kr\u00e1snu pr\u00edrodu a\u00a0n\u00e1dhern\u00e9 v\u00fdh\u013eady a\u00a0pri tom vysk\u00fa\u0161a\u0165 svoju kondi\u010dku.<\/p>\n<p><a href=\"https:\/\/d2p6e6u75xmxt8.cloudfront.net\/4\/2022\/07\/August_02.jpg\"><img loading=\"lazy\" decoding=\"async\" src=\"https:\/\/d2p6e6u75xmxt8.cloudfront.net\/4\/2022\/07\/August_02.jpg\" alt=\"\" width=\"990\" height=\"660\" class=\"alignnone size-full wp-image-14945\" \/><\/a><\/p>\n<h2><strong>07. 08. 2022 &#8211; NAY Gran Fondo<\/strong><\/h2>\n<p>Premi\u00e9rov\u00fd ro\u010dn\u00edk akcie s\u00a0talianskym n\u00e1zvom, ktor\u00fd v\u00a0preklade znamen\u00e1 nie\u010do ako jazda na dlh\u00fa vzdialenos\u0165. A\u00a0presne to vyjadruje charakter ak\u00fd tu za\u017eijete. <strong>Na v\u00fdber s\u00fa dve trasy v\u00a0okol\u00ed Bratislavy.<\/strong> Hlavn\u00e1 m\u00e1 130 km s\u00a0prev\u00fd\u0161en\u00edm 1 145 m a\u00a0t\u00e1 krat\u0161ia 89 km s\u00a0prev\u00fd\u0161en\u00edm 415 m. Budete ma\u0165 mo\u017enos\u0165 z\u00edska\u0165 body na horskej pr\u00e9mii na Pezinskej Babe a\u00a0vysk\u00fa\u0161ate si aj n\u00e1ro\u010dn\u00e9 st\u00fapanie na hrad \u010cerven\u00fd kame\u0148. Nebud\u00fa ch\u00fdba\u0165 ani \u0161print\u00e9rske pr\u00e9mie.<\/p>\n<lite-youtube videoid=9MLt_JR_0D8 params=\"enablejsapi=1\" style=\"background-image: url('https:\/\/i.ytimg.com\/vi_webp\/9MLt_JR_0D8\/maxresdefault.webp');\"><\/lite-youtube>\n<h2><strong>13. 08. 2022 &#8211; \u0160BOT Horal marat\u00f3n<\/strong><\/h2>\n<p>Fin\u00e1le celej tohtoro\u010dnej s\u00e9rie \u0160koda BIKE OPEN TOUR sa bude kona\u0165 pod Tatrami a\u00a0bude to ve\u013ekolep\u00e9. Dobrou spr\u00e1vou je, \u017ee tento rok sa bude jazdi\u0165 aj tra\u0165 Krejzi aj ke\u010f v\u00a0pozmenenej podobe, <strong>ale aj tak si m\u00f4\u017eete naplno u\u017ei\u0165 n\u00e1ro\u010dn\u00e9 okruhy, ktor\u00e9 s\u00fa pre v\u00e1s pripraven\u00e9<\/strong>. Tra\u0165 Krejzi bude ma\u0165 102 km s\u00a0prev\u00fd\u0161en\u00edm 3 262 m. Tra\u0165 Lejzi m\u00e1 60 km a\u00a0prev\u00fd\u0161enie 1 925 m, tra\u0165 Senzi d\u013a\u017eku 47 km s\u00a0prev\u00fd\u0161en\u00edm 1 600 m a\u00a0pre t\u00fdch, ktor\u00ed si chc\u00fa preteky vysk\u00fa\u0161a\u0165 prv\u00fdkr\u00e1t, je pripraven\u00e1 tra\u0165 \u00cdzi s\u00a0d\u013a\u017ekou 32 km a\u00a0prev\u00fd\u0161en\u00edm 1 000 metrov.<\/p>\n<p><a href=\"https:\/\/d2p6e6u75xmxt8.cloudfront.net\/4\/2022\/07\/August_03.jpg\"><img loading=\"lazy\" decoding=\"async\" src=\"https:\/\/d2p6e6u75xmxt8.cloudfront.net\/4\/2022\/07\/August_03.jpg\" alt=\"\" width=\"990\" height=\"660\" class=\"alignnone size-full wp-image-14947\" \/><\/a><\/p>\n<div class=\"shortcode-ys-post-pinup\"><article class=\"loop-simple post-12643 post type-post status-publish format-gallery has-post-thumbnail hentry category-mtb category-podujatia category-sbot tag-fotogaleria tag-sezona-2021 tag-skoda tag-skoda-auto tag-skoda-dedina tag-skoda-horal-mtb-maraton post_format-post-format-gallery global-categories-cycling\" data-postid=\"12643\" role=\"article\" data-post-id=\"12643\" data-headline-length=\"31\" data-category=\"MTB\" data-global-category=\"Cycling\" data-author=\"WeLoveCycling\" data-published=\"2021-08-25T15:45:46+02:00\" data-published-day=\"Wednesday\">\n    <div class=\"entry-thumbnail article-thumbnail\" content=\"https:\/\/d2p6e6u75xmxt8.cloudfront.net\/4\/2021\/08\/webcyklosvit_00-150x150.webp\"><a href=\"https:\/\/www.welovecycling.com\/sk\/2021\/08\/25\/foto-skoda-horal-mtb-maraton-3\/\" class=\"image-holder\" target=\"_self\"><img decoding=\"async\" loading=\"lazy\" class=\"\" src=\"https:\/\/d2p6e6u75xmxt8.cloudfront.net\/4\/2021\/08\/webcyklosvit_00-1024x445.webp\" srcset=\"https:\/\/d2p6e6u75xmxt8.cloudfront.net\/4\/2021\/08\/webcyklosvit_00.webp 1380w, https:\/\/d2p6e6u75xmxt8.cloudfront.net\/4\/2021\/08\/webcyklosvit_00-300x130.webp 300w, https:\/\/d2p6e6u75xmxt8.cloudfront.net\/4\/2021\/08\/webcyklosvit_00-1024x445.webp 1024w, https:\/\/d2p6e6u75xmxt8.cloudfront.net\/4\/2021\/08\/webcyklosvit_00-768x334.webp 768w\" width=\"1024\" height=\"445\" sizes=\"auto, (min-width: 1200px) 460px, (min-width: 768px) 38vw, 100vw\" alt=\"foto-skoda-horal-mtb-maraton-3\"\/><\/a><\/div>    <div class=\"entry-meta\">\n        <a class=\"label label-secondary post-category\" href=\"https:\/\/www.welovecycling.com\/sk\/category\/mtb\/\" title=\"MTB\">MTB<\/a>\n    <\/div>\n    <div class=\"entry-details\">\n        <a href=\"https:\/\/www.welovecycling.com\/sk\/2021\/08\/25\/foto-skoda-horal-mtb-maraton-3\/\" class='entry-title-wrapper'>\n            <h3 class=\"entry-title\"><span>FOTO: \u0160koda Horal MTB marat\u00f3n<\/span><\/h3>\n        <\/a>\n    <\/div>\n    <\/article>\n<\/div>\n<h2><strong>20. 08. 2022 &#8211; MTBIKER Novodubnick\u00fd marat\u00f3n<\/strong><\/h2>\n<p>27. ro\u010dn\u00edk historicky najstar\u0161\u00edch a naj\u0165a\u017e\u0161\u00edch\u00a0vytrvalostn\u00fdch pretekov horsk\u00fdch bicyklov na Slovensku sa bude kona\u0165 koncom augusta na obvyklom mieste. Family tra\u0165 bude ma\u0165 d\u013a\u017eku 14 km s\u00a0prev\u00fd\u0161en\u00edm 400 m, Klasik tra\u0165 meria 41 km s\u00a0prev\u00fd\u0161en\u00edm 1 250 m a\u00a0pre t\u00fdch, ktor\u00fdm sa minul\u00fd rok tra\u0165 Hard zdala m\u00e1lo hard, <strong>organiz\u00e1tori pripravili \u00faplne nov\u00fa v\u00a0d\u013a\u017eke 85 km a\u00a0s\u00a0prev\u00fd\u0161en\u00edm 3 000 m<\/strong>. K\u00a0dispoz\u00edcii je mo\u017enos\u0165 objedna\u0165 si spolu so \u0161tartovn\u00fdm origin\u00e1lne tri\u010dko so zauj\u00edmavou grafikou.<\/p>\n<figure id=\"attachment_14948\" aria-describedby=\"caption-attachment-14948\" style=\"width: 990px\" class=\"wp-caption alignnone\"><a href=\"https:\/\/d2p6e6u75xmxt8.cloudfront.net\/4\/2022\/07\/August_04.jpg\"><img loading=\"lazy\" decoding=\"async\" src=\"https:\/\/d2p6e6u75xmxt8.cloudfront.net\/4\/2022\/07\/August_04.jpg\" alt=\"Foto: Bimjeam\" width=\"990\" height=\"660\" class=\"size-full wp-image-14948\" \/><\/a><figcaption id=\"caption-attachment-14948\" class=\"wp-caption-text\">Foto: Bimjeam<\/figcaption><\/figure>\n<h2><strong>21. 08. 2022 &#8211; L\u00b4Etape Slovakia by Tour de France<\/strong><\/h2>\n<p>Ak ste zameran\u00ed na cestn\u00fa cyklistiku, nemali by ste vynecha\u0165 mo\u017enos\u0165 si vysk\u00fa\u0161a\u0165, ak\u00e1 je atmosf\u00e9ra na najsledovanej\u0161\u00edch cyklistick\u00fdch pretekoch a\u00a0to na Tour de France.<strong> L\u00b4Etape Slovakia v\u00e1m t\u00fato mo\u017enos\u0165 prin\u00e1\u0161a, o\u00a0\u010dom sved\u010d\u00ed aj z\u00e1ujem po\u010das prv\u00e9ho ro\u010dn\u00edka.<\/strong> Trasy zost\u00e1vaj\u00fa nezmenen\u00e9 a\u00a0jazdi\u0165 sa bude v\u00a0lesoch Mal\u00fdch Karp\u00e1t. Vysk\u00fa\u0161ate si svoju kondi\u010dku na st\u00fapaniach zn\u00e1mych pod ozna\u010den\u00edm ako Strmina, Kamz\u00edk \u010di Pezinsk\u00e1 Baba.<\/p>\n<figure id=\"attachment_14949\" aria-describedby=\"caption-attachment-14949\" style=\"width: 990px\" class=\"wp-caption alignnone\"><a href=\"https:\/\/d2p6e6u75xmxt8.cloudfront.net\/4\/2022\/07\/August_05.jpg\"><img loading=\"lazy\" decoding=\"async\" src=\"https:\/\/d2p6e6u75xmxt8.cloudfront.net\/4\/2022\/07\/August_05.jpg\" alt=\"Foto: @letapeslovakia\" width=\"990\" height=\"660\" class=\"size-full wp-image-14949\" \/><\/a><figcaption id=\"caption-attachment-14949\" class=\"wp-caption-text\">Foto: @letapeslovakia<\/figcaption><\/figure>\n<h2><strong>27. 08. 2022 &#8211; Detsk\u00e1 tour Petra Sagana \u0160a\u013ea<\/strong><\/h2>\n<p>Predposledn\u00e9 kolo Detskej tour sa bude kona\u0165 v \u0160ali. Je to jedno z\u00a0nov\u00fdch miest, kde sa Tour kon\u00e1 a\u00a0jazdi\u0165 sa bude v\u00a0miestnom lesoparku v\u00a0pr\u00edjemnom prostred\u00ed v\u00a0okol\u00ed rieky V\u00e1h. <strong>Jazdi\u0165 m\u00f4\u017eu u\u017e deti od \u0161tyroch rokov do \u0161trn\u00e1stich rokov a\u00a0samozrejme preteka\u0165 sa bude v\u00a0r\u00f4znych kateg\u00f3ri\u00e1ch, ktor\u00fdm bud\u00fa prisp\u00f4soben\u00e9 trate.<\/strong> Prihl\u00e1si\u0165 sa m\u00f4\u017eete online, alebo a\u017e priamo na mieste. Po\u010das cel\u00e9ho d\u0148a bude zauj\u00edmav\u00fd sprievodn\u00fd program a\u00a0r\u00f4zne atrakcie, tak\u017ee o\u00a0z\u00e1bavu bude postaran\u00e9.<\/p>\n<p><a href=\"https:\/\/d2p6e6u75xmxt8.cloudfront.net\/4\/2022\/07\/August_06.jpg\"><img loading=\"lazy\" decoding=\"async\" src=\"https:\/\/d2p6e6u75xmxt8.cloudfront.net\/4\/2022\/07\/August_06.jpg\" alt=\"\" width=\"990\" height=\"660\" class=\"alignnone size-full wp-image-14951\" \/><\/a><\/p>\n<h2><strong>27. 08 &#8211; 28. 08. 2022 &#8211; MTBIKER Hornonitrianska Enduro S\u00e9ria Bojnice<\/strong><\/h2>\n<p>Hornonitrianska Enduro s\u00e9ria vyvrchol\u00ed piatym a\u00a0z\u00e1vere\u010dn\u00fdm kolom na trailoch v\u00a0Bojniciach. Po \u00faspe\u0161nom kole vo Ve\u013ekej Leh\u00f4tke, kde sa jazdilo na nov\u00fdch tratiach, ktor\u00e9 si v\u0161etci u\u017eili, ani Bojnice neostan\u00fa v\u00a0ni\u010dom pozadu. <strong>Pripraven\u00fdch bude zop\u00e1r noviniek a\u00a0samozrejme jedine\u010dn\u00e1 atmosf\u00e9ra, ako sa na fin\u00e1lov\u00e9 kolo patr\u00ed.<\/strong> Nebud\u00fa ch\u00fdba\u0165 ani zauj\u00edmav\u00e9 finan\u010dn\u00e9 odmeny pre v\u00ed\u0165azov a\u00a0vecn\u00e9 ceny od sponzorov.<\/p>\n<figure id=\"attachment_14952\" aria-describedby=\"caption-attachment-14952\" style=\"width: 990px\" class=\"wp-caption alignnone\"><a href=\"https:\/\/d2p6e6u75xmxt8.cloudfront.net\/4\/2022\/07\/August_07.jpg\"><img loading=\"lazy\" decoding=\"async\" src=\"https:\/\/d2p6e6u75xmxt8.cloudfront.net\/4\/2022\/07\/August_07.jpg\" alt=\"Foto: Vladimir Kralik photography\" width=\"990\" height=\"660\" class=\"size-full wp-image-14952\" \/><\/a><figcaption id=\"caption-attachment-14952\" class=\"wp-caption-text\">Foto: Vladimir Kralik photography<\/figcaption><\/figure>\n","protected":false},"excerpt":{"rendered":"<p>M\u00e1me za sebou prv\u00fd pr\u00e1zdninov\u00fd mesiac, ktor\u00fd bol bohat\u00fd na zauj\u00edmav\u00e9 preteky a\u00a0cyklistick\u00e9 akcie a\u00a0my m\u00e1me chu\u0165 v\u00a0tomto duchu pokra\u010dova\u0165. [&hellip;]<\/p>\n","protected":false},"author":170,"featured_media":14944,"comment_status":"open","ping_status":"open","sticky":false,"template":"","format":"standard","meta":{"footnotes":""},"categories":[34],"tags":[478,1371,115,180,1351,566,178,1517,931,37,91,179,1411,542],"global-categories":[1074],"class_list":["post-14940","post","type-post","status-publish","format-standard","has-post-thumbnail","hentry","category-podujatia","tag-akcia","tag-august","tag-cestna-cyklistika","tag-horska-cyklistika","tag-letape-slovakia","tag-leto","tag-maraton","tag-mtbiker","tag-odporucame","tag-podujatia","tag-pozvanka","tag-preteky","tag-sezona-2022","tag-skoda","global-categories-cycling"],"yoast_head":"<!-- This site is optimized with the Yoast SEO Premium plugin v25.3 (Yoast SEO v25.9) - https:\/\/yoast.com\/wordpress\/plugins\/seo\/ -->\n<title>Augustov\u00fd preh\u013ead slovensk\u00fdch podujat\u00ed - \u0160koda We Love Cycling Slovensko<\/title>\n<meta name=\"description\" content=\"Pon\u00fakame v\u00e1m Augustov\u00fd preh\u013ead slovensk\u00fdch podujat\u00ed, bude to zauj\u00edmav\u00e9 a\u00a0ch\u00fdba\u0165 nebud\u00fa ob\u013e\u00faben\u00e9 preteky a\u00a0objavia aj nov\u00e9 akcie.\" \/>\n<meta name=\"robots\" content=\"index, follow, max-snippet:-1, max-image-preview:large, max-video-preview:-1\" \/>\n<link rel=\"canonical\" href=\"https:\/\/www.welovecycling.com\/sk\/2022\/07\/27\/augustovy-prehlad-slovenskych-podujati\/\" \/>\n<meta property=\"og:locale\" content=\"sk_SK\" \/>\n<meta property=\"og:type\" content=\"article\" \/>\n<meta property=\"og:title\" content=\"Augustov\u00fd preh\u013ead slovensk\u00fdch podujat\u00ed\" \/>\n<meta property=\"og:description\" content=\"Pon\u00fakame v\u00e1m Augustov\u00fd preh\u013ead slovensk\u00fdch podujat\u00ed, bude to zauj\u00edmav\u00e9 a\u00a0ch\u00fdba\u0165 nebud\u00fa ob\u013e\u00faben\u00e9 preteky a\u00a0objavia aj nov\u00e9 akcie.\" \/>\n<meta property=\"og:url\" content=\"https:\/\/www.welovecycling.com\/sk\/2022\/07\/27\/augustovy-prehlad-slovenskych-podujati\/\" \/>\n<meta property=\"og:site_name\" content=\"\u0160koda We Love Cycling Slovensko\" \/>\n<meta property=\"article:published_time\" content=\"2022-07-27T08:00:10+00:00\" \/>\n<meta property=\"article:modified_time\" content=\"2022-09-29T10:57:51+00:00\" \/>\n<meta property=\"og:image\" content=\"https:\/\/d2p6e6u75xmxt8.cloudfront.net\/4\/2022\/07\/August_00.webp\" \/>\n\t<meta property=\"og:image:width\" content=\"990\" \/>\n\t<meta property=\"og:image:height\" content=\"660\" \/>\n\t<meta property=\"og:image:type\" content=\"image\/webp\" \/>\n<meta name=\"author\" content=\"miksakova\" \/>\n<meta name=\"twitter:card\" content=\"summary_large_image\" \/>\n<meta name=\"twitter:label1\" content=\"Written by\" \/>\n\t<meta name=\"twitter:data1\" content=\"WeLoveCycling\" \/>\n\t<meta name=\"twitter:label2\" content=\"Est. reading time\" \/>\n\t<meta name=\"twitter:data2\" content=\"5 minutes\" \/>\n<script type=\"application\/ld+json\" class=\"yoast-schema-graph\">{\"@context\":\"https:\/\/schema.org\",\"@graph\":[{\"@type\":\"WebPage\",\"@id\":\"https:\/\/www.welovecycling.com\/sk\/2022\/07\/27\/augustovy-prehlad-slovenskych-podujati\/\",\"url\":\"https:\/\/www.welovecycling.com\/sk\/2022\/07\/27\/augustovy-prehlad-slovenskych-podujati\/\",\"name\":\"Augustov\u00fd preh\u013ead slovensk\u00fdch podujat\u00ed - \u0160koda We Love Cycling Slovensko\",\"isPartOf\":{\"@id\":\"https:\/\/www.welovecycling.com\/sk\/#website\"},\"primaryImageOfPage\":{\"@id\":\"https:\/\/www.welovecycling.com\/sk\/2022\/07\/27\/augustovy-prehlad-slovenskych-podujati\/#primaryimage\"},\"image\":{\"@id\":\"https:\/\/www.welovecycling.com\/sk\/2022\/07\/27\/augustovy-prehlad-slovenskych-podujati\/#primaryimage\"},\"thumbnailUrl\":\"https:\/\/d2p6e6u75xmxt8.cloudfront.net\/4\/2022\/07\/August_00.webp\",\"datePublished\":\"2022-07-27T08:00:10+00:00\",\"dateModified\":\"2022-09-29T10:57:51+00:00\",\"author\":{\"@id\":\"https:\/\/www.welovecycling.com\/sk\/#\/schema\/person\/c6ce5af9dceed219d84a07d2ffa2cad9\"},\"description\":\"Pon\u00fakame v\u00e1m Augustov\u00fd preh\u013ead slovensk\u00fdch podujat\u00ed, bude to zauj\u00edmav\u00e9 a\u00a0ch\u00fdba\u0165 nebud\u00fa ob\u013e\u00faben\u00e9 preteky a\u00a0objavia aj nov\u00e9 akcie.\",\"breadcrumb\":{\"@id\":\"https:\/\/www.welovecycling.com\/sk\/2022\/07\/27\/augustovy-prehlad-slovenskych-podujati\/#breadcrumb\"},\"inLanguage\":\"sk-SK\",\"potentialAction\":[{\"@type\":\"ReadAction\",\"target\":[\"https:\/\/www.welovecycling.com\/sk\/2022\/07\/27\/augustovy-prehlad-slovenskych-podujati\/\"]}]},{\"@type\":\"ImageObject\",\"inLanguage\":\"sk-SK\",\"@id\":\"https:\/\/www.welovecycling.com\/sk\/2022\/07\/27\/augustovy-prehlad-slovenskych-podujati\/#primaryimage\",\"url\":\"https:\/\/d2p6e6u75xmxt8.cloudfront.net\/4\/2022\/07\/August_00.webp\",\"contentUrl\":\"https:\/\/d2p6e6u75xmxt8.cloudfront.net\/4\/2022\/07\/August_00.webp\",\"width\":990,\"height\":660},{\"@type\":\"BreadcrumbList\",\"@id\":\"https:\/\/www.welovecycling.com\/sk\/2022\/07\/27\/augustovy-prehlad-slovenskych-podujati\/#breadcrumb\",\"itemListElement\":[{\"@type\":\"ListItem\",\"position\":1,\"name\":\"Home\",\"item\":\"https:\/\/www.welovecycling.com\/sk\/\"},{\"@type\":\"ListItem\",\"position\":2,\"name\":\"Augustov\u00fd preh\u013ead slovensk\u00fdch podujat\u00ed\"}]},{\"@type\":\"WebSite\",\"@id\":\"https:\/\/www.welovecycling.com\/sk\/#website\",\"url\":\"https:\/\/www.welovecycling.com\/sk\/\",\"name\":\"\u0160koda We Love Cycling Slovensko\",\"description\":\"\u0160koda We Love Cycling Slovensko je v\u00e1\u0161 ka\u017edodenn\u00fd zdroj noviniek a in\u0161pir\u00e1cie z sveta cyklistiky\",\"potentialAction\":[{\"@type\":\"SearchAction\",\"target\":{\"@type\":\"EntryPoint\",\"urlTemplate\":\"https:\/\/www.welovecycling.com\/sk\/?s={search_term_string}\"},\"query-input\":{\"@type\":\"PropertyValueSpecification\",\"valueRequired\":true,\"valueName\":\"search_term_string\"}}],\"inLanguage\":\"sk-SK\"},{\"@type\":\"Person\",\"@id\":\"https:\/\/www.welovecycling.com\/sk\/#\/schema\/person\/c6ce5af9dceed219d84a07d2ffa2cad9\",\"name\":\"miksakova\",\"image\":{\"@type\":\"ImageObject\",\"inLanguage\":\"sk-SK\",\"@id\":\"https:\/\/www.welovecycling.com\/sk\/#\/schema\/person\/image\/\",\"url\":\"https:\/\/secure.gravatar.com\/avatar\/3663fb8acb50de04150ea6f7afc1bc15aba80aad4bf92aee01bd38a79084eb7a?s=96&d=mm&r=g\",\"contentUrl\":\"https:\/\/secure.gravatar.com\/avatar\/3663fb8acb50de04150ea6f7afc1bc15aba80aad4bf92aee01bd38a79084eb7a?s=96&d=mm&r=g\",\"caption\":\"miksakova\"},\"url\":\"https:\/\/www.welovecycling.com\/sk\/author\/miksakova\/\"}]}<\/script>\n<!-- \/ Yoast SEO Premium plugin. -->","yoast_head_json":{"title":"Augustov\u00fd preh\u013ead slovensk\u00fdch podujat\u00ed - \u0160koda We Love Cycling Slovensko","description":"Pon\u00fakame v\u00e1m Augustov\u00fd preh\u013ead slovensk\u00fdch podujat\u00ed, bude to zauj\u00edmav\u00e9 a\u00a0ch\u00fdba\u0165 nebud\u00fa ob\u013e\u00faben\u00e9 preteky a\u00a0objavia aj nov\u00e9 akcie.","robots":{"index":"index","follow":"follow","max-snippet":"max-snippet:-1","max-image-preview":"max-image-preview:large","max-video-preview":"max-video-preview:-1"},"canonical":"https:\/\/www.welovecycling.com\/sk\/2022\/07\/27\/augustovy-prehlad-slovenskych-podujati\/","og_locale":"sk_SK","og_type":"article","og_title":"Augustov\u00fd preh\u013ead slovensk\u00fdch podujat\u00ed","og_description":"Pon\u00fakame v\u00e1m Augustov\u00fd preh\u013ead slovensk\u00fdch podujat\u00ed, bude to zauj\u00edmav\u00e9 a\u00a0ch\u00fdba\u0165 nebud\u00fa ob\u013e\u00faben\u00e9 preteky a\u00a0objavia aj nov\u00e9 akcie.","og_url":"https:\/\/www.welovecycling.com\/sk\/2022\/07\/27\/augustovy-prehlad-slovenskych-podujati\/","og_site_name":"\u0160koda We Love Cycling Slovensko","article_published_time":"2022-07-27T08:00:10+00:00","article_modified_time":"2022-09-29T10:57:51+00:00","og_image":[{"width":990,"height":660,"url":"https:\/\/d2p6e6u75xmxt8.cloudfront.net\/4\/2022\/07\/August_00.webp","type":"image\/webp"}],"author":"miksakova","twitter_card":"summary_large_image","twitter_misc":{"Written by":"WeLoveCycling","Est. reading time":"5 minutes"},"schema":{"@context":"https:\/\/schema.org","@graph":[{"@type":"WebPage","@id":"https:\/\/www.welovecycling.com\/sk\/2022\/07\/27\/augustovy-prehlad-slovenskych-podujati\/","url":"https:\/\/www.welovecycling.com\/sk\/2022\/07\/27\/augustovy-prehlad-slovenskych-podujati\/","name":"Augustov\u00fd preh\u013ead slovensk\u00fdch podujat\u00ed - \u0160koda We Love Cycling Slovensko","isPartOf":{"@id":"https:\/\/www.welovecycling.com\/sk\/#website"},"primaryImageOfPage":{"@id":"https:\/\/www.welovecycling.com\/sk\/2022\/07\/27\/augustovy-prehlad-slovenskych-podujati\/#primaryimage"},"image":{"@id":"https:\/\/www.welovecycling.com\/sk\/2022\/07\/27\/augustovy-prehlad-slovenskych-podujati\/#primaryimage"},"thumbnailUrl":"https:\/\/d2p6e6u75xmxt8.cloudfront.net\/4\/2022\/07\/August_00.webp","datePublished":"2022-07-27T08:00:10+00:00","dateModified":"2022-09-29T10:57:51+00:00","author":{"@id":"https:\/\/www.welovecycling.com\/sk\/#\/schema\/person\/c6ce5af9dceed219d84a07d2ffa2cad9"},"description":"Pon\u00fakame v\u00e1m Augustov\u00fd preh\u013ead slovensk\u00fdch podujat\u00ed, bude to zauj\u00edmav\u00e9 a\u00a0ch\u00fdba\u0165 nebud\u00fa ob\u013e\u00faben\u00e9 preteky a\u00a0objavia aj nov\u00e9 akcie.","breadcrumb":{"@id":"https:\/\/www.welovecycling.com\/sk\/2022\/07\/27\/augustovy-prehlad-slovenskych-podujati\/#breadcrumb"},"inLanguage":"sk-SK","potentialAction":[{"@type":"ReadAction","target":["https:\/\/www.welovecycling.com\/sk\/2022\/07\/27\/augustovy-prehlad-slovenskych-podujati\/"]}]},{"@type":"ImageObject","inLanguage":"sk-SK","@id":"https:\/\/www.welovecycling.com\/sk\/2022\/07\/27\/augustovy-prehlad-slovenskych-podujati\/#primaryimage","url":"https:\/\/d2p6e6u75xmxt8.cloudfront.net\/4\/2022\/07\/August_00.webp","contentUrl":"https:\/\/d2p6e6u75xmxt8.cloudfront.net\/4\/2022\/07\/August_00.webp","width":990,"height":660},{"@type":"BreadcrumbList","@id":"https:\/\/www.welovecycling.com\/sk\/2022\/07\/27\/augustovy-prehlad-slovenskych-podujati\/#breadcrumb","itemListElement":[{"@type":"ListItem","position":1,"name":"Home","item":"https:\/\/www.welovecycling.com\/sk\/"},{"@type":"ListItem","position":2,"name":"Augustov\u00fd preh\u013ead slovensk\u00fdch podujat\u00ed"}]},{"@type":"WebSite","@id":"https:\/\/www.welovecycling.com\/sk\/#website","url":"https:\/\/www.welovecycling.com\/sk\/","name":"\u0160koda We Love Cycling Slovensko","description":"\u0160koda We Love Cycling Slovensko je v\u00e1\u0161 ka\u017edodenn\u00fd zdroj noviniek a in\u0161pir\u00e1cie z sveta cyklistiky","potentialAction":[{"@type":"SearchAction","target":{"@type":"EntryPoint","urlTemplate":"https:\/\/www.welovecycling.com\/sk\/?s={search_term_string}"},"query-input":{"@type":"PropertyValueSpecification","valueRequired":true,"valueName":"search_term_string"}}],"inLanguage":"sk-SK"},{"@type":"Person","@id":"https:\/\/www.welovecycling.com\/sk\/#\/schema\/person\/c6ce5af9dceed219d84a07d2ffa2cad9","name":"miksakova","image":{"@type":"ImageObject","inLanguage":"sk-SK","@id":"https:\/\/www.welovecycling.com\/sk\/#\/schema\/person\/image\/","url":"https:\/\/secure.gravatar.com\/avatar\/3663fb8acb50de04150ea6f7afc1bc15aba80aad4bf92aee01bd38a79084eb7a?s=96&d=mm&r=g","contentUrl":"https:\/\/secure.gravatar.com\/avatar\/3663fb8acb50de04150ea6f7afc1bc15aba80aad4bf92aee01bd38a79084eb7a?s=96&d=mm&r=g","caption":"miksakova"},"url":"https:\/\/www.welovecycling.com\/sk\/author\/miksakova\/"}]}},"_links":{"self":[{"href":"https:\/\/www.welovecycling.com\/sk\/wp-json\/wp\/v2\/posts\/14940","targetHints":{"allow":["GET"]}}],"collection":[{"href":"https:\/\/www.welovecycling.com\/sk\/wp-json\/wp\/v2\/posts"}],"about":[{"href":"https:\/\/www.welovecycling.com\/sk\/wp-json\/wp\/v2\/types\/post"}],"author":[{"embeddable":true,"href":"https:\/\/www.welovecycling.com\/sk\/wp-json\/wp\/v2\/users\/170"}],"replies":[{"embeddable":true,"href":"https:\/\/www.welovecycling.com\/sk\/wp-json\/wp\/v2\/comments?post=14940"}],"version-history":[{"count":2,"href":"https:\/\/www.welovecycling.com\/sk\/wp-json\/wp\/v2\/posts\/14940\/revisions"}],"predecessor-version":[{"id":14976,"href":"https:\/\/www.welovecycling.com\/sk\/wp-json\/wp\/v2\/posts\/14940\/revisions\/14976"}],"wp:featuredmedia":[{"embeddable":true,"href":"https:\/\/www.welovecycling.com\/sk\/wp-json\/wp\/v2\/media\/14944"}],"wp:attachment":[{"href":"https:\/\/www.welovecycling.com\/sk\/wp-json\/wp\/v2\/media?parent=14940"}],"wp:term":[{"taxonomy":"category","embeddable":true,"href":"https:\/\/www.welovecycling.com\/sk\/wp-json\/wp\/v2\/categories?post=14940"},{"taxonomy":"post_tag","embeddable":true,"href":"https:\/\/www.welovecycling.com\/sk\/wp-json\/wp\/v2\/tags?post=14940"},{"taxonomy":"global-categories","embeddable":true,"href":"https:\/\/www.welovecycling.com\/sk\/wp-json\/wp\/v2\/global-categories?post=14940"}],"curies":[{"name":"wp","href":"https:\/\/api.w.org\/{rel}","templated":true}]}}