{"id":1491,"date":"2017-07-04T18:39:55","date_gmt":"2017-07-04T16:39:55","guid":{"rendered":"https:\/\/www.welovecycling.com\/sk\/?p=1491"},"modified":"2017-12-18T13:11:27","modified_gmt":"2017-12-18T12:11:27","slug":"peter-sagan-konci-tour-de-france","status":"publish","type":"post","link":"https:\/\/www.welovecycling.com\/sk\/2017\/07\/04\/peter-sagan-konci-tour-de-france\/","title":{"rendered":"Peter Sagan kon\u010d\u00ed na Tour de France"},"content":{"rendered":"<p><strong>\u00daraduj\u00faci majster sveta a hor\u00faci adept na zelen\u00fd dres po dne\u0161nej etape pred\u010dasne ukon\u010dil svoje p\u00f4sobenie na tohtoro\u010dnej Tour. Po v\u010deraj\u0161om triumfe na tretej etape je tento incident o to nepr\u00edjemnej\u0161\u00ed.<\/strong><\/p>\n<p><!--more--><\/p>\n<lite-youtube videoid=rXwZczGqWls params=\"enablejsapi=1\" style=\"background-image: url('https:\/\/i.ytimg.com\/vi_webp\/rXwZczGqWls\/maxresdefault.webp');\"><\/lite-youtube>\n<p>Komis\u00e1ri Petra p\u00f4vodne iba penalizovali \u010dasov\u00fdm a bodov\u00fdm postihom, n\u00e1sledne v\u0161ak na tla\u010dovej konferencii vyhl\u00e1sili nov\u00fd verdikt.<\/p>\n<p><strong>\u201eRozhodli sme sa vyl\u00fa\u010di\u0165 Petra Sagana z\u00a0Tour de France 2017 po b\u00farlivom fini\u0161i vo Vitteli, kde svoj\u00edm konan\u00edm ohrozil nieko\u013ek\u00fdch jazdcov vr\u00e1tane Marka Cavendisha a\u00a0\u010fal\u0161\u00edch pretek\u00e1rov, ktor\u00ed spadli,\u201c citovala agent\u00fara AP predsedu jury Philippa Mariena.<\/strong><\/p>\n<p>Situ\u00e1ciu komentovalo viacero profesion\u00e1lnych \u0161portovcov a \u00fa\u010dastn\u00edkov pelot\u00f3nu, medzi in\u00fdmi aj Lance Armstrong. V\u00e4\u010d\u0161ina sa postavila za Petra Sagana.<\/p>\n<div class=\"embed-controller-wrapper\">\n<blockquote class=\"twitter-tweet\" data-width=\"500\" data-dnt=\"true\">\n<p lang=\"en\" dir=\"ltr\">I DON&#39;T agree with the expulsion of <a href=\"https:\/\/twitter.com\/petosagan?ref_src=twsrc%5Etfw\">@petosagan<\/a> from <a href=\"https:\/\/twitter.com\/LeTour?ref_src=twsrc%5Etfw\">@LeTour<\/a>. DQ on the stage ok, but kicked off the Tour!?! NO.<\/p>\n<p>&mdash; Robbie McEwen AM (@mcewenrobbie) <a href=\"https:\/\/twitter.com\/mcewenrobbie\/status\/882293866916982784?ref_src=twsrc%5Etfw\">July 4, 2017<\/a><\/p><\/blockquote>\n<p><script async data-src=\"https:\/\/platform.twitter.com\/widgets.js\" charset=\"utf-8\"><\/script><\/div>\n<div class=\"embed-controller-wrapper\">\n<blockquote class=\"twitter-tweet\" data-width=\"500\" data-dnt=\"true\">\n<p lang=\"en\" dir=\"ltr\">I&#39;m not sure that he should have even been DQ&#39;d. <a href=\"https:\/\/twitter.com\/hashtag\/tdf2017?src=hash&amp;ref_src=twsrc%5Etfw\">#tdf2017<\/a> <a href=\"https:\/\/twitter.com\/hashtag\/sagangate?src=hash&amp;ref_src=twsrc%5Etfw\">#sagangate<\/a> <a href=\"https:\/\/t.co\/PAjzlKSc8D\">pic.twitter.com\/PAjzlKSc8D<\/a><\/p>\n<p>&mdash; Baden Cooke (@badencooke) <a href=\"https:\/\/twitter.com\/badencooke\/status\/882295218585784321?ref_src=twsrc%5Etfw\">July 4, 2017<\/a><\/p><\/blockquote>\n<p><script async data-src=\"https:\/\/platform.twitter.com\/widgets.js\" charset=\"utf-8\"><\/script><\/div>\n<p>Boli v\u0161ak aj tak\u00ed, ktor\u00ed jeho po\u010d\u00ednanie ods\u00fadili. Napr\u00edklad Andr\u00e9 Greipel a jeho t\u00edm Lotto\u2013Soudal, s ktor\u00fdm mal Peter podobn\u00fd incident v pondelok. Po \u010dase v\u0161ak ust\u00fapili v\u00e1\u0161ne a aj Andr\u00e9 sa za svoj un\u00e1hlen\u00fd verdikt ospravedlnil.<\/p>\n<div class=\"embed-controller-wrapper\">\n<blockquote class=\"twitter-tweet\" data-width=\"500\" data-dnt=\"true\">\n<p lang=\"en\" dir=\"ltr\">Sometimes I should watch images before I say something. Apologies to <a href=\"https:\/\/twitter.com\/petosagan?ref_src=twsrc%5Etfw\">@petosagan<\/a> as I think that decision of the judge is too hard.<\/p>\n<p>&mdash; Andre Greipel (@AndreGreipel) <a href=\"https:\/\/twitter.com\/AndreGreipel\/status\/882320977719427074?ref_src=twsrc%5Etfw\">July 4, 2017<\/a><\/p><\/blockquote>\n<p><script async data-src=\"https:\/\/platform.twitter.com\/widgets.js\" charset=\"utf-8\"><\/script><\/div>\n<h3><strong>Kon\u010dia obaja<\/strong><\/h3>\n<p>Po n\u00e1raze do z\u00e1bran nasledoval p\u00e1d na vozovku. Do Marka Cavendisha navy\u0161e narazili \u010fal\u0161\u00ed jazdci. Cavendish utrpel viacer\u00e9 zranenia, ktor\u00e9 mu zabr\u00e1nia v \u010fal\u0161om pokra\u010dovan\u00ed na Tour.<\/p>\n<h2><strong>Tour de France 2017: \u0160tvrt\u00e1 etapa<\/strong><\/h2>\n<lite-youtube videoid=XXI0rjW0aEQ params=\"enablejsapi=1\" style=\"background-image: url('https:\/\/i.ytimg.com\/vi_webp\/XXI0rjW0aEQ\/maxresdefault.webp');\"><\/lite-youtube>\n<p>Tour v\u0161ak pokra\u010duje aj po dne\u0161n\u00fdch b\u00farliv\u00fdch udalostiach. Dom\u00e1ci oslavuj\u00fa, po 11 rokoch je v\u00ed\u0165azom etapy s hromadn\u00fdm dojazdom Franc\u00faz.<\/p>\n<p>1 DEMARE ARNAUD 04H 53\u2032 54\u201d<br \/>\n<span style=\"color: #999999;\">2 SAGAN PETER<\/span><br \/>\n3 KRISTOFF ALEXANDER<br \/>\n4 GREIPEL ANDR\u00c9<br \/>\n5 BOUHANNI NACER<br \/>\n6 PETIT ADRIEN<br \/>\n7 ROELANDTS JURGEN<br \/>\n8 MATTHEWS MICHAEL<br \/>\n9 MORI MANUELE<br \/>\n10 BENOOT TIESJ<\/p>\n<h3><strong>Celkov\u00e9 poradie<br \/>\n<\/strong><\/h3>\n<p>1 THOMAS GERAINT 14H 54\u2032 25\u201d<br \/>\n<span style=\"color: #999999;\">2 SAGAN PETER + 00\u2032 07\u201d<\/span><br \/>\n3 FROOME CHRISTOPHER + 00\u2032 12\u201d<br \/>\n4 MATTHEWS MICHAEL + 00\u2032 12\u201d<br \/>\n5 BOASSON HAGEN EDVALD + 00\u2032 16\u201d<br \/>\n6 LATOUR PIERRE-ROGER + 00\u2032 25\u201d<br \/>\n7 GILBERT PHILIPPE + 00\u2032 30\u201d<br \/>\n8 KWIATKOWSKI MICHAL + 00\u2032 32\u201d<br \/>\n9 WELLENS TIM + 00\u2032 32\u201d<br \/>\n10 DEMARE ARNAUD + 00\u2032 33\u201d<\/p>\n","protected":false},"excerpt":{"rendered":"<p>\u00daraduj\u00faci majster sveta a hor\u00faci adept na zelen\u00fd dres po dne\u0161nej etape pred\u010dasne ukon\u010dil svoje p\u00f4sobenie na tohtoro\u010dnej Tour. Po [&hellip;]<\/p>\n","protected":false},"author":38,"featured_media":1492,"comment_status":"open","ping_status":"open","sticky":false,"template":"","format":"standard","meta":{"footnotes":""},"categories":[4,117],"tags":[148,115,136,46,20,108,156],"global-categories":[],"class_list":["post-1491","post","type-post","status-publish","format-standard","has-post-thumbnail","hentry","category-cestna-cyklisitika","category-tour-de-france","tag-andre-greipel","tag-cestna-cyklistika","tag-mark-cavendish","tag-peter-sagan","tag-tour-de-france","tag-tour-de-france-2017","tag-zeleny-dres"],"yoast_head":"<!-- This site is optimized with the Yoast SEO Premium plugin v25.3 (Yoast SEO v25.9) - https:\/\/yoast.com\/wordpress\/plugins\/seo\/ -->\n<title>Peter Sagan kon\u010d\u00ed na Tour de France - \u0160koda We Love Cycling Slovensko<\/title>\n<meta name=\"robots\" content=\"index, follow, max-snippet:-1, max-image-preview:large, max-video-preview:-1\" \/>\n<link rel=\"canonical\" href=\"https:\/\/www.welovecycling.com\/sk\/2017\/07\/04\/peter-sagan-konci-tour-de-france\/\" \/>\n<meta property=\"og:locale\" content=\"sk_SK\" \/>\n<meta property=\"og:type\" content=\"article\" \/>\n<meta property=\"og:title\" content=\"Peter Sagan kon\u010d\u00ed na Tour de France\" \/>\n<meta property=\"og:description\" content=\"\u00daraduj\u00faci majster sveta a hor\u00faci adept na zelen\u00fd dres po dne\u0161nej etape pred\u010dasne ukon\u010dil svoje p\u00f4sobenie na tohtoro\u010dnej Tour. Po [&hellip;]\" \/>\n<meta property=\"og:url\" content=\"https:\/\/www.welovecycling.com\/sk\/2017\/07\/04\/peter-sagan-konci-tour-de-france\/\" \/>\n<meta property=\"og:site_name\" content=\"\u0160koda We Love Cycling Slovensko\" \/>\n<meta property=\"article:published_time\" content=\"2017-07-04T16:39:55+00:00\" \/>\n<meta property=\"article:modified_time\" content=\"2017-12-18T12:11:27+00:00\" \/>\n<meta property=\"og:image\" content=\"https:\/\/d2p6e6u75xmxt8.cloudfront.net\/4\/2017\/07\/42422424_24242.webp\" \/>\n\t<meta property=\"og:image:width\" content=\"1375\" \/>\n\t<meta property=\"og:image:height\" content=\"600\" \/>\n\t<meta property=\"og:image:type\" content=\"image\/webp\" \/>\n<meta name=\"author\" content=\"Ondrej Ga\u0161par\" \/>\n<meta name=\"twitter:card\" content=\"summary_large_image\" \/>\n<meta name=\"twitter:label1\" content=\"Written by\" \/>\n\t<meta name=\"twitter:data1\" content=\"We Love Cycling\" \/>\n\t<meta name=\"twitter:label2\" content=\"Est. reading time\" \/>\n\t<meta name=\"twitter:data2\" content=\"2 minutes\" \/>\n<script type=\"application\/ld+json\" class=\"yoast-schema-graph\">{\"@context\":\"https:\/\/schema.org\",\"@graph\":[{\"@type\":\"WebPage\",\"@id\":\"https:\/\/www.welovecycling.com\/sk\/2017\/07\/04\/peter-sagan-konci-tour-de-france\/\",\"url\":\"https:\/\/www.welovecycling.com\/sk\/2017\/07\/04\/peter-sagan-konci-tour-de-france\/\",\"name\":\"Peter Sagan kon\u010d\u00ed na Tour de France - \u0160koda We Love Cycling Slovensko\",\"isPartOf\":{\"@id\":\"https:\/\/www.welovecycling.com\/sk\/#website\"},\"primaryImageOfPage\":{\"@id\":\"https:\/\/www.welovecycling.com\/sk\/2017\/07\/04\/peter-sagan-konci-tour-de-france\/#primaryimage\"},\"image\":{\"@id\":\"https:\/\/www.welovecycling.com\/sk\/2017\/07\/04\/peter-sagan-konci-tour-de-france\/#primaryimage\"},\"thumbnailUrl\":\"https:\/\/d2p6e6u75xmxt8.cloudfront.net\/4\/2017\/07\/42422424_24242.webp\",\"datePublished\":\"2017-07-04T16:39:55+00:00\",\"dateModified\":\"2017-12-18T12:11:27+00:00\",\"author\":{\"@id\":\"https:\/\/www.welovecycling.com\/sk\/#\/schema\/person\/8ee09ba39b7e25b1870160aa5b3a89bc\"},\"breadcrumb\":{\"@id\":\"https:\/\/www.welovecycling.com\/sk\/2017\/07\/04\/peter-sagan-konci-tour-de-france\/#breadcrumb\"},\"inLanguage\":\"sk-SK\",\"potentialAction\":[{\"@type\":\"ReadAction\",\"target\":[\"https:\/\/www.welovecycling.com\/sk\/2017\/07\/04\/peter-sagan-konci-tour-de-france\/\"]}]},{\"@type\":\"ImageObject\",\"inLanguage\":\"sk-SK\",\"@id\":\"https:\/\/www.welovecycling.com\/sk\/2017\/07\/04\/peter-sagan-konci-tour-de-france\/#primaryimage\",\"url\":\"https:\/\/d2p6e6u75xmxt8.cloudfront.net\/4\/2017\/07\/42422424_24242.webp\",\"contentUrl\":\"https:\/\/d2p6e6u75xmxt8.cloudfront.net\/4\/2017\/07\/42422424_24242.webp\",\"width\":1375,\"height\":600},{\"@type\":\"BreadcrumbList\",\"@id\":\"https:\/\/www.welovecycling.com\/sk\/2017\/07\/04\/peter-sagan-konci-tour-de-france\/#breadcrumb\",\"itemListElement\":[{\"@type\":\"ListItem\",\"position\":1,\"name\":\"Home\",\"item\":\"https:\/\/www.welovecycling.com\/sk\/\"},{\"@type\":\"ListItem\",\"position\":2,\"name\":\"Peter Sagan kon\u010d\u00ed na Tour de France\"}]},{\"@type\":\"WebSite\",\"@id\":\"https:\/\/www.welovecycling.com\/sk\/#website\",\"url\":\"https:\/\/www.welovecycling.com\/sk\/\",\"name\":\"\u0160koda We Love Cycling Slovensko\",\"description\":\"\u0160koda We Love Cycling Slovensko je v\u00e1\u0161 ka\u017edodenn\u00fd zdroj noviniek a in\u0161pir\u00e1cie z sveta cyklistiky\",\"potentialAction\":[{\"@type\":\"SearchAction\",\"target\":{\"@type\":\"EntryPoint\",\"urlTemplate\":\"https:\/\/www.welovecycling.com\/sk\/?s={search_term_string}\"},\"query-input\":{\"@type\":\"PropertyValueSpecification\",\"valueRequired\":true,\"valueName\":\"search_term_string\"}}],\"inLanguage\":\"sk-SK\"},{\"@type\":\"Person\",\"@id\":\"https:\/\/www.welovecycling.com\/sk\/#\/schema\/person\/8ee09ba39b7e25b1870160aa5b3a89bc\",\"name\":\"Ondrej Ga\u0161par\",\"image\":{\"@type\":\"ImageObject\",\"inLanguage\":\"sk-SK\",\"@id\":\"https:\/\/www.welovecycling.com\/sk\/#\/schema\/person\/image\/\",\"url\":\"https:\/\/secure.gravatar.com\/avatar\/6126c9afb87b70da5abbb083ddbb21933da15f18f8ca7cb822aba0fb096a48f6?s=96&d=mm&r=g\",\"contentUrl\":\"https:\/\/secure.gravatar.com\/avatar\/6126c9afb87b70da5abbb083ddbb21933da15f18f8ca7cb822aba0fb096a48f6?s=96&d=mm&r=g\",\"caption\":\"Ondrej Ga\u0161par\"},\"url\":\"https:\/\/www.welovecycling.com\/sk\/author\/ondrejgaspar\/\"}]}<\/script>\n<!-- \/ Yoast SEO Premium plugin. -->","yoast_head_json":{"title":"Peter Sagan kon\u010d\u00ed na Tour de France - \u0160koda We Love Cycling Slovensko","robots":{"index":"index","follow":"follow","max-snippet":"max-snippet:-1","max-image-preview":"max-image-preview:large","max-video-preview":"max-video-preview:-1"},"canonical":"https:\/\/www.welovecycling.com\/sk\/2017\/07\/04\/peter-sagan-konci-tour-de-france\/","og_locale":"sk_SK","og_type":"article","og_title":"Peter Sagan kon\u010d\u00ed na Tour de France","og_description":"\u00daraduj\u00faci majster sveta a hor\u00faci adept na zelen\u00fd dres po dne\u0161nej etape pred\u010dasne ukon\u010dil svoje p\u00f4sobenie na tohtoro\u010dnej Tour. Po [&hellip;]","og_url":"https:\/\/www.welovecycling.com\/sk\/2017\/07\/04\/peter-sagan-konci-tour-de-france\/","og_site_name":"\u0160koda We Love Cycling Slovensko","article_published_time":"2017-07-04T16:39:55+00:00","article_modified_time":"2017-12-18T12:11:27+00:00","og_image":[{"width":1375,"height":600,"url":"https:\/\/d2p6e6u75xmxt8.cloudfront.net\/4\/2017\/07\/42422424_24242.webp","type":"image\/webp"}],"author":"Ondrej Ga\u0161par","twitter_card":"summary_large_image","twitter_misc":{"Written by":"We Love Cycling","Est. reading time":"2 minutes"},"schema":{"@context":"https:\/\/schema.org","@graph":[{"@type":"WebPage","@id":"https:\/\/www.welovecycling.com\/sk\/2017\/07\/04\/peter-sagan-konci-tour-de-france\/","url":"https:\/\/www.welovecycling.com\/sk\/2017\/07\/04\/peter-sagan-konci-tour-de-france\/","name":"Peter Sagan kon\u010d\u00ed na Tour de France - \u0160koda We Love Cycling Slovensko","isPartOf":{"@id":"https:\/\/www.welovecycling.com\/sk\/#website"},"primaryImageOfPage":{"@id":"https:\/\/www.welovecycling.com\/sk\/2017\/07\/04\/peter-sagan-konci-tour-de-france\/#primaryimage"},"image":{"@id":"https:\/\/www.welovecycling.com\/sk\/2017\/07\/04\/peter-sagan-konci-tour-de-france\/#primaryimage"},"thumbnailUrl":"https:\/\/d2p6e6u75xmxt8.cloudfront.net\/4\/2017\/07\/42422424_24242.webp","datePublished":"2017-07-04T16:39:55+00:00","dateModified":"2017-12-18T12:11:27+00:00","author":{"@id":"https:\/\/www.welovecycling.com\/sk\/#\/schema\/person\/8ee09ba39b7e25b1870160aa5b3a89bc"},"breadcrumb":{"@id":"https:\/\/www.welovecycling.com\/sk\/2017\/07\/04\/peter-sagan-konci-tour-de-france\/#breadcrumb"},"inLanguage":"sk-SK","potentialAction":[{"@type":"ReadAction","target":["https:\/\/www.welovecycling.com\/sk\/2017\/07\/04\/peter-sagan-konci-tour-de-france\/"]}]},{"@type":"ImageObject","inLanguage":"sk-SK","@id":"https:\/\/www.welovecycling.com\/sk\/2017\/07\/04\/peter-sagan-konci-tour-de-france\/#primaryimage","url":"https:\/\/d2p6e6u75xmxt8.cloudfront.net\/4\/2017\/07\/42422424_24242.webp","contentUrl":"https:\/\/d2p6e6u75xmxt8.cloudfront.net\/4\/2017\/07\/42422424_24242.webp","width":1375,"height":600},{"@type":"BreadcrumbList","@id":"https:\/\/www.welovecycling.com\/sk\/2017\/07\/04\/peter-sagan-konci-tour-de-france\/#breadcrumb","itemListElement":[{"@type":"ListItem","position":1,"name":"Home","item":"https:\/\/www.welovecycling.com\/sk\/"},{"@type":"ListItem","position":2,"name":"Peter Sagan kon\u010d\u00ed na Tour de France"}]},{"@type":"WebSite","@id":"https:\/\/www.welovecycling.com\/sk\/#website","url":"https:\/\/www.welovecycling.com\/sk\/","name":"\u0160koda We Love Cycling Slovensko","description":"\u0160koda We Love Cycling Slovensko je v\u00e1\u0161 ka\u017edodenn\u00fd zdroj noviniek a in\u0161pir\u00e1cie z sveta cyklistiky","potentialAction":[{"@type":"SearchAction","target":{"@type":"EntryPoint","urlTemplate":"https:\/\/www.welovecycling.com\/sk\/?s={search_term_string}"},"query-input":{"@type":"PropertyValueSpecification","valueRequired":true,"valueName":"search_term_string"}}],"inLanguage":"sk-SK"},{"@type":"Person","@id":"https:\/\/www.welovecycling.com\/sk\/#\/schema\/person\/8ee09ba39b7e25b1870160aa5b3a89bc","name":"Ondrej Ga\u0161par","image":{"@type":"ImageObject","inLanguage":"sk-SK","@id":"https:\/\/www.welovecycling.com\/sk\/#\/schema\/person\/image\/","url":"https:\/\/secure.gravatar.com\/avatar\/6126c9afb87b70da5abbb083ddbb21933da15f18f8ca7cb822aba0fb096a48f6?s=96&d=mm&r=g","contentUrl":"https:\/\/secure.gravatar.com\/avatar\/6126c9afb87b70da5abbb083ddbb21933da15f18f8ca7cb822aba0fb096a48f6?s=96&d=mm&r=g","caption":"Ondrej Ga\u0161par"},"url":"https:\/\/www.welovecycling.com\/sk\/author\/ondrejgaspar\/"}]}},"_links":{"self":[{"href":"https:\/\/www.welovecycling.com\/sk\/wp-json\/wp\/v2\/posts\/1491","targetHints":{"allow":["GET"]}}],"collection":[{"href":"https:\/\/www.welovecycling.com\/sk\/wp-json\/wp\/v2\/posts"}],"about":[{"href":"https:\/\/www.welovecycling.com\/sk\/wp-json\/wp\/v2\/types\/post"}],"author":[{"embeddable":true,"href":"https:\/\/www.welovecycling.com\/sk\/wp-json\/wp\/v2\/users\/38"}],"replies":[{"embeddable":true,"href":"https:\/\/www.welovecycling.com\/sk\/wp-json\/wp\/v2\/comments?post=1491"}],"version-history":[{"count":2,"href":"https:\/\/www.welovecycling.com\/sk\/wp-json\/wp\/v2\/posts\/1491\/revisions"}],"predecessor-version":[{"id":1505,"href":"https:\/\/www.welovecycling.com\/sk\/wp-json\/wp\/v2\/posts\/1491\/revisions\/1505"}],"wp:featuredmedia":[{"embeddable":true,"href":"https:\/\/www.welovecycling.com\/sk\/wp-json\/wp\/v2\/media\/1492"}],"wp:attachment":[{"href":"https:\/\/www.welovecycling.com\/sk\/wp-json\/wp\/v2\/media?parent=1491"}],"wp:term":[{"taxonomy":"category","embeddable":true,"href":"https:\/\/www.welovecycling.com\/sk\/wp-json\/wp\/v2\/categories?post=1491"},{"taxonomy":"post_tag","embeddable":true,"href":"https:\/\/www.welovecycling.com\/sk\/wp-json\/wp\/v2\/tags?post=1491"},{"taxonomy":"global-categories","embeddable":true,"href":"https:\/\/www.welovecycling.com\/sk\/wp-json\/wp\/v2\/global-categories?post=1491"}],"curies":[{"name":"wp","href":"https:\/\/api.w.org\/{rel}","templated":true}]}}