{"id":14893,"date":"2022-07-18T11:30:09","date_gmt":"2022-07-18T09:30:09","guid":{"rendered":"https:\/\/www.welovecycling.com\/sk\/?p=14893"},"modified":"2022-09-29T12:57:54","modified_gmt":"2022-09-29T10:57:54","slug":"pozvanka-skoda-horal-mtb-maraton-pridte-oslavit-druhu-polovicu-maratonskej-sezony","status":"publish","type":"post","link":"https:\/\/www.welovecycling.com\/sk\/2022\/07\/18\/pozvanka-skoda-horal-mtb-maraton-pridte-oslavit-druhu-polovicu-maratonskej-sezony\/","title":{"rendered":"Pozv\u00e1nka: \u0160koda Horal MTB marat\u00f3n \u2013 pr\u00ed\u010fte osl\u00e1vi\u0165 druh\u00fa polovicu marat\u00f3nskej sez\u00f3ny"},"content":{"rendered":"<p><strong>Vrchol tohtoro\u010dnej sez\u00f3ny \u0160koda BIKE OPEN TOUR je napl\u00e1novan\u00fd do okolia mesta Svit. V sobotu 13. augusta 2022 sa pod Tatrami bude jazdi\u0165 posledn\u00e9 kolo tohtoro\u010dnej s\u00e9rie horsk\u00fdch marat\u00f3nov, spo\u010d\u00edtaj\u00fa sa celkov\u00e9 v\u00fdsledky a\u00a0odovzdaj\u00fa v\u0161etky ceny. Bude to udalos\u0165, na ktor\u00fa nezabudnete a\u00a0ur\u010dite dokonale osl\u00e1vite druh\u00fa polovicu letnej sez\u00f3ny.<\/strong><!--more--><\/p>\n<h2><strong>\u010co sa chyst\u00e1?<\/strong><\/h2>\n<p>Dlho bola o\u010dak\u00e1van\u00e1 inform\u00e1cia, \u010di sa bude tento rok kone\u010dne jazdi\u0165 aj tra\u0165 Krejzi. Dobr\u00e1 spr\u00e1va je, \u017ee \u00e1no, aj ke\u010f bude zmenen\u00e1 a nebude vies\u0165 cez Kr\u00e1\u013eovu ho\u013eu. Z t\u00fdchto d\u00f4vodov bude realizovan\u00e1 ako dvojokruhov\u00e1 a jej preva\u017en\u00e1 \u010das\u0165 bude vies\u0165 pohor\u00edm Kozie chrbty. <strong>D\u013a\u017eka bude 102 km a prev\u00fd\u0161enie 3 262 metrov.<\/strong> Tra\u0165 Lejzi bude ma\u0165 tento rok d\u013a\u017eku 60 km a prev\u00fd\u0161enie 1 925 metrov. Po\u010das pretekov sa dostanete na \u00farove\u0148 nadmorskej v\u00fd\u0161ky 1 400 m a v oblasti Panskej hole dokonca nad \u00farove\u0148 lesa. Lejzi je tra\u0165ou pre Slovensk\u00fd poh\u00e1r kateg\u00f3rie \u017dENY a v roku 2017 bola tra\u0165ou pre kateg\u00f3riu WOMEN ELITE.<\/p>\n<p><a href=\"https:\/\/d2p6e6u75xmxt8.cloudfront.net\/4\/2022\/07\/Horal_01.jpg\"><img loading=\"lazy\" decoding=\"async\" class=\"alignnone size-full wp-image-14896\" src=\"https:\/\/d2p6e6u75xmxt8.cloudfront.net\/4\/2022\/07\/Horal_01.jpg\" alt=\"\" width=\"990\" height=\"660\" \/><\/a><\/p>\n<p>Tra\u0165 Senzi m\u00e1 d\u013a\u017eku 47 km s\u00a0prev\u00fd\u0161en\u00edm 1 600 metrov a\u00a0pred p\u00e1r rokmi bola pov\u00fd\u0161en\u00e1 na polmarat\u00f3n.\u00a0T\u00e1to trasa sa zapo\u010d\u00edtava do Slovensk\u00e9ho poh\u00e1ra v\u00a0kateg\u00f3rii JUNIORI a\u00a0JUNIORKY.<\/p>\n<p>Horal \u00cdzi je jednou z najnov\u0161\u00edch trat\u00ed, aj ke\u010f premi\u00e9ru mala u\u017e v roku 2013. P\u00f4vodne mala 28 km, ale v s\u00fa\u010dasnosti sa jazd\u00ed 32 km s prev\u00fd\u0161en\u00edm 1 000 metrov. Niektor\u00ed ju pokladaj\u00fa za \u201epr\u00edpravku na marat\u00f3n\u201c, tak\u017ee ak v bud\u00facnosti pl\u00e1nujete poriadny marat\u00f3n a neviete, \u010di ho zvl\u00e1dnete, <strong>pr\u00e1ve tu m\u00e1te skvel\u00fa pr\u00edle\u017eitos\u0165 vysk\u00fa\u0161a\u0165 svoju kondi\u010dku a\u00a0za\u017ei\u0165 atmosf\u00e9ru skuto\u010dn\u00fdch pretekov<\/strong>. Trasa sa zapo\u010d\u00edtava do Slovensk\u00e9ho poh\u00e1ra v\u00a0kateg\u00f3rii KADETI a\u00a0KADETKY.<\/p>\n<div id='gallery-1' class='gallery galleryid-14893 gallery-columns-2 gallery-size-full'><figure class='gallery-item'>\n\t\t\t<div class='gallery-icon landscape'>\n\t\t\t\t<a href='https:\/\/d2p6e6u75xmxt8.cloudfront.net\/4\/2022\/07\/Horal_02.webp'><img loading=\"lazy\" decoding=\"async\" width=\"990\" height=\"660\" src=\"https:\/\/d2p6e6u75xmxt8.cloudfront.net\/4\/2022\/07\/Horal_02.webp\" class=\"attachment-full size-full\" alt=\"\" srcset=\"https:\/\/d2p6e6u75xmxt8.cloudfront.net\/4\/2022\/07\/Horal_02.webp 990w, https:\/\/d2p6e6u75xmxt8.cloudfront.net\/4\/2022\/07\/Horal_02-300x200.webp 300w, https:\/\/d2p6e6u75xmxt8.cloudfront.net\/4\/2022\/07\/Horal_02-768x512.webp 768w, https:\/\/d2p6e6u75xmxt8.cloudfront.net\/4\/2022\/07\/Horal_02-272x182.webp 272w\" sizes=\"auto, (max-width: 990px) 100vw, 990px\" \/><\/a>\n\t\t\t<\/div><\/figure><figure class='gallery-item'>\n\t\t\t<div class='gallery-icon landscape'>\n\t\t\t\t<a href='https:\/\/d2p6e6u75xmxt8.cloudfront.net\/4\/2022\/07\/Horal_03.webp'><img loading=\"lazy\" decoding=\"async\" width=\"990\" height=\"660\" src=\"https:\/\/d2p6e6u75xmxt8.cloudfront.net\/4\/2022\/07\/Horal_03.webp\" class=\"attachment-full size-full\" alt=\"\" srcset=\"https:\/\/d2p6e6u75xmxt8.cloudfront.net\/4\/2022\/07\/Horal_03.webp 990w, https:\/\/d2p6e6u75xmxt8.cloudfront.net\/4\/2022\/07\/Horal_03-300x200.webp 300w, https:\/\/d2p6e6u75xmxt8.cloudfront.net\/4\/2022\/07\/Horal_03-768x512.webp 768w, https:\/\/d2p6e6u75xmxt8.cloudfront.net\/4\/2022\/07\/Horal_03-272x182.webp 272w\" sizes=\"auto, (max-width: 990px) 100vw, 990px\" \/><\/a>\n\t\t\t<\/div><\/figure>\n\t\t<\/div>\n\n<p>No a\u00a0aby sa nezabudlo ani na t\u00fdch najmen\u0161\u00edch, je tu tra\u0165 Horal Dejzi \u2013 \u0160koda FAMILY. Tra\u0165 je ur\u010den\u00e1 pre rodinn\u00e9 t\u00edmy a\u00a0v\u00e4\u010d\u0161ia \u010das\u0165 ide ved\u013ea lesa po asfaltov\u00fdch povrchoch, tak\u017ee ju bez ob\u00e1v zvl\u00e1dnete. <strong>D\u013a\u017eka trasy je 17 km s\u00a0prev\u00fd\u0161en\u00edm 350 metrov.<\/strong><\/p>\n<div class=\"shortcode-ys-post-pinup\"><article class=\"loop-simple post-14728 post type-post status-publish format-standard has-post-thumbnail hentry category-mtb tag-horsky-bicykel tag-mtb tag-mtb-vylepsenia tag-nakupny-poradca\" data-postid=\"14728\" role=\"article\" data-post-id=\"14728\" data-word-count=\"753\" data-headline-length=\"33\" data-category=\"MTB\" data-author=\"Martin Atanasov\" data-published=\"2022-07-08T09:15:46+02:00\" data-published-day=\"Friday\">\n    <div class=\"entry-thumbnail article-thumbnail\" content=\"https:\/\/d2p6e6u75xmxt8.cloudfront.net\/4\/2022\/06\/MTB-Cycling-profimedia-0610305508-CVR-150x150.webp\"><a href=\"https:\/\/www.welovecycling.com\/sk\/2022\/07\/08\/7-extremne-lacnych-mtb-upgradov\/\" class=\"image-holder\" target=\"_self\"><img decoding=\"async\" loading=\"lazy\" class=\"\" src=\"https:\/\/d2p6e6u75xmxt8.cloudfront.net\/4\/2022\/06\/MTB-Cycling-profimedia-0610305508-CVR.webp\" srcset=\"https:\/\/d2p6e6u75xmxt8.cloudfront.net\/4\/2022\/06\/MTB-Cycling-profimedia-0610305508-CVR.webp 990w, https:\/\/d2p6e6u75xmxt8.cloudfront.net\/4\/2022\/06\/MTB-Cycling-profimedia-0610305508-CVR-300x200.webp 300w, https:\/\/d2p6e6u75xmxt8.cloudfront.net\/4\/2022\/06\/MTB-Cycling-profimedia-0610305508-CVR-768x512.webp 768w, https:\/\/d2p6e6u75xmxt8.cloudfront.net\/4\/2022\/06\/MTB-Cycling-profimedia-0610305508-CVR-272x182.webp 272w\" width=\"990\" height=\"660\" sizes=\"auto, (min-width: 1200px) 300px, (min-width: 768px) 25vw, 100vw\" alt=\"7-extremne-lacnych-mtb-upgradov\"\/><\/a><\/div>    <div class=\"entry-meta\">\n        <a class=\"label label-secondary post-category\" href=\"https:\/\/www.welovecycling.com\/sk\/category\/mtb\/\" title=\"MTB\">MTB<\/a>\n    <\/div>\n    <div class=\"entry-details\">\n        <a href=\"https:\/\/www.welovecycling.com\/sk\/2022\/07\/08\/7-extremne-lacnych-mtb-upgradov\/\" class='entry-title-wrapper'>\n            <h3 class=\"entry-title\"><span>7 extr\u00e9mne lacn\u00fdch MTB upgradov<\/span><\/h3>\n        <\/a>\n    <\/div>\n    <\/article>\n<\/div>\n<p>Pripraven\u00fd je aj bohat\u00fd sprievodn\u00fd program, tombola a\u00a0na svoje si pr\u00eddu aj deti. Dokonal\u00fa starostlivos\u0165 maj\u00fa aj pretek\u00e1ri, \u010di u\u017e po\u010das pretekov, ale aj po jeho skon\u010den\u00ed, kedy m\u00f4\u017eu da\u0165 do poriadku nielen seba, ale aj svoje bicykle.<\/p>\n<div id='gallery-2' class='gallery galleryid-14728 gallery-columns-2 gallery-size-full'><figure class='gallery-item'>\n\t\t\t<div class='gallery-icon landscape'>\n\t\t\t\t<a href='https:\/\/d2p6e6u75xmxt8.cloudfront.net\/4\/2022\/07\/Horal_04.webp'><img loading=\"lazy\" decoding=\"async\" width=\"990\" height=\"660\" src=\"https:\/\/d2p6e6u75xmxt8.cloudfront.net\/4\/2022\/07\/Horal_04.webp\" class=\"attachment-full size-full\" alt=\"\" srcset=\"https:\/\/d2p6e6u75xmxt8.cloudfront.net\/4\/2022\/07\/Horal_04.webp 990w, https:\/\/d2p6e6u75xmxt8.cloudfront.net\/4\/2022\/07\/Horal_04-300x200.webp 300w, https:\/\/d2p6e6u75xmxt8.cloudfront.net\/4\/2022\/07\/Horal_04-768x512.webp 768w, https:\/\/d2p6e6u75xmxt8.cloudfront.net\/4\/2022\/07\/Horal_04-272x182.webp 272w\" sizes=\"auto, (max-width: 990px) 100vw, 990px\" \/><\/a>\n\t\t\t<\/div><\/figure><figure class='gallery-item'>\n\t\t\t<div class='gallery-icon landscape'>\n\t\t\t\t<a href='https:\/\/d2p6e6u75xmxt8.cloudfront.net\/4\/2022\/07\/Horal_05.webp'><img loading=\"lazy\" decoding=\"async\" width=\"990\" height=\"660\" src=\"https:\/\/d2p6e6u75xmxt8.cloudfront.net\/4\/2022\/07\/Horal_05.webp\" class=\"attachment-full size-full\" alt=\"\" srcset=\"https:\/\/d2p6e6u75xmxt8.cloudfront.net\/4\/2022\/07\/Horal_05.webp 990w, https:\/\/d2p6e6u75xmxt8.cloudfront.net\/4\/2022\/07\/Horal_05-300x200.webp 300w, https:\/\/d2p6e6u75xmxt8.cloudfront.net\/4\/2022\/07\/Horal_05-768x512.webp 768w, https:\/\/d2p6e6u75xmxt8.cloudfront.net\/4\/2022\/07\/Horal_05-272x182.webp 272w\" sizes=\"auto, (max-width: 990px) 100vw, 990px\" \/><\/a>\n\t\t\t<\/div><\/figure>\n\t\t<\/div>\n\n<p>Ak ste sa n\u00e1hodou z\u00a0ak\u00fdchko\u013evek d\u00f4vodov nemohli z\u00fa\u010dastni\u0165 predch\u00e1dzaj\u00facich k\u00f4l, toto fin\u00e1lov\u00e9 si ur\u010dite nenechajte ujs\u0165. Ve\u010f HORAL Tour boli svojho \u010dasu jedin\u00e9 etapov\u00e9 MTB preteky na Slovensku a\u00a0t\u00e1to atmosf\u00e9ra im vydr\u017eala do dne\u0161n\u00fdch dn\u00ed. <strong>Pr\u00ed\u010fte ju za\u017ei\u0165 aj vy.<\/strong><\/p>\n","protected":false},"excerpt":{"rendered":"<p>Vrchol tohtoro\u010dnej sez\u00f3ny \u0160koda BIKE OPEN TOUR je napl\u00e1novan\u00fd do okolia mesta Svit. V sobotu 13. augusta 2022 sa pod [&hellip;]<\/p>\n","protected":false},"author":170,"featured_media":14895,"comment_status":"open","ping_status":"open","sticky":false,"template":"","format":"standard","meta":{"footnotes":""},"categories":[3],"tags":[331,180,412,1453,91,179,1411,542,1009,562,214,523,1072],"global-categories":[1074],"class_list":["post-14893","post","type-post","status-publish","format-standard","has-post-thumbnail","hentry","category-mtb","tag-etapove-preteky","tag-horska-cyklistika","tag-mtb","tag-mtb-jazda","tag-pozvanka","tag-preteky","tag-sezona-2022","tag-skoda","tag-skoda-auto","tag-skoda-bicykel","tag-skoda-horal-mtb-maraton","tag-slovensko","tag-trat","global-categories-cycling"],"yoast_head":"<!-- This site is optimized with the Yoast SEO Premium plugin v25.3 (Yoast SEO v25.9) - https:\/\/yoast.com\/wordpress\/plugins\/seo\/ -->\n<title>Pozv\u00e1nka: \u0160koda Horal MTB marat\u00f3n \u2013 pr\u00ed\u010fte osl\u00e1vi\u0165 druh\u00fa polovicu marat\u00f3nskej sez\u00f3ny - \u0160koda We Love Cycling Slovensko<\/title>\n<meta name=\"description\" content=\"Vrchol tohtoro\u010dnej sez\u00f3ny \u0160koda BIKE OPEN TOUR je napl\u00e1novan\u00fd do okolia mesta Svit. V sobotu 13. augusta 2022 sa bude jazdi\u0165 pod Tatrami.\" \/>\n<meta name=\"robots\" content=\"index, follow, max-snippet:-1, max-image-preview:large, max-video-preview:-1\" \/>\n<link rel=\"canonical\" href=\"https:\/\/www.welovecycling.com\/sk\/2022\/07\/18\/pozvanka-skoda-horal-mtb-maraton-pridte-oslavit-druhu-polovicu-maratonskej-sezony\/\" \/>\n<meta property=\"og:locale\" content=\"sk_SK\" \/>\n<meta property=\"og:type\" content=\"article\" \/>\n<meta property=\"og:title\" content=\"Pozv\u00e1nka: \u0160koda Horal MTB marat\u00f3n \u2013 pr\u00ed\u010fte osl\u00e1vi\u0165 druh\u00fa polovicu marat\u00f3nskej sez\u00f3ny\" \/>\n<meta property=\"og:description\" content=\"Vrchol tohtoro\u010dnej sez\u00f3ny \u0160koda BIKE OPEN TOUR je napl\u00e1novan\u00fd do okolia mesta Svit. V sobotu 13. augusta 2022 sa bude jazdi\u0165 pod Tatrami.\" \/>\n<meta property=\"og:url\" content=\"https:\/\/www.welovecycling.com\/sk\/2022\/07\/18\/pozvanka-skoda-horal-mtb-maraton-pridte-oslavit-druhu-polovicu-maratonskej-sezony\/\" \/>\n<meta property=\"og:site_name\" content=\"\u0160koda We Love Cycling Slovensko\" \/>\n<meta property=\"article:published_time\" content=\"2022-07-18T09:30:09+00:00\" \/>\n<meta property=\"article:modified_time\" content=\"2022-09-29T10:57:54+00:00\" \/>\n<meta property=\"og:image\" content=\"https:\/\/d2p6e6u75xmxt8.cloudfront.net\/4\/2022\/07\/Horal_00.webp\" \/>\n\t<meta property=\"og:image:width\" content=\"990\" \/>\n\t<meta property=\"og:image:height\" content=\"660\" \/>\n\t<meta property=\"og:image:type\" content=\"image\/webp\" \/>\n<meta name=\"author\" content=\"miksakova\" \/>\n<meta name=\"twitter:card\" content=\"summary_large_image\" \/>\n<meta name=\"twitter:label1\" content=\"Written by\" \/>\n\t<meta name=\"twitter:data1\" content=\"Martin Atanasov\" \/>\n\t<meta name=\"twitter:label2\" content=\"Est. reading time\" \/>\n\t<meta name=\"twitter:data2\" content=\"7\" \/>\n<script type=\"application\/ld+json\" class=\"yoast-schema-graph\">{\"@context\":\"https:\/\/schema.org\",\"@graph\":[{\"@type\":\"WebPage\",\"@id\":\"https:\/\/www.welovecycling.com\/sk\/2022\/07\/18\/pozvanka-skoda-horal-mtb-maraton-pridte-oslavit-druhu-polovicu-maratonskej-sezony\/\",\"url\":\"https:\/\/www.welovecycling.com\/sk\/2022\/07\/18\/pozvanka-skoda-horal-mtb-maraton-pridte-oslavit-druhu-polovicu-maratonskej-sezony\/\",\"name\":\"Pozv\u00e1nka: \u0160koda Horal MTB marat\u00f3n \u2013 pr\u00ed\u010fte osl\u00e1vi\u0165 druh\u00fa polovicu marat\u00f3nskej sez\u00f3ny - \u0160koda We Love Cycling Slovensko\",\"isPartOf\":{\"@id\":\"https:\/\/www.welovecycling.com\/sk\/#website\"},\"primaryImageOfPage\":{\"@id\":\"https:\/\/www.welovecycling.com\/sk\/2022\/07\/18\/pozvanka-skoda-horal-mtb-maraton-pridte-oslavit-druhu-polovicu-maratonskej-sezony\/#primaryimage\"},\"image\":{\"@id\":\"https:\/\/www.welovecycling.com\/sk\/2022\/07\/18\/pozvanka-skoda-horal-mtb-maraton-pridte-oslavit-druhu-polovicu-maratonskej-sezony\/#primaryimage\"},\"thumbnailUrl\":\"https:\/\/d2p6e6u75xmxt8.cloudfront.net\/4\/2022\/07\/Horal_00.webp\",\"datePublished\":\"2022-07-18T09:30:09+00:00\",\"dateModified\":\"2022-09-29T10:57:54+00:00\",\"author\":{\"@id\":\"https:\/\/www.welovecycling.com\/sk\/#\/schema\/person\/c6ce5af9dceed219d84a07d2ffa2cad9\"},\"description\":\"Vrchol tohtoro\u010dnej sez\u00f3ny \u0160koda BIKE OPEN TOUR je napl\u00e1novan\u00fd do okolia mesta Svit. V sobotu 13. augusta 2022 sa bude jazdi\u0165 pod Tatrami.\",\"breadcrumb\":{\"@id\":\"https:\/\/www.welovecycling.com\/sk\/2022\/07\/18\/pozvanka-skoda-horal-mtb-maraton-pridte-oslavit-druhu-polovicu-maratonskej-sezony\/#breadcrumb\"},\"inLanguage\":\"sk-SK\",\"potentialAction\":[{\"@type\":\"ReadAction\",\"target\":[\"https:\/\/www.welovecycling.com\/sk\/2022\/07\/18\/pozvanka-skoda-horal-mtb-maraton-pridte-oslavit-druhu-polovicu-maratonskej-sezony\/\"]}]},{\"@type\":\"ImageObject\",\"inLanguage\":\"sk-SK\",\"@id\":\"https:\/\/www.welovecycling.com\/sk\/2022\/07\/18\/pozvanka-skoda-horal-mtb-maraton-pridte-oslavit-druhu-polovicu-maratonskej-sezony\/#primaryimage\",\"url\":\"https:\/\/d2p6e6u75xmxt8.cloudfront.net\/4\/2022\/07\/Horal_00.webp\",\"contentUrl\":\"https:\/\/d2p6e6u75xmxt8.cloudfront.net\/4\/2022\/07\/Horal_00.webp\",\"width\":990,\"height\":660},{\"@type\":\"BreadcrumbList\",\"@id\":\"https:\/\/www.welovecycling.com\/sk\/2022\/07\/18\/pozvanka-skoda-horal-mtb-maraton-pridte-oslavit-druhu-polovicu-maratonskej-sezony\/#breadcrumb\",\"itemListElement\":[{\"@type\":\"ListItem\",\"position\":1,\"name\":\"Home\",\"item\":\"https:\/\/www.welovecycling.com\/sk\/\"},{\"@type\":\"ListItem\",\"position\":2,\"name\":\"Pozv\u00e1nka: \u0160koda Horal MTB marat\u00f3n \u2013 pr\u00ed\u010fte osl\u00e1vi\u0165 druh\u00fa polovicu marat\u00f3nskej sez\u00f3ny\"}]},{\"@type\":\"WebSite\",\"@id\":\"https:\/\/www.welovecycling.com\/sk\/#website\",\"url\":\"https:\/\/www.welovecycling.com\/sk\/\",\"name\":\"\u0160koda We Love Cycling Slovensko\",\"description\":\"\u0160koda We Love Cycling Slovensko je v\u00e1\u0161 ka\u017edodenn\u00fd zdroj noviniek a in\u0161pir\u00e1cie z sveta cyklistiky\",\"potentialAction\":[{\"@type\":\"SearchAction\",\"target\":{\"@type\":\"EntryPoint\",\"urlTemplate\":\"https:\/\/www.welovecycling.com\/sk\/?s={search_term_string}\"},\"query-input\":{\"@type\":\"PropertyValueSpecification\",\"valueRequired\":true,\"valueName\":\"search_term_string\"}}],\"inLanguage\":\"sk-SK\"},{\"@type\":\"Person\",\"@id\":\"https:\/\/www.welovecycling.com\/sk\/#\/schema\/person\/c6ce5af9dceed219d84a07d2ffa2cad9\",\"name\":\"miksakova\",\"image\":{\"@type\":\"ImageObject\",\"inLanguage\":\"sk-SK\",\"@id\":\"https:\/\/www.welovecycling.com\/sk\/#\/schema\/person\/image\/\",\"url\":\"https:\/\/secure.gravatar.com\/avatar\/3663fb8acb50de04150ea6f7afc1bc15aba80aad4bf92aee01bd38a79084eb7a?s=96&d=mm&r=g\",\"contentUrl\":\"https:\/\/secure.gravatar.com\/avatar\/3663fb8acb50de04150ea6f7afc1bc15aba80aad4bf92aee01bd38a79084eb7a?s=96&d=mm&r=g\",\"caption\":\"miksakova\"},\"url\":\"https:\/\/www.welovecycling.com\/sk\/author\/miksakova\/\"}]}<\/script>\n<!-- \/ Yoast SEO Premium plugin. -->","yoast_head_json":{"title":"Pozv\u00e1nka: \u0160koda Horal MTB marat\u00f3n \u2013 pr\u00ed\u010fte osl\u00e1vi\u0165 druh\u00fa polovicu marat\u00f3nskej sez\u00f3ny - \u0160koda We Love Cycling Slovensko","description":"Vrchol tohtoro\u010dnej sez\u00f3ny \u0160koda BIKE OPEN TOUR je napl\u00e1novan\u00fd do okolia mesta Svit. V sobotu 13. augusta 2022 sa bude jazdi\u0165 pod Tatrami.","robots":{"index":"index","follow":"follow","max-snippet":"max-snippet:-1","max-image-preview":"max-image-preview:large","max-video-preview":"max-video-preview:-1"},"canonical":"https:\/\/www.welovecycling.com\/sk\/2022\/07\/18\/pozvanka-skoda-horal-mtb-maraton-pridte-oslavit-druhu-polovicu-maratonskej-sezony\/","og_locale":"sk_SK","og_type":"article","og_title":"Pozv\u00e1nka: \u0160koda Horal MTB marat\u00f3n \u2013 pr\u00ed\u010fte osl\u00e1vi\u0165 druh\u00fa polovicu marat\u00f3nskej sez\u00f3ny","og_description":"Vrchol tohtoro\u010dnej sez\u00f3ny \u0160koda BIKE OPEN TOUR je napl\u00e1novan\u00fd do okolia mesta Svit. V sobotu 13. augusta 2022 sa bude jazdi\u0165 pod Tatrami.","og_url":"https:\/\/www.welovecycling.com\/sk\/2022\/07\/18\/pozvanka-skoda-horal-mtb-maraton-pridte-oslavit-druhu-polovicu-maratonskej-sezony\/","og_site_name":"\u0160koda We Love Cycling Slovensko","article_published_time":"2022-07-18T09:30:09+00:00","article_modified_time":"2022-09-29T10:57:54+00:00","og_image":[{"width":990,"height":660,"url":"https:\/\/d2p6e6u75xmxt8.cloudfront.net\/4\/2022\/07\/Horal_00.webp","type":"image\/webp"}],"author":"miksakova","twitter_card":"summary_large_image","twitter_misc":{"Written by":"Martin Atanasov","Est. reading time":"7"},"schema":{"@context":"https:\/\/schema.org","@graph":[{"@type":"WebPage","@id":"https:\/\/www.welovecycling.com\/sk\/2022\/07\/18\/pozvanka-skoda-horal-mtb-maraton-pridte-oslavit-druhu-polovicu-maratonskej-sezony\/","url":"https:\/\/www.welovecycling.com\/sk\/2022\/07\/18\/pozvanka-skoda-horal-mtb-maraton-pridte-oslavit-druhu-polovicu-maratonskej-sezony\/","name":"Pozv\u00e1nka: \u0160koda Horal MTB marat\u00f3n \u2013 pr\u00ed\u010fte osl\u00e1vi\u0165 druh\u00fa polovicu marat\u00f3nskej sez\u00f3ny - \u0160koda We Love Cycling Slovensko","isPartOf":{"@id":"https:\/\/www.welovecycling.com\/sk\/#website"},"primaryImageOfPage":{"@id":"https:\/\/www.welovecycling.com\/sk\/2022\/07\/18\/pozvanka-skoda-horal-mtb-maraton-pridte-oslavit-druhu-polovicu-maratonskej-sezony\/#primaryimage"},"image":{"@id":"https:\/\/www.welovecycling.com\/sk\/2022\/07\/18\/pozvanka-skoda-horal-mtb-maraton-pridte-oslavit-druhu-polovicu-maratonskej-sezony\/#primaryimage"},"thumbnailUrl":"https:\/\/d2p6e6u75xmxt8.cloudfront.net\/4\/2022\/07\/Horal_00.webp","datePublished":"2022-07-18T09:30:09+00:00","dateModified":"2022-09-29T10:57:54+00:00","author":{"@id":"https:\/\/www.welovecycling.com\/sk\/#\/schema\/person\/c6ce5af9dceed219d84a07d2ffa2cad9"},"description":"Vrchol tohtoro\u010dnej sez\u00f3ny \u0160koda BIKE OPEN TOUR je napl\u00e1novan\u00fd do okolia mesta Svit. V sobotu 13. augusta 2022 sa bude jazdi\u0165 pod Tatrami.","breadcrumb":{"@id":"https:\/\/www.welovecycling.com\/sk\/2022\/07\/18\/pozvanka-skoda-horal-mtb-maraton-pridte-oslavit-druhu-polovicu-maratonskej-sezony\/#breadcrumb"},"inLanguage":"sk-SK","potentialAction":[{"@type":"ReadAction","target":["https:\/\/www.welovecycling.com\/sk\/2022\/07\/18\/pozvanka-skoda-horal-mtb-maraton-pridte-oslavit-druhu-polovicu-maratonskej-sezony\/"]}]},{"@type":"ImageObject","inLanguage":"sk-SK","@id":"https:\/\/www.welovecycling.com\/sk\/2022\/07\/18\/pozvanka-skoda-horal-mtb-maraton-pridte-oslavit-druhu-polovicu-maratonskej-sezony\/#primaryimage","url":"https:\/\/d2p6e6u75xmxt8.cloudfront.net\/4\/2022\/07\/Horal_00.webp","contentUrl":"https:\/\/d2p6e6u75xmxt8.cloudfront.net\/4\/2022\/07\/Horal_00.webp","width":990,"height":660},{"@type":"BreadcrumbList","@id":"https:\/\/www.welovecycling.com\/sk\/2022\/07\/18\/pozvanka-skoda-horal-mtb-maraton-pridte-oslavit-druhu-polovicu-maratonskej-sezony\/#breadcrumb","itemListElement":[{"@type":"ListItem","position":1,"name":"Home","item":"https:\/\/www.welovecycling.com\/sk\/"},{"@type":"ListItem","position":2,"name":"Pozv\u00e1nka: \u0160koda Horal MTB marat\u00f3n \u2013 pr\u00ed\u010fte osl\u00e1vi\u0165 druh\u00fa polovicu marat\u00f3nskej sez\u00f3ny"}]},{"@type":"WebSite","@id":"https:\/\/www.welovecycling.com\/sk\/#website","url":"https:\/\/www.welovecycling.com\/sk\/","name":"\u0160koda We Love Cycling Slovensko","description":"\u0160koda We Love Cycling Slovensko je v\u00e1\u0161 ka\u017edodenn\u00fd zdroj noviniek a in\u0161pir\u00e1cie z sveta cyklistiky","potentialAction":[{"@type":"SearchAction","target":{"@type":"EntryPoint","urlTemplate":"https:\/\/www.welovecycling.com\/sk\/?s={search_term_string}"},"query-input":{"@type":"PropertyValueSpecification","valueRequired":true,"valueName":"search_term_string"}}],"inLanguage":"sk-SK"},{"@type":"Person","@id":"https:\/\/www.welovecycling.com\/sk\/#\/schema\/person\/c6ce5af9dceed219d84a07d2ffa2cad9","name":"miksakova","image":{"@type":"ImageObject","inLanguage":"sk-SK","@id":"https:\/\/www.welovecycling.com\/sk\/#\/schema\/person\/image\/","url":"https:\/\/secure.gravatar.com\/avatar\/3663fb8acb50de04150ea6f7afc1bc15aba80aad4bf92aee01bd38a79084eb7a?s=96&d=mm&r=g","contentUrl":"https:\/\/secure.gravatar.com\/avatar\/3663fb8acb50de04150ea6f7afc1bc15aba80aad4bf92aee01bd38a79084eb7a?s=96&d=mm&r=g","caption":"miksakova"},"url":"https:\/\/www.welovecycling.com\/sk\/author\/miksakova\/"}]}},"_links":{"self":[{"href":"https:\/\/www.welovecycling.com\/sk\/wp-json\/wp\/v2\/posts\/14893","targetHints":{"allow":["GET"]}}],"collection":[{"href":"https:\/\/www.welovecycling.com\/sk\/wp-json\/wp\/v2\/posts"}],"about":[{"href":"https:\/\/www.welovecycling.com\/sk\/wp-json\/wp\/v2\/types\/post"}],"author":[{"embeddable":true,"href":"https:\/\/www.welovecycling.com\/sk\/wp-json\/wp\/v2\/users\/170"}],"replies":[{"embeddable":true,"href":"https:\/\/www.welovecycling.com\/sk\/wp-json\/wp\/v2\/comments?post=14893"}],"version-history":[{"count":2,"href":"https:\/\/www.welovecycling.com\/sk\/wp-json\/wp\/v2\/posts\/14893\/revisions"}],"predecessor-version":[{"id":14926,"href":"https:\/\/www.welovecycling.com\/sk\/wp-json\/wp\/v2\/posts\/14893\/revisions\/14926"}],"wp:featuredmedia":[{"embeddable":true,"href":"https:\/\/www.welovecycling.com\/sk\/wp-json\/wp\/v2\/media\/14895"}],"wp:attachment":[{"href":"https:\/\/www.welovecycling.com\/sk\/wp-json\/wp\/v2\/media?parent=14893"}],"wp:term":[{"taxonomy":"category","embeddable":true,"href":"https:\/\/www.welovecycling.com\/sk\/wp-json\/wp\/v2\/categories?post=14893"},{"taxonomy":"post_tag","embeddable":true,"href":"https:\/\/www.welovecycling.com\/sk\/wp-json\/wp\/v2\/tags?post=14893"},{"taxonomy":"global-categories","embeddable":true,"href":"https:\/\/www.welovecycling.com\/sk\/wp-json\/wp\/v2\/global-categories?post=14893"}],"curies":[{"name":"wp","href":"https:\/\/api.w.org\/{rel}","templated":true}]}}