{"id":14875,"date":"2022-07-13T09:45:43","date_gmt":"2022-07-13T07:45:43","guid":{"rendered":"https:\/\/www.welovecycling.com\/sk\/?p=14875"},"modified":"2022-09-29T12:57:56","modified_gmt":"2022-09-29T10:57:56","slug":"prva-polovica-tour-de-france-za-nami-ake-pady-a-radosti-priniesla","status":"publish","type":"post","link":"https:\/\/www.welovecycling.com\/sk\/2022\/07\/13\/prva-polovica-tour-de-france-za-nami-ake-pady-a-radosti-priniesla\/","title":{"rendered":"Prv\u00e1 polovica Tour de France za nami &#8211; ak\u00e9 p\u00e1dy a radosti priniesla?"},"content":{"rendered":"<p><strong>Stihli sme sotva p\u00e1rkr\u00e1t \u017emurkn\u00fa\u0165 a Star\u00e1 d\u00e1ma sa onedlho prehupne do druhej, alpskej, no najm\u00e4 n\u00e1ro\u010dnej\u0161ej polovice. \u010co n\u00e1m v\u0161ak napovedal prv\u00fd t\u00fd\u017ede\u0148 pretekov?<\/strong><!--more--><\/p>\n<h2><strong>Nezastavite\u013en\u00e1 ma\u0161ina menom Wout van Aert<\/strong><\/h2>\n<p>\u010ci u\u017e ste, alebo nie ste fan\u00fa\u0161ikmi tohto belgick\u00e9ho superdomestika, v\u0161eobecne treba uzna\u0165, \u017ee to, \u010do Wout predv\u00e1dza na tejto Tour de France, je skuto\u010dne obdivuhodn\u00e9. Dlho to vyzeralo, \u017ee sa u\u017e v \u00favodnej d\u00e1nskej \u010dasovke ujme \u017elt\u00e9ho dresu. No napokon mu ho \u201evyf\u00fakol\u201c Yves Lampaert, jazdiaci v o nie\u010do lep\u0161\u00edch podmienkach. Jazdec t\u00edmu Jumbo-Visma skon\u010dil na druhom mieste aj v druhej a tretej etape. V\u00ed\u0165azstva sa do\u010dkal a\u017e v \u0161tvrtej etape, <strong>po fenomen\u00e1lnom, doslova front\u00e1lnom \u00fatoku t\u00edmu a n\u00e1slednom 10-kilometrovom \u00faniku.<\/strong><\/p>\n<p>https:\/\/www.instagram.com\/p\/Cfo9RdCDzO7\/<br \/>\nOkrem toho si st\u00edhal plni\u0165 aj t\u00edmov\u00e9 \u00falohy a najm\u00e4 si akt\u00edvne naskakoval aj do \u00fanikov. Preto sa d\u00e1 poveda\u0165, \u017ee ak sa ni\u010d v\u00e1\u017ene nestane, o dr\u017eite\u013eovi zelen\u00e9ho dresu je tento rok rozhodnut\u00e9, nako\u013eko m\u00e1 pred druh\u00fdm Jakobsenom u\u017e priepastn\u00fd n\u00e1skok.<\/p>\n<p>https:\/\/www.instagram.com\/p\/CfzV4vSlv0T\/<\/p>\n<h2><strong>Sladko-trpk\u00e9 pocity z Jumba<\/strong><\/h2>\n<p>Okrem van Aerta sa zatia\u013e dar\u00ed aj Jonasovi Vingegaardovi. Ten na Planine kr\u00e1snych diev\u010dat uk\u00e1zal skvel\u00e9 nohy, pri\u010dom sa u\u017e-u\u017e zdalo, \u017ee etapu vyhr\u00e1. Napokon ho tesne pred p\u00e1skou predbehol Tadej Poga\u010dar. <strong>Vingegaard v\u0161ak st\u00e1le \u017eiv\u00ed n\u00e1deje t\u00edmu na celkov\u00e9 poradie, ke\u010f\u017ee v chaotickej etape na kock\u00e1ch sa v Jumbe \u201edovrzalo\u201c, \u010do sa len dalo<\/strong>. Primo\u017e Rogli\u010d spadol, vyk\u013abil si rameno a v bolestiach pri\u0161iel do cie\u013ea so zhruba dvojmin\u00fatovou stratou. T\u00fdm bol Jonas po roku postaven\u00fd do role l\u00eddra t\u00edmu a ost\u00e1va n\u00e1m te\u0161i\u0165 sa na kr\u00e1sne s\u00faboje, ke\u010f\u017ee Vingegaard je zd\u00e1 sa jedin\u00fd, kto sa dok\u00e1\u017ee postavi\u0165 slovinsk\u00e9mu megatalentu.<\/p>\n<p>https:\/\/www.instagram.com\/p\/CfwlXzVDLLu\/<\/p>\n<h2><strong>Tri \u017elt\u00e9 dresy za sebou?<\/strong><\/h2>\n<p>Zatia\u013e tomu v\u0161etko nasved\u010duje. Tadej Poga\u010dar zatia\u013e nemal slab\u00fa chv\u00ed\u013eku, no ako sa hovor\u00ed, do Par\u00ed\u017ea je e\u0161te \u010faleko. Za zmienku v\u0161ak op\u00e4\u0165 stoj\u00ed najm\u00e4 etapa na kock\u00e1ch, pri ktorej stratili h\u00e1dam v\u0161etci GC l\u00eddri, pr\u00e1ve s v\u00fdnimkou Poga\u010dara. <strong>Ten stihol zachyti\u0165 Stuyvenov n\u00e1stup a chv\u00ed\u013eu to vyzeralo, \u017ee dok\u00e1\u017ee zabojova\u0165 o v\u00ed\u0165azstvo.<\/strong> Napokon sa tak nestalo, no treba uzna\u0165 Tadejove kvality a najm\u00e4 jeho v\u0161estrannos\u0165, ke\u010f\u017ee s klasikami typu Par\u00ed\u017e-Roubaix doteraz sk\u00fasenos\u0165 nemal, no zvl\u00e1dol to na v\u00fdborn\u00fa. N\u00e1sledne vyhral etapu, \u010fal\u0161ie v\u00ed\u0165azstvo pridal na u\u017e zmienenej Planine kr\u00e1snych diev\u010dat a m\u00e1 vykro\u010den\u00e9 k \u010fal\u0161iemu ve\u013ek\u00e9mu kari\u00e9rnemu \u00faspechu.<\/p>\n<p>https:\/\/www.instagram.com\/p\/Cft0Gj-KVmy\/<br \/>\n<div class=\"shortcode-ys-post-pinup\"><article class=\"loop-simple post-12296 post type-post status-publish format-standard has-post-thumbnail hentry category-cestna-cyklisitika category-grand-tour category-tour-de-france tag-mark-cavendish tag-tadej-pogacar tag-tour-de-france tag-tour-de-france-2021 tag-zeleny-dres tag-zlty-dres\" data-postid=\"12296\" role=\"article\" data-post-id=\"12296\" data-word-count=\"218\" data-headline-length=\"47\" data-category=\"Tour de France\" data-author=\"We Love Cycling\" data-published=\"2021-07-19T12:06:56+02:00\" data-published-day=\"Monday\">\n    <div class=\"entry-thumbnail article-thumbnail\" content=\"https:\/\/d2p6e6u75xmxt8.cloudfront.net\/4\/2021\/07\/Tadej-Pogacar-CVR-profimedia-0622112341-150x150.webp\"><a href=\"https:\/\/www.welovecycling.com\/sk\/2021\/07\/19\/tadej-pogacar-vitazi-na-tour\/\" class=\"image-holder\" target=\"_self\"><img decoding=\"async\" loading=\"lazy\" class=\"\" src=\"https:\/\/d2p6e6u75xmxt8.cloudfront.net\/4\/2021\/07\/Tadej-Pogacar-CVR-profimedia-0622112341-1024x450.webp\" srcset=\"https:\/\/d2p6e6u75xmxt8.cloudfront.net\/4\/2021\/07\/Tadej-Pogacar-CVR-profimedia-0622112341.webp 1366w, https:\/\/d2p6e6u75xmxt8.cloudfront.net\/4\/2021\/07\/Tadej-Pogacar-CVR-profimedia-0622112341-300x132.webp 300w, https:\/\/d2p6e6u75xmxt8.cloudfront.net\/4\/2021\/07\/Tadej-Pogacar-CVR-profimedia-0622112341-1024x450.webp 1024w, https:\/\/d2p6e6u75xmxt8.cloudfront.net\/4\/2021\/07\/Tadej-Pogacar-CVR-profimedia-0622112341-768x337.webp 768w\" width=\"1024\" height=\"450\" sizes=\"auto, (min-width: 1200px) 456px, (min-width: 768px) 38vw, 100vw\" alt=\"tadej-pogacar-vitazi-na-tour\"\/><\/a><\/div>    <div class=\"entry-meta\">\n        <a class=\"label label-secondary post-category\" href=\"https:\/\/www.welovecycling.com\/sk\/category\/grand-tour\/tour-de-france\/\" title=\"Tour de France\">Tour de France<\/a>\n    <\/div>\n    <div class=\"entry-details\">\n        <a href=\"https:\/\/www.welovecycling.com\/sk\/2021\/07\/19\/tadej-pogacar-vitazi-na-tour\/\" class='entry-title-wrapper'>\n            <h3 class=\"entry-title\"><span>Tadej Poga\u010dar v\u00ed\u0165az\u00ed na Tour de France 2021<\/span><\/h3>\n        <\/a>\n    <\/div>\n    <\/article>\n<\/div><\/p>\n<h2><strong>N\u00e1vraty, ktor\u00e9 stoja za zmienku<\/strong><\/h2>\n<p>Prv\u00fdm \u201enavr\u00e1tilcom\u201c je Fabio Jakobsen. Po hr\u00f4zostra\u0161nom p\u00e1de na pretekoch Okolo Po\u013eska v roku 2020 ho museli nieko\u013eko min\u00fat o\u017eivova\u0165, mal vybit\u00e9 takmer v\u0161etky zuby, museli mu do tv\u00e1re transplantova\u0165 k\u00fasok panvy a chirurgick\u00fd z\u00e1krok si vy\u017eiadal okolo 130 stehov. <strong>Nebolo jasn\u00e9, \u010di sa v\u00f4bec e\u0161te niekedy posad\u00ed na bicykel a zrazu je tu druh\u00e1 etapa Tour de France 2022 a Fabio Jakobsen v \u0161printe por\u00e1\u017ea konkurenciu a sl\u00e1vi v\u00ed\u0165azstvo.<\/strong><\/p>\n<p>https:\/\/www.instagram.com\/p\/CfhCB9oK_8x\/<br \/>\nDruh\u00fdm pekn\u00fdm pr\u00edbehom je Bob Jungels. Po odchode z QuickStepu boli jeho v\u00fdkony sk\u00f4r nen\u00e1padne, navy\u0161e musel pred p\u00e1r rokmi absolvova\u0165 oper\u00e1ciu tepny, ktorej hrozilo upchatie. Minul\u00fa sez\u00f3nu bol prakticky nevidite\u013en\u00fd, no na tohoro\u010dnej Tour de France si naskakuje v 9. etape do \u00faniku, pri\u010dom \u00fato\u010d\u00ed z \u00favodnej skupinky 60 kilometrov pred cie\u013eom a hoci v poslednom st\u00fapan\u00ed nastupuje Thibaut Pinot a za\u010d\u00edna ho s\u0165ahova\u0165, <strong>Jungelsovi sa dar\u00ed udr\u017ea\u0165 nieko\u013ekosekundov\u00fd n\u00e1skok a napokon v\u00ed\u0165az\u00ed<\/strong>.<\/p>\n<p>https:\/\/www.instagram.com\/p\/Cf2DYeWoB8B\/<br \/>\nKe\u010f si to cel\u00e9 zosumarizujeme, \u017elt\u00fd a biely dres moment\u00e1lne patr\u00ed Tadejovi Poga\u010darovi, zelen\u00fd Woutovi van Aertovi a bodkovan\u00fd Simonovi Geschkemu. <strong>Moment\u00e1lne n\u00e1m ost\u00e1va veri\u0165, \u017ee Covid nenarob\u00ed v pelot\u00f3ne \u201epaseku\u201c a my si budeme m\u00f4c\u0165 u\u017ei\u0165 alpsk\u00e9 a nesk\u00f4r aj pyrenejsk\u00e9 s\u00faboje medzi t\u00fdmi najlep\u0161\u00edmi z najlep\u0161\u00edch.<\/strong><\/p>\n<p>Tituln\u00e1 fotografia: Martin Domok\/sport24.sk<br \/>\nZa \u00fapravu \u010dl\u00e1nku \u010fakujeme agent\u00fare <a href=\"https:\/\/hausarbeit-schreiben.com\/seminararbeit-schreiben-lassen\/\"rel=\"dofollow\">Seminararbeit schreiben lassen<\/a>. <\/p>\n","protected":false},"excerpt":{"rendered":"<p>Stihli sme sotva p\u00e1rkr\u00e1t \u017emurkn\u00fa\u0165 a Star\u00e1 d\u00e1ma sa onedlho prehupne do druhej, alpskej, no najm\u00e4 n\u00e1ro\u010dnej\u0161ej polovice. \u010co n\u00e1m [&hellip;]<\/p>\n","protected":false},"author":170,"featured_media":14889,"comment_status":"open","ping_status":"open","sticky":false,"template":"","format":"standard","meta":{"footnotes":""},"categories":[63,117],"tags":[1521,175,115,331,1520,306,600,1404,46,179,885,1411,1252,1258,177,556,20,1410,907,156,174],"global-categories":[1074],"class_list":["post-14875","post","type-post","status-publish","format-standard","has-post-thumbnail","hentry","category-grand-tour","category-tour-de-france","tag-bob-jungels","tag-bodkovany-dres","tag-cestna-cyklistika","tag-etapove-preteky","tag-fabio-jakobsen","tag-francuzsko","tag-muzi","tag-pariz","tag-peter-sagan","tag-preteky","tag-profesional","tag-sezona-2022","tag-stara-dama","tag-tadej-pogacar","tag-taktika-timu","tag-tim","tag-tour-de-france","tag-tour-de-france-2022","tag-wout-van-aert","tag-zeleny-dres","tag-zlty-dres","global-categories-cycling"],"yoast_head":"<!-- This site is optimized with the Yoast SEO Premium plugin v25.3 (Yoast SEO v25.9) - https:\/\/yoast.com\/wordpress\/plugins\/seo\/ -->\n<title>Prv\u00e1 polovica Tour de France za nami - ak\u00e9 p\u00e1dy a radosti priniesla? - \u0160koda We Love Cycling Slovensko<\/title>\n<meta name=\"description\" content=\"Stihli sme sotva p\u00e1rkr\u00e1t \u017emurkn\u00fa\u0165 a Tour de France sa prehupne do druhej, n\u00e1ro\u010dnej\u0161ej polovice. \u010co n\u00e1m napovedal prv\u00fd t\u00fd\u017ede\u0148 pretekov?\" \/>\n<meta name=\"robots\" content=\"index, follow, max-snippet:-1, max-image-preview:large, max-video-preview:-1\" \/>\n<link rel=\"canonical\" href=\"https:\/\/www.welovecycling.com\/sk\/2022\/07\/13\/prva-polovica-tour-de-france-za-nami-ake-pady-a-radosti-priniesla\/\" \/>\n<meta property=\"og:locale\" content=\"sk_SK\" \/>\n<meta property=\"og:type\" content=\"article\" \/>\n<meta property=\"og:title\" content=\"Prv\u00e1 polovica Tour de France za nami - ak\u00e9 p\u00e1dy a radosti priniesla?\" \/>\n<meta property=\"og:description\" content=\"Stihli sme sotva p\u00e1rkr\u00e1t \u017emurkn\u00fa\u0165 a Tour de France sa prehupne do druhej, n\u00e1ro\u010dnej\u0161ej polovice. \u010co n\u00e1m napovedal prv\u00fd t\u00fd\u017ede\u0148 pretekov?\" \/>\n<meta property=\"og:url\" content=\"https:\/\/www.welovecycling.com\/sk\/2022\/07\/13\/prva-polovica-tour-de-france-za-nami-ake-pady-a-radosti-priniesla\/\" \/>\n<meta property=\"og:site_name\" content=\"\u0160koda We Love Cycling Slovensko\" \/>\n<meta property=\"article:published_time\" content=\"2022-07-13T07:45:43+00:00\" \/>\n<meta property=\"article:modified_time\" content=\"2022-09-29T10:57:56+00:00\" \/>\n<meta property=\"og:image\" content=\"https:\/\/d2p6e6u75xmxt8.cloudfront.net\/4\/2022\/07\/MD_DEN_20220703_tdf03_ciel_sonderborg_0004_H.JPG.webp\" \/>\n\t<meta property=\"og:image:width\" content=\"990\" \/>\n\t<meta property=\"og:image:height\" content=\"660\" \/>\n\t<meta property=\"og:image:type\" content=\"image\/webp\" \/>\n<meta name=\"author\" content=\"miksakova\" \/>\n<meta name=\"twitter:card\" content=\"summary_large_image\" \/>\n<meta name=\"twitter:label1\" content=\"Written by\" \/>\n\t<meta name=\"twitter:data1\" content=\"We Love Cycling\" \/>\n\t<meta name=\"twitter:label2\" content=\"Est. reading time\" \/>\n\t<meta name=\"twitter:data2\" content=\"3\" \/>\n<script type=\"application\/ld+json\" class=\"yoast-schema-graph\">{\"@context\":\"https:\/\/schema.org\",\"@graph\":[{\"@type\":\"WebPage\",\"@id\":\"https:\/\/www.welovecycling.com\/sk\/2022\/07\/13\/prva-polovica-tour-de-france-za-nami-ake-pady-a-radosti-priniesla\/\",\"url\":\"https:\/\/www.welovecycling.com\/sk\/2022\/07\/13\/prva-polovica-tour-de-france-za-nami-ake-pady-a-radosti-priniesla\/\",\"name\":\"Prv\u00e1 polovica Tour de France za nami - ak\u00e9 p\u00e1dy a radosti priniesla? - \u0160koda We Love Cycling Slovensko\",\"isPartOf\":{\"@id\":\"https:\/\/www.welovecycling.com\/sk\/#website\"},\"primaryImageOfPage\":{\"@id\":\"https:\/\/www.welovecycling.com\/sk\/2022\/07\/13\/prva-polovica-tour-de-france-za-nami-ake-pady-a-radosti-priniesla\/#primaryimage\"},\"image\":{\"@id\":\"https:\/\/www.welovecycling.com\/sk\/2022\/07\/13\/prva-polovica-tour-de-france-za-nami-ake-pady-a-radosti-priniesla\/#primaryimage\"},\"thumbnailUrl\":\"https:\/\/d2p6e6u75xmxt8.cloudfront.net\/4\/2022\/07\/MD_DEN_20220703_tdf03_ciel_sonderborg_0004_H.JPG.webp\",\"datePublished\":\"2022-07-13T07:45:43+00:00\",\"dateModified\":\"2022-09-29T10:57:56+00:00\",\"author\":{\"@id\":\"https:\/\/www.welovecycling.com\/sk\/#\/schema\/person\/c6ce5af9dceed219d84a07d2ffa2cad9\"},\"description\":\"Stihli sme sotva p\u00e1rkr\u00e1t \u017emurkn\u00fa\u0165 a Tour de France sa prehupne do druhej, n\u00e1ro\u010dnej\u0161ej polovice. \u010co n\u00e1m napovedal prv\u00fd t\u00fd\u017ede\u0148 pretekov?\",\"breadcrumb\":{\"@id\":\"https:\/\/www.welovecycling.com\/sk\/2022\/07\/13\/prva-polovica-tour-de-france-za-nami-ake-pady-a-radosti-priniesla\/#breadcrumb\"},\"inLanguage\":\"sk-SK\",\"potentialAction\":[{\"@type\":\"ReadAction\",\"target\":[\"https:\/\/www.welovecycling.com\/sk\/2022\/07\/13\/prva-polovica-tour-de-france-za-nami-ake-pady-a-radosti-priniesla\/\"]}]},{\"@type\":\"ImageObject\",\"inLanguage\":\"sk-SK\",\"@id\":\"https:\/\/www.welovecycling.com\/sk\/2022\/07\/13\/prva-polovica-tour-de-france-za-nami-ake-pady-a-radosti-priniesla\/#primaryimage\",\"url\":\"https:\/\/d2p6e6u75xmxt8.cloudfront.net\/4\/2022\/07\/MD_DEN_20220703_tdf03_ciel_sonderborg_0004_H.JPG.webp\",\"contentUrl\":\"https:\/\/d2p6e6u75xmxt8.cloudfront.net\/4\/2022\/07\/MD_DEN_20220703_tdf03_ciel_sonderborg_0004_H.JPG.webp\",\"width\":990,\"height\":660},{\"@type\":\"BreadcrumbList\",\"@id\":\"https:\/\/www.welovecycling.com\/sk\/2022\/07\/13\/prva-polovica-tour-de-france-za-nami-ake-pady-a-radosti-priniesla\/#breadcrumb\",\"itemListElement\":[{\"@type\":\"ListItem\",\"position\":1,\"name\":\"Home\",\"item\":\"https:\/\/www.welovecycling.com\/sk\/\"},{\"@type\":\"ListItem\",\"position\":2,\"name\":\"Prv\u00e1 polovica Tour de France za nami &#8211; ak\u00e9 p\u00e1dy a radosti priniesla?\"}]},{\"@type\":\"WebSite\",\"@id\":\"https:\/\/www.welovecycling.com\/sk\/#website\",\"url\":\"https:\/\/www.welovecycling.com\/sk\/\",\"name\":\"\u0160koda We Love Cycling Slovensko\",\"description\":\"\u0160koda We Love Cycling Slovensko je v\u00e1\u0161 ka\u017edodenn\u00fd zdroj noviniek a in\u0161pir\u00e1cie z sveta cyklistiky\",\"potentialAction\":[{\"@type\":\"SearchAction\",\"target\":{\"@type\":\"EntryPoint\",\"urlTemplate\":\"https:\/\/www.welovecycling.com\/sk\/?s={search_term_string}\"},\"query-input\":{\"@type\":\"PropertyValueSpecification\",\"valueRequired\":true,\"valueName\":\"search_term_string\"}}],\"inLanguage\":\"sk-SK\"},{\"@type\":\"Person\",\"@id\":\"https:\/\/www.welovecycling.com\/sk\/#\/schema\/person\/c6ce5af9dceed219d84a07d2ffa2cad9\",\"name\":\"miksakova\",\"image\":{\"@type\":\"ImageObject\",\"inLanguage\":\"sk-SK\",\"@id\":\"https:\/\/www.welovecycling.com\/sk\/#\/schema\/person\/image\/\",\"url\":\"https:\/\/secure.gravatar.com\/avatar\/3663fb8acb50de04150ea6f7afc1bc15aba80aad4bf92aee01bd38a79084eb7a?s=96&d=mm&r=g\",\"contentUrl\":\"https:\/\/secure.gravatar.com\/avatar\/3663fb8acb50de04150ea6f7afc1bc15aba80aad4bf92aee01bd38a79084eb7a?s=96&d=mm&r=g\",\"caption\":\"miksakova\"},\"url\":\"https:\/\/www.welovecycling.com\/sk\/author\/miksakova\/\"}]}<\/script>\n<!-- \/ Yoast SEO Premium plugin. -->","yoast_head_json":{"title":"Prv\u00e1 polovica Tour de France za nami - ak\u00e9 p\u00e1dy a radosti priniesla? - \u0160koda We Love Cycling Slovensko","description":"Stihli sme sotva p\u00e1rkr\u00e1t \u017emurkn\u00fa\u0165 a Tour de France sa prehupne do druhej, n\u00e1ro\u010dnej\u0161ej polovice. \u010co n\u00e1m napovedal prv\u00fd t\u00fd\u017ede\u0148 pretekov?","robots":{"index":"index","follow":"follow","max-snippet":"max-snippet:-1","max-image-preview":"max-image-preview:large","max-video-preview":"max-video-preview:-1"},"canonical":"https:\/\/www.welovecycling.com\/sk\/2022\/07\/13\/prva-polovica-tour-de-france-za-nami-ake-pady-a-radosti-priniesla\/","og_locale":"sk_SK","og_type":"article","og_title":"Prv\u00e1 polovica Tour de France za nami - ak\u00e9 p\u00e1dy a radosti priniesla?","og_description":"Stihli sme sotva p\u00e1rkr\u00e1t \u017emurkn\u00fa\u0165 a Tour de France sa prehupne do druhej, n\u00e1ro\u010dnej\u0161ej polovice. \u010co n\u00e1m napovedal prv\u00fd t\u00fd\u017ede\u0148 pretekov?","og_url":"https:\/\/www.welovecycling.com\/sk\/2022\/07\/13\/prva-polovica-tour-de-france-za-nami-ake-pady-a-radosti-priniesla\/","og_site_name":"\u0160koda We Love Cycling Slovensko","article_published_time":"2022-07-13T07:45:43+00:00","article_modified_time":"2022-09-29T10:57:56+00:00","og_image":[{"width":990,"height":660,"url":"https:\/\/d2p6e6u75xmxt8.cloudfront.net\/4\/2022\/07\/MD_DEN_20220703_tdf03_ciel_sonderborg_0004_H.JPG.webp","type":"image\/webp"}],"author":"miksakova","twitter_card":"summary_large_image","twitter_misc":{"Written by":"We Love Cycling","Est. reading time":"3"},"schema":{"@context":"https:\/\/schema.org","@graph":[{"@type":"WebPage","@id":"https:\/\/www.welovecycling.com\/sk\/2022\/07\/13\/prva-polovica-tour-de-france-za-nami-ake-pady-a-radosti-priniesla\/","url":"https:\/\/www.welovecycling.com\/sk\/2022\/07\/13\/prva-polovica-tour-de-france-za-nami-ake-pady-a-radosti-priniesla\/","name":"Prv\u00e1 polovica Tour de France za nami - ak\u00e9 p\u00e1dy a radosti priniesla? - \u0160koda We Love Cycling Slovensko","isPartOf":{"@id":"https:\/\/www.welovecycling.com\/sk\/#website"},"primaryImageOfPage":{"@id":"https:\/\/www.welovecycling.com\/sk\/2022\/07\/13\/prva-polovica-tour-de-france-za-nami-ake-pady-a-radosti-priniesla\/#primaryimage"},"image":{"@id":"https:\/\/www.welovecycling.com\/sk\/2022\/07\/13\/prva-polovica-tour-de-france-za-nami-ake-pady-a-radosti-priniesla\/#primaryimage"},"thumbnailUrl":"https:\/\/d2p6e6u75xmxt8.cloudfront.net\/4\/2022\/07\/MD_DEN_20220703_tdf03_ciel_sonderborg_0004_H.JPG.webp","datePublished":"2022-07-13T07:45:43+00:00","dateModified":"2022-09-29T10:57:56+00:00","author":{"@id":"https:\/\/www.welovecycling.com\/sk\/#\/schema\/person\/c6ce5af9dceed219d84a07d2ffa2cad9"},"description":"Stihli sme sotva p\u00e1rkr\u00e1t \u017emurkn\u00fa\u0165 a Tour de France sa prehupne do druhej, n\u00e1ro\u010dnej\u0161ej polovice. \u010co n\u00e1m napovedal prv\u00fd t\u00fd\u017ede\u0148 pretekov?","breadcrumb":{"@id":"https:\/\/www.welovecycling.com\/sk\/2022\/07\/13\/prva-polovica-tour-de-france-za-nami-ake-pady-a-radosti-priniesla\/#breadcrumb"},"inLanguage":"sk-SK","potentialAction":[{"@type":"ReadAction","target":["https:\/\/www.welovecycling.com\/sk\/2022\/07\/13\/prva-polovica-tour-de-france-za-nami-ake-pady-a-radosti-priniesla\/"]}]},{"@type":"ImageObject","inLanguage":"sk-SK","@id":"https:\/\/www.welovecycling.com\/sk\/2022\/07\/13\/prva-polovica-tour-de-france-za-nami-ake-pady-a-radosti-priniesla\/#primaryimage","url":"https:\/\/d2p6e6u75xmxt8.cloudfront.net\/4\/2022\/07\/MD_DEN_20220703_tdf03_ciel_sonderborg_0004_H.JPG.webp","contentUrl":"https:\/\/d2p6e6u75xmxt8.cloudfront.net\/4\/2022\/07\/MD_DEN_20220703_tdf03_ciel_sonderborg_0004_H.JPG.webp","width":990,"height":660},{"@type":"BreadcrumbList","@id":"https:\/\/www.welovecycling.com\/sk\/2022\/07\/13\/prva-polovica-tour-de-france-za-nami-ake-pady-a-radosti-priniesla\/#breadcrumb","itemListElement":[{"@type":"ListItem","position":1,"name":"Home","item":"https:\/\/www.welovecycling.com\/sk\/"},{"@type":"ListItem","position":2,"name":"Prv\u00e1 polovica Tour de France za nami &#8211; ak\u00e9 p\u00e1dy a radosti priniesla?"}]},{"@type":"WebSite","@id":"https:\/\/www.welovecycling.com\/sk\/#website","url":"https:\/\/www.welovecycling.com\/sk\/","name":"\u0160koda We Love Cycling Slovensko","description":"\u0160koda We Love Cycling Slovensko je v\u00e1\u0161 ka\u017edodenn\u00fd zdroj noviniek a in\u0161pir\u00e1cie z sveta cyklistiky","potentialAction":[{"@type":"SearchAction","target":{"@type":"EntryPoint","urlTemplate":"https:\/\/www.welovecycling.com\/sk\/?s={search_term_string}"},"query-input":{"@type":"PropertyValueSpecification","valueRequired":true,"valueName":"search_term_string"}}],"inLanguage":"sk-SK"},{"@type":"Person","@id":"https:\/\/www.welovecycling.com\/sk\/#\/schema\/person\/c6ce5af9dceed219d84a07d2ffa2cad9","name":"miksakova","image":{"@type":"ImageObject","inLanguage":"sk-SK","@id":"https:\/\/www.welovecycling.com\/sk\/#\/schema\/person\/image\/","url":"https:\/\/secure.gravatar.com\/avatar\/3663fb8acb50de04150ea6f7afc1bc15aba80aad4bf92aee01bd38a79084eb7a?s=96&d=mm&r=g","contentUrl":"https:\/\/secure.gravatar.com\/avatar\/3663fb8acb50de04150ea6f7afc1bc15aba80aad4bf92aee01bd38a79084eb7a?s=96&d=mm&r=g","caption":"miksakova"},"url":"https:\/\/www.welovecycling.com\/sk\/author\/miksakova\/"}]}},"_links":{"self":[{"href":"https:\/\/www.welovecycling.com\/sk\/wp-json\/wp\/v2\/posts\/14875","targetHints":{"allow":["GET"]}}],"collection":[{"href":"https:\/\/www.welovecycling.com\/sk\/wp-json\/wp\/v2\/posts"}],"about":[{"href":"https:\/\/www.welovecycling.com\/sk\/wp-json\/wp\/v2\/types\/post"}],"author":[{"embeddable":true,"href":"https:\/\/www.welovecycling.com\/sk\/wp-json\/wp\/v2\/users\/170"}],"replies":[{"embeddable":true,"href":"https:\/\/www.welovecycling.com\/sk\/wp-json\/wp\/v2\/comments?post=14875"}],"version-history":[{"count":2,"href":"https:\/\/www.welovecycling.com\/sk\/wp-json\/wp\/v2\/posts\/14875\/revisions"}],"predecessor-version":[{"id":15400,"href":"https:\/\/www.welovecycling.com\/sk\/wp-json\/wp\/v2\/posts\/14875\/revisions\/15400"}],"wp:featuredmedia":[{"embeddable":true,"href":"https:\/\/www.welovecycling.com\/sk\/wp-json\/wp\/v2\/media\/14889"}],"wp:attachment":[{"href":"https:\/\/www.welovecycling.com\/sk\/wp-json\/wp\/v2\/media?parent=14875"}],"wp:term":[{"taxonomy":"category","embeddable":true,"href":"https:\/\/www.welovecycling.com\/sk\/wp-json\/wp\/v2\/categories?post=14875"},{"taxonomy":"post_tag","embeddable":true,"href":"https:\/\/www.welovecycling.com\/sk\/wp-json\/wp\/v2\/tags?post=14875"},{"taxonomy":"global-categories","embeddable":true,"href":"https:\/\/www.welovecycling.com\/sk\/wp-json\/wp\/v2\/global-categories?post=14875"}],"curies":[{"name":"wp","href":"https:\/\/api.w.org\/{rel}","templated":true}]}}