{"id":14858,"date":"2022-07-15T10:00:18","date_gmt":"2022-07-15T08:00:18","guid":{"rendered":"https:\/\/www.welovecycling.com\/sk\/?p=14858"},"modified":"2023-04-13T11:35:29","modified_gmt":"2023-04-13T09:35:29","slug":"pozvanka-letape-2022-na-slovensku-zazitok-z-jazdy-v-pelotone-ako-na-tour-de-france","status":"publish","type":"post","link":"https:\/\/www.welovecycling.com\/sk\/2022\/07\/15\/pozvanka-letape-2022-na-slovensku-zazitok-z-jazdy-v-pelotone-ako-na-tour-de-france\/","title":{"rendered":"Pozv\u00e1nka: L\u2019Etape 2022 na Slovensku \u2013 z\u00e1\u017eitok z jazdy v\u00a0pelot\u00f3ne ako na Tour de France"},"content":{"rendered":"<p><strong>Minul\u00fd rok sa na Slovensku konal prv\u00fd ro\u010dn\u00edk L\u2019Etape Slovakia by Tour de France, \u010do bol pre mnoh\u00fdch cyklistov splnen\u00fd sen. Najv\u00e4\u010d\u0161\u00edm podujat\u00edm vo svete cyklistiky je bezpochyby pr\u00e1ve prebiehaj\u00faca Tour de France a\u00a0v\u010faka L\u2019Etape si tieto preteky m\u00f4\u017eeme pribl\u00ed\u017ei\u0165 aj na na\u0161ich slovensk\u00fdch cest\u00e1ch.<\/strong><!--more--><\/p>\n<p><a href=\"https:\/\/d2p6e6u75xmxt8.cloudfront.net\/4\/2022\/07\/LEtape_01.jpeg\"><img loading=\"lazy\" decoding=\"async\" class=\"alignnone size-full wp-image-14866\" src=\"https:\/\/d2p6e6u75xmxt8.cloudfront.net\/4\/2022\/07\/LEtape_01.jpeg\" alt=\"\" width=\"990\" height=\"660\" \/><\/a><\/p>\n<p>Druh\u00fd ro\u010dn\u00edk sa uskuto\u010dn\u00ed v\u00a0nede\u013eu 21. augusta v\u00a0Bratislave. Trate zost\u00e1vaj\u00fa nezmenen\u00e9 a\u00a0podobne ako minul\u00fd rok, aj tentokr\u00e1t sa bude jazdi\u0165 preva\u017ene v\u00a0lesoch Mal\u00fdch Karp\u00e1t. <strong>K\u00a0dispoz\u00edcii bud\u00fa dve trate.<\/strong> Krat\u0161ia trasa ozna\u010den\u00e1 Ride m\u00e1 d\u013a\u017eku 65 kilometrov a\u00a0prev\u00fd\u0161enie 900 metrov. Pre t\u00fdch odv\u00e1\u017enej\u0161\u00edch je ur\u010den\u00e1 dlh\u0161ia trasa Race, ktor\u00e1 pon\u00faka 117 kilometrov a\u00a0prev\u00fd\u0161enie 1 700 metrov.<\/p>\n<p>Rovnako ako s\u00fa zn\u00e1me legend\u00e1rne kopce a\u00a0st\u00fapania na Tour de France, aj u\u00a0n\u00e1s sa dost\u00e1vaj\u00fa do povedomia st\u00fapania ako Strmina, Pezinsk\u00e1 Baba \u010di\u00a0Kamz\u00edk.<strong> A\u00a0pr\u00e1ve na Kamz\u00edku bude aj tento rok dojazd do cie\u013ea, kde v\u00e1s bude \u010daka\u0165 \u00fa\u010dastn\u00edcka medaila a\u00a0samozrejme ob\u010derstvenie.<\/strong><\/p>\n<p><a href=\"https:\/\/d2p6e6u75xmxt8.cloudfront.net\/4\/2022\/07\/LEtape_02.jpeg\"><img loading=\"lazy\" decoding=\"async\" class=\"alignnone size-full wp-image-14865\" src=\"https:\/\/d2p6e6u75xmxt8.cloudfront.net\/4\/2022\/07\/LEtape_02.jpeg\" alt=\"\" width=\"990\" height=\"660\" \/><\/a><\/p>\n<div class=\"shortcode-ys-post-pinup\"><article class=\"loop-simple post-12412 post type-post status-publish format-standard has-post-thumbnail hentry category-cestna-cyklisitika category-letape-slovakia tag-bratislava tag-cestna-cyklistika tag-etapove-preteky tag-letape-du-tour tag-letape-slovakia tag-letape-slovakia-by-tour-de-france tag-preteky tag-sezona-2021 tag-skoda tag-slovensko tag-vyziva global-categories-cycling\" data-postid=\"12412\" role=\"article\" data-post-id=\"12412\" data-word-count=\"581\" data-headline-length=\"44\" data-category=\"Cestn\u00e1 cyklistika\" data-global-category=\"Cycling\" data-author=\"WeLoveCycling\" data-published=\"2021-08-17T10:00:11+02:00\" data-published-day=\"Tuesday\">\n    <div class=\"entry-thumbnail article-thumbnail\" content=\"https:\/\/d2p6e6u75xmxt8.cloudfront.net\/4\/2021\/07\/Letape_strava_00-150x150.webp\"><a href=\"https:\/\/www.welovecycling.com\/sk\/2021\/08\/17\/co-jest-pocas-pretekov\/\" class=\"image-holder\" target=\"_self\"><img decoding=\"async\" loading=\"lazy\" class=\"\" src=\"https:\/\/d2p6e6u75xmxt8.cloudfront.net\/4\/2021\/07\/Letape_strava_00-1024x445.webp\" srcset=\"https:\/\/d2p6e6u75xmxt8.cloudfront.net\/4\/2021\/07\/Letape_strava_00.webp 1380w, https:\/\/d2p6e6u75xmxt8.cloudfront.net\/4\/2021\/07\/Letape_strava_00-300x130.webp 300w, https:\/\/d2p6e6u75xmxt8.cloudfront.net\/4\/2021\/07\/Letape_strava_00-1024x445.webp 1024w, https:\/\/d2p6e6u75xmxt8.cloudfront.net\/4\/2021\/07\/Letape_strava_00-768x334.webp 768w\" width=\"1024\" height=\"445\" sizes=\"auto, (min-width: 1200px) 460px, (min-width: 768px) 38vw, 100vw\" alt=\"co-jest-pocas-pretekov\"\/><\/a><\/div>    <div class=\"entry-meta\">\n        <a class=\"label label-secondary post-category\" href=\"https:\/\/www.welovecycling.com\/sk\/category\/cestna-cyklisitika\/\" title=\"Cestn\u00e1 cyklistika\">Cestn\u00e1 cyklistika<\/a>\n    <\/div>\n    <div class=\"entry-details\">\n        <a href=\"https:\/\/www.welovecycling.com\/sk\/2021\/08\/17\/co-jest-pocas-pretekov\/\" class='entry-title-wrapper'>\n            <h3 class=\"entry-title\"><span>\u010co jes\u0165 po\u010das pretekov L\u2019Etape Slovakia<\/span><\/h3>\n        <\/a>\n    <\/div>\n    <\/article>\n<\/div>\n<p>Ak sa chcete zapoji\u0165 do t\u00fdchto pretekov a\u00a0patr\u00edte k\u00a0hobby jazdcom, m\u00f4\u017eete vyu\u017ei\u0165 pr\u00edle\u017eitos\u0165, ktor\u00fa pr\u00e1ve pre v\u00e1s organiz\u00e1tori pripravili de\u0148 pred konan\u00edm hlavn\u00fdch pretekov. V\u00a0sobotu 20. augusta sa bude jazdi\u0165 Family trasa v\u00a0d\u013a\u017eke 20 kilometrov. Aj tu bude ur\u010dite panova\u0165 skvel\u00e1 atmosf\u00e9ra. Mimochodom, o\u00a0skvel\u00fa atmosf\u00e9ru n\u00fadza nebude, preto\u017ee na mieste \u0161tartu, na \u0160trkoveckom jazere v\u00a0Ru\u017einove,<strong> bude L\u2019Etape Village, ktor\u00e1 je zn\u00e1ma bohat\u00fdm sprievodn\u00fdm programom<\/strong>.<\/p>\n<lite-youtube videoid=ZJs904UpVLA params=\"enablejsapi=1\" style=\"background-image: url('https:\/\/i.ytimg.com\/vi_webp\/ZJs904UpVLA\/maxresdefault.webp');\"><\/lite-youtube>\n<p>Nezab\u00fadajte, \u017ee nie je d\u00f4le\u017eit\u00e9 vyhra\u0165, ale za\u017ei\u0165 super atmosf\u00e9ru. Mo\u017eno si ve\u013ea z v\u00e1s povie, \u017ee v\u00e1s cyklistick\u00e9 preteky v\u00f4bec nel\u00e1kaj\u00fa. \u017de sa chcete vozi\u0165 pre rados\u0165, neradi s\u00fa\u0165a\u017e\u00edte a \u017ee preteky v\u00f4bec nie s\u00fa pre v\u00e1s. Aj <a href=\"https:\/\/www.instagram.com\/bratislavske_bohyne\/\" target=\"_blank\" rel=\"noopener\">Bratislavsk\u00e9 Bohyne<\/a> v\u0161ak vedia, \u017ee preteky nie s\u00fa len o s\u00fa\u0165a\u017eivosti a v\u00ed\u0165azstv\u00e1ch. Ale aj o z\u00e1bave, skvelej atmosf\u00e9re, nov\u00fdch priate\u013estv\u00e1ch, prekonan\u00ed samej seba a najm\u00e4 \u2013 <strong>\u00fa\u017easn\u00e9ho pocitu, ke\u010f prejdete cie\u013eom<\/strong>. Preto <a href=\"https:\/\/www.instagram.com\/reel\/Cfw0QM0DrYC\/\" target=\"_blank\" rel=\"noopener\">poz\u00fdvaj\u00fa na t\u00fato jedine\u010dn\u00fa akciu v\u0161etky \u017eeny<\/a>, ktor\u00e9 miluj\u00fa cyklistiku!<\/p>\n<div class=\"shortcode-ys-post-pinup\"><article class=\"loop-simple post-12370 post type-post status-publish format-standard has-post-thumbnail hentry category-cestna-cyklisitika category-letape-slovakia tag-bratislava tag-cestna-cyklistika tag-etapove-preteky tag-jazda-v-pelotone tag-letape-slovakia tag-letape-slovakia-by-tour-de-france tag-peloton tag-preteky tag-skoda tag-skoda-tim tag-slovensko\" data-postid=\"12370\" role=\"article\" data-post-id=\"12370\" data-word-count=\"581\" data-headline-length=\"69\" data-category=\"Cestn\u00e1 cyklistika\" data-author=\"WeLoveCycling\" data-published=\"2021-08-11T10:00:42+02:00\" data-published-day=\"Wednesday\">\n    <div class=\"entry-thumbnail article-thumbnail\" content=\"https:\/\/d2p6e6u75xmxt8.cloudfront.net\/4\/2021\/08\/Letape_00-150x150.webp\"><a href=\"https:\/\/www.welovecycling.com\/sk\/2021\/08\/11\/letape-je-uz-za-dverami-na-co-si-dat-pozor-v-pelotone\/\" class=\"image-holder\" target=\"_self\"><img decoding=\"async\" loading=\"lazy\" class=\"\" src=\"https:\/\/d2p6e6u75xmxt8.cloudfront.net\/4\/2021\/08\/Letape_00-1024x445.webp\" srcset=\"https:\/\/d2p6e6u75xmxt8.cloudfront.net\/4\/2021\/08\/Letape_00.webp 1380w, https:\/\/d2p6e6u75xmxt8.cloudfront.net\/4\/2021\/08\/Letape_00-300x130.webp 300w, https:\/\/d2p6e6u75xmxt8.cloudfront.net\/4\/2021\/08\/Letape_00-1024x445.webp 1024w, https:\/\/d2p6e6u75xmxt8.cloudfront.net\/4\/2021\/08\/Letape_00-768x334.webp 768w\" width=\"1024\" height=\"445\" sizes=\"auto, (min-width: 1200px) 460px, (min-width: 768px) 38vw, 100vw\" alt=\"letape-je-uz-za-dverami-na-co-si-dat-pozor-v-pelotone\"\/><\/a><\/div>    <div class=\"entry-meta\">\n        <a class=\"label label-secondary post-category\" href=\"https:\/\/www.welovecycling.com\/sk\/category\/cestna-cyklisitika\/\" title=\"Cestn\u00e1 cyklistika\">Cestn\u00e1 cyklistika<\/a>\n    <\/div>\n    <div class=\"entry-details\">\n        <a href=\"https:\/\/www.welovecycling.com\/sk\/2021\/08\/11\/letape-je-uz-za-dverami-na-co-si-dat-pozor-v-pelotone\/\" class='entry-title-wrapper'>\n            <h3 class=\"entry-title\"><span>L\u2019etape je u\u017e za dverami &#8211; na \u010do si da\u0165 pozor v pelot\u00f3ne?<\/span><\/h3>\n        <\/a>\n    <\/div>\n    <\/article>\n<\/div>\n<p>U\u017e 21 kraj\u00edn sa nadchlo skvelou my\u0161lienkou a\u00a0pravidelne organizuje tieto preteky. <strong>Pr\u00ed\u010fte si vysk\u00fa\u0161a\u0165 ak\u00e9 to je jazdi\u0165 v pelot\u00f3ne, za\u017ei\u0165 t\u00fa prav\u00fa atmosf\u00e9ru a\u00a0ma\u0165 mo\u017enos\u0165 zmera\u0165 svoje sily s\u00a0ostatn\u00fdmi cyklistami.<\/strong><\/p>\n","protected":false},"excerpt":{"rendered":"<p>Minul\u00fd rok sa na Slovensku konal prv\u00fd ro\u010dn\u00edk L\u2019Etape Slovakia by Tour de France, \u010do bol pre mnoh\u00fdch cyklistov splnen\u00fd [&hellip;]<\/p>\n","protected":false},"author":170,"featured_media":14864,"comment_status":"open","ping_status":"open","sticky":false,"template":"","format":"standard","meta":{"footnotes":""},"categories":[4,1350],"tags":[478,521,115,546,961,331,1191,941,1351,1372,1519,176,179,1411,542,1009,92,523,1072,183],"global-categories":[1074],"class_list":["post-14858","post","type-post","status-publish","format-standard","has-post-thumbnail","hentry","category-cestna-cyklisitika","category-letape-slovakia","tag-akcia","tag-bratislava","tag-cestna-cyklistika","tag-cyklistika","tag-etapa","tag-etapove-preteky","tag-jazda","tag-jazda-v-pelotone","tag-letape-slovakia","tag-letape-slovakia-by-tour-de-france","tag-male-karpaty","tag-peloton","tag-preteky","tag-sezona-2022","tag-skoda","tag-skoda-auto","tag-skoda-tim","tag-slovensko","tag-trat","tag-zabava","global-categories-cycling"],"yoast_head":"<!-- This site is optimized with the Yoast SEO Premium plugin v25.3 (Yoast SEO v25.9) - https:\/\/yoast.com\/wordpress\/plugins\/seo\/ -->\n<title>Pozv\u00e1nka: L\u2019Etape 2022 na Slovensku \u2013 z\u00e1\u017eitok z jazdy v\u00a0pelot\u00f3ne ako na Tour de France<\/title>\n<meta name=\"description\" content=\"Minul\u00fd rok sa na Slovensku konal prv\u00fd ro\u010dn\u00edk L\u00b4Etape Slovakia by Tour de France, \u010do bol pre mnoh\u00fdch cyklistov splnen\u00fd sen.\" \/>\n<meta name=\"robots\" content=\"index, follow, max-snippet:-1, max-image-preview:large, max-video-preview:-1\" \/>\n<link rel=\"canonical\" href=\"https:\/\/www.welovecycling.com\/sk\/2022\/07\/15\/pozvanka-letape-2022-na-slovensku-zazitok-z-jazdy-v-pelotone-ako-na-tour-de-france\/\" \/>\n<meta property=\"og:locale\" content=\"sk_SK\" \/>\n<meta property=\"og:type\" content=\"article\" \/>\n<meta property=\"og:title\" content=\"Pozv\u00e1nka: L\u2019Etape 2022 na Slovensku \u2013 z\u00e1\u017eitok z jazdy v\u00a0pelot\u00f3ne ako na Tour de France\" \/>\n<meta property=\"og:description\" content=\"Minul\u00fd rok sa na Slovensku konal prv\u00fd ro\u010dn\u00edk L\u00b4Etape Slovakia by Tour de France, \u010do bol pre mnoh\u00fdch cyklistov splnen\u00fd sen.\" \/>\n<meta property=\"og:url\" content=\"https:\/\/www.welovecycling.com\/sk\/2022\/07\/15\/pozvanka-letape-2022-na-slovensku-zazitok-z-jazdy-v-pelotone-ako-na-tour-de-france\/\" \/>\n<meta property=\"og:site_name\" content=\"\u0160koda We Love Cycling Slovensko\" \/>\n<meta property=\"article:published_time\" content=\"2022-07-15T08:00:18+00:00\" \/>\n<meta property=\"article:modified_time\" content=\"2023-04-13T09:35:29+00:00\" \/>\n<meta property=\"og:image\" content=\"https:\/\/d2p6e6u75xmxt8.cloudfront.net\/4\/2022\/07\/LEtape_00.webp\" \/>\n\t<meta property=\"og:image:width\" content=\"990\" \/>\n\t<meta property=\"og:image:height\" content=\"660\" \/>\n\t<meta property=\"og:image:type\" content=\"image\/webp\" \/>\n<meta name=\"author\" content=\"miksakova\" \/>\n<meta name=\"twitter:card\" content=\"summary_large_image\" \/>\n<meta name=\"twitter:label1\" content=\"Written by\" \/>\n\t<meta name=\"twitter:data1\" content=\"WeLoveCycling\" \/>\n\t<meta name=\"twitter:label2\" content=\"Est. reading time\" \/>\n\t<meta name=\"twitter:data2\" content=\"4\" \/>\n<script type=\"application\/ld+json\" class=\"yoast-schema-graph\">{\"@context\":\"https:\/\/schema.org\",\"@graph\":[{\"@type\":\"WebPage\",\"@id\":\"https:\/\/www.welovecycling.com\/sk\/2022\/07\/15\/pozvanka-letape-2022-na-slovensku-zazitok-z-jazdy-v-pelotone-ako-na-tour-de-france\/\",\"url\":\"https:\/\/www.welovecycling.com\/sk\/2022\/07\/15\/pozvanka-letape-2022-na-slovensku-zazitok-z-jazdy-v-pelotone-ako-na-tour-de-france\/\",\"name\":\"Pozv\u00e1nka: L\u2019Etape 2022 na Slovensku \u2013 z\u00e1\u017eitok z jazdy v\u00a0pelot\u00f3ne ako na Tour de France\",\"isPartOf\":{\"@id\":\"https:\/\/www.welovecycling.com\/sk\/#website\"},\"primaryImageOfPage\":{\"@id\":\"https:\/\/www.welovecycling.com\/sk\/2022\/07\/15\/pozvanka-letape-2022-na-slovensku-zazitok-z-jazdy-v-pelotone-ako-na-tour-de-france\/#primaryimage\"},\"image\":{\"@id\":\"https:\/\/www.welovecycling.com\/sk\/2022\/07\/15\/pozvanka-letape-2022-na-slovensku-zazitok-z-jazdy-v-pelotone-ako-na-tour-de-france\/#primaryimage\"},\"thumbnailUrl\":\"https:\/\/d2p6e6u75xmxt8.cloudfront.net\/4\/2022\/07\/LEtape_00.webp\",\"datePublished\":\"2022-07-15T08:00:18+00:00\",\"dateModified\":\"2023-04-13T09:35:29+00:00\",\"author\":{\"@id\":\"https:\/\/www.welovecycling.com\/sk\/#\/schema\/person\/c6ce5af9dceed219d84a07d2ffa2cad9\"},\"description\":\"Minul\u00fd rok sa na Slovensku konal prv\u00fd ro\u010dn\u00edk L\u00b4Etape Slovakia by Tour de France, \u010do bol pre mnoh\u00fdch cyklistov splnen\u00fd sen.\",\"breadcrumb\":{\"@id\":\"https:\/\/www.welovecycling.com\/sk\/2022\/07\/15\/pozvanka-letape-2022-na-slovensku-zazitok-z-jazdy-v-pelotone-ako-na-tour-de-france\/#breadcrumb\"},\"inLanguage\":\"sk-SK\",\"potentialAction\":[{\"@type\":\"ReadAction\",\"target\":[\"https:\/\/www.welovecycling.com\/sk\/2022\/07\/15\/pozvanka-letape-2022-na-slovensku-zazitok-z-jazdy-v-pelotone-ako-na-tour-de-france\/\"]}]},{\"@type\":\"ImageObject\",\"inLanguage\":\"sk-SK\",\"@id\":\"https:\/\/www.welovecycling.com\/sk\/2022\/07\/15\/pozvanka-letape-2022-na-slovensku-zazitok-z-jazdy-v-pelotone-ako-na-tour-de-france\/#primaryimage\",\"url\":\"https:\/\/d2p6e6u75xmxt8.cloudfront.net\/4\/2022\/07\/LEtape_00.webp\",\"contentUrl\":\"https:\/\/d2p6e6u75xmxt8.cloudfront.net\/4\/2022\/07\/LEtape_00.webp\",\"width\":990,\"height\":660},{\"@type\":\"BreadcrumbList\",\"@id\":\"https:\/\/www.welovecycling.com\/sk\/2022\/07\/15\/pozvanka-letape-2022-na-slovensku-zazitok-z-jazdy-v-pelotone-ako-na-tour-de-france\/#breadcrumb\",\"itemListElement\":[{\"@type\":\"ListItem\",\"position\":1,\"name\":\"Home\",\"item\":\"https:\/\/www.welovecycling.com\/sk\/\"},{\"@type\":\"ListItem\",\"position\":2,\"name\":\"Pozv\u00e1nka: L\u2019Etape 2022 na Slovensku \u2013 z\u00e1\u017eitok z jazdy v\u00a0pelot\u00f3ne ako na Tour de France\"}]},{\"@type\":\"WebSite\",\"@id\":\"https:\/\/www.welovecycling.com\/sk\/#website\",\"url\":\"https:\/\/www.welovecycling.com\/sk\/\",\"name\":\"\u0160koda We Love Cycling Slovensko\",\"description\":\"\u0160koda We Love Cycling Slovensko je v\u00e1\u0161 ka\u017edodenn\u00fd zdroj noviniek a in\u0161pir\u00e1cie z sveta cyklistiky\",\"potentialAction\":[{\"@type\":\"SearchAction\",\"target\":{\"@type\":\"EntryPoint\",\"urlTemplate\":\"https:\/\/www.welovecycling.com\/sk\/?s={search_term_string}\"},\"query-input\":{\"@type\":\"PropertyValueSpecification\",\"valueRequired\":true,\"valueName\":\"search_term_string\"}}],\"inLanguage\":\"sk-SK\"},{\"@type\":\"Person\",\"@id\":\"https:\/\/www.welovecycling.com\/sk\/#\/schema\/person\/c6ce5af9dceed219d84a07d2ffa2cad9\",\"name\":\"miksakova\",\"image\":{\"@type\":\"ImageObject\",\"inLanguage\":\"sk-SK\",\"@id\":\"https:\/\/www.welovecycling.com\/sk\/#\/schema\/person\/image\/\",\"url\":\"https:\/\/secure.gravatar.com\/avatar\/3663fb8acb50de04150ea6f7afc1bc15aba80aad4bf92aee01bd38a79084eb7a?s=96&d=mm&r=g\",\"contentUrl\":\"https:\/\/secure.gravatar.com\/avatar\/3663fb8acb50de04150ea6f7afc1bc15aba80aad4bf92aee01bd38a79084eb7a?s=96&d=mm&r=g\",\"caption\":\"miksakova\"},\"url\":\"https:\/\/www.welovecycling.com\/sk\/author\/miksakova\/\"}]}<\/script>\n<!-- \/ Yoast SEO Premium plugin. -->","yoast_head_json":{"title":"Pozv\u00e1nka: L\u2019Etape 2022 na Slovensku \u2013 z\u00e1\u017eitok z jazdy v\u00a0pelot\u00f3ne ako na Tour de France","description":"Minul\u00fd rok sa na Slovensku konal prv\u00fd ro\u010dn\u00edk L\u00b4Etape Slovakia by Tour de France, \u010do bol pre mnoh\u00fdch cyklistov splnen\u00fd sen.","robots":{"index":"index","follow":"follow","max-snippet":"max-snippet:-1","max-image-preview":"max-image-preview:large","max-video-preview":"max-video-preview:-1"},"canonical":"https:\/\/www.welovecycling.com\/sk\/2022\/07\/15\/pozvanka-letape-2022-na-slovensku-zazitok-z-jazdy-v-pelotone-ako-na-tour-de-france\/","og_locale":"sk_SK","og_type":"article","og_title":"Pozv\u00e1nka: L\u2019Etape 2022 na Slovensku \u2013 z\u00e1\u017eitok z jazdy v\u00a0pelot\u00f3ne ako na Tour de France","og_description":"Minul\u00fd rok sa na Slovensku konal prv\u00fd ro\u010dn\u00edk L\u00b4Etape Slovakia by Tour de France, \u010do bol pre mnoh\u00fdch cyklistov splnen\u00fd sen.","og_url":"https:\/\/www.welovecycling.com\/sk\/2022\/07\/15\/pozvanka-letape-2022-na-slovensku-zazitok-z-jazdy-v-pelotone-ako-na-tour-de-france\/","og_site_name":"\u0160koda We Love Cycling Slovensko","article_published_time":"2022-07-15T08:00:18+00:00","article_modified_time":"2023-04-13T09:35:29+00:00","og_image":[{"width":990,"height":660,"url":"https:\/\/d2p6e6u75xmxt8.cloudfront.net\/4\/2022\/07\/LEtape_00.webp","type":"image\/webp"}],"author":"miksakova","twitter_card":"summary_large_image","twitter_misc":{"Written by":"WeLoveCycling","Est. reading time":"4"},"schema":{"@context":"https:\/\/schema.org","@graph":[{"@type":"WebPage","@id":"https:\/\/www.welovecycling.com\/sk\/2022\/07\/15\/pozvanka-letape-2022-na-slovensku-zazitok-z-jazdy-v-pelotone-ako-na-tour-de-france\/","url":"https:\/\/www.welovecycling.com\/sk\/2022\/07\/15\/pozvanka-letape-2022-na-slovensku-zazitok-z-jazdy-v-pelotone-ako-na-tour-de-france\/","name":"Pozv\u00e1nka: L\u2019Etape 2022 na Slovensku \u2013 z\u00e1\u017eitok z jazdy v\u00a0pelot\u00f3ne ako na Tour de France","isPartOf":{"@id":"https:\/\/www.welovecycling.com\/sk\/#website"},"primaryImageOfPage":{"@id":"https:\/\/www.welovecycling.com\/sk\/2022\/07\/15\/pozvanka-letape-2022-na-slovensku-zazitok-z-jazdy-v-pelotone-ako-na-tour-de-france\/#primaryimage"},"image":{"@id":"https:\/\/www.welovecycling.com\/sk\/2022\/07\/15\/pozvanka-letape-2022-na-slovensku-zazitok-z-jazdy-v-pelotone-ako-na-tour-de-france\/#primaryimage"},"thumbnailUrl":"https:\/\/d2p6e6u75xmxt8.cloudfront.net\/4\/2022\/07\/LEtape_00.webp","datePublished":"2022-07-15T08:00:18+00:00","dateModified":"2023-04-13T09:35:29+00:00","author":{"@id":"https:\/\/www.welovecycling.com\/sk\/#\/schema\/person\/c6ce5af9dceed219d84a07d2ffa2cad9"},"description":"Minul\u00fd rok sa na Slovensku konal prv\u00fd ro\u010dn\u00edk L\u00b4Etape Slovakia by Tour de France, \u010do bol pre mnoh\u00fdch cyklistov splnen\u00fd sen.","breadcrumb":{"@id":"https:\/\/www.welovecycling.com\/sk\/2022\/07\/15\/pozvanka-letape-2022-na-slovensku-zazitok-z-jazdy-v-pelotone-ako-na-tour-de-france\/#breadcrumb"},"inLanguage":"sk-SK","potentialAction":[{"@type":"ReadAction","target":["https:\/\/www.welovecycling.com\/sk\/2022\/07\/15\/pozvanka-letape-2022-na-slovensku-zazitok-z-jazdy-v-pelotone-ako-na-tour-de-france\/"]}]},{"@type":"ImageObject","inLanguage":"sk-SK","@id":"https:\/\/www.welovecycling.com\/sk\/2022\/07\/15\/pozvanka-letape-2022-na-slovensku-zazitok-z-jazdy-v-pelotone-ako-na-tour-de-france\/#primaryimage","url":"https:\/\/d2p6e6u75xmxt8.cloudfront.net\/4\/2022\/07\/LEtape_00.webp","contentUrl":"https:\/\/d2p6e6u75xmxt8.cloudfront.net\/4\/2022\/07\/LEtape_00.webp","width":990,"height":660},{"@type":"BreadcrumbList","@id":"https:\/\/www.welovecycling.com\/sk\/2022\/07\/15\/pozvanka-letape-2022-na-slovensku-zazitok-z-jazdy-v-pelotone-ako-na-tour-de-france\/#breadcrumb","itemListElement":[{"@type":"ListItem","position":1,"name":"Home","item":"https:\/\/www.welovecycling.com\/sk\/"},{"@type":"ListItem","position":2,"name":"Pozv\u00e1nka: L\u2019Etape 2022 na Slovensku \u2013 z\u00e1\u017eitok z jazdy v\u00a0pelot\u00f3ne ako na Tour de France"}]},{"@type":"WebSite","@id":"https:\/\/www.welovecycling.com\/sk\/#website","url":"https:\/\/www.welovecycling.com\/sk\/","name":"\u0160koda We Love Cycling Slovensko","description":"\u0160koda We Love Cycling Slovensko je v\u00e1\u0161 ka\u017edodenn\u00fd zdroj noviniek a in\u0161pir\u00e1cie z sveta cyklistiky","potentialAction":[{"@type":"SearchAction","target":{"@type":"EntryPoint","urlTemplate":"https:\/\/www.welovecycling.com\/sk\/?s={search_term_string}"},"query-input":{"@type":"PropertyValueSpecification","valueRequired":true,"valueName":"search_term_string"}}],"inLanguage":"sk-SK"},{"@type":"Person","@id":"https:\/\/www.welovecycling.com\/sk\/#\/schema\/person\/c6ce5af9dceed219d84a07d2ffa2cad9","name":"miksakova","image":{"@type":"ImageObject","inLanguage":"sk-SK","@id":"https:\/\/www.welovecycling.com\/sk\/#\/schema\/person\/image\/","url":"https:\/\/secure.gravatar.com\/avatar\/3663fb8acb50de04150ea6f7afc1bc15aba80aad4bf92aee01bd38a79084eb7a?s=96&d=mm&r=g","contentUrl":"https:\/\/secure.gravatar.com\/avatar\/3663fb8acb50de04150ea6f7afc1bc15aba80aad4bf92aee01bd38a79084eb7a?s=96&d=mm&r=g","caption":"miksakova"},"url":"https:\/\/www.welovecycling.com\/sk\/author\/miksakova\/"}]}},"_links":{"self":[{"href":"https:\/\/www.welovecycling.com\/sk\/wp-json\/wp\/v2\/posts\/14858","targetHints":{"allow":["GET"]}}],"collection":[{"href":"https:\/\/www.welovecycling.com\/sk\/wp-json\/wp\/v2\/posts"}],"about":[{"href":"https:\/\/www.welovecycling.com\/sk\/wp-json\/wp\/v2\/types\/post"}],"author":[{"embeddable":true,"href":"https:\/\/www.welovecycling.com\/sk\/wp-json\/wp\/v2\/users\/170"}],"replies":[{"embeddable":true,"href":"https:\/\/www.welovecycling.com\/sk\/wp-json\/wp\/v2\/comments?post=14858"}],"version-history":[{"count":2,"href":"https:\/\/www.welovecycling.com\/sk\/wp-json\/wp\/v2\/posts\/14858\/revisions"}],"predecessor-version":[{"id":17125,"href":"https:\/\/www.welovecycling.com\/sk\/wp-json\/wp\/v2\/posts\/14858\/revisions\/17125"}],"wp:featuredmedia":[{"embeddable":true,"href":"https:\/\/www.welovecycling.com\/sk\/wp-json\/wp\/v2\/media\/14864"}],"wp:attachment":[{"href":"https:\/\/www.welovecycling.com\/sk\/wp-json\/wp\/v2\/media?parent=14858"}],"wp:term":[{"taxonomy":"category","embeddable":true,"href":"https:\/\/www.welovecycling.com\/sk\/wp-json\/wp\/v2\/categories?post=14858"},{"taxonomy":"post_tag","embeddable":true,"href":"https:\/\/www.welovecycling.com\/sk\/wp-json\/wp\/v2\/tags?post=14858"},{"taxonomy":"global-categories","embeddable":true,"href":"https:\/\/www.welovecycling.com\/sk\/wp-json\/wp\/v2\/global-categories?post=14858"}],"curies":[{"name":"wp","href":"https:\/\/api.w.org\/{rel}","templated":true}]}}