{"id":14836,"date":"2022-07-11T08:48:22","date_gmt":"2022-07-11T06:48:22","guid":{"rendered":"https:\/\/www.welovecycling.com\/sk\/?p=14836"},"modified":"2022-09-29T12:57:59","modified_gmt":"2022-09-29T10:57:59","slug":"tip-na-vylet-tri-vrcholy-pohoria-vtacnik","status":"publish","type":"post","link":"https:\/\/www.welovecycling.com\/sk\/2022\/07\/11\/tip-na-vylet-tri-vrcholy-pohoria-vtacnik\/","title":{"rendered":"Tip na v\u00fdlet &#8211; Tri vrcholy pohoria Vt\u00e1\u010dnik"},"content":{"rendered":"<p><strong>Ke\u010f\u017ee na samotnom Vt\u00e1\u010dniku, po ktorom je cel\u00e9 pohorie pomenovan\u00e9, <a href=\"https:\/\/www.welovecycling.com\/sk\/2021\/11\/17\/tip-na-vylet-vtacnik-dovod-trenovat-celu-zimu\/\" target=\"_blank\" rel=\"noopener\">som u\u017e bol minul\u00fd rok<\/a>, tento rok som sa vybral na jeho susedn\u00e9 kopce. A\u00a0pre\u010do \u00eds\u0165 len na jeden, ke\u010f sa daj\u00fa zvl\u00e1dnu\u0165 aj tri naraz v\u00a0jeden de\u0148. A\u00a0mimochodom, svoje \u010daro m\u00e1 aj to, \u017ee v\u0161etky tri vrcholy s\u00fa sope\u010dn\u00e9ho p\u00f4vodu.<\/strong><!--more--><\/p>\n<p>Na tento v\u00fdlet som sa chystal u\u017e dlh\u0161ie, len som si nebol ist\u00fd, \u010di to zvl\u00e1dnem. Nie \u017ee by to bola ve\u013ek\u00e1 d\u00e1vka kilometrov, ale predsa len tam bolo celkom pekn\u00e9\u00a0prev\u00fd\u0161enie, <strong>ter\u00e9n nie v\u017edy vhodn\u00fd pre bicykel a\u00a0miestami poriadne st\u00fapania<\/strong>. Napriek tomu som sa do toho pustil a\u00a0napl\u00e1noval som si to tak, \u017ee sa kedyko\u013evek m\u00f4\u017eem vr\u00e1ti\u0165 sp\u00e4\u0165, ak by to bolo naozaj nezjazdn\u00e9.<\/p>\n<p><a href=\"https:\/\/d2p6e6u75xmxt8.cloudfront.net\/4\/2022\/07\/Tip_vylet_Vtacnik_01.JPG.jpg\"><img loading=\"lazy\" decoding=\"async\" class=\"alignnone size-full wp-image-14840\" src=\"https:\/\/d2p6e6u75xmxt8.cloudfront.net\/4\/2022\/07\/Tip_vylet_Vtacnik_01.JPG.jpg\" alt=\"\" width=\"990\" height=\"660\" \/><\/a><\/p>\n<h2><strong>Ob\u010das treba aj tla\u010di\u0165<\/strong><\/h2>\n<p>Za\u010d\u00ednal som v\u00a0ob\u013e\u00fabenom miestnom ly\u017eiarskom\u00a0stredisku SKI Cige\u013e. Popod vlek, ved\u013ea jazera vedie turistick\u00fd chodn\u00edk na Jan\u010dekovu skalu. <strong>Je to skala s\u00a0n\u00e1dhern\u00fdm v\u00fdh\u013eadom a\u00a0so zauj\u00edmav\u00fdm historick\u00fdm pr\u00edbehom, pod\u013ea ktor\u00e9ho z\u00edskala pomenovanie.<\/strong> Dal som si v\u00fd\u0161\u013eap na t\u00fato skalu, ako tak\u00fa rozcvi\u010dku pred cel\u00fdm v\u00fdletom. U\u017e aj po\u010das cesty sem sa uk\u00e1zalo, ak\u00fd ter\u00e9n ma bude \u010daka\u0165 po\u010das cel\u00e9ho d\u0148a. Miestami s\u00fa toti\u017e aj tu prud\u0161ie st\u00fapania, ktor\u00e9 s\u00fa navy\u0161e pln\u00e9 kame\u0148ov a\u00a0je nutn\u00e9 z\u00a0bicykla zost\u00fapi\u0165.<\/p>\n<p><a href=\"https:\/\/d2p6e6u75xmxt8.cloudfront.net\/4\/2022\/07\/Tip_vylet_Vtacnik_02.JPG.jpg\"><img loading=\"lazy\" decoding=\"async\" class=\"alignnone size-full wp-image-14841\" src=\"https:\/\/d2p6e6u75xmxt8.cloudfront.net\/4\/2022\/07\/Tip_vylet_Vtacnik_02.JPG.jpg\" alt=\"\" width=\"990\" height=\"660\" \/><\/a><\/p>\n<p>Z\u00a0Jan\u010dekovej skaly pokra\u010dujem u\u017e v\u00a0miernej\u0161om st\u00fapan\u00ed, smer na Biely kame\u0148. Dr\u017e\u00edm sa zna\u010denej be\u017ek\u00e1rskej trate a\u00a0\u010doskoro som na kr\u00e1snej po\u013eane, kde si d\u00e1vam oddych. Oddych hlavne z\u00a0toho d\u00f4vodu, \u017ee je tam naozaj kr\u00e1sne.<\/p>\n<div id='gallery-1' class='gallery galleryid-14836 gallery-columns-2 gallery-size-full'><figure class='gallery-item'>\n\t\t\t<div class='gallery-icon landscape'>\n\t\t\t\t<a href='https:\/\/d2p6e6u75xmxt8.cloudfront.net\/4\/2022\/07\/Tip_vylet_Vtacnik_03.JPG.webp'><img loading=\"lazy\" decoding=\"async\" width=\"990\" height=\"660\" src=\"https:\/\/d2p6e6u75xmxt8.cloudfront.net\/4\/2022\/07\/Tip_vylet_Vtacnik_03.JPG.webp\" class=\"attachment-full size-full\" alt=\"\" srcset=\"https:\/\/d2p6e6u75xmxt8.cloudfront.net\/4\/2022\/07\/Tip_vylet_Vtacnik_03.JPG.webp 990w, https:\/\/d2p6e6u75xmxt8.cloudfront.net\/4\/2022\/07\/Tip_vylet_Vtacnik_03.JPG-300x200.webp 300w, https:\/\/d2p6e6u75xmxt8.cloudfront.net\/4\/2022\/07\/Tip_vylet_Vtacnik_03.JPG-768x512.webp 768w, https:\/\/d2p6e6u75xmxt8.cloudfront.net\/4\/2022\/07\/Tip_vylet_Vtacnik_03.JPG-272x182.webp 272w\" sizes=\"auto, (max-width: 990px) 100vw, 990px\" \/><\/a>\n\t\t\t<\/div><\/figure><figure class='gallery-item'>\n\t\t\t<div class='gallery-icon landscape'>\n\t\t\t\t<a href='https:\/\/d2p6e6u75xmxt8.cloudfront.net\/4\/2022\/07\/Tip_vylet_Vtacnik_04.JPG.webp'><img loading=\"lazy\" decoding=\"async\" width=\"990\" height=\"660\" src=\"https:\/\/d2p6e6u75xmxt8.cloudfront.net\/4\/2022\/07\/Tip_vylet_Vtacnik_04.JPG.webp\" class=\"attachment-full size-full\" alt=\"\" srcset=\"https:\/\/d2p6e6u75xmxt8.cloudfront.net\/4\/2022\/07\/Tip_vylet_Vtacnik_04.JPG.webp 990w, https:\/\/d2p6e6u75xmxt8.cloudfront.net\/4\/2022\/07\/Tip_vylet_Vtacnik_04.JPG-300x200.webp 300w, https:\/\/d2p6e6u75xmxt8.cloudfront.net\/4\/2022\/07\/Tip_vylet_Vtacnik_04.JPG-768x512.webp 768w, https:\/\/d2p6e6u75xmxt8.cloudfront.net\/4\/2022\/07\/Tip_vylet_Vtacnik_04.JPG-272x182.webp 272w\" sizes=\"auto, (max-width: 990px) 100vw, 990px\" \/><\/a>\n\t\t\t<\/div><\/figure>\n\t\t<\/div>\n\n<p>Z\u00a0po\u013eany je u\u017e len k\u00fasok ku kri\u017eovatke ciest. K\u00a0smerovn\u00edku Pod bielym kame\u0148om vo v\u00fd\u0161ke 1 120 m. <strong>Odbo\u010d\u00edm k\u00a0druh\u00e9mu vrcholu dne\u0161nej cesty k\u00a0Bielemu kame\u0148u<\/strong>, alebo aj Bielej skale, pou\u017e\u00edvaj\u00fa sa oba v\u00fdrazy.<\/p>\n<p><a href=\"https:\/\/d2p6e6u75xmxt8.cloudfront.net\/4\/2022\/07\/Tip_vylet_Vtacnik_05.JPG.jpg\"><img loading=\"lazy\" decoding=\"async\" class=\"alignnone size-full wp-image-14844\" src=\"https:\/\/d2p6e6u75xmxt8.cloudfront.net\/4\/2022\/07\/Tip_vylet_Vtacnik_05.JPG.jpg\" alt=\"\" width=\"990\" height=\"660\" \/><\/a><\/p>\n<h2><strong>Pohorie sope\u010dn\u00e9ho p\u00f4vodu<\/strong><\/h2>\n<p>Na tabu\u013eke s\u00a0inform\u00e1ciami sa do\u010d\u00edtam, \u017ee Biely kame\u0148 je chr\u00e1nen\u00fd pr\u00edrodn\u00fd v\u00fdtvor. Andezitov\u00fd pr\u00edrodn\u00fd amfite\u00e1ter, ktor\u00fd vznikol rozpadom \u010dela sope\u010dn\u00e9ho pr\u00fadu. <strong>Je zn\u00e1me, \u017ee pohorie Vt\u00e1\u010dnik je sope\u010dn\u00e9ho p\u00f4vodu a\u00a0men\u0161ie \u010di v\u00e4\u010d\u0161ie skaly zauj\u00edmav\u00fdch tvarov, s\u00fa tu doslova pohoden\u00e9 na r\u00f4znych ne\u010dakan\u00fdch miestach.<\/strong> Samotn\u00fa kr\u00e1su tohto v\u00fdtvoru zhora nedok\u00e1\u017eem zachyti\u0165, ale otvor\u00ed sa mi n\u00e1dhern\u00fd poh\u013ead na tret\u00ed vrchol, kam smerujem \u2013 Ve\u013ek\u00fd Gri\u010d.<\/p>\n<p><a href=\"https:\/\/d2p6e6u75xmxt8.cloudfront.net\/4\/2022\/07\/Tip_vylet_Vtacnik_06.JPG.jpg\"><img loading=\"lazy\" decoding=\"async\" class=\"alignnone size-full wp-image-14845\" src=\"https:\/\/d2p6e6u75xmxt8.cloudfront.net\/4\/2022\/07\/Tip_vylet_Vtacnik_06.JPG.jpg\" alt=\"\" width=\"990\" height=\"660\" \/><\/a><\/p>\n<div class=\"shortcode-ys-post-pinup\"><article class=\"loop-simple post-13178 post type-post status-publish format-standard has-post-thumbnail hentry category-odporucame tag-banska-stiavnica tag-horska-cyklistika tag-motivacia tag-odporucame tag-slovensko tag-tip-na-vylet tag-vylet global-categories-cycling\" data-postid=\"13178\" role=\"article\" data-post-id=\"13178\" data-word-count=\"363\" data-headline-length=\"49\" data-category=\"Odpor\u00fa\u010dame\" data-global-category=\"Cycling\" data-author=\"Radovan Vr\u0161ka\" data-published=\"2021-10-20T10:00:17+02:00\" data-published-day=\"Wednesday\">\n    <div class=\"entry-thumbnail article-thumbnail\" content=\"https:\/\/d2p6e6u75xmxt8.cloudfront.net\/4\/2021\/10\/Tajchy_00.JPG-150x150.webp\"><a href=\"https:\/\/www.welovecycling.com\/sk\/2021\/10\/20\/tip-na-vylet-banska-stiavnica\/\" class=\"image-holder\" target=\"_self\"><img decoding=\"async\" loading=\"lazy\" class=\"\" src=\"https:\/\/d2p6e6u75xmxt8.cloudfront.net\/4\/2021\/10\/Tajchy_00.JPG-1024x445.webp\" srcset=\"https:\/\/d2p6e6u75xmxt8.cloudfront.net\/4\/2021\/10\/Tajchy_00.JPG.webp 1380w, https:\/\/d2p6e6u75xmxt8.cloudfront.net\/4\/2021\/10\/Tajchy_00.JPG-300x130.webp 300w, https:\/\/d2p6e6u75xmxt8.cloudfront.net\/4\/2021\/10\/Tajchy_00.JPG-1024x445.webp 1024w, https:\/\/d2p6e6u75xmxt8.cloudfront.net\/4\/2021\/10\/Tajchy_00.JPG-768x334.webp 768w\" width=\"1024\" height=\"445\" sizes=\"auto, (min-width: 1200px) 460px, (min-width: 768px) 38vw, 100vw\" alt=\"tip-na-vylet-banska-stiavnica\"\/><\/a><\/div>    <div class=\"entry-meta\">\n        <a class=\"label label-secondary post-category\" href=\"https:\/\/www.welovecycling.com\/sk\/category\/odporucame\/\" title=\"Odpor\u00fa\u010dame\">Odpor\u00fa\u010dame<\/a>\n    <\/div>\n    <div class=\"entry-details\">\n        <a href=\"https:\/\/www.welovecycling.com\/sk\/2021\/10\/20\/tip-na-vylet-banska-stiavnica\/\" class='entry-title-wrapper'>\n            <h3 class=\"entry-title\"><span>Tip na v\u00fdlet: Bansk\u00e1 \u0160tiavnica, bajky a tajchy<\/span><\/h3>\n        <\/a>\n    <\/div>\n    <\/article>\n<\/div>\n<p>Vraciam sa sp\u00e4\u0165 k\u00a0smerovn\u00edku Pod bielym kame\u0148om a\u00a0pokra\u010dujem po \u010dervenej turistickej zna\u010dke na Ve\u013ek\u00fd Gri\u010d. \u010cak\u00e1 ma zvlnen\u00fd ter\u00e9n, ale predsa len postupne kles\u00e1m o\u00a0nejak\u00fdch 150 v\u00fd\u0161kov\u00fdch metrov. <strong>Ter\u00e9n u\u017e nie je nejako n\u00e1ro\u010dn\u00fd a\u00a0u\u017e\u00edvam si okolit\u00fa pr\u00edrodu.<\/strong> V\u00a0tejto \u010dasti lesa stret\u00e1m viacero cyklistov, preto\u017ee je tu kri\u017eovatka ciest z\u00a0viacer\u00fdch smerov. A\u00a0k\u00a0posledn\u00e9mu vrcholu sope\u010dn\u00e9ho p\u00f4vodu prich\u00e1dzame u\u017e traja. Je tu kr\u00e1sny polkruhov\u00fd v\u00fdh\u013ead na Handlov\u00fa a\u00a0\u0161irok\u00e9 okolie.<\/p>\n<div id='gallery-2' class='gallery galleryid-13178 gallery-columns-2 gallery-size-full'><figure class='gallery-item'>\n\t\t\t<div class='gallery-icon landscape'>\n\t\t\t\t<a href='https:\/\/d2p6e6u75xmxt8.cloudfront.net\/4\/2022\/07\/Tip_vylet_Vtacnik_07.JPG.webp'><img loading=\"lazy\" decoding=\"async\" width=\"990\" height=\"660\" src=\"https:\/\/d2p6e6u75xmxt8.cloudfront.net\/4\/2022\/07\/Tip_vylet_Vtacnik_07.JPG.webp\" class=\"attachment-full size-full\" alt=\"\" srcset=\"https:\/\/d2p6e6u75xmxt8.cloudfront.net\/4\/2022\/07\/Tip_vylet_Vtacnik_07.JPG.webp 990w, https:\/\/d2p6e6u75xmxt8.cloudfront.net\/4\/2022\/07\/Tip_vylet_Vtacnik_07.JPG-300x200.webp 300w, https:\/\/d2p6e6u75xmxt8.cloudfront.net\/4\/2022\/07\/Tip_vylet_Vtacnik_07.JPG-768x512.webp 768w, https:\/\/d2p6e6u75xmxt8.cloudfront.net\/4\/2022\/07\/Tip_vylet_Vtacnik_07.JPG-272x182.webp 272w\" sizes=\"auto, (max-width: 990px) 100vw, 990px\" \/><\/a>\n\t\t\t<\/div><\/figure><figure class='gallery-item'>\n\t\t\t<div class='gallery-icon landscape'>\n\t\t\t\t<a href='https:\/\/d2p6e6u75xmxt8.cloudfront.net\/4\/2022\/07\/Tip_vylet_Vtacnik_08.JPG.webp'><img loading=\"lazy\" decoding=\"async\" width=\"990\" height=\"660\" src=\"https:\/\/d2p6e6u75xmxt8.cloudfront.net\/4\/2022\/07\/Tip_vylet_Vtacnik_08.JPG.webp\" class=\"attachment-full size-full\" alt=\"\" srcset=\"https:\/\/d2p6e6u75xmxt8.cloudfront.net\/4\/2022\/07\/Tip_vylet_Vtacnik_08.JPG.webp 990w, https:\/\/d2p6e6u75xmxt8.cloudfront.net\/4\/2022\/07\/Tip_vylet_Vtacnik_08.JPG-300x200.webp 300w, https:\/\/d2p6e6u75xmxt8.cloudfront.net\/4\/2022\/07\/Tip_vylet_Vtacnik_08.JPG-768x512.webp 768w, https:\/\/d2p6e6u75xmxt8.cloudfront.net\/4\/2022\/07\/Tip_vylet_Vtacnik_08.JPG-272x182.webp 272w\" sizes=\"auto, (max-width: 990px) 100vw, 990px\" \/><\/a>\n\t\t\t<\/div><\/figure>\n\t\t<\/div>\n\n<h2><strong>Zatopen\u00fd lom<\/strong><\/h2>\n<p>Na skal\u00e1ch Ve\u013ek\u00e9ho Gri\u010da si d\u00e1vam oddych, nie\u010do zjem a\u00a0sp\u00fa\u0161\u0165am sa dlh\u00fdm zjazdom dolu do Handlovej. Znovu idem po \u010dervenej zna\u010dke, ktor\u00e1 sa v\u00a0z\u00e1vere napoj\u00ed na cestu, kde je zna\u010den\u00e1 bansk\u00e1 cesta aj s\u00a0informa\u010dn\u00fdmi tabu\u013eami. Na chv\u00ed\u013eu sa e\u0161te zastav\u00edm pri zatopenom povrchovom lome Kon\u0161tant\u00edn.<\/p>\n<div id='gallery-3' class='gallery galleryid-13178 gallery-columns-2 gallery-size-full'><figure class='gallery-item'>\n\t\t\t<div class='gallery-icon landscape'>\n\t\t\t\t<a href='https:\/\/d2p6e6u75xmxt8.cloudfront.net\/4\/2022\/07\/Tip_vylet_Vtacnik_09.JPG.webp'><img loading=\"lazy\" decoding=\"async\" width=\"990\" height=\"660\" src=\"https:\/\/d2p6e6u75xmxt8.cloudfront.net\/4\/2022\/07\/Tip_vylet_Vtacnik_09.JPG.webp\" class=\"attachment-full size-full\" alt=\"\" srcset=\"https:\/\/d2p6e6u75xmxt8.cloudfront.net\/4\/2022\/07\/Tip_vylet_Vtacnik_09.JPG.webp 990w, https:\/\/d2p6e6u75xmxt8.cloudfront.net\/4\/2022\/07\/Tip_vylet_Vtacnik_09.JPG-300x200.webp 300w, https:\/\/d2p6e6u75xmxt8.cloudfront.net\/4\/2022\/07\/Tip_vylet_Vtacnik_09.JPG-768x512.webp 768w, https:\/\/d2p6e6u75xmxt8.cloudfront.net\/4\/2022\/07\/Tip_vylet_Vtacnik_09.JPG-272x182.webp 272w\" sizes=\"auto, (max-width: 990px) 100vw, 990px\" \/><\/a>\n\t\t\t<\/div><\/figure><figure class='gallery-item'>\n\t\t\t<div class='gallery-icon landscape'>\n\t\t\t\t<a href='https:\/\/d2p6e6u75xmxt8.cloudfront.net\/4\/2022\/07\/Tip_vylet_Vtacnik_10.JPG.webp'><img loading=\"lazy\" decoding=\"async\" width=\"990\" height=\"660\" src=\"https:\/\/d2p6e6u75xmxt8.cloudfront.net\/4\/2022\/07\/Tip_vylet_Vtacnik_10.JPG.webp\" class=\"attachment-full size-full\" alt=\"\" srcset=\"https:\/\/d2p6e6u75xmxt8.cloudfront.net\/4\/2022\/07\/Tip_vylet_Vtacnik_10.JPG.webp 990w, https:\/\/d2p6e6u75xmxt8.cloudfront.net\/4\/2022\/07\/Tip_vylet_Vtacnik_10.JPG-300x200.webp 300w, https:\/\/d2p6e6u75xmxt8.cloudfront.net\/4\/2022\/07\/Tip_vylet_Vtacnik_10.JPG-768x512.webp 768w, https:\/\/d2p6e6u75xmxt8.cloudfront.net\/4\/2022\/07\/Tip_vylet_Vtacnik_10.JPG-272x182.webp 272w\" sizes=\"auto, (max-width: 990px) 100vw, 990px\" \/><\/a>\n\t\t\t<\/div><\/figure>\n\t\t<\/div>\n\n<p>Ost\u00e1va mi u\u017e len prejs\u0165 cez mesto Handlov\u00e1 a\u00a0po ceste sa vraciam sp\u00e4\u0165. Ako za odmenu, tu na otvorenom priestranstve, f\u00faka siln\u00fd protivietor a\u00a0tak si posledn\u00fdch 16 kilometrov celkom dobre d\u00e1m do tela. Ale st\u00e1lo to za to a\u00a0som r\u00e1d, \u017ee som si tento v\u00fdlet napl\u00e1noval. <strong>Celkovo som pre\u0161iel 40 km a\u00a01\u00a0400 v\u00fd\u0161kov\u00fdch metrov. Za \u00fapravu \u010dl\u00e1nku \u010fakujeme agent\u00fare agency <a href=\"https:\/\/hausarbeit-schreiben.com\/\"rel=\"dofollow\">hausarbeit schreiben lassen<\/a>. <\/strong><\/p>\n","protected":false},"excerpt":{"rendered":"<p>Ke\u010f\u017ee na samotnom Vt\u00e1\u010dniku, po ktorom je cel\u00e9 pohorie pomenovan\u00e9, som u\u017e bol minul\u00fd rok, tento rok som sa vybral [&hellip;]<\/p>\n","protected":false},"author":170,"featured_media":14839,"comment_status":"open","ping_status":"open","sticky":false,"template":"","format":"standard","meta":{"footnotes":""},"categories":[191],"tags":[824,566,931,1411,1109,741,1050,1518,508],"global-categories":[1074],"class_list":["post-14836","post","type-post","status-publish","format-standard","has-post-thumbnail","hentry","category-odporucame","tag-les","tag-leto","tag-odporucame","tag-sezona-2022","tag-stupanie","tag-tip-na-vylet","tag-vrchol","tag-vtacnik","tag-vylet","global-categories-cycling"],"yoast_head":"<!-- This site is optimized with the Yoast SEO Premium plugin v25.3 (Yoast SEO v25.9) - https:\/\/yoast.com\/wordpress\/plugins\/seo\/ -->\n<title>Tip na v\u00fdlet - Tri vrcholy pohoria Vt\u00e1\u010dnik - \u0160koda We Love Cycling Slovensko<\/title>\n<meta name=\"description\" content=\"Na tento v\u00fdlet som sa chystal u\u017e dlh\u0161ie, len som si nebol ist\u00fd, \u010di to zvl\u00e1dnem. Je zn\u00e1me, \u017ee pohorie Vt\u00e1\u010dnik je sope\u010dn\u00e9ho p\u00f4vodu.\" \/>\n<meta name=\"robots\" content=\"index, follow, max-snippet:-1, max-image-preview:large, max-video-preview:-1\" \/>\n<link rel=\"canonical\" href=\"https:\/\/www.welovecycling.com\/sk\/2022\/07\/11\/tip-na-vylet-tri-vrcholy-pohoria-vtacnik\/\" \/>\n<meta property=\"og:locale\" content=\"sk_SK\" \/>\n<meta property=\"og:type\" content=\"article\" \/>\n<meta property=\"og:title\" content=\"Tip na v\u00fdlet - Tri vrcholy pohoria Vt\u00e1\u010dnik\" \/>\n<meta property=\"og:description\" content=\"Na tento v\u00fdlet som sa chystal u\u017e dlh\u0161ie, len som si nebol ist\u00fd, \u010di to zvl\u00e1dnem. Je zn\u00e1me, \u017ee pohorie Vt\u00e1\u010dnik je sope\u010dn\u00e9ho p\u00f4vodu.\" \/>\n<meta property=\"og:url\" content=\"https:\/\/www.welovecycling.com\/sk\/2022\/07\/11\/tip-na-vylet-tri-vrcholy-pohoria-vtacnik\/\" \/>\n<meta property=\"og:site_name\" content=\"\u0160koda We Love Cycling Slovensko\" \/>\n<meta property=\"article:published_time\" content=\"2022-07-11T06:48:22+00:00\" \/>\n<meta property=\"article:modified_time\" content=\"2022-09-29T10:57:59+00:00\" \/>\n<meta property=\"og:image\" content=\"https:\/\/d2p6e6u75xmxt8.cloudfront.net\/4\/2022\/07\/Tip_vylet_Vtacnik_00.JPG.webp\" \/>\n\t<meta property=\"og:image:width\" content=\"990\" \/>\n\t<meta property=\"og:image:height\" content=\"660\" \/>\n\t<meta property=\"og:image:type\" content=\"image\/webp\" \/>\n<meta name=\"author\" content=\"miksakova\" \/>\n<meta name=\"twitter:card\" content=\"summary_large_image\" \/>\n<meta name=\"twitter:label1\" content=\"Written by\" \/>\n\t<meta name=\"twitter:data1\" content=\"Radovan Vr\u0161ka\" \/>\n\t<meta name=\"twitter:label2\" content=\"Est. reading time\" \/>\n\t<meta name=\"twitter:data2\" content=\"5\" \/>\n<script type=\"application\/ld+json\" class=\"yoast-schema-graph\">{\"@context\":\"https:\/\/schema.org\",\"@graph\":[{\"@type\":\"WebPage\",\"@id\":\"https:\/\/www.welovecycling.com\/sk\/2022\/07\/11\/tip-na-vylet-tri-vrcholy-pohoria-vtacnik\/\",\"url\":\"https:\/\/www.welovecycling.com\/sk\/2022\/07\/11\/tip-na-vylet-tri-vrcholy-pohoria-vtacnik\/\",\"name\":\"Tip na v\u00fdlet - Tri vrcholy pohoria Vt\u00e1\u010dnik - \u0160koda We Love Cycling Slovensko\",\"isPartOf\":{\"@id\":\"https:\/\/www.welovecycling.com\/sk\/#website\"},\"primaryImageOfPage\":{\"@id\":\"https:\/\/www.welovecycling.com\/sk\/2022\/07\/11\/tip-na-vylet-tri-vrcholy-pohoria-vtacnik\/#primaryimage\"},\"image\":{\"@id\":\"https:\/\/www.welovecycling.com\/sk\/2022\/07\/11\/tip-na-vylet-tri-vrcholy-pohoria-vtacnik\/#primaryimage\"},\"thumbnailUrl\":\"https:\/\/d2p6e6u75xmxt8.cloudfront.net\/4\/2022\/07\/Tip_vylet_Vtacnik_00.JPG.webp\",\"datePublished\":\"2022-07-11T06:48:22+00:00\",\"dateModified\":\"2022-09-29T10:57:59+00:00\",\"author\":{\"@id\":\"https:\/\/www.welovecycling.com\/sk\/#\/schema\/person\/c6ce5af9dceed219d84a07d2ffa2cad9\"},\"description\":\"Na tento v\u00fdlet som sa chystal u\u017e dlh\u0161ie, len som si nebol ist\u00fd, \u010di to zvl\u00e1dnem. Je zn\u00e1me, \u017ee pohorie Vt\u00e1\u010dnik je sope\u010dn\u00e9ho p\u00f4vodu.\",\"breadcrumb\":{\"@id\":\"https:\/\/www.welovecycling.com\/sk\/2022\/07\/11\/tip-na-vylet-tri-vrcholy-pohoria-vtacnik\/#breadcrumb\"},\"inLanguage\":\"sk-SK\",\"potentialAction\":[{\"@type\":\"ReadAction\",\"target\":[\"https:\/\/www.welovecycling.com\/sk\/2022\/07\/11\/tip-na-vylet-tri-vrcholy-pohoria-vtacnik\/\"]}]},{\"@type\":\"ImageObject\",\"inLanguage\":\"sk-SK\",\"@id\":\"https:\/\/www.welovecycling.com\/sk\/2022\/07\/11\/tip-na-vylet-tri-vrcholy-pohoria-vtacnik\/#primaryimage\",\"url\":\"https:\/\/d2p6e6u75xmxt8.cloudfront.net\/4\/2022\/07\/Tip_vylet_Vtacnik_00.JPG.webp\",\"contentUrl\":\"https:\/\/d2p6e6u75xmxt8.cloudfront.net\/4\/2022\/07\/Tip_vylet_Vtacnik_00.JPG.webp\",\"width\":990,\"height\":660},{\"@type\":\"BreadcrumbList\",\"@id\":\"https:\/\/www.welovecycling.com\/sk\/2022\/07\/11\/tip-na-vylet-tri-vrcholy-pohoria-vtacnik\/#breadcrumb\",\"itemListElement\":[{\"@type\":\"ListItem\",\"position\":1,\"name\":\"Home\",\"item\":\"https:\/\/www.welovecycling.com\/sk\/\"},{\"@type\":\"ListItem\",\"position\":2,\"name\":\"Tip na v\u00fdlet &#8211; Tri vrcholy pohoria Vt\u00e1\u010dnik\"}]},{\"@type\":\"WebSite\",\"@id\":\"https:\/\/www.welovecycling.com\/sk\/#website\",\"url\":\"https:\/\/www.welovecycling.com\/sk\/\",\"name\":\"\u0160koda We Love Cycling Slovensko\",\"description\":\"\u0160koda We Love Cycling Slovensko je v\u00e1\u0161 ka\u017edodenn\u00fd zdroj noviniek a in\u0161pir\u00e1cie z sveta cyklistiky\",\"potentialAction\":[{\"@type\":\"SearchAction\",\"target\":{\"@type\":\"EntryPoint\",\"urlTemplate\":\"https:\/\/www.welovecycling.com\/sk\/?s={search_term_string}\"},\"query-input\":{\"@type\":\"PropertyValueSpecification\",\"valueRequired\":true,\"valueName\":\"search_term_string\"}}],\"inLanguage\":\"sk-SK\"},{\"@type\":\"Person\",\"@id\":\"https:\/\/www.welovecycling.com\/sk\/#\/schema\/person\/c6ce5af9dceed219d84a07d2ffa2cad9\",\"name\":\"miksakova\",\"image\":{\"@type\":\"ImageObject\",\"inLanguage\":\"sk-SK\",\"@id\":\"https:\/\/www.welovecycling.com\/sk\/#\/schema\/person\/image\/\",\"url\":\"https:\/\/secure.gravatar.com\/avatar\/3663fb8acb50de04150ea6f7afc1bc15aba80aad4bf92aee01bd38a79084eb7a?s=96&d=mm&r=g\",\"contentUrl\":\"https:\/\/secure.gravatar.com\/avatar\/3663fb8acb50de04150ea6f7afc1bc15aba80aad4bf92aee01bd38a79084eb7a?s=96&d=mm&r=g\",\"caption\":\"miksakova\"},\"url\":\"https:\/\/www.welovecycling.com\/sk\/author\/miksakova\/\"}]}<\/script>\n<!-- \/ Yoast SEO Premium plugin. -->","yoast_head_json":{"title":"Tip na v\u00fdlet - Tri vrcholy pohoria Vt\u00e1\u010dnik - \u0160koda We Love Cycling Slovensko","description":"Na tento v\u00fdlet som sa chystal u\u017e dlh\u0161ie, len som si nebol ist\u00fd, \u010di to zvl\u00e1dnem. Je zn\u00e1me, \u017ee pohorie Vt\u00e1\u010dnik je sope\u010dn\u00e9ho p\u00f4vodu.","robots":{"index":"index","follow":"follow","max-snippet":"max-snippet:-1","max-image-preview":"max-image-preview:large","max-video-preview":"max-video-preview:-1"},"canonical":"https:\/\/www.welovecycling.com\/sk\/2022\/07\/11\/tip-na-vylet-tri-vrcholy-pohoria-vtacnik\/","og_locale":"sk_SK","og_type":"article","og_title":"Tip na v\u00fdlet - Tri vrcholy pohoria Vt\u00e1\u010dnik","og_description":"Na tento v\u00fdlet som sa chystal u\u017e dlh\u0161ie, len som si nebol ist\u00fd, \u010di to zvl\u00e1dnem. Je zn\u00e1me, \u017ee pohorie Vt\u00e1\u010dnik je sope\u010dn\u00e9ho p\u00f4vodu.","og_url":"https:\/\/www.welovecycling.com\/sk\/2022\/07\/11\/tip-na-vylet-tri-vrcholy-pohoria-vtacnik\/","og_site_name":"\u0160koda We Love Cycling Slovensko","article_published_time":"2022-07-11T06:48:22+00:00","article_modified_time":"2022-09-29T10:57:59+00:00","og_image":[{"width":990,"height":660,"url":"https:\/\/d2p6e6u75xmxt8.cloudfront.net\/4\/2022\/07\/Tip_vylet_Vtacnik_00.JPG.webp","type":"image\/webp"}],"author":"miksakova","twitter_card":"summary_large_image","twitter_misc":{"Written by":"Radovan Vr\u0161ka","Est. reading time":"5"},"schema":{"@context":"https:\/\/schema.org","@graph":[{"@type":"WebPage","@id":"https:\/\/www.welovecycling.com\/sk\/2022\/07\/11\/tip-na-vylet-tri-vrcholy-pohoria-vtacnik\/","url":"https:\/\/www.welovecycling.com\/sk\/2022\/07\/11\/tip-na-vylet-tri-vrcholy-pohoria-vtacnik\/","name":"Tip na v\u00fdlet - Tri vrcholy pohoria Vt\u00e1\u010dnik - \u0160koda We Love Cycling Slovensko","isPartOf":{"@id":"https:\/\/www.welovecycling.com\/sk\/#website"},"primaryImageOfPage":{"@id":"https:\/\/www.welovecycling.com\/sk\/2022\/07\/11\/tip-na-vylet-tri-vrcholy-pohoria-vtacnik\/#primaryimage"},"image":{"@id":"https:\/\/www.welovecycling.com\/sk\/2022\/07\/11\/tip-na-vylet-tri-vrcholy-pohoria-vtacnik\/#primaryimage"},"thumbnailUrl":"https:\/\/d2p6e6u75xmxt8.cloudfront.net\/4\/2022\/07\/Tip_vylet_Vtacnik_00.JPG.webp","datePublished":"2022-07-11T06:48:22+00:00","dateModified":"2022-09-29T10:57:59+00:00","author":{"@id":"https:\/\/www.welovecycling.com\/sk\/#\/schema\/person\/c6ce5af9dceed219d84a07d2ffa2cad9"},"description":"Na tento v\u00fdlet som sa chystal u\u017e dlh\u0161ie, len som si nebol ist\u00fd, \u010di to zvl\u00e1dnem. Je zn\u00e1me, \u017ee pohorie Vt\u00e1\u010dnik je sope\u010dn\u00e9ho p\u00f4vodu.","breadcrumb":{"@id":"https:\/\/www.welovecycling.com\/sk\/2022\/07\/11\/tip-na-vylet-tri-vrcholy-pohoria-vtacnik\/#breadcrumb"},"inLanguage":"sk-SK","potentialAction":[{"@type":"ReadAction","target":["https:\/\/www.welovecycling.com\/sk\/2022\/07\/11\/tip-na-vylet-tri-vrcholy-pohoria-vtacnik\/"]}]},{"@type":"ImageObject","inLanguage":"sk-SK","@id":"https:\/\/www.welovecycling.com\/sk\/2022\/07\/11\/tip-na-vylet-tri-vrcholy-pohoria-vtacnik\/#primaryimage","url":"https:\/\/d2p6e6u75xmxt8.cloudfront.net\/4\/2022\/07\/Tip_vylet_Vtacnik_00.JPG.webp","contentUrl":"https:\/\/d2p6e6u75xmxt8.cloudfront.net\/4\/2022\/07\/Tip_vylet_Vtacnik_00.JPG.webp","width":990,"height":660},{"@type":"BreadcrumbList","@id":"https:\/\/www.welovecycling.com\/sk\/2022\/07\/11\/tip-na-vylet-tri-vrcholy-pohoria-vtacnik\/#breadcrumb","itemListElement":[{"@type":"ListItem","position":1,"name":"Home","item":"https:\/\/www.welovecycling.com\/sk\/"},{"@type":"ListItem","position":2,"name":"Tip na v\u00fdlet &#8211; Tri vrcholy pohoria Vt\u00e1\u010dnik"}]},{"@type":"WebSite","@id":"https:\/\/www.welovecycling.com\/sk\/#website","url":"https:\/\/www.welovecycling.com\/sk\/","name":"\u0160koda We Love Cycling Slovensko","description":"\u0160koda We Love Cycling Slovensko je v\u00e1\u0161 ka\u017edodenn\u00fd zdroj noviniek a in\u0161pir\u00e1cie z sveta cyklistiky","potentialAction":[{"@type":"SearchAction","target":{"@type":"EntryPoint","urlTemplate":"https:\/\/www.welovecycling.com\/sk\/?s={search_term_string}"},"query-input":{"@type":"PropertyValueSpecification","valueRequired":true,"valueName":"search_term_string"}}],"inLanguage":"sk-SK"},{"@type":"Person","@id":"https:\/\/www.welovecycling.com\/sk\/#\/schema\/person\/c6ce5af9dceed219d84a07d2ffa2cad9","name":"miksakova","image":{"@type":"ImageObject","inLanguage":"sk-SK","@id":"https:\/\/www.welovecycling.com\/sk\/#\/schema\/person\/image\/","url":"https:\/\/secure.gravatar.com\/avatar\/3663fb8acb50de04150ea6f7afc1bc15aba80aad4bf92aee01bd38a79084eb7a?s=96&d=mm&r=g","contentUrl":"https:\/\/secure.gravatar.com\/avatar\/3663fb8acb50de04150ea6f7afc1bc15aba80aad4bf92aee01bd38a79084eb7a?s=96&d=mm&r=g","caption":"miksakova"},"url":"https:\/\/www.welovecycling.com\/sk\/author\/miksakova\/"}]}},"_links":{"self":[{"href":"https:\/\/www.welovecycling.com\/sk\/wp-json\/wp\/v2\/posts\/14836","targetHints":{"allow":["GET"]}}],"collection":[{"href":"https:\/\/www.welovecycling.com\/sk\/wp-json\/wp\/v2\/posts"}],"about":[{"href":"https:\/\/www.welovecycling.com\/sk\/wp-json\/wp\/v2\/types\/post"}],"author":[{"embeddable":true,"href":"https:\/\/www.welovecycling.com\/sk\/wp-json\/wp\/v2\/users\/170"}],"replies":[{"embeddable":true,"href":"https:\/\/www.welovecycling.com\/sk\/wp-json\/wp\/v2\/comments?post=14836"}],"version-history":[{"count":2,"href":"https:\/\/www.welovecycling.com\/sk\/wp-json\/wp\/v2\/posts\/14836\/revisions"}],"predecessor-version":[{"id":15398,"href":"https:\/\/www.welovecycling.com\/sk\/wp-json\/wp\/v2\/posts\/14836\/revisions\/15398"}],"wp:featuredmedia":[{"embeddable":true,"href":"https:\/\/www.welovecycling.com\/sk\/wp-json\/wp\/v2\/media\/14839"}],"wp:attachment":[{"href":"https:\/\/www.welovecycling.com\/sk\/wp-json\/wp\/v2\/media?parent=14836"}],"wp:term":[{"taxonomy":"category","embeddable":true,"href":"https:\/\/www.welovecycling.com\/sk\/wp-json\/wp\/v2\/categories?post=14836"},{"taxonomy":"post_tag","embeddable":true,"href":"https:\/\/www.welovecycling.com\/sk\/wp-json\/wp\/v2\/tags?post=14836"},{"taxonomy":"global-categories","embeddable":true,"href":"https:\/\/www.welovecycling.com\/sk\/wp-json\/wp\/v2\/global-categories?post=14836"}],"curies":[{"name":"wp","href":"https:\/\/api.w.org\/{rel}","templated":true}]}}