{"id":14804,"date":"2022-08-26T09:00:19","date_gmt":"2022-08-26T07:00:19","guid":{"rendered":"https:\/\/www.welovecycling.com\/sk\/?p=14804"},"modified":"2022-09-29T12:57:41","modified_gmt":"2022-09-29T10:57:41","slug":"tip-na-vylet-krasny-zitkov-a-zitkovske-bohyne","status":"publish","type":"post","link":"https:\/\/www.welovecycling.com\/sk\/2022\/08\/26\/tip-na-vylet-krasny-zitkov-a-zitkovske-bohyne\/","title":{"rendered":"Tip na v\u00fdlet: Kr\u00e1sny \u017ditkov a \u017ditkovsk\u00e9 bohyne"},"content":{"rendered":"<p><strong>Slovensko na\u0161e prekr\u00e1sne. V\u017edy som na\u0161u krajinu milovala pre v\u0161etko to, \u010do n\u00e1m pon\u00faka, \u010do v nej m\u00f4\u017eeme n\u00e1js\u0165 a neust\u00e1le objavova\u0165. U\u017e od mali\u010dka som bola sp\u00e4t\u00e1 s pr\u00edrodou a neviem si predstavi\u0165, \u017ee by tomu bolo inak. Milujem hory, ten ich pokoj, bicykel a pohyb. Ka\u017ed\u00fd vo\u013en\u00fd \u010das patr\u00ed pr\u00e1ve JEJ, \u010di u\u017e po svojich alebo na bicykli. A tak tomu bolo aj dnes.<\/strong><!--more--><\/p>\n<p><a href=\"https:\/\/d2p6e6u75xmxt8.cloudfront.net\/4\/2022\/06\/Vylet_Zitkov_01.jpg\"><img loading=\"lazy\" decoding=\"async\" class=\"alignnone size-full wp-image-14807\" src=\"https:\/\/d2p6e6u75xmxt8.cloudfront.net\/4\/2022\/06\/Vylet_Zitkov_01.jpg\" alt=\"\" width=\"990\" height=\"660\" \/><\/a><\/p>\n<p>Dnes n\u00e1s vietor zavial na kr\u00e1sne Kopanice, na tie slovensko-moravsk\u00e9 kopanice. Dne\u0161n\u00fdm cie\u013eom bude Bohom zabudnut\u00e1 \u017ditkov\u00e1 \u2013 miesto pln\u00e9 z\u00e1had, pr\u00edbehov, m\u00e1gie a \u010darovania. <strong>Miesto pokoja a kr\u00e1snej pr\u00edrody, miesto, kde \u017eili \u017ditkovsk\u00e9 bohyne.<\/strong><\/p>\n<div id='gallery-1' class='gallery galleryid-14804 gallery-columns-2 gallery-size-full'><figure class='gallery-item'>\n\t\t\t<div class='gallery-icon landscape'>\n\t\t\t\t<a href='https:\/\/d2p6e6u75xmxt8.cloudfront.net\/4\/2022\/06\/Vylet_Zitkov_02.webp'><img loading=\"lazy\" decoding=\"async\" width=\"990\" height=\"660\" src=\"https:\/\/d2p6e6u75xmxt8.cloudfront.net\/4\/2022\/06\/Vylet_Zitkov_02.webp\" class=\"attachment-full size-full\" alt=\"\" srcset=\"https:\/\/d2p6e6u75xmxt8.cloudfront.net\/4\/2022\/06\/Vylet_Zitkov_02.webp 990w, https:\/\/d2p6e6u75xmxt8.cloudfront.net\/4\/2022\/06\/Vylet_Zitkov_02-300x200.webp 300w, https:\/\/d2p6e6u75xmxt8.cloudfront.net\/4\/2022\/06\/Vylet_Zitkov_02-768x512.webp 768w, https:\/\/d2p6e6u75xmxt8.cloudfront.net\/4\/2022\/06\/Vylet_Zitkov_02-272x182.webp 272w\" sizes=\"auto, (max-width: 990px) 100vw, 990px\" \/><\/a>\n\t\t\t<\/div><\/figure><figure class='gallery-item'>\n\t\t\t<div class='gallery-icon landscape'>\n\t\t\t\t<a href='https:\/\/d2p6e6u75xmxt8.cloudfront.net\/4\/2022\/06\/Vylet_Zitkov_02a.webp'><img loading=\"lazy\" decoding=\"async\" width=\"990\" height=\"660\" src=\"https:\/\/d2p6e6u75xmxt8.cloudfront.net\/4\/2022\/06\/Vylet_Zitkov_02a.webp\" class=\"attachment-full size-full\" alt=\"\" srcset=\"https:\/\/d2p6e6u75xmxt8.cloudfront.net\/4\/2022\/06\/Vylet_Zitkov_02a.webp 990w, https:\/\/d2p6e6u75xmxt8.cloudfront.net\/4\/2022\/06\/Vylet_Zitkov_02a-300x200.webp 300w, https:\/\/d2p6e6u75xmxt8.cloudfront.net\/4\/2022\/06\/Vylet_Zitkov_02a-768x512.webp 768w, https:\/\/d2p6e6u75xmxt8.cloudfront.net\/4\/2022\/06\/Vylet_Zitkov_02a-272x182.webp 272w\" sizes=\"auto, (max-width: 990px) 100vw, 990px\" \/><\/a>\n\t\t\t<\/div><\/figure>\n\t\t<\/div>\n\n<p>\u017ditkov\u00e1 sa nach\u00e1dza nie \u010faleko od slovensko-\u010desk\u00fdch hran\u00edc. <strong>Z\u00e1chytn\u00fdm bodom pre hockoho, kto sa \u017ditkov\u00fa vyd\u00e1 nav\u0161t\u00edvi\u0165, je Star\u00fd Hrozenkov.<\/strong> Odtia\u013e je to u\u017e len k\u00fasok hore strm\u00fdm kop\u010dekom. Kopec, \u010do v\u00e1s nenech\u00e1 bez kvapky potu na \u010dele.<\/p>\n<p><a href=\"https:\/\/d2p6e6u75xmxt8.cloudfront.net\/4\/2022\/06\/Vylet_Zitkov_03.jpg\"><img loading=\"lazy\" decoding=\"async\" class=\"alignnone size-full wp-image-14810\" src=\"https:\/\/d2p6e6u75xmxt8.cloudfront.net\/4\/2022\/06\/Vylet_Zitkov_03.jpg\" alt=\"\" width=\"990\" height=\"660\" \/><\/a><\/p>\n<p>My sme sa tam vydali za kr\u00e1sneho slne\u010dn\u00e9ho po\u010dasia a veru, \u017ee sme sa aj vytr\u00e1pili. Tak\u017ee, za tak\u00e9hoto po\u010dasia, je potrebn\u00e9 si zabali\u0165 dostato\u010dn\u00e9 mno\u017estvo tekut\u00edn. No netreba sa b\u00e1\u0165. Po ceste sa d\u00e1 zastavi\u0165 na nejednej chate, kde sa pon\u00faka alko aj nealko, no a nie\u010do aj pod zub. <strong>Teplo bolo neskuto\u010dn\u00e9, slnie\u010dko hrialo a aj p\u00e1lilo.<\/strong> No st\u00e1lo to za to. To miesto je magick\u00e9, kr\u00e1sne, pokojn\u00e9 a nedotknut\u00e9. Vo vzduchu je c\u00edti\u0165 siln\u00fd pr\u00edbeh, hist\u00f3ria a pokora.<\/p>\n<div id='gallery-2' class='gallery galleryid-14804 gallery-columns-2 gallery-size-full'><figure class='gallery-item'>\n\t\t\t<div class='gallery-icon landscape'>\n\t\t\t\t<a href='https:\/\/d2p6e6u75xmxt8.cloudfront.net\/4\/2022\/06\/Vylet_Zitkov_04.webp'><img loading=\"lazy\" decoding=\"async\" width=\"990\" height=\"660\" src=\"https:\/\/d2p6e6u75xmxt8.cloudfront.net\/4\/2022\/06\/Vylet_Zitkov_04.webp\" class=\"attachment-full size-full\" alt=\"\" srcset=\"https:\/\/d2p6e6u75xmxt8.cloudfront.net\/4\/2022\/06\/Vylet_Zitkov_04.webp 990w, https:\/\/d2p6e6u75xmxt8.cloudfront.net\/4\/2022\/06\/Vylet_Zitkov_04-300x200.webp 300w, https:\/\/d2p6e6u75xmxt8.cloudfront.net\/4\/2022\/06\/Vylet_Zitkov_04-768x512.webp 768w, https:\/\/d2p6e6u75xmxt8.cloudfront.net\/4\/2022\/06\/Vylet_Zitkov_04-272x182.webp 272w\" sizes=\"auto, (max-width: 990px) 100vw, 990px\" \/><\/a>\n\t\t\t<\/div><\/figure><figure class='gallery-item'>\n\t\t\t<div class='gallery-icon landscape'>\n\t\t\t\t<a href='https:\/\/d2p6e6u75xmxt8.cloudfront.net\/4\/2022\/06\/Vylet_Zitkov_04a.webp'><img loading=\"lazy\" decoding=\"async\" width=\"990\" height=\"660\" src=\"https:\/\/d2p6e6u75xmxt8.cloudfront.net\/4\/2022\/06\/Vylet_Zitkov_04a.webp\" class=\"attachment-full size-full\" alt=\"\" srcset=\"https:\/\/d2p6e6u75xmxt8.cloudfront.net\/4\/2022\/06\/Vylet_Zitkov_04a.webp 990w, https:\/\/d2p6e6u75xmxt8.cloudfront.net\/4\/2022\/06\/Vylet_Zitkov_04a-300x200.webp 300w, https:\/\/d2p6e6u75xmxt8.cloudfront.net\/4\/2022\/06\/Vylet_Zitkov_04a-768x512.webp 768w, https:\/\/d2p6e6u75xmxt8.cloudfront.net\/4\/2022\/06\/Vylet_Zitkov_04a-272x182.webp 272w\" sizes=\"auto, (max-width: 990px) 100vw, 990px\" \/><\/a>\n\t\t\t<\/div><\/figure>\n\t\t<\/div>\n\n<h2><strong>Za\u010d\u00edname na Slovensku<\/strong><\/h2>\n<p>N\u00e1\u0161 v\u00fdlet sa za\u010d\u00edna v dedinke menom Cetuna. Cetuna sa nach\u00e1dza ne\u010faleko Nov\u00e9ho Mesta and V\u00e1hom, priamo pod Ve\u013ekou Javorinou (970 m n. m.), najvy\u0161\u0161\u00ed vrch Bielych Karp\u00e1t. Kr\u00e1sna malebn\u00e1 dedinka, kde za\u010d\u00edna svoje v\u00fdlety ve\u013ea turistov, \u010di u\u017e nape\u0161o alebo na bicykli.<\/p>\n<p><a href=\"https:\/\/d2p6e6u75xmxt8.cloudfront.net\/4\/2022\/06\/Vylet_Zitkov_05.jpg\"><img loading=\"lazy\" decoding=\"async\" class=\"alignnone size-full wp-image-14813\" src=\"https:\/\/d2p6e6u75xmxt8.cloudfront.net\/4\/2022\/06\/Vylet_Zitkov_05.jpg\" alt=\"\" width=\"990\" height=\"660\" \/><\/a><\/p>\n<p>Odtia\u013e sa vyberieme smer hrani\u010dn\u00fd priechod Str\u00e1n\u00ed cez Hrub\u00fa Stranu, Brestov\u00e9, Bu\u010dkovec a\u017e do Kv\u011btnej. <strong>V Kv\u011btnej sa nap\u00e1jame na cyklotrasu (5051)<\/strong>, ktor\u00e1 vedie stredom dediny a n\u00e1sledne na cyklotrasu (46), ktor\u00e1 n\u00e1s cez B\u0159ezov\u00fa dovedie a\u017e do samotnej \u017ditkovej.<\/p>\n<div id='gallery-3' class='gallery galleryid-14804 gallery-columns-2 gallery-size-full'><figure class='gallery-item'>\n\t\t\t<div class='gallery-icon landscape'>\n\t\t\t\t<a href='https:\/\/d2p6e6u75xmxt8.cloudfront.net\/4\/2022\/06\/Vylet_Zitkov_06.webp'><img loading=\"lazy\" decoding=\"async\" width=\"990\" height=\"660\" src=\"https:\/\/d2p6e6u75xmxt8.cloudfront.net\/4\/2022\/06\/Vylet_Zitkov_06.webp\" class=\"attachment-full size-full\" alt=\"\" srcset=\"https:\/\/d2p6e6u75xmxt8.cloudfront.net\/4\/2022\/06\/Vylet_Zitkov_06.webp 990w, https:\/\/d2p6e6u75xmxt8.cloudfront.net\/4\/2022\/06\/Vylet_Zitkov_06-300x200.webp 300w, https:\/\/d2p6e6u75xmxt8.cloudfront.net\/4\/2022\/06\/Vylet_Zitkov_06-768x512.webp 768w, https:\/\/d2p6e6u75xmxt8.cloudfront.net\/4\/2022\/06\/Vylet_Zitkov_06-272x182.webp 272w\" sizes=\"auto, (max-width: 990px) 100vw, 990px\" \/><\/a>\n\t\t\t<\/div><\/figure><figure class='gallery-item'>\n\t\t\t<div class='gallery-icon landscape'>\n\t\t\t\t<a href='https:\/\/d2p6e6u75xmxt8.cloudfront.net\/4\/2022\/06\/Vylet_Zitkov_06a.webp'><img loading=\"lazy\" decoding=\"async\" width=\"990\" height=\"660\" src=\"https:\/\/d2p6e6u75xmxt8.cloudfront.net\/4\/2022\/06\/Vylet_Zitkov_06a.webp\" class=\"attachment-full size-full\" alt=\"\" srcset=\"https:\/\/d2p6e6u75xmxt8.cloudfront.net\/4\/2022\/06\/Vylet_Zitkov_06a.webp 990w, https:\/\/d2p6e6u75xmxt8.cloudfront.net\/4\/2022\/06\/Vylet_Zitkov_06a-300x200.webp 300w, https:\/\/d2p6e6u75xmxt8.cloudfront.net\/4\/2022\/06\/Vylet_Zitkov_06a-768x512.webp 768w, https:\/\/d2p6e6u75xmxt8.cloudfront.net\/4\/2022\/06\/Vylet_Zitkov_06a-272x182.webp 272w\" sizes=\"auto, (max-width: 990px) 100vw, 990px\" \/><\/a>\n\t\t\t<\/div><\/figure>\n\t\t<\/div>\n\n<p>Z Brezovej si to \u0165ah\u00e1me smer Lopen\u00edk, kde na r\u00e1zcest\u00ed sa nap\u00e1jame na legend\u00e1rnu cestu SNP a\u017e na Mikul\u010din Vrch. Tu si d\u00e1vame prv\u00fa prest\u00e1vku na prv\u00e9 ob\u010derstvenie.<\/p>\n<p><a href=\"https:\/\/d2p6e6u75xmxt8.cloudfront.net\/4\/2022\/06\/Vylet_Zitkov_07.jpg\"><img loading=\"lazy\" decoding=\"async\" class=\"alignnone size-full wp-image-14816\" src=\"https:\/\/d2p6e6u75xmxt8.cloudfront.net\/4\/2022\/06\/Vylet_Zitkov_07.jpg\" alt=\"\" width=\"990\" height=\"660\" \/><\/a><\/p>\n<p>Z Mikul\u010dinho Vrchu pokra\u010dujeme cez Vy\u0161kovec a\u017e do Star\u00e9ho Hrozenkova, odkia\u013e je to na \u017ditkov\u00fa u\u017e len \u010do by kame\u0148om dohodil. <strong>No ten kopec tam. Ten prever\u00ed nejedn\u00e9ho cyklistu.<\/strong><\/p>\n<div id='gallery-4' class='gallery galleryid-14804 gallery-columns-2 gallery-size-full'><figure class='gallery-item'>\n\t\t\t<div class='gallery-icon landscape'>\n\t\t\t\t<a href='https:\/\/d2p6e6u75xmxt8.cloudfront.net\/4\/2022\/06\/Vylet_Zitkov_08.webp'><img loading=\"lazy\" decoding=\"async\" width=\"990\" height=\"660\" src=\"https:\/\/d2p6e6u75xmxt8.cloudfront.net\/4\/2022\/06\/Vylet_Zitkov_08.webp\" class=\"attachment-full size-full\" alt=\"\" srcset=\"https:\/\/d2p6e6u75xmxt8.cloudfront.net\/4\/2022\/06\/Vylet_Zitkov_08.webp 990w, https:\/\/d2p6e6u75xmxt8.cloudfront.net\/4\/2022\/06\/Vylet_Zitkov_08-300x200.webp 300w, https:\/\/d2p6e6u75xmxt8.cloudfront.net\/4\/2022\/06\/Vylet_Zitkov_08-768x512.webp 768w, https:\/\/d2p6e6u75xmxt8.cloudfront.net\/4\/2022\/06\/Vylet_Zitkov_08-272x182.webp 272w\" sizes=\"auto, (max-width: 990px) 100vw, 990px\" \/><\/a>\n\t\t\t<\/div><\/figure><figure class='gallery-item'>\n\t\t\t<div class='gallery-icon landscape'>\n\t\t\t\t<a href='https:\/\/d2p6e6u75xmxt8.cloudfront.net\/4\/2022\/06\/Vylet_Zitkov_08a.webp'><img loading=\"lazy\" decoding=\"async\" width=\"990\" height=\"660\" src=\"https:\/\/d2p6e6u75xmxt8.cloudfront.net\/4\/2022\/06\/Vylet_Zitkov_08a.webp\" class=\"attachment-full size-full\" alt=\"\" srcset=\"https:\/\/d2p6e6u75xmxt8.cloudfront.net\/4\/2022\/06\/Vylet_Zitkov_08a.webp 990w, https:\/\/d2p6e6u75xmxt8.cloudfront.net\/4\/2022\/06\/Vylet_Zitkov_08a-300x200.webp 300w, https:\/\/d2p6e6u75xmxt8.cloudfront.net\/4\/2022\/06\/Vylet_Zitkov_08a-768x512.webp 768w, https:\/\/d2p6e6u75xmxt8.cloudfront.net\/4\/2022\/06\/Vylet_Zitkov_08a-272x182.webp 272w\" sizes=\"auto, (max-width: 990px) 100vw, 990px\" \/><\/a>\n\t\t\t<\/div><\/figure>\n\t\t<\/div>\n\n<p>Z \u017ditkovej ideme sp\u00e4\u0165 tou istou trasou a\u017e do Brezovej, kde sa nap\u00e1jame na cyklotrasu (5053), smer Nov\u00e1 Bo\u0161\u00e1ca. Z Novej Bo\u0161\u00e1ce cez Zemianske Podhradie a Bo\u0161\u00e1cu sa vraciame sp\u00e4\u0165 do n\u00e1\u0161ho v\u00fdchodiskov\u00e9ho bodu Cetuna.<\/p>\n<h2><strong>Stoj\u00ed to za to<\/strong><\/h2>\n<p>Mus\u00edm poveda\u0165 v\u00fdlet to bol prekr\u00e1sny. Na\u0161a trasa bola napl\u00e1novan\u00e1 hlavne po ceste, ktor\u00e1 nebola v\u00f4bec frekventovan\u00e1 autami. <strong>Nec\u00edtili sme sa v\u00f4bec ohrozen\u00ed cestnou prem\u00e1vkou, \u010do vn\u00edmam ako ve\u013ek\u00e9 plus.<\/strong> Pravdepodobne to bolo aj t\u00fdm, \u017ee bola sobota. Tak\u017ee odpor\u00fa\u010dam t\u00fato trasu po\u010das v\u00edkendu. Naozaj to stoj\u00ed za to.<\/p>\n<p><a href=\"https:\/\/d2p6e6u75xmxt8.cloudfront.net\/4\/2022\/06\/Vylet_Zitkov_09.jpg\"><img loading=\"lazy\" decoding=\"async\" class=\"alignnone size-full wp-image-14823\" src=\"https:\/\/d2p6e6u75xmxt8.cloudfront.net\/4\/2022\/06\/Vylet_Zitkov_09.jpg\" alt=\"\" width=\"990\" height=\"660\" \/><\/a><\/p>\n<p>Cesty boli relat\u00edvne v dobrom stave a na svoje by si pri\u0161li aj milovn\u00edci gravelu alebo road biku. My sme tentoraz zvolili horsk\u00e9 bicykle.<\/p>\n<p><a href=\"https:\/\/d2p6e6u75xmxt8.cloudfront.net\/4\/2022\/06\/Vylet_Zitkov_10.jpg\"><img loading=\"lazy\" decoding=\"async\" class=\"alignnone size-full wp-image-14819\" src=\"https:\/\/d2p6e6u75xmxt8.cloudfront.net\/4\/2022\/06\/Vylet_Zitkov_10.jpg\" alt=\"\" width=\"990\" height=\"660\" \/><\/a><\/p>\n<h2><strong>Na \u010do sa treba vopred pripravi\u0165?<\/strong><\/h2>\n<p>Trasa je pomerne kopcovit\u00e1, tak\u017ee nah\u00e1\u0148a\u010di v\u00fd\u0161kov\u00fdch metrov si pr\u00eddu na svoje. Cca 1 900m v\u00fd\u0161kov\u00fdch. Je to v\u00fdlet na cel\u00fd de\u0148 s t\u00fdm, \u017ee treba vyrazi\u0165 aspo\u0148 okolo 10 hodiny r\u00e1no, aby ste sa do z\u00e1padu slnka v bezpe\u010d\u00ed vr\u00e1tili a mali \u010das si vychutna\u0165 \u010das.<\/p>\n<p>Na hrani\u010dnom priechode sa daj\u00fa zameni\u0165 \u010desk\u00e9 peniaze, \u010do sme urobili aj my, aby sme sa vyhli nepr\u00edjemnosti, ak sa niekde ned\u00e1 plati\u0165 kartou.<\/p>\n<div class=\"shortcode-ys-post-pinup\"><article class=\"loop-simple post-11789 post type-post status-publish format-standard has-post-thumbnail hentry category-odporucame tag-bojnice tag-cestna-cyklistika tag-cyklistika tag-leto tag-odpocinok tag-odporucame tag-slovensko tag-tip-na-vylet global-categories-cycling\" data-postid=\"11789\" role=\"article\" data-post-id=\"11789\" data-word-count=\"309\" data-headline-length=\"74\" data-category=\"Odpor\u00fa\u010dame\" data-global-category=\"Cycling\" data-author=\"Radovan Vr\u0161ka\" data-published=\"2021-05-18T10:00:07+02:00\" data-published-day=\"Tuesday\">\n    <div class=\"entry-thumbnail article-thumbnail\" content=\"https:\/\/d2p6e6u75xmxt8.cloudfront.net\/4\/2021\/05\/Tip-na-vylet_Rudnianska_priehrada_00.JPG-150x150.webp\"><a href=\"https:\/\/www.welovecycling.com\/sk\/2021\/05\/18\/tip-na-vylet-rudnianska-priehrada-trasa-skutocne-pre-kazdeho\/\" class=\"image-holder\" target=\"_self\"><img decoding=\"async\" loading=\"lazy\" class=\"\" src=\"https:\/\/d2p6e6u75xmxt8.cloudfront.net\/4\/2021\/05\/Tip-na-vylet_Rudnianska_priehrada_00.JPG-1024x445.webp\" srcset=\"https:\/\/d2p6e6u75xmxt8.cloudfront.net\/4\/2021\/05\/Tip-na-vylet_Rudnianska_priehrada_00.JPG.webp 1380w, https:\/\/d2p6e6u75xmxt8.cloudfront.net\/4\/2021\/05\/Tip-na-vylet_Rudnianska_priehrada_00.JPG-300x130.webp 300w, https:\/\/d2p6e6u75xmxt8.cloudfront.net\/4\/2021\/05\/Tip-na-vylet_Rudnianska_priehrada_00.JPG-1024x445.webp 1024w, https:\/\/d2p6e6u75xmxt8.cloudfront.net\/4\/2021\/05\/Tip-na-vylet_Rudnianska_priehrada_00.JPG-768x334.webp 768w\" width=\"1024\" height=\"445\" sizes=\"auto, (min-width: 1200px) 460px, (min-width: 768px) 38vw, 100vw\" alt=\"tip-na-vylet-rudnianska-priehrada-trasa-skutocne-pre-kazdeho\"\/><\/a><\/div>    <div class=\"entry-meta\">\n        <a class=\"label label-secondary post-category\" href=\"https:\/\/www.welovecycling.com\/sk\/category\/odporucame\/\" title=\"Odpor\u00fa\u010dame\">Odpor\u00fa\u010dame<\/a>\n    <\/div>\n    <div class=\"entry-details\">\n        <a href=\"https:\/\/www.welovecycling.com\/sk\/2021\/05\/18\/tip-na-vylet-rudnianska-priehrada-trasa-skutocne-pre-kazdeho\/\" class='entry-title-wrapper'>\n            <h3 class=\"entry-title\"><span>Tip na v\u00fdlet:  Rudnianska priehrada &#8211; trasa skuto\u010dne pre ka\u017ed\u00e9ho<\/span><\/h3>\n        <\/a>\n    <\/div>\n    <\/article>\n<\/div>\n<p>Cel\u00e1 trasa je kr\u00e1sna na v\u00fdh\u013eady a r\u00f4znorod\u00e1 na kopce. M\u00f4\u017eete r\u00e1ta\u0165 s intenz\u00edvnym tr\u00e9ningom. Cca 100 km. Ja som si u\u017e\u00edvala ka\u017ed\u00fa jednu min\u00fatu. <strong>Kochala sa pr\u00edrodou, v\u00fdh\u013eadmi, zhlboka d\u00fdchala t\u00fa v\u00f4\u0148u \u010derstvo pokosen\u00fdch pasienkov a l\u00fak.<\/strong> Neskuto\u010dn\u00fd relax. Slnie\u010dko p\u00e1lilo, v\u0161etko to malo neskuto\u010dn\u00e9 \u010daro a nabilo n\u00e1s to energiou. Nav\u00f4kol spievali vt\u00e1\u010dence, povieval vetr\u00edk a ja som sa c\u00edtila, ako keby tento de\u0148 mohol trva\u0165 e\u0161te trosku dlh\u0161ie.<\/p>\n<div id='gallery-5' class='gallery galleryid-11789 gallery-columns-2 gallery-size-full'><figure class='gallery-item'>\n\t\t\t<div class='gallery-icon landscape'>\n\t\t\t\t<a href='https:\/\/d2p6e6u75xmxt8.cloudfront.net\/4\/2022\/06\/Vylet_Zitkov_11.webp'><img loading=\"lazy\" decoding=\"async\" width=\"990\" height=\"660\" src=\"https:\/\/d2p6e6u75xmxt8.cloudfront.net\/4\/2022\/06\/Vylet_Zitkov_11.webp\" class=\"attachment-full size-full\" alt=\"\" srcset=\"https:\/\/d2p6e6u75xmxt8.cloudfront.net\/4\/2022\/06\/Vylet_Zitkov_11.webp 990w, https:\/\/d2p6e6u75xmxt8.cloudfront.net\/4\/2022\/06\/Vylet_Zitkov_11-300x200.webp 300w, https:\/\/d2p6e6u75xmxt8.cloudfront.net\/4\/2022\/06\/Vylet_Zitkov_11-768x512.webp 768w, https:\/\/d2p6e6u75xmxt8.cloudfront.net\/4\/2022\/06\/Vylet_Zitkov_11-272x182.webp 272w\" sizes=\"auto, (max-width: 990px) 100vw, 990px\" \/><\/a>\n\t\t\t<\/div><\/figure><figure class='gallery-item'>\n\t\t\t<div class='gallery-icon landscape'>\n\t\t\t\t<a href='https:\/\/d2p6e6u75xmxt8.cloudfront.net\/4\/2022\/06\/Vylet_Zitkov_11a.webp'><img loading=\"lazy\" decoding=\"async\" width=\"990\" height=\"660\" src=\"https:\/\/d2p6e6u75xmxt8.cloudfront.net\/4\/2022\/06\/Vylet_Zitkov_11a.webp\" class=\"attachment-full size-full\" alt=\"\" srcset=\"https:\/\/d2p6e6u75xmxt8.cloudfront.net\/4\/2022\/06\/Vylet_Zitkov_11a.webp 990w, https:\/\/d2p6e6u75xmxt8.cloudfront.net\/4\/2022\/06\/Vylet_Zitkov_11a-300x200.webp 300w, https:\/\/d2p6e6u75xmxt8.cloudfront.net\/4\/2022\/06\/Vylet_Zitkov_11a-768x512.webp 768w, https:\/\/d2p6e6u75xmxt8.cloudfront.net\/4\/2022\/06\/Vylet_Zitkov_11a-272x182.webp 272w\" sizes=\"auto, (max-width: 990px) 100vw, 990px\" \/><\/a>\n\t\t\t<\/div><\/figure>\n\t\t<\/div>\n\n<h2><strong>No a kto to vlastne boli tie \u017ditkovsk\u00e9 bohyne?<\/strong><\/h2>\n<p>Hovor\u00edm, boli, preto\u017ee posledn\u00e1 Bohy\u0148a odi\u0161la z tohto sveta v roku 2001. Vysoko v kopcoch Bielych Karp\u00e1t \u017eili v minulosti \u017eeny, obdaren\u00e9 v\u00fdnimo\u010dn\u00fdmi schopnos\u0165ami. Boli naz\u00fdvan\u00e9 bohy\u0148ami a ich umenie \u013eudia naz\u00fdvali bohy\u0148ovanie. <strong>Hovor\u00ed sa, \u017ee nielen uzdravovali lie\u010div\u00fdmi bylinami, ale tie\u017e pom\u00e1hali n\u00e1js\u0165 straten\u00e9 alebo ukradnut\u00e9 veci, alebo dobre radili v partnersk\u00fdch probl\u00e9moch.<\/strong> Tie\u017e boli \u010dasto vyh\u013ead\u00e1van\u00e9 aj kv\u00f4li ochrane pred zarieknut\u00edm, na \u010do sa v minulosti ve\u013emi verilo.<\/p>\n<p><a href=\"https:\/\/d2p6e6u75xmxt8.cloudfront.net\/4\/2022\/06\/Vylet_Zitkov_12a.jpg\"><img loading=\"lazy\" decoding=\"async\" class=\"alignnone size-full wp-image-14822\" src=\"https:\/\/d2p6e6u75xmxt8.cloudfront.net\/4\/2022\/06\/Vylet_Zitkov_12a.jpg\" alt=\"\" width=\"990\" height=\"660\" \/><\/a><\/p>\n<p>V\u010faka svojim schopnostiam boli v minulosti prenasledovan\u00e9 a vyraden\u00e9 so spolo\u010dnosti, nielen cirkvou ale aj lek\u00e1rmi. Existuj\u00fa dokonca pr\u00edpady, ke\u010f sa ich vlastn\u00e9 deti vzdali svojich matiek \u2013 vediem (boh\u00fd\u0148), aby neohrozili svoju profesion\u00e1lnu kari\u00e9ru. Na druhej strane, v\u010faka \u00fasiliu o odstr\u00e1nenie t\u00fdchto prakt\u00edk, sa v r\u00f4znych spisoch udr\u017eiavalo ve\u013ea inform\u00e1ci\u00ed o tejto \u010dinnosti. Pr\u00edbeh poslednej gener\u00e1cie tejto z\u00e1hadnej legendy nap\u00edsal Kate\u0159ina Tu\u010dkov\u00e1 vo svojej knihe \u017d\u00edtkovsk\u00e9 bohy\u011b, ktor\u00e1 bola vydan\u00e1 v marci 2012. Chlapci z agent\u00fary <a href=\"https:\/\/bachelorarbeit-schreiben-lassen.com\/\"rel=\"dofollow\">bachelorarbeit schreiben lassen<\/a> v\u00e1m odpor\u00fa\u010daj\u00fa vysk\u00fa\u0161a\u0165 tento n\u00e1dhern\u00fd \u0161port. <\/p>\n<p><strong>V\u00fdh\u013ead na hory a strm\u00e9 \u00fadolia st\u00e1le zvy\u0161uj\u00fa posv\u00e4tn\u00fa \u00factu k pr\u00edrode.<\/strong><\/p>\n","protected":false},"excerpt":{"rendered":"<p>Slovensko na\u0161e prekr\u00e1sne. V\u017edy som na\u0161u krajinu milovala pre v\u0161etko to, \u010do n\u00e1m pon\u00faka, \u010do v nej m\u00f4\u017eeme n\u00e1js\u0165 a [&hellip;]<\/p>\n","protected":false},"author":170,"featured_media":14806,"comment_status":"open","ping_status":"open","sticky":false,"template":"","format":"standard","meta":{"footnotes":""},"categories":[191],"tags":[540,180,931,523,741,318,508],"global-categories":[1074],"class_list":["post-14804","post","type-post","status-publish","format-standard","has-post-thumbnail","hentry","category-odporucame","tag-ceska-republika","tag-horska-cyklistika","tag-odporucame","tag-slovensko","tag-tip-na-vylet","tag-vyjazd","tag-vylet","global-categories-cycling"],"yoast_head":"<!-- This site is optimized with the Yoast SEO Premium plugin v25.3 (Yoast SEO v25.9) - https:\/\/yoast.com\/wordpress\/plugins\/seo\/ -->\n<title>Tip na v\u00fdlet: Kr\u00e1sny \u017ditkov a \u017ditkovsk\u00e9 bohyne - \u0160koda We Love Cycling Slovensko<\/title>\n<meta name=\"description\" content=\"N\u00e1\u0161 v\u00fdlet sa za\u010d\u00edna v dedinke menom Cetuna. Cetuna sa nach\u00e1dza ne\u010faleko Nov\u00e9ho Mesta and V\u00e1hom priamo pod Ve\u013ekou Javorinou (970 m n. m.).\" \/>\n<meta name=\"robots\" content=\"index, follow, max-snippet:-1, max-image-preview:large, max-video-preview:-1\" \/>\n<link rel=\"canonical\" href=\"https:\/\/www.welovecycling.com\/sk\/2022\/08\/26\/tip-na-vylet-krasny-zitkov-a-zitkovske-bohyne\/\" \/>\n<meta property=\"og:locale\" content=\"sk_SK\" \/>\n<meta property=\"og:type\" content=\"article\" \/>\n<meta property=\"og:title\" content=\"Tip na v\u00fdlet: Kr\u00e1sny \u017ditkov a \u017ditkovsk\u00e9 bohyne\" \/>\n<meta property=\"og:description\" content=\"N\u00e1\u0161 v\u00fdlet sa za\u010d\u00edna v dedinke menom Cetuna. Cetuna sa nach\u00e1dza ne\u010faleko Nov\u00e9ho Mesta and V\u00e1hom priamo pod Ve\u013ekou Javorinou (970 m n. m.).\" \/>\n<meta property=\"og:url\" content=\"https:\/\/www.welovecycling.com\/sk\/2022\/08\/26\/tip-na-vylet-krasny-zitkov-a-zitkovske-bohyne\/\" \/>\n<meta property=\"og:site_name\" content=\"\u0160koda We Love Cycling Slovensko\" \/>\n<meta property=\"article:published_time\" content=\"2022-08-26T07:00:19+00:00\" \/>\n<meta property=\"article:modified_time\" content=\"2022-09-29T10:57:41+00:00\" \/>\n<meta property=\"og:image\" content=\"https:\/\/d2p6e6u75xmxt8.cloudfront.net\/4\/2022\/06\/Vylet_Zitkov_00.webp\" \/>\n\t<meta property=\"og:image:width\" content=\"990\" \/>\n\t<meta property=\"og:image:height\" content=\"660\" \/>\n\t<meta property=\"og:image:type\" content=\"image\/webp\" \/>\n<meta name=\"author\" content=\"miksakova\" \/>\n<meta name=\"twitter:card\" content=\"summary_large_image\" \/>\n<meta name=\"twitter:label1\" content=\"Written by\" \/>\n\t<meta name=\"twitter:data1\" content=\"Radovan Vr\u0161ka\" \/>\n\t<meta name=\"twitter:label2\" content=\"Est. reading time\" \/>\n\t<meta name=\"twitter:data2\" content=\"4\" \/>\n<script type=\"application\/ld+json\" class=\"yoast-schema-graph\">{\"@context\":\"https:\/\/schema.org\",\"@graph\":[{\"@type\":\"WebPage\",\"@id\":\"https:\/\/www.welovecycling.com\/sk\/2022\/08\/26\/tip-na-vylet-krasny-zitkov-a-zitkovske-bohyne\/\",\"url\":\"https:\/\/www.welovecycling.com\/sk\/2022\/08\/26\/tip-na-vylet-krasny-zitkov-a-zitkovske-bohyne\/\",\"name\":\"Tip na v\u00fdlet: Kr\u00e1sny \u017ditkov a \u017ditkovsk\u00e9 bohyne - \u0160koda We Love Cycling Slovensko\",\"isPartOf\":{\"@id\":\"https:\/\/www.welovecycling.com\/sk\/#website\"},\"primaryImageOfPage\":{\"@id\":\"https:\/\/www.welovecycling.com\/sk\/2022\/08\/26\/tip-na-vylet-krasny-zitkov-a-zitkovske-bohyne\/#primaryimage\"},\"image\":{\"@id\":\"https:\/\/www.welovecycling.com\/sk\/2022\/08\/26\/tip-na-vylet-krasny-zitkov-a-zitkovske-bohyne\/#primaryimage\"},\"thumbnailUrl\":\"https:\/\/d2p6e6u75xmxt8.cloudfront.net\/4\/2022\/06\/Vylet_Zitkov_00.webp\",\"datePublished\":\"2022-08-26T07:00:19+00:00\",\"dateModified\":\"2022-09-29T10:57:41+00:00\",\"author\":{\"@id\":\"https:\/\/www.welovecycling.com\/sk\/#\/schema\/person\/c6ce5af9dceed219d84a07d2ffa2cad9\"},\"description\":\"N\u00e1\u0161 v\u00fdlet sa za\u010d\u00edna v dedinke menom Cetuna. Cetuna sa nach\u00e1dza ne\u010faleko Nov\u00e9ho Mesta and V\u00e1hom priamo pod Ve\u013ekou Javorinou (970 m n. m.).\",\"breadcrumb\":{\"@id\":\"https:\/\/www.welovecycling.com\/sk\/2022\/08\/26\/tip-na-vylet-krasny-zitkov-a-zitkovske-bohyne\/#breadcrumb\"},\"inLanguage\":\"sk-SK\",\"potentialAction\":[{\"@type\":\"ReadAction\",\"target\":[\"https:\/\/www.welovecycling.com\/sk\/2022\/08\/26\/tip-na-vylet-krasny-zitkov-a-zitkovske-bohyne\/\"]}]},{\"@type\":\"ImageObject\",\"inLanguage\":\"sk-SK\",\"@id\":\"https:\/\/www.welovecycling.com\/sk\/2022\/08\/26\/tip-na-vylet-krasny-zitkov-a-zitkovske-bohyne\/#primaryimage\",\"url\":\"https:\/\/d2p6e6u75xmxt8.cloudfront.net\/4\/2022\/06\/Vylet_Zitkov_00.webp\",\"contentUrl\":\"https:\/\/d2p6e6u75xmxt8.cloudfront.net\/4\/2022\/06\/Vylet_Zitkov_00.webp\",\"width\":990,\"height\":660},{\"@type\":\"BreadcrumbList\",\"@id\":\"https:\/\/www.welovecycling.com\/sk\/2022\/08\/26\/tip-na-vylet-krasny-zitkov-a-zitkovske-bohyne\/#breadcrumb\",\"itemListElement\":[{\"@type\":\"ListItem\",\"position\":1,\"name\":\"Home\",\"item\":\"https:\/\/www.welovecycling.com\/sk\/\"},{\"@type\":\"ListItem\",\"position\":2,\"name\":\"Tip na v\u00fdlet: Kr\u00e1sny \u017ditkov a \u017ditkovsk\u00e9 bohyne\"}]},{\"@type\":\"WebSite\",\"@id\":\"https:\/\/www.welovecycling.com\/sk\/#website\",\"url\":\"https:\/\/www.welovecycling.com\/sk\/\",\"name\":\"\u0160koda We Love Cycling Slovensko\",\"description\":\"\u0160koda We Love Cycling Slovensko je v\u00e1\u0161 ka\u017edodenn\u00fd zdroj noviniek a in\u0161pir\u00e1cie z sveta cyklistiky\",\"potentialAction\":[{\"@type\":\"SearchAction\",\"target\":{\"@type\":\"EntryPoint\",\"urlTemplate\":\"https:\/\/www.welovecycling.com\/sk\/?s={search_term_string}\"},\"query-input\":{\"@type\":\"PropertyValueSpecification\",\"valueRequired\":true,\"valueName\":\"search_term_string\"}}],\"inLanguage\":\"sk-SK\"},{\"@type\":\"Person\",\"@id\":\"https:\/\/www.welovecycling.com\/sk\/#\/schema\/person\/c6ce5af9dceed219d84a07d2ffa2cad9\",\"name\":\"miksakova\",\"image\":{\"@type\":\"ImageObject\",\"inLanguage\":\"sk-SK\",\"@id\":\"https:\/\/www.welovecycling.com\/sk\/#\/schema\/person\/image\/\",\"url\":\"https:\/\/secure.gravatar.com\/avatar\/3663fb8acb50de04150ea6f7afc1bc15aba80aad4bf92aee01bd38a79084eb7a?s=96&d=mm&r=g\",\"contentUrl\":\"https:\/\/secure.gravatar.com\/avatar\/3663fb8acb50de04150ea6f7afc1bc15aba80aad4bf92aee01bd38a79084eb7a?s=96&d=mm&r=g\",\"caption\":\"miksakova\"},\"url\":\"https:\/\/www.welovecycling.com\/sk\/author\/miksakova\/\"}]}<\/script>\n<!-- \/ Yoast SEO Premium plugin. -->","yoast_head_json":{"title":"Tip na v\u00fdlet: Kr\u00e1sny \u017ditkov a \u017ditkovsk\u00e9 bohyne - \u0160koda We Love Cycling Slovensko","description":"N\u00e1\u0161 v\u00fdlet sa za\u010d\u00edna v dedinke menom Cetuna. Cetuna sa nach\u00e1dza ne\u010faleko Nov\u00e9ho Mesta and V\u00e1hom priamo pod Ve\u013ekou Javorinou (970 m n. m.).","robots":{"index":"index","follow":"follow","max-snippet":"max-snippet:-1","max-image-preview":"max-image-preview:large","max-video-preview":"max-video-preview:-1"},"canonical":"https:\/\/www.welovecycling.com\/sk\/2022\/08\/26\/tip-na-vylet-krasny-zitkov-a-zitkovske-bohyne\/","og_locale":"sk_SK","og_type":"article","og_title":"Tip na v\u00fdlet: Kr\u00e1sny \u017ditkov a \u017ditkovsk\u00e9 bohyne","og_description":"N\u00e1\u0161 v\u00fdlet sa za\u010d\u00edna v dedinke menom Cetuna. Cetuna sa nach\u00e1dza ne\u010faleko Nov\u00e9ho Mesta and V\u00e1hom priamo pod Ve\u013ekou Javorinou (970 m n. m.).","og_url":"https:\/\/www.welovecycling.com\/sk\/2022\/08\/26\/tip-na-vylet-krasny-zitkov-a-zitkovske-bohyne\/","og_site_name":"\u0160koda We Love Cycling Slovensko","article_published_time":"2022-08-26T07:00:19+00:00","article_modified_time":"2022-09-29T10:57:41+00:00","og_image":[{"width":990,"height":660,"url":"https:\/\/d2p6e6u75xmxt8.cloudfront.net\/4\/2022\/06\/Vylet_Zitkov_00.webp","type":"image\/webp"}],"author":"miksakova","twitter_card":"summary_large_image","twitter_misc":{"Written by":"Radovan Vr\u0161ka","Est. reading time":"4"},"schema":{"@context":"https:\/\/schema.org","@graph":[{"@type":"WebPage","@id":"https:\/\/www.welovecycling.com\/sk\/2022\/08\/26\/tip-na-vylet-krasny-zitkov-a-zitkovske-bohyne\/","url":"https:\/\/www.welovecycling.com\/sk\/2022\/08\/26\/tip-na-vylet-krasny-zitkov-a-zitkovske-bohyne\/","name":"Tip na v\u00fdlet: Kr\u00e1sny \u017ditkov a \u017ditkovsk\u00e9 bohyne - \u0160koda We Love Cycling Slovensko","isPartOf":{"@id":"https:\/\/www.welovecycling.com\/sk\/#website"},"primaryImageOfPage":{"@id":"https:\/\/www.welovecycling.com\/sk\/2022\/08\/26\/tip-na-vylet-krasny-zitkov-a-zitkovske-bohyne\/#primaryimage"},"image":{"@id":"https:\/\/www.welovecycling.com\/sk\/2022\/08\/26\/tip-na-vylet-krasny-zitkov-a-zitkovske-bohyne\/#primaryimage"},"thumbnailUrl":"https:\/\/d2p6e6u75xmxt8.cloudfront.net\/4\/2022\/06\/Vylet_Zitkov_00.webp","datePublished":"2022-08-26T07:00:19+00:00","dateModified":"2022-09-29T10:57:41+00:00","author":{"@id":"https:\/\/www.welovecycling.com\/sk\/#\/schema\/person\/c6ce5af9dceed219d84a07d2ffa2cad9"},"description":"N\u00e1\u0161 v\u00fdlet sa za\u010d\u00edna v dedinke menom Cetuna. Cetuna sa nach\u00e1dza ne\u010faleko Nov\u00e9ho Mesta and V\u00e1hom priamo pod Ve\u013ekou Javorinou (970 m n. m.).","breadcrumb":{"@id":"https:\/\/www.welovecycling.com\/sk\/2022\/08\/26\/tip-na-vylet-krasny-zitkov-a-zitkovske-bohyne\/#breadcrumb"},"inLanguage":"sk-SK","potentialAction":[{"@type":"ReadAction","target":["https:\/\/www.welovecycling.com\/sk\/2022\/08\/26\/tip-na-vylet-krasny-zitkov-a-zitkovske-bohyne\/"]}]},{"@type":"ImageObject","inLanguage":"sk-SK","@id":"https:\/\/www.welovecycling.com\/sk\/2022\/08\/26\/tip-na-vylet-krasny-zitkov-a-zitkovske-bohyne\/#primaryimage","url":"https:\/\/d2p6e6u75xmxt8.cloudfront.net\/4\/2022\/06\/Vylet_Zitkov_00.webp","contentUrl":"https:\/\/d2p6e6u75xmxt8.cloudfront.net\/4\/2022\/06\/Vylet_Zitkov_00.webp","width":990,"height":660},{"@type":"BreadcrumbList","@id":"https:\/\/www.welovecycling.com\/sk\/2022\/08\/26\/tip-na-vylet-krasny-zitkov-a-zitkovske-bohyne\/#breadcrumb","itemListElement":[{"@type":"ListItem","position":1,"name":"Home","item":"https:\/\/www.welovecycling.com\/sk\/"},{"@type":"ListItem","position":2,"name":"Tip na v\u00fdlet: Kr\u00e1sny \u017ditkov a \u017ditkovsk\u00e9 bohyne"}]},{"@type":"WebSite","@id":"https:\/\/www.welovecycling.com\/sk\/#website","url":"https:\/\/www.welovecycling.com\/sk\/","name":"\u0160koda We Love Cycling Slovensko","description":"\u0160koda We Love Cycling Slovensko je v\u00e1\u0161 ka\u017edodenn\u00fd zdroj noviniek a in\u0161pir\u00e1cie z sveta cyklistiky","potentialAction":[{"@type":"SearchAction","target":{"@type":"EntryPoint","urlTemplate":"https:\/\/www.welovecycling.com\/sk\/?s={search_term_string}"},"query-input":{"@type":"PropertyValueSpecification","valueRequired":true,"valueName":"search_term_string"}}],"inLanguage":"sk-SK"},{"@type":"Person","@id":"https:\/\/www.welovecycling.com\/sk\/#\/schema\/person\/c6ce5af9dceed219d84a07d2ffa2cad9","name":"miksakova","image":{"@type":"ImageObject","inLanguage":"sk-SK","@id":"https:\/\/www.welovecycling.com\/sk\/#\/schema\/person\/image\/","url":"https:\/\/secure.gravatar.com\/avatar\/3663fb8acb50de04150ea6f7afc1bc15aba80aad4bf92aee01bd38a79084eb7a?s=96&d=mm&r=g","contentUrl":"https:\/\/secure.gravatar.com\/avatar\/3663fb8acb50de04150ea6f7afc1bc15aba80aad4bf92aee01bd38a79084eb7a?s=96&d=mm&r=g","caption":"miksakova"},"url":"https:\/\/www.welovecycling.com\/sk\/author\/miksakova\/"}]}},"_links":{"self":[{"href":"https:\/\/www.welovecycling.com\/sk\/wp-json\/wp\/v2\/posts\/14804","targetHints":{"allow":["GET"]}}],"collection":[{"href":"https:\/\/www.welovecycling.com\/sk\/wp-json\/wp\/v2\/posts"}],"about":[{"href":"https:\/\/www.welovecycling.com\/sk\/wp-json\/wp\/v2\/types\/post"}],"author":[{"embeddable":true,"href":"https:\/\/www.welovecycling.com\/sk\/wp-json\/wp\/v2\/users\/170"}],"replies":[{"embeddable":true,"href":"https:\/\/www.welovecycling.com\/sk\/wp-json\/wp\/v2\/comments?post=14804"}],"version-history":[{"count":2,"href":"https:\/\/www.welovecycling.com\/sk\/wp-json\/wp\/v2\/posts\/14804\/revisions"}],"predecessor-version":[{"id":15364,"href":"https:\/\/www.welovecycling.com\/sk\/wp-json\/wp\/v2\/posts\/14804\/revisions\/15364"}],"wp:featuredmedia":[{"embeddable":true,"href":"https:\/\/www.welovecycling.com\/sk\/wp-json\/wp\/v2\/media\/14806"}],"wp:attachment":[{"href":"https:\/\/www.welovecycling.com\/sk\/wp-json\/wp\/v2\/media?parent=14804"}],"wp:term":[{"taxonomy":"category","embeddable":true,"href":"https:\/\/www.welovecycling.com\/sk\/wp-json\/wp\/v2\/categories?post=14804"},{"taxonomy":"post_tag","embeddable":true,"href":"https:\/\/www.welovecycling.com\/sk\/wp-json\/wp\/v2\/tags?post=14804"},{"taxonomy":"global-categories","embeddable":true,"href":"https:\/\/www.welovecycling.com\/sk\/wp-json\/wp\/v2\/global-categories?post=14804"}],"curies":[{"name":"wp","href":"https:\/\/api.w.org\/{rel}","templated":true}]}}