{"id":14788,"date":"2022-07-01T10:00:16","date_gmt":"2022-07-01T08:00:16","guid":{"rendered":"https:\/\/www.welovecycling.com\/sk\/?p=14788"},"modified":"2022-09-29T12:58:01","modified_gmt":"2022-09-29T10:58:01","slug":"julovy-prehlad-slovenskych-podujati-letna-davka-cyklistiky","status":"publish","type":"post","link":"https:\/\/www.welovecycling.com\/sk\/2022\/07\/01\/julovy-prehlad-slovenskych-podujati-letna-davka-cyklistiky\/","title":{"rendered":"J\u00falov\u00fd preh\u013ead slovensk\u00fdch podujat\u00ed \u2013 letn\u00e1 d\u00e1vka cyklistiky"},"content":{"rendered":"<p><strong>Ofici\u00e1lne za\u010dalo leto, \u010das pr\u00e1zdnin a\u00a0dovoleniek, no a\u00a0to je spr\u00e1vne obdobie na poriadnu d\u00e1vku cyklistick\u00fdch pretekov a\u00a0marat\u00f3nov. Nejako sa n\u00e1m tento mesiac nazbierali akcie na v\u00fdchode Slovenska, ale zauj\u00edmav\u00e9 akcie n\u00e1jdete po celej krajine, sta\u010d\u00ed si len vybra\u0165.<\/strong><!--more--><\/p>\n<h2><strong>02. 07. 2022 &#8211; Okolo Doma\u0161e<\/strong><\/h2>\n<p>\u0160trn\u00e1sty ro\u010dn\u00edk pohodovej akcie na v\u00fdchode Slovenska. Najlep\u0161\u00ed sp\u00f4sob, ako si nes\u00fa\u0165a\u017ene vysk\u00fa\u0161a\u0165 tak\u00fato hromadn\u00fa akciu, ak pl\u00e1nujete \u00eds\u0165 na svoje prv\u00e9 skuto\u010dn\u00e9 preteky. U\u017e pod\u013ea n\u00e1zvu je jasn\u00e9, \u017ee sa jazd\u00ed okruh okolo Doma\u0161e. <strong>\u0160tart aj cie\u013e je na mieste nazvanom Dobr\u00e1-pl\u00e1\u017e a\u00a0nie s\u00fa \u017eiadne obmedzenia veku<\/strong>, \u010doho dobr\u00fdm d\u00f4kazom s\u00fa minul\u00e9 ro\u010dn\u00edky, ke\u010f sa na \u0161tart postavili rovnako deti aj \u013eudia v\u00a0d\u00f4chodkovom veku. \u00da\u010das\u0165 cyklistov je v\u017edy ve\u013ek\u00e1 a\u00a0v\u00a0minulosti sa akcia v\u010faka nej dokonca zap\u00edsala do Slovenskej knihy rekordov.<\/p>\n<figure id=\"attachment_14797\" aria-describedby=\"caption-attachment-14797\" style=\"width: 990px\" class=\"wp-caption alignnone\"><a href=\"https:\/\/d2p6e6u75xmxt8.cloudfront.net\/4\/2022\/06\/01-1.jpg\"><img loading=\"lazy\" decoding=\"async\" src=\"https:\/\/d2p6e6u75xmxt8.cloudfront.net\/4\/2022\/06\/01-1.jpg\" alt=\"\" width=\"990\" height=\"660\" class=\"size-full wp-image-14797\" \/><\/a><figcaption id=\"caption-attachment-14797\" class=\"wp-caption-text\">Foto: <a href=\"https:\/\/okolo-domase.sk\/galeria\/\" rel=\"noopener\" target=\"_blank\">okolodomase.sk<\/a><\/figcaption><\/figure>\n<h2><strong>03. 07. 2022 &#8211; 2. kolo SPDH <\/strong><\/h2>\n<p>Prv\u00e9 kolo sa odjazdilo v Bikepark Ko\u0161\u00fatka, ktor\u00e9 malo ide\u00e1lne upraven\u00fa r\u00fdchlu tra\u0165 a\u00a0dobr\u00e9 po\u010dasie. Druh\u00e9 kolo Slovensk\u00e9ho poh\u00e1ra sa bude kona\u0165 na trati v M\u00fdte pod \u010eumbierom. <strong>\u0160tart je vo v\u00fd\u0161ke 883 m n.m. a\u00a0cie\u013e v\u00a0592 m n.m, \u010di\u017ee celkov\u00e9 prev\u00fd\u0161enie 291 m. D\u013a\u017eka trate je 1 500 metrov.<\/strong> U\u017e od piatku je okrem registr\u00e1cie mo\u017enos\u0165 tr\u00e9ningov. V\u00a0nede\u013eu u\u017e registr\u00e1cia nie je mo\u017en\u00e1 a\u00a0tento de\u0148 bude patri\u0165 semifin\u00e1le a\u00a0samotn\u00e9mu fin\u00e1le.\n<lite-youtube videoid=Gz98ZcVhebY params=\"enablejsapi=1\" style=\"background-image: url('https:\/\/i.ytimg.com\/vi_webp\/Gz98ZcVhebY\/maxresdefault.webp');\"><\/lite-youtube>\n<h2><strong>07. 07. 2022 &#8211; Trnava \u2013 Rysy<\/strong><\/h2>\n<p>Chcete sa v\u00a0jeden de\u0148 dosta\u0165 na bicykli z\u00a0Trnavy a\u017e na Rysy? Nie je probl\u00e9m, sta\u010d\u00ed sa zapoji\u0165 do tejto zauj\u00edmavej akcie. <strong>A\u017e na Rysy sa s\u00edce bicyklom nedostanete, ale cie\u013e je pri hoteli Tatranec v\u00a0Tatranskej Lomnici<\/strong>, \u010do je skuto\u010dne priamo pod \u0161t\u00edtmi Tatier. Po\u010das d\u0148a si viete da\u0165 do tela, napr\u00edklad pri st\u00fapan\u00ed na \u010certovicu, ale nemus\u00edte sa ob\u00e1va\u0165, preto\u017ee cel\u00e1 akcia je v\u00a0pohodovom tempe a\u00a0po\u010das cesty s\u00fa viacer\u00e9 zast\u00e1vky, \u010di u\u017e na obed, alebo na kr\u00e1tke zastavenie na\u00a0zauj\u00edmav\u00fdch miestach. <\/p>\n<h2><strong>09. 07. 2022 &#8211; Smoln\u00edcky MTB marat\u00f3n \u2013 Smoln\u00edk<\/strong><\/h2>\n<p>Prv\u00fd ro\u010dn\u00edk sa konal u\u017e v\u00a0roku 2015 a\u00a0tak preteky u\u017e maj\u00fa za sebou celkom bohat\u00fa hist\u00f3riu. Trasy vo Volovsk\u00fdch vrchoch si nie\u010do tak\u00e9 doslova \u017eiadali, preto\u017ee kataster obce patr\u00ed medzi najlesnatej\u0161\u00ed na Slovensku. <strong>Jazdi\u0165 sa bud\u00fa dve trasy, Mal\u00fd okruh m\u00e1\u00a0d\u013a\u017eku 20 km, prev\u00fd\u0161enie 676 m a\u00a0Ve\u013ek\u00fd okruh d\u013a\u017eku 50 km s\u00a0prev\u00fd\u0161en\u00edm 2 402 m.<\/strong> Online registr\u00e1cia trv\u00e1 len do 6. j\u00fala, tak sa popon\u00e1h\u013eajte, aby ste to stihli. Samozrejmos\u0165ou bude aj dobr\u00fd gul\u00e1\u0161, \u010di mo\u017enos\u0165 ok\u00fapa\u0165 sa v\u00a0tajchu.<\/p>\n<figure id=\"attachment_14798\" aria-describedby=\"caption-attachment-14798\" style=\"width: 990px\" class=\"wp-caption alignnone\"><a href=\"https:\/\/d2p6e6u75xmxt8.cloudfront.net\/4\/2022\/06\/02.jpeg\"><img loading=\"lazy\" decoding=\"async\" src=\"https:\/\/d2p6e6u75xmxt8.cloudfront.net\/4\/2022\/06\/02.jpeg\" alt=\"\" width=\"990\" height=\"660\" class=\"size-full wp-image-14798\" \/><\/a><figcaption id=\"caption-attachment-14798\" class=\"wp-caption-text\">Foto: <a href=\"http:\/\/smolnickymtbmaraton.sk\" rel=\"noopener\" target=\"_blank\">smolnickymtbmaraton.sk<\/a><\/figcaption><\/figure>\n<h2><strong>09. 07. 2022 &#8211; Ondavsk\u00fd cyklomarat\u00f3n \u2013 Stropkov<\/strong><\/h2>\n<p>V\u00a0rovnak\u00fd de\u0148 sa konaj\u00fa dve akcie a\u00a0ak si v\u00a0tento de\u0148 chcete \u00eds\u0165 zajazdi\u0165 e\u0161te viac na v\u00fdchod Slovenska, m\u00e1me pre v\u00e1s pozv\u00e1nku na Ondavsk\u00fd cyklomarat\u00f3n do Stropkova. <strong>K\u00a0dispoz\u00edcii s\u00fa tri trate ozna\u010den\u00e9 farebne.<\/strong> Trasa Blue m\u00e1 d\u013a\u017eku 18 km a\u00a0je preva\u017ene po ceste s\u00a0kr\u00e1tkymi lesn\u00fdmi \u00fasekmi. Trasa Green m\u00e1 d\u013a\u017eku 35 km a\u00a0u\u017e je n\u00e1ro\u010dnej\u0161ia, preto\u017ee vedie cez lesn\u00fd a\u00a0l\u00fa\u010dny ter\u00e9n. Pre t\u00fdch skuto\u010dne sk\u00fasen\u00fdch cyklistov je pripraven\u00e1 najn\u00e1ro\u010dnej\u0161ia trasa, ozna\u010den\u00e1 ako Red, ktor\u00e1 m\u00e1 d\u013a\u017eku 65 km.<\/p>\n<div class=\"shortcode-ys-post-pinup\"><article class=\"loop-simple post-14775 post type-post status-publish format-standard has-post-thumbnail hentry category-podujatia tag-ceska-republika tag-cestna-cyklistika tag-etapove-preteky tag-holandsko tag-horska-cyklistika tag-leto tag-maraton tag-mtb tag-odporucame tag-preteky tag-rakusko tag-sezona-2022 tag-slovinsko tag-tour-de-france global-categories-cycling\" data-postid=\"14775\" role=\"article\" data-post-id=\"14775\" data-word-count=\"596\" data-headline-length=\"43\" data-category=\"Podujatia\" data-global-category=\"Cycling\" data-author=\"Radovan Vr\u0161ka\" data-published=\"2022-06-30T10:00:37+02:00\" data-published-day=\"Thursday\">\n    <div class=\"entry-thumbnail article-thumbnail\" content=\"https:\/\/d2p6e6u75xmxt8.cloudfront.net\/4\/2022\/06\/Julova_desiatka_00-150x150.webp\"><a href=\"https:\/\/www.welovecycling.com\/sk\/2022\/06\/30\/julova-desiatka-mtb-a-cestnych-pretekov\/\" class=\"image-holder\" target=\"_self\"><img decoding=\"async\" loading=\"lazy\" class=\"\" src=\"https:\/\/d2p6e6u75xmxt8.cloudfront.net\/4\/2022\/06\/Julova_desiatka_00.webp\" srcset=\"https:\/\/d2p6e6u75xmxt8.cloudfront.net\/4\/2022\/06\/Julova_desiatka_00.webp 990w, https:\/\/d2p6e6u75xmxt8.cloudfront.net\/4\/2022\/06\/Julova_desiatka_00-300x200.webp 300w, https:\/\/d2p6e6u75xmxt8.cloudfront.net\/4\/2022\/06\/Julova_desiatka_00-768x512.webp 768w, https:\/\/d2p6e6u75xmxt8.cloudfront.net\/4\/2022\/06\/Julova_desiatka_00-272x182.webp 272w\" width=\"990\" height=\"660\" sizes=\"auto, (min-width: 1200px) 300px, (min-width: 768px) 25vw, 100vw\" alt=\"julova-desiatka-mtb-a-cestnych-pretekov\"\/><\/a><\/div>    <div class=\"entry-meta\">\n        <a class=\"label label-secondary post-category\" href=\"https:\/\/www.welovecycling.com\/sk\/category\/podujatia\/\" title=\"Podujatia\">Podujatia<\/a>\n    <\/div>\n    <div class=\"entry-details\">\n        <a href=\"https:\/\/www.welovecycling.com\/sk\/2022\/06\/30\/julova-desiatka-mtb-a-cestnych-pretekov\/\" class='entry-title-wrapper'>\n            <h3 class=\"entry-title\"><span>J\u00falov\u00e1 desiatka MTB a\u00a0cestn\u00fdch pretekov<\/span><\/h3>\n        <\/a>\n    <\/div>\n    <\/article>\n<\/div>\n<h2><strong>21. 07. \u2013 23. 07. 2022 &#8211; Spi\u0161sk\u00fdch 333 Extreme \u2013 Spi\u0161sk\u00e1 Nov\u00e1 Ves<\/strong><\/h2>\n<p>Preteky pre t\u00fdch, ktor\u00ed potrebuj\u00fa skuto\u010dn\u00fa cyklistick\u00fa v\u00fdzvu. Najdlh\u0161ia tra\u0165 meria 333 km. Ak sa v\u00e1m to zd\u00e1 ve\u013ea, vybra\u0165 si m\u00f4\u017eete aj krat\u0161ie trate \u2013 222 km, 111 km, 66 km a\u00a011 km rodinn\u00fa tra\u0165. Jedin\u00e9 \u010do v\u00e1s obmedzuje je \u010dasov\u00fd limit 33 hod\u00edn. <strong>Po\u010das pretekov je len na v\u00e1s, ako dlho budete jazdi\u0165 a\u00a0kedy budete oddychova\u0165.<\/strong> Organiz\u00e1tori odpor\u00fa\u010daj\u00fa hlavne kvalitn\u00e9 osvetlenie a\u00a0dobr\u00fa GPS navig\u00e1ciu. Nezabudnite si v\u0161ak pribali\u0165 aj such\u00e9 oble\u010denie a\u00a0lek\u00e1rni\u010dku.\n<lite-youtube videoid=xdLe_xFzgRo params=\"enablejsapi=1\" style=\"background-image: url('https:\/\/i.ytimg.com\/vi_webp\/xdLe_xFzgRo\/maxresdefault.webp');\"><\/lite-youtube>\n<h2><strong>23. 07. \u2013 24. 07. 2022 &#8211; MTBIKER Hornonitrianska Enduro S\u00e9ria \u2013 Ve\u013ek\u00e1 Leh\u00f4tka<\/strong><\/h2>\n<p>\u0160tyri kol\u00e1 tohto zauj\u00edmav\u00e9ho podujatia v\u00a0strede Slovenska sa konaj\u00fa s\u00a0podporou MTBIKER. Prv\u00e9 kolo sa odjazdilo u\u017e v\u00a0m\u00e1ji v\u00a0Partiz\u00e1nskom na Ba\u0165ovych trailoch, druh\u00e9 kolo na tratiach v\u00a0Drozdove a\u00a0<strong>tretie kolo sa bude kona\u0165 vo Ve\u013ekej Leh\u00f4tke<\/strong>. Na rozdiel od druh\u00e9ho kola, kde bol k\u00a0dispoz\u00edcii vlek, si tu mus\u00edte kopec vy\u0161liapa\u0165, no je to kr\u00e1sna lokalita a\u00a0trate s\u00fa dostato\u010dne technick\u00e9, pln\u00e9 kore\u0148ov a\u00a0kamenist\u00fdch \u00fasekov.<\/p>\n","protected":false},"excerpt":{"rendered":"<p>Ofici\u00e1lne za\u010dalo leto, \u010das pr\u00e1zdnin a\u00a0dovoleniek, no a\u00a0to je spr\u00e1vne obdobie na poriadnu d\u00e1vku cyklistick\u00fdch pretekov a\u00a0marat\u00f3nov. Nejako sa n\u00e1m [&hellip;]<\/p>\n","protected":false},"author":170,"featured_media":14796,"comment_status":"open","ping_status":"open","sticky":false,"template":"","format":"standard","meta":{"footnotes":""},"categories":[34],"tags":[478,115,180,812,566,178,412,1517,931,37,179,1411,523,1072,183],"global-categories":[1074],"class_list":["post-14788","post","type-post","status-publish","format-standard","has-post-thumbnail","hentry","category-podujatia","tag-akcia","tag-cestna-cyklistika","tag-horska-cyklistika","tag-jul","tag-leto","tag-maraton","tag-mtb","tag-mtbiker","tag-odporucame","tag-podujatia","tag-preteky","tag-sezona-2022","tag-slovensko","tag-trat","tag-zabava","global-categories-cycling"],"yoast_head":"<!-- This site is optimized with the Yoast SEO Premium plugin v25.3 (Yoast SEO v25.9) - https:\/\/yoast.com\/wordpress\/plugins\/seo\/ -->\n<title>J\u00falov\u00fd preh\u013ead slovensk\u00fdch podujat\u00ed \u2013 letn\u00e1 d\u00e1vka cyklistiky - \u0160koda We Love Cycling Slovensko<\/title>\n<meta name=\"description\" content=\"Ofici\u00e1lne za\u010dalo leto, \u010das pr\u00e1zdnin a\u00a0dovoleniek, no a\u00a0to je aj obdobie na poriadnu letn\u00fa d\u00e1vku cyklistiky. Akcie n\u00e1jdete po celej krajine.\" \/>\n<meta name=\"robots\" content=\"index, follow, max-snippet:-1, max-image-preview:large, max-video-preview:-1\" \/>\n<link rel=\"canonical\" href=\"https:\/\/www.welovecycling.com\/sk\/2022\/07\/01\/julovy-prehlad-slovenskych-podujati-letna-davka-cyklistiky\/\" \/>\n<meta property=\"og:locale\" content=\"sk_SK\" \/>\n<meta property=\"og:type\" content=\"article\" \/>\n<meta property=\"og:title\" content=\"J\u00falov\u00fd preh\u013ead slovensk\u00fdch podujat\u00ed \u2013 letn\u00e1 d\u00e1vka cyklistiky\" \/>\n<meta property=\"og:description\" content=\"Ofici\u00e1lne za\u010dalo leto, \u010das pr\u00e1zdnin a\u00a0dovoleniek, no a\u00a0to je aj obdobie na poriadnu letn\u00fa d\u00e1vku cyklistiky. Akcie n\u00e1jdete po celej krajine.\" \/>\n<meta property=\"og:url\" content=\"https:\/\/www.welovecycling.com\/sk\/2022\/07\/01\/julovy-prehlad-slovenskych-podujati-letna-davka-cyklistiky\/\" \/>\n<meta property=\"og:site_name\" content=\"\u0160koda We Love Cycling Slovensko\" \/>\n<meta property=\"article:published_time\" content=\"2022-07-01T08:00:16+00:00\" \/>\n<meta property=\"article:modified_time\" content=\"2022-09-29T10:58:01+00:00\" \/>\n<meta property=\"og:image\" content=\"https:\/\/d2p6e6u75xmxt8.cloudfront.net\/4\/2022\/06\/00-1.webp\" \/>\n\t<meta property=\"og:image:width\" content=\"990\" \/>\n\t<meta property=\"og:image:height\" content=\"660\" \/>\n\t<meta property=\"og:image:type\" content=\"image\/webp\" \/>\n<meta name=\"author\" content=\"miksakova\" \/>\n<meta name=\"twitter:card\" content=\"summary_large_image\" \/>\n<meta name=\"twitter:label1\" content=\"Written by\" \/>\n\t<meta name=\"twitter:data1\" content=\"Radovan Vr\u0161ka\" \/>\n\t<meta name=\"twitter:label2\" content=\"Est. reading time\" \/>\n\t<meta name=\"twitter:data2\" content=\"7\" \/>\n<script type=\"application\/ld+json\" class=\"yoast-schema-graph\">{\"@context\":\"https:\/\/schema.org\",\"@graph\":[{\"@type\":\"WebPage\",\"@id\":\"https:\/\/www.welovecycling.com\/sk\/2022\/07\/01\/julovy-prehlad-slovenskych-podujati-letna-davka-cyklistiky\/\",\"url\":\"https:\/\/www.welovecycling.com\/sk\/2022\/07\/01\/julovy-prehlad-slovenskych-podujati-letna-davka-cyklistiky\/\",\"name\":\"J\u00falov\u00fd preh\u013ead slovensk\u00fdch podujat\u00ed \u2013 letn\u00e1 d\u00e1vka cyklistiky - \u0160koda We Love Cycling Slovensko\",\"isPartOf\":{\"@id\":\"https:\/\/www.welovecycling.com\/sk\/#website\"},\"primaryImageOfPage\":{\"@id\":\"https:\/\/www.welovecycling.com\/sk\/2022\/07\/01\/julovy-prehlad-slovenskych-podujati-letna-davka-cyklistiky\/#primaryimage\"},\"image\":{\"@id\":\"https:\/\/www.welovecycling.com\/sk\/2022\/07\/01\/julovy-prehlad-slovenskych-podujati-letna-davka-cyklistiky\/#primaryimage\"},\"thumbnailUrl\":\"https:\/\/d2p6e6u75xmxt8.cloudfront.net\/4\/2022\/06\/00-1.webp\",\"datePublished\":\"2022-07-01T08:00:16+00:00\",\"dateModified\":\"2022-09-29T10:58:01+00:00\",\"author\":{\"@id\":\"https:\/\/www.welovecycling.com\/sk\/#\/schema\/person\/c6ce5af9dceed219d84a07d2ffa2cad9\"},\"description\":\"Ofici\u00e1lne za\u010dalo leto, \u010das pr\u00e1zdnin a\u00a0dovoleniek, no a\u00a0to je aj obdobie na poriadnu letn\u00fa d\u00e1vku cyklistiky. Akcie n\u00e1jdete po celej krajine.\",\"breadcrumb\":{\"@id\":\"https:\/\/www.welovecycling.com\/sk\/2022\/07\/01\/julovy-prehlad-slovenskych-podujati-letna-davka-cyklistiky\/#breadcrumb\"},\"inLanguage\":\"sk-SK\",\"potentialAction\":[{\"@type\":\"ReadAction\",\"target\":[\"https:\/\/www.welovecycling.com\/sk\/2022\/07\/01\/julovy-prehlad-slovenskych-podujati-letna-davka-cyklistiky\/\"]}]},{\"@type\":\"ImageObject\",\"inLanguage\":\"sk-SK\",\"@id\":\"https:\/\/www.welovecycling.com\/sk\/2022\/07\/01\/julovy-prehlad-slovenskych-podujati-letna-davka-cyklistiky\/#primaryimage\",\"url\":\"https:\/\/d2p6e6u75xmxt8.cloudfront.net\/4\/2022\/06\/00-1.webp\",\"contentUrl\":\"https:\/\/d2p6e6u75xmxt8.cloudfront.net\/4\/2022\/06\/00-1.webp\",\"width\":990,\"height\":660},{\"@type\":\"BreadcrumbList\",\"@id\":\"https:\/\/www.welovecycling.com\/sk\/2022\/07\/01\/julovy-prehlad-slovenskych-podujati-letna-davka-cyklistiky\/#breadcrumb\",\"itemListElement\":[{\"@type\":\"ListItem\",\"position\":1,\"name\":\"Home\",\"item\":\"https:\/\/www.welovecycling.com\/sk\/\"},{\"@type\":\"ListItem\",\"position\":2,\"name\":\"J\u00falov\u00fd preh\u013ead slovensk\u00fdch podujat\u00ed \u2013 letn\u00e1 d\u00e1vka cyklistiky\"}]},{\"@type\":\"WebSite\",\"@id\":\"https:\/\/www.welovecycling.com\/sk\/#website\",\"url\":\"https:\/\/www.welovecycling.com\/sk\/\",\"name\":\"\u0160koda We Love Cycling Slovensko\",\"description\":\"\u0160koda We Love Cycling Slovensko je v\u00e1\u0161 ka\u017edodenn\u00fd zdroj noviniek a in\u0161pir\u00e1cie z sveta cyklistiky\",\"potentialAction\":[{\"@type\":\"SearchAction\",\"target\":{\"@type\":\"EntryPoint\",\"urlTemplate\":\"https:\/\/www.welovecycling.com\/sk\/?s={search_term_string}\"},\"query-input\":{\"@type\":\"PropertyValueSpecification\",\"valueRequired\":true,\"valueName\":\"search_term_string\"}}],\"inLanguage\":\"sk-SK\"},{\"@type\":\"Person\",\"@id\":\"https:\/\/www.welovecycling.com\/sk\/#\/schema\/person\/c6ce5af9dceed219d84a07d2ffa2cad9\",\"name\":\"miksakova\",\"image\":{\"@type\":\"ImageObject\",\"inLanguage\":\"sk-SK\",\"@id\":\"https:\/\/www.welovecycling.com\/sk\/#\/schema\/person\/image\/\",\"url\":\"https:\/\/secure.gravatar.com\/avatar\/3663fb8acb50de04150ea6f7afc1bc15aba80aad4bf92aee01bd38a79084eb7a?s=96&d=mm&r=g\",\"contentUrl\":\"https:\/\/secure.gravatar.com\/avatar\/3663fb8acb50de04150ea6f7afc1bc15aba80aad4bf92aee01bd38a79084eb7a?s=96&d=mm&r=g\",\"caption\":\"miksakova\"},\"url\":\"https:\/\/www.welovecycling.com\/sk\/author\/miksakova\/\"}]}<\/script>\n<!-- \/ Yoast SEO Premium plugin. -->","yoast_head_json":{"title":"J\u00falov\u00fd preh\u013ead slovensk\u00fdch podujat\u00ed \u2013 letn\u00e1 d\u00e1vka cyklistiky - \u0160koda We Love Cycling Slovensko","description":"Ofici\u00e1lne za\u010dalo leto, \u010das pr\u00e1zdnin a\u00a0dovoleniek, no a\u00a0to je aj obdobie na poriadnu letn\u00fa d\u00e1vku cyklistiky. Akcie n\u00e1jdete po celej krajine.","robots":{"index":"index","follow":"follow","max-snippet":"max-snippet:-1","max-image-preview":"max-image-preview:large","max-video-preview":"max-video-preview:-1"},"canonical":"https:\/\/www.welovecycling.com\/sk\/2022\/07\/01\/julovy-prehlad-slovenskych-podujati-letna-davka-cyklistiky\/","og_locale":"sk_SK","og_type":"article","og_title":"J\u00falov\u00fd preh\u013ead slovensk\u00fdch podujat\u00ed \u2013 letn\u00e1 d\u00e1vka cyklistiky","og_description":"Ofici\u00e1lne za\u010dalo leto, \u010das pr\u00e1zdnin a\u00a0dovoleniek, no a\u00a0to je aj obdobie na poriadnu letn\u00fa d\u00e1vku cyklistiky. Akcie n\u00e1jdete po celej krajine.","og_url":"https:\/\/www.welovecycling.com\/sk\/2022\/07\/01\/julovy-prehlad-slovenskych-podujati-letna-davka-cyklistiky\/","og_site_name":"\u0160koda We Love Cycling Slovensko","article_published_time":"2022-07-01T08:00:16+00:00","article_modified_time":"2022-09-29T10:58:01+00:00","og_image":[{"width":990,"height":660,"url":"https:\/\/d2p6e6u75xmxt8.cloudfront.net\/4\/2022\/06\/00-1.webp","type":"image\/webp"}],"author":"miksakova","twitter_card":"summary_large_image","twitter_misc":{"Written by":"Radovan Vr\u0161ka","Est. reading time":"7"},"schema":{"@context":"https:\/\/schema.org","@graph":[{"@type":"WebPage","@id":"https:\/\/www.welovecycling.com\/sk\/2022\/07\/01\/julovy-prehlad-slovenskych-podujati-letna-davka-cyklistiky\/","url":"https:\/\/www.welovecycling.com\/sk\/2022\/07\/01\/julovy-prehlad-slovenskych-podujati-letna-davka-cyklistiky\/","name":"J\u00falov\u00fd preh\u013ead slovensk\u00fdch podujat\u00ed \u2013 letn\u00e1 d\u00e1vka cyklistiky - \u0160koda We Love Cycling Slovensko","isPartOf":{"@id":"https:\/\/www.welovecycling.com\/sk\/#website"},"primaryImageOfPage":{"@id":"https:\/\/www.welovecycling.com\/sk\/2022\/07\/01\/julovy-prehlad-slovenskych-podujati-letna-davka-cyklistiky\/#primaryimage"},"image":{"@id":"https:\/\/www.welovecycling.com\/sk\/2022\/07\/01\/julovy-prehlad-slovenskych-podujati-letna-davka-cyklistiky\/#primaryimage"},"thumbnailUrl":"https:\/\/d2p6e6u75xmxt8.cloudfront.net\/4\/2022\/06\/00-1.webp","datePublished":"2022-07-01T08:00:16+00:00","dateModified":"2022-09-29T10:58:01+00:00","author":{"@id":"https:\/\/www.welovecycling.com\/sk\/#\/schema\/person\/c6ce5af9dceed219d84a07d2ffa2cad9"},"description":"Ofici\u00e1lne za\u010dalo leto, \u010das pr\u00e1zdnin a\u00a0dovoleniek, no a\u00a0to je aj obdobie na poriadnu letn\u00fa d\u00e1vku cyklistiky. Akcie n\u00e1jdete po celej krajine.","breadcrumb":{"@id":"https:\/\/www.welovecycling.com\/sk\/2022\/07\/01\/julovy-prehlad-slovenskych-podujati-letna-davka-cyklistiky\/#breadcrumb"},"inLanguage":"sk-SK","potentialAction":[{"@type":"ReadAction","target":["https:\/\/www.welovecycling.com\/sk\/2022\/07\/01\/julovy-prehlad-slovenskych-podujati-letna-davka-cyklistiky\/"]}]},{"@type":"ImageObject","inLanguage":"sk-SK","@id":"https:\/\/www.welovecycling.com\/sk\/2022\/07\/01\/julovy-prehlad-slovenskych-podujati-letna-davka-cyklistiky\/#primaryimage","url":"https:\/\/d2p6e6u75xmxt8.cloudfront.net\/4\/2022\/06\/00-1.webp","contentUrl":"https:\/\/d2p6e6u75xmxt8.cloudfront.net\/4\/2022\/06\/00-1.webp","width":990,"height":660},{"@type":"BreadcrumbList","@id":"https:\/\/www.welovecycling.com\/sk\/2022\/07\/01\/julovy-prehlad-slovenskych-podujati-letna-davka-cyklistiky\/#breadcrumb","itemListElement":[{"@type":"ListItem","position":1,"name":"Home","item":"https:\/\/www.welovecycling.com\/sk\/"},{"@type":"ListItem","position":2,"name":"J\u00falov\u00fd preh\u013ead slovensk\u00fdch podujat\u00ed \u2013 letn\u00e1 d\u00e1vka cyklistiky"}]},{"@type":"WebSite","@id":"https:\/\/www.welovecycling.com\/sk\/#website","url":"https:\/\/www.welovecycling.com\/sk\/","name":"\u0160koda We Love Cycling Slovensko","description":"\u0160koda We Love Cycling Slovensko je v\u00e1\u0161 ka\u017edodenn\u00fd zdroj noviniek a in\u0161pir\u00e1cie z sveta cyklistiky","potentialAction":[{"@type":"SearchAction","target":{"@type":"EntryPoint","urlTemplate":"https:\/\/www.welovecycling.com\/sk\/?s={search_term_string}"},"query-input":{"@type":"PropertyValueSpecification","valueRequired":true,"valueName":"search_term_string"}}],"inLanguage":"sk-SK"},{"@type":"Person","@id":"https:\/\/www.welovecycling.com\/sk\/#\/schema\/person\/c6ce5af9dceed219d84a07d2ffa2cad9","name":"miksakova","image":{"@type":"ImageObject","inLanguage":"sk-SK","@id":"https:\/\/www.welovecycling.com\/sk\/#\/schema\/person\/image\/","url":"https:\/\/secure.gravatar.com\/avatar\/3663fb8acb50de04150ea6f7afc1bc15aba80aad4bf92aee01bd38a79084eb7a?s=96&d=mm&r=g","contentUrl":"https:\/\/secure.gravatar.com\/avatar\/3663fb8acb50de04150ea6f7afc1bc15aba80aad4bf92aee01bd38a79084eb7a?s=96&d=mm&r=g","caption":"miksakova"},"url":"https:\/\/www.welovecycling.com\/sk\/author\/miksakova\/"}]}},"_links":{"self":[{"href":"https:\/\/www.welovecycling.com\/sk\/wp-json\/wp\/v2\/posts\/14788","targetHints":{"allow":["GET"]}}],"collection":[{"href":"https:\/\/www.welovecycling.com\/sk\/wp-json\/wp\/v2\/posts"}],"about":[{"href":"https:\/\/www.welovecycling.com\/sk\/wp-json\/wp\/v2\/types\/post"}],"author":[{"embeddable":true,"href":"https:\/\/www.welovecycling.com\/sk\/wp-json\/wp\/v2\/users\/170"}],"replies":[{"embeddable":true,"href":"https:\/\/www.welovecycling.com\/sk\/wp-json\/wp\/v2\/comments?post=14788"}],"version-history":[{"count":2,"href":"https:\/\/www.welovecycling.com\/sk\/wp-json\/wp\/v2\/posts\/14788\/revisions"}],"predecessor-version":[{"id":14802,"href":"https:\/\/www.welovecycling.com\/sk\/wp-json\/wp\/v2\/posts\/14788\/revisions\/14802"}],"wp:featuredmedia":[{"embeddable":true,"href":"https:\/\/www.welovecycling.com\/sk\/wp-json\/wp\/v2\/media\/14796"}],"wp:attachment":[{"href":"https:\/\/www.welovecycling.com\/sk\/wp-json\/wp\/v2\/media?parent=14788"}],"wp:term":[{"taxonomy":"category","embeddable":true,"href":"https:\/\/www.welovecycling.com\/sk\/wp-json\/wp\/v2\/categories?post=14788"},{"taxonomy":"post_tag","embeddable":true,"href":"https:\/\/www.welovecycling.com\/sk\/wp-json\/wp\/v2\/tags?post=14788"},{"taxonomy":"global-categories","embeddable":true,"href":"https:\/\/www.welovecycling.com\/sk\/wp-json\/wp\/v2\/global-categories?post=14788"}],"curies":[{"name":"wp","href":"https:\/\/api.w.org\/{rel}","templated":true}]}}