{"id":14775,"date":"2022-06-30T10:00:37","date_gmt":"2022-06-30T08:00:37","guid":{"rendered":"https:\/\/www.welovecycling.com\/sk\/?p=14775"},"modified":"2022-09-29T12:58:02","modified_gmt":"2022-09-29T10:58:02","slug":"julova-desiatka-mtb-a-cestnych-pretekov","status":"publish","type":"post","link":"https:\/\/www.welovecycling.com\/sk\/2022\/06\/30\/julova-desiatka-mtb-a-cestnych-pretekov\/","title":{"rendered":"J\u00falov\u00e1 desiatka MTB a\u00a0cestn\u00fdch pretekov"},"content":{"rendered":"<p><strong>Pr\u00e1zdniny za\u010dali, v\u0161etci u\u017e pl\u00e1nujeme letn\u00e9 dovolenky a fan\u00fa\u0161ikovia cyklistiky sa sna\u017eia do rodinn\u00e9ho programu zmesti\u0165 aj nejak\u00e9 tie preteky \u010di marat\u00f3n. Pon\u00fakame v\u00e1m zop\u00e1r skvel\u00fdch tipov v\u00a0okolit\u00fdch krajin\u00e1ch aj na tento mesiac.<\/strong><!--more--><\/p>\n<h2><strong>Horsk\u00e1 cyklistika<\/strong><\/h2>\n<h2><strong>Engadin Bike Giro, St. Moritz, \u0160vaj\u010diarsko 01. 07. \u2013 03. 07. 2022<\/strong><\/h2>\n<p>\u0160iesty ro\u010dn\u00edk 3-d\u0148ov\u00fdch etapov\u00fdch pretekov horsk\u00fdch bicyklov pre profesion\u00e1lov aj amat\u00e9rskych \u0161portovcov sa bude kona\u0165 v okol\u00ed Silvaplana, Celerina a\u00a0St. Moritz. <strong>V jednej z najkraj\u0161\u00edch cyklistick\u00fdch oblast\u00ed na svete, v pohor\u00ed Engadin, sa od piatku do nedele bud\u00fa jazdi\u0165 tri marat\u00f3nske etapy.<\/strong> D\u00f4le\u017eit\u00e1 inform\u00e1cia, ak sa chcete z\u00fa\u010dastni\u0165 je, \u017ee v\u0161etky etapy bud\u00fa ma\u0165 \u0161tart z\u00a0jedn\u00e9ho miesta, tak\u017ee nie s\u00fa potrebn\u00e9 \u017eiadne presuny a je mo\u017en\u00e9 prenocova\u0165 na jednom mieste.<\/p>\n<h2><strong>S\u00fcdtirol Dolomiti Superbike, Taliansko, Villabassa 08. 07. \u2013 10. 07. 2022<\/strong><\/h2>\n<p>Jazdenie s\u00a0kr\u00e1snou panor\u00e1mou h\u00f4r na pozad\u00ed m\u00e1te mo\u017enos\u0165 za\u017ei\u0165 aj v\u00a0druh\u00fd pr\u00e1zdninov\u00fd v\u00edkend. V\u00a0talianskych Dolomitoch sa konaj\u00fa u\u017e 26 rokov a\u00a0maj\u00fa poves\u0165 jedn\u00fdch z naj\u0165a\u017e\u0161\u00edch MTB pretekov. Vybra\u0165 si m\u00f4\u017eete z\u00a0troch okruhov \u2013 <strong>klasick\u00fd 60 km s\u00a0prev\u00fd\u0161en\u00edm 1 570 m, stredn\u00fd 85 km s\u00a0prev\u00fd\u0161en\u00edm 2 360 m a\u00a0nakoniec naj\u0165a\u017e\u0161\u00ed 123 km s\u00a0prev\u00fd\u0161en\u00edm 3 400 m<\/strong>. O\u00a0\u00fa\u010das\u0165 na t\u00fdchto pretekoch je ve\u013ek\u00fd z\u00e1ujem, tak nev\u00e1hajte, ak sa chcete z\u00fa\u010dastni\u0165.<br \/>\nhttps:\/\/www.youtube.com\/watch?v=wO8rWpnjdRw <\/p>\n<h2><strong>\u010cesk\u00fd poh\u00e1r MTB, Stupno, \u010cesk\u00e1 republika 22. 07. \u2013 24. 07. 2022<\/strong><\/h2>\n<p>\u0160tyri kol\u00e1 \u010cesk\u00e9ho poh\u00e1ra MTB s\u00fa u\u017e \u00faspe\u0161ne odjazden\u00e9 a\u00a0koncom mesiaca sa uskuto\u010dn\u00ed predposledn\u00e9 kolo v\u00a0dedine Stupno v\u00a0bl\u00edzkosti Plzne. <strong>Program bude naozaj pestr\u00fd a\u00a0u\u017e v\u00a0piatok sa bud\u00fa kona\u0165 \u0161tafetov\u00e9 preteky \u017eiakov ale aj dospel\u00fdch.<\/strong> Hlavn\u00fdm d\u0148om je v\u0161ak sobota, kedy sa bude jazdi\u0165 na \u0161tyroch okruhoch. Zauj\u00edmavos\u0165ou bude aj \u0161peci\u00e1lna pivn\u00e1 s\u00fa\u0165a\u017e nazvan\u00e1 Beer Ride, pri ktorej si u\u017eijete ve\u013ea z\u00e1bavy, \u010di u\u017e jej sledovan\u00edm alebo samotnou \u00fa\u010das\u0165ou. <\/p>\n<h2><strong>Dutch National Championships, Spaarnwoude, Holandsko, 23. 07. &#8211; 24. 07. 2022<\/strong><\/h2>\n<p>Predposledn\u00fd j\u00falov\u00fd v\u00edkend sa oplat\u00ed nav\u0161t\u00edvi\u0165 holandsk\u00e9 Spaarnwoude, ne\u010faleko Amsterdamu. Kon\u00e1 sa tam MTB Festival, ktor\u00e9ho hlavnou s\u00fa\u010das\u0165ou s\u00fa samozrejme preteky horsk\u00fdch bicyklov. <strong>Jazdi\u0165 sa bude v\u00a0troch kateg\u00f3ri\u00e1ch \u2013 E-MTB, 3-hodinov\u00e9 \u0161tafetov\u00e9 preteky a\u00a0NK MTB XCO, ktor\u00e9 bud\u00fa tento rok ofici\u00e1lnym holandsk\u00fdm \u0161ampion\u00e1tom.<\/strong> V triede nov\u00e1\u010dikov, juniorov a elite sa bude bojova\u0165 o n\u00e1rodn\u00e9 tituly. <\/p>\n<h2><strong>Montafon Mountainbike Marathon, Montafon, Rak\u00fasko 30.&nbsp;07. 2022<\/strong><\/h2>\n<p>V\u00a0rak\u00faskom Montafon, \u010do je 39 km dlh\u00e9 \u00fadolie ne\u010faleko hran\u00edc \u0160vaj\u010diarska, sa v\u00a0posledn\u00fd j\u00falov\u00fd v\u00edkend bude kona\u0165 zauj\u00edmav\u00e9 podujatie. Trin\u00e1sty ro\u010dn\u00edk marat\u00f3nu horsk\u00fdch bicyklov, kde bonusom navy\u0161e bud\u00fa n\u00e1dhern\u00e9 v\u00fdh\u013eady a\u00a0\u010darovn\u00e1 krajina. <strong>V\u00a0sobotu, v\u00a0hlavn\u00fd de\u0148 pretekov, bud\u00fa k\u00a0dispoz\u00edcii \u0161tyri trate Active 29 km, Sporty 45 km, Challenging 65 km a\u00a0Extreme 130 km.<\/strong> Ak ste fan\u00fa\u0161ikom e-bikov vo \u0161tvrtok a\u00a0v\u00a0piatok si m\u00f4\u017eete aj vy zajazdi\u0165 na okruhoch, ktor\u00e9 organiz\u00e1tori pripravili.\n<lite-youtube videoid=waUVci2NCJU params=\"enablejsapi=1\" style=\"background-image: url('https:\/\/i.ytimg.com\/vi_webp\/waUVci2NCJU\/maxresdefault.webp');\"><\/lite-youtube>\n<h2><strong>Cestn\u00e1 cyklistika<\/strong><\/h2>\n<h2><strong>Tour de France, Franc\u00fazsko 01. 07. \u2013 24. 07. 2022<\/strong><\/h2>\n<p>Hlavnou udalos\u0165ou v\u0161etk\u00fdch fan\u00fa\u0161ikov cestnej cyklistiky bude po\u010das tohto mesiaca Tour de France. Samozrejme v\u0161etci dr\u017e\u00edme palce Petrovi Saganovi, aby sa mu v\u00a0novom t\u00edme podarilo zabojova\u0165 o\u00a0\u00f4smy zelen\u00fd dres. <strong>Tour bude ma\u0165 tento rok 21 et\u00e1p, z\u00a0ktor\u00fdch najdlh\u0161ia bude \u0161iesta etapa, ktor\u00e1 meria 220 km.<\/strong> Prv\u00e9 dni sa bude jazdi\u0165 v\u00a0D\u00e1nsku, potom sa pokra\u010duje do Normandie a\u00a0pretek\u00e1ri si u\u017eij\u00fa aj dla\u017eobn\u00e9 kocky a\u00a0to hne\u010f v\u00a0\u0161tvrtej a\u00a0piatej etape. Ur\u010dite n\u00e1s \u010dak\u00e1 neopakovate\u013en\u00fd z\u00e1\u017eitok.<\/p>\n<div class=\"shortcode-ys-post-pinup\"><article class=\"loop-simple post-14600 post type-post status-publish format-standard has-post-thumbnail hentry category-grand-tour category-tour-de-france tag-18-etapa tag-cestna-cyklistika tag-dansko tag-etapa tag-etapove-preteky tag-francuzsko tag-peter-sagan tag-preteky tag-profesional tag-stara-dama tag-tadej-pogacar tag-tour-de-france tag-tour-de-france-2022 global-categories-cycling\" data-postid=\"14600\" role=\"article\" data-post-id=\"14600\" data-word-count=\"376\" data-headline-length=\"65\" data-category=\"Profesion\u00e1li\" data-global-category=\"Cycling\" data-author=\"WeLoveCycling\" data-published=\"2022-06-27T10:00:13+02:00\" data-published-day=\"Monday\">\n    <div class=\"entry-thumbnail article-thumbnail\" content=\"https:\/\/d2p6e6u75xmxt8.cloudfront.net\/4\/2022\/06\/20210626TDF1059-A.S.O._Pauline_Ballet-150x150.webp\"><a href=\"https:\/\/www.welovecycling.com\/sk\/2022\/06\/27\/tour-de-france-2022-o-com-bude-tohorocna-stara-dama\/\" class=\"image-holder\" target=\"_self\"><img decoding=\"async\" loading=\"lazy\" class=\"\" src=\"https:\/\/d2p6e6u75xmxt8.cloudfront.net\/4\/2022\/06\/20210626TDF1059-A.S.O._Pauline_Ballet.webp\" srcset=\"https:\/\/d2p6e6u75xmxt8.cloudfront.net\/4\/2022\/06\/20210626TDF1059-A.S.O._Pauline_Ballet.webp 990w, https:\/\/d2p6e6u75xmxt8.cloudfront.net\/4\/2022\/06\/20210626TDF1059-A.S.O._Pauline_Ballet-300x200.webp 300w, https:\/\/d2p6e6u75xmxt8.cloudfront.net\/4\/2022\/06\/20210626TDF1059-A.S.O._Pauline_Ballet-768x512.webp 768w, https:\/\/d2p6e6u75xmxt8.cloudfront.net\/4\/2022\/06\/20210626TDF1059-A.S.O._Pauline_Ballet-272x182.webp 272w\" width=\"990\" height=\"660\" sizes=\"auto, (min-width: 1200px) 300px, (min-width: 768px) 25vw, 100vw\" alt=\"tour-de-france-2022-o-com-bude-tohorocna-stara-dama\"\/><\/a><\/div>    <div class=\"entry-meta\">\n        <a class=\"label label-secondary post-category\" href=\"https:\/\/www.welovecycling.com\/sk\/category\/grand-tour\/\" title=\"Profesion\u00e1li\">Profesion\u00e1li<\/a>\n    <\/div>\n    <div class=\"entry-details\">\n        <a href=\"https:\/\/www.welovecycling.com\/sk\/2022\/06\/27\/tour-de-france-2022-o-com-bude-tohorocna-stara-dama\/\" class='entry-title-wrapper'>\n            <h3 class=\"entry-title\"><span>Tour de France 2022 &#8211; o \u010dom bude tohoro\u010dn\u00e1 Star\u00e1 d\u00e1ma?<\/span><\/h3>\n        <\/a>\n    <\/div>\n    <\/article>\n<\/div>\n<h2><strong>Giro d&#8217;Italia Donne, Taliansko 02. 07. \u2013 11. 07. 2022<\/strong><\/h2>\n<p>Giro d&#8217;Italia Internazionale Femminile zmenilo svoj n\u00e1zov na Giro d&#8217;Italia Donne, ale st\u00e1le s\u00fa to ob\u013e\u00faben\u00e9 \u017eensk\u00e9 10-d\u0148ov\u00e9 etapov\u00e9 preteky. <strong>Prech\u00e1dzaj\u00fa piatimi regi\u00f3nmi Talianska a\u00a0pretek\u00e1rky najazdia nie\u010do cez 1 000 km.<\/strong> Minul\u00fd rok vyhrala Anna van der Breggen svoj \u0161tvrt\u00fd celkov\u00fd titul na t\u00fdchto pretekoch. Prv\u00e9 tri dni sa bude jazdi\u0165 na ostrove Sard\u00ednia a\u00a0potom sa preteky presun\u00fa na pevninu, kde bude pelot\u00f3n \u010deli\u0165 r\u00f4znym ter\u00e9nom.\n<lite-youtube videoid=8rEULpN-TFk params=\"enablejsapi=1\" style=\"background-image: url('https:\/\/i.ytimg.com\/vi_webp\/8rEULpN-TFk\/maxresdefault.webp');\"><\/lite-youtube>\n<h2><strong>\u0160koda CUP, Blatn\u00e1, \u010cesk\u00e1 republika 09. 07. 2022<\/strong><\/h2>\n<p>\u010cesk\u00fd poh\u00e1r mu\u017eov \u0160koda CUP je celoro\u010dn\u00e1 s\u00fa\u0165a\u017e v\u00a0cestnej cyklistike, ktor\u00e1 sa sklad\u00e1 z\u00a0piatich pretekov. <strong>Do celkov\u00e9ho poradia sa zapo\u010d\u00edtavaj\u00fa v\u0161etky preteky a\u00a0d\u013a\u017eka jednotliv\u00fdch k\u00f4l je od 160 do 200 km.<\/strong> Prv\u00e9 dve kol\u00e1 sa konali na Morave a\u00a0aj toto tretie kolo sa bude jazdi\u0165 medzi mestami Brno a\u00a0Mikulov. Ak ste sa z\u00fa\u010dastnili prv\u00fdch dvoch k\u00f4l, tak tu jednoducho nem\u00f4\u017eete ch\u00fdba\u0165. Posledn\u00e9 kol\u00e1 sa potom odjazdia v\u00a0priebehu septembra. <\/p>\n<h2><strong>Dooko\u0142a Mazowsza, Po\u013esko 14. 07. \u2013 17. 07. 2022<\/strong><\/h2>\n<p>14. j\u00fala od\u0161tartuje 64. ro\u010dn\u00edk medzin\u00e1rodn\u00fdch cyklistick\u00fdch pretekov Okolo Mazowsze. Zauj\u00edmavos\u0165ou je, \u017ee prv\u00e1 etapa sa na po\u010des\u0165 obet\u00ed koncentra\u010dn\u00e9ho t\u00e1bora odjazd\u00ed v Terez\u00edne a <strong>bude ma\u0165 8 k\u00f4l po 21 km, \u010do bude celkovo 168 km<\/strong>. Po\u010das pretekov odjazdia \u0161tyri etapy. Tento rok sa preteky bud\u00fa jazdi\u0165 bez \u010dasovky. O \u00fa\u010das\u0165 na 64. ro\u010dn\u00edku sa prihl\u00e1silo 26 t\u00edmov, z toho 17 zahrani\u010dn\u00fdch a 9 po\u013esk\u00fdch, spolu 156 cyklistov.\n<lite-youtube videoid=tDMPBTqWBdg params=\"enablejsapi=1\" style=\"background-image: url('https:\/\/i.ytimg.com\/vi_webp\/tDMPBTqWBdg\/maxresdefault.webp');\"><\/lite-youtube>\n<h2><strong>GP Kranj, Slovinsko 24. 07. \u2013 25. 07. 2022<\/strong><\/h2>\n<p>V\u0161etci milovn\u00edci cyklistiky by nemali ch\u00fdba\u0165 v posledn\u00fd j\u00falov\u00fd v\u00edkend na Cyklistickom festivale v\u00a0slovinskom Kranji.<strong> V\u00a0sobotu sa v\u00a0uliciach tohto stredovek\u00e9ho mesta bud\u00fa kona\u0165 r\u00f4zne cyklistick\u00e9 s\u00fa\u0165a\u017ee, nielen pre profesion\u00e1lov ale aj pre deti.<\/strong> Ve\u010der bude \u00fa\u017easn\u00fdch z\u00e1\u017eitkom no\u010dn\u00e9 krit\u00e9rium. V\u00a0nede\u013eu sa uskuto\u010dnia medzin\u00e1rodn\u00e9 preteky v\u00a0okol\u00ed mesta. Nesmieme zabudn\u00fa\u0165 pripomen\u00fa\u0165, \u017ee mesto le\u017e\u00ed v\u00a0bezprostrednej bl\u00edzkosti slovinsk\u00fdch \u00c1lp, tak\u017ee si u\u017eijete kr\u00e1sne okolie.<\/p>\n<p>Tituln\u00e1 fotografia: pexels.com<\/p>\n","protected":false},"excerpt":{"rendered":"<p>Pr\u00e1zdniny za\u010dali, v\u0161etci u\u017e pl\u00e1nujeme letn\u00e9 dovolenky a fan\u00fa\u0161ikovia cyklistiky sa sna\u017eia do rodinn\u00e9ho programu zmesti\u0165 aj nejak\u00e9 tie preteky [&hellip;]<\/p>\n","protected":false},"author":170,"featured_media":14781,"comment_status":"open","ping_status":"open","sticky":false,"template":"","format":"standard","meta":{"footnotes":""},"categories":[34],"tags":[540,115,331,1057,180,566,178,412,931,179,598,1411,469,20],"global-categories":[1074],"class_list":["post-14775","post","type-post","status-publish","format-standard","has-post-thumbnail","hentry","category-podujatia","tag-ceska-republika","tag-cestna-cyklistika","tag-etapove-preteky","tag-holandsko","tag-horska-cyklistika","tag-leto","tag-maraton","tag-mtb","tag-odporucame","tag-preteky","tag-rakusko","tag-sezona-2022","tag-slovinsko","tag-tour-de-france","global-categories-cycling"],"yoast_head":"<!-- This site is optimized with the Yoast SEO Premium plugin v25.3 (Yoast SEO v25.9) - https:\/\/yoast.com\/wordpress\/plugins\/seo\/ -->\n<title>J\u00falov\u00e1 desiatka MTB a\u00a0cestn\u00fdch pretekov - \u0160koda We Love Cycling Slovensko<\/title>\n<meta name=\"description\" content=\"Pr\u00e1zdniny za\u010dali, pl\u00e1nujeme letn\u00e9 dovolenky a fan\u00fa\u0161ikovia cyklistiky sa sna\u017eia do rodinn\u00e9ho programu zmesti\u0165 aj nejak\u00e9 preteky \u010di marat\u00f3n.\" \/>\n<meta name=\"robots\" content=\"index, follow, max-snippet:-1, max-image-preview:large, max-video-preview:-1\" \/>\n<link rel=\"canonical\" href=\"https:\/\/www.welovecycling.com\/sk\/2022\/06\/30\/julova-desiatka-mtb-a-cestnych-pretekov\/\" \/>\n<meta property=\"og:locale\" content=\"sk_SK\" \/>\n<meta property=\"og:type\" content=\"article\" \/>\n<meta property=\"og:title\" content=\"J\u00falov\u00e1 desiatka MTB a\u00a0cestn\u00fdch pretekov\" \/>\n<meta property=\"og:description\" content=\"Pr\u00e1zdniny za\u010dali, pl\u00e1nujeme letn\u00e9 dovolenky a fan\u00fa\u0161ikovia cyklistiky sa sna\u017eia do rodinn\u00e9ho programu zmesti\u0165 aj nejak\u00e9 preteky \u010di marat\u00f3n.\" \/>\n<meta property=\"og:url\" content=\"https:\/\/www.welovecycling.com\/sk\/2022\/06\/30\/julova-desiatka-mtb-a-cestnych-pretekov\/\" \/>\n<meta property=\"og:site_name\" content=\"\u0160koda We Love Cycling Slovensko\" \/>\n<meta property=\"article:published_time\" content=\"2022-06-30T08:00:37+00:00\" \/>\n<meta property=\"article:modified_time\" content=\"2022-09-29T10:58:02+00:00\" \/>\n<meta property=\"og:image\" content=\"https:\/\/d2p6e6u75xmxt8.cloudfront.net\/4\/2022\/06\/Julova_desiatka_00.webp\" \/>\n\t<meta property=\"og:image:width\" content=\"990\" \/>\n\t<meta property=\"og:image:height\" content=\"660\" \/>\n\t<meta property=\"og:image:type\" content=\"image\/webp\" \/>\n<meta name=\"author\" content=\"miksakova\" \/>\n<meta name=\"twitter:card\" content=\"summary_large_image\" \/>\n<meta name=\"twitter:label1\" content=\"Written by\" \/>\n\t<meta name=\"twitter:data1\" content=\"WeLoveCycling\" \/>\n\t<meta name=\"twitter:label2\" content=\"Est. reading time\" \/>\n\t<meta name=\"twitter:data2\" content=\"4\" \/>\n<script type=\"application\/ld+json\" class=\"yoast-schema-graph\">{\"@context\":\"https:\/\/schema.org\",\"@graph\":[{\"@type\":\"WebPage\",\"@id\":\"https:\/\/www.welovecycling.com\/sk\/2022\/06\/30\/julova-desiatka-mtb-a-cestnych-pretekov\/\",\"url\":\"https:\/\/www.welovecycling.com\/sk\/2022\/06\/30\/julova-desiatka-mtb-a-cestnych-pretekov\/\",\"name\":\"J\u00falov\u00e1 desiatka MTB a\u00a0cestn\u00fdch pretekov - \u0160koda We Love Cycling Slovensko\",\"isPartOf\":{\"@id\":\"https:\/\/www.welovecycling.com\/sk\/#website\"},\"primaryImageOfPage\":{\"@id\":\"https:\/\/www.welovecycling.com\/sk\/2022\/06\/30\/julova-desiatka-mtb-a-cestnych-pretekov\/#primaryimage\"},\"image\":{\"@id\":\"https:\/\/www.welovecycling.com\/sk\/2022\/06\/30\/julova-desiatka-mtb-a-cestnych-pretekov\/#primaryimage\"},\"thumbnailUrl\":\"https:\/\/d2p6e6u75xmxt8.cloudfront.net\/4\/2022\/06\/Julova_desiatka_00.webp\",\"datePublished\":\"2022-06-30T08:00:37+00:00\",\"dateModified\":\"2022-09-29T10:58:02+00:00\",\"author\":{\"@id\":\"https:\/\/www.welovecycling.com\/sk\/#\/schema\/person\/c6ce5af9dceed219d84a07d2ffa2cad9\"},\"description\":\"Pr\u00e1zdniny za\u010dali, pl\u00e1nujeme letn\u00e9 dovolenky a fan\u00fa\u0161ikovia cyklistiky sa sna\u017eia do rodinn\u00e9ho programu zmesti\u0165 aj nejak\u00e9 preteky \u010di marat\u00f3n.\",\"breadcrumb\":{\"@id\":\"https:\/\/www.welovecycling.com\/sk\/2022\/06\/30\/julova-desiatka-mtb-a-cestnych-pretekov\/#breadcrumb\"},\"inLanguage\":\"sk-SK\",\"potentialAction\":[{\"@type\":\"ReadAction\",\"target\":[\"https:\/\/www.welovecycling.com\/sk\/2022\/06\/30\/julova-desiatka-mtb-a-cestnych-pretekov\/\"]}]},{\"@type\":\"ImageObject\",\"inLanguage\":\"sk-SK\",\"@id\":\"https:\/\/www.welovecycling.com\/sk\/2022\/06\/30\/julova-desiatka-mtb-a-cestnych-pretekov\/#primaryimage\",\"url\":\"https:\/\/d2p6e6u75xmxt8.cloudfront.net\/4\/2022\/06\/Julova_desiatka_00.webp\",\"contentUrl\":\"https:\/\/d2p6e6u75xmxt8.cloudfront.net\/4\/2022\/06\/Julova_desiatka_00.webp\",\"width\":990,\"height\":660},{\"@type\":\"BreadcrumbList\",\"@id\":\"https:\/\/www.welovecycling.com\/sk\/2022\/06\/30\/julova-desiatka-mtb-a-cestnych-pretekov\/#breadcrumb\",\"itemListElement\":[{\"@type\":\"ListItem\",\"position\":1,\"name\":\"Home\",\"item\":\"https:\/\/www.welovecycling.com\/sk\/\"},{\"@type\":\"ListItem\",\"position\":2,\"name\":\"J\u00falov\u00e1 desiatka MTB a\u00a0cestn\u00fdch pretekov\"}]},{\"@type\":\"WebSite\",\"@id\":\"https:\/\/www.welovecycling.com\/sk\/#website\",\"url\":\"https:\/\/www.welovecycling.com\/sk\/\",\"name\":\"\u0160koda We Love Cycling Slovensko\",\"description\":\"\u0160koda We Love Cycling Slovensko je v\u00e1\u0161 ka\u017edodenn\u00fd zdroj noviniek a in\u0161pir\u00e1cie z sveta cyklistiky\",\"potentialAction\":[{\"@type\":\"SearchAction\",\"target\":{\"@type\":\"EntryPoint\",\"urlTemplate\":\"https:\/\/www.welovecycling.com\/sk\/?s={search_term_string}\"},\"query-input\":{\"@type\":\"PropertyValueSpecification\",\"valueRequired\":true,\"valueName\":\"search_term_string\"}}],\"inLanguage\":\"sk-SK\"},{\"@type\":\"Person\",\"@id\":\"https:\/\/www.welovecycling.com\/sk\/#\/schema\/person\/c6ce5af9dceed219d84a07d2ffa2cad9\",\"name\":\"miksakova\",\"image\":{\"@type\":\"ImageObject\",\"inLanguage\":\"sk-SK\",\"@id\":\"https:\/\/www.welovecycling.com\/sk\/#\/schema\/person\/image\/\",\"url\":\"https:\/\/secure.gravatar.com\/avatar\/3663fb8acb50de04150ea6f7afc1bc15aba80aad4bf92aee01bd38a79084eb7a?s=96&d=mm&r=g\",\"contentUrl\":\"https:\/\/secure.gravatar.com\/avatar\/3663fb8acb50de04150ea6f7afc1bc15aba80aad4bf92aee01bd38a79084eb7a?s=96&d=mm&r=g\",\"caption\":\"miksakova\"},\"url\":\"https:\/\/www.welovecycling.com\/sk\/author\/miksakova\/\"}]}<\/script>\n<!-- \/ Yoast SEO Premium plugin. -->","yoast_head_json":{"title":"J\u00falov\u00e1 desiatka MTB a\u00a0cestn\u00fdch pretekov - \u0160koda We Love Cycling Slovensko","description":"Pr\u00e1zdniny za\u010dali, pl\u00e1nujeme letn\u00e9 dovolenky a fan\u00fa\u0161ikovia cyklistiky sa sna\u017eia do rodinn\u00e9ho programu zmesti\u0165 aj nejak\u00e9 preteky \u010di marat\u00f3n.","robots":{"index":"index","follow":"follow","max-snippet":"max-snippet:-1","max-image-preview":"max-image-preview:large","max-video-preview":"max-video-preview:-1"},"canonical":"https:\/\/www.welovecycling.com\/sk\/2022\/06\/30\/julova-desiatka-mtb-a-cestnych-pretekov\/","og_locale":"sk_SK","og_type":"article","og_title":"J\u00falov\u00e1 desiatka MTB a\u00a0cestn\u00fdch pretekov","og_description":"Pr\u00e1zdniny za\u010dali, pl\u00e1nujeme letn\u00e9 dovolenky a fan\u00fa\u0161ikovia cyklistiky sa sna\u017eia do rodinn\u00e9ho programu zmesti\u0165 aj nejak\u00e9 preteky \u010di marat\u00f3n.","og_url":"https:\/\/www.welovecycling.com\/sk\/2022\/06\/30\/julova-desiatka-mtb-a-cestnych-pretekov\/","og_site_name":"\u0160koda We Love Cycling Slovensko","article_published_time":"2022-06-30T08:00:37+00:00","article_modified_time":"2022-09-29T10:58:02+00:00","og_image":[{"width":990,"height":660,"url":"https:\/\/d2p6e6u75xmxt8.cloudfront.net\/4\/2022\/06\/Julova_desiatka_00.webp","type":"image\/webp"}],"author":"miksakova","twitter_card":"summary_large_image","twitter_misc":{"Written by":"WeLoveCycling","Est. reading time":"4"},"schema":{"@context":"https:\/\/schema.org","@graph":[{"@type":"WebPage","@id":"https:\/\/www.welovecycling.com\/sk\/2022\/06\/30\/julova-desiatka-mtb-a-cestnych-pretekov\/","url":"https:\/\/www.welovecycling.com\/sk\/2022\/06\/30\/julova-desiatka-mtb-a-cestnych-pretekov\/","name":"J\u00falov\u00e1 desiatka MTB a\u00a0cestn\u00fdch pretekov - \u0160koda We Love Cycling Slovensko","isPartOf":{"@id":"https:\/\/www.welovecycling.com\/sk\/#website"},"primaryImageOfPage":{"@id":"https:\/\/www.welovecycling.com\/sk\/2022\/06\/30\/julova-desiatka-mtb-a-cestnych-pretekov\/#primaryimage"},"image":{"@id":"https:\/\/www.welovecycling.com\/sk\/2022\/06\/30\/julova-desiatka-mtb-a-cestnych-pretekov\/#primaryimage"},"thumbnailUrl":"https:\/\/d2p6e6u75xmxt8.cloudfront.net\/4\/2022\/06\/Julova_desiatka_00.webp","datePublished":"2022-06-30T08:00:37+00:00","dateModified":"2022-09-29T10:58:02+00:00","author":{"@id":"https:\/\/www.welovecycling.com\/sk\/#\/schema\/person\/c6ce5af9dceed219d84a07d2ffa2cad9"},"description":"Pr\u00e1zdniny za\u010dali, pl\u00e1nujeme letn\u00e9 dovolenky a fan\u00fa\u0161ikovia cyklistiky sa sna\u017eia do rodinn\u00e9ho programu zmesti\u0165 aj nejak\u00e9 preteky \u010di marat\u00f3n.","breadcrumb":{"@id":"https:\/\/www.welovecycling.com\/sk\/2022\/06\/30\/julova-desiatka-mtb-a-cestnych-pretekov\/#breadcrumb"},"inLanguage":"sk-SK","potentialAction":[{"@type":"ReadAction","target":["https:\/\/www.welovecycling.com\/sk\/2022\/06\/30\/julova-desiatka-mtb-a-cestnych-pretekov\/"]}]},{"@type":"ImageObject","inLanguage":"sk-SK","@id":"https:\/\/www.welovecycling.com\/sk\/2022\/06\/30\/julova-desiatka-mtb-a-cestnych-pretekov\/#primaryimage","url":"https:\/\/d2p6e6u75xmxt8.cloudfront.net\/4\/2022\/06\/Julova_desiatka_00.webp","contentUrl":"https:\/\/d2p6e6u75xmxt8.cloudfront.net\/4\/2022\/06\/Julova_desiatka_00.webp","width":990,"height":660},{"@type":"BreadcrumbList","@id":"https:\/\/www.welovecycling.com\/sk\/2022\/06\/30\/julova-desiatka-mtb-a-cestnych-pretekov\/#breadcrumb","itemListElement":[{"@type":"ListItem","position":1,"name":"Home","item":"https:\/\/www.welovecycling.com\/sk\/"},{"@type":"ListItem","position":2,"name":"J\u00falov\u00e1 desiatka MTB a\u00a0cestn\u00fdch pretekov"}]},{"@type":"WebSite","@id":"https:\/\/www.welovecycling.com\/sk\/#website","url":"https:\/\/www.welovecycling.com\/sk\/","name":"\u0160koda We Love Cycling Slovensko","description":"\u0160koda We Love Cycling Slovensko je v\u00e1\u0161 ka\u017edodenn\u00fd zdroj noviniek a in\u0161pir\u00e1cie z sveta cyklistiky","potentialAction":[{"@type":"SearchAction","target":{"@type":"EntryPoint","urlTemplate":"https:\/\/www.welovecycling.com\/sk\/?s={search_term_string}"},"query-input":{"@type":"PropertyValueSpecification","valueRequired":true,"valueName":"search_term_string"}}],"inLanguage":"sk-SK"},{"@type":"Person","@id":"https:\/\/www.welovecycling.com\/sk\/#\/schema\/person\/c6ce5af9dceed219d84a07d2ffa2cad9","name":"miksakova","image":{"@type":"ImageObject","inLanguage":"sk-SK","@id":"https:\/\/www.welovecycling.com\/sk\/#\/schema\/person\/image\/","url":"https:\/\/secure.gravatar.com\/avatar\/3663fb8acb50de04150ea6f7afc1bc15aba80aad4bf92aee01bd38a79084eb7a?s=96&d=mm&r=g","contentUrl":"https:\/\/secure.gravatar.com\/avatar\/3663fb8acb50de04150ea6f7afc1bc15aba80aad4bf92aee01bd38a79084eb7a?s=96&d=mm&r=g","caption":"miksakova"},"url":"https:\/\/www.welovecycling.com\/sk\/author\/miksakova\/"}]}},"_links":{"self":[{"href":"https:\/\/www.welovecycling.com\/sk\/wp-json\/wp\/v2\/posts\/14775","targetHints":{"allow":["GET"]}}],"collection":[{"href":"https:\/\/www.welovecycling.com\/sk\/wp-json\/wp\/v2\/posts"}],"about":[{"href":"https:\/\/www.welovecycling.com\/sk\/wp-json\/wp\/v2\/types\/post"}],"author":[{"embeddable":true,"href":"https:\/\/www.welovecycling.com\/sk\/wp-json\/wp\/v2\/users\/170"}],"replies":[{"embeddable":true,"href":"https:\/\/www.welovecycling.com\/sk\/wp-json\/wp\/v2\/comments?post=14775"}],"version-history":[{"count":2,"href":"https:\/\/www.welovecycling.com\/sk\/wp-json\/wp\/v2\/posts\/14775\/revisions"}],"predecessor-version":[{"id":14786,"href":"https:\/\/www.welovecycling.com\/sk\/wp-json\/wp\/v2\/posts\/14775\/revisions\/14786"}],"wp:featuredmedia":[{"embeddable":true,"href":"https:\/\/www.welovecycling.com\/sk\/wp-json\/wp\/v2\/media\/14781"}],"wp:attachment":[{"href":"https:\/\/www.welovecycling.com\/sk\/wp-json\/wp\/v2\/media?parent=14775"}],"wp:term":[{"taxonomy":"category","embeddable":true,"href":"https:\/\/www.welovecycling.com\/sk\/wp-json\/wp\/v2\/categories?post=14775"},{"taxonomy":"post_tag","embeddable":true,"href":"https:\/\/www.welovecycling.com\/sk\/wp-json\/wp\/v2\/tags?post=14775"},{"taxonomy":"global-categories","embeddable":true,"href":"https:\/\/www.welovecycling.com\/sk\/wp-json\/wp\/v2\/global-categories?post=14775"}],"curies":[{"name":"wp","href":"https:\/\/api.w.org\/{rel}","templated":true}]}}