{"id":14739,"date":"2022-06-28T11:00:06","date_gmt":"2022-06-28T09:00:06","guid":{"rendered":"https:\/\/www.welovecycling.com\/sk\/?p=14739"},"modified":"2022-09-29T12:58:03","modified_gmt":"2022-09-29T10:58:03","slug":"reportaz-skoda-mtb-cyklomaraton-topolcianky-dejisko-majstrovstiev-slovenska","status":"publish","type":"post","link":"https:\/\/www.welovecycling.com\/sk\/2022\/06\/28\/reportaz-skoda-mtb-cyklomaraton-topolcianky-dejisko-majstrovstiev-slovenska\/","title":{"rendered":"Report\u00e1\u017e: \u0160koda MTB cyklomarat\u00f3n Topo\u013e\u010dianky &#8211; dejisko majstrovstiev Slovenska"},"content":{"rendered":"<p><strong>Uplynul\u00fd v\u00edkend sa milovn\u00edci horskej cyklistiky do\u010dkali najd\u00f4le\u017eitej\u0161ieho podujatia v roku. V Topo\u013e\u010diankach sa toti\u017e okrem in\u00e9ho bojovalo o najcennej\u0161ie tituly, tie majstrovsk\u00e9.<\/strong><!--more--><\/p>\n<p>Ve\u013ek\u00fd v\u00fdznam tohto d\u0148a bolo priam c\u00edti\u0165 vo vzduchu a n\u00e1lada v z\u00e1zem\u00ed tak bola nap\u00e4t\u00e1 a pln\u00e1 nad\u0161enia z\u00e1rove\u0148. <strong>Po\u010dasie navy\u0161e od r\u00e1na prialo a tak neost\u00e1valo in\u00e9, len si vychutn\u00e1va\u0165 t\u00fato \u0161pecifick\u00fa atmosf\u00e9ru.<\/strong> <\/p>\n<div data-rows=\"2\" id='gallery-1' class='gallery-rows-2 gallery galleryid-14739 gallery-columns-2 gallery-size-full'><figure class='gallery-item'>\n\t\t\t<div class='gallery-icon landscape'>\n\t\t\t\t<a href='https:\/\/d2p6e6u75xmxt8.cloudfront.net\/4\/2022\/06\/topolcianky_WLC-2.webp'><img loading=\"lazy\" decoding=\"async\" width=\"990\" height=\"660\" src=\"https:\/\/d2p6e6u75xmxt8.cloudfront.net\/4\/2022\/06\/topolcianky_WLC-2.webp\" class=\"attachment-full size-full\" alt=\"\" srcset=\"https:\/\/d2p6e6u75xmxt8.cloudfront.net\/4\/2022\/06\/topolcianky_WLC-2.webp 990w, https:\/\/d2p6e6u75xmxt8.cloudfront.net\/4\/2022\/06\/topolcianky_WLC-2-300x200.webp 300w, https:\/\/d2p6e6u75xmxt8.cloudfront.net\/4\/2022\/06\/topolcianky_WLC-2-768x512.webp 768w, https:\/\/d2p6e6u75xmxt8.cloudfront.net\/4\/2022\/06\/topolcianky_WLC-2-272x182.webp 272w\" sizes=\"auto, (max-width: 990px) 100vw, 990px\" \/><\/a>\n\t\t\t<\/div><\/figure><figure class='gallery-item'>\n\t\t\t<div class='gallery-icon landscape'>\n\t\t\t\t<a href='https:\/\/d2p6e6u75xmxt8.cloudfront.net\/4\/2022\/06\/topolcianky_WLC-5.webp'><img loading=\"lazy\" decoding=\"async\" width=\"990\" height=\"660\" src=\"https:\/\/d2p6e6u75xmxt8.cloudfront.net\/4\/2022\/06\/topolcianky_WLC-5.webp\" class=\"attachment-full size-full\" alt=\"\" srcset=\"https:\/\/d2p6e6u75xmxt8.cloudfront.net\/4\/2022\/06\/topolcianky_WLC-5.webp 990w, https:\/\/d2p6e6u75xmxt8.cloudfront.net\/4\/2022\/06\/topolcianky_WLC-5-300x200.webp 300w, https:\/\/d2p6e6u75xmxt8.cloudfront.net\/4\/2022\/06\/topolcianky_WLC-5-768x512.webp 768w, https:\/\/d2p6e6u75xmxt8.cloudfront.net\/4\/2022\/06\/topolcianky_WLC-5-272x182.webp 272w\" sizes=\"auto, (max-width: 990px) 100vw, 990px\" \/><\/a>\n\t\t\t<\/div><\/figure>\n\t\t<\/div>\n        \n<p>A na \u010do sa mohli pretek\u00e1ri na \u0160koda MTB cyklomarat\u00f3ne v Topo\u013e\u010diankach te\u0161i\u0165? Organiz\u00e1tori marat\u00f3nu, rovnako ako ka\u017ed\u00fd rok, <strong>pripravili kr\u00e1snu tra\u0165 pln\u00fa r\u00f4znorod\u00fdch singlov, pekn\u00fdch v\u00fdh\u013eadov a samozrejme nemohol ch\u00fdba\u0165 ani povestn\u00fd v\u00fd\u0161\u013eap ku hradu<\/strong>. Pre najr\u00fdchlej\u0161\u00edch na jeho vrchole sa tradi\u010dne ude\u013eovali aj tituly Kr\u00e1\u013ea a Kr\u00e1\u013eovnej hradu Hru\u0161ov. Aby motiv\u00e1cie nebolo m\u00e1lo, marat\u00f3n bol z\u00e1rove\u0148 predposledn\u00fdm kolom tohtoro\u010dnej s\u00e9rie \u0160koda BIKE OPEN TOUR a teda sa rozde\u013eovali d\u00f4le\u017eit\u00e9 body do s\u00e9rie.  <\/p>\n<p><a href=\"https:\/\/d2p6e6u75xmxt8.cloudfront.net\/4\/2022\/06\/topolcianky_WLC-11.jpg\"><img loading=\"lazy\" decoding=\"async\" src=\"https:\/\/d2p6e6u75xmxt8.cloudfront.net\/4\/2022\/06\/topolcianky_WLC-11.jpg\" alt=\"\" width=\"990\" height=\"660\" class=\"alignnone size-full wp-image-14748\" \/><\/a><\/p>\n<p>Z\u00e1kladn\u00e9 trasy boli na v\u00fdber op\u00e4\u0165 tri a okrem klasick\u00fdch cyklistov mysleli aj na e-bikerov. Samostatn\u00fa kapitolu pretekov tvorila Family tra\u0165, ktor\u00e1 sa te\u0161ila z viac ako tridsiatky deti\u010diek. <\/p>\n<h2><strong>Dlh\u00e1 tra\u0165 &#8211; 66 km<\/strong><\/h2>\n<p>De\u0148 sa za\u010dal \u0161tartom pretek\u00e1rov z najdlh\u0161ej trate. Marat\u00f3ncov \u010dakali dva okruhy Tribe\u010dsk\u00fdm pohor\u00edm, so strm\u00fdm v\u00fd\u0161\u013eapom na hrad. Ke\u010f\u017ee sa bojovalo o majstrovsk\u00e9 tituly, dlh\u00e1 tra\u0165 zl\u00e1kala dvojn\u00e1sobn\u00e9 mno\u017estvo bikerov, ako je be\u017en\u00e9. <\/p>\n<p>Na \u0161tart sa postavilo spolu 142 milovn\u00edkov tohto \u0161portu. V\u00ed\u0165az s\u00faboja o najvy\u0161\u0161iu prie\u010dku a z\u00e1rove\u0148 titul majstra SR v kateg\u00f3rii Elite, dorazil do cie\u013ea s takmer min\u00fatov\u00fdm n\u00e1skokom za svoj\u00edm najbli\u017e\u0161\u00edm s\u00faperom. Dres s trikol\u00f3rou si vysl\u00fa\u017eil <strong>Tom\u00e1\u0161 Vi\u0161\u0148ovsk\u00fd s \u010dasom 2:40:35.4<\/strong>. Boj o absol\u00fatnu v\u00ed\u0165azku medzi \u017eenami a rovnako titul v kateg\u00f3rii \u017eeny Elite mal podobn\u00fd priebeh ako u mu\u017eov. <strong>Glajzov\u00e1 Erika<\/strong> dorazila do cie\u013ea rovnako min\u00fatu pred svojimi s\u00faperkami.<\/p>\n<div data-rows=\"2\" id='gallery-2' class='gallery-rows-2 gallery galleryid-14739 gallery-columns-2 gallery-size-full'><figure class='gallery-item'>\n\t\t\t<div class='gallery-icon landscape'>\n\t\t\t\t<a href='https:\/\/d2p6e6u75xmxt8.cloudfront.net\/4\/2022\/06\/topolcianky_WLC-14.webp'><img loading=\"lazy\" decoding=\"async\" width=\"990\" height=\"660\" src=\"https:\/\/d2p6e6u75xmxt8.cloudfront.net\/4\/2022\/06\/topolcianky_WLC-14.webp\" class=\"attachment-full size-full\" alt=\"\" srcset=\"https:\/\/d2p6e6u75xmxt8.cloudfront.net\/4\/2022\/06\/topolcianky_WLC-14.webp 990w, https:\/\/d2p6e6u75xmxt8.cloudfront.net\/4\/2022\/06\/topolcianky_WLC-14-300x200.webp 300w, https:\/\/d2p6e6u75xmxt8.cloudfront.net\/4\/2022\/06\/topolcianky_WLC-14-768x512.webp 768w, https:\/\/d2p6e6u75xmxt8.cloudfront.net\/4\/2022\/06\/topolcianky_WLC-14-272x182.webp 272w\" sizes=\"auto, (max-width: 990px) 100vw, 990px\" \/><\/a>\n\t\t\t<\/div><\/figure><figure class='gallery-item'>\n\t\t\t<div class='gallery-icon landscape'>\n\t\t\t\t<a href='https:\/\/d2p6e6u75xmxt8.cloudfront.net\/4\/2022\/06\/topolcianky_WLC-15.webp'><img loading=\"lazy\" decoding=\"async\" width=\"990\" height=\"660\" src=\"https:\/\/d2p6e6u75xmxt8.cloudfront.net\/4\/2022\/06\/topolcianky_WLC-15.webp\" class=\"attachment-full size-full\" alt=\"\" srcset=\"https:\/\/d2p6e6u75xmxt8.cloudfront.net\/4\/2022\/06\/topolcianky_WLC-15.webp 990w, https:\/\/d2p6e6u75xmxt8.cloudfront.net\/4\/2022\/06\/topolcianky_WLC-15-300x200.webp 300w, https:\/\/d2p6e6u75xmxt8.cloudfront.net\/4\/2022\/06\/topolcianky_WLC-15-768x512.webp 768w, https:\/\/d2p6e6u75xmxt8.cloudfront.net\/4\/2022\/06\/topolcianky_WLC-15-272x182.webp 272w\" sizes=\"auto, (max-width: 990px) 100vw, 990px\" \/><\/a>\n\t\t\t<\/div><\/figure>\n\t\t<\/div>\n        \n<h2><strong>Stredn\u00e1 tra\u0165 &#8211; 46 km<\/strong><\/h2>\n<p>Jeden okruh a jeden v\u00fd\u0161\u013eap na Hru\u0161ov si dali aj bikeri a e-bikeri zo Strednej trate. Na \u0161tart sa najprv postavili e-bikeri. V kateg\u00f3rii sa stali v\u00ed\u0165azmi <strong>Igor Z\u00e1vodn\u00fd<\/strong>, ktor\u00ed si zopakoval prvenstvo z Levo\u010de a <strong>Nat\u00e1lia Ma\u017eg\u00fatov\u00e1<\/strong>, v\u00ed\u0165azka v\u0161etk\u00fdch doteraj\u0161\u00edch k\u00f4l \u0160BOT.<\/p>\n<div class=\"shortcode-ys-post-pinup\"><article class=\"loop-simple post-14563 post type-post status-publish format-standard has-post-thumbnail hentry category-reportaz category-sbot tag-cyklorodinka tag-deti-na-bicykli tag-horska-cyklistika tag-levoca tag-maraton tag-preteky tag-rodinny-maraton tag-sezona-2022 tag-skoda tag-skoda-auto tag-skoda-bicykel tag-sbot tag-skoda-dedina tag-skoda-mtb-maraton-levocske-vrchy tag-trat tag-zabava global-categories-cycling\" data-postid=\"14563\" role=\"article\" data-post-id=\"14563\" data-word-count=\"568\" data-headline-length=\"91\" data-category=\"Report\u00e1\u017e\" data-global-category=\"Cycling\" data-author=\"WeLoveCycling\" data-published=\"2022-06-01T10:00:59+02:00\" data-published-day=\"Wednesday\">\n    <div class=\"entry-thumbnail article-thumbnail\" content=\"https:\/\/d2p6e6u75xmxt8.cloudfront.net\/4\/2022\/06\/levoca_00-150x150.webp\"><a href=\"https:\/\/www.welovecycling.com\/sk\/2022\/06\/01\/reportaz-skoda-mtb-maraton-levocske-vrchy-preteky-s-najkrajsimi-vyhladmi\/\" class=\"image-holder\" target=\"_self\"><img decoding=\"async\" loading=\"lazy\" class=\"\" src=\"https:\/\/d2p6e6u75xmxt8.cloudfront.net\/4\/2022\/06\/levoca_00.webp\" srcset=\"https:\/\/d2p6e6u75xmxt8.cloudfront.net\/4\/2022\/06\/levoca_00.webp 990w, https:\/\/d2p6e6u75xmxt8.cloudfront.net\/4\/2022\/06\/levoca_00-300x200.webp 300w, https:\/\/d2p6e6u75xmxt8.cloudfront.net\/4\/2022\/06\/levoca_00-768x512.webp 768w, https:\/\/d2p6e6u75xmxt8.cloudfront.net\/4\/2022\/06\/levoca_00-272x182.webp 272w\" width=\"990\" height=\"660\" sizes=\"auto, (min-width: 1200px) 300px, (min-width: 768px) 25vw, 100vw\" alt=\"reportaz-skoda-mtb-maraton-levocske-vrchy-preteky-s-najkrajsimi-vyhladmi\"\/><\/a><\/div>    <div class=\"entry-meta\">\n        <a class=\"label label-secondary post-category\" href=\"https:\/\/www.welovecycling.com\/sk\/category\/sbot\/reportaz\/\" title=\"Report\u00e1\u017e\">Report\u00e1\u017e<\/a>\n    <\/div>\n    <div class=\"entry-details\">\n        <a href=\"https:\/\/www.welovecycling.com\/sk\/2022\/06\/01\/reportaz-skoda-mtb-maraton-levocske-vrchy-preteky-s-najkrajsimi-vyhladmi\/\" class='entry-title-wrapper'>\n            <h3 class=\"entry-title\"><span>Report\u00e1\u017e: \u0160koda MTB marat\u00f3n Levo\u010dsk\u00e9 vrchy &#8211; preteky s najkraj\u0161\u00edmi v\u00fdh\u013eadmi<\/span><\/h3>\n        <\/a>\n    <\/div>\n    <\/article>\n<\/div>\n<p>Po e-bikeroch sa na tra\u0165 postavili klasick\u00ed cyklisti. Medzi nimi mali najr\u00fdchlej\u0161ie nohy <strong>Michal Min\u00e1r<\/strong>, majster SR v kateg\u00f3rii Juniori a najr\u00fdchlej\u0161ou \u017eenou sa stala <strong>Krist\u00edna Tich\u00e1<\/strong>, ktor\u00e1 rovnako obliekala juniorsk\u00fd majstrovsk\u00fd dres.<\/p>\n<p><a href=\"https:\/\/d2p6e6u75xmxt8.cloudfront.net\/4\/2022\/06\/topolcianky_WLC-21.jpg\"><img loading=\"lazy\" decoding=\"async\" src=\"https:\/\/d2p6e6u75xmxt8.cloudfront.net\/4\/2022\/06\/topolcianky_WLC-21.jpg\" alt=\"\" width=\"990\" height=\"660\" class=\"alignnone size-full wp-image-14751\" \/><\/a><\/p>\n<h2><strong>Kr\u00e1tka tra\u0165 &#8211; 23 km<\/strong><\/h2>\n<p>Najkrat\u0161ia tra\u0165 sa kr\u00fatila v bl\u00edzkosti Topo\u013e\u010dianok, bez v\u00fd\u0161\u013eapu na hrad a technicky n\u00e1ro\u010dn\u00fdch \u00fasekov. V\u010faka tomu si ju mohli u\u017ei\u0165 aj menej zdatn\u00ed cyklisti. Okrem za\u010diato\u010dn\u00edkov sa tu v\u0161ak zi\u0161lo aj po\u010detn\u00e9 zoskupenie Kadetov a Kadetiek, ktor\u00ed rovnako bojovali o tie najcennej\u0161ie v\u00ed\u0165azstv\u00e1. <strong>Najr\u00fdchlej\u0161\u00edm z pomedzi konkurencie boli Luk\u00e1\u0161 Pan\u00e1\u010dek a Vikt\u00f3ria Chlado\u0148ov\u00e1, obaja z radov kadetov.<\/strong> <\/p>\n<p><a href=\"https:\/\/d2p6e6u75xmxt8.cloudfront.net\/4\/2022\/06\/topolcianky_WLC-17.jpg\"><img loading=\"lazy\" decoding=\"async\" src=\"https:\/\/d2p6e6u75xmxt8.cloudfront.net\/4\/2022\/06\/topolcianky_WLC-17.jpg\" alt=\"\" width=\"990\" height=\"660\" class=\"alignnone size-full wp-image-14752\" \/><\/a><\/p>\n<h2><strong>\u0160koda Family tra\u0165 &#8211; 14 km<\/strong><\/h2>\n<p>Family tra\u0165 ako bolo spomenut\u00e9, priv\u00edtala viac ako tridsa\u0165 deti\u010diek a ich doprovody. Vekov\u00e9 kateg\u00f3rie mali dve. V kateg\u00f3rii do 10 rokov boli najr\u00fdchlej\u0161\u00ed <strong>Alex Ka\u0161karov a Margar\u00e9tka Man\u010d\u00edkov\u00e1<\/strong>. V kateg\u00f3rii 11-14 rokov a z\u00e1rove\u0148 absol\u00fatnymi v\u00ed\u0165azmi sa stali <strong>Du\u0161an D\u00e1rio a Sofia Matieskov\u00e1<\/strong>.<\/p>\n<p><a href=\"https:\/\/d2p6e6u75xmxt8.cloudfront.net\/4\/2022\/06\/topolcianky_WLC-20.jpg\"><img loading=\"lazy\" decoding=\"async\" src=\"https:\/\/d2p6e6u75xmxt8.cloudfront.net\/4\/2022\/06\/topolcianky_WLC-20.jpg\" alt=\"\" width=\"990\" height=\"660\" class=\"alignnone size-full wp-image-14753\" \/><\/a><\/p>\n<p>Z\u00e1zemie \u0160koda MTB cyklomarat\u00f3nu bolo situovan\u00e9 v \u0161portovom are\u00e1li, s trib\u00fanami na sedenie a celkovo pekn\u00fdm priestorom na oddych. \u010cas odpo\u010dinku si tak mohol ka\u017ed\u00fd pokojne a spokojne vychutna\u0165.<\/p>\n<div id='gallery-3' class='gallery galleryid-14563 gallery-columns-2 gallery-size-full'><figure class='gallery-item'>\n\t\t\t<div class='gallery-icon landscape'>\n\t\t\t\t<a href='https:\/\/d2p6e6u75xmxt8.cloudfront.net\/4\/2022\/06\/topolcianky_WLC-31.webp'><img loading=\"lazy\" decoding=\"async\" width=\"990\" height=\"660\" src=\"https:\/\/d2p6e6u75xmxt8.cloudfront.net\/4\/2022\/06\/topolcianky_WLC-31.webp\" class=\"attachment-full size-full\" alt=\"\" srcset=\"https:\/\/d2p6e6u75xmxt8.cloudfront.net\/4\/2022\/06\/topolcianky_WLC-31.webp 990w, https:\/\/d2p6e6u75xmxt8.cloudfront.net\/4\/2022\/06\/topolcianky_WLC-31-300x200.webp 300w, https:\/\/d2p6e6u75xmxt8.cloudfront.net\/4\/2022\/06\/topolcianky_WLC-31-768x512.webp 768w, https:\/\/d2p6e6u75xmxt8.cloudfront.net\/4\/2022\/06\/topolcianky_WLC-31-272x182.webp 272w\" sizes=\"auto, (max-width: 990px) 100vw, 990px\" \/><\/a>\n\t\t\t<\/div><\/figure><figure class='gallery-item'>\n\t\t\t<div class='gallery-icon landscape'>\n\t\t\t\t<a href='https:\/\/d2p6e6u75xmxt8.cloudfront.net\/4\/2022\/06\/topolcianky_WLC-30.webp'><img loading=\"lazy\" decoding=\"async\" width=\"990\" height=\"660\" src=\"https:\/\/d2p6e6u75xmxt8.cloudfront.net\/4\/2022\/06\/topolcianky_WLC-30.webp\" class=\"attachment-full size-full\" alt=\"\" srcset=\"https:\/\/d2p6e6u75xmxt8.cloudfront.net\/4\/2022\/06\/topolcianky_WLC-30.webp 990w, https:\/\/d2p6e6u75xmxt8.cloudfront.net\/4\/2022\/06\/topolcianky_WLC-30-300x200.webp 300w, https:\/\/d2p6e6u75xmxt8.cloudfront.net\/4\/2022\/06\/topolcianky_WLC-30-768x512.webp 768w, https:\/\/d2p6e6u75xmxt8.cloudfront.net\/4\/2022\/06\/topolcianky_WLC-30-272x182.webp 272w\" sizes=\"auto, (max-width: 990px) 100vw, 990px\" \/><\/a>\n\t\t\t<\/div><\/figure><figure class='gallery-item'>\n\t\t\t<div class='gallery-icon landscape'>\n\t\t\t\t<a href='https:\/\/d2p6e6u75xmxt8.cloudfront.net\/4\/2022\/06\/topolcianky_WLC-32.webp'><img loading=\"lazy\" decoding=\"async\" width=\"990\" height=\"660\" src=\"https:\/\/d2p6e6u75xmxt8.cloudfront.net\/4\/2022\/06\/topolcianky_WLC-32.webp\" class=\"attachment-full size-full\" alt=\"\" srcset=\"https:\/\/d2p6e6u75xmxt8.cloudfront.net\/4\/2022\/06\/topolcianky_WLC-32.webp 990w, https:\/\/d2p6e6u75xmxt8.cloudfront.net\/4\/2022\/06\/topolcianky_WLC-32-300x200.webp 300w, https:\/\/d2p6e6u75xmxt8.cloudfront.net\/4\/2022\/06\/topolcianky_WLC-32-768x512.webp 768w, https:\/\/d2p6e6u75xmxt8.cloudfront.net\/4\/2022\/06\/topolcianky_WLC-32-272x182.webp 272w\" sizes=\"auto, (max-width: 990px) 100vw, 990px\" \/><\/a>\n\t\t\t<\/div><\/figure><figure class='gallery-item'>\n\t\t\t<div class='gallery-icon landscape'>\n\t\t\t\t<a href='https:\/\/d2p6e6u75xmxt8.cloudfront.net\/4\/2022\/06\/topolcianky_WLC-26.webp'><img loading=\"lazy\" decoding=\"async\" width=\"990\" height=\"660\" src=\"https:\/\/d2p6e6u75xmxt8.cloudfront.net\/4\/2022\/06\/topolcianky_WLC-26.webp\" class=\"attachment-full size-full\" alt=\"\" srcset=\"https:\/\/d2p6e6u75xmxt8.cloudfront.net\/4\/2022\/06\/topolcianky_WLC-26.webp 990w, https:\/\/d2p6e6u75xmxt8.cloudfront.net\/4\/2022\/06\/topolcianky_WLC-26-300x200.webp 300w, https:\/\/d2p6e6u75xmxt8.cloudfront.net\/4\/2022\/06\/topolcianky_WLC-26-768x512.webp 768w, https:\/\/d2p6e6u75xmxt8.cloudfront.net\/4\/2022\/06\/topolcianky_WLC-26-272x182.webp 272w\" sizes=\"auto, (max-width: 990px) 100vw, 990px\" \/><\/a>\n\t\t\t<\/div><\/figure>\n\t\t<\/div>\n\n<p>Nech\u00fdbalo ani ob\u010derstvenie, chillout z\u00f3na, st\u00e1nky partnerov pretekov a priestor pre vy\u0161antenie sa deti\u010diek. <strong>Tento ro\u010dn\u00edk s\u00e9rie \u0160BOT zav\u00edta u\u017e len do Svitu a preto ka\u017ed\u00fd, kto si chce u\u017ei\u0165 de\u0148 pln\u00fd z\u00e1bavy, m\u00e1 posledn\u00fa \u0161ancu sa prida\u0165 \ud83d\ude0a.<\/strong><\/p>\n<p>Via fotiek z tohto cyklomarat\u00f3nu n\u00e1jdete na <a href=\"https:\/\/www.welovecycling.com\/sk\/2022\/06\/28\/foto-skoda-mtb-cyklomaraton-topolcianky\/\" rel=\"noopener\" target=\"_blank\">tomto odkaze<\/a>.<\/p>\n","protected":false},"excerpt":{"rendered":"<p>Uplynul\u00fd v\u00edkend sa milovn\u00edci horskej cyklistiky do\u010dkali najd\u00f4le\u017eitej\u0161ieho podujatia v roku. V Topo\u013e\u010diankach sa toti\u017e okrem in\u00e9ho bojovalo o najcennej\u0161ie [&hellip;]<\/p>\n","protected":false},"author":170,"featured_media":14745,"comment_status":"open","ping_status":"open","sticky":false,"template":"","format":"standard","meta":{"footnotes":""},"categories":[38,33],"tags":[180,178,412,179,509,474,1411,542,1009,562,35,77,1363,92,523,1362,183],"global-categories":[1074],"class_list":["post-14739","post","type-post","status-publish","format-standard","has-post-thumbnail","hentry","category-reportaz","category-sbot","tag-horska-cyklistika","tag-maraton","tag-mtb","tag-preteky","tag-rodina","tag-rodinny-maraton","tag-sezona-2022","tag-skoda","tag-skoda-auto","tag-skoda-bicykel","tag-sbot","tag-skoda-dedina","tag-skoda-mtb-cyklomaraton-topolcianky","tag-skoda-tim","tag-slovensko","tag-topolcianky","tag-zabava","global-categories-cycling"],"yoast_head":"<!-- This site is optimized with the Yoast SEO Premium plugin v25.3 (Yoast SEO v25.9) - https:\/\/yoast.com\/wordpress\/plugins\/seo\/ -->\n<title>Report\u00e1\u017e: \u0160koda MTB cyklomarat\u00f3n Topo\u013e\u010dianky - dejisko majstrovstiev Slovenska - \u0160koda We Love Cycling Slovensko<\/title>\n<meta name=\"description\" content=\"Uplynul\u00fd v\u00edkend sa milovn\u00edci horskej cyklistiky do\u010dkali najd\u00f4le\u017eitej\u0161ieho podujatia v roku. A to \u0160koda MTB cyklomarat\u00f3n Topo\u013e\u010dianky.\" \/>\n<meta name=\"robots\" content=\"index, follow, max-snippet:-1, max-image-preview:large, max-video-preview:-1\" \/>\n<link rel=\"canonical\" href=\"https:\/\/www.welovecycling.com\/sk\/2022\/06\/28\/reportaz-skoda-mtb-cyklomaraton-topolcianky-dejisko-majstrovstiev-slovenska\/\" \/>\n<meta property=\"og:locale\" content=\"sk_SK\" \/>\n<meta property=\"og:type\" content=\"article\" \/>\n<meta property=\"og:title\" content=\"Report\u00e1\u017e: \u0160koda MTB cyklomarat\u00f3n Topo\u013e\u010dianky - dejisko majstrovstiev Slovenska\" \/>\n<meta property=\"og:description\" content=\"Uplynul\u00fd v\u00edkend sa milovn\u00edci horskej cyklistiky do\u010dkali najd\u00f4le\u017eitej\u0161ieho podujatia v roku. A to \u0160koda MTB cyklomarat\u00f3n Topo\u013e\u010dianky.\" \/>\n<meta property=\"og:url\" content=\"https:\/\/www.welovecycling.com\/sk\/2022\/06\/28\/reportaz-skoda-mtb-cyklomaraton-topolcianky-dejisko-majstrovstiev-slovenska\/\" \/>\n<meta property=\"og:site_name\" content=\"\u0160koda We Love Cycling Slovensko\" \/>\n<meta property=\"article:published_time\" content=\"2022-06-28T09:00:06+00:00\" \/>\n<meta property=\"article:modified_time\" content=\"2022-09-29T10:58:03+00:00\" \/>\n<meta property=\"og:image\" content=\"https:\/\/d2p6e6u75xmxt8.cloudfront.net\/4\/2022\/06\/Topolcianky_00.webp\" \/>\n\t<meta property=\"og:image:width\" content=\"990\" \/>\n\t<meta property=\"og:image:height\" content=\"660\" \/>\n\t<meta property=\"og:image:type\" content=\"image\/webp\" \/>\n<meta name=\"author\" content=\"miksakova\" \/>\n<meta name=\"twitter:card\" content=\"summary_large_image\" \/>\n<meta name=\"twitter:label1\" content=\"Written by\" \/>\n\t<meta name=\"twitter:data1\" content=\"WeLoveCycling\" \/>\n\t<meta name=\"twitter:label2\" content=\"Est. reading time\" \/>\n\t<meta name=\"twitter:data2\" content=\"5\" \/>\n<script type=\"application\/ld+json\" class=\"yoast-schema-graph\">{\"@context\":\"https:\/\/schema.org\",\"@graph\":[{\"@type\":\"WebPage\",\"@id\":\"https:\/\/www.welovecycling.com\/sk\/2022\/06\/28\/reportaz-skoda-mtb-cyklomaraton-topolcianky-dejisko-majstrovstiev-slovenska\/\",\"url\":\"https:\/\/www.welovecycling.com\/sk\/2022\/06\/28\/reportaz-skoda-mtb-cyklomaraton-topolcianky-dejisko-majstrovstiev-slovenska\/\",\"name\":\"Report\u00e1\u017e: \u0160koda MTB cyklomarat\u00f3n Topo\u013e\u010dianky - dejisko majstrovstiev Slovenska - \u0160koda We Love Cycling Slovensko\",\"isPartOf\":{\"@id\":\"https:\/\/www.welovecycling.com\/sk\/#website\"},\"primaryImageOfPage\":{\"@id\":\"https:\/\/www.welovecycling.com\/sk\/2022\/06\/28\/reportaz-skoda-mtb-cyklomaraton-topolcianky-dejisko-majstrovstiev-slovenska\/#primaryimage\"},\"image\":{\"@id\":\"https:\/\/www.welovecycling.com\/sk\/2022\/06\/28\/reportaz-skoda-mtb-cyklomaraton-topolcianky-dejisko-majstrovstiev-slovenska\/#primaryimage\"},\"thumbnailUrl\":\"https:\/\/d2p6e6u75xmxt8.cloudfront.net\/4\/2022\/06\/Topolcianky_00.webp\",\"datePublished\":\"2022-06-28T09:00:06+00:00\",\"dateModified\":\"2022-09-29T10:58:03+00:00\",\"author\":{\"@id\":\"https:\/\/www.welovecycling.com\/sk\/#\/schema\/person\/c6ce5af9dceed219d84a07d2ffa2cad9\"},\"description\":\"Uplynul\u00fd v\u00edkend sa milovn\u00edci horskej cyklistiky do\u010dkali najd\u00f4le\u017eitej\u0161ieho podujatia v roku. A to \u0160koda MTB cyklomarat\u00f3n Topo\u013e\u010dianky.\",\"breadcrumb\":{\"@id\":\"https:\/\/www.welovecycling.com\/sk\/2022\/06\/28\/reportaz-skoda-mtb-cyklomaraton-topolcianky-dejisko-majstrovstiev-slovenska\/#breadcrumb\"},\"inLanguage\":\"sk-SK\",\"potentialAction\":[{\"@type\":\"ReadAction\",\"target\":[\"https:\/\/www.welovecycling.com\/sk\/2022\/06\/28\/reportaz-skoda-mtb-cyklomaraton-topolcianky-dejisko-majstrovstiev-slovenska\/\"]}]},{\"@type\":\"ImageObject\",\"inLanguage\":\"sk-SK\",\"@id\":\"https:\/\/www.welovecycling.com\/sk\/2022\/06\/28\/reportaz-skoda-mtb-cyklomaraton-topolcianky-dejisko-majstrovstiev-slovenska\/#primaryimage\",\"url\":\"https:\/\/d2p6e6u75xmxt8.cloudfront.net\/4\/2022\/06\/Topolcianky_00.webp\",\"contentUrl\":\"https:\/\/d2p6e6u75xmxt8.cloudfront.net\/4\/2022\/06\/Topolcianky_00.webp\",\"width\":990,\"height\":660},{\"@type\":\"BreadcrumbList\",\"@id\":\"https:\/\/www.welovecycling.com\/sk\/2022\/06\/28\/reportaz-skoda-mtb-cyklomaraton-topolcianky-dejisko-majstrovstiev-slovenska\/#breadcrumb\",\"itemListElement\":[{\"@type\":\"ListItem\",\"position\":1,\"name\":\"Home\",\"item\":\"https:\/\/www.welovecycling.com\/sk\/\"},{\"@type\":\"ListItem\",\"position\":2,\"name\":\"Report\u00e1\u017e: \u0160koda MTB cyklomarat\u00f3n Topo\u013e\u010dianky &#8211; dejisko majstrovstiev Slovenska\"}]},{\"@type\":\"WebSite\",\"@id\":\"https:\/\/www.welovecycling.com\/sk\/#website\",\"url\":\"https:\/\/www.welovecycling.com\/sk\/\",\"name\":\"\u0160koda We Love Cycling Slovensko\",\"description\":\"\u0160koda We Love Cycling Slovensko je v\u00e1\u0161 ka\u017edodenn\u00fd zdroj noviniek a in\u0161pir\u00e1cie z sveta cyklistiky\",\"potentialAction\":[{\"@type\":\"SearchAction\",\"target\":{\"@type\":\"EntryPoint\",\"urlTemplate\":\"https:\/\/www.welovecycling.com\/sk\/?s={search_term_string}\"},\"query-input\":{\"@type\":\"PropertyValueSpecification\",\"valueRequired\":true,\"valueName\":\"search_term_string\"}}],\"inLanguage\":\"sk-SK\"},{\"@type\":\"Person\",\"@id\":\"https:\/\/www.welovecycling.com\/sk\/#\/schema\/person\/c6ce5af9dceed219d84a07d2ffa2cad9\",\"name\":\"miksakova\",\"image\":{\"@type\":\"ImageObject\",\"inLanguage\":\"sk-SK\",\"@id\":\"https:\/\/www.welovecycling.com\/sk\/#\/schema\/person\/image\/\",\"url\":\"https:\/\/secure.gravatar.com\/avatar\/3663fb8acb50de04150ea6f7afc1bc15aba80aad4bf92aee01bd38a79084eb7a?s=96&d=mm&r=g\",\"contentUrl\":\"https:\/\/secure.gravatar.com\/avatar\/3663fb8acb50de04150ea6f7afc1bc15aba80aad4bf92aee01bd38a79084eb7a?s=96&d=mm&r=g\",\"caption\":\"miksakova\"},\"url\":\"https:\/\/www.welovecycling.com\/sk\/author\/miksakova\/\"}]}<\/script>\n<!-- \/ Yoast SEO Premium plugin. -->","yoast_head_json":{"title":"Report\u00e1\u017e: \u0160koda MTB cyklomarat\u00f3n Topo\u013e\u010dianky - dejisko majstrovstiev Slovenska - \u0160koda We Love Cycling Slovensko","description":"Uplynul\u00fd v\u00edkend sa milovn\u00edci horskej cyklistiky do\u010dkali najd\u00f4le\u017eitej\u0161ieho podujatia v roku. A to \u0160koda MTB cyklomarat\u00f3n Topo\u013e\u010dianky.","robots":{"index":"index","follow":"follow","max-snippet":"max-snippet:-1","max-image-preview":"max-image-preview:large","max-video-preview":"max-video-preview:-1"},"canonical":"https:\/\/www.welovecycling.com\/sk\/2022\/06\/28\/reportaz-skoda-mtb-cyklomaraton-topolcianky-dejisko-majstrovstiev-slovenska\/","og_locale":"sk_SK","og_type":"article","og_title":"Report\u00e1\u017e: \u0160koda MTB cyklomarat\u00f3n Topo\u013e\u010dianky - dejisko majstrovstiev Slovenska","og_description":"Uplynul\u00fd v\u00edkend sa milovn\u00edci horskej cyklistiky do\u010dkali najd\u00f4le\u017eitej\u0161ieho podujatia v roku. A to \u0160koda MTB cyklomarat\u00f3n Topo\u013e\u010dianky.","og_url":"https:\/\/www.welovecycling.com\/sk\/2022\/06\/28\/reportaz-skoda-mtb-cyklomaraton-topolcianky-dejisko-majstrovstiev-slovenska\/","og_site_name":"\u0160koda We Love Cycling Slovensko","article_published_time":"2022-06-28T09:00:06+00:00","article_modified_time":"2022-09-29T10:58:03+00:00","og_image":[{"width":990,"height":660,"url":"https:\/\/d2p6e6u75xmxt8.cloudfront.net\/4\/2022\/06\/Topolcianky_00.webp","type":"image\/webp"}],"author":"miksakova","twitter_card":"summary_large_image","twitter_misc":{"Written by":"WeLoveCycling","Est. reading time":"5"},"schema":{"@context":"https:\/\/schema.org","@graph":[{"@type":"WebPage","@id":"https:\/\/www.welovecycling.com\/sk\/2022\/06\/28\/reportaz-skoda-mtb-cyklomaraton-topolcianky-dejisko-majstrovstiev-slovenska\/","url":"https:\/\/www.welovecycling.com\/sk\/2022\/06\/28\/reportaz-skoda-mtb-cyklomaraton-topolcianky-dejisko-majstrovstiev-slovenska\/","name":"Report\u00e1\u017e: \u0160koda MTB cyklomarat\u00f3n Topo\u013e\u010dianky - dejisko majstrovstiev Slovenska - \u0160koda We Love Cycling Slovensko","isPartOf":{"@id":"https:\/\/www.welovecycling.com\/sk\/#website"},"primaryImageOfPage":{"@id":"https:\/\/www.welovecycling.com\/sk\/2022\/06\/28\/reportaz-skoda-mtb-cyklomaraton-topolcianky-dejisko-majstrovstiev-slovenska\/#primaryimage"},"image":{"@id":"https:\/\/www.welovecycling.com\/sk\/2022\/06\/28\/reportaz-skoda-mtb-cyklomaraton-topolcianky-dejisko-majstrovstiev-slovenska\/#primaryimage"},"thumbnailUrl":"https:\/\/d2p6e6u75xmxt8.cloudfront.net\/4\/2022\/06\/Topolcianky_00.webp","datePublished":"2022-06-28T09:00:06+00:00","dateModified":"2022-09-29T10:58:03+00:00","author":{"@id":"https:\/\/www.welovecycling.com\/sk\/#\/schema\/person\/c6ce5af9dceed219d84a07d2ffa2cad9"},"description":"Uplynul\u00fd v\u00edkend sa milovn\u00edci horskej cyklistiky do\u010dkali najd\u00f4le\u017eitej\u0161ieho podujatia v roku. A to \u0160koda MTB cyklomarat\u00f3n Topo\u013e\u010dianky.","breadcrumb":{"@id":"https:\/\/www.welovecycling.com\/sk\/2022\/06\/28\/reportaz-skoda-mtb-cyklomaraton-topolcianky-dejisko-majstrovstiev-slovenska\/#breadcrumb"},"inLanguage":"sk-SK","potentialAction":[{"@type":"ReadAction","target":["https:\/\/www.welovecycling.com\/sk\/2022\/06\/28\/reportaz-skoda-mtb-cyklomaraton-topolcianky-dejisko-majstrovstiev-slovenska\/"]}]},{"@type":"ImageObject","inLanguage":"sk-SK","@id":"https:\/\/www.welovecycling.com\/sk\/2022\/06\/28\/reportaz-skoda-mtb-cyklomaraton-topolcianky-dejisko-majstrovstiev-slovenska\/#primaryimage","url":"https:\/\/d2p6e6u75xmxt8.cloudfront.net\/4\/2022\/06\/Topolcianky_00.webp","contentUrl":"https:\/\/d2p6e6u75xmxt8.cloudfront.net\/4\/2022\/06\/Topolcianky_00.webp","width":990,"height":660},{"@type":"BreadcrumbList","@id":"https:\/\/www.welovecycling.com\/sk\/2022\/06\/28\/reportaz-skoda-mtb-cyklomaraton-topolcianky-dejisko-majstrovstiev-slovenska\/#breadcrumb","itemListElement":[{"@type":"ListItem","position":1,"name":"Home","item":"https:\/\/www.welovecycling.com\/sk\/"},{"@type":"ListItem","position":2,"name":"Report\u00e1\u017e: \u0160koda MTB cyklomarat\u00f3n Topo\u013e\u010dianky &#8211; dejisko majstrovstiev Slovenska"}]},{"@type":"WebSite","@id":"https:\/\/www.welovecycling.com\/sk\/#website","url":"https:\/\/www.welovecycling.com\/sk\/","name":"\u0160koda We Love Cycling Slovensko","description":"\u0160koda We Love Cycling Slovensko je v\u00e1\u0161 ka\u017edodenn\u00fd zdroj noviniek a in\u0161pir\u00e1cie z sveta cyklistiky","potentialAction":[{"@type":"SearchAction","target":{"@type":"EntryPoint","urlTemplate":"https:\/\/www.welovecycling.com\/sk\/?s={search_term_string}"},"query-input":{"@type":"PropertyValueSpecification","valueRequired":true,"valueName":"search_term_string"}}],"inLanguage":"sk-SK"},{"@type":"Person","@id":"https:\/\/www.welovecycling.com\/sk\/#\/schema\/person\/c6ce5af9dceed219d84a07d2ffa2cad9","name":"miksakova","image":{"@type":"ImageObject","inLanguage":"sk-SK","@id":"https:\/\/www.welovecycling.com\/sk\/#\/schema\/person\/image\/","url":"https:\/\/secure.gravatar.com\/avatar\/3663fb8acb50de04150ea6f7afc1bc15aba80aad4bf92aee01bd38a79084eb7a?s=96&d=mm&r=g","contentUrl":"https:\/\/secure.gravatar.com\/avatar\/3663fb8acb50de04150ea6f7afc1bc15aba80aad4bf92aee01bd38a79084eb7a?s=96&d=mm&r=g","caption":"miksakova"},"url":"https:\/\/www.welovecycling.com\/sk\/author\/miksakova\/"}]}},"_links":{"self":[{"href":"https:\/\/www.welovecycling.com\/sk\/wp-json\/wp\/v2\/posts\/14739","targetHints":{"allow":["GET"]}}],"collection":[{"href":"https:\/\/www.welovecycling.com\/sk\/wp-json\/wp\/v2\/posts"}],"about":[{"href":"https:\/\/www.welovecycling.com\/sk\/wp-json\/wp\/v2\/types\/post"}],"author":[{"embeddable":true,"href":"https:\/\/www.welovecycling.com\/sk\/wp-json\/wp\/v2\/users\/170"}],"replies":[{"embeddable":true,"href":"https:\/\/www.welovecycling.com\/sk\/wp-json\/wp\/v2\/comments?post=14739"}],"version-history":[{"count":2,"href":"https:\/\/www.welovecycling.com\/sk\/wp-json\/wp\/v2\/posts\/14739\/revisions"}],"predecessor-version":[{"id":14765,"href":"https:\/\/www.welovecycling.com\/sk\/wp-json\/wp\/v2\/posts\/14739\/revisions\/14765"}],"wp:featuredmedia":[{"embeddable":true,"href":"https:\/\/www.welovecycling.com\/sk\/wp-json\/wp\/v2\/media\/14745"}],"wp:attachment":[{"href":"https:\/\/www.welovecycling.com\/sk\/wp-json\/wp\/v2\/media?parent=14739"}],"wp:term":[{"taxonomy":"category","embeddable":true,"href":"https:\/\/www.welovecycling.com\/sk\/wp-json\/wp\/v2\/categories?post=14739"},{"taxonomy":"post_tag","embeddable":true,"href":"https:\/\/www.welovecycling.com\/sk\/wp-json\/wp\/v2\/tags?post=14739"},{"taxonomy":"global-categories","embeddable":true,"href":"https:\/\/www.welovecycling.com\/sk\/wp-json\/wp\/v2\/global-categories?post=14739"}],"curies":[{"name":"wp","href":"https:\/\/api.w.org\/{rel}","templated":true}]}}