{"id":14728,"date":"2022-07-08T09:15:46","date_gmt":"2022-07-08T07:15:46","guid":{"rendered":"https:\/\/www.welovecycling.com\/sk\/?p=14728"},"modified":"2022-09-29T12:57:59","modified_gmt":"2022-09-29T10:57:59","slug":"7-extremne-lacnych-mtb-upgradov","status":"publish","type":"post","link":"https:\/\/www.welovecycling.com\/sk\/2022\/07\/08\/7-extremne-lacnych-mtb-upgradov\/","title":{"rendered":"7 extr\u00e9mne lacn\u00fdch MTB upgradov"},"content":{"rendered":"<p><strong>Pozn\u00e1te ten pocit? Je tesne pred v\u00fdplatou a u\u017e prem\u00fd\u0161\u013eate, \u010do si k\u00fapi\u0165 na bicykel. Srdce v\u00e1m bije r\u00fdchlej\u0161ie, zreni\u010dky m\u00e1te roz\u0161\u00edren\u00e9 a v \u017eal\u00fadku tak\u00fd ten zvl\u00e1\u0161tny pocit. Tomu hovor\u00edm l\u00e1ska.<\/strong><\/p>\n<h2><!--more--><\/h2>\n<p>Aj ke\u010f by som v\u00e1m nikdy nepovedal, aby ste si prestali kupova\u0165 ka\u017ed\u00fd mesiac nie\u010do na bicykel (to by bolo r\u00fahanie), ur\u010dite v\u0161ak na to nemi\u0148te polovicu svojej v\u00fdplaty. Koniec koncov, m\u00f4\u017eete urobi\u0165 perfektn\u00e9 vylep\u0161enia za zlomok ceny. <strong>Pon\u00fakam v\u00e1m sedem vylep\u0161en\u00ed, v\u010faka ktor\u00fdm bude v\u00e1\u0161 bicykel fungova\u0165 lep\u0161ie, vyzera\u0165 lep\u0161ie a aj vydr\u017e\u00ed dlh\u0161ie.<\/strong> A navy\u0161e, ka\u017ed\u00fd tip bude za menej ako 20 \u20ac.<\/p>\n<figure id=\"attachment_14729\" aria-describedby=\"caption-attachment-14729\" style=\"width: 1250px\" class=\"wp-caption alignnone\"><a href=\"https:\/\/d2p6e6u75xmxt8.cloudfront.net\/4\/2022\/06\/MTB-stairs-profimedia-0604942769.jpg\"><img loading=\"lazy\" decoding=\"async\" class=\"wp-image-14729 size-full\" src=\"https:\/\/d2p6e6u75xmxt8.cloudfront.net\/4\/2022\/06\/MTB-stairs-profimedia-0604942769.jpg\" alt=\"MTB\" width=\"1250\" height=\"833\" \/><\/a><figcaption id=\"caption-attachment-14729\" class=\"wp-caption-text\">Prem\u00fd\u0161\u013eate, \u017ee by ste si mali k\u00fapi\u0165 nie\u010do pekn\u00e9 na bicykel? \u00a9 Profimedia<\/figcaption><\/figure>\n<h2><strong>1. Farebn\u00e9 eloxovan\u00e9 koncovky na ventil<\/strong><\/h2>\n<p>Z nejak\u00e9ho nevysvetlite\u013en\u00e9ho d\u00f4vodu je pou\u017e\u00edvanie koncoviek na ventil v MTB komunite pova\u017eovan\u00e9 za zlo\u010din proti \u013eudskosti. Mo\u017eno je to preto, \u017ee jazdci sa sna\u017eia zn\u00ed\u017ei\u0165 hmotnos\u0165 bicykla o 2 gramy alebo jednoducho preto, \u017ee to ber\u00fa pr\u00edli\u0161 v\u00e1\u017ene. <strong>S\u00fa celkom vhodn\u00e9 pre t\u00fdch jazdcov, ktor\u00ed zvykn\u00fa letie\u0165 dolu kopcom po skalnatom ter\u00e9ne r\u00fdchlos\u0165ou, ktor\u00e1 by v\u00e1m vo v\u00e4\u010d\u0161ine miest priniesla mastn\u00fa pokutu.<\/strong> Samotn\u00e9 ventily nie s\u00fa tak\u00e9 nezni\u010dite\u013en\u00e9, ako by ste si mysleli, tak\u017ee ich ochrana nie je od veci. Hlavne, ke\u010f sa to d\u00e1 vyrie\u0161i\u0165 pod 10 \u20ac. Nov\u00fd ventil tie\u017e nie je drah\u00fd, ale pokazen\u00fd ventil na v\u00fdjazde v\u00e1m m\u00f4\u017ee \u013eahko znepr\u00edjemni\u0165 de\u0148.<\/p>\n<p>Tak\u017ee prehltnite svoju hrdos\u0165 a k\u00fapte si p\u00e1r farebn\u00fdch \u010diapo\u010diek na ventil. M\u00f4\u017eete si dokonca k\u00fapi\u0165 farebn\u00e9 plastov\u00e9, ak chcete u\u0161etri\u0165 e\u0161te viac, ale ja by som volil eloxovan\u00e9 hlin\u00edkov\u00e9 koncovky. M\u00f4\u017eete ich jednoducho vyu\u017ei\u0165 na to, aby ste trochu okr\u00e1\u0161lili svoj bicykel. Takouto malou zmenou m\u00f4\u017eete dosiahnu\u0165 o nie\u010do kraj\u0161\u00ed vzh\u013ead v\u00e1\u0161ho bicykla.<\/p>\n<div class=\"shortcode-ys-post-pinup\"><article class=\"loop-simple post-13992 post type-post status-publish format-standard has-post-thumbnail hentry category-mtb tag-bezpecna-jazda tag-bezpecnost tag-horska-cyklistika tag-hydratacia tag-hydratacny-vak tag-jazda tag-jazdenie tag-komponenty tag-mtb tag-okuliare tag-pneumatika tag-prilba tag-prislusenstvo\" data-postid=\"13992\" role=\"article\" data-post-id=\"13992\" data-word-count=\"761\" data-headline-length=\"71\" data-category=\"MTB\" data-author=\"Martin Atanasov\" data-published=\"2022-03-14T10:00:12+01:00\" data-published-day=\"Monday\">\n    <div class=\"entry-thumbnail article-thumbnail\" content=\"https:\/\/d2p6e6u75xmxt8.cloudfront.net\/4\/2022\/03\/MTB-profimedia-0637893048-CVR-150x150.webp\"><a href=\"https:\/\/www.welovecycling.com\/sk\/2022\/03\/14\/7-druhov-mtb-prislusenstva-o-ktorom-ste-nevedeli-ze-ho-potrebujete\/\" class=\"image-holder\" target=\"_self\"><img decoding=\"async\" loading=\"lazy\" class=\"\" src=\"https:\/\/d2p6e6u75xmxt8.cloudfront.net\/4\/2022\/03\/MTB-profimedia-0637893048-CVR-1024x450.webp\" srcset=\"https:\/\/d2p6e6u75xmxt8.cloudfront.net\/4\/2022\/03\/MTB-profimedia-0637893048-CVR.webp 1366w, https:\/\/d2p6e6u75xmxt8.cloudfront.net\/4\/2022\/03\/MTB-profimedia-0637893048-CVR-300x132.webp 300w, https:\/\/d2p6e6u75xmxt8.cloudfront.net\/4\/2022\/03\/MTB-profimedia-0637893048-CVR-1024x450.webp 1024w, https:\/\/d2p6e6u75xmxt8.cloudfront.net\/4\/2022\/03\/MTB-profimedia-0637893048-CVR-768x337.webp 768w\" width=\"1024\" height=\"450\" sizes=\"auto, (min-width: 1200px) 456px, (min-width: 768px) 38vw, 100vw\" alt=\"7-druhov-mtb-prislusenstva-o-ktorom-ste-nevedeli-ze-ho-potrebujete\"\/><\/a><\/div>    <div class=\"entry-meta\">\n        <a class=\"label label-secondary post-category\" href=\"https:\/\/www.welovecycling.com\/sk\/category\/mtb\/\" title=\"MTB\">MTB<\/a>\n    <\/div>\n    <div class=\"entry-details\">\n        <a href=\"https:\/\/www.welovecycling.com\/sk\/2022\/03\/14\/7-druhov-mtb-prislusenstva-o-ktorom-ste-nevedeli-ze-ho-potrebujete\/\" class='entry-title-wrapper'>\n            <h3 class=\"entry-title\"><span>7 druhov MTB pr\u00edslu\u0161enstva, o ktorom ste nevedeli, \u017ee ho potrebujete<\/span><\/h3>\n        <\/a>\n    <\/div>\n    <\/article>\n<\/div>\n<h2><strong>2. Farebn\u00e9 s\u0165ahovacie p\u00e1sky<\/strong><\/h2>\n<p>V\u00e1\u0161 bicykel m\u00e1 ve\u013ea laniek a in\u00fdch komponentov, ktor\u00e9 v\u00e1m pri jazde zavadzaj\u00fa a b\u00fachaj\u00fa o r\u00e1m, najm\u00e4 ak neprech\u00e1dzaj\u00fa r\u00e1mom. Zvy\u010dajne s\u00fa tieto \u010dasti prilepen\u00e9 \u0161kared\u00fdmi a celkom zbyto\u010dn\u00fdmi klipmi, ktor\u00e9 dok\u00e1\u017eu zosta\u0165 na mieste asi 35 sek\u00fand, k\u00fdm sa zlomia. To je d\u00f4vod, pre\u010do profesion\u00e1li pou\u017e\u00edvaj\u00fa s\u0165ahovacie p\u00e1sky. Cel\u00e9 balenie farebn\u00fdch p\u00e1sok v\u00e1s vyjde okolo 8 \u20ac a m\u00e1te obrovsk\u00e9 mo\u017enosti, ako ich pou\u017ei\u0165. <strong>Tak\u00fdm z\u00e1kladom je spoji\u0165 lank\u00e1 brzdy a radenia k sebe, tak\u017ee pri jazde nebud\u00fa navz\u00e1jom do seba nar\u00e1\u017ea\u0165.<\/strong> V\u010faka tomu bude va\u0161a jazda ove\u013ea menej hlu\u010dn\u00e1 a lank\u00e1 nebud\u00fa nar\u00e1\u017ea\u0165 na r\u00e1m, \u010do pom\u00f4\u017ee udr\u017ea\u0165 ho dlh\u0161ie bez \u0161krabancov.<\/p>\n<h2><strong>3. Elektrik\u00e1rska p\u00e1ska ako ochrana r\u00e1mu<\/strong><\/h2>\n<p>Ka\u017ed\u00fd seri\u00f3zny jazdec vie, \u010do je chr\u00e1ni\u010d re\u0165aze a ako m\u00f4\u017ee pokazi\u0165 vzh\u013ead v\u00e1\u0161ho bicykla. Nane\u0161\u0165astie, ak jazd\u00edte tvrdo, je prakticky nemo\u017en\u00e9 vyhn\u00fa\u0165 sa n\u00e1razom re\u0165aze o r\u00e1m. Po ka\u017edom skoku a n\u00e1raze bicykla o zem, rovnako aj va\u0161a re\u0165az naraz\u00ed na r\u00e1m. <strong>Bicykle sa zvy\u010dajne dod\u00e1vaj\u00fa so \u0161peci\u00e1lnou n\u00e1lepkou, ktor\u00e1 sa sna\u017e\u00ed udr\u017ea\u0165 v\u00e1\u0161 bicykel chr\u00e1nen\u00fd o nie\u010do dlh\u0161ie.<\/strong> Bohu\u017eia\u013e, tieto n\u00e1lepky nie s\u00fa tak\u00e9 \u00fa\u010dinn\u00e9, ako by sme chceli. Na zlep\u0161enie ochrany v\u00e1\u0161ho r\u00e1mu je dobr\u00fdm rie\u0161en\u00edm zaobstara\u0165 si rolku elektrik\u00e1rskej p\u00e1sky a omota\u0165 ju okolo tejto \u010dasti r\u00e1mu. Elektrik\u00e1rska p\u00e1ska je v ponuke v neprebernom mno\u017estve farieb. Najlep\u0161ie na tom je, \u017ee kedyko\u013evek sa p\u00e1ska po\u0161kod\u00ed, v\u017edy ju m\u00f4\u017eete odstr\u00e1ni\u0165 a nalepi\u0165 nov\u00fa, mo\u017eno v inej farbe. T\u00fdmto sp\u00f4sobom m\u00f4\u017eete zmeni\u0165 vzh\u013ead svojho bicykla, pri\u010dom lak zostane nedotknut\u00fd.<\/p>\n<h2><strong>4. Krytky k\u013e\u00fak<\/strong><\/h2>\n<p>A ke\u010f u\u017e sme pri t\u00e9me, ako udr\u017ea\u0165 v\u00e1\u0161 bicykel v dobrom stave, mali by ste zv\u00e1\u017ei\u0165 n\u00e1kup krytiek na k\u013euky. Kedyko\u013evek \u0161liapete do ped\u00e1lov na nerovnom ter\u00e9ne, je pravdepodobn\u00e9, \u017ee naraz\u00edte na kame\u0148 bu\u010f ped\u00e1lom alebo k\u013eukou. Tie sa m\u00f4\u017ee pri tom zdeformova\u0165 alebo po\u0161kodi\u0165, najm\u00e4 ak ste zvolili karb\u00f3nov\u00e9 k\u013euky (\u010do je pod\u013ea m\u00f4jho \u00faprimn\u00e9ho n\u00e1zoru pri MTB jazden\u00ed, chyba od sam\u00e9ho za\u010diatku).<\/p>\n<p>Aj ke\u010f si mo\u017eno nepo\u0161kod\u00edte k\u013euky, ur\u010dite na nich po\u0161kriabete lak, \u010do je prinajmen\u0161om otravn\u00e9.<\/p>\n<p>Krytky k\u013e\u00fak s\u00fa v podstate kusom tenkej gumy, ktor\u00e1 je umiestnen\u00e1 na konci k\u013euky. <strong>S takouto ochranou nebudete musie\u0165 d\u00e1va\u0165 a\u017e tak\u00fd pozor na tr\u010diace kamene a nebudete ma\u0165 obavy, \u010di zvl\u00e1dnete technick\u00fd zjazd v skalnatom ter\u00e9ne.<\/strong> Navy\u0161e ich m\u00f4\u017eete k\u00fapi\u0165 aj v r\u00f4znych farb\u00e1ch, tak\u017ee v\u00e1\u0161 bicykel bude vyzera\u0165 origin\u00e1lne.<\/p>\n<h2><strong>5. Gripy a koncovky<\/strong><\/h2>\n<p>Zaobstaranie nov\u00fdch gripov by malo by\u0165 prioritou numero uno, ke\u010f dostanete svoj nov\u00fd bicykel, a ur\u010dite by ste mali \u00eds\u0165 po nie\u010dom, \u010do je pre v\u00e1s pohodln\u00e9. Ka\u017ed\u00fd m\u00e1 in\u00e9 \u0161pecifik\u00e1cie toho, \u010do je pohodln\u00e9, tak\u017ee nebudem zach\u00e1dza\u0165 do podrobnost\u00ed.<\/p>\n<p>Ak v\u0161ak chcete, aby v\u00e1m gripy vydr\u017eali dlh\u0161ie a neza\u010dali sa \u0161m\u00fdka\u0165 na riadidl\u00e1ch, ke\u010f sa namo\u010dia, <strong>mali by ste siahnu\u0165 po gripoch vybaven\u00fdch funkciou lock-on<\/strong>. \u013dahko sa in\u0161taluj\u00fa a pri \u00fadr\u017ebe sa daj\u00fa bez n\u00e1mahy odstr\u00e1ni\u0165. Za pribli\u017ene 10 \u20ac a\u017e 15 \u20ac k\u00fapite tento komponent, ktor\u00fd v\u00e1m nesmierne zlep\u0161\u00ed z\u00e1\u017eitok z jazdy.<\/p>\n<p>Aby bol v\u00e1\u0161 bicykel e\u0161te kraj\u0161\u00ed, m\u00f4\u017eete pou\u017ei\u0165 hlin\u00edkov\u00e9 koncovky na riadidl\u00e1. S\u00fa nielen odolnej\u0161ie, ale tie\u017e sa ove\u013ea \u013eah\u0161ie nasadzuj\u00fa. Rovnako ako v\u0161etko ostatn\u00e9 v tomto zozname, aj oni sa dod\u00e1vaj\u00fa v r\u00f4znych farb\u00e1ch, \u010do je ide\u00e1lne na prisp\u00f4sobenie v\u00e1\u0161ho bicykla.<\/p>\n<h2><strong>6. Blatn\u00edk<\/strong><\/h2>\n<p>M\u00e1te predstavu, o ko\u013eko lep\u0161ie je jazdi\u0165 na bicykli bez toho, aby ste mali v o\u010diach tri tony blata? Jednoduch\u00fd blatn\u00edk v\u00fdrazne zlep\u0161\u00ed v\u00e1\u0161 z\u00e1\u017eitok z jazdy a budete ma\u0165 mo\u017enos\u0165 d\u00fdcha\u0165 aj \u00fastami, ke\u010f\u017ee nebudete k\u0155men\u00ed v\u0161etk\u00fdm blatom sveta.<\/p>\n<p>Samozrejme existuj\u00fa aj drah\u0161ie blatn\u00edky, ale z\u00e1kladn\u00fa ochranu m\u00f4\u017eete ma\u0165 u\u017e za 5-10 \u20ac. Nielen\u017ee urobia va\u0161u jazdu bezpe\u010dnej\u0161ou, ke\u010f\u017ee v\u00e1m nebude voda strieka\u0165 do o\u010d\u00ed, <strong>ale pred\u013a\u017eia aj \u017eivotnos\u0165 v\u00e1\u0161ho cyklistick\u00e9ho oble\u010denia, ktor\u00e9 sa po prvej jazde \u00faplne nezni\u010d\u00ed<\/strong>.<\/p>\n<h2><strong>7. Zaobstarajte si kvalitn\u00fd re\u0165azov\u00fd olej<\/strong><\/h2>\n<p>Mazanie pohonu na bicykli je nevyhnutn\u00e9 pre udr\u017eanie v\u00e1\u0161ho mil\u00e1\u010dika v prev\u00e1dzke. Mnoho jazdcov nech\u00e1pe zmysel pou\u017e\u00edvania dobr\u00e9ho oleja a namiesto toho \u010dasto siahaj\u00fa po strojovom oleji, mazive alebo po \u010domko\u013evek, \u010do im pr\u00edde pod ruku. Ale no tak! V\u00e1\u0161 bicykel si zasl\u00fa\u017ei nie\u010do lep\u0161ie. Namiesto toho, aby ste lacno kupovali olej tretej triedy, sta\u010d\u00ed da\u0165 euro alebo dve navy\u0161e a k\u00fapi\u0165 syntetick\u00e9 mazivo. Pon\u00faka ove\u013ea lep\u0161iu ochranu a st\u00e1le stoj\u00ed od 8 do 10 \u20ac za kus. <strong>Toto vylep\u0161enie pre v\u00e1\u0161 bicykel by malo by\u0165 samozrejmos\u0165ou.<\/strong><\/p>\n<h2><strong>Nepreh\u00e1\u0148ajte to s vylep\u0161eniami<\/strong><\/h2>\n<p>T\u00fdchto sedem sp\u00f4sobov, ako vylep\u0161i\u0165 svoj bicykel bez toho, aby ste museli zruinova\u0165 svoj \u00fa\u010det v banke alebo e\u0161te lep\u0161ie, prakticky skoro za ni\u010d, by ste mali robi\u0165 s rozumom. Nepreh\u00e1\u0148ajte to s vylep\u0161eniami. Ak si vyberiete jednu farbu pre \u010diapo\u010dky na ventil, sk\u00faste sa jej dr\u017ea\u0165 aj pri ostatn\u00fdch komponentoch. Nemus\u00edte svoj bicykel vylep\u0161i\u0165 tak, akoby na \u0148om jazdilo 35 klaunov na cirkusovom predstaven\u00ed&#8230; Alebo to urobte. <strong>Koniec koncov, bicykel je v\u00e1\u0161 a je to va\u0161e rozhodnutie a v\u00e1\u0161 \u0161t\u00fdl.<\/strong><\/p>\n","protected":false},"excerpt":{"rendered":"<p>Pozn\u00e1te ten pocit? Je tesne pred v\u00fdplatou a u\u017e prem\u00fd\u0161\u013eate, \u010do si k\u00fapi\u0165 na bicykel. Srdce v\u00e1m bije r\u00fdchlej\u0161ie, zreni\u010dky [&hellip;]<\/p>\n","protected":false},"author":170,"featured_media":14731,"comment_status":"open","ping_status":"open","sticky":false,"template":"","format":"standard","meta":{"footnotes":""},"categories":[3],"tags":[902,412,1516,215],"global-categories":[],"class_list":["post-14728","post","type-post","status-publish","format-standard","has-post-thumbnail","hentry","category-mtb","tag-horsky-bicykel","tag-mtb","tag-mtb-vylepsenia","tag-nakupny-poradca"],"yoast_head":"<!-- This site is optimized with the Yoast SEO Premium plugin v25.3 (Yoast SEO v25.9) - https:\/\/yoast.com\/wordpress\/plugins\/seo\/ -->\n<title>7 extr\u00e9mne lacn\u00fdch MTB upgradov - \u0160koda We Love Cycling Slovensko<\/title>\n<meta name=\"description\" content=\"Pozrite si tieto extr\u00e9mne lacn\u00e9 vylep\u0161enia pre v\u00e1\u0161 horsk\u00fd bicykel, v\u010faka ktor\u00fdm bude va\u0161a jazda ove\u013ea pr\u00edjemnej\u0161ia.\" \/>\n<meta name=\"robots\" content=\"index, follow, max-snippet:-1, max-image-preview:large, max-video-preview:-1\" \/>\n<link rel=\"canonical\" href=\"https:\/\/www.welovecycling.com\/sk\/2022\/07\/08\/7-extremne-lacnych-mtb-upgradov\/\" \/>\n<meta property=\"og:locale\" content=\"sk_SK\" \/>\n<meta property=\"og:type\" content=\"article\" \/>\n<meta property=\"og:title\" content=\"7 extr\u00e9mne lacn\u00fdch MTB upgradov\" \/>\n<meta property=\"og:description\" content=\"Pozrite si tieto extr\u00e9mne lacn\u00e9 vylep\u0161enia pre v\u00e1\u0161 horsk\u00fd bicykel, v\u010faka ktor\u00fdm bude va\u0161a jazda ove\u013ea pr\u00edjemnej\u0161ia.\" \/>\n<meta property=\"og:url\" content=\"https:\/\/www.welovecycling.com\/sk\/2022\/07\/08\/7-extremne-lacnych-mtb-upgradov\/\" \/>\n<meta property=\"og:site_name\" content=\"\u0160koda We Love Cycling Slovensko\" \/>\n<meta property=\"article:published_time\" content=\"2022-07-08T07:15:46+00:00\" \/>\n<meta property=\"article:modified_time\" content=\"2022-09-29T10:57:59+00:00\" \/>\n<meta property=\"og:image\" content=\"https:\/\/d2p6e6u75xmxt8.cloudfront.net\/4\/2022\/06\/MTB-Cycling-profimedia-0610305508-CVR.webp\" \/>\n\t<meta property=\"og:image:width\" content=\"990\" \/>\n\t<meta property=\"og:image:height\" content=\"660\" \/>\n\t<meta property=\"og:image:type\" content=\"image\/webp\" \/>\n<meta name=\"author\" content=\"miksakova\" \/>\n<meta name=\"twitter:card\" content=\"summary_large_image\" \/>\n<meta name=\"twitter:label1\" content=\"Written by\" \/>\n\t<meta name=\"twitter:data1\" content=\"Martin Atanasov\" \/>\n\t<meta name=\"twitter:label2\" content=\"Est. reading time\" \/>\n\t<meta name=\"twitter:data2\" content=\"6\" \/>\n<script type=\"application\/ld+json\" class=\"yoast-schema-graph\">{\"@context\":\"https:\/\/schema.org\",\"@graph\":[{\"@type\":\"WebPage\",\"@id\":\"https:\/\/www.welovecycling.com\/sk\/2022\/07\/08\/7-extremne-lacnych-mtb-upgradov\/\",\"url\":\"https:\/\/www.welovecycling.com\/sk\/2022\/07\/08\/7-extremne-lacnych-mtb-upgradov\/\",\"name\":\"7 extr\u00e9mne lacn\u00fdch MTB upgradov - \u0160koda We Love Cycling Slovensko\",\"isPartOf\":{\"@id\":\"https:\/\/www.welovecycling.com\/sk\/#website\"},\"primaryImageOfPage\":{\"@id\":\"https:\/\/www.welovecycling.com\/sk\/2022\/07\/08\/7-extremne-lacnych-mtb-upgradov\/#primaryimage\"},\"image\":{\"@id\":\"https:\/\/www.welovecycling.com\/sk\/2022\/07\/08\/7-extremne-lacnych-mtb-upgradov\/#primaryimage\"},\"thumbnailUrl\":\"https:\/\/d2p6e6u75xmxt8.cloudfront.net\/4\/2022\/06\/MTB-Cycling-profimedia-0610305508-CVR.webp\",\"datePublished\":\"2022-07-08T07:15:46+00:00\",\"dateModified\":\"2022-09-29T10:57:59+00:00\",\"author\":{\"@id\":\"https:\/\/www.welovecycling.com\/sk\/#\/schema\/person\/c6ce5af9dceed219d84a07d2ffa2cad9\"},\"description\":\"Pozrite si tieto extr\u00e9mne lacn\u00e9 vylep\u0161enia pre v\u00e1\u0161 horsk\u00fd bicykel, v\u010faka ktor\u00fdm bude va\u0161a jazda ove\u013ea pr\u00edjemnej\u0161ia.\",\"breadcrumb\":{\"@id\":\"https:\/\/www.welovecycling.com\/sk\/2022\/07\/08\/7-extremne-lacnych-mtb-upgradov\/#breadcrumb\"},\"inLanguage\":\"sk-SK\",\"potentialAction\":[{\"@type\":\"ReadAction\",\"target\":[\"https:\/\/www.welovecycling.com\/sk\/2022\/07\/08\/7-extremne-lacnych-mtb-upgradov\/\"]}]},{\"@type\":\"ImageObject\",\"inLanguage\":\"sk-SK\",\"@id\":\"https:\/\/www.welovecycling.com\/sk\/2022\/07\/08\/7-extremne-lacnych-mtb-upgradov\/#primaryimage\",\"url\":\"https:\/\/d2p6e6u75xmxt8.cloudfront.net\/4\/2022\/06\/MTB-Cycling-profimedia-0610305508-CVR.webp\",\"contentUrl\":\"https:\/\/d2p6e6u75xmxt8.cloudfront.net\/4\/2022\/06\/MTB-Cycling-profimedia-0610305508-CVR.webp\",\"width\":990,\"height\":660,\"caption\":\"MTB\"},{\"@type\":\"BreadcrumbList\",\"@id\":\"https:\/\/www.welovecycling.com\/sk\/2022\/07\/08\/7-extremne-lacnych-mtb-upgradov\/#breadcrumb\",\"itemListElement\":[{\"@type\":\"ListItem\",\"position\":1,\"name\":\"Home\",\"item\":\"https:\/\/www.welovecycling.com\/sk\/\"},{\"@type\":\"ListItem\",\"position\":2,\"name\":\"7 extr\u00e9mne lacn\u00fdch MTB upgradov\"}]},{\"@type\":\"WebSite\",\"@id\":\"https:\/\/www.welovecycling.com\/sk\/#website\",\"url\":\"https:\/\/www.welovecycling.com\/sk\/\",\"name\":\"\u0160koda We Love Cycling Slovensko\",\"description\":\"\u0160koda We Love Cycling Slovensko je v\u00e1\u0161 ka\u017edodenn\u00fd zdroj noviniek a in\u0161pir\u00e1cie z sveta cyklistiky\",\"potentialAction\":[{\"@type\":\"SearchAction\",\"target\":{\"@type\":\"EntryPoint\",\"urlTemplate\":\"https:\/\/www.welovecycling.com\/sk\/?s={search_term_string}\"},\"query-input\":{\"@type\":\"PropertyValueSpecification\",\"valueRequired\":true,\"valueName\":\"search_term_string\"}}],\"inLanguage\":\"sk-SK\"},{\"@type\":\"Person\",\"@id\":\"https:\/\/www.welovecycling.com\/sk\/#\/schema\/person\/c6ce5af9dceed219d84a07d2ffa2cad9\",\"name\":\"miksakova\",\"image\":{\"@type\":\"ImageObject\",\"inLanguage\":\"sk-SK\",\"@id\":\"https:\/\/www.welovecycling.com\/sk\/#\/schema\/person\/image\/\",\"url\":\"https:\/\/secure.gravatar.com\/avatar\/3663fb8acb50de04150ea6f7afc1bc15aba80aad4bf92aee01bd38a79084eb7a?s=96&d=mm&r=g\",\"contentUrl\":\"https:\/\/secure.gravatar.com\/avatar\/3663fb8acb50de04150ea6f7afc1bc15aba80aad4bf92aee01bd38a79084eb7a?s=96&d=mm&r=g\",\"caption\":\"miksakova\"},\"url\":\"https:\/\/www.welovecycling.com\/sk\/author\/miksakova\/\"}]}<\/script>\n<!-- \/ Yoast SEO Premium plugin. -->","yoast_head_json":{"title":"7 extr\u00e9mne lacn\u00fdch MTB upgradov - \u0160koda We Love Cycling Slovensko","description":"Pozrite si tieto extr\u00e9mne lacn\u00e9 vylep\u0161enia pre v\u00e1\u0161 horsk\u00fd bicykel, v\u010faka ktor\u00fdm bude va\u0161a jazda ove\u013ea pr\u00edjemnej\u0161ia.","robots":{"index":"index","follow":"follow","max-snippet":"max-snippet:-1","max-image-preview":"max-image-preview:large","max-video-preview":"max-video-preview:-1"},"canonical":"https:\/\/www.welovecycling.com\/sk\/2022\/07\/08\/7-extremne-lacnych-mtb-upgradov\/","og_locale":"sk_SK","og_type":"article","og_title":"7 extr\u00e9mne lacn\u00fdch MTB upgradov","og_description":"Pozrite si tieto extr\u00e9mne lacn\u00e9 vylep\u0161enia pre v\u00e1\u0161 horsk\u00fd bicykel, v\u010faka ktor\u00fdm bude va\u0161a jazda ove\u013ea pr\u00edjemnej\u0161ia.","og_url":"https:\/\/www.welovecycling.com\/sk\/2022\/07\/08\/7-extremne-lacnych-mtb-upgradov\/","og_site_name":"\u0160koda We Love Cycling Slovensko","article_published_time":"2022-07-08T07:15:46+00:00","article_modified_time":"2022-09-29T10:57:59+00:00","og_image":[{"width":990,"height":660,"url":"https:\/\/d2p6e6u75xmxt8.cloudfront.net\/4\/2022\/06\/MTB-Cycling-profimedia-0610305508-CVR.webp","type":"image\/webp"}],"author":"miksakova","twitter_card":"summary_large_image","twitter_misc":{"Written by":"Martin Atanasov","Est. reading time":"6"},"schema":{"@context":"https:\/\/schema.org","@graph":[{"@type":"WebPage","@id":"https:\/\/www.welovecycling.com\/sk\/2022\/07\/08\/7-extremne-lacnych-mtb-upgradov\/","url":"https:\/\/www.welovecycling.com\/sk\/2022\/07\/08\/7-extremne-lacnych-mtb-upgradov\/","name":"7 extr\u00e9mne lacn\u00fdch MTB upgradov - \u0160koda We Love Cycling Slovensko","isPartOf":{"@id":"https:\/\/www.welovecycling.com\/sk\/#website"},"primaryImageOfPage":{"@id":"https:\/\/www.welovecycling.com\/sk\/2022\/07\/08\/7-extremne-lacnych-mtb-upgradov\/#primaryimage"},"image":{"@id":"https:\/\/www.welovecycling.com\/sk\/2022\/07\/08\/7-extremne-lacnych-mtb-upgradov\/#primaryimage"},"thumbnailUrl":"https:\/\/d2p6e6u75xmxt8.cloudfront.net\/4\/2022\/06\/MTB-Cycling-profimedia-0610305508-CVR.webp","datePublished":"2022-07-08T07:15:46+00:00","dateModified":"2022-09-29T10:57:59+00:00","author":{"@id":"https:\/\/www.welovecycling.com\/sk\/#\/schema\/person\/c6ce5af9dceed219d84a07d2ffa2cad9"},"description":"Pozrite si tieto extr\u00e9mne lacn\u00e9 vylep\u0161enia pre v\u00e1\u0161 horsk\u00fd bicykel, v\u010faka ktor\u00fdm bude va\u0161a jazda ove\u013ea pr\u00edjemnej\u0161ia.","breadcrumb":{"@id":"https:\/\/www.welovecycling.com\/sk\/2022\/07\/08\/7-extremne-lacnych-mtb-upgradov\/#breadcrumb"},"inLanguage":"sk-SK","potentialAction":[{"@type":"ReadAction","target":["https:\/\/www.welovecycling.com\/sk\/2022\/07\/08\/7-extremne-lacnych-mtb-upgradov\/"]}]},{"@type":"ImageObject","inLanguage":"sk-SK","@id":"https:\/\/www.welovecycling.com\/sk\/2022\/07\/08\/7-extremne-lacnych-mtb-upgradov\/#primaryimage","url":"https:\/\/d2p6e6u75xmxt8.cloudfront.net\/4\/2022\/06\/MTB-Cycling-profimedia-0610305508-CVR.webp","contentUrl":"https:\/\/d2p6e6u75xmxt8.cloudfront.net\/4\/2022\/06\/MTB-Cycling-profimedia-0610305508-CVR.webp","width":990,"height":660,"caption":"MTB"},{"@type":"BreadcrumbList","@id":"https:\/\/www.welovecycling.com\/sk\/2022\/07\/08\/7-extremne-lacnych-mtb-upgradov\/#breadcrumb","itemListElement":[{"@type":"ListItem","position":1,"name":"Home","item":"https:\/\/www.welovecycling.com\/sk\/"},{"@type":"ListItem","position":2,"name":"7 extr\u00e9mne lacn\u00fdch MTB upgradov"}]},{"@type":"WebSite","@id":"https:\/\/www.welovecycling.com\/sk\/#website","url":"https:\/\/www.welovecycling.com\/sk\/","name":"\u0160koda We Love Cycling Slovensko","description":"\u0160koda We Love Cycling Slovensko je v\u00e1\u0161 ka\u017edodenn\u00fd zdroj noviniek a in\u0161pir\u00e1cie z sveta cyklistiky","potentialAction":[{"@type":"SearchAction","target":{"@type":"EntryPoint","urlTemplate":"https:\/\/www.welovecycling.com\/sk\/?s={search_term_string}"},"query-input":{"@type":"PropertyValueSpecification","valueRequired":true,"valueName":"search_term_string"}}],"inLanguage":"sk-SK"},{"@type":"Person","@id":"https:\/\/www.welovecycling.com\/sk\/#\/schema\/person\/c6ce5af9dceed219d84a07d2ffa2cad9","name":"miksakova","image":{"@type":"ImageObject","inLanguage":"sk-SK","@id":"https:\/\/www.welovecycling.com\/sk\/#\/schema\/person\/image\/","url":"https:\/\/secure.gravatar.com\/avatar\/3663fb8acb50de04150ea6f7afc1bc15aba80aad4bf92aee01bd38a79084eb7a?s=96&d=mm&r=g","contentUrl":"https:\/\/secure.gravatar.com\/avatar\/3663fb8acb50de04150ea6f7afc1bc15aba80aad4bf92aee01bd38a79084eb7a?s=96&d=mm&r=g","caption":"miksakova"},"url":"https:\/\/www.welovecycling.com\/sk\/author\/miksakova\/"}]}},"_links":{"self":[{"href":"https:\/\/www.welovecycling.com\/sk\/wp-json\/wp\/v2\/posts\/14728","targetHints":{"allow":["GET"]}}],"collection":[{"href":"https:\/\/www.welovecycling.com\/sk\/wp-json\/wp\/v2\/posts"}],"about":[{"href":"https:\/\/www.welovecycling.com\/sk\/wp-json\/wp\/v2\/types\/post"}],"author":[{"embeddable":true,"href":"https:\/\/www.welovecycling.com\/sk\/wp-json\/wp\/v2\/users\/170"}],"replies":[{"embeddable":true,"href":"https:\/\/www.welovecycling.com\/sk\/wp-json\/wp\/v2\/comments?post=14728"}],"version-history":[{"count":2,"href":"https:\/\/www.welovecycling.com\/sk\/wp-json\/wp\/v2\/posts\/14728\/revisions"}],"predecessor-version":[{"id":14795,"href":"https:\/\/www.welovecycling.com\/sk\/wp-json\/wp\/v2\/posts\/14728\/revisions\/14795"}],"wp:featuredmedia":[{"embeddable":true,"href":"https:\/\/www.welovecycling.com\/sk\/wp-json\/wp\/v2\/media\/14731"}],"wp:attachment":[{"href":"https:\/\/www.welovecycling.com\/sk\/wp-json\/wp\/v2\/media?parent=14728"}],"wp:term":[{"taxonomy":"category","embeddable":true,"href":"https:\/\/www.welovecycling.com\/sk\/wp-json\/wp\/v2\/categories?post=14728"},{"taxonomy":"post_tag","embeddable":true,"href":"https:\/\/www.welovecycling.com\/sk\/wp-json\/wp\/v2\/tags?post=14728"},{"taxonomy":"global-categories","embeddable":true,"href":"https:\/\/www.welovecycling.com\/sk\/wp-json\/wp\/v2\/global-categories?post=14728"}],"curies":[{"name":"wp","href":"https:\/\/api.w.org\/{rel}","templated":true}]}}