{"id":14691,"date":"2022-06-20T10:00:35","date_gmt":"2022-06-20T08:00:35","guid":{"rendered":"https:\/\/www.welovecycling.com\/sk\/?p=14691"},"modified":"2022-06-20T09:06:02","modified_gmt":"2022-06-20T07:06:02","slug":"pozvanka-skoda-bike-open-tour-prva-letna-zastavka-v-topolciankach","status":"publish","type":"post","link":"https:\/\/www.welovecycling.com\/sk\/2022\/06\/20\/pozvanka-skoda-bike-open-tour-prva-letna-zastavka-v-topolciankach\/","title":{"rendered":"Pozv\u00e1nka: \u0160koda BIKE OPEN TOUR &#8211; prv\u00e1 letn\u00e1 zast\u00e1vka v Topo\u013e\u010diankach"},"content":{"rendered":"<p><strong>V\u00a0sobotu 25. 06. v\u00e1s poz\u00fdvame na \u0161tvrt\u00e9 kolo \u0160koda BIKE OPEN TOUR do Topo\u013e\u010dianok. T\u00e1to obec v\u00a0regi\u00f3ne Tekov je zn\u00e1ma predov\u0161etk\u00fdm N\u00e1rodn\u00fdm \u017ereb\u010d\u00ednom, ale aj kvalitn\u00fdm v\u00ednom. V\u00a0poslednej dobe s\u00fa \u010doraz popul\u00e1rnej\u0161ie aj tajomn\u00e9 Tribe\u010dsk\u00e9 vrchy, ale nemus\u00edte ma\u0165 obavy, s\u00a0nami sa v\u00a0t\u00fdchto kr\u00e1snych lesoch nestrat\u00edte.<\/strong><!--more--><\/p>\n<p>Po\u010das pretekov sa povrch nieko\u013ekokr\u00e1t zmen\u00ed. <strong>Na \u0161tarte si u\u017eijete pra\u0161n\u00fd povrch, \u010derstv\u00e9ho vzduchu sa nad\u00fdchate na lesn\u00fdch cesti\u010dk\u00e1ch, kde budete potrebova\u0165 nejak\u00e9 tie technick\u00e9 zru\u010dnosti.<\/strong> Pre mnoh\u00fdch s\u00fa v\u0161ak najkraj\u0161ou \u010das\u0165ou asfaltov\u00e9 \u00faseky okolo vin\u00edc, kde sa budete c\u00edti\u0165 skoro ako na juhu Franc\u00fazska. Ak k\u00a0tomu e\u0161te vyjde po\u010dasie ako minul\u00fd rok, predstava bude dokonal\u00e1.<\/p>\n<div data-rows=\"2\" id='gallery-1' class='gallery-rows-2 gallery galleryid-14691 gallery-columns-2 gallery-size-full'><figure class='gallery-item'>\n\t\t\t<div class='gallery-icon landscape'>\n\t\t\t\t<a href='https:\/\/d2p6e6u75xmxt8.cloudfront.net\/4\/2022\/06\/SBOT_Topolcianky_01.webp'><img loading=\"lazy\" decoding=\"async\" width=\"990\" height=\"660\" src=\"https:\/\/d2p6e6u75xmxt8.cloudfront.net\/4\/2022\/06\/SBOT_Topolcianky_01.webp\" class=\"attachment-full size-full\" alt=\"\" srcset=\"https:\/\/d2p6e6u75xmxt8.cloudfront.net\/4\/2022\/06\/SBOT_Topolcianky_01.webp 990w, https:\/\/d2p6e6u75xmxt8.cloudfront.net\/4\/2022\/06\/SBOT_Topolcianky_01-300x200.webp 300w, https:\/\/d2p6e6u75xmxt8.cloudfront.net\/4\/2022\/06\/SBOT_Topolcianky_01-768x512.webp 768w, https:\/\/d2p6e6u75xmxt8.cloudfront.net\/4\/2022\/06\/SBOT_Topolcianky_01-272x182.webp 272w\" sizes=\"auto, (max-width: 990px) 100vw, 990px\" \/><\/a>\n\t\t\t<\/div><\/figure><figure class='gallery-item'>\n\t\t\t<div class='gallery-icon landscape'>\n\t\t\t\t<a href='https:\/\/d2p6e6u75xmxt8.cloudfront.net\/4\/2022\/06\/SBOT_Topolcianky_02.webp'><img loading=\"lazy\" decoding=\"async\" width=\"990\" height=\"660\" src=\"https:\/\/d2p6e6u75xmxt8.cloudfront.net\/4\/2022\/06\/SBOT_Topolcianky_02.webp\" class=\"attachment-full size-full\" alt=\"\" srcset=\"https:\/\/d2p6e6u75xmxt8.cloudfront.net\/4\/2022\/06\/SBOT_Topolcianky_02.webp 990w, https:\/\/d2p6e6u75xmxt8.cloudfront.net\/4\/2022\/06\/SBOT_Topolcianky_02-300x200.webp 300w, https:\/\/d2p6e6u75xmxt8.cloudfront.net\/4\/2022\/06\/SBOT_Topolcianky_02-768x512.webp 768w, https:\/\/d2p6e6u75xmxt8.cloudfront.net\/4\/2022\/06\/SBOT_Topolcianky_02-272x182.webp 272w\" sizes=\"auto, (max-width: 990px) 100vw, 990px\" \/><\/a>\n\t\t\t<\/div><\/figure>\n\t\t<\/div>\n        \n<p>Na v\u00fdber bud\u00fa tri z\u00e1kladn\u00e9 trate a\u00a0samozrejme sa myslelo aj na fan\u00fa\u0161ikov e-bikov. <strong>Nezab\u00fada sa ani na t\u00fdch najmen\u0161\u00edch<\/strong>, ktor\u00ed m\u00f4\u017eu preteka\u0165 v\u00a0r\u00e1mci Family trate.<\/p>\n<ul>\n<li><strong>Dlh\u00e1 tra\u0165:<\/strong> 68 km<\/li>\n<li><strong>Stredn\u00e1 tra\u0165:<\/strong> 45 km<\/li>\n<li><strong>Kr\u00e1tka tra\u0165:<\/strong> 25 km<\/li>\n<li><strong>E-bike tra\u0165:<\/strong> 45 km<\/li>\n<li><strong>\u0160koda Family tra\u0165:<\/strong> 15 km<\/li>\n<\/ul>\n<p><a href=\"https:\/\/d2p6e6u75xmxt8.cloudfront.net\/4\/2022\/06\/SBOT_Topolcianky_03.jpg\"><img loading=\"lazy\" decoding=\"async\" src=\"https:\/\/d2p6e6u75xmxt8.cloudfront.net\/4\/2022\/06\/SBOT_Topolcianky_03.jpg\" alt=\"\" width=\"990\" height=\"660\" class=\"alignnone size-full wp-image-14698\" \/><\/a><\/p>\n<p>Bohat\u00fd bude aj sprievodn\u00fd program a\u00a0samozrejmos\u0165ou je tombola so zauj\u00edmav\u00fdmi cenami. <strong>M\u00f4\u017eete si vysk\u00fa\u0161a\u0165 v\u0161etky aktu\u00e1lne novinky z\u00a0ponuky \u0160koda, \u010di z\u00edska\u0165 15 % z\u013eavu na n\u00e1kup vec\u00ed na \u0160koda E-shope.<\/strong> Nebude ch\u00fdba\u0165 ani z\u00e1bava pre deti, napr\u00edklad v\u00a0podobe ob\u013e\u00faben\u00e9ho sk\u00e1kacieho auta \u010di stany s\u00a0hrac\u00edmi konzolami.<\/p>\n<p><a href=\"https:\/\/d2p6e6u75xmxt8.cloudfront.net\/4\/2022\/06\/SBOT_Topolcianky_04.jpg\"><img loading=\"lazy\" decoding=\"async\" src=\"https:\/\/d2p6e6u75xmxt8.cloudfront.net\/4\/2022\/06\/SBOT_Topolcianky_04.jpg\" alt=\"\" width=\"990\" height=\"660\" class=\"alignnone size-full wp-image-14699\" \/><\/a><\/p>\n<p>A\u00a0ke\u010f u\u017e budete zo z\u00e1\u017eitkov z\u00a0cel\u00e9ho d\u0148a unaven\u00ed, d\u00e1te si gul\u00e1\u0161, dobr\u00fd chladen\u00fd n\u00e1poj alebo k\u00e1vu na povzbudenie a\u00a0m\u00f4\u017eete sa \u201evyvali\u0165\u201d v\u00a0niektorej z\u00a0oddychov\u00fdch z\u00f3n.<\/p>\n<p><a href=\"https:\/\/d2p6e6u75xmxt8.cloudfront.net\/4\/2022\/06\/SBOT_Topolcianky_05.jpg\"><img loading=\"lazy\" decoding=\"async\" src=\"https:\/\/d2p6e6u75xmxt8.cloudfront.net\/4\/2022\/06\/SBOT_Topolcianky_05.jpg\" alt=\"\" width=\"990\" height=\"660\" class=\"alignnone size-full wp-image-14700\" \/><\/a><\/p>\n<div class=\"shortcode-ys-post-pinup\"><article class=\"loop-simple post-12058 post type-post status-publish format-gallery has-post-thumbnail hentry category-mtb category-podujatia category-sbot tag-fotogaleria tag-sbot tag-skoda-dedina tag-skoda-mtb-cyklomaraton-topolcianky tag-skoda-tim tag-topolcianky post_format-post-format-gallery\" data-postid=\"12058\" role=\"article\" data-post-id=\"12058\" data-headline-length=\"49\" data-category=\"MTB\" data-author=\"WeLoveCycling\" data-published=\"2021-06-29T17:00:24+02:00\" data-published-day=\"Tuesday\">\n    <div class=\"entry-thumbnail article-thumbnail\" content=\"https:\/\/d2p6e6u75xmxt8.cloudfront.net\/4\/2021\/06\/1380x600-topolcianky-foto-cover-150x150.webp\"><a href=\"https:\/\/www.welovecycling.com\/sk\/2021\/06\/29\/foto-skoda-topolcianky-2021\/\" class=\"image-holder\" target=\"_self\"><img decoding=\"async\" loading=\"lazy\" class=\"\" src=\"https:\/\/d2p6e6u75xmxt8.cloudfront.net\/4\/2021\/06\/1380x600-topolcianky-foto-cover-1024x445.webp\" srcset=\"https:\/\/d2p6e6u75xmxt8.cloudfront.net\/4\/2021\/06\/1380x600-topolcianky-foto-cover.webp 1380w, https:\/\/d2p6e6u75xmxt8.cloudfront.net\/4\/2021\/06\/1380x600-topolcianky-foto-cover-300x130.webp 300w, https:\/\/d2p6e6u75xmxt8.cloudfront.net\/4\/2021\/06\/1380x600-topolcianky-foto-cover-1024x445.webp 1024w, https:\/\/d2p6e6u75xmxt8.cloudfront.net\/4\/2021\/06\/1380x600-topolcianky-foto-cover-768x334.webp 768w\" width=\"1024\" height=\"445\" sizes=\"auto, (min-width: 1200px) 460px, (min-width: 768px) 38vw, 100vw\" alt=\"foto-skoda-topolcianky-2021\"\/><\/a><\/div>    <div class=\"entry-meta\">\n        <a class=\"label label-secondary post-category\" href=\"https:\/\/www.welovecycling.com\/sk\/category\/mtb\/\" title=\"MTB\">MTB<\/a>\n    <\/div>\n    <div class=\"entry-details\">\n        <a href=\"https:\/\/www.welovecycling.com\/sk\/2021\/06\/29\/foto-skoda-topolcianky-2021\/\" class='entry-title-wrapper'>\n            <h3 class=\"entry-title\"><span>FOTO: \u0160koda MTB cyklomarat\u00f3n Topo\u013e\u010dianky 2021<\/span><\/h3>\n        <\/a>\n    <\/div>\n    <\/article>\n<\/div>\n<p><strong>Pr\u00ed\u010fte si u\u017ei\u0165 pekn\u00fa sobotu akt\u00edvnym oddychom s\u00a0celou rodinou.<\/strong> A\u00a0odpor\u00fa\u010dame v\u00e1m str\u00e1vi\u0165 v\u00a0tejto \u010dasti Slovenska cel\u00fd v\u00edkend, ur\u010dite tu je \u010do vidie\u0165 a\u00a0za\u017ei\u0165. Nav\u0161t\u00edvi\u0165 m\u00f4\u017eete aj hrad Hru\u0161ov, okolo ktor\u00e9ho v\u00a0sobotu bude vies\u0165 tra\u0165 a\u00a0kde m\u00f4\u017eete z\u00edska\u0165 cenu kr\u00e1\u013ea Hru\u0161ova.<\/p>\n","protected":false},"excerpt":{"rendered":"<p>V\u00a0sobotu 25. 06. v\u00e1s poz\u00fdvame na \u0161tvrt\u00e9 kolo \u0160koda BIKE OPEN TOUR do Topo\u013e\u010dianok. T\u00e1to obec v\u00a0regi\u00f3ne Tekov je zn\u00e1ma [&hellip;]<\/p>\n","protected":false},"author":163,"featured_media":14695,"comment_status":"open","ping_status":"open","sticky":false,"template":"","format":"standard","meta":{"footnotes":""},"categories":[33],"tags":[1386,1443,178,767,179,509,474,1411,542,1009,562,77,1363,92,523,1362,183],"global-categories":[1074],"class_list":["post-14691","post","type-post","status-publish","format-standard","has-post-thumbnail","hentry","category-sbot","tag-deti-na-bicykli","tag-ekologia","tag-maraton","tag-motivacia","tag-preteky","tag-rodina","tag-rodinny-maraton","tag-sezona-2022","tag-skoda","tag-skoda-auto","tag-skoda-bicykel","tag-skoda-dedina","tag-skoda-mtb-cyklomaraton-topolcianky","tag-skoda-tim","tag-slovensko","tag-topolcianky","tag-zabava","global-categories-cycling"],"yoast_head":"<!-- This site is optimized with the Yoast SEO Premium plugin v25.3 (Yoast SEO v25.9) - https:\/\/yoast.com\/wordpress\/plugins\/seo\/ -->\n<title>Pozv\u00e1nka: \u0160koda BIKE OPEN TOUR - prv\u00e1 letn\u00e1 zast\u00e1vka v Topo\u013e\u010diankach - \u0160koda We Love Cycling Slovensko<\/title>\n<meta name=\"description\" content=\"V\u00a0sobotu 25. 06. v\u00e1s poz\u00fdvame na \u0161tvrt\u00e9 kolo \u0160koda BIKE OPEN TOUR do Topo\u013e\u010dianok. Na v\u00fdber bud\u00fa tri z\u00e1kladn\u00e9 trate a e-bike tra\u0165.\" \/>\n<meta name=\"robots\" content=\"index, follow, max-snippet:-1, max-image-preview:large, max-video-preview:-1\" \/>\n<link rel=\"canonical\" href=\"https:\/\/www.welovecycling.com\/sk\/2022\/06\/20\/pozvanka-skoda-bike-open-tour-prva-letna-zastavka-v-topolciankach\/\" \/>\n<meta property=\"og:locale\" content=\"sk_SK\" \/>\n<meta property=\"og:type\" content=\"article\" \/>\n<meta property=\"og:title\" content=\"Pozv\u00e1nka: \u0160koda BIKE OPEN TOUR - prv\u00e1 letn\u00e1 zast\u00e1vka v Topo\u013e\u010diankach\" \/>\n<meta property=\"og:description\" content=\"V\u00a0sobotu 25. 06. v\u00e1s poz\u00fdvame na \u0161tvrt\u00e9 kolo \u0160koda BIKE OPEN TOUR do Topo\u013e\u010dianok. Na v\u00fdber bud\u00fa tri z\u00e1kladn\u00e9 trate a e-bike tra\u0165.\" \/>\n<meta property=\"og:url\" content=\"https:\/\/www.welovecycling.com\/sk\/2022\/06\/20\/pozvanka-skoda-bike-open-tour-prva-letna-zastavka-v-topolciankach\/\" \/>\n<meta property=\"og:site_name\" content=\"\u0160koda We Love Cycling Slovensko\" \/>\n<meta property=\"article:published_time\" content=\"2022-06-20T08:00:35+00:00\" \/>\n<meta property=\"og:image\" content=\"https:\/\/d2p6e6u75xmxt8.cloudfront.net\/4\/2022\/06\/SBOT_Topolcianky_00.webp\" \/>\n\t<meta property=\"og:image:width\" content=\"990\" \/>\n\t<meta property=\"og:image:height\" content=\"660\" \/>\n\t<meta property=\"og:image:type\" content=\"image\/webp\" \/>\n<meta name=\"twitter:card\" content=\"summary_large_image\" \/>\n<meta name=\"twitter:label1\" content=\"Written by\" \/>\n\t<meta name=\"twitter:data1\" content=\"WeLoveCycling\" \/>\n\t<meta name=\"twitter:label2\" content=\"Est. reading time\" \/>\n\t<meta name=\"twitter:data2\" content=\"2 minutes\" \/>\n<script type=\"application\/ld+json\" class=\"yoast-schema-graph\">{\"@context\":\"https:\/\/schema.org\",\"@graph\":[{\"@type\":\"WebPage\",\"@id\":\"https:\/\/www.welovecycling.com\/sk\/2022\/06\/20\/pozvanka-skoda-bike-open-tour-prva-letna-zastavka-v-topolciankach\/\",\"url\":\"https:\/\/www.welovecycling.com\/sk\/2022\/06\/20\/pozvanka-skoda-bike-open-tour-prva-letna-zastavka-v-topolciankach\/\",\"name\":\"Pozv\u00e1nka: \u0160koda BIKE OPEN TOUR - prv\u00e1 letn\u00e1 zast\u00e1vka v Topo\u013e\u010diankach - \u0160koda We Love Cycling Slovensko\",\"isPartOf\":{\"@id\":\"https:\/\/www.welovecycling.com\/sk\/#website\"},\"primaryImageOfPage\":{\"@id\":\"https:\/\/www.welovecycling.com\/sk\/2022\/06\/20\/pozvanka-skoda-bike-open-tour-prva-letna-zastavka-v-topolciankach\/#primaryimage\"},\"image\":{\"@id\":\"https:\/\/www.welovecycling.com\/sk\/2022\/06\/20\/pozvanka-skoda-bike-open-tour-prva-letna-zastavka-v-topolciankach\/#primaryimage\"},\"thumbnailUrl\":\"https:\/\/d2p6e6u75xmxt8.cloudfront.net\/4\/2022\/06\/SBOT_Topolcianky_00.webp\",\"datePublished\":\"2022-06-20T08:00:35+00:00\",\"author\":{\"@id\":\"\"},\"description\":\"V\u00a0sobotu 25. 06. v\u00e1s poz\u00fdvame na \u0161tvrt\u00e9 kolo \u0160koda BIKE OPEN TOUR do Topo\u013e\u010dianok. Na v\u00fdber bud\u00fa tri z\u00e1kladn\u00e9 trate a e-bike tra\u0165.\",\"breadcrumb\":{\"@id\":\"https:\/\/www.welovecycling.com\/sk\/2022\/06\/20\/pozvanka-skoda-bike-open-tour-prva-letna-zastavka-v-topolciankach\/#breadcrumb\"},\"inLanguage\":\"sk-SK\",\"potentialAction\":[{\"@type\":\"ReadAction\",\"target\":[\"https:\/\/www.welovecycling.com\/sk\/2022\/06\/20\/pozvanka-skoda-bike-open-tour-prva-letna-zastavka-v-topolciankach\/\"]}]},{\"@type\":\"ImageObject\",\"inLanguage\":\"sk-SK\",\"@id\":\"https:\/\/www.welovecycling.com\/sk\/2022\/06\/20\/pozvanka-skoda-bike-open-tour-prva-letna-zastavka-v-topolciankach\/#primaryimage\",\"url\":\"https:\/\/d2p6e6u75xmxt8.cloudfront.net\/4\/2022\/06\/SBOT_Topolcianky_00.webp\",\"contentUrl\":\"https:\/\/d2p6e6u75xmxt8.cloudfront.net\/4\/2022\/06\/SBOT_Topolcianky_00.webp\",\"width\":990,\"height\":660},{\"@type\":\"BreadcrumbList\",\"@id\":\"https:\/\/www.welovecycling.com\/sk\/2022\/06\/20\/pozvanka-skoda-bike-open-tour-prva-letna-zastavka-v-topolciankach\/#breadcrumb\",\"itemListElement\":[{\"@type\":\"ListItem\",\"position\":1,\"name\":\"Home\",\"item\":\"https:\/\/www.welovecycling.com\/sk\/\"},{\"@type\":\"ListItem\",\"position\":2,\"name\":\"Pozv\u00e1nka: \u0160koda BIKE OPEN TOUR &#8211; prv\u00e1 letn\u00e1 zast\u00e1vka v Topo\u013e\u010diankach\"}]},{\"@type\":\"WebSite\",\"@id\":\"https:\/\/www.welovecycling.com\/sk\/#website\",\"url\":\"https:\/\/www.welovecycling.com\/sk\/\",\"name\":\"\u0160koda We Love Cycling Slovensko\",\"description\":\"\u0160koda We Love Cycling Slovensko je v\u00e1\u0161 ka\u017edodenn\u00fd zdroj noviniek a in\u0161pir\u00e1cie z sveta cyklistiky\",\"potentialAction\":[{\"@type\":\"SearchAction\",\"target\":{\"@type\":\"EntryPoint\",\"urlTemplate\":\"https:\/\/www.welovecycling.com\/sk\/?s={search_term_string}\"},\"query-input\":{\"@type\":\"PropertyValueSpecification\",\"valueRequired\":true,\"valueName\":\"search_term_string\"}}],\"inLanguage\":\"sk-SK\"},{\"@type\":\"Person\",\"@id\":\"\",\"url\":\"https:\/\/www.welovecycling.com\/sk\/author\/\"}]}<\/script>\n<!-- \/ Yoast SEO Premium plugin. -->","yoast_head_json":{"title":"Pozv\u00e1nka: \u0160koda BIKE OPEN TOUR - prv\u00e1 letn\u00e1 zast\u00e1vka v Topo\u013e\u010diankach - \u0160koda We Love Cycling Slovensko","description":"V\u00a0sobotu 25. 06. v\u00e1s poz\u00fdvame na \u0161tvrt\u00e9 kolo \u0160koda BIKE OPEN TOUR do Topo\u013e\u010dianok. Na v\u00fdber bud\u00fa tri z\u00e1kladn\u00e9 trate a e-bike tra\u0165.","robots":{"index":"index","follow":"follow","max-snippet":"max-snippet:-1","max-image-preview":"max-image-preview:large","max-video-preview":"max-video-preview:-1"},"canonical":"https:\/\/www.welovecycling.com\/sk\/2022\/06\/20\/pozvanka-skoda-bike-open-tour-prva-letna-zastavka-v-topolciankach\/","og_locale":"sk_SK","og_type":"article","og_title":"Pozv\u00e1nka: \u0160koda BIKE OPEN TOUR - prv\u00e1 letn\u00e1 zast\u00e1vka v Topo\u013e\u010diankach","og_description":"V\u00a0sobotu 25. 06. v\u00e1s poz\u00fdvame na \u0161tvrt\u00e9 kolo \u0160koda BIKE OPEN TOUR do Topo\u013e\u010dianok. Na v\u00fdber bud\u00fa tri z\u00e1kladn\u00e9 trate a e-bike tra\u0165.","og_url":"https:\/\/www.welovecycling.com\/sk\/2022\/06\/20\/pozvanka-skoda-bike-open-tour-prva-letna-zastavka-v-topolciankach\/","og_site_name":"\u0160koda We Love Cycling Slovensko","article_published_time":"2022-06-20T08:00:35+00:00","og_image":[{"width":990,"height":660,"url":"https:\/\/d2p6e6u75xmxt8.cloudfront.net\/4\/2022\/06\/SBOT_Topolcianky_00.webp","type":"image\/webp"}],"twitter_card":"summary_large_image","twitter_misc":{"Written by":"WeLoveCycling","Est. reading time":"2 minutes"},"schema":{"@context":"https:\/\/schema.org","@graph":[{"@type":"WebPage","@id":"https:\/\/www.welovecycling.com\/sk\/2022\/06\/20\/pozvanka-skoda-bike-open-tour-prva-letna-zastavka-v-topolciankach\/","url":"https:\/\/www.welovecycling.com\/sk\/2022\/06\/20\/pozvanka-skoda-bike-open-tour-prva-letna-zastavka-v-topolciankach\/","name":"Pozv\u00e1nka: \u0160koda BIKE OPEN TOUR - prv\u00e1 letn\u00e1 zast\u00e1vka v Topo\u013e\u010diankach - \u0160koda We Love Cycling Slovensko","isPartOf":{"@id":"https:\/\/www.welovecycling.com\/sk\/#website"},"primaryImageOfPage":{"@id":"https:\/\/www.welovecycling.com\/sk\/2022\/06\/20\/pozvanka-skoda-bike-open-tour-prva-letna-zastavka-v-topolciankach\/#primaryimage"},"image":{"@id":"https:\/\/www.welovecycling.com\/sk\/2022\/06\/20\/pozvanka-skoda-bike-open-tour-prva-letna-zastavka-v-topolciankach\/#primaryimage"},"thumbnailUrl":"https:\/\/d2p6e6u75xmxt8.cloudfront.net\/4\/2022\/06\/SBOT_Topolcianky_00.webp","datePublished":"2022-06-20T08:00:35+00:00","author":{"@id":""},"description":"V\u00a0sobotu 25. 06. v\u00e1s poz\u00fdvame na \u0161tvrt\u00e9 kolo \u0160koda BIKE OPEN TOUR do Topo\u013e\u010dianok. Na v\u00fdber bud\u00fa tri z\u00e1kladn\u00e9 trate a e-bike tra\u0165.","breadcrumb":{"@id":"https:\/\/www.welovecycling.com\/sk\/2022\/06\/20\/pozvanka-skoda-bike-open-tour-prva-letna-zastavka-v-topolciankach\/#breadcrumb"},"inLanguage":"sk-SK","potentialAction":[{"@type":"ReadAction","target":["https:\/\/www.welovecycling.com\/sk\/2022\/06\/20\/pozvanka-skoda-bike-open-tour-prva-letna-zastavka-v-topolciankach\/"]}]},{"@type":"ImageObject","inLanguage":"sk-SK","@id":"https:\/\/www.welovecycling.com\/sk\/2022\/06\/20\/pozvanka-skoda-bike-open-tour-prva-letna-zastavka-v-topolciankach\/#primaryimage","url":"https:\/\/d2p6e6u75xmxt8.cloudfront.net\/4\/2022\/06\/SBOT_Topolcianky_00.webp","contentUrl":"https:\/\/d2p6e6u75xmxt8.cloudfront.net\/4\/2022\/06\/SBOT_Topolcianky_00.webp","width":990,"height":660},{"@type":"BreadcrumbList","@id":"https:\/\/www.welovecycling.com\/sk\/2022\/06\/20\/pozvanka-skoda-bike-open-tour-prva-letna-zastavka-v-topolciankach\/#breadcrumb","itemListElement":[{"@type":"ListItem","position":1,"name":"Home","item":"https:\/\/www.welovecycling.com\/sk\/"},{"@type":"ListItem","position":2,"name":"Pozv\u00e1nka: \u0160koda BIKE OPEN TOUR &#8211; prv\u00e1 letn\u00e1 zast\u00e1vka v Topo\u013e\u010diankach"}]},{"@type":"WebSite","@id":"https:\/\/www.welovecycling.com\/sk\/#website","url":"https:\/\/www.welovecycling.com\/sk\/","name":"\u0160koda We Love Cycling Slovensko","description":"\u0160koda We Love Cycling Slovensko je v\u00e1\u0161 ka\u017edodenn\u00fd zdroj noviniek a in\u0161pir\u00e1cie z sveta cyklistiky","potentialAction":[{"@type":"SearchAction","target":{"@type":"EntryPoint","urlTemplate":"https:\/\/www.welovecycling.com\/sk\/?s={search_term_string}"},"query-input":{"@type":"PropertyValueSpecification","valueRequired":true,"valueName":"search_term_string"}}],"inLanguage":"sk-SK"},{"@type":"Person","@id":"","url":"https:\/\/www.welovecycling.com\/sk\/author\/"}]}},"_links":{"self":[{"href":"https:\/\/www.welovecycling.com\/sk\/wp-json\/wp\/v2\/posts\/14691","targetHints":{"allow":["GET"]}}],"collection":[{"href":"https:\/\/www.welovecycling.com\/sk\/wp-json\/wp\/v2\/posts"}],"about":[{"href":"https:\/\/www.welovecycling.com\/sk\/wp-json\/wp\/v2\/types\/post"}],"author":[{"embeddable":true,"href":"https:\/\/www.welovecycling.com\/sk\/wp-json\/wp\/v2\/users\/163"}],"replies":[{"embeddable":true,"href":"https:\/\/www.welovecycling.com\/sk\/wp-json\/wp\/v2\/comments?post=14691"}],"version-history":[{"count":2,"href":"https:\/\/www.welovecycling.com\/sk\/wp-json\/wp\/v2\/posts\/14691\/revisions"}],"predecessor-version":[{"id":14706,"href":"https:\/\/www.welovecycling.com\/sk\/wp-json\/wp\/v2\/posts\/14691\/revisions\/14706"}],"wp:featuredmedia":[{"embeddable":true,"href":"https:\/\/www.welovecycling.com\/sk\/wp-json\/wp\/v2\/media\/14695"}],"wp:attachment":[{"href":"https:\/\/www.welovecycling.com\/sk\/wp-json\/wp\/v2\/media?parent=14691"}],"wp:term":[{"taxonomy":"category","embeddable":true,"href":"https:\/\/www.welovecycling.com\/sk\/wp-json\/wp\/v2\/categories?post=14691"},{"taxonomy":"post_tag","embeddable":true,"href":"https:\/\/www.welovecycling.com\/sk\/wp-json\/wp\/v2\/tags?post=14691"},{"taxonomy":"global-categories","embeddable":true,"href":"https:\/\/www.welovecycling.com\/sk\/wp-json\/wp\/v2\/global-categories?post=14691"}],"curies":[{"name":"wp","href":"https:\/\/api.w.org\/{rel}","templated":true}]}}