{"id":14684,"date":"2022-06-22T10:00:39","date_gmt":"2022-06-22T08:00:39","guid":{"rendered":"https:\/\/www.welovecycling.com\/sk\/?p=14684"},"modified":"2022-09-12T16:56:44","modified_gmt":"2022-09-12T14:56:44","slug":"zalozte-si-s-detmi-cyklisticky-dennik","status":"publish","type":"post","link":"https:\/\/www.welovecycling.com\/sk\/2022\/06\/22\/zalozte-si-s-detmi-cyklisticky-dennik\/","title":{"rendered":"Zalo\u017ete si s\u00a0de\u0165mi cyklistick\u00fd denn\u00edk"},"content":{"rendered":"<p><strong>Chcete svoje deti nadchn\u00fa\u0165 pre cyklistiku? Chcete, aby tento kr\u00e1sny \u0161port ostal ich celo\u017eivotnou l\u00e1skou? Mus\u00edte pre to nie\u010do urobi\u0165. V\u00a0prvom rade im k\u00fapte kr\u00e1sny nov\u00fd bicykel. U\u017e tento samotn\u00fd fakt ich v\u00a0prvom momente nadchne a\u00a0za\u010dn\u00fa sa preh\u00e1\u0148a\u0165 na dvoch koles\u00e1ch po okol\u00ed.<\/strong><!--more--><\/p>\n<p>Toto nad\u0161enie v\u0161ak v\u00e4\u010d\u0161inou po \u010dase vyprch\u00e1 a\u00a0tak ich mus\u00edte motivova\u0165 nie\u010d\u00edm \u010fal\u0161\u00edm. Povozte sa ob\u010das s\u00a0nimi, alebo ich rovno zoberte na cyklov\u00fdlet. Skvel\u00fdm n\u00e1padom je cyklistick\u00fd denn\u00edk a\u00a0na ten sa v\u00a0tomto \u010dl\u00e1nku pozrieme trochu bli\u017e\u0161ie.<\/p>\n<h2><strong>Zaklad\u00e1me cyklo denn\u00edk<\/strong><\/h2>\n<p>Mo\u017eno ste si ako deti p\u00edsali denn\u00edk, aj ke\u010f v\u00a0dne\u0161nej modernej dobe to vyzer\u00e1 tak, \u017ee denn\u00ed\u010dky sa presunuli na soci\u00e1lne siete. Len\u017ee sk\u00faste sa narolova\u0165 o\u00a0tri roky dozadu? Asi v\u00e1s to o\u00a0chv\u00ed\u013eu prestane bavi\u0165. Zalo\u017ete si preto klasick\u00fd papierov\u00fd cyklo denn\u00edk, kde si budete zapisova\u0165 va\u0161e v\u00fdlety. <strong>Najlep\u0161ie sa na to hod\u00ed zo\u0161it s\u00a0\u010dist\u00fdmi listami, preto\u017ee do neho budete aj kresli\u0165 a\u00a0bud\u00fa sa tam vlepova\u0165 r\u00f4zne spomienky a\u00a0drobnosti.<\/strong> Ve\u013ekos\u0165 m\u00f4\u017eete zvoli\u0165 A4, alebo m\u00f4\u017eu to by\u0165 aj men\u0161ie vreckov\u00e9 z\u00e1pisn\u00ed\u010dky, ktor\u00fdch je v\u00a0ponuke obchodov naozaj dos\u0165.<\/p>\n<h2><strong>\u010co si odklada\u0165?<\/strong><\/h2>\n<p>Odkladajte si l\u00edstky z\u00a0miest, ktor\u00e9 ste nav\u0161t\u00edvili, napr\u00edklad zo ZOO, hradu \u010di z\u00e1mku. Odkladajte si aj let\u00e1\u010diky, \u010di l\u00edstky do tomboly. Ak si po\u010das v\u00fdletu napr\u00edklad k\u00fapite nejak\u00fa sladkos\u0165, ktor\u00fa m\u00e1te cel\u00e1 rodina ve\u013emi ob\u013e\u00faben\u00fa, odlo\u017ete si jeden obal. <strong>Neverili by ste, ak\u00e9 spomienky dok\u00e1\u017ee po rokoch vyvola\u0165.<\/strong> Deti na jese\u0148 radi h\u013eadaj\u00fa pekn\u00e9 spadnut\u00e9 listy \u2013 odlo\u017ete si jeden. Pou\u017ei\u0165 sa d\u00e1 ak\u00e1ko\u013evek pripomienka v\u00fdletu, bu\u010fte kreat\u00edvni. Aj ke\u010f sa to po\u010das v\u00fdletu nezd\u00e1, ale nesk\u00f4r sa d\u00e1 pou\u017ei\u0165 takmer v\u0161etko. Je to s\u00edce niekedy trochu otrava, odklada\u0165 v\u0161etky tie l\u00edstky, let\u00e1ky a\u00a0nosi\u0165 to cel\u00fd \u010das so sebou, ale verte mi, potom doma, ke\u010f budete p\u00edsa\u0165, \u010do ste za\u017eili, ocen\u00edte aj list zo stromu, ktor\u00fd ste si odlo\u017eili.<\/p>\n<p><a href=\"https:\/\/d2p6e6u75xmxt8.cloudfront.net\/4\/2022\/06\/Cyklo_dennik_01.JPG.jpg\"><img loading=\"lazy\" decoding=\"async\" src=\"https:\/\/d2p6e6u75xmxt8.cloudfront.net\/4\/2022\/06\/Cyklo_dennik_01.JPG.jpg\" alt=\"\" width=\"990\" height=\"660\" class=\"alignnone size-full wp-image-14687\" \/><\/a><\/p>\n<h2><strong>Kreslite a vyfarbujte<\/strong><\/h2>\n<p>Nechajte deti prejavi\u0165 svoju kreativitu a\u00a0nechajte im ku ka\u017ed\u00e9mu z\u00e1pisu nakresli\u0165, \u010do za\u017eili. Mo\u017eno to nebude umeleck\u00e9 dielo na vysokej \u00farovni, ale po rokoch ocen\u00edte, \u017ee m\u00e1te podchyten\u00e9 ich detsk\u00e9 v\u00fdtvory. Kreslite farbi\u010dkami, ceruzkou, perom, fixkami, \u010d\u00edmko\u013evek, hlavne nech je to pestr\u00e9 a\u00a0vesel\u00e9. <\/p>\n<h2><strong>Digit\u00e1lna verzia<\/strong><\/h2>\n<p>Doba je modern\u00e1 a\u00a0ak ste ako rodina nad\u0161enci do digit\u00e1lnych technol\u00f3gi\u00ed, pokojne si m\u00f4\u017eete zalo\u017ei\u0165 aj elektronick\u00fd denn\u00edk. V po\u010d\u00edta\u010di \u010di na tablete \u2013 v\u00fdber je len na v\u00e1s. V\u0161ade n\u00e1jdete ur\u010dite vhodn\u00e9 aplik\u00e1cie pre tento \u00fa\u010del. <strong>D\u00f4le\u017eit\u00e9 je, aby ste okrem textu vedeli vklada\u0165 fotografie z\u00a0v\u00fdletov a\u00a0skenovan\u00e9 vstupenky a\u00a0in\u00e9 drobnosti, ktor\u00e9 som spom\u00ednal vy\u0161\u0161ie.<\/strong> V\u00fdhodou tak\u00e9hoto denn\u00edka je, \u017ee do neho m\u00f4\u017eete vlo\u017ei\u0165 aj video a\u00a0v\u0161etko podfarbi\u0165 hudbou. O\u00a0tom, \u017ee tak\u00fdto denn\u00edk sa d\u00e1 aj zdie\u013ea\u0165 na internete, netreba ani hovori\u0165. To \u010di tieto rodinn\u00e9 spomienky zdie\u013ea\u0165 s\u00a0cel\u00fdm svetom budete, je v\u0161ak u\u017e na v\u00e1s.<\/p>\n<figure id=\"attachment_14688\" aria-describedby=\"caption-attachment-14688\" style=\"width: 990px\" class=\"wp-caption alignnone\"><a href=\"https:\/\/d2p6e6u75xmxt8.cloudfront.net\/4\/2022\/06\/Cyklo_dennik_02.jpg\"><img loading=\"lazy\" decoding=\"async\" src=\"https:\/\/d2p6e6u75xmxt8.cloudfront.net\/4\/2022\/06\/Cyklo_dennik_02.jpg\" alt=\"Foto: pixabay.com\" width=\"990\" height=\"660\" class=\"size-full wp-image-14688\" \/><\/a><figcaption id=\"caption-attachment-14688\" class=\"wp-caption-text\">Foto: pixabay.com<\/figcaption><\/figure>\n<h2><strong>\u010c\u00edtanie na dlh\u00e9 zimn\u00e9 ve\u010dery<\/strong><\/h2>\n<p>Ve\u013ek\u00fdm pote\u0161en\u00edm pre v\u00e1s bude, listova\u0165 si v\u00a0denn\u00edku po\u010das dlh\u00fdch zimn\u00fdch ve\u010derov a\u00a0pri \u010daji spom\u00edna\u0165, \u010do v\u0161etko ste za\u017eili cez leto. <strong>A\u00a0to u\u017e ani nehovor\u00edm o\u00a0tom, ak\u00e9 kr\u00e1sne spomienky vo v\u00e1s vyvol\u00e1 po rokoch, ke\u010f u\u017e bud\u00fa deti v\u00e4\u010d\u0161ie a\u00a0bud\u00fa s\u00a0vami chodi\u0165 na v\u00fdlety len m\u00e1lokedy, preto\u017ee u\u017e bud\u00fa ma\u0165 vlastn\u00e9 z\u00e1ujmy.<\/strong> A\u00a0mo\u017eno raz, ke\u010f uk\u00e1\u017eete denn\u00edk svojim vn\u00fa\u010dat\u00e1m, in\u0161pirujete ich, aby si nie\u010do podobn\u00e9 zalo\u017eili so svojimi rodi\u010dmi, alebo budete zaklada\u0165 podobn\u00fd denn\u00ed\u010dek s\u00a0nimi vy a\u00a0znovu dostanete chu\u0165 objavova\u0165 okolie.<\/p>\n<div class=\"shortcode-ys-post-pinup\"><article class=\"loop-simple post-14512 post type-post status-publish format-standard has-post-thumbnail hentry category-deti-na-bicykloch tag-bikepacking tag-bikepacking-s-detmi tag-deti tag-deti-na-bicykli tag-detske-bicykle tag-vyjazd tag-vylet\" data-postid=\"14512\" role=\"article\" data-post-id=\"14512\" data-word-count=\"280\" data-headline-length=\"48\" data-category=\"Deti na bicykloch\" data-author=\"Juliet Elliott\" data-published=\"2022-06-17T10:00:26+02:00\" data-published-day=\"Friday\">\n    <div class=\"entry-thumbnail article-thumbnail\" content=\"https:\/\/d2p6e6u75xmxt8.cloudfront.net\/4\/2022\/05\/Juliet-Elliott-CVR-150x150.webp\"><a href=\"https:\/\/www.welovecycling.com\/sk\/2022\/06\/17\/tipy-pre-vas-prvy-bikepacking-vylet-s-detmi\/\" class=\"image-holder\" target=\"_self\"><img decoding=\"async\" loading=\"lazy\" class=\"\" src=\"https:\/\/d2p6e6u75xmxt8.cloudfront.net\/4\/2022\/05\/Juliet-Elliott-CVR.webp\" srcset=\"https:\/\/d2p6e6u75xmxt8.cloudfront.net\/4\/2022\/05\/Juliet-Elliott-CVR.webp 990w, https:\/\/d2p6e6u75xmxt8.cloudfront.net\/4\/2022\/05\/Juliet-Elliott-CVR-300x200.webp 300w, https:\/\/d2p6e6u75xmxt8.cloudfront.net\/4\/2022\/05\/Juliet-Elliott-CVR-768x512.webp 768w, https:\/\/d2p6e6u75xmxt8.cloudfront.net\/4\/2022\/05\/Juliet-Elliott-CVR-272x182.webp 272w\" width=\"990\" height=\"660\" sizes=\"auto, (min-width: 1200px) 300px, (min-width: 768px) 25vw, 100vw\" alt=\"tipy-pre-vas-prvy-bikepacking-vylet-s-detmi\"\/><\/a><\/div>    <div class=\"entry-meta\">\n        <a class=\"label label-secondary post-category\" href=\"https:\/\/www.welovecycling.com\/sk\/category\/deti-na-bicykloch\/\" title=\"Deti na bicykloch\">Deti na bicykloch<\/a>\n    <\/div>\n    <div class=\"entry-details\">\n        <a href=\"https:\/\/www.welovecycling.com\/sk\/2022\/06\/17\/tipy-pre-vas-prvy-bikepacking-vylet-s-detmi\/\" class='entry-title-wrapper'>\n            <h3 class=\"entry-title\"><span>Tipy pre v\u00e1\u0161 prv\u00fd bikepacking v\u00fdlet s de\u0165mi<\/span><\/h3>\n        <\/a>\n    <\/div>\n    <\/article>\n<\/div>\n<p>Ak ste sa pr\u00e1ve nadchli pre my\u0161lienku zalo\u017ei\u0165 si denn\u00edk, m\u00f4\u017eete na to pou\u017ei\u0165 prv\u00fd zo\u0161it, ktor\u00fd n\u00e1jdete. Odpor\u00fa\u010dam v\u00e1m v\u0161ak k\u00fapi\u0165 si pekn\u00fd zo\u0161it s\u00a0tvrd\u00fdmi doskami a\u00a0ak chcete \u00eds\u0165 do nie\u010doho naozaj poriadneho, daj\u00fa sa k\u00fapi\u0165 vyslovene kroniky. S\u00fa to tie hrub\u00e9 zo\u0161ity s\u00a0ob\u00e1lkou potiahnutou ko\u017eou a\u00a0to u\u017e potom bude in\u00fd skvost vo va\u0161ej rodinnej kni\u017enici. Za \u00fapravu \u010dl\u00e1nku \u010fakujeme spolo\u010dnosti <a href=\"https:\/\/ghostwriting-agentur.com\/\"rel=\"dofollow\">Ghostwriting Agentur<\/a>. <\/p>\n<p>Tituln\u00e1 fotografia: pexels.com <\/p>\n","protected":false},"excerpt":{"rendered":"<p>Chcete svoje deti nadchn\u00fa\u0165 pre cyklistiku? Chcete, aby tento kr\u00e1sny \u0161port ostal ich celo\u017eivotnou l\u00e1skou? Mus\u00edte pre to nie\u010do urobi\u0165. [&hellip;]<\/p>\n","protected":false},"author":163,"featured_media":14686,"comment_status":"open","ping_status":"open","sticky":false,"template":"","format":"standard","meta":{"footnotes":""},"categories":[51],"tags":[1510,53,1386,54,767,1015,508],"global-categories":[1074],"class_list":["post-14684","post","type-post","status-publish","format-standard","has-post-thumbnail","hentry","category-deti-na-bicykloch","tag-bikepacking-s-detmi","tag-deti","tag-deti-na-bicykli","tag-detske-bicykle","tag-motivacia","tag-spomienky","tag-vylet","global-categories-cycling"],"yoast_head":"<!-- This site is optimized with the Yoast SEO Premium plugin v25.3 (Yoast SEO v25.9) - https:\/\/yoast.com\/wordpress\/plugins\/seo\/ -->\n<title>Zalo\u017ete si s\u00a0de\u0165mi cyklistick\u00fd denn\u00edk - \u0160koda We Love Cycling Slovensko<\/title>\n<meta name=\"description\" content=\"Chcete svoje deti nadchn\u00fa\u0165 pre cyklistiku? Skvel\u00fdm n\u00e1padom je cyklistick\u00fd denn\u00edk a\u00a0na ten sa v\u00a0tomto \u010dl\u00e1nku pozrieme trochu bli\u017e\u0161ie.\" \/>\n<meta name=\"robots\" content=\"index, follow, max-snippet:-1, max-image-preview:large, max-video-preview:-1\" \/>\n<link rel=\"canonical\" href=\"https:\/\/www.welovecycling.com\/sk\/2022\/06\/22\/zalozte-si-s-detmi-cyklisticky-dennik\/\" \/>\n<meta property=\"og:locale\" content=\"sk_SK\" \/>\n<meta property=\"og:type\" content=\"article\" \/>\n<meta property=\"og:title\" content=\"Zalo\u017ete si s\u00a0de\u0165mi cyklistick\u00fd denn\u00edk\" \/>\n<meta property=\"og:description\" content=\"Chcete svoje deti nadchn\u00fa\u0165 pre cyklistiku? Skvel\u00fdm n\u00e1padom je cyklistick\u00fd denn\u00edk a\u00a0na ten sa v\u00a0tomto \u010dl\u00e1nku pozrieme trochu bli\u017e\u0161ie.\" \/>\n<meta property=\"og:url\" content=\"https:\/\/www.welovecycling.com\/sk\/2022\/06\/22\/zalozte-si-s-detmi-cyklisticky-dennik\/\" \/>\n<meta property=\"og:site_name\" content=\"\u0160koda We Love Cycling Slovensko\" \/>\n<meta property=\"article:published_time\" content=\"2022-06-22T08:00:39+00:00\" \/>\n<meta property=\"article:modified_time\" content=\"2022-09-12T14:56:44+00:00\" \/>\n<meta property=\"og:image\" content=\"https:\/\/d2p6e6u75xmxt8.cloudfront.net\/4\/2022\/06\/Cyklo_dennik_00.webp\" \/>\n\t<meta property=\"og:image:width\" content=\"990\" \/>\n\t<meta property=\"og:image:height\" content=\"660\" \/>\n\t<meta property=\"og:image:type\" content=\"image\/webp\" \/>\n<meta name=\"twitter:card\" content=\"summary_large_image\" \/>\n<meta name=\"twitter:label1\" content=\"Written by\" \/>\n\t<meta name=\"twitter:data1\" content=\"Juliet Elliott\" \/>\n\t<meta name=\"twitter:label2\" content=\"Est. reading time\" \/>\n\t<meta name=\"twitter:data2\" content=\"4 minutes\" \/>\n<script type=\"application\/ld+json\" class=\"yoast-schema-graph\">{\"@context\":\"https:\/\/schema.org\",\"@graph\":[{\"@type\":\"WebPage\",\"@id\":\"https:\/\/www.welovecycling.com\/sk\/2022\/06\/22\/zalozte-si-s-detmi-cyklisticky-dennik\/\",\"url\":\"https:\/\/www.welovecycling.com\/sk\/2022\/06\/22\/zalozte-si-s-detmi-cyklisticky-dennik\/\",\"name\":\"Zalo\u017ete si s\u00a0de\u0165mi cyklistick\u00fd denn\u00edk - \u0160koda We Love Cycling Slovensko\",\"isPartOf\":{\"@id\":\"https:\/\/www.welovecycling.com\/sk\/#website\"},\"primaryImageOfPage\":{\"@id\":\"https:\/\/www.welovecycling.com\/sk\/2022\/06\/22\/zalozte-si-s-detmi-cyklisticky-dennik\/#primaryimage\"},\"image\":{\"@id\":\"https:\/\/www.welovecycling.com\/sk\/2022\/06\/22\/zalozte-si-s-detmi-cyklisticky-dennik\/#primaryimage\"},\"thumbnailUrl\":\"https:\/\/d2p6e6u75xmxt8.cloudfront.net\/4\/2022\/06\/Cyklo_dennik_00.webp\",\"datePublished\":\"2022-06-22T08:00:39+00:00\",\"dateModified\":\"2022-09-12T14:56:44+00:00\",\"author\":{\"@id\":\"\"},\"description\":\"Chcete svoje deti nadchn\u00fa\u0165 pre cyklistiku? Skvel\u00fdm n\u00e1padom je cyklistick\u00fd denn\u00edk a\u00a0na ten sa v\u00a0tomto \u010dl\u00e1nku pozrieme trochu bli\u017e\u0161ie.\",\"breadcrumb\":{\"@id\":\"https:\/\/www.welovecycling.com\/sk\/2022\/06\/22\/zalozte-si-s-detmi-cyklisticky-dennik\/#breadcrumb\"},\"inLanguage\":\"sk-SK\",\"potentialAction\":[{\"@type\":\"ReadAction\",\"target\":[\"https:\/\/www.welovecycling.com\/sk\/2022\/06\/22\/zalozte-si-s-detmi-cyklisticky-dennik\/\"]}]},{\"@type\":\"ImageObject\",\"inLanguage\":\"sk-SK\",\"@id\":\"https:\/\/www.welovecycling.com\/sk\/2022\/06\/22\/zalozte-si-s-detmi-cyklisticky-dennik\/#primaryimage\",\"url\":\"https:\/\/d2p6e6u75xmxt8.cloudfront.net\/4\/2022\/06\/Cyklo_dennik_00.webp\",\"contentUrl\":\"https:\/\/d2p6e6u75xmxt8.cloudfront.net\/4\/2022\/06\/Cyklo_dennik_00.webp\",\"width\":990,\"height\":660},{\"@type\":\"BreadcrumbList\",\"@id\":\"https:\/\/www.welovecycling.com\/sk\/2022\/06\/22\/zalozte-si-s-detmi-cyklisticky-dennik\/#breadcrumb\",\"itemListElement\":[{\"@type\":\"ListItem\",\"position\":1,\"name\":\"Home\",\"item\":\"https:\/\/www.welovecycling.com\/sk\/\"},{\"@type\":\"ListItem\",\"position\":2,\"name\":\"Zalo\u017ete si s\u00a0de\u0165mi cyklistick\u00fd denn\u00edk\"}]},{\"@type\":\"WebSite\",\"@id\":\"https:\/\/www.welovecycling.com\/sk\/#website\",\"url\":\"https:\/\/www.welovecycling.com\/sk\/\",\"name\":\"\u0160koda We Love Cycling Slovensko\",\"description\":\"\u0160koda We Love Cycling Slovensko je v\u00e1\u0161 ka\u017edodenn\u00fd zdroj noviniek a in\u0161pir\u00e1cie z sveta cyklistiky\",\"potentialAction\":[{\"@type\":\"SearchAction\",\"target\":{\"@type\":\"EntryPoint\",\"urlTemplate\":\"https:\/\/www.welovecycling.com\/sk\/?s={search_term_string}\"},\"query-input\":{\"@type\":\"PropertyValueSpecification\",\"valueRequired\":true,\"valueName\":\"search_term_string\"}}],\"inLanguage\":\"sk-SK\"},{\"@type\":\"Person\",\"@id\":\"\",\"url\":\"https:\/\/www.welovecycling.com\/sk\/author\/\"}]}<\/script>\n<!-- \/ Yoast SEO Premium plugin. -->","yoast_head_json":{"title":"Zalo\u017ete si s\u00a0de\u0165mi cyklistick\u00fd denn\u00edk - \u0160koda We Love Cycling Slovensko","description":"Chcete svoje deti nadchn\u00fa\u0165 pre cyklistiku? Skvel\u00fdm n\u00e1padom je cyklistick\u00fd denn\u00edk a\u00a0na ten sa v\u00a0tomto \u010dl\u00e1nku pozrieme trochu bli\u017e\u0161ie.","robots":{"index":"index","follow":"follow","max-snippet":"max-snippet:-1","max-image-preview":"max-image-preview:large","max-video-preview":"max-video-preview:-1"},"canonical":"https:\/\/www.welovecycling.com\/sk\/2022\/06\/22\/zalozte-si-s-detmi-cyklisticky-dennik\/","og_locale":"sk_SK","og_type":"article","og_title":"Zalo\u017ete si s\u00a0de\u0165mi cyklistick\u00fd denn\u00edk","og_description":"Chcete svoje deti nadchn\u00fa\u0165 pre cyklistiku? Skvel\u00fdm n\u00e1padom je cyklistick\u00fd denn\u00edk a\u00a0na ten sa v\u00a0tomto \u010dl\u00e1nku pozrieme trochu bli\u017e\u0161ie.","og_url":"https:\/\/www.welovecycling.com\/sk\/2022\/06\/22\/zalozte-si-s-detmi-cyklisticky-dennik\/","og_site_name":"\u0160koda We Love Cycling Slovensko","article_published_time":"2022-06-22T08:00:39+00:00","article_modified_time":"2022-09-12T14:56:44+00:00","og_image":[{"width":990,"height":660,"url":"https:\/\/d2p6e6u75xmxt8.cloudfront.net\/4\/2022\/06\/Cyklo_dennik_00.webp","type":"image\/webp"}],"twitter_card":"summary_large_image","twitter_misc":{"Written by":"Juliet Elliott","Est. reading time":"4 minutes"},"schema":{"@context":"https:\/\/schema.org","@graph":[{"@type":"WebPage","@id":"https:\/\/www.welovecycling.com\/sk\/2022\/06\/22\/zalozte-si-s-detmi-cyklisticky-dennik\/","url":"https:\/\/www.welovecycling.com\/sk\/2022\/06\/22\/zalozte-si-s-detmi-cyklisticky-dennik\/","name":"Zalo\u017ete si s\u00a0de\u0165mi cyklistick\u00fd denn\u00edk - \u0160koda We Love Cycling Slovensko","isPartOf":{"@id":"https:\/\/www.welovecycling.com\/sk\/#website"},"primaryImageOfPage":{"@id":"https:\/\/www.welovecycling.com\/sk\/2022\/06\/22\/zalozte-si-s-detmi-cyklisticky-dennik\/#primaryimage"},"image":{"@id":"https:\/\/www.welovecycling.com\/sk\/2022\/06\/22\/zalozte-si-s-detmi-cyklisticky-dennik\/#primaryimage"},"thumbnailUrl":"https:\/\/d2p6e6u75xmxt8.cloudfront.net\/4\/2022\/06\/Cyklo_dennik_00.webp","datePublished":"2022-06-22T08:00:39+00:00","dateModified":"2022-09-12T14:56:44+00:00","author":{"@id":""},"description":"Chcete svoje deti nadchn\u00fa\u0165 pre cyklistiku? Skvel\u00fdm n\u00e1padom je cyklistick\u00fd denn\u00edk a\u00a0na ten sa v\u00a0tomto \u010dl\u00e1nku pozrieme trochu bli\u017e\u0161ie.","breadcrumb":{"@id":"https:\/\/www.welovecycling.com\/sk\/2022\/06\/22\/zalozte-si-s-detmi-cyklisticky-dennik\/#breadcrumb"},"inLanguage":"sk-SK","potentialAction":[{"@type":"ReadAction","target":["https:\/\/www.welovecycling.com\/sk\/2022\/06\/22\/zalozte-si-s-detmi-cyklisticky-dennik\/"]}]},{"@type":"ImageObject","inLanguage":"sk-SK","@id":"https:\/\/www.welovecycling.com\/sk\/2022\/06\/22\/zalozte-si-s-detmi-cyklisticky-dennik\/#primaryimage","url":"https:\/\/d2p6e6u75xmxt8.cloudfront.net\/4\/2022\/06\/Cyklo_dennik_00.webp","contentUrl":"https:\/\/d2p6e6u75xmxt8.cloudfront.net\/4\/2022\/06\/Cyklo_dennik_00.webp","width":990,"height":660},{"@type":"BreadcrumbList","@id":"https:\/\/www.welovecycling.com\/sk\/2022\/06\/22\/zalozte-si-s-detmi-cyklisticky-dennik\/#breadcrumb","itemListElement":[{"@type":"ListItem","position":1,"name":"Home","item":"https:\/\/www.welovecycling.com\/sk\/"},{"@type":"ListItem","position":2,"name":"Zalo\u017ete si s\u00a0de\u0165mi cyklistick\u00fd denn\u00edk"}]},{"@type":"WebSite","@id":"https:\/\/www.welovecycling.com\/sk\/#website","url":"https:\/\/www.welovecycling.com\/sk\/","name":"\u0160koda We Love Cycling Slovensko","description":"\u0160koda We Love Cycling Slovensko je v\u00e1\u0161 ka\u017edodenn\u00fd zdroj noviniek a in\u0161pir\u00e1cie z sveta cyklistiky","potentialAction":[{"@type":"SearchAction","target":{"@type":"EntryPoint","urlTemplate":"https:\/\/www.welovecycling.com\/sk\/?s={search_term_string}"},"query-input":{"@type":"PropertyValueSpecification","valueRequired":true,"valueName":"search_term_string"}}],"inLanguage":"sk-SK"},{"@type":"Person","@id":"","url":"https:\/\/www.welovecycling.com\/sk\/author\/"}]}},"_links":{"self":[{"href":"https:\/\/www.welovecycling.com\/sk\/wp-json\/wp\/v2\/posts\/14684","targetHints":{"allow":["GET"]}}],"collection":[{"href":"https:\/\/www.welovecycling.com\/sk\/wp-json\/wp\/v2\/posts"}],"about":[{"href":"https:\/\/www.welovecycling.com\/sk\/wp-json\/wp\/v2\/types\/post"}],"author":[{"embeddable":true,"href":"https:\/\/www.welovecycling.com\/sk\/wp-json\/wp\/v2\/users\/163"}],"replies":[{"embeddable":true,"href":"https:\/\/www.welovecycling.com\/sk\/wp-json\/wp\/v2\/comments?post=14684"}],"version-history":[{"count":2,"href":"https:\/\/www.welovecycling.com\/sk\/wp-json\/wp\/v2\/posts\/14684\/revisions"}],"predecessor-version":[{"id":15404,"href":"https:\/\/www.welovecycling.com\/sk\/wp-json\/wp\/v2\/posts\/14684\/revisions\/15404"}],"wp:featuredmedia":[{"embeddable":true,"href":"https:\/\/www.welovecycling.com\/sk\/wp-json\/wp\/v2\/media\/14686"}],"wp:attachment":[{"href":"https:\/\/www.welovecycling.com\/sk\/wp-json\/wp\/v2\/media?parent=14684"}],"wp:term":[{"taxonomy":"category","embeddable":true,"href":"https:\/\/www.welovecycling.com\/sk\/wp-json\/wp\/v2\/categories?post=14684"},{"taxonomy":"post_tag","embeddable":true,"href":"https:\/\/www.welovecycling.com\/sk\/wp-json\/wp\/v2\/tags?post=14684"},{"taxonomy":"global-categories","embeddable":true,"href":"https:\/\/www.welovecycling.com\/sk\/wp-json\/wp\/v2\/global-categories?post=14684"}],"curies":[{"name":"wp","href":"https:\/\/api.w.org\/{rel}","templated":true}]}}