{"id":14663,"date":"2022-06-15T10:00:17","date_gmt":"2022-06-15T08:00:17","guid":{"rendered":"https:\/\/www.welovecycling.com\/sk\/?p=14663"},"modified":"2022-06-15T08:51:22","modified_gmt":"2022-06-15T06:51:22","slug":"reportaz-skoda-slovensky-raj-jedinecne-jazdenie-v-narodnom-parku","status":"publish","type":"post","link":"https:\/\/www.welovecycling.com\/sk\/2022\/06\/15\/reportaz-skoda-slovensky-raj-jedinecne-jazdenie-v-narodnom-parku\/","title":{"rendered":"Report\u00e1\u017e: \u0160koda Slovensk\u00fd raj &#8211; jedine\u010dn\u00e9 jazdenie v n\u00e1rodnom parku"},"content":{"rendered":"<p><strong>S\u00e9ria horsk\u00fdch marat\u00f3nov \u0160koda BIKE OPEN TOUR pokra\u010dovala aj uplynul\u00fd v\u00edkend a to op\u00e4\u0165 na v\u00fdchode. Tentokr\u00e1t si v\u0161etci \u00fa\u010dastn\u00edci mohli zajazdi\u0165 v prostred\u00ed, ktor\u00e9 je inak pre cyklistov zak\u00e1zan\u00e9. N\u00e1rodn\u00fd park Slovensk\u00fd raj pon\u00fakol pretek\u00e1rom n\u00e1dhern\u00e9 v\u00fdh\u013eady a dobre jazdiv\u00e9 chodn\u00ed\u010dky.<\/strong><!--more--><\/p>\n<p>Tento rok cyklistom po\u010dasie viac ne\u017e praje a tak sme sa op\u00e4\u0165 v\u0161etci stretli po\u010das slne\u010dnej soboty, aby sme si u\u017eili kr\u00e1sy na\u0161ej pr\u00edrody. <strong>V z\u00e1zem\u00ed sa vysmiate tv\u00e1re zbierali u\u017e od skor\u00e9ho r\u00e1na a v dobrej n\u00e1lade sa v\u0161etci pripravovali na svoj \u0161tart.<\/strong> Na ten sa spolu postavilo 494 cyklistov, ako inak aj s gravelmi, e-bikmi a tie\u017e na\u0161i najmen\u0161\u00ed.<\/p>\n<p><a href=\"https:\/\/d2p6e6u75xmxt8.cloudfront.net\/4\/2022\/06\/01.jpg\"><img loading=\"lazy\" decoding=\"async\" src=\"https:\/\/d2p6e6u75xmxt8.cloudfront.net\/4\/2022\/06\/01.jpg\" alt=\"\" width=\"990\" height=\"660\" class=\"alignnone size-full wp-image-14666\" \/><\/a><\/p>\n<h2><strong>Dlh\u00e1 tra\u0165 &#8211; 68 km<\/strong><\/h2>\n<p>De\u0148 za\u010dal klasicky so \u0161tartom najdlh\u0161ej trate. Pretek\u00e1ri sa nechali vyvies\u0165 cez dedinu a za\u010dalo prv\u00e9 l\u00fa\u010dne st\u00fapanie. Tu sa za\u010dal pelot\u00f3n pomaly na\u0165ahova\u0165, a\u017e sa rozdrobil na men\u0161ie skupinky. Tra\u0165 marat\u00f3ncov zaviedla okolo zn\u00e1meho Tom\u00e1\u0161ovsk\u00e9ho v\u00fdh\u013eadu, dopriala p\u00e1r kr\u00e1tkych technick\u00fdch \u00fasekov, oddych na asfalte a neocenite\u013en\u00e9 v\u00fdh\u013eady na hory a Palcmansk\u00fa Ma\u0161u. Dlh\u00fd \u0161trkov\u00fd zjazd v z\u00e1vere si ako prv\u00fd zi\u0161iel \u010desk\u00fd cyklista<strong> Karel Hartl, ktor\u00fd pokoril tra\u0165ov\u00fd rekord. S \u010dasom 2:40:15.4<\/strong> do cie\u013ea dorazil s viac ako 5 min\u00fatov\u00fdm n\u00e1skokom pred najbli\u017e\u0161\u00edm s\u00faperom. <strong>Zo \u017eien sa na najvy\u0161\u0161iu prie\u010dku dostala Stanislava Vavro\u0161ekov\u00e1<\/strong>.<\/p>\n<div id='gallery-1' class='gallery galleryid-14663 gallery-columns-2 gallery-size-full'><figure class='gallery-item'>\n\t\t\t<div class='gallery-icon landscape'>\n\t\t\t\t<a href='https:\/\/d2p6e6u75xmxt8.cloudfront.net\/4\/2022\/06\/IMG_2856-scaled.webp'><img loading=\"lazy\" decoding=\"async\" width=\"2560\" height=\"1707\" src=\"https:\/\/d2p6e6u75xmxt8.cloudfront.net\/4\/2022\/06\/IMG_2856-scaled.webp\" class=\"attachment-full size-full\" alt=\"\" srcset=\"https:\/\/d2p6e6u75xmxt8.cloudfront.net\/4\/2022\/06\/IMG_2856-scaled.webp 2560w, https:\/\/d2p6e6u75xmxt8.cloudfront.net\/4\/2022\/06\/IMG_2856-scaled-300x200.webp 300w, https:\/\/d2p6e6u75xmxt8.cloudfront.net\/4\/2022\/06\/IMG_2856-scaled-1024x683.webp 1024w, https:\/\/d2p6e6u75xmxt8.cloudfront.net\/4\/2022\/06\/IMG_2856-scaled-768x512.webp 768w, https:\/\/d2p6e6u75xmxt8.cloudfront.net\/4\/2022\/06\/IMG_2856-scaled-1536x1024.webp 1536w, https:\/\/d2p6e6u75xmxt8.cloudfront.net\/4\/2022\/06\/IMG_2856-scaled-2048x1366.webp 2048w, https:\/\/d2p6e6u75xmxt8.cloudfront.net\/4\/2022\/06\/IMG_2856-scaled-1920x1280.webp 1920w, https:\/\/d2p6e6u75xmxt8.cloudfront.net\/4\/2022\/06\/IMG_2856-scaled-272x182.webp 272w, https:\/\/d2p6e6u75xmxt8.cloudfront.net\/4\/2022\/06\/IMG_2856-scaled-1920x1280.webp 1920w\" sizes=\"auto, (max-width: 2560px) 100vw, 2560px\" \/><\/a>\n\t\t\t<\/div><\/figure><figure class='gallery-item'>\n\t\t\t<div class='gallery-icon landscape'>\n\t\t\t\t<a href='https:\/\/d2p6e6u75xmxt8.cloudfront.net\/4\/2022\/06\/02.jpg'><img loading=\"lazy\" decoding=\"async\" width=\"990\" height=\"660\" src=\"https:\/\/d2p6e6u75xmxt8.cloudfront.net\/4\/2022\/06\/02.jpg\" class=\"attachment-full size-full\" alt=\"\" \/><\/a>\n\t\t\t<\/div><\/figure>\n\t\t<\/div>\n\n<h2><strong>Stredn\u00e1 tra\u0165 &#8211; 54 km<\/strong><\/h2>\n<p>O nie\u010do krat\u0161iu tra\u0165 si vybral najv\u00e4\u010d\u0161\u00ed po\u010det pretek\u00e1rov. Tra\u0165 mali z v\u00e4\u010d\u0161ej \u010dasti rovnak\u00fa a tak si u\u017eili kr\u00e1sy Slovensk\u00e9ho raja naplno. T\u00fato d\u013a\u017eku od\u0161tartovali najprv klasick\u00ed bikeri. <strong>Najlep\u0161ie nohy na trati mal \u013dubom\u00edr Mur\u00e1rik a zo \u017eien Nat\u00e1lia Kraj\u010dov\u00e1.<\/strong> <\/p>\n<p>Po bikeroch sa na \u0161tartov\u00fa \u010diaru postavili gravelisti spolu s e-bikermi. Jazdci na graveloch si po zasl\u00fa\u017eenom boji na technick\u00fdch \u00fasekoch svoje p\u00f3diov\u00e9 umiestnenia rozdelili bez dramatick\u00e9ho dojazdu. <strong>So 4-min\u00fatov\u00fdm n\u00e1skokom pred druh\u00fdm si v\u00ed\u0165azstvo u\u017eil Jaroslav Hajd\u00fach, tohtoro\u010dn\u00fd v\u00ed\u0165az prv\u00e9ho kola v Rajeck\u00fdch Tepliciach.<\/strong> Kateg\u00f3ria gravel bola bez \u017eenskej \u00fa\u010dasti. <\/p>\n<p>E-bikeri sa na t\u00fdchto pretekoch delili do dvoch kateg\u00f3ri\u00ed. <strong>V kateg\u00f3rii e-bike si prvenstvo odniesol Denis \u0160pak, syn hlavn\u00e9ho organiz\u00e1tora pretekov, najr\u00fdchlej\u0161ou \u017eenou bola Nat\u00e1lia Ma\u017eg\u00fatov\u00e1.<\/strong> T\u00e1 si vybrala u\u017e svoje tretie v\u00ed\u0165azstvo a teda dr\u017e\u00ed bezkonkuren\u010dn\u00e9 prvenstvo v r\u00e1mci s\u00e9rie \u0160BOT 2022. V kateg\u00f3rii Open \u0161tartovala najmenej po\u010detn\u00e1 skupinka a <strong>prv\u00fa prie\u010dku obsadili Ivan \u0160toder a Petra Vargov\u00e1<\/strong>. <\/p>\n<p><a href=\"https:\/\/d2p6e6u75xmxt8.cloudfront.net\/4\/2022\/06\/03.jpg\"><img loading=\"lazy\" decoding=\"async\" src=\"https:\/\/d2p6e6u75xmxt8.cloudfront.net\/4\/2022\/06\/03.jpg\" alt=\"\" width=\"990\" height=\"660\" class=\"alignnone size-full wp-image-14668\" \/><\/a><\/p>\n<h2><strong>Kr\u00e1tka tra\u0165 &#8211; 14 km<\/strong><\/h2>\n<p>Najkrat\u0161ia tra\u0165 bola op\u00e4\u0165 ur\u010den\u00e1 hlavne ml\u00e1de\u017ei a za\u010d\u00ednaj\u00facim cyklistom. Nepohrdli \u0148ou v\u0161ak ani dospel\u00ed maka\u010di, ktor\u00ed \u0148ou prakticky preleteli. <strong>Absol\u00fatnym v\u00ed\u0165azom sa stal Tom\u00e1\u0161 Zeman s \u010dasom 0:41:08.6 a \u017eenskou v\u00ed\u0165azkou bola kadetka Barbora Heged\u00fa\u0161ov\u00e1.<\/strong> \u010eal\u0161ia bezkonkuren\u010dn\u00e1 v\u00ed\u0165azka v\u0161etk\u00fdch troch k\u00f4l s\u00e9rie.<\/p>\n<div id='gallery-2' class='gallery galleryid-14663 gallery-columns-2 gallery-size-full'><figure class='gallery-item'>\n\t\t\t<div class='gallery-icon landscape'>\n\t\t\t\t<a href='https:\/\/d2p6e6u75xmxt8.cloudfront.net\/4\/2022\/06\/IMG_3567.webp'><img loading=\"lazy\" decoding=\"async\" width=\"990\" height=\"660\" src=\"https:\/\/d2p6e6u75xmxt8.cloudfront.net\/4\/2022\/06\/IMG_3567.webp\" class=\"attachment-full size-full\" alt=\"\" srcset=\"https:\/\/d2p6e6u75xmxt8.cloudfront.net\/4\/2022\/06\/IMG_3567.webp 990w, https:\/\/d2p6e6u75xmxt8.cloudfront.net\/4\/2022\/06\/IMG_3567-300x200.webp 300w, https:\/\/d2p6e6u75xmxt8.cloudfront.net\/4\/2022\/06\/IMG_3567-768x512.webp 768w, https:\/\/d2p6e6u75xmxt8.cloudfront.net\/4\/2022\/06\/IMG_3567-272x182.webp 272w\" sizes=\"auto, (max-width: 990px) 100vw, 990px\" \/><\/a>\n\t\t\t<\/div><\/figure><figure class='gallery-item'>\n\t\t\t<div class='gallery-icon landscape'>\n\t\t\t\t<a href='https:\/\/d2p6e6u75xmxt8.cloudfront.net\/4\/2022\/06\/IMG_3599.webp'><img loading=\"lazy\" decoding=\"async\" width=\"990\" height=\"660\" src=\"https:\/\/d2p6e6u75xmxt8.cloudfront.net\/4\/2022\/06\/IMG_3599.webp\" class=\"attachment-full size-full\" alt=\"\" srcset=\"https:\/\/d2p6e6u75xmxt8.cloudfront.net\/4\/2022\/06\/IMG_3599.webp 990w, https:\/\/d2p6e6u75xmxt8.cloudfront.net\/4\/2022\/06\/IMG_3599-300x200.webp 300w, https:\/\/d2p6e6u75xmxt8.cloudfront.net\/4\/2022\/06\/IMG_3599-768x512.webp 768w, https:\/\/d2p6e6u75xmxt8.cloudfront.net\/4\/2022\/06\/IMG_3599-272x182.webp 272w\" sizes=\"auto, (max-width: 990px) 100vw, 990px\" \/><\/a>\n\t\t\t<\/div><\/figure>\n\t\t<\/div>\n\n<h2><strong>Family<\/strong><\/h2>\n<p>Family trate boli tento v\u00edkend dve. <strong>Na dlh\u0161ej (8,4 km) zv\u00ed\u0165azil 13-ro\u010dn\u00fd Martin Oskar Chritz a na trati o d\u013a\u017eke 1,9 km 5-ro\u010dn\u00fd Viliam Zobola.<\/strong> <\/p>\n<div id='gallery-3' class='gallery galleryid-14663 gallery-columns-2 gallery-size-full'><figure class='gallery-item'>\n\t\t\t<div class='gallery-icon landscape'>\n\t\t\t\t<a href='https:\/\/d2p6e6u75xmxt8.cloudfront.net\/4\/2022\/06\/04.webp'><img loading=\"lazy\" decoding=\"async\" width=\"990\" height=\"660\" src=\"https:\/\/d2p6e6u75xmxt8.cloudfront.net\/4\/2022\/06\/04.webp\" class=\"attachment-full size-full\" alt=\"\" srcset=\"https:\/\/d2p6e6u75xmxt8.cloudfront.net\/4\/2022\/06\/04.webp 990w, https:\/\/d2p6e6u75xmxt8.cloudfront.net\/4\/2022\/06\/04-300x200.webp 300w, https:\/\/d2p6e6u75xmxt8.cloudfront.net\/4\/2022\/06\/04-768x512.webp 768w, https:\/\/d2p6e6u75xmxt8.cloudfront.net\/4\/2022\/06\/04-272x182.webp 272w\" sizes=\"auto, (max-width: 990px) 100vw, 990px\" \/><\/a>\n\t\t\t<\/div><\/figure><figure class='gallery-item'>\n\t\t\t<div class='gallery-icon landscape'>\n\t\t\t\t<a href='https:\/\/d2p6e6u75xmxt8.cloudfront.net\/4\/2022\/06\/05.webp'><img loading=\"lazy\" decoding=\"async\" width=\"990\" height=\"660\" src=\"https:\/\/d2p6e6u75xmxt8.cloudfront.net\/4\/2022\/06\/05.webp\" class=\"attachment-full size-full\" alt=\"\" srcset=\"https:\/\/d2p6e6u75xmxt8.cloudfront.net\/4\/2022\/06\/05.webp 990w, https:\/\/d2p6e6u75xmxt8.cloudfront.net\/4\/2022\/06\/05-300x200.webp 300w, https:\/\/d2p6e6u75xmxt8.cloudfront.net\/4\/2022\/06\/05-768x512.webp 768w, https:\/\/d2p6e6u75xmxt8.cloudfront.net\/4\/2022\/06\/05-272x182.webp 272w\" sizes=\"auto, (max-width: 990px) 100vw, 990px\" \/><\/a>\n\t\t\t<\/div><\/figure>\n\t\t<\/div>\n\n<p>Pr\u00edjemn\u00e1 atmosf\u00e9ra panovala v z\u00e1zem\u00ed a\u017e do sam\u00e9ho konca pretekov, \u010do je v Slovenskom raji u\u017e akousi samozrejmos\u0165ou. <strong>Vidno toti\u017e, \u017ee organiz\u00e1tori maj\u00fa cyklistiku v srdci a svoje nad\u0161enie tak pren\u00e1\u0161aj\u00fa aj na okolie.<\/strong> Navy\u0161e sa m\u00f4\u017eu p\u00fd\u0161i\u0165 najchutnej\u0161\u00edm jedlom po pretekoch, ke\u010f\u017ee cyklistov ob\u010derstvuje bl\u00edzka re\u0161taur\u00e1cia s v\u00fdborn\u00fdmi bryndzov\u00fdmi halu\u0161kami a povestn\u00fdm gul\u00e1\u0161om.  <\/p>\n<div id='gallery-4' class='gallery galleryid-14663 gallery-columns-2 gallery-size-full'><figure class='gallery-item'>\n\t\t\t<div class='gallery-icon landscape'>\n\t\t\t\t<a href='https:\/\/d2p6e6u75xmxt8.cloudfront.net\/4\/2022\/06\/06.webp'><img loading=\"lazy\" decoding=\"async\" width=\"990\" height=\"660\" src=\"https:\/\/d2p6e6u75xmxt8.cloudfront.net\/4\/2022\/06\/06.webp\" class=\"attachment-full size-full\" alt=\"\" srcset=\"https:\/\/d2p6e6u75xmxt8.cloudfront.net\/4\/2022\/06\/06.webp 990w, https:\/\/d2p6e6u75xmxt8.cloudfront.net\/4\/2022\/06\/06-300x200.webp 300w, https:\/\/d2p6e6u75xmxt8.cloudfront.net\/4\/2022\/06\/06-768x512.webp 768w, https:\/\/d2p6e6u75xmxt8.cloudfront.net\/4\/2022\/06\/06-272x182.webp 272w\" sizes=\"auto, (max-width: 990px) 100vw, 990px\" \/><\/a>\n\t\t\t<\/div><\/figure><figure class='gallery-item'>\n\t\t\t<div class='gallery-icon landscape'>\n\t\t\t\t<a href='https:\/\/d2p6e6u75xmxt8.cloudfront.net\/4\/2022\/06\/07.webp'><img loading=\"lazy\" decoding=\"async\" width=\"990\" height=\"660\" src=\"https:\/\/d2p6e6u75xmxt8.cloudfront.net\/4\/2022\/06\/07.webp\" class=\"attachment-full size-full\" alt=\"\" srcset=\"https:\/\/d2p6e6u75xmxt8.cloudfront.net\/4\/2022\/06\/07.webp 990w, https:\/\/d2p6e6u75xmxt8.cloudfront.net\/4\/2022\/06\/07-300x200.webp 300w, https:\/\/d2p6e6u75xmxt8.cloudfront.net\/4\/2022\/06\/07-768x512.webp 768w, https:\/\/d2p6e6u75xmxt8.cloudfront.net\/4\/2022\/06\/07-272x182.webp 272w\" sizes=\"auto, (max-width: 990px) 100vw, 990px\" \/><\/a>\n\t\t\t<\/div><\/figure>\n\t\t<\/div>\n\n<p>Samozrejmos\u0165ou v r\u00e1mci s\u00e9rie \u0160BOT s\u00fa u\u017e st\u00e1nky pon\u00fakaj\u00face mo\u017enos\u0165 odd\u00fdchnu\u0165 si, alebo sa zahra\u0165 na jazdeckom trena\u017e\u00e9ri. <strong>Najmen\u0161\u00ed sa vybl\u00e1znili na nafukova\u010dke a de\u0148 uzavrela bohat\u00e1 tombola od partnerov pretekov.<\/strong> A nezab\u00fadajte, \u017ee v nej \u017erebujeme nielen po ka\u017ed\u00fdch pretekoch ale aj v z\u00e1vere\u010dnom losovan\u00ed, po skon\u010den\u00ed celej s\u00e9rie \u0160BOT 2022, kde na svojho majite\u013ea \u010dak\u00e1 skvel\u00fd celoodpru\u017een\u00fd elektrobicykel \u0160koda eMTB, na tie prav\u00e9 horsk\u00e9 dobrodru\u017estv\u00e1.<\/p>\n<p>Viac fotografi\u00ed z tejto skvelej akcie n\u00e1jdete v <a href=\"https:\/\/www.welovecycling.com\/sk\/2022\/06\/13\/foto-maraton-skoda-slovensky-raj\/\" rel=\"noopener\" target=\"_blank\">na\u0161ej gal\u00e9rii<\/a>.<\/p>\n","protected":false},"excerpt":{"rendered":"<p>S\u00e9ria horsk\u00fdch marat\u00f3nov \u0160koda BIKE OPEN TOUR pokra\u010dovala aj uplynul\u00fd v\u00edkend a to op\u00e4\u0165 na v\u00fdchode. Tentokr\u00e1t si v\u0161etci \u00fa\u010dastn\u00edci [&hellip;]<\/p>\n","protected":false},"author":163,"featured_media":14665,"comment_status":"open","ping_status":"open","sticky":false,"template":"","format":"standard","meta":{"footnotes":""},"categories":[38,33],"tags":[53,1443,964,41,178,600,179,39,509,474,542,1009,562,35,77,1515,523,234,183,475],"global-categories":[1074],"class_list":["post-14663","post","type-post","status-publish","format-standard","has-post-thumbnail","hentry","category-reportaz","category-sbot","tag-deti","tag-ekologia","tag-family","tag-kratka-trat","tag-maraton","tag-muzi","tag-preteky","tag-reportaz","tag-rodina","tag-rodinny-maraton","tag-skoda","tag-skoda-auto","tag-skoda-bicykel","tag-sbot","tag-skoda-dedina","tag-skoda-emtb","tag-slovensko","tag-slovensky-raj","tag-zabava","tag-zeny","global-categories-cycling"],"yoast_head":"<!-- This site is optimized with the Yoast SEO Premium plugin v25.3 (Yoast SEO v25.9) - https:\/\/yoast.com\/wordpress\/plugins\/seo\/ -->\n<title>Report\u00e1\u017e: \u0160koda Slovensk\u00fd raj - jedine\u010dn\u00e9 jazdenie v n\u00e1rodnom parku - \u0160koda We Love Cycling Slovensko<\/title>\n<meta name=\"description\" content=\"\u0160koda BIKE OPEN TOUR pokra\u010dovala aj uplynul\u00fd v\u00edkend a to na v\u00fdchode. Slovensk\u00fd raj pon\u00fakol pretek\u00e1rom n\u00e1dhern\u00e9 v\u00fdh\u013eady a jazdiv\u00e9 chodn\u00ed\u010dky.\" \/>\n<meta name=\"robots\" content=\"index, follow, max-snippet:-1, max-image-preview:large, max-video-preview:-1\" \/>\n<link rel=\"canonical\" href=\"https:\/\/www.welovecycling.com\/sk\/2022\/06\/15\/reportaz-skoda-slovensky-raj-jedinecne-jazdenie-v-narodnom-parku\/\" \/>\n<meta property=\"og:locale\" content=\"sk_SK\" \/>\n<meta property=\"og:type\" content=\"article\" \/>\n<meta property=\"og:title\" content=\"Report\u00e1\u017e: \u0160koda Slovensk\u00fd raj - jedine\u010dn\u00e9 jazdenie v n\u00e1rodnom parku\" \/>\n<meta property=\"og:description\" content=\"\u0160koda BIKE OPEN TOUR pokra\u010dovala aj uplynul\u00fd v\u00edkend a to na v\u00fdchode. Slovensk\u00fd raj pon\u00fakol pretek\u00e1rom n\u00e1dhern\u00e9 v\u00fdh\u013eady a jazdiv\u00e9 chodn\u00ed\u010dky.\" \/>\n<meta property=\"og:url\" content=\"https:\/\/www.welovecycling.com\/sk\/2022\/06\/15\/reportaz-skoda-slovensky-raj-jedinecne-jazdenie-v-narodnom-parku\/\" \/>\n<meta property=\"og:site_name\" content=\"\u0160koda We Love Cycling Slovensko\" \/>\n<meta property=\"article:published_time\" content=\"2022-06-15T08:00:17+00:00\" \/>\n<meta property=\"og:image\" content=\"https:\/\/d2p6e6u75xmxt8.cloudfront.net\/4\/2022\/06\/00.webp\" \/>\n\t<meta property=\"og:image:width\" content=\"990\" \/>\n\t<meta property=\"og:image:height\" content=\"660\" \/>\n\t<meta property=\"og:image:type\" content=\"image\/webp\" \/>\n<meta name=\"twitter:card\" content=\"summary_large_image\" \/>\n<meta name=\"twitter:label1\" content=\"Written by\" \/>\n\t<meta name=\"twitter:data1\" content=\"WeLoveCycling\" \/>\n\t<meta name=\"twitter:label2\" content=\"Est. reading time\" \/>\n\t<meta name=\"twitter:data2\" content=\"4\" \/>\n<script type=\"application\/ld+json\" class=\"yoast-schema-graph\">{\"@context\":\"https:\/\/schema.org\",\"@graph\":[{\"@type\":\"WebPage\",\"@id\":\"https:\/\/www.welovecycling.com\/sk\/2022\/06\/15\/reportaz-skoda-slovensky-raj-jedinecne-jazdenie-v-narodnom-parku\/\",\"url\":\"https:\/\/www.welovecycling.com\/sk\/2022\/06\/15\/reportaz-skoda-slovensky-raj-jedinecne-jazdenie-v-narodnom-parku\/\",\"name\":\"Report\u00e1\u017e: \u0160koda Slovensk\u00fd raj - jedine\u010dn\u00e9 jazdenie v n\u00e1rodnom parku - \u0160koda We Love Cycling Slovensko\",\"isPartOf\":{\"@id\":\"https:\/\/www.welovecycling.com\/sk\/#website\"},\"primaryImageOfPage\":{\"@id\":\"https:\/\/www.welovecycling.com\/sk\/2022\/06\/15\/reportaz-skoda-slovensky-raj-jedinecne-jazdenie-v-narodnom-parku\/#primaryimage\"},\"image\":{\"@id\":\"https:\/\/www.welovecycling.com\/sk\/2022\/06\/15\/reportaz-skoda-slovensky-raj-jedinecne-jazdenie-v-narodnom-parku\/#primaryimage\"},\"thumbnailUrl\":\"https:\/\/d2p6e6u75xmxt8.cloudfront.net\/4\/2022\/06\/00.webp\",\"datePublished\":\"2022-06-15T08:00:17+00:00\",\"author\":{\"@id\":\"\"},\"description\":\"\u0160koda BIKE OPEN TOUR pokra\u010dovala aj uplynul\u00fd v\u00edkend a to na v\u00fdchode. Slovensk\u00fd raj pon\u00fakol pretek\u00e1rom n\u00e1dhern\u00e9 v\u00fdh\u013eady a jazdiv\u00e9 chodn\u00ed\u010dky.\",\"breadcrumb\":{\"@id\":\"https:\/\/www.welovecycling.com\/sk\/2022\/06\/15\/reportaz-skoda-slovensky-raj-jedinecne-jazdenie-v-narodnom-parku\/#breadcrumb\"},\"inLanguage\":\"sk-SK\",\"potentialAction\":[{\"@type\":\"ReadAction\",\"target\":[\"https:\/\/www.welovecycling.com\/sk\/2022\/06\/15\/reportaz-skoda-slovensky-raj-jedinecne-jazdenie-v-narodnom-parku\/\"]}]},{\"@type\":\"ImageObject\",\"inLanguage\":\"sk-SK\",\"@id\":\"https:\/\/www.welovecycling.com\/sk\/2022\/06\/15\/reportaz-skoda-slovensky-raj-jedinecne-jazdenie-v-narodnom-parku\/#primaryimage\",\"url\":\"https:\/\/d2p6e6u75xmxt8.cloudfront.net\/4\/2022\/06\/00.webp\",\"contentUrl\":\"https:\/\/d2p6e6u75xmxt8.cloudfront.net\/4\/2022\/06\/00.webp\",\"width\":990,\"height\":660},{\"@type\":\"BreadcrumbList\",\"@id\":\"https:\/\/www.welovecycling.com\/sk\/2022\/06\/15\/reportaz-skoda-slovensky-raj-jedinecne-jazdenie-v-narodnom-parku\/#breadcrumb\",\"itemListElement\":[{\"@type\":\"ListItem\",\"position\":1,\"name\":\"Home\",\"item\":\"https:\/\/www.welovecycling.com\/sk\/\"},{\"@type\":\"ListItem\",\"position\":2,\"name\":\"Report\u00e1\u017e: \u0160koda Slovensk\u00fd raj &#8211; jedine\u010dn\u00e9 jazdenie v n\u00e1rodnom parku\"}]},{\"@type\":\"WebSite\",\"@id\":\"https:\/\/www.welovecycling.com\/sk\/#website\",\"url\":\"https:\/\/www.welovecycling.com\/sk\/\",\"name\":\"\u0160koda We Love Cycling Slovensko\",\"description\":\"\u0160koda We Love Cycling Slovensko je v\u00e1\u0161 ka\u017edodenn\u00fd zdroj noviniek a in\u0161pir\u00e1cie z sveta cyklistiky\",\"potentialAction\":[{\"@type\":\"SearchAction\",\"target\":{\"@type\":\"EntryPoint\",\"urlTemplate\":\"https:\/\/www.welovecycling.com\/sk\/?s={search_term_string}\"},\"query-input\":{\"@type\":\"PropertyValueSpecification\",\"valueRequired\":true,\"valueName\":\"search_term_string\"}}],\"inLanguage\":\"sk-SK\"},{\"@type\":\"Person\",\"@id\":\"\",\"url\":\"https:\/\/www.welovecycling.com\/sk\/author\/\"}]}<\/script>\n<!-- \/ Yoast SEO Premium plugin. -->","yoast_head_json":{"title":"Report\u00e1\u017e: \u0160koda Slovensk\u00fd raj - jedine\u010dn\u00e9 jazdenie v n\u00e1rodnom parku - \u0160koda We Love Cycling Slovensko","description":"\u0160koda BIKE OPEN TOUR pokra\u010dovala aj uplynul\u00fd v\u00edkend a to na v\u00fdchode. Slovensk\u00fd raj pon\u00fakol pretek\u00e1rom n\u00e1dhern\u00e9 v\u00fdh\u013eady a jazdiv\u00e9 chodn\u00ed\u010dky.","robots":{"index":"index","follow":"follow","max-snippet":"max-snippet:-1","max-image-preview":"max-image-preview:large","max-video-preview":"max-video-preview:-1"},"canonical":"https:\/\/www.welovecycling.com\/sk\/2022\/06\/15\/reportaz-skoda-slovensky-raj-jedinecne-jazdenie-v-narodnom-parku\/","og_locale":"sk_SK","og_type":"article","og_title":"Report\u00e1\u017e: \u0160koda Slovensk\u00fd raj - jedine\u010dn\u00e9 jazdenie v n\u00e1rodnom parku","og_description":"\u0160koda BIKE OPEN TOUR pokra\u010dovala aj uplynul\u00fd v\u00edkend a to na v\u00fdchode. Slovensk\u00fd raj pon\u00fakol pretek\u00e1rom n\u00e1dhern\u00e9 v\u00fdh\u013eady a jazdiv\u00e9 chodn\u00ed\u010dky.","og_url":"https:\/\/www.welovecycling.com\/sk\/2022\/06\/15\/reportaz-skoda-slovensky-raj-jedinecne-jazdenie-v-narodnom-parku\/","og_site_name":"\u0160koda We Love Cycling Slovensko","article_published_time":"2022-06-15T08:00:17+00:00","og_image":[{"width":990,"height":660,"url":"https:\/\/d2p6e6u75xmxt8.cloudfront.net\/4\/2022\/06\/00.webp","type":"image\/webp"}],"twitter_card":"summary_large_image","twitter_misc":{"Written by":"WeLoveCycling","Est. reading time":"4"},"schema":{"@context":"https:\/\/schema.org","@graph":[{"@type":"WebPage","@id":"https:\/\/www.welovecycling.com\/sk\/2022\/06\/15\/reportaz-skoda-slovensky-raj-jedinecne-jazdenie-v-narodnom-parku\/","url":"https:\/\/www.welovecycling.com\/sk\/2022\/06\/15\/reportaz-skoda-slovensky-raj-jedinecne-jazdenie-v-narodnom-parku\/","name":"Report\u00e1\u017e: \u0160koda Slovensk\u00fd raj - jedine\u010dn\u00e9 jazdenie v n\u00e1rodnom parku - \u0160koda We Love Cycling Slovensko","isPartOf":{"@id":"https:\/\/www.welovecycling.com\/sk\/#website"},"primaryImageOfPage":{"@id":"https:\/\/www.welovecycling.com\/sk\/2022\/06\/15\/reportaz-skoda-slovensky-raj-jedinecne-jazdenie-v-narodnom-parku\/#primaryimage"},"image":{"@id":"https:\/\/www.welovecycling.com\/sk\/2022\/06\/15\/reportaz-skoda-slovensky-raj-jedinecne-jazdenie-v-narodnom-parku\/#primaryimage"},"thumbnailUrl":"https:\/\/d2p6e6u75xmxt8.cloudfront.net\/4\/2022\/06\/00.webp","datePublished":"2022-06-15T08:00:17+00:00","author":{"@id":""},"description":"\u0160koda BIKE OPEN TOUR pokra\u010dovala aj uplynul\u00fd v\u00edkend a to na v\u00fdchode. Slovensk\u00fd raj pon\u00fakol pretek\u00e1rom n\u00e1dhern\u00e9 v\u00fdh\u013eady a jazdiv\u00e9 chodn\u00ed\u010dky.","breadcrumb":{"@id":"https:\/\/www.welovecycling.com\/sk\/2022\/06\/15\/reportaz-skoda-slovensky-raj-jedinecne-jazdenie-v-narodnom-parku\/#breadcrumb"},"inLanguage":"sk-SK","potentialAction":[{"@type":"ReadAction","target":["https:\/\/www.welovecycling.com\/sk\/2022\/06\/15\/reportaz-skoda-slovensky-raj-jedinecne-jazdenie-v-narodnom-parku\/"]}]},{"@type":"ImageObject","inLanguage":"sk-SK","@id":"https:\/\/www.welovecycling.com\/sk\/2022\/06\/15\/reportaz-skoda-slovensky-raj-jedinecne-jazdenie-v-narodnom-parku\/#primaryimage","url":"https:\/\/d2p6e6u75xmxt8.cloudfront.net\/4\/2022\/06\/00.webp","contentUrl":"https:\/\/d2p6e6u75xmxt8.cloudfront.net\/4\/2022\/06\/00.webp","width":990,"height":660},{"@type":"BreadcrumbList","@id":"https:\/\/www.welovecycling.com\/sk\/2022\/06\/15\/reportaz-skoda-slovensky-raj-jedinecne-jazdenie-v-narodnom-parku\/#breadcrumb","itemListElement":[{"@type":"ListItem","position":1,"name":"Home","item":"https:\/\/www.welovecycling.com\/sk\/"},{"@type":"ListItem","position":2,"name":"Report\u00e1\u017e: \u0160koda Slovensk\u00fd raj &#8211; jedine\u010dn\u00e9 jazdenie v n\u00e1rodnom parku"}]},{"@type":"WebSite","@id":"https:\/\/www.welovecycling.com\/sk\/#website","url":"https:\/\/www.welovecycling.com\/sk\/","name":"\u0160koda We Love Cycling Slovensko","description":"\u0160koda We Love Cycling Slovensko je v\u00e1\u0161 ka\u017edodenn\u00fd zdroj noviniek a in\u0161pir\u00e1cie z sveta cyklistiky","potentialAction":[{"@type":"SearchAction","target":{"@type":"EntryPoint","urlTemplate":"https:\/\/www.welovecycling.com\/sk\/?s={search_term_string}"},"query-input":{"@type":"PropertyValueSpecification","valueRequired":true,"valueName":"search_term_string"}}],"inLanguage":"sk-SK"},{"@type":"Person","@id":"","url":"https:\/\/www.welovecycling.com\/sk\/author\/"}]}},"_links":{"self":[{"href":"https:\/\/www.welovecycling.com\/sk\/wp-json\/wp\/v2\/posts\/14663","targetHints":{"allow":["GET"]}}],"collection":[{"href":"https:\/\/www.welovecycling.com\/sk\/wp-json\/wp\/v2\/posts"}],"about":[{"href":"https:\/\/www.welovecycling.com\/sk\/wp-json\/wp\/v2\/types\/post"}],"author":[{"embeddable":true,"href":"https:\/\/www.welovecycling.com\/sk\/wp-json\/wp\/v2\/users\/163"}],"replies":[{"embeddable":true,"href":"https:\/\/www.welovecycling.com\/sk\/wp-json\/wp\/v2\/comments?post=14663"}],"version-history":[{"count":2,"href":"https:\/\/www.welovecycling.com\/sk\/wp-json\/wp\/v2\/posts\/14663\/revisions"}],"predecessor-version":[{"id":14680,"href":"https:\/\/www.welovecycling.com\/sk\/wp-json\/wp\/v2\/posts\/14663\/revisions\/14680"}],"wp:featuredmedia":[{"embeddable":true,"href":"https:\/\/www.welovecycling.com\/sk\/wp-json\/wp\/v2\/media\/14665"}],"wp:attachment":[{"href":"https:\/\/www.welovecycling.com\/sk\/wp-json\/wp\/v2\/media?parent=14663"}],"wp:term":[{"taxonomy":"category","embeddable":true,"href":"https:\/\/www.welovecycling.com\/sk\/wp-json\/wp\/v2\/categories?post=14663"},{"taxonomy":"post_tag","embeddable":true,"href":"https:\/\/www.welovecycling.com\/sk\/wp-json\/wp\/v2\/tags?post=14663"},{"taxonomy":"global-categories","embeddable":true,"href":"https:\/\/www.welovecycling.com\/sk\/wp-json\/wp\/v2\/global-categories?post=14663"}],"curies":[{"name":"wp","href":"https:\/\/api.w.org\/{rel}","templated":true}]}}