{"id":14629,"date":"2022-08-22T10:00:54","date_gmt":"2022-08-22T08:00:54","guid":{"rendered":"https:\/\/www.welovecycling.com\/sk\/?p=14629"},"modified":"2022-09-29T12:57:43","modified_gmt":"2022-09-29T10:57:43","slug":"serial-ako-sa-stat-cyklistom-4-aky-druh-cyklistiky-si-vybrat","status":"publish","type":"post","link":"https:\/\/www.welovecycling.com\/sk\/2022\/08\/22\/serial-ako-sa-stat-cyklistom-4-aky-druh-cyklistiky-si-vybrat\/","title":{"rendered":"Seri\u00e1l: Ako sa sta\u0165 cyklistom &#8211; 4. Ak\u00fd druh cyklistiky si vybra\u0165?"},"content":{"rendered":"<p><strong>Ka\u017ed\u00fd druh cyklistiky m\u00e1 svoje v\u00fdhody a\u00a0nev\u00fdhody. Je to hlavne uhol poh\u013eadu a\u00a0to, \u010do je pre niekoho v\u00fdhoda, m\u00f4\u017ee by\u0165 pre druh\u00e9ho nev\u00fdhoda. Av\u0161ak sk\u00fasim sa pozrie\u0165 na z\u00e1kladn\u00e9 rozdelenie z\u00a0m\u00f4jho poh\u013eadu a\u00a0mo\u017eno so mnou bud\u00fa viacer\u00ed s\u00fahlasi\u0165.<\/strong><\/p>\n<p><!--more--><\/p>\n<h2><strong>Jazda v lese<\/strong><\/h2>\n<p>Ak nie ste zrovna hlta\u010d kilometrov a\u00a0nud\u00ed v\u00e1s nieko\u013eko hod\u00edn pozera\u0165 sa na nemeniaci sa asfalt pod va\u0161imi kolesami, tak ste ur\u010dite zvolili horsk\u00fa cyklistiku. <strong>Jazd\u00edte po lese, nad\u00fdchate sa \u010derstv\u00e9ho vzduchu a\u00a0u\u017eijete si z\u00e1bavu pri vo\u013ebe najlep\u0161ej stopy po kame\u0148och, kore\u0148och a\u00a0po\u010das vyh\u00fdbania sa kon\u00e1rom.<\/strong> Neust\u00e1le sa pred vami men\u00ed ter\u00e9n, raz \u0161liapete hore, potom sa sp\u00fa\u0161\u0165ate v\u00a0r\u00fdchlych zjazdoch. Z\u00e1bava ako sa patr\u00ed.<\/p>\n<p>Zost\u00e1va si u\u017e len vybra\u0165 ten spr\u00e1vny model bicykla. Z\u00e1kladn\u00e9 rozdelenie horsk\u00fdch bicyklov je do troch skup\u00edn. <strong>Pevn\u00e9, hardtail a\u00a0celoodpru\u017een\u00e9.<\/strong> Naj\u010dastej\u0161ou vo\u013ebou s\u00fa hardtail, v\u00a0preklade doslova pevn\u00fd chvost, \u010do znamen\u00e1, \u017ee odpru\u017een\u00fa m\u00e1te len predn\u00fa vidlicu. Vyzn\u00e1va\u010di oldschool jazdenia volia pevn\u00e9 bicykle a\u00a0ak sa chyst\u00e1te na poriadne n\u00e1ro\u010dn\u00fd ter\u00e9n, tam si budete pochva\u013eova\u0165 celoodpru\u017een\u00fa stavbu bicykla.<\/p>\n<h2><strong>Cesta a asfalt<\/strong><\/h2>\n<p>Niekedy m\u00e1m dni, kedy nem\u00e1m chu\u0165 ni\u010d rie\u0161i\u0165 a\u00a0m\u00e1m potrebu len \u0161liapa\u0165 do ped\u00e1lov a\u00a0pozera\u0165 sa na ten nemeniaci sa asfalt. Vtedy sa vyberiem na cestu. Samozrejme sna\u017e\u00edm sa \u00eds\u0165 mimo dopravnej \u0161pi\u010dky a\u00a0vybra\u0165 trasy na nie ve\u013emi frekventovan\u00fdch cest\u00e1ch. Pred sebou m\u00e1m len dlh\u00e9 rovinky, mierne st\u00fapania a\u00a0nieko\u013eko hod\u00edn s\u00e1m so sebou.<\/p>\n<p>V\u00a0dokonalom svete by som si vzal cestn\u00fd bicykel, av\u0161ak z\u00a0d\u00f4vodu nedostatku miesta nem\u00f4\u017eem vlastni\u0165 aj cestn\u00fd bicykel a\u00a0tak vol\u00edm horsk\u00fd bicykel. V\u00a0takomto pr\u00edpade urob\u00edm nieko\u013eko drobn\u00fdch \u00faprav. <strong>V\u00a0pneumatik\u00e1ch zvol\u00edm vy\u0161\u0161ie tlaky, aby som mal men\u0161\u00ed valiv\u00fd odpor a\u00a0zoberiem si predn\u00e9 aj zadn\u00e9 svetlo.<\/strong> Nie, nechyst\u00e1m sa jazdi\u0165 ve\u010der, tieto svetl\u00e1 vyu\u017e\u00edvam v\u00a0re\u017eime blikania, aby som upozornil vodi\u010dov za mnou, ale aj t\u00fdch v\u00a0protismere. \u010casto sa toti\u017e st\u00e1va, \u017ee si aut\u00e1 v\u00a0protismere v\u0161imn\u00fa cyklistu, a\u017e ke\u010f u\u017e za\u010dali na \u00fazkej ceste predbieha\u0165. Zvy\u010dajne vol\u00edm aj dres vo v\u00fdrazn\u00fdch farb\u00e1ch, nech som dobre vidite\u013en\u00fd.<\/p>\n<figure id=\"attachment_14632\" aria-describedby=\"caption-attachment-14632\" style=\"width: 990px\" class=\"wp-caption alignnone\"><a href=\"https:\/\/d2p6e6u75xmxt8.cloudfront.net\/4\/2022\/06\/Aky-druh-cyklistiky_01.jpg\"><img loading=\"lazy\" decoding=\"async\" class=\"size-full wp-image-14632\" src=\"https:\/\/d2p6e6u75xmxt8.cloudfront.net\/4\/2022\/06\/Aky-druh-cyklistiky_01.jpg\" alt=\"Foto: pexels.com\" width=\"990\" height=\"660\" \/><\/a><figcaption id=\"caption-attachment-14632\" class=\"wp-caption-text\">Foto: pexels.com<\/figcaption><\/figure>\n<h2><strong>Gravel \u2013 \u0161trk, makadam<\/strong><\/h2>\n<p>Gravel je skvel\u00fd sp\u00f4sob ako spoji\u0165 horsk\u00fa a\u00a0cestn\u00fa cyklistiku a\u00a0vyhn\u00fa\u0165 sa potrebe ma\u0165 dva r\u00f4zne bicykle. Mo\u017eno by to vyrie\u0161ilo aj m\u00f4j probl\u00e9m s\u00a0nedostatkom miesta, av\u0161ak m\u00e1 to svoje nev\u00fdhody. <strong>Je to podobn\u00e9, ako ke\u010f si na auto d\u00e1te celoro\u010dn\u00e9 pneumatiky.<\/strong> V\u00a0zime na snehu nemaj\u00fa a\u017e tak\u00fd \u00fa\u010dinok ako zimn\u00e9 pneumatiky a\u00a0v\u00a0lete s\u00fa pr\u00edli\u0161 hlu\u010dn\u00e9 a\u00a0m\u00e4kk\u00e9 v\u00a0z\u00e1krut\u00e1ch. Ak m\u00e1te radi r\u00fdchle a\u00a0technick\u00e9 zjazdy po kame\u0148och a\u00a0cez korene stromov, gravel bude pr\u00edli\u0161 tvrd\u00fd a\u00a0nebude tak\u00fd ter\u00e9n dobre zvl\u00e1da\u0165. No a\u00a0ke\u010f sa vyberiete na cesty, v\u00a0porovnan\u00ed s\u00a0vyslovene cestn\u00fdm bicyklom m\u00e1te hrub\u0161ie pl\u00e1\u0161te a\u00a0trochu str\u00e1cate na r\u00fdchlosti.<\/p>\n<p>Ur\u010dite v\u0161ak gravel nezatracujem a\u00a0je to skvel\u00fd spolo\u010dn\u00edk, napr\u00edklad na bikepacking. Tam ocen\u00edte jeho schopnos\u0165 zvl\u00e1da\u0165 rovnako cestu ako aj nejak\u00fd ten \u0161trkov\u00fd chodn\u00edk cez les.<\/p>\n<div class=\"shortcode-ys-post-pinup\"><article class=\"loop-simple post-12471 post type-post status-publish format-standard has-post-thumbnail hentry category-odporucame tag-bikepacking tag-cestna-cyklistika tag-horska-cyklistika tag-komponenty tag-nosic-batoziny tag-vylet\" data-postid=\"12471\" role=\"article\" data-post-id=\"12471\" data-word-count=\"587\" data-headline-length=\"49\" data-category=\"Odpor\u00fa\u010dame\" data-author=\"Filippo Mari\" data-published=\"2021-08-27T10:00:52+02:00\" data-published-day=\"Friday\">\n    <div class=\"entry-thumbnail article-thumbnail\" content=\"https:\/\/d2p6e6u75xmxt8.cloudfront.net\/4\/2021\/08\/Bike-touring-profimedia-0388493254-CVR-150x150.webp\"><a href=\"https:\/\/www.welovecycling.com\/sk\/2021\/08\/27\/najlepsie-zadne-nosice-vhodne-pre-bikepacking\/\" class=\"image-holder\" target=\"_self\"><img decoding=\"async\" loading=\"lazy\" class=\"\" src=\"https:\/\/d2p6e6u75xmxt8.cloudfront.net\/4\/2021\/08\/Bike-touring-profimedia-0388493254-CVR-1024x447.webp\" srcset=\"https:\/\/d2p6e6u75xmxt8.cloudfront.net\/4\/2021\/08\/Bike-touring-profimedia-0388493254-CVR.webp 1366w, https:\/\/d2p6e6u75xmxt8.cloudfront.net\/4\/2021\/08\/Bike-touring-profimedia-0388493254-CVR-300x131.webp 300w, https:\/\/d2p6e6u75xmxt8.cloudfront.net\/4\/2021\/08\/Bike-touring-profimedia-0388493254-CVR-1024x447.webp 1024w, https:\/\/d2p6e6u75xmxt8.cloudfront.net\/4\/2021\/08\/Bike-touring-profimedia-0388493254-CVR-768x335.webp 768w\" width=\"1024\" height=\"447\" sizes=\"auto, (min-width: 1200px) 458px, (min-width: 768px) 38vw, 100vw\" alt=\"najlepsie-zadne-nosice-vhodne-pre-bikepacking\"\/><\/a><\/div>    <div class=\"entry-meta\">\n        <a class=\"label label-secondary post-category\" href=\"https:\/\/www.welovecycling.com\/sk\/category\/odporucame\/\" title=\"Odpor\u00fa\u010dame\">Odpor\u00fa\u010dame<\/a>\n    <\/div>\n    <div class=\"entry-details\">\n        <a href=\"https:\/\/www.welovecycling.com\/sk\/2021\/08\/27\/najlepsie-zadne-nosice-vhodne-pre-bikepacking\/\" class='entry-title-wrapper'>\n            <h3 class=\"entry-title\"><span>Najlep\u0161ie zadn\u00e9 nosi\u010de vhodn\u00e9 pre bikepacking<\/span><\/h3>\n        <\/a>\n    <\/div>\n    <\/article>\n<\/div>\n<h2><strong>BMX, street, freestyle<\/strong><\/h2>\n<p>Toto u\u017e s\u00fa \u0161peci\u00e1lnej\u0161ie kateg\u00f3rie cyklistiky. Naj\u010dastej\u0161ie sa im venuj\u00fa t\u00edned\u017eeri a\u00a0\u010di u\u017e jazd\u00edte, alebo len sledujete, ako jazdia ostatn\u00ed, zaru\u010dene budete ma\u0165 zv\u00fd\u0161en\u00e9 mno\u017estvo adrenal\u00ednu v\u00a0tele. Jazd\u00ed sa na\u00a0\u0161peci\u00e1lne upraven\u00fdch bike parkoch, alebo priaznivci street \u0161t\u00fdlu si n\u00e1jdu zauj\u00edmav\u00e9 prek\u00e1\u017eky priamo v\u00a0uliciach mesta. Bicykle maj\u00fa men\u0161ie koles\u00e1 naj\u010dastej\u0161ie 20\u201c a\u00a0robustn\u00e9 r\u00e1my, ktor\u00e9 musia vydr\u017ea\u0165 n\u00e1ro\u010dn\u00e9 skoky a\u00a0zlo\u017eit\u00e9 triky. <strong>Je to ur\u010dite skvel\u00e1 z\u00e1bava, ale je to aj \u0161port s\u00a0najvy\u0161\u0161\u00edm po\u010dtom zranen\u00ed<\/strong>, najm\u00e4 po\u010das u\u010denia sa nov\u00fdch trikov. S nejakou tou zlomeninou \u010di otrasom mozgu sa tu jednoducho po\u010d\u00edta. <\/p>\n<p>Ka\u017ed\u00e1 z\u00a0t\u00fdchto kateg\u00f3ri\u00ed m\u00e1 aj svoje nev\u00fdhody, pri horskej cyklistike to m\u00f4\u017ee by\u0165 ne\u017eelan\u00e9 stretnutie so zverou, pri cestnej bezoh\u013eadn\u00fd vodi\u010d a\u00a0pri BMX sa m\u00f4\u017eete zrani\u0165 pri skoku. <strong>Tieto veci v\u00e1s v\u0161ak ur\u010dite neodradia, preto\u017ee rados\u0165 z\u00a0pohybu je v\u00e4\u010d\u0161ia, no nie?<\/strong><\/p>\n<p>Tituln\u00e1 fotografia: pexels.com<\/p>\n<div id=\"gtx-trans\" style=\"position: absolute; left: 749px; top: 1913.44px;\">\n<div class=\"gtx-trans-icon\"><\/div>\n<\/div>\n","protected":false},"excerpt":{"rendered":"<p>Ka\u017ed\u00fd druh cyklistiky m\u00e1 svoje v\u00fdhody a\u00a0nev\u00fdhody. Je to hlavne uhol poh\u013eadu a\u00a0to, \u010do je pre niekoho v\u00fdhoda, m\u00f4\u017ee by\u0165 [&hellip;]<\/p>\n","protected":false},"author":170,"featured_media":14631,"comment_status":"open","ping_status":"open","sticky":false,"template":"","format":"standard","meta":{"footnotes":""},"categories":[191],"tags":[559,115,546,721,259,180,931],"global-categories":[1074],"class_list":["post-14629","post","type-post","status-publish","format-standard","has-post-thumbnail","hentry","category-odporucame","tag-bicykel","tag-cestna-cyklistika","tag-cyklistika","tag-freestyle","tag-gravel","tag-horska-cyklistika","tag-odporucame","global-categories-cycling"],"yoast_head":"<!-- This site is optimized with the Yoast SEO Premium plugin v25.3 (Yoast SEO v25.9) - https:\/\/yoast.com\/wordpress\/plugins\/seo\/ -->\n<title>Seri\u00e1l: Ako sa sta\u0165 cyklistom - 4. Ak\u00fd druh cyklistiky si vybra\u0165? - \u0160koda We Love Cycling Slovensko<\/title>\n<meta name=\"description\" content=\"Ka\u017ed\u00fd druh cyklistiky m\u00e1 svoje v\u00fdhody a\u00a0nev\u00fdhody. Je to hlavne uhol poh\u013eadu a\u00a0to, \u010do je pre niekoho v\u00fdhoda, m\u00f4\u017ee by\u0165 pre druh\u00e9ho nev\u00fdhoda.\" \/>\n<meta name=\"robots\" content=\"index, follow, max-snippet:-1, max-image-preview:large, max-video-preview:-1\" \/>\n<link rel=\"canonical\" href=\"https:\/\/www.welovecycling.com\/sk\/2022\/08\/22\/serial-ako-sa-stat-cyklistom-4-aky-druh-cyklistiky-si-vybrat\/\" \/>\n<meta property=\"og:locale\" content=\"sk_SK\" \/>\n<meta property=\"og:type\" content=\"article\" \/>\n<meta property=\"og:title\" content=\"Seri\u00e1l: Ako sa sta\u0165 cyklistom - 4. Ak\u00fd druh cyklistiky si vybra\u0165?\" \/>\n<meta property=\"og:description\" content=\"Ka\u017ed\u00fd druh cyklistiky m\u00e1 svoje v\u00fdhody a\u00a0nev\u00fdhody. Je to hlavne uhol poh\u013eadu a\u00a0to, \u010do je pre niekoho v\u00fdhoda, m\u00f4\u017ee by\u0165 pre druh\u00e9ho nev\u00fdhoda.\" \/>\n<meta property=\"og:url\" content=\"https:\/\/www.welovecycling.com\/sk\/2022\/08\/22\/serial-ako-sa-stat-cyklistom-4-aky-druh-cyklistiky-si-vybrat\/\" \/>\n<meta property=\"og:site_name\" content=\"\u0160koda We Love Cycling Slovensko\" \/>\n<meta property=\"article:published_time\" content=\"2022-08-22T08:00:54+00:00\" \/>\n<meta property=\"article:modified_time\" content=\"2022-09-29T10:57:43+00:00\" \/>\n<meta property=\"og:image\" content=\"https:\/\/d2p6e6u75xmxt8.cloudfront.net\/4\/2022\/06\/Aky-druh-cyklistiky_00.webp\" \/>\n\t<meta property=\"og:image:width\" content=\"990\" \/>\n\t<meta property=\"og:image:height\" content=\"660\" \/>\n\t<meta property=\"og:image:type\" content=\"image\/webp\" \/>\n<meta name=\"author\" content=\"miksakova\" \/>\n<meta name=\"twitter:card\" content=\"summary_large_image\" \/>\n<meta name=\"twitter:label1\" content=\"Written by\" \/>\n\t<meta name=\"twitter:data1\" content=\"Filippo Mari\" \/>\n\t<meta name=\"twitter:label2\" content=\"Est. reading time\" \/>\n\t<meta name=\"twitter:data2\" content=\"6\" \/>\n<script type=\"application\/ld+json\" class=\"yoast-schema-graph\">{\"@context\":\"https:\/\/schema.org\",\"@graph\":[{\"@type\":\"WebPage\",\"@id\":\"https:\/\/www.welovecycling.com\/sk\/2022\/08\/22\/serial-ako-sa-stat-cyklistom-4-aky-druh-cyklistiky-si-vybrat\/\",\"url\":\"https:\/\/www.welovecycling.com\/sk\/2022\/08\/22\/serial-ako-sa-stat-cyklistom-4-aky-druh-cyklistiky-si-vybrat\/\",\"name\":\"Seri\u00e1l: Ako sa sta\u0165 cyklistom - 4. Ak\u00fd druh cyklistiky si vybra\u0165? - \u0160koda We Love Cycling Slovensko\",\"isPartOf\":{\"@id\":\"https:\/\/www.welovecycling.com\/sk\/#website\"},\"primaryImageOfPage\":{\"@id\":\"https:\/\/www.welovecycling.com\/sk\/2022\/08\/22\/serial-ako-sa-stat-cyklistom-4-aky-druh-cyklistiky-si-vybrat\/#primaryimage\"},\"image\":{\"@id\":\"https:\/\/www.welovecycling.com\/sk\/2022\/08\/22\/serial-ako-sa-stat-cyklistom-4-aky-druh-cyklistiky-si-vybrat\/#primaryimage\"},\"thumbnailUrl\":\"https:\/\/d2p6e6u75xmxt8.cloudfront.net\/4\/2022\/06\/Aky-druh-cyklistiky_00.webp\",\"datePublished\":\"2022-08-22T08:00:54+00:00\",\"dateModified\":\"2022-09-29T10:57:43+00:00\",\"author\":{\"@id\":\"https:\/\/www.welovecycling.com\/sk\/#\/schema\/person\/c6ce5af9dceed219d84a07d2ffa2cad9\"},\"description\":\"Ka\u017ed\u00fd druh cyklistiky m\u00e1 svoje v\u00fdhody a\u00a0nev\u00fdhody. Je to hlavne uhol poh\u013eadu a\u00a0to, \u010do je pre niekoho v\u00fdhoda, m\u00f4\u017ee by\u0165 pre druh\u00e9ho nev\u00fdhoda.\",\"breadcrumb\":{\"@id\":\"https:\/\/www.welovecycling.com\/sk\/2022\/08\/22\/serial-ako-sa-stat-cyklistom-4-aky-druh-cyklistiky-si-vybrat\/#breadcrumb\"},\"inLanguage\":\"sk-SK\",\"potentialAction\":[{\"@type\":\"ReadAction\",\"target\":[\"https:\/\/www.welovecycling.com\/sk\/2022\/08\/22\/serial-ako-sa-stat-cyklistom-4-aky-druh-cyklistiky-si-vybrat\/\"]}]},{\"@type\":\"ImageObject\",\"inLanguage\":\"sk-SK\",\"@id\":\"https:\/\/www.welovecycling.com\/sk\/2022\/08\/22\/serial-ako-sa-stat-cyklistom-4-aky-druh-cyklistiky-si-vybrat\/#primaryimage\",\"url\":\"https:\/\/d2p6e6u75xmxt8.cloudfront.net\/4\/2022\/06\/Aky-druh-cyklistiky_00.webp\",\"contentUrl\":\"https:\/\/d2p6e6u75xmxt8.cloudfront.net\/4\/2022\/06\/Aky-druh-cyklistiky_00.webp\",\"width\":990,\"height\":660,\"caption\":\"Foto: pexels.com\"},{\"@type\":\"BreadcrumbList\",\"@id\":\"https:\/\/www.welovecycling.com\/sk\/2022\/08\/22\/serial-ako-sa-stat-cyklistom-4-aky-druh-cyklistiky-si-vybrat\/#breadcrumb\",\"itemListElement\":[{\"@type\":\"ListItem\",\"position\":1,\"name\":\"Home\",\"item\":\"https:\/\/www.welovecycling.com\/sk\/\"},{\"@type\":\"ListItem\",\"position\":2,\"name\":\"Seri\u00e1l: Ako sa sta\u0165 cyklistom &#8211; 4. Ak\u00fd druh cyklistiky si vybra\u0165?\"}]},{\"@type\":\"WebSite\",\"@id\":\"https:\/\/www.welovecycling.com\/sk\/#website\",\"url\":\"https:\/\/www.welovecycling.com\/sk\/\",\"name\":\"\u0160koda We Love Cycling Slovensko\",\"description\":\"\u0160koda We Love Cycling Slovensko je v\u00e1\u0161 ka\u017edodenn\u00fd zdroj noviniek a in\u0161pir\u00e1cie z sveta cyklistiky\",\"potentialAction\":[{\"@type\":\"SearchAction\",\"target\":{\"@type\":\"EntryPoint\",\"urlTemplate\":\"https:\/\/www.welovecycling.com\/sk\/?s={search_term_string}\"},\"query-input\":{\"@type\":\"PropertyValueSpecification\",\"valueRequired\":true,\"valueName\":\"search_term_string\"}}],\"inLanguage\":\"sk-SK\"},{\"@type\":\"Person\",\"@id\":\"https:\/\/www.welovecycling.com\/sk\/#\/schema\/person\/c6ce5af9dceed219d84a07d2ffa2cad9\",\"name\":\"miksakova\",\"image\":{\"@type\":\"ImageObject\",\"inLanguage\":\"sk-SK\",\"@id\":\"https:\/\/www.welovecycling.com\/sk\/#\/schema\/person\/image\/\",\"url\":\"https:\/\/secure.gravatar.com\/avatar\/3663fb8acb50de04150ea6f7afc1bc15aba80aad4bf92aee01bd38a79084eb7a?s=96&d=mm&r=g\",\"contentUrl\":\"https:\/\/secure.gravatar.com\/avatar\/3663fb8acb50de04150ea6f7afc1bc15aba80aad4bf92aee01bd38a79084eb7a?s=96&d=mm&r=g\",\"caption\":\"miksakova\"},\"url\":\"https:\/\/www.welovecycling.com\/sk\/author\/miksakova\/\"}]}<\/script>\n<!-- \/ Yoast SEO Premium plugin. -->","yoast_head_json":{"title":"Seri\u00e1l: Ako sa sta\u0165 cyklistom - 4. Ak\u00fd druh cyklistiky si vybra\u0165? - \u0160koda We Love Cycling Slovensko","description":"Ka\u017ed\u00fd druh cyklistiky m\u00e1 svoje v\u00fdhody a\u00a0nev\u00fdhody. Je to hlavne uhol poh\u013eadu a\u00a0to, \u010do je pre niekoho v\u00fdhoda, m\u00f4\u017ee by\u0165 pre druh\u00e9ho nev\u00fdhoda.","robots":{"index":"index","follow":"follow","max-snippet":"max-snippet:-1","max-image-preview":"max-image-preview:large","max-video-preview":"max-video-preview:-1"},"canonical":"https:\/\/www.welovecycling.com\/sk\/2022\/08\/22\/serial-ako-sa-stat-cyklistom-4-aky-druh-cyklistiky-si-vybrat\/","og_locale":"sk_SK","og_type":"article","og_title":"Seri\u00e1l: Ako sa sta\u0165 cyklistom - 4. Ak\u00fd druh cyklistiky si vybra\u0165?","og_description":"Ka\u017ed\u00fd druh cyklistiky m\u00e1 svoje v\u00fdhody a\u00a0nev\u00fdhody. Je to hlavne uhol poh\u013eadu a\u00a0to, \u010do je pre niekoho v\u00fdhoda, m\u00f4\u017ee by\u0165 pre druh\u00e9ho nev\u00fdhoda.","og_url":"https:\/\/www.welovecycling.com\/sk\/2022\/08\/22\/serial-ako-sa-stat-cyklistom-4-aky-druh-cyklistiky-si-vybrat\/","og_site_name":"\u0160koda We Love Cycling Slovensko","article_published_time":"2022-08-22T08:00:54+00:00","article_modified_time":"2022-09-29T10:57:43+00:00","og_image":[{"width":990,"height":660,"url":"https:\/\/d2p6e6u75xmxt8.cloudfront.net\/4\/2022\/06\/Aky-druh-cyklistiky_00.webp","type":"image\/webp"}],"author":"miksakova","twitter_card":"summary_large_image","twitter_misc":{"Written by":"Filippo Mari","Est. reading time":"6"},"schema":{"@context":"https:\/\/schema.org","@graph":[{"@type":"WebPage","@id":"https:\/\/www.welovecycling.com\/sk\/2022\/08\/22\/serial-ako-sa-stat-cyklistom-4-aky-druh-cyklistiky-si-vybrat\/","url":"https:\/\/www.welovecycling.com\/sk\/2022\/08\/22\/serial-ako-sa-stat-cyklistom-4-aky-druh-cyklistiky-si-vybrat\/","name":"Seri\u00e1l: Ako sa sta\u0165 cyklistom - 4. Ak\u00fd druh cyklistiky si vybra\u0165? - \u0160koda We Love Cycling Slovensko","isPartOf":{"@id":"https:\/\/www.welovecycling.com\/sk\/#website"},"primaryImageOfPage":{"@id":"https:\/\/www.welovecycling.com\/sk\/2022\/08\/22\/serial-ako-sa-stat-cyklistom-4-aky-druh-cyklistiky-si-vybrat\/#primaryimage"},"image":{"@id":"https:\/\/www.welovecycling.com\/sk\/2022\/08\/22\/serial-ako-sa-stat-cyklistom-4-aky-druh-cyklistiky-si-vybrat\/#primaryimage"},"thumbnailUrl":"https:\/\/d2p6e6u75xmxt8.cloudfront.net\/4\/2022\/06\/Aky-druh-cyklistiky_00.webp","datePublished":"2022-08-22T08:00:54+00:00","dateModified":"2022-09-29T10:57:43+00:00","author":{"@id":"https:\/\/www.welovecycling.com\/sk\/#\/schema\/person\/c6ce5af9dceed219d84a07d2ffa2cad9"},"description":"Ka\u017ed\u00fd druh cyklistiky m\u00e1 svoje v\u00fdhody a\u00a0nev\u00fdhody. Je to hlavne uhol poh\u013eadu a\u00a0to, \u010do je pre niekoho v\u00fdhoda, m\u00f4\u017ee by\u0165 pre druh\u00e9ho nev\u00fdhoda.","breadcrumb":{"@id":"https:\/\/www.welovecycling.com\/sk\/2022\/08\/22\/serial-ako-sa-stat-cyklistom-4-aky-druh-cyklistiky-si-vybrat\/#breadcrumb"},"inLanguage":"sk-SK","potentialAction":[{"@type":"ReadAction","target":["https:\/\/www.welovecycling.com\/sk\/2022\/08\/22\/serial-ako-sa-stat-cyklistom-4-aky-druh-cyklistiky-si-vybrat\/"]}]},{"@type":"ImageObject","inLanguage":"sk-SK","@id":"https:\/\/www.welovecycling.com\/sk\/2022\/08\/22\/serial-ako-sa-stat-cyklistom-4-aky-druh-cyklistiky-si-vybrat\/#primaryimage","url":"https:\/\/d2p6e6u75xmxt8.cloudfront.net\/4\/2022\/06\/Aky-druh-cyklistiky_00.webp","contentUrl":"https:\/\/d2p6e6u75xmxt8.cloudfront.net\/4\/2022\/06\/Aky-druh-cyklistiky_00.webp","width":990,"height":660,"caption":"Foto: pexels.com"},{"@type":"BreadcrumbList","@id":"https:\/\/www.welovecycling.com\/sk\/2022\/08\/22\/serial-ako-sa-stat-cyklistom-4-aky-druh-cyklistiky-si-vybrat\/#breadcrumb","itemListElement":[{"@type":"ListItem","position":1,"name":"Home","item":"https:\/\/www.welovecycling.com\/sk\/"},{"@type":"ListItem","position":2,"name":"Seri\u00e1l: Ako sa sta\u0165 cyklistom &#8211; 4. Ak\u00fd druh cyklistiky si vybra\u0165?"}]},{"@type":"WebSite","@id":"https:\/\/www.welovecycling.com\/sk\/#website","url":"https:\/\/www.welovecycling.com\/sk\/","name":"\u0160koda We Love Cycling Slovensko","description":"\u0160koda We Love Cycling Slovensko je v\u00e1\u0161 ka\u017edodenn\u00fd zdroj noviniek a in\u0161pir\u00e1cie z sveta cyklistiky","potentialAction":[{"@type":"SearchAction","target":{"@type":"EntryPoint","urlTemplate":"https:\/\/www.welovecycling.com\/sk\/?s={search_term_string}"},"query-input":{"@type":"PropertyValueSpecification","valueRequired":true,"valueName":"search_term_string"}}],"inLanguage":"sk-SK"},{"@type":"Person","@id":"https:\/\/www.welovecycling.com\/sk\/#\/schema\/person\/c6ce5af9dceed219d84a07d2ffa2cad9","name":"miksakova","image":{"@type":"ImageObject","inLanguage":"sk-SK","@id":"https:\/\/www.welovecycling.com\/sk\/#\/schema\/person\/image\/","url":"https:\/\/secure.gravatar.com\/avatar\/3663fb8acb50de04150ea6f7afc1bc15aba80aad4bf92aee01bd38a79084eb7a?s=96&d=mm&r=g","contentUrl":"https:\/\/secure.gravatar.com\/avatar\/3663fb8acb50de04150ea6f7afc1bc15aba80aad4bf92aee01bd38a79084eb7a?s=96&d=mm&r=g","caption":"miksakova"},"url":"https:\/\/www.welovecycling.com\/sk\/author\/miksakova\/"}]}},"_links":{"self":[{"href":"https:\/\/www.welovecycling.com\/sk\/wp-json\/wp\/v2\/posts\/14629","targetHints":{"allow":["GET"]}}],"collection":[{"href":"https:\/\/www.welovecycling.com\/sk\/wp-json\/wp\/v2\/posts"}],"about":[{"href":"https:\/\/www.welovecycling.com\/sk\/wp-json\/wp\/v2\/types\/post"}],"author":[{"embeddable":true,"href":"https:\/\/www.welovecycling.com\/sk\/wp-json\/wp\/v2\/users\/170"}],"replies":[{"embeddable":true,"href":"https:\/\/www.welovecycling.com\/sk\/wp-json\/wp\/v2\/comments?post=14629"}],"version-history":[{"count":2,"href":"https:\/\/www.welovecycling.com\/sk\/wp-json\/wp\/v2\/posts\/14629\/revisions"}],"predecessor-version":[{"id":15361,"href":"https:\/\/www.welovecycling.com\/sk\/wp-json\/wp\/v2\/posts\/14629\/revisions\/15361"}],"wp:featuredmedia":[{"embeddable":true,"href":"https:\/\/www.welovecycling.com\/sk\/wp-json\/wp\/v2\/media\/14631"}],"wp:attachment":[{"href":"https:\/\/www.welovecycling.com\/sk\/wp-json\/wp\/v2\/media?parent=14629"}],"wp:term":[{"taxonomy":"category","embeddable":true,"href":"https:\/\/www.welovecycling.com\/sk\/wp-json\/wp\/v2\/categories?post=14629"},{"taxonomy":"post_tag","embeddable":true,"href":"https:\/\/www.welovecycling.com\/sk\/wp-json\/wp\/v2\/tags?post=14629"},{"taxonomy":"global-categories","embeddable":true,"href":"https:\/\/www.welovecycling.com\/sk\/wp-json\/wp\/v2\/global-categories?post=14629"}],"curies":[{"name":"wp","href":"https:\/\/api.w.org\/{rel}","templated":true}]}}