{"id":14600,"date":"2022-06-27T10:00:13","date_gmt":"2022-06-27T08:00:13","guid":{"rendered":"https:\/\/www.welovecycling.com\/sk\/?p=14600"},"modified":"2022-09-29T12:58:03","modified_gmt":"2022-09-29T10:58:03","slug":"tour-de-france-2022-o-com-bude-tohorocna-stara-dama","status":"publish","type":"post","link":"https:\/\/www.welovecycling.com\/sk\/2022\/06\/27\/tour-de-france-2022-o-com-bude-tohorocna-stara-dama\/","title":{"rendered":"Tour de France 2022 &#8211; o \u010dom bude tohoro\u010dn\u00e1 Star\u00e1 d\u00e1ma?"},"content":{"rendered":"<p><strong>Tour de France 2022 n\u00e1m po roku op\u00e4\u0165 s\u013eubuje mno\u017estvo zauj\u00edmav\u00fdch st\u00fapan\u00ed, zahrani\u010dn\u00fdch et\u00e1p, s\u00fabojov, no v\u00a0neposlednom rade, aj z\u00e1bavy. Po\u010fme sa spolu pozrie\u0165, \u010do v\u0161etko n\u00e1m slne\u010dn\u00e9 franc\u00fazske cesty pon\u00faknu.<\/strong><!--more--><\/p>\n<h2><strong>\u0160tart v\u00a0D\u00e1nsku<\/strong><\/h2>\n<p>Grand D\u00e9part 109. ro\u010dn\u00edka je toho roku situovan\u00fd vo veternom D\u00e1nsku. Na \u00favod pretek\u00e1rov ne\u010dak\u00e1 ni\u010d extra n\u00e1ro\u010dn\u00e9, ako prv\u00e1 sa ide 13-kilometrov\u00e1 \u010dasovka, pri\u010dom nasleduj\u00fa dve rovinat\u00e9 etapy. U\u017e zo za\u010diatku teda zist\u00edme, kto m\u00e1 v\u00a0\u0161purtoch najsilnej\u0161ie nohy a\u00a0hlavn\u00ed adepti na zelen\u00fd dres bud\u00fa ma\u0165 pr\u00edle\u017eitos\u0165 z\u00edska\u0165 komfortn\u00fd n\u00e1skok, ke\u010f\u017ee rovinat\u00fdch dojazdov je na Tour ako \u0161afranu. <strong>Hrozbou bude nepochybne najm\u00e4 bo\u010dn\u00fd vietor a\u00a0trhanie pelot\u00f3nu na m\u00e1rne k\u00fasky&#8230;<\/strong><\/p>\n<p>https:\/\/www.instagram.com\/p\/CVAXtIGMfnH\/<\/p>\n<h2><strong>Kocky a\u00a0prv\u00e9 klasik\u00e1rske brdky<\/strong><\/h2>\n<p>Od pobre\u017eia sa v\u0161ak tak skoro nedostaneme, no \u010dak\u00e1 n\u00e1s \u201ezahrievacie kolo\u201c, \u010do sa st\u00fapan\u00ed t\u00fdka. Bud\u00fa kr\u00e1tke, av\u0161ak poriadne sa \u201ezahryzn\u00fa\u201c do n\u00f4h, koniec koncov, \u010do od tohto franc\u00fazsko-belgick\u00e9ho pohrani\u010dia \u010daka\u0165. V\u00a05. etape sa do toho pridaj\u00fa aj dl\u00e1\u017eden\u00e9 sektory a\u00a0ak sa zopakuje da\u017ediv\u00fd scen\u00e1r z\u00a0Par\u00ed\u017e\u2013Roubaix 2021, d\u00f4sledky bud\u00fa jasn\u00e9 \u2013 Tour sa tu nebude da\u0165 vyhra\u0165, zato sa pri nepr\u00edjemn\u00fdch p\u00e1doch bude ur\u010dite da\u0165 prehra\u0165. Hne\u010f na \u010fal\u0161\u00ed de\u0148 nasleduje tohoro\u010dn\u00e1 najdlh\u0161ia etapa, <strong>pri\u010dom favoritmi na 220-kilometrovej trati bud\u00fa \u201epuncheurs\u201c, v\u00fdbu\u0161n\u00ed jazdci, ktor\u00fdm sved\u010dia kr\u00e1tke a\u00a0strm\u00e9 kopce<\/strong>. V\u00a0\u017eltom by sme pokojne mohli o\u010dak\u00e1va\u0165 aj tak\u00e9ho Juliana Alaphilippa.<\/p>\n<p>https:\/\/www.instagram.com\/p\/CZHpyV4ogQa\/<\/p>\n<h2><strong>Kone\u010dne poriadne kopce!<\/strong><\/h2>\n<p>7. etapa n\u00e1m s\u013eubuje par\u00e1dny z\u00e1ver, fini\u0161ova\u0165 sa bude na \u0161trkovom kopci La Super Planche des Belles Filles. <strong>7 kilometrov v\u00a0priemere 8,7 % a\u00a0maximami na \u00farovni 24 %, to u\u017e bude po 176 kilometroch neskuto\u010dne bolie\u0165.<\/strong> N\u00e1sledne sa kone\u010dne dost\u00e1vame do \u00c1lp, kr\u00e1sna bude ur\u010dite tak\u00e1 deviata etapa, kedy n\u00e1s organiz\u00e1tori povodia k\u00faskom \u0160vaj\u010diarska.<\/p>\n<p>https:\/\/www.instagram.com\/p\/CcS_KViDMb6\/<br \/>\nPo dni oddychu a\u00a0kopcovitej etape v\u00a0bl\u00edzkosti hran\u00edc n\u00e1s \u010dak\u00e1 \u010fal\u0161ia brut\u00e1lna etapa, tu u\u017e sa o\u00a0slovo prihl\u00e1sia legendy ako Col du T\u00e9l\u00e9graphe, Col du Galibier, \u010di Col du Granon. A\u00a0aby toho v\u0161etk\u00e9ho nebolo m\u00e1lo, <strong>na \u010fal\u0161\u00ed de\u0148 si jazdci \u201estruhn\u00fa\u201c Galibier po druh\u00fdkr\u00e1t, pri\u010dom ich \u010falej \u010dak\u00e1 n\u00e1ro\u010dn\u00fd Col de la Croix a\u00a0n\u00e1ro\u010dn\u00fd fin\u00e1lny v\u00fd\u0161\u013eap na legend\u00e1rny Alpe d\u2019Huez<\/strong>. Mo\u017eno pr\u00e1ve tu sa do\u010dk\u00e1me nap\u00ednav\u00e9ho dojazdu, podobne ako v roku 2018. Ktor\u00fd vrch\u00e1r bude ma\u0165 najlep\u0161ie nohy?<\/p>\n<lite-youtube videoid=l5IpQ0Ynu6s params=\"enablejsapi=1\" style=\"background-image: url('https:\/\/i.ytimg.com\/vi_webp\/l5IpQ0Ynu6s\/maxresdefault.webp');\"><\/lite-youtube>\n<h2><strong>Fin\u00e1le<\/strong><\/h2>\n<p>Rozhodova\u0165 o\u00a0celkovom porad\u00ed sa v\u0161ak bude asi a\u017e v\u00a0n\u00e1ro\u010dnej 17. a\u00a018. etape, ved\u00facimi cez \u010fal\u0161ie legend\u00e1rne pyrenejsk\u00e9 st\u00fapania, Col d\u2019Aspin, \u010di Col d\u2019Aubisque. Nie je to tak d\u00e1vno, \u010do Lurdy hostili za\u010diatok etapy na Tour a\u00a0toho \u010dasu to bola z\u00e1ruka z\u00e1bavy. My pevne ver\u00edme, \u017ee sa to cel\u00e9 po rokoch zopakuje rovnako, ak nie aj lep\u0161ie. <strong>Z\u00e1vere\u010dn\u00e1 \u010dasovka je poriadne dlh\u00e1, meria a\u017e 40 kilometrov, no zato jazdci nebud\u00fa prekon\u00e1va\u0165 \u017eiadny n\u00e1ro\u010dn\u00fd v\u00fd\u0161\u013eap do strm\u00fdch kopcov<\/strong> \u2013 na trase s\u00fa iba dva a\u00a0s\u00fa sk\u00f4r klasik\u00e1rskeho charakteru.<\/p>\n<p>https:\/\/www.instagram.com\/p\/Cd71vh2IHHH\/<br \/>\nNa z\u00e1ver vyvst\u00e1va nieko\u013eko ot\u00e1zok. Poraz\u00ed niekto na Tour de France 2022 Tadeja Poga\u010dara v\u00a0jeho honbe za tret\u00edm \u017elt\u00fdm dresom? Podar\u00ed sa Saganovi z\u00edska\u0165 jeho \u00f4smy zelen\u00fd dres v\u00a0konkurencii van der Poela, \u010di van Aerta? Prelom\u00ed Thibaut Pinot svoje prekliatie na Tour? A\u00a0ako si bude vies\u0165 tak\u00fd Rogli\u010d, \u010di Froome? <strong>Odpoved\u00ed sa do\u010dk\u00e1me u\u017e 01. 07. 2022 na Eurosporte. \ud83d\ude0a<\/strong><\/p>\n<div class=\"shortcode-ys-post-pinup\"><article class=\"loop-simple post-12391 post type-post status-publish format-standard has-post-thumbnail hentry category-zdravie-trening tag-cestna-cyklistika tag-motivacia tag-profesional tag-svaly tag-telo tag-tour-de-france tag-tour-de-france-2021 tag-trening tag-vykon tag-vykonnost tag-zdravie tag-zdravy-zivotny-styl\" data-postid=\"12391\" role=\"article\" data-post-id=\"12391\" data-word-count=\"360\" data-headline-length=\"64\" data-category=\"Zdravie a tr\u00e9ning\" data-author=\"Ji\u0159\u00ed Kalo\u010d\" data-published=\"2021-07-30T10:00:09+02:00\" data-published-day=\"Friday\">\n    <div class=\"entry-thumbnail article-thumbnail\" content=\"https:\/\/d2p6e6u75xmxt8.cloudfront.net\/4\/2021\/07\/Tour-de-France-2021-profimedia-0621448676-CVR-150x150.webp\"><a href=\"https:\/\/www.welovecycling.com\/sk\/2021\/07\/30\/cyklisticke-nohy-po-tour-de-france-preco-su-take-zilnate\/\" class=\"image-holder\" target=\"_self\"><img decoding=\"async\" loading=\"lazy\" class=\"\" src=\"https:\/\/d2p6e6u75xmxt8.cloudfront.net\/4\/2021\/07\/Tour-de-France-2021-profimedia-0621448676-CVR-1024x450.webp\" srcset=\"https:\/\/d2p6e6u75xmxt8.cloudfront.net\/4\/2021\/07\/Tour-de-France-2021-profimedia-0621448676-CVR.webp 1366w, https:\/\/d2p6e6u75xmxt8.cloudfront.net\/4\/2021\/07\/Tour-de-France-2021-profimedia-0621448676-CVR-300x132.webp 300w, https:\/\/d2p6e6u75xmxt8.cloudfront.net\/4\/2021\/07\/Tour-de-France-2021-profimedia-0621448676-CVR-1024x450.webp 1024w, https:\/\/d2p6e6u75xmxt8.cloudfront.net\/4\/2021\/07\/Tour-de-France-2021-profimedia-0621448676-CVR-768x337.webp 768w\" width=\"1024\" height=\"450\" sizes=\"auto, (min-width: 1200px) 456px, (min-width: 768px) 38vw, 100vw\" alt=\"cyklisticke-nohy-po-tour-de-france-preco-su-take-zilnate\"\/><\/a><\/div>    <div class=\"entry-meta\">\n        <a class=\"label label-secondary post-category\" href=\"https:\/\/www.welovecycling.com\/sk\/category\/zdravie-trening\/\" title=\"Zdravie a tr\u00e9ning\">Zdravie a tr\u00e9ning<\/a>\n    <\/div>\n    <div class=\"entry-details\">\n        <a href=\"https:\/\/www.welovecycling.com\/sk\/2021\/07\/30\/cyklisticke-nohy-po-tour-de-france-preco-su-take-zilnate\/\" class='entry-title-wrapper'>\n            <h3 class=\"entry-title\"><span>Cyklistick\u00e9 nohy po Tour de France: Pre\u010do s\u00fa tak\u00e9 \u017eilnat\u00e9?<\/span><\/h3>\n        <\/a>\n    <\/div>\n    <\/article>\n<\/div>\n<p>Zdroj tituln\u00e1 fotografia: A.S.O.\/Pauline Ballet<\/p>\n","protected":false},"excerpt":{"rendered":"<p>Tour de France 2022 n\u00e1m po roku op\u00e4\u0165 s\u013eubuje mno\u017estvo zauj\u00edmav\u00fdch st\u00fapan\u00ed, zahrani\u010dn\u00fdch et\u00e1p, s\u00fabojov, no v\u00a0neposlednom rade, aj z\u00e1bavy. [&hellip;]<\/p>\n","protected":false},"author":170,"featured_media":14616,"comment_status":"open","ping_status":"open","sticky":false,"template":"","format":"standard","meta":{"footnotes":""},"categories":[63,117],"tags":[284,115,1479,961,331,306,46,179,885,1252,1258,20,1410],"global-categories":[1074],"class_list":["post-14600","post","type-post","status-publish","format-standard","has-post-thumbnail","hentry","category-grand-tour","category-tour-de-france","tag-18-etapa","tag-cestna-cyklistika","tag-dansko","tag-etapa","tag-etapove-preteky","tag-francuzsko","tag-peter-sagan","tag-preteky","tag-profesional","tag-stara-dama","tag-tadej-pogacar","tag-tour-de-france","tag-tour-de-france-2022","global-categories-cycling"],"yoast_head":"<!-- This site is optimized with the Yoast SEO Premium plugin v25.3 (Yoast SEO v25.9) - https:\/\/yoast.com\/wordpress\/plugins\/seo\/ -->\n<title>Tour de France 2022 - o \u010dom bude tohoro\u010dn\u00e1 Star\u00e1 d\u00e1ma? - \u0160koda We Love Cycling Slovensko<\/title>\n<meta name=\"description\" content=\"Tour de France 2022 n\u00e1m po roku op\u00e4\u0165 s\u013eubuje mno\u017estvo zauj\u00edmav\u00fdch st\u00fapan\u00ed, zahrani\u010dn\u00fdch et\u00e1p, s\u00fabojov, no v\u00a0neposlednom rade, aj z\u00e1bavy.\" \/>\n<meta name=\"robots\" content=\"index, follow, max-snippet:-1, max-image-preview:large, max-video-preview:-1\" \/>\n<link rel=\"canonical\" href=\"https:\/\/www.welovecycling.com\/sk\/2022\/06\/27\/tour-de-france-2022-o-com-bude-tohorocna-stara-dama\/\" \/>\n<meta property=\"og:locale\" content=\"sk_SK\" \/>\n<meta property=\"og:type\" content=\"article\" \/>\n<meta property=\"og:title\" content=\"Tour de France 2022 - o \u010dom bude tohoro\u010dn\u00e1 Star\u00e1 d\u00e1ma?\" \/>\n<meta property=\"og:description\" content=\"Tour de France 2022 n\u00e1m po roku op\u00e4\u0165 s\u013eubuje mno\u017estvo zauj\u00edmav\u00fdch st\u00fapan\u00ed, zahrani\u010dn\u00fdch et\u00e1p, s\u00fabojov, no v\u00a0neposlednom rade, aj z\u00e1bavy.\" \/>\n<meta property=\"og:url\" content=\"https:\/\/www.welovecycling.com\/sk\/2022\/06\/27\/tour-de-france-2022-o-com-bude-tohorocna-stara-dama\/\" \/>\n<meta property=\"og:site_name\" content=\"\u0160koda We Love Cycling Slovensko\" \/>\n<meta property=\"article:published_time\" content=\"2022-06-27T08:00:13+00:00\" \/>\n<meta property=\"article:modified_time\" content=\"2022-09-29T10:58:03+00:00\" \/>\n<meta property=\"og:image\" content=\"https:\/\/d2p6e6u75xmxt8.cloudfront.net\/4\/2022\/06\/20210626TDF1059-A.S.O._Pauline_Ballet.webp\" \/>\n\t<meta property=\"og:image:width\" content=\"990\" \/>\n\t<meta property=\"og:image:height\" content=\"660\" \/>\n\t<meta property=\"og:image:type\" content=\"image\/webp\" \/>\n<meta name=\"author\" content=\"miksakova\" \/>\n<meta name=\"twitter:card\" content=\"summary_large_image\" \/>\n<meta name=\"twitter:label1\" content=\"Written by\" \/>\n\t<meta name=\"twitter:data1\" content=\"Ji\u0159\u00ed Kalo\u010d\" \/>\n\t<meta name=\"twitter:label2\" content=\"Est. reading time\" \/>\n\t<meta name=\"twitter:data2\" content=\"5\" \/>\n<script type=\"application\/ld+json\" class=\"yoast-schema-graph\">{\"@context\":\"https:\/\/schema.org\",\"@graph\":[{\"@type\":\"WebPage\",\"@id\":\"https:\/\/www.welovecycling.com\/sk\/2022\/06\/27\/tour-de-france-2022-o-com-bude-tohorocna-stara-dama\/\",\"url\":\"https:\/\/www.welovecycling.com\/sk\/2022\/06\/27\/tour-de-france-2022-o-com-bude-tohorocna-stara-dama\/\",\"name\":\"Tour de France 2022 - o \u010dom bude tohoro\u010dn\u00e1 Star\u00e1 d\u00e1ma? - \u0160koda We Love Cycling Slovensko\",\"isPartOf\":{\"@id\":\"https:\/\/www.welovecycling.com\/sk\/#website\"},\"primaryImageOfPage\":{\"@id\":\"https:\/\/www.welovecycling.com\/sk\/2022\/06\/27\/tour-de-france-2022-o-com-bude-tohorocna-stara-dama\/#primaryimage\"},\"image\":{\"@id\":\"https:\/\/www.welovecycling.com\/sk\/2022\/06\/27\/tour-de-france-2022-o-com-bude-tohorocna-stara-dama\/#primaryimage\"},\"thumbnailUrl\":\"https:\/\/d2p6e6u75xmxt8.cloudfront.net\/4\/2022\/06\/20210626TDF1059-A.S.O._Pauline_Ballet.webp\",\"datePublished\":\"2022-06-27T08:00:13+00:00\",\"dateModified\":\"2022-09-29T10:58:03+00:00\",\"author\":{\"@id\":\"https:\/\/www.welovecycling.com\/sk\/#\/schema\/person\/c6ce5af9dceed219d84a07d2ffa2cad9\"},\"description\":\"Tour de France 2022 n\u00e1m po roku op\u00e4\u0165 s\u013eubuje mno\u017estvo zauj\u00edmav\u00fdch st\u00fapan\u00ed, zahrani\u010dn\u00fdch et\u00e1p, s\u00fabojov, no v\u00a0neposlednom rade, aj z\u00e1bavy.\",\"breadcrumb\":{\"@id\":\"https:\/\/www.welovecycling.com\/sk\/2022\/06\/27\/tour-de-france-2022-o-com-bude-tohorocna-stara-dama\/#breadcrumb\"},\"inLanguage\":\"sk-SK\",\"potentialAction\":[{\"@type\":\"ReadAction\",\"target\":[\"https:\/\/www.welovecycling.com\/sk\/2022\/06\/27\/tour-de-france-2022-o-com-bude-tohorocna-stara-dama\/\"]}]},{\"@type\":\"ImageObject\",\"inLanguage\":\"sk-SK\",\"@id\":\"https:\/\/www.welovecycling.com\/sk\/2022\/06\/27\/tour-de-france-2022-o-com-bude-tohorocna-stara-dama\/#primaryimage\",\"url\":\"https:\/\/d2p6e6u75xmxt8.cloudfront.net\/4\/2022\/06\/20210626TDF1059-A.S.O._Pauline_Ballet.webp\",\"contentUrl\":\"https:\/\/d2p6e6u75xmxt8.cloudfront.net\/4\/2022\/06\/20210626TDF1059-A.S.O._Pauline_Ballet.webp\",\"width\":990,\"height\":660,\"caption\":\"26\/06\/2021 \u2013 Tour de France 2021 \u2013 Etape 1 \u2013 Brest \/ Landerneau (197,8 km) - Christian Prudhomme donne le depart reel de la 1ere etape\"},{\"@type\":\"BreadcrumbList\",\"@id\":\"https:\/\/www.welovecycling.com\/sk\/2022\/06\/27\/tour-de-france-2022-o-com-bude-tohorocna-stara-dama\/#breadcrumb\",\"itemListElement\":[{\"@type\":\"ListItem\",\"position\":1,\"name\":\"Home\",\"item\":\"https:\/\/www.welovecycling.com\/sk\/\"},{\"@type\":\"ListItem\",\"position\":2,\"name\":\"Tour de France 2022 &#8211; o \u010dom bude tohoro\u010dn\u00e1 Star\u00e1 d\u00e1ma?\"}]},{\"@type\":\"WebSite\",\"@id\":\"https:\/\/www.welovecycling.com\/sk\/#website\",\"url\":\"https:\/\/www.welovecycling.com\/sk\/\",\"name\":\"\u0160koda We Love Cycling Slovensko\",\"description\":\"\u0160koda We Love Cycling Slovensko je v\u00e1\u0161 ka\u017edodenn\u00fd zdroj noviniek a in\u0161pir\u00e1cie z sveta cyklistiky\",\"potentialAction\":[{\"@type\":\"SearchAction\",\"target\":{\"@type\":\"EntryPoint\",\"urlTemplate\":\"https:\/\/www.welovecycling.com\/sk\/?s={search_term_string}\"},\"query-input\":{\"@type\":\"PropertyValueSpecification\",\"valueRequired\":true,\"valueName\":\"search_term_string\"}}],\"inLanguage\":\"sk-SK\"},{\"@type\":\"Person\",\"@id\":\"https:\/\/www.welovecycling.com\/sk\/#\/schema\/person\/c6ce5af9dceed219d84a07d2ffa2cad9\",\"name\":\"miksakova\",\"image\":{\"@type\":\"ImageObject\",\"inLanguage\":\"sk-SK\",\"@id\":\"https:\/\/www.welovecycling.com\/sk\/#\/schema\/person\/image\/\",\"url\":\"https:\/\/secure.gravatar.com\/avatar\/3663fb8acb50de04150ea6f7afc1bc15aba80aad4bf92aee01bd38a79084eb7a?s=96&d=mm&r=g\",\"contentUrl\":\"https:\/\/secure.gravatar.com\/avatar\/3663fb8acb50de04150ea6f7afc1bc15aba80aad4bf92aee01bd38a79084eb7a?s=96&d=mm&r=g\",\"caption\":\"miksakova\"},\"url\":\"https:\/\/www.welovecycling.com\/sk\/author\/miksakova\/\"}]}<\/script>\n<!-- \/ Yoast SEO Premium plugin. -->","yoast_head_json":{"title":"Tour de France 2022 - o \u010dom bude tohoro\u010dn\u00e1 Star\u00e1 d\u00e1ma? - \u0160koda We Love Cycling Slovensko","description":"Tour de France 2022 n\u00e1m po roku op\u00e4\u0165 s\u013eubuje mno\u017estvo zauj\u00edmav\u00fdch st\u00fapan\u00ed, zahrani\u010dn\u00fdch et\u00e1p, s\u00fabojov, no v\u00a0neposlednom rade, aj z\u00e1bavy.","robots":{"index":"index","follow":"follow","max-snippet":"max-snippet:-1","max-image-preview":"max-image-preview:large","max-video-preview":"max-video-preview:-1"},"canonical":"https:\/\/www.welovecycling.com\/sk\/2022\/06\/27\/tour-de-france-2022-o-com-bude-tohorocna-stara-dama\/","og_locale":"sk_SK","og_type":"article","og_title":"Tour de France 2022 - o \u010dom bude tohoro\u010dn\u00e1 Star\u00e1 d\u00e1ma?","og_description":"Tour de France 2022 n\u00e1m po roku op\u00e4\u0165 s\u013eubuje mno\u017estvo zauj\u00edmav\u00fdch st\u00fapan\u00ed, zahrani\u010dn\u00fdch et\u00e1p, s\u00fabojov, no v\u00a0neposlednom rade, aj z\u00e1bavy.","og_url":"https:\/\/www.welovecycling.com\/sk\/2022\/06\/27\/tour-de-france-2022-o-com-bude-tohorocna-stara-dama\/","og_site_name":"\u0160koda We Love Cycling Slovensko","article_published_time":"2022-06-27T08:00:13+00:00","article_modified_time":"2022-09-29T10:58:03+00:00","og_image":[{"width":990,"height":660,"url":"https:\/\/d2p6e6u75xmxt8.cloudfront.net\/4\/2022\/06\/20210626TDF1059-A.S.O._Pauline_Ballet.webp","type":"image\/webp"}],"author":"miksakova","twitter_card":"summary_large_image","twitter_misc":{"Written by":"Ji\u0159\u00ed Kalo\u010d","Est. reading time":"5"},"schema":{"@context":"https:\/\/schema.org","@graph":[{"@type":"WebPage","@id":"https:\/\/www.welovecycling.com\/sk\/2022\/06\/27\/tour-de-france-2022-o-com-bude-tohorocna-stara-dama\/","url":"https:\/\/www.welovecycling.com\/sk\/2022\/06\/27\/tour-de-france-2022-o-com-bude-tohorocna-stara-dama\/","name":"Tour de France 2022 - o \u010dom bude tohoro\u010dn\u00e1 Star\u00e1 d\u00e1ma? - \u0160koda We Love Cycling Slovensko","isPartOf":{"@id":"https:\/\/www.welovecycling.com\/sk\/#website"},"primaryImageOfPage":{"@id":"https:\/\/www.welovecycling.com\/sk\/2022\/06\/27\/tour-de-france-2022-o-com-bude-tohorocna-stara-dama\/#primaryimage"},"image":{"@id":"https:\/\/www.welovecycling.com\/sk\/2022\/06\/27\/tour-de-france-2022-o-com-bude-tohorocna-stara-dama\/#primaryimage"},"thumbnailUrl":"https:\/\/d2p6e6u75xmxt8.cloudfront.net\/4\/2022\/06\/20210626TDF1059-A.S.O._Pauline_Ballet.webp","datePublished":"2022-06-27T08:00:13+00:00","dateModified":"2022-09-29T10:58:03+00:00","author":{"@id":"https:\/\/www.welovecycling.com\/sk\/#\/schema\/person\/c6ce5af9dceed219d84a07d2ffa2cad9"},"description":"Tour de France 2022 n\u00e1m po roku op\u00e4\u0165 s\u013eubuje mno\u017estvo zauj\u00edmav\u00fdch st\u00fapan\u00ed, zahrani\u010dn\u00fdch et\u00e1p, s\u00fabojov, no v\u00a0neposlednom rade, aj z\u00e1bavy.","breadcrumb":{"@id":"https:\/\/www.welovecycling.com\/sk\/2022\/06\/27\/tour-de-france-2022-o-com-bude-tohorocna-stara-dama\/#breadcrumb"},"inLanguage":"sk-SK","potentialAction":[{"@type":"ReadAction","target":["https:\/\/www.welovecycling.com\/sk\/2022\/06\/27\/tour-de-france-2022-o-com-bude-tohorocna-stara-dama\/"]}]},{"@type":"ImageObject","inLanguage":"sk-SK","@id":"https:\/\/www.welovecycling.com\/sk\/2022\/06\/27\/tour-de-france-2022-o-com-bude-tohorocna-stara-dama\/#primaryimage","url":"https:\/\/d2p6e6u75xmxt8.cloudfront.net\/4\/2022\/06\/20210626TDF1059-A.S.O._Pauline_Ballet.webp","contentUrl":"https:\/\/d2p6e6u75xmxt8.cloudfront.net\/4\/2022\/06\/20210626TDF1059-A.S.O._Pauline_Ballet.webp","width":990,"height":660,"caption":"26\/06\/2021 \u2013 Tour de France 2021 \u2013 Etape 1 \u2013 Brest \/ Landerneau (197,8 km) - Christian Prudhomme donne le depart reel de la 1ere etape"},{"@type":"BreadcrumbList","@id":"https:\/\/www.welovecycling.com\/sk\/2022\/06\/27\/tour-de-france-2022-o-com-bude-tohorocna-stara-dama\/#breadcrumb","itemListElement":[{"@type":"ListItem","position":1,"name":"Home","item":"https:\/\/www.welovecycling.com\/sk\/"},{"@type":"ListItem","position":2,"name":"Tour de France 2022 &#8211; o \u010dom bude tohoro\u010dn\u00e1 Star\u00e1 d\u00e1ma?"}]},{"@type":"WebSite","@id":"https:\/\/www.welovecycling.com\/sk\/#website","url":"https:\/\/www.welovecycling.com\/sk\/","name":"\u0160koda We Love Cycling Slovensko","description":"\u0160koda We Love Cycling Slovensko je v\u00e1\u0161 ka\u017edodenn\u00fd zdroj noviniek a in\u0161pir\u00e1cie z sveta cyklistiky","potentialAction":[{"@type":"SearchAction","target":{"@type":"EntryPoint","urlTemplate":"https:\/\/www.welovecycling.com\/sk\/?s={search_term_string}"},"query-input":{"@type":"PropertyValueSpecification","valueRequired":true,"valueName":"search_term_string"}}],"inLanguage":"sk-SK"},{"@type":"Person","@id":"https:\/\/www.welovecycling.com\/sk\/#\/schema\/person\/c6ce5af9dceed219d84a07d2ffa2cad9","name":"miksakova","image":{"@type":"ImageObject","inLanguage":"sk-SK","@id":"https:\/\/www.welovecycling.com\/sk\/#\/schema\/person\/image\/","url":"https:\/\/secure.gravatar.com\/avatar\/3663fb8acb50de04150ea6f7afc1bc15aba80aad4bf92aee01bd38a79084eb7a?s=96&d=mm&r=g","contentUrl":"https:\/\/secure.gravatar.com\/avatar\/3663fb8acb50de04150ea6f7afc1bc15aba80aad4bf92aee01bd38a79084eb7a?s=96&d=mm&r=g","caption":"miksakova"},"url":"https:\/\/www.welovecycling.com\/sk\/author\/miksakova\/"}]}},"_links":{"self":[{"href":"https:\/\/www.welovecycling.com\/sk\/wp-json\/wp\/v2\/posts\/14600","targetHints":{"allow":["GET"]}}],"collection":[{"href":"https:\/\/www.welovecycling.com\/sk\/wp-json\/wp\/v2\/posts"}],"about":[{"href":"https:\/\/www.welovecycling.com\/sk\/wp-json\/wp\/v2\/types\/post"}],"author":[{"embeddable":true,"href":"https:\/\/www.welovecycling.com\/sk\/wp-json\/wp\/v2\/users\/170"}],"replies":[{"embeddable":true,"href":"https:\/\/www.welovecycling.com\/sk\/wp-json\/wp\/v2\/comments?post=14600"}],"version-history":[{"count":2,"href":"https:\/\/www.welovecycling.com\/sk\/wp-json\/wp\/v2\/posts\/14600\/revisions"}],"predecessor-version":[{"id":14619,"href":"https:\/\/www.welovecycling.com\/sk\/wp-json\/wp\/v2\/posts\/14600\/revisions\/14619"}],"wp:featuredmedia":[{"embeddable":true,"href":"https:\/\/www.welovecycling.com\/sk\/wp-json\/wp\/v2\/media\/14616"}],"wp:attachment":[{"href":"https:\/\/www.welovecycling.com\/sk\/wp-json\/wp\/v2\/media?parent=14600"}],"wp:term":[{"taxonomy":"category","embeddable":true,"href":"https:\/\/www.welovecycling.com\/sk\/wp-json\/wp\/v2\/categories?post=14600"},{"taxonomy":"post_tag","embeddable":true,"href":"https:\/\/www.welovecycling.com\/sk\/wp-json\/wp\/v2\/tags?post=14600"},{"taxonomy":"global-categories","embeddable":true,"href":"https:\/\/www.welovecycling.com\/sk\/wp-json\/wp\/v2\/global-categories?post=14600"}],"curies":[{"name":"wp","href":"https:\/\/api.w.org\/{rel}","templated":true}]}}