{"id":14584,"date":"2022-06-02T10:00:02","date_gmt":"2022-06-02T08:00:02","guid":{"rendered":"https:\/\/www.welovecycling.com\/sk\/?p=14584"},"modified":"2022-06-01T10:07:59","modified_gmt":"2022-06-01T08:07:59","slug":"giro-ditalia-2022-aky-bol-suboj-o-maglia-rosa","status":"publish","type":"post","link":"https:\/\/www.welovecycling.com\/sk\/2022\/06\/02\/giro-ditalia-2022-aky-bol-suboj-o-maglia-rosa\/","title":{"rendered":"Giro d&#8217;Italia 2022 &#8211; ak\u00fd bol s\u00faboj o Maglia Rosa?"},"content":{"rendered":"<p><strong>Tohoro\u010dn\u00e1 \u201eLa Corsa Rosa\u201c je za nami a zanechala za sebou mno\u017estvo radosti, sklamania, bolesti, r\u00fak nad hlavou, no i kr\u00e1snych pr\u00edbehov. Po\u010fme sa spolu pozrie\u0165 na to naj.<\/strong><\/p>\n<p><!--more--><br \/>\nU\u017e pred \u0161tartom jednotliv\u00e9 etapy s\u013eubovali ve\u013ek\u00fa show, koniec koncov, ke\u010f sa povie Etna, Blockhaus, Passo Fedaia, \u010di Mortirolo, t\u00fdm, ktor\u00ed akt\u00edvnej\u0161ie sleduj\u00fa cestn\u00fa cyklistiku, sa roztiahne \u00fasmev na tv\u00e1ri. <strong>O\u010dak\u00e1van\u00ed na Giro d&#8217;Italia 2022 bolo ve\u013ea. O\u010di boli ako inak upret\u00e9 na t\u00edm Ineos, ktor\u00fd priniesol siln\u00fa vrch\u00e1rsku zostavu na \u010dele s Richardom Carapazom.<\/strong> Ten chcel zopakova\u0165 \u00faspech z roku 2019. V ceste mu v\u0161ak st\u00e1li men\u00e1 ako Romain Bardet, Simon Yates, Vincenzo Nibali, \u010di Giulio Ciccone.<\/p>\n<p>https:\/\/www.instagram.com\/p\/Cd0tljrsfqB\/<br \/>\nPreteky Giro d&#8217;Italia 2022 od\u0161tartovali ne\u010faleko slovensk\u00fdch hran\u00edc. To prinieslo mno\u017estvu slovensk\u00fdch fan\u00fa\u0161ikov jedine\u010dn\u00fa mo\u017enos\u0165 vidie\u0165 najsl\u00e1vnej\u0161\u00edch cyklistov na vlastn\u00e9 o\u010di. <strong>Pod\u013ea v\u0161etk\u00fdch o\u010dak\u00e1van\u00ed vyhral prv\u00fa etapu Mathieu van der Poel, \u010d\u00edm v\u0161ak jeho aktivita na Gire z\u010faleka neskon\u010dila<\/strong> Do dojazdu sa dostal aj v 11. etape, ke\u010f ho pre\u0161printovala hviezda eritrejskej cyklistiky, Biniam Girmay.<\/p>\n<p>https:\/\/www.instagram.com\/p\/Cdq1rhfs_3c\/<br \/>\nTen by jednozna\u010dne predviedol aj \u010fal\u0161ie pekn\u00e9 v\u00fdkony, neby\u0165 ne\u0161\u0165astn\u00e9ho p\u00f3dia a vystrelenej z\u00e1tky priamo do oka. Van der Poel pokra\u010doval v naskakovan\u00ed si do \u00fanikov aj v horsk\u00fdch etap\u00e1ch. T\u00fdm dok\u00e1zal, \u017ee napriek zdravotn\u00fdm probl\u00e9mom na za\u010diatku sez\u00f3ny je na skvelej vlne a <strong>prichystan\u00fd pobi\u0165 sa o zelen\u00fd dres na Tour de France<\/strong>.<\/p>\n<p>https:\/\/www.instagram.com\/p\/CdOMRbmMWyv\/<\/p>\n<h2><strong>\u0160print\u00e9rska konkurencia<\/strong><\/h2>\n<p>\u0160print\u00e9rske dojazdy toho roku najviac sved\u010dali franc\u00fazskemu r\u00fdchlikovi Arnaudovi D\u00e9marovi, ktor\u00fd vyhral hne\u010f tri rovinat\u00e9 etapy a po dvoch rokoch si domov op\u00e4\u0165 odniesol cykl\u00e1menov\u00fd dres pre najlep\u0161ieho \u0161print\u00e9ra. <strong>Konkurova\u0165 mu nedok\u00e1zal nikto z najv\u00e4\u010d\u0161\u00edch \u0161pint\u00e9rskych mien<\/strong>, ako s\u00fa Mark Cavendish (jedna v\u00ed\u0165azn\u00e1 etapa), Caleb Ewan, \u010di Fernando Gaviria (zhodne bez v\u00ed\u0165azn\u00fdch et\u00e1p). Povedzme si v\u0161ak \u00faprimne, na tejto Grand Tour je t\u00fdch rovinat\u00fdch dojazdov ako \u0161afranu, \u010do je dan\u00e9 akosi prirodzene Apeninami, Alpami a Dolomitmi&#8230;<\/p>\n<p>https:\/\/www.instagram.com\/p\/Cddt91Cs23d\/<br \/>\nA pr\u00e1ve v t\u00fdchto kopcoch sa odohrala v\u00e4\u010d\u0161ina vrch\u00e1rskej par\u00e1dy, pri\u010dom ako najsilnej\u0161\u00ed z nej vzi\u0161iel mo\u017eno trochu prekvapivo Koen Bouwman. Ten z\u00edskal modr\u00fd vrch\u00e1rsky dres. Spo\u010diatku sa \u201edo\u0165ahoval\u201c s miestnym pretek\u00e1rom Diegom Rosom, jazdiacim za t\u00edm Alberta Contadora, Eolo-Kometa. Nesk\u00f4r Diegove miesto na moment zaujal Giulio Ciccone, ktor\u00e9mu toho roku absol\u00fatne nevy\u0161lo celkov\u00e9 poradie. <strong>Bouwman v\u0161ak dok\u00e1zal pokry\u0165 v\u0161etky ich snahy a okrem modr\u00e9ho dresu sa te\u0161il aj z dvoch etapov\u00fdch triumfov.<\/strong><\/p>\n<p>https:\/\/www.instagram.com\/p\/CeEO4GIsJnP\/<\/p>\n<h2><strong>Skvel\u00e9 v\u00fdkony na z\u00e1ver<\/strong><\/h2>\n<p>Dost\u00e1vame sa k tomu najd\u00f4le\u017eitej\u0161iemu, a s\u00edce k boju o Maglia Rosa a Trofeo Senza Fine. V prv\u00fdch etap\u00e1ch sa do ru\u017eov\u00e9ho ne\u010dakane obliekol Juan Pedro L\u00f3pez, ktor\u00fd mal p\u00f4vodne jazdi\u0165 ako domestik Giulia Cicconeho. Pod\u00e1val sol\u00eddne v\u00fdkony, dokonca aj na \u0165a\u017ekom Blockhause pri\u0161iel iba k\u00fasok za skupinou hlavn\u00fdch favoritov. A aj to len kv\u00f4li tomu, \u017ee musel zasta\u0165 po tom, \u010do Domenico Pozzovivo hodil vlnu. <strong>Nad jeho sily bola a\u017e 14. etapa so s\u00e9riou n\u00e1ro\u010dn\u00fdch st\u00fapan\u00ed, kon\u010diaca v Tur\u00edne.<\/strong> Jeho aktivita mu v\u0161ak po odst\u00fapen\u00ed Jo\u00e3oa Almeidu vyniesla biely dres pre najlep\u0161ieho pretek\u00e1ra do 25 rokov.<\/p>\n<p>https:\/\/www.instagram.com\/p\/CeG5gBNrv10\/<br \/>\n<div class=\"shortcode-ys-post-pinup\"><article class=\"loop-simple post-14002 post type-post status-publish format-standard has-post-thumbnail hentry category-cestna-cyklisitika tag-cestna-cyklistika tag-eddy-merckx tag-jasper-stuyven tag-la-primavera tag-maspes-vigorelli tag-milano-san-remo tag-peter-sagan tag-podujatia tag-preteky tag-profesional tag-sezona-2022 tag-total-energies global-categories-cycling\" data-postid=\"14002\" role=\"article\" data-post-id=\"14002\" data-word-count=\"237\" data-headline-length=\"29\" data-category=\"Cestn\u00e1 cyklistika\" data-global-category=\"Cycling\" data-author=\"Radovan Vr\u0161ka\" data-published=\"2022-03-16T10:00:56+01:00\" data-published-day=\"Wednesday\">\n    <div class=\"entry-thumbnail article-thumbnail\" content=\"https:\/\/d2p6e6u75xmxt8.cloudfront.net\/4\/2022\/03\/Milano-San-Remo-2022_00-150x150.webp\"><a href=\"https:\/\/www.welovecycling.com\/sk\/2022\/03\/16\/milano-san-remo-2022\/\" class=\"image-holder\" target=\"_self\"><img decoding=\"async\" loading=\"lazy\" class=\"\" src=\"https:\/\/d2p6e6u75xmxt8.cloudfront.net\/4\/2022\/03\/Milano-San-Remo-2022_00-1024x445.webp\" srcset=\"https:\/\/d2p6e6u75xmxt8.cloudfront.net\/4\/2022\/03\/Milano-San-Remo-2022_00.webp 1380w, https:\/\/d2p6e6u75xmxt8.cloudfront.net\/4\/2022\/03\/Milano-San-Remo-2022_00-300x130.webp 300w, https:\/\/d2p6e6u75xmxt8.cloudfront.net\/4\/2022\/03\/Milano-San-Remo-2022_00-1024x445.webp 1024w, https:\/\/d2p6e6u75xmxt8.cloudfront.net\/4\/2022\/03\/Milano-San-Remo-2022_00-768x334.webp 768w\" width=\"1024\" height=\"445\" sizes=\"auto, (min-width: 1200px) 460px, (min-width: 768px) 38vw, 100vw\" alt=\"milano-san-remo-2022\"\/><\/a><\/div>    <div class=\"entry-meta\">\n        <a class=\"label label-secondary post-category\" href=\"https:\/\/www.welovecycling.com\/sk\/category\/cestna-cyklisitika\/\" title=\"Cestn\u00e1 cyklistika\">Cestn\u00e1 cyklistika<\/a>\n    <\/div>\n    <div class=\"entry-details\">\n        <a href=\"https:\/\/www.welovecycling.com\/sk\/2022\/03\/16\/milano-san-remo-2022\/\" class='entry-title-wrapper'>\n            <h3 class=\"entry-title\"><span>Mil\u00e1no &#8211; San Remo 2022<\/span><\/h3>\n        <\/a>\n    <\/div>\n    <\/article>\n<\/div><\/p>\n<p>V 14. etape ide do ru\u017eov\u00e9ho pod\u013ea o\u010dak\u00e1van\u00ed Richard Carapaz, no na chrb\u00e1t mu d\u00fdcha dvojica Jai Hindley a Mikel Landa. E\u0161te na za\u010diatku predposlednej etapy Carapaza a Hindleyho delia iba tri sekundy. No dojazd na Passo Fedaia v\u0161etko men\u00ed, Bora predv\u00e1dza t\u00edmov\u00fa taktiku \u201epar excellence\u201c a l\u00e1me Carapaza v ru\u017eovom. <strong>Hindley zvl\u00e1da i z\u00e1vere\u010dn\u00fa \u010dasovku a fenomen\u00e1lnym sp\u00f4sobom vyhr\u00e1va 105. ro\u010dn\u00edk tohto talianskeho etap\u00e1ku.<\/strong> N\u00e1m u\u017e zost\u00e1va len po\u010d\u00edta\u0165 dni do \u010fal\u0161ieho, 106. ro\u010dn\u00edka a te\u0161i\u0165 sa na op\u00e4tovn\u00e9 cyklistick\u00e9 divadlo&#8230;<\/p>\n","protected":false},"excerpt":{"rendered":"<p>Tohoro\u010dn\u00e1 \u201eLa Corsa Rosa\u201c je za nami a zanechala za sebou mno\u017estvo radosti, sklamania, bolesti, r\u00fak nad hlavou, no i [&hellip;]<\/p>\n","protected":false},"author":81,"featured_media":14593,"comment_status":"open","ping_status":"open","sticky":false,"template":"","format":"standard","meta":{"footnotes":""},"categories":[64,63],"tags":[160,331,65,1513,704,179,885,1411,1006,177,419,556,269,1097],"global-categories":[1074],"class_list":["post-14584","post","type-post","status-publish","format-standard","has-post-thumbnail","hentry","category-giro-ditalia","category-grand-tour","tag-bora-hansgrohe","tag-etapove-preteky","tag-giro-d-italia","tag-maglia-rosa","tag-mathieu-van-der-poel","tag-preteky","tag-profesional","tag-sezona-2022","tag-sprinter","tag-taktika-timu","tag-taliansko","tag-tim","tag-vitaz","tag-vykon","global-categories-cycling"],"yoast_head":"<!-- This site is optimized with the Yoast SEO Premium plugin v25.3 (Yoast SEO v25.9) - https:\/\/yoast.com\/wordpress\/plugins\/seo\/ -->\n<title>Giro d&#039;Italia 2022 - ak\u00fd bol s\u00faboj o Maglia Rosa? - \u0160koda We Love Cycling Slovensko<\/title>\n<meta name=\"description\" content=\"O\u010dak\u00e1van\u00ed na Giro d&#039;Italia 2022 bolo ve\u013ea. O\u010di boli ako inak upret\u00e9 na t\u00edm Ineos, ktor\u00fd priniesol siln\u00fa vrch\u00e1rsku zostavu.\" \/>\n<meta name=\"robots\" content=\"index, follow, max-snippet:-1, max-image-preview:large, max-video-preview:-1\" \/>\n<link rel=\"canonical\" href=\"https:\/\/www.welovecycling.com\/sk\/2022\/06\/02\/giro-ditalia-2022-aky-bol-suboj-o-maglia-rosa\/\" \/>\n<meta property=\"og:locale\" content=\"sk_SK\" \/>\n<meta property=\"og:type\" content=\"article\" \/>\n<meta property=\"og:title\" content=\"Giro d&#039;Italia 2022 - ak\u00fd bol s\u00faboj o Maglia Rosa?\" \/>\n<meta property=\"og:description\" content=\"O\u010dak\u00e1van\u00ed na Giro d&#039;Italia 2022 bolo ve\u013ea. O\u010di boli ako inak upret\u00e9 na t\u00edm Ineos, ktor\u00fd priniesol siln\u00fa vrch\u00e1rsku zostavu.\" \/>\n<meta property=\"og:url\" content=\"https:\/\/www.welovecycling.com\/sk\/2022\/06\/02\/giro-ditalia-2022-aky-bol-suboj-o-maglia-rosa\/\" \/>\n<meta property=\"og:site_name\" content=\"\u0160koda We Love Cycling Slovensko\" \/>\n<meta property=\"article:published_time\" content=\"2022-06-02T08:00:02+00:00\" \/>\n<meta property=\"og:image\" content=\"https:\/\/d2p6e6u75xmxt8.cloudfront.net\/4\/2022\/06\/Giro_00.JPG.webp\" \/>\n\t<meta property=\"og:image:width\" content=\"990\" \/>\n\t<meta property=\"og:image:height\" content=\"660\" \/>\n\t<meta property=\"og:image:type\" content=\"image\/webp\" \/>\n<meta name=\"twitter:card\" content=\"summary_large_image\" \/>\n<meta name=\"twitter:label1\" content=\"Written by\" \/>\n\t<meta name=\"twitter:data1\" content=\"Radovan Vr\u0161ka\" \/>\n\t<meta name=\"twitter:label2\" content=\"Est. reading time\" \/>\n\t<meta name=\"twitter:data2\" content=\"3\" \/>\n<script type=\"application\/ld+json\" class=\"yoast-schema-graph\">{\"@context\":\"https:\/\/schema.org\",\"@graph\":[{\"@type\":\"WebPage\",\"@id\":\"https:\/\/www.welovecycling.com\/sk\/2022\/06\/02\/giro-ditalia-2022-aky-bol-suboj-o-maglia-rosa\/\",\"url\":\"https:\/\/www.welovecycling.com\/sk\/2022\/06\/02\/giro-ditalia-2022-aky-bol-suboj-o-maglia-rosa\/\",\"name\":\"Giro d'Italia 2022 - ak\u00fd bol s\u00faboj o Maglia Rosa? - \u0160koda We Love Cycling Slovensko\",\"isPartOf\":{\"@id\":\"https:\/\/www.welovecycling.com\/sk\/#website\"},\"primaryImageOfPage\":{\"@id\":\"https:\/\/www.welovecycling.com\/sk\/2022\/06\/02\/giro-ditalia-2022-aky-bol-suboj-o-maglia-rosa\/#primaryimage\"},\"image\":{\"@id\":\"https:\/\/www.welovecycling.com\/sk\/2022\/06\/02\/giro-ditalia-2022-aky-bol-suboj-o-maglia-rosa\/#primaryimage\"},\"thumbnailUrl\":\"https:\/\/d2p6e6u75xmxt8.cloudfront.net\/4\/2022\/06\/Giro_00.JPG.webp\",\"datePublished\":\"2022-06-02T08:00:02+00:00\",\"author\":{\"@id\":\"\"},\"description\":\"O\u010dak\u00e1van\u00ed na Giro d'Italia 2022 bolo ve\u013ea. O\u010di boli ako inak upret\u00e9 na t\u00edm Ineos, ktor\u00fd priniesol siln\u00fa vrch\u00e1rsku zostavu.\",\"breadcrumb\":{\"@id\":\"https:\/\/www.welovecycling.com\/sk\/2022\/06\/02\/giro-ditalia-2022-aky-bol-suboj-o-maglia-rosa\/#breadcrumb\"},\"inLanguage\":\"sk-SK\",\"potentialAction\":[{\"@type\":\"ReadAction\",\"target\":[\"https:\/\/www.welovecycling.com\/sk\/2022\/06\/02\/giro-ditalia-2022-aky-bol-suboj-o-maglia-rosa\/\"]}]},{\"@type\":\"ImageObject\",\"inLanguage\":\"sk-SK\",\"@id\":\"https:\/\/www.welovecycling.com\/sk\/2022\/06\/02\/giro-ditalia-2022-aky-bol-suboj-o-maglia-rosa\/#primaryimage\",\"url\":\"https:\/\/d2p6e6u75xmxt8.cloudfront.net\/4\/2022\/06\/Giro_00.JPG.webp\",\"contentUrl\":\"https:\/\/d2p6e6u75xmxt8.cloudfront.net\/4\/2022\/06\/Giro_00.JPG.webp\",\"width\":990,\"height\":660},{\"@type\":\"BreadcrumbList\",\"@id\":\"https:\/\/www.welovecycling.com\/sk\/2022\/06\/02\/giro-ditalia-2022-aky-bol-suboj-o-maglia-rosa\/#breadcrumb\",\"itemListElement\":[{\"@type\":\"ListItem\",\"position\":1,\"name\":\"Home\",\"item\":\"https:\/\/www.welovecycling.com\/sk\/\"},{\"@type\":\"ListItem\",\"position\":2,\"name\":\"Giro d&#8217;Italia 2022 &#8211; ak\u00fd bol s\u00faboj o Maglia Rosa?\"}]},{\"@type\":\"WebSite\",\"@id\":\"https:\/\/www.welovecycling.com\/sk\/#website\",\"url\":\"https:\/\/www.welovecycling.com\/sk\/\",\"name\":\"\u0160koda We Love Cycling Slovensko\",\"description\":\"\u0160koda We Love Cycling Slovensko je v\u00e1\u0161 ka\u017edodenn\u00fd zdroj noviniek a in\u0161pir\u00e1cie z sveta cyklistiky\",\"potentialAction\":[{\"@type\":\"SearchAction\",\"target\":{\"@type\":\"EntryPoint\",\"urlTemplate\":\"https:\/\/www.welovecycling.com\/sk\/?s={search_term_string}\"},\"query-input\":{\"@type\":\"PropertyValueSpecification\",\"valueRequired\":true,\"valueName\":\"search_term_string\"}}],\"inLanguage\":\"sk-SK\"},{\"@type\":\"Person\",\"@id\":\"\",\"url\":\"https:\/\/www.welovecycling.com\/sk\/author\/\"}]}<\/script>\n<!-- \/ Yoast SEO Premium plugin. -->","yoast_head_json":{"title":"Giro d'Italia 2022 - ak\u00fd bol s\u00faboj o Maglia Rosa? - \u0160koda We Love Cycling Slovensko","description":"O\u010dak\u00e1van\u00ed na Giro d'Italia 2022 bolo ve\u013ea. O\u010di boli ako inak upret\u00e9 na t\u00edm Ineos, ktor\u00fd priniesol siln\u00fa vrch\u00e1rsku zostavu.","robots":{"index":"index","follow":"follow","max-snippet":"max-snippet:-1","max-image-preview":"max-image-preview:large","max-video-preview":"max-video-preview:-1"},"canonical":"https:\/\/www.welovecycling.com\/sk\/2022\/06\/02\/giro-ditalia-2022-aky-bol-suboj-o-maglia-rosa\/","og_locale":"sk_SK","og_type":"article","og_title":"Giro d'Italia 2022 - ak\u00fd bol s\u00faboj o Maglia Rosa?","og_description":"O\u010dak\u00e1van\u00ed na Giro d'Italia 2022 bolo ve\u013ea. O\u010di boli ako inak upret\u00e9 na t\u00edm Ineos, ktor\u00fd priniesol siln\u00fa vrch\u00e1rsku zostavu.","og_url":"https:\/\/www.welovecycling.com\/sk\/2022\/06\/02\/giro-ditalia-2022-aky-bol-suboj-o-maglia-rosa\/","og_site_name":"\u0160koda We Love Cycling Slovensko","article_published_time":"2022-06-02T08:00:02+00:00","og_image":[{"width":990,"height":660,"url":"https:\/\/d2p6e6u75xmxt8.cloudfront.net\/4\/2022\/06\/Giro_00.JPG.webp","type":"image\/webp"}],"twitter_card":"summary_large_image","twitter_misc":{"Written by":"Radovan Vr\u0161ka","Est. reading time":"3"},"schema":{"@context":"https:\/\/schema.org","@graph":[{"@type":"WebPage","@id":"https:\/\/www.welovecycling.com\/sk\/2022\/06\/02\/giro-ditalia-2022-aky-bol-suboj-o-maglia-rosa\/","url":"https:\/\/www.welovecycling.com\/sk\/2022\/06\/02\/giro-ditalia-2022-aky-bol-suboj-o-maglia-rosa\/","name":"Giro d'Italia 2022 - ak\u00fd bol s\u00faboj o Maglia Rosa? - \u0160koda We Love Cycling Slovensko","isPartOf":{"@id":"https:\/\/www.welovecycling.com\/sk\/#website"},"primaryImageOfPage":{"@id":"https:\/\/www.welovecycling.com\/sk\/2022\/06\/02\/giro-ditalia-2022-aky-bol-suboj-o-maglia-rosa\/#primaryimage"},"image":{"@id":"https:\/\/www.welovecycling.com\/sk\/2022\/06\/02\/giro-ditalia-2022-aky-bol-suboj-o-maglia-rosa\/#primaryimage"},"thumbnailUrl":"https:\/\/d2p6e6u75xmxt8.cloudfront.net\/4\/2022\/06\/Giro_00.JPG.webp","datePublished":"2022-06-02T08:00:02+00:00","author":{"@id":""},"description":"O\u010dak\u00e1van\u00ed na Giro d'Italia 2022 bolo ve\u013ea. O\u010di boli ako inak upret\u00e9 na t\u00edm Ineos, ktor\u00fd priniesol siln\u00fa vrch\u00e1rsku zostavu.","breadcrumb":{"@id":"https:\/\/www.welovecycling.com\/sk\/2022\/06\/02\/giro-ditalia-2022-aky-bol-suboj-o-maglia-rosa\/#breadcrumb"},"inLanguage":"sk-SK","potentialAction":[{"@type":"ReadAction","target":["https:\/\/www.welovecycling.com\/sk\/2022\/06\/02\/giro-ditalia-2022-aky-bol-suboj-o-maglia-rosa\/"]}]},{"@type":"ImageObject","inLanguage":"sk-SK","@id":"https:\/\/www.welovecycling.com\/sk\/2022\/06\/02\/giro-ditalia-2022-aky-bol-suboj-o-maglia-rosa\/#primaryimage","url":"https:\/\/d2p6e6u75xmxt8.cloudfront.net\/4\/2022\/06\/Giro_00.JPG.webp","contentUrl":"https:\/\/d2p6e6u75xmxt8.cloudfront.net\/4\/2022\/06\/Giro_00.JPG.webp","width":990,"height":660},{"@type":"BreadcrumbList","@id":"https:\/\/www.welovecycling.com\/sk\/2022\/06\/02\/giro-ditalia-2022-aky-bol-suboj-o-maglia-rosa\/#breadcrumb","itemListElement":[{"@type":"ListItem","position":1,"name":"Home","item":"https:\/\/www.welovecycling.com\/sk\/"},{"@type":"ListItem","position":2,"name":"Giro d&#8217;Italia 2022 &#8211; ak\u00fd bol s\u00faboj o Maglia Rosa?"}]},{"@type":"WebSite","@id":"https:\/\/www.welovecycling.com\/sk\/#website","url":"https:\/\/www.welovecycling.com\/sk\/","name":"\u0160koda We Love Cycling Slovensko","description":"\u0160koda We Love Cycling Slovensko je v\u00e1\u0161 ka\u017edodenn\u00fd zdroj noviniek a in\u0161pir\u00e1cie z sveta cyklistiky","potentialAction":[{"@type":"SearchAction","target":{"@type":"EntryPoint","urlTemplate":"https:\/\/www.welovecycling.com\/sk\/?s={search_term_string}"},"query-input":{"@type":"PropertyValueSpecification","valueRequired":true,"valueName":"search_term_string"}}],"inLanguage":"sk-SK"},{"@type":"Person","@id":"","url":"https:\/\/www.welovecycling.com\/sk\/author\/"}]}},"_links":{"self":[{"href":"https:\/\/www.welovecycling.com\/sk\/wp-json\/wp\/v2\/posts\/14584","targetHints":{"allow":["GET"]}}],"collection":[{"href":"https:\/\/www.welovecycling.com\/sk\/wp-json\/wp\/v2\/posts"}],"about":[{"href":"https:\/\/www.welovecycling.com\/sk\/wp-json\/wp\/v2\/types\/post"}],"author":[{"embeddable":true,"href":"https:\/\/www.welovecycling.com\/sk\/wp-json\/wp\/v2\/users\/81"}],"replies":[{"embeddable":true,"href":"https:\/\/www.welovecycling.com\/sk\/wp-json\/wp\/v2\/comments?post=14584"}],"version-history":[{"count":2,"href":"https:\/\/www.welovecycling.com\/sk\/wp-json\/wp\/v2\/posts\/14584\/revisions"}],"predecessor-version":[{"id":14596,"href":"https:\/\/www.welovecycling.com\/sk\/wp-json\/wp\/v2\/posts\/14584\/revisions\/14596"}],"wp:featuredmedia":[{"embeddable":true,"href":"https:\/\/www.welovecycling.com\/sk\/wp-json\/wp\/v2\/media\/14593"}],"wp:attachment":[{"href":"https:\/\/www.welovecycling.com\/sk\/wp-json\/wp\/v2\/media?parent=14584"}],"wp:term":[{"taxonomy":"category","embeddable":true,"href":"https:\/\/www.welovecycling.com\/sk\/wp-json\/wp\/v2\/categories?post=14584"},{"taxonomy":"post_tag","embeddable":true,"href":"https:\/\/www.welovecycling.com\/sk\/wp-json\/wp\/v2\/tags?post=14584"},{"taxonomy":"global-categories","embeddable":true,"href":"https:\/\/www.welovecycling.com\/sk\/wp-json\/wp\/v2\/global-categories?post=14584"}],"curies":[{"name":"wp","href":"https:\/\/api.w.org\/{rel}","templated":true}]}}