{"id":14563,"date":"2022-06-01T10:00:59","date_gmt":"2022-06-01T08:00:59","guid":{"rendered":"https:\/\/www.welovecycling.com\/sk\/?p=14563"},"modified":"2022-06-01T09:22:47","modified_gmt":"2022-06-01T07:22:47","slug":"reportaz-skoda-mtb-maraton-levocske-vrchy-preteky-s-najkrajsimi-vyhladmi","status":"publish","type":"post","link":"https:\/\/www.welovecycling.com\/sk\/2022\/06\/01\/reportaz-skoda-mtb-maraton-levocske-vrchy-preteky-s-najkrajsimi-vyhladmi\/","title":{"rendered":"Report\u00e1\u017e: \u0160koda MTB marat\u00f3n Levo\u010dsk\u00e9 vrchy &#8211; preteky s najkraj\u0161\u00edmi v\u00fdh\u013eadmi"},"content":{"rendered":"<p><strong>Len t\u00fd\u017ede\u0148 po otvoren\u00ed sez\u00f3ny n\u00e1s \u010dakalo druh\u00e9 kolo s\u00e9rie horsk\u00fdch marat\u00f3nov \u0160koda BIKE OPEN TOUR. Tentokr\u00e1t sme sa presunuli na v\u00fdchod do Levo\u010de a op\u00e4\u0165 n\u00e1s priv\u00edtalo po\u010dasie ako na objedn\u00e1vku.<\/strong><\/p>\n<p><!--more--><br \/>\nChladn\u00e9 r\u00e1no s\u00edce mnoh\u00fdch cyklistov navlieklo do dlh\u00fdch ruk\u00e1vov, no k\u00fdm sa na \u0161tart postavila prv\u00e1 skupina pretek\u00e1rov, <strong>slnko u\u017e hl\u00e1silo de\u0148 ako vy\u0161it\u00fd na kvalitn\u00e9 jazdenie<\/strong>. K pekn\u00e9mu d\u0148u sa navy\u0161e pridali \u0161ikovn\u00ed organiz\u00e1tori, ktor\u00ed pripravili naozaj rozmanit\u00fa tra\u0165, \u010do pote\u0161ila ka\u017ed\u00e9ho nad\u0161en\u00e9ho jazdca. <\/p>\n<p><a href=\"https:\/\/d2p6e6u75xmxt8.cloudfront.net\/4\/2022\/06\/levoca-1.jpg\"><img loading=\"lazy\" decoding=\"async\" src=\"https:\/\/d2p6e6u75xmxt8.cloudfront.net\/4\/2022\/06\/levoca-1.jpg\" alt=\"\" width=\"990\" height=\"660\" class=\"alignnone size-full wp-image-14568\" \/><\/a><\/p>\n<p>Tento rok tie\u017e \u010dakali pretek\u00e1rov tra\u0165ov\u00e9 zmeny a to u\u017e od samotn\u00e9ho \u0161tartu. <strong>Ten bol presunut\u00fd priamo na n\u00e1mestie a prav\u00fa s\u00fa\u0165a\u017en\u00fa atmosf\u00e9ru tak u\u017e od za\u010diatku doplnili nad\u0161en\u00ed div\u00e1ci.<\/strong> A bolo veru koho povzbudzova\u0165. Na tra\u0165 sa spolu postavilo takmer 450 pretek\u00e1rov a op\u00e4\u0165 si mohli zas\u00fa\u0165a\u017ei\u0165 v\u0161etky typy cyklistov. Od \u201edupa\u010dov\u201d, cez e-bikerov a\u017e po rodinky s mal\u00fdmi de\u0165mi.<\/p>\n<p><a href=\"https:\/\/d2p6e6u75xmxt8.cloudfront.net\/4\/2022\/06\/levoca-6.jpg\"><img loading=\"lazy\" decoding=\"async\" src=\"https:\/\/d2p6e6u75xmxt8.cloudfront.net\/4\/2022\/06\/levoca-6.jpg\" alt=\"\" width=\"990\" height=\"660\" class=\"alignnone size-full wp-image-14569\" \/><\/a><\/p>\n<h2><strong>Dlh\u00e1 tra\u0165 &#8211; 75 km<\/strong><\/h2>\n<p>Preteky na \u0160koda MTB marat\u00f3n Levo\u010dsk\u00e9 vrchy otvorili ako inak cyklisti z najdlh\u0161ej trate, s takmer 70-timi pretek\u00e1rmi. Po r\u00fdchlom vy\u0161liapnut\u00ed z n\u00e1mestia sa pelot\u00f3n pomaly roztrhal hne\u010f v prvom, dlhom l\u00fa\u010dnom st\u00fapan\u00ed. Pretek\u00e1rov okrem n\u00e1ro\u010dn\u00fdch v\u00fd\u0161\u013eapov \u010dakali aj technick\u00e9 zjazdy, \u0161trkov\u00e9 \u00faseky a kr\u00e1sne v\u00fdh\u013eady na Vysok\u00e9 Tatry. Rozhodne si bolo \u010do u\u017e\u00edva\u0165. Najr\u00fdchlej\u0161\u00edm pretek\u00e1rom sa stal <strong>J\u00e1n Hal\u00edk s \u010dasom 3:12:41.6<\/strong>, ktor\u00fd \u201eutrhol\u201d svojich prenasledovate\u013eov o cel\u00e9 \u0161tyri min\u00faty a do cie\u013ea tak dorazil s ve\u013ekou pompou. Medzi \u017eenami sa absol\u00fatnou v\u00ed\u0165azkou stala <strong>Martina Krahulcov\u00e1<\/strong>, napriek kr\u00e1tkemu zabl\u00fadeniu na trati.<\/p>\n<div id='gallery-1' class='gallery galleryid-14563 gallery-columns-2 gallery-size-full'><figure class='gallery-item'>\n\t\t\t<div class='gallery-icon landscape'>\n\t\t\t\t<a href='https:\/\/d2p6e6u75xmxt8.cloudfront.net\/4\/2022\/06\/levoca-15.webp'><img loading=\"lazy\" decoding=\"async\" width=\"990\" height=\"660\" src=\"https:\/\/d2p6e6u75xmxt8.cloudfront.net\/4\/2022\/06\/levoca-15.webp\" class=\"attachment-full size-full\" alt=\"\" srcset=\"https:\/\/d2p6e6u75xmxt8.cloudfront.net\/4\/2022\/06\/levoca-15.webp 990w, https:\/\/d2p6e6u75xmxt8.cloudfront.net\/4\/2022\/06\/levoca-15-300x200.webp 300w, https:\/\/d2p6e6u75xmxt8.cloudfront.net\/4\/2022\/06\/levoca-15-768x512.webp 768w, https:\/\/d2p6e6u75xmxt8.cloudfront.net\/4\/2022\/06\/levoca-15-272x182.webp 272w\" sizes=\"auto, (max-width: 990px) 100vw, 990px\" \/><\/a>\n\t\t\t<\/div><\/figure><figure class='gallery-item'>\n\t\t\t<div class='gallery-icon landscape'>\n\t\t\t\t<a href='https:\/\/d2p6e6u75xmxt8.cloudfront.net\/4\/2022\/06\/levoca-17.webp'><img loading=\"lazy\" decoding=\"async\" width=\"990\" height=\"660\" src=\"https:\/\/d2p6e6u75xmxt8.cloudfront.net\/4\/2022\/06\/levoca-17.webp\" class=\"attachment-full size-full\" alt=\"\" srcset=\"https:\/\/d2p6e6u75xmxt8.cloudfront.net\/4\/2022\/06\/levoca-17.webp 990w, https:\/\/d2p6e6u75xmxt8.cloudfront.net\/4\/2022\/06\/levoca-17-300x200.webp 300w, https:\/\/d2p6e6u75xmxt8.cloudfront.net\/4\/2022\/06\/levoca-17-768x512.webp 768w, https:\/\/d2p6e6u75xmxt8.cloudfront.net\/4\/2022\/06\/levoca-17-272x182.webp 272w\" sizes=\"auto, (max-width: 990px) 100vw, 990px\" \/><\/a>\n\t\t\t<\/div><\/figure>\n\t\t<\/div>\n\n<h2><strong>Stredn\u00e1 tra\u0165 &#8211; 50 km<\/strong><\/h2>\n<p>Pretek\u00e1ri zo strednej trate mali takmer identick\u00fa tra\u0165 ako na dlhej, s v\u00fdnimkou posledn\u00fdch p\u00e1r kilometrov. Rovnako sa tak mohli te\u0161i\u0165 z technick\u00fdch prvkov aj kr\u00e1snej pr\u00edrody. Na tento okruh sa navy\u0161e postavili nielen klasick\u00ed marat\u00f3nci, ale aj pretek\u00e1ri na e-bikoch a graveloch.<\/p>\n<p>Prv\u00fdm e-bikerom bol <strong>Igor Z\u00e1vodn\u00fd<\/strong>, medzi \u017eenami brala prvenstvo <strong>Nat\u00e1lia Ma\u017eg\u00fatov\u00e1, ktor\u00e1 si potvrdila v\u00ed\u0165azstvo z prv\u00e9ho kola s\u00e9rie<\/strong>. Najr\u00fdchlej\u0161\u00ed gravelista bol zasa <strong>Alexander Ku\u010dera s \u010dasom 2:29:37.6<\/strong> a len jedin\u00e1 \u017eena sa odv\u00e1\u017eila s tak\u00fdmto strojom do n\u00e1ro\u010dnej\u0161ieho ter\u00e9nu. Zasl\u00fa\u017eene tak na p\u00f3diu st\u00e1la aj <strong>Dominika Min\u00e1rikov\u00e1<\/strong>.<\/p>\n<p><a href=\"https:\/\/d2p6e6u75xmxt8.cloudfront.net\/4\/2022\/06\/levoca-14.jpg\"><img loading=\"lazy\" decoding=\"async\" src=\"https:\/\/d2p6e6u75xmxt8.cloudfront.net\/4\/2022\/06\/levoca-14.jpg\" alt=\"\" width=\"990\" height=\"660\" class=\"alignnone size-full wp-image-14572\" \/><\/a><\/p>\n<p>Po e-bikoch a graveloch na stredn\u00fa tra\u0165 vy\u0161tartovali klasick\u00ed cyklisti. Tu sa o prv\u00e9 dve prie\u010dky bojovalo a\u017e do sam\u00e9ho konca. Vo vyrovnanom s\u00faboji nakoniec o 37 sek\u00fand svojho s\u00fapera zdolal <strong>Radovan B\u00edro\u0161 v \u010dase 2:12:12.2<\/strong>. So slu\u0161nou \u00fa\u010das\u0165ou sa na strednej trati mohli pochv\u00e1li\u0165 aj \u017eeny. Tu v\u0161ak bolo v\u00ed\u0165azstvo s rezervou a <strong>na najvy\u0161\u0161\u00ed stupe\u0148 sa postavila Timea \u0160trb\u00e1kov\u00e1<\/strong>. <\/p>\n<h2><strong>Kr\u00e1tka tra\u0165 &#8211; 25 km<\/strong><\/h2>\n<p>Hobby tra\u0165 si pre ml\u00e1de\u017e a za\u010diato\u010dn\u00edkov pripravila pekn\u00fd hrav\u00fd singel a tak si aj \u00fa\u010dastn\u00edci kr\u00e1tkej trate mohli u\u017ei\u0165 prav\u00e9 vzru\u0161enie z MTB cyklistiky. Absol\u00fatnym v\u00ed\u0165azom sa stal <strong>Roman Va\u013eo<\/strong> z kateg\u00f3rie kadetov (15-16 rokov) a najr\u00fdchlej\u0161ou \u017eenou bola taktie\u017e kadetka, <strong>Barbora Heged\u00fa\u0161ov\u00e1<\/strong>. T\u00e1 si rovnako ako Nat\u00e1lia brala u\u017e druh\u00e9 zlato z tohtoro\u010dnej s\u00e9rie \u0160koda BIKE OPEN TOUR.<\/p>\n<p><a href=\"https:\/\/d2p6e6u75xmxt8.cloudfront.net\/4\/2022\/06\/levoca-10.jpg\"><img loading=\"lazy\" decoding=\"async\" src=\"https:\/\/d2p6e6u75xmxt8.cloudfront.net\/4\/2022\/06\/levoca-10.jpg\" alt=\"\" width=\"990\" height=\"660\" class=\"alignnone size-full wp-image-14573\" \/><\/a><\/p>\n<h2><strong>\u0160koda Family tra\u0165 &#8211; 10 km<\/strong><\/h2>\n<p>Mal\u00fd rodinn\u00fd okruh si v sobotu vysk\u00fa\u0161alo slu\u0161n\u00e9 mno\u017estvo nad\u0161encov v r\u00f4znych vekov\u00fdch kateg\u00f3ri\u00e1ch. Absol\u00fatnym v\u00ed\u0165azom sa stal <strong>Martin Chritz<\/strong> z kateg\u00f3rie 8-14 rokov. Najr\u00fdchlej\u0161ie diev\u010da, <strong>Martina R\u00e1zusov\u00e1<\/strong>, bolo z rovnakej vekovej kateg\u00f3rie<\/p>\n<h2><strong>Detsk\u00e1 tra\u0165 &#8211; 5 km<\/strong><\/h2>\n<p>Organiz\u00e1tori pretekov si v Levo\u010di pripravili tra\u0165 aj pre t\u00fdch najmen\u0161\u00edch, od 5 do 14 rokov v dvoch vekov\u00fdch kateg\u00f3ri\u00e1ch. Najr\u00fdchlej\u0161\u00edmi boli <strong>\u0160imon Mydlia<\/strong>r (5-9 rokov) a <strong>Maxim Hoza<\/strong> (10-14 rokov). Medzi diev\u010datami zv\u00ed\u0165azili <strong>Tatiana Sopkov\u00e1<\/strong> (5-9 rokov) a <strong>\u0160arlota \u010cerm\u00e1kov\u00e1<\/strong> (10-14 rokov).<\/p>\n<div id='gallery-2' class='gallery galleryid-14563 gallery-columns-2 gallery-size-full'><figure class='gallery-item'>\n\t\t\t<div class='gallery-icon landscape'>\n\t\t\t\t<a href='https:\/\/d2p6e6u75xmxt8.cloudfront.net\/4\/2022\/06\/levoca-19.webp'><img loading=\"lazy\" decoding=\"async\" width=\"990\" height=\"660\" src=\"https:\/\/d2p6e6u75xmxt8.cloudfront.net\/4\/2022\/06\/levoca-19.webp\" class=\"attachment-full size-full\" alt=\"\" srcset=\"https:\/\/d2p6e6u75xmxt8.cloudfront.net\/4\/2022\/06\/levoca-19.webp 990w, https:\/\/d2p6e6u75xmxt8.cloudfront.net\/4\/2022\/06\/levoca-19-300x200.webp 300w, https:\/\/d2p6e6u75xmxt8.cloudfront.net\/4\/2022\/06\/levoca-19-768x512.webp 768w, https:\/\/d2p6e6u75xmxt8.cloudfront.net\/4\/2022\/06\/levoca-19-272x182.webp 272w\" sizes=\"auto, (max-width: 990px) 100vw, 990px\" \/><\/a>\n\t\t\t<\/div><\/figure><figure class='gallery-item'>\n\t\t\t<div class='gallery-icon landscape'>\n\t\t\t\t<a href='https:\/\/d2p6e6u75xmxt8.cloudfront.net\/4\/2022\/06\/levoca-18-1.webp'><img loading=\"lazy\" decoding=\"async\" width=\"990\" height=\"660\" src=\"https:\/\/d2p6e6u75xmxt8.cloudfront.net\/4\/2022\/06\/levoca-18-1.webp\" class=\"attachment-full size-full\" alt=\"\" srcset=\"https:\/\/d2p6e6u75xmxt8.cloudfront.net\/4\/2022\/06\/levoca-18-1.webp 990w, https:\/\/d2p6e6u75xmxt8.cloudfront.net\/4\/2022\/06\/levoca-18-1-300x200.webp 300w, https:\/\/d2p6e6u75xmxt8.cloudfront.net\/4\/2022\/06\/levoca-18-1-768x512.webp 768w, https:\/\/d2p6e6u75xmxt8.cloudfront.net\/4\/2022\/06\/levoca-18-1-272x182.webp 272w\" sizes=\"auto, (max-width: 990px) 100vw, 990px\" \/><\/a>\n\t\t\t<\/div><\/figure>\n\t\t<\/div>\n\n<h2><strong>Unik\u00e1tne z\u00e1zemie so zmyslom pre ekol\u00f3giu<\/strong><\/h2>\n<p>Z\u00e1zemie pretekov bolo situovan\u00e9 priamo do centra mesta, ktor\u00e9 sa p\u00fd\u0161i z\u00e1pisom do svetov\u00e9ho dedi\u010dstva UNESCO. Pr\u00edjazd do cie\u013ea v tejto v\u00fdnimo\u010dnej lokalite dod\u00e1val cel\u00e9mu podujatiu kr\u00e1snu \u010dere\u0161ni\u010dku. O pekn\u00e9 prostredie bolo teda postaran\u00e9. A navy\u0161e v \u201e\u010distom duchu\u201d. <strong>Organiz\u00e1tori sa popasovali s ve\u010dn\u00fdm probl\u00e9mom ve\u013ek\u00fdch akci\u00ed, ako s\u00fa napr\u00edklad odpadky a to pr\u00edjemn\u00fdm sp\u00f4sobom.<\/strong> Pre cyklistov pripravili stravovanie v bl\u00edzkej re\u0161taur\u00e1cii a n\u00e1poj bolo mo\u017en\u00e9 \u201enatankova\u0165\u201d priamo do bidonu. Mil\u00fdm sp\u00f4sobom ako chr\u00e1ni\u0165 pr\u00edrodu, bolo aj pou\u017eitie pr\u00edrodn\u00e9ho mot\u00fazu miesto klasick\u00fdch s\u0165ahovac\u00edch p\u00e1sok na \u0161tartovn\u00e9 \u010d\u00edsla. <\/p>\n<div id='gallery-3' class='gallery galleryid-14563 gallery-columns-2 gallery-size-full'><figure class='gallery-item'>\n\t\t\t<div class='gallery-icon landscape'>\n\t\t\t\t<a href='https:\/\/d2p6e6u75xmxt8.cloudfront.net\/4\/2022\/06\/levoca-4.webp'><img loading=\"lazy\" decoding=\"async\" width=\"990\" height=\"660\" src=\"https:\/\/d2p6e6u75xmxt8.cloudfront.net\/4\/2022\/06\/levoca-4.webp\" class=\"attachment-full size-full\" alt=\"\" srcset=\"https:\/\/d2p6e6u75xmxt8.cloudfront.net\/4\/2022\/06\/levoca-4.webp 990w, https:\/\/d2p6e6u75xmxt8.cloudfront.net\/4\/2022\/06\/levoca-4-300x200.webp 300w, https:\/\/d2p6e6u75xmxt8.cloudfront.net\/4\/2022\/06\/levoca-4-768x512.webp 768w, https:\/\/d2p6e6u75xmxt8.cloudfront.net\/4\/2022\/06\/levoca-4-272x182.webp 272w\" sizes=\"auto, (max-width: 990px) 100vw, 990px\" \/><\/a>\n\t\t\t<\/div><\/figure><figure class='gallery-item'>\n\t\t\t<div class='gallery-icon landscape'>\n\t\t\t\t<a href='https:\/\/d2p6e6u75xmxt8.cloudfront.net\/4\/2022\/06\/levoca-12.webp'><img loading=\"lazy\" decoding=\"async\" width=\"990\" height=\"660\" src=\"https:\/\/d2p6e6u75xmxt8.cloudfront.net\/4\/2022\/06\/levoca-12.webp\" class=\"attachment-full size-full\" alt=\"\" srcset=\"https:\/\/d2p6e6u75xmxt8.cloudfront.net\/4\/2022\/06\/levoca-12.webp 990w, https:\/\/d2p6e6u75xmxt8.cloudfront.net\/4\/2022\/06\/levoca-12-300x200.webp 300w, https:\/\/d2p6e6u75xmxt8.cloudfront.net\/4\/2022\/06\/levoca-12-768x512.webp 768w, https:\/\/d2p6e6u75xmxt8.cloudfront.net\/4\/2022\/06\/levoca-12-272x182.webp 272w\" sizes=\"auto, (max-width: 990px) 100vw, 990px\" \/><\/a>\n\t\t\t<\/div><\/figure>\n\t\t<\/div>\n\n<p>V z\u00e1zem\u00ed sa v\u0161etci mohli op\u00e4\u0165 te\u0161i\u0165 z atrakci\u00ed pre deti, chillout z\u00f3ny, chutn\u00e9ho ob\u010derstvenia a samozrejme po vyhlasovan\u00ed v\u00fdsledkov aj z hodnotnej tomboly. A nezab\u00fadajte, \u017ee v nej \u017erebujeme nielen po ka\u017ed\u00fdch pretekoch ale aj v z\u00e1vere\u010dnom losovan\u00ed, po skon\u010den\u00ed celej s\u00e9rie \u0160BOT 2022, <strong>kde na svojho majite\u013ea \u010dak\u00e1 skvel\u00fd celoodpru\u017een\u00fd elektrobicykel \u0160koda eMTB, na tie prav\u00e9 horsk\u00e9 dobrodru\u017estv\u00e1<\/strong>.<\/p>\n<p>Viac fotiek z tohto skvel\u00e9ho d\u0148a &#8211; \u0160koda MTB marat\u00f3n Levo\u010dsk\u00e9 vrchy n\u00e1jdete <a href=\"https:\/\/www.welovecycling.com\/sk\/2022\/05\/31\/foto-skoda-mtb-maraton-levocske-vrchy-levoca\/\" rel=\"noopener\" target=\"_blank\">tu<\/a>.<\/p>\n","protected":false},"excerpt":{"rendered":"<p>Len t\u00fd\u017ede\u0148 po otvoren\u00ed sez\u00f3ny n\u00e1s \u010dakalo druh\u00e9 kolo s\u00e9rie horsk\u00fdch marat\u00f3nov \u0160koda BIKE OPEN TOUR. Tentokr\u00e1t sme sa presunuli [&hellip;]<\/p>\n","protected":false},"author":81,"featured_media":14567,"comment_status":"open","ping_status":"open","sticky":false,"template":"","format":"standard","meta":{"footnotes":""},"categories":[38,33],"tags":[507,1386,180,982,178,179,474,1411,542,1009,562,35,77,859,1072,183],"global-categories":[1074],"class_list":["post-14563","post","type-post","status-publish","format-standard","has-post-thumbnail","hentry","category-reportaz","category-sbot","tag-cyklorodinka","tag-deti-na-bicykli","tag-horska-cyklistika","tag-levoca","tag-maraton","tag-preteky","tag-rodinny-maraton","tag-sezona-2022","tag-skoda","tag-skoda-auto","tag-skoda-bicykel","tag-sbot","tag-skoda-dedina","tag-skoda-mtb-maraton-levocske-vrchy","tag-trat","tag-zabava","global-categories-cycling"],"yoast_head":"<!-- This site is optimized with the Yoast SEO Premium plugin v25.3 (Yoast SEO v25.9) - https:\/\/yoast.com\/wordpress\/plugins\/seo\/ -->\n<title>Report\u00e1\u017e: \u0160koda MTB marat\u00f3n Levo\u010dsk\u00e9 vrchy - preteky s najkraj\u0161\u00edmi v\u00fdh\u013eadmi - \u0160koda We Love Cycling Slovensko<\/title>\n<meta name=\"description\" content=\"Len t\u00fd\u017ede\u0148 po otvoren\u00ed sez\u00f3ny n\u00e1s \u010dakalo druh\u00e9 kolo s\u00e9rie horsk\u00fdch marat\u00f3nov \u0160koda BIKE OPEN TOUR. Tentokr\u00e1t sme sa presunuli do Levo\u010de.\" \/>\n<meta name=\"robots\" content=\"index, follow, max-snippet:-1, max-image-preview:large, max-video-preview:-1\" \/>\n<link rel=\"canonical\" href=\"https:\/\/www.welovecycling.com\/sk\/2022\/06\/01\/reportaz-skoda-mtb-maraton-levocske-vrchy-preteky-s-najkrajsimi-vyhladmi\/\" \/>\n<meta property=\"og:locale\" content=\"sk_SK\" \/>\n<meta property=\"og:type\" content=\"article\" \/>\n<meta property=\"og:title\" content=\"Report\u00e1\u017e: \u0160koda MTB marat\u00f3n Levo\u010dsk\u00e9 vrchy - preteky s najkraj\u0161\u00edmi v\u00fdh\u013eadmi\" \/>\n<meta property=\"og:description\" content=\"Len t\u00fd\u017ede\u0148 po otvoren\u00ed sez\u00f3ny n\u00e1s \u010dakalo druh\u00e9 kolo s\u00e9rie horsk\u00fdch marat\u00f3nov \u0160koda BIKE OPEN TOUR. Tentokr\u00e1t sme sa presunuli do Levo\u010de.\" \/>\n<meta property=\"og:url\" content=\"https:\/\/www.welovecycling.com\/sk\/2022\/06\/01\/reportaz-skoda-mtb-maraton-levocske-vrchy-preteky-s-najkrajsimi-vyhladmi\/\" \/>\n<meta property=\"og:site_name\" content=\"\u0160koda We Love Cycling Slovensko\" \/>\n<meta property=\"article:published_time\" content=\"2022-06-01T08:00:59+00:00\" \/>\n<meta property=\"og:image\" content=\"https:\/\/d2p6e6u75xmxt8.cloudfront.net\/4\/2022\/06\/levoca_00.webp\" \/>\n\t<meta property=\"og:image:width\" content=\"990\" \/>\n\t<meta property=\"og:image:height\" content=\"660\" \/>\n\t<meta property=\"og:image:type\" content=\"image\/webp\" \/>\n<meta name=\"twitter:card\" content=\"summary_large_image\" \/>\n<meta name=\"twitter:label1\" content=\"Written by\" \/>\n\t<meta name=\"twitter:data1\" content=\"WeLoveCycling\" \/>\n\t<meta name=\"twitter:label2\" content=\"Est. reading time\" \/>\n\t<meta name=\"twitter:data2\" content=\"5\" \/>\n<script type=\"application\/ld+json\" class=\"yoast-schema-graph\">{\"@context\":\"https:\/\/schema.org\",\"@graph\":[{\"@type\":\"WebPage\",\"@id\":\"https:\/\/www.welovecycling.com\/sk\/2022\/06\/01\/reportaz-skoda-mtb-maraton-levocske-vrchy-preteky-s-najkrajsimi-vyhladmi\/\",\"url\":\"https:\/\/www.welovecycling.com\/sk\/2022\/06\/01\/reportaz-skoda-mtb-maraton-levocske-vrchy-preteky-s-najkrajsimi-vyhladmi\/\",\"name\":\"Report\u00e1\u017e: \u0160koda MTB marat\u00f3n Levo\u010dsk\u00e9 vrchy - preteky s najkraj\u0161\u00edmi v\u00fdh\u013eadmi - \u0160koda We Love Cycling Slovensko\",\"isPartOf\":{\"@id\":\"https:\/\/www.welovecycling.com\/sk\/#website\"},\"primaryImageOfPage\":{\"@id\":\"https:\/\/www.welovecycling.com\/sk\/2022\/06\/01\/reportaz-skoda-mtb-maraton-levocske-vrchy-preteky-s-najkrajsimi-vyhladmi\/#primaryimage\"},\"image\":{\"@id\":\"https:\/\/www.welovecycling.com\/sk\/2022\/06\/01\/reportaz-skoda-mtb-maraton-levocske-vrchy-preteky-s-najkrajsimi-vyhladmi\/#primaryimage\"},\"thumbnailUrl\":\"https:\/\/d2p6e6u75xmxt8.cloudfront.net\/4\/2022\/06\/levoca_00.webp\",\"datePublished\":\"2022-06-01T08:00:59+00:00\",\"author\":{\"@id\":\"\"},\"description\":\"Len t\u00fd\u017ede\u0148 po otvoren\u00ed sez\u00f3ny n\u00e1s \u010dakalo druh\u00e9 kolo s\u00e9rie horsk\u00fdch marat\u00f3nov \u0160koda BIKE OPEN TOUR. Tentokr\u00e1t sme sa presunuli do Levo\u010de.\",\"breadcrumb\":{\"@id\":\"https:\/\/www.welovecycling.com\/sk\/2022\/06\/01\/reportaz-skoda-mtb-maraton-levocske-vrchy-preteky-s-najkrajsimi-vyhladmi\/#breadcrumb\"},\"inLanguage\":\"sk-SK\",\"potentialAction\":[{\"@type\":\"ReadAction\",\"target\":[\"https:\/\/www.welovecycling.com\/sk\/2022\/06\/01\/reportaz-skoda-mtb-maraton-levocske-vrchy-preteky-s-najkrajsimi-vyhladmi\/\"]}]},{\"@type\":\"ImageObject\",\"inLanguage\":\"sk-SK\",\"@id\":\"https:\/\/www.welovecycling.com\/sk\/2022\/06\/01\/reportaz-skoda-mtb-maraton-levocske-vrchy-preteky-s-najkrajsimi-vyhladmi\/#primaryimage\",\"url\":\"https:\/\/d2p6e6u75xmxt8.cloudfront.net\/4\/2022\/06\/levoca_00.webp\",\"contentUrl\":\"https:\/\/d2p6e6u75xmxt8.cloudfront.net\/4\/2022\/06\/levoca_00.webp\",\"width\":990,\"height\":660},{\"@type\":\"BreadcrumbList\",\"@id\":\"https:\/\/www.welovecycling.com\/sk\/2022\/06\/01\/reportaz-skoda-mtb-maraton-levocske-vrchy-preteky-s-najkrajsimi-vyhladmi\/#breadcrumb\",\"itemListElement\":[{\"@type\":\"ListItem\",\"position\":1,\"name\":\"Home\",\"item\":\"https:\/\/www.welovecycling.com\/sk\/\"},{\"@type\":\"ListItem\",\"position\":2,\"name\":\"Report\u00e1\u017e: \u0160koda MTB marat\u00f3n Levo\u010dsk\u00e9 vrchy &#8211; preteky s najkraj\u0161\u00edmi v\u00fdh\u013eadmi\"}]},{\"@type\":\"WebSite\",\"@id\":\"https:\/\/www.welovecycling.com\/sk\/#website\",\"url\":\"https:\/\/www.welovecycling.com\/sk\/\",\"name\":\"\u0160koda We Love Cycling Slovensko\",\"description\":\"\u0160koda We Love Cycling Slovensko je v\u00e1\u0161 ka\u017edodenn\u00fd zdroj noviniek a in\u0161pir\u00e1cie z sveta cyklistiky\",\"potentialAction\":[{\"@type\":\"SearchAction\",\"target\":{\"@type\":\"EntryPoint\",\"urlTemplate\":\"https:\/\/www.welovecycling.com\/sk\/?s={search_term_string}\"},\"query-input\":{\"@type\":\"PropertyValueSpecification\",\"valueRequired\":true,\"valueName\":\"search_term_string\"}}],\"inLanguage\":\"sk-SK\"},{\"@type\":\"Person\",\"@id\":\"\",\"url\":\"https:\/\/www.welovecycling.com\/sk\/author\/\"}]}<\/script>\n<!-- \/ Yoast SEO Premium plugin. -->","yoast_head_json":{"title":"Report\u00e1\u017e: \u0160koda MTB marat\u00f3n Levo\u010dsk\u00e9 vrchy - preteky s najkraj\u0161\u00edmi v\u00fdh\u013eadmi - \u0160koda We Love Cycling Slovensko","description":"Len t\u00fd\u017ede\u0148 po otvoren\u00ed sez\u00f3ny n\u00e1s \u010dakalo druh\u00e9 kolo s\u00e9rie horsk\u00fdch marat\u00f3nov \u0160koda BIKE OPEN TOUR. Tentokr\u00e1t sme sa presunuli do Levo\u010de.","robots":{"index":"index","follow":"follow","max-snippet":"max-snippet:-1","max-image-preview":"max-image-preview:large","max-video-preview":"max-video-preview:-1"},"canonical":"https:\/\/www.welovecycling.com\/sk\/2022\/06\/01\/reportaz-skoda-mtb-maraton-levocske-vrchy-preteky-s-najkrajsimi-vyhladmi\/","og_locale":"sk_SK","og_type":"article","og_title":"Report\u00e1\u017e: \u0160koda MTB marat\u00f3n Levo\u010dsk\u00e9 vrchy - preteky s najkraj\u0161\u00edmi v\u00fdh\u013eadmi","og_description":"Len t\u00fd\u017ede\u0148 po otvoren\u00ed sez\u00f3ny n\u00e1s \u010dakalo druh\u00e9 kolo s\u00e9rie horsk\u00fdch marat\u00f3nov \u0160koda BIKE OPEN TOUR. Tentokr\u00e1t sme sa presunuli do Levo\u010de.","og_url":"https:\/\/www.welovecycling.com\/sk\/2022\/06\/01\/reportaz-skoda-mtb-maraton-levocske-vrchy-preteky-s-najkrajsimi-vyhladmi\/","og_site_name":"\u0160koda We Love Cycling Slovensko","article_published_time":"2022-06-01T08:00:59+00:00","og_image":[{"width":990,"height":660,"url":"https:\/\/d2p6e6u75xmxt8.cloudfront.net\/4\/2022\/06\/levoca_00.webp","type":"image\/webp"}],"twitter_card":"summary_large_image","twitter_misc":{"Written by":"WeLoveCycling","Est. reading time":"5"},"schema":{"@context":"https:\/\/schema.org","@graph":[{"@type":"WebPage","@id":"https:\/\/www.welovecycling.com\/sk\/2022\/06\/01\/reportaz-skoda-mtb-maraton-levocske-vrchy-preteky-s-najkrajsimi-vyhladmi\/","url":"https:\/\/www.welovecycling.com\/sk\/2022\/06\/01\/reportaz-skoda-mtb-maraton-levocske-vrchy-preteky-s-najkrajsimi-vyhladmi\/","name":"Report\u00e1\u017e: \u0160koda MTB marat\u00f3n Levo\u010dsk\u00e9 vrchy - preteky s najkraj\u0161\u00edmi v\u00fdh\u013eadmi - \u0160koda We Love Cycling Slovensko","isPartOf":{"@id":"https:\/\/www.welovecycling.com\/sk\/#website"},"primaryImageOfPage":{"@id":"https:\/\/www.welovecycling.com\/sk\/2022\/06\/01\/reportaz-skoda-mtb-maraton-levocske-vrchy-preteky-s-najkrajsimi-vyhladmi\/#primaryimage"},"image":{"@id":"https:\/\/www.welovecycling.com\/sk\/2022\/06\/01\/reportaz-skoda-mtb-maraton-levocske-vrchy-preteky-s-najkrajsimi-vyhladmi\/#primaryimage"},"thumbnailUrl":"https:\/\/d2p6e6u75xmxt8.cloudfront.net\/4\/2022\/06\/levoca_00.webp","datePublished":"2022-06-01T08:00:59+00:00","author":{"@id":""},"description":"Len t\u00fd\u017ede\u0148 po otvoren\u00ed sez\u00f3ny n\u00e1s \u010dakalo druh\u00e9 kolo s\u00e9rie horsk\u00fdch marat\u00f3nov \u0160koda BIKE OPEN TOUR. Tentokr\u00e1t sme sa presunuli do Levo\u010de.","breadcrumb":{"@id":"https:\/\/www.welovecycling.com\/sk\/2022\/06\/01\/reportaz-skoda-mtb-maraton-levocske-vrchy-preteky-s-najkrajsimi-vyhladmi\/#breadcrumb"},"inLanguage":"sk-SK","potentialAction":[{"@type":"ReadAction","target":["https:\/\/www.welovecycling.com\/sk\/2022\/06\/01\/reportaz-skoda-mtb-maraton-levocske-vrchy-preteky-s-najkrajsimi-vyhladmi\/"]}]},{"@type":"ImageObject","inLanguage":"sk-SK","@id":"https:\/\/www.welovecycling.com\/sk\/2022\/06\/01\/reportaz-skoda-mtb-maraton-levocske-vrchy-preteky-s-najkrajsimi-vyhladmi\/#primaryimage","url":"https:\/\/d2p6e6u75xmxt8.cloudfront.net\/4\/2022\/06\/levoca_00.webp","contentUrl":"https:\/\/d2p6e6u75xmxt8.cloudfront.net\/4\/2022\/06\/levoca_00.webp","width":990,"height":660},{"@type":"BreadcrumbList","@id":"https:\/\/www.welovecycling.com\/sk\/2022\/06\/01\/reportaz-skoda-mtb-maraton-levocske-vrchy-preteky-s-najkrajsimi-vyhladmi\/#breadcrumb","itemListElement":[{"@type":"ListItem","position":1,"name":"Home","item":"https:\/\/www.welovecycling.com\/sk\/"},{"@type":"ListItem","position":2,"name":"Report\u00e1\u017e: \u0160koda MTB marat\u00f3n Levo\u010dsk\u00e9 vrchy &#8211; preteky s najkraj\u0161\u00edmi v\u00fdh\u013eadmi"}]},{"@type":"WebSite","@id":"https:\/\/www.welovecycling.com\/sk\/#website","url":"https:\/\/www.welovecycling.com\/sk\/","name":"\u0160koda We Love Cycling Slovensko","description":"\u0160koda We Love Cycling Slovensko je v\u00e1\u0161 ka\u017edodenn\u00fd zdroj noviniek a in\u0161pir\u00e1cie z sveta cyklistiky","potentialAction":[{"@type":"SearchAction","target":{"@type":"EntryPoint","urlTemplate":"https:\/\/www.welovecycling.com\/sk\/?s={search_term_string}"},"query-input":{"@type":"PropertyValueSpecification","valueRequired":true,"valueName":"search_term_string"}}],"inLanguage":"sk-SK"},{"@type":"Person","@id":"","url":"https:\/\/www.welovecycling.com\/sk\/author\/"}]}},"_links":{"self":[{"href":"https:\/\/www.welovecycling.com\/sk\/wp-json\/wp\/v2\/posts\/14563","targetHints":{"allow":["GET"]}}],"collection":[{"href":"https:\/\/www.welovecycling.com\/sk\/wp-json\/wp\/v2\/posts"}],"about":[{"href":"https:\/\/www.welovecycling.com\/sk\/wp-json\/wp\/v2\/types\/post"}],"author":[{"embeddable":true,"href":"https:\/\/www.welovecycling.com\/sk\/wp-json\/wp\/v2\/users\/81"}],"replies":[{"embeddable":true,"href":"https:\/\/www.welovecycling.com\/sk\/wp-json\/wp\/v2\/comments?post=14563"}],"version-history":[{"count":2,"href":"https:\/\/www.welovecycling.com\/sk\/wp-json\/wp\/v2\/posts\/14563\/revisions"}],"predecessor-version":[{"id":14582,"href":"https:\/\/www.welovecycling.com\/sk\/wp-json\/wp\/v2\/posts\/14563\/revisions\/14582"}],"wp:featuredmedia":[{"embeddable":true,"href":"https:\/\/www.welovecycling.com\/sk\/wp-json\/wp\/v2\/media\/14567"}],"wp:attachment":[{"href":"https:\/\/www.welovecycling.com\/sk\/wp-json\/wp\/v2\/media?parent=14563"}],"wp:term":[{"taxonomy":"category","embeddable":true,"href":"https:\/\/www.welovecycling.com\/sk\/wp-json\/wp\/v2\/categories?post=14563"},{"taxonomy":"post_tag","embeddable":true,"href":"https:\/\/www.welovecycling.com\/sk\/wp-json\/wp\/v2\/tags?post=14563"},{"taxonomy":"global-categories","embeddable":true,"href":"https:\/\/www.welovecycling.com\/sk\/wp-json\/wp\/v2\/global-categories?post=14563"}],"curies":[{"name":"wp","href":"https:\/\/api.w.org\/{rel}","templated":true}]}}