{"id":14533,"date":"2022-06-08T09:38:53","date_gmt":"2022-06-08T07:38:53","guid":{"rendered":"https:\/\/www.welovecycling.com\/sk\/?p=14533"},"modified":"2022-06-08T09:38:53","modified_gmt":"2022-06-08T07:38:53","slug":"rozhovor-peter-zanicky-bicyklovanie-je-zabava","status":"publish","type":"post","link":"https:\/\/www.welovecycling.com\/sk\/2022\/06\/08\/rozhovor-peter-zanicky-bicyklovanie-je-zabava\/","title":{"rendered":"Rozhovor: Peter Z\u00e1nick\u00fd &#8211; bicyklovanie je z\u00e1bava"},"content":{"rendered":"<p><strong>Rozpr\u00e1vali sme sa s Petrom Z\u00e1nick\u00fdm, riadite\u013eom Detskej tour Petra Sagana, ktor\u00e1 trv\u00e1 u\u017e takmer desa\u0165 rokov. Ak\u00e9 boli jej za\u010diatky a \u010do za\u017eijete v s\u00fa\u010dasnosti? Peter n\u00e1m prezradil aj svoje zatia\u013e tajn\u00e9 pl\u00e1ny do bud\u00facnosti a veru je sa na \u010do te\u0161i\u0165. Odpor\u00fa\u010dame niektor\u00e9 z pretekov ur\u010dite nav\u0161t\u00edvi\u0165, preto\u017ee organiz\u00e1tori dok\u00e1\u017eu vybavi\u0165 aj skvel\u00e9 po\u010dasie bez da\u017e\u010fa.<\/strong><\/p>\n<p><!--more--><br \/>\n<strong>Sk\u00fasme sa na \u00favod vr\u00e1ti\u0165 v \u010dase a pribl\u00ed\u017eme si, \u010do v\u0161etko st\u00e1lo za zrodom my\u0161lienky tejto \u00faspe\u0161nej s\u00e9rie detsk\u00fdch pretekov? Teda samozrejme okrem samotn\u00fdch \u00faspechov n\u00e1\u0161ho skvel\u00e9ho Pe\u0165a Sagana. \ud83d\ude42<\/strong><br \/>\n<em>V minulosti som poriadal obdobn\u00fa s\u00fa\u0165a\u017e, av\u0161ak v men\u0161om form\u00e1te. Bola to s\u00fa\u0165a\u017e pre z\u00e1kladn\u00e9 a stredn\u00e9 \u0161koly s n\u00e1zvom N\u00e1rodn\u00e1 cyklistick\u00e1 s\u00fa\u0165a\u017e o poh\u00e1r olympijsk\u00e9ho v\u00ed\u0165aza Antona Tk\u00e1\u010da. Detsk\u00e1 tour Petra Sagana bola prirodzen\u00fdm pokra\u010dovan\u00edm s\u00fa\u0165a\u017ee, aj ke\u010f v novom \u0161ate. Bola \u0161koda nevyu\u017ei\u0165 popularitu cyklistiky po n\u00e1stupe Petra Sagana.<\/em><\/p>\n<p><a href=\"https:\/\/d2p6e6u75xmxt8.cloudfront.net\/4\/2022\/06\/Detska_tour_Petra_Sagana_Martin_7-5-2022_Foto_Gabriela_Birosova23.jpg\"><img loading=\"lazy\" decoding=\"async\" src=\"https:\/\/d2p6e6u75xmxt8.cloudfront.net\/4\/2022\/06\/Detska_tour_Petra_Sagana_Martin_7-5-2022_Foto_Gabriela_Birosova23.jpg\" alt=\"\" width=\"990\" height=\"660\" class=\"alignnone size-full wp-image-14555\" \/><\/a><\/p>\n<p><strong>Od roku 2014 sa Detsk\u00e1 tour Petra Sagana konala na mnoh\u00fdch zauj\u00edmav\u00fdch miestach. Akt\u00edvne vyh\u013ead\u00e1vate nov\u00e9 lokality, alebo je o\u00a0spoluorganiz\u00e1ciu z\u00e1ujem aj z\u00a0druhej strany?<\/strong><br \/>\n<em>Ned\u00e1vno som to v pam\u00e4ti r\u00e1tal, boli sme na viac ako 60 miestach Slovenska a jedenkr\u00e1t dokonca aj v zahrani\u010d\u00ed a to v \u010cech\u00e1ch.\u00a0M\u00e1me to \u0161\u0165astie, \u017ee n\u00e1s oslovuj\u00fa \u0161portov\u00e9 kluby, mest\u00e1, obce, rezorty \u010di in\u00e9 organiz\u00e1cie, aby sme pri\u0161li s na\u0161ou Detskou tour k nim. Nasleduje in\u0161pek\u010dn\u00e1 cesta a pokia\u013e lokalita sp\u013a\u0148a na\u0161e krit\u00e9ri\u00e1, tak si pod\u00e1me ruky. Spolupr\u00e1ca so spoluorganiz\u00e1tormi funguje na 100 %, preto\u017ee chc\u00fa na\u0161u Detsk\u00fa tour vo svojej lokalite a niekedy musia aj nejak\u00fd rok po\u010dka\u0165, k\u00fdm sa na nich dostane.<\/em><\/p>\n<p><a href=\"https:\/\/d2p6e6u75xmxt8.cloudfront.net\/4\/2022\/05\/Rozhovor_Peter_Zanicky_01.jpg\"><img loading=\"lazy\" decoding=\"async\" src=\"https:\/\/d2p6e6u75xmxt8.cloudfront.net\/4\/2022\/05\/Rozhovor_Peter_Zanicky_01.jpg\" alt=\"\" width=\"990\" height=\"660\" class=\"alignnone size-full wp-image-14537\" \/><\/a><\/p>\n<p><strong>Z vlastn\u00fdch sk\u00fasenost\u00ed z organiz\u00e1cie marat\u00f3nskej s\u00e9rie \u0160koda BIKE OPEN TOUR vieme, \u017ee za ka\u017ed\u00fdm \u0161portov\u00fdm podujat\u00edm je obrovsk\u00fd kus poctivej roboty. Ako to v\u0161etko zvl\u00e1date? Ak\u00fd ve\u013ek\u00fd t\u00edm stoj\u00ed za DTPS? A v neposlednom rade by n\u00e1s zauj\u00edmalo, \u010do je na tom v\u0161etkom pre V\u00e1s naj\u0165a\u017e\u0161ie a \u010do je naopak to, \u010do V\u00e1s motivuje do \u010fal\u0161\u00edch ro\u010dn\u00edkov?<\/strong><br \/>\n<em>Prv\u00e9 roky boli \u00fasmevn\u00e9. Za\u010d\u00ednal som ja, moder\u00e1tor a \u010dakal som, ko\u013eko dobrovo\u013en\u00edkov n\u00e1m spoluorganiz\u00e1tor zo\u017eenie. Pam\u00e4t\u00e1m si, ako sme pri\u0161li na miesto s\u00fa\u0165a\u017ee r\u00e1no, tri hodiny pred akciou a nebolo nachystan\u00e9 ni\u010d, ale \u00faplne ni\u010d. Teraz u\u017e je situ\u00e1cia in\u00e1. M\u00e1m 15-\u010dlenn\u00fd t\u00edm, ktor\u00fd chod\u00ed komplet na ka\u017ed\u00e9 kolo Detskej tour. Ka\u017ed\u00fd vie, \u010do m\u00e1 robi\u0165 a ten stres, ktor\u00fd ma ka\u017ed\u00fd rok na podujat\u00ed sprev\u00e1dzal, postupne opad\u00e1. Aj ke\u010f, ja v\u017edy nie\u010do nov\u00e9 vymysl\u00edm, \u010di u\u017e r\u00f4zne in\u0161tal\u00e1cie, detsk\u00e9 atrakcie, tak\u017ee roboty je v\u017edy ve\u013ea. Moji dobrovo\u013en\u00edci s\u00fa \u201esrdciari\u201d a Detsk\u00fa tour proste miluj\u00fa :-).\u00a0 Ob\u00e1vame sa len po\u010dasia a to asi neuver\u00edte, ale\u00a0za t\u00fdch 9 rokov n\u00e1m pr\u0161alo na Detskej tour na\u0161\u0165astie len trikr\u00e1t. A \u010do n\u00e1s motivuje? Ke\u010f n\u00e1m nap\u00ed\u0161u rodi\u010dia, \u017ee bolo super. Alebo n\u00e1s len tak zastavia po s\u00fa\u0165a\u017ei a pochv\u00e1lia. To je pre n\u00e1s hnac\u00edm motorom.<\/em><\/p>\n<lite-youtube videoid=JTiMRv7ya9k params=\"enablejsapi=1\" style=\"background-image: url('https:\/\/i.ytimg.com\/vi_webp\/JTiMRv7ya9k\/maxresdefault.webp');\"><\/lite-youtube>\n<div class=\"shortcode-ys-post-pinup\"><article class=\"loop-simple post-14171 post type-post status-publish format-standard has-post-thumbnail hentry category-deti-na-bicykloch tag-deti tag-deti-na-bicykli tag-detska-tour-petra-sagana tag-jar tag-kosice tag-leto tag-martin tag-motivacia tag-peter-sagan tag-pozvanka tag-preteky tag-rodina tag-sala tag-sezona-2022 tag-zabava tag-zilina global-categories-cycling\" data-postid=\"14171\" role=\"article\" data-post-id=\"14171\" data-word-count=\"185\" data-headline-length=\"60\" data-category=\"Deti na bicykloch\" data-global-category=\"Cycling\" data-author=\"Radovan Vr\u0161ka\" data-published=\"2022-04-10T10:00:48+02:00\" data-published-day=\"Sunday\">\n    <div class=\"entry-thumbnail article-thumbnail\" content=\"https:\/\/d2p6e6u75xmxt8.cloudfront.net\/4\/2022\/04\/DTPS_00-150x150.webp\"><a href=\"https:\/\/www.welovecycling.com\/sk\/2022\/04\/10\/detska-tour-petra-sagana-aj-na-novych-miestach\/\" class=\"image-holder\" target=\"_self\"><img decoding=\"async\" loading=\"lazy\" class=\"\" src=\"https:\/\/d2p6e6u75xmxt8.cloudfront.net\/4\/2022\/04\/DTPS_00-1024x445.webp\" srcset=\"https:\/\/d2p6e6u75xmxt8.cloudfront.net\/4\/2022\/04\/DTPS_00.webp 1380w, https:\/\/d2p6e6u75xmxt8.cloudfront.net\/4\/2022\/04\/DTPS_00-300x130.webp 300w, https:\/\/d2p6e6u75xmxt8.cloudfront.net\/4\/2022\/04\/DTPS_00-1024x445.webp 1024w, https:\/\/d2p6e6u75xmxt8.cloudfront.net\/4\/2022\/04\/DTPS_00-768x334.webp 768w\" width=\"1024\" height=\"445\" sizes=\"auto, (min-width: 1200px) 460px, (min-width: 768px) 38vw, 100vw\" alt=\"detska-tour-petra-sagana-aj-na-novych-miestach\"\/><\/a><\/div>    <div class=\"entry-meta\">\n        <a class=\"label label-secondary post-category\" href=\"https:\/\/www.welovecycling.com\/sk\/category\/deti-na-bicykloch\/\" title=\"Deti na bicykloch\">Deti na bicykloch<\/a>\n    <\/div>\n    <div class=\"entry-details\">\n        <a href=\"https:\/\/www.welovecycling.com\/sk\/2022\/04\/10\/detska-tour-petra-sagana-aj-na-novych-miestach\/\" class='entry-title-wrapper'>\n            <h3 class=\"entry-title\"><span>Detsk\u00e1 tour Petra Sagana v roku 2022 aj na nov\u00fdch miestach<\/span><\/h3>\n        <\/a>\n    <\/div>\n    <\/article>\n<\/div>\n<p><strong>Po\u010das trvania Detskej tour u\u017e ur\u010dite vyr\u00e1stli viacer\u00e9 talenty, ktor\u00e9 za\u010d\u00ednali pr\u00e1ve na tomto podujat\u00ed. Sledujete ich osudy a\u00a0viete vymenova\u0165 niektor\u00fdch z\u00a0nich?<\/strong><br \/>\n<em>Na na\u0161ej Detskej tour za\u010d\u00ednala napr\u00edklad Nora Jen\u010du\u0161ov\u00e1, ktor\u00e1 u n\u00e1s aj vyhrala \u017elt\u00fd dres ako star\u0161ia \u017eia\u010dka. Nesk\u00f4r cyklistike \u00faplne prepadla a stala sa Majsterkou Eur\u00f3py junioriek na dr\u00e1he. Ned\u00e1vno na profesion\u00e1lnych cestn\u00fdch pretekoch Vuelta Burgos obsadila, u\u017e v \u017eenskej kateg\u00f3rii, v\u00fdborn\u00e9 5. miesto. Cyklistike pri\u010duchol pr\u00e1ve na na\u0161ej Detskej tour aj Matthias Schwarzbacher, ktor\u00e9mu to ide aj v MTB aj v cyklokrose. Samozrejme cyklistov, ktor\u00ed objavili \u010daro cyklistiky pr\u00e1ve u n\u00e1s, je podstatne viac a my sme presved\u010den\u00ed, \u017ee ich bude len prib\u00fada\u0165.<\/em><\/p>\n<p><a href=\"https:\/\/d2p6e6u75xmxt8.cloudfront.net\/4\/2022\/05\/Rozhovor_Peter_Zanicky_02.jpg\"><img loading=\"lazy\" decoding=\"async\" src=\"https:\/\/d2p6e6u75xmxt8.cloudfront.net\/4\/2022\/05\/Rozhovor_Peter_Zanicky_02.jpg\" alt=\"\" width=\"990\" height=\"660\" class=\"alignnone size-full wp-image-14538\" \/><\/a><\/p>\n<p><strong>Ka\u017edoro\u010dne s\u00fa tieto preteky nielen o\u00a0pretekan\u00ed, ale aj o\u00a0tom, \u017ee sa stretn\u00fa fan\u00fa\u0161ikovia cyklistiky a\u00a0rodiny a\u00a0u\u017eij\u00fa si skvel\u00fd v\u00edkend. Pre deti to v\u0161ak mo\u017ee by\u0165 aj ur\u010dit\u00e1 forma \u201estresu\u201c? Ako sa tomu vyhn\u00fa\u0165, alebo ako ich na to pripravi\u0165, aby si to naozaj u\u017eili?<\/strong><br \/>\n<em>Presne tak, deti l\u00e1kame pohodou, nie stresom z pretekov. Deti s\u00fa prirodzene s\u00fa\u0165a\u017eiv\u00e9, ale prostredie mus\u00ed by\u0165 pre ne l\u00e1kav\u00e9. Preto tie atrakcie a program po cel\u00fd de\u0148. N\u00e1\u0161 slogan \u201eBicyklova\u0165 je z\u00e1bava&#8220; sa sna\u017e\u00edme nap\u013a\u0148a\u0165 na ka\u017edom podujat\u00ed.<\/em><\/p>\n<div id='gallery-1' class='gallery galleryid-14171 gallery-columns-2 gallery-size-full'><figure class='gallery-item'>\n\t\t\t<div class='gallery-icon landscape'>\n\t\t\t\t<a href='https:\/\/d2p6e6u75xmxt8.cloudfront.net\/4\/2022\/06\/DTPS2022_Demanova_455.webp'><img loading=\"lazy\" decoding=\"async\" width=\"990\" height=\"660\" src=\"https:\/\/d2p6e6u75xmxt8.cloudfront.net\/4\/2022\/06\/DTPS2022_Demanova_455.webp\" class=\"attachment-full size-full\" alt=\"\" srcset=\"https:\/\/d2p6e6u75xmxt8.cloudfront.net\/4\/2022\/06\/DTPS2022_Demanova_455.webp 990w, https:\/\/d2p6e6u75xmxt8.cloudfront.net\/4\/2022\/06\/DTPS2022_Demanova_455-300x200.webp 300w, https:\/\/d2p6e6u75xmxt8.cloudfront.net\/4\/2022\/06\/DTPS2022_Demanova_455-768x512.webp 768w, https:\/\/d2p6e6u75xmxt8.cloudfront.net\/4\/2022\/06\/DTPS2022_Demanova_455-272x182.webp 272w\" sizes=\"auto, (max-width: 990px) 100vw, 990px\" \/><\/a>\n\t\t\t<\/div><\/figure><figure class='gallery-item'>\n\t\t\t<div class='gallery-icon landscape'>\n\t\t\t\t<a href='https:\/\/d2p6e6u75xmxt8.cloudfront.net\/4\/2022\/06\/DTPS2022_Demanova_538.webp'><img loading=\"lazy\" decoding=\"async\" width=\"990\" height=\"660\" src=\"https:\/\/d2p6e6u75xmxt8.cloudfront.net\/4\/2022\/06\/DTPS2022_Demanova_538.webp\" class=\"attachment-full size-full\" alt=\"\" srcset=\"https:\/\/d2p6e6u75xmxt8.cloudfront.net\/4\/2022\/06\/DTPS2022_Demanova_538.webp 990w, https:\/\/d2p6e6u75xmxt8.cloudfront.net\/4\/2022\/06\/DTPS2022_Demanova_538-300x200.webp 300w, https:\/\/d2p6e6u75xmxt8.cloudfront.net\/4\/2022\/06\/DTPS2022_Demanova_538-768x512.webp 768w, https:\/\/d2p6e6u75xmxt8.cloudfront.net\/4\/2022\/06\/DTPS2022_Demanova_538-272x182.webp 272w\" sizes=\"auto, (max-width: 990px) 100vw, 990px\" \/><\/a>\n\t\t\t<\/div><\/figure>\n\t\t<\/div>\n\n<p><strong>Ktor\u00e9 miesto z\u00a0celej s\u00e9rie m\u00e1te Vy osobne najrad\u0161ej, kde sa ka\u017edoro\u010dne c\u00edtite dobre?<\/strong><br \/>\n<em>Tak to isto ned\u00e1m. \ud83d\ude42 P\u00e1\u010di sa mi t\u00e1 r\u00f4znorodos\u0165, \u010di u\u017e trate, \u010di regi\u00f3nu. Za tie roky by som miesta, kde sme sa u\u017e nechystali vr\u00e1ti\u0165, spo\u010d\u00edtal na prstoch jednej ruky. Ale prezrad\u00edm, \u010do je moj\u00edm snom. Urobi\u0165 tak\u00fd hradn\u00fd ro\u010dn\u00edk Detskej tour Petra Sagana. Na\u0161e\u00a0Slovensko je kr\u00e1sne a viem si predstavi\u0165 ro\u010dn\u00edk na na\u0161ich hradoch, z\u00e1mkoch, \u010di v ich okol\u00ed.<\/em><\/p>\n<p><a href=\"https:\/\/d2p6e6u75xmxt8.cloudfront.net\/4\/2022\/05\/Rozhovor_Peter_Zanicky_03.jpg\"><img loading=\"lazy\" decoding=\"async\" src=\"https:\/\/d2p6e6u75xmxt8.cloudfront.net\/4\/2022\/05\/Rozhovor_Peter_Zanicky_03.jpg\" alt=\"\" width=\"990\" height=\"660\" class=\"size-full wp-image-14539\" \/><\/a> <\/p>\n<p><strong>Minul\u00fd rok ste mali pam\u00e4tn\u00fa mincu Petra Sagana. Je nie\u010do podobn\u00e9 aj tento rok?<\/strong><br \/>\n<em>St\u00e1le vylep\u0161ujeme, l\u00e1kame na nov\u00e9 atrakcie. Tento rok sa cyklisti m\u00f4\u017eu te\u0161i\u0165 na bike show, \u010di \u0161kolu cyklo techniky a to na vybran\u00fdch kol\u00e1ch.<\/em>\u00a0<\/p>\n<p><strong>Ve\u013ek\u00fdm l\u00e1kadlom je ka\u017edoro\u010dne dom\u00e1ce kolo v\u00a0\u017diline. Pre pretek\u00e1rov je l\u00e1kav\u00e9 jazdi\u0165 priamo na miestach, kde tr\u00e9noval Peter Sagan. Pl\u00e1nujete nejako osobne anga\u017eova\u0165 Petra, \u017ee by aspo\u0148 na dia\u013eku podporil mlad\u00fdch pretek\u00e1rov?<\/strong>\u00a0<br \/>\n<em>Peter, ke\u010f m\u00f4\u017ee, tak na Detsk\u00fa tour pr\u00edde, aj ke\u010f po\u010das Covidu absentoval, \u010do je prirodzen\u00e9. Peter robil \u201epredjazdcu\u201d u\u017e v Nitre, Sv\u00e4tom Jure, \u010di oce\u0148oval najlep\u0161\u00edch v Trnave. A \u010do sa t\u00fdka \u017eilinskej trate, tam sa pravidelne mlad\u00fdm \u201esaganovcom\u201d p\u00e1\u010di asi najviac.<\/em><\/p>\n<p><a href=\"https:\/\/d2p6e6u75xmxt8.cloudfront.net\/4\/2022\/05\/Rozhovor_Peter_Zanicky_04.jpg\"><img loading=\"lazy\" decoding=\"async\" src=\"https:\/\/d2p6e6u75xmxt8.cloudfront.net\/4\/2022\/05\/Rozhovor_Peter_Zanicky_04.jpg\" alt=\"\" width=\"990\" height=\"660\" class=\"size-full wp-image-14540\" \/><\/a><\/p>\n<p><strong>V\u00a0minulosti, ke\u010f to bolo mo\u017en\u00e9, bol na pretekoch v\u017edy bohat\u00fd sprievodn\u00fd program. Ako je tomu tento rok? \u010co v\u0161etko \u010dak\u00e1 pretek\u00e1rov a ich doprovod na jednotliv\u00fdch kol\u00e1ch?<\/strong><br \/>\n<em>Program obmie\u0148ame, divadl\u00e1, virtu\u00f3zov, bike show, anim\u00e1torov, nafukovacie atrakcie. Nuda na Detskej tour proste nem\u00f4\u017ee by\u0165.<\/em><\/p>\n<p><a href=\"https:\/\/d2p6e6u75xmxt8.cloudfront.net\/4\/2022\/05\/Rozhovor_Peter_Zanicky_05.jpg\"><img loading=\"lazy\" decoding=\"async\" src=\"https:\/\/d2p6e6u75xmxt8.cloudfront.net\/4\/2022\/05\/Rozhovor_Peter_Zanicky_05.jpg\" alt=\"\" width=\"990\" height=\"660\" class=\"alignnone size-full wp-image-14541\" \/><\/a><\/p>\n<p><strong>Fin\u00e1lov\u00fdm kolom celej Detskej tour pre V\u00e1s asi pr\u00e1ca nekon\u010d\u00ed, ale u\u017e akt\u00edvne za\u010d\u00ednate organizova\u0165 \u010fal\u0161\u00ed ro\u010dn\u00edk. Ako to cel\u00e9 prebieha z\u00a0v\u00e1\u0161ho poh\u013eadu?<\/strong><br \/>\n<em>Mesiac november m\u00e1me na vyf\u00faknutie, \u010do ja \u010dastokr\u00e1t vyu\u017eijem na akt\u00edvnu turistiku v Himal\u00e1jach a pln\u00fd energie sa v decembri p\u00fa\u0161\u0165ame do \u010fal\u0161ieho ro\u010dn\u00edka.<\/em><\/p>\n<div id='gallery-2' class='gallery galleryid-14171 gallery-columns-2 gallery-size-full'><figure class='gallery-item'>\n\t\t\t<div class='gallery-icon landscape'>\n\t\t\t\t<a href='https:\/\/d2p6e6u75xmxt8.cloudfront.net\/4\/2022\/06\/Detska_tour_Petra_Sagana_Martin_7-5-2022_Foto_Gabriela_Birosova260.webp'><img loading=\"lazy\" decoding=\"async\" width=\"990\" height=\"660\" src=\"https:\/\/d2p6e6u75xmxt8.cloudfront.net\/4\/2022\/06\/Detska_tour_Petra_Sagana_Martin_7-5-2022_Foto_Gabriela_Birosova260.webp\" class=\"attachment-full size-full\" alt=\"\" srcset=\"https:\/\/d2p6e6u75xmxt8.cloudfront.net\/4\/2022\/06\/Detska_tour_Petra_Sagana_Martin_7-5-2022_Foto_Gabriela_Birosova260.webp 990w, https:\/\/d2p6e6u75xmxt8.cloudfront.net\/4\/2022\/06\/Detska_tour_Petra_Sagana_Martin_7-5-2022_Foto_Gabriela_Birosova260-300x200.webp 300w, https:\/\/d2p6e6u75xmxt8.cloudfront.net\/4\/2022\/06\/Detska_tour_Petra_Sagana_Martin_7-5-2022_Foto_Gabriela_Birosova260-768x512.webp 768w, https:\/\/d2p6e6u75xmxt8.cloudfront.net\/4\/2022\/06\/Detska_tour_Petra_Sagana_Martin_7-5-2022_Foto_Gabriela_Birosova260-272x182.webp 272w\" sizes=\"auto, (max-width: 990px) 100vw, 990px\" \/><\/a>\n\t\t\t<\/div><\/figure><figure class='gallery-item'>\n\t\t\t<div class='gallery-icon landscape'>\n\t\t\t\t<a href='https:\/\/d2p6e6u75xmxt8.cloudfront.net\/4\/2022\/06\/IMG_86011.webp'><img loading=\"lazy\" decoding=\"async\" width=\"990\" height=\"660\" src=\"https:\/\/d2p6e6u75xmxt8.cloudfront.net\/4\/2022\/06\/IMG_86011.webp\" class=\"attachment-full size-full\" alt=\"\" srcset=\"https:\/\/d2p6e6u75xmxt8.cloudfront.net\/4\/2022\/06\/IMG_86011.webp 990w, https:\/\/d2p6e6u75xmxt8.cloudfront.net\/4\/2022\/06\/IMG_86011-300x200.webp 300w, https:\/\/d2p6e6u75xmxt8.cloudfront.net\/4\/2022\/06\/IMG_86011-768x512.webp 768w, https:\/\/d2p6e6u75xmxt8.cloudfront.net\/4\/2022\/06\/IMG_86011-272x182.webp 272w\" sizes=\"auto, (max-width: 990px) 100vw, 990px\" \/><\/a>\n\t\t\t<\/div><\/figure>\n\t\t<\/div>\n\n<p><strong>\u010co by ste na z\u00e1ver odk\u00e1zali mlad\u00fdm pretek\u00e1rom a ich rodi\u010dom, ktor\u00ed v\u00e1haj\u00fa, \u010di sa s de\u0165mi t\u00fdchto pretekov z\u00fa\u010dastni\u0165?<\/strong><br \/>\n<em>Najlep\u0161ie je za\u017ei\u0165 na vlastnej ko\u017ei. Ve\u013eakr\u00e1t pr\u00eddu rodi\u010dia s de\u0165mi z okolia len tak vysk\u00fa\u0161a\u0165 a skon\u010dia s t\u00fdm, \u017ee putuj\u00fa s nami po celom Slovensku. A o to n\u00e1m ide, aby deti \u0161portovali pravidelne a bavilo ich to. Pokia\u013e sa n\u00e1m to bude dari\u0165 aj na\u010falej, tak o bud\u00facnos\u0165 Detskej tour Petra Sagana nem\u00e1m obavy.<\/em><\/p>\n","protected":false},"excerpt":{"rendered":"<p>Rozpr\u00e1vali sme sa s Petrom Z\u00e1nick\u00fdm, riadite\u013eom Detskej tour Petra Sagana, ktor\u00e1 trv\u00e1 u\u017e takmer desa\u0165 rokov. Ak\u00e9 boli jej [&hellip;]<\/p>\n","protected":false},"author":81,"featured_media":14554,"comment_status":"open","ping_status":"open","sticky":false,"template":"","format":"standard","meta":{"footnotes":""},"categories":[191],"tags":[619,53,1386,764,767,46,1511,501,523,753,1512,55,183,821],"global-categories":[1074],"class_list":["post-14533","post","type-post","status-publish","format-standard","has-post-thumbnail","hentry","category-odporucame","tag-bicyklovanie","tag-deti","tag-deti-na-bicykli","tag-detska-tour-petra-sagana","tag-motivacia","tag-peter-sagan","tag-peter-zanicky","tag-rozhovor","tag-slovensko","tag-talent","tag-trener","tag-trening","tag-zabava","tag-zilina","global-categories-cycling"],"yoast_head":"<!-- This site is optimized with the Yoast SEO Premium plugin v25.3 (Yoast SEO v25.9) - https:\/\/yoast.com\/wordpress\/plugins\/seo\/ -->\n<title>Rozhovor: Peter Z\u00e1nick\u00fd - bicyklovanie je z\u00e1bava - \u0160koda We Love Cycling Slovensko<\/title>\n<meta name=\"description\" content=\"Rozpr\u00e1vali sme sa s Petrom Z\u00e1nick\u00fdm, riadite\u013eom Detskej Tour Petra Sagana. Ak\u00e9 boli jej za\u010diatky a \u010do za\u017eijete v s\u00fa\u010dasnosti?\" \/>\n<meta name=\"robots\" content=\"index, follow, max-snippet:-1, max-image-preview:large, max-video-preview:-1\" \/>\n<link rel=\"canonical\" href=\"https:\/\/www.welovecycling.com\/sk\/2022\/06\/08\/rozhovor-peter-zanicky-bicyklovanie-je-zabava\/\" \/>\n<meta property=\"og:locale\" content=\"sk_SK\" \/>\n<meta property=\"og:type\" content=\"article\" \/>\n<meta property=\"og:title\" content=\"Rozhovor: Peter Z\u00e1nick\u00fd - bicyklovanie je z\u00e1bava\" \/>\n<meta property=\"og:description\" content=\"Rozpr\u00e1vali sme sa s Petrom Z\u00e1nick\u00fdm, riadite\u013eom Detskej Tour Petra Sagana. Ak\u00e9 boli jej za\u010diatky a \u010do za\u017eijete v s\u00fa\u010dasnosti?\" \/>\n<meta property=\"og:url\" content=\"https:\/\/www.welovecycling.com\/sk\/2022\/06\/08\/rozhovor-peter-zanicky-bicyklovanie-je-zabava\/\" \/>\n<meta property=\"og:site_name\" content=\"\u0160koda We Love Cycling Slovensko\" \/>\n<meta property=\"article:published_time\" content=\"2022-06-08T07:38:53+00:00\" \/>\n<meta property=\"og:image\" content=\"https:\/\/d2p6e6u75xmxt8.cloudfront.net\/4\/2022\/05\/IMG_86261.webp\" \/>\n\t<meta property=\"og:image:width\" content=\"990\" \/>\n\t<meta property=\"og:image:height\" content=\"660\" \/>\n\t<meta property=\"og:image:type\" content=\"image\/webp\" \/>\n<meta name=\"twitter:card\" content=\"summary_large_image\" \/>\n<meta name=\"twitter:label1\" content=\"Written by\" \/>\n\t<meta name=\"twitter:data1\" content=\"Radovan Vr\u0161ka\" \/>\n\t<meta name=\"twitter:label2\" content=\"Est. reading time\" \/>\n\t<meta name=\"twitter:data2\" content=\"3\" \/>\n<script type=\"application\/ld+json\" class=\"yoast-schema-graph\">{\"@context\":\"https:\/\/schema.org\",\"@graph\":[{\"@type\":\"WebPage\",\"@id\":\"https:\/\/www.welovecycling.com\/sk\/2022\/06\/08\/rozhovor-peter-zanicky-bicyklovanie-je-zabava\/\",\"url\":\"https:\/\/www.welovecycling.com\/sk\/2022\/06\/08\/rozhovor-peter-zanicky-bicyklovanie-je-zabava\/\",\"name\":\"Rozhovor: Peter Z\u00e1nick\u00fd - bicyklovanie je z\u00e1bava - \u0160koda We Love Cycling Slovensko\",\"isPartOf\":{\"@id\":\"https:\/\/www.welovecycling.com\/sk\/#website\"},\"primaryImageOfPage\":{\"@id\":\"https:\/\/www.welovecycling.com\/sk\/2022\/06\/08\/rozhovor-peter-zanicky-bicyklovanie-je-zabava\/#primaryimage\"},\"image\":{\"@id\":\"https:\/\/www.welovecycling.com\/sk\/2022\/06\/08\/rozhovor-peter-zanicky-bicyklovanie-je-zabava\/#primaryimage\"},\"thumbnailUrl\":\"https:\/\/d2p6e6u75xmxt8.cloudfront.net\/4\/2022\/05\/IMG_86261.webp\",\"datePublished\":\"2022-06-08T07:38:53+00:00\",\"author\":{\"@id\":\"\"},\"description\":\"Rozpr\u00e1vali sme sa s Petrom Z\u00e1nick\u00fdm, riadite\u013eom Detskej Tour Petra Sagana. Ak\u00e9 boli jej za\u010diatky a \u010do za\u017eijete v s\u00fa\u010dasnosti?\",\"breadcrumb\":{\"@id\":\"https:\/\/www.welovecycling.com\/sk\/2022\/06\/08\/rozhovor-peter-zanicky-bicyklovanie-je-zabava\/#breadcrumb\"},\"inLanguage\":\"sk-SK\",\"potentialAction\":[{\"@type\":\"ReadAction\",\"target\":[\"https:\/\/www.welovecycling.com\/sk\/2022\/06\/08\/rozhovor-peter-zanicky-bicyklovanie-je-zabava\/\"]}]},{\"@type\":\"ImageObject\",\"inLanguage\":\"sk-SK\",\"@id\":\"https:\/\/www.welovecycling.com\/sk\/2022\/06\/08\/rozhovor-peter-zanicky-bicyklovanie-je-zabava\/#primaryimage\",\"url\":\"https:\/\/d2p6e6u75xmxt8.cloudfront.net\/4\/2022\/05\/IMG_86261.webp\",\"contentUrl\":\"https:\/\/d2p6e6u75xmxt8.cloudfront.net\/4\/2022\/05\/IMG_86261.webp\",\"width\":990,\"height\":660},{\"@type\":\"BreadcrumbList\",\"@id\":\"https:\/\/www.welovecycling.com\/sk\/2022\/06\/08\/rozhovor-peter-zanicky-bicyklovanie-je-zabava\/#breadcrumb\",\"itemListElement\":[{\"@type\":\"ListItem\",\"position\":1,\"name\":\"Home\",\"item\":\"https:\/\/www.welovecycling.com\/sk\/\"},{\"@type\":\"ListItem\",\"position\":2,\"name\":\"Rozhovor: Peter Z\u00e1nick\u00fd &#8211; bicyklovanie je z\u00e1bava\"}]},{\"@type\":\"WebSite\",\"@id\":\"https:\/\/www.welovecycling.com\/sk\/#website\",\"url\":\"https:\/\/www.welovecycling.com\/sk\/\",\"name\":\"\u0160koda We Love Cycling Slovensko\",\"description\":\"\u0160koda We Love Cycling Slovensko je v\u00e1\u0161 ka\u017edodenn\u00fd zdroj noviniek a in\u0161pir\u00e1cie z sveta cyklistiky\",\"potentialAction\":[{\"@type\":\"SearchAction\",\"target\":{\"@type\":\"EntryPoint\",\"urlTemplate\":\"https:\/\/www.welovecycling.com\/sk\/?s={search_term_string}\"},\"query-input\":{\"@type\":\"PropertyValueSpecification\",\"valueRequired\":true,\"valueName\":\"search_term_string\"}}],\"inLanguage\":\"sk-SK\"},{\"@type\":\"Person\",\"@id\":\"\",\"url\":\"https:\/\/www.welovecycling.com\/sk\/author\/\"}]}<\/script>\n<!-- \/ Yoast SEO Premium plugin. -->","yoast_head_json":{"title":"Rozhovor: Peter Z\u00e1nick\u00fd - bicyklovanie je z\u00e1bava - \u0160koda We Love Cycling Slovensko","description":"Rozpr\u00e1vali sme sa s Petrom Z\u00e1nick\u00fdm, riadite\u013eom Detskej Tour Petra Sagana. Ak\u00e9 boli jej za\u010diatky a \u010do za\u017eijete v s\u00fa\u010dasnosti?","robots":{"index":"index","follow":"follow","max-snippet":"max-snippet:-1","max-image-preview":"max-image-preview:large","max-video-preview":"max-video-preview:-1"},"canonical":"https:\/\/www.welovecycling.com\/sk\/2022\/06\/08\/rozhovor-peter-zanicky-bicyklovanie-je-zabava\/","og_locale":"sk_SK","og_type":"article","og_title":"Rozhovor: Peter Z\u00e1nick\u00fd - bicyklovanie je z\u00e1bava","og_description":"Rozpr\u00e1vali sme sa s Petrom Z\u00e1nick\u00fdm, riadite\u013eom Detskej Tour Petra Sagana. Ak\u00e9 boli jej za\u010diatky a \u010do za\u017eijete v s\u00fa\u010dasnosti?","og_url":"https:\/\/www.welovecycling.com\/sk\/2022\/06\/08\/rozhovor-peter-zanicky-bicyklovanie-je-zabava\/","og_site_name":"\u0160koda We Love Cycling Slovensko","article_published_time":"2022-06-08T07:38:53+00:00","og_image":[{"width":990,"height":660,"url":"https:\/\/d2p6e6u75xmxt8.cloudfront.net\/4\/2022\/05\/IMG_86261.webp","type":"image\/webp"}],"twitter_card":"summary_large_image","twitter_misc":{"Written by":"Radovan Vr\u0161ka","Est. reading time":"3"},"schema":{"@context":"https:\/\/schema.org","@graph":[{"@type":"WebPage","@id":"https:\/\/www.welovecycling.com\/sk\/2022\/06\/08\/rozhovor-peter-zanicky-bicyklovanie-je-zabava\/","url":"https:\/\/www.welovecycling.com\/sk\/2022\/06\/08\/rozhovor-peter-zanicky-bicyklovanie-je-zabava\/","name":"Rozhovor: Peter Z\u00e1nick\u00fd - bicyklovanie je z\u00e1bava - \u0160koda We Love Cycling Slovensko","isPartOf":{"@id":"https:\/\/www.welovecycling.com\/sk\/#website"},"primaryImageOfPage":{"@id":"https:\/\/www.welovecycling.com\/sk\/2022\/06\/08\/rozhovor-peter-zanicky-bicyklovanie-je-zabava\/#primaryimage"},"image":{"@id":"https:\/\/www.welovecycling.com\/sk\/2022\/06\/08\/rozhovor-peter-zanicky-bicyklovanie-je-zabava\/#primaryimage"},"thumbnailUrl":"https:\/\/d2p6e6u75xmxt8.cloudfront.net\/4\/2022\/05\/IMG_86261.webp","datePublished":"2022-06-08T07:38:53+00:00","author":{"@id":""},"description":"Rozpr\u00e1vali sme sa s Petrom Z\u00e1nick\u00fdm, riadite\u013eom Detskej Tour Petra Sagana. Ak\u00e9 boli jej za\u010diatky a \u010do za\u017eijete v s\u00fa\u010dasnosti?","breadcrumb":{"@id":"https:\/\/www.welovecycling.com\/sk\/2022\/06\/08\/rozhovor-peter-zanicky-bicyklovanie-je-zabava\/#breadcrumb"},"inLanguage":"sk-SK","potentialAction":[{"@type":"ReadAction","target":["https:\/\/www.welovecycling.com\/sk\/2022\/06\/08\/rozhovor-peter-zanicky-bicyklovanie-je-zabava\/"]}]},{"@type":"ImageObject","inLanguage":"sk-SK","@id":"https:\/\/www.welovecycling.com\/sk\/2022\/06\/08\/rozhovor-peter-zanicky-bicyklovanie-je-zabava\/#primaryimage","url":"https:\/\/d2p6e6u75xmxt8.cloudfront.net\/4\/2022\/05\/IMG_86261.webp","contentUrl":"https:\/\/d2p6e6u75xmxt8.cloudfront.net\/4\/2022\/05\/IMG_86261.webp","width":990,"height":660},{"@type":"BreadcrumbList","@id":"https:\/\/www.welovecycling.com\/sk\/2022\/06\/08\/rozhovor-peter-zanicky-bicyklovanie-je-zabava\/#breadcrumb","itemListElement":[{"@type":"ListItem","position":1,"name":"Home","item":"https:\/\/www.welovecycling.com\/sk\/"},{"@type":"ListItem","position":2,"name":"Rozhovor: Peter Z\u00e1nick\u00fd &#8211; bicyklovanie je z\u00e1bava"}]},{"@type":"WebSite","@id":"https:\/\/www.welovecycling.com\/sk\/#website","url":"https:\/\/www.welovecycling.com\/sk\/","name":"\u0160koda We Love Cycling Slovensko","description":"\u0160koda We Love Cycling Slovensko je v\u00e1\u0161 ka\u017edodenn\u00fd zdroj noviniek a in\u0161pir\u00e1cie z sveta cyklistiky","potentialAction":[{"@type":"SearchAction","target":{"@type":"EntryPoint","urlTemplate":"https:\/\/www.welovecycling.com\/sk\/?s={search_term_string}"},"query-input":{"@type":"PropertyValueSpecification","valueRequired":true,"valueName":"search_term_string"}}],"inLanguage":"sk-SK"},{"@type":"Person","@id":"","url":"https:\/\/www.welovecycling.com\/sk\/author\/"}]}},"_links":{"self":[{"href":"https:\/\/www.welovecycling.com\/sk\/wp-json\/wp\/v2\/posts\/14533","targetHints":{"allow":["GET"]}}],"collection":[{"href":"https:\/\/www.welovecycling.com\/sk\/wp-json\/wp\/v2\/posts"}],"about":[{"href":"https:\/\/www.welovecycling.com\/sk\/wp-json\/wp\/v2\/types\/post"}],"author":[{"embeddable":true,"href":"https:\/\/www.welovecycling.com\/sk\/wp-json\/wp\/v2\/users\/81"}],"replies":[{"embeddable":true,"href":"https:\/\/www.welovecycling.com\/sk\/wp-json\/wp\/v2\/comments?post=14533"}],"version-history":[{"count":2,"href":"https:\/\/www.welovecycling.com\/sk\/wp-json\/wp\/v2\/posts\/14533\/revisions"}],"predecessor-version":[{"id":14566,"href":"https:\/\/www.welovecycling.com\/sk\/wp-json\/wp\/v2\/posts\/14533\/revisions\/14566"}],"wp:featuredmedia":[{"embeddable":true,"href":"https:\/\/www.welovecycling.com\/sk\/wp-json\/wp\/v2\/media\/14554"}],"wp:attachment":[{"href":"https:\/\/www.welovecycling.com\/sk\/wp-json\/wp\/v2\/media?parent=14533"}],"wp:term":[{"taxonomy":"category","embeddable":true,"href":"https:\/\/www.welovecycling.com\/sk\/wp-json\/wp\/v2\/categories?post=14533"},{"taxonomy":"post_tag","embeddable":true,"href":"https:\/\/www.welovecycling.com\/sk\/wp-json\/wp\/v2\/tags?post=14533"},{"taxonomy":"global-categories","embeddable":true,"href":"https:\/\/www.welovecycling.com\/sk\/wp-json\/wp\/v2\/global-categories?post=14533"}],"curies":[{"name":"wp","href":"https:\/\/api.w.org\/{rel}","templated":true}]}}