{"id":14520,"date":"2022-06-04T10:00:24","date_gmt":"2022-06-04T08:00:24","guid":{"rendered":"https:\/\/www.welovecycling.com\/sk\/?p=14520"},"modified":"2022-05-31T11:18:39","modified_gmt":"2022-05-31T09:18:39","slug":"pozvanka-maraton-skoda-slovensky-raj-turisticke-topanky-vymenime-za-tretry","status":"publish","type":"post","link":"https:\/\/www.welovecycling.com\/sk\/2022\/06\/04\/pozvanka-maraton-skoda-slovensky-raj-turisticke-topanky-vymenime-za-tretry\/","title":{"rendered":"Pozv\u00e1nka: Marat\u00f3n \u0160koda Slovensk\u00fd raj \u2013 turistick\u00e9 top\u00e1nky vymen\u00edme za tretry"},"content":{"rendered":"<p><strong>Absolvovali sme u\u017e dve kol\u00e1 popul\u00e1rnej s\u00e9rie \u0160koda BIKE OPEN TOUR 2022 a\u00a0tentokr\u00e1t sa pres\u00favame z\u00a0ne\u010falekej Levo\u010de do Slovensk\u00e9ho raja.<\/strong><\/p>\n<p><!--more--><br \/>\n3. kolo marat\u00f3nskej s\u00e9rie bude d\u0148a 11. 06. pokra\u010dova\u0165 v\u00a0Slovenskom raji. <strong>Tak\u017ee tentokr\u00e1t si k\u00a0turistickej obuvi priba\u013ete tretry a\u00a0prilbu.<\/strong> Z\u00e1bava \u010dak\u00e1 na v\u0161etky vekov\u00e9 kateg\u00f3rie, \u010di preteky pre deti, rodiny alebo gravel a\u00a0ebike bicykle.<\/p>\n<p><a href=\"https:\/\/d2p6e6u75xmxt8.cloudfront.net\/4\/2022\/05\/WLC-SR-02.jpg\"><img loading=\"lazy\" decoding=\"async\" src=\"https:\/\/d2p6e6u75xmxt8.cloudfront.net\/4\/2022\/05\/WLC-SR-02.jpg\" alt=\"\" width=\"990\" height=\"660\" class=\"alignnone size-full wp-image-14523\" \/><\/a><\/p>\n<h2><strong>Ak\u00e9 trate na v\u00e1s \u010dakaj\u00fa?<\/strong><\/h2>\n<p>Vybra\u0165 si m\u00f4\u017eete zo \u0161tyroch d\u013a\u017eok trat\u00ed, kde najkrat\u0161ia Family m\u00e1 d\u013a\u017eku 10 kilometrov a\u00a0je hlavne ur\u010den\u00e1 pre deti s\u00a0rodi\u010dmi.<strong> Ostatn\u00e9 kateg\u00f3rie si m\u00f4\u017eu vybra\u0165 kr\u00e1tku tra\u0165 s\u00a0d\u013a\u017ekou 14 kilometrov a\u00a0prev\u00fd\u0161en\u00edm 638 metrov.<\/strong> <\/p>\n<p><a href=\"https:\/\/d2p6e6u75xmxt8.cloudfront.net\/4\/2022\/05\/WLC-SR-03.jpg\"><img loading=\"lazy\" decoding=\"async\" src=\"https:\/\/d2p6e6u75xmxt8.cloudfront.net\/4\/2022\/05\/WLC-SR-03.jpg\" alt=\"\" width=\"990\" height=\"581\" class=\"alignnone size-full wp-image-14526\" \/><\/a><\/p>\n<p><strong>Nasleduje stredn\u00e1 tra\u0165 54,2 kilometra a\u00a0prev\u00fd\u0161en\u00edm tesne nad 1 306 metrov, ktor\u00e1 z\u00e1rove\u0148 je ur\u010den\u00e1 pre \u0161trkolety a\u00a0ebike.<\/strong> Ak s\u00fa aj tieto parametre m\u00e1lo, tak je tu potom dlh\u00e1 tra\u0165 pre \u201efajn\u0161mekrov\u201d s\u00a0porciou 68 kilometrov a\u00a0prev\u00fd\u0161en\u00edm 2 173 metrov. Samotn\u00e9 trate aj s\u00a0mapou a\u00a0s\u00faborom GPX n\u00e1jdete na <a href=\"http:\/\/www.maratonslovenskyraj.sk\/trasy-gpx-2022\/\" rel=\"noopener\" target=\"_blank\">str\u00e1nkach organiz\u00e1tora<\/a>.<\/p>\n<p><a href=\"https:\/\/d2p6e6u75xmxt8.cloudfront.net\/4\/2022\/05\/WLC-SR-04.jpg\"><img loading=\"lazy\" decoding=\"async\" src=\"https:\/\/d2p6e6u75xmxt8.cloudfront.net\/4\/2022\/05\/WLC-SR-04.jpg\" alt=\"\" width=\"990\" height=\"581\" class=\"alignnone size-full wp-image-14527\" \/><\/a><\/p>\n<p>V\u00fd\u0161ka \u0161tartovn\u00e9ho je 25 \u20ac pre kr\u00e1tku tra\u0165 a\u00a0ostatn\u00e9 s\u00fa za cenu 40 \u20ac. Deti vo veku do 6 rokov platia symbolick\u00e9 \u0161tartovn\u00e9 2 \u20ac a\u00a0pre nich je ur\u010den\u00fd okruh o\u00a0d\u013a\u017eke 1,5 kilometra. Ostatn\u00e9 deti (6-14 rokov) na Family trati maj\u00fa v\u00fd\u0161ku \u0161tartovn\u00e9ho 15 \u20ac a\u00a0rodi\u010d jazd\u00ed zadarmo.<\/p>\n<h2><strong>O z\u00e1bavu bude postaran\u00e9<\/strong><\/h2>\n<p>Po\u010das d\u0148a je pripraven\u00fd bohat\u00fd sprievodn\u00fd program pre v\u0161etk\u00fdch z\u00fa\u010dastnen\u00fdch a\u00a0ich sprievod. Pripraven\u00e9 bude ob\u010derstvenie pre pretek\u00e1rov na trati a\u00a0v\u00a0samotnom cieli. <strong>Samozrejmos\u0165ou bud\u00fa sprchy pre pretek\u00e1rov a\u00a0ich bicykle a\u00a0s\u00fa\u010das\u0165ou je aj dar\u010dek od usporiadate\u013eov a\u00a0\u00fa\u010das\u0165 na tombole.<\/strong> Vyhodnoten\u00ed bud\u00fa prv\u00ed traja pretek\u00e1ri v\u00a0ka\u017edej kateg\u00f3rii, ktor\u00ed z\u00edskaj\u00fa trofeje a\u00a0vecn\u00e9 ceny od sponzorov akcie.<\/p>\n<div id='gallery-1' class='gallery galleryid-14520 gallery-columns-2 gallery-size-full'><figure class='gallery-item'>\n\t\t\t<div class='gallery-icon landscape'>\n\t\t\t\t<a href='https:\/\/d2p6e6u75xmxt8.cloudfront.net\/4\/2022\/05\/WLC-SR-05.webp'><img loading=\"lazy\" decoding=\"async\" width=\"990\" height=\"660\" src=\"https:\/\/d2p6e6u75xmxt8.cloudfront.net\/4\/2022\/05\/WLC-SR-05.webp\" class=\"attachment-full size-full\" alt=\"\" srcset=\"https:\/\/d2p6e6u75xmxt8.cloudfront.net\/4\/2022\/05\/WLC-SR-05.webp 990w, https:\/\/d2p6e6u75xmxt8.cloudfront.net\/4\/2022\/05\/WLC-SR-05-300x200.webp 300w, https:\/\/d2p6e6u75xmxt8.cloudfront.net\/4\/2022\/05\/WLC-SR-05-768x512.webp 768w, https:\/\/d2p6e6u75xmxt8.cloudfront.net\/4\/2022\/05\/WLC-SR-05-272x182.webp 272w\" sizes=\"auto, (max-width: 990px) 100vw, 990px\" \/><\/a>\n\t\t\t<\/div><\/figure><figure class='gallery-item'>\n\t\t\t<div class='gallery-icon landscape'>\n\t\t\t\t<a href='https:\/\/d2p6e6u75xmxt8.cloudfront.net\/4\/2022\/05\/WLC-SR-06.webp'><img loading=\"lazy\" decoding=\"async\" width=\"1640\" height=\"1091\" src=\"https:\/\/d2p6e6u75xmxt8.cloudfront.net\/4\/2022\/05\/WLC-SR-06.webp\" class=\"attachment-full size-full\" alt=\"\" srcset=\"https:\/\/d2p6e6u75xmxt8.cloudfront.net\/4\/2022\/05\/WLC-SR-06.webp 1640w, https:\/\/d2p6e6u75xmxt8.cloudfront.net\/4\/2022\/05\/WLC-SR-06-300x200.webp 300w, https:\/\/d2p6e6u75xmxt8.cloudfront.net\/4\/2022\/05\/WLC-SR-06-1024x681.webp 1024w, https:\/\/d2p6e6u75xmxt8.cloudfront.net\/4\/2022\/05\/WLC-SR-06-768x511.webp 768w, https:\/\/d2p6e6u75xmxt8.cloudfront.net\/4\/2022\/05\/WLC-SR-06-1536x1022.webp 1536w, https:\/\/d2p6e6u75xmxt8.cloudfront.net\/4\/2022\/05\/WLC-SR-06-272x182.webp 272w\" sizes=\"auto, (max-width: 1640px) 100vw, 1640px\" \/><\/a>\n\t\t\t<\/div><\/figure>\n\t\t<\/div>\n\n<p>Prihl\u00e1si\u0165 sa na marat\u00f3n m\u00f4\u017eete <a href=\"https:\/\/cyklo.sao-tatry.sk\/2022\/preteky\/podlesok\/\" rel=\"noopener\" target=\"_blank\">online<\/a> alebo\u00a0osobne v\u00a0Hrabu\u0161iciach \u2013 Podlesku v\u00a0b\u00fdvalej re\u0161taur\u00e1cii Spi\u0161sk\u00e1 koliba v\u00a0piatok 10. 06. od 17:00 do 20:00. V\u00a0de\u0148 pretekov od 7:30 a\u00a0registr\u00e1cia sa ukon\u010duje 30 min\u00fat pred \u0161tartom danej trate. T\u00ed, \u010do sa prihl\u00e1sia online, je potrebn\u00e9 si prihl\u00e1\u0161ku donies\u0165 vytla\u010den\u00fa a podp\u00edsan\u00fa, a\u00a0odovzda\u0165 ju osobne pri prezent\u00e1cii.<\/p>\n<div class=\"shortcode-ys-post-pinup\"><article class=\"loop-simple post-12196 post type-post status-publish format-standard has-post-thumbnail hentry category-reportaz category-sbot tag-horska-cyklistika tag-leto tag-reportaz tag-rodina tag-rodinny-maraton tag-sezona-2021 tag-skoda tag-skoda-auto tag-skoda-bicykel tag-skoda-dedina tag-skoda-slovensky-raj tag-skoda-tim tag-slovensko global-categories-cycling\" data-postid=\"12196\" role=\"article\" data-post-id=\"12196\" data-word-count=\"371\" data-headline-length=\"60\" data-category=\"Report\u00e1\u017e\" data-global-category=\"Cycling\" data-author=\"Radovan Vr\u0161ka\" data-published=\"2021-07-08T14:05:57+02:00\" data-published-day=\"Thursday\">\n    <div class=\"entry-thumbnail article-thumbnail\" content=\"https:\/\/d2p6e6u75xmxt8.cloudfront.net\/4\/2021\/07\/Report_00-150x150.webp\"><a href=\"https:\/\/www.welovecycling.com\/sk\/2021\/07\/08\/reportaz-2-kolo-sbot-skoda-slovensky-raj-2021\/\" class=\"image-holder\" target=\"_self\"><img decoding=\"async\" loading=\"lazy\" class=\"\" src=\"https:\/\/d2p6e6u75xmxt8.cloudfront.net\/4\/2021\/07\/Report_00-1024x445.webp\" srcset=\"https:\/\/d2p6e6u75xmxt8.cloudfront.net\/4\/2021\/07\/Report_00.webp 1380w, https:\/\/d2p6e6u75xmxt8.cloudfront.net\/4\/2021\/07\/Report_00-300x130.webp 300w, https:\/\/d2p6e6u75xmxt8.cloudfront.net\/4\/2021\/07\/Report_00-1024x445.webp 1024w, https:\/\/d2p6e6u75xmxt8.cloudfront.net\/4\/2021\/07\/Report_00-768x334.webp 768w\" width=\"1024\" height=\"445\" sizes=\"auto, (min-width: 1200px) 460px, (min-width: 768px) 38vw, 100vw\" alt=\"reportaz-2-kolo-sbot-skoda-slovensky-raj-2021\"\/><\/a><\/div>    <div class=\"entry-meta\">\n        <a class=\"label label-secondary post-category\" href=\"https:\/\/www.welovecycling.com\/sk\/category\/sbot\/reportaz\/\" title=\"Report\u00e1\u017e\">Report\u00e1\u017e<\/a>\n    <\/div>\n    <div class=\"entry-details\">\n        <a href=\"https:\/\/www.welovecycling.com\/sk\/2021\/07\/08\/reportaz-2-kolo-sbot-skoda-slovensky-raj-2021\/\" class='entry-title-wrapper'>\n            <h3 class=\"entry-title\"><span>Report\u00e1\u017e: 2. kolo \u0160BOT &#8211; \u0160koda Slovensk\u00fd raj 2021<\/span><\/h3>\n        <\/a>\n    <\/div>\n    <\/article>\n<\/div>\n<p>Viac inform\u00e1ci\u00ed n\u00e1jdete na <a href=\"http:\/\/www.maratonslovenskyraj.sk\/\" rel=\"noopener\" target=\"_blank\">str\u00e1nke organiz\u00e1tora<\/a>. Ak teda chcete str\u00e1vi\u0165 pr\u00edjemn\u00fd v\u00edkend s rodinou v\u00a0kr\u00e1snom prostred\u00ed Slovensk\u00e9ho raja, <strong>nev\u00e1hajte a\u00a0pr\u00ed\u010fte si da\u0165 do tela<\/strong>. <\/p>\n","protected":false},"excerpt":{"rendered":"<p>Absolvovali sme u\u017e dve kol\u00e1 popul\u00e1rnej s\u00e9rie \u0160koda BIKE OPEN TOUR 2022 a\u00a0tentokr\u00e1t sa pres\u00favame z\u00a0ne\u010falekej Levo\u010de do Slovensk\u00e9ho raja.<\/p>\n","protected":false},"author":81,"featured_media":14522,"comment_status":"open","ping_status":"open","sticky":false,"template":"","format":"standard","meta":{"footnotes":""},"categories":[33],"tags":[178,91,474,1411,542,1009,562,35,77,271,92,183],"global-categories":[1074],"class_list":["post-14520","post","type-post","status-publish","format-standard","has-post-thumbnail","hentry","category-sbot","tag-maraton","tag-pozvanka","tag-rodinny-maraton","tag-sezona-2022","tag-skoda","tag-skoda-auto","tag-skoda-bicykel","tag-sbot","tag-skoda-dedina","tag-skoda-slovensky-raj","tag-skoda-tim","tag-zabava","global-categories-cycling"],"yoast_head":"<!-- This site is optimized with the Yoast SEO Premium plugin v25.3 (Yoast SEO v25.9) - https:\/\/yoast.com\/wordpress\/plugins\/seo\/ -->\n<title>Pozv\u00e1nka: Marat\u00f3n \u0160koda Slovensk\u00fd raj \u2013 turistick\u00e9 top\u00e1nky vymen\u00edme za tretry - \u0160koda We Love Cycling Slovensko<\/title>\n<meta name=\"description\" content=\"3. kolo marat\u00f3nskej s\u00e9rie bude d\u0148a 11. 06. pokra\u010dova\u0165 v\u00a0Slovenskom raji. Tak\u017ee tentokr\u00e1t si k\u00a0turistickej obuvi priba\u013ete tretry a\u00a0prilbu.\" \/>\n<meta name=\"robots\" content=\"index, follow, max-snippet:-1, max-image-preview:large, max-video-preview:-1\" \/>\n<link rel=\"canonical\" href=\"https:\/\/www.welovecycling.com\/sk\/2022\/06\/04\/pozvanka-maraton-skoda-slovensky-raj-turisticke-topanky-vymenime-za-tretry\/\" \/>\n<meta property=\"og:locale\" content=\"sk_SK\" \/>\n<meta property=\"og:type\" content=\"article\" \/>\n<meta property=\"og:title\" content=\"Pozv\u00e1nka: Marat\u00f3n \u0160koda Slovensk\u00fd raj \u2013 turistick\u00e9 top\u00e1nky vymen\u00edme za tretry\" \/>\n<meta property=\"og:description\" content=\"3. kolo marat\u00f3nskej s\u00e9rie bude d\u0148a 11. 06. pokra\u010dova\u0165 v\u00a0Slovenskom raji. Tak\u017ee tentokr\u00e1t si k\u00a0turistickej obuvi priba\u013ete tretry a\u00a0prilbu.\" \/>\n<meta property=\"og:url\" content=\"https:\/\/www.welovecycling.com\/sk\/2022\/06\/04\/pozvanka-maraton-skoda-slovensky-raj-turisticke-topanky-vymenime-za-tretry\/\" \/>\n<meta property=\"og:site_name\" content=\"\u0160koda We Love Cycling Slovensko\" \/>\n<meta property=\"article:published_time\" content=\"2022-06-04T08:00:24+00:00\" \/>\n<meta property=\"og:image\" content=\"https:\/\/d2p6e6u75xmxt8.cloudfront.net\/4\/2022\/05\/WLC-SR-01.webp\" \/>\n\t<meta property=\"og:image:width\" content=\"990\" \/>\n\t<meta property=\"og:image:height\" content=\"660\" \/>\n\t<meta property=\"og:image:type\" content=\"image\/webp\" \/>\n<meta name=\"twitter:card\" content=\"summary_large_image\" \/>\n<meta name=\"twitter:label1\" content=\"Written by\" \/>\n\t<meta name=\"twitter:data1\" content=\"Radovan Vr\u0161ka\" \/>\n\t<meta name=\"twitter:label2\" content=\"Est. reading time\" \/>\n\t<meta name=\"twitter:data2\" content=\"3\" \/>\n<script type=\"application\/ld+json\" class=\"yoast-schema-graph\">{\"@context\":\"https:\/\/schema.org\",\"@graph\":[{\"@type\":\"WebPage\",\"@id\":\"https:\/\/www.welovecycling.com\/sk\/2022\/06\/04\/pozvanka-maraton-skoda-slovensky-raj-turisticke-topanky-vymenime-za-tretry\/\",\"url\":\"https:\/\/www.welovecycling.com\/sk\/2022\/06\/04\/pozvanka-maraton-skoda-slovensky-raj-turisticke-topanky-vymenime-za-tretry\/\",\"name\":\"Pozv\u00e1nka: Marat\u00f3n \u0160koda Slovensk\u00fd raj \u2013 turistick\u00e9 top\u00e1nky vymen\u00edme za tretry - \u0160koda We Love Cycling Slovensko\",\"isPartOf\":{\"@id\":\"https:\/\/www.welovecycling.com\/sk\/#website\"},\"primaryImageOfPage\":{\"@id\":\"https:\/\/www.welovecycling.com\/sk\/2022\/06\/04\/pozvanka-maraton-skoda-slovensky-raj-turisticke-topanky-vymenime-za-tretry\/#primaryimage\"},\"image\":{\"@id\":\"https:\/\/www.welovecycling.com\/sk\/2022\/06\/04\/pozvanka-maraton-skoda-slovensky-raj-turisticke-topanky-vymenime-za-tretry\/#primaryimage\"},\"thumbnailUrl\":\"https:\/\/d2p6e6u75xmxt8.cloudfront.net\/4\/2022\/05\/WLC-SR-01.webp\",\"datePublished\":\"2022-06-04T08:00:24+00:00\",\"author\":{\"@id\":\"\"},\"description\":\"3. kolo marat\u00f3nskej s\u00e9rie bude d\u0148a 11. 06. pokra\u010dova\u0165 v\u00a0Slovenskom raji. Tak\u017ee tentokr\u00e1t si k\u00a0turistickej obuvi priba\u013ete tretry a\u00a0prilbu.\",\"breadcrumb\":{\"@id\":\"https:\/\/www.welovecycling.com\/sk\/2022\/06\/04\/pozvanka-maraton-skoda-slovensky-raj-turisticke-topanky-vymenime-za-tretry\/#breadcrumb\"},\"inLanguage\":\"sk-SK\",\"potentialAction\":[{\"@type\":\"ReadAction\",\"target\":[\"https:\/\/www.welovecycling.com\/sk\/2022\/06\/04\/pozvanka-maraton-skoda-slovensky-raj-turisticke-topanky-vymenime-za-tretry\/\"]}]},{\"@type\":\"ImageObject\",\"inLanguage\":\"sk-SK\",\"@id\":\"https:\/\/www.welovecycling.com\/sk\/2022\/06\/04\/pozvanka-maraton-skoda-slovensky-raj-turisticke-topanky-vymenime-za-tretry\/#primaryimage\",\"url\":\"https:\/\/d2p6e6u75xmxt8.cloudfront.net\/4\/2022\/05\/WLC-SR-01.webp\",\"contentUrl\":\"https:\/\/d2p6e6u75xmxt8.cloudfront.net\/4\/2022\/05\/WLC-SR-01.webp\",\"width\":990,\"height\":660},{\"@type\":\"BreadcrumbList\",\"@id\":\"https:\/\/www.welovecycling.com\/sk\/2022\/06\/04\/pozvanka-maraton-skoda-slovensky-raj-turisticke-topanky-vymenime-za-tretry\/#breadcrumb\",\"itemListElement\":[{\"@type\":\"ListItem\",\"position\":1,\"name\":\"Home\",\"item\":\"https:\/\/www.welovecycling.com\/sk\/\"},{\"@type\":\"ListItem\",\"position\":2,\"name\":\"Pozv\u00e1nka: Marat\u00f3n \u0160koda Slovensk\u00fd raj \u2013 turistick\u00e9 top\u00e1nky vymen\u00edme za tretry\"}]},{\"@type\":\"WebSite\",\"@id\":\"https:\/\/www.welovecycling.com\/sk\/#website\",\"url\":\"https:\/\/www.welovecycling.com\/sk\/\",\"name\":\"\u0160koda We Love Cycling Slovensko\",\"description\":\"\u0160koda We Love Cycling Slovensko je v\u00e1\u0161 ka\u017edodenn\u00fd zdroj noviniek a in\u0161pir\u00e1cie z sveta cyklistiky\",\"potentialAction\":[{\"@type\":\"SearchAction\",\"target\":{\"@type\":\"EntryPoint\",\"urlTemplate\":\"https:\/\/www.welovecycling.com\/sk\/?s={search_term_string}\"},\"query-input\":{\"@type\":\"PropertyValueSpecification\",\"valueRequired\":true,\"valueName\":\"search_term_string\"}}],\"inLanguage\":\"sk-SK\"},{\"@type\":\"Person\",\"@id\":\"\",\"url\":\"https:\/\/www.welovecycling.com\/sk\/author\/\"}]}<\/script>\n<!-- \/ Yoast SEO Premium plugin. -->","yoast_head_json":{"title":"Pozv\u00e1nka: Marat\u00f3n \u0160koda Slovensk\u00fd raj \u2013 turistick\u00e9 top\u00e1nky vymen\u00edme za tretry - \u0160koda We Love Cycling Slovensko","description":"3. kolo marat\u00f3nskej s\u00e9rie bude d\u0148a 11. 06. pokra\u010dova\u0165 v\u00a0Slovenskom raji. Tak\u017ee tentokr\u00e1t si k\u00a0turistickej obuvi priba\u013ete tretry a\u00a0prilbu.","robots":{"index":"index","follow":"follow","max-snippet":"max-snippet:-1","max-image-preview":"max-image-preview:large","max-video-preview":"max-video-preview:-1"},"canonical":"https:\/\/www.welovecycling.com\/sk\/2022\/06\/04\/pozvanka-maraton-skoda-slovensky-raj-turisticke-topanky-vymenime-za-tretry\/","og_locale":"sk_SK","og_type":"article","og_title":"Pozv\u00e1nka: Marat\u00f3n \u0160koda Slovensk\u00fd raj \u2013 turistick\u00e9 top\u00e1nky vymen\u00edme za tretry","og_description":"3. kolo marat\u00f3nskej s\u00e9rie bude d\u0148a 11. 06. pokra\u010dova\u0165 v\u00a0Slovenskom raji. Tak\u017ee tentokr\u00e1t si k\u00a0turistickej obuvi priba\u013ete tretry a\u00a0prilbu.","og_url":"https:\/\/www.welovecycling.com\/sk\/2022\/06\/04\/pozvanka-maraton-skoda-slovensky-raj-turisticke-topanky-vymenime-za-tretry\/","og_site_name":"\u0160koda We Love Cycling Slovensko","article_published_time":"2022-06-04T08:00:24+00:00","og_image":[{"width":990,"height":660,"url":"https:\/\/d2p6e6u75xmxt8.cloudfront.net\/4\/2022\/05\/WLC-SR-01.webp","type":"image\/webp"}],"twitter_card":"summary_large_image","twitter_misc":{"Written by":"Radovan Vr\u0161ka","Est. reading time":"3"},"schema":{"@context":"https:\/\/schema.org","@graph":[{"@type":"WebPage","@id":"https:\/\/www.welovecycling.com\/sk\/2022\/06\/04\/pozvanka-maraton-skoda-slovensky-raj-turisticke-topanky-vymenime-za-tretry\/","url":"https:\/\/www.welovecycling.com\/sk\/2022\/06\/04\/pozvanka-maraton-skoda-slovensky-raj-turisticke-topanky-vymenime-za-tretry\/","name":"Pozv\u00e1nka: Marat\u00f3n \u0160koda Slovensk\u00fd raj \u2013 turistick\u00e9 top\u00e1nky vymen\u00edme za tretry - \u0160koda We Love Cycling Slovensko","isPartOf":{"@id":"https:\/\/www.welovecycling.com\/sk\/#website"},"primaryImageOfPage":{"@id":"https:\/\/www.welovecycling.com\/sk\/2022\/06\/04\/pozvanka-maraton-skoda-slovensky-raj-turisticke-topanky-vymenime-za-tretry\/#primaryimage"},"image":{"@id":"https:\/\/www.welovecycling.com\/sk\/2022\/06\/04\/pozvanka-maraton-skoda-slovensky-raj-turisticke-topanky-vymenime-za-tretry\/#primaryimage"},"thumbnailUrl":"https:\/\/d2p6e6u75xmxt8.cloudfront.net\/4\/2022\/05\/WLC-SR-01.webp","datePublished":"2022-06-04T08:00:24+00:00","author":{"@id":""},"description":"3. kolo marat\u00f3nskej s\u00e9rie bude d\u0148a 11. 06. pokra\u010dova\u0165 v\u00a0Slovenskom raji. Tak\u017ee tentokr\u00e1t si k\u00a0turistickej obuvi priba\u013ete tretry a\u00a0prilbu.","breadcrumb":{"@id":"https:\/\/www.welovecycling.com\/sk\/2022\/06\/04\/pozvanka-maraton-skoda-slovensky-raj-turisticke-topanky-vymenime-za-tretry\/#breadcrumb"},"inLanguage":"sk-SK","potentialAction":[{"@type":"ReadAction","target":["https:\/\/www.welovecycling.com\/sk\/2022\/06\/04\/pozvanka-maraton-skoda-slovensky-raj-turisticke-topanky-vymenime-za-tretry\/"]}]},{"@type":"ImageObject","inLanguage":"sk-SK","@id":"https:\/\/www.welovecycling.com\/sk\/2022\/06\/04\/pozvanka-maraton-skoda-slovensky-raj-turisticke-topanky-vymenime-za-tretry\/#primaryimage","url":"https:\/\/d2p6e6u75xmxt8.cloudfront.net\/4\/2022\/05\/WLC-SR-01.webp","contentUrl":"https:\/\/d2p6e6u75xmxt8.cloudfront.net\/4\/2022\/05\/WLC-SR-01.webp","width":990,"height":660},{"@type":"BreadcrumbList","@id":"https:\/\/www.welovecycling.com\/sk\/2022\/06\/04\/pozvanka-maraton-skoda-slovensky-raj-turisticke-topanky-vymenime-za-tretry\/#breadcrumb","itemListElement":[{"@type":"ListItem","position":1,"name":"Home","item":"https:\/\/www.welovecycling.com\/sk\/"},{"@type":"ListItem","position":2,"name":"Pozv\u00e1nka: Marat\u00f3n \u0160koda Slovensk\u00fd raj \u2013 turistick\u00e9 top\u00e1nky vymen\u00edme za tretry"}]},{"@type":"WebSite","@id":"https:\/\/www.welovecycling.com\/sk\/#website","url":"https:\/\/www.welovecycling.com\/sk\/","name":"\u0160koda We Love Cycling Slovensko","description":"\u0160koda We Love Cycling Slovensko je v\u00e1\u0161 ka\u017edodenn\u00fd zdroj noviniek a in\u0161pir\u00e1cie z sveta cyklistiky","potentialAction":[{"@type":"SearchAction","target":{"@type":"EntryPoint","urlTemplate":"https:\/\/www.welovecycling.com\/sk\/?s={search_term_string}"},"query-input":{"@type":"PropertyValueSpecification","valueRequired":true,"valueName":"search_term_string"}}],"inLanguage":"sk-SK"},{"@type":"Person","@id":"","url":"https:\/\/www.welovecycling.com\/sk\/author\/"}]}},"_links":{"self":[{"href":"https:\/\/www.welovecycling.com\/sk\/wp-json\/wp\/v2\/posts\/14520","targetHints":{"allow":["GET"]}}],"collection":[{"href":"https:\/\/www.welovecycling.com\/sk\/wp-json\/wp\/v2\/posts"}],"about":[{"href":"https:\/\/www.welovecycling.com\/sk\/wp-json\/wp\/v2\/types\/post"}],"author":[{"embeddable":true,"href":"https:\/\/www.welovecycling.com\/sk\/wp-json\/wp\/v2\/users\/81"}],"replies":[{"embeddable":true,"href":"https:\/\/www.welovecycling.com\/sk\/wp-json\/wp\/v2\/comments?post=14520"}],"version-history":[{"count":2,"href":"https:\/\/www.welovecycling.com\/sk\/wp-json\/wp\/v2\/posts\/14520\/revisions"}],"predecessor-version":[{"id":14532,"href":"https:\/\/www.welovecycling.com\/sk\/wp-json\/wp\/v2\/posts\/14520\/revisions\/14532"}],"wp:featuredmedia":[{"embeddable":true,"href":"https:\/\/www.welovecycling.com\/sk\/wp-json\/wp\/v2\/media\/14522"}],"wp:attachment":[{"href":"https:\/\/www.welovecycling.com\/sk\/wp-json\/wp\/v2\/media?parent=14520"}],"wp:term":[{"taxonomy":"category","embeddable":true,"href":"https:\/\/www.welovecycling.com\/sk\/wp-json\/wp\/v2\/categories?post=14520"},{"taxonomy":"post_tag","embeddable":true,"href":"https:\/\/www.welovecycling.com\/sk\/wp-json\/wp\/v2\/tags?post=14520"},{"taxonomy":"global-categories","embeddable":true,"href":"https:\/\/www.welovecycling.com\/sk\/wp-json\/wp\/v2\/global-categories?post=14520"}],"curies":[{"name":"wp","href":"https:\/\/api.w.org\/{rel}","templated":true}]}}