{"id":14512,"date":"2022-06-17T10:00:26","date_gmt":"2022-06-17T08:00:26","guid":{"rendered":"https:\/\/www.welovecycling.com\/sk\/?p=14512"},"modified":"2022-06-17T07:07:41","modified_gmt":"2022-06-17T05:07:41","slug":"tipy-pre-vas-prvy-bikepacking-vylet-s-detmi","status":"publish","type":"post","link":"https:\/\/www.welovecycling.com\/sk\/2022\/06\/17\/tipy-pre-vas-prvy-bikepacking-vylet-s-detmi\/","title":{"rendered":"Tipy pre v\u00e1\u0161 prv\u00fd bikepacking v\u00fdlet s de\u0165mi"},"content":{"rendered":"<p><strong>Vyda\u0165 sa na mal\u00e9 dobrodru\u017estvo s prespan\u00edm v pr\u00edrode na bicykli je v\u00fdborn\u00fd a z\u00e1bavn\u00fd sp\u00f4sob, ako str\u00e1vi\u0165 \u010das so svojimi potomkami. Spolu s kamar\u00e1tkou a mojou dc\u00e9rou sme sa vydali na n\u00e1\u0161 prv\u00fd bikepacking v\u00fdlet s de\u0165mi, ke\u010f mala iba \u0161tyri roky. Bol to ve\u013ek\u00fd \u00faspech. Ak sa jej z\u00e1ujem o bicykel bude zv\u00e4\u010d\u0161ova\u0165, ur\u010dite postupne trvanie na\u0161ich v\u00fdletov pred\u013a\u017eime. S kone\u010dn\u00fdm cie\u013eom, \u017ee jedn\u00e9ho d\u0148a budeme spolu bicyklova\u0165 a kempova\u0165 vo Franc\u00fazsku. Tu je nieko\u013eko tipov, ktor\u00e9 v\u00e1m pom\u00f4\u017eu za\u010da\u0165 na va\u0161ej ceste.<\/strong><\/p>\n<p><!--more--><\/p>\n<p>1. <strong>Za\u010dnite s nie\u010d\u00edm mal\u00fdm.<\/strong> Napl\u00e1nujte si kr\u00e1tku, jednoduch\u00fa trasu, ktor\u00e1 nie je \u010faleko od domova. Bez prem\u00e1vky najlep\u0161ie. Ak si va\u0161e die\u0165a chce vysk\u00fa\u0161a\u0165 nies\u0165 nejak\u00e9 svoje vlastn\u00e9 veci, podporte ho v tom.<\/p>\n<p>2. <strong>Zabudnite na to, \u017ee p\u00f4jdete r\u00fdchlo.<\/strong> Na na\u0161om prvom v\u00fdlete s de\u0165mi sme pre\u0161li asi 10 km po miestnej cyklistickej ceste, pri\u010dom sme sa nieko\u013ekokr\u00e1t zastavili, aby sme vyliezli na stromy, pozorovali chrob\u00e1ky, pr\u00edrodu a jedli, \u010do sme si so sebou zabalili. P\u00f4jde to ve\u013emi pomaly, ale ke\u010f m\u00e1te skoro cel\u00fd de\u0148 na to, aby ste najazdili 10 km, nie je to ni\u010d hrozn\u00e9. Navy\u0161e v\u00e4\u010d\u0161inu v\u00fdbavy aj tak ponesiete vy.<\/p>\n<p>3. <strong>Majte svoje kempingov\u00e9 miesto vopred vybrat\u00e9.<\/strong> Ur\u010dite nechcete h\u013eada\u0165 miesto na spanie, ke\u010f u\u017e slnko zapadlo. P\u00e1\u010di sa mi str\u00e1nka s n\u00e1zvom <em>\u201eNearly Wild Camping\u201c<\/em>, preto\u017ee ich miesta s\u00fa super, nie s\u00fa preplnen\u00e9 a komer\u010dn\u00e9 a \u010dasto maj\u00fa \u201ekompostovacie z\u00e1chody&#8220; a miesto na zalo\u017eenie oh\u0148a.<\/p>\n<lite-youtube videoid=LadpVvxEDLE params=\"enablejsapi=1\" style=\"background-image: url('https:\/\/i.ytimg.com\/vi_webp\/LadpVvxEDLE\/maxresdefault.webp');\"><\/lite-youtube>\n<p>4. <strong>Vezmite si ve\u013ea ob\u010derstvenia.<\/strong> Su\u0161en\u00e9 ovocie, ry\u017eov\u00e9 kol\u00e1\u010diky a flapjacky s\u00fa skvel\u00e9 na zahnanie hladu a ke\u010f ide do tuh\u00e9ho, gumov\u00ed medvedici s\u00fa absol\u00fatnym z\u00e1chrancom \u017eivota. Marshmallows na opekanie na ohni s\u00fa pr\u00edjemnou poch\u00fa\u0165kou a ve\u010dernou aktivitou a zd\u00e1 sa, \u017ee aj instantn\u00e9 rezance v\u017edy padn\u00fa vhod.<\/p>\n<p>5. <strong>Zapojte deti do v\u0161etk\u00e9ho.<\/strong> Nechajte ich postavi\u0165 stan, zbiera\u0165 drevo na ohe\u0148, robi\u0165 si vlastn\u00e9 instantn\u00e9 rezance a nosi\u0165 si vlastn\u00e9 vybavenie.<\/p>\n<p>6. <strong>Vezmite si <a href=\"https:\/\/towwhee.com\/\" target=\"_blank\" rel=\"noopener\">TowWhee<\/a>.<\/strong> Druh bungee lana, ktor\u00fd pripevn\u00edte na bicykel v\u00e1\u0161ho die\u0165a\u0165a, aby ste mu pomohli, ke\u010f ide do tuh\u00e9ho.<\/p>\n<p>7. <strong>Ne\u017ee\u0148te ich do postele, nechajte ich hore dlh\u0161ie.<\/strong> Nie som si ist\u00e1, \u010di by so mnou v tomto v\u0161etci s\u00fahlasili, ale ke\u010f kempujeme, nesna\u017e\u00edm sa uklada\u0165 deti spa\u0165 v ich obvyklom \u010dase. Nechajte ich beha\u0165, nech sa unavia a sp\u00e1nok bude pre v\u0161etk\u00fdch jednoduch\u0161\u00ed a pr\u00edjemnej\u0161\u00ed. Pre m\u0148a je kempovanie oddychom od rutiny a \u0161ancou \u017ei\u0165 inak, tak si to u\u017eite.<\/p>\n<div class=\"shortcode-ys-post-pinup\"><article class=\"loop-simple post-14200 post type-post status-publish format-standard has-post-thumbnail hentry category-deti-na-bicykloch tag-bezpecna-jazda tag-bezpecnost tag-cyklorodinka tag-deti tag-deti-na-bicykli tag-nakupny-poradca tag-prilba\" data-postid=\"14200\" role=\"article\" data-post-id=\"14200\" data-word-count=\"381\" data-headline-length=\"48\" data-category=\"Deti na bicykloch\" data-author=\"Charlotte Murray\" data-published=\"2022-04-22T10:00:48+02:00\" data-published-day=\"Friday\">\n    <div class=\"entry-thumbnail article-thumbnail\" content=\"https:\/\/d2p6e6u75xmxt8.cloudfront.net\/4\/2022\/04\/Child-with-a-bike-profimedia-0642148384-CVR-150x150.webp\"><a href=\"https:\/\/www.welovecycling.com\/sk\/2022\/04\/22\/ako-vybrat-spravne-detsku-cyklisticku-prilbu\/\" class=\"image-holder\" target=\"_self\"><img decoding=\"async\" loading=\"lazy\" class=\"\" src=\"https:\/\/d2p6e6u75xmxt8.cloudfront.net\/4\/2022\/04\/Child-with-a-bike-profimedia-0642148384-CVR-1024x450.webp\" srcset=\"https:\/\/d2p6e6u75xmxt8.cloudfront.net\/4\/2022\/04\/Child-with-a-bike-profimedia-0642148384-CVR.webp 1366w, https:\/\/d2p6e6u75xmxt8.cloudfront.net\/4\/2022\/04\/Child-with-a-bike-profimedia-0642148384-CVR-300x132.webp 300w, https:\/\/d2p6e6u75xmxt8.cloudfront.net\/4\/2022\/04\/Child-with-a-bike-profimedia-0642148384-CVR-1024x450.webp 1024w, https:\/\/d2p6e6u75xmxt8.cloudfront.net\/4\/2022\/04\/Child-with-a-bike-profimedia-0642148384-CVR-768x337.webp 768w\" width=\"1024\" height=\"450\" sizes=\"auto, (min-width: 1200px) 456px, (min-width: 768px) 38vw, 100vw\" alt=\"ako-vybrat-spravne-detsku-cyklisticku-prilbu\"\/><\/a><\/div>    <div class=\"entry-meta\">\n        <a class=\"label label-secondary post-category\" href=\"https:\/\/www.welovecycling.com\/sk\/category\/deti-na-bicykloch\/\" title=\"Deti na bicykloch\">Deti na bicykloch<\/a>\n    <\/div>\n    <div class=\"entry-details\">\n        <a href=\"https:\/\/www.welovecycling.com\/sk\/2022\/04\/22\/ako-vybrat-spravne-detsku-cyklisticku-prilbu\/\" class='entry-title-wrapper'>\n            <h3 class=\"entry-title\"><span>Ako spr\u00e1vne vybra\u0165 detsk\u00fa cyklistick\u00fa prilbu<\/span><\/h3>\n        <\/a>\n    <\/div>\n    <\/article>\n<\/div>\n<p><strong>A moja posledn\u00e1 rada:<\/strong> nezabudnite vzia\u0165 na prv\u00fd bikepacking v\u00fdlet s de\u0165mi aj ich ob\u013e\u00faben\u00e9ho ply\u0161ov\u00e9ho medved\u00edka!<\/p>\n","protected":false},"excerpt":{"rendered":"<p>Vyda\u0165 sa na mal\u00e9 dobrodru\u017estvo s prespan\u00edm v pr\u00edrode na bicykli je v\u00fdborn\u00fd a z\u00e1bavn\u00fd sp\u00f4sob, ako str\u00e1vi\u0165 \u010das so [&hellip;]<\/p>\n","protected":false},"author":81,"featured_media":14514,"comment_status":"open","ping_status":"open","sticky":false,"template":"","format":"standard","meta":{"footnotes":""},"categories":[51],"tags":[1376,1510,53,1386,54,318,508],"global-categories":[],"class_list":["post-14512","post","type-post","status-publish","format-standard","has-post-thumbnail","hentry","category-deti-na-bicykloch","tag-bikepacking","tag-bikepacking-s-detmi","tag-deti","tag-deti-na-bicykli","tag-detske-bicykle","tag-vyjazd","tag-vylet"],"yoast_head":"<!-- This site is optimized with the Yoast SEO Premium plugin v25.3 (Yoast SEO v25.9) - https:\/\/yoast.com\/wordpress\/plugins\/seo\/ -->\n<title>Tipy pre v\u00e1\u0161 prv\u00fd bikepacking v\u00fdlet s de\u0165mi - \u0160koda We Love Cycling Slovensko<\/title>\n<meta name=\"description\" content=\"Spolu s kamar\u00e1tkou a mojou dc\u00e9rou sme sa vydali na n\u00e1\u0161 prv\u00fd poriadny bikepacking s de\u0165mi, ke\u010f mala iba \u0161tyri roky. Bol to ve\u013ek\u00fd \u00faspech.\" \/>\n<meta name=\"robots\" content=\"index, follow, max-snippet:-1, max-image-preview:large, max-video-preview:-1\" \/>\n<link rel=\"canonical\" href=\"https:\/\/www.welovecycling.com\/sk\/2022\/06\/17\/tipy-pre-vas-prvy-bikepacking-vylet-s-detmi\/\" \/>\n<meta property=\"og:locale\" content=\"sk_SK\" \/>\n<meta property=\"og:type\" content=\"article\" \/>\n<meta property=\"og:title\" content=\"Tipy pre v\u00e1\u0161 prv\u00fd bikepacking v\u00fdlet s de\u0165mi\" \/>\n<meta property=\"og:description\" content=\"Spolu s kamar\u00e1tkou a mojou dc\u00e9rou sme sa vydali na n\u00e1\u0161 prv\u00fd poriadny bikepacking s de\u0165mi, ke\u010f mala iba \u0161tyri roky. Bol to ve\u013ek\u00fd \u00faspech.\" \/>\n<meta property=\"og:url\" content=\"https:\/\/www.welovecycling.com\/sk\/2022\/06\/17\/tipy-pre-vas-prvy-bikepacking-vylet-s-detmi\/\" \/>\n<meta property=\"og:site_name\" content=\"\u0160koda We Love Cycling Slovensko\" \/>\n<meta property=\"article:published_time\" content=\"2022-06-17T08:00:26+00:00\" \/>\n<meta property=\"og:image\" content=\"https:\/\/d2p6e6u75xmxt8.cloudfront.net\/4\/2022\/05\/Juliet-Elliott-CVR.webp\" \/>\n\t<meta property=\"og:image:width\" content=\"990\" \/>\n\t<meta property=\"og:image:height\" content=\"660\" \/>\n\t<meta property=\"og:image:type\" content=\"image\/webp\" \/>\n<meta name=\"twitter:card\" content=\"summary_large_image\" \/>\n<meta name=\"twitter:label1\" content=\"Written by\" \/>\n\t<meta name=\"twitter:data1\" content=\"Charlotte Murray\" \/>\n\t<meta name=\"twitter:label2\" content=\"Est. reading time\" \/>\n\t<meta name=\"twitter:data2\" content=\"5\" \/>\n<script type=\"application\/ld+json\" class=\"yoast-schema-graph\">{\"@context\":\"https:\/\/schema.org\",\"@graph\":[{\"@type\":\"WebPage\",\"@id\":\"https:\/\/www.welovecycling.com\/sk\/2022\/06\/17\/tipy-pre-vas-prvy-bikepacking-vylet-s-detmi\/\",\"url\":\"https:\/\/www.welovecycling.com\/sk\/2022\/06\/17\/tipy-pre-vas-prvy-bikepacking-vylet-s-detmi\/\",\"name\":\"Tipy pre v\u00e1\u0161 prv\u00fd bikepacking v\u00fdlet s de\u0165mi - \u0160koda We Love Cycling Slovensko\",\"isPartOf\":{\"@id\":\"https:\/\/www.welovecycling.com\/sk\/#website\"},\"primaryImageOfPage\":{\"@id\":\"https:\/\/www.welovecycling.com\/sk\/2022\/06\/17\/tipy-pre-vas-prvy-bikepacking-vylet-s-detmi\/#primaryimage\"},\"image\":{\"@id\":\"https:\/\/www.welovecycling.com\/sk\/2022\/06\/17\/tipy-pre-vas-prvy-bikepacking-vylet-s-detmi\/#primaryimage\"},\"thumbnailUrl\":\"https:\/\/d2p6e6u75xmxt8.cloudfront.net\/4\/2022\/05\/Juliet-Elliott-CVR.webp\",\"datePublished\":\"2022-06-17T08:00:26+00:00\",\"author\":{\"@id\":\"\"},\"description\":\"Spolu s kamar\u00e1tkou a mojou dc\u00e9rou sme sa vydali na n\u00e1\u0161 prv\u00fd poriadny bikepacking s de\u0165mi, ke\u010f mala iba \u0161tyri roky. Bol to ve\u013ek\u00fd \u00faspech.\",\"breadcrumb\":{\"@id\":\"https:\/\/www.welovecycling.com\/sk\/2022\/06\/17\/tipy-pre-vas-prvy-bikepacking-vylet-s-detmi\/#breadcrumb\"},\"inLanguage\":\"sk-SK\",\"potentialAction\":[{\"@type\":\"ReadAction\",\"target\":[\"https:\/\/www.welovecycling.com\/sk\/2022\/06\/17\/tipy-pre-vas-prvy-bikepacking-vylet-s-detmi\/\"]}]},{\"@type\":\"ImageObject\",\"inLanguage\":\"sk-SK\",\"@id\":\"https:\/\/www.welovecycling.com\/sk\/2022\/06\/17\/tipy-pre-vas-prvy-bikepacking-vylet-s-detmi\/#primaryimage\",\"url\":\"https:\/\/d2p6e6u75xmxt8.cloudfront.net\/4\/2022\/05\/Juliet-Elliott-CVR.webp\",\"contentUrl\":\"https:\/\/d2p6e6u75xmxt8.cloudfront.net\/4\/2022\/05\/Juliet-Elliott-CVR.webp\",\"width\":990,\"height\":660,\"caption\":\"Juliet Elliott\"},{\"@type\":\"BreadcrumbList\",\"@id\":\"https:\/\/www.welovecycling.com\/sk\/2022\/06\/17\/tipy-pre-vas-prvy-bikepacking-vylet-s-detmi\/#breadcrumb\",\"itemListElement\":[{\"@type\":\"ListItem\",\"position\":1,\"name\":\"Home\",\"item\":\"https:\/\/www.welovecycling.com\/sk\/\"},{\"@type\":\"ListItem\",\"position\":2,\"name\":\"Tipy pre v\u00e1\u0161 prv\u00fd bikepacking v\u00fdlet s de\u0165mi\"}]},{\"@type\":\"WebSite\",\"@id\":\"https:\/\/www.welovecycling.com\/sk\/#website\",\"url\":\"https:\/\/www.welovecycling.com\/sk\/\",\"name\":\"\u0160koda We Love Cycling Slovensko\",\"description\":\"\u0160koda We Love Cycling Slovensko je v\u00e1\u0161 ka\u017edodenn\u00fd zdroj noviniek a in\u0161pir\u00e1cie z sveta cyklistiky\",\"potentialAction\":[{\"@type\":\"SearchAction\",\"target\":{\"@type\":\"EntryPoint\",\"urlTemplate\":\"https:\/\/www.welovecycling.com\/sk\/?s={search_term_string}\"},\"query-input\":{\"@type\":\"PropertyValueSpecification\",\"valueRequired\":true,\"valueName\":\"search_term_string\"}}],\"inLanguage\":\"sk-SK\"},{\"@type\":\"Person\",\"@id\":\"\",\"url\":\"https:\/\/www.welovecycling.com\/sk\/author\/\"}]}<\/script>\n<!-- \/ Yoast SEO Premium plugin. -->","yoast_head_json":{"title":"Tipy pre v\u00e1\u0161 prv\u00fd bikepacking v\u00fdlet s de\u0165mi - \u0160koda We Love Cycling Slovensko","description":"Spolu s kamar\u00e1tkou a mojou dc\u00e9rou sme sa vydali na n\u00e1\u0161 prv\u00fd poriadny bikepacking s de\u0165mi, ke\u010f mala iba \u0161tyri roky. Bol to ve\u013ek\u00fd \u00faspech.","robots":{"index":"index","follow":"follow","max-snippet":"max-snippet:-1","max-image-preview":"max-image-preview:large","max-video-preview":"max-video-preview:-1"},"canonical":"https:\/\/www.welovecycling.com\/sk\/2022\/06\/17\/tipy-pre-vas-prvy-bikepacking-vylet-s-detmi\/","og_locale":"sk_SK","og_type":"article","og_title":"Tipy pre v\u00e1\u0161 prv\u00fd bikepacking v\u00fdlet s de\u0165mi","og_description":"Spolu s kamar\u00e1tkou a mojou dc\u00e9rou sme sa vydali na n\u00e1\u0161 prv\u00fd poriadny bikepacking s de\u0165mi, ke\u010f mala iba \u0161tyri roky. Bol to ve\u013ek\u00fd \u00faspech.","og_url":"https:\/\/www.welovecycling.com\/sk\/2022\/06\/17\/tipy-pre-vas-prvy-bikepacking-vylet-s-detmi\/","og_site_name":"\u0160koda We Love Cycling Slovensko","article_published_time":"2022-06-17T08:00:26+00:00","og_image":[{"width":990,"height":660,"url":"https:\/\/d2p6e6u75xmxt8.cloudfront.net\/4\/2022\/05\/Juliet-Elliott-CVR.webp","type":"image\/webp"}],"twitter_card":"summary_large_image","twitter_misc":{"Written by":"Charlotte Murray","Est. reading time":"5"},"schema":{"@context":"https:\/\/schema.org","@graph":[{"@type":"WebPage","@id":"https:\/\/www.welovecycling.com\/sk\/2022\/06\/17\/tipy-pre-vas-prvy-bikepacking-vylet-s-detmi\/","url":"https:\/\/www.welovecycling.com\/sk\/2022\/06\/17\/tipy-pre-vas-prvy-bikepacking-vylet-s-detmi\/","name":"Tipy pre v\u00e1\u0161 prv\u00fd bikepacking v\u00fdlet s de\u0165mi - \u0160koda We Love Cycling Slovensko","isPartOf":{"@id":"https:\/\/www.welovecycling.com\/sk\/#website"},"primaryImageOfPage":{"@id":"https:\/\/www.welovecycling.com\/sk\/2022\/06\/17\/tipy-pre-vas-prvy-bikepacking-vylet-s-detmi\/#primaryimage"},"image":{"@id":"https:\/\/www.welovecycling.com\/sk\/2022\/06\/17\/tipy-pre-vas-prvy-bikepacking-vylet-s-detmi\/#primaryimage"},"thumbnailUrl":"https:\/\/d2p6e6u75xmxt8.cloudfront.net\/4\/2022\/05\/Juliet-Elliott-CVR.webp","datePublished":"2022-06-17T08:00:26+00:00","author":{"@id":""},"description":"Spolu s kamar\u00e1tkou a mojou dc\u00e9rou sme sa vydali na n\u00e1\u0161 prv\u00fd poriadny bikepacking s de\u0165mi, ke\u010f mala iba \u0161tyri roky. Bol to ve\u013ek\u00fd \u00faspech.","breadcrumb":{"@id":"https:\/\/www.welovecycling.com\/sk\/2022\/06\/17\/tipy-pre-vas-prvy-bikepacking-vylet-s-detmi\/#breadcrumb"},"inLanguage":"sk-SK","potentialAction":[{"@type":"ReadAction","target":["https:\/\/www.welovecycling.com\/sk\/2022\/06\/17\/tipy-pre-vas-prvy-bikepacking-vylet-s-detmi\/"]}]},{"@type":"ImageObject","inLanguage":"sk-SK","@id":"https:\/\/www.welovecycling.com\/sk\/2022\/06\/17\/tipy-pre-vas-prvy-bikepacking-vylet-s-detmi\/#primaryimage","url":"https:\/\/d2p6e6u75xmxt8.cloudfront.net\/4\/2022\/05\/Juliet-Elliott-CVR.webp","contentUrl":"https:\/\/d2p6e6u75xmxt8.cloudfront.net\/4\/2022\/05\/Juliet-Elliott-CVR.webp","width":990,"height":660,"caption":"Juliet Elliott"},{"@type":"BreadcrumbList","@id":"https:\/\/www.welovecycling.com\/sk\/2022\/06\/17\/tipy-pre-vas-prvy-bikepacking-vylet-s-detmi\/#breadcrumb","itemListElement":[{"@type":"ListItem","position":1,"name":"Home","item":"https:\/\/www.welovecycling.com\/sk\/"},{"@type":"ListItem","position":2,"name":"Tipy pre v\u00e1\u0161 prv\u00fd bikepacking v\u00fdlet s de\u0165mi"}]},{"@type":"WebSite","@id":"https:\/\/www.welovecycling.com\/sk\/#website","url":"https:\/\/www.welovecycling.com\/sk\/","name":"\u0160koda We Love Cycling Slovensko","description":"\u0160koda We Love Cycling Slovensko je v\u00e1\u0161 ka\u017edodenn\u00fd zdroj noviniek a in\u0161pir\u00e1cie z sveta cyklistiky","potentialAction":[{"@type":"SearchAction","target":{"@type":"EntryPoint","urlTemplate":"https:\/\/www.welovecycling.com\/sk\/?s={search_term_string}"},"query-input":{"@type":"PropertyValueSpecification","valueRequired":true,"valueName":"search_term_string"}}],"inLanguage":"sk-SK"},{"@type":"Person","@id":"","url":"https:\/\/www.welovecycling.com\/sk\/author\/"}]}},"_links":{"self":[{"href":"https:\/\/www.welovecycling.com\/sk\/wp-json\/wp\/v2\/posts\/14512","targetHints":{"allow":["GET"]}}],"collection":[{"href":"https:\/\/www.welovecycling.com\/sk\/wp-json\/wp\/v2\/posts"}],"about":[{"href":"https:\/\/www.welovecycling.com\/sk\/wp-json\/wp\/v2\/types\/post"}],"author":[{"embeddable":true,"href":"https:\/\/www.welovecycling.com\/sk\/wp-json\/wp\/v2\/users\/81"}],"replies":[{"embeddable":true,"href":"https:\/\/www.welovecycling.com\/sk\/wp-json\/wp\/v2\/comments?post=14512"}],"version-history":[{"count":2,"href":"https:\/\/www.welovecycling.com\/sk\/wp-json\/wp\/v2\/posts\/14512\/revisions"}],"predecessor-version":[{"id":14683,"href":"https:\/\/www.welovecycling.com\/sk\/wp-json\/wp\/v2\/posts\/14512\/revisions\/14683"}],"wp:featuredmedia":[{"embeddable":true,"href":"https:\/\/www.welovecycling.com\/sk\/wp-json\/wp\/v2\/media\/14514"}],"wp:attachment":[{"href":"https:\/\/www.welovecycling.com\/sk\/wp-json\/wp\/v2\/media?parent=14512"}],"wp:term":[{"taxonomy":"category","embeddable":true,"href":"https:\/\/www.welovecycling.com\/sk\/wp-json\/wp\/v2\/categories?post=14512"},{"taxonomy":"post_tag","embeddable":true,"href":"https:\/\/www.welovecycling.com\/sk\/wp-json\/wp\/v2\/tags?post=14512"},{"taxonomy":"global-categories","embeddable":true,"href":"https:\/\/www.welovecycling.com\/sk\/wp-json\/wp\/v2\/global-categories?post=14512"}],"curies":[{"name":"wp","href":"https:\/\/api.w.org\/{rel}","templated":true}]}}