{"id":14497,"date":"2022-05-31T10:00:44","date_gmt":"2022-05-31T08:00:44","guid":{"rendered":"https:\/\/www.welovecycling.com\/sk\/?p=14497"},"modified":"2022-06-06T10:39:11","modified_gmt":"2022-06-06T08:39:11","slug":"junovy-prehlad-slovenskych-maratonov-kde-vsade-sa-mozeme-vyblaznit","status":"publish","type":"post","link":"https:\/\/www.welovecycling.com\/sk\/2022\/05\/31\/junovy-prehlad-slovenskych-maratonov-kde-vsade-sa-mozeme-vyblaznit\/","title":{"rendered":"J\u00fanov\u00fd preh\u013ead slovensk\u00fdch marat\u00f3nov &#8211; kde v\u0161ade sa m\u00f4\u017eeme vybl\u00e1zni\u0165?"},"content":{"rendered":"<p><strong>Ak sa u\u017e ani vy neviete do\u010dka\u0165 leta, pr\u00e1zdnin a\u00a0dovoleniek, vybrali sme nieko\u013eko skvel\u00fdch slovensk\u00fdch cyklistick\u00fdch akci\u00ed, na ktor\u00fdch si t\u00fa letn\u00fa atmosf\u00e9ru dokonale pribl\u00ed\u017eite.<\/strong><!--more--><\/p>\n<h2><strong>03. 06. &#8211; 05. 06. 2022 \u2013 BikeFest \u2013 K\u00e1lnica<\/strong><\/h2>\n<p>Prv\u00fd j\u00fanov\u00fd v\u00edkend m\u00f4\u017eete od\u0161tartova\u0165 skvelou akciou na BikeFeste v\u00a0K\u00e1lnici. Ozna\u010den\u00edm najstar\u0161ie enduro preteky na Slovensku sa nem\u00f4\u017ee pochv\u00e1li\u0165 hocikto a\u00a0tak v\u00a0sobotu sa <strong>odjazd\u00ed Scott Enduro Race \u010do je 2. kolo slovensk\u00e9ho poh\u00e1ra<\/strong>, kde m\u00f4\u017eete z\u00edska\u0165 korunu kr\u00e1\u013ea lesa na 30 kilometrovom okruhu. V\u00a0druh\u00fd de\u0148 festivalu je pripraven\u00fd marat\u00f3n. Najdlh\u0161ia tra\u0165 m\u00e1 49,5 kilometrov, krat\u0161ia 34,5&nbsp;kilometrov a\u00a0rodinn\u00fd okruh m\u00e1 7,2 kilometra. Okrem pretekov v\u00e1s \u010dakaj\u00fa atrakcie ako pumptrack, testy bicyklov \u010di detsk\u00e1 z\u00f3na.<\/p>\n<figure id=\"attachment_14502\" aria-describedby=\"caption-attachment-14502\" style=\"width: 990px\" class=\"wp-caption alignnone\"><a href=\"https:\/\/d2p6e6u75xmxt8.cloudfront.net\/4\/2022\/05\/01.jpg\"><img loading=\"lazy\" decoding=\"async\" src=\"https:\/\/d2p6e6u75xmxt8.cloudfront.net\/4\/2022\/05\/01.jpg\" alt=\"Filip Nagy\/BikeFest\" width=\"990\" height=\"660\" class=\"size-full wp-image-14502\" \/><\/a><figcaption id=\"caption-attachment-14502\" class=\"wp-caption-text\">Filip Nagy\/BikeFest<\/figcaption><\/figure>\n<h2><strong>11. 06. 2022 \u2013 \u0160koda Slovensk\u00fd raj \u2013 Hrabu\u0161ice Podlesok<\/strong><\/h2>\n<p>Ka\u017edoro\u010dne je toto kolo v\u00a0Slovenskom raji ve\u013emi ob\u013e\u00faben\u00e9 a\u00a0niet sa \u010do \u010dudova\u0165. Kr\u00e1sne prostredie dop\u013a\u0148a skvel\u00fa atmosf\u00e9ru, ktor\u00e1 po\u010das s\u00e9rie \u0160koda BIKE OPEN TOUR ka\u017edoro\u010dne vl\u00e1dne. Z\u00fa\u010dastni\u0165 sa m\u00f4\u017eu v\u0161etky kateg\u00f3rie. Pripraven\u00e9 s\u00fa viacer\u00e9 trate a\u00a0<strong>okrem tradi\u010dn\u00fdch v\u00a0d\u013a\u017eke 68 km, 54 km a\u00a014 km, si na svoje pr\u00eddu aj fan\u00fa\u0161ikovia gravel \u010di e-bicyklov<\/strong>. Organiz\u00e1tori nezab\u00fadaj\u00fa ani na deti, pre ktor\u00e9 je pripraven\u00e1 tra\u0165 v\u00a0d\u013a\u017eke 10 kilometrov.<\/p>\n<p><a href=\"https:\/\/d2p6e6u75xmxt8.cloudfront.net\/4\/2022\/05\/Raj_01.jpg\"><img loading=\"lazy\" decoding=\"async\" src=\"https:\/\/d2p6e6u75xmxt8.cloudfront.net\/4\/2022\/05\/Raj_01.jpg\" alt=\"\" width=\"990\" height=\"660\" class=\"alignnone size-full wp-image-14500\" \/><\/a><\/p>\n<div class=\"shortcode-ys-post-pinup\"><article class=\"loop-simple post-12196 post type-post status-publish format-standard has-post-thumbnail hentry category-reportaz category-sbot tag-horska-cyklistika tag-leto tag-reportaz tag-rodina tag-rodinny-maraton tag-sezona-2021 tag-skoda tag-skoda-auto tag-skoda-bicykel tag-skoda-dedina tag-skoda-slovensky-raj tag-skoda-tim tag-slovensko global-categories-cycling\" data-postid=\"12196\" role=\"article\" data-post-id=\"12196\" data-word-count=\"371\" data-headline-length=\"60\" data-category=\"Report\u00e1\u017e\" data-global-category=\"Cycling\" data-author=\"Radovan Vr\u0161ka\" data-published=\"2021-07-08T14:05:57+02:00\" data-published-day=\"Thursday\">\n    <div class=\"entry-thumbnail article-thumbnail\" content=\"https:\/\/d2p6e6u75xmxt8.cloudfront.net\/4\/2021\/07\/Report_00-150x150.webp\"><a href=\"https:\/\/www.welovecycling.com\/sk\/2021\/07\/08\/reportaz-2-kolo-sbot-skoda-slovensky-raj-2021\/\" class=\"image-holder\" target=\"_self\"><img decoding=\"async\" loading=\"lazy\" class=\"\" src=\"https:\/\/d2p6e6u75xmxt8.cloudfront.net\/4\/2021\/07\/Report_00-1024x445.webp\" srcset=\"https:\/\/d2p6e6u75xmxt8.cloudfront.net\/4\/2021\/07\/Report_00.webp 1380w, https:\/\/d2p6e6u75xmxt8.cloudfront.net\/4\/2021\/07\/Report_00-300x130.webp 300w, https:\/\/d2p6e6u75xmxt8.cloudfront.net\/4\/2021\/07\/Report_00-1024x445.webp 1024w, https:\/\/d2p6e6u75xmxt8.cloudfront.net\/4\/2021\/07\/Report_00-768x334.webp 768w\" width=\"1024\" height=\"445\" sizes=\"auto, (min-width: 1200px) 460px, (min-width: 768px) 38vw, 100vw\" alt=\"reportaz-2-kolo-sbot-skoda-slovensky-raj-2021\"\/><\/a><\/div>    <div class=\"entry-meta\">\n        <a class=\"label label-secondary post-category\" href=\"https:\/\/www.welovecycling.com\/sk\/category\/sbot\/reportaz\/\" title=\"Report\u00e1\u017e\">Report\u00e1\u017e<\/a>\n    <\/div>\n    <div class=\"entry-details\">\n        <a href=\"https:\/\/www.welovecycling.com\/sk\/2021\/07\/08\/reportaz-2-kolo-sbot-skoda-slovensky-raj-2021\/\" class='entry-title-wrapper'>\n            <h3 class=\"entry-title\"><span>Report\u00e1\u017e: 2. kolo \u0160BOT &#8211; \u0160koda Slovensk\u00fd raj 2021<\/span><\/h3>\n        <\/a>\n    <\/div>\n    <\/article>\n<\/div>\n<h2><strong>11. 06. 2022 \u2013 \u017dabokreky Tour \u2013 \u017dabokreky nad Nitrou<\/strong><\/h2>\n<p>Ak preferujete cestn\u00e9 jazdenie pred horskou cyklistikou, m\u00e1me pre v\u00e1s t\u00fato skvel\u00fa akciou. Je to druh\u00fd ro\u010dn\u00edk cykloakcie, ktor\u00fa organizuje Cyklo-Turistick\u00fd klub. <strong>Preteky s\u00fa ur\u010den\u00e9 pre v\u0161etk\u00fdch, \u010di u\u017e jazd\u00edte cestn\u00fd, gravel alebo horsk\u00fd bicykel.<\/strong> \u010cakaj\u00fa v\u00e1s tri hlavn\u00e9 trate \u2013 C1 v\u00a0d\u013a\u017eke 105&nbsp;kilometrov, C2 okruh 53 kilometrov a\u00a0ten najkrat\u0161\u00ed C3 v\u00a0d\u013a\u017eke 31 kilometrov. Pre deti s\u00fa pripraven\u00e9 dve detsk\u00e9 trate v\u00a0d\u013a\u017eke 7,2 a\u00a01 kilometer. Pr\u00ed\u010fte si u\u017ei\u0165 pr\u00edjemn\u00fa atmosf\u00e9ru a\u00a0spozna\u0165 nov\u00fdch \u013eud\u00ed.<\/p>\n<p><a href=\"https:\/\/d2p6e6u75xmxt8.cloudfront.net\/4\/2022\/05\/02.jpg\"><img loading=\"lazy\" decoding=\"async\" src=\"https:\/\/d2p6e6u75xmxt8.cloudfront.net\/4\/2022\/05\/02.jpg\" alt=\"\" width=\"990\" height=\"660\" class=\"alignnone size-full wp-image-14501\" \/><\/a><\/p>\n<h2><strong>18. 06. 2022 \u2013 Detsk\u00e1 tour Petra Sagana \u2013 \u0160amor\u00edn<\/strong><\/h2>\n<p>Are\u00e1l X-bionic\u00ae Sphere bude aj tento rok hosti\u0165 ob\u013e\u00faben\u00fa Detsk\u00fa tour a\u00a0jazdci bud\u00fa ma\u0165 pr\u00edle\u017eitos\u0165 u\u017ei\u0165 si trochu in\u00fd povrch, preto\u017ee je zn\u00e1me, \u017ee v\u00a0\u0160amor\u00edne bud\u00fa ma\u0165 pod kolesami hlavne piesok. Minul\u00fd rok pretek\u00e1rov potr\u00e1pil siln\u00fd vietor a\u00a0tak uvid\u00edme, \u010do n\u00e1m po\u010dasie prinesie tento rok. R\u00f4zne druhy po\u010dasia, tak\u00fd je \u017eivot cyklistu a\u00a0je dobr\u00e9, ke\u010f sa na to mlad\u00ed jazdci pripravuj\u00fa u\u017e od detstva. <strong>Tento rok v\u0161ak ver\u00edme v\u00a0pekn\u00e9 po\u010dasie a\u00a0poriadnu d\u00e1vku z\u00e1bavy pre cel\u00fa rodinu.<\/strong> <\/p>\n<h2><strong>19. 06. 2022 \u2013 Pachova cyklova\u010dka \u2013 Hybe<\/strong><\/h2>\n<p>Ak chcete za\u017ei\u0165 neopakovate\u013en\u00fa atmosf\u00e9ru v\u00a0r\u00e1zovitom kraji pod Kriv\u00e1\u0148om, m\u00e1te jedine\u010dn\u00fa mo\u017enos\u0165 z\u00fa\u010dastni\u0165 sa druh\u00e9ho ro\u010dn\u00edka tejto cykloakcie. Kona\u0165 sa bude v\u00a0are\u00e1li be\u017eeck\u00e9ho ly\u017eovania. <strong>Pripraven\u00e1 bude tra\u0165 s\u00a0tematick\u00fdm n\u00e1zvom \u201e1 300 hrmen\u00fdch\u201c.<\/strong> Je to okruh v\u00a0d\u013a\u017eke 12 kilometrov s\u00a0prev\u00fd\u0161en\u00edm 450 metrov. Jazdi\u0165 sa bud\u00fa dve kol\u00e1 a\u00a0jazdcov bude \u010daka\u0165 aj vrch\u00e1rska pr\u00e9mia s\u00a0\u201el\u00e1kav\u00fdm\u201c ozna\u010den\u00edm Peklo. Preteky s\u00fa zahrnut\u00e9 do seri\u00e1lu o\u00a0poh\u00e1r Liptova, \u201eCvyklo poh\u00e1r\u201c, tak\u017ee si tu m\u00f4\u017eete odjazdi\u0165 prv\u00e9 kolo.<\/p>\n<div class=\"shortcode-ys-post-pinup\"><article class=\"loop-simple post-12062 post type-post status-publish format-standard has-post-thumbnail hentry category-reportaz category-sbot tag-fotogaleria tag-horska-cyklistika tag-jazdenie tag-maraton tag-mtb tag-preteky tag-reportaz tag-rodina tag-rodinny-maraton tag-sezona-2021 tag-skoda tag-skoda-auto tag-skoda-dedina tag-skoda-mtb-cyklomaraton-topolcianky tag-skoda-tim tag-topolcianky tag-vitaz global-categories-cycling\" data-postid=\"12062\" role=\"article\" data-post-id=\"12062\" data-word-count=\"206\" data-headline-length=\"79\" data-category=\"Report\u00e1\u017e\" data-global-category=\"Cycling\" data-author=\"WeLoveCycling\" data-published=\"2021-06-29T17:05:36+02:00\" data-published-day=\"Tuesday\">\n    <div class=\"entry-thumbnail article-thumbnail\" content=\"https:\/\/d2p6e6u75xmxt8.cloudfront.net\/4\/2021\/06\/Report_SBOT_00-150x150.webp\"><a href=\"https:\/\/www.welovecycling.com\/sk\/2021\/06\/29\/reportaz-skoda-mtb-cyklomaraton-topolcianky-prve-kolo-nasej-serie\/\" class=\"image-holder\" target=\"_self\"><img decoding=\"async\" loading=\"lazy\" class=\"\" src=\"https:\/\/d2p6e6u75xmxt8.cloudfront.net\/4\/2021\/06\/Report_SBOT_00-1024x445.webp\" srcset=\"https:\/\/d2p6e6u75xmxt8.cloudfront.net\/4\/2021\/06\/Report_SBOT_00.webp 1380w, https:\/\/d2p6e6u75xmxt8.cloudfront.net\/4\/2021\/06\/Report_SBOT_00-300x130.webp 300w, https:\/\/d2p6e6u75xmxt8.cloudfront.net\/4\/2021\/06\/Report_SBOT_00-1024x445.webp 1024w, https:\/\/d2p6e6u75xmxt8.cloudfront.net\/4\/2021\/06\/Report_SBOT_00-768x334.webp 768w\" width=\"1024\" height=\"445\" sizes=\"auto, (min-width: 1200px) 460px, (min-width: 768px) 38vw, 100vw\" alt=\"reportaz-skoda-mtb-cyklomaraton-topolcianky-prve-kolo-nasej-serie\"\/><\/a><\/div>    <div class=\"entry-meta\">\n        <a class=\"label label-secondary post-category\" href=\"https:\/\/www.welovecycling.com\/sk\/category\/sbot\/reportaz\/\" title=\"Report\u00e1\u017e\">Report\u00e1\u017e<\/a>\n    <\/div>\n    <div class=\"entry-details\">\n        <a href=\"https:\/\/www.welovecycling.com\/sk\/2021\/06\/29\/reportaz-skoda-mtb-cyklomaraton-topolcianky-prve-kolo-nasej-serie\/\" class='entry-title-wrapper'>\n            <h3 class=\"entry-title\"><span>Report\u00e1\u017e: \u0160koda MTB cyklomarat\u00f3n Topo\u013e\u010dianky \u2013 prv\u00e9 kolo na\u0161ej s\u00e9rie<\/span><\/h3>\n        <\/a>\n    <\/div>\n    <\/article>\n<\/div>\n<h2><strong>25. 06. 2022 \u2013 \u0160koda MTB cyklomarat\u00f3n Topo\u013e\u010dianky<\/strong><\/h2>\n<p>O\u00a0vrchoch v Tr\u00edbe\u010di sa toho u\u017e nap\u00edsalo ve\u013ea a\u00a0o\u00a0ich tajomstv\u00e1ch koluj\u00fa r\u00f4zne povesti. A\u00a0pr\u00e1ve preto ich treba za\u017ei\u0165 na vlastnej ko\u017ei a\u00a0pr\u00edle\u017eitos\u0165 m\u00e1te po\u010das predposledn\u00e9ho kola \u0160koda BIKE OPEN TOUR v\u00a0Topo\u013e\u010diankach. Tra\u0165 je napl\u00e1novan\u00e1 cez kr\u00e1snu pr\u00edrodu a\u00a0priamo na trati pod hradom Hru\u0161ov jazdcov \u010dak\u00e1 \u0161peci\u00e1lna cena kr\u00e1\u013ea Hru\u0161ova. <strong>Dlh\u00e1 tra\u0165 m\u00e1 68 km, stredn\u00e1 tra\u0165 45 km a\u00a0kr\u00e1tka tra\u0165 25&nbsp;km.<\/strong> Pre fan\u00fa\u0161ikov e-bike je pripraven\u00fdch 45 km a\u00a0\u0160koda Family tra\u0165 m\u00e1 15 kilometrov.<\/p>\n<div id='gallery-1' class='gallery galleryid-12062 gallery-columns-2 gallery-size-full'><figure class='gallery-item'>\n\t\t\t<div class='gallery-icon landscape'>\n\t\t\t\t<a href='https:\/\/d2p6e6u75xmxt8.cloudfront.net\/4\/2022\/05\/03.webp'><img loading=\"lazy\" decoding=\"async\" width=\"990\" height=\"660\" src=\"https:\/\/d2p6e6u75xmxt8.cloudfront.net\/4\/2022\/05\/03.webp\" class=\"attachment-full size-full\" alt=\"\" srcset=\"https:\/\/d2p6e6u75xmxt8.cloudfront.net\/4\/2022\/05\/03.webp 990w, https:\/\/d2p6e6u75xmxt8.cloudfront.net\/4\/2022\/05\/03-300x200.webp 300w, https:\/\/d2p6e6u75xmxt8.cloudfront.net\/4\/2022\/05\/03-768x512.webp 768w, https:\/\/d2p6e6u75xmxt8.cloudfront.net\/4\/2022\/05\/03-272x182.webp 272w\" sizes=\"auto, (max-width: 990px) 100vw, 990px\" \/><\/a>\n\t\t\t<\/div><\/figure><figure class='gallery-item'>\n\t\t\t<div class='gallery-icon landscape'>\n\t\t\t\t<a href='https:\/\/d2p6e6u75xmxt8.cloudfront.net\/4\/2022\/05\/Topolcianky_01.webp'><img loading=\"lazy\" decoding=\"async\" width=\"1640\" height=\"1091\" src=\"https:\/\/d2p6e6u75xmxt8.cloudfront.net\/4\/2022\/05\/Topolcianky_01.webp\" class=\"attachment-full size-full\" alt=\"\" srcset=\"https:\/\/d2p6e6u75xmxt8.cloudfront.net\/4\/2022\/05\/Topolcianky_01.webp 1640w, https:\/\/d2p6e6u75xmxt8.cloudfront.net\/4\/2022\/05\/Topolcianky_01-300x200.webp 300w, https:\/\/d2p6e6u75xmxt8.cloudfront.net\/4\/2022\/05\/Topolcianky_01-1024x681.webp 1024w, https:\/\/d2p6e6u75xmxt8.cloudfront.net\/4\/2022\/05\/Topolcianky_01-768x511.webp 768w, https:\/\/d2p6e6u75xmxt8.cloudfront.net\/4\/2022\/05\/Topolcianky_01-1536x1022.webp 1536w, https:\/\/d2p6e6u75xmxt8.cloudfront.net\/4\/2022\/05\/Topolcianky_01-272x182.webp 272w\" sizes=\"auto, (max-width: 1640px) 100vw, 1640px\" \/><\/a>\n\t\t\t<\/div><\/figure>\n\t\t<\/div>\n\n<h2><strong>26. 06. 2022 &#8211; Detsk\u00e1 tour Petra Sagana \u2013 Ko\u0161ice<\/strong><\/h2>\n<p>Detsk\u00e1 Tour sa po troch rokoch vracia na trate v\u00a0Ko\u0161iciach v\u00a0rekrea\u010dnom stredisku Jahodn\u00e1. Z\u00fa\u010dastni\u0165 sa oplat\u00ed, preto\u017ee ka\u017ed\u00fd mal\u00fd pretek\u00e1r dost\u00e1va v\u00a0cieli \u00fa\u010dastn\u00edcku medailu a\u00a0pri 4 \u00fa\u010dastiach na tohtoro\u010dnom kole, z\u00edskava cyklista hodnotn\u00fd dar\u010dek. Okrem s\u00fa\u0165a\u017eenia v\u00e1s v\u0161ak po\u010das ka\u017ed\u00e9ho kola \u010dak\u00e1 bohat\u00fd sprievodn\u00fd program, lebo ve\u010f hlavn\u00e9 heslo cel\u00e9ho podujatia je \u2013 <strong>bicyklovanie je z\u00e1bava<\/strong>. <\/p>\n","protected":false},"excerpt":{"rendered":"<p>Ak sa u\u017e ani vy neviete do\u010dka\u0165 leta, pr\u00e1zdnin a\u00a0dovoleniek, vybrali sme nieko\u013eko skvel\u00fdch slovensk\u00fdch cyklistick\u00fdch akci\u00ed, na ktor\u00fdch si [&hellip;]<\/p>\n","protected":false},"author":81,"featured_media":14499,"comment_status":"open","ping_status":"open","sticky":false,"template":"","format":"standard","meta":{"footnotes":""},"categories":[34],"tags":[764,180,1508,178,931,91,179,1411,542,1363,271,523],"global-categories":[1074],"class_list":["post-14497","post","type-post","status-publish","format-standard","has-post-thumbnail","hentry","category-podujatia","tag-detska-tour-petra-sagana","tag-horska-cyklistika","tag-jun","tag-maraton","tag-odporucame","tag-pozvanka","tag-preteky","tag-sezona-2022","tag-skoda","tag-skoda-mtb-cyklomaraton-topolcianky","tag-skoda-slovensky-raj","tag-slovensko","global-categories-cycling"],"yoast_head":"<!-- This site is optimized with the Yoast SEO Premium plugin v25.3 (Yoast SEO v25.9) - https:\/\/yoast.com\/wordpress\/plugins\/seo\/ -->\n<title>J\u00fanov\u00fd preh\u013ead slovensk\u00fdch marat\u00f3nov - kde v\u0161ade sa m\u00f4\u017eeme vybl\u00e1zni\u0165? - \u0160koda We Love Cycling Slovensko<\/title>\n<meta name=\"description\" content=\"Ak sa neviete do\u010dka\u0165 leta, vybrali sme nieko\u013eko skvel\u00fdch slovensk\u00fdch marat\u00f3nov, na ktor\u00fdch si v j\u00fani letn\u00fa atmosf\u00e9ru dokonale pribl\u00ed\u017eite.\" \/>\n<meta name=\"robots\" content=\"index, follow, max-snippet:-1, max-image-preview:large, max-video-preview:-1\" \/>\n<link rel=\"canonical\" href=\"https:\/\/www.welovecycling.com\/sk\/2022\/05\/31\/junovy-prehlad-slovenskych-maratonov-kde-vsade-sa-mozeme-vyblaznit\/\" \/>\n<meta property=\"og:locale\" content=\"sk_SK\" \/>\n<meta property=\"og:type\" content=\"article\" \/>\n<meta property=\"og:title\" content=\"J\u00fanov\u00fd preh\u013ead slovensk\u00fdch marat\u00f3nov - kde v\u0161ade sa m\u00f4\u017eeme vybl\u00e1zni\u0165?\" \/>\n<meta property=\"og:description\" content=\"Ak sa neviete do\u010dka\u0165 leta, vybrali sme nieko\u013eko skvel\u00fdch slovensk\u00fdch marat\u00f3nov, na ktor\u00fdch si v j\u00fani letn\u00fa atmosf\u00e9ru dokonale pribl\u00ed\u017eite.\" \/>\n<meta property=\"og:url\" content=\"https:\/\/www.welovecycling.com\/sk\/2022\/05\/31\/junovy-prehlad-slovenskych-maratonov-kde-vsade-sa-mozeme-vyblaznit\/\" \/>\n<meta property=\"og:site_name\" content=\"\u0160koda We Love Cycling Slovensko\" \/>\n<meta property=\"article:published_time\" content=\"2022-05-31T08:00:44+00:00\" \/>\n<meta property=\"article:modified_time\" content=\"2022-06-06T08:39:11+00:00\" \/>\n<meta property=\"og:image\" content=\"https:\/\/d2p6e6u75xmxt8.cloudfront.net\/4\/2022\/05\/jun_00.webp\" \/>\n\t<meta property=\"og:image:width\" content=\"990\" \/>\n\t<meta property=\"og:image:height\" content=\"660\" \/>\n\t<meta property=\"og:image:type\" content=\"image\/webp\" \/>\n<meta name=\"twitter:card\" content=\"summary_large_image\" \/>\n<meta name=\"twitter:label1\" content=\"Written by\" \/>\n\t<meta name=\"twitter:data1\" content=\"WeLoveCycling\" \/>\n\t<meta name=\"twitter:label2\" content=\"Est. reading time\" \/>\n\t<meta name=\"twitter:data2\" content=\"2\" \/>\n<script type=\"application\/ld+json\" class=\"yoast-schema-graph\">{\"@context\":\"https:\/\/schema.org\",\"@graph\":[{\"@type\":\"WebPage\",\"@id\":\"https:\/\/www.welovecycling.com\/sk\/2022\/05\/31\/junovy-prehlad-slovenskych-maratonov-kde-vsade-sa-mozeme-vyblaznit\/\",\"url\":\"https:\/\/www.welovecycling.com\/sk\/2022\/05\/31\/junovy-prehlad-slovenskych-maratonov-kde-vsade-sa-mozeme-vyblaznit\/\",\"name\":\"J\u00fanov\u00fd preh\u013ead slovensk\u00fdch marat\u00f3nov - kde v\u0161ade sa m\u00f4\u017eeme vybl\u00e1zni\u0165? - \u0160koda We Love Cycling Slovensko\",\"isPartOf\":{\"@id\":\"https:\/\/www.welovecycling.com\/sk\/#website\"},\"primaryImageOfPage\":{\"@id\":\"https:\/\/www.welovecycling.com\/sk\/2022\/05\/31\/junovy-prehlad-slovenskych-maratonov-kde-vsade-sa-mozeme-vyblaznit\/#primaryimage\"},\"image\":{\"@id\":\"https:\/\/www.welovecycling.com\/sk\/2022\/05\/31\/junovy-prehlad-slovenskych-maratonov-kde-vsade-sa-mozeme-vyblaznit\/#primaryimage\"},\"thumbnailUrl\":\"https:\/\/d2p6e6u75xmxt8.cloudfront.net\/4\/2022\/05\/jun_00.webp\",\"datePublished\":\"2022-05-31T08:00:44+00:00\",\"dateModified\":\"2022-06-06T08:39:11+00:00\",\"author\":{\"@id\":\"\"},\"description\":\"Ak sa neviete do\u010dka\u0165 leta, vybrali sme nieko\u013eko skvel\u00fdch slovensk\u00fdch marat\u00f3nov, na ktor\u00fdch si v j\u00fani letn\u00fa atmosf\u00e9ru dokonale pribl\u00ed\u017eite.\",\"breadcrumb\":{\"@id\":\"https:\/\/www.welovecycling.com\/sk\/2022\/05\/31\/junovy-prehlad-slovenskych-maratonov-kde-vsade-sa-mozeme-vyblaznit\/#breadcrumb\"},\"inLanguage\":\"sk-SK\",\"potentialAction\":[{\"@type\":\"ReadAction\",\"target\":[\"https:\/\/www.welovecycling.com\/sk\/2022\/05\/31\/junovy-prehlad-slovenskych-maratonov-kde-vsade-sa-mozeme-vyblaznit\/\"]}]},{\"@type\":\"ImageObject\",\"inLanguage\":\"sk-SK\",\"@id\":\"https:\/\/www.welovecycling.com\/sk\/2022\/05\/31\/junovy-prehlad-slovenskych-maratonov-kde-vsade-sa-mozeme-vyblaznit\/#primaryimage\",\"url\":\"https:\/\/d2p6e6u75xmxt8.cloudfront.net\/4\/2022\/05\/jun_00.webp\",\"contentUrl\":\"https:\/\/d2p6e6u75xmxt8.cloudfront.net\/4\/2022\/05\/jun_00.webp\",\"width\":990,\"height\":660},{\"@type\":\"BreadcrumbList\",\"@id\":\"https:\/\/www.welovecycling.com\/sk\/2022\/05\/31\/junovy-prehlad-slovenskych-maratonov-kde-vsade-sa-mozeme-vyblaznit\/#breadcrumb\",\"itemListElement\":[{\"@type\":\"ListItem\",\"position\":1,\"name\":\"Home\",\"item\":\"https:\/\/www.welovecycling.com\/sk\/\"},{\"@type\":\"ListItem\",\"position\":2,\"name\":\"J\u00fanov\u00fd preh\u013ead slovensk\u00fdch marat\u00f3nov &#8211; kde v\u0161ade sa m\u00f4\u017eeme vybl\u00e1zni\u0165?\"}]},{\"@type\":\"WebSite\",\"@id\":\"https:\/\/www.welovecycling.com\/sk\/#website\",\"url\":\"https:\/\/www.welovecycling.com\/sk\/\",\"name\":\"\u0160koda We Love Cycling Slovensko\",\"description\":\"\u0160koda We Love Cycling Slovensko je v\u00e1\u0161 ka\u017edodenn\u00fd zdroj noviniek a in\u0161pir\u00e1cie z sveta cyklistiky\",\"potentialAction\":[{\"@type\":\"SearchAction\",\"target\":{\"@type\":\"EntryPoint\",\"urlTemplate\":\"https:\/\/www.welovecycling.com\/sk\/?s={search_term_string}\"},\"query-input\":{\"@type\":\"PropertyValueSpecification\",\"valueRequired\":true,\"valueName\":\"search_term_string\"}}],\"inLanguage\":\"sk-SK\"},{\"@type\":\"Person\",\"@id\":\"\",\"url\":\"https:\/\/www.welovecycling.com\/sk\/author\/\"}]}<\/script>\n<!-- \/ Yoast SEO Premium plugin. -->","yoast_head_json":{"title":"J\u00fanov\u00fd preh\u013ead slovensk\u00fdch marat\u00f3nov - kde v\u0161ade sa m\u00f4\u017eeme vybl\u00e1zni\u0165? - \u0160koda We Love Cycling Slovensko","description":"Ak sa neviete do\u010dka\u0165 leta, vybrali sme nieko\u013eko skvel\u00fdch slovensk\u00fdch marat\u00f3nov, na ktor\u00fdch si v j\u00fani letn\u00fa atmosf\u00e9ru dokonale pribl\u00ed\u017eite.","robots":{"index":"index","follow":"follow","max-snippet":"max-snippet:-1","max-image-preview":"max-image-preview:large","max-video-preview":"max-video-preview:-1"},"canonical":"https:\/\/www.welovecycling.com\/sk\/2022\/05\/31\/junovy-prehlad-slovenskych-maratonov-kde-vsade-sa-mozeme-vyblaznit\/","og_locale":"sk_SK","og_type":"article","og_title":"J\u00fanov\u00fd preh\u013ead slovensk\u00fdch marat\u00f3nov - kde v\u0161ade sa m\u00f4\u017eeme vybl\u00e1zni\u0165?","og_description":"Ak sa neviete do\u010dka\u0165 leta, vybrali sme nieko\u013eko skvel\u00fdch slovensk\u00fdch marat\u00f3nov, na ktor\u00fdch si v j\u00fani letn\u00fa atmosf\u00e9ru dokonale pribl\u00ed\u017eite.","og_url":"https:\/\/www.welovecycling.com\/sk\/2022\/05\/31\/junovy-prehlad-slovenskych-maratonov-kde-vsade-sa-mozeme-vyblaznit\/","og_site_name":"\u0160koda We Love Cycling Slovensko","article_published_time":"2022-05-31T08:00:44+00:00","article_modified_time":"2022-06-06T08:39:11+00:00","og_image":[{"width":990,"height":660,"url":"https:\/\/d2p6e6u75xmxt8.cloudfront.net\/4\/2022\/05\/jun_00.webp","type":"image\/webp"}],"twitter_card":"summary_large_image","twitter_misc":{"Written by":"WeLoveCycling","Est. reading time":"2"},"schema":{"@context":"https:\/\/schema.org","@graph":[{"@type":"WebPage","@id":"https:\/\/www.welovecycling.com\/sk\/2022\/05\/31\/junovy-prehlad-slovenskych-maratonov-kde-vsade-sa-mozeme-vyblaznit\/","url":"https:\/\/www.welovecycling.com\/sk\/2022\/05\/31\/junovy-prehlad-slovenskych-maratonov-kde-vsade-sa-mozeme-vyblaznit\/","name":"J\u00fanov\u00fd preh\u013ead slovensk\u00fdch marat\u00f3nov - kde v\u0161ade sa m\u00f4\u017eeme vybl\u00e1zni\u0165? - \u0160koda We Love Cycling Slovensko","isPartOf":{"@id":"https:\/\/www.welovecycling.com\/sk\/#website"},"primaryImageOfPage":{"@id":"https:\/\/www.welovecycling.com\/sk\/2022\/05\/31\/junovy-prehlad-slovenskych-maratonov-kde-vsade-sa-mozeme-vyblaznit\/#primaryimage"},"image":{"@id":"https:\/\/www.welovecycling.com\/sk\/2022\/05\/31\/junovy-prehlad-slovenskych-maratonov-kde-vsade-sa-mozeme-vyblaznit\/#primaryimage"},"thumbnailUrl":"https:\/\/d2p6e6u75xmxt8.cloudfront.net\/4\/2022\/05\/jun_00.webp","datePublished":"2022-05-31T08:00:44+00:00","dateModified":"2022-06-06T08:39:11+00:00","author":{"@id":""},"description":"Ak sa neviete do\u010dka\u0165 leta, vybrali sme nieko\u013eko skvel\u00fdch slovensk\u00fdch marat\u00f3nov, na ktor\u00fdch si v j\u00fani letn\u00fa atmosf\u00e9ru dokonale pribl\u00ed\u017eite.","breadcrumb":{"@id":"https:\/\/www.welovecycling.com\/sk\/2022\/05\/31\/junovy-prehlad-slovenskych-maratonov-kde-vsade-sa-mozeme-vyblaznit\/#breadcrumb"},"inLanguage":"sk-SK","potentialAction":[{"@type":"ReadAction","target":["https:\/\/www.welovecycling.com\/sk\/2022\/05\/31\/junovy-prehlad-slovenskych-maratonov-kde-vsade-sa-mozeme-vyblaznit\/"]}]},{"@type":"ImageObject","inLanguage":"sk-SK","@id":"https:\/\/www.welovecycling.com\/sk\/2022\/05\/31\/junovy-prehlad-slovenskych-maratonov-kde-vsade-sa-mozeme-vyblaznit\/#primaryimage","url":"https:\/\/d2p6e6u75xmxt8.cloudfront.net\/4\/2022\/05\/jun_00.webp","contentUrl":"https:\/\/d2p6e6u75xmxt8.cloudfront.net\/4\/2022\/05\/jun_00.webp","width":990,"height":660},{"@type":"BreadcrumbList","@id":"https:\/\/www.welovecycling.com\/sk\/2022\/05\/31\/junovy-prehlad-slovenskych-maratonov-kde-vsade-sa-mozeme-vyblaznit\/#breadcrumb","itemListElement":[{"@type":"ListItem","position":1,"name":"Home","item":"https:\/\/www.welovecycling.com\/sk\/"},{"@type":"ListItem","position":2,"name":"J\u00fanov\u00fd preh\u013ead slovensk\u00fdch marat\u00f3nov &#8211; kde v\u0161ade sa m\u00f4\u017eeme vybl\u00e1zni\u0165?"}]},{"@type":"WebSite","@id":"https:\/\/www.welovecycling.com\/sk\/#website","url":"https:\/\/www.welovecycling.com\/sk\/","name":"\u0160koda We Love Cycling Slovensko","description":"\u0160koda We Love Cycling Slovensko je v\u00e1\u0161 ka\u017edodenn\u00fd zdroj noviniek a in\u0161pir\u00e1cie z sveta cyklistiky","potentialAction":[{"@type":"SearchAction","target":{"@type":"EntryPoint","urlTemplate":"https:\/\/www.welovecycling.com\/sk\/?s={search_term_string}"},"query-input":{"@type":"PropertyValueSpecification","valueRequired":true,"valueName":"search_term_string"}}],"inLanguage":"sk-SK"},{"@type":"Person","@id":"","url":"https:\/\/www.welovecycling.com\/sk\/author\/"}]}},"_links":{"self":[{"href":"https:\/\/www.welovecycling.com\/sk\/wp-json\/wp\/v2\/posts\/14497","targetHints":{"allow":["GET"]}}],"collection":[{"href":"https:\/\/www.welovecycling.com\/sk\/wp-json\/wp\/v2\/posts"}],"about":[{"href":"https:\/\/www.welovecycling.com\/sk\/wp-json\/wp\/v2\/types\/post"}],"author":[{"embeddable":true,"href":"https:\/\/www.welovecycling.com\/sk\/wp-json\/wp\/v2\/users\/81"}],"replies":[{"embeddable":true,"href":"https:\/\/www.welovecycling.com\/sk\/wp-json\/wp\/v2\/comments?post=14497"}],"version-history":[{"count":2,"href":"https:\/\/www.welovecycling.com\/sk\/wp-json\/wp\/v2\/posts\/14497\/revisions"}],"predecessor-version":[{"id":14518,"href":"https:\/\/www.welovecycling.com\/sk\/wp-json\/wp\/v2\/posts\/14497\/revisions\/14518"}],"wp:featuredmedia":[{"embeddable":true,"href":"https:\/\/www.welovecycling.com\/sk\/wp-json\/wp\/v2\/media\/14499"}],"wp:attachment":[{"href":"https:\/\/www.welovecycling.com\/sk\/wp-json\/wp\/v2\/media?parent=14497"}],"wp:term":[{"taxonomy":"category","embeddable":true,"href":"https:\/\/www.welovecycling.com\/sk\/wp-json\/wp\/v2\/categories?post=14497"},{"taxonomy":"post_tag","embeddable":true,"href":"https:\/\/www.welovecycling.com\/sk\/wp-json\/wp\/v2\/tags?post=14497"},{"taxonomy":"global-categories","embeddable":true,"href":"https:\/\/www.welovecycling.com\/sk\/wp-json\/wp\/v2\/global-categories?post=14497"}],"curies":[{"name":"wp","href":"https:\/\/api.w.org\/{rel}","templated":true}]}}