{"id":14467,"date":"2022-05-30T10:00:44","date_gmt":"2022-05-30T08:00:44","guid":{"rendered":"https:\/\/www.welovecycling.com\/sk\/?p=14467"},"modified":"2022-05-30T17:10:23","modified_gmt":"2022-05-30T15:10:23","slug":"junova-desiatka-mtb-a-cestnych-pretekov","status":"publish","type":"post","link":"https:\/\/www.welovecycling.com\/sk\/2022\/05\/30\/junova-desiatka-mtb-a-cestnych-pretekov\/","title":{"rendered":"J\u00fanov\u00e1 desiatka MTB a\u00a0cestn\u00fdch pretekov"},"content":{"rendered":"<p><strong>Leto je pred dverami a\u00a0mnoh\u00ed z\u00a0n\u00e1s u\u017e maj\u00fa pl\u00e1ny na pr\u00e1zdniny a\u00a0dovolenky. A\u00a0v\u00a0podobnom duchu sa konaj\u00fa aj cyklistick\u00e9 preteky. Dnes v\u00e1s pozveme na dva MTB festivaly, kde si okrem jazdenia m\u00f4\u017eete otestova\u0165 aj svoje technick\u00e9 zru\u010dnosti, \u010di zabavi\u0165 sa s\u00a0kamar\u00e1tmi a\u00a0s\u00a0rodinou. Nech\u00fdbaj\u00fa ani zauj\u00edmav\u00e9 cestn\u00e9 preteky a\u00a0upozornenie na jednu zru\u0161en\u00fa udalos\u0165. Pozreli sme sa \u0161peci\u00e1lne na okolit\u00e9 krajiny, aby ste to nemali \u010faleko, ak sa ich chcete z\u00fa\u010dastni\u0165.<\/strong><!--more--><\/p>\n<h2><strong>Velovert Festival, Samo\u00ebns, Franc\u00fazsko &#8211; 03. 06. \u2013 05. 06. 2022<\/strong><\/h2>\n<p>Prv\u00fd j\u00fanov\u00fd v\u00edkend u\u017e viac ako dvan\u00e1s\u0165 rokov patr\u00ed Velovert Festivalu vo Franc\u00fazsku. <strong>Ve\u013ek\u00e9 mno\u017estvo fan\u00fa\u0161ikov horskej cyklistiky tu ofici\u00e1lne za\u010d\u00edna svoju letn\u00fa cyklistick\u00fa sez\u00f3nu<\/strong>, tak\u017ee na tento v\u00edkend si ni\u010d nepl\u00e1nujte. Are\u00e1l Rando All-Mountain pon\u00faka skvel\u00fa z\u00e1bavu a\u00a0jeden zo sloganov hl\u00e1sa, \u017ee hore ved\u00fa len dve cesty, ale dole ove\u013ea viac. Hore m\u00e1te mo\u017enos\u0165 vyu\u017ei\u0165 dve lanovky a\u00a0potom v\u00e1s \u010dak\u00e1 viac ako 40 km z\u00e1bavy na singletrackoch a lesn\u00fdch cesti\u010dk\u00e1ch s\u00a0n\u00e1dhern\u00fdmi v\u00fdh\u013eadmi. <\/p>\n<h2><strong>Crankworx Downhill &#8211; Rak\u00fasko, Innsbruck \u2013 Muttereralmpark &#8211; 15. 06. \u2013 19. 06. 2022<\/strong><\/h2>\n<p>Crankworx sa vracia do Innsbrucku u\u017e \u0161iesty rok. Crankworx Innsbruck, jedin\u00e1 eur\u00f3pska zast\u00e1vka na Crankworx World Tour, prin\u00e1\u0161a to najlep\u0161ie z najlep\u0161ieho na \u00fap\u00e4tie Tirolsk\u00fdch \u00c1lp. <strong>Pokra\u010dovanie tejto s\u00e9rie bude po\u010das roka v\u00a0Kanade, Austr\u00e1lii a\u00a0na Novom Z\u00e9lande<\/strong>, tak\u017ee nav\u0161t\u00edvi\u0165 susedn\u00e9 Rak\u00fasko je skuto\u010dne skvel\u00e1 pr\u00edle\u017eitos\u0165 vidie\u0165 t\u00fato show. Innsbruck sp\u00e1ja mestsk\u00fa atmosf\u00e9ru s ve\u013ek\u00fdm horsk\u00fdm dobrodru\u017estvom, \u010do z neho rob\u00ed jedine\u010dn\u00e9 a vzru\u0161uj\u00face miesto, kde sa stret\u00e1vaj\u00fa top men\u00e1 horskej cyklistiky s miestnou komunitou a\u00a0uznajte, \u017ee ani vy tam ch\u00fdba\u0165 nem\u00f4\u017eete.<\/p>\n<lite-youtube videoid=W-XFf71jN20 params=\"enablejsapi=1\" style=\"background-image: url('https:\/\/i.ytimg.com\/vi_webp\/W-XFf71jN20\/maxresdefault.webp');\"><\/lite-youtube>\n<h2><strong>XCO Cs\u00f6m\u00f6r Magyar Kupa Festival &#8211; Ma\u010farsko, Cs\u00f6m\u00f6r &#8211; 18. 06. &#8211; 19. 06. 2022<\/strong><\/h2>\n<p>Desiaty ro\u010dn\u00edk XCO pretekov, ktor\u00e9 sa konaj\u00fa v\u00a0malebnom prostred\u00ed lesn\u00fdch ciest na svahoch hory s n\u00e1zvom K\u00e1lv\u00e1ria. Obec Cs\u00f6m\u00f6r sa nach\u00e1dza severov\u00fdchodne od Budape\u0161ti, tak\u017ee je celkom bl\u00edzko aj pre pretek\u00e1rov zo Slovenska. <strong>Vyhraden\u00e1 cyklotrasa pon\u00faka vhodn\u00fd ter\u00e9n na preteky pre mal\u00fdch aj ve\u013ek\u00fdch.<\/strong> Na z\u00e1klade pozit\u00edvnych ohlasov m\u00f4\u017eu usporiadatelia s istotou poveda\u0165, \u017ee tra\u0165 si z\u00edskala priaze\u0148 aj top jazdcov, ktor\u00ed si tu zajazdili. Samozrejmos\u0165ou pretekov, ale aj cel\u00e9ho festivalu, je bohat\u00fd sprievodn\u00fd program a\u00a0atrakcie pre deti. <\/p>\n<h2><strong>Alpentour Trophy &#8211; Rak\u00fasko, Schladming &#8211; 23. 06. &#8211; 26. 06. 2022<\/strong><\/h2>\n<p>Alpentour Trophy je u\u017e tradi\u010dne otvoren\u00e1 pre profesion\u00e1lov, amat\u00e9rov aj hobby bikerov. Organiz\u00e1tori napl\u00e1novali v\u00a0porovnan\u00ed s\u00a0minul\u00fdm rokom nieko\u013eko noviniek na trase. <strong>Jazdcov \u010dakaj\u00fa \u0161tyri etapy v\u00a0celkovej d\u013a\u017eke 220 kilometrov s\u00a0prev\u00fd\u0161en\u00edm 8 800 metrov.<\/strong> Program pretekov zost\u00e1va klasick\u00fd, po\u010dn\u00fac n\u00e1ro\u010dn\u00fdmi st\u00fapaniami na doln\u00fa stanicu Dachstein a k jazer\u00e1m Giglach, cez ly\u017eiarske stredisk\u00e1 Reiteralm a Hauser Kaibling a\u00a0s tradi\u010dn\u00fdm fin\u00e1le \u010dasovky do Schafalmu na Planai.<\/p>\n<lite-youtube videoid=gYo9K6bv4kU params=\"enablejsapi=1\" style=\"background-image: url('https:\/\/i.ytimg.com\/vi_webp\/gYo9K6bv4kU\/maxresdefault.webp');\"><\/lite-youtube>\n<h2><strong>UCI MOUNTAIN BIKE MARATHON MASTERS WORLD CHAMPIONSHIPS &#8211; Taliansko, Pinzolo &#8211; 25. 06. &#8211; 26. 06. 2022<\/strong><\/h2>\n<p>Jeden z\u00a0t\u00fdch vzru\u0161uj\u00facej\u0161\u00edch pretekov horsk\u00fdch bicyklov s nezabudnute\u013enou pretek\u00e1rskou dr\u00e1hou medzi pra\u0161n\u00fdmi cestami najv\u00e4\u010d\u0161ieho Bikelandu v Taliansku, v\u00a0oblasti monument\u00e1lnych Dolomitov Brenta, ktor\u00e9 s\u00fa na zozname svetov\u00e9ho dedi\u010dstva UNESCO, v Trentine. Jazdci si m\u00f4\u017eu vybra\u0165 dve trate. <strong>T\u00e1 dlh\u0161ia marat\u00f3nska m\u00e1 67 km s\u00a0prev\u00fd\u0161en\u00edm 2 400 metrov a\u00a0krat\u0161ia 41 kilometrov s\u00a0prev\u00fd\u0161en\u00edm 1 400 metrov.<\/strong> Takejto ponuke sa jednoducho ned\u00e1 odola\u0165.<\/p>\n<h2><strong>CESTN\u00c1 CYKLISTIKA<\/strong><\/h2>\n<h2><strong>Giro dell&#8217;Appennino &#8211; Taliansko &#8211; 02. 06. 2022<\/strong><\/h2>\n<p>Minul\u00fd rok sa na \u0161tart postavilo 127 \u00fa\u010dastn\u00edkov a\u00a0tento rok by to malo by\u0165 okolo 140 jazdcov a\u00a0dvadsa\u0165 t\u00edmov. Ben Hermans bol jednozna\u010dn\u00fdm kr\u00e1\u013eom Giro dell&#8217;Appennino v\u00a0roku 2021. Belgi\u010dan z Israel Start Up Nation v\u00a0jedine\u010dnom \u00faniku pri\u0161iel \u00faplne s\u00e1m do cie\u013ea, \u010d\u00edm si dobyl \u00faspech, ktor\u00fd mu ch\u00fdbal u\u017e viac ako dva roky. <strong>Tento rok sa preteky konaj\u00fa u\u017e za\u010diatkom j\u00fana, \u010do sa e\u0161te nikdy nestalo.<\/strong> Samozrejm\u00e1 bude aj podpora mieru a\u00a0po\u010das pretekov bud\u00fa prevl\u00e1da\u0165 \u017elt\u00e9 a\u00a0modr\u00e9 farby. Dokonca de\u0148 pred ofici\u00e1lnym konan\u00edm, v\u00a0stredu 1. j\u00fana, sa odjazd\u00ed \u0161peci\u00e1lna etapa <em>\u201ePo\u010fme jazdi\u0165 s ukrajinsk\u00fdmi \u0161ampi\u00f3nmi za mier\u201c<\/em>.<\/p>\n<lite-youtube videoid=HqWrhjtW6mw params=\"enablejsapi=1\" style=\"background-image: url('https:\/\/i.ytimg.com\/vi_webp\/HqWrhjtW6mw\/maxresdefault.webp');\"><\/lite-youtube>\n<h2><strong>Tour of Malopolska &#8211; Po\u013esko &#8211; 03. 06. \u2013 05. 06. 2022<\/strong><\/h2>\n<p>Tento rok sa bude kona\u0165 u\u017e 60.ro\u010dn\u00edk t\u00fdchto pretekov, tak\u017ee ur\u010dite bud\u00fa nie\u010d\u00edm v\u00fdnimo\u010dn\u00e9 a\u00a0toto v\u00fdro\u010die na\u0161i severn\u00fd susedia poriadne osl\u00e1via. V\u00a0prv\u00fd de\u0148 sa bude jazdi\u0165 mestsk\u00fd okruh v\u00a0Krakove na hlavnom n\u00e1mest\u00ed. V\u00a0druh\u00fd de\u0148 pretek\u00e1rov \u010dak\u00e1 trasa v\u00a0d\u013a\u017eke 131 km, ktor\u00e1 \u0161tartuje v\u00a0zn\u00e1mom so\u013enom meste Wieliczka. Druh\u00fd de\u0148 sa odjazd\u00ed 142 km a\u00a0v\u00a0posledn\u00fd de\u0148 122 km. <strong>Preteky od svojho \u0161tartu v\u00a0druhom najv\u00e4\u010d\u0161om meste Po\u013eska smeruj\u00fa na juh a\u00a0bude sa jazdi\u0165 v\u00a0bl\u00edzkosti na\u0161ich hran\u00edc.<\/strong> Nevynechaj\u00fa ani mest\u00e1 ako Nowy Targ \u010di Jablonka, tak\u017ee nemali by ste tam ch\u00fdba\u0165, \u010di u\u017e ako fan\u00fa\u0161ikovia alebo jazdci. <\/p>\n<h2><strong>L\u00b4\u00c9tape Czech Republic by Tour de France &#8211; \u010cesk\u00e1 republika &#8211; 11. 06. 2022<\/strong><\/h2>\n<p>L\u00b4\u00c9tape Czech Republic bude ma\u0165 dve trasy. Dlh\u0161ia bude mera\u0165 136 km a\u00a0krat\u0161ia 91 km a\u00a0bude sa jazdi\u0165 po overen\u00fdch cest\u00e1ch Stredo\u010desk\u00e9ho kraja. \u0160tart aj cie\u013e je umiestnen\u00fd strategicky pri Strahovskom \u0161tadi\u00f3ne. Dlh\u0161ia trasa m\u00e1 prev\u00fd\u0161enie 1 900 metrov, dve horsk\u00e9 pr\u00e9mie a\u00a0mo\u017enos\u0165 z\u00edska\u0165 \u0161print\u00e9rsky bonus. Kr\u00e1tka trasa prev\u00fd\u0161enie 1 000 metrov a\u00a0jednu horsk\u00fa pr\u00e9miu. <strong>Maxim\u00e1lny po\u010det pretek\u00e1rov je 1 500, tak\u017ee ak prem\u00fd\u0161\u013eate nad \u00fa\u010das\u0165ou nev\u00e1hajte sa zaregistrova\u0165.<\/strong><\/p>\n<lite-youtube videoid=sGaXID6mrE4 params=\"enablejsapi=1\" style=\"background-image: url('https:\/\/i.ytimg.com\/vi_webp\/sGaXID6mrE4\/maxresdefault.webp');\"><\/lite-youtube>\n<h2><strong>Tour of Slovenia &#8211; Slovinsko &#8211; 15. 06. \u2013 19. 06. 2022<\/strong><\/h2>\n<p>Na tejto tour je pripraven\u00fdch p\u00e4\u0165 et\u00e1p, ktor\u00e9 s\u00fa napl\u00e1novan\u00e9 tak, aby pre\u0161li cel\u00fa t\u00fato n\u00e1dhern\u00fa krajinu. Celkovo bude \u010daka\u0165 na pretek\u00e1rov 792 kilometrov s\u00a0prev\u00fd\u0161en\u00edm 9 152 metrov. <strong>Z\u00fa\u010dastni\u0165 by sa malo 21 t\u00edmov, medzi ktor\u00fdmi nebud\u00fa ch\u00fdba\u0165 ani tie svetov\u00e9<\/strong> &#8211; UAE Team Emirates, Astana \u2013 Qazaqstan, Bahrain Victorious a Team BikeExchange-Jayco. V\u00a0minulom roku bol v\u00ed\u0165azom Tadej Poga\u010dar, tak uvid\u00edme, ako sa bude dom\u00e1cemu favoritovi dari\u0165 tento rok. Samozrejmos\u0165ou bude \u017eiv\u00e9 vysielanie na Eurosporte, tak\u017ee ak sa nez\u00fa\u010dastn\u00edte osobne, m\u00e1te mo\u017enos\u0165 sledova\u0165 t\u00fato udalos\u0165 aspo\u0148 v\u00a0telev\u00edzii.<\/p>\n<div class=\"shortcode-ys-post-pinup\"><article class=\"loop-simple post-14163 post type-post status-publish format-standard has-post-thumbnail hentry category-zdravie-trening tag-cvicenie tag-domaci-trening tag-masaz tag-pohyb tag-regeneracia tag-trening tag-zdravie\" data-postid=\"14163\" role=\"article\" data-post-id=\"14163\" data-word-count=\"831\" data-headline-length=\"52\" data-category=\"Zdravie a tr\u00e9ning\" data-author=\"Andrea Champredonde\" data-published=\"2022-04-29T10:00:17+02:00\" data-published-day=\"Friday\">\n    <div class=\"entry-thumbnail article-thumbnail\" content=\"https:\/\/d2p6e6u75xmxt8.cloudfront.net\/4\/2022\/04\/Cyclist-legs-profimedia-0654278069-CVR-150x150.webp\"><a href=\"https:\/\/www.welovecycling.com\/sk\/2022\/04\/29\/ako-sa-zregenerovat-po-cyklistickom-treningu\/\" class=\"image-holder\" target=\"_self\"><img decoding=\"async\" loading=\"lazy\" class=\"\" src=\"https:\/\/d2p6e6u75xmxt8.cloudfront.net\/4\/2022\/04\/Cyclist-legs-profimedia-0654278069-CVR-1024x450.webp\" srcset=\"https:\/\/d2p6e6u75xmxt8.cloudfront.net\/4\/2022\/04\/Cyclist-legs-profimedia-0654278069-CVR.webp 1366w, https:\/\/d2p6e6u75xmxt8.cloudfront.net\/4\/2022\/04\/Cyclist-legs-profimedia-0654278069-CVR-300x132.webp 300w, https:\/\/d2p6e6u75xmxt8.cloudfront.net\/4\/2022\/04\/Cyclist-legs-profimedia-0654278069-CVR-1024x450.webp 1024w, https:\/\/d2p6e6u75xmxt8.cloudfront.net\/4\/2022\/04\/Cyclist-legs-profimedia-0654278069-CVR-768x337.webp 768w\" width=\"1024\" height=\"450\" sizes=\"auto, (min-width: 1200px) 456px, (min-width: 768px) 38vw, 100vw\" alt=\"ako-sa-zregenerovat-po-cyklistickom-treningu\"\/><\/a><\/div>    <div class=\"entry-meta\">\n        <a class=\"label label-secondary post-category\" href=\"https:\/\/www.welovecycling.com\/sk\/category\/zdravie-trening\/\" title=\"Zdravie a tr\u00e9ning\">Zdravie a tr\u00e9ning<\/a>\n    <\/div>\n    <div class=\"entry-details\">\n        <a href=\"https:\/\/www.welovecycling.com\/sk\/2022\/04\/29\/ako-sa-zregenerovat-po-cyklistickom-treningu\/\" class='entry-title-wrapper'>\n            <h3 class=\"entry-title\"><span>Ako sa dobre zregenerova\u0165 po cyklistickom tr\u00e9ningu<\/span><\/h3>\n        <\/a>\n    <\/div>\n    <\/article>\n<\/div>\n<h2><strong>Tour de Feminin &#8211; \u010cesk\u00e1 republika &#8211; 30. 06. \u2013 03. 07. 2022<\/strong><\/h2>\n<p>Nakoniec inform\u00e1cia pre pretek\u00e1rky, ktor\u00e9 sa pl\u00e1novali z\u00fa\u010dastni\u0165 Tour de Feminin. <strong>Aktu\u00e1lny 34. ro\u010dn\u00edk je na posledn\u00fa chv\u00ed\u013eu zru\u0161en\u00fd, kv\u00f4li zhor\u0161enej ekonomickej situ\u00e1cii.<\/strong> R\u00fdchly rast v\u00fddavkov a\u00a0nav\u00fd\u0161enie rozpo\u010dtu o\u00a0takmer 40 percent sa v\u00a0kr\u00e1tkom term\u00edne pred konan\u00edm pretekov nedal zvl\u00e1dnu\u0165. Prihl\u00e1sen\u00fdch bolo a\u017e 41 t\u00edmov, \u010do mohla by\u0165 zauj\u00edmav\u00e1 \u00fa\u010das\u0165. Riadite\u013eka pretekov Simona Dav\u00eddkov\u00e1 sa v\u0161ak nevzd\u00e1va a\u00a0u\u017e teraz za\u010d\u00edna pl\u00e1nova\u0165 bud\u00faci ro\u010dn\u00edk, ktor\u00fd bude pod\u013ea jej slov silnej\u0161\u00ed a\u00a0v\u00a0atrakt\u00edvnej\u0161om term\u00edne.<\/p>\n<p>Tituln\u00e1 fotografia: pexels.com<\/p>\n","protected":false},"excerpt":{"rendered":"<p>Leto je pred dverami a\u00a0mnoh\u00ed z\u00a0n\u00e1s u\u017e maj\u00fa pl\u00e1ny na pr\u00e1zdniny a\u00a0dovolenky. A\u00a0v\u00a0podobnom duchu sa konaj\u00fa aj cyklistick\u00e9 preteky. Dnes [&hellip;]<\/p>\n","protected":false},"author":81,"featured_media":14473,"comment_status":"open","ping_status":"open","sticky":false,"template":"","format":"standard","meta":{"footnotes":""},"categories":[34],"tags":[540,115,1180,331,180,1508,412,37,91,179,885,256,1411,419],"global-categories":[1074],"class_list":["post-14467","post","type-post","status-publish","format-standard","has-post-thumbnail","hentry","category-podujatia","tag-ceska-republika","tag-cestna-cyklistika","tag-draha","tag-etapove-preteky","tag-horska-cyklistika","tag-jun","tag-mtb","tag-podujatia","tag-pozvanka","tag-preteky","tag-profesional","tag-sezona","tag-sezona-2022","tag-taliansko","global-categories-cycling"],"yoast_head":"<!-- This site is optimized with the Yoast SEO Premium plugin v25.3 (Yoast SEO v25.9) - https:\/\/yoast.com\/wordpress\/plugins\/seo\/ -->\n<title>J\u00fanov\u00e1 desiatka MTB a\u00a0cestn\u00fdch pretekov - \u0160koda We Love Cycling Slovensko<\/title>\n<meta name=\"description\" content=\"Dnes v\u00e1s pozveme na dva MTB festivaly a neb\u00fad\u00fa ch\u00fdba\u0165 ani zauj\u00edmav\u00e9 cestn\u00e9 preteky a\u00a0upozornenie na jednu zru\u0161en\u00fa udalos\u0165.\" \/>\n<meta name=\"robots\" content=\"index, follow, max-snippet:-1, max-image-preview:large, max-video-preview:-1\" \/>\n<link rel=\"canonical\" href=\"https:\/\/www.welovecycling.com\/sk\/2022\/05\/30\/junova-desiatka-mtb-a-cestnych-pretekov\/\" \/>\n<meta property=\"og:locale\" content=\"sk_SK\" \/>\n<meta property=\"og:type\" content=\"article\" \/>\n<meta property=\"og:title\" content=\"J\u00fanov\u00e1 desiatka MTB a\u00a0cestn\u00fdch pretekov\" \/>\n<meta property=\"og:description\" content=\"Dnes v\u00e1s pozveme na dva MTB festivaly a neb\u00fad\u00fa ch\u00fdba\u0165 ani zauj\u00edmav\u00e9 cestn\u00e9 preteky a\u00a0upozornenie na jednu zru\u0161en\u00fa udalos\u0165.\" \/>\n<meta property=\"og:url\" content=\"https:\/\/www.welovecycling.com\/sk\/2022\/05\/30\/junova-desiatka-mtb-a-cestnych-pretekov\/\" \/>\n<meta property=\"og:site_name\" content=\"\u0160koda We Love Cycling Slovensko\" \/>\n<meta property=\"article:published_time\" content=\"2022-05-30T08:00:44+00:00\" \/>\n<meta property=\"article:modified_time\" content=\"2022-05-30T15:10:23+00:00\" \/>\n<meta property=\"og:image\" content=\"https:\/\/d2p6e6u75xmxt8.cloudfront.net\/4\/2022\/05\/Jun_00.webp\" \/>\n\t<meta property=\"og:image:width\" content=\"990\" \/>\n\t<meta property=\"og:image:height\" content=\"660\" \/>\n\t<meta property=\"og:image:type\" content=\"image\/webp\" \/>\n<meta name=\"twitter:card\" content=\"summary_large_image\" \/>\n<meta name=\"twitter:label1\" content=\"Written by\" \/>\n\t<meta name=\"twitter:data1\" content=\"Andrea Champredonde\" \/>\n\t<meta name=\"twitter:label2\" content=\"Est. reading time\" \/>\n\t<meta name=\"twitter:data2\" content=\"6\" \/>\n<script type=\"application\/ld+json\" class=\"yoast-schema-graph\">{\"@context\":\"https:\/\/schema.org\",\"@graph\":[{\"@type\":\"WebPage\",\"@id\":\"https:\/\/www.welovecycling.com\/sk\/2022\/05\/30\/junova-desiatka-mtb-a-cestnych-pretekov\/\",\"url\":\"https:\/\/www.welovecycling.com\/sk\/2022\/05\/30\/junova-desiatka-mtb-a-cestnych-pretekov\/\",\"name\":\"J\u00fanov\u00e1 desiatka MTB a\u00a0cestn\u00fdch pretekov - \u0160koda We Love Cycling Slovensko\",\"isPartOf\":{\"@id\":\"https:\/\/www.welovecycling.com\/sk\/#website\"},\"primaryImageOfPage\":{\"@id\":\"https:\/\/www.welovecycling.com\/sk\/2022\/05\/30\/junova-desiatka-mtb-a-cestnych-pretekov\/#primaryimage\"},\"image\":{\"@id\":\"https:\/\/www.welovecycling.com\/sk\/2022\/05\/30\/junova-desiatka-mtb-a-cestnych-pretekov\/#primaryimage\"},\"thumbnailUrl\":\"https:\/\/d2p6e6u75xmxt8.cloudfront.net\/4\/2022\/05\/Jun_00.webp\",\"datePublished\":\"2022-05-30T08:00:44+00:00\",\"dateModified\":\"2022-05-30T15:10:23+00:00\",\"author\":{\"@id\":\"\"},\"description\":\"Dnes v\u00e1s pozveme na dva MTB festivaly a neb\u00fad\u00fa ch\u00fdba\u0165 ani zauj\u00edmav\u00e9 cestn\u00e9 preteky a\u00a0upozornenie na jednu zru\u0161en\u00fa udalos\u0165.\",\"breadcrumb\":{\"@id\":\"https:\/\/www.welovecycling.com\/sk\/2022\/05\/30\/junova-desiatka-mtb-a-cestnych-pretekov\/#breadcrumb\"},\"inLanguage\":\"sk-SK\",\"potentialAction\":[{\"@type\":\"ReadAction\",\"target\":[\"https:\/\/www.welovecycling.com\/sk\/2022\/05\/30\/junova-desiatka-mtb-a-cestnych-pretekov\/\"]}]},{\"@type\":\"ImageObject\",\"inLanguage\":\"sk-SK\",\"@id\":\"https:\/\/www.welovecycling.com\/sk\/2022\/05\/30\/junova-desiatka-mtb-a-cestnych-pretekov\/#primaryimage\",\"url\":\"https:\/\/d2p6e6u75xmxt8.cloudfront.net\/4\/2022\/05\/Jun_00.webp\",\"contentUrl\":\"https:\/\/d2p6e6u75xmxt8.cloudfront.net\/4\/2022\/05\/Jun_00.webp\",\"width\":990,\"height\":660},{\"@type\":\"BreadcrumbList\",\"@id\":\"https:\/\/www.welovecycling.com\/sk\/2022\/05\/30\/junova-desiatka-mtb-a-cestnych-pretekov\/#breadcrumb\",\"itemListElement\":[{\"@type\":\"ListItem\",\"position\":1,\"name\":\"Home\",\"item\":\"https:\/\/www.welovecycling.com\/sk\/\"},{\"@type\":\"ListItem\",\"position\":2,\"name\":\"J\u00fanov\u00e1 desiatka MTB a\u00a0cestn\u00fdch pretekov\"}]},{\"@type\":\"WebSite\",\"@id\":\"https:\/\/www.welovecycling.com\/sk\/#website\",\"url\":\"https:\/\/www.welovecycling.com\/sk\/\",\"name\":\"\u0160koda We Love Cycling Slovensko\",\"description\":\"\u0160koda We Love Cycling Slovensko je v\u00e1\u0161 ka\u017edodenn\u00fd zdroj noviniek a in\u0161pir\u00e1cie z sveta cyklistiky\",\"potentialAction\":[{\"@type\":\"SearchAction\",\"target\":{\"@type\":\"EntryPoint\",\"urlTemplate\":\"https:\/\/www.welovecycling.com\/sk\/?s={search_term_string}\"},\"query-input\":{\"@type\":\"PropertyValueSpecification\",\"valueRequired\":true,\"valueName\":\"search_term_string\"}}],\"inLanguage\":\"sk-SK\"},{\"@type\":\"Person\",\"@id\":\"\",\"url\":\"https:\/\/www.welovecycling.com\/sk\/author\/\"}]}<\/script>\n<!-- \/ Yoast SEO Premium plugin. -->","yoast_head_json":{"title":"J\u00fanov\u00e1 desiatka MTB a\u00a0cestn\u00fdch pretekov - \u0160koda We Love Cycling Slovensko","description":"Dnes v\u00e1s pozveme na dva MTB festivaly a neb\u00fad\u00fa ch\u00fdba\u0165 ani zauj\u00edmav\u00e9 cestn\u00e9 preteky a\u00a0upozornenie na jednu zru\u0161en\u00fa udalos\u0165.","robots":{"index":"index","follow":"follow","max-snippet":"max-snippet:-1","max-image-preview":"max-image-preview:large","max-video-preview":"max-video-preview:-1"},"canonical":"https:\/\/www.welovecycling.com\/sk\/2022\/05\/30\/junova-desiatka-mtb-a-cestnych-pretekov\/","og_locale":"sk_SK","og_type":"article","og_title":"J\u00fanov\u00e1 desiatka MTB a\u00a0cestn\u00fdch pretekov","og_description":"Dnes v\u00e1s pozveme na dva MTB festivaly a neb\u00fad\u00fa ch\u00fdba\u0165 ani zauj\u00edmav\u00e9 cestn\u00e9 preteky a\u00a0upozornenie na jednu zru\u0161en\u00fa udalos\u0165.","og_url":"https:\/\/www.welovecycling.com\/sk\/2022\/05\/30\/junova-desiatka-mtb-a-cestnych-pretekov\/","og_site_name":"\u0160koda We Love Cycling Slovensko","article_published_time":"2022-05-30T08:00:44+00:00","article_modified_time":"2022-05-30T15:10:23+00:00","og_image":[{"width":990,"height":660,"url":"https:\/\/d2p6e6u75xmxt8.cloudfront.net\/4\/2022\/05\/Jun_00.webp","type":"image\/webp"}],"twitter_card":"summary_large_image","twitter_misc":{"Written by":"Andrea Champredonde","Est. reading time":"6"},"schema":{"@context":"https:\/\/schema.org","@graph":[{"@type":"WebPage","@id":"https:\/\/www.welovecycling.com\/sk\/2022\/05\/30\/junova-desiatka-mtb-a-cestnych-pretekov\/","url":"https:\/\/www.welovecycling.com\/sk\/2022\/05\/30\/junova-desiatka-mtb-a-cestnych-pretekov\/","name":"J\u00fanov\u00e1 desiatka MTB a\u00a0cestn\u00fdch pretekov - \u0160koda We Love Cycling Slovensko","isPartOf":{"@id":"https:\/\/www.welovecycling.com\/sk\/#website"},"primaryImageOfPage":{"@id":"https:\/\/www.welovecycling.com\/sk\/2022\/05\/30\/junova-desiatka-mtb-a-cestnych-pretekov\/#primaryimage"},"image":{"@id":"https:\/\/www.welovecycling.com\/sk\/2022\/05\/30\/junova-desiatka-mtb-a-cestnych-pretekov\/#primaryimage"},"thumbnailUrl":"https:\/\/d2p6e6u75xmxt8.cloudfront.net\/4\/2022\/05\/Jun_00.webp","datePublished":"2022-05-30T08:00:44+00:00","dateModified":"2022-05-30T15:10:23+00:00","author":{"@id":""},"description":"Dnes v\u00e1s pozveme na dva MTB festivaly a neb\u00fad\u00fa ch\u00fdba\u0165 ani zauj\u00edmav\u00e9 cestn\u00e9 preteky a\u00a0upozornenie na jednu zru\u0161en\u00fa udalos\u0165.","breadcrumb":{"@id":"https:\/\/www.welovecycling.com\/sk\/2022\/05\/30\/junova-desiatka-mtb-a-cestnych-pretekov\/#breadcrumb"},"inLanguage":"sk-SK","potentialAction":[{"@type":"ReadAction","target":["https:\/\/www.welovecycling.com\/sk\/2022\/05\/30\/junova-desiatka-mtb-a-cestnych-pretekov\/"]}]},{"@type":"ImageObject","inLanguage":"sk-SK","@id":"https:\/\/www.welovecycling.com\/sk\/2022\/05\/30\/junova-desiatka-mtb-a-cestnych-pretekov\/#primaryimage","url":"https:\/\/d2p6e6u75xmxt8.cloudfront.net\/4\/2022\/05\/Jun_00.webp","contentUrl":"https:\/\/d2p6e6u75xmxt8.cloudfront.net\/4\/2022\/05\/Jun_00.webp","width":990,"height":660},{"@type":"BreadcrumbList","@id":"https:\/\/www.welovecycling.com\/sk\/2022\/05\/30\/junova-desiatka-mtb-a-cestnych-pretekov\/#breadcrumb","itemListElement":[{"@type":"ListItem","position":1,"name":"Home","item":"https:\/\/www.welovecycling.com\/sk\/"},{"@type":"ListItem","position":2,"name":"J\u00fanov\u00e1 desiatka MTB a\u00a0cestn\u00fdch pretekov"}]},{"@type":"WebSite","@id":"https:\/\/www.welovecycling.com\/sk\/#website","url":"https:\/\/www.welovecycling.com\/sk\/","name":"\u0160koda We Love Cycling Slovensko","description":"\u0160koda We Love Cycling Slovensko je v\u00e1\u0161 ka\u017edodenn\u00fd zdroj noviniek a in\u0161pir\u00e1cie z sveta cyklistiky","potentialAction":[{"@type":"SearchAction","target":{"@type":"EntryPoint","urlTemplate":"https:\/\/www.welovecycling.com\/sk\/?s={search_term_string}"},"query-input":{"@type":"PropertyValueSpecification","valueRequired":true,"valueName":"search_term_string"}}],"inLanguage":"sk-SK"},{"@type":"Person","@id":"","url":"https:\/\/www.welovecycling.com\/sk\/author\/"}]}},"_links":{"self":[{"href":"https:\/\/www.welovecycling.com\/sk\/wp-json\/wp\/v2\/posts\/14467","targetHints":{"allow":["GET"]}}],"collection":[{"href":"https:\/\/www.welovecycling.com\/sk\/wp-json\/wp\/v2\/posts"}],"about":[{"href":"https:\/\/www.welovecycling.com\/sk\/wp-json\/wp\/v2\/types\/post"}],"author":[{"embeddable":true,"href":"https:\/\/www.welovecycling.com\/sk\/wp-json\/wp\/v2\/users\/81"}],"replies":[{"embeddable":true,"href":"https:\/\/www.welovecycling.com\/sk\/wp-json\/wp\/v2\/comments?post=14467"}],"version-history":[{"count":2,"href":"https:\/\/www.welovecycling.com\/sk\/wp-json\/wp\/v2\/posts\/14467\/revisions"}],"predecessor-version":[{"id":14494,"href":"https:\/\/www.welovecycling.com\/sk\/wp-json\/wp\/v2\/posts\/14467\/revisions\/14494"}],"wp:featuredmedia":[{"embeddable":true,"href":"https:\/\/www.welovecycling.com\/sk\/wp-json\/wp\/v2\/media\/14473"}],"wp:attachment":[{"href":"https:\/\/www.welovecycling.com\/sk\/wp-json\/wp\/v2\/media?parent=14467"}],"wp:term":[{"taxonomy":"category","embeddable":true,"href":"https:\/\/www.welovecycling.com\/sk\/wp-json\/wp\/v2\/categories?post=14467"},{"taxonomy":"post_tag","embeddable":true,"href":"https:\/\/www.welovecycling.com\/sk\/wp-json\/wp\/v2\/tags?post=14467"},{"taxonomy":"global-categories","embeddable":true,"href":"https:\/\/www.welovecycling.com\/sk\/wp-json\/wp\/v2\/global-categories?post=14467"}],"curies":[{"name":"wp","href":"https:\/\/api.w.org\/{rel}","templated":true}]}}