{"id":14455,"date":"2022-05-26T09:16:05","date_gmt":"2022-05-26T07:16:05","guid":{"rendered":"https:\/\/www.welovecycling.com\/sk\/?p=14455"},"modified":"2022-06-01T10:30:29","modified_gmt":"2022-06-01T08:30:29","slug":"reportaz-skoda-mtb-maraton-rajecke-teplice-dokonaly-start-sezony","status":"publish","type":"post","link":"https:\/\/www.welovecycling.com\/sk\/2022\/05\/26\/reportaz-skoda-mtb-maraton-rajecke-teplice-dokonaly-start-sezony\/","title":{"rendered":"Report\u00e1\u017e: \u0160koda MTB marat\u00f3n Rajeck\u00e9 Teplice &#8211; dokonal\u00fd \u0161tart sez\u00f3ny"},"content":{"rendered":"<p><strong>Marat\u00f3nska sez\u00f3na sa uplynul\u00fd v\u00edkend do\u010dkala svojho otvorenia. V kr\u00e1snom prostred\u00ed Rajeck\u00fdch Tepl\u00edc sa v sobotu 21. m\u00e1ja konalo prv\u00e9 kolo na\u0161ej\/va\u0161ej ob\u013e\u00fabenej s\u00e9rie \u0160koda BIKE OPEN TOUR a pre mnoh\u00fdch milovn\u00edkov cyklistiky bolo z\u00e1rove\u0148 \u00favodom do celej sez\u00f3ny. A&nbsp;po\u010dasie vy\u0161lo na jednotku.<\/strong><!--more--><\/p>\n<p>U\u017e od skor\u00e9ho r\u00e1na sa v priestoroch z\u00e1zemia motali nedo\u010dkav\u00ed pretek\u00e1ri. <strong>N\u00e1lada bola perfektn\u00e1 a po\u010dasie po dlhej hist\u00f3rii marat\u00f3nu prialo.<\/strong> Kto pozn\u00e1 tieto preteky, isto vie o ich pr\u00edvlastku \u201eblatist\u00e9\u201d. Teraz v\u0161ak svietilo slnko a a\u017e na mal\u00fd no\u010dn\u00fd d\u00e1\u017e\u010f ni\u010d nenasved\u010dovalo tomu, \u017ee by si chceli svoj pr\u00edvlastok udr\u017ea\u0165.<\/p>\n<p>A mo\u017eno aj v\u010faka slne\u010dn\u00e9mu d\u0148u si do Rajeck\u00fdch Tepl\u00edc pri\u0161lo zajazdi\u0165 spolu takmer 600 milovn\u00edkov cyklistiky. A bolo z \u010doho vybera\u0165. Okrem troch d\u013a\u017eok trat\u00ed mali svoje kateg\u00f3rie aj rodinky s de\u0165mi a e-bikeri.<\/p>\n<div id='gallery-1' class='gallery galleryid-14455 gallery-columns-2 gallery-size-full'><figure class='gallery-item'>\n\t\t\t<div class='gallery-icon landscape'>\n\t\t\t\t<a href='https:\/\/d2p6e6u75xmxt8.cloudfront.net\/4\/2022\/05\/IMG_0289.webp'><img loading=\"lazy\" decoding=\"async\" width=\"990\" height=\"660\" src=\"https:\/\/d2p6e6u75xmxt8.cloudfront.net\/4\/2022\/05\/IMG_0289.webp\" class=\"attachment-full size-full\" alt=\"\" srcset=\"https:\/\/d2p6e6u75xmxt8.cloudfront.net\/4\/2022\/05\/IMG_0289.webp 990w, https:\/\/d2p6e6u75xmxt8.cloudfront.net\/4\/2022\/05\/IMG_0289-300x200.webp 300w, https:\/\/d2p6e6u75xmxt8.cloudfront.net\/4\/2022\/05\/IMG_0289-768x512.webp 768w, https:\/\/d2p6e6u75xmxt8.cloudfront.net\/4\/2022\/05\/IMG_0289-272x182.webp 272w\" sizes=\"auto, (max-width: 990px) 100vw, 990px\" \/><\/a>\n\t\t\t<\/div><\/figure><figure class='gallery-item'>\n\t\t\t<div class='gallery-icon landscape'>\n\t\t\t\t<a href='https:\/\/d2p6e6u75xmxt8.cloudfront.net\/4\/2022\/05\/IMG_0305.webp'><img loading=\"lazy\" decoding=\"async\" width=\"990\" height=\"660\" src=\"https:\/\/d2p6e6u75xmxt8.cloudfront.net\/4\/2022\/05\/IMG_0305.webp\" class=\"attachment-full size-full\" alt=\"\" srcset=\"https:\/\/d2p6e6u75xmxt8.cloudfront.net\/4\/2022\/05\/IMG_0305.webp 990w, https:\/\/d2p6e6u75xmxt8.cloudfront.net\/4\/2022\/05\/IMG_0305-300x200.webp 300w, https:\/\/d2p6e6u75xmxt8.cloudfront.net\/4\/2022\/05\/IMG_0305-768x512.webp 768w, https:\/\/d2p6e6u75xmxt8.cloudfront.net\/4\/2022\/05\/IMG_0305-272x182.webp 272w\" sizes=\"auto, (max-width: 990px) 100vw, 990px\" \/><\/a>\n\t\t\t<\/div><\/figure>\n\t\t<\/div>\n\n<h2><strong>Marat\u00f3nska tra\u0165 &#8211; 80 km<\/strong><\/h2>\n<p>Ako prv\u00ed svoj de\u0148 na \u0160koda MTB marat\u00f3n Rajeck\u00e9 Teplice od\u0161tartovali pretek\u00e1ri z dlhej trate, na ktor\u00fdch \u010dakali dva okruhy cez kr\u00e1sne prostredie L\u00fa\u010danskej Malej Fatry. V\u010faka no\u010dn\u00e9mu da\u017e\u010fu bol povrch trate ide\u00e1lny. Na ceste sa nepr\u00e1\u0161ilo, av\u0161ak d\u00e1\u017e\u010f po sebe nezanechal takmer \u017eiadne stopy, s v\u00fdnimkou p\u00e1r blatov\u00fdch kalu\u017e\u00ed. Tempo pretekov bolo od za\u010diatku ve\u013emi r\u00fdchle. Sved\u010dia o tom aj dosiahnut\u00e9 \u010dasy. <strong>Absol\u00fatnym v\u00ed\u0165azom sa stal Karel Hartl s \u010dasom 3:17:09.0.<\/strong>, ktor\u00fd tak obh\u00e1jil svoje v\u00ed\u0165azstvo z minul\u00e9ho roka. Medzi \u017eenami sa <strong>absol\u00fatnou v\u00ed\u0165azkou stala Janka Keseg \u0160tevkov\u00e1<\/strong>, ktor\u00e1 tra\u0165 aj s\u00faperky pokorila aj so zdravotn\u00fdmi komplik\u00e1ciami.<\/p>\n<div id='gallery-2' class='gallery galleryid-14455 gallery-columns-2 gallery-size-full'><figure class='gallery-item'>\n\t\t\t<div class='gallery-icon landscape'>\n\t\t\t\t<a href='https:\/\/d2p6e6u75xmxt8.cloudfront.net\/4\/2022\/05\/IMG_0460.webp'><img loading=\"lazy\" decoding=\"async\" width=\"990\" height=\"660\" src=\"https:\/\/d2p6e6u75xmxt8.cloudfront.net\/4\/2022\/05\/IMG_0460.webp\" class=\"attachment-full size-full\" alt=\"\" srcset=\"https:\/\/d2p6e6u75xmxt8.cloudfront.net\/4\/2022\/05\/IMG_0460.webp 990w, https:\/\/d2p6e6u75xmxt8.cloudfront.net\/4\/2022\/05\/IMG_0460-300x200.webp 300w, https:\/\/d2p6e6u75xmxt8.cloudfront.net\/4\/2022\/05\/IMG_0460-768x512.webp 768w, https:\/\/d2p6e6u75xmxt8.cloudfront.net\/4\/2022\/05\/IMG_0460-272x182.webp 272w\" sizes=\"auto, (max-width: 990px) 100vw, 990px\" \/><\/a>\n\t\t\t<\/div><\/figure><figure class='gallery-item'>\n\t\t\t<div class='gallery-icon landscape'>\n\t\t\t\t<a href='https:\/\/d2p6e6u75xmxt8.cloudfront.net\/4\/2022\/05\/IMG_0486.webp'><img loading=\"lazy\" decoding=\"async\" width=\"990\" height=\"660\" src=\"https:\/\/d2p6e6u75xmxt8.cloudfront.net\/4\/2022\/05\/IMG_0486.webp\" class=\"attachment-full size-full\" alt=\"\" srcset=\"https:\/\/d2p6e6u75xmxt8.cloudfront.net\/4\/2022\/05\/IMG_0486.webp 990w, https:\/\/d2p6e6u75xmxt8.cloudfront.net\/4\/2022\/05\/IMG_0486-300x200.webp 300w, https:\/\/d2p6e6u75xmxt8.cloudfront.net\/4\/2022\/05\/IMG_0486-768x512.webp 768w, https:\/\/d2p6e6u75xmxt8.cloudfront.net\/4\/2022\/05\/IMG_0486-272x182.webp 272w\" sizes=\"auto, (max-width: 990px) 100vw, 990px\" \/><\/a>\n\t\t\t<\/div><\/figure>\n\t\t<\/div>\n\n<h2><strong>Polmarat\u00f3nska tra\u0165 &#8211; 50 km<\/strong><\/h2>\n<p>O jeden okruh menej si dali \u00fa\u010dastn\u00edci strednej d\u013a\u017eky trate. Na \u0161tart sa najprv postavili e-bikeri, v kateg\u00f3ri\u00e1ch Pedelec a Open. Bat\u00e9rie v st\u00fapan\u00ed uk\u00e1zali svoju podstatu a tak sa p\u00e1r e-bikerom podarilo dobehn\u00fa\u0165 aj zadn\u00e9 rady marat\u00f3ncov. <strong>V kateg\u00f3rii Pedelec sa stali v\u00ed\u0165azmi Tom\u00e1\u0161 Chabada a Nat\u00e1lia Ma\u017eg\u00fatov\u00e1.<\/strong> V kateg\u00f3rii Open \u0161tartovali len mu\u017ei a <strong>prvenstvo si odniesol Peter Maslan\u010dik<\/strong>, ktor\u00fd s ro\u010dn\u00edkom narodenia 1961 predbehol v\u0161etk\u00fdch svojich v\u00fdrazne mlad\u0161\u00edch konkurentov.<\/p>\n<p><a href=\"https:\/\/d2p6e6u75xmxt8.cloudfront.net\/4\/2022\/05\/IMG_0518.jpg\"><img loading=\"lazy\" decoding=\"async\" src=\"https:\/\/d2p6e6u75xmxt8.cloudfront.net\/4\/2022\/05\/IMG_0518.jpg\" alt=\"\" width=\"990\" height=\"660\" class=\"alignnone size-full wp-image-14490\" \/><\/a><\/p>\n<p>Po e-bikeroch sa na tra\u0165 postavili klasick\u00ed cyklisti. <strong>Tu si na najvy\u0161\u0161ie miesto st\u00fapol \u013dubom\u00edr Mur\u00e1rik<\/strong> a <strong>najr\u00fdchlej\u0161ou \u017eenou sa stala Timea \u0160trb\u00e1kov\u00e1<\/strong>. Stredn\u00fa tra\u0165 si u\u017eilo aj zop\u00e1r gravelistov. T\u00ed boli bez \u017eenskej \u00fa\u010dasti a <strong>najr\u00fdchlej\u0161\u00edm bol Jaroslav Hajd\u00fach<\/strong>.<\/p>\n<h2><strong>Hobby tra\u0165 &#8211; 18,5 km<\/strong><\/h2>\n<p>Najkrat\u0161iu tra\u0165 si spolu u\u017eili za\u010diato\u010dn\u00edci, pohod\u00e1ri, ml\u00e1de\u017e aj rodiny s de\u0165mi. Tra\u0165 viedla bl\u00edzkym okol\u00edm obce a pon\u00fakla kr\u00e1tky technick\u00fd \u00fasek a l\u00faky s pekn\u00fdmi v\u00fdh\u013eadmi. <strong>Prvenstvo si medzi mu\u017emi odniesol Andrej Kup\u010dok<\/strong> z kateg\u00f3rie kadetov (15-16 rokov) a <strong>najr\u00fdchlej\u0161ou \u017eenou bola taktie\u017e kadetka, Barbora Heged\u00fa\u0161ov\u00e1<\/strong>.<\/p>\n<div class=\"shortcode-ys-post-pinup\"><article class=\"loop-simple post-14396 post type-post status-publish format-standard has-post-thumbnail hentry category-sbot tag-akcia tag-deti tag-levoca tag-maraton tag-muzi tag-pozvanka tag-preteky tag-rodina tag-rodinny-maraton tag-sezona-2022 tag-skoda tag-skoda-auto tag-sbot tag-skoda-dedina tag-skoda-enyaq-iv tag-skoda-mtb-maraton-levocske-vrchy tag-zeny tag-zivotne-prostredie global-categories-cycling\" data-postid=\"14396\" role=\"article\" data-post-id=\"14396\" data-word-count=\"321\" data-headline-length=\"73\" data-category=\"\u0160koda Bike Open Tour\" data-global-category=\"Cycling\" data-author=\"WeLoveCycling\" data-published=\"2022-05-19T10:00:45+02:00\" data-published-day=\"Thursday\">\n    <div class=\"entry-thumbnail article-thumbnail\" content=\"https:\/\/d2p6e6u75xmxt8.cloudfront.net\/4\/2022\/05\/SBOT-00-WLC-150x150.webp\"><a href=\"https:\/\/www.welovecycling.com\/sk\/2022\/05\/19\/pozvanka-skoda-mtb-maraton-levocske-vrchy-opat-pretekame\/\" class=\"image-holder\" target=\"_self\"><img decoding=\"async\" loading=\"lazy\" class=\"\" src=\"https:\/\/d2p6e6u75xmxt8.cloudfront.net\/4\/2022\/05\/SBOT-00-WLC.webp\" srcset=\"https:\/\/d2p6e6u75xmxt8.cloudfront.net\/4\/2022\/05\/SBOT-00-WLC.webp 990w, https:\/\/d2p6e6u75xmxt8.cloudfront.net\/4\/2022\/05\/SBOT-00-WLC-300x200.webp 300w, https:\/\/d2p6e6u75xmxt8.cloudfront.net\/4\/2022\/05\/SBOT-00-WLC-768x512.webp 768w, https:\/\/d2p6e6u75xmxt8.cloudfront.net\/4\/2022\/05\/SBOT-00-WLC-272x182.webp 272w\" width=\"990\" height=\"660\" sizes=\"auto, (min-width: 1200px) 300px, (min-width: 768px) 25vw, 100vw\" alt=\"pozvanka-skoda-mtb-maraton-levocske-vrchy-opat-pretekame\"\/><\/a><\/div>    <div class=\"entry-meta\">\n        <a class=\"label label-secondary post-category\" href=\"https:\/\/www.welovecycling.com\/sk\/category\/sbot\/\" title=\"\u0160koda Bike Open Tour\">\u0160koda Bike Open Tour<\/a>\n    <\/div>\n    <div class=\"entry-details\">\n        <a href=\"https:\/\/www.welovecycling.com\/sk\/2022\/05\/19\/pozvanka-skoda-mtb-maraton-levocske-vrchy-opat-pretekame\/\" class='entry-title-wrapper'>\n            <h3 class=\"entry-title\"><span>Pozv\u00e1nka: \u0160koda MTB marat\u00f3n Levo\u010dsk\u00e9 vrchy &#8211; op\u00e4\u0165 pretek\u00e1me<\/span><\/h3>\n        <\/a>\n    <\/div>\n    <\/article>\n<\/div>\n<p>Family kateg\u00f3ria sa tie\u017e te\u0161ila ve\u013ek\u00e9mu po\u010dtu cyklistick\u00fdch nad\u0161encov a na \u0161tart sa postavilo a\u017e 54&nbsp;rodiniek. <strong>V\u00ed\u0165ami boli Peter a Michal \u0160ichta.<\/strong><\/p>\n<p><a href=\"https:\/\/d2p6e6u75xmxt8.cloudfront.net\/4\/2022\/05\/IMG_0416.jpg\"><img loading=\"lazy\" decoding=\"async\" src=\"https:\/\/d2p6e6u75xmxt8.cloudfront.net\/4\/2022\/05\/IMG_0416.jpg\" alt=\"\" width=\"990\" height=\"660\" class=\"alignnone size-full wp-image-14485\" \/><\/a><\/p>\n<p>No a dobr\u00e1 n\u00e1lada pokra\u010dovala aj v z\u00e1zem\u00ed a\u017e do sam\u00e9ho konca programu. K dispoz\u00edcii boli r\u00f4zne st\u00e1nky partnerov podujatia, pojazdn\u00e1 kaviare\u0148, sk\u00e1kacie auto \u010di dokonca mohli deti od\u0161tartova\u0165 k\u00fapaciu sez\u00f3nu v detskom baz\u00e9ne. Vysmiati cyklisti, kr\u00e1sne po\u010dasie, \u0161tedr\u00e1 tombola, chillout z\u00f3na a \u017eiv\u00e1 hudba v podan\u00ed spev\u00e1\u010dky Michaely Martyk\u00e1novej, sa na \u0160koda MTB marat\u00f3n Rajeck\u00e9 Teplice spolu postarali o pr\u00edjemne str\u00e1ven\u00fd de\u0148. <\/p>\n<div id='gallery-3' class='gallery galleryid-14396 gallery-columns-2 gallery-size-full'><figure class='gallery-item'>\n\t\t\t<div class='gallery-icon landscape'>\n\t\t\t\t<a href='https:\/\/d2p6e6u75xmxt8.cloudfront.net\/4\/2022\/05\/IMG_0331.webp'><img loading=\"lazy\" decoding=\"async\" width=\"990\" height=\"660\" src=\"https:\/\/d2p6e6u75xmxt8.cloudfront.net\/4\/2022\/05\/IMG_0331.webp\" class=\"attachment-full size-full\" alt=\"\" srcset=\"https:\/\/d2p6e6u75xmxt8.cloudfront.net\/4\/2022\/05\/IMG_0331.webp 990w, https:\/\/d2p6e6u75xmxt8.cloudfront.net\/4\/2022\/05\/IMG_0331-300x200.webp 300w, https:\/\/d2p6e6u75xmxt8.cloudfront.net\/4\/2022\/05\/IMG_0331-768x512.webp 768w, https:\/\/d2p6e6u75xmxt8.cloudfront.net\/4\/2022\/05\/IMG_0331-272x182.webp 272w\" sizes=\"auto, (max-width: 990px) 100vw, 990px\" \/><\/a>\n\t\t\t<\/div><\/figure><figure class='gallery-item'>\n\t\t\t<div class='gallery-icon landscape'>\n\t\t\t\t<a href='https:\/\/d2p6e6u75xmxt8.cloudfront.net\/4\/2022\/05\/IMG_0388.webp'><img loading=\"lazy\" decoding=\"async\" width=\"990\" height=\"660\" src=\"https:\/\/d2p6e6u75xmxt8.cloudfront.net\/4\/2022\/05\/IMG_0388.webp\" class=\"attachment-full size-full\" alt=\"\" srcset=\"https:\/\/d2p6e6u75xmxt8.cloudfront.net\/4\/2022\/05\/IMG_0388.webp 990w, https:\/\/d2p6e6u75xmxt8.cloudfront.net\/4\/2022\/05\/IMG_0388-300x200.webp 300w, https:\/\/d2p6e6u75xmxt8.cloudfront.net\/4\/2022\/05\/IMG_0388-768x512.webp 768w, https:\/\/d2p6e6u75xmxt8.cloudfront.net\/4\/2022\/05\/IMG_0388-272x182.webp 272w\" sizes=\"auto, (max-width: 990px) 100vw, 990px\" \/><\/a>\n\t\t\t<\/div><\/figure>\n\t\t<\/div>\n\n<p>A nezab\u00fadajte, \u017ee hodnotn\u00e9 ceny \u017erebujeme nielen po ka\u017ed\u00fdch pretekoch ale aj v z\u00e1vere\u010dnom losovan\u00ed, po skon\u010den\u00ed celej s\u00e9rie \u0160BOT 2022, <strong>kde na svojho majite\u013ea \u010dak\u00e1 skvel\u00fd celoodpru\u017een\u00fd elektrobicykel \u0160koda eMTB, na tie prav\u00e9 horsk\u00e9 dobrodru\u017estv\u00e1<\/strong>.<\/p>\n<lite-youtube videoid=z_JtrVMB11g params=\"enablejsapi=1\" style=\"background-image: url('https:\/\/i.ytimg.com\/vi_webp\/z_JtrVMB11g\/maxresdefault.webp');\"><\/lite-youtube>\n<p>Fotogal\u00e9riu z tohto d\u0148a n\u00e1jdete na <a href=\"https:\/\/www.welovecycling.com\/sk\/2022\/05\/26\/foto-skoda-mtb-maraton-rajecke-teplice-2022\/\" rel=\"noopener\" target=\"_blank\">tomto odkaze<\/a>.<\/p>\n","protected":false},"excerpt":{"rendered":"<p>Marat\u00f3nska sez\u00f3na sa uplynul\u00fd v\u00edkend do\u010dkala svojho otvorenia. V kr\u00e1snom prostred\u00ed Rajeck\u00fdch Tepl\u00edc sa v sobotu 21. m\u00e1ja konalo prv\u00e9 [&hellip;]<\/p>\n","protected":false},"author":81,"featured_media":14458,"comment_status":"open","ping_status":"open","sticky":false,"template":"","format":"standard","meta":{"footnotes":""},"categories":[38,33],"tags":[507,180,178,412,179,39,474,1411,542,1009,35,77,1259,860,92,523],"global-categories":[1074],"class_list":["post-14455","post","type-post","status-publish","format-standard","has-post-thumbnail","hentry","category-reportaz","category-sbot","tag-cyklorodinka","tag-horska-cyklistika","tag-maraton","tag-mtb","tag-preteky","tag-reportaz","tag-rodinny-maraton","tag-sezona-2022","tag-skoda","tag-skoda-auto","tag-sbot","tag-skoda-dedina","tag-skoda-enyaq-iv","tag-skoda-mtb-maraton-rajecke-teplice","tag-skoda-tim","tag-slovensko","global-categories-cycling"],"yoast_head":"<!-- This site is optimized with the Yoast SEO Premium plugin v25.3 (Yoast SEO v25.9) - https:\/\/yoast.com\/wordpress\/plugins\/seo\/ -->\n<title>Report\u00e1\u017e: \u0160koda MTB marat\u00f3n Rajeck\u00e9 Teplice - dokonal\u00fd \u0161tart sez\u00f3ny - \u0160koda We Love Cycling Slovensko<\/title>\n<meta name=\"description\" content=\"V kr\u00e1snom prostred\u00ed Rajeck\u00fdch Tepl\u00edc sa v sobotu 21. m\u00e1ja konalo prv\u00e9 kolo na\u0161ej\/va\u0161ej ob\u013e\u00fabenej s\u00e9rie \u0160koda BIKE OPEN TOUR.\" \/>\n<meta name=\"robots\" content=\"index, follow, max-snippet:-1, max-image-preview:large, max-video-preview:-1\" \/>\n<link rel=\"canonical\" href=\"https:\/\/www.welovecycling.com\/sk\/2022\/05\/26\/reportaz-skoda-mtb-maraton-rajecke-teplice-dokonaly-start-sezony\/\" \/>\n<meta property=\"og:locale\" content=\"sk_SK\" \/>\n<meta property=\"og:type\" content=\"article\" \/>\n<meta property=\"og:title\" content=\"Report\u00e1\u017e: \u0160koda MTB marat\u00f3n Rajeck\u00e9 Teplice - dokonal\u00fd \u0161tart sez\u00f3ny\" \/>\n<meta property=\"og:description\" content=\"V kr\u00e1snom prostred\u00ed Rajeck\u00fdch Tepl\u00edc sa v sobotu 21. m\u00e1ja konalo prv\u00e9 kolo na\u0161ej\/va\u0161ej ob\u013e\u00fabenej s\u00e9rie \u0160koda BIKE OPEN TOUR.\" \/>\n<meta property=\"og:url\" content=\"https:\/\/www.welovecycling.com\/sk\/2022\/05\/26\/reportaz-skoda-mtb-maraton-rajecke-teplice-dokonaly-start-sezony\/\" \/>\n<meta property=\"og:site_name\" content=\"\u0160koda We Love Cycling Slovensko\" \/>\n<meta property=\"article:published_time\" content=\"2022-05-26T07:16:05+00:00\" \/>\n<meta property=\"article:modified_time\" content=\"2022-06-01T08:30:29+00:00\" \/>\n<meta property=\"og:image\" content=\"https:\/\/d2p6e6u75xmxt8.cloudfront.net\/4\/2022\/05\/SBOT_RT_00.webp\" \/>\n\t<meta property=\"og:image:width\" content=\"990\" \/>\n\t<meta property=\"og:image:height\" content=\"660\" \/>\n\t<meta property=\"og:image:type\" content=\"image\/webp\" \/>\n<meta name=\"twitter:card\" content=\"summary_large_image\" \/>\n<meta name=\"twitter:label1\" content=\"Written by\" \/>\n\t<meta name=\"twitter:data1\" content=\"WeLoveCycling\" \/>\n\t<meta name=\"twitter:label2\" content=\"Est. reading time\" \/>\n\t<meta name=\"twitter:data2\" content=\"4\" \/>\n<script type=\"application\/ld+json\" class=\"yoast-schema-graph\">{\"@context\":\"https:\/\/schema.org\",\"@graph\":[{\"@type\":\"WebPage\",\"@id\":\"https:\/\/www.welovecycling.com\/sk\/2022\/05\/26\/reportaz-skoda-mtb-maraton-rajecke-teplice-dokonaly-start-sezony\/\",\"url\":\"https:\/\/www.welovecycling.com\/sk\/2022\/05\/26\/reportaz-skoda-mtb-maraton-rajecke-teplice-dokonaly-start-sezony\/\",\"name\":\"Report\u00e1\u017e: \u0160koda MTB marat\u00f3n Rajeck\u00e9 Teplice - dokonal\u00fd \u0161tart sez\u00f3ny - \u0160koda We Love Cycling Slovensko\",\"isPartOf\":{\"@id\":\"https:\/\/www.welovecycling.com\/sk\/#website\"},\"primaryImageOfPage\":{\"@id\":\"https:\/\/www.welovecycling.com\/sk\/2022\/05\/26\/reportaz-skoda-mtb-maraton-rajecke-teplice-dokonaly-start-sezony\/#primaryimage\"},\"image\":{\"@id\":\"https:\/\/www.welovecycling.com\/sk\/2022\/05\/26\/reportaz-skoda-mtb-maraton-rajecke-teplice-dokonaly-start-sezony\/#primaryimage\"},\"thumbnailUrl\":\"https:\/\/d2p6e6u75xmxt8.cloudfront.net\/4\/2022\/05\/SBOT_RT_00.webp\",\"datePublished\":\"2022-05-26T07:16:05+00:00\",\"dateModified\":\"2022-06-01T08:30:29+00:00\",\"author\":{\"@id\":\"\"},\"description\":\"V kr\u00e1snom prostred\u00ed Rajeck\u00fdch Tepl\u00edc sa v sobotu 21. m\u00e1ja konalo prv\u00e9 kolo na\u0161ej\/va\u0161ej ob\u013e\u00fabenej s\u00e9rie \u0160koda BIKE OPEN TOUR.\",\"breadcrumb\":{\"@id\":\"https:\/\/www.welovecycling.com\/sk\/2022\/05\/26\/reportaz-skoda-mtb-maraton-rajecke-teplice-dokonaly-start-sezony\/#breadcrumb\"},\"inLanguage\":\"sk-SK\",\"potentialAction\":[{\"@type\":\"ReadAction\",\"target\":[\"https:\/\/www.welovecycling.com\/sk\/2022\/05\/26\/reportaz-skoda-mtb-maraton-rajecke-teplice-dokonaly-start-sezony\/\"]}]},{\"@type\":\"ImageObject\",\"inLanguage\":\"sk-SK\",\"@id\":\"https:\/\/www.welovecycling.com\/sk\/2022\/05\/26\/reportaz-skoda-mtb-maraton-rajecke-teplice-dokonaly-start-sezony\/#primaryimage\",\"url\":\"https:\/\/d2p6e6u75xmxt8.cloudfront.net\/4\/2022\/05\/SBOT_RT_00.webp\",\"contentUrl\":\"https:\/\/d2p6e6u75xmxt8.cloudfront.net\/4\/2022\/05\/SBOT_RT_00.webp\",\"width\":990,\"height\":660},{\"@type\":\"BreadcrumbList\",\"@id\":\"https:\/\/www.welovecycling.com\/sk\/2022\/05\/26\/reportaz-skoda-mtb-maraton-rajecke-teplice-dokonaly-start-sezony\/#breadcrumb\",\"itemListElement\":[{\"@type\":\"ListItem\",\"position\":1,\"name\":\"Home\",\"item\":\"https:\/\/www.welovecycling.com\/sk\/\"},{\"@type\":\"ListItem\",\"position\":2,\"name\":\"Report\u00e1\u017e: \u0160koda MTB marat\u00f3n Rajeck\u00e9 Teplice &#8211; dokonal\u00fd \u0161tart sez\u00f3ny\"}]},{\"@type\":\"WebSite\",\"@id\":\"https:\/\/www.welovecycling.com\/sk\/#website\",\"url\":\"https:\/\/www.welovecycling.com\/sk\/\",\"name\":\"\u0160koda We Love Cycling Slovensko\",\"description\":\"\u0160koda We Love Cycling Slovensko je v\u00e1\u0161 ka\u017edodenn\u00fd zdroj noviniek a in\u0161pir\u00e1cie z sveta cyklistiky\",\"potentialAction\":[{\"@type\":\"SearchAction\",\"target\":{\"@type\":\"EntryPoint\",\"urlTemplate\":\"https:\/\/www.welovecycling.com\/sk\/?s={search_term_string}\"},\"query-input\":{\"@type\":\"PropertyValueSpecification\",\"valueRequired\":true,\"valueName\":\"search_term_string\"}}],\"inLanguage\":\"sk-SK\"},{\"@type\":\"Person\",\"@id\":\"\",\"url\":\"https:\/\/www.welovecycling.com\/sk\/author\/\"}]}<\/script>\n<!-- \/ Yoast SEO Premium plugin. -->","yoast_head_json":{"title":"Report\u00e1\u017e: \u0160koda MTB marat\u00f3n Rajeck\u00e9 Teplice - dokonal\u00fd \u0161tart sez\u00f3ny - \u0160koda We Love Cycling Slovensko","description":"V kr\u00e1snom prostred\u00ed Rajeck\u00fdch Tepl\u00edc sa v sobotu 21. m\u00e1ja konalo prv\u00e9 kolo na\u0161ej\/va\u0161ej ob\u013e\u00fabenej s\u00e9rie \u0160koda BIKE OPEN TOUR.","robots":{"index":"index","follow":"follow","max-snippet":"max-snippet:-1","max-image-preview":"max-image-preview:large","max-video-preview":"max-video-preview:-1"},"canonical":"https:\/\/www.welovecycling.com\/sk\/2022\/05\/26\/reportaz-skoda-mtb-maraton-rajecke-teplice-dokonaly-start-sezony\/","og_locale":"sk_SK","og_type":"article","og_title":"Report\u00e1\u017e: \u0160koda MTB marat\u00f3n Rajeck\u00e9 Teplice - dokonal\u00fd \u0161tart sez\u00f3ny","og_description":"V kr\u00e1snom prostred\u00ed Rajeck\u00fdch Tepl\u00edc sa v sobotu 21. m\u00e1ja konalo prv\u00e9 kolo na\u0161ej\/va\u0161ej ob\u013e\u00fabenej s\u00e9rie \u0160koda BIKE OPEN TOUR.","og_url":"https:\/\/www.welovecycling.com\/sk\/2022\/05\/26\/reportaz-skoda-mtb-maraton-rajecke-teplice-dokonaly-start-sezony\/","og_site_name":"\u0160koda We Love Cycling Slovensko","article_published_time":"2022-05-26T07:16:05+00:00","article_modified_time":"2022-06-01T08:30:29+00:00","og_image":[{"width":990,"height":660,"url":"https:\/\/d2p6e6u75xmxt8.cloudfront.net\/4\/2022\/05\/SBOT_RT_00.webp","type":"image\/webp"}],"twitter_card":"summary_large_image","twitter_misc":{"Written by":"WeLoveCycling","Est. reading time":"4"},"schema":{"@context":"https:\/\/schema.org","@graph":[{"@type":"WebPage","@id":"https:\/\/www.welovecycling.com\/sk\/2022\/05\/26\/reportaz-skoda-mtb-maraton-rajecke-teplice-dokonaly-start-sezony\/","url":"https:\/\/www.welovecycling.com\/sk\/2022\/05\/26\/reportaz-skoda-mtb-maraton-rajecke-teplice-dokonaly-start-sezony\/","name":"Report\u00e1\u017e: \u0160koda MTB marat\u00f3n Rajeck\u00e9 Teplice - dokonal\u00fd \u0161tart sez\u00f3ny - \u0160koda We Love Cycling Slovensko","isPartOf":{"@id":"https:\/\/www.welovecycling.com\/sk\/#website"},"primaryImageOfPage":{"@id":"https:\/\/www.welovecycling.com\/sk\/2022\/05\/26\/reportaz-skoda-mtb-maraton-rajecke-teplice-dokonaly-start-sezony\/#primaryimage"},"image":{"@id":"https:\/\/www.welovecycling.com\/sk\/2022\/05\/26\/reportaz-skoda-mtb-maraton-rajecke-teplice-dokonaly-start-sezony\/#primaryimage"},"thumbnailUrl":"https:\/\/d2p6e6u75xmxt8.cloudfront.net\/4\/2022\/05\/SBOT_RT_00.webp","datePublished":"2022-05-26T07:16:05+00:00","dateModified":"2022-06-01T08:30:29+00:00","author":{"@id":""},"description":"V kr\u00e1snom prostred\u00ed Rajeck\u00fdch Tepl\u00edc sa v sobotu 21. m\u00e1ja konalo prv\u00e9 kolo na\u0161ej\/va\u0161ej ob\u013e\u00fabenej s\u00e9rie \u0160koda BIKE OPEN TOUR.","breadcrumb":{"@id":"https:\/\/www.welovecycling.com\/sk\/2022\/05\/26\/reportaz-skoda-mtb-maraton-rajecke-teplice-dokonaly-start-sezony\/#breadcrumb"},"inLanguage":"sk-SK","potentialAction":[{"@type":"ReadAction","target":["https:\/\/www.welovecycling.com\/sk\/2022\/05\/26\/reportaz-skoda-mtb-maraton-rajecke-teplice-dokonaly-start-sezony\/"]}]},{"@type":"ImageObject","inLanguage":"sk-SK","@id":"https:\/\/www.welovecycling.com\/sk\/2022\/05\/26\/reportaz-skoda-mtb-maraton-rajecke-teplice-dokonaly-start-sezony\/#primaryimage","url":"https:\/\/d2p6e6u75xmxt8.cloudfront.net\/4\/2022\/05\/SBOT_RT_00.webp","contentUrl":"https:\/\/d2p6e6u75xmxt8.cloudfront.net\/4\/2022\/05\/SBOT_RT_00.webp","width":990,"height":660},{"@type":"BreadcrumbList","@id":"https:\/\/www.welovecycling.com\/sk\/2022\/05\/26\/reportaz-skoda-mtb-maraton-rajecke-teplice-dokonaly-start-sezony\/#breadcrumb","itemListElement":[{"@type":"ListItem","position":1,"name":"Home","item":"https:\/\/www.welovecycling.com\/sk\/"},{"@type":"ListItem","position":2,"name":"Report\u00e1\u017e: \u0160koda MTB marat\u00f3n Rajeck\u00e9 Teplice &#8211; dokonal\u00fd \u0161tart sez\u00f3ny"}]},{"@type":"WebSite","@id":"https:\/\/www.welovecycling.com\/sk\/#website","url":"https:\/\/www.welovecycling.com\/sk\/","name":"\u0160koda We Love Cycling Slovensko","description":"\u0160koda We Love Cycling Slovensko je v\u00e1\u0161 ka\u017edodenn\u00fd zdroj noviniek a in\u0161pir\u00e1cie z sveta cyklistiky","potentialAction":[{"@type":"SearchAction","target":{"@type":"EntryPoint","urlTemplate":"https:\/\/www.welovecycling.com\/sk\/?s={search_term_string}"},"query-input":{"@type":"PropertyValueSpecification","valueRequired":true,"valueName":"search_term_string"}}],"inLanguage":"sk-SK"},{"@type":"Person","@id":"","url":"https:\/\/www.welovecycling.com\/sk\/author\/"}]}},"_links":{"self":[{"href":"https:\/\/www.welovecycling.com\/sk\/wp-json\/wp\/v2\/posts\/14455","targetHints":{"allow":["GET"]}}],"collection":[{"href":"https:\/\/www.welovecycling.com\/sk\/wp-json\/wp\/v2\/posts"}],"about":[{"href":"https:\/\/www.welovecycling.com\/sk\/wp-json\/wp\/v2\/types\/post"}],"author":[{"embeddable":true,"href":"https:\/\/www.welovecycling.com\/sk\/wp-json\/wp\/v2\/users\/81"}],"replies":[{"embeddable":true,"href":"https:\/\/www.welovecycling.com\/sk\/wp-json\/wp\/v2\/comments?post=14455"}],"version-history":[{"count":2,"href":"https:\/\/www.welovecycling.com\/sk\/wp-json\/wp\/v2\/posts\/14455\/revisions"}],"predecessor-version":[{"id":14597,"href":"https:\/\/www.welovecycling.com\/sk\/wp-json\/wp\/v2\/posts\/14455\/revisions\/14597"}],"wp:featuredmedia":[{"embeddable":true,"href":"https:\/\/www.welovecycling.com\/sk\/wp-json\/wp\/v2\/media\/14458"}],"wp:attachment":[{"href":"https:\/\/www.welovecycling.com\/sk\/wp-json\/wp\/v2\/media?parent=14455"}],"wp:term":[{"taxonomy":"category","embeddable":true,"href":"https:\/\/www.welovecycling.com\/sk\/wp-json\/wp\/v2\/categories?post=14455"},{"taxonomy":"post_tag","embeddable":true,"href":"https:\/\/www.welovecycling.com\/sk\/wp-json\/wp\/v2\/tags?post=14455"},{"taxonomy":"global-categories","embeddable":true,"href":"https:\/\/www.welovecycling.com\/sk\/wp-json\/wp\/v2\/global-categories?post=14455"}],"curies":[{"name":"wp","href":"https:\/\/api.w.org\/{rel}","templated":true}]}}