{"id":14396,"date":"2022-05-19T10:00:45","date_gmt":"2022-05-19T08:00:45","guid":{"rendered":"https:\/\/www.welovecycling.com\/sk\/?p=14396"},"modified":"2022-05-19T08:41:25","modified_gmt":"2022-05-19T06:41:25","slug":"pozvanka-skoda-mtb-maraton-levocske-vrchy-opat-pretekame","status":"publish","type":"post","link":"https:\/\/www.welovecycling.com\/sk\/2022\/05\/19\/pozvanka-skoda-mtb-maraton-levocske-vrchy-opat-pretekame\/","title":{"rendered":"Pozv\u00e1nka: \u0160koda MTB marat\u00f3n Levo\u010dsk\u00e9 vrchy &#8211; op\u00e4\u0165 pretek\u00e1me"},"content":{"rendered":"<p><strong>Nem\u00e1te pl\u00e1ny na bud\u00faci v\u00edkend a\u00a0radi by ste ho str\u00e1vili v\u00a0\u0161portovom duchu? Pokra\u010dovanie \u0160koda BIKE OPEN TOUR tentokr\u00e1t zav\u00edta po dvojro\u010dnej pauze do Levo\u010dsk\u00fdch vrchov u\u017e v\u00a0sobotu 28. m\u00e1ja a vy by ste si ho rozhodne nemali necha\u0165 ujs\u0165.<\/strong><!--more--><\/p>\n<p>Tohtoro\u010dn\u00e1 s\u00e9ria MTB marat\u00f3nov bude ma\u0165 spolu 5 zast\u00e1vok s\u00a0podporou gener\u00e1lneho partnera \u0160koda AUTO Slovensko. Po otv\u00e1racom kole v\u00a0Rajeck\u00fdch Tepliciach sa presunieme na v\u00fdchod Slovenska, konkr\u00e9tne k\u00a0mestu Levo\u010da. <strong>\u010caka\u0165 na v\u00e1s bud\u00fa tri trate a\u00a0samozrejmos\u0165ou je aj rodinn\u00e1 Family.<\/strong> <\/p>\n<p><a href=\"https:\/\/d2p6e6u75xmxt8.cloudfront.net\/4\/2022\/05\/SBOT-02-WLC.jpg\"><img loading=\"lazy\" decoding=\"async\" src=\"https:\/\/d2p6e6u75xmxt8.cloudfront.net\/4\/2022\/05\/SBOT-02-WLC.jpg\" alt=\"\" width=\"990\" height=\"660\" class=\"alignnone size-full wp-image-14400\" \/><\/a><\/p>\n<p>Ak by sa samotn\u00fdch pretekov chceli z\u00fa\u010dastni\u0165 aj deti, tak s\u00fa pre nich prichystan\u00e9 detsk\u00e9 preteky. Najdlh\u0161ia tra\u0165 pre skuto\u010dn\u00fdch marat\u00f3ncov m\u00e1 75 kilometrov s\u00a0prev\u00fd\u0161en\u00edm okolo 2 354 metrov. Nasleduje klasick\u00e1 s\u00a0d\u013a\u017ekou 50 kilometrov a\u00a0prev\u00fd\u0161en\u00edm 1 646 metrov.<strong> T\u00e1to tra\u0165 je ur\u010den\u00e1 aj pre kateg\u00f3riu e-bike, no ak m\u00e1\u0161 doma gravel bicykel, tak sa prihl\u00e1s.<\/strong> Na tejto trati si m\u00f4\u017ee\u0161 zmera\u0165 sily s\u00a0ostatn\u00fdmi v\u00a0r\u00e1mci gravel kateg\u00f3rie. Najkrat\u0161ia tra\u0165 m\u00e1 24 kilometrov a\u00a0prev\u00fd\u0161en\u00edm tesne nad 700 metrov. T\u00e1to tra\u0165, ako aj tie ostatn\u00e9, v\u00e1m pon\u00faknu kr\u00e1sne v\u00fdh\u013eady na majest\u00e1tne Tatry a\u00a0preved\u00fa v\u00e1s malebnou krajinou v\u00a0Levo\u010dsk\u00fdch vrchoch.<\/p>\n<p><a href=\"https:\/\/d2p6e6u75xmxt8.cloudfront.net\/4\/2022\/05\/SBOT-03-WLC.jpg\"><img loading=\"lazy\" decoding=\"async\" src=\"https:\/\/d2p6e6u75xmxt8.cloudfront.net\/4\/2022\/05\/SBOT-03-WLC.jpg\" alt=\"\" width=\"990\" height=\"660\" class=\"alignnone size-full wp-image-14401\" \/><\/a><\/p>\n<h2><strong>D\u00f4le\u017eit\u00e9 inform\u00e1cie<\/strong><\/h2>\n<p>Samotn\u00e9 prihl\u00e1senie m\u00f4\u017eete vykona\u0165 <a href=\"https:\/\/cyklo.sao-tatry.sk\/index.php?menu=103&#038;l=sk&#038;arok=2022&#038;cisl_preteku=2\" rel=\"noopener\" target=\"_blank\">online<\/a> alebo na mieste. <strong>Prezent\u00e1cia bude prebieha\u0165 v\u00a0piatok 27. m\u00e1ja od 18:00 do 20:00 hodiny v\u00a0mieste \u0161tartu marat\u00f3nu pri Kine \u00dasmev Levo\u010da.<\/strong> V\u00a0samotn\u00fd de\u0148 pretekov 28. m\u00e1ja od 7:00 hodiny rannej do 10:00. Ak sa prihl\u00e1site online, je potrebn\u00e9 si prihl\u00e1\u0161ku donies\u0165 vytla\u010den\u00fa so sebou.<\/p>\n<p><a href=\"https:\/\/d2p6e6u75xmxt8.cloudfront.net\/4\/2022\/05\/SBOT-04-WLC.jpg\"><img loading=\"lazy\" decoding=\"async\" src=\"https:\/\/d2p6e6u75xmxt8.cloudfront.net\/4\/2022\/05\/SBOT-04-WLC.jpg\" alt=\"\" width=\"990\" height=\"660\" class=\"alignnone size-full wp-image-14402\" \/><\/a><\/p>\n<p>V\u00fd\u0161ka \u0161tartovn\u00e9ho je 30 \u20ac do 25. m\u00e1ja aj s\u00a0n\u00e1rokom na suven\u00edr. Po\u010das prezent\u00e1cie na mieste bude cena \u0161tartovn\u00e9ho 40 \u20ac. V\u00a0pr\u00edpade trate Family je cena 10 \u20ac a\u00a0pre detsk\u00e9 preteky je hodnota \u0161tartovn\u00e9ho 5 \u20ac.<\/p>\n<h2><strong>Pestr\u00e9 ceny aj program<\/strong><\/h2>\n<p>Samozrejmos\u0165ou je \u0161tartovac\u00ed bal\u00ed\u010dek s\u00a0bohat\u00fdm obsahom od partnerov a\u00a0ob\u010derstvenie po\u010das pretekov a\u00a0v\u00a0mieste cie\u013ea po dojazde. Pripraven\u00e9 bud\u00fa ako sprchy pre bicykle, tak aj pre samotn\u00fdch \u00fa\u010dastn\u00edkov a\u00a0bohat\u00fd sprievodn\u00fd program pre ostatn\u00fdch \u010dlenov a\u00a0sprievod pretek\u00e1rov. <strong>Po vyhl\u00e1sen\u00ed v\u00fdsledkov bude prebieha\u0165 tombola, kde v\u00a0r\u00e1mci \u00fa\u010dasti na jednom z\u00a0pretekov s\u00e9rie \u0160koda BIKE OPEN TOUR 2022 m\u00f4\u017eete vyhra\u0165 \u0160koda ENYAQ iV na t\u00fd\u017ede\u0148 a\u00a0\u010fal\u0161ie super ceny.<\/strong><\/p>\n<p><a href=\"https:\/\/d2p6e6u75xmxt8.cloudfront.net\/4\/2022\/05\/SBOT-05-WLC.jpg\"><img loading=\"lazy\" decoding=\"async\" src=\"https:\/\/d2p6e6u75xmxt8.cloudfront.net\/4\/2022\/05\/SBOT-05-WLC.jpg\" alt=\"\" width=\"990\" height=\"660\" class=\"alignnone size-full wp-image-14403\" \/><\/a><\/p>\n<h2><strong>Hlavne s oh\u013eadom na \u017eivotn\u00e9 prostredie<\/strong><\/h2>\n<p>Organiz\u00e1tori si d\u00e1vaj\u00fa ve\u013emi z\u00e1le\u017ea\u0165 na tom, aby podujatie prebehlo v s\u00falade s pr\u00edrodou a s oh\u013eadom na \u017eivotn\u00e9 prostredie. Tak ako sa pred dvoma rokmi jednalo o \u201e<a href=\"https:\/\/www.welovecycling.com\/sk\/2019\/05\/30\/reportaz-skoda-mtb-maraton-levocske-vrchy-zelena-oslava-cyklistiky\/\" rel=\"noopener\" target=\"_blank\">zelen\u00fa oslavu cyklistiky<\/a>\u201d, <strong>nebude tomu inak ani tento rok. Snahou vyhn\u00fa\u0165 sa tvorbe zbyto\u010dn\u00e9ho odpadu, pou\u017eit\u00edm pr\u00edrodn\u00fdch materi\u00e1lov, \u010di opakovane pou\u017eite\u013en\u00fdch predmetov<\/strong> chc\u00fa \u00eds\u0165 pekn\u00fdm pr\u00edkladom v\u0161etk\u00fdm bikerom, lebo ve\u010f pr\u00edroda je na\u0161\u00edm dokonal\u00fdm \u201eihriskom\u201d, preto si ju treba chr\u00e1ni\u0165.<\/p>\n<div class=\"shortcode-ys-post-pinup\"><article class=\"loop-simple post-7361 post type-post status-publish format-standard has-post-thumbnail hentry category-mtb category-sbot tag-fotogaleria tag-levoca tag-rodinny-maraton tag-sbot tag-skoda-mtb-maraton-levocske-vrchy\" data-postid=\"7361\" role=\"article\" data-post-id=\"7361\" data-word-count=\"4\" data-headline-length=\"42\" data-category=\"\u0160koda Bike Open Tour\" data-author=\"We Love Cycling\" data-published=\"2019-06-01T11:44:47+02:00\" data-published-day=\"Saturday\">\n    <div class=\"entry-thumbnail article-thumbnail\" content=\"https:\/\/d2p6e6u75xmxt8.cloudfront.net\/4\/2019\/05\/titulka-3-150x150.webp\"><a href=\"https:\/\/www.welovecycling.com\/sk\/2019\/06\/01\/foto-skoda-mtb-maraton-levocske-vrchy\/\" class=\"image-holder\" target=\"_self\"><img decoding=\"async\" loading=\"lazy\" class=\"\" src=\"https:\/\/d2p6e6u75xmxt8.cloudfront.net\/4\/2019\/05\/titulka-3-1024x445.webp\" srcset=\"https:\/\/d2p6e6u75xmxt8.cloudfront.net\/4\/2019\/05\/titulka-3.webp 1380w, https:\/\/d2p6e6u75xmxt8.cloudfront.net\/4\/2019\/05\/titulka-3-300x130.webp 300w, https:\/\/d2p6e6u75xmxt8.cloudfront.net\/4\/2019\/05\/titulka-3-1024x445.webp 1024w, https:\/\/d2p6e6u75xmxt8.cloudfront.net\/4\/2019\/05\/titulka-3-768x334.webp 768w\" width=\"1024\" height=\"445\" sizes=\"auto, (min-width: 1200px) 460px, (min-width: 768px) 38vw, 100vw\" alt=\"foto-skoda-mtb-maraton-levocske-vrchy\"\/><\/a><\/div>    <div class=\"entry-meta\">\n        <a class=\"label label-secondary post-category\" href=\"https:\/\/www.welovecycling.com\/sk\/category\/sbot\/\" title=\"\u0160koda Bike Open Tour\">\u0160koda Bike Open Tour<\/a>\n    <\/div>\n    <div class=\"entry-details\">\n        <a href=\"https:\/\/www.welovecycling.com\/sk\/2019\/06\/01\/foto-skoda-mtb-maraton-levocske-vrchy\/\" class='entry-title-wrapper'>\n            <h3 class=\"entry-title\"><span>FOTO: \u0160koda MTB marat\u00f3n Levo\u010dsk\u00e9 vrchy<\/span><\/h3>\n        <\/a>\n    <\/div>\n    <\/article>\n<\/div>\n<p>Viac inform\u00e1ci\u00ed a\u00a0samotn\u00e9 propoz\u00edcie n\u00e1jdete na <a href=\"http:\/\/www.cyklospis.sk\/skoda-mtb-maraton\/propozicie-2\/\" rel=\"noopener\" target=\"_blank\">str\u00e1nke marat\u00f3nu<\/a>. Ak v\u00e1s zauj\u00edma viac o\u00a0samotnej s\u00e9rii \u0160koda BIKE OPEN TOUR 2022, tak inform\u00e1cie n\u00e1jdete na <a href=\"https:\/\/www.welovecycling.com\/sk\/sbot\/\" rel=\"noopener\" target=\"_blank\">tomto odkaze<\/a>. <\/p>\n","protected":false},"excerpt":{"rendered":"<p>Nem\u00e1te pl\u00e1ny na bud\u00faci v\u00edkend a\u00a0radi by ste ho str\u00e1vili v\u00a0\u0161portovom duchu? Pokra\u010dovanie \u0160koda BIKE OPEN TOUR tentokr\u00e1t zav\u00edta po [&hellip;]<\/p>\n","protected":false},"author":81,"featured_media":14399,"comment_status":"open","ping_status":"open","sticky":false,"template":"","format":"standard","meta":{"footnotes":""},"categories":[33],"tags":[478,53,982,178,600,91,179,509,474,1411,542,1009,35,77,1259,859,475,1504],"global-categories":[1074],"class_list":["post-14396","post","type-post","status-publish","format-standard","has-post-thumbnail","hentry","category-sbot","tag-akcia","tag-deti","tag-levoca","tag-maraton","tag-muzi","tag-pozvanka","tag-preteky","tag-rodina","tag-rodinny-maraton","tag-sezona-2022","tag-skoda","tag-skoda-auto","tag-sbot","tag-skoda-dedina","tag-skoda-enyaq-iv","tag-skoda-mtb-maraton-levocske-vrchy","tag-zeny","tag-zivotne-prostredie","global-categories-cycling"],"yoast_head":"<!-- This site is optimized with the Yoast SEO Premium plugin v25.3 (Yoast SEO v25.9) - https:\/\/yoast.com\/wordpress\/plugins\/seo\/ -->\n<title>Pozv\u00e1nka: \u0160koda MTB marat\u00f3n Levo\u010dsk\u00e9 vrchy - op\u00e4\u0165 pretek\u00e1me - \u0160koda We Love Cycling Slovensko<\/title>\n<meta name=\"description\" content=\"Pokra\u010dovanie \u0160koda BIKE OPEN TOUR tentokr\u00e1t zav\u00edta po dvojro\u010dnej pauze do Levo\u010dsk\u00fdch vrchov u\u017e v\u00a0sobotu 28. m\u00e1ja. Nenechajte si ho ujs\u0165.\" \/>\n<meta name=\"robots\" content=\"index, follow, max-snippet:-1, max-image-preview:large, max-video-preview:-1\" \/>\n<link rel=\"canonical\" href=\"https:\/\/www.welovecycling.com\/sk\/2022\/05\/19\/pozvanka-skoda-mtb-maraton-levocske-vrchy-opat-pretekame\/\" \/>\n<meta property=\"og:locale\" content=\"sk_SK\" \/>\n<meta property=\"og:type\" content=\"article\" \/>\n<meta property=\"og:title\" content=\"Pozv\u00e1nka: \u0160koda MTB marat\u00f3n Levo\u010dsk\u00e9 vrchy - op\u00e4\u0165 pretek\u00e1me\" \/>\n<meta property=\"og:description\" content=\"Pokra\u010dovanie \u0160koda BIKE OPEN TOUR tentokr\u00e1t zav\u00edta po dvojro\u010dnej pauze do Levo\u010dsk\u00fdch vrchov u\u017e v\u00a0sobotu 28. m\u00e1ja. Nenechajte si ho ujs\u0165.\" \/>\n<meta property=\"og:url\" content=\"https:\/\/www.welovecycling.com\/sk\/2022\/05\/19\/pozvanka-skoda-mtb-maraton-levocske-vrchy-opat-pretekame\/\" \/>\n<meta property=\"og:site_name\" content=\"\u0160koda We Love Cycling Slovensko\" \/>\n<meta property=\"article:published_time\" content=\"2022-05-19T08:00:45+00:00\" \/>\n<meta property=\"og:image\" content=\"https:\/\/d2p6e6u75xmxt8.cloudfront.net\/4\/2022\/05\/SBOT-00-WLC.webp\" \/>\n\t<meta property=\"og:image:width\" content=\"990\" \/>\n\t<meta property=\"og:image:height\" content=\"660\" \/>\n\t<meta property=\"og:image:type\" content=\"image\/webp\" \/>\n<meta name=\"twitter:card\" content=\"summary_large_image\" \/>\n<meta name=\"twitter:label1\" content=\"Written by\" \/>\n\t<meta name=\"twitter:data1\" content=\"We Love Cycling\" \/>\n\t<meta name=\"twitter:label2\" content=\"Est. reading time\" \/>\n\t<meta name=\"twitter:data2\" content=\"3 minutes\" \/>\n<script type=\"application\/ld+json\" class=\"yoast-schema-graph\">{\"@context\":\"https:\/\/schema.org\",\"@graph\":[{\"@type\":\"WebPage\",\"@id\":\"https:\/\/www.welovecycling.com\/sk\/2022\/05\/19\/pozvanka-skoda-mtb-maraton-levocske-vrchy-opat-pretekame\/\",\"url\":\"https:\/\/www.welovecycling.com\/sk\/2022\/05\/19\/pozvanka-skoda-mtb-maraton-levocske-vrchy-opat-pretekame\/\",\"name\":\"Pozv\u00e1nka: \u0160koda MTB marat\u00f3n Levo\u010dsk\u00e9 vrchy - op\u00e4\u0165 pretek\u00e1me - \u0160koda We Love Cycling Slovensko\",\"isPartOf\":{\"@id\":\"https:\/\/www.welovecycling.com\/sk\/#website\"},\"primaryImageOfPage\":{\"@id\":\"https:\/\/www.welovecycling.com\/sk\/2022\/05\/19\/pozvanka-skoda-mtb-maraton-levocske-vrchy-opat-pretekame\/#primaryimage\"},\"image\":{\"@id\":\"https:\/\/www.welovecycling.com\/sk\/2022\/05\/19\/pozvanka-skoda-mtb-maraton-levocske-vrchy-opat-pretekame\/#primaryimage\"},\"thumbnailUrl\":\"https:\/\/d2p6e6u75xmxt8.cloudfront.net\/4\/2022\/05\/SBOT-00-WLC.webp\",\"datePublished\":\"2022-05-19T08:00:45+00:00\",\"author\":{\"@id\":\"\"},\"description\":\"Pokra\u010dovanie \u0160koda BIKE OPEN TOUR tentokr\u00e1t zav\u00edta po dvojro\u010dnej pauze do Levo\u010dsk\u00fdch vrchov u\u017e v\u00a0sobotu 28. m\u00e1ja. Nenechajte si ho ujs\u0165.\",\"breadcrumb\":{\"@id\":\"https:\/\/www.welovecycling.com\/sk\/2022\/05\/19\/pozvanka-skoda-mtb-maraton-levocske-vrchy-opat-pretekame\/#breadcrumb\"},\"inLanguage\":\"sk-SK\",\"potentialAction\":[{\"@type\":\"ReadAction\",\"target\":[\"https:\/\/www.welovecycling.com\/sk\/2022\/05\/19\/pozvanka-skoda-mtb-maraton-levocske-vrchy-opat-pretekame\/\"]}]},{\"@type\":\"ImageObject\",\"inLanguage\":\"sk-SK\",\"@id\":\"https:\/\/www.welovecycling.com\/sk\/2022\/05\/19\/pozvanka-skoda-mtb-maraton-levocske-vrchy-opat-pretekame\/#primaryimage\",\"url\":\"https:\/\/d2p6e6u75xmxt8.cloudfront.net\/4\/2022\/05\/SBOT-00-WLC.webp\",\"contentUrl\":\"https:\/\/d2p6e6u75xmxt8.cloudfront.net\/4\/2022\/05\/SBOT-00-WLC.webp\",\"width\":990,\"height\":660},{\"@type\":\"BreadcrumbList\",\"@id\":\"https:\/\/www.welovecycling.com\/sk\/2022\/05\/19\/pozvanka-skoda-mtb-maraton-levocske-vrchy-opat-pretekame\/#breadcrumb\",\"itemListElement\":[{\"@type\":\"ListItem\",\"position\":1,\"name\":\"Home\",\"item\":\"https:\/\/www.welovecycling.com\/sk\/\"},{\"@type\":\"ListItem\",\"position\":2,\"name\":\"Pozv\u00e1nka: \u0160koda MTB marat\u00f3n Levo\u010dsk\u00e9 vrchy &#8211; op\u00e4\u0165 pretek\u00e1me\"}]},{\"@type\":\"WebSite\",\"@id\":\"https:\/\/www.welovecycling.com\/sk\/#website\",\"url\":\"https:\/\/www.welovecycling.com\/sk\/\",\"name\":\"\u0160koda We Love Cycling Slovensko\",\"description\":\"\u0160koda We Love Cycling Slovensko je v\u00e1\u0161 ka\u017edodenn\u00fd zdroj noviniek a in\u0161pir\u00e1cie z sveta cyklistiky\",\"potentialAction\":[{\"@type\":\"SearchAction\",\"target\":{\"@type\":\"EntryPoint\",\"urlTemplate\":\"https:\/\/www.welovecycling.com\/sk\/?s={search_term_string}\"},\"query-input\":{\"@type\":\"PropertyValueSpecification\",\"valueRequired\":true,\"valueName\":\"search_term_string\"}}],\"inLanguage\":\"sk-SK\"},{\"@type\":\"Person\",\"@id\":\"\",\"url\":\"https:\/\/www.welovecycling.com\/sk\/author\/\"}]}<\/script>\n<!-- \/ Yoast SEO Premium plugin. -->","yoast_head_json":{"title":"Pozv\u00e1nka: \u0160koda MTB marat\u00f3n Levo\u010dsk\u00e9 vrchy - op\u00e4\u0165 pretek\u00e1me - \u0160koda We Love Cycling Slovensko","description":"Pokra\u010dovanie \u0160koda BIKE OPEN TOUR tentokr\u00e1t zav\u00edta po dvojro\u010dnej pauze do Levo\u010dsk\u00fdch vrchov u\u017e v\u00a0sobotu 28. m\u00e1ja. Nenechajte si ho ujs\u0165.","robots":{"index":"index","follow":"follow","max-snippet":"max-snippet:-1","max-image-preview":"max-image-preview:large","max-video-preview":"max-video-preview:-1"},"canonical":"https:\/\/www.welovecycling.com\/sk\/2022\/05\/19\/pozvanka-skoda-mtb-maraton-levocske-vrchy-opat-pretekame\/","og_locale":"sk_SK","og_type":"article","og_title":"Pozv\u00e1nka: \u0160koda MTB marat\u00f3n Levo\u010dsk\u00e9 vrchy - op\u00e4\u0165 pretek\u00e1me","og_description":"Pokra\u010dovanie \u0160koda BIKE OPEN TOUR tentokr\u00e1t zav\u00edta po dvojro\u010dnej pauze do Levo\u010dsk\u00fdch vrchov u\u017e v\u00a0sobotu 28. m\u00e1ja. Nenechajte si ho ujs\u0165.","og_url":"https:\/\/www.welovecycling.com\/sk\/2022\/05\/19\/pozvanka-skoda-mtb-maraton-levocske-vrchy-opat-pretekame\/","og_site_name":"\u0160koda We Love Cycling Slovensko","article_published_time":"2022-05-19T08:00:45+00:00","og_image":[{"width":990,"height":660,"url":"https:\/\/d2p6e6u75xmxt8.cloudfront.net\/4\/2022\/05\/SBOT-00-WLC.webp","type":"image\/webp"}],"twitter_card":"summary_large_image","twitter_misc":{"Written by":"We Love Cycling","Est. reading time":"3 minutes"},"schema":{"@context":"https:\/\/schema.org","@graph":[{"@type":"WebPage","@id":"https:\/\/www.welovecycling.com\/sk\/2022\/05\/19\/pozvanka-skoda-mtb-maraton-levocske-vrchy-opat-pretekame\/","url":"https:\/\/www.welovecycling.com\/sk\/2022\/05\/19\/pozvanka-skoda-mtb-maraton-levocske-vrchy-opat-pretekame\/","name":"Pozv\u00e1nka: \u0160koda MTB marat\u00f3n Levo\u010dsk\u00e9 vrchy - op\u00e4\u0165 pretek\u00e1me - \u0160koda We Love Cycling Slovensko","isPartOf":{"@id":"https:\/\/www.welovecycling.com\/sk\/#website"},"primaryImageOfPage":{"@id":"https:\/\/www.welovecycling.com\/sk\/2022\/05\/19\/pozvanka-skoda-mtb-maraton-levocske-vrchy-opat-pretekame\/#primaryimage"},"image":{"@id":"https:\/\/www.welovecycling.com\/sk\/2022\/05\/19\/pozvanka-skoda-mtb-maraton-levocske-vrchy-opat-pretekame\/#primaryimage"},"thumbnailUrl":"https:\/\/d2p6e6u75xmxt8.cloudfront.net\/4\/2022\/05\/SBOT-00-WLC.webp","datePublished":"2022-05-19T08:00:45+00:00","author":{"@id":""},"description":"Pokra\u010dovanie \u0160koda BIKE OPEN TOUR tentokr\u00e1t zav\u00edta po dvojro\u010dnej pauze do Levo\u010dsk\u00fdch vrchov u\u017e v\u00a0sobotu 28. m\u00e1ja. Nenechajte si ho ujs\u0165.","breadcrumb":{"@id":"https:\/\/www.welovecycling.com\/sk\/2022\/05\/19\/pozvanka-skoda-mtb-maraton-levocske-vrchy-opat-pretekame\/#breadcrumb"},"inLanguage":"sk-SK","potentialAction":[{"@type":"ReadAction","target":["https:\/\/www.welovecycling.com\/sk\/2022\/05\/19\/pozvanka-skoda-mtb-maraton-levocske-vrchy-opat-pretekame\/"]}]},{"@type":"ImageObject","inLanguage":"sk-SK","@id":"https:\/\/www.welovecycling.com\/sk\/2022\/05\/19\/pozvanka-skoda-mtb-maraton-levocske-vrchy-opat-pretekame\/#primaryimage","url":"https:\/\/d2p6e6u75xmxt8.cloudfront.net\/4\/2022\/05\/SBOT-00-WLC.webp","contentUrl":"https:\/\/d2p6e6u75xmxt8.cloudfront.net\/4\/2022\/05\/SBOT-00-WLC.webp","width":990,"height":660},{"@type":"BreadcrumbList","@id":"https:\/\/www.welovecycling.com\/sk\/2022\/05\/19\/pozvanka-skoda-mtb-maraton-levocske-vrchy-opat-pretekame\/#breadcrumb","itemListElement":[{"@type":"ListItem","position":1,"name":"Home","item":"https:\/\/www.welovecycling.com\/sk\/"},{"@type":"ListItem","position":2,"name":"Pozv\u00e1nka: \u0160koda MTB marat\u00f3n Levo\u010dsk\u00e9 vrchy &#8211; op\u00e4\u0165 pretek\u00e1me"}]},{"@type":"WebSite","@id":"https:\/\/www.welovecycling.com\/sk\/#website","url":"https:\/\/www.welovecycling.com\/sk\/","name":"\u0160koda We Love Cycling Slovensko","description":"\u0160koda We Love Cycling Slovensko je v\u00e1\u0161 ka\u017edodenn\u00fd zdroj noviniek a in\u0161pir\u00e1cie z sveta cyklistiky","potentialAction":[{"@type":"SearchAction","target":{"@type":"EntryPoint","urlTemplate":"https:\/\/www.welovecycling.com\/sk\/?s={search_term_string}"},"query-input":{"@type":"PropertyValueSpecification","valueRequired":true,"valueName":"search_term_string"}}],"inLanguage":"sk-SK"},{"@type":"Person","@id":"","url":"https:\/\/www.welovecycling.com\/sk\/author\/"}]}},"_links":{"self":[{"href":"https:\/\/www.welovecycling.com\/sk\/wp-json\/wp\/v2\/posts\/14396","targetHints":{"allow":["GET"]}}],"collection":[{"href":"https:\/\/www.welovecycling.com\/sk\/wp-json\/wp\/v2\/posts"}],"about":[{"href":"https:\/\/www.welovecycling.com\/sk\/wp-json\/wp\/v2\/types\/post"}],"author":[{"embeddable":true,"href":"https:\/\/www.welovecycling.com\/sk\/wp-json\/wp\/v2\/users\/81"}],"replies":[{"embeddable":true,"href":"https:\/\/www.welovecycling.com\/sk\/wp-json\/wp\/v2\/comments?post=14396"}],"version-history":[{"count":2,"href":"https:\/\/www.welovecycling.com\/sk\/wp-json\/wp\/v2\/posts\/14396\/revisions"}],"predecessor-version":[{"id":14406,"href":"https:\/\/www.welovecycling.com\/sk\/wp-json\/wp\/v2\/posts\/14396\/revisions\/14406"}],"wp:featuredmedia":[{"embeddable":true,"href":"https:\/\/www.welovecycling.com\/sk\/wp-json\/wp\/v2\/media\/14399"}],"wp:attachment":[{"href":"https:\/\/www.welovecycling.com\/sk\/wp-json\/wp\/v2\/media?parent=14396"}],"wp:term":[{"taxonomy":"category","embeddable":true,"href":"https:\/\/www.welovecycling.com\/sk\/wp-json\/wp\/v2\/categories?post=14396"},{"taxonomy":"post_tag","embeddable":true,"href":"https:\/\/www.welovecycling.com\/sk\/wp-json\/wp\/v2\/tags?post=14396"},{"taxonomy":"global-categories","embeddable":true,"href":"https:\/\/www.welovecycling.com\/sk\/wp-json\/wp\/v2\/global-categories?post=14396"}],"curies":[{"name":"wp","href":"https:\/\/api.w.org\/{rel}","templated":true}]}}