{"id":14378,"date":"2022-05-27T10:00:11","date_gmt":"2022-05-27T08:00:11","guid":{"rendered":"https:\/\/www.welovecycling.com\/sk\/?p=14378"},"modified":"2022-05-27T10:14:46","modified_gmt":"2022-05-27T08:14:46","slug":"serial-ako-sa-stat-cyklistom-2-kam-uskladnit-bicykel","status":"publish","type":"post","link":"https:\/\/www.welovecycling.com\/sk\/2022\/05\/27\/serial-ako-sa-stat-cyklistom-2-kam-uskladnit-bicykel\/","title":{"rendered":"Seri\u00e1l: Ako sa sta\u0165 cyklistom \u2013 2. Kam uskladni\u0165 bicykel"},"content":{"rendered":"<p><strong>Ke\u010f sa chcete za\u010da\u0165 venova\u0165 cyklistike, v\u00e1\u0161 hlavn\u00fd probl\u00e9m, ak b\u00fdvate v\u00a0panel\u00e1ku, nie je s\u00a0k\u00fdm chodi\u0165 na spolo\u010dn\u00e9 v\u00fdjazdy, \u010di\u00a0ak\u00fa spr\u00e1vnu techniku zvoli\u0165. V\u00e1\u0161 probl\u00e9m bude, kam uskladni\u0165 bicykel.<\/strong><!--more--><\/p>\n<p>Do pivnice v\u00a0panel\u00e1koch d\u00e1te ly\u017ee, poh\u00e1r zav\u00e1ran\u00edn a\u00a0m\u00e1te plno. Viacer\u00ed sa u\u017e pok\u00fa\u0161ali nejak\u00fdm sp\u00f4sobom bicykel zavesi\u0165 na r\u00fary od k\u00farenia, alebo zak\u00fapili \u0161peci\u00e1lne dr\u017eiaky na stenu. <strong>Ke\u010f sa v\u00e1m to v\u0161ak podar\u00ed, uvedom\u00edte si, \u017ee m\u00e1te dva nov\u00e9 a\u00a0nie mal\u00e9 probl\u00e9my.<\/strong> <\/p>\n<h2><strong>Probl\u00e9my s pivnicou<\/strong><\/h2>\n<p>Prv\u00fd je, \u017ee po va\u0161om \u00faspechu s\u00a0umiestnen\u00edm bicykla, bude chcie\u0165 aj va\u0161a polovi\u010dka da\u0165 tie\u017e svoj bicykel do pivnice. <strong>Toto u\u017e v\u0161ak nie je mo\u017en\u00e9 z\u00a0priestorov\u00fdch d\u00f4vodov.<\/strong> A\u00a0to ani nehovor\u00edm o\u00a0tom, ak m\u00e1te n\u00e1hodou aj deti a\u00a0tie maj\u00fa odr\u00e1\u017eadl\u00e1, kolobe\u017eky, bicykle, lopty, futbalov\u00e9 br\u00e1nky a\u00a0podobne.<\/p>\n<p>Druh\u00fd probl\u00e9m je, \u017ee ak m\u00e1te drah\u00fd karb\u00f3nov\u00fd bicykel, ktor\u00fd st\u00e1l viac ako va\u0161e ojazden\u00e9 auto. Vtedy ho ve\u013emi nebudete chcie\u0165 nech\u00e1va\u0165 v\u00a0nejakej tmavej, m\u00e1lo zabezpe\u010denej pivnici. <strong>A\u00a0tu za\u010dnete prem\u00fd\u0161\u013ea\u0165 nad nejak\u00fdm in\u00fdm miestom pre v\u00e1\u0161ho mil\u00e1\u010dika.<\/strong><\/p>\n<h2><strong>Kam s\u00a0bicyklom v byte<\/strong><\/h2>\n<p>Druh\u00fdm naj\u010dastej\u0161\u00edm miestom je byt. Asi ste sa pr\u00e1ve ozvali, \u017ee ani tam toho miesta nazvy\u0161 nie je, ale verte mi, \u017ee ho ur\u010dite n\u00e1jdete, aj keby mal by\u0165 v\u00a0k\u00fape\u013eni. To je s\u00edce miesto, o\u00a0ktorom som e\u0161te nepo\u010dul, \u017ee by tam niekto bicykel mal, ale jeden nikdy nevie. <strong>Naj\u010dastej\u0161ie skon\u010d\u00edte na chodbe, alebo v\u00a0niektorej z\u00a0izieb.<\/strong> Ur\u010dite ste u\u017e na Instagrame \u010di Facebooku videli tie par\u00e1dne fotky bicyklov, zavesen\u00fdch na stene nad sedacou s\u00fapravou. To je s\u00edce ve\u013emi efektn\u00e9 miesto, ale priznajme si, komu by sa chcelo po ka\u017edom v\u00fdjazde da\u0165 bicykel do tak\u00e9ho perfektn\u00e9ho stavu, aby v\u00e1m po\u010das sledovania ob\u013e\u00faben\u00e9ho seri\u00e1lu na hlavu nepadali k\u00fasky blata.<\/p>\n<div class=\"shortcode-ys-post-pinup\"><article class=\"loop-simple post-13699 post type-post status-publish format-standard has-post-thumbnail hentry category-odporucame tag-bicykel tag-cestny-bicykel tag-cistenie tag-horsky-bicykel tag-odporucame tag-umyvanie tag-znecistenie\" data-postid=\"13699\" role=\"article\" data-post-id=\"13699\" data-word-count=\"372\" data-headline-length=\"42\" data-category=\"Odpor\u00fa\u010dame\" data-author=\"Adam Marsal\" data-published=\"2022-01-31T10:00:08+01:00\" data-published-day=\"Monday\">\n    <div class=\"entry-thumbnail article-thumbnail\" content=\"https:\/\/d2p6e6u75xmxt8.cloudfront.net\/4\/2022\/01\/Cleaning-bike-in-the-shower-CVR-150x150.webp\"><a href=\"https:\/\/www.welovecycling.com\/sk\/2022\/01\/31\/ako-umyt-bicykel-v-sprche-krok-za-krokom\/\" class=\"image-holder\" target=\"_self\"><img decoding=\"async\" loading=\"lazy\" class=\"\" src=\"https:\/\/d2p6e6u75xmxt8.cloudfront.net\/4\/2022\/01\/Cleaning-bike-in-the-shower-CVR-1024x450.webp\" srcset=\"https:\/\/d2p6e6u75xmxt8.cloudfront.net\/4\/2022\/01\/Cleaning-bike-in-the-shower-CVR.webp 1366w, https:\/\/d2p6e6u75xmxt8.cloudfront.net\/4\/2022\/01\/Cleaning-bike-in-the-shower-CVR-300x132.webp 300w, https:\/\/d2p6e6u75xmxt8.cloudfront.net\/4\/2022\/01\/Cleaning-bike-in-the-shower-CVR-1024x450.webp 1024w, https:\/\/d2p6e6u75xmxt8.cloudfront.net\/4\/2022\/01\/Cleaning-bike-in-the-shower-CVR-768x337.webp 768w\" width=\"1024\" height=\"450\" sizes=\"auto, (min-width: 1200px) 456px, (min-width: 768px) 38vw, 100vw\" alt=\"ako-umyt-bicykel-v-sprche-krok-za-krokom\"\/><\/a><\/div>    <div class=\"entry-meta\">\n        <a class=\"label label-secondary post-category\" href=\"https:\/\/www.welovecycling.com\/sk\/category\/odporucame\/\" title=\"Odpor\u00fa\u010dame\">Odpor\u00fa\u010dame<\/a>\n    <\/div>\n    <div class=\"entry-details\">\n        <a href=\"https:\/\/www.welovecycling.com\/sk\/2022\/01\/31\/ako-umyt-bicykel-v-sprche-krok-za-krokom\/\" class='entry-title-wrapper'>\n            <h3 class=\"entry-title\"><span>Ako umy\u0165 bicykel v sprche: Krok za krokom<\/span><\/h3>\n        <\/a>\n    <\/div>\n    <\/article>\n<\/div>\n<p>Je e\u0161te jedno ob\u013e\u00faben\u00e9 miesto a\u00a0t\u00fdm je balk\u00f3n. No umiestnenie bicykla tam, v\u00e1s ukr\u00e1ti o\u00a0kr\u00e1sne chv\u00ed\u013eky na \u010derstvom vzduchu. Ak ste toti\u017e ten typ, ktor\u00fd si r\u00e1d vypije k\u00e1vi\u010dku na balk\u00f3ne, pr\u00edpadne va\u0161a polovi\u010dka ob\u013eubuje ra\u0148ajky s\u00a0prv\u00fdmi slne\u010dn\u00fdmi l\u00fa\u010dmi na tv\u00e1ri, tak o\u00a0t\u00fato rados\u0165 budete zrejme ukr\u00e1ten\u00ed. K\u00a0bicyklu sa tam u\u017e jednoducho nezmest\u00edte.<\/p>\n<p><a href=\"https:\/\/d2p6e6u75xmxt8.cloudfront.net\/4\/2022\/05\/Kam-dat-bicykel_01.jpg\"><img loading=\"lazy\" decoding=\"async\" src=\"https:\/\/d2p6e6u75xmxt8.cloudfront.net\/4\/2022\/05\/Kam-dat-bicykel_01.jpg\" alt=\"\" width=\"990\" height=\"660\" class=\"alignnone size-full wp-image-14382\" \/><\/a><\/p>\n<h2><strong>Miesto u rodi\u010dov<\/strong><\/h2>\n<p>Krajnou mo\u017enos\u0165ou je d\u00e1va\u0165 bicykel k\u00a0rodi\u010dom, ktor\u00ed maj\u00fa dos\u0165 miesta, alebo niekde do gar\u00e1\u017ee ku kolegovi. <strong>No priznajme si, \u017ee tak\u00e9to rie\u0161enia nie s\u00fa ve\u013emi \u0161\u0165astn\u00e9.<\/strong> Rodi\u010dia \u010dasto b\u00fdvaj\u00fa inde ako vy a\u00a0otravova\u0165 kolegu zaka\u017ed\u00fdm, ke\u010f p\u00f4jdete jazdi\u0165, tie\u017e bude divn\u00e9 a\u00a0\u010dasom ho to omrz\u00ed. <\/p>\n<h2><strong>Rodinn\u00fd dom<\/strong><\/h2>\n<p>\u00c1no s\u00fa e\u0161te aj t\u00ed \u0161\u0165astlivci, ktor\u00ed b\u00fdvaj\u00fa v\u00a0rodinn\u00fdch domoch a\u00a0maj\u00fa miesta dos\u0165. Len\u017ee z\u00a0rozpr\u00e1vania viem, \u017ee pojem \u201edos\u0165 miesta\u201c je ve\u013emi relat\u00edvny. Spo\u010diatku v\u00e1m bude sta\u010di\u0165 miesto ved\u013ea auta v\u00a0\u0161irokej gar\u00e1\u017ei. Postupne, ako roz\u0161\u00edrite svoju zbierku cestn\u00fdch bicyklov o\u00a0horsk\u00fd a\u00a0gravel bicykel, sa m\u00f4\u017ee sta\u0165, <strong>\u017ee auto za\u010dnete parkova\u0165 pred domom a\u00a0ak e\u0161te dok\u00fapite aj elektrobicykel, sranda v\u00e1s prejde<\/strong>. <\/p>\n<p>Ka\u017edop\u00e1dne ka\u017ed\u00fd fan\u00fa\u0161ik cyklistiky si s\u00a0t\u00fdm, kam uskladni\u0165 bicykel hravo porad\u00ed a\u00a0neodrad\u00ed ho to od svojej z\u00e1\u013euby. <strong>Nabud\u00face sa pozrieme na problematiku, pre\u010do vlastne bicyklujeme.<\/strong><\/p>\n<p>Zdroj fotografi\u00ed: pixabay. com, pexels. com<\/p>\n","protected":false},"excerpt":{"rendered":"<p>Ke\u010f sa chcete za\u010da\u0165 venova\u0165 cyklistike, v\u00e1\u0161 hlavn\u00fd probl\u00e9m, ak b\u00fdvate v\u00a0panel\u00e1ku, nie je s\u00a0k\u00fdm chodi\u0165 na spolo\u010dn\u00e9 v\u00fdjazdy, \u010di\u00a0ak\u00fa [&hellip;]<\/p>\n","protected":false},"author":81,"featured_media":14381,"comment_status":"open","ping_status":"open","sticky":false,"template":"","format":"standard","meta":{"footnotes":""},"categories":[191],"tags":[559,597,691,1502,931,935,220],"global-categories":[1074],"class_list":["post-14378","post","type-post","status-publish","format-standard","has-post-thumbnail","hentry","category-odporucame","tag-bicykel","tag-cyklista","tag-elektrobicykel","tag-kam-dat-bicykel","tag-odporucame","tag-seria","tag-zaciatocnik","global-categories-cycling"],"yoast_head":"<!-- This site is optimized with the Yoast SEO Premium plugin v25.3 (Yoast SEO v25.9) - https:\/\/yoast.com\/wordpress\/plugins\/seo\/ -->\n<title>Seri\u00e1l: Ako sa sta\u0165 cyklistom \u2013 2. Kam uskladni\u0165 bicykel - \u0160koda We Love Cycling Slovensko<\/title>\n<meta name=\"description\" content=\"Ke\u010f sa chcete za\u010da\u0165 venova\u0165 cyklistike v\u00e1\u0161 probl\u00e9m bude kam da\u0165 bicykel . Do pivnice v\u00a0panel\u00e1koch d\u00e1te ly\u017ee, poh\u00e1r zav\u00e1ran\u00edn a\u00a0m\u00e1te plno.\" \/>\n<meta name=\"robots\" content=\"index, follow, max-snippet:-1, max-image-preview:large, max-video-preview:-1\" \/>\n<link rel=\"canonical\" href=\"https:\/\/www.welovecycling.com\/sk\/2022\/05\/27\/serial-ako-sa-stat-cyklistom-2-kam-uskladnit-bicykel\/\" \/>\n<meta property=\"og:locale\" content=\"sk_SK\" \/>\n<meta property=\"og:type\" content=\"article\" \/>\n<meta property=\"og:title\" content=\"Seri\u00e1l: Ako sa sta\u0165 cyklistom \u2013 2. Kam uskladni\u0165 bicykel\" \/>\n<meta property=\"og:description\" content=\"Ke\u010f sa chcete za\u010da\u0165 venova\u0165 cyklistike v\u00e1\u0161 probl\u00e9m bude kam da\u0165 bicykel . Do pivnice v\u00a0panel\u00e1koch d\u00e1te ly\u017ee, poh\u00e1r zav\u00e1ran\u00edn a\u00a0m\u00e1te plno.\" \/>\n<meta property=\"og:url\" content=\"https:\/\/www.welovecycling.com\/sk\/2022\/05\/27\/serial-ako-sa-stat-cyklistom-2-kam-uskladnit-bicykel\/\" \/>\n<meta property=\"og:site_name\" content=\"\u0160koda We Love Cycling Slovensko\" \/>\n<meta property=\"article:published_time\" content=\"2022-05-27T08:00:11+00:00\" \/>\n<meta property=\"article:modified_time\" content=\"2022-05-27T08:14:46+00:00\" \/>\n<meta property=\"og:image\" content=\"https:\/\/d2p6e6u75xmxt8.cloudfront.net\/4\/2022\/05\/Kam-dat-bicykel_00.webp\" \/>\n\t<meta property=\"og:image:width\" content=\"990\" \/>\n\t<meta property=\"og:image:height\" content=\"660\" \/>\n\t<meta property=\"og:image:type\" content=\"image\/webp\" \/>\n<meta name=\"twitter:card\" content=\"summary_large_image\" \/>\n<meta name=\"twitter:label1\" content=\"Written by\" \/>\n\t<meta name=\"twitter:data1\" content=\"Adam Marsal\" \/>\n\t<meta name=\"twitter:label2\" content=\"Est. reading time\" \/>\n\t<meta name=\"twitter:data2\" content=\"5\" \/>\n<script type=\"application\/ld+json\" class=\"yoast-schema-graph\">{\"@context\":\"https:\/\/schema.org\",\"@graph\":[{\"@type\":\"WebPage\",\"@id\":\"https:\/\/www.welovecycling.com\/sk\/2022\/05\/27\/serial-ako-sa-stat-cyklistom-2-kam-uskladnit-bicykel\/\",\"url\":\"https:\/\/www.welovecycling.com\/sk\/2022\/05\/27\/serial-ako-sa-stat-cyklistom-2-kam-uskladnit-bicykel\/\",\"name\":\"Seri\u00e1l: Ako sa sta\u0165 cyklistom \u2013 2. Kam uskladni\u0165 bicykel - \u0160koda We Love Cycling Slovensko\",\"isPartOf\":{\"@id\":\"https:\/\/www.welovecycling.com\/sk\/#website\"},\"primaryImageOfPage\":{\"@id\":\"https:\/\/www.welovecycling.com\/sk\/2022\/05\/27\/serial-ako-sa-stat-cyklistom-2-kam-uskladnit-bicykel\/#primaryimage\"},\"image\":{\"@id\":\"https:\/\/www.welovecycling.com\/sk\/2022\/05\/27\/serial-ako-sa-stat-cyklistom-2-kam-uskladnit-bicykel\/#primaryimage\"},\"thumbnailUrl\":\"https:\/\/d2p6e6u75xmxt8.cloudfront.net\/4\/2022\/05\/Kam-dat-bicykel_00.webp\",\"datePublished\":\"2022-05-27T08:00:11+00:00\",\"dateModified\":\"2022-05-27T08:14:46+00:00\",\"author\":{\"@id\":\"\"},\"description\":\"Ke\u010f sa chcete za\u010da\u0165 venova\u0165 cyklistike v\u00e1\u0161 probl\u00e9m bude kam da\u0165 bicykel . Do pivnice v\u00a0panel\u00e1koch d\u00e1te ly\u017ee, poh\u00e1r zav\u00e1ran\u00edn a\u00a0m\u00e1te plno.\",\"breadcrumb\":{\"@id\":\"https:\/\/www.welovecycling.com\/sk\/2022\/05\/27\/serial-ako-sa-stat-cyklistom-2-kam-uskladnit-bicykel\/#breadcrumb\"},\"inLanguage\":\"sk-SK\",\"potentialAction\":[{\"@type\":\"ReadAction\",\"target\":[\"https:\/\/www.welovecycling.com\/sk\/2022\/05\/27\/serial-ako-sa-stat-cyklistom-2-kam-uskladnit-bicykel\/\"]}]},{\"@type\":\"ImageObject\",\"inLanguage\":\"sk-SK\",\"@id\":\"https:\/\/www.welovecycling.com\/sk\/2022\/05\/27\/serial-ako-sa-stat-cyklistom-2-kam-uskladnit-bicykel\/#primaryimage\",\"url\":\"https:\/\/d2p6e6u75xmxt8.cloudfront.net\/4\/2022\/05\/Kam-dat-bicykel_00.webp\",\"contentUrl\":\"https:\/\/d2p6e6u75xmxt8.cloudfront.net\/4\/2022\/05\/Kam-dat-bicykel_00.webp\",\"width\":990,\"height\":660},{\"@type\":\"BreadcrumbList\",\"@id\":\"https:\/\/www.welovecycling.com\/sk\/2022\/05\/27\/serial-ako-sa-stat-cyklistom-2-kam-uskladnit-bicykel\/#breadcrumb\",\"itemListElement\":[{\"@type\":\"ListItem\",\"position\":1,\"name\":\"Home\",\"item\":\"https:\/\/www.welovecycling.com\/sk\/\"},{\"@type\":\"ListItem\",\"position\":2,\"name\":\"Seri\u00e1l: Ako sa sta\u0165 cyklistom \u2013 2. Kam uskladni\u0165 bicykel\"}]},{\"@type\":\"WebSite\",\"@id\":\"https:\/\/www.welovecycling.com\/sk\/#website\",\"url\":\"https:\/\/www.welovecycling.com\/sk\/\",\"name\":\"\u0160koda We Love Cycling Slovensko\",\"description\":\"\u0160koda We Love Cycling Slovensko je v\u00e1\u0161 ka\u017edodenn\u00fd zdroj noviniek a in\u0161pir\u00e1cie z sveta cyklistiky\",\"potentialAction\":[{\"@type\":\"SearchAction\",\"target\":{\"@type\":\"EntryPoint\",\"urlTemplate\":\"https:\/\/www.welovecycling.com\/sk\/?s={search_term_string}\"},\"query-input\":{\"@type\":\"PropertyValueSpecification\",\"valueRequired\":true,\"valueName\":\"search_term_string\"}}],\"inLanguage\":\"sk-SK\"},{\"@type\":\"Person\",\"@id\":\"\",\"url\":\"https:\/\/www.welovecycling.com\/sk\/author\/\"}]}<\/script>\n<!-- \/ Yoast SEO Premium plugin. -->","yoast_head_json":{"title":"Seri\u00e1l: Ako sa sta\u0165 cyklistom \u2013 2. Kam uskladni\u0165 bicykel - \u0160koda We Love Cycling Slovensko","description":"Ke\u010f sa chcete za\u010da\u0165 venova\u0165 cyklistike v\u00e1\u0161 probl\u00e9m bude kam da\u0165 bicykel . Do pivnice v\u00a0panel\u00e1koch d\u00e1te ly\u017ee, poh\u00e1r zav\u00e1ran\u00edn a\u00a0m\u00e1te plno.","robots":{"index":"index","follow":"follow","max-snippet":"max-snippet:-1","max-image-preview":"max-image-preview:large","max-video-preview":"max-video-preview:-1"},"canonical":"https:\/\/www.welovecycling.com\/sk\/2022\/05\/27\/serial-ako-sa-stat-cyklistom-2-kam-uskladnit-bicykel\/","og_locale":"sk_SK","og_type":"article","og_title":"Seri\u00e1l: Ako sa sta\u0165 cyklistom \u2013 2. Kam uskladni\u0165 bicykel","og_description":"Ke\u010f sa chcete za\u010da\u0165 venova\u0165 cyklistike v\u00e1\u0161 probl\u00e9m bude kam da\u0165 bicykel . Do pivnice v\u00a0panel\u00e1koch d\u00e1te ly\u017ee, poh\u00e1r zav\u00e1ran\u00edn a\u00a0m\u00e1te plno.","og_url":"https:\/\/www.welovecycling.com\/sk\/2022\/05\/27\/serial-ako-sa-stat-cyklistom-2-kam-uskladnit-bicykel\/","og_site_name":"\u0160koda We Love Cycling Slovensko","article_published_time":"2022-05-27T08:00:11+00:00","article_modified_time":"2022-05-27T08:14:46+00:00","og_image":[{"width":990,"height":660,"url":"https:\/\/d2p6e6u75xmxt8.cloudfront.net\/4\/2022\/05\/Kam-dat-bicykel_00.webp","type":"image\/webp"}],"twitter_card":"summary_large_image","twitter_misc":{"Written by":"Adam Marsal","Est. reading time":"5"},"schema":{"@context":"https:\/\/schema.org","@graph":[{"@type":"WebPage","@id":"https:\/\/www.welovecycling.com\/sk\/2022\/05\/27\/serial-ako-sa-stat-cyklistom-2-kam-uskladnit-bicykel\/","url":"https:\/\/www.welovecycling.com\/sk\/2022\/05\/27\/serial-ako-sa-stat-cyklistom-2-kam-uskladnit-bicykel\/","name":"Seri\u00e1l: Ako sa sta\u0165 cyklistom \u2013 2. Kam uskladni\u0165 bicykel - \u0160koda We Love Cycling Slovensko","isPartOf":{"@id":"https:\/\/www.welovecycling.com\/sk\/#website"},"primaryImageOfPage":{"@id":"https:\/\/www.welovecycling.com\/sk\/2022\/05\/27\/serial-ako-sa-stat-cyklistom-2-kam-uskladnit-bicykel\/#primaryimage"},"image":{"@id":"https:\/\/www.welovecycling.com\/sk\/2022\/05\/27\/serial-ako-sa-stat-cyklistom-2-kam-uskladnit-bicykel\/#primaryimage"},"thumbnailUrl":"https:\/\/d2p6e6u75xmxt8.cloudfront.net\/4\/2022\/05\/Kam-dat-bicykel_00.webp","datePublished":"2022-05-27T08:00:11+00:00","dateModified":"2022-05-27T08:14:46+00:00","author":{"@id":""},"description":"Ke\u010f sa chcete za\u010da\u0165 venova\u0165 cyklistike v\u00e1\u0161 probl\u00e9m bude kam da\u0165 bicykel . Do pivnice v\u00a0panel\u00e1koch d\u00e1te ly\u017ee, poh\u00e1r zav\u00e1ran\u00edn a\u00a0m\u00e1te plno.","breadcrumb":{"@id":"https:\/\/www.welovecycling.com\/sk\/2022\/05\/27\/serial-ako-sa-stat-cyklistom-2-kam-uskladnit-bicykel\/#breadcrumb"},"inLanguage":"sk-SK","potentialAction":[{"@type":"ReadAction","target":["https:\/\/www.welovecycling.com\/sk\/2022\/05\/27\/serial-ako-sa-stat-cyklistom-2-kam-uskladnit-bicykel\/"]}]},{"@type":"ImageObject","inLanguage":"sk-SK","@id":"https:\/\/www.welovecycling.com\/sk\/2022\/05\/27\/serial-ako-sa-stat-cyklistom-2-kam-uskladnit-bicykel\/#primaryimage","url":"https:\/\/d2p6e6u75xmxt8.cloudfront.net\/4\/2022\/05\/Kam-dat-bicykel_00.webp","contentUrl":"https:\/\/d2p6e6u75xmxt8.cloudfront.net\/4\/2022\/05\/Kam-dat-bicykel_00.webp","width":990,"height":660},{"@type":"BreadcrumbList","@id":"https:\/\/www.welovecycling.com\/sk\/2022\/05\/27\/serial-ako-sa-stat-cyklistom-2-kam-uskladnit-bicykel\/#breadcrumb","itemListElement":[{"@type":"ListItem","position":1,"name":"Home","item":"https:\/\/www.welovecycling.com\/sk\/"},{"@type":"ListItem","position":2,"name":"Seri\u00e1l: Ako sa sta\u0165 cyklistom \u2013 2. Kam uskladni\u0165 bicykel"}]},{"@type":"WebSite","@id":"https:\/\/www.welovecycling.com\/sk\/#website","url":"https:\/\/www.welovecycling.com\/sk\/","name":"\u0160koda We Love Cycling Slovensko","description":"\u0160koda We Love Cycling Slovensko je v\u00e1\u0161 ka\u017edodenn\u00fd zdroj noviniek a in\u0161pir\u00e1cie z sveta cyklistiky","potentialAction":[{"@type":"SearchAction","target":{"@type":"EntryPoint","urlTemplate":"https:\/\/www.welovecycling.com\/sk\/?s={search_term_string}"},"query-input":{"@type":"PropertyValueSpecification","valueRequired":true,"valueName":"search_term_string"}}],"inLanguage":"sk-SK"},{"@type":"Person","@id":"","url":"https:\/\/www.welovecycling.com\/sk\/author\/"}]}},"_links":{"self":[{"href":"https:\/\/www.welovecycling.com\/sk\/wp-json\/wp\/v2\/posts\/14378","targetHints":{"allow":["GET"]}}],"collection":[{"href":"https:\/\/www.welovecycling.com\/sk\/wp-json\/wp\/v2\/posts"}],"about":[{"href":"https:\/\/www.welovecycling.com\/sk\/wp-json\/wp\/v2\/types\/post"}],"author":[{"embeddable":true,"href":"https:\/\/www.welovecycling.com\/sk\/wp-json\/wp\/v2\/users\/81"}],"replies":[{"embeddable":true,"href":"https:\/\/www.welovecycling.com\/sk\/wp-json\/wp\/v2\/comments?post=14378"}],"version-history":[{"count":2,"href":"https:\/\/www.welovecycling.com\/sk\/wp-json\/wp\/v2\/posts\/14378\/revisions"}],"predecessor-version":[{"id":14519,"href":"https:\/\/www.welovecycling.com\/sk\/wp-json\/wp\/v2\/posts\/14378\/revisions\/14519"}],"wp:featuredmedia":[{"embeddable":true,"href":"https:\/\/www.welovecycling.com\/sk\/wp-json\/wp\/v2\/media\/14381"}],"wp:attachment":[{"href":"https:\/\/www.welovecycling.com\/sk\/wp-json\/wp\/v2\/media?parent=14378"}],"wp:term":[{"taxonomy":"category","embeddable":true,"href":"https:\/\/www.welovecycling.com\/sk\/wp-json\/wp\/v2\/categories?post=14378"},{"taxonomy":"post_tag","embeddable":true,"href":"https:\/\/www.welovecycling.com\/sk\/wp-json\/wp\/v2\/tags?post=14378"},{"taxonomy":"global-categories","embeddable":true,"href":"https:\/\/www.welovecycling.com\/sk\/wp-json\/wp\/v2\/global-categories?post=14378"}],"curies":[{"name":"wp","href":"https:\/\/api.w.org\/{rel}","templated":true}]}}