{"id":14369,"date":"2022-05-18T09:00:36","date_gmt":"2022-05-18T07:00:36","guid":{"rendered":"https:\/\/www.welovecycling.com\/sk\/?p=14369"},"modified":"2022-05-18T08:46:30","modified_gmt":"2022-05-18T06:46:30","slug":"serial-ako-sa-stat-cyklistom-1-kedy-zacat-s-cyklistikou","status":"publish","type":"post","link":"https:\/\/www.welovecycling.com\/sk\/2022\/05\/18\/serial-ako-sa-stat-cyklistom-1-kedy-zacat-s-cyklistikou\/","title":{"rendered":"Seri\u00e1l: Ako sa sta\u0165 cyklistom &#8211; 1. Kedy za\u010da\u0165 s\u00a0cyklistikou"},"content":{"rendered":"<p><strong>Mo\u017eno ste sa u\u017e niekedy zamysleli, kedy za\u010da\u0165 s cyklistikou. \u010ci v\u00a0rannom veku nie je ve\u013emi priskoro, alebo ke\u010f deti odrast\u00fa, \u010di u\u017e nie je neskoro s\u00a0tak\u00fdm nie\u010d\u00edm za\u010d\u00edna\u0165. Pozrime sa na to trochu bli\u017e\u0161ie.<\/strong><!--more--><\/p>\n<h2><strong>Detstvo<\/strong><\/h2>\n<p>V\u00e4\u010d\u0161ina z\u00a0n\u00e1s sa nau\u010dila jazdi\u0165 na bicykli u\u017e v\u00a0rannom detstve. <strong>A\u00a0ka\u017ed\u00e9ho z\u00a0n\u00e1s nadchol ten pocit slobody a\u00a0r\u00fdchlosti.<\/strong> Za\u010d\u00ednali sme s\u00a0pomocn\u00fdmi kolieskami a\u00a0u\u017e \u010doskoro sme jazdili bez nich a\u00a0vyberali z\u00e1kruty a\u00a0sp\u00fa\u0161\u0165ali sa z\u00a0kopca \u0161ialenou r\u00fdchlos\u0165ou. To bolo radosti, ke\u010f sme dostali svoj prv\u00fd v\u00e4\u010d\u0161\u00ed bicykel, u\u017e nie ten detsk\u00fd, ale skoro dospel\u00e1cky.<\/p>\n<p><a href=\"https:\/\/d2p6e6u75xmxt8.cloudfront.net\/4\/2022\/05\/Ako-sa-stat-cyklistom_01.jpg\"><img loading=\"lazy\" decoding=\"async\" src=\"https:\/\/d2p6e6u75xmxt8.cloudfront.net\/4\/2022\/05\/Ako-sa-stat-cyklistom_01.jpg\" alt=\"\" width=\"990\" height=\"660\" class=\"alignnone size-full wp-image-14373\" \/><\/a><\/p>\n<h2><strong>Puberta<\/strong><\/h2>\n<p>S\u00a0pr\u00edchodom puberty sa u\u017e za\u010d\u00ednaj\u00fa rie\u0161i\u0165 skuto\u010dn\u00e9 a\u00a0v\u00e1\u017ene rozhodnutia. Ak ste v\u00a0detstve prejavovali s\u00fa\u0165a\u017eivos\u0165 a\u00a0vyzeralo to, \u017ee beriete bicyklovanie v\u00e1\u017ene, je mo\u017en\u00e9, \u017ee u\u017e naplno zarez\u00e1vate v\u00a0nejakom klube. <strong>Ak ste ten typ, ktor\u00fd si rad\u0161ej u\u017e\u00edva kr\u00e1sy okolitej pr\u00edrody, aj tak je \u010das k\u00fapi\u0165 si poriadny bicykel a\u00a0jazdi\u0165 pre rados\u0165 z pohybu.<\/strong> Je v\u0161ak mo\u017en\u00e9, \u017ee pr\u00e1ve v\u00a0tomto veku viacej pozer\u00e1te po opa\u010dnom pohlav\u00ed ako po novom bicykli. Vtedy sa m\u00f4\u017ee sta\u0165, \u017ee na\u010das s\u00a0cyklistikou \u00faplne prestanete.<\/p>\n<div class=\"shortcode-ys-post-pinup\"><article class=\"loop-simple post-12866 post type-post status-publish format-standard has-post-thumbnail hentry category-deti-na-bicykloch tag-deti tag-deti-na-bicykli tag-detske-bicykle tag-horsky-bicykel tag-prvy-bicykel tag-triban-100 tag-woom-2-starter\" data-postid=\"12866\" role=\"article\" data-post-id=\"12866\" data-word-count=\"330\" data-headline-length=\"56\" data-category=\"Deti na bicykloch\" data-author=\"Siegfried Mortkowitz\" data-published=\"2021-09-13T10:00:15+02:00\" data-published-day=\"Monday\">\n    <div class=\"entry-thumbnail article-thumbnail\" content=\"https:\/\/d2p6e6u75xmxt8.cloudfront.net\/4\/2021\/09\/Kid-on-a-bike-profimedia-0628057318-CVR-150x150.webp\"><a href=\"https:\/\/www.welovecycling.com\/sk\/2021\/09\/13\/nakup-prveho-alebo-druheho-bicykla-pre-vase-dieta\/\" class=\"image-holder\" target=\"_self\"><img decoding=\"async\" loading=\"lazy\" class=\"\" src=\"https:\/\/d2p6e6u75xmxt8.cloudfront.net\/4\/2021\/09\/Kid-on-a-bike-profimedia-0628057318-CVR-1024x450.webp\" srcset=\"https:\/\/d2p6e6u75xmxt8.cloudfront.net\/4\/2021\/09\/Kid-on-a-bike-profimedia-0628057318-CVR.webp 1366w, https:\/\/d2p6e6u75xmxt8.cloudfront.net\/4\/2021\/09\/Kid-on-a-bike-profimedia-0628057318-CVR-300x132.webp 300w, https:\/\/d2p6e6u75xmxt8.cloudfront.net\/4\/2021\/09\/Kid-on-a-bike-profimedia-0628057318-CVR-1024x450.webp 1024w, https:\/\/d2p6e6u75xmxt8.cloudfront.net\/4\/2021\/09\/Kid-on-a-bike-profimedia-0628057318-CVR-768x337.webp 768w\" width=\"1024\" height=\"450\" sizes=\"auto, (min-width: 1200px) 456px, (min-width: 768px) 38vw, 100vw\" alt=\"nakup-prveho-alebo-druheho-bicykla-pre-vase-dieta\"\/><\/a><\/div>    <div class=\"entry-meta\">\n        <a class=\"label label-secondary post-category\" href=\"https:\/\/www.welovecycling.com\/sk\/category\/deti-na-bicykloch\/\" title=\"Deti na bicykloch\">Deti na bicykloch<\/a>\n    <\/div>\n    <div class=\"entry-details\">\n        <a href=\"https:\/\/www.welovecycling.com\/sk\/2021\/09\/13\/nakup-prveho-alebo-druheho-bicykla-pre-vase-dieta\/\" class='entry-title-wrapper'>\n            <h3 class=\"entry-title\"><span>N\u00e1kup prv\u00e9ho (alebo druh\u00e9ho) bicykla pre va\u0161e die\u0165a<\/span><\/h3>\n        <\/a>\n    <\/div>\n    <\/article>\n<\/div>\n<h2><strong>Dospelos\u0165<\/strong><\/h2>\n<p>Ak ste v\u00a0mladosti z\u00a0r\u00f4znych d\u00f4vodov, nielen t\u00fdch hore nap\u00edsan\u00fdch, prestali jazdi\u0165, pr\u00e1ve na prahu dospelosti sa v\u00e1m m\u00f4\u017ee sta\u0165, \u017ee stretnete svojho \u017eivotn\u00e9ho partnera, ktor\u00fd ob\u013eubuje cyklistiku. A\u00a0to m\u00f4\u017ee by\u0165 moment, \u017ee za\u010dnete znovu naplno objavova\u0165 kr\u00e1sy tohto \u0161portu a\u00a0nielen to.<\/p>\n<p>Druh\u00fdm impulzom m\u00f4\u017ee by\u0165, ke\u010f za\u010dnete u\u010di\u0165 jazdi\u0165 svoje deti. <strong>Ke\u010f sledujete t\u00fa ich rados\u0165 a\u00a0\u00faspechy, ktor\u00e9 dosahuj\u00fa s\u00a0ka\u017ed\u00fdm nov\u00fdm d\u0148om, mo\u017eno dostanete chu\u0165 opr\u00e1\u0161i\u0165 svoj star\u00fd bicykel a\u00a0vyrazi\u0165 si s\u00a0nimi na v\u00fdlet.<\/strong> Ak u\u017e deti vyrast\u00fa a\u00a0nemaj\u00fa z\u00e1ujem chodi\u0165 s\u00a0vami na v\u00fdlety, neost\u00e1va v\u00e1m ni\u010d in\u00e9, len za\u010da\u0165 jazdi\u0165 ako p\u00e1r spolu. Vtedy si m\u00f4\u017eete splni\u0165 sny, ktor\u00e9 ste mo\u017eno mali kedysi d\u00e1vno a\u00a0u\u017e na to aj zabudli. Spozn\u00e1va\u0165 na bicykli vzdialen\u00e9 kraje. Zbali\u0165 kufre, bicykle a\u00a0vyrazi\u0165 do okolit\u00fdch kraj\u00edn, kde str\u00e1vite kr\u00e1sne chv\u00edle a\u00a0za\u017eijete druh\u00fa mlados\u0165. <\/p>\n<h2><strong>D\u00f4chodkov\u00fd vek<\/strong><\/h2>\n<p>Mo\u017eno v\u00e1s zdravotn\u00e9 d\u00f4vody prin\u00fatia sa na star\u00e9 kolen\u00e1 trochu h\u00fdba\u0165. Dobr\u00e1 spr\u00e1va je, \u017ee v\u010faka elektrobicyklom je to mo\u017en\u00e9 aj v\u00e1m. Ur\u010dite v\u00e1s u\u017e po\u010das v\u00fdjazdu nejedenkr\u00e1t predbehol cyklista v\u00a0d\u00f4chodkovom veku na elektrobicykli. Doprajte mu to. Ve\u010f keby nebolo tohto vyn\u00e1lezu, mo\u017eno by sedel doma na gau\u010di a\u00a0natieral si kolen\u00e1 lie\u010divou mas\u0165ou. <strong>Takto si kolen\u00e1 bez v\u00e4\u010d\u0161ej n\u00e1mahy precvi\u010d\u00ed po\u010das bicyklovania a\u00a0rados\u0165 z\u00a0pohybu aj vo vysokom veku m\u00e1 tie\u017e svoje d\u00f4le\u017eit\u00e9 lie\u010div\u00e9 schopnosti, nielen na telo ale aj na du\u0161u.<\/strong> <\/p>\n<p>Tak\u017ee je jedno, \u010di ste za\u010dali bicyklova\u0165 v\u00a0t\u00edned\u017eerskom veku, v\u00a0dospelom alebo d\u00f4chodkovom veku, nabud\u00face sa pozrieme na probl\u00e9m, ktor\u00fd nastane vz\u00e1p\u00e4t\u00ed po tom, ako sa pre cyklistiku rozhodnete. <strong>Kam da\u0165 svoj nov\u00fd bicykel, aby ste ho mali st\u00e1le na o\u010diach a\u00a0v\u00a0bezpe\u010d\u00ed.<\/strong><\/p>\n<p>Zdroj fotografi\u00ed: pexels.com<\/p>\n","protected":false},"excerpt":{"rendered":"<p>Mo\u017eno ste sa u\u017e niekedy zamysleli, kedy za\u010da\u0165 s cyklistikou. \u010ci v\u00a0rannom veku nie je ve\u013emi priskoro, alebo ke\u010f deti [&hellip;]<\/p>\n","protected":false},"author":81,"featured_media":14372,"comment_status":"open","ping_status":"open","sticky":false,"template":"","format":"standard","meta":{"footnotes":""},"categories":[191],"tags":[553,597,546,1481,931,935,220],"global-categories":[1074],"class_list":["post-14369","post","type-post","status-publish","format-standard","has-post-thumbnail","hentry","category-odporucame","tag-ako-na-to","tag-cyklista","tag-cyklistika","tag-jazda-na-bicykli","tag-odporucame","tag-seria","tag-zaciatocnik","global-categories-cycling"],"yoast_head":"<!-- This site is optimized with the Yoast SEO Premium plugin v25.3 (Yoast SEO v25.9) - https:\/\/yoast.com\/wordpress\/plugins\/seo\/ -->\n<title>Seri\u00e1l: Ako sa sta\u0165 cyklistom - 1. Kedy za\u010da\u0165 s\u00a0cyklistikou - \u0160koda We Love Cycling Slovensko<\/title>\n<meta name=\"description\" content=\"Mo\u017eno ste sa u\u017e niekedy zamysleli, kedy za\u010da\u0165 s cyklistikou. \u010ci v\u00a0rannom veku nie je ve\u013emi priskoro, alebo ke\u010f deti odrast\u00fa.\" \/>\n<meta name=\"robots\" content=\"index, follow, max-snippet:-1, max-image-preview:large, max-video-preview:-1\" \/>\n<link rel=\"canonical\" href=\"https:\/\/www.welovecycling.com\/sk\/2022\/05\/18\/serial-ako-sa-stat-cyklistom-1-kedy-zacat-s-cyklistikou\/\" \/>\n<meta property=\"og:locale\" content=\"sk_SK\" \/>\n<meta property=\"og:type\" content=\"article\" \/>\n<meta property=\"og:title\" content=\"Seri\u00e1l: Ako sa sta\u0165 cyklistom - 1. Kedy za\u010da\u0165 s\u00a0cyklistikou\" \/>\n<meta property=\"og:description\" content=\"Mo\u017eno ste sa u\u017e niekedy zamysleli, kedy za\u010da\u0165 s cyklistikou. \u010ci v\u00a0rannom veku nie je ve\u013emi priskoro, alebo ke\u010f deti odrast\u00fa.\" \/>\n<meta property=\"og:url\" content=\"https:\/\/www.welovecycling.com\/sk\/2022\/05\/18\/serial-ako-sa-stat-cyklistom-1-kedy-zacat-s-cyklistikou\/\" \/>\n<meta property=\"og:site_name\" content=\"\u0160koda We Love Cycling Slovensko\" \/>\n<meta property=\"article:published_time\" content=\"2022-05-18T07:00:36+00:00\" \/>\n<meta property=\"og:image\" content=\"https:\/\/d2p6e6u75xmxt8.cloudfront.net\/4\/2022\/05\/Ako-sa-stat-cyklistom_00.webp\" \/>\n\t<meta property=\"og:image:width\" content=\"990\" \/>\n\t<meta property=\"og:image:height\" content=\"660\" \/>\n\t<meta property=\"og:image:type\" content=\"image\/webp\" \/>\n<meta name=\"twitter:card\" content=\"summary_large_image\" \/>\n<meta name=\"twitter:label1\" content=\"Written by\" \/>\n\t<meta name=\"twitter:data1\" content=\"Siegfried Mortkowitz\" \/>\n\t<meta name=\"twitter:label2\" content=\"Est. reading time\" \/>\n\t<meta name=\"twitter:data2\" content=\"5\" \/>\n<script type=\"application\/ld+json\" class=\"yoast-schema-graph\">{\"@context\":\"https:\/\/schema.org\",\"@graph\":[{\"@type\":\"WebPage\",\"@id\":\"https:\/\/www.welovecycling.com\/sk\/2022\/05\/18\/serial-ako-sa-stat-cyklistom-1-kedy-zacat-s-cyklistikou\/\",\"url\":\"https:\/\/www.welovecycling.com\/sk\/2022\/05\/18\/serial-ako-sa-stat-cyklistom-1-kedy-zacat-s-cyklistikou\/\",\"name\":\"Seri\u00e1l: Ako sa sta\u0165 cyklistom - 1. Kedy za\u010da\u0165 s\u00a0cyklistikou - \u0160koda We Love Cycling Slovensko\",\"isPartOf\":{\"@id\":\"https:\/\/www.welovecycling.com\/sk\/#website\"},\"primaryImageOfPage\":{\"@id\":\"https:\/\/www.welovecycling.com\/sk\/2022\/05\/18\/serial-ako-sa-stat-cyklistom-1-kedy-zacat-s-cyklistikou\/#primaryimage\"},\"image\":{\"@id\":\"https:\/\/www.welovecycling.com\/sk\/2022\/05\/18\/serial-ako-sa-stat-cyklistom-1-kedy-zacat-s-cyklistikou\/#primaryimage\"},\"thumbnailUrl\":\"https:\/\/d2p6e6u75xmxt8.cloudfront.net\/4\/2022\/05\/Ako-sa-stat-cyklistom_00.webp\",\"datePublished\":\"2022-05-18T07:00:36+00:00\",\"author\":{\"@id\":\"\"},\"description\":\"Mo\u017eno ste sa u\u017e niekedy zamysleli, kedy za\u010da\u0165 s cyklistikou. \u010ci v\u00a0rannom veku nie je ve\u013emi priskoro, alebo ke\u010f deti odrast\u00fa.\",\"breadcrumb\":{\"@id\":\"https:\/\/www.welovecycling.com\/sk\/2022\/05\/18\/serial-ako-sa-stat-cyklistom-1-kedy-zacat-s-cyklistikou\/#breadcrumb\"},\"inLanguage\":\"sk-SK\",\"potentialAction\":[{\"@type\":\"ReadAction\",\"target\":[\"https:\/\/www.welovecycling.com\/sk\/2022\/05\/18\/serial-ako-sa-stat-cyklistom-1-kedy-zacat-s-cyklistikou\/\"]}]},{\"@type\":\"ImageObject\",\"inLanguage\":\"sk-SK\",\"@id\":\"https:\/\/www.welovecycling.com\/sk\/2022\/05\/18\/serial-ako-sa-stat-cyklistom-1-kedy-zacat-s-cyklistikou\/#primaryimage\",\"url\":\"https:\/\/d2p6e6u75xmxt8.cloudfront.net\/4\/2022\/05\/Ako-sa-stat-cyklistom_00.webp\",\"contentUrl\":\"https:\/\/d2p6e6u75xmxt8.cloudfront.net\/4\/2022\/05\/Ako-sa-stat-cyklistom_00.webp\",\"width\":990,\"height\":660},{\"@type\":\"BreadcrumbList\",\"@id\":\"https:\/\/www.welovecycling.com\/sk\/2022\/05\/18\/serial-ako-sa-stat-cyklistom-1-kedy-zacat-s-cyklistikou\/#breadcrumb\",\"itemListElement\":[{\"@type\":\"ListItem\",\"position\":1,\"name\":\"Home\",\"item\":\"https:\/\/www.welovecycling.com\/sk\/\"},{\"@type\":\"ListItem\",\"position\":2,\"name\":\"Seri\u00e1l: Ako sa sta\u0165 cyklistom &#8211; 1. Kedy za\u010da\u0165 s\u00a0cyklistikou\"}]},{\"@type\":\"WebSite\",\"@id\":\"https:\/\/www.welovecycling.com\/sk\/#website\",\"url\":\"https:\/\/www.welovecycling.com\/sk\/\",\"name\":\"\u0160koda We Love Cycling Slovensko\",\"description\":\"\u0160koda We Love Cycling Slovensko je v\u00e1\u0161 ka\u017edodenn\u00fd zdroj noviniek a in\u0161pir\u00e1cie z sveta cyklistiky\",\"potentialAction\":[{\"@type\":\"SearchAction\",\"target\":{\"@type\":\"EntryPoint\",\"urlTemplate\":\"https:\/\/www.welovecycling.com\/sk\/?s={search_term_string}\"},\"query-input\":{\"@type\":\"PropertyValueSpecification\",\"valueRequired\":true,\"valueName\":\"search_term_string\"}}],\"inLanguage\":\"sk-SK\"},{\"@type\":\"Person\",\"@id\":\"\",\"url\":\"https:\/\/www.welovecycling.com\/sk\/author\/\"}]}<\/script>\n<!-- \/ Yoast SEO Premium plugin. -->","yoast_head_json":{"title":"Seri\u00e1l: Ako sa sta\u0165 cyklistom - 1. Kedy za\u010da\u0165 s\u00a0cyklistikou - \u0160koda We Love Cycling Slovensko","description":"Mo\u017eno ste sa u\u017e niekedy zamysleli, kedy za\u010da\u0165 s cyklistikou. \u010ci v\u00a0rannom veku nie je ve\u013emi priskoro, alebo ke\u010f deti odrast\u00fa.","robots":{"index":"index","follow":"follow","max-snippet":"max-snippet:-1","max-image-preview":"max-image-preview:large","max-video-preview":"max-video-preview:-1"},"canonical":"https:\/\/www.welovecycling.com\/sk\/2022\/05\/18\/serial-ako-sa-stat-cyklistom-1-kedy-zacat-s-cyklistikou\/","og_locale":"sk_SK","og_type":"article","og_title":"Seri\u00e1l: Ako sa sta\u0165 cyklistom - 1. Kedy za\u010da\u0165 s\u00a0cyklistikou","og_description":"Mo\u017eno ste sa u\u017e niekedy zamysleli, kedy za\u010da\u0165 s cyklistikou. \u010ci v\u00a0rannom veku nie je ve\u013emi priskoro, alebo ke\u010f deti odrast\u00fa.","og_url":"https:\/\/www.welovecycling.com\/sk\/2022\/05\/18\/serial-ako-sa-stat-cyklistom-1-kedy-zacat-s-cyklistikou\/","og_site_name":"\u0160koda We Love Cycling Slovensko","article_published_time":"2022-05-18T07:00:36+00:00","og_image":[{"width":990,"height":660,"url":"https:\/\/d2p6e6u75xmxt8.cloudfront.net\/4\/2022\/05\/Ako-sa-stat-cyklistom_00.webp","type":"image\/webp"}],"twitter_card":"summary_large_image","twitter_misc":{"Written by":"Siegfried Mortkowitz","Est. reading time":"5"},"schema":{"@context":"https:\/\/schema.org","@graph":[{"@type":"WebPage","@id":"https:\/\/www.welovecycling.com\/sk\/2022\/05\/18\/serial-ako-sa-stat-cyklistom-1-kedy-zacat-s-cyklistikou\/","url":"https:\/\/www.welovecycling.com\/sk\/2022\/05\/18\/serial-ako-sa-stat-cyklistom-1-kedy-zacat-s-cyklistikou\/","name":"Seri\u00e1l: Ako sa sta\u0165 cyklistom - 1. Kedy za\u010da\u0165 s\u00a0cyklistikou - \u0160koda We Love Cycling Slovensko","isPartOf":{"@id":"https:\/\/www.welovecycling.com\/sk\/#website"},"primaryImageOfPage":{"@id":"https:\/\/www.welovecycling.com\/sk\/2022\/05\/18\/serial-ako-sa-stat-cyklistom-1-kedy-zacat-s-cyklistikou\/#primaryimage"},"image":{"@id":"https:\/\/www.welovecycling.com\/sk\/2022\/05\/18\/serial-ako-sa-stat-cyklistom-1-kedy-zacat-s-cyklistikou\/#primaryimage"},"thumbnailUrl":"https:\/\/d2p6e6u75xmxt8.cloudfront.net\/4\/2022\/05\/Ako-sa-stat-cyklistom_00.webp","datePublished":"2022-05-18T07:00:36+00:00","author":{"@id":""},"description":"Mo\u017eno ste sa u\u017e niekedy zamysleli, kedy za\u010da\u0165 s cyklistikou. \u010ci v\u00a0rannom veku nie je ve\u013emi priskoro, alebo ke\u010f deti odrast\u00fa.","breadcrumb":{"@id":"https:\/\/www.welovecycling.com\/sk\/2022\/05\/18\/serial-ako-sa-stat-cyklistom-1-kedy-zacat-s-cyklistikou\/#breadcrumb"},"inLanguage":"sk-SK","potentialAction":[{"@type":"ReadAction","target":["https:\/\/www.welovecycling.com\/sk\/2022\/05\/18\/serial-ako-sa-stat-cyklistom-1-kedy-zacat-s-cyklistikou\/"]}]},{"@type":"ImageObject","inLanguage":"sk-SK","@id":"https:\/\/www.welovecycling.com\/sk\/2022\/05\/18\/serial-ako-sa-stat-cyklistom-1-kedy-zacat-s-cyklistikou\/#primaryimage","url":"https:\/\/d2p6e6u75xmxt8.cloudfront.net\/4\/2022\/05\/Ako-sa-stat-cyklistom_00.webp","contentUrl":"https:\/\/d2p6e6u75xmxt8.cloudfront.net\/4\/2022\/05\/Ako-sa-stat-cyklistom_00.webp","width":990,"height":660},{"@type":"BreadcrumbList","@id":"https:\/\/www.welovecycling.com\/sk\/2022\/05\/18\/serial-ako-sa-stat-cyklistom-1-kedy-zacat-s-cyklistikou\/#breadcrumb","itemListElement":[{"@type":"ListItem","position":1,"name":"Home","item":"https:\/\/www.welovecycling.com\/sk\/"},{"@type":"ListItem","position":2,"name":"Seri\u00e1l: Ako sa sta\u0165 cyklistom &#8211; 1. Kedy za\u010da\u0165 s\u00a0cyklistikou"}]},{"@type":"WebSite","@id":"https:\/\/www.welovecycling.com\/sk\/#website","url":"https:\/\/www.welovecycling.com\/sk\/","name":"\u0160koda We Love Cycling Slovensko","description":"\u0160koda We Love Cycling Slovensko je v\u00e1\u0161 ka\u017edodenn\u00fd zdroj noviniek a in\u0161pir\u00e1cie z sveta cyklistiky","potentialAction":[{"@type":"SearchAction","target":{"@type":"EntryPoint","urlTemplate":"https:\/\/www.welovecycling.com\/sk\/?s={search_term_string}"},"query-input":{"@type":"PropertyValueSpecification","valueRequired":true,"valueName":"search_term_string"}}],"inLanguage":"sk-SK"},{"@type":"Person","@id":"","url":"https:\/\/www.welovecycling.com\/sk\/author\/"}]}},"_links":{"self":[{"href":"https:\/\/www.welovecycling.com\/sk\/wp-json\/wp\/v2\/posts\/14369","targetHints":{"allow":["GET"]}}],"collection":[{"href":"https:\/\/www.welovecycling.com\/sk\/wp-json\/wp\/v2\/posts"}],"about":[{"href":"https:\/\/www.welovecycling.com\/sk\/wp-json\/wp\/v2\/types\/post"}],"author":[{"embeddable":true,"href":"https:\/\/www.welovecycling.com\/sk\/wp-json\/wp\/v2\/users\/81"}],"replies":[{"embeddable":true,"href":"https:\/\/www.welovecycling.com\/sk\/wp-json\/wp\/v2\/comments?post=14369"}],"version-history":[{"count":2,"href":"https:\/\/www.welovecycling.com\/sk\/wp-json\/wp\/v2\/posts\/14369\/revisions"}],"predecessor-version":[{"id":14377,"href":"https:\/\/www.welovecycling.com\/sk\/wp-json\/wp\/v2\/posts\/14369\/revisions\/14377"}],"wp:featuredmedia":[{"embeddable":true,"href":"https:\/\/www.welovecycling.com\/sk\/wp-json\/wp\/v2\/media\/14372"}],"wp:attachment":[{"href":"https:\/\/www.welovecycling.com\/sk\/wp-json\/wp\/v2\/media?parent=14369"}],"wp:term":[{"taxonomy":"category","embeddable":true,"href":"https:\/\/www.welovecycling.com\/sk\/wp-json\/wp\/v2\/categories?post=14369"},{"taxonomy":"post_tag","embeddable":true,"href":"https:\/\/www.welovecycling.com\/sk\/wp-json\/wp\/v2\/tags?post=14369"},{"taxonomy":"global-categories","embeddable":true,"href":"https:\/\/www.welovecycling.com\/sk\/wp-json\/wp\/v2\/global-categories?post=14369"}],"curies":[{"name":"wp","href":"https:\/\/api.w.org\/{rel}","templated":true}]}}