{"id":14359,"date":"2022-05-13T10:00:23","date_gmt":"2022-05-13T08:00:23","guid":{"rendered":"https:\/\/www.welovecycling.com\/sk\/?p=14359"},"modified":"2022-05-06T11:53:04","modified_gmt":"2022-05-06T09:53:04","slug":"10-veci-ktore-nehovorte-o-zene-cyklistke","status":"publish","type":"post","link":"https:\/\/www.welovecycling.com\/sk\/2022\/05\/13\/10-veci-ktore-nehovorte-o-zene-cyklistke\/","title":{"rendered":"10 vec\u00ed, ktor\u00e9 nehovorte o \u017eene cyklistke"},"content":{"rendered":"<p><strong>Napriek nadpisu nie je tento \u010dl\u00e1nok ur\u010den\u00fd len mu\u017eom. Aj ke\u010f je to hlavne mu\u017esk\u00e1 \u010das\u0165 popul\u00e1cie, ktor\u00e1 zvy\u010dajne rob\u00ed tieto faux pas, m\u00f4\u017ee to by\u0165 pou\u010dn\u00fd \u010dl\u00e1nok pre ka\u017ed\u00e9ho.<\/strong><\/p>\n<p><!--more--><\/p>\n<p>Bicyklu a cyklistike sa venujem cel\u00fd \u017eivot. V\u0161etko od pr\u00e1ce predajcu a mechani\u010dky v obchodoch, cez pretekanie na cest\u00e1ch \u010di dr\u00e1he, jazdenie cyklokrosu, l\u00e1sky k horsk\u00fdm bicyklom a\u017e po p\u00edsanie cyklistick\u00fdch \u010dl\u00e1nkov a pr\u00e1cu s profesion\u00e1lnymi t\u00edmami. Pozn\u00e1m svoju t\u00e9mu a viem, \u017ee s\u00fa aj in\u00e9 \u017eeny ako ja. A netvrd\u00edm, \u017ee zastupujem v\u0161etky \u017eeny. <strong>Nasleduj\u00face \u201esk\u00fasenosti\u201c s\u00fa moje vlastn\u00e9, ale mo\u017eno niektor\u00ed z v\u00e1s n\u00e1jdu so mnou spolo\u010dn\u00fa re\u010d.<\/strong> Pustime sa do toho!<\/p>\n<figure id=\"attachment_14360\" aria-describedby=\"caption-attachment-14360\" style=\"width: 1000px\" class=\"wp-caption alignnone\"><a href=\"https:\/\/d2p6e6u75xmxt8.cloudfront.net\/4\/2022\/05\/Woman-cycling-profimedia-0141217695.jpg\"><img loading=\"lazy\" decoding=\"async\" class=\"wp-image-14360 size-full\" src=\"https:\/\/d2p6e6u75xmxt8.cloudfront.net\/4\/2022\/05\/Woman-cycling-profimedia-0141217695.jpg\" alt=\"Woman cycling\" width=\"1000\" height=\"664\" \/><\/a><figcaption id=\"caption-attachment-14360\" class=\"wp-caption-text\">Ak\u00fdch re\u010d\u00ed by ste sa mali zdr\u017ea\u0165 v bl\u00edzkosti \u017eeny cyklistky? \u00a9 Profimedia<\/figcaption><\/figure>\n<h2><strong>Prep\u00e1\u010dte pane!<\/strong><\/h2>\n<p>V\u00e4\u010d\u0161ina \u017eien prech\u00e1dza chv\u00ed\u013eami, kedy m\u00f4\u017eu by\u0165 na\u0161e vlasy dlh\u0161ie alebo krat\u0161ie. Krat\u0161ie vlasy s\u00fa ur\u010dite jednoduch\u0161ie pre akt\u00edvnych \u013eud\u00ed a nasadenie prilby na hlavu nepokaz\u00ed va\u0161e snahy o udr\u017eanie si \u00fa\u010desu, ako je to v pr\u00edpade dlh\u0161\u00edch vlasov.<\/p>\n<p>Ke\u010f m\u00e1m nasaden\u00fa prilbu, nie je pr\u00edli\u0161 \u0165a\u017ek\u00e9 pom\u00fdli\u0165 si ma s mu\u017esk\u00fdm jazdcom na ceste, najm\u00e4 zozadu. St\u00e1va sa to pomerne \u010dasto. Nepredpokladajte, \u017ee ka\u017ed\u00fd kr\u00e1tkovlas\u00fd cyklista je mu\u017e. <strong>D\u013a\u017eka na\u0161ich vlasov nedefinuje na\u0161u \u017eenskos\u0165.<\/strong><\/p>\n<h2><strong>M\u00f4\u017eem hovori\u0165 s mechanikom?<\/strong><\/h2>\n<p>Pracovala som v mnoh\u00fdch obchodoch. Rada pracujem rukami a som mechanicky zru\u010dn\u00e1. <strong>Ako cyklistka som sa nau\u010dila opravova\u0165 v\u0161etky d\u00f4le\u017eit\u00e9 s\u00fa\u010dasti bicykla<\/strong>, \u010do bolo pre m\u0148a ot\u00e1zkou nevyhnutnosti, ekonomickej str\u00e1nky, ale aj z\u00e1ujmu o to, ako veci funguj\u00fa. Sta\u0165 sa mechani\u010dkou bicyklov bolo pre m\u0148a prirodzenou vo\u013ebou.<\/p>\n<p>Na\u0161\u0165astie existuj\u00fa predajne bicyklov, ktor\u00e9 zamestn\u00e1vaj\u00fa aj \u017eeny na poz\u00edcii mechanika. Mo\u017eno ste sa aj vy museli nau\u010di\u0165 zmier\u0148ova\u0165 svoju reakciu a svoje odpovede, ke\u010f z\u00e1kazn\u00edci pr\u00eddu k pultu a sp\u00fdtaj\u00fa sa: <em>\u201eM\u00f4\u017eem hovori\u0165 s mechanikom?\u201c<\/em> Dobr\u00fd de\u0148, je tu jeden priamo pred vami, m\u00e1 na sebe pracovn\u00fa z\u00e1steru, n\u00e1stroje v ruk\u00e1ch a \u0161pinu za nechtami. \u010co by ste potrebovali? Otvorte o\u010di a zme\u0148te svoje predsudky o tom, ak\u00e9ho pohlavia by mal by\u0165 mechanik.<\/p>\n<h2><strong>Potrebujete s t\u00fdm pom\u00f4c\u0165?<\/strong><\/h2>\n<p>V\u00e4\u010d\u0161ina \u017eien oce\u0148uje rytierstvo (nazvite to, ako chcete) alebo jednoduch\u00e9 mil\u00e9 gesto kohoko\u013evek, kto n\u00e1m v n\u00fadzi pod\u00e1 ruku. Je to lep\u0161ie, ako ke\u010f \u013eudia ani nepomyslia na pomoc \u013eudom okolo seba.<\/p>\n<p>V mojom pr\u00edpade som v\u0161ak viac ne\u017e schopn\u00e1 opravi\u0165 si defekt na kraji cesty. \u00c1no, niekedy je \u0165a\u017ek\u00e9 prin\u00fati\u0165 pneumatiku, aby sa vr\u00e1tila na r\u00e1fik, s dne\u0161n\u00fdmi pr\u00edsnej\u0161\u00edmi normami pre pneumatiky, ale chlapi s t\u00fdm maj\u00fa takisto probl\u00e9my. <strong>V\u010faka. Porad\u00edm si s t\u00fdm.<\/strong> Teraz, ke\u010f som zdvorilo odmietla va\u0161u ponuku, pokra\u010dujte v ceste. Nepotrebujem dozor.<\/p>\n<p>Ko\u013eko chlapov je potrebn\u00fdch na v\u00fdmenu pneumatiky? Ka\u017ed\u00fd v\u00edkend som jazdil s partiou chalanov. Jedn\u00e9ho chladn\u00e9ho zimn\u00e9ho d\u0148a sa asi \u0161tyria pok\u00fa\u0161ali pom\u00f4c\u0165 in\u00e9mu chlapovi opravi\u0165 defekt. St\u00e1la som a pozorovala, no ke\u010f mi u\u017e za\u010dala by\u0165 zima, i\u0161la som im pom\u00f4c\u0165. Asi za tridsa\u0165 sek\u00fand som dala pneumatiku na miesto, napumpovala a mohli sme pokra\u010dova\u0165. <strong>V\u0161etko je to o technike a nie o sile.<\/strong><\/p>\n<h2><strong>Priviedol \u0165a k cyklistike tvoj priate\u013e alebo otec?<\/strong><\/h2>\n<p>Pre\u010do si niektor\u00ed \u013eudia myslia, \u017ee \u017eeny potrebuj\u00fa vo svojom \u017eivote mu\u017ea, ktor\u00fd ich privedie k cyklistike? Pozor pre niektor\u00fdch toto bude novinka! <strong>M\u00e1me vlastn\u00e9 myslenie a z\u00e1ujmy a sme viac ne\u017e schopn\u00e9 sami sa rozhodn\u00fa\u0165<\/strong>, \u010di budeme jazdi\u0165 na bicykli, \u010di sa zapoj\u00edme sa do skupinovej jazdy alebo sa zaregistrujeme na \u010fal\u0161ie Gran Fondo.<\/p>\n<h2><strong>Neboj\u00ed\u0161 sa ma\u0165 ve\u013ek\u00e9 stehn\u00e1?<\/strong><\/h2>\n<p>V\u00e1\u017ene? To sa p\u00fdta\u0161 m\u0148a? V\u00e4\u010d\u0161ina profi cyklistiek, ktor\u00e9 pozn\u00e1m, m\u00e1 \u0161t\u00edhle, svalnat\u00e9 a skvele vyzeraj\u00face nohy! Nie som na tom tak zle, ak to o sebe m\u00f4\u017eem poveda\u0165, ale niektor\u00fdm z\u00e1vid\u00edm. Ke\u010f\u017ee nie som profesion\u00e1lna cyklistka, jednozna\u010dne nenajazd\u00edm rovnak\u00e9 mno\u017estvo kilometrov a nedosiahnem rovnak\u00e9 v\u00fdsledky. Tak\u017ee je to v poriadku.<\/p>\n<p>Tak\u017ee nie, nem\u00e1m strach zo siln\u00fdch, svalnat\u00fdch stehien. Ka\u017edej cyklistke s ve\u013ek\u00fdmi stehnami patr\u00ed m\u00f4j obdiv. <strong>Ka\u017ed\u00e1 sme stavan\u00e1 inak a m\u00e1me r\u00f4zne tvary a ve\u013ekosti jednotliv\u00fdch \u010dast\u00ed tela.<\/strong> Nenechajme sa ni\u010d\u00edm odradi\u0165 od bicyklovania d\u00e1my!<\/p>\n<h2><strong>Nikdy si nen\u00e1jde\u0161 man\u017eela, ak bude\u0161 to\u013eko jazdi\u0165<\/strong><\/h2>\n<p>Pam\u00e4t\u00e1m si chalanov, s ktor\u00fdmi som jazdila cez v\u00edkendy. Niektor\u00ed z nich strkali nos do mojich osobn\u00fdch vec\u00ed a neust\u00e1le mi hovorili, \u017ee mu\u017ei nechc\u00fa by\u0165 so \u017eenou, ktor\u00e1 je lep\u0161ia cyklistka ako oni.<\/p>\n<p><strong>V\u0161ade je ve\u013ea mu\u017eov, ktor\u00ed re\u0161pektuj\u00fa a oce\u0148uj\u00fa vy\u0161portovan\u00e9 \u017eeny.<\/strong> Vo svojej mu\u017enosti sa c\u00edtia pohodlne a miluj\u00fa skuto\u010dnos\u0165, \u017ee ich man\u017eelka alebo partnerka je na bicykli naozaj skvel\u00e1, a to pr\u00e1vom. <\/p>\n<p>Mimochodom, man\u017eela som stretla pr\u00e1ve na bicykli. Ma\u0165 partnera, ktor\u00fd zdie\u013ea va\u0161u ob\u013e\u00faben\u00fa aktivitu, je skvel\u00e9. Jazd\u00edme spolu a nikto sa nemus\u00ed nepon\u00e1h\u013ea\u0165 domov, aby bol \u201ena\u010das\u201c pri svojej polovi\u010dke.<\/p>\n<h2><strong>\u017deny pou\u017e\u00edvaj\u00fa svoje tel\u00e1 na predaj bicyklov\u00fdch vec\u00ed<\/strong><\/h2>\n<p>Dobre, toto nie je nie\u010do, \u010do mi niekto konkr\u00e9tne povedal, ale je to nie\u010do, \u010do pravidelne vid\u00edm online a na soci\u00e1lnych sie\u0165ach. Zapni si dres, drah\u00e1! Pre\u010d\u00edtaj si o sebe nar\u00e1\u017eky v koment\u00e1roch. \u017deny v reklam\u00e1ch, naozaj chcete, aby sa s vami zaobch\u00e1dzalo ako s predmetom a boli ste ter\u010dom nevhodn\u00fdch vtipov?<\/p>\n<h2><strong>Chcem vyzera\u0165 ako ve\u013ekono\u010dn\u00e9 vaj\u00ed\u010dko?<\/strong><\/h2>\n<p>Toto nie je koment\u00e1r, ktor\u00fd mi niekto kedy povedal, ale sk\u00f4r \u00favaha o spolo\u010dnosti. Pre\u010do, pre\u010do, pre\u010do mnoh\u00e9 cyklistick\u00e9 zna\u010dky vytv\u00e1raj\u00fa d\u00e1mske oble\u010denie, v\u010faka ktor\u00e9mu vyzer\u00e1me ako ve\u013ekono\u010dn\u00e9 vaj\u00ed\u010dka? Mo\u017eno sa raz na\u0161a civiliz\u00e1cia odklon\u00ed od rodov\u00e9ho ozna\u010dovania farieb. <strong>Dovtedy pros\u00edm pon\u00fakajte viac farieb ako ru\u017eov\u00e1 a fialov\u00e1.<\/strong><\/p>\n<p>A m\u00f4\u017eeme sa bavi\u0165 o vreck\u00e1ch? Mnoho d\u00e1mskych cyklistick\u00fdch dresov m\u00e1 iba dve vreck\u00e1 a nie \u0161tandardn\u00e9 tri. Potrebujeme na bicykli nosi\u0165 menej ako na\u0161i mu\u017esk\u00ed kolegovia? Alebo si mo\u017eno myslia, \u017ee nejazd\u00edme tak \u010faleko?<\/p>\n<h2><strong>Pomal\u0161ia skupina odch\u00e1dza o pol hodiny<\/strong><\/h2>\n<p>Hovor\u00ed\u0161 o mne? Naozaj? Nevie\u0161 ni\u010d o mne ani o mojej \u00farovni cyklistiky, no predpoklad\u00e1\u0161, \u017ee som \u017eena, \u017ee potrebujem jazdi\u0165 v pomal\u0161ej skupine. \u010co s t\u00fdm? <strong>Stav\u00edm sa, \u017ee \u0165a m\u00f4\u017eem predbehn\u00fa\u0165, tak pre\u010do mi nedovol\u00ed\u0161, aby som ti to uk\u00e1zala, sk\u00f4r ako si vytvor\u00ed\u0161 o mne predsudky?<\/strong><br \/>\n<div class=\"shortcode-ys-post-pinup\"><article class=\"loop-simple post-13751 post type-post status-publish format-standard has-post-thumbnail hentry category-grand-tour tag-cestna-cyklistika tag-hannah-barnes tag-lotte-kopecky tag-marlen-reusser tag-movistar tag-peloton tag-ridelondon-classique tag-sd-worx tag-sezona-2022 tag-talent tag-team-jumbo-visma tag-tim tag-tour-de-france-2022 tag-tour-de-france-femmes tag-uci-worldtour tag-zenska-cyklistika tag-zeny\" data-postid=\"13751\" role=\"article\" data-post-id=\"13751\" data-word-count=\"534\" data-headline-length=\"73\" data-category=\"Profesion\u00e1li\" data-author=\"Megan Flottorp\" data-published=\"2022-02-07T10:00:11+01:00\" data-published-day=\"Monday\">\n    <div class=\"entry-thumbnail article-thumbnail\" content=\"https:\/\/d2p6e6u75xmxt8.cloudfront.net\/4\/2022\/02\/Women-cycling-peloton-profimedia-0623189283-CVR-150x150.webp\"><a href=\"https:\/\/www.welovecycling.com\/sk\/2022\/02\/07\/aktualizacia-zenskeho-pelotonu-kto-bude-pre-koho-jazdit-v-roku-2022\/\" class=\"image-holder\" target=\"_self\"><img decoding=\"async\" loading=\"lazy\" class=\"\" src=\"https:\/\/d2p6e6u75xmxt8.cloudfront.net\/4\/2022\/02\/Women-cycling-peloton-profimedia-0623189283-CVR-1024x450.webp\" srcset=\"https:\/\/d2p6e6u75xmxt8.cloudfront.net\/4\/2022\/02\/Women-cycling-peloton-profimedia-0623189283-CVR.webp 1366w, https:\/\/d2p6e6u75xmxt8.cloudfront.net\/4\/2022\/02\/Women-cycling-peloton-profimedia-0623189283-CVR-300x132.webp 300w, https:\/\/d2p6e6u75xmxt8.cloudfront.net\/4\/2022\/02\/Women-cycling-peloton-profimedia-0623189283-CVR-1024x450.webp 1024w, https:\/\/d2p6e6u75xmxt8.cloudfront.net\/4\/2022\/02\/Women-cycling-peloton-profimedia-0623189283-CVR-768x337.webp 768w\" width=\"1024\" height=\"450\" sizes=\"auto, (min-width: 1200px) 456px, (min-width: 768px) 38vw, 100vw\" alt=\"aktualizacia-zenskeho-pelotonu-kto-bude-pre-koho-jazdit-v-roku-2022\"\/><\/a><\/div>    <div class=\"entry-meta\">\n        <a class=\"label label-secondary post-category\" href=\"https:\/\/www.welovecycling.com\/sk\/category\/grand-tour\/\" title=\"Profesion\u00e1li\">Profesion\u00e1li<\/a>\n    <\/div>\n    <div class=\"entry-details\">\n        <a href=\"https:\/\/www.welovecycling.com\/sk\/2022\/02\/07\/aktualizacia-zenskeho-pelotonu-kto-bude-pre-koho-jazdit-v-roku-2022\/\" class='entry-title-wrapper'>\n            <h3 class=\"entry-title\"><span>Aktualiz\u00e1cia \u017eensk\u00e9ho pelot\u00f3nu: Kto bude pre koho jazdi\u0165 v roku 2022<\/span><\/h3>\n        <\/a>\n    <\/div>\n    <\/article>\n<\/div><\/p>\n<h2><strong>Existuj\u00fa profesion\u00e1lne \u017eensk\u00e9 cestn\u00e9 pretek\u00e1rske t\u00edmy?<\/strong><\/h2>\n<p>A vy sa naz\u00fdvate fan\u00fa\u0161ikom cyklistiky. Doteraz ste \u017eili v jaskyni? <strong>\u00c1no, profesion\u00e1lne \u017eensk\u00e9 cestn\u00e9 t\u00edmy existuj\u00fa a prosperuj\u00fa, \u010fakujem.<\/strong> Na kontinent\u00e1lnej \u00farovni pretek\u00e1 14 \u017eensk\u00fdch t\u00edmov WorldTour a \u010fal\u0161\u00edch 49 t\u00edmov! To je ve\u013ea \u017eien, ktor\u00e9 jazdia r\u00fdchlo na bicykli. Je fantastick\u00e9, \u017ee mlad\u00e9 \u017eeny na celom svete teraz maj\u00fa profesion\u00e1lne pretek\u00e1rky a \u0161ampi\u00f3nky ako vzory. Len to povzbud\u00ed viac \u017eien v bud\u00facnosti, aby sa zapojili do tohto \u0161portu.<\/p>\n","protected":false},"excerpt":{"rendered":"<p>Napriek nadpisu nie je tento \u010dl\u00e1nok ur\u010den\u00fd len mu\u017eom. Aj ke\u010f je to hlavne mu\u017esk\u00e1 \u010das\u0165 popul\u00e1cie, ktor\u00e1 zvy\u010dajne rob\u00ed [&hellip;]<\/p>\n","protected":false},"author":81,"featured_media":14362,"comment_status":"open","ping_status":"open","sticky":false,"template":"","format":"standard","meta":{"footnotes":""},"categories":[191],"tags":[115,1501,180,767,539,659,475],"global-categories":[],"class_list":["post-14359","post","type-post","status-publish","format-standard","has-post-thumbnail","hentry","category-odporucame","tag-cestna-cyklistika","tag-cyklistka","tag-horska-cyklistika","tag-motivacia","tag-pomoc","tag-zenska-cyklistika","tag-zeny"],"yoast_head":"<!-- This site is optimized with the Yoast SEO Premium plugin v25.3 (Yoast SEO v25.9) - https:\/\/yoast.com\/wordpress\/plugins\/seo\/ -->\n<title>10 vec\u00ed, ktor\u00e9 nehovorte o \u017eene cyklistke - We Love Cycling<\/title>\n<meta name=\"description\" content=\"Netvrd\u00edm, \u017ee zastupujem v\u0161etky \u017eeny. Nasleduj\u00face \u201esk\u00fasenosti\u201c s\u00fa moje vlastn\u00e9, ale mo\u017eno niektor\u00ed z v\u00e1s n\u00e1jdu so mnou spolo\u010dn\u00fa re\u010d.\" \/>\n<meta name=\"robots\" content=\"index, follow, max-snippet:-1, max-image-preview:large, max-video-preview:-1\" \/>\n<link rel=\"canonical\" href=\"https:\/\/www.welovecycling.com\/sk\/2022\/05\/13\/10-veci-ktore-nehovorte-o-zene-cyklistke\/\" \/>\n<meta property=\"og:locale\" content=\"sk_SK\" \/>\n<meta property=\"og:type\" content=\"article\" \/>\n<meta property=\"og:title\" content=\"10 vec\u00ed, ktor\u00e9 nehovorte o \u017eene cyklistke\" \/>\n<meta property=\"og:description\" content=\"Netvrd\u00edm, \u017ee zastupujem v\u0161etky \u017eeny. Nasleduj\u00face \u201esk\u00fasenosti\u201c s\u00fa moje vlastn\u00e9, ale mo\u017eno niektor\u00ed z v\u00e1s n\u00e1jdu so mnou spolo\u010dn\u00fa re\u010d.\" \/>\n<meta property=\"og:url\" content=\"https:\/\/www.welovecycling.com\/sk\/2022\/05\/13\/10-veci-ktore-nehovorte-o-zene-cyklistke\/\" \/>\n<meta property=\"og:site_name\" content=\"\u0160koda We Love Cycling Slovensko\" \/>\n<meta property=\"article:published_time\" content=\"2022-05-13T08:00:23+00:00\" \/>\n<meta property=\"og:image\" content=\"https:\/\/d2p6e6u75xmxt8.cloudfront.net\/4\/2022\/05\/Woman-cycling-city-profimedia-0655625991-CVR.webp\" \/>\n\t<meta property=\"og:image:width\" content=\"1366\" \/>\n\t<meta property=\"og:image:height\" content=\"600\" \/>\n\t<meta property=\"og:image:type\" content=\"image\/webp\" \/>\n<meta name=\"twitter:card\" content=\"summary_large_image\" \/>\n<meta name=\"twitter:label1\" content=\"Written by\" \/>\n\t<meta name=\"twitter:data1\" content=\"Megan Flottorp\" \/>\n\t<meta name=\"twitter:label2\" content=\"Est. reading time\" \/>\n\t<meta name=\"twitter:data2\" content=\"6\" \/>\n<script type=\"application\/ld+json\" class=\"yoast-schema-graph\">{\"@context\":\"https:\/\/schema.org\",\"@graph\":[{\"@type\":\"WebPage\",\"@id\":\"https:\/\/www.welovecycling.com\/sk\/2022\/05\/13\/10-veci-ktore-nehovorte-o-zene-cyklistke\/\",\"url\":\"https:\/\/www.welovecycling.com\/sk\/2022\/05\/13\/10-veci-ktore-nehovorte-o-zene-cyklistke\/\",\"name\":\"10 vec\u00ed, ktor\u00e9 nehovorte o \u017eene cyklistke - We Love Cycling\",\"isPartOf\":{\"@id\":\"https:\/\/www.welovecycling.com\/sk\/#website\"},\"primaryImageOfPage\":{\"@id\":\"https:\/\/www.welovecycling.com\/sk\/2022\/05\/13\/10-veci-ktore-nehovorte-o-zene-cyklistke\/#primaryimage\"},\"image\":{\"@id\":\"https:\/\/www.welovecycling.com\/sk\/2022\/05\/13\/10-veci-ktore-nehovorte-o-zene-cyklistke\/#primaryimage\"},\"thumbnailUrl\":\"https:\/\/d2p6e6u75xmxt8.cloudfront.net\/4\/2022\/05\/Woman-cycling-city-profimedia-0655625991-CVR.webp\",\"datePublished\":\"2022-05-13T08:00:23+00:00\",\"author\":{\"@id\":\"\"},\"description\":\"Netvrd\u00edm, \u017ee zastupujem v\u0161etky \u017eeny. Nasleduj\u00face \u201esk\u00fasenosti\u201c s\u00fa moje vlastn\u00e9, ale mo\u017eno niektor\u00ed z v\u00e1s n\u00e1jdu so mnou spolo\u010dn\u00fa re\u010d.\",\"breadcrumb\":{\"@id\":\"https:\/\/www.welovecycling.com\/sk\/2022\/05\/13\/10-veci-ktore-nehovorte-o-zene-cyklistke\/#breadcrumb\"},\"inLanguage\":\"sk-SK\",\"potentialAction\":[{\"@type\":\"ReadAction\",\"target\":[\"https:\/\/www.welovecycling.com\/sk\/2022\/05\/13\/10-veci-ktore-nehovorte-o-zene-cyklistke\/\"]}]},{\"@type\":\"ImageObject\",\"inLanguage\":\"sk-SK\",\"@id\":\"https:\/\/www.welovecycling.com\/sk\/2022\/05\/13\/10-veci-ktore-nehovorte-o-zene-cyklistke\/#primaryimage\",\"url\":\"https:\/\/d2p6e6u75xmxt8.cloudfront.net\/4\/2022\/05\/Woman-cycling-city-profimedia-0655625991-CVR.webp\",\"contentUrl\":\"https:\/\/d2p6e6u75xmxt8.cloudfront.net\/4\/2022\/05\/Woman-cycling-city-profimedia-0655625991-CVR.webp\",\"width\":1366,\"height\":600,\"caption\":\"Urban cycling\"},{\"@type\":\"BreadcrumbList\",\"@id\":\"https:\/\/www.welovecycling.com\/sk\/2022\/05\/13\/10-veci-ktore-nehovorte-o-zene-cyklistke\/#breadcrumb\",\"itemListElement\":[{\"@type\":\"ListItem\",\"position\":1,\"name\":\"Home\",\"item\":\"https:\/\/www.welovecycling.com\/sk\/\"},{\"@type\":\"ListItem\",\"position\":2,\"name\":\"10 vec\u00ed, ktor\u00e9 nehovorte o \u017eene cyklistke\"}]},{\"@type\":\"WebSite\",\"@id\":\"https:\/\/www.welovecycling.com\/sk\/#website\",\"url\":\"https:\/\/www.welovecycling.com\/sk\/\",\"name\":\"\u0160koda We Love Cycling Slovensko\",\"description\":\"\u0160koda We Love Cycling Slovensko je v\u00e1\u0161 ka\u017edodenn\u00fd zdroj noviniek a in\u0161pir\u00e1cie z sveta cyklistiky\",\"potentialAction\":[{\"@type\":\"SearchAction\",\"target\":{\"@type\":\"EntryPoint\",\"urlTemplate\":\"https:\/\/www.welovecycling.com\/sk\/?s={search_term_string}\"},\"query-input\":{\"@type\":\"PropertyValueSpecification\",\"valueRequired\":true,\"valueName\":\"search_term_string\"}}],\"inLanguage\":\"sk-SK\"},{\"@type\":\"Person\",\"@id\":\"\",\"url\":\"https:\/\/www.welovecycling.com\/sk\/author\/\"}]}<\/script>\n<!-- \/ Yoast SEO Premium plugin. -->","yoast_head_json":{"title":"10 vec\u00ed, ktor\u00e9 nehovorte o \u017eene cyklistke - We Love Cycling","description":"Netvrd\u00edm, \u017ee zastupujem v\u0161etky \u017eeny. Nasleduj\u00face \u201esk\u00fasenosti\u201c s\u00fa moje vlastn\u00e9, ale mo\u017eno niektor\u00ed z v\u00e1s n\u00e1jdu so mnou spolo\u010dn\u00fa re\u010d.","robots":{"index":"index","follow":"follow","max-snippet":"max-snippet:-1","max-image-preview":"max-image-preview:large","max-video-preview":"max-video-preview:-1"},"canonical":"https:\/\/www.welovecycling.com\/sk\/2022\/05\/13\/10-veci-ktore-nehovorte-o-zene-cyklistke\/","og_locale":"sk_SK","og_type":"article","og_title":"10 vec\u00ed, ktor\u00e9 nehovorte o \u017eene cyklistke","og_description":"Netvrd\u00edm, \u017ee zastupujem v\u0161etky \u017eeny. Nasleduj\u00face \u201esk\u00fasenosti\u201c s\u00fa moje vlastn\u00e9, ale mo\u017eno niektor\u00ed z v\u00e1s n\u00e1jdu so mnou spolo\u010dn\u00fa re\u010d.","og_url":"https:\/\/www.welovecycling.com\/sk\/2022\/05\/13\/10-veci-ktore-nehovorte-o-zene-cyklistke\/","og_site_name":"\u0160koda We Love Cycling Slovensko","article_published_time":"2022-05-13T08:00:23+00:00","og_image":[{"width":1366,"height":600,"url":"https:\/\/d2p6e6u75xmxt8.cloudfront.net\/4\/2022\/05\/Woman-cycling-city-profimedia-0655625991-CVR.webp","type":"image\/webp"}],"twitter_card":"summary_large_image","twitter_misc":{"Written by":"Megan Flottorp","Est. reading time":"6"},"schema":{"@context":"https:\/\/schema.org","@graph":[{"@type":"WebPage","@id":"https:\/\/www.welovecycling.com\/sk\/2022\/05\/13\/10-veci-ktore-nehovorte-o-zene-cyklistke\/","url":"https:\/\/www.welovecycling.com\/sk\/2022\/05\/13\/10-veci-ktore-nehovorte-o-zene-cyklistke\/","name":"10 vec\u00ed, ktor\u00e9 nehovorte o \u017eene cyklistke - We Love Cycling","isPartOf":{"@id":"https:\/\/www.welovecycling.com\/sk\/#website"},"primaryImageOfPage":{"@id":"https:\/\/www.welovecycling.com\/sk\/2022\/05\/13\/10-veci-ktore-nehovorte-o-zene-cyklistke\/#primaryimage"},"image":{"@id":"https:\/\/www.welovecycling.com\/sk\/2022\/05\/13\/10-veci-ktore-nehovorte-o-zene-cyklistke\/#primaryimage"},"thumbnailUrl":"https:\/\/d2p6e6u75xmxt8.cloudfront.net\/4\/2022\/05\/Woman-cycling-city-profimedia-0655625991-CVR.webp","datePublished":"2022-05-13T08:00:23+00:00","author":{"@id":""},"description":"Netvrd\u00edm, \u017ee zastupujem v\u0161etky \u017eeny. Nasleduj\u00face \u201esk\u00fasenosti\u201c s\u00fa moje vlastn\u00e9, ale mo\u017eno niektor\u00ed z v\u00e1s n\u00e1jdu so mnou spolo\u010dn\u00fa re\u010d.","breadcrumb":{"@id":"https:\/\/www.welovecycling.com\/sk\/2022\/05\/13\/10-veci-ktore-nehovorte-o-zene-cyklistke\/#breadcrumb"},"inLanguage":"sk-SK","potentialAction":[{"@type":"ReadAction","target":["https:\/\/www.welovecycling.com\/sk\/2022\/05\/13\/10-veci-ktore-nehovorte-o-zene-cyklistke\/"]}]},{"@type":"ImageObject","inLanguage":"sk-SK","@id":"https:\/\/www.welovecycling.com\/sk\/2022\/05\/13\/10-veci-ktore-nehovorte-o-zene-cyklistke\/#primaryimage","url":"https:\/\/d2p6e6u75xmxt8.cloudfront.net\/4\/2022\/05\/Woman-cycling-city-profimedia-0655625991-CVR.webp","contentUrl":"https:\/\/d2p6e6u75xmxt8.cloudfront.net\/4\/2022\/05\/Woman-cycling-city-profimedia-0655625991-CVR.webp","width":1366,"height":600,"caption":"Urban cycling"},{"@type":"BreadcrumbList","@id":"https:\/\/www.welovecycling.com\/sk\/2022\/05\/13\/10-veci-ktore-nehovorte-o-zene-cyklistke\/#breadcrumb","itemListElement":[{"@type":"ListItem","position":1,"name":"Home","item":"https:\/\/www.welovecycling.com\/sk\/"},{"@type":"ListItem","position":2,"name":"10 vec\u00ed, ktor\u00e9 nehovorte o \u017eene cyklistke"}]},{"@type":"WebSite","@id":"https:\/\/www.welovecycling.com\/sk\/#website","url":"https:\/\/www.welovecycling.com\/sk\/","name":"\u0160koda We Love Cycling Slovensko","description":"\u0160koda We Love Cycling Slovensko je v\u00e1\u0161 ka\u017edodenn\u00fd zdroj noviniek a in\u0161pir\u00e1cie z sveta cyklistiky","potentialAction":[{"@type":"SearchAction","target":{"@type":"EntryPoint","urlTemplate":"https:\/\/www.welovecycling.com\/sk\/?s={search_term_string}"},"query-input":{"@type":"PropertyValueSpecification","valueRequired":true,"valueName":"search_term_string"}}],"inLanguage":"sk-SK"},{"@type":"Person","@id":"","url":"https:\/\/www.welovecycling.com\/sk\/author\/"}]}},"_links":{"self":[{"href":"https:\/\/www.welovecycling.com\/sk\/wp-json\/wp\/v2\/posts\/14359","targetHints":{"allow":["GET"]}}],"collection":[{"href":"https:\/\/www.welovecycling.com\/sk\/wp-json\/wp\/v2\/posts"}],"about":[{"href":"https:\/\/www.welovecycling.com\/sk\/wp-json\/wp\/v2\/types\/post"}],"author":[{"embeddable":true,"href":"https:\/\/www.welovecycling.com\/sk\/wp-json\/wp\/v2\/users\/81"}],"replies":[{"embeddable":true,"href":"https:\/\/www.welovecycling.com\/sk\/wp-json\/wp\/v2\/comments?post=14359"}],"version-history":[{"count":2,"href":"https:\/\/www.welovecycling.com\/sk\/wp-json\/wp\/v2\/posts\/14359\/revisions"}],"predecessor-version":[{"id":14365,"href":"https:\/\/www.welovecycling.com\/sk\/wp-json\/wp\/v2\/posts\/14359\/revisions\/14365"}],"wp:featuredmedia":[{"embeddable":true,"href":"https:\/\/www.welovecycling.com\/sk\/wp-json\/wp\/v2\/media\/14362"}],"wp:attachment":[{"href":"https:\/\/www.welovecycling.com\/sk\/wp-json\/wp\/v2\/media?parent=14359"}],"wp:term":[{"taxonomy":"category","embeddable":true,"href":"https:\/\/www.welovecycling.com\/sk\/wp-json\/wp\/v2\/categories?post=14359"},{"taxonomy":"post_tag","embeddable":true,"href":"https:\/\/www.welovecycling.com\/sk\/wp-json\/wp\/v2\/tags?post=14359"},{"taxonomy":"global-categories","embeddable":true,"href":"https:\/\/www.welovecycling.com\/sk\/wp-json\/wp\/v2\/global-categories?post=14359"}],"curies":[{"name":"wp","href":"https:\/\/api.w.org\/{rel}","templated":true}]}}