{"id":14349,"date":"2022-05-09T10:00:37","date_gmt":"2022-05-09T08:00:37","guid":{"rendered":"https:\/\/www.welovecycling.com\/sk\/?p=14349"},"modified":"2022-05-06T09:58:00","modified_gmt":"2022-05-06T07:58:00","slug":"cyklisticke-dovolenky-do-zahranicia-pozicat-si-bicykel-alebo-priniest-vlastny","status":"publish","type":"post","link":"https:\/\/www.welovecycling.com\/sk\/2022\/05\/09\/cyklisticke-dovolenky-do-zahranicia-pozicat-si-bicykel-alebo-priniest-vlastny\/","title":{"rendered":"Cyklistick\u00e9 dovolenky do zahrani\u010dia: Po\u017ei\u010da\u0165 si bicykel alebo prinies\u0165 vlastn\u00fd?"},"content":{"rendered":"<p><strong>V\u00e4\u010d\u0161ina cyklistov si nevie predstavi\u0165 \u00eds\u0165 na cyklistick\u00fd v\u00fdlet bez vlastn\u00e9ho milovan\u00e9ho bicykla. Je toho ve\u013ea, o \u010do sa mus\u00edte postara\u0165, ak chcete pripravi\u0165 svoj bicykel na cestu, a v\u017edy je tu mo\u017enos\u0165 prenaja\u0165 si bicykel v mieste ur\u010denia. Oba pr\u00edstupy maj\u00fa svoje klady a z\u00e1pory \u2013 pozrime sa na to bli\u017e\u0161ie.<\/strong><!--more--><\/p>\n<h2><span style=\"font-weight: 400;\">V\u00fdhody a nev\u00fdhody bicykla z po\u017ei\u010dovne<\/span><\/h2>\n<p><span style=\"font-weight: 400;\">Str\u00e1vi\u0165 cyklistick\u00fd v\u00fdlet v zahrani\u010d\u00ed na cudzom bicykli nie je pr\u00e1ve l\u00e1kav\u00e9. Ale je toho ve\u013ea, \u010do by ste pr\u00e1ve t\u00fdm mohli z\u00edska\u0165. Zv\u00e1\u017ete nasleduj\u00face v\u00fdhody pren\u00e1jmu bicykla po\u010das va\u0161ej dovolenky do zahrani\u010dia.<\/span><\/p>\n<ul>\n<li style=\"font-weight: 400;\" aria-level=\"1\"><b>U\u013eah\u010duje v\u00e1m to \u017eivot<\/b><span style=\"font-weight: 400;\">. Sta\u010d\u00ed si ho zarezervova\u0165, dosta\u0165 sa do cie\u013ea a vyzdvihn\u00fa\u0165 bicykel, ktor\u00fd je pre v\u00e1s pripraven\u00fd. Niektor\u00e9 obchody dokonca doru\u010dia a vyzdvihn\u00fa bicykel, na ur\u010den\u00e9 miesto.<\/span><\/li>\n<li style=\"font-weight: 400;\" aria-level=\"1\"><b>Dostanete dobre nastaven\u00fd bicykel<\/b><span style=\"font-weight: 400;\">. Po\u017ei\u010danie bicykla rie\u0161i v\u0161etky starosti s \u00fadr\u017ebou bicykla. Netreba prem\u00fd\u0161\u013ea\u0165, kedy ste naposledy menili d\u00f4le\u017eit\u00e9 diely.<\/span><\/li>\n<li style=\"font-weight: 400;\" aria-level=\"1\"><b>\u017diadne obavy z po\u0161kodenia alebo straty bicykla<\/b><span style=\"font-weight: 400;\">. Po\u0161kodenie po\u010das prepravy m\u00f4\u017ee by\u0165 skuto\u010dn\u00fdm probl\u00e9mom. Okrem toho, ke\u010f posielate bicykel do z\u00e1moria, existuje riziko, \u017ee by mohol uviaznu\u0165 na colnici, najm\u00e4 ak ho poist\u00edte na vysok\u00fa hodnotu.<\/span><\/li>\n<li style=\"font-weight: 400;\" aria-level=\"1\"><b>Testovanie nov\u00e9ho bicykla<\/b><span style=\"font-weight: 400;\">. Ak s\u00fa vo va\u0161ej destin\u00e1cii dobr\u00e9 mo\u017enosti pren\u00e1jmu, m\u00f4\u017eete to pova\u017eova\u0165 aj za roz\u0161\u00edren\u00fa testovaciu jazdu bicykla, o ktorom ste uva\u017eovali.<\/span><\/li>\n<li style=\"font-weight: 400;\" aria-level=\"1\"><b>Mohlo by v\u00e1m to u\u0161etri\u0165 peniaze<\/b><span style=\"font-weight: 400;\">. Ak va\u0161a cesta trv\u00e1 menej ako t\u00fd\u017ede\u0148, ste spokojn\u00ed s modelom strednej triedy a popri d\u0148och na bicykli absolvujete aj prehliadku mesta, je pravdepodobn\u00e9, \u017ee pren\u00e1jom bude lacnej\u0161\u00ed.<\/span><\/li>\n<\/ul>\n<p><span style=\"font-weight: 400;\">Ak sa v\u00e1m to zd\u00e1 atrakt\u00edvne a chcete \u010do najmenej probl\u00e9mov, pren\u00e1jom je skvel\u00e1 vo\u013eba. Mus\u00edte len myslie\u0165 na vhodnos\u0165 bicykla a faktor pohodlia. Po\u017ei\u010danie bicykla nemus\u00ed by\u0165 pre v\u00e1s \u00faplne vhodn\u00e1 alternat\u00edva, aj ke\u010f bude napr\u00edklad ve\u013ekos\u0165 r\u00e1mu spr\u00e1vna. Zv\u00e1\u017ete prinesenie vlastn\u00e9ho sedla na bicykel aj ped\u00e1lov. A hne\u010f v prv\u00fd de\u0148 si n\u00e1jdite \u010das na nastavenie po\u017ei\u010dan\u00e9ho bicykla.<\/span><\/p>\n<h2><span style=\"font-weight: 400;\">V\u00fdhody a nev\u00fdhody vlastn\u00e9ho bicykla<\/span><\/h2>\n<p><span style=\"font-weight: 400;\">V\u00e4\u010d\u0161ina cyklistov nepotrebuje presvied\u010da\u0165 o fakte, aby si priniesli vlastn\u00fd bicykel. Je v\u0161ak dobr\u00e9 vedie\u0165, \u017ee v skuto\u010dnosti existuje nieko\u013eko ve\u013emi dobr\u00fdch d\u00f4vodov, pre\u010do cestova\u0165 s vlastn\u00fdm bicyklom, okrem toho, \u017ee je to va\u0161a najob\u013e\u00fabenej\u0161ia vec na svete.<\/span><\/p>\n<ul>\n<li style=\"font-weight: 400;\" aria-level=\"1\"><b>V\u00e1\u0161 bicykel v\u00e1m sed\u00ed a je pohodln\u00fd<\/b><span style=\"font-weight: 400;\">. Toto je d\u00f4le\u017eit\u00fd bod pre v\u0161etk\u00fdch, ktor\u00ed s\u00fa s\u00fastreden\u00ed na v\u00fdkon a chc\u00fa pri cestovan\u00ed ka\u017ed\u00fd de\u0148 ve\u013ea jazdi\u0165. Pohodlie na bicykli je \u017eivotne d\u00f4le\u017eit\u00e9 pre maxim\u00e1lny p\u00f4\u017eitok a vy\u0165a\u017eenie maxima z v\u00e1\u0161ho v\u00fdletu na bicykli.<\/span><\/li>\n<li style=\"font-weight: 400;\" aria-level=\"1\"><b>M\u00e1te istotu pri ovl\u00e1dan\u00ed svojho bicykla<\/b><span style=\"font-weight: 400;\">. To je d\u00f4le\u017eit\u00e9 pre ka\u017ed\u00e9ho, kto si rezervuje n\u00e1ro\u010dn\u00e9 cyklistick\u00e9 dovolenky do zahrani\u010dia na bicykli. Pocit \u00faplnej istoty v zjazdoch a v \u00fazkych z\u00e1krut\u00e1ch nie je nie\u010do, \u010do nem\u00f4\u017eete \u013eahko z\u00edska\u0165 na bicykli z po\u017ei\u010dovne.<\/span><\/li>\n<li style=\"font-weight: 400;\" aria-level=\"1\"><b>M\u00f4\u017ee v\u00e1m to u\u0161etri\u0165 peniaze<\/b><span style=\"font-weight: 400;\">. Ak si neviete predstavi\u0165 jazdu na ni\u010dom inom ako na \u0161pi\u010dkov\u00fdch modeloch s karb\u00f3nov\u00fdm r\u00e1mom, potom si m\u00f4\u017eete by\u0165 ist\u00ed, \u017ee pren\u00e1jom bude st\u00e1\u0165 ove\u013ea viac ako n\u00e1klady na dopravu vlastn\u00e9ho bicykla. Okrem toho, ak pl\u00e1nujete dlh\u0161\u00ed v\u00fdlet, n\u00e1klady na pren\u00e1jom bud\u00fa ove\u013ea drah\u0161ie.<\/span><\/li>\n<\/ul>\n<p><span style=\"font-weight: 400;\">Ak s\u00fa pre v\u00e1s tieto body d\u00f4le\u017eit\u00e9, tak pre v\u00e1s neexistuje in\u00e1 mo\u017enos\u0165, ako si prinies\u0165 vlastn\u00fd bicykel a mali by ste myslie\u0165 e\u0161te na tento jeden d\u00f4le\u017eit\u00fd fakt. Pri preprave budete musie\u0165 chr\u00e1ni\u0165 svoj bicykel. Bicyklov\u00e9 boxy a ta\u0161ky m\u00f4\u017eu by\u0165 drah\u00e9 a zaberaj\u00fa doma miesto. Tie\u017e je potrebn\u00e9 pam\u00e4ta\u0165 na prepravu bicykla v ta\u0161ke na letisko a z letiska. P\u00e1r tipov na prepravu bicykla letecky si prejdeme v \u010fal\u0161om \u010dl\u00e1nku.<\/span><\/p>\n<div class=\"shortcode-ys-post-pinup\"><article class=\"loop-simple post-13628 post type-post status-publish format-standard has-post-thumbnail hentry category-odporucame tag-afrika tag-cyklista tag-holandsko tag-kava tag-londyn tag-oddych tag-odporucame tag-taliansko\" data-postid=\"13628\" role=\"article\" data-post-id=\"13628\" data-word-count=\"560\" data-headline-length=\"50\" data-category=\"Odpor\u00fa\u010dame\" data-author=\"Siegfried Mortkowitz\" data-published=\"2022-01-14T10:00:37+01:00\" data-published-day=\"Friday\">\n    <div class=\"entry-thumbnail article-thumbnail\" content=\"https:\/\/d2p6e6u75xmxt8.cloudfront.net\/4\/2022\/01\/Bike-cafe-profimedia-0536228927-CVR-150x150.webp\"><a href=\"https:\/\/www.welovecycling.com\/sk\/2022\/01\/14\/cyklisticke-kaviarne-ktore-musite-navstivit\/\" class=\"image-holder\" target=\"_self\"><img decoding=\"async\" loading=\"lazy\" class=\"\" src=\"https:\/\/d2p6e6u75xmxt8.cloudfront.net\/4\/2022\/01\/Bike-cafe-profimedia-0536228927-CVR-1024x450.webp\" srcset=\"https:\/\/d2p6e6u75xmxt8.cloudfront.net\/4\/2022\/01\/Bike-cafe-profimedia-0536228927-CVR.webp 1366w, https:\/\/d2p6e6u75xmxt8.cloudfront.net\/4\/2022\/01\/Bike-cafe-profimedia-0536228927-CVR-300x132.webp 300w, https:\/\/d2p6e6u75xmxt8.cloudfront.net\/4\/2022\/01\/Bike-cafe-profimedia-0536228927-CVR-1024x450.webp 1024w, https:\/\/d2p6e6u75xmxt8.cloudfront.net\/4\/2022\/01\/Bike-cafe-profimedia-0536228927-CVR-768x337.webp 768w\" width=\"1024\" height=\"450\" sizes=\"auto, (min-width: 1200px) 456px, (min-width: 768px) 38vw, 100vw\" alt=\"cyklisticke-kaviarne-ktore-musite-navstivit\"\/><\/a><\/div>    <div class=\"entry-meta\">\n        <a class=\"label label-secondary post-category\" href=\"https:\/\/www.welovecycling.com\/sk\/category\/odporucame\/\" title=\"Odpor\u00fa\u010dame\">Odpor\u00fa\u010dame<\/a>\n    <\/div>\n    <div class=\"entry-details\">\n        <a href=\"https:\/\/www.welovecycling.com\/sk\/2022\/01\/14\/cyklisticke-kaviarne-ktore-musite-navstivit\/\" class='entry-title-wrapper'>\n            <h3 class=\"entry-title\"><span>Cyklistick\u00e9 kaviarne, ktor\u00e9 mus\u00edte nav\u0161t\u00edvi\u0165<\/span><\/h3>\n        <\/a>\n    <\/div>\n    <\/article>\n<\/div>\n<h2><span style=\"font-weight: 400;\">Ktor\u00e1 vo\u013eba je pre v\u00e1s t\u00e1 prav\u00e1?<\/span><\/h2>\n<p><span style=\"font-weight: 400;\">Ak je va\u0161a <a href=\"https:\/\/www.welovecycling.com\/sk\/2022\/05\/02\/tip-na-vylet-nahananie-vyskovych-metrov-a-slnecnych-lucov-na-makarskej\/\" rel=\"noopener\" target=\"_blank\">cyklistick\u00e1 dovolenka<\/a> v podstate tr\u00e9ningov\u00fd pobyt, pravdepodobne by ste si mali prinies\u0165 vlastn\u00fd bicykel. Ak n\u00e1klady a probl\u00e9my spojen\u00e9 s prepravou bicykla vych\u00e1dzaj\u00fa lacnej\u0161ie ako po\u017ei\u010danie v mieste ur\u010denia, vo\u013eba je jasn\u00e1 \u2013 prinies\u0165 si vlastn\u00fd bicykel. Na druhej strane, ak je pren\u00e1jom lacnej\u0161\u00ed a v\u00fdhodnej\u0161\u00ed pre to, \u010do pl\u00e1nujete na dovolenke stihn\u00fa\u0165, pravdepodobne bude lep\u0161ie si ho prenaja\u0165. Va\u0161e cyklistick\u00e9 dovolenky do zahrani\u010dia by mali by\u0165 o pohodl\u00ed, tak\u017ee ak v\u00e1m jazda na inom bicykli znie dobre, nechajte niekoho in\u00e9ho, \u200b\u200bnech sa postar\u00e1 o zvy\u0161ok.<\/span><\/p>\n","protected":false},"excerpt":{"rendered":"<p>V\u00e4\u010d\u0161ina cyklistov si nevie predstavi\u0165 \u00eds\u0165 na cyklistick\u00fd v\u00fdlet bez vlastn\u00e9ho milovan\u00e9ho bicykla. Je toho ve\u013ea, o \u010do sa mus\u00edte [&hellip;]<\/p>\n","protected":false},"author":81,"featured_media":14350,"comment_status":"open","ping_status":"open","sticky":false,"template":"","format":"standard","meta":{"footnotes":""},"categories":[4],"tags":[619,394,1500,973,972,508],"global-categories":[],"class_list":["post-14349","post","type-post","status-publish","format-standard","has-post-thumbnail","hentry","category-cestna-cyklisitika","tag-bicyklovanie","tag-cestovanie-s-bicyklom","tag-cyklodovolenka","tag-cyklopozicovna","tag-pozicovna","tag-vylet"],"yoast_head":"<!-- This site is optimized with the Yoast SEO Premium plugin v25.3 (Yoast SEO v25.9) - https:\/\/yoast.com\/wordpress\/plugins\/seo\/ -->\n<title>Cyklistick\u00e9 dovolenky do zahrani\u010dia: Po\u017ei\u010da\u0165 si bicykel alebo prinies\u0165 vlastn\u00fd? - \u0160koda We Love Cycling Slovensko<\/title>\n<meta name=\"description\" content=\"V\u00e4\u010d\u0161ina cyklistov si nevie predstavi\u0165 \u00eds\u0165 na cyklistick\u00fa dovolenku bez vlastn\u00e9ho bicykla. Je tu mo\u017enos\u0165 prenaja\u0165 si bicykel v mieste ur\u010denia.\" \/>\n<meta name=\"robots\" content=\"index, follow, max-snippet:-1, max-image-preview:large, max-video-preview:-1\" \/>\n<link rel=\"canonical\" href=\"https:\/\/www.welovecycling.com\/sk\/2022\/05\/09\/cyklisticke-dovolenky-do-zahranicia-pozicat-si-bicykel-alebo-priniest-vlastny\/\" \/>\n<meta property=\"og:locale\" content=\"sk_SK\" \/>\n<meta property=\"og:type\" content=\"article\" \/>\n<meta property=\"og:title\" content=\"Cyklistick\u00e9 dovolenky do zahrani\u010dia: Po\u017ei\u010da\u0165 si bicykel alebo prinies\u0165 vlastn\u00fd?\" \/>\n<meta property=\"og:description\" content=\"V\u00e4\u010d\u0161ina cyklistov si nevie predstavi\u0165 \u00eds\u0165 na cyklistick\u00fa dovolenku bez vlastn\u00e9ho bicykla. Je tu mo\u017enos\u0165 prenaja\u0165 si bicykel v mieste ur\u010denia.\" \/>\n<meta property=\"og:url\" content=\"https:\/\/www.welovecycling.com\/sk\/2022\/05\/09\/cyklisticke-dovolenky-do-zahranicia-pozicat-si-bicykel-alebo-priniest-vlastny\/\" \/>\n<meta property=\"og:site_name\" content=\"\u0160koda We Love Cycling Slovensko\" \/>\n<meta property=\"article:published_time\" content=\"2022-05-09T08:00:37+00:00\" \/>\n<meta property=\"og:image\" content=\"https:\/\/d2p6e6u75xmxt8.cloudfront.net\/4\/2022\/05\/qq-1.webp\" \/>\n\t<meta property=\"og:image:width\" content=\"1366\" \/>\n\t<meta property=\"og:image:height\" content=\"600\" \/>\n\t<meta property=\"og:image:type\" content=\"image\/webp\" \/>\n<meta name=\"twitter:card\" content=\"summary_large_image\" \/>\n<meta name=\"twitter:label1\" content=\"Written by\" \/>\n\t<meta name=\"twitter:data1\" content=\"Siegfried Mortkowitz\" \/>\n\t<meta name=\"twitter:label2\" content=\"Est. reading time\" \/>\n\t<meta name=\"twitter:data2\" content=\"6\" \/>\n<script type=\"application\/ld+json\" class=\"yoast-schema-graph\">{\"@context\":\"https:\/\/schema.org\",\"@graph\":[{\"@type\":\"WebPage\",\"@id\":\"https:\/\/www.welovecycling.com\/sk\/2022\/05\/09\/cyklisticke-dovolenky-do-zahranicia-pozicat-si-bicykel-alebo-priniest-vlastny\/\",\"url\":\"https:\/\/www.welovecycling.com\/sk\/2022\/05\/09\/cyklisticke-dovolenky-do-zahranicia-pozicat-si-bicykel-alebo-priniest-vlastny\/\",\"name\":\"Cyklistick\u00e9 dovolenky do zahrani\u010dia: Po\u017ei\u010da\u0165 si bicykel alebo prinies\u0165 vlastn\u00fd? - \u0160koda We Love Cycling Slovensko\",\"isPartOf\":{\"@id\":\"https:\/\/www.welovecycling.com\/sk\/#website\"},\"primaryImageOfPage\":{\"@id\":\"https:\/\/www.welovecycling.com\/sk\/2022\/05\/09\/cyklisticke-dovolenky-do-zahranicia-pozicat-si-bicykel-alebo-priniest-vlastny\/#primaryimage\"},\"image\":{\"@id\":\"https:\/\/www.welovecycling.com\/sk\/2022\/05\/09\/cyklisticke-dovolenky-do-zahranicia-pozicat-si-bicykel-alebo-priniest-vlastny\/#primaryimage\"},\"thumbnailUrl\":\"https:\/\/d2p6e6u75xmxt8.cloudfront.net\/4\/2022\/05\/qq-1.webp\",\"datePublished\":\"2022-05-09T08:00:37+00:00\",\"author\":{\"@id\":\"\"},\"description\":\"V\u00e4\u010d\u0161ina cyklistov si nevie predstavi\u0165 \u00eds\u0165 na cyklistick\u00fa dovolenku bez vlastn\u00e9ho bicykla. Je tu mo\u017enos\u0165 prenaja\u0165 si bicykel v mieste ur\u010denia.\",\"breadcrumb\":{\"@id\":\"https:\/\/www.welovecycling.com\/sk\/2022\/05\/09\/cyklisticke-dovolenky-do-zahranicia-pozicat-si-bicykel-alebo-priniest-vlastny\/#breadcrumb\"},\"inLanguage\":\"sk-SK\",\"potentialAction\":[{\"@type\":\"ReadAction\",\"target\":[\"https:\/\/www.welovecycling.com\/sk\/2022\/05\/09\/cyklisticke-dovolenky-do-zahranicia-pozicat-si-bicykel-alebo-priniest-vlastny\/\"]}]},{\"@type\":\"ImageObject\",\"inLanguage\":\"sk-SK\",\"@id\":\"https:\/\/www.welovecycling.com\/sk\/2022\/05\/09\/cyklisticke-dovolenky-do-zahranicia-pozicat-si-bicykel-alebo-priniest-vlastny\/#primaryimage\",\"url\":\"https:\/\/d2p6e6u75xmxt8.cloudfront.net\/4\/2022\/05\/qq-1.webp\",\"contentUrl\":\"https:\/\/d2p6e6u75xmxt8.cloudfront.net\/4\/2022\/05\/qq-1.webp\",\"width\":1366,\"height\":600},{\"@type\":\"BreadcrumbList\",\"@id\":\"https:\/\/www.welovecycling.com\/sk\/2022\/05\/09\/cyklisticke-dovolenky-do-zahranicia-pozicat-si-bicykel-alebo-priniest-vlastny\/#breadcrumb\",\"itemListElement\":[{\"@type\":\"ListItem\",\"position\":1,\"name\":\"Home\",\"item\":\"https:\/\/www.welovecycling.com\/sk\/\"},{\"@type\":\"ListItem\",\"position\":2,\"name\":\"Cyklistick\u00e9 dovolenky do zahrani\u010dia: Po\u017ei\u010da\u0165 si bicykel alebo prinies\u0165 vlastn\u00fd?\"}]},{\"@type\":\"WebSite\",\"@id\":\"https:\/\/www.welovecycling.com\/sk\/#website\",\"url\":\"https:\/\/www.welovecycling.com\/sk\/\",\"name\":\"\u0160koda We Love Cycling Slovensko\",\"description\":\"\u0160koda We Love Cycling Slovensko je v\u00e1\u0161 ka\u017edodenn\u00fd zdroj noviniek a in\u0161pir\u00e1cie z sveta cyklistiky\",\"potentialAction\":[{\"@type\":\"SearchAction\",\"target\":{\"@type\":\"EntryPoint\",\"urlTemplate\":\"https:\/\/www.welovecycling.com\/sk\/?s={search_term_string}\"},\"query-input\":{\"@type\":\"PropertyValueSpecification\",\"valueRequired\":true,\"valueName\":\"search_term_string\"}}],\"inLanguage\":\"sk-SK\"},{\"@type\":\"Person\",\"@id\":\"\",\"url\":\"https:\/\/www.welovecycling.com\/sk\/author\/\"}]}<\/script>\n<!-- \/ Yoast SEO Premium plugin. -->","yoast_head_json":{"title":"Cyklistick\u00e9 dovolenky do zahrani\u010dia: Po\u017ei\u010da\u0165 si bicykel alebo prinies\u0165 vlastn\u00fd? - \u0160koda We Love Cycling Slovensko","description":"V\u00e4\u010d\u0161ina cyklistov si nevie predstavi\u0165 \u00eds\u0165 na cyklistick\u00fa dovolenku bez vlastn\u00e9ho bicykla. Je tu mo\u017enos\u0165 prenaja\u0165 si bicykel v mieste ur\u010denia.","robots":{"index":"index","follow":"follow","max-snippet":"max-snippet:-1","max-image-preview":"max-image-preview:large","max-video-preview":"max-video-preview:-1"},"canonical":"https:\/\/www.welovecycling.com\/sk\/2022\/05\/09\/cyklisticke-dovolenky-do-zahranicia-pozicat-si-bicykel-alebo-priniest-vlastny\/","og_locale":"sk_SK","og_type":"article","og_title":"Cyklistick\u00e9 dovolenky do zahrani\u010dia: Po\u017ei\u010da\u0165 si bicykel alebo prinies\u0165 vlastn\u00fd?","og_description":"V\u00e4\u010d\u0161ina cyklistov si nevie predstavi\u0165 \u00eds\u0165 na cyklistick\u00fa dovolenku bez vlastn\u00e9ho bicykla. Je tu mo\u017enos\u0165 prenaja\u0165 si bicykel v mieste ur\u010denia.","og_url":"https:\/\/www.welovecycling.com\/sk\/2022\/05\/09\/cyklisticke-dovolenky-do-zahranicia-pozicat-si-bicykel-alebo-priniest-vlastny\/","og_site_name":"\u0160koda We Love Cycling Slovensko","article_published_time":"2022-05-09T08:00:37+00:00","og_image":[{"width":1366,"height":600,"url":"https:\/\/d2p6e6u75xmxt8.cloudfront.net\/4\/2022\/05\/qq-1.webp","type":"image\/webp"}],"twitter_card":"summary_large_image","twitter_misc":{"Written by":"Siegfried Mortkowitz","Est. reading time":"6"},"schema":{"@context":"https:\/\/schema.org","@graph":[{"@type":"WebPage","@id":"https:\/\/www.welovecycling.com\/sk\/2022\/05\/09\/cyklisticke-dovolenky-do-zahranicia-pozicat-si-bicykel-alebo-priniest-vlastny\/","url":"https:\/\/www.welovecycling.com\/sk\/2022\/05\/09\/cyklisticke-dovolenky-do-zahranicia-pozicat-si-bicykel-alebo-priniest-vlastny\/","name":"Cyklistick\u00e9 dovolenky do zahrani\u010dia: Po\u017ei\u010da\u0165 si bicykel alebo prinies\u0165 vlastn\u00fd? - \u0160koda We Love Cycling Slovensko","isPartOf":{"@id":"https:\/\/www.welovecycling.com\/sk\/#website"},"primaryImageOfPage":{"@id":"https:\/\/www.welovecycling.com\/sk\/2022\/05\/09\/cyklisticke-dovolenky-do-zahranicia-pozicat-si-bicykel-alebo-priniest-vlastny\/#primaryimage"},"image":{"@id":"https:\/\/www.welovecycling.com\/sk\/2022\/05\/09\/cyklisticke-dovolenky-do-zahranicia-pozicat-si-bicykel-alebo-priniest-vlastny\/#primaryimage"},"thumbnailUrl":"https:\/\/d2p6e6u75xmxt8.cloudfront.net\/4\/2022\/05\/qq-1.webp","datePublished":"2022-05-09T08:00:37+00:00","author":{"@id":""},"description":"V\u00e4\u010d\u0161ina cyklistov si nevie predstavi\u0165 \u00eds\u0165 na cyklistick\u00fa dovolenku bez vlastn\u00e9ho bicykla. Je tu mo\u017enos\u0165 prenaja\u0165 si bicykel v mieste ur\u010denia.","breadcrumb":{"@id":"https:\/\/www.welovecycling.com\/sk\/2022\/05\/09\/cyklisticke-dovolenky-do-zahranicia-pozicat-si-bicykel-alebo-priniest-vlastny\/#breadcrumb"},"inLanguage":"sk-SK","potentialAction":[{"@type":"ReadAction","target":["https:\/\/www.welovecycling.com\/sk\/2022\/05\/09\/cyklisticke-dovolenky-do-zahranicia-pozicat-si-bicykel-alebo-priniest-vlastny\/"]}]},{"@type":"ImageObject","inLanguage":"sk-SK","@id":"https:\/\/www.welovecycling.com\/sk\/2022\/05\/09\/cyklisticke-dovolenky-do-zahranicia-pozicat-si-bicykel-alebo-priniest-vlastny\/#primaryimage","url":"https:\/\/d2p6e6u75xmxt8.cloudfront.net\/4\/2022\/05\/qq-1.webp","contentUrl":"https:\/\/d2p6e6u75xmxt8.cloudfront.net\/4\/2022\/05\/qq-1.webp","width":1366,"height":600},{"@type":"BreadcrumbList","@id":"https:\/\/www.welovecycling.com\/sk\/2022\/05\/09\/cyklisticke-dovolenky-do-zahranicia-pozicat-si-bicykel-alebo-priniest-vlastny\/#breadcrumb","itemListElement":[{"@type":"ListItem","position":1,"name":"Home","item":"https:\/\/www.welovecycling.com\/sk\/"},{"@type":"ListItem","position":2,"name":"Cyklistick\u00e9 dovolenky do zahrani\u010dia: Po\u017ei\u010da\u0165 si bicykel alebo prinies\u0165 vlastn\u00fd?"}]},{"@type":"WebSite","@id":"https:\/\/www.welovecycling.com\/sk\/#website","url":"https:\/\/www.welovecycling.com\/sk\/","name":"\u0160koda We Love Cycling Slovensko","description":"\u0160koda We Love Cycling Slovensko je v\u00e1\u0161 ka\u017edodenn\u00fd zdroj noviniek a in\u0161pir\u00e1cie z sveta cyklistiky","potentialAction":[{"@type":"SearchAction","target":{"@type":"EntryPoint","urlTemplate":"https:\/\/www.welovecycling.com\/sk\/?s={search_term_string}"},"query-input":{"@type":"PropertyValueSpecification","valueRequired":true,"valueName":"search_term_string"}}],"inLanguage":"sk-SK"},{"@type":"Person","@id":"","url":"https:\/\/www.welovecycling.com\/sk\/author\/"}]}},"_links":{"self":[{"href":"https:\/\/www.welovecycling.com\/sk\/wp-json\/wp\/v2\/posts\/14349","targetHints":{"allow":["GET"]}}],"collection":[{"href":"https:\/\/www.welovecycling.com\/sk\/wp-json\/wp\/v2\/posts"}],"about":[{"href":"https:\/\/www.welovecycling.com\/sk\/wp-json\/wp\/v2\/types\/post"}],"author":[{"embeddable":true,"href":"https:\/\/www.welovecycling.com\/sk\/wp-json\/wp\/v2\/users\/81"}],"replies":[{"embeddable":true,"href":"https:\/\/www.welovecycling.com\/sk\/wp-json\/wp\/v2\/comments?post=14349"}],"version-history":[{"count":2,"href":"https:\/\/www.welovecycling.com\/sk\/wp-json\/wp\/v2\/posts\/14349\/revisions"}],"predecessor-version":[{"id":14366,"href":"https:\/\/www.welovecycling.com\/sk\/wp-json\/wp\/v2\/posts\/14349\/revisions\/14366"}],"wp:featuredmedia":[{"embeddable":true,"href":"https:\/\/www.welovecycling.com\/sk\/wp-json\/wp\/v2\/media\/14350"}],"wp:attachment":[{"href":"https:\/\/www.welovecycling.com\/sk\/wp-json\/wp\/v2\/media?parent=14349"}],"wp:term":[{"taxonomy":"category","embeddable":true,"href":"https:\/\/www.welovecycling.com\/sk\/wp-json\/wp\/v2\/categories?post=14349"},{"taxonomy":"post_tag","embeddable":true,"href":"https:\/\/www.welovecycling.com\/sk\/wp-json\/wp\/v2\/tags?post=14349"},{"taxonomy":"global-categories","embeddable":true,"href":"https:\/\/www.welovecycling.com\/sk\/wp-json\/wp\/v2\/global-categories?post=14349"}],"curies":[{"name":"wp","href":"https:\/\/api.w.org\/{rel}","templated":true}]}}