{"id":14310,"date":"2022-05-04T10:00:57","date_gmt":"2022-05-04T08:00:57","guid":{"rendered":"https:\/\/www.welovecycling.com\/sk\/?p=14310"},"modified":"2022-05-04T10:13:01","modified_gmt":"2022-05-04T08:13:01","slug":"majovy-prehlad-slovenskych-maratonov","status":"publish","type":"post","link":"https:\/\/www.welovecycling.com\/sk\/2022\/05\/04\/majovy-prehlad-slovenskych-maratonov\/","title":{"rendered":"M\u00e1jov\u00fd preh\u013ead slovensk\u00fdch marat\u00f3nov"},"content":{"rendered":"<p><strong>Cyklistick\u00e1 sez\u00f3na pln\u00e1 marat\u00f3nov je tu a my v\u00e1m pon\u00fakame n\u00e1\u0161 top v\u00fdber tohto mesa\u010dn\u00fdch pretekov.\u00a0<\/strong><\/p>\n<h2><strong>07. 05. 2022 &#8211; Detsk\u00e1 tour Petra Sagana \u2013 Martin<\/strong><\/h2>\n<p>M\u00e1me za sebou \u00faspe\u0161n\u00e9 prv\u00e9 kolo a organiz\u00e1tori u\u017e pripravuj\u00fa trate v Martine. S\u00fa\u0165a\u017e tu bud<\/p>\n<hr \/>\n<p>e prebieha\u0165 na letisku a jazdi\u0165 sa bude na tr\u00e1vnatom povrchu. <strong>Za\u010diatok je napl\u00e1novan\u00fd na 10:30 a na svoje si pr\u00eddu v\u0161etky vekov\u00e9 kateg\u00f3rie.<\/strong><\/p>\n<ul>\n<li>Baby 2018 a viac<\/li>\n<li>Mikro 2016 \u2013 2017<\/li>\n<li>Mili 2014 \u2013 2015<\/li>\n<li>Mini 2012 \u2013 2013<\/li>\n<li>Mlad\u0161\u00ed \u017diaci-\u010dky 2010 \u2013 2011<\/li>\n<li>Star\u0161\u00ed \u017diaci-\u010dky 2008 \u2013 2009<\/li>\n<\/ul>\n<div id='gallery-1' class='gallery galleryid-14310 gallery-columns-2 gallery-size-full'><figure class='gallery-item'>\n\t\t\t<div class='gallery-icon landscape'>\n\t\t\t\t<a href='https:\/\/d2p6e6u75xmxt8.cloudfront.net\/4\/2022\/04\/DTPS_01-1.webp'><img loading=\"lazy\" decoding=\"async\" width=\"1200\" height=\"800\" src=\"https:\/\/d2p6e6u75xmxt8.cloudfront.net\/4\/2022\/04\/DTPS_01-1.webp\" class=\"attachment-full size-full\" alt=\"\" srcset=\"https:\/\/d2p6e6u75xmxt8.cloudfront.net\/4\/2022\/04\/DTPS_01-1.webp 1200w, https:\/\/d2p6e6u75xmxt8.cloudfront.net\/4\/2022\/04\/DTPS_01-1-300x200.webp 300w, https:\/\/d2p6e6u75xmxt8.cloudfront.net\/4\/2022\/04\/DTPS_01-1-1024x683.webp 1024w, https:\/\/d2p6e6u75xmxt8.cloudfront.net\/4\/2022\/04\/DTPS_01-1-768x512.webp 768w, https:\/\/d2p6e6u75xmxt8.cloudfront.net\/4\/2022\/04\/DTPS_01-1-272x182.webp 272w\" sizes=\"auto, (max-width: 1200px) 100vw, 1200px\" \/><\/a>\n\t\t\t<\/div><\/figure><figure class='gallery-item'>\n\t\t\t<div class='gallery-icon landscape'>\n\t\t\t\t<a href='https:\/\/d2p6e6u75xmxt8.cloudfront.net\/4\/2022\/04\/DTPS_02-1.webp'><img loading=\"lazy\" decoding=\"async\" width=\"1200\" height=\"800\" src=\"https:\/\/d2p6e6u75xmxt8.cloudfront.net\/4\/2022\/04\/DTPS_02-1.webp\" class=\"attachment-full size-full\" alt=\"\" srcset=\"https:\/\/d2p6e6u75xmxt8.cloudfront.net\/4\/2022\/04\/DTPS_02-1.webp 1200w, https:\/\/d2p6e6u75xmxt8.cloudfront.net\/4\/2022\/04\/DTPS_02-1-300x200.webp 300w, https:\/\/d2p6e6u75xmxt8.cloudfront.net\/4\/2022\/04\/DTPS_02-1-1024x683.webp 1024w, https:\/\/d2p6e6u75xmxt8.cloudfront.net\/4\/2022\/04\/DTPS_02-1-768x512.webp 768w, https:\/\/d2p6e6u75xmxt8.cloudfront.net\/4\/2022\/04\/DTPS_02-1-272x182.webp 272w\" sizes=\"auto, (max-width: 1200px) 100vw, 1200px\" \/><\/a>\n\t\t\t<\/div><\/figure>\n\t\t<\/div>\n\n<p>Pozrite si video z 1. kola, ktor\u00e9 sa konalo v prekr\u00e1snom anglickom parku pri ka\u0161tieli v Budmericiach. Za\u010diatok sez\u00f3ny ako sa patr\u00ed a video v\u00e1m aspo\u0148 \u010diasto\u010dne pribl\u00ed\u017ei atmosf\u00e9ru, ak\u00fa na t\u00fdchto pretekoch m\u00f4\u017eete za\u017ei\u0165.<\/p>\n<lite-youtube videoid=C04S4qLNP9M params=\"enablejsapi=1\" style=\"background-image: url('https:\/\/i.ytimg.com\/vi_webp\/C04S4qLNP9M\/maxresdefault.webp');\"><\/lite-youtube>\n<h2><strong>14. 05. 2022 &#8211; Hory a mesto MTB City Dual Race &#8211; Bratislava<\/strong><\/h2>\n<p>V r\u00e1mci Medzin\u00e1rodn\u00e9ho festivalu horsk\u00e9ho filmu a dobrodru\u017estva sa tento rok bude kona\u0165 1. ro\u010dn\u00edk mestk\u00fdch MTB pretekov priamo v centre Bratislavy. Na Hlavnom n\u00e1mest\u00ed bud\u00fa postaven\u00e9 dve rovnobe\u017en\u00e9 140 metrov dlh\u00e9 trate. <strong>S\u00fa\u0165a\u017ei\u0165 bud\u00fa dvojice a preteky bud\u00fa ur\u010dite nap\u00ednav\u00e9, preto\u017ee uvid\u00edte skoky, dropy aj technick\u00e9 prejazdy na r\u00fdchlos\u0165.<\/strong> Pr\u00ed\u010fte sa zabavi\u0165 a za\u017ei\u0165 jedine\u010dn\u00fa atmosf\u00e9ru aj v\u010faka z\u00e1vere\u010dnej exhib\u00edcii v bike triale a s\u00fa\u0165a\u017ee o najdlh\u0161\u00ed skok.<\/p>\n<h2><strong>14. 05. 2022 &#8211; Detsk\u00e1 tour Petra Sagana \u2013 Dem\u00e4nov\u00e1<\/strong><\/h2>\n<p>Dem\u00e4nov\u00e1 rezort pon\u00faka kr\u00e1snu pr\u00edrodu, ale aj technick\u00fa tra\u0165 a tiahle st\u00fapania, ktor\u00e9 preveria zru\u010dnosti va\u0161ich ratolest\u00ed. Minul\u00fd rok sa tu ukon\u010dila sez\u00f3na, ktor\u00e1 bola v znamen\u00ed da\u017e\u010fa a blata, no tento rok ver\u00edme, \u017ee n\u00e1m po\u010dasie bude pria\u0165. <strong>Pre pretek\u00e1rov je pripraven\u00fd \u010dlenit\u00fd ter\u00e9n a s\u00fa\u0165a\u017ei\u0165 sa bude v u\u017e overen\u00fdch kateg\u00f3ri\u00e1ch.<\/strong><\/p>\n<ul>\n<li>Baby 2018 a viac<\/li>\n<li>Mikro 2016 \u2013 2017<\/li>\n<li>Mili 2014 \u2013 2015<\/li>\n<li>Mini 2012 \u2013 2013<\/li>\n<li>Mlad\u0161\u00ed \u017diaci-\u010dky 2010 \u2013 2011<\/li>\n<li>Star\u0161\u00ed \u017diaci-\u010dky 2008 \u2013 2009<\/li>\n<\/ul>\n<div id='gallery-2' class='gallery galleryid-14310 gallery-columns-2 gallery-size-full'><figure class='gallery-item'>\n\t\t\t<div class='gallery-icon landscape'>\n\t\t\t\t<a href='https:\/\/d2p6e6u75xmxt8.cloudfront.net\/4\/2022\/04\/Blatiste-finale-Detskej-tour-Petra-Sagana-v-Demanovej_02.webp'><img loading=\"lazy\" decoding=\"async\" width=\"1200\" height=\"800\" src=\"https:\/\/d2p6e6u75xmxt8.cloudfront.net\/4\/2022\/04\/Blatiste-finale-Detskej-tour-Petra-Sagana-v-Demanovej_02.webp\" class=\"attachment-full size-full\" alt=\"\" srcset=\"https:\/\/d2p6e6u75xmxt8.cloudfront.net\/4\/2022\/04\/Blatiste-finale-Detskej-tour-Petra-Sagana-v-Demanovej_02.webp 1200w, https:\/\/d2p6e6u75xmxt8.cloudfront.net\/4\/2022\/04\/Blatiste-finale-Detskej-tour-Petra-Sagana-v-Demanovej_02-300x200.webp 300w, https:\/\/d2p6e6u75xmxt8.cloudfront.net\/4\/2022\/04\/Blatiste-finale-Detskej-tour-Petra-Sagana-v-Demanovej_02-1024x683.webp 1024w, https:\/\/d2p6e6u75xmxt8.cloudfront.net\/4\/2022\/04\/Blatiste-finale-Detskej-tour-Petra-Sagana-v-Demanovej_02-768x512.webp 768w, https:\/\/d2p6e6u75xmxt8.cloudfront.net\/4\/2022\/04\/Blatiste-finale-Detskej-tour-Petra-Sagana-v-Demanovej_02-272x182.webp 272w\" sizes=\"auto, (max-width: 1200px) 100vw, 1200px\" \/><\/a>\n\t\t\t<\/div><\/figure><figure class='gallery-item'>\n\t\t\t<div class='gallery-icon landscape'>\n\t\t\t\t<a href='https:\/\/d2p6e6u75xmxt8.cloudfront.net\/4\/2022\/04\/Blatiste-finale-Detskej-tour-Petra-Sagana-v-Demanovej_10.webp'><img loading=\"lazy\" decoding=\"async\" width=\"1200\" height=\"800\" src=\"https:\/\/d2p6e6u75xmxt8.cloudfront.net\/4\/2022\/04\/Blatiste-finale-Detskej-tour-Petra-Sagana-v-Demanovej_10.webp\" class=\"attachment-full size-full\" alt=\"\" srcset=\"https:\/\/d2p6e6u75xmxt8.cloudfront.net\/4\/2022\/04\/Blatiste-finale-Detskej-tour-Petra-Sagana-v-Demanovej_10.webp 1200w, https:\/\/d2p6e6u75xmxt8.cloudfront.net\/4\/2022\/04\/Blatiste-finale-Detskej-tour-Petra-Sagana-v-Demanovej_10-300x200.webp 300w, https:\/\/d2p6e6u75xmxt8.cloudfront.net\/4\/2022\/04\/Blatiste-finale-Detskej-tour-Petra-Sagana-v-Demanovej_10-1024x683.webp 1024w, https:\/\/d2p6e6u75xmxt8.cloudfront.net\/4\/2022\/04\/Blatiste-finale-Detskej-tour-Petra-Sagana-v-Demanovej_10-768x512.webp 768w, https:\/\/d2p6e6u75xmxt8.cloudfront.net\/4\/2022\/04\/Blatiste-finale-Detskej-tour-Petra-Sagana-v-Demanovej_10-272x182.webp 272w\" sizes=\"auto, (max-width: 1200px) 100vw, 1200px\" \/><\/a>\n\t\t\t<\/div><\/figure>\n\t\t<\/div>\n\n<p>Zauj\u00edmavos\u0165ou je, \u017ee de\u0148 pred pretekmi sa bude kona\u0165 Cyklistick\u00fd semin\u00e1r na t\u00e9mu Cyklistick\u00fd tr\u00e9ning a motiv\u00e1cia mlad\u00e9ho cyklistu. <strong>Po skon\u010den\u00ed semin\u00e1ra bude premietanie filmu s cyklistickou tematikou.<\/strong> Tak\u017ee ur\u010dite sa oplat\u00ed pr\u00eds\u0165 na cel\u00fd v\u00edkend a u\u017ei\u0165 si to naplno, napr\u00edklad aj s poriadnym wellness.<\/p>\n<div class=\"shortcode-ys-post-pinup\"><article class=\"loop-simple post-12970 post type-post status-publish format-gallery has-post-thumbnail hentry category-mtb tag-fotogaleria tag-mtb tag-skoda tag-skoda-auto tag-sbot tag-skoda-dedina tag-skoda-mtb-maraton-rajecke-teplice tag-skoda-tim post_format-post-format-gallery global-categories-cycling\" data-postid=\"12970\" role=\"article\" data-post-id=\"12970\" data-headline-length=\"47\" data-category=\"MTB\" data-global-category=\"Cycling\" data-author=\"WeLoveCycling\" data-published=\"2021-09-22T09:55:37+02:00\" data-published-day=\"Wednesday\">\n    <div class=\"entry-thumbnail article-thumbnail\" content=\"https:\/\/d2p6e6u75xmxt8.cloudfront.net\/4\/2021\/09\/FOTO_RT_00-150x150.webp\"><a href=\"https:\/\/www.welovecycling.com\/sk\/2021\/09\/22\/foto-skoda-mtb-maraton-rajecke-teplice-2021\/\" class=\"image-holder\" target=\"_self\"><img decoding=\"async\" loading=\"lazy\" class=\"\" src=\"https:\/\/d2p6e6u75xmxt8.cloudfront.net\/4\/2021\/09\/FOTO_RT_00-1024x445.webp\" srcset=\"https:\/\/d2p6e6u75xmxt8.cloudfront.net\/4\/2021\/09\/FOTO_RT_00.webp 1380w, https:\/\/d2p6e6u75xmxt8.cloudfront.net\/4\/2021\/09\/FOTO_RT_00-300x130.webp 300w, https:\/\/d2p6e6u75xmxt8.cloudfront.net\/4\/2021\/09\/FOTO_RT_00-1024x445.webp 1024w, https:\/\/d2p6e6u75xmxt8.cloudfront.net\/4\/2021\/09\/FOTO_RT_00-768x334.webp 768w\" width=\"1024\" height=\"445\" sizes=\"auto, (min-width: 1200px) 460px, (min-width: 768px) 38vw, 100vw\" alt=\"foto-skoda-mtb-maraton-rajecke-teplice-2021\"\/><\/a><\/div>    <div class=\"entry-meta\">\n        <a class=\"label label-secondary post-category\" href=\"https:\/\/www.welovecycling.com\/sk\/category\/mtb\/\" title=\"MTB\">MTB<\/a>\n    <\/div>\n    <div class=\"entry-details\">\n        <a href=\"https:\/\/www.welovecycling.com\/sk\/2021\/09\/22\/foto-skoda-mtb-maraton-rajecke-teplice-2021\/\" class='entry-title-wrapper'>\n            <h3 class=\"entry-title\"><span>FOTO: \u0160koda MTB marat\u00f3n Rajeck\u00e9 Teplice 2021<\/span><\/h3>\n        <\/a>\n    <\/div>\n    <\/article>\n<\/div>\n<h2><strong>21. 05. 2022 &#8211; \u0160koda MTB marat\u00f3n Rajeck\u00e9 Teplice<\/strong><\/h2>\n<p>Sez\u00f3na \u0160BOT za\u010d\u00edna v Rajeck\u00fdch Tepliciach, tam kde bolo minul\u00fd rok ve\u013ek\u00e9 fin\u00e1le. Pr\u00ed\u010fte si zajazdi\u0165 do dol\u00edn L\u00fa\u010danskej Malej Fatry a Rajeckej doliny. <strong>\u010cak\u00e1 v\u00e1s 5 trat\u00ed, tak\u017ee ka\u017ed\u00fd si m\u00f4\u017ee vybra\u0165 presne pod\u013ea svojich schopnost\u00ed a zru\u010dnost\u00ed.<\/strong><\/p>\n<ul>\n<li>Kr\u00e1tka tra\u0165: 18,5 km<\/li>\n<li>Stredn\u00e1 tra\u0165: 50 km<\/li>\n<li>Dlh\u00e1 tra\u0165: 80 km<\/li>\n<li>Family tra\u0165: 18 km<\/li>\n<li>eBike tra\u0165: 50 km<\/li>\n<\/ul>\n<div id='gallery-3' class='gallery galleryid-12970 gallery-columns-2 gallery-size-full'><figure class='gallery-item'>\n\t\t\t<div class='gallery-icon landscape'>\n\t\t\t\t<a href='https:\/\/d2p6e6u75xmxt8.cloudfront.net\/4\/2022\/04\/Rajecke-Teplice_9163.webp'><img loading=\"lazy\" decoding=\"async\" width=\"1200\" height=\"800\" src=\"https:\/\/d2p6e6u75xmxt8.cloudfront.net\/4\/2022\/04\/Rajecke-Teplice_9163.webp\" class=\"attachment-full size-full\" alt=\"\" srcset=\"https:\/\/d2p6e6u75xmxt8.cloudfront.net\/4\/2022\/04\/Rajecke-Teplice_9163.webp 1200w, https:\/\/d2p6e6u75xmxt8.cloudfront.net\/4\/2022\/04\/Rajecke-Teplice_9163-300x200.webp 300w, https:\/\/d2p6e6u75xmxt8.cloudfront.net\/4\/2022\/04\/Rajecke-Teplice_9163-1024x683.webp 1024w, https:\/\/d2p6e6u75xmxt8.cloudfront.net\/4\/2022\/04\/Rajecke-Teplice_9163-768x512.webp 768w, https:\/\/d2p6e6u75xmxt8.cloudfront.net\/4\/2022\/04\/Rajecke-Teplice_9163-272x182.webp 272w\" sizes=\"auto, (max-width: 1200px) 100vw, 1200px\" \/><\/a>\n\t\t\t<\/div><\/figure><figure class='gallery-item'>\n\t\t\t<div class='gallery-icon landscape'>\n\t\t\t\t<a href='https:\/\/d2p6e6u75xmxt8.cloudfront.net\/4\/2022\/04\/Rajecke_Teplice_0128.webp'><img loading=\"lazy\" decoding=\"async\" width=\"1200\" height=\"800\" src=\"https:\/\/d2p6e6u75xmxt8.cloudfront.net\/4\/2022\/04\/Rajecke_Teplice_0128.webp\" class=\"attachment-full size-full\" alt=\"\" srcset=\"https:\/\/d2p6e6u75xmxt8.cloudfront.net\/4\/2022\/04\/Rajecke_Teplice_0128.webp 1200w, https:\/\/d2p6e6u75xmxt8.cloudfront.net\/4\/2022\/04\/Rajecke_Teplice_0128-300x200.webp 300w, https:\/\/d2p6e6u75xmxt8.cloudfront.net\/4\/2022\/04\/Rajecke_Teplice_0128-1024x683.webp 1024w, https:\/\/d2p6e6u75xmxt8.cloudfront.net\/4\/2022\/04\/Rajecke_Teplice_0128-768x512.webp 768w, https:\/\/d2p6e6u75xmxt8.cloudfront.net\/4\/2022\/04\/Rajecke_Teplice_0128-272x182.webp 272w\" sizes=\"auto, (max-width: 1200px) 100vw, 1200px\" \/><\/a>\n\t\t\t<\/div><\/figure>\n\t\t<\/div>\n\n<p>Hlavn\u00fdm sponzorom je \u0160koda, ktor\u00e1 pre \u00fa\u010dastn\u00edkov, ako ka\u017ed\u00fd rok, pripravila hodnotn\u00e9 ceny, tombolu a aj mo\u017enos\u0165 vyhra\u0165 na t\u00fd\u017ede\u0148 automobil \u0160koda ENYAQ iV. <strong>Na z\u00e1ver d\u0148a m\u00f4\u017eete zregenerova\u0165 v k\u00fape\u013eoch Spa Aphrodite.<\/strong><\/p>\n<p><img loading=\"lazy\" decoding=\"async\" class=\"alignnone size-extra-large wp-image-14345\" src=\"https:\/\/d2p6e6u75xmxt8.cloudfront.net\/4\/2022\/05\/51370169285_895860edfd_o-1920x1280.jpg\" alt=\"\" width=\"1920\" height=\"1280\" \/><\/p>\n<h2><strong>22. 05. 2022 DHL Sere\u010fmarat\u00f3n 2022<\/strong><\/h2>\n<p>S pote\u0161en\u00edm m\u00f4\u017eeme ozn\u00e1mi\u0165, \u017ee aj my, WeLoveCycling sme sa stali s\u00fa\u010das\u0165ou t\u00fdchto, u\u017e tradi\u010dn\u00fdch cyklistick\u00fdch UCI pretekov na Slovensku. V\u00fdborn\u00e9 z\u00e1zemie, 129,3 km tra\u0165 a organiza\u010dn\u00fd t\u00edm, je len \u0161tipkou toho, \u010do za\u017eijete po\u010das d\u0148a. Okrem \u0161tartovacieho bal\u00ed\u010dka m\u00f4\u017eete vyhra\u0165 prize money v celkovej hodnote 950 \u20ac, dres pre v\u00ed\u0165aza (celkov\u00e9ho \u010di pr\u00e9mie) a \u010fal\u0161ie zauj\u00edmav\u00e9 ceny, ktor\u00e9 n\u00e1jde\u0161 v <a href=\"https:\/\/www.seredmaraton.sk\/propozicie-sk\/\" target=\"_blank\" rel=\"noopener\">propoz\u00edciach organiz\u00e1tora<\/a>. Pozor, registr\u00e1cia je mo\u017en\u00e1 len online formou, preto sa popon\u00e1h\u013eaj!<\/p>\n<div class=\"shortcode-ys-post-pinup\"><article class=\"loop-simple post-7361 post type-post status-publish format-standard has-post-thumbnail hentry category-mtb category-sbot tag-fotogaleria tag-levoca tag-rodinny-maraton tag-sbot tag-skoda-mtb-maraton-levocske-vrchy\" data-postid=\"7361\" role=\"article\" data-post-id=\"7361\" data-word-count=\"4\" data-headline-length=\"42\" data-category=\"\u0160koda Bike Open Tour\" data-author=\"We Love Cycling\" data-published=\"2019-06-01T11:44:47+02:00\" data-published-day=\"Saturday\">\n    <div class=\"entry-thumbnail article-thumbnail\" content=\"https:\/\/d2p6e6u75xmxt8.cloudfront.net\/4\/2019\/05\/titulka-3-150x150.webp\"><a href=\"https:\/\/www.welovecycling.com\/sk\/2019\/06\/01\/foto-skoda-mtb-maraton-levocske-vrchy\/\" class=\"image-holder\" target=\"_self\"><img decoding=\"async\" loading=\"lazy\" class=\"\" src=\"https:\/\/d2p6e6u75xmxt8.cloudfront.net\/4\/2019\/05\/titulka-3-1024x445.webp\" srcset=\"https:\/\/d2p6e6u75xmxt8.cloudfront.net\/4\/2019\/05\/titulka-3.webp 1380w, https:\/\/d2p6e6u75xmxt8.cloudfront.net\/4\/2019\/05\/titulka-3-300x130.webp 300w, https:\/\/d2p6e6u75xmxt8.cloudfront.net\/4\/2019\/05\/titulka-3-1024x445.webp 1024w, https:\/\/d2p6e6u75xmxt8.cloudfront.net\/4\/2019\/05\/titulka-3-768x334.webp 768w\" width=\"1024\" height=\"445\" sizes=\"auto, (min-width: 1200px) 460px, (min-width: 768px) 38vw, 100vw\" alt=\"foto-skoda-mtb-maraton-levocske-vrchy\"\/><\/a><\/div>    <div class=\"entry-meta\">\n        <a class=\"label label-secondary post-category\" href=\"https:\/\/www.welovecycling.com\/sk\/category\/sbot\/\" title=\"\u0160koda Bike Open Tour\">\u0160koda Bike Open Tour<\/a>\n    <\/div>\n    <div class=\"entry-details\">\n        <a href=\"https:\/\/www.welovecycling.com\/sk\/2019\/06\/01\/foto-skoda-mtb-maraton-levocske-vrchy\/\" class='entry-title-wrapper'>\n            <h3 class=\"entry-title\"><span>FOTO: \u0160koda MTB marat\u00f3n Levo\u010dsk\u00e9 vrchy<\/span><\/h3>\n        <\/a>\n    <\/div>\n    <\/article>\n<\/div>\n<h2><strong>28. 05. 2022 &#8211; \u0160koda MTB marat\u00f3n Levo\u010dsk\u00e9 vrchy \u2013 Levo\u010da<\/strong><\/h2>\n<p>Ka\u017edoro\u010dne l\u00e1ka \u00fa\u010dastn\u00edkov \u0160BOT najm\u00e4 skvel\u00e1 atmosf\u00e9ra, vynikaj\u00face trate, v\u00fdborn\u00e1 organiz\u00e1cia, ako aj ekologick\u00fd pr\u00edstup \u010di sprievodn\u00e9 akcie. <strong>Ka\u017ed\u00e9 kolo je zauj\u00edmav\u00e9 najm\u00e4 svojou lokalitou a inak tomu nebude ani v okol\u00ed Levo\u010de.<\/strong> Levo\u010dsk\u00e9 vrchy pon\u00faknu pretek\u00e1rom na v\u00fdber a\u017e 6 trat\u00ed a na svoje si pr\u00eddu aj milovn\u00edci gravel bicyklov, ktor\u00e9 s\u00fa \u010doraz popul\u00e1rnej\u0161ie.<\/p>\n<ul>\n<li>Kr\u00e1tka tra\u0165: 25 km<\/li>\n<li>Stredn\u00e1 tra\u0165: 50 km<\/li>\n<li>Dlh\u00e1 tra\u0165: 75 km<\/li>\n<li>Family tra\u0165: 10 km<\/li>\n<li>Detsk\u00e1 tra\u0165: 5 km<\/li>\n<li>Gravel tra\u0165: 50 km<\/li>\n<\/ul>\n<div id='gallery-4' class='gallery galleryid-7361 gallery-columns-2 gallery-size-full'><figure class='gallery-item'>\n\t\t\t<div class='gallery-icon landscape'>\n\t\t\t\t<a href='https:\/\/d2p6e6u75xmxt8.cloudfront.net\/4\/2022\/04\/LV_03.webp'><img loading=\"lazy\" decoding=\"async\" width=\"1920\" height=\"1280\" src=\"https:\/\/d2p6e6u75xmxt8.cloudfront.net\/4\/2022\/04\/LV_03.webp\" class=\"attachment-full size-full\" alt=\"\" srcset=\"https:\/\/d2p6e6u75xmxt8.cloudfront.net\/4\/2022\/04\/LV_03.webp 1920w, https:\/\/d2p6e6u75xmxt8.cloudfront.net\/4\/2022\/04\/LV_03-300x200.webp 300w, https:\/\/d2p6e6u75xmxt8.cloudfront.net\/4\/2022\/04\/LV_03-1024x683.webp 1024w, https:\/\/d2p6e6u75xmxt8.cloudfront.net\/4\/2022\/04\/LV_03-768x512.webp 768w, https:\/\/d2p6e6u75xmxt8.cloudfront.net\/4\/2022\/04\/LV_03-1536x1024.webp 1536w, https:\/\/d2p6e6u75xmxt8.cloudfront.net\/4\/2022\/04\/LV_03-272x182.webp 272w\" sizes=\"auto, (max-width: 1920px) 100vw, 1920px\" \/><\/a>\n\t\t\t<\/div><\/figure><figure class='gallery-item'>\n\t\t\t<div class='gallery-icon landscape'>\n\t\t\t\t<a href='https:\/\/d2p6e6u75xmxt8.cloudfront.net\/4\/2022\/04\/LV_04.webp'><img loading=\"lazy\" decoding=\"async\" width=\"1920\" height=\"1280\" src=\"https:\/\/d2p6e6u75xmxt8.cloudfront.net\/4\/2022\/04\/LV_04.webp\" class=\"attachment-full size-full\" alt=\"\" srcset=\"https:\/\/d2p6e6u75xmxt8.cloudfront.net\/4\/2022\/04\/LV_04.webp 1920w, https:\/\/d2p6e6u75xmxt8.cloudfront.net\/4\/2022\/04\/LV_04-300x200.webp 300w, https:\/\/d2p6e6u75xmxt8.cloudfront.net\/4\/2022\/04\/LV_04-1024x683.webp 1024w, https:\/\/d2p6e6u75xmxt8.cloudfront.net\/4\/2022\/04\/LV_04-768x512.webp 768w, https:\/\/d2p6e6u75xmxt8.cloudfront.net\/4\/2022\/04\/LV_04-1536x1024.webp 1536w, https:\/\/d2p6e6u75xmxt8.cloudfront.net\/4\/2022\/04\/LV_04-272x182.webp 272w\" sizes=\"auto, (max-width: 1920px) 100vw, 1920px\" \/><\/a>\n\t\t\t<\/div><\/figure>\n\t\t<\/div>\n\n<p>Pr\u00ed\u010fte si u\u017ei\u0165 v\u00edkend s celou rodinou, ktor\u00fd navy\u0161e napln\u00edte dobr\u00fdm \u0161portov\u00fdm z\u00e1\u017eitkom. <strong>Nesmiem zabudn\u00fa\u0165 pripomen\u00fa\u0165, \u017ee cel\u00e1 s\u00e9ria je s\u00fa\u010das\u0165ou Slovensk\u00e9ho poh\u00e1ra XCM.<\/strong><\/p>\n","protected":false},"excerpt":{"rendered":"<p>Cyklistick\u00e1 sez\u00f3na pln\u00e1 marat\u00f3nov je tu a my v\u00e1m pon\u00fakame n\u00e1\u0161 top v\u00fdber tohto mesa\u010dn\u00fdch pretekov.\u00a0 07. 05. 2022 &#8211; [&hellip;]<\/p>\n","protected":false},"author":81,"featured_media":14325,"comment_status":"open","ping_status":"open","sticky":false,"template":"","format":"standard","meta":{"footnotes":""},"categories":[34],"tags":[521,1486,53,764,982,178,1482,37,179,474,542,1009,1259,859,860,92],"global-categories":[1074],"class_list":["post-14310","post","type-post","status-publish","format-standard","has-post-thumbnail","hentry","category-podujatia","tag-bratislava","tag-budmerice","tag-deti","tag-detska-tour-petra-sagana","tag-levoca","tag-maraton","tag-martin","tag-podujatia","tag-preteky","tag-rodinny-maraton","tag-skoda","tag-skoda-auto","tag-skoda-enyaq-iv","tag-skoda-mtb-maraton-levocske-vrchy","tag-skoda-mtb-maraton-rajecke-teplice","tag-skoda-tim","global-categories-cycling"],"yoast_head":"<!-- This site is optimized with the Yoast SEO Premium plugin v25.3 (Yoast SEO v25.9) - https:\/\/yoast.com\/wordpress\/plugins\/seo\/ -->\n<title>M\u00e1jov\u00fd preh\u013ead slovensk\u00fdch marat\u00f3nov - \u0160koda We Love Cycling Slovensko<\/title>\n<meta name=\"description\" content=\"Ka\u017edoro\u010dne l\u00e1ka \u00fa\u010dastn\u00edkov \u0160BOT najm\u00e4 skvel\u00e1 atmosf\u00e9ra, vynikaj\u00face trate, v\u00fdborn\u00e1 organiz\u00e1cia, ako aj ekologick\u00fd pr\u00edstup \u010di sprievodn\u00e9 akcie.\" \/>\n<meta name=\"robots\" content=\"index, follow, max-snippet:-1, max-image-preview:large, max-video-preview:-1\" \/>\n<link rel=\"canonical\" href=\"https:\/\/www.welovecycling.com\/sk\/2022\/05\/04\/majovy-prehlad-slovenskych-maratonov\/\" \/>\n<meta property=\"og:locale\" content=\"sk_SK\" \/>\n<meta property=\"og:type\" content=\"article\" \/>\n<meta property=\"og:title\" content=\"M\u00e1jov\u00fd preh\u013ead slovensk\u00fdch marat\u00f3nov\" \/>\n<meta property=\"og:description\" content=\"Ka\u017edoro\u010dne l\u00e1ka \u00fa\u010dastn\u00edkov \u0160BOT najm\u00e4 skvel\u00e1 atmosf\u00e9ra, vynikaj\u00face trate, v\u00fdborn\u00e1 organiz\u00e1cia, ako aj ekologick\u00fd pr\u00edstup \u010di sprievodn\u00e9 akcie.\" \/>\n<meta property=\"og:url\" content=\"https:\/\/www.welovecycling.com\/sk\/2022\/05\/04\/majovy-prehlad-slovenskych-maratonov\/\" \/>\n<meta property=\"og:site_name\" content=\"\u0160koda We Love Cycling Slovensko\" \/>\n<meta property=\"article:published_time\" content=\"2022-05-04T08:00:57+00:00\" \/>\n<meta property=\"article:modified_time\" content=\"2022-05-04T08:13:01+00:00\" \/>\n<meta property=\"og:image\" content=\"https:\/\/d2p6e6u75xmxt8.cloudfront.net\/4\/2022\/04\/LV_5098.webp\" \/>\n\t<meta property=\"og:image:width\" content=\"1380\" \/>\n\t<meta property=\"og:image:height\" content=\"600\" \/>\n\t<meta property=\"og:image:type\" content=\"image\/webp\" \/>\n<meta name=\"twitter:card\" content=\"summary_large_image\" \/>\n<meta name=\"twitter:label1\" content=\"Written by\" \/>\n\t<meta name=\"twitter:data1\" content=\"We Love Cycling\" \/>\n\t<meta name=\"twitter:label2\" content=\"Est. reading time\" \/>\n\t<meta name=\"twitter:data2\" content=\"4 minutes\" \/>\n<script type=\"application\/ld+json\" class=\"yoast-schema-graph\">{\"@context\":\"https:\/\/schema.org\",\"@graph\":[{\"@type\":\"WebPage\",\"@id\":\"https:\/\/www.welovecycling.com\/sk\/2022\/05\/04\/majovy-prehlad-slovenskych-maratonov\/\",\"url\":\"https:\/\/www.welovecycling.com\/sk\/2022\/05\/04\/majovy-prehlad-slovenskych-maratonov\/\",\"name\":\"M\u00e1jov\u00fd preh\u013ead slovensk\u00fdch marat\u00f3nov - \u0160koda We Love Cycling Slovensko\",\"isPartOf\":{\"@id\":\"https:\/\/www.welovecycling.com\/sk\/#website\"},\"primaryImageOfPage\":{\"@id\":\"https:\/\/www.welovecycling.com\/sk\/2022\/05\/04\/majovy-prehlad-slovenskych-maratonov\/#primaryimage\"},\"image\":{\"@id\":\"https:\/\/www.welovecycling.com\/sk\/2022\/05\/04\/majovy-prehlad-slovenskych-maratonov\/#primaryimage\"},\"thumbnailUrl\":\"https:\/\/d2p6e6u75xmxt8.cloudfront.net\/4\/2022\/04\/LV_5098.webp\",\"datePublished\":\"2022-05-04T08:00:57+00:00\",\"dateModified\":\"2022-05-04T08:13:01+00:00\",\"author\":{\"@id\":\"\"},\"description\":\"Ka\u017edoro\u010dne l\u00e1ka \u00fa\u010dastn\u00edkov \u0160BOT najm\u00e4 skvel\u00e1 atmosf\u00e9ra, vynikaj\u00face trate, v\u00fdborn\u00e1 organiz\u00e1cia, ako aj ekologick\u00fd pr\u00edstup \u010di sprievodn\u00e9 akcie.\",\"breadcrumb\":{\"@id\":\"https:\/\/www.welovecycling.com\/sk\/2022\/05\/04\/majovy-prehlad-slovenskych-maratonov\/#breadcrumb\"},\"inLanguage\":\"sk-SK\",\"potentialAction\":[{\"@type\":\"ReadAction\",\"target\":[\"https:\/\/www.welovecycling.com\/sk\/2022\/05\/04\/majovy-prehlad-slovenskych-maratonov\/\"]}]},{\"@type\":\"ImageObject\",\"inLanguage\":\"sk-SK\",\"@id\":\"https:\/\/www.welovecycling.com\/sk\/2022\/05\/04\/majovy-prehlad-slovenskych-maratonov\/#primaryimage\",\"url\":\"https:\/\/d2p6e6u75xmxt8.cloudfront.net\/4\/2022\/04\/LV_5098.webp\",\"contentUrl\":\"https:\/\/d2p6e6u75xmxt8.cloudfront.net\/4\/2022\/04\/LV_5098.webp\",\"width\":1380,\"height\":600},{\"@type\":\"BreadcrumbList\",\"@id\":\"https:\/\/www.welovecycling.com\/sk\/2022\/05\/04\/majovy-prehlad-slovenskych-maratonov\/#breadcrumb\",\"itemListElement\":[{\"@type\":\"ListItem\",\"position\":1,\"name\":\"Home\",\"item\":\"https:\/\/www.welovecycling.com\/sk\/\"},{\"@type\":\"ListItem\",\"position\":2,\"name\":\"M\u00e1jov\u00fd preh\u013ead slovensk\u00fdch marat\u00f3nov\"}]},{\"@type\":\"WebSite\",\"@id\":\"https:\/\/www.welovecycling.com\/sk\/#website\",\"url\":\"https:\/\/www.welovecycling.com\/sk\/\",\"name\":\"\u0160koda We Love Cycling Slovensko\",\"description\":\"\u0160koda We Love Cycling Slovensko je v\u00e1\u0161 ka\u017edodenn\u00fd zdroj noviniek a in\u0161pir\u00e1cie z sveta cyklistiky\",\"potentialAction\":[{\"@type\":\"SearchAction\",\"target\":{\"@type\":\"EntryPoint\",\"urlTemplate\":\"https:\/\/www.welovecycling.com\/sk\/?s={search_term_string}\"},\"query-input\":{\"@type\":\"PropertyValueSpecification\",\"valueRequired\":true,\"valueName\":\"search_term_string\"}}],\"inLanguage\":\"sk-SK\"},{\"@type\":\"Person\",\"@id\":\"\",\"url\":\"https:\/\/www.welovecycling.com\/sk\/author\/\"}]}<\/script>\n<!-- \/ Yoast SEO Premium plugin. -->","yoast_head_json":{"title":"M\u00e1jov\u00fd preh\u013ead slovensk\u00fdch marat\u00f3nov - \u0160koda We Love Cycling Slovensko","description":"Ka\u017edoro\u010dne l\u00e1ka \u00fa\u010dastn\u00edkov \u0160BOT najm\u00e4 skvel\u00e1 atmosf\u00e9ra, vynikaj\u00face trate, v\u00fdborn\u00e1 organiz\u00e1cia, ako aj ekologick\u00fd pr\u00edstup \u010di sprievodn\u00e9 akcie.","robots":{"index":"index","follow":"follow","max-snippet":"max-snippet:-1","max-image-preview":"max-image-preview:large","max-video-preview":"max-video-preview:-1"},"canonical":"https:\/\/www.welovecycling.com\/sk\/2022\/05\/04\/majovy-prehlad-slovenskych-maratonov\/","og_locale":"sk_SK","og_type":"article","og_title":"M\u00e1jov\u00fd preh\u013ead slovensk\u00fdch marat\u00f3nov","og_description":"Ka\u017edoro\u010dne l\u00e1ka \u00fa\u010dastn\u00edkov \u0160BOT najm\u00e4 skvel\u00e1 atmosf\u00e9ra, vynikaj\u00face trate, v\u00fdborn\u00e1 organiz\u00e1cia, ako aj ekologick\u00fd pr\u00edstup \u010di sprievodn\u00e9 akcie.","og_url":"https:\/\/www.welovecycling.com\/sk\/2022\/05\/04\/majovy-prehlad-slovenskych-maratonov\/","og_site_name":"\u0160koda We Love Cycling Slovensko","article_published_time":"2022-05-04T08:00:57+00:00","article_modified_time":"2022-05-04T08:13:01+00:00","og_image":[{"width":1380,"height":600,"url":"https:\/\/d2p6e6u75xmxt8.cloudfront.net\/4\/2022\/04\/LV_5098.webp","type":"image\/webp"}],"twitter_card":"summary_large_image","twitter_misc":{"Written by":"We Love Cycling","Est. reading time":"4 minutes"},"schema":{"@context":"https:\/\/schema.org","@graph":[{"@type":"WebPage","@id":"https:\/\/www.welovecycling.com\/sk\/2022\/05\/04\/majovy-prehlad-slovenskych-maratonov\/","url":"https:\/\/www.welovecycling.com\/sk\/2022\/05\/04\/majovy-prehlad-slovenskych-maratonov\/","name":"M\u00e1jov\u00fd preh\u013ead slovensk\u00fdch marat\u00f3nov - \u0160koda We Love Cycling Slovensko","isPartOf":{"@id":"https:\/\/www.welovecycling.com\/sk\/#website"},"primaryImageOfPage":{"@id":"https:\/\/www.welovecycling.com\/sk\/2022\/05\/04\/majovy-prehlad-slovenskych-maratonov\/#primaryimage"},"image":{"@id":"https:\/\/www.welovecycling.com\/sk\/2022\/05\/04\/majovy-prehlad-slovenskych-maratonov\/#primaryimage"},"thumbnailUrl":"https:\/\/d2p6e6u75xmxt8.cloudfront.net\/4\/2022\/04\/LV_5098.webp","datePublished":"2022-05-04T08:00:57+00:00","dateModified":"2022-05-04T08:13:01+00:00","author":{"@id":""},"description":"Ka\u017edoro\u010dne l\u00e1ka \u00fa\u010dastn\u00edkov \u0160BOT najm\u00e4 skvel\u00e1 atmosf\u00e9ra, vynikaj\u00face trate, v\u00fdborn\u00e1 organiz\u00e1cia, ako aj ekologick\u00fd pr\u00edstup \u010di sprievodn\u00e9 akcie.","breadcrumb":{"@id":"https:\/\/www.welovecycling.com\/sk\/2022\/05\/04\/majovy-prehlad-slovenskych-maratonov\/#breadcrumb"},"inLanguage":"sk-SK","potentialAction":[{"@type":"ReadAction","target":["https:\/\/www.welovecycling.com\/sk\/2022\/05\/04\/majovy-prehlad-slovenskych-maratonov\/"]}]},{"@type":"ImageObject","inLanguage":"sk-SK","@id":"https:\/\/www.welovecycling.com\/sk\/2022\/05\/04\/majovy-prehlad-slovenskych-maratonov\/#primaryimage","url":"https:\/\/d2p6e6u75xmxt8.cloudfront.net\/4\/2022\/04\/LV_5098.webp","contentUrl":"https:\/\/d2p6e6u75xmxt8.cloudfront.net\/4\/2022\/04\/LV_5098.webp","width":1380,"height":600},{"@type":"BreadcrumbList","@id":"https:\/\/www.welovecycling.com\/sk\/2022\/05\/04\/majovy-prehlad-slovenskych-maratonov\/#breadcrumb","itemListElement":[{"@type":"ListItem","position":1,"name":"Home","item":"https:\/\/www.welovecycling.com\/sk\/"},{"@type":"ListItem","position":2,"name":"M\u00e1jov\u00fd preh\u013ead slovensk\u00fdch marat\u00f3nov"}]},{"@type":"WebSite","@id":"https:\/\/www.welovecycling.com\/sk\/#website","url":"https:\/\/www.welovecycling.com\/sk\/","name":"\u0160koda We Love Cycling Slovensko","description":"\u0160koda We Love Cycling Slovensko je v\u00e1\u0161 ka\u017edodenn\u00fd zdroj noviniek a in\u0161pir\u00e1cie z sveta cyklistiky","potentialAction":[{"@type":"SearchAction","target":{"@type":"EntryPoint","urlTemplate":"https:\/\/www.welovecycling.com\/sk\/?s={search_term_string}"},"query-input":{"@type":"PropertyValueSpecification","valueRequired":true,"valueName":"search_term_string"}}],"inLanguage":"sk-SK"},{"@type":"Person","@id":"","url":"https:\/\/www.welovecycling.com\/sk\/author\/"}]}},"_links":{"self":[{"href":"https:\/\/www.welovecycling.com\/sk\/wp-json\/wp\/v2\/posts\/14310","targetHints":{"allow":["GET"]}}],"collection":[{"href":"https:\/\/www.welovecycling.com\/sk\/wp-json\/wp\/v2\/posts"}],"about":[{"href":"https:\/\/www.welovecycling.com\/sk\/wp-json\/wp\/v2\/types\/post"}],"author":[{"embeddable":true,"href":"https:\/\/www.welovecycling.com\/sk\/wp-json\/wp\/v2\/users\/81"}],"replies":[{"embeddable":true,"href":"https:\/\/www.welovecycling.com\/sk\/wp-json\/wp\/v2\/comments?post=14310"}],"version-history":[{"count":2,"href":"https:\/\/www.welovecycling.com\/sk\/wp-json\/wp\/v2\/posts\/14310\/revisions"}],"predecessor-version":[{"id":14346,"href":"https:\/\/www.welovecycling.com\/sk\/wp-json\/wp\/v2\/posts\/14310\/revisions\/14346"}],"wp:featuredmedia":[{"embeddable":true,"href":"https:\/\/www.welovecycling.com\/sk\/wp-json\/wp\/v2\/media\/14325"}],"wp:attachment":[{"href":"https:\/\/www.welovecycling.com\/sk\/wp-json\/wp\/v2\/media?parent=14310"}],"wp:term":[{"taxonomy":"category","embeddable":true,"href":"https:\/\/www.welovecycling.com\/sk\/wp-json\/wp\/v2\/categories?post=14310"},{"taxonomy":"post_tag","embeddable":true,"href":"https:\/\/www.welovecycling.com\/sk\/wp-json\/wp\/v2\/tags?post=14310"},{"taxonomy":"global-categories","embeddable":true,"href":"https:\/\/www.welovecycling.com\/sk\/wp-json\/wp\/v2\/global-categories?post=14310"}],"curies":[{"name":"wp","href":"https:\/\/api.w.org\/{rel}","templated":true}]}}